{"id":11802,"date":"2024-09-03T13:00:37","date_gmt":"2024-09-03T13:00:37","guid":{"rendered":"https:\/\/blog.maciterneecolo.fr\/in-welcher-region-frankreichs-wird-es-im-jahr-2024-den-groessten-wassermangel-geben\/"},"modified":"2024-09-03T14:04:28","modified_gmt":"2024-09-03T14:04:28","slug":"in-welcher-region-frankreichs-wird-es-im-jahr-2024-den-groessten-wassermangel-geben","status":"publish","type":"post","link":"https:\/\/blog.maciterneecolo.fr\/at\/in-welcher-region-frankreichs-wird-es-im-jahr-2024-den-groessten-wassermangel-geben\/","title":{"rendered":"In welcher Region Frankreichs wird es im Jahr 2024 den gr\u00f6\u00dften Wassermangel geben?"},"content":{"rendered":"\n<p>Im Jahr 2024 steht Frankreich vor einer beispiellosen Wasserkrise.\nUnter den am st\u00e4rksten betroffenen Regionen zeichnet sich <strong>Provence-Alpes-C\u00f4te d&#8217;Azur (PACA)<\/strong> als diejenige aus, die am meisten unter Wassermangel leidet.\nDiese kritische Situation veranlasst viele Einwohner, nach L\u00f6sungen zu suchen, um diese kostbare Ressource zu sparen und effizient zu verwalten.\nEine der besten L\u00f6sungen ist die Installation einer <strong>flexiblen Zisterne<\/strong> f\u00fcr die Sammlung von Regenwasser.\nDies ist nicht nur eine M\u00f6glichkeit, einen Regenwasserspeicher anzulegen. <strong><a href=\"https:\/\/www.maciterneecolo.fr\/de\/20-flexible-regenwassertanks\">Wasserreserve.<\/a><\/strong>Es ist auch eine umweltfreundliche Geste, die den heutigen Umweltproblemen Rechnung tr\u00e4gt.    <\/p>\n\n<figure class=\"wp-block-image size-large\"><img fetchpriority=\"high\" decoding=\"async\" width=\"1024\" height=\"585\" src=\"https:\/\/blog.maciterneecolo.fr\/wp-content\/uploads\/2024\/09\/IMG_7675-1024x585.jpg\" alt=\"Wassermangel, D&#xFC;rre\" class=\"wp-image-11759\" srcset=\"https:\/\/blog.maciterneecolo.fr\/wp-content\/uploads\/2024\/09\/IMG_7675-1024x585.jpg 1024w, https:\/\/blog.maciterneecolo.fr\/wp-content\/uploads\/2024\/09\/IMG_7675-300x171.jpg 300w, https:\/\/blog.maciterneecolo.fr\/wp-content\/uploads\/2024\/09\/IMG_7675-768x439.jpg 768w, https:\/\/blog.maciterneecolo.fr\/wp-content\/uploads\/2024\/09\/IMG_7675-1536x878.jpg 1536w, https:\/\/blog.maciterneecolo.fr\/wp-content\/uploads\/2024\/09\/IMG_7675-2048x1170.jpg 2048w\" sizes=\"(max-width: 1024px) 100vw, 1024px\" \/><\/figure>\n\n<h2 class=\"wp-block-heading\">Warum ist PACA die am st\u00e4rksten betroffene Region?<\/h2>\n\n<p>Die Region PACA ist aufgrund ihres mediterranen Klimas besonders anf\u00e4llig f\u00fcr Wasserknappheit.\nDie Sommer sind hei\u00df und trocken mit sehr geringen Niederschl\u00e4gen.\nIm Jahr 2024 hat sich diese Situation aufgrund der globalen Erw\u00e4rmung weiter verschlechtert, was zu historisch niedrigen Wasserst\u00e4nden in den Fl\u00fcssen und im Grundwasser f\u00fchrte.\nDie Region, die bereits unter regelm\u00e4\u00dfigen Wassereinschr\u00e4nkungen leidet, sieht nun ihre Ressourcen in einem alarmierenden Tempo schwinden.   <\/p>\n\n<h2 class=\"wp-block-heading\">Die Vorteile der Installation einer flexiblen Zisterne in der Region PACA<\/h2>\n\n<h3 class=\"wp-block-heading\">1. <strong>Ein wertvoller Wasservorrat f\u00fcr alle Jahreszeiten<\/strong><\/h3>\n\n<p><strong>Flexible Zisternen<\/strong> k\u00f6nnen eine gro\u00dfe Menge Regenwasser speichern, das bei den seltenen Herbst- und Winterregenf\u00e4llen gesammelt wird.\nDieses Wasser kann dann das ganze Jahr \u00fcber f\u00fcr verschiedene Zwecke im Haushalt verwendet werden, insbesondere im Sommer, wenn Wasser knapp wird.\nMit einem <strong>Regenwassertank<\/strong> k\u00f6nnen Sie sicher sein, dass Ihnen das Wasser f\u00fcr Ihre Grundbed\u00fcrfnisse nicht ausgeht.  <\/p>\n\n<h3 class=\"wp-block-heading\">2. <strong>Reduzierung der Wasserrechnung<\/strong><\/h3>\n\n<p>Durch die Verwendung eines <strong>Regenwassersammlers<\/strong> kann der Verbrauch von Trinkwasser erheblich reduziert werden.\nDas gesammelte Wasser kann f\u00fcr die Bew\u00e4sserung des Gartens, die Reinigung der Terrasse oder sogar f\u00fcr die Bef\u00fcllung des Swimmingpools verwendet werden.\nDiese Verwendungszwecke erm\u00f6glichen erhebliche Einsparungen bei Ihrer Wasserrechnung, w\u00e4hrend Sie gleichzeitig die in der Region PACA geltenden Beschr\u00e4nkungen einhalten.  <\/p>\n\n<h3 class=\"wp-block-heading\">3. <strong>Verhinderung von \u00dcberschwemmungen<\/strong><\/h3>\n\n<p>Ein oft \u00fcbersehener Vorteil von <strong>flexiblen Zisternen<\/strong> ist ihre F\u00e4higkeit, \u00dcberschwemmungen zu verhindern.\nBei starken Regenf\u00e4llen flie\u00dft ein gro\u00dfer Teil des Wassers ungenutzt ab, was zu \u00dcberschwemmungen f\u00fchren kann.\nDurch die Installation einer <strong>Regenwassersammelanlage<\/strong> k\u00f6nnen Sie das Wasser auffangen, bevor es abflie\u00dft.  <\/p>\n\n<h3 class=\"wp-block-heading\">4. <strong>Beitrag zur Erhaltung der Umwelt<\/strong><\/h3>\n\n<p>In der PACA, wo die Wasserressourcen unter Druck stehen, z\u00e4hlt jeder Tropfen Wasser.\nDurch die Installation einer <strong>flexiblen Zisterne<\/strong> tragen Sie dazu bei, den Druck auf das Grundwasser zu verringern.\nAu\u00dferdem reduzieren Sie die CO2-Bilanz der Trinkwasserversorgung, insbesondere in Trockenzeiten, in denen das Wasser manchmal \u00fcber weite Strecken transportiert werden muss.  <\/p>\n\n<h3 class=\"wp-block-heading\">5. <strong>Eine praktische und modulierbare L\u00f6sung<\/strong><\/h3>\n\n<p><strong>Flexible Tanks<\/strong> sind extrem einfach zu installieren und k\u00f6nnen an verschiedene Orte angepasst werden, von einem kleinen Garten bis hin zu einem gro\u00dfen Anwesen.\nIhre Speicherkapazit\u00e4t ist skalierbar, so dass Sie die Gr\u00f6\u00dfe des Tanks an Ihre spezifischen Bed\u00fcrfnisse anpassen k\u00f6nnen.\nOb Sie einen kleinen Wasservorrat f\u00fcr die<a href=\"https:\/\/blog.maciterneecolo.fr\/at\/ist-es-verboten-seinen-garten-mit-regenwasser-zu-bewaessern\/\">Bew\u00e4sserung Ihres Gem\u00fcsegartens<\/a> oder einen gro\u00dfen Tank f\u00fcr die Wasserversorgung Ihres Hauses ben\u00f6tigen, es gibt immer eine passende L\u00f6sung.  <\/p>\n\n<h4 class=\"wp-block-heading\">PACA: Ein Modell f\u00fcr andere Regionen<\/h4>\n\n<p>W\u00e4hrend PACA die Region ist, die im Jahr 2024 am st\u00e4rksten von Wassermangel betroffen sein wird, k\u00f6nnten andere Regionen in Frankreich bald vor \u00e4hnlichen Herausforderungen stehen.\nDie hier umgesetzten Strategien, wie die Installation von <strong>Regenwassersammlern<\/strong>, k\u00f6nnen als Modell f\u00fcr den Rest des Landes dienen.\nDiese Probleme vorauszusehen und in nachhaltige L\u00f6sungen zu investieren, ist entscheidend, um eine allgemeine Wasserkrise zu vermeiden.  <\/p>\n\n<figure class=\"wp-block-gallery has-nested-images columns-default is-cropped wp-block-gallery-1 is-layout-flex wp-block-gallery-is-layout-flex\">\n<figure class=\"wp-block-image size-large\"><img decoding=\"async\" width=\"1024\" height=\"676\" data-id=\"11768\" src=\"https:\/\/blog.maciterneecolo.fr\/wp-content\/uploads\/2024\/09\/IMG_7591-1024x676.jpg\" alt=\"\" class=\"wp-image-11768\" srcset=\"https:\/\/blog.maciterneecolo.fr\/wp-content\/uploads\/2024\/09\/IMG_7591-1024x676.jpg 1024w, https:\/\/blog.maciterneecolo.fr\/wp-content\/uploads\/2024\/09\/IMG_7591-300x198.jpg 300w, https:\/\/blog.maciterneecolo.fr\/wp-content\/uploads\/2024\/09\/IMG_7591-768x507.jpg 768w, https:\/\/blog.maciterneecolo.fr\/wp-content\/uploads\/2024\/09\/IMG_7591.jpg 1170w\" sizes=\"(max-width: 1024px) 100vw, 1024px\" \/><\/figure>\n<\/figure>\n\n<h5 class=\"wp-block-heading\">Schlussfolgerung: Die Investition in einen flexiblen Tank ist eine strategische Entscheidung f\u00fcr 2024 und dar\u00fcber hinaus.<\/h5>\n\n<p>Die Situation in der Region PACA im Jahr 2024 ist ein Alarmsignal f\u00fcr ganz Frankreich.\nAngesichts der Wasserknappheit ist es von entscheidender Bedeutung, effiziente und nachhaltige L\u00f6sungen zu finden.\nDie Installation einer <strong>Regenwassersammelanlage<\/strong> in Form einer <strong>flexiblen Zisterne<\/strong> ist eine wirtschaftliche und \u00f6kologische Ma\u00dfnahme.\nSie k\u00f6nnen sich nicht nur gegen Wasserknappheit sch\u00fctzen, sondern auch einen aktiven Beitrag zum Umweltschutz leisten.   <\/p>\n\n<p>Warten Sie nicht, bis sich die Situation weiter verschlechtert.\nErgreifen Sie die Initiative und investieren Sie in einen <strong>Regenwassertank<\/strong>, um Ihre Wasserversorgung zu sichern und Ihren Haushalt vor den Auswirkungen der D\u00fcrre zu sch\u00fctzen.\nWeitere Informationen \u00fcber die besten verf\u00fcgbaren L\u00f6sungen finden Sie unter <a href=\"https:\/\/www.maciterneecolo.fr\/\">maciterneecolo.de<\/a>.  <\/p>\n\n<p>Angesichts der wachsenden klimatischen Herausforderungen war es noch nie so wichtig, Ihren Zugang zu Wasser zu sichern.\nEntscheiden Sie sich noch heute f\u00fcr eine nachhaltige L\u00f6sung. <\/p>\n","protected":false},"excerpt":{"rendered":"<p>Im Jahr 2024 steht Frankreich vor einer beispiellosen Wasserkrise. Unter den am st\u00e4rksten betroffenen Regionen zeichnet sich Provence-Alpes-C\u00f4te d&#8217;Azur (PACA) als diejenige aus, die am meisten unter Wassermangel leidet. Diese kritische Situation veranlasst viele Einwohner, nach L\u00f6sungen zu suchen, um diese kostbare Ressource zu sparen und effizient zu verwalten. Eine der besten L\u00f6sungen ist die [&hellip;]<\/p>\n","protected":false},"author":3,"featured_media":11778,"comment_status":"open","ping_status":"closed","sticky":false,"template":"","format":"standard","meta":{"inline_featured_image":false,"footnotes":""},"categories":[1358],"tags":[],"class_list":["post-11802","post","type-post","status-publish","format-standard","has-post-thumbnail","hentry","category-citernes-souples-at"],"yoast_head":"<!-- This site is optimized with the Yoast SEO plugin v27.5 - https:\/\/yoast.com\/product\/yoast-seo-wordpress\/ -->\n<title>In welcher Region Frankreichs wird es im Jahr 2024 den gr\u00f6\u00dften Wassermangel geben? - Blog Ma Citerne Ecolo<\/title>\n<meta name=\"robots\" content=\"index, follow, max-snippet:-1, max-image-preview:large, max-video-preview:-1\" \/>\n<link rel=\"canonical\" href=\"https:\/\/blog.maciterneecolo.fr\/at\/in-welcher-region-frankreichs-wird-es-im-jahr-2024-den-groessten-wassermangel-geben\/\" \/>\n<meta property=\"og:locale\" content=\"de_DE\" \/>\n<meta property=\"og:type\" content=\"article\" \/>\n<meta property=\"og:title\" content=\"In welcher Region Frankreichs wird es im Jahr 2024 den gr\u00f6\u00dften Wassermangel geben? - Blog Ma Citerne Ecolo\" \/>\n<meta property=\"og:description\" content=\"Im Jahr 2024 steht Frankreich vor einer beispiellosen Wasserkrise. Unter den am st\u00e4rksten betroffenen Regionen zeichnet sich Provence-Alpes-C\u00f4te d&#8217;Azur (PACA) als diejenige aus, die am meisten unter Wassermangel leidet. Diese kritische Situation veranlasst viele Einwohner, nach L\u00f6sungen zu suchen, um diese kostbare Ressource zu sparen und effizient zu verwalten. Eine der besten L\u00f6sungen ist die [&hellip;]\" \/>\n<meta property=\"og:url\" content=\"https:\/\/blog.maciterneecolo.fr\/at\/in-welcher-region-frankreichs-wird-es-im-jahr-2024-den-groessten-wassermangel-geben\/\" \/>\n<meta property=\"og:site_name\" content=\"Blog Ma Citerne Ecolo\" \/>\n<meta property=\"article:published_time\" content=\"2024-09-03T13:00:37+00:00\" \/>\n<meta property=\"article:modified_time\" content=\"2024-09-03T14:04:28+00:00\" \/>\n<meta property=\"og:image\" content=\"https:\/\/blog.maciterneecolo.fr\/wp-content\/uploads\/2024\/09\/IMG_7679.jpg\" \/>\n\t<meta property=\"og:image:width\" content=\"1017\" \/>\n\t<meta property=\"og:image:height\" content=\"667\" \/>\n\t<meta property=\"og:image:type\" content=\"image\/jpeg\" \/>\n<meta name=\"author\" content=\"Florian Fortes\" \/>\n<meta name=\"twitter:card\" content=\"summary_large_image\" \/>\n<meta name=\"twitter:label1\" content=\"Verfasst von\" \/>\n\t<meta name=\"twitter:data1\" content=\"Florian Fortes\" \/>\n\t<meta name=\"twitter:label2\" content=\"Gesch\u00e4tzte Lesezeit\" \/>\n\t<meta name=\"twitter:data2\" content=\"4 Minuten\" \/>\n<script type=\"application\/ld+json\" class=\"yoast-schema-graph\">{\"@context\":\"https:\\\/\\\/schema.org\",\"@graph\":[{\"@type\":\"Article\",\"@id\":\"https:\\\/\\\/blog.maciterneecolo.fr\\\/at\\\/in-welcher-region-frankreichs-wird-es-im-jahr-2024-den-groessten-wassermangel-geben\\\/#article\",\"isPartOf\":{\"@id\":\"https:\\\/\\\/blog.maciterneecolo.fr\\\/at\\\/in-welcher-region-frankreichs-wird-es-im-jahr-2024-den-groessten-wassermangel-geben\\\/\"},\"author\":{\"name\":\"Florian Fortes\",\"@id\":\"https:\\\/\\\/blog.maciterneecolo.fr\\\/at\\\/#\\\/schema\\\/person\\\/3a2d4d4c7570e95dd1c26daa07cd06b5\"},\"headline\":\"In welcher Region Frankreichs wird es im Jahr 2024 den gr\u00f6\u00dften Wassermangel geben?\",\"datePublished\":\"2024-09-03T13:00:37+00:00\",\"dateModified\":\"2024-09-03T14:04:28+00:00\",\"mainEntityOfPage\":{\"@id\":\"https:\\\/\\\/blog.maciterneecolo.fr\\\/at\\\/in-welcher-region-frankreichs-wird-es-im-jahr-2024-den-groessten-wassermangel-geben\\\/\"},\"wordCount\":759,\"commentCount\":0,\"publisher\":{\"@id\":\"https:\\\/\\\/blog.maciterneecolo.fr\\\/at\\\/#organization\"},\"image\":{\"@id\":\"https:\\\/\\\/blog.maciterneecolo.fr\\\/at\\\/in-welcher-region-frankreichs-wird-es-im-jahr-2024-den-groessten-wassermangel-geben\\\/#primaryimage\"},\"thumbnailUrl\":\"https:\\\/\\\/blog.maciterneecolo.fr\\\/wp-content\\\/uploads\\\/2024\\\/09\\\/IMG_7679.jpg\",\"articleSection\":[\"Citernes Souples\"],\"inLanguage\":\"de-AT\",\"potentialAction\":[{\"@type\":\"CommentAction\",\"name\":\"Comment\",\"target\":[\"https:\\\/\\\/blog.maciterneecolo.fr\\\/at\\\/in-welcher-region-frankreichs-wird-es-im-jahr-2024-den-groessten-wassermangel-geben\\\/#respond\"]}]},{\"@type\":\"WebPage\",\"@id\":\"https:\\\/\\\/blog.maciterneecolo.fr\\\/at\\\/in-welcher-region-frankreichs-wird-es-im-jahr-2024-den-groessten-wassermangel-geben\\\/\",\"url\":\"https:\\\/\\\/blog.maciterneecolo.fr\\\/at\\\/in-welcher-region-frankreichs-wird-es-im-jahr-2024-den-groessten-wassermangel-geben\\\/\",\"name\":\"In welcher Region Frankreichs wird es im Jahr 2024 den gr\u00f6\u00dften Wassermangel geben? - Blog Ma Citerne Ecolo\",\"isPartOf\":{\"@id\":\"https:\\\/\\\/blog.maciterneecolo.fr\\\/at\\\/#website\"},\"primaryImageOfPage\":{\"@id\":\"https:\\\/\\\/blog.maciterneecolo.fr\\\/at\\\/in-welcher-region-frankreichs-wird-es-im-jahr-2024-den-groessten-wassermangel-geben\\\/#primaryimage\"},\"image\":{\"@id\":\"https:\\\/\\\/blog.maciterneecolo.fr\\\/at\\\/in-welcher-region-frankreichs-wird-es-im-jahr-2024-den-groessten-wassermangel-geben\\\/#primaryimage\"},\"thumbnailUrl\":\"https:\\\/\\\/blog.maciterneecolo.fr\\\/wp-content\\\/uploads\\\/2024\\\/09\\\/IMG_7679.jpg\",\"datePublished\":\"2024-09-03T13:00:37+00:00\",\"dateModified\":\"2024-09-03T14:04:28+00:00\",\"breadcrumb\":{\"@id\":\"https:\\\/\\\/blog.maciterneecolo.fr\\\/at\\\/in-welcher-region-frankreichs-wird-es-im-jahr-2024-den-groessten-wassermangel-geben\\\/#breadcrumb\"},\"inLanguage\":\"de-AT\",\"potentialAction\":[{\"@type\":\"ReadAction\",\"target\":[\"https:\\\/\\\/blog.maciterneecolo.fr\\\/at\\\/in-welcher-region-frankreichs-wird-es-im-jahr-2024-den-groessten-wassermangel-geben\\\/\"]}]},{\"@type\":\"ImageObject\",\"inLanguage\":\"de-AT\",\"@id\":\"https:\\\/\\\/blog.maciterneecolo.fr\\\/at\\\/in-welcher-region-frankreichs-wird-es-im-jahr-2024-den-groessten-wassermangel-geben\\\/#primaryimage\",\"url\":\"https:\\\/\\\/blog.maciterneecolo.fr\\\/wp-content\\\/uploads\\\/2024\\\/09\\\/IMG_7679.jpg\",\"contentUrl\":\"https:\\\/\\\/blog.maciterneecolo.fr\\\/wp-content\\\/uploads\\\/2024\\\/09\\\/IMG_7679.jpg\",\"width\":1017,\"height\":667,\"caption\":\"Quel est la r\u00e9gion de France ou il manque le plus d'eau en 2024?\"},{\"@type\":\"BreadcrumbList\",\"@id\":\"https:\\\/\\\/blog.maciterneecolo.fr\\\/at\\\/in-welcher-region-frankreichs-wird-es-im-jahr-2024-den-groessten-wassermangel-geben\\\/#breadcrumb\",\"itemListElement\":[{\"@type\":\"ListItem\",\"position\":1,\"name\":\"Accueil\",\"item\":\"https:\\\/\\\/blog.maciterneecolo.fr\\\/at\\\/startseite\\\/\"},{\"@type\":\"ListItem\",\"position\":2,\"name\":\"In welcher Region Frankreichs wird es im Jahr 2024 den gr\u00f6\u00dften Wassermangel geben?\"}]},{\"@type\":\"WebSite\",\"@id\":\"https:\\\/\\\/blog.maciterneecolo.fr\\\/at\\\/#website\",\"url\":\"https:\\\/\\\/blog.maciterneecolo.fr\\\/at\\\/\",\"name\":\"Blog Ma Citerne Ecolo\",\"description\":\"Leader dans le domaine de la citerne souple d&#039;eau de pluie\",\"publisher\":{\"@id\":\"https:\\\/\\\/blog.maciterneecolo.fr\\\/at\\\/#organization\"},\"potentialAction\":[{\"@type\":\"SearchAction\",\"target\":{\"@type\":\"EntryPoint\",\"urlTemplate\":\"https:\\\/\\\/blog.maciterneecolo.fr\\\/at\\\/?s={search_term_string}\"},\"query-input\":{\"@type\":\"PropertyValueSpecification\",\"valueRequired\":true,\"valueName\":\"search_term_string\"}}],\"inLanguage\":\"de-AT\"},{\"@type\":\"Organization\",\"@id\":\"https:\\\/\\\/blog.maciterneecolo.fr\\\/at\\\/#organization\",\"name\":\"Blog Ma Citerne Ecolo\",\"url\":\"https:\\\/\\\/blog.maciterneecolo.fr\\\/at\\\/\",\"logo\":{\"@type\":\"ImageObject\",\"inLanguage\":\"de-AT\",\"@id\":\"https:\\\/\\\/blog.maciterneecolo.fr\\\/at\\\/#\\\/schema\\\/logo\\\/image\\\/\",\"url\":\"https:\\\/\\\/blog.maciterneecolo.fr\\\/wp-content\\\/uploads\\\/2022\\\/12\\\/cropped-favicon-blog.png\",\"contentUrl\":\"https:\\\/\\\/blog.maciterneecolo.fr\\\/wp-content\\\/uploads\\\/2022\\\/12\\\/cropped-favicon-blog.png\",\"width\":512,\"height\":512,\"caption\":\"Blog Ma Citerne Ecolo\"},\"image\":{\"@id\":\"https:\\\/\\\/blog.maciterneecolo.fr\\\/at\\\/#\\\/schema\\\/logo\\\/image\\\/\"}},{\"@type\":\"Person\",\"@id\":\"https:\\\/\\\/blog.maciterneecolo.fr\\\/at\\\/#\\\/schema\\\/person\\\/3a2d4d4c7570e95dd1c26daa07cd06b5\",\"name\":\"Florian Fortes\",\"image\":{\"@type\":\"ImageObject\",\"inLanguage\":\"de-AT\",\"@id\":\"https:\\\/\\\/secure.gravatar.com\\\/avatar\\\/ca79c695566cce4eef2e89c6c672f683901ce43cbeecbc9f18cddb431bb9b629?s=96&d=mm&r=g\",\"url\":\"https:\\\/\\\/secure.gravatar.com\\\/avatar\\\/ca79c695566cce4eef2e89c6c672f683901ce43cbeecbc9f18cddb431bb9b629?s=96&d=mm&r=g\",\"contentUrl\":\"https:\\\/\\\/secure.gravatar.com\\\/avatar\\\/ca79c695566cce4eef2e89c6c672f683901ce43cbeecbc9f18cddb431bb9b629?s=96&d=mm&r=g\",\"caption\":\"Florian Fortes\"},\"url\":\"https:\\\/\\\/blog.maciterneecolo.fr\\\/at\\\/author\\\/fortesflorian\\\/\"}]}<\/script>\n<!-- \/ Yoast SEO plugin. -->","yoast_head_json":{"title":"In welcher Region Frankreichs wird es im Jahr 2024 den gr\u00f6\u00dften Wassermangel geben? - Blog Ma Citerne Ecolo","robots":{"index":"index","follow":"follow","max-snippet":"max-snippet:-1","max-image-preview":"max-image-preview:large","max-video-preview":"max-video-preview:-1"},"canonical":"https:\/\/blog.maciterneecolo.fr\/at\/in-welcher-region-frankreichs-wird-es-im-jahr-2024-den-groessten-wassermangel-geben\/","og_locale":"de_DE","og_type":"article","og_title":"In welcher Region Frankreichs wird es im Jahr 2024 den gr\u00f6\u00dften Wassermangel geben? - Blog Ma Citerne Ecolo","og_description":"Im Jahr 2024 steht Frankreich vor einer beispiellosen Wasserkrise. Unter den am st\u00e4rksten betroffenen Regionen zeichnet sich Provence-Alpes-C\u00f4te d&#8217;Azur (PACA) als diejenige aus, die am meisten unter Wassermangel leidet. Diese kritische Situation veranlasst viele Einwohner, nach L\u00f6sungen zu suchen, um diese kostbare Ressource zu sparen und effizient zu verwalten. Eine der besten L\u00f6sungen ist die [&hellip;]","og_url":"https:\/\/blog.maciterneecolo.fr\/at\/in-welcher-region-frankreichs-wird-es-im-jahr-2024-den-groessten-wassermangel-geben\/","og_site_name":"Blog Ma Citerne Ecolo","article_published_time":"2024-09-03T13:00:37+00:00","article_modified_time":"2024-09-03T14:04:28+00:00","og_image":[{"width":1017,"height":667,"url":"https:\/\/blog.maciterneecolo.fr\/wp-content\/uploads\/2024\/09\/IMG_7679.jpg","type":"image\/jpeg"}],"author":"Florian Fortes","twitter_card":"summary_large_image","twitter_misc":{"Verfasst von":"Florian Fortes","Gesch\u00e4tzte Lesezeit":"4 Minuten"},"schema":{"@context":"https:\/\/schema.org","@graph":[{"@type":"Article","@id":"https:\/\/blog.maciterneecolo.fr\/at\/in-welcher-region-frankreichs-wird-es-im-jahr-2024-den-groessten-wassermangel-geben\/#article","isPartOf":{"@id":"https:\/\/blog.maciterneecolo.fr\/at\/in-welcher-region-frankreichs-wird-es-im-jahr-2024-den-groessten-wassermangel-geben\/"},"author":{"name":"Florian Fortes","@id":"https:\/\/blog.maciterneecolo.fr\/at\/#\/schema\/person\/3a2d4d4c7570e95dd1c26daa07cd06b5"},"headline":"In welcher Region Frankreichs wird es im Jahr 2024 den gr\u00f6\u00dften Wassermangel geben?","datePublished":"2024-09-03T13:00:37+00:00","dateModified":"2024-09-03T14:04:28+00:00","mainEntityOfPage":{"@id":"https:\/\/blog.maciterneecolo.fr\/at\/in-welcher-region-frankreichs-wird-es-im-jahr-2024-den-groessten-wassermangel-geben\/"},"wordCount":759,"commentCount":0,"publisher":{"@id":"https:\/\/blog.maciterneecolo.fr\/at\/#organization"},"image":{"@id":"https:\/\/blog.maciterneecolo.fr\/at\/in-welcher-region-frankreichs-wird-es-im-jahr-2024-den-groessten-wassermangel-geben\/#primaryimage"},"thumbnailUrl":"https:\/\/blog.maciterneecolo.fr\/wp-content\/uploads\/2024\/09\/IMG_7679.jpg","articleSection":["Citernes Souples"],"inLanguage":"de-AT","potentialAction":[{"@type":"CommentAction","name":"Comment","target":["https:\/\/blog.maciterneecolo.fr\/at\/in-welcher-region-frankreichs-wird-es-im-jahr-2024-den-groessten-wassermangel-geben\/#respond"]}]},{"@type":"WebPage","@id":"https:\/\/blog.maciterneecolo.fr\/at\/in-welcher-region-frankreichs-wird-es-im-jahr-2024-den-groessten-wassermangel-geben\/","url":"https:\/\/blog.maciterneecolo.fr\/at\/in-welcher-region-frankreichs-wird-es-im-jahr-2024-den-groessten-wassermangel-geben\/","name":"In welcher Region Frankreichs wird es im Jahr 2024 den gr\u00f6\u00dften Wassermangel geben? - Blog Ma Citerne Ecolo","isPartOf":{"@id":"https:\/\/blog.maciterneecolo.fr\/at\/#website"},"primaryImageOfPage":{"@id":"https:\/\/blog.maciterneecolo.fr\/at\/in-welcher-region-frankreichs-wird-es-im-jahr-2024-den-groessten-wassermangel-geben\/#primaryimage"},"image":{"@id":"https:\/\/blog.maciterneecolo.fr\/at\/in-welcher-region-frankreichs-wird-es-im-jahr-2024-den-groessten-wassermangel-geben\/#primaryimage"},"thumbnailUrl":"https:\/\/blog.maciterneecolo.fr\/wp-content\/uploads\/2024\/09\/IMG_7679.jpg","datePublished":"2024-09-03T13:00:37+00:00","dateModified":"2024-09-03T14:04:28+00:00","breadcrumb":{"@id":"https:\/\/blog.maciterneecolo.fr\/at\/in-welcher-region-frankreichs-wird-es-im-jahr-2024-den-groessten-wassermangel-geben\/#breadcrumb"},"inLanguage":"de-AT","potentialAction":[{"@type":"ReadAction","target":["https:\/\/blog.maciterneecolo.fr\/at\/in-welcher-region-frankreichs-wird-es-im-jahr-2024-den-groessten-wassermangel-geben\/"]}]},{"@type":"ImageObject","inLanguage":"de-AT","@id":"https:\/\/blog.maciterneecolo.fr\/at\/in-welcher-region-frankreichs-wird-es-im-jahr-2024-den-groessten-wassermangel-geben\/#primaryimage","url":"https:\/\/blog.maciterneecolo.fr\/wp-content\/uploads\/2024\/09\/IMG_7679.jpg","contentUrl":"https:\/\/blog.maciterneecolo.fr\/wp-content\/uploads\/2024\/09\/IMG_7679.jpg","width":1017,"height":667,"caption":"Quel est la r\u00e9gion de France ou il manque le plus d'eau en 2024?"},{"@type":"BreadcrumbList","@id":"https:\/\/blog.maciterneecolo.fr\/at\/in-welcher-region-frankreichs-wird-es-im-jahr-2024-den-groessten-wassermangel-geben\/#breadcrumb","itemListElement":[{"@type":"ListItem","position":1,"name":"Accueil","item":"https:\/\/blog.maciterneecolo.fr\/at\/startseite\/"},{"@type":"ListItem","position":2,"name":"In welcher Region Frankreichs wird es im Jahr 2024 den gr\u00f6\u00dften Wassermangel geben?"}]},{"@type":"WebSite","@id":"https:\/\/blog.maciterneecolo.fr\/at\/#website","url":"https:\/\/blog.maciterneecolo.fr\/at\/","name":"Blog Ma Citerne Ecolo","description":"Leader dans le domaine de la citerne souple d&#039;eau de pluie","publisher":{"@id":"https:\/\/blog.maciterneecolo.fr\/at\/#organization"},"potentialAction":[{"@type":"SearchAction","target":{"@type":"EntryPoint","urlTemplate":"https:\/\/blog.maciterneecolo.fr\/at\/?s={search_term_string}"},"query-input":{"@type":"PropertyValueSpecification","valueRequired":true,"valueName":"search_term_string"}}],"inLanguage":"de-AT"},{"@type":"Organization","@id":"https:\/\/blog.maciterneecolo.fr\/at\/#organization","name":"Blog Ma Citerne Ecolo","url":"https:\/\/blog.maciterneecolo.fr\/at\/","logo":{"@type":"ImageObject","inLanguage":"de-AT","@id":"https:\/\/blog.maciterneecolo.fr\/at\/#\/schema\/logo\/image\/","url":"https:\/\/blog.maciterneecolo.fr\/wp-content\/uploads\/2022\/12\/cropped-favicon-blog.png","contentUrl":"https:\/\/blog.maciterneecolo.fr\/wp-content\/uploads\/2022\/12\/cropped-favicon-blog.png","width":512,"height":512,"caption":"Blog Ma Citerne Ecolo"},"image":{"@id":"https:\/\/blog.maciterneecolo.fr\/at\/#\/schema\/logo\/image\/"}},{"@type":"Person","@id":"https:\/\/blog.maciterneecolo.fr\/at\/#\/schema\/person\/3a2d4d4c7570e95dd1c26daa07cd06b5","name":"Florian Fortes","image":{"@type":"ImageObject","inLanguage":"de-AT","@id":"https:\/\/secure.gravatar.com\/avatar\/ca79c695566cce4eef2e89c6c672f683901ce43cbeecbc9f18cddb431bb9b629?s=96&d=mm&r=g","url":"https:\/\/secure.gravatar.com\/avatar\/ca79c695566cce4eef2e89c6c672f683901ce43cbeecbc9f18cddb431bb9b629?s=96&d=mm&r=g","contentUrl":"https:\/\/secure.gravatar.com\/avatar\/ca79c695566cce4eef2e89c6c672f683901ce43cbeecbc9f18cddb431bb9b629?s=96&d=mm&r=g","caption":"Florian Fortes"},"url":"https:\/\/blog.maciterneecolo.fr\/at\/author\/fortesflorian\/"}]}},"_links":{"self":[{"href":"https:\/\/blog.maciterneecolo.fr\/at\/wp-json\/wp\/v2\/posts\/11802","targetHints":{"allow":["GET"]}}],"collection":[{"href":"https:\/\/blog.maciterneecolo.fr\/at\/wp-json\/wp\/v2\/posts"}],"about":[{"href":"https:\/\/blog.maciterneecolo.fr\/at\/wp-json\/wp\/v2\/types\/post"}],"author":[{"embeddable":true,"href":"https:\/\/blog.maciterneecolo.fr\/at\/wp-json\/wp\/v2\/users\/3"}],"replies":[{"embeddable":true,"href":"https:\/\/blog.maciterneecolo.fr\/at\/wp-json\/wp\/v2\/comments?post=11802"}],"version-history":[{"count":1,"href":"https:\/\/blog.maciterneecolo.fr\/at\/wp-json\/wp\/v2\/posts\/11802\/revisions"}],"predecessor-version":[{"id":11804,"href":"https:\/\/blog.maciterneecolo.fr\/at\/wp-json\/wp\/v2\/posts\/11802\/revisions\/11804"}],"wp:featuredmedia":[{"embeddable":true,"href":"https:\/\/blog.maciterneecolo.fr\/at\/wp-json\/wp\/v2\/media\/11778"}],"wp:attachment":[{"href":"https:\/\/blog.maciterneecolo.fr\/at\/wp-json\/wp\/v2\/media?parent=11802"}],"wp:term":[{"taxonomy":"category","embeddable":true,"href":"https:\/\/blog.maciterneecolo.fr\/at\/wp-json\/wp\/v2\/categories?post=11802"},{"taxonomy":"post_tag","embeddable":true,"href":"https:\/\/blog.maciterneecolo.fr\/at\/wp-json\/wp\/v2\/tags?post=11802"}],"curies":[{"name":"wp","href":"https:\/\/api.w.org\/{rel}","templated":true}]}}