{"id":12545,"date":"2024-11-17T10:59:41","date_gmt":"2024-11-17T10:59:41","guid":{"rendered":"https:\/\/blog.maciterneecolo.fr\/maciterneecolo-de-beginnt-mit-dem-verkauf-von-feuerloeschern\/"},"modified":"2024-11-17T11:03:43","modified_gmt":"2024-11-17T11:03:43","slug":"maciterneecolo-de-beginnt-mit-dem-verkauf-von-feuerloeschern","status":"publish","type":"post","link":"https:\/\/blog.maciterneecolo.fr\/at\/maciterneecolo-de-beginnt-mit-dem-verkauf-von-feuerloeschern\/","title":{"rendered":"Maciterneecolo.de beginnt mit dem Verkauf von Feuerl\u00f6schern"},"content":{"rendered":"\n<p>Seit mehreren Jahren hat sich <strong>maciterneecolo.de<\/strong> als unumg\u00e4nglicher Akteur im Verkauf von <a href=\"https:\/\/www.maciterneecolo.fr\/fr\/3-citernes-souples\">flexiblen Zisternen f\u00fcr das Auffangen und Speichern von Regenwasser<\/a> etabliert. Im Jahr 2025, angesichts der steigenden Nachfrage von Beh\u00f6rden, Unternehmen und Kommunen nach geeigneten L\u00f6sungen f\u00fcr die Brandbek\u00e4mpfung, ist es f\u00fcr unser Unternehmen selbstverst\u00e4ndlich, unsere T\u00e4tigkeit auf den Verkauf von Feuerl\u00f6schbeh\u00e4ltern auszuweiten. Dank unseres Fachwissens sind wir nun bereit, leistungsf\u00e4hige L\u00f6sungen f\u00fcr diese neuen Bed\u00fcrfnisse auf dem gesamten europ\u00e4ischen Markt anzubieten.  <\/p>\n\n<h2 class=\"wp-block-heading\"><mark style=\"background-color:rgba(0, 0, 0, 0)\" class=\"has-inline-color has-vivid-cyan-blue-color\">Warum sollten Sie mit dem Verkauf von Feuerl\u00f6schern beginnen?<\/mark><\/h2>\n\n<h3 class=\"wp-block-heading\"><mark style=\"background-color:rgba(0, 0, 0, 0)\" class=\"has-inline-color has-vivid-cyan-blue-color\">Eine wachsende Nachfrage von Fachleuten und Beh\u00f6rden<\/mark><\/h3>\n\n<p>In den letzten Jahren haben die Anforderungen an den Brandschutz erheblich zugenommen. Lokale Verwaltungen, Industriebetriebe, landwirtschaftliche Betriebe und sogar abgelegene Wohngebiete sehen sich zunehmend mit der Auflage konfrontiert, Wasservorr\u00e4te zu installieren, die f\u00fcr die Brandbek\u00e4mpfung geeignet sind. <\/p>\n\n<p>Diese Nachfrage ist in Risikogebieten besonders hoch, insbesondere im Rahmen der <strong>DFCI (D\u00e9fense des For\u00eats Contre les Incendies)<\/strong>, wo der Schutz der W\u00e4lder vor Feuer eine absolute Priorit\u00e4t ist. Industrieunternehmen sind verpflichtet, eine ausreichende Kapazit\u00e4t zu gew\u00e4hrleisten, um den geltenden Vorschriften zu entsprechen. <\/p>\n\n<h3 class=\"wp-block-heading\"><mark style=\"background-color:rgba(0, 0, 0, 0)\" class=\"has-inline-color has-vivid-cyan-blue-color\">Eine Gelegenheit, unser Sortiment zu erweitern<\/mark><\/h3>\n\n<p>Historisch gesehen war unser Hauptgesch\u00e4ftsfeld die Bereitstellung von L\u00f6sungen f\u00fcr das Sammeln und Speichern von Regenwasser. Die technische \u00c4hnlichkeit zwischen flexiblen Regenwassertanks und Feuerl\u00f6schanlagen erm\u00f6glicht uns jedoch eine nat\u00fcrliche Diversifizierung. Wir haben zahlreiche Anfragen von Fachleuten und Beh\u00f6rden erhalten, was das Interesse an der Entwicklung dieses neuen Gesch\u00e4ftsbereichs best\u00e4tigt.  <\/p>\n\n<p>Indem wir <strong>Brandschutzreserven<\/strong> auf unserer Website und \u00fcber unser H\u00e4ndlernetz anbieten, reagieren wir auf diese speziellen Bed\u00fcrfnisse und st\u00e4rken gleichzeitig unsere Position auf dem europ\u00e4ischen Markt.<\/p>\n\n<hr class=\"wp-block-separator has-alpha-channel-opacity\"\/>\n\n<h2 class=\"wp-block-heading\"><mark style=\"background-color:rgba(0, 0, 0, 0)\" class=\"has-inline-color has-vivid-cyan-blue-color\">Ein vielf\u00e4ltiges Angebot f\u00fcr jeden Bedarf<\/mark><\/h2>\n\n<p>Um den Erwartungen unserer Kunden gerecht zu werden, hat <strong>maciterne-ecolo.de<\/strong> ein komplettes Sortiment an flexiblen Brandschutztanks entwickelt, die f\u00fcr verschiedene Zwecke und Volumen geeignet sind.<\/p>\n\n<h3 class=\"wp-block-heading\"><mark style=\"background-color:rgba(0, 0, 0, 0)\" class=\"has-inline-color has-vivid-cyan-blue-color\">Die sofort verf\u00fcgbaren Modelle<\/mark><\/h3>\n\n<p>Wir haben uns daf\u00fcr entschieden, sechs Modelle flexibler Feuerl\u00f6schtanks st\u00e4ndig zu lagern, die die am h\u00e4ufigsten nachgefragten Kapazit\u00e4ten abdecken:<\/p>\n\n<ul class=\"wp-block-list\">\n<li>Feuerl\u00f6schbeh\u00e4lter <strong>50 m\u00b3<\/strong><\/li>\n\n\n\n<li>Feuerl\u00f6schbeh\u00e4lter <strong>60 m\u00b3<\/strong><\/li>\n\n\n\n<li>Feuerl\u00f6schbeh\u00e4lter <strong>80 m\u00b3<\/strong><\/li>\n\n\n\n<li>Feuerl\u00f6schbeh\u00e4lter <strong>100 m\u00b3<\/strong><\/li>\n\n\n\n<li>Feuerl\u00f6schbeh\u00e4lter <strong>120 m\u00b3<\/strong><\/li>\n\n\n\n<li>Feuerl\u00f6schbeh\u00e4lter <strong>150 m\u00b3<\/strong><\/li>\n<\/ul>\n\n<p>Diese Modelle sind sofort verf\u00fcgbar und garantieren unseren Kunden schnelle Lieferzeiten.<\/p>\n\n<h3 class=\"wp-block-heading\"><mark style=\"background-color:rgba(0, 0, 0, 0)\" class=\"has-inline-color has-vivid-cyan-blue-color\">Auftragsfertigung f\u00fcr gro\u00dfe Kapazit\u00e4ten<\/mark><\/h3>\n\n<p>F\u00fcr weniger g\u00e4ngige Volumen, insbesondere f\u00fcr gro\u00dfe Tanks wie <strong>200 m\u00b3<\/strong>, <strong>300 m\u00b3<\/strong> oder bis zu <strong>500 m\u00b3<\/strong>, bieten wir eine Auftragsfertigung an. Diese Flexibilit\u00e4t erm\u00f6glicht es uns, auf die spezifischen Bed\u00fcrfnisse unserer Kunden einzugehen und gleichzeitig ein hohes Qualit\u00e4tsniveau zu halten. <\/p>\n<div class=\"wp-block-image\">\n<figure class=\"aligncenter size-full\"><img fetchpriority=\"high\" decoding=\"async\" width=\"692\" height=\"684\" src=\"https:\/\/blog.maciterneecolo.fr\/wp-content\/uploads\/2024\/11\/IMG_8780.jpg\" alt=\"\" class=\"wp-image-12505\" srcset=\"https:\/\/blog.maciterneecolo.fr\/wp-content\/uploads\/2024\/11\/IMG_8780.jpg 692w, https:\/\/blog.maciterneecolo.fr\/wp-content\/uploads\/2024\/11\/IMG_8780-300x297.jpg 300w\" sizes=\"(max-width: 692px) 100vw, 692px\" \/><\/figure>\n<\/div>\n<hr class=\"wp-block-separator has-alpha-channel-opacity\"\/>\n\n<h2 class=\"wp-block-heading\"><mark style=\"background-color:rgba(0, 0, 0, 0)\" class=\"has-inline-color has-vivid-cyan-blue-color\">Die vielf\u00e4ltigen Verwendungszwecke von Feuerl\u00f6schern<\/mark><\/h2>\n\n<h3 class=\"wp-block-heading\"><mark style=\"background-color:rgba(0, 0, 0, 0)\" class=\"has-inline-color has-vivid-cyan-blue-color\">Eine Schl\u00fcssell\u00f6sung f\u00fcr die Brandbek\u00e4mpfung<\/mark><\/h3>\n\n<p>Die Hauptaufgabe von <a href=\"https:\/\/www.maciterneecolo.fr\/fr\/21-citernes-souples-incendie\">Feuerl\u00f6schern<\/a> ist nat\u00fcrlich die Bereitstellung einer zuverl\u00e4ssigen Wasserquelle f\u00fcr die Brandbek\u00e4mpfung. Sie werden in gef\u00e4hrdeten Gebieten installiert und erm\u00f6glichen es der Feuerwehr, schnell eine ausreichende Menge Wasser zur Verf\u00fcgung zu haben, um einen Brand einzud\u00e4mmen und zu l\u00f6schen. <\/p>\n\n<p>Feuerl\u00f6schbeh\u00e4lter sind besonders n\u00fctzlich in l\u00e4ndlichen Gebieten oder W\u00e4ldern, wo der Zugang zu Wassersystemen begrenzt ist. Sie spielen eine entscheidende Rolle beim Schutz von Wohnh\u00e4usern, landwirtschaftlichen Betrieben und W\u00e4ldern vor Br\u00e4nden. <\/p>\n\n<h3 class=\"wp-block-heading\"><mark style=\"background-color:rgba(0, 0, 0, 0)\" class=\"has-inline-color has-vivid-cyan-blue-color\">Eine Wasserreserve f\u00fcr andere Zwecke<\/mark><\/h3>\n\n<p>Obwohl sie in erster Linie f\u00fcr die Brandbek\u00e4mpfung konzipiert sind, k\u00f6nnen Feuerl\u00f6schbeh\u00e4lter im Bedarfsfall auch als Wasserquelle genutzt werden. Zum Beispiel : <\/p>\n\n<ul class=\"wp-block-list\">\n<li><strong>Wasserversorgung f\u00fcr abgelegene Baustellen<\/strong><\/li>\n\n\n\n<li><strong>Versorgung von landwirtschaftlichen Bew\u00e4sserungssystemen bei Trockenheit<\/strong><\/li>\n\n\n\n<li><strong>Zeitweilige Speicherung von Wasser f\u00fcr besondere Ereignisse<\/strong><\/li>\n<\/ul>\n\n<p>Diese sekund\u00e4ren Verwendungszwecke verst\u00e4rken die Vielseitigkeit der flexiblen Feuerl\u00f6schtanks und machen sie besonders interessant f\u00fcr Kommunen und Gewerbetreibende.<\/p>\n\n<hr class=\"wp-block-separator has-alpha-channel-opacity\"\/>\n\n<h2 class=\"wp-block-heading\"><mark style=\"background-color:rgba(0, 0, 0, 0)\" class=\"has-inline-color has-vivid-cyan-blue-color\">Die technischen Merkmale von Brandschutztanks<\/mark><\/h2>\n\n<h3 class=\"wp-block-heading\"><mark style=\"background-color:rgba(0, 0, 0, 0)\" class=\"has-inline-color has-vivid-cyan-blue-color\">Zwei Arten von Anschlusssystemen<\/mark><\/h3>\n\n<p>Die von uns angebotenen Feuerl\u00f6schbeh\u00e4lter sind in zwei Hauptkonfigurationen erh\u00e4ltlich, die auf die unterschiedlichen Bed\u00fcrfnisse der Nutzer zugeschnitten sind:<\/p>\n\n<ol class=\"wp-block-list\">\n<li><strong><mark style=\"background-color:rgba(0, 0, 0, 0)\" class=\"has-inline-color has-vivid-cyan-blue-color\">Seitenventil<\/mark><\/strong><br\/>Dieses Modell verf\u00fcgt \u00fcber ein Ventil, das sich an der Seite des Tanks befindet. Es wird h\u00e4ufig verwendet, um einen direkten Zugang zum gespeicherten Wasser zu erm\u00f6glichen, sei es f\u00fcr einen schnellen Anschluss oder f\u00fcr eine manuelle Bedienung. <\/li>\n\n\n\n<li><strong><mark style=\"background-color:rgba(0, 0, 0, 0)\" class=\"has-inline-color has-vivid-cyan-blue-color\">Bodenabsaugung<\/mark><\/strong><br\/>Diese Konfiguration ist f\u00fcr den direkten Anschluss an einen Hydranten konzipiert. Das Wasser wird \u00fcber ein unterirdisches System aus dem Tank gesaugt, was ein schnelles Eingreifen der Feuerwehr erleichtert. Diese Art von System ist besonders in Industriegebieten oder bei Infrastrukturen mit hohem Risiko beliebt.  <\/li>\n<\/ol>\n\n<h3 class=\"wp-block-heading\"><mark style=\"background-color:rgba(0, 0, 0, 0)\" class=\"has-inline-color has-vivid-cyan-blue-color\">Starke und langlebige Materialien<\/mark><\/h3>\n\n<p>Unsere Brandschutztanks werden aus robusten Materialien hergestellt, die auch den extremsten Wetterbedingungen standhalten. Sie sind so konzipiert, dass sie : <\/p>\n\n<ul class=\"wp-block-list\">\n<li>Hervorragende Haltbarkeit, selbst bei l\u00e4ngerer UV-Bestrahlung<\/li>\n\n\n\n<li>Best\u00e4ndigkeit gegen Temperaturschwankungen<\/li>\n\n\n\n<li>Schutz vor Perforationen und Lecks<\/li>\n<\/ul>\n\n<p>Diese Eigenschaften garantieren eine optimale Leistung \u00fcber einen langen Zeitraum, selbst in anspruchsvollen Umgebungen.<\/p>\n\n<hr class=\"wp-block-separator has-alpha-channel-opacity\"\/>\n\n<h2 class=\"wp-block-heading\"><mark style=\"background-color:rgba(0, 0, 0, 0)\" class=\"has-inline-color has-vivid-cyan-blue-color\">Wo kann man einen Feuerl\u00f6schbeh\u00e4lter installieren?<\/mark><\/h2>\n\n<p>Die flexiblen Brandschutztanks k\u00f6nnen je nach Bedarf an verschiedenen Orten aufgestellt werden:<\/p>\n\n<ul class=\"wp-block-list\">\n<li><mark style=\"background-color:rgba(0, 0, 0, 0)\" class=\"has-inline-color has-vivid-cyan-blue-color\"><strong>Waldgebiete<\/strong>:<\/mark> zum Schutz von Naturgebieten vor Br\u00e4nden.<\/li>\n\n\n\n<li><mark style=\"background-color:rgba(0, 0, 0, 0)\" class=\"has-inline-color has-vivid-cyan-blue-color\"><strong>Landwirtschaftliche Gebiete<\/strong>:<\/mark> um die Sicherheit von Betrieben und Einrichtungen zu gew\u00e4hrleisten.<\/li>\n\n\n\n<li><mark style=\"background-color:rgba(0, 0, 0, 0)\" class=\"has-inline-color has-vivid-cyan-blue-color\"><strong>Industriestandorte<\/strong>: <\/mark>zur Einhaltung der Brandschutzvorschriften.<\/li>\n\n\n\n<li><mark style=\"background-color:rgba(0, 0, 0, 0)\" class=\"has-inline-color has-vivid-cyan-blue-color\"><strong>Gemeinden<\/strong>:<\/mark> in abgelegenen Wohngebieten oder D\u00f6rfern, die von der Wasserversorgung entfernt sind.<\/li>\n<\/ul>\n\n<p>Dank ihrer Flexibilit\u00e4t passen sich diese Tanks an verschiedene Gel\u00e4nde an, ob flach, mit Gef\u00e4lle oder schwer zug\u00e4nglich.<\/p>\n\n<hr class=\"wp-block-separator has-alpha-channel-opacity\"\/>\n\n<h2 class=\"wp-block-heading\"><mark style=\"background-color:rgba(0, 0, 0, 0)\" class=\"has-inline-color has-vivid-cyan-blue-color\">maciterneecolo.de: Ein Engagement f\u00fcr Europa<\/mark><\/h2>\n\n<p>Um dieser neuen Nachfrage gerecht zu werden, st\u00fctzt sich <strong>maciterne-ecolo.fr<\/strong> auf sein H\u00e4ndlernetz und eine optimierte Logistik, um seine Feuerl\u00f6schbeh\u00e4lter in ganz Europa zu vertreiben. Unser Ziel ist es, zuverl\u00e4ssige und erschwingliche L\u00f6sungen f\u00fcr alle Akteure anzubieten, egal ob gewerblich, kommunal oder privat. <\/p>\n\n<p>Durch die enge Zusammenarbeit mit unserem Hersteller garantieren wir Produkte von hoher Qualit\u00e4t, die den geltenden Normen entsprechen und auf die spezifischen Bed\u00fcrfnisse unserer Kunden zugeschnitten sind.<\/p>\n\n<hr class=\"wp-block-separator has-alpha-channel-opacity\"\/>\n\n<h2 class=\"wp-block-heading\"><mark style=\"background-color:rgba(0, 0, 0, 0)\" class=\"has-inline-color has-vivid-cyan-blue-color\">Schlussfolgerung<\/mark><\/h2>\n\n<p>Der Start unseres Gesch\u00e4fts mit Feuerl\u00f6schern ist ein wichtiger Schritt f\u00fcr uns. <strong><a href=\"https:\/\/www.maciterneecolo.fr\/fr\/\">maciterneecolo.de<\/a><\/strong>. Wir reagieren auf die steigende Nachfrage von Beh\u00f6rden, Unternehmen und Kommunen und erweitern unser Angebot. <\/p>\n\n<p>Mit einem umfassenden Sortiment an flexiblen Feuerl\u00f6schtanks bieten wir L\u00f6sungen f\u00fcr die unterschiedlichsten Bed\u00fcrfnisse, sei es f\u00fcr die Brandbek\u00e4mpfung, die Wasserversorgung oder andere professionelle Zwecke. Mit diesem neuen Produkt setzen wir unsere Innovationen fort und bleiben dabei unserem Engagement f\u00fcr Nachhaltigkeit und Kundenzufriedenheit treu. <\/p>\n\n<p>Vertrauen Sie <strong>maciterneecolo<\/strong> f\u00fcr Ihren Bedarf an Brandschutzreserven und tragen Sie dazu bei, das zu sch\u00fctzen, was am wichtigsten ist: Ihr Eigentum, Ihre Umwelt und Ihre Sicherheit.<\/p>\n","protected":false},"excerpt":{"rendered":"<p>Seit mehreren Jahren hat sich maciterneecolo.de als unumg\u00e4nglicher Akteur im Verkauf von flexiblen Zisternen f\u00fcr das Auffangen und Speichern von Regenwasser etabliert. Im Jahr 2025, angesichts der steigenden Nachfrage von Beh\u00f6rden, Unternehmen und Kommunen nach geeigneten L\u00f6sungen f\u00fcr die Brandbek\u00e4mpfung, ist es f\u00fcr unser Unternehmen selbstverst\u00e4ndlich, unsere T\u00e4tigkeit auf den Verkauf von Feuerl\u00f6schbeh\u00e4ltern auszuweiten. Dank [&hellip;]<\/p>\n","protected":false},"author":3,"featured_media":12515,"comment_status":"open","ping_status":"closed","sticky":false,"template":"","format":"standard","meta":{"inline_featured_image":false,"footnotes":""},"categories":[2220],"tags":[2231,2448,1445],"class_list":["post-12545","post","type-post","status-publish","format-standard","has-post-thumbnail","hentry","category-feuerreservoir","tag-brandschutzreserve","tag-feuerloschbecken","tag-feuerzisterne"],"yoast_head":"<!-- This site is optimized with the Yoast SEO plugin v27.5 - https:\/\/yoast.com\/product\/yoast-seo-wordpress\/ -->\n<title>Maciterneecolo.de beginnt mit dem Verkauf von Feuerl\u00f6schern - Blog Ma Citerne Ecolo<\/title>\n<meta name=\"robots\" content=\"index, follow, max-snippet:-1, max-image-preview:large, max-video-preview:-1\" \/>\n<link rel=\"canonical\" href=\"https:\/\/blog.maciterneecolo.fr\/at\/maciterneecolo-de-beginnt-mit-dem-verkauf-von-feuerloeschern\/\" \/>\n<meta property=\"og:locale\" content=\"de_DE\" \/>\n<meta property=\"og:type\" content=\"article\" \/>\n<meta property=\"og:title\" content=\"Maciterneecolo.de beginnt mit dem Verkauf von Feuerl\u00f6schern - Blog Ma Citerne Ecolo\" \/>\n<meta property=\"og:description\" content=\"Seit mehreren Jahren hat sich maciterneecolo.de als unumg\u00e4nglicher Akteur im Verkauf von flexiblen Zisternen f\u00fcr das Auffangen und Speichern von Regenwasser etabliert. Im Jahr 2025, angesichts der steigenden Nachfrage von Beh\u00f6rden, Unternehmen und Kommunen nach geeigneten L\u00f6sungen f\u00fcr die Brandbek\u00e4mpfung, ist es f\u00fcr unser Unternehmen selbstverst\u00e4ndlich, unsere T\u00e4tigkeit auf den Verkauf von Feuerl\u00f6schbeh\u00e4ltern auszuweiten. Dank [&hellip;]\" \/>\n<meta property=\"og:url\" content=\"https:\/\/blog.maciterneecolo.fr\/at\/maciterneecolo-de-beginnt-mit-dem-verkauf-von-feuerloeschern\/\" \/>\n<meta property=\"og:site_name\" content=\"Blog Ma Citerne Ecolo\" \/>\n<meta property=\"article:published_time\" content=\"2024-11-17T10:59:41+00:00\" \/>\n<meta property=\"article:modified_time\" content=\"2024-11-17T11:03:43+00:00\" \/>\n<meta property=\"og:image\" content=\"https:\/\/blog.maciterneecolo.fr\/wp-content\/uploads\/2024\/11\/IMG_8779.jpg\" \/>\n\t<meta property=\"og:image:width\" content=\"1179\" \/>\n\t<meta property=\"og:image:height\" content=\"746\" \/>\n\t<meta property=\"og:image:type\" content=\"image\/jpeg\" \/>\n<meta name=\"author\" content=\"Florian Fortes\" \/>\n<meta name=\"twitter:card\" content=\"summary_large_image\" \/>\n<meta name=\"twitter:label1\" content=\"Verfasst von\" \/>\n\t<meta name=\"twitter:data1\" content=\"Florian Fortes\" \/>\n\t<meta name=\"twitter:label2\" content=\"Gesch\u00e4tzte Lesezeit\" \/>\n\t<meta name=\"twitter:data2\" content=\"5 Minuten\" \/>\n<script type=\"application\/ld+json\" class=\"yoast-schema-graph\">{\"@context\":\"https:\\\/\\\/schema.org\",\"@graph\":[{\"@type\":\"Article\",\"@id\":\"https:\\\/\\\/blog.maciterneecolo.fr\\\/at\\\/maciterneecolo-de-beginnt-mit-dem-verkauf-von-feuerloeschern\\\/#article\",\"isPartOf\":{\"@id\":\"https:\\\/\\\/blog.maciterneecolo.fr\\\/at\\\/maciterneecolo-de-beginnt-mit-dem-verkauf-von-feuerloeschern\\\/\"},\"author\":{\"name\":\"Florian Fortes\",\"@id\":\"https:\\\/\\\/blog.maciterneecolo.fr\\\/at\\\/#\\\/schema\\\/person\\\/3a2d4d4c7570e95dd1c26daa07cd06b5\"},\"headline\":\"Maciterneecolo.de beginnt mit dem Verkauf von Feuerl\u00f6schern\",\"datePublished\":\"2024-11-17T10:59:41+00:00\",\"dateModified\":\"2024-11-17T11:03:43+00:00\",\"mainEntityOfPage\":{\"@id\":\"https:\\\/\\\/blog.maciterneecolo.fr\\\/at\\\/maciterneecolo-de-beginnt-mit-dem-verkauf-von-feuerloeschern\\\/\"},\"wordCount\":1090,\"commentCount\":0,\"publisher\":{\"@id\":\"https:\\\/\\\/blog.maciterneecolo.fr\\\/at\\\/#organization\"},\"image\":{\"@id\":\"https:\\\/\\\/blog.maciterneecolo.fr\\\/at\\\/maciterneecolo-de-beginnt-mit-dem-verkauf-von-feuerloeschern\\\/#primaryimage\"},\"thumbnailUrl\":\"https:\\\/\\\/blog.maciterneecolo.fr\\\/wp-content\\\/uploads\\\/2024\\\/11\\\/IMG_8779.jpg\",\"keywords\":[\"Brandschutzreserve\",\"Feuerl\u00f6schbecken\",\"Feuerzisterne\"],\"articleSection\":[\"Feuerreservoir\"],\"inLanguage\":\"de-AT\",\"potentialAction\":[{\"@type\":\"CommentAction\",\"name\":\"Comment\",\"target\":[\"https:\\\/\\\/blog.maciterneecolo.fr\\\/at\\\/maciterneecolo-de-beginnt-mit-dem-verkauf-von-feuerloeschern\\\/#respond\"]}]},{\"@type\":\"WebPage\",\"@id\":\"https:\\\/\\\/blog.maciterneecolo.fr\\\/at\\\/maciterneecolo-de-beginnt-mit-dem-verkauf-von-feuerloeschern\\\/\",\"url\":\"https:\\\/\\\/blog.maciterneecolo.fr\\\/at\\\/maciterneecolo-de-beginnt-mit-dem-verkauf-von-feuerloeschern\\\/\",\"name\":\"Maciterneecolo.de beginnt mit dem Verkauf von Feuerl\u00f6schern - Blog Ma Citerne Ecolo\",\"isPartOf\":{\"@id\":\"https:\\\/\\\/blog.maciterneecolo.fr\\\/at\\\/#website\"},\"primaryImageOfPage\":{\"@id\":\"https:\\\/\\\/blog.maciterneecolo.fr\\\/at\\\/maciterneecolo-de-beginnt-mit-dem-verkauf-von-feuerloeschern\\\/#primaryimage\"},\"image\":{\"@id\":\"https:\\\/\\\/blog.maciterneecolo.fr\\\/at\\\/maciterneecolo-de-beginnt-mit-dem-verkauf-von-feuerloeschern\\\/#primaryimage\"},\"thumbnailUrl\":\"https:\\\/\\\/blog.maciterneecolo.fr\\\/wp-content\\\/uploads\\\/2024\\\/11\\\/IMG_8779.jpg\",\"datePublished\":\"2024-11-17T10:59:41+00:00\",\"dateModified\":\"2024-11-17T11:03:43+00:00\",\"breadcrumb\":{\"@id\":\"https:\\\/\\\/blog.maciterneecolo.fr\\\/at\\\/maciterneecolo-de-beginnt-mit-dem-verkauf-von-feuerloeschern\\\/#breadcrumb\"},\"inLanguage\":\"de-AT\",\"potentialAction\":[{\"@type\":\"ReadAction\",\"target\":[\"https:\\\/\\\/blog.maciterneecolo.fr\\\/at\\\/maciterneecolo-de-beginnt-mit-dem-verkauf-von-feuerloeschern\\\/\"]}]},{\"@type\":\"ImageObject\",\"inLanguage\":\"de-AT\",\"@id\":\"https:\\\/\\\/blog.maciterneecolo.fr\\\/at\\\/maciterneecolo-de-beginnt-mit-dem-verkauf-von-feuerloeschern\\\/#primaryimage\",\"url\":\"https:\\\/\\\/blog.maciterneecolo.fr\\\/wp-content\\\/uploads\\\/2024\\\/11\\\/IMG_8779.jpg\",\"contentUrl\":\"https:\\\/\\\/blog.maciterneecolo.fr\\\/wp-content\\\/uploads\\\/2024\\\/11\\\/IMG_8779.jpg\",\"width\":1179,\"height\":746},{\"@type\":\"BreadcrumbList\",\"@id\":\"https:\\\/\\\/blog.maciterneecolo.fr\\\/at\\\/maciterneecolo-de-beginnt-mit-dem-verkauf-von-feuerloeschern\\\/#breadcrumb\",\"itemListElement\":[{\"@type\":\"ListItem\",\"position\":1,\"name\":\"Accueil\",\"item\":\"https:\\\/\\\/blog.maciterneecolo.fr\\\/at\\\/startseite\\\/\"},{\"@type\":\"ListItem\",\"position\":2,\"name\":\"Maciterneecolo.de beginnt mit dem Verkauf von Feuerl\u00f6schern\"}]},{\"@type\":\"WebSite\",\"@id\":\"https:\\\/\\\/blog.maciterneecolo.fr\\\/at\\\/#website\",\"url\":\"https:\\\/\\\/blog.maciterneecolo.fr\\\/at\\\/\",\"name\":\"Blog Ma Citerne Ecolo\",\"description\":\"Leader dans le domaine de la citerne souple d&#039;eau de pluie\",\"publisher\":{\"@id\":\"https:\\\/\\\/blog.maciterneecolo.fr\\\/at\\\/#organization\"},\"potentialAction\":[{\"@type\":\"SearchAction\",\"target\":{\"@type\":\"EntryPoint\",\"urlTemplate\":\"https:\\\/\\\/blog.maciterneecolo.fr\\\/at\\\/?s={search_term_string}\"},\"query-input\":{\"@type\":\"PropertyValueSpecification\",\"valueRequired\":true,\"valueName\":\"search_term_string\"}}],\"inLanguage\":\"de-AT\"},{\"@type\":\"Organization\",\"@id\":\"https:\\\/\\\/blog.maciterneecolo.fr\\\/at\\\/#organization\",\"name\":\"Blog Ma Citerne Ecolo\",\"url\":\"https:\\\/\\\/blog.maciterneecolo.fr\\\/at\\\/\",\"logo\":{\"@type\":\"ImageObject\",\"inLanguage\":\"de-AT\",\"@id\":\"https:\\\/\\\/blog.maciterneecolo.fr\\\/at\\\/#\\\/schema\\\/logo\\\/image\\\/\",\"url\":\"https:\\\/\\\/blog.maciterneecolo.fr\\\/wp-content\\\/uploads\\\/2022\\\/12\\\/cropped-favicon-blog.png\",\"contentUrl\":\"https:\\\/\\\/blog.maciterneecolo.fr\\\/wp-content\\\/uploads\\\/2022\\\/12\\\/cropped-favicon-blog.png\",\"width\":512,\"height\":512,\"caption\":\"Blog Ma Citerne Ecolo\"},\"image\":{\"@id\":\"https:\\\/\\\/blog.maciterneecolo.fr\\\/at\\\/#\\\/schema\\\/logo\\\/image\\\/\"}},{\"@type\":\"Person\",\"@id\":\"https:\\\/\\\/blog.maciterneecolo.fr\\\/at\\\/#\\\/schema\\\/person\\\/3a2d4d4c7570e95dd1c26daa07cd06b5\",\"name\":\"Florian Fortes\",\"image\":{\"@type\":\"ImageObject\",\"inLanguage\":\"de-AT\",\"@id\":\"https:\\\/\\\/secure.gravatar.com\\\/avatar\\\/ca79c695566cce4eef2e89c6c672f683901ce43cbeecbc9f18cddb431bb9b629?s=96&d=mm&r=g\",\"url\":\"https:\\\/\\\/secure.gravatar.com\\\/avatar\\\/ca79c695566cce4eef2e89c6c672f683901ce43cbeecbc9f18cddb431bb9b629?s=96&d=mm&r=g\",\"contentUrl\":\"https:\\\/\\\/secure.gravatar.com\\\/avatar\\\/ca79c695566cce4eef2e89c6c672f683901ce43cbeecbc9f18cddb431bb9b629?s=96&d=mm&r=g\",\"caption\":\"Florian Fortes\"},\"url\":\"https:\\\/\\\/blog.maciterneecolo.fr\\\/at\\\/author\\\/fortesflorian\\\/\"}]}<\/script>\n<!-- \/ Yoast SEO plugin. -->","yoast_head_json":{"title":"Maciterneecolo.de beginnt mit dem Verkauf von Feuerl\u00f6schern - Blog Ma Citerne Ecolo","robots":{"index":"index","follow":"follow","max-snippet":"max-snippet:-1","max-image-preview":"max-image-preview:large","max-video-preview":"max-video-preview:-1"},"canonical":"https:\/\/blog.maciterneecolo.fr\/at\/maciterneecolo-de-beginnt-mit-dem-verkauf-von-feuerloeschern\/","og_locale":"de_DE","og_type":"article","og_title":"Maciterneecolo.de beginnt mit dem Verkauf von Feuerl\u00f6schern - Blog Ma Citerne Ecolo","og_description":"Seit mehreren Jahren hat sich maciterneecolo.de als unumg\u00e4nglicher Akteur im Verkauf von flexiblen Zisternen f\u00fcr das Auffangen und Speichern von Regenwasser etabliert. Im Jahr 2025, angesichts der steigenden Nachfrage von Beh\u00f6rden, Unternehmen und Kommunen nach geeigneten L\u00f6sungen f\u00fcr die Brandbek\u00e4mpfung, ist es f\u00fcr unser Unternehmen selbstverst\u00e4ndlich, unsere T\u00e4tigkeit auf den Verkauf von Feuerl\u00f6schbeh\u00e4ltern auszuweiten. Dank [&hellip;]","og_url":"https:\/\/blog.maciterneecolo.fr\/at\/maciterneecolo-de-beginnt-mit-dem-verkauf-von-feuerloeschern\/","og_site_name":"Blog Ma Citerne Ecolo","article_published_time":"2024-11-17T10:59:41+00:00","article_modified_time":"2024-11-17T11:03:43+00:00","og_image":[{"width":1179,"height":746,"url":"https:\/\/blog.maciterneecolo.fr\/wp-content\/uploads\/2024\/11\/IMG_8779.jpg","type":"image\/jpeg"}],"author":"Florian Fortes","twitter_card":"summary_large_image","twitter_misc":{"Verfasst von":"Florian Fortes","Gesch\u00e4tzte Lesezeit":"5 Minuten"},"schema":{"@context":"https:\/\/schema.org","@graph":[{"@type":"Article","@id":"https:\/\/blog.maciterneecolo.fr\/at\/maciterneecolo-de-beginnt-mit-dem-verkauf-von-feuerloeschern\/#article","isPartOf":{"@id":"https:\/\/blog.maciterneecolo.fr\/at\/maciterneecolo-de-beginnt-mit-dem-verkauf-von-feuerloeschern\/"},"author":{"name":"Florian Fortes","@id":"https:\/\/blog.maciterneecolo.fr\/at\/#\/schema\/person\/3a2d4d4c7570e95dd1c26daa07cd06b5"},"headline":"Maciterneecolo.de beginnt mit dem Verkauf von Feuerl\u00f6schern","datePublished":"2024-11-17T10:59:41+00:00","dateModified":"2024-11-17T11:03:43+00:00","mainEntityOfPage":{"@id":"https:\/\/blog.maciterneecolo.fr\/at\/maciterneecolo-de-beginnt-mit-dem-verkauf-von-feuerloeschern\/"},"wordCount":1090,"commentCount":0,"publisher":{"@id":"https:\/\/blog.maciterneecolo.fr\/at\/#organization"},"image":{"@id":"https:\/\/blog.maciterneecolo.fr\/at\/maciterneecolo-de-beginnt-mit-dem-verkauf-von-feuerloeschern\/#primaryimage"},"thumbnailUrl":"https:\/\/blog.maciterneecolo.fr\/wp-content\/uploads\/2024\/11\/IMG_8779.jpg","keywords":["Brandschutzreserve","Feuerl\u00f6schbecken","Feuerzisterne"],"articleSection":["Feuerreservoir"],"inLanguage":"de-AT","potentialAction":[{"@type":"CommentAction","name":"Comment","target":["https:\/\/blog.maciterneecolo.fr\/at\/maciterneecolo-de-beginnt-mit-dem-verkauf-von-feuerloeschern\/#respond"]}]},{"@type":"WebPage","@id":"https:\/\/blog.maciterneecolo.fr\/at\/maciterneecolo-de-beginnt-mit-dem-verkauf-von-feuerloeschern\/","url":"https:\/\/blog.maciterneecolo.fr\/at\/maciterneecolo-de-beginnt-mit-dem-verkauf-von-feuerloeschern\/","name":"Maciterneecolo.de beginnt mit dem Verkauf von Feuerl\u00f6schern - Blog Ma Citerne Ecolo","isPartOf":{"@id":"https:\/\/blog.maciterneecolo.fr\/at\/#website"},"primaryImageOfPage":{"@id":"https:\/\/blog.maciterneecolo.fr\/at\/maciterneecolo-de-beginnt-mit-dem-verkauf-von-feuerloeschern\/#primaryimage"},"image":{"@id":"https:\/\/blog.maciterneecolo.fr\/at\/maciterneecolo-de-beginnt-mit-dem-verkauf-von-feuerloeschern\/#primaryimage"},"thumbnailUrl":"https:\/\/blog.maciterneecolo.fr\/wp-content\/uploads\/2024\/11\/IMG_8779.jpg","datePublished":"2024-11-17T10:59:41+00:00","dateModified":"2024-11-17T11:03:43+00:00","breadcrumb":{"@id":"https:\/\/blog.maciterneecolo.fr\/at\/maciterneecolo-de-beginnt-mit-dem-verkauf-von-feuerloeschern\/#breadcrumb"},"inLanguage":"de-AT","potentialAction":[{"@type":"ReadAction","target":["https:\/\/blog.maciterneecolo.fr\/at\/maciterneecolo-de-beginnt-mit-dem-verkauf-von-feuerloeschern\/"]}]},{"@type":"ImageObject","inLanguage":"de-AT","@id":"https:\/\/blog.maciterneecolo.fr\/at\/maciterneecolo-de-beginnt-mit-dem-verkauf-von-feuerloeschern\/#primaryimage","url":"https:\/\/blog.maciterneecolo.fr\/wp-content\/uploads\/2024\/11\/IMG_8779.jpg","contentUrl":"https:\/\/blog.maciterneecolo.fr\/wp-content\/uploads\/2024\/11\/IMG_8779.jpg","width":1179,"height":746},{"@type":"BreadcrumbList","@id":"https:\/\/blog.maciterneecolo.fr\/at\/maciterneecolo-de-beginnt-mit-dem-verkauf-von-feuerloeschern\/#breadcrumb","itemListElement":[{"@type":"ListItem","position":1,"name":"Accueil","item":"https:\/\/blog.maciterneecolo.fr\/at\/startseite\/"},{"@type":"ListItem","position":2,"name":"Maciterneecolo.de beginnt mit dem Verkauf von Feuerl\u00f6schern"}]},{"@type":"WebSite","@id":"https:\/\/blog.maciterneecolo.fr\/at\/#website","url":"https:\/\/blog.maciterneecolo.fr\/at\/","name":"Blog Ma Citerne Ecolo","description":"Leader dans le domaine de la citerne souple d&#039;eau de pluie","publisher":{"@id":"https:\/\/blog.maciterneecolo.fr\/at\/#organization"},"potentialAction":[{"@type":"SearchAction","target":{"@type":"EntryPoint","urlTemplate":"https:\/\/blog.maciterneecolo.fr\/at\/?s={search_term_string}"},"query-input":{"@type":"PropertyValueSpecification","valueRequired":true,"valueName":"search_term_string"}}],"inLanguage":"de-AT"},{"@type":"Organization","@id":"https:\/\/blog.maciterneecolo.fr\/at\/#organization","name":"Blog Ma Citerne Ecolo","url":"https:\/\/blog.maciterneecolo.fr\/at\/","logo":{"@type":"ImageObject","inLanguage":"de-AT","@id":"https:\/\/blog.maciterneecolo.fr\/at\/#\/schema\/logo\/image\/","url":"https:\/\/blog.maciterneecolo.fr\/wp-content\/uploads\/2022\/12\/cropped-favicon-blog.png","contentUrl":"https:\/\/blog.maciterneecolo.fr\/wp-content\/uploads\/2022\/12\/cropped-favicon-blog.png","width":512,"height":512,"caption":"Blog Ma Citerne Ecolo"},"image":{"@id":"https:\/\/blog.maciterneecolo.fr\/at\/#\/schema\/logo\/image\/"}},{"@type":"Person","@id":"https:\/\/blog.maciterneecolo.fr\/at\/#\/schema\/person\/3a2d4d4c7570e95dd1c26daa07cd06b5","name":"Florian Fortes","image":{"@type":"ImageObject","inLanguage":"de-AT","@id":"https:\/\/secure.gravatar.com\/avatar\/ca79c695566cce4eef2e89c6c672f683901ce43cbeecbc9f18cddb431bb9b629?s=96&d=mm&r=g","url":"https:\/\/secure.gravatar.com\/avatar\/ca79c695566cce4eef2e89c6c672f683901ce43cbeecbc9f18cddb431bb9b629?s=96&d=mm&r=g","contentUrl":"https:\/\/secure.gravatar.com\/avatar\/ca79c695566cce4eef2e89c6c672f683901ce43cbeecbc9f18cddb431bb9b629?s=96&d=mm&r=g","caption":"Florian Fortes"},"url":"https:\/\/blog.maciterneecolo.fr\/at\/author\/fortesflorian\/"}]}},"_links":{"self":[{"href":"https:\/\/blog.maciterneecolo.fr\/at\/wp-json\/wp\/v2\/posts\/12545","targetHints":{"allow":["GET"]}}],"collection":[{"href":"https:\/\/blog.maciterneecolo.fr\/at\/wp-json\/wp\/v2\/posts"}],"about":[{"href":"https:\/\/blog.maciterneecolo.fr\/at\/wp-json\/wp\/v2\/types\/post"}],"author":[{"embeddable":true,"href":"https:\/\/blog.maciterneecolo.fr\/at\/wp-json\/wp\/v2\/users\/3"}],"replies":[{"embeddable":true,"href":"https:\/\/blog.maciterneecolo.fr\/at\/wp-json\/wp\/v2\/comments?post=12545"}],"version-history":[{"count":1,"href":"https:\/\/blog.maciterneecolo.fr\/at\/wp-json\/wp\/v2\/posts\/12545\/revisions"}],"predecessor-version":[{"id":12547,"href":"https:\/\/blog.maciterneecolo.fr\/at\/wp-json\/wp\/v2\/posts\/12545\/revisions\/12547"}],"wp:featuredmedia":[{"embeddable":true,"href":"https:\/\/blog.maciterneecolo.fr\/at\/wp-json\/wp\/v2\/media\/12515"}],"wp:attachment":[{"href":"https:\/\/blog.maciterneecolo.fr\/at\/wp-json\/wp\/v2\/media?parent=12545"}],"wp:term":[{"taxonomy":"category","embeddable":true,"href":"https:\/\/blog.maciterneecolo.fr\/at\/wp-json\/wp\/v2\/categories?post=12545"},{"taxonomy":"post_tag","embeddable":true,"href":"https:\/\/blog.maciterneecolo.fr\/at\/wp-json\/wp\/v2\/tags?post=12545"}],"curies":[{"name":"wp","href":"https:\/\/api.w.org\/{rel}","templated":true}]}}