{"id":14568,"date":"2025-09-09T11:00:00","date_gmt":"2025-09-09T11:00:00","guid":{"rendered":"https:\/\/blog.maciterneecolo.fr\/?p=14568"},"modified":"2025-05-09T12:30:14","modified_gmt":"2025-05-09T12:30:14","slug":"wasserresilienz-von-kommunen-warum-sie-wie-privatpersonen-denken-muessen","status":"publish","type":"post","link":"https:\/\/blog.maciterneecolo.fr\/at\/wasserresilienz-von-kommunen-warum-sie-wie-privatpersonen-denken-muessen\/","title":{"rendered":"Wasserresilienz von Kommunen: Warum sie wie Privatpersonen denken m\u00fcssen"},"content":{"rendered":"\n<h2 class=\"wp-block-heading\"><mark style=\"background-color:rgba(0, 0, 0, 0)\" class=\"has-inline-color has-vivid-cyan-blue-color\">Die Wasserkrise: eine wachsende Herausforderung f\u00fcr die franz\u00f6sischen Gemeinden<\/mark><\/h2>\n\n<h3 class=\"wp-block-heading\">Ungew\u00f6hnlicher Druck auf die Wasserressourcen<\/h3>\n\n<p>Seit mehreren Jahren kommt es in Frankreich immer h\u00e4ufiger <a href=\"https:\/\/blog.maciterneecolo.fr\/at\/die-auswirkungen-der-duerre-auf-unser-taegliches-leben-was-sie-wissen-sollten\/\">zu D\u00fcrreperioden, die die Wasserressourcen nachhaltig beeintr\u00e4chtigen<\/a>. Dieses Ph\u00e4nomen, das durch den Klimawandel noch verst\u00e4rkt wird, schw\u00e4cht die Gebiete und Gemeinden, die Schwierigkeiten haben, einen qualitativ hochwertigen \u00f6ffentlichen Dienst im Bereich der Wasserwirtschaft aufrechtzuerhalten. <\/p>\n\n<p>Der R\u00fcckgang der Grundwasserneubildung, die Verringerung der Wassermengen in den Fl\u00fcssen und die zunehmende Verdunstung aus den Wasserspeichern setzen den gesamten Wasserkreislauf unter Druck. Die Gemeinden, insbesondere auf dem Land, m\u00fcssen ihre Nutzung schnell anpassen, da ihr Verbrauch oft von alternden Netzen und wenig belastbaren Infrastrukturen abh\u00e4ngt. <\/p>\n\n<h3 class=\"wp-block-heading\">Immer h\u00e4ufiger Nutzungsbeschr\u00e4nkungen<\/h3>\n\n<p>Jedes Jahr m\u00fcssen viele franz\u00f6sische St\u00e4dte Verordnungen erlassen, um die Wassernutzung einzuschr\u00e4nken. Ob es sich um die Einschr\u00e4nkung der Bew\u00e4sserung, die Schlie\u00dfung von Springbrunnen oder die Einschr\u00e4nkung der Bef\u00fcllung von Swimmingpools handelt, diese Entscheidungen werden im Rahmen eines Notfalls getroffen. Diese Ma\u00dfnahmen betreffen den \u00f6ffentlichen Dienst, die B\u00fcrger, Unternehmen und Landwirte.  <\/p>\n\n<p>Das Management des Wasserverbrauchs ist zu einer S\u00e4ule der Widerstandsf\u00e4higkeitspl\u00e4ne geworden. Die territorialen Akteure m\u00fcssen diese Herausforderungen in ihre Planungsprojekte einbeziehen und den Stellenwert der Ressource in ihrer Politik \u00fcberdenken. Die progressive Preisgestaltung f\u00fcr Trinkwasser ist beispielsweise eine Anpassungsma\u00dfnahme.  <\/p>\n\n<h3 class=\"wp-block-heading\">Kostspielige Abh\u00e4ngigkeit von \u00f6ffentlichen Netzen<\/h3>\n\n<p>Die Wassernetze in Frankreich werden haupts\u00e4chlich von Gebietsk\u00f6rperschaften verwaltet, die h\u00e4ufig in Zweckverb\u00e4nden oder Interkommunalen zusammengeschlossen sind. Die Investitionskosten f\u00fcr die Infrastruktur &#8211; Rohre, Pumpstationen, R\u00fcckhaltebecken &#8211; sind hoch, ebenso wie die Kosten f\u00fcr die Instandhaltung. Dar\u00fcber hinaus sind die Nutzer durch die Verschlechterung der Dienstleistungen aufgrund mangelnder Modernisierung der Gefahr ausgesetzt, dass es zu Unterbrechungen der Versorgung kommt.  <\/p>\n\n<p>Angesichts dieser Herausforderungen muss das zentralisierte Bewirtschaftungsmodell weiterentwickelt werden. Die Gemeinden m\u00fcssen erg\u00e4nzende L\u00f6sungen in Betracht ziehen, wie z.B. sekund\u00e4re Netze, lokale Speicher oder die Nutzung von Regenwasser. Dies erfordert eine proaktive Politik auf territorialer Ebene.  <\/p>\n\n<h2 class=\"wp-block-heading\"><mark style=\"background-color:rgba(0, 0, 0, 0)\" class=\"has-inline-color has-vivid-cyan-blue-color\">Denken wie eine Privatperson: ein notwendiger Paradigmenwechsel<\/mark><\/h2>\n\n<h3 class=\"wp-block-heading\">Das h\u00e4usliche Modell: eine Quelle der Inspiration f\u00fcr Gemeinden<\/h3>\n\n<p>In den letzten Jahren haben viele Privatpersonen in Frankreich Wassersammelbeh\u00e4lter, insbesondere flexible Zisternen, f\u00fcr Zwecke wie Bew\u00e4sserung, Reinigung oder Toilettensp\u00fclung eingef\u00fchrt. Diese L\u00f6sungen erm\u00f6glichen es ihnen, ihren Trinkwasserverbrauch zu reduzieren und gleichzeitig ihre Wasserversorgung zu sichern. <\/p>\n\n<p>Dieses Modell, das auf Sparsamkeit, Einfachheit und schneller Umsetzung beruht, inspiriert heute einige Gemeinden. Wenn man wie eine Privatperson denkt, kann ein Rathaus, ein technisches Zentrum oder eine Schule ein autonomes System einrichten. Dies senkt die Kosten, erh\u00f6ht die Widerstandsf\u00e4higkeit und ist eine konkrete Ma\u00dfnahme gegen den Klimawandel.  <\/p>\n\n<h3 class=\"wp-block-heading\">Angemessene \u00f6ffentliche Nutzung: Gr\u00fcnfl\u00e4chen, Schulen, Einrichtungen<\/h3>\n\n<p>Die Installation von <a href=\"https:\/\/www.maciterneecolo.fr\/fr\/3-citernes-souples\">flexiblen Zisternen<\/a> in \u00f6ffentlichen Einrichtungen ist eine effektive L\u00f6sung, um Spannungszeiten zu \u00fcberbr\u00fccken. Diese Tanks erm\u00f6glichen die Speicherung von Regenwasser in unmittelbarer N\u00e4he der Verbrauchsstellen. Die technischen Dienste k\u00f6nnen direkt aus diesen Reserven sch\u00f6pfen, um Gr\u00fcnfl\u00e4chen zu pflegen, Stra\u00dfen zu reinigen oder \u00f6ffentliche Toiletten zu versorgen.  <\/p>\n\n<p>Diese gezielte Nutzung erm\u00f6glicht eine bessere Verteilung der Ressourcen und vermeidet die Mobilisierung des Trinkwassernetzes f\u00fcr sekund\u00e4re Bed\u00fcrfnisse. Durch die Zusammenlegung von Projekten k\u00f6nnen mehrere Gemeinden in einem Wassereinzugsgebiet die Ausr\u00fcstung gemeinsam nutzen. Dies ist ein flexibler, wirtschaftlicher Ansatz, der mit den Klimazielen des Landes \u00fcbereinstimmt.  <\/p>\n\n<h3 class=\"wp-block-heading\">Unmittelbare Vorteile f\u00fcr die Gemeinschaft und ihre Nutzer<\/h3>\n\n<p>Die Gemeinden, die diese Wasserprojekte umsetzen, stellen schnell eine Reduzierung des Verbrauchs, eine Senkung der Ausgaben in Euro und eine Verbesserung ihres Images fest. Diese Ma\u00dfnahmen sind sichtbar, konkret und mobilisieren die Nutzer f\u00fcr eine nachhaltige Entwicklung. <\/p>\n\n<p>Dies f\u00f6rdert auch die Einbeziehung der B\u00fcrger, die sich von dem \u00f6ffentlichen Ansatz f\u00fcr ihre eigenen Zwecke inspirieren lassen k\u00f6nnen. Die Resilienz wird somit geteilt und tr\u00e4gt zur globalen Transformation der Wasserversorgung bei. Diese Initiativen passen perfekt zu den territorialen Klima-, Luft- und Energiepl\u00e4nen, die von den staatlichen Agenturen geleitet werden.  <\/p>\n\n<h2 class=\"wp-block-heading\"><mark style=\"background-color:rgba(0, 0, 0, 0)\" class=\"has-inline-color has-vivid-cyan-blue-color\">Organisation der Wasserresilienz auf territorialer Ebene<\/mark><\/h2>\n\n<h3 class=\"wp-block-heading\">Verf\u00fcgbare Hilfen zur Unterst\u00fctzung der Projekte von K\u00f6rperschaften<\/h3>\n\n<p>Den Gemeinden steht eine Reihe von Finanzhilfen zur Verf\u00fcgung, um ihre Wasserresilienz zu st\u00e4rken. Wasserbeh\u00f6rden, Regionen, Departements und regionale Naturparks bieten Projektaufrufe oder gezielte Zusch\u00fcsse an. <\/p>\n\n<p>Diese Beihilfen k\u00f6nnen bis zu 80% der Investitionen in konkrete Ma\u00dfnahmen finanzieren: Installation von Wasserr\u00fcckgewinnungsanlagen, Schaffung von Sekund\u00e4rnetzen, Umsetzung von Pl\u00e4nen zur Wassereinsparung, etc. Um in den Genuss der F\u00f6rderung zu kommen, m\u00fcssen die Gemeinden ein koh\u00e4rentes Projekt entwickeln, Qualit\u00e4tsindikatoren einbeziehen und ihr territoriales Engagement demonstrieren. <\/p>\n\n<h3 class=\"wp-block-heading\">Gemeinsame Projekte f\u00fcr mehr lokale Effizienz<\/h3>\n\n<p>In einem Gebiet ist es m\u00f6glich, die Ausr\u00fcstung gemeinsam zu nutzen: flexible Tanks, Fern\u00fcberwachungssysteme, Pumpen, Filter. Ein gemeinde\u00fcbergreifendes Modell erm\u00f6glicht es, die Nutzung der Ressourcen zu optimieren, Redundanzen zu begrenzen und eine kollektive Sparsamkeit zu gew\u00e4hrleisten. <\/p>\n\n<p>Dieser systemische Ansatz kann in einen globalen Wassermanagementplan integriert werden, der mit den bestehenden Netzwerken \u00fcbereinstimmt. Die Vorteile sind vielf\u00e4ltig: Gr\u00f6\u00dfenvorteile, besseres Infrastrukturmanagement, Koordination zwischen den Akteuren. Dies schafft eine positive Dynamik, bei der jede Gemeinde zur Widerstandsf\u00e4higkeit des Gebiets beitr\u00e4gt.  <\/p>\n\n<h3 class=\"wp-block-heading\">Vorbildliche Gemeinden, die den Weg weisen<\/h3>\n\n<p>Einige franz\u00f6sische St\u00e4dte haben eine Vorreiterrolle bei der Wasserresilienz eingenommen. Durch die Einf\u00fchrung von Zisternen, Sekund\u00e4rnetzen und progressiven Preispolitiken reduzieren sie ihre Abh\u00e4ngigkeit von Trinkwasser und kontrollieren ihren Verbrauch. <\/p>\n\n<p>Sie haben es auch verstanden, diese Ma\u00dfnahmen in eine globale \u00f6ffentliche Politik zu integrieren, indem sie den Einwohnern die Vorteile der neuen Praktiken vermittelten. Diese lokalen Modelle inspirieren andere Gebiete und werden regelm\u00e4\u00dfig von den regionalen Agenturen, dem Staat und den Verb\u00e4nden der gew\u00e4hlten Vertreter gew\u00fcrdigt. Sie zeigen, dass Widerstandsf\u00e4higkeit eine Sache des Willens, der Strategie und des Pragmatismus ist.  <\/p>\n\n<h2 class=\"wp-block-heading\"><mark style=\"background-color:rgba(0, 0, 0, 0)\" class=\"has-inline-color has-vivid-cyan-blue-color\">Auf dem Weg zu einer neuen \u00f6ffentlichen Wasserkultur<\/mark><\/h2>\n\n<p>Die franz\u00f6sischen Gemeinden stehen an einem Wendepunkt. Die Wasserresilienz darf nicht l\u00e4nger eine Anpassungsvariable sein. Sie muss zu einer politischen Priorit\u00e4t werden, die in jeden Entwicklungsrahmen, jedes Gebietsprojekt und jeden \u00f6ffentlichen Dienst integriert wird.  <\/p>\n\n<p>Als Privatperson zu denken bedeutet, eine konkrete, sparsame und effiziente Vision zu verfolgen. Es bedeutet, einfache, aber leistungsstarke L\u00f6sungen zu implementieren: Tanks, Sammler, unabh\u00e4ngige Netze, differenzierte Nutzung. Es bedeutet auch, eine ehrgeizige Politik der Sparsamkeit zu verk\u00f6rpern, die die Nutzer dazu verpflichtet, ihre Gewohnheiten zu \u00e4ndern.  <\/p>\n\n<p>Vor dem Hintergrund des Klimawandels, der Verknappung der Ressourcen und des zunehmenden Drucks auf die Netze ist dieser Wandel unumg\u00e4nglich. Durch die Einbeziehung der Akteure vor Ort, die Aktivierung finanzieller Hebel und die Aufwertung bew\u00e4hrter Praktiken k\u00f6nnen die Gebietsk\u00f6rperschaften zu den Motoren einer neuen \u00f6ffentlichen Wasserkultur in Frankreich werden. <\/p>\n","protected":false},"excerpt":{"rendered":"<p>Die Wasserkrise: eine wachsende Herausforderung f\u00fcr die franz\u00f6sischen Gemeinden Ungew\u00f6hnlicher Druck auf die Wasserressourcen Seit mehreren Jahren kommt es in Frankreich immer h\u00e4ufiger zu D\u00fcrreperioden, die die Wasserressourcen nachhaltig beeintr\u00e4chtigen. Dieses Ph\u00e4nomen, das durch den Klimawandel noch verst\u00e4rkt wird, schw\u00e4cht die Gebiete und Gemeinden, die Schwierigkeiten haben, einen qualitativ hochwertigen \u00f6ffentlichen Dienst im Bereich der [&hellip;]<\/p>\n","protected":false},"author":4,"featured_media":14551,"comment_status":"open","ping_status":"closed","sticky":false,"template":"","format":"standard","meta":{"inline_featured_image":false,"footnotes":""},"categories":[1358,1302,2622],"tags":[],"class_list":["post-14568","post","type-post","status-publish","format-standard","has-post-thumbnail","hentry","category-citernes-souples-at","category-le-fonctionnement-dune-citerne-souple-at","category-wassermanagement"],"yoast_head":"<!-- This site is optimized with the Yoast SEO plugin v27.4 - https:\/\/yoast.com\/product\/yoast-seo-wordpress\/ -->\n<title>Wasserresilienz von Kommunen: Warum sie wie Privatpersonen denken m\u00fcssen - Blog Ma Citerne Ecolo<\/title>\n<meta name=\"description\" content=\"Die franz\u00f6sischen Beh\u00f6rden m\u00fcssen wie die Privatpersonen denken, um eine resiliente Wasserverwaltung angesichts von D\u00fcrren zu gew\u00e4hrleisten.\" \/>\n<meta name=\"robots\" content=\"index, follow, max-snippet:-1, max-image-preview:large, max-video-preview:-1\" \/>\n<link rel=\"canonical\" href=\"https:\/\/blog.maciterneecolo.fr\/at\/wasserresilienz-von-kommunen-warum-sie-wie-privatpersonen-denken-muessen\/\" \/>\n<meta property=\"og:locale\" content=\"de_DE\" \/>\n<meta property=\"og:type\" content=\"article\" \/>\n<meta property=\"og:title\" content=\"Wasserresilienz von Kommunen: Warum sie wie Privatpersonen denken m\u00fcssen - Blog Ma Citerne Ecolo\" \/>\n<meta property=\"og:description\" content=\"Die franz\u00f6sischen Beh\u00f6rden m\u00fcssen wie die Privatpersonen denken, um eine resiliente Wasserverwaltung angesichts von D\u00fcrren zu gew\u00e4hrleisten.\" \/>\n<meta property=\"og:url\" content=\"https:\/\/blog.maciterneecolo.fr\/at\/wasserresilienz-von-kommunen-warum-sie-wie-privatpersonen-denken-muessen\/\" \/>\n<meta property=\"og:site_name\" content=\"Blog Ma Citerne Ecolo\" \/>\n<meta property=\"article:published_time\" content=\"2025-09-09T11:00:00+00:00\" \/>\n<meta property=\"og:image\" content=\"https:\/\/blog.maciterneecolo.fr\/wp-content\/uploads\/2025\/05\/pexels-scottwebb-137582-scaled.jpg\" \/>\n\t<meta property=\"og:image:width\" content=\"2560\" \/>\n\t<meta property=\"og:image:height\" content=\"1698\" \/>\n\t<meta property=\"og:image:type\" content=\"image\/jpeg\" \/>\n<meta name=\"author\" content=\"B\u00e9n\u00e9dicte Rebolloso\" \/>\n<meta name=\"twitter:card\" content=\"summary_large_image\" \/>\n<meta name=\"twitter:label1\" content=\"Verfasst von\" \/>\n\t<meta name=\"twitter:data1\" content=\"B\u00e9n\u00e9dicte Rebolloso\" \/>\n\t<meta name=\"twitter:label2\" content=\"Gesch\u00e4tzte Lesezeit\" \/>\n\t<meta name=\"twitter:data2\" content=\"6 Minuten\" \/>\n<script type=\"application\/ld+json\" class=\"yoast-schema-graph\">{\"@context\":\"https:\\\/\\\/schema.org\",\"@graph\":[{\"@type\":\"Article\",\"@id\":\"https:\\\/\\\/blog.maciterneecolo.fr\\\/at\\\/wasserresilienz-von-kommunen-warum-sie-wie-privatpersonen-denken-muessen\\\/#article\",\"isPartOf\":{\"@id\":\"https:\\\/\\\/blog.maciterneecolo.fr\\\/at\\\/wasserresilienz-von-kommunen-warum-sie-wie-privatpersonen-denken-muessen\\\/\"},\"author\":{\"name\":\"B\u00e9n\u00e9dicte Rebolloso\",\"@id\":\"https:\\\/\\\/blog.maciterneecolo.fr\\\/at\\\/#\\\/schema\\\/person\\\/fe50d00b4e639107698e1ddead236943\"},\"headline\":\"Wasserresilienz von Kommunen: Warum sie wie Privatpersonen denken m\u00fcssen\",\"datePublished\":\"2025-09-09T11:00:00+00:00\",\"mainEntityOfPage\":{\"@id\":\"https:\\\/\\\/blog.maciterneecolo.fr\\\/at\\\/wasserresilienz-von-kommunen-warum-sie-wie-privatpersonen-denken-muessen\\\/\"},\"wordCount\":1136,\"commentCount\":0,\"publisher\":{\"@id\":\"https:\\\/\\\/blog.maciterneecolo.fr\\\/at\\\/#organization\"},\"image\":{\"@id\":\"https:\\\/\\\/blog.maciterneecolo.fr\\\/at\\\/wasserresilienz-von-kommunen-warum-sie-wie-privatpersonen-denken-muessen\\\/#primaryimage\"},\"thumbnailUrl\":\"https:\\\/\\\/blog.maciterneecolo.fr\\\/wp-content\\\/uploads\\\/2025\\\/05\\\/pexels-scottwebb-137582-scaled.jpg\",\"articleSection\":[\"Citernes Souples\",\"Le fonctionnement d&#8217;une citerne souple\",\"Wassermanagement\"],\"inLanguage\":\"de-AT\",\"potentialAction\":[{\"@type\":\"CommentAction\",\"name\":\"Comment\",\"target\":[\"https:\\\/\\\/blog.maciterneecolo.fr\\\/at\\\/wasserresilienz-von-kommunen-warum-sie-wie-privatpersonen-denken-muessen\\\/#respond\"]}]},{\"@type\":\"WebPage\",\"@id\":\"https:\\\/\\\/blog.maciterneecolo.fr\\\/at\\\/wasserresilienz-von-kommunen-warum-sie-wie-privatpersonen-denken-muessen\\\/\",\"url\":\"https:\\\/\\\/blog.maciterneecolo.fr\\\/at\\\/wasserresilienz-von-kommunen-warum-sie-wie-privatpersonen-denken-muessen\\\/\",\"name\":\"Wasserresilienz von Kommunen: Warum sie wie Privatpersonen denken m\u00fcssen - Blog Ma Citerne Ecolo\",\"isPartOf\":{\"@id\":\"https:\\\/\\\/blog.maciterneecolo.fr\\\/at\\\/#website\"},\"primaryImageOfPage\":{\"@id\":\"https:\\\/\\\/blog.maciterneecolo.fr\\\/at\\\/wasserresilienz-von-kommunen-warum-sie-wie-privatpersonen-denken-muessen\\\/#primaryimage\"},\"image\":{\"@id\":\"https:\\\/\\\/blog.maciterneecolo.fr\\\/at\\\/wasserresilienz-von-kommunen-warum-sie-wie-privatpersonen-denken-muessen\\\/#primaryimage\"},\"thumbnailUrl\":\"https:\\\/\\\/blog.maciterneecolo.fr\\\/wp-content\\\/uploads\\\/2025\\\/05\\\/pexels-scottwebb-137582-scaled.jpg\",\"datePublished\":\"2025-09-09T11:00:00+00:00\",\"description\":\"Die franz\u00f6sischen Beh\u00f6rden m\u00fcssen wie die Privatpersonen denken, um eine resiliente Wasserverwaltung angesichts von D\u00fcrren zu gew\u00e4hrleisten.\",\"breadcrumb\":{\"@id\":\"https:\\\/\\\/blog.maciterneecolo.fr\\\/at\\\/wasserresilienz-von-kommunen-warum-sie-wie-privatpersonen-denken-muessen\\\/#breadcrumb\"},\"inLanguage\":\"de-AT\",\"potentialAction\":[{\"@type\":\"ReadAction\",\"target\":[\"https:\\\/\\\/blog.maciterneecolo.fr\\\/at\\\/wasserresilienz-von-kommunen-warum-sie-wie-privatpersonen-denken-muessen\\\/\"]}]},{\"@type\":\"ImageObject\",\"inLanguage\":\"de-AT\",\"@id\":\"https:\\\/\\\/blog.maciterneecolo.fr\\\/at\\\/wasserresilienz-von-kommunen-warum-sie-wie-privatpersonen-denken-muessen\\\/#primaryimage\",\"url\":\"https:\\\/\\\/blog.maciterneecolo.fr\\\/wp-content\\\/uploads\\\/2025\\\/05\\\/pexels-scottwebb-137582-scaled.jpg\",\"contentUrl\":\"https:\\\/\\\/blog.maciterneecolo.fr\\\/wp-content\\\/uploads\\\/2025\\\/05\\\/pexels-scottwebb-137582-scaled.jpg\",\"width\":2560,\"height\":1698},{\"@type\":\"BreadcrumbList\",\"@id\":\"https:\\\/\\\/blog.maciterneecolo.fr\\\/at\\\/wasserresilienz-von-kommunen-warum-sie-wie-privatpersonen-denken-muessen\\\/#breadcrumb\",\"itemListElement\":[{\"@type\":\"ListItem\",\"position\":1,\"name\":\"Accueil\",\"item\":\"https:\\\/\\\/blog.maciterneecolo.fr\\\/at\\\/startseite\\\/\"},{\"@type\":\"ListItem\",\"position\":2,\"name\":\"Wasserresilienz von Kommunen: Warum sie wie Privatpersonen denken m\u00fcssen\"}]},{\"@type\":\"WebSite\",\"@id\":\"https:\\\/\\\/blog.maciterneecolo.fr\\\/at\\\/#website\",\"url\":\"https:\\\/\\\/blog.maciterneecolo.fr\\\/at\\\/\",\"name\":\"Blog Ma Citerne Ecolo\",\"description\":\"Leader dans le domaine de la citerne souple d&#039;eau de pluie\",\"publisher\":{\"@id\":\"https:\\\/\\\/blog.maciterneecolo.fr\\\/at\\\/#organization\"},\"potentialAction\":[{\"@type\":\"SearchAction\",\"target\":{\"@type\":\"EntryPoint\",\"urlTemplate\":\"https:\\\/\\\/blog.maciterneecolo.fr\\\/at\\\/?s={search_term_string}\"},\"query-input\":{\"@type\":\"PropertyValueSpecification\",\"valueRequired\":true,\"valueName\":\"search_term_string\"}}],\"inLanguage\":\"de-AT\"},{\"@type\":\"Organization\",\"@id\":\"https:\\\/\\\/blog.maciterneecolo.fr\\\/at\\\/#organization\",\"name\":\"Blog Ma Citerne Ecolo\",\"url\":\"https:\\\/\\\/blog.maciterneecolo.fr\\\/at\\\/\",\"logo\":{\"@type\":\"ImageObject\",\"inLanguage\":\"de-AT\",\"@id\":\"https:\\\/\\\/blog.maciterneecolo.fr\\\/at\\\/#\\\/schema\\\/logo\\\/image\\\/\",\"url\":\"https:\\\/\\\/blog.maciterneecolo.fr\\\/wp-content\\\/uploads\\\/2022\\\/12\\\/cropped-favicon-blog.png\",\"contentUrl\":\"https:\\\/\\\/blog.maciterneecolo.fr\\\/wp-content\\\/uploads\\\/2022\\\/12\\\/cropped-favicon-blog.png\",\"width\":512,\"height\":512,\"caption\":\"Blog Ma Citerne Ecolo\"},\"image\":{\"@id\":\"https:\\\/\\\/blog.maciterneecolo.fr\\\/at\\\/#\\\/schema\\\/logo\\\/image\\\/\"}},{\"@type\":\"Person\",\"@id\":\"https:\\\/\\\/blog.maciterneecolo.fr\\\/at\\\/#\\\/schema\\\/person\\\/fe50d00b4e639107698e1ddead236943\",\"name\":\"B\u00e9n\u00e9dicte Rebolloso\",\"image\":{\"@type\":\"ImageObject\",\"inLanguage\":\"de-AT\",\"@id\":\"https:\\\/\\\/secure.gravatar.com\\\/avatar\\\/ffa759db2a4d8ebb52a58b89d3dc2a9f0395a5122bb839045a145d6585de1126?s=96&d=mm&r=g\",\"url\":\"https:\\\/\\\/secure.gravatar.com\\\/avatar\\\/ffa759db2a4d8ebb52a58b89d3dc2a9f0395a5122bb839045a145d6585de1126?s=96&d=mm&r=g\",\"contentUrl\":\"https:\\\/\\\/secure.gravatar.com\\\/avatar\\\/ffa759db2a4d8ebb52a58b89d3dc2a9f0395a5122bb839045a145d6585de1126?s=96&d=mm&r=g\",\"caption\":\"B\u00e9n\u00e9dicte Rebolloso\"},\"url\":\"https:\\\/\\\/blog.maciterneecolo.fr\\\/at\\\/author\\\/benedicterebolloso\\\/\"}]}<\/script>\n<!-- \/ Yoast SEO plugin. -->","yoast_head_json":{"title":"Wasserresilienz von Kommunen: Warum sie wie Privatpersonen denken m\u00fcssen - Blog Ma Citerne Ecolo","description":"Die franz\u00f6sischen Beh\u00f6rden m\u00fcssen wie die Privatpersonen denken, um eine resiliente Wasserverwaltung angesichts von D\u00fcrren zu gew\u00e4hrleisten.","robots":{"index":"index","follow":"follow","max-snippet":"max-snippet:-1","max-image-preview":"max-image-preview:large","max-video-preview":"max-video-preview:-1"},"canonical":"https:\/\/blog.maciterneecolo.fr\/at\/wasserresilienz-von-kommunen-warum-sie-wie-privatpersonen-denken-muessen\/","og_locale":"de_DE","og_type":"article","og_title":"Wasserresilienz von Kommunen: Warum sie wie Privatpersonen denken m\u00fcssen - Blog Ma Citerne Ecolo","og_description":"Die franz\u00f6sischen Beh\u00f6rden m\u00fcssen wie die Privatpersonen denken, um eine resiliente Wasserverwaltung angesichts von D\u00fcrren zu gew\u00e4hrleisten.","og_url":"https:\/\/blog.maciterneecolo.fr\/at\/wasserresilienz-von-kommunen-warum-sie-wie-privatpersonen-denken-muessen\/","og_site_name":"Blog Ma Citerne Ecolo","article_published_time":"2025-09-09T11:00:00+00:00","og_image":[{"width":2560,"height":1698,"url":"https:\/\/blog.maciterneecolo.fr\/wp-content\/uploads\/2025\/05\/pexels-scottwebb-137582-scaled.jpg","type":"image\/jpeg"}],"author":"B\u00e9n\u00e9dicte Rebolloso","twitter_card":"summary_large_image","twitter_misc":{"Verfasst von":"B\u00e9n\u00e9dicte Rebolloso","Gesch\u00e4tzte Lesezeit":"6 Minuten"},"schema":{"@context":"https:\/\/schema.org","@graph":[{"@type":"Article","@id":"https:\/\/blog.maciterneecolo.fr\/at\/wasserresilienz-von-kommunen-warum-sie-wie-privatpersonen-denken-muessen\/#article","isPartOf":{"@id":"https:\/\/blog.maciterneecolo.fr\/at\/wasserresilienz-von-kommunen-warum-sie-wie-privatpersonen-denken-muessen\/"},"author":{"name":"B\u00e9n\u00e9dicte Rebolloso","@id":"https:\/\/blog.maciterneecolo.fr\/at\/#\/schema\/person\/fe50d00b4e639107698e1ddead236943"},"headline":"Wasserresilienz von Kommunen: Warum sie wie Privatpersonen denken m\u00fcssen","datePublished":"2025-09-09T11:00:00+00:00","mainEntityOfPage":{"@id":"https:\/\/blog.maciterneecolo.fr\/at\/wasserresilienz-von-kommunen-warum-sie-wie-privatpersonen-denken-muessen\/"},"wordCount":1136,"commentCount":0,"publisher":{"@id":"https:\/\/blog.maciterneecolo.fr\/at\/#organization"},"image":{"@id":"https:\/\/blog.maciterneecolo.fr\/at\/wasserresilienz-von-kommunen-warum-sie-wie-privatpersonen-denken-muessen\/#primaryimage"},"thumbnailUrl":"https:\/\/blog.maciterneecolo.fr\/wp-content\/uploads\/2025\/05\/pexels-scottwebb-137582-scaled.jpg","articleSection":["Citernes Souples","Le fonctionnement d&#8217;une citerne souple","Wassermanagement"],"inLanguage":"de-AT","potentialAction":[{"@type":"CommentAction","name":"Comment","target":["https:\/\/blog.maciterneecolo.fr\/at\/wasserresilienz-von-kommunen-warum-sie-wie-privatpersonen-denken-muessen\/#respond"]}]},{"@type":"WebPage","@id":"https:\/\/blog.maciterneecolo.fr\/at\/wasserresilienz-von-kommunen-warum-sie-wie-privatpersonen-denken-muessen\/","url":"https:\/\/blog.maciterneecolo.fr\/at\/wasserresilienz-von-kommunen-warum-sie-wie-privatpersonen-denken-muessen\/","name":"Wasserresilienz von Kommunen: Warum sie wie Privatpersonen denken m\u00fcssen - Blog Ma Citerne Ecolo","isPartOf":{"@id":"https:\/\/blog.maciterneecolo.fr\/at\/#website"},"primaryImageOfPage":{"@id":"https:\/\/blog.maciterneecolo.fr\/at\/wasserresilienz-von-kommunen-warum-sie-wie-privatpersonen-denken-muessen\/#primaryimage"},"image":{"@id":"https:\/\/blog.maciterneecolo.fr\/at\/wasserresilienz-von-kommunen-warum-sie-wie-privatpersonen-denken-muessen\/#primaryimage"},"thumbnailUrl":"https:\/\/blog.maciterneecolo.fr\/wp-content\/uploads\/2025\/05\/pexels-scottwebb-137582-scaled.jpg","datePublished":"2025-09-09T11:00:00+00:00","description":"Die franz\u00f6sischen Beh\u00f6rden m\u00fcssen wie die Privatpersonen denken, um eine resiliente Wasserverwaltung angesichts von D\u00fcrren zu gew\u00e4hrleisten.","breadcrumb":{"@id":"https:\/\/blog.maciterneecolo.fr\/at\/wasserresilienz-von-kommunen-warum-sie-wie-privatpersonen-denken-muessen\/#breadcrumb"},"inLanguage":"de-AT","potentialAction":[{"@type":"ReadAction","target":["https:\/\/blog.maciterneecolo.fr\/at\/wasserresilienz-von-kommunen-warum-sie-wie-privatpersonen-denken-muessen\/"]}]},{"@type":"ImageObject","inLanguage":"de-AT","@id":"https:\/\/blog.maciterneecolo.fr\/at\/wasserresilienz-von-kommunen-warum-sie-wie-privatpersonen-denken-muessen\/#primaryimage","url":"https:\/\/blog.maciterneecolo.fr\/wp-content\/uploads\/2025\/05\/pexels-scottwebb-137582-scaled.jpg","contentUrl":"https:\/\/blog.maciterneecolo.fr\/wp-content\/uploads\/2025\/05\/pexels-scottwebb-137582-scaled.jpg","width":2560,"height":1698},{"@type":"BreadcrumbList","@id":"https:\/\/blog.maciterneecolo.fr\/at\/wasserresilienz-von-kommunen-warum-sie-wie-privatpersonen-denken-muessen\/#breadcrumb","itemListElement":[{"@type":"ListItem","position":1,"name":"Accueil","item":"https:\/\/blog.maciterneecolo.fr\/at\/startseite\/"},{"@type":"ListItem","position":2,"name":"Wasserresilienz von Kommunen: Warum sie wie Privatpersonen denken m\u00fcssen"}]},{"@type":"WebSite","@id":"https:\/\/blog.maciterneecolo.fr\/at\/#website","url":"https:\/\/blog.maciterneecolo.fr\/at\/","name":"Blog Ma Citerne Ecolo","description":"Leader dans le domaine de la citerne souple d&#039;eau de pluie","publisher":{"@id":"https:\/\/blog.maciterneecolo.fr\/at\/#organization"},"potentialAction":[{"@type":"SearchAction","target":{"@type":"EntryPoint","urlTemplate":"https:\/\/blog.maciterneecolo.fr\/at\/?s={search_term_string}"},"query-input":{"@type":"PropertyValueSpecification","valueRequired":true,"valueName":"search_term_string"}}],"inLanguage":"de-AT"},{"@type":"Organization","@id":"https:\/\/blog.maciterneecolo.fr\/at\/#organization","name":"Blog Ma Citerne Ecolo","url":"https:\/\/blog.maciterneecolo.fr\/at\/","logo":{"@type":"ImageObject","inLanguage":"de-AT","@id":"https:\/\/blog.maciterneecolo.fr\/at\/#\/schema\/logo\/image\/","url":"https:\/\/blog.maciterneecolo.fr\/wp-content\/uploads\/2022\/12\/cropped-favicon-blog.png","contentUrl":"https:\/\/blog.maciterneecolo.fr\/wp-content\/uploads\/2022\/12\/cropped-favicon-blog.png","width":512,"height":512,"caption":"Blog Ma Citerne Ecolo"},"image":{"@id":"https:\/\/blog.maciterneecolo.fr\/at\/#\/schema\/logo\/image\/"}},{"@type":"Person","@id":"https:\/\/blog.maciterneecolo.fr\/at\/#\/schema\/person\/fe50d00b4e639107698e1ddead236943","name":"B\u00e9n\u00e9dicte Rebolloso","image":{"@type":"ImageObject","inLanguage":"de-AT","@id":"https:\/\/secure.gravatar.com\/avatar\/ffa759db2a4d8ebb52a58b89d3dc2a9f0395a5122bb839045a145d6585de1126?s=96&d=mm&r=g","url":"https:\/\/secure.gravatar.com\/avatar\/ffa759db2a4d8ebb52a58b89d3dc2a9f0395a5122bb839045a145d6585de1126?s=96&d=mm&r=g","contentUrl":"https:\/\/secure.gravatar.com\/avatar\/ffa759db2a4d8ebb52a58b89d3dc2a9f0395a5122bb839045a145d6585de1126?s=96&d=mm&r=g","caption":"B\u00e9n\u00e9dicte Rebolloso"},"url":"https:\/\/blog.maciterneecolo.fr\/at\/author\/benedicterebolloso\/"}]}},"_links":{"self":[{"href":"https:\/\/blog.maciterneecolo.fr\/at\/wp-json\/wp\/v2\/posts\/14568","targetHints":{"allow":["GET"]}}],"collection":[{"href":"https:\/\/blog.maciterneecolo.fr\/at\/wp-json\/wp\/v2\/posts"}],"about":[{"href":"https:\/\/blog.maciterneecolo.fr\/at\/wp-json\/wp\/v2\/types\/post"}],"author":[{"embeddable":true,"href":"https:\/\/blog.maciterneecolo.fr\/at\/wp-json\/wp\/v2\/users\/4"}],"replies":[{"embeddable":true,"href":"https:\/\/blog.maciterneecolo.fr\/at\/wp-json\/wp\/v2\/comments?post=14568"}],"version-history":[{"count":1,"href":"https:\/\/blog.maciterneecolo.fr\/at\/wp-json\/wp\/v2\/posts\/14568\/revisions"}],"predecessor-version":[{"id":14569,"href":"https:\/\/blog.maciterneecolo.fr\/at\/wp-json\/wp\/v2\/posts\/14568\/revisions\/14569"}],"wp:featuredmedia":[{"embeddable":true,"href":"https:\/\/blog.maciterneecolo.fr\/at\/wp-json\/wp\/v2\/media\/14551"}],"wp:attachment":[{"href":"https:\/\/blog.maciterneecolo.fr\/at\/wp-json\/wp\/v2\/media?parent=14568"}],"wp:term":[{"taxonomy":"category","embeddable":true,"href":"https:\/\/blog.maciterneecolo.fr\/at\/wp-json\/wp\/v2\/categories?post=14568"},{"taxonomy":"post_tag","embeddable":true,"href":"https:\/\/blog.maciterneecolo.fr\/at\/wp-json\/wp\/v2\/tags?post=14568"}],"curies":[{"name":"wp","href":"https:\/\/api.w.org\/{rel}","templated":true}]}}