{"id":7011,"date":"2023-06-23T10:18:44","date_gmt":"2023-06-23T10:18:44","guid":{"rendered":"https:\/\/blog.maciterneecolo.fr\/wie-bereite-ich-die-aufnahmeplattform-fuer-meinen-flexiblen-tank-richtig-vor\/"},"modified":"2024-09-03T14:59:45","modified_gmt":"2024-09-03T14:59:45","slug":"wie-bereite-ich-die-aufnahmeplattform-fuer-meinen-flexiblen-tank-richtig-vor","status":"publish","type":"post","link":"https:\/\/blog.maciterneecolo.fr\/at\/wie-bereite-ich-die-aufnahmeplattform-fuer-meinen-flexiblen-tank-richtig-vor\/","title":{"rendered":"Wie bereite ich die Aufnahmeplattform f\u00fcr meinen flexiblen Tank richtig vor?"},"content":{"rendered":"\n<p>Il est indispensable de <strong>bien pr\u00e9parer<\/strong> le <strong>sol<\/strong> destin\u00e9 \u00e0 accueillir votre <a href=\"https:\/\/www.maciterneecolo.fr\/de\/20-flexible-regenwassertanks\" target=\"_blank\" rel=\"noreferrer noopener\">r\u00e9cup\u00e9rateur d&#8217;eau de pluie<\/a>. Mit diesem Schritt stellen Sie sicher, dass Ihre Anlage <strong>sicher<\/strong> ist, und beugen m\u00f6glichen Problemen mit <strong>Lecks<\/strong> aufgrund von <strong>Aufprall-<\/strong> oder <strong>Abriebstellen<\/strong> unterhalb Ihres flexiblen Tanks <strong>vor<\/strong>.<\/p>\n\n<p>Um Ihre Begr\u00fc\u00dfungsplattform vorzubereiten, m\u00fcssen Sie mehrere Schritte <strong>beachten<\/strong>. Es versteht sich von selbst, dass je nach der Art Ihres Bodens die zu beachtenden Schritte unterschiedlich sein k\u00f6nnen. Auf jeden Fall sollten Sie darauf achten, dass der Boden sauber und eben ist.<\/p>\n\n<p>Wenn Sie vorhaben, Ihre Plattform auf Gras oder Erde aufzustellen, gehen Sie wie folgt vor:<\/p>\n\n<h4 class=\"wp-block-heading\">1\/ Reinigen Sie den Empfangsbereich<\/h4>\n\n<p>Zun\u00e4chst m\u00fcssen Sie die Fl\u00e4che von Gestr\u00fcpp <strong>befreien<\/strong> und alle <strong>Tr\u00fcmmer<\/strong> (\u00c4ste, Steine usw.) <strong>entfernen<\/strong>, die Ihren flexiblen Tank besch\u00e4digen k\u00f6nnten, wenn er einmal gef\u00fcllt ist. Es ist nicht ratsam, einen flexiblen Tank auf einem Boden zu installieren, der mit \u00c4sten, Gestr\u00fcpp oder Steinen \u00fcbers\u00e4t ist.\nWenn der Boden schlecht vorbereitet ist, kann eine Spannungszone entstehen, die zum Bersten des Tanks f\u00fchren kann. <\/p>\n\n<h4 class=\"wp-block-heading\">2\/ Bereiten Sie eine stabile, ebenerdige Plattform vor.<\/h4>\n\n<p>Anschlie\u00dfend ist es ratsam, eine <strong>Plattform<\/strong> mit den Ma\u00dfen der gew\u00e4hlten flexiblen Zisterne aus <strong>Sand<\/strong> zu schaffen. Diese Plattform sollte <strong>3 bis 10 Zentimeter<\/strong> hoch sein. F\u00fcr mehr Stabilit\u00e4t ist es besser, den Sand zu verdichten. Verwenden Sie dazu einen eher feinen Sand. Ihre Plattform muss unbedingt <strong>waagerecht<\/strong> und <strong>eben<\/strong> sein. Sie m\u00fcssen die Art Ihres Bodens ber\u00fccksichtigen, um die Sandlast zu bestimmen.  <\/p>\n\n<p>                                                     <\/p>\n<div class=\"wp-block-image\">\n<figure class=\"aligncenter size-large is-resized\"><img fetchpriority=\"high\" decoding=\"async\" width=\"1024\" height=\"768\" src=\"https:\/\/blog.maciterneecolo.fr\/wp-content\/uploads\/2023\/06\/SC-PAt-2-1024x768.jpg\" alt=\"Sand verlegen und nivellieren\" class=\"wp-image-6982\" style=\"width:468px;height:351px\" srcset=\"https:\/\/blog.maciterneecolo.fr\/wp-content\/uploads\/2023\/06\/SC-PAt-2-1024x768.jpg 1024w, https:\/\/blog.maciterneecolo.fr\/wp-content\/uploads\/2023\/06\/SC-PAt-2-300x225.jpg 300w, https:\/\/blog.maciterneecolo.fr\/wp-content\/uploads\/2023\/06\/SC-PAt-2-768x576.jpg 768w, https:\/\/blog.maciterneecolo.fr\/wp-content\/uploads\/2023\/06\/SC-PAt-2-1536x1152.jpg 1536w, https:\/\/blog.maciterneecolo.fr\/wp-content\/uploads\/2023\/06\/SC-PAt-2.jpg 2016w\" sizes=\"(max-width: 1024px) 100vw, 1024px\" \/><\/figure>\n<\/div>\n<p>                        <\/p>\n\n<h4 class=\"wp-block-heading\">3\/ Eine Schicht Geotextil oder Filz einlegen<\/h4>\n\n<p>Dieser Schritt ist nicht zwingend erforderlich, wird aber dringend <strong>empfohlen<\/strong>. Sie verhindert Abriebstellen zwischen dem Sand auf Ihrer Plattform und Ihrem flexiblen Tank. Sie <strong>verz\u00f6gert<\/strong> auch das Nachwachsen von <strong>Unkraut<\/strong> durch den Sand, das Ihren Tank <strong>besch\u00e4digen<\/strong> k\u00f6nnte, wenn er voll ist.<\/p>\n<div class=\"wp-block-image\">\n<figure class=\"aligncenter size-large is-resized\"><img decoding=\"async\" width=\"1024\" height=\"768\" src=\"https:\/\/blog.maciterneecolo.fr\/wp-content\/uploads\/2023\/06\/SCH-pat-3-1024x768.jpg\" alt=\"Geotextil auf dem Sand verlegt\" class=\"wp-image-6991\" style=\"width:469px;height:352px\" srcset=\"https:\/\/blog.maciterneecolo.fr\/wp-content\/uploads\/2023\/06\/SCH-pat-3-1024x768.jpg 1024w, https:\/\/blog.maciterneecolo.fr\/wp-content\/uploads\/2023\/06\/SCH-pat-3-300x225.jpg 300w, https:\/\/blog.maciterneecolo.fr\/wp-content\/uploads\/2023\/06\/SCH-pat-3-768x576.jpg 768w, https:\/\/blog.maciterneecolo.fr\/wp-content\/uploads\/2023\/06\/SCH-pat-3-1536x1152.jpg 1536w, https:\/\/blog.maciterneecolo.fr\/wp-content\/uploads\/2023\/06\/SCH-pat-3.jpg 2016w\" sizes=\"(max-width: 1024px) 100vw, 1024px\" \/><\/figure>\n<\/div>\n<h4 class=\"wp-block-heading\">4\/ Stellen Sie den flexiblen Tank auf.<\/h4>\n\n<p>Wenn diese Schritte abgeschlossen sind, m\u00fcssen Sie nur noch Ihren flexiblen Tank einbauen. N\u2019h\u00e9sitez pas \u00e0 consulter notre <a href=\"https:\/\/www.maciterneecolo.fr\/fr\/content\/6-guide-de-tailles\">guide de <\/a><a href=\"https:\/\/blog.maciterneecolo.fr\/at\/wie-bereite-ich-die-aufnahmeplattform-fuer-meinen-flexiblen-tank-richtig-vor\/\" target=\"_blank\" rel=\"noreferrer noopener\">pose de cuve souple<\/a> afin d\u2019acheter tout le mat\u00e9riel n\u00e9cessaire \u00e0 votre installation. Denken Sie daran, dass bei einer Installation mit Dachrinnensammler Ihr flexibler Tank nicht zu weit von Ihren Dachrinnen entfernt sein sollte. Sie m\u00fcssen auch sicherstellen, dass die Fittings, die Sie auf unserer Website kaufen, miteinander kompatibel sind.<\/p>\n<div class=\"wp-block-image\">\n<figure class=\"aligncenter size-large is-resized\"><img decoding=\"async\" width=\"1024\" height=\"768\" src=\"https:\/\/blog.maciterneecolo.fr\/wp-content\/uploads\/2023\/06\/SCHI-PAT-4-1024x768.jpg\" alt=\"Zisterne auf Geotextil gelegt\" class=\"wp-image-7000\" style=\"width:465px;height:349px\" srcset=\"https:\/\/blog.maciterneecolo.fr\/wp-content\/uploads\/2023\/06\/SCHI-PAT-4-1024x768.jpg 1024w, https:\/\/blog.maciterneecolo.fr\/wp-content\/uploads\/2023\/06\/SCHI-PAT-4-300x225.jpg 300w, https:\/\/blog.maciterneecolo.fr\/wp-content\/uploads\/2023\/06\/SCHI-PAT-4-768x576.jpg 768w, https:\/\/blog.maciterneecolo.fr\/wp-content\/uploads\/2023\/06\/SCHI-PAT-4-1536x1152.jpg 1536w, https:\/\/blog.maciterneecolo.fr\/wp-content\/uploads\/2023\/06\/SCHI-PAT-4.jpg 2016w\" sizes=\"(max-width: 1024px) 100vw, 1024px\" \/><\/figure>\n<\/div>\n<p>Wenn Sie jedoch vorhaben, Ihren flexiblen Tank auf einem anderen Untergrund als Gras oder Erde zu installieren, insbesondere auf einer Beton- oder Teerplatte, m\u00fcssen Sie lediglich sicherstellen, dass die betreffende Fl\u00e4che von allem befreit ist, was Ihre Ausr\u00fcstung besch\u00e4digen k\u00f6nnte. Sie sollten auch darauf achten, dass die Oberfl\u00e4che ausreichend <strong>eben<\/strong> ist, damit die flexible Wanne <strong>nicht<\/strong> <strong>verrutscht<\/strong>, wenn sie einmal gef\u00fcllt ist.<\/p>\n\n<p>Wenn Sie schlie\u00dflich planen, Ihren <a href=\"https:\/\/www.maciterneecolo.fr\/de\/20-flexible-regenwassertanks\" target=\"_blank\" rel=\"noreferrer noopener\">flexiblen Tank<\/a> in Ihrem Kriechkeller zu installieren, lesen Sie <a href=\"https:\/\/blog.maciterneecolo.fr\/at\/wie-installiert-man-einen-flexiblen-tank-in-seinem-kriechkeller\/\">unseren Artikel<\/a>, um mehr dar\u00fcber zu erfahren.<\/p>\n","protected":false},"excerpt":{"rendered":"<p>Il est indispensable de bien pr\u00e9parer le sol destin\u00e9 \u00e0 accueillir votre r\u00e9cup\u00e9rateur d&#8217;eau de pluie. Mit diesem Schritt stellen Sie sicher, dass Ihre Anlage sicher ist, und beugen m\u00f6glichen Problemen mit Lecks aufgrund von Aufprall- oder Abriebstellen unterhalb Ihres flexiblen Tanks vor. Um Ihre Begr\u00fc\u00dfungsplattform vorzubereiten, m\u00fcssen Sie mehrere Schritte beachten. Es versteht sich [&hellip;]<\/p>\n","protected":false},"author":5,"featured_media":6974,"comment_status":"closed","ping_status":"closed","sticky":false,"template":"","format":"standard","meta":{"inline_featured_image":false,"footnotes":""},"categories":[1358,1251,1],"tags":[2177,1306,2176],"class_list":["post-7011","post","type-post","status-publish","format-standard","has-post-thumbnail","hentry","category-citernes-souples-at","category-linstallation-dune-citerne-souple-at","category-non-classifiee","tag-boden","tag-citerne-at","tag-startseite"],"yoast_head":"<!-- This site is optimized with the Yoast SEO plugin v27.5 - https:\/\/yoast.com\/product\/yoast-seo-wordpress\/ -->\n<title>Wie bereite ich die Plattform f\u00fcr die Aufnahme meines flexiblen Tanks vor?<\/title>\n<meta name=\"description\" content=\"Erfahren Sie, wie Sie den Aufnahmebereich f\u00fcr Ihren flexiblen Tank vorbereiten k\u00f6nnen. Befolgen Sie unsere Schritte, um die Sicherheit Ihres Tanks zu gew\u00e4hrleisten.\" \/>\n<meta name=\"robots\" content=\"index, follow, max-snippet:-1, max-image-preview:large, max-video-preview:-1\" \/>\n<link rel=\"canonical\" href=\"https:\/\/blog.maciterneecolo.fr\/at\/wie-bereite-ich-die-aufnahmeplattform-fuer-meinen-flexiblen-tank-richtig-vor\/\" \/>\n<meta property=\"og:locale\" content=\"de_DE\" \/>\n<meta property=\"og:type\" content=\"article\" \/>\n<meta property=\"og:title\" content=\"Wie bereite ich die Plattform f\u00fcr die Aufnahme meines flexiblen Tanks vor?\" \/>\n<meta property=\"og:description\" content=\"Erfahren Sie, wie Sie den Aufnahmebereich f\u00fcr Ihren flexiblen Tank vorbereiten k\u00f6nnen. Befolgen Sie unsere Schritte, um die Sicherheit Ihres Tanks zu gew\u00e4hrleisten.\" \/>\n<meta property=\"og:url\" content=\"https:\/\/blog.maciterneecolo.fr\/at\/wie-bereite-ich-die-aufnahmeplattform-fuer-meinen-flexiblen-tank-richtig-vor\/\" \/>\n<meta property=\"og:site_name\" content=\"Blog Ma Citerne Ecolo\" \/>\n<meta property=\"article:published_time\" content=\"2023-06-23T10:18:44+00:00\" \/>\n<meta property=\"article:modified_time\" content=\"2024-09-03T14:59:45+00:00\" \/>\n<meta property=\"og:image\" content=\"https:\/\/blog.maciterneecolo.fr\/wp-content\/uploads\/2023\/06\/SC-PAT6.jpg\" \/>\n\t<meta property=\"og:image:width\" content=\"2016\" \/>\n\t<meta property=\"og:image:height\" content=\"1512\" \/>\n\t<meta property=\"og:image:type\" content=\"image\/jpeg\" \/>\n<meta name=\"author\" content=\"Alexis DANG\" \/>\n<meta name=\"twitter:card\" content=\"summary_large_image\" \/>\n<meta name=\"twitter:label1\" content=\"Verfasst von\" \/>\n\t<meta name=\"twitter:data1\" content=\"Alexis DANG\" \/>\n\t<meta name=\"twitter:label2\" content=\"Gesch\u00e4tzte Lesezeit\" \/>\n\t<meta name=\"twitter:data2\" content=\"2 Minuten\" \/>\n<script type=\"application\/ld+json\" class=\"yoast-schema-graph\">{\"@context\":\"https:\\\/\\\/schema.org\",\"@graph\":[{\"@type\":\"Article\",\"@id\":\"https:\\\/\\\/blog.maciterneecolo.fr\\\/at\\\/wie-bereite-ich-die-aufnahmeplattform-fuer-meinen-flexiblen-tank-richtig-vor\\\/#article\",\"isPartOf\":{\"@id\":\"https:\\\/\\\/blog.maciterneecolo.fr\\\/at\\\/wie-bereite-ich-die-aufnahmeplattform-fuer-meinen-flexiblen-tank-richtig-vor\\\/\"},\"author\":{\"name\":\"Alexis DANG\",\"@id\":\"https:\\\/\\\/blog.maciterneecolo.fr\\\/at\\\/#\\\/schema\\\/person\\\/5155970109fa48d9d3d76c40bba36979\"},\"headline\":\"Wie bereite ich die Aufnahmeplattform f\u00fcr meinen flexiblen Tank richtig vor?\",\"datePublished\":\"2023-06-23T10:18:44+00:00\",\"dateModified\":\"2024-09-03T14:59:45+00:00\",\"mainEntityOfPage\":{\"@id\":\"https:\\\/\\\/blog.maciterneecolo.fr\\\/at\\\/wie-bereite-ich-die-aufnahmeplattform-fuer-meinen-flexiblen-tank-richtig-vor\\\/\"},\"wordCount\":496,\"publisher\":{\"@id\":\"https:\\\/\\\/blog.maciterneecolo.fr\\\/at\\\/#organization\"},\"image\":{\"@id\":\"https:\\\/\\\/blog.maciterneecolo.fr\\\/at\\\/wie-bereite-ich-die-aufnahmeplattform-fuer-meinen-flexiblen-tank-richtig-vor\\\/#primaryimage\"},\"thumbnailUrl\":\"https:\\\/\\\/blog.maciterneecolo.fr\\\/wp-content\\\/uploads\\\/2023\\\/06\\\/SC-PAT6.jpg\",\"keywords\":[\"Boden\",\"citerne\",\"Startseite\"],\"articleSection\":[\"Citernes Souples\",\"L&#8217;installation d&#8217;une citerne souple\",\"Non classifi\u00e9(e)\"],\"inLanguage\":\"de-AT\"},{\"@type\":\"WebPage\",\"@id\":\"https:\\\/\\\/blog.maciterneecolo.fr\\\/at\\\/wie-bereite-ich-die-aufnahmeplattform-fuer-meinen-flexiblen-tank-richtig-vor\\\/\",\"url\":\"https:\\\/\\\/blog.maciterneecolo.fr\\\/at\\\/wie-bereite-ich-die-aufnahmeplattform-fuer-meinen-flexiblen-tank-richtig-vor\\\/\",\"name\":\"Wie bereite ich die Plattform f\u00fcr die Aufnahme meines flexiblen Tanks vor?\",\"isPartOf\":{\"@id\":\"https:\\\/\\\/blog.maciterneecolo.fr\\\/at\\\/#website\"},\"primaryImageOfPage\":{\"@id\":\"https:\\\/\\\/blog.maciterneecolo.fr\\\/at\\\/wie-bereite-ich-die-aufnahmeplattform-fuer-meinen-flexiblen-tank-richtig-vor\\\/#primaryimage\"},\"image\":{\"@id\":\"https:\\\/\\\/blog.maciterneecolo.fr\\\/at\\\/wie-bereite-ich-die-aufnahmeplattform-fuer-meinen-flexiblen-tank-richtig-vor\\\/#primaryimage\"},\"thumbnailUrl\":\"https:\\\/\\\/blog.maciterneecolo.fr\\\/wp-content\\\/uploads\\\/2023\\\/06\\\/SC-PAT6.jpg\",\"datePublished\":\"2023-06-23T10:18:44+00:00\",\"dateModified\":\"2024-09-03T14:59:45+00:00\",\"description\":\"Erfahren Sie, wie Sie den Aufnahmebereich f\u00fcr Ihren flexiblen Tank vorbereiten k\u00f6nnen. Befolgen Sie unsere Schritte, um die Sicherheit Ihres Tanks zu gew\u00e4hrleisten.\",\"breadcrumb\":{\"@id\":\"https:\\\/\\\/blog.maciterneecolo.fr\\\/at\\\/wie-bereite-ich-die-aufnahmeplattform-fuer-meinen-flexiblen-tank-richtig-vor\\\/#breadcrumb\"},\"inLanguage\":\"de-AT\",\"potentialAction\":[{\"@type\":\"ReadAction\",\"target\":[\"https:\\\/\\\/blog.maciterneecolo.fr\\\/at\\\/wie-bereite-ich-die-aufnahmeplattform-fuer-meinen-flexiblen-tank-richtig-vor\\\/\"]}]},{\"@type\":\"ImageObject\",\"inLanguage\":\"de-AT\",\"@id\":\"https:\\\/\\\/blog.maciterneecolo.fr\\\/at\\\/wie-bereite-ich-die-aufnahmeplattform-fuer-meinen-flexiblen-tank-richtig-vor\\\/#primaryimage\",\"url\":\"https:\\\/\\\/blog.maciterneecolo.fr\\\/wp-content\\\/uploads\\\/2023\\\/06\\\/SC-PAT6.jpg\",\"contentUrl\":\"https:\\\/\\\/blog.maciterneecolo.fr\\\/wp-content\\\/uploads\\\/2023\\\/06\\\/SC-PAT6.jpg\",\"width\":2016,\"height\":1512,\"caption\":\"Citerne sol installation\"},{\"@type\":\"BreadcrumbList\",\"@id\":\"https:\\\/\\\/blog.maciterneecolo.fr\\\/at\\\/wie-bereite-ich-die-aufnahmeplattform-fuer-meinen-flexiblen-tank-richtig-vor\\\/#breadcrumb\",\"itemListElement\":[{\"@type\":\"ListItem\",\"position\":1,\"name\":\"Accueil\",\"item\":\"https:\\\/\\\/blog.maciterneecolo.fr\\\/at\\\/startseite\\\/\"},{\"@type\":\"ListItem\",\"position\":2,\"name\":\"Wie bereite ich die Aufnahmeplattform f\u00fcr meinen flexiblen Tank richtig vor?\"}]},{\"@type\":\"WebSite\",\"@id\":\"https:\\\/\\\/blog.maciterneecolo.fr\\\/at\\\/#website\",\"url\":\"https:\\\/\\\/blog.maciterneecolo.fr\\\/at\\\/\",\"name\":\"Blog Ma Citerne Ecolo\",\"description\":\"Leader dans le domaine de la citerne souple d&#039;eau de pluie\",\"publisher\":{\"@id\":\"https:\\\/\\\/blog.maciterneecolo.fr\\\/at\\\/#organization\"},\"potentialAction\":[{\"@type\":\"SearchAction\",\"target\":{\"@type\":\"EntryPoint\",\"urlTemplate\":\"https:\\\/\\\/blog.maciterneecolo.fr\\\/at\\\/?s={search_term_string}\"},\"query-input\":{\"@type\":\"PropertyValueSpecification\",\"valueRequired\":true,\"valueName\":\"search_term_string\"}}],\"inLanguage\":\"de-AT\"},{\"@type\":\"Organization\",\"@id\":\"https:\\\/\\\/blog.maciterneecolo.fr\\\/at\\\/#organization\",\"name\":\"Blog Ma Citerne Ecolo\",\"url\":\"https:\\\/\\\/blog.maciterneecolo.fr\\\/at\\\/\",\"logo\":{\"@type\":\"ImageObject\",\"inLanguage\":\"de-AT\",\"@id\":\"https:\\\/\\\/blog.maciterneecolo.fr\\\/at\\\/#\\\/schema\\\/logo\\\/image\\\/\",\"url\":\"https:\\\/\\\/blog.maciterneecolo.fr\\\/wp-content\\\/uploads\\\/2022\\\/12\\\/cropped-favicon-blog.png\",\"contentUrl\":\"https:\\\/\\\/blog.maciterneecolo.fr\\\/wp-content\\\/uploads\\\/2022\\\/12\\\/cropped-favicon-blog.png\",\"width\":512,\"height\":512,\"caption\":\"Blog Ma Citerne Ecolo\"},\"image\":{\"@id\":\"https:\\\/\\\/blog.maciterneecolo.fr\\\/at\\\/#\\\/schema\\\/logo\\\/image\\\/\"}},{\"@type\":\"Person\",\"@id\":\"https:\\\/\\\/blog.maciterneecolo.fr\\\/at\\\/#\\\/schema\\\/person\\\/5155970109fa48d9d3d76c40bba36979\",\"name\":\"Alexis DANG\",\"image\":{\"@type\":\"ImageObject\",\"inLanguage\":\"de-AT\",\"@id\":\"https:\\\/\\\/secure.gravatar.com\\\/avatar\\\/24c2478f0bab29db5e937d0340f0c4cac15d0b1d9a9adf0853c6bf3f9d885c94?s=96&d=mm&r=g\",\"url\":\"https:\\\/\\\/secure.gravatar.com\\\/avatar\\\/24c2478f0bab29db5e937d0340f0c4cac15d0b1d9a9adf0853c6bf3f9d885c94?s=96&d=mm&r=g\",\"contentUrl\":\"https:\\\/\\\/secure.gravatar.com\\\/avatar\\\/24c2478f0bab29db5e937d0340f0c4cac15d0b1d9a9adf0853c6bf3f9d885c94?s=96&d=mm&r=g\",\"caption\":\"Alexis DANG\"},\"url\":\"https:\\\/\\\/blog.maciterneecolo.fr\\\/at\\\/author\\\/alexis-dang\\\/\"}]}<\/script>\n<!-- \/ Yoast SEO plugin. -->","yoast_head_json":{"title":"Wie bereite ich die Plattform f\u00fcr die Aufnahme meines flexiblen Tanks vor?","description":"Erfahren Sie, wie Sie den Aufnahmebereich f\u00fcr Ihren flexiblen Tank vorbereiten k\u00f6nnen. Befolgen Sie unsere Schritte, um die Sicherheit Ihres Tanks zu gew\u00e4hrleisten.","robots":{"index":"index","follow":"follow","max-snippet":"max-snippet:-1","max-image-preview":"max-image-preview:large","max-video-preview":"max-video-preview:-1"},"canonical":"https:\/\/blog.maciterneecolo.fr\/at\/wie-bereite-ich-die-aufnahmeplattform-fuer-meinen-flexiblen-tank-richtig-vor\/","og_locale":"de_DE","og_type":"article","og_title":"Wie bereite ich die Plattform f\u00fcr die Aufnahme meines flexiblen Tanks vor?","og_description":"Erfahren Sie, wie Sie den Aufnahmebereich f\u00fcr Ihren flexiblen Tank vorbereiten k\u00f6nnen. Befolgen Sie unsere Schritte, um die Sicherheit Ihres Tanks zu gew\u00e4hrleisten.","og_url":"https:\/\/blog.maciterneecolo.fr\/at\/wie-bereite-ich-die-aufnahmeplattform-fuer-meinen-flexiblen-tank-richtig-vor\/","og_site_name":"Blog Ma Citerne Ecolo","article_published_time":"2023-06-23T10:18:44+00:00","article_modified_time":"2024-09-03T14:59:45+00:00","og_image":[{"width":2016,"height":1512,"url":"https:\/\/blog.maciterneecolo.fr\/wp-content\/uploads\/2023\/06\/SC-PAT6.jpg","type":"image\/jpeg"}],"author":"Alexis DANG","twitter_card":"summary_large_image","twitter_misc":{"Verfasst von":"Alexis DANG","Gesch\u00e4tzte Lesezeit":"2 Minuten"},"schema":{"@context":"https:\/\/schema.org","@graph":[{"@type":"Article","@id":"https:\/\/blog.maciterneecolo.fr\/at\/wie-bereite-ich-die-aufnahmeplattform-fuer-meinen-flexiblen-tank-richtig-vor\/#article","isPartOf":{"@id":"https:\/\/blog.maciterneecolo.fr\/at\/wie-bereite-ich-die-aufnahmeplattform-fuer-meinen-flexiblen-tank-richtig-vor\/"},"author":{"name":"Alexis DANG","@id":"https:\/\/blog.maciterneecolo.fr\/at\/#\/schema\/person\/5155970109fa48d9d3d76c40bba36979"},"headline":"Wie bereite ich die Aufnahmeplattform f\u00fcr meinen flexiblen Tank richtig vor?","datePublished":"2023-06-23T10:18:44+00:00","dateModified":"2024-09-03T14:59:45+00:00","mainEntityOfPage":{"@id":"https:\/\/blog.maciterneecolo.fr\/at\/wie-bereite-ich-die-aufnahmeplattform-fuer-meinen-flexiblen-tank-richtig-vor\/"},"wordCount":496,"publisher":{"@id":"https:\/\/blog.maciterneecolo.fr\/at\/#organization"},"image":{"@id":"https:\/\/blog.maciterneecolo.fr\/at\/wie-bereite-ich-die-aufnahmeplattform-fuer-meinen-flexiblen-tank-richtig-vor\/#primaryimage"},"thumbnailUrl":"https:\/\/blog.maciterneecolo.fr\/wp-content\/uploads\/2023\/06\/SC-PAT6.jpg","keywords":["Boden","citerne","Startseite"],"articleSection":["Citernes Souples","L&#8217;installation d&#8217;une citerne souple","Non classifi\u00e9(e)"],"inLanguage":"de-AT"},{"@type":"WebPage","@id":"https:\/\/blog.maciterneecolo.fr\/at\/wie-bereite-ich-die-aufnahmeplattform-fuer-meinen-flexiblen-tank-richtig-vor\/","url":"https:\/\/blog.maciterneecolo.fr\/at\/wie-bereite-ich-die-aufnahmeplattform-fuer-meinen-flexiblen-tank-richtig-vor\/","name":"Wie bereite ich die Plattform f\u00fcr die Aufnahme meines flexiblen Tanks vor?","isPartOf":{"@id":"https:\/\/blog.maciterneecolo.fr\/at\/#website"},"primaryImageOfPage":{"@id":"https:\/\/blog.maciterneecolo.fr\/at\/wie-bereite-ich-die-aufnahmeplattform-fuer-meinen-flexiblen-tank-richtig-vor\/#primaryimage"},"image":{"@id":"https:\/\/blog.maciterneecolo.fr\/at\/wie-bereite-ich-die-aufnahmeplattform-fuer-meinen-flexiblen-tank-richtig-vor\/#primaryimage"},"thumbnailUrl":"https:\/\/blog.maciterneecolo.fr\/wp-content\/uploads\/2023\/06\/SC-PAT6.jpg","datePublished":"2023-06-23T10:18:44+00:00","dateModified":"2024-09-03T14:59:45+00:00","description":"Erfahren Sie, wie Sie den Aufnahmebereich f\u00fcr Ihren flexiblen Tank vorbereiten k\u00f6nnen. Befolgen Sie unsere Schritte, um die Sicherheit Ihres Tanks zu gew\u00e4hrleisten.","breadcrumb":{"@id":"https:\/\/blog.maciterneecolo.fr\/at\/wie-bereite-ich-die-aufnahmeplattform-fuer-meinen-flexiblen-tank-richtig-vor\/#breadcrumb"},"inLanguage":"de-AT","potentialAction":[{"@type":"ReadAction","target":["https:\/\/blog.maciterneecolo.fr\/at\/wie-bereite-ich-die-aufnahmeplattform-fuer-meinen-flexiblen-tank-richtig-vor\/"]}]},{"@type":"ImageObject","inLanguage":"de-AT","@id":"https:\/\/blog.maciterneecolo.fr\/at\/wie-bereite-ich-die-aufnahmeplattform-fuer-meinen-flexiblen-tank-richtig-vor\/#primaryimage","url":"https:\/\/blog.maciterneecolo.fr\/wp-content\/uploads\/2023\/06\/SC-PAT6.jpg","contentUrl":"https:\/\/blog.maciterneecolo.fr\/wp-content\/uploads\/2023\/06\/SC-PAT6.jpg","width":2016,"height":1512,"caption":"Citerne sol installation"},{"@type":"BreadcrumbList","@id":"https:\/\/blog.maciterneecolo.fr\/at\/wie-bereite-ich-die-aufnahmeplattform-fuer-meinen-flexiblen-tank-richtig-vor\/#breadcrumb","itemListElement":[{"@type":"ListItem","position":1,"name":"Accueil","item":"https:\/\/blog.maciterneecolo.fr\/at\/startseite\/"},{"@type":"ListItem","position":2,"name":"Wie bereite ich die Aufnahmeplattform f\u00fcr meinen flexiblen Tank richtig vor?"}]},{"@type":"WebSite","@id":"https:\/\/blog.maciterneecolo.fr\/at\/#website","url":"https:\/\/blog.maciterneecolo.fr\/at\/","name":"Blog Ma Citerne Ecolo","description":"Leader dans le domaine de la citerne souple d&#039;eau de pluie","publisher":{"@id":"https:\/\/blog.maciterneecolo.fr\/at\/#organization"},"potentialAction":[{"@type":"SearchAction","target":{"@type":"EntryPoint","urlTemplate":"https:\/\/blog.maciterneecolo.fr\/at\/?s={search_term_string}"},"query-input":{"@type":"PropertyValueSpecification","valueRequired":true,"valueName":"search_term_string"}}],"inLanguage":"de-AT"},{"@type":"Organization","@id":"https:\/\/blog.maciterneecolo.fr\/at\/#organization","name":"Blog Ma Citerne Ecolo","url":"https:\/\/blog.maciterneecolo.fr\/at\/","logo":{"@type":"ImageObject","inLanguage":"de-AT","@id":"https:\/\/blog.maciterneecolo.fr\/at\/#\/schema\/logo\/image\/","url":"https:\/\/blog.maciterneecolo.fr\/wp-content\/uploads\/2022\/12\/cropped-favicon-blog.png","contentUrl":"https:\/\/blog.maciterneecolo.fr\/wp-content\/uploads\/2022\/12\/cropped-favicon-blog.png","width":512,"height":512,"caption":"Blog Ma Citerne Ecolo"},"image":{"@id":"https:\/\/blog.maciterneecolo.fr\/at\/#\/schema\/logo\/image\/"}},{"@type":"Person","@id":"https:\/\/blog.maciterneecolo.fr\/at\/#\/schema\/person\/5155970109fa48d9d3d76c40bba36979","name":"Alexis DANG","image":{"@type":"ImageObject","inLanguage":"de-AT","@id":"https:\/\/secure.gravatar.com\/avatar\/24c2478f0bab29db5e937d0340f0c4cac15d0b1d9a9adf0853c6bf3f9d885c94?s=96&d=mm&r=g","url":"https:\/\/secure.gravatar.com\/avatar\/24c2478f0bab29db5e937d0340f0c4cac15d0b1d9a9adf0853c6bf3f9d885c94?s=96&d=mm&r=g","contentUrl":"https:\/\/secure.gravatar.com\/avatar\/24c2478f0bab29db5e937d0340f0c4cac15d0b1d9a9adf0853c6bf3f9d885c94?s=96&d=mm&r=g","caption":"Alexis DANG"},"url":"https:\/\/blog.maciterneecolo.fr\/at\/author\/alexis-dang\/"}]}},"_links":{"self":[{"href":"https:\/\/blog.maciterneecolo.fr\/at\/wp-json\/wp\/v2\/posts\/7011","targetHints":{"allow":["GET"]}}],"collection":[{"href":"https:\/\/blog.maciterneecolo.fr\/at\/wp-json\/wp\/v2\/posts"}],"about":[{"href":"https:\/\/blog.maciterneecolo.fr\/at\/wp-json\/wp\/v2\/types\/post"}],"author":[{"embeddable":true,"href":"https:\/\/blog.maciterneecolo.fr\/at\/wp-json\/wp\/v2\/users\/5"}],"replies":[{"embeddable":true,"href":"https:\/\/blog.maciterneecolo.fr\/at\/wp-json\/wp\/v2\/comments?post=7011"}],"version-history":[{"count":7,"href":"https:\/\/blog.maciterneecolo.fr\/at\/wp-json\/wp\/v2\/posts\/7011\/revisions"}],"predecessor-version":[{"id":12018,"href":"https:\/\/blog.maciterneecolo.fr\/at\/wp-json\/wp\/v2\/posts\/7011\/revisions\/12018"}],"wp:featuredmedia":[{"embeddable":true,"href":"https:\/\/blog.maciterneecolo.fr\/at\/wp-json\/wp\/v2\/media\/6974"}],"wp:attachment":[{"href":"https:\/\/blog.maciterneecolo.fr\/at\/wp-json\/wp\/v2\/media?parent=7011"}],"wp:term":[{"taxonomy":"category","embeddable":true,"href":"https:\/\/blog.maciterneecolo.fr\/at\/wp-json\/wp\/v2\/categories?post=7011"},{"taxonomy":"post_tag","embeddable":true,"href":"https:\/\/blog.maciterneecolo.fr\/at\/wp-json\/wp\/v2\/tags?post=7011"}],"curies":[{"name":"wp","href":"https:\/\/api.w.org\/{rel}","templated":true}]}}