{"id":9749,"date":"2023-12-15T15:50:40","date_gmt":"2023-12-15T15:50:40","guid":{"rendered":"https:\/\/blog.maciterneecolo.fr\/wie-waehle-ich-meinen-flexiblen-tank-richtig-aus\/"},"modified":"2024-01-06T12:16:14","modified_gmt":"2024-01-06T12:16:14","slug":"wie-waehle-ich-meinen-flexiblen-tank-richtig-aus","status":"publish","type":"post","link":"https:\/\/blog.maciterneecolo.fr\/at\/wie-waehle-ich-meinen-flexiblen-tank-richtig-aus\/","title":{"rendered":"Wie w\u00e4hle ich meinen flexiblen Tank richtig aus?"},"content":{"rendered":"\n<p>Der Kauf eines flexiblen Tanks ist eine M\u00f6glichkeit, Geld zu sparen und die immer knapper werdende Ressource Wasser zu schonen. Es ist jedoch nicht immer einfach, angesichts der Vielzahl an M\u00f6glichkeiten und Systemen, die es gibt, die richtige Wahl f\u00fcr einen Regenwassersammler zu treffen.<\/p>\n\n<p>Hier sind einige Tipps, wie Sie sich zurechtfinden und die bestm\u00f6gliche Wahl f\u00fcr Ihre Bed\u00fcrfnisse treffen k\u00f6nnen.<\/p>\n\n<h2 class=\"wp-block-heading\"><mark style=\"background-color:rgba(0, 0, 0, 0)\" class=\"has-inline-color has-vivid-cyan-blue-color\">1\/ Bestimmen Sie das Volumen, das Ihr Regenwassertank f\u00fcr die von Ihnen geplanten Verwendungszwecke ben\u00f6tigt.<\/mark><\/h2>\n\n<p>Bevor Sie sich f\u00fcr ein bestimmtes Regenwassernutzungssystem entscheiden, ist es unerl\u00e4sslich, eine Bestandsaufnahme der Zwecke zu machen, f\u00fcr die Sie Regenwasser ben\u00f6tigen. Erstellen Sie eine Liste wie eine Einkaufsliste mit allen Verwendungszwecken, f\u00fcr die Sie das Regenwasser nutzen w\u00fcrden, wenn Sie einen Wasserspeicher zur Verf\u00fcgung h\u00e4tten.<\/p>\n\n<p>Beurteilen Sie auch, wie oft Sie dieses Wasser je nach Verwendungszweck nutzen sollten. Fragen Sie sich zum Beispiel, wie oft Sie Ihren Garten pro Woche gie\u00dfen? Wie oft waschen Sie Ihr Fahrzeug oder f\u00fcllen Wasser f\u00fcr Ihren Swimmingpool auf? und \u00fcbertragen Sie diese H\u00e4ufigkeit auf Ihre Verwendungsliste.<\/p>\n\n<p>Diese Liste hilft Ihnen bei der Einsch\u00e4tzung, wie viel Speicherkapazit\u00e4t Sie ben\u00f6tigen, um Ihre Bed\u00fcrfnisse zu erf\u00fcllen, und hilft Ihnen dabei, bestimmte Speicherl\u00f6sungen von vornherein auszuschlie\u00dfen. Wenn Sie am Ende Ihrer Sammlung von Nutzungen feststellen, dass Sie nur sehr wenig Regenwasser verwenden (z. B. nur f\u00fcr die Bew\u00e4sserung Ihrer Blumenk\u00e4sten), reicht ein 1000-Liter-Tank aus, um Ihren Bedarf zu decken.<\/p>\n\n<p>Wenn Sie jedoch am Ende Ihrer Bestandsaufnahme eine Vielzahl von Verwendungszwecken finden, f\u00fcr die Sie Regenwasser nutzen k\u00f6nnten, sollten Sie die Investition in einen <a href=\"https:\/\/www.maciterneecolo.fr\/fr\/3-citernes-souples\">flexiblen Tank<\/a> erw\u00e4gen, der eine gr\u00f6\u00dfere Speicherkapazit\u00e4t bietet.<\/p>\n\n<h2 class=\"wp-block-heading\"><mark style=\"background-color:rgba(0, 0, 0, 0)\" class=\"has-inline-color has-vivid-cyan-blue-color\">2\/ Ber\u00fccksichtigen Sie die Niederschlagsmenge in Ihrer Region und berechnen Sie das Potenzial an nutzbarem Regenwasser.<\/mark><\/h2>\n\n<p>Die Niederschlagsmenge in seiner Region ist ebenfalls ein guter Indikator daf\u00fcr, welches Speichersystem man w\u00e4hlen sollte. Auch wenn er isoliert betrachtet wird, kann er allein Ihre Entscheidung nicht beeinflussen. Sie m\u00fcssen tats\u00e4chlich eine kurze Berechnung des gewinnbaren Wasserpotenzials durchf\u00fchren. Die Berechnung lautet wie folgt:<\/p>\n\n<p>Dachfl\u00e4che in m2 X Jahresniederschlag X Verlustkoeffizient (Dachziegel 0.9 \/ Welldach: 0.8 \/ Flachdach: 0.7) = Gesammeltes Regenwasservolumen in Litern pro Jahr.<\/p>\n\n<p>Diese wichtige Angabe erm\u00f6glicht es Ihnen, sich f\u00fcr eine der auf dem Markt erh\u00e4ltlichen L\u00f6sungen zum Sammeln und Speichern von Regenwasser zu entscheiden. Sie gibt Ihnen eine Vorstellung davon, welche Dimensionierung Sie je nach Ergebnis in Betracht ziehen k\u00f6nnen.<\/p>\n\n<h2 class=\"wp-block-heading\"><mark style=\"background-color:rgba(0, 0, 0, 0)\" class=\"has-inline-color has-vivid-cyan-blue-color\">3\/ Ber\u00fccksichtigen Sie Ihre r\u00e4umlichen Beschr\u00e4nkungen.<\/mark><\/h2>\n\n<p>Sobald Sie Informationen \u00fcber Ihre Wassernutzung sowie das Potenzial an Regenwasser, das auf Ihrem Dach gesammelt werden kann, gesammelt haben, k\u00f6nnen Sie Ihre Wahl auf einen bestimmten Typ von Regenwassersammler (flexible Zisterne, Regenwassersammler aus Kunststoff, unterirdischer Tank) lenken.<\/p>\n\n<p>Nun m\u00fcssen Sie nur noch einen verf\u00fcgbaren Ort ausw\u00e4hlen, an dem Sie Ihr System installieren k\u00f6nnen. Sie m\u00fcssen Ihre Aufma\u00dfe (L\u00e4nge \/ Breite \/ H\u00f6he) genau nehmen. Dann m\u00fcssen Sie alle erhaltenen Indikatoren miteinander kreuzen, um die bestm\u00f6gliche Wahl zu treffen, die auf diesen drei Elementen beruht: Ihrem Bedarf an Regenwasser, dem Potenzial f\u00fcr die Regenwassernutzung sowie Ihren Platzbeschr\u00e4nkungen.<\/p>\n\n<p>Die L\u00f6sung mit einem flexiblen Tank ist in vielerlei Hinsicht diejenige mit dem besten Kosten-Nutzen-Verh\u00e4ltnis, wenn man einen kurzen Vergleich mit <a href=\"https:\/\/blog.maciterneecolo.fr\/at\/top-5-der-regenwassersammler-in-frankreich\/\">anderen<\/a> auf dem Markt befindlichen <a href=\"https:\/\/blog.maciterneecolo.fr\/at\/top-5-der-regenwassersammler-in-frankreich\/\">Regenwassersammlern<\/a> anstellt. Er kann dank seiner geringen H\u00f6he und seines formbaren Charakters unter einem Kriechkeller oder einer Terrasse verborgen werden. Diese beiden Eigenschaften erh\u00f6hen die Verlegem\u00f6glichkeiten f\u00fcr dieses Regenwassersammelsystem erheblich, ohne dass Erdarbeiten durchgef\u00fchrt werden m\u00fcssen, die manchmal sehr teuer sind, wie es bei einer unterirdischen Zisterne der Fall ist.  <\/p>\n\n<h2 class=\"wp-block-heading\"><mark style=\"background-color:rgba(0, 0, 0, 0)\" class=\"has-inline-color has-vivid-cyan-blue-color\">4\/ Beurteilen Sie die Durchf\u00fchrbarkeit Ihres Projekts.<\/mark><\/h2>\n\n<p>Bevor Sie mit der Installation Ihres flexiblen Tanks beginnen, sollten Sie die technischen Einschr\u00e4nkungen ber\u00fccksichtigen, um die Durchf\u00fchrbarkeit Ihres Projekts zu beurteilen. Sie m\u00fcssen z. B. die Platzverh\u00e4ltnisse ber\u00fccksichtigen, aber auch die Anschl\u00fcsse, das zus\u00e4tzliche Material, das Sie vor der Installation Ihres flexiblen Tanks kaufen m\u00fcssen (Geotextil, verschiedene eventuelle Anschl\u00fcsse, die nicht im Lieferumfang enthalten sind, Sand zur Vorbereitung Ihrer Aufnahmeplattform usw.), sowie unverzichtbares Zubeh\u00f6r wie <a href=\"https:\/\/www.maciterneecolo.fr\/fr\/10-collecteur-de-gouttiere-eau-de-pluie-\">einen Regenwassersammler<\/a>.<\/p>\n\n<h2 class=\"wp-block-heading\"><mark style=\"background-color:rgba(0, 0, 0, 0)\" class=\"has-inline-color has-vivid-cyan-blue-color\">5\/ Bestimmen Sie das Budget, das Sie f\u00fcr Ihren Wassertank ausgeben m\u00f6chten.<\/mark><\/h2>\n\n<p>Das Budget ist ein Schl\u00fcsselelement, das Ihre Wahl ebenfalls beeinflussen wird. Daher ist es unerl\u00e4sslich, dass Sie ihn vor Ihrem Projekt festlegen. Wenn Sie sich f\u00fcr einen flexiblen Wassertank entscheiden, garantiert Ihnen dies niedrige Installationskosten, da keine gro\u00dfen Arbeiten wie Erdarbeiten erforderlich sind, wie es bei anderen Regenwassersammelsystemen der Fall ist (unterirdische Tanks).  <\/p>\n\n<h2 class=\"wp-block-heading\"><mark style=\"background-color:rgba(0, 0, 0, 0)\" class=\"has-inline-color has-vivid-cyan-blue-color\">6\/ Sch\u00e4tzen Sie Ihre handwerklichen F\u00e4higkeiten ein, um die Installation je nach gew\u00e4hltem System erfolgreich durchzuf\u00fchren.<\/mark><\/h2>\n\n<p>Schlie\u00dflich und wie bei allen Installationen, die Heimwerkerkenntnisse erfordern, sollten Sie abw\u00e4gen, ob Sie in der Lage sind, die Installation selbst durchzuf\u00fchren. Wenn Sie sich f\u00fcr eine flexible Regenwasserzisterne meine \u00d6kozisterne entscheiden, k\u00f6nnen Sie sich gerne <a href=\"https:\/\/www.maciterneecolo.fr\/fr\/content\/6-guide-de-tailles\">die Installationsanleitungen<\/a> ansehen, die Ihnen auf unserer Website zur Verf\u00fcgung stehen. So k\u00f6nnen Sie sich ein Bild von den Anschl\u00fcssen, den Feinheiten der Anschl\u00fcsse und der Installation eines flexiblen Tanks mit Zubeh\u00f6r machen, bevor Sie loslegen.<\/p>\n\n<p>Wenn Sie sich nicht sicher sind, z\u00f6gern Sie nicht, professionelle Hilfe in Anspruch zu nehmen, denn ein Klempner kann Ihnen helfen.<\/p>\n","protected":false},"excerpt":{"rendered":"<p>Alle unsere Ratschl\u00e4ge, um beruhigt in eine Regenwasserspeicherl\u00f6sung zu investieren!  <\/p>\n","protected":false},"author":4,"featured_media":9568,"comment_status":"open","ping_status":"closed","sticky":true,"template":"","format":"standard","meta":{"inline_featured_image":false,"footnotes":""},"categories":[1358,1,2258],"tags":[],"class_list":["post-9749","post","type-post","status-publish","format-standard","has-post-thumbnail","hentry","category-citernes-souples-at","category-non-classifiee","category-tipps-zur-richtigen-auswahl-eines-flexiblen-tanks"],"yoast_head":"<!-- This site is optimized with the Yoast SEO plugin v27.5 - https:\/\/yoast.com\/product\/yoast-seo-wordpress\/ -->\n<title>Wie w\u00e4hle ich meinen flexiblen Tank richtig aus? - Blog Ma Citerne Ecolo<\/title>\n<meta name=\"description\" content=\"Hier sind einige Tipps, die Ihnen bei der Auswahl des Regenwassersammlers helfen, der perfekt zu Ihren Bed\u00fcrfnissen passt!\" \/>\n<meta name=\"robots\" content=\"index, follow, max-snippet:-1, max-image-preview:large, max-video-preview:-1\" \/>\n<link rel=\"canonical\" href=\"https:\/\/blog.maciterneecolo.fr\/at\/wie-waehle-ich-meinen-flexiblen-tank-richtig-aus\/\" \/>\n<meta property=\"og:locale\" content=\"de_DE\" \/>\n<meta property=\"og:type\" content=\"article\" \/>\n<meta property=\"og:title\" content=\"Wie w\u00e4hle ich meinen flexiblen Tank richtig aus? - Blog Ma Citerne Ecolo\" \/>\n<meta property=\"og:description\" content=\"Hier sind einige Tipps, die Ihnen bei der Auswahl des Regenwassersammlers helfen, der perfekt zu Ihren Bed\u00fcrfnissen passt!\" \/>\n<meta property=\"og:url\" content=\"https:\/\/blog.maciterneecolo.fr\/at\/wie-waehle-ich-meinen-flexiblen-tank-richtig-aus\/\" \/>\n<meta property=\"og:site_name\" content=\"Blog Ma Citerne Ecolo\" \/>\n<meta property=\"article:published_time\" content=\"2023-12-15T15:50:40+00:00\" \/>\n<meta property=\"article:modified_time\" content=\"2024-01-06T12:16:14+00:00\" \/>\n<meta property=\"og:image\" content=\"https:\/\/blog.maciterneecolo.fr\/wp-content\/uploads\/2023\/12\/beretti-1-scaled.jpeg\" \/>\n\t<meta property=\"og:image:width\" content=\"2560\" \/>\n\t<meta property=\"og:image:height\" content=\"1920\" \/>\n\t<meta property=\"og:image:type\" content=\"image\/jpeg\" \/>\n<meta name=\"author\" content=\"B\u00e9n\u00e9dicte Rebolloso\" \/>\n<meta name=\"twitter:card\" content=\"summary_large_image\" \/>\n<meta name=\"twitter:label1\" content=\"Verfasst von\" \/>\n\t<meta name=\"twitter:data1\" content=\"B\u00e9n\u00e9dicte Rebolloso\" \/>\n\t<meta name=\"twitter:label2\" content=\"Gesch\u00e4tzte Lesezeit\" \/>\n\t<meta name=\"twitter:data2\" content=\"5 Minuten\" \/>\n<script type=\"application\/ld+json\" class=\"yoast-schema-graph\">{\"@context\":\"https:\\\/\\\/schema.org\",\"@graph\":[{\"@type\":\"Article\",\"@id\":\"https:\\\/\\\/blog.maciterneecolo.fr\\\/at\\\/wie-waehle-ich-meinen-flexiblen-tank-richtig-aus\\\/#article\",\"isPartOf\":{\"@id\":\"https:\\\/\\\/blog.maciterneecolo.fr\\\/at\\\/wie-waehle-ich-meinen-flexiblen-tank-richtig-aus\\\/\"},\"author\":{\"name\":\"B\u00e9n\u00e9dicte Rebolloso\",\"@id\":\"https:\\\/\\\/blog.maciterneecolo.fr\\\/at\\\/#\\\/schema\\\/person\\\/fe50d00b4e639107698e1ddead236943\"},\"headline\":\"Wie w\u00e4hle ich meinen flexiblen Tank richtig aus?\",\"datePublished\":\"2023-12-15T15:50:40+00:00\",\"dateModified\":\"2024-01-06T12:16:14+00:00\",\"mainEntityOfPage\":{\"@id\":\"https:\\\/\\\/blog.maciterneecolo.fr\\\/at\\\/wie-waehle-ich-meinen-flexiblen-tank-richtig-aus\\\/\"},\"wordCount\":909,\"commentCount\":0,\"publisher\":{\"@id\":\"https:\\\/\\\/blog.maciterneecolo.fr\\\/at\\\/#organization\"},\"image\":{\"@id\":\"https:\\\/\\\/blog.maciterneecolo.fr\\\/at\\\/wie-waehle-ich-meinen-flexiblen-tank-richtig-aus\\\/#primaryimage\"},\"thumbnailUrl\":\"https:\\\/\\\/blog.maciterneecolo.fr\\\/wp-content\\\/uploads\\\/2023\\\/12\\\/beretti-1-scaled.jpeg\",\"articleSection\":[\"Citernes Souples\",\"Non classifi\u00e9(e)\",\"tipps zur richtigen auswahl eines flexiblen tanks\"],\"inLanguage\":\"de-AT\",\"potentialAction\":[{\"@type\":\"CommentAction\",\"name\":\"Comment\",\"target\":[\"https:\\\/\\\/blog.maciterneecolo.fr\\\/at\\\/wie-waehle-ich-meinen-flexiblen-tank-richtig-aus\\\/#respond\"]}]},{\"@type\":\"WebPage\",\"@id\":\"https:\\\/\\\/blog.maciterneecolo.fr\\\/at\\\/wie-waehle-ich-meinen-flexiblen-tank-richtig-aus\\\/\",\"url\":\"https:\\\/\\\/blog.maciterneecolo.fr\\\/at\\\/wie-waehle-ich-meinen-flexiblen-tank-richtig-aus\\\/\",\"name\":\"Wie w\u00e4hle ich meinen flexiblen Tank richtig aus? - Blog Ma Citerne Ecolo\",\"isPartOf\":{\"@id\":\"https:\\\/\\\/blog.maciterneecolo.fr\\\/at\\\/#website\"},\"primaryImageOfPage\":{\"@id\":\"https:\\\/\\\/blog.maciterneecolo.fr\\\/at\\\/wie-waehle-ich-meinen-flexiblen-tank-richtig-aus\\\/#primaryimage\"},\"image\":{\"@id\":\"https:\\\/\\\/blog.maciterneecolo.fr\\\/at\\\/wie-waehle-ich-meinen-flexiblen-tank-richtig-aus\\\/#primaryimage\"},\"thumbnailUrl\":\"https:\\\/\\\/blog.maciterneecolo.fr\\\/wp-content\\\/uploads\\\/2023\\\/12\\\/beretti-1-scaled.jpeg\",\"datePublished\":\"2023-12-15T15:50:40+00:00\",\"dateModified\":\"2024-01-06T12:16:14+00:00\",\"description\":\"Hier sind einige Tipps, die Ihnen bei der Auswahl des Regenwassersammlers helfen, der perfekt zu Ihren Bed\u00fcrfnissen passt!\",\"breadcrumb\":{\"@id\":\"https:\\\/\\\/blog.maciterneecolo.fr\\\/at\\\/wie-waehle-ich-meinen-flexiblen-tank-richtig-aus\\\/#breadcrumb\"},\"inLanguage\":\"de-AT\",\"potentialAction\":[{\"@type\":\"ReadAction\",\"target\":[\"https:\\\/\\\/blog.maciterneecolo.fr\\\/at\\\/wie-waehle-ich-meinen-flexiblen-tank-richtig-aus\\\/\"]}]},{\"@type\":\"ImageObject\",\"inLanguage\":\"de-AT\",\"@id\":\"https:\\\/\\\/blog.maciterneecolo.fr\\\/at\\\/wie-waehle-ich-meinen-flexiblen-tank-richtig-aus\\\/#primaryimage\",\"url\":\"https:\\\/\\\/blog.maciterneecolo.fr\\\/wp-content\\\/uploads\\\/2023\\\/12\\\/beretti-1-scaled.jpeg\",\"contentUrl\":\"https:\\\/\\\/blog.maciterneecolo.fr\\\/wp-content\\\/uploads\\\/2023\\\/12\\\/beretti-1-scaled.jpeg\",\"width\":2560,\"height\":1920,\"caption\":\"Citerne souple stockage eau de pluie\"},{\"@type\":\"BreadcrumbList\",\"@id\":\"https:\\\/\\\/blog.maciterneecolo.fr\\\/at\\\/wie-waehle-ich-meinen-flexiblen-tank-richtig-aus\\\/#breadcrumb\",\"itemListElement\":[{\"@type\":\"ListItem\",\"position\":1,\"name\":\"Accueil\",\"item\":\"https:\\\/\\\/blog.maciterneecolo.fr\\\/at\\\/startseite\\\/\"},{\"@type\":\"ListItem\",\"position\":2,\"name\":\"Wie w\u00e4hle ich meinen flexiblen Tank richtig aus?\"}]},{\"@type\":\"WebSite\",\"@id\":\"https:\\\/\\\/blog.maciterneecolo.fr\\\/at\\\/#website\",\"url\":\"https:\\\/\\\/blog.maciterneecolo.fr\\\/at\\\/\",\"name\":\"Blog Ma Citerne Ecolo\",\"description\":\"Leader dans le domaine de la citerne souple d&#039;eau de pluie\",\"publisher\":{\"@id\":\"https:\\\/\\\/blog.maciterneecolo.fr\\\/at\\\/#organization\"},\"potentialAction\":[{\"@type\":\"SearchAction\",\"target\":{\"@type\":\"EntryPoint\",\"urlTemplate\":\"https:\\\/\\\/blog.maciterneecolo.fr\\\/at\\\/?s={search_term_string}\"},\"query-input\":{\"@type\":\"PropertyValueSpecification\",\"valueRequired\":true,\"valueName\":\"search_term_string\"}}],\"inLanguage\":\"de-AT\"},{\"@type\":\"Organization\",\"@id\":\"https:\\\/\\\/blog.maciterneecolo.fr\\\/at\\\/#organization\",\"name\":\"Blog Ma Citerne Ecolo\",\"url\":\"https:\\\/\\\/blog.maciterneecolo.fr\\\/at\\\/\",\"logo\":{\"@type\":\"ImageObject\",\"inLanguage\":\"de-AT\",\"@id\":\"https:\\\/\\\/blog.maciterneecolo.fr\\\/at\\\/#\\\/schema\\\/logo\\\/image\\\/\",\"url\":\"https:\\\/\\\/blog.maciterneecolo.fr\\\/wp-content\\\/uploads\\\/2022\\\/12\\\/cropped-favicon-blog.png\",\"contentUrl\":\"https:\\\/\\\/blog.maciterneecolo.fr\\\/wp-content\\\/uploads\\\/2022\\\/12\\\/cropped-favicon-blog.png\",\"width\":512,\"height\":512,\"caption\":\"Blog Ma Citerne Ecolo\"},\"image\":{\"@id\":\"https:\\\/\\\/blog.maciterneecolo.fr\\\/at\\\/#\\\/schema\\\/logo\\\/image\\\/\"}},{\"@type\":\"Person\",\"@id\":\"https:\\\/\\\/blog.maciterneecolo.fr\\\/at\\\/#\\\/schema\\\/person\\\/fe50d00b4e639107698e1ddead236943\",\"name\":\"B\u00e9n\u00e9dicte Rebolloso\",\"image\":{\"@type\":\"ImageObject\",\"inLanguage\":\"de-AT\",\"@id\":\"https:\\\/\\\/secure.gravatar.com\\\/avatar\\\/ffa759db2a4d8ebb52a58b89d3dc2a9f0395a5122bb839045a145d6585de1126?s=96&d=mm&r=g\",\"url\":\"https:\\\/\\\/secure.gravatar.com\\\/avatar\\\/ffa759db2a4d8ebb52a58b89d3dc2a9f0395a5122bb839045a145d6585de1126?s=96&d=mm&r=g\",\"contentUrl\":\"https:\\\/\\\/secure.gravatar.com\\\/avatar\\\/ffa759db2a4d8ebb52a58b89d3dc2a9f0395a5122bb839045a145d6585de1126?s=96&d=mm&r=g\",\"caption\":\"B\u00e9n\u00e9dicte Rebolloso\"},\"url\":\"https:\\\/\\\/blog.maciterneecolo.fr\\\/at\\\/author\\\/benedicterebolloso\\\/\"}]}<\/script>\n<!-- \/ Yoast SEO plugin. -->","yoast_head_json":{"title":"Wie w\u00e4hle ich meinen flexiblen Tank richtig aus? - Blog Ma Citerne Ecolo","description":"Hier sind einige Tipps, die Ihnen bei der Auswahl des Regenwassersammlers helfen, der perfekt zu Ihren Bed\u00fcrfnissen passt!","robots":{"index":"index","follow":"follow","max-snippet":"max-snippet:-1","max-image-preview":"max-image-preview:large","max-video-preview":"max-video-preview:-1"},"canonical":"https:\/\/blog.maciterneecolo.fr\/at\/wie-waehle-ich-meinen-flexiblen-tank-richtig-aus\/","og_locale":"de_DE","og_type":"article","og_title":"Wie w\u00e4hle ich meinen flexiblen Tank richtig aus? - Blog Ma Citerne Ecolo","og_description":"Hier sind einige Tipps, die Ihnen bei der Auswahl des Regenwassersammlers helfen, der perfekt zu Ihren Bed\u00fcrfnissen passt!","og_url":"https:\/\/blog.maciterneecolo.fr\/at\/wie-waehle-ich-meinen-flexiblen-tank-richtig-aus\/","og_site_name":"Blog Ma Citerne Ecolo","article_published_time":"2023-12-15T15:50:40+00:00","article_modified_time":"2024-01-06T12:16:14+00:00","og_image":[{"width":2560,"height":1920,"url":"https:\/\/blog.maciterneecolo.fr\/wp-content\/uploads\/2023\/12\/beretti-1-scaled.jpeg","type":"image\/jpeg"}],"author":"B\u00e9n\u00e9dicte Rebolloso","twitter_card":"summary_large_image","twitter_misc":{"Verfasst von":"B\u00e9n\u00e9dicte Rebolloso","Gesch\u00e4tzte Lesezeit":"5 Minuten"},"schema":{"@context":"https:\/\/schema.org","@graph":[{"@type":"Article","@id":"https:\/\/blog.maciterneecolo.fr\/at\/wie-waehle-ich-meinen-flexiblen-tank-richtig-aus\/#article","isPartOf":{"@id":"https:\/\/blog.maciterneecolo.fr\/at\/wie-waehle-ich-meinen-flexiblen-tank-richtig-aus\/"},"author":{"name":"B\u00e9n\u00e9dicte Rebolloso","@id":"https:\/\/blog.maciterneecolo.fr\/at\/#\/schema\/person\/fe50d00b4e639107698e1ddead236943"},"headline":"Wie w\u00e4hle ich meinen flexiblen Tank richtig aus?","datePublished":"2023-12-15T15:50:40+00:00","dateModified":"2024-01-06T12:16:14+00:00","mainEntityOfPage":{"@id":"https:\/\/blog.maciterneecolo.fr\/at\/wie-waehle-ich-meinen-flexiblen-tank-richtig-aus\/"},"wordCount":909,"commentCount":0,"publisher":{"@id":"https:\/\/blog.maciterneecolo.fr\/at\/#organization"},"image":{"@id":"https:\/\/blog.maciterneecolo.fr\/at\/wie-waehle-ich-meinen-flexiblen-tank-richtig-aus\/#primaryimage"},"thumbnailUrl":"https:\/\/blog.maciterneecolo.fr\/wp-content\/uploads\/2023\/12\/beretti-1-scaled.jpeg","articleSection":["Citernes Souples","Non classifi\u00e9(e)","tipps zur richtigen auswahl eines flexiblen tanks"],"inLanguage":"de-AT","potentialAction":[{"@type":"CommentAction","name":"Comment","target":["https:\/\/blog.maciterneecolo.fr\/at\/wie-waehle-ich-meinen-flexiblen-tank-richtig-aus\/#respond"]}]},{"@type":"WebPage","@id":"https:\/\/blog.maciterneecolo.fr\/at\/wie-waehle-ich-meinen-flexiblen-tank-richtig-aus\/","url":"https:\/\/blog.maciterneecolo.fr\/at\/wie-waehle-ich-meinen-flexiblen-tank-richtig-aus\/","name":"Wie w\u00e4hle ich meinen flexiblen Tank richtig aus? - Blog Ma Citerne Ecolo","isPartOf":{"@id":"https:\/\/blog.maciterneecolo.fr\/at\/#website"},"primaryImageOfPage":{"@id":"https:\/\/blog.maciterneecolo.fr\/at\/wie-waehle-ich-meinen-flexiblen-tank-richtig-aus\/#primaryimage"},"image":{"@id":"https:\/\/blog.maciterneecolo.fr\/at\/wie-waehle-ich-meinen-flexiblen-tank-richtig-aus\/#primaryimage"},"thumbnailUrl":"https:\/\/blog.maciterneecolo.fr\/wp-content\/uploads\/2023\/12\/beretti-1-scaled.jpeg","datePublished":"2023-12-15T15:50:40+00:00","dateModified":"2024-01-06T12:16:14+00:00","description":"Hier sind einige Tipps, die Ihnen bei der Auswahl des Regenwassersammlers helfen, der perfekt zu Ihren Bed\u00fcrfnissen passt!","breadcrumb":{"@id":"https:\/\/blog.maciterneecolo.fr\/at\/wie-waehle-ich-meinen-flexiblen-tank-richtig-aus\/#breadcrumb"},"inLanguage":"de-AT","potentialAction":[{"@type":"ReadAction","target":["https:\/\/blog.maciterneecolo.fr\/at\/wie-waehle-ich-meinen-flexiblen-tank-richtig-aus\/"]}]},{"@type":"ImageObject","inLanguage":"de-AT","@id":"https:\/\/blog.maciterneecolo.fr\/at\/wie-waehle-ich-meinen-flexiblen-tank-richtig-aus\/#primaryimage","url":"https:\/\/blog.maciterneecolo.fr\/wp-content\/uploads\/2023\/12\/beretti-1-scaled.jpeg","contentUrl":"https:\/\/blog.maciterneecolo.fr\/wp-content\/uploads\/2023\/12\/beretti-1-scaled.jpeg","width":2560,"height":1920,"caption":"Citerne souple stockage eau de pluie"},{"@type":"BreadcrumbList","@id":"https:\/\/blog.maciterneecolo.fr\/at\/wie-waehle-ich-meinen-flexiblen-tank-richtig-aus\/#breadcrumb","itemListElement":[{"@type":"ListItem","position":1,"name":"Accueil","item":"https:\/\/blog.maciterneecolo.fr\/at\/startseite\/"},{"@type":"ListItem","position":2,"name":"Wie w\u00e4hle ich meinen flexiblen Tank richtig aus?"}]},{"@type":"WebSite","@id":"https:\/\/blog.maciterneecolo.fr\/at\/#website","url":"https:\/\/blog.maciterneecolo.fr\/at\/","name":"Blog Ma Citerne Ecolo","description":"Leader dans le domaine de la citerne souple d&#039;eau de pluie","publisher":{"@id":"https:\/\/blog.maciterneecolo.fr\/at\/#organization"},"potentialAction":[{"@type":"SearchAction","target":{"@type":"EntryPoint","urlTemplate":"https:\/\/blog.maciterneecolo.fr\/at\/?s={search_term_string}"},"query-input":{"@type":"PropertyValueSpecification","valueRequired":true,"valueName":"search_term_string"}}],"inLanguage":"de-AT"},{"@type":"Organization","@id":"https:\/\/blog.maciterneecolo.fr\/at\/#organization","name":"Blog Ma Citerne Ecolo","url":"https:\/\/blog.maciterneecolo.fr\/at\/","logo":{"@type":"ImageObject","inLanguage":"de-AT","@id":"https:\/\/blog.maciterneecolo.fr\/at\/#\/schema\/logo\/image\/","url":"https:\/\/blog.maciterneecolo.fr\/wp-content\/uploads\/2022\/12\/cropped-favicon-blog.png","contentUrl":"https:\/\/blog.maciterneecolo.fr\/wp-content\/uploads\/2022\/12\/cropped-favicon-blog.png","width":512,"height":512,"caption":"Blog Ma Citerne Ecolo"},"image":{"@id":"https:\/\/blog.maciterneecolo.fr\/at\/#\/schema\/logo\/image\/"}},{"@type":"Person","@id":"https:\/\/blog.maciterneecolo.fr\/at\/#\/schema\/person\/fe50d00b4e639107698e1ddead236943","name":"B\u00e9n\u00e9dicte Rebolloso","image":{"@type":"ImageObject","inLanguage":"de-AT","@id":"https:\/\/secure.gravatar.com\/avatar\/ffa759db2a4d8ebb52a58b89d3dc2a9f0395a5122bb839045a145d6585de1126?s=96&d=mm&r=g","url":"https:\/\/secure.gravatar.com\/avatar\/ffa759db2a4d8ebb52a58b89d3dc2a9f0395a5122bb839045a145d6585de1126?s=96&d=mm&r=g","contentUrl":"https:\/\/secure.gravatar.com\/avatar\/ffa759db2a4d8ebb52a58b89d3dc2a9f0395a5122bb839045a145d6585de1126?s=96&d=mm&r=g","caption":"B\u00e9n\u00e9dicte Rebolloso"},"url":"https:\/\/blog.maciterneecolo.fr\/at\/author\/benedicterebolloso\/"}]}},"_links":{"self":[{"href":"https:\/\/blog.maciterneecolo.fr\/at\/wp-json\/wp\/v2\/posts\/9749","targetHints":{"allow":["GET"]}}],"collection":[{"href":"https:\/\/blog.maciterneecolo.fr\/at\/wp-json\/wp\/v2\/posts"}],"about":[{"href":"https:\/\/blog.maciterneecolo.fr\/at\/wp-json\/wp\/v2\/types\/post"}],"author":[{"embeddable":true,"href":"https:\/\/blog.maciterneecolo.fr\/at\/wp-json\/wp\/v2\/users\/4"}],"replies":[{"embeddable":true,"href":"https:\/\/blog.maciterneecolo.fr\/at\/wp-json\/wp\/v2\/comments?post=9749"}],"version-history":[{"count":3,"href":"https:\/\/blog.maciterneecolo.fr\/at\/wp-json\/wp\/v2\/posts\/9749\/revisions"}],"predecessor-version":[{"id":9752,"href":"https:\/\/blog.maciterneecolo.fr\/at\/wp-json\/wp\/v2\/posts\/9749\/revisions\/9752"}],"wp:featuredmedia":[{"embeddable":true,"href":"https:\/\/blog.maciterneecolo.fr\/at\/wp-json\/wp\/v2\/media\/9568"}],"wp:attachment":[{"href":"https:\/\/blog.maciterneecolo.fr\/at\/wp-json\/wp\/v2\/media?parent=9749"}],"wp:term":[{"taxonomy":"category","embeddable":true,"href":"https:\/\/blog.maciterneecolo.fr\/at\/wp-json\/wp\/v2\/categories?post=9749"},{"taxonomy":"post_tag","embeddable":true,"href":"https:\/\/blog.maciterneecolo.fr\/at\/wp-json\/wp\/v2\/tags?post=9749"}],"curies":[{"name":"wp","href":"https:\/\/api.w.org\/{rel}","templated":true}]}}