{"id":10534,"date":"2024-01-27T07:30:06","date_gmt":"2024-01-27T07:30:06","guid":{"rendered":"https:\/\/blog.maciterneecolo.fr\/hvor-loeber-regnvandet-fra-tagrenderne-hen\/"},"modified":"2024-01-27T07:37:30","modified_gmt":"2024-01-27T07:37:30","slug":"hvor-loeber-regnvandet-fra-tagrenderne-hen","status":"publish","type":"post","link":"https:\/\/blog.maciterneecolo.fr\/da\/hvor-loeber-regnvandet-fra-tagrenderne-hen\/","title":{"rendered":"Hvor l\u00f8ber regnvandet fra tagrenderne hen?"},"content":{"rendered":"\n<p>N\u00e5r<strong>regnvandet<\/strong> er blevet opsamlet af <strong>tagrenderne<\/strong>, begynder det en rejse, der bestemmes af en r\u00e6kke tekniske og juridiske faktorer. Denne sti, der l\u00f8ber fra <strong>taget<\/strong> til <strong>jorden<\/strong>, rejser sp\u00f8rgsm\u00e5l om<strong>dr\u00e6ning<\/strong> og<strong>afstr\u00f8mning<\/strong> i b\u00e5de by- og landomr\u00e5der. Vores artikel unders\u00f8ger <strong>regnvandets<\/strong> sk\u00e6bne, fra det opsamles til det integreres i <strong>vandnettet<\/strong> eller bruges. Indsatsen er lige s\u00e5 h\u00f8j for <strong>husejeren<\/strong> som for milj\u00f8et, og det kr\u00e6ver b\u00e5de praktiske og lovgivningsm\u00e6ssige <strong>l\u00f8sninger<\/strong>.<\/p>\n\n<hr class=\"wp-block-separator has-alpha-channel-opacity\"\/>\n<div class=\"wp-block-image\">\n<figure class=\"aligncenter size-large\"><img fetchpriority=\"high\" decoding=\"async\" width=\"1024\" height=\"585\" src=\"https:\/\/blog.maciterneecolo.fr\/wp-content\/uploads\/2024\/01\/0832d8fe-0114-4d1d-a56e-9771dc25691d-1024x585.webp\" alt=\"\" class=\"wp-image-10497\" srcset=\"https:\/\/blog.maciterneecolo.fr\/wp-content\/uploads\/2024\/01\/0832d8fe-0114-4d1d-a56e-9771dc25691d-1024x585.webp 1024w, https:\/\/blog.maciterneecolo.fr\/wp-content\/uploads\/2024\/01\/0832d8fe-0114-4d1d-a56e-9771dc25691d-300x171.webp 300w, https:\/\/blog.maciterneecolo.fr\/wp-content\/uploads\/2024\/01\/0832d8fe-0114-4d1d-a56e-9771dc25691d-768x439.webp 768w, https:\/\/blog.maciterneecolo.fr\/wp-content\/uploads\/2024\/01\/0832d8fe-0114-4d1d-a56e-9771dc25691d-1536x878.webp 1536w, https:\/\/blog.maciterneecolo.fr\/wp-content\/uploads\/2024\/01\/0832d8fe-0114-4d1d-a56e-9771dc25691d.webp 1792w\" sizes=\"(max-width: 1024px) 100vw, 1024px\" \/><\/figure>\n<\/div>\n<hr class=\"wp-block-separator has-alpha-channel-opacity\"\/>\n\n<h2 class=\"wp-block-heading\"><strong><mark style=\"background-color:rgba(0, 0, 0, 0)\" class=\"has-inline-color has-vivid-cyan-blue-color\">Regnvandets vej fra taget<\/mark><\/strong><\/h2>\n\n<h3 class=\"wp-block-heading\"><strong><mark style=\"background-color:rgba(0, 0, 0, 0)\" class=\"has-inline-color has-vivid-cyan-blue-color\">Opsamling gennem tagrender<\/mark><\/strong><\/h3>\n\n<p>Opsamling af regnvand gennem <strong>tagrender<\/strong> er et grundl\u00e6ggende trin i <strong>regnvandsh\u00e5ndtering<\/strong>. Disse strukturer, der er fastgjort langs <strong>taget<\/strong>, er designet til at opsamle og lede alt vandet til <strong>nedl\u00f8bsr\u00f8rene<\/strong>. De anvendte <strong>materialer<\/strong>, s\u00e5som <strong>PVC<\/strong>, <strong>zink<\/strong>, <strong>kobber<\/strong>, <strong>st\u00e5l<\/strong> eller <strong>aluminium<\/strong>, skal garantere holdbarhed og effektivitet i forhold til forskellige klimatiske forhold. Effektiv dr\u00e6ning er afg\u00f8rende for at undg\u00e5 problemer med <strong>infiltration<\/strong> i bygningskonstruktionen og for at bevare fundamentets integritet. Desuden er en veldesignet og vedligeholdt <strong>tagrende<\/strong> afg\u00f8rende for at reducere risikoen for vandm\u00e6tning og overbelastning af <strong>afl\u00f8bssystemet<\/strong>.<\/p>\n\n<h4 class=\"wp-block-heading\"><strong><mark style=\"background-color:rgba(0, 0, 0, 0)\" class=\"has-inline-color has-vivid-cyan-blue-color\">Nedl\u00f8bsr\u00f8r og afl\u00f8b til regnvand<\/mark><\/strong><\/h4>\n\n<p>Efter <a href=\"https:\/\/www.maciterneecolo.fr\/fr\/10-collecteur-de-gouttiere-eau-de-pluie-\"><strong>opsamling<\/strong> gennem <strong>tagrenderne<\/strong><\/a> ledes<strong>regnvandet<\/strong> <strong>ned<\/strong> ad bakke. Disse lodrette r\u00f8r, der er vigtige i <strong>afl\u00f8bssystemet<\/strong>, leder vandet ned i <strong>jorden<\/strong> eller til et <strong>afl\u00f8bssystem<\/strong>. Deres design skal sikre et konstant, uhindret flow og forhindre overl\u00f8b og infiltration. Materialer som<strong>galvaniseret st\u00e5l <\/strong>eller<strong> <\/strong><strong>kobber<\/strong> er valgt p\u00e5 grund af deres modstandsdygtighed og tilpasningsevne til udend\u00f8rs forhold. Effektiv h\u00e5ndtering af denne<strong>evakueringsfase<\/strong> er afg\u00f8rende for at forhindre vand i at samle sig omkring <strong>husets<\/strong> fundament, hvilket reducerer risikoen for infiltration og strukturelle skader. Desuden er et veldesignet nedl\u00f8bsr\u00f8r et vigtigt element i at lede vandet til \u00f8kologisk ansvarlige <strong>genanvendelses-<\/strong> eller <strong>dr\u00e6ningsl\u00f8sninger<\/strong>.<\/p>\n<div class=\"wp-block-image\">\n<figure class=\"aligncenter size-large\"><img decoding=\"async\" width=\"1024\" height=\"585\" src=\"https:\/\/blog.maciterneecolo.fr\/wp-content\/uploads\/2024\/01\/7c1bfc6a-5f1b-4579-97c5-ec8a65efc801-1024x585.webp\" alt=\"\" class=\"wp-image-10506\" srcset=\"https:\/\/blog.maciterneecolo.fr\/wp-content\/uploads\/2024\/01\/7c1bfc6a-5f1b-4579-97c5-ec8a65efc801-1024x585.webp 1024w, https:\/\/blog.maciterneecolo.fr\/wp-content\/uploads\/2024\/01\/7c1bfc6a-5f1b-4579-97c5-ec8a65efc801-300x171.webp 300w, https:\/\/blog.maciterneecolo.fr\/wp-content\/uploads\/2024\/01\/7c1bfc6a-5f1b-4579-97c5-ec8a65efc801-768x439.webp 768w, https:\/\/blog.maciterneecolo.fr\/wp-content\/uploads\/2024\/01\/7c1bfc6a-5f1b-4579-97c5-ec8a65efc801-1536x878.webp 1536w, https:\/\/blog.maciterneecolo.fr\/wp-content\/uploads\/2024\/01\/7c1bfc6a-5f1b-4579-97c5-ec8a65efc801.webp 1792w\" sizes=\"(max-width: 1024px) 100vw, 1024px\" \/><\/figure>\n<\/div>\n<h4 class=\"wp-block-heading\"><strong><mark style=\"background-color:rgba(0, 0, 0, 0)\" class=\"has-inline-color has-vivid-cyan-blue-color\">Regnvandsnetv\u00e6rk og infiltration<\/mark><\/strong><\/h4>\n\n<p>N\u00e5r<strong>regnvandet<\/strong> er blevet ledt gennem <strong>nedl\u00f8bsr\u00f8rene<\/strong>, l\u00f8ber det enten ud i et <strong>offentligt afl\u00f8bssystem<\/strong> eller i systemer til h\u00e5ndtering p\u00e5 stedet. I byomr\u00e5der er det ofte integreret i <strong>kloaksystemet<\/strong> og bidrager til den overordnede h\u00e5ndtering af <strong>regnvand<\/strong>. I landlige omr\u00e5der eller i \u00f8ko-bygninger foretr\u00e6kkes <strong>nedsivning<\/strong> af vand i <strong>jorden<\/strong> via regnbede eller nedsivningsbr\u00f8nde. Denne \u00f8kologiske tilgang hj\u00e6lper med at rehydrere grundvandet og begr\u00e6nse overfladeafstr\u00f8mningen. <strong>Infiltration<\/strong> er et n\u00f8gleelement i b\u00e6redygtig h\u00e5ndtering af <strong>regnvand<\/strong>, hvilket reducerer presset p\u00e5 byernes kloaksystemer og forbedrer vandkvaliteten.<\/p>\n\n<h2 class=\"wp-block-heading\"><strong><mark style=\"background-color:rgba(0, 0, 0, 0)\" class=\"has-inline-color has-vivid-cyan-blue-color\">Jura og ejendomsadministration<\/mark><\/strong><\/h2>\n\n<h3 class=\"wp-block-heading\"><strong><mark style=\"background-color:rgba(0, 0, 0, 0)\" class=\"has-inline-color has-vivid-cyan-blue-color\">Ejendomsrettigheder og ansvar<\/mark><\/strong><\/h3>\n\n<p><strong>Civilloven<\/strong> fasts\u00e6tter <strong>grundejeres<\/strong> rettigheder og pligter med hensyn til<strong>regnvandsafstr\u00f8mning<\/strong>. <strong>Bygningsstandarder<\/strong> og <strong>dr\u00e6ningsservitutter<\/strong> kan definere <strong>vandets<\/strong> vej p\u00e5 en <strong>ejendom<\/strong>.<\/p>\n\n<h3 class=\"wp-block-heading\"><strong><mark style=\"background-color:rgba(0, 0, 0, 0)\" class=\"has-inline-color has-vivid-cyan-blue-color\">Servitutter og naboer<\/mark><\/strong><\/h3>\n\n<p>Sp\u00f8rgsm\u00e5l om <strong>servitutter<\/strong> og <strong>naborettigheder<\/strong> opst\u00e5r, n\u00e5r <strong>vandafstr\u00f8mning<\/strong> involverer flere <strong>ejendomme<\/strong>. <strong>Civilloven<\/strong> fasts\u00e6tter forpligtelser i forbindelse med<strong>dr\u00e6ning<\/strong> og potentiel <strong>nedsivning<\/strong> til <strong>naboens<\/strong> ejendom.<\/p>\n\n<h3 class=\"wp-block-heading\"><strong><mark style=\"background-color:rgba(0, 0, 0, 0)\" class=\"has-inline-color has-vivid-cyan-blue-color\">Forordninger og lokale myndigheder<\/mark><\/strong><\/h3>\n\n<p>De <strong>lokale myndigheder<\/strong> og den <strong>offentlige<\/strong> lovgivning stiller krav til<strong>bortledning af<\/strong> <strong>regnvand via en tank eller p\u00e5 anden m\u00e5de<\/strong>. <strong>Resultaterne af<\/strong> disse regler har indflydelse p\u00e5 <strong>tagrendearbejdet<\/strong> og <strong>vandh\u00e5ndteringen<\/strong> p\u00e5 <strong>byggepladsen<\/strong>.<\/p>\n\n<h2 class=\"wp-block-heading\"><strong><mark style=\"background-color:rgba(0, 0, 0, 0)\" class=\"has-inline-color has-vivid-cyan-blue-color\">Tekniske og \u00f8kologiske l\u00f8sninger<\/mark><\/strong><\/h2>\n\n<h3 class=\"wp-block-heading\"><strong><mark style=\"background-color:rgba(0, 0, 0, 0)\" class=\"has-inline-color has-vivid-cyan-blue-color\">Opsamling og lagring af regnvand<\/mark><\/strong><\/h3>\n\n<p>Systemer til opsamling og lagring af<strong> regnvand<\/strong> er et \u00f8kologisk og \u00f8konomisk alternativ til at bruge drikkevand til andre form\u00e5l end at drikke det. Disse systemer opsamler<strong>vand<\/strong> fra <strong>tagene<\/strong> via <strong>tagrender<\/strong> og opbevarer det i <strong>tanke<\/strong> eller <strong>skimmere<\/strong>. Det opsamlede<strong>vand<\/strong> kan bruges til <strong>havevanding<\/strong>, reng\u00f8ring eller endda, efter behandling, til visse husholdningsform\u00e5l. Denne proces reducerer afh\u00e6ngigheden af kommunalt vand, reducerer omkostningerne for forbrugerne og bidrager til b\u00e6redygtig forvaltning af vandressourcer ved at lette presset p\u00e5 offentlige<strong> regnvandsafl\u00f8b<\/strong> og behandlingssystemer.<\/p>\n\n<h3 class=\"wp-block-heading\"><strong><mark style=\"background-color:rgba(0, 0, 0, 0)\" class=\"has-inline-color has-vivid-cyan-blue-color\">Infiltration og milj\u00f8et<\/mark><\/strong><\/h3>\n\n<p><strong>Nedsivning af<\/strong> <strong>regnvand<\/strong> i <strong>jorden<\/strong> er afg\u00f8rende for milj\u00f8et. De er med til at genoplade grundvandsspejlet og reducere overfladeafstr\u00f8mningen og dermed erosionen og forureningen af vandl\u00f8bene. \u00d8kologiske metoder som regnhaver, nedsivningsanl\u00e6g og \u00f8kologiske afl\u00f8bssystemer bruges til at fremme denne infiltration. Ikke alene g\u00f8r disse teknikker det muligt at h\u00e5ndtere regnvand mere naturligt, de hj\u00e6lper ogs\u00e5 med at opretholde den lokale vandbalance og forbedre vandkvaliteten ved at filtrere forurenende stoffer, f\u00f8r de kommer ind i vandkredsl\u00f8bet.<\/p>\n\n<h3 class=\"wp-block-heading\"><strong><mark style=\"background-color:rgba(0, 0, 0, 0)\" class=\"has-inline-color has-vivid-cyan-blue-color\">Materialer og teknikker til tagrender<\/mark><\/strong><\/h3>\n\n<p>Valget af <strong>tagrendematerialer<\/strong> er afg\u00f8rende for deres holdbarhed og effektivitet. Popul\u00e6re valgmuligheder er <strong>PVC<\/strong>, der er let og billigt, korrosionsbestandigt<strong>aluminium<\/strong>, <strong>zink<\/strong>, der er v\u00e6rdsat for sin lange levetid og \u00e6stetiske appel, og <strong>kobber<\/strong>, der er kendt for sin styrke og karakteristiske patina. <strong>Tagrender<\/strong> skal ogs\u00e5 sikre optimal<strong>vandafledning<\/strong>, hvilket kr\u00e6ver et design, der er tilpasset <strong>tagets<\/strong> <strong>h\u00e6ldning<\/strong> og de lokale klimatiske forhold. Korrekt installation og regelm\u00e6ssig vedligeholdelse er afg\u00f8rende for at forhindre blokeringer og sikre effektiv afledning af <strong>regnvand<\/strong>.<\/p>\n\n<hr class=\"wp-block-separator has-alpha-channel-opacity\"\/>\n\n<figure class=\"wp-block-image size-large\"><img decoding=\"async\" width=\"1024\" height=\"768\" src=\"https:\/\/blog.maciterneecolo.fr\/wp-content\/uploads\/2024\/01\/beretti-1-1024x768.jpeg\" alt=\"\" class=\"wp-image-10515\" srcset=\"https:\/\/blog.maciterneecolo.fr\/wp-content\/uploads\/2024\/01\/beretti-1-1024x768.jpeg 1024w, https:\/\/blog.maciterneecolo.fr\/wp-content\/uploads\/2024\/01\/beretti-1-300x225.jpeg 300w, https:\/\/blog.maciterneecolo.fr\/wp-content\/uploads\/2024\/01\/beretti-1-768x576.jpeg 768w, https:\/\/blog.maciterneecolo.fr\/wp-content\/uploads\/2024\/01\/beretti-1-1536x1152.jpeg 1536w, https:\/\/blog.maciterneecolo.fr\/wp-content\/uploads\/2024\/01\/beretti-1-2048x1536.jpeg 2048w\" sizes=\"(max-width: 1024px) 100vw, 1024px\" \/><\/figure>\n\n<hr class=\"wp-block-separator has-alpha-channel-opacity\"\/>\n\n<h2 class=\"wp-block-heading\"><strong><mark style=\"background-color:rgba(0, 0, 0, 0)\" class=\"has-inline-color has-vivid-cyan-blue-color\">Hvorfor v\u00e6lge vores fleksible tank?<\/mark><\/strong><\/h2>\n\n<p>Vores <strong>genanvendelige fleksible tank<\/strong> udm\u00e6rker sig ved sin alsidighed og effektivitet. Den er fremstillet af materialer af h\u00f8j kvalitet, er us\u00e6dvanligt holdbar og kan modst\u00e5 ekstreme vejrforhold. Vores recuperator er nem at installere p\u00e5 en terrasse, i <a href=\"https:\/\/blog.maciterneecolo.fr\/da\/hvordan-installerer-du-en-fleksibel-tank-i-dit-krybekaelderrum\/\">en krybek\u00e6lder<\/a> eller i haven, og den passer perfekt til mange forskellige steder, ogs\u00e5 steder med begr\u00e6nset plads, og den <strong>kr\u00e6ver hverken arbejde eller vedligeholdelse<\/strong>. Den optimerede opbevaringskapacitet g\u00f8r det muligt at h\u00e5ndtere<strong>regnvand<\/strong> effektivt til brug i hjemmet eller i landbruget. Det er milj\u00f8venligt og hj\u00e6lper med at reducere afh\u00e6ngigheden af drikkevand og spare p\u00e5 vandet. Kort sagt er vores billige tank en praktisk, \u00f8konomisk og milj\u00f8venlig l\u00f8sning til opsamling af <strong>regnvand med vores svampe- og UV-beskyttende tank<\/strong>.<\/p>\n\n<h3 class=\"wp-block-heading\"><strong><mark style=\"background-color:rgba(0, 0, 0, 0)\" class=\"has-inline-color has-vivid-cyan-blue-color\">Konklusion  <\/mark><\/strong><\/h3>\n\n<p>H\u00e5ndtering af <strong>regnvand<\/strong> via <strong>tagrender<\/strong> er en kompleks proces, der kombinerer tekniske og juridiske aspekter. <strong>Dr\u00e6ning<\/strong>, <strong>opsamling<\/strong> og <a href=\"https:\/\/www.maciterneecolo.fr\/fr\/20-citernes-souples-d-eau-de-pluie\"><strong>genanvendelse af<\/strong> dette <strong>vand<\/strong><\/a> kr\u00e6ver en koordineret tilgang, der overholder <strong>civilretlige<\/strong> standarder og milj\u00f8krav. P\u00e5 denne m\u00e5de kan hver  <strong>ejer<\/strong>  skal overveje disse aspekter i forhold til en nabo for at sikre en optimal og ansvarlig forvaltning af  <strong>regnvand fra en tagh\u00e6ldning  <\/strong>eller andre processer via en  <strong>genanvendelse.<\/strong>  Uanset om du skal opsamle vand til huset, vande haven, fylde swimmingpoolen eller vaske bilen, guider vi dig til det bedste udvalg af produkter til de bedste priser til opsamling og opbevaring af dit regnvand!<\/p>\n","protected":false},"excerpt":{"rendered":"<p>Hvor l\u00f8ber regnvandet hen? Vi besvarer dine sp\u00f8rgsm\u00e5l i denne artikel.<\/p>\n","protected":false},"author":1,"featured_media":10490,"comment_status":"open","ping_status":"closed","sticky":false,"template":"","format":"standard","meta":{"inline_featured_image":false,"footnotes":""},"categories":[108],"tags":[],"class_list":["post-10534","post","type-post","status-publish","format-standard","has-post-thumbnail","hentry","category-alt-om-regnvand"],"yoast_head":"<!-- This site is optimized with the Yoast SEO plugin v27.5 - https:\/\/yoast.com\/product\/yoast-seo-wordpress\/ -->\n<title>Hvor l\u00f8ber regnvandet fra tagrenderne hen? - Blog Ma Citerne Ecolo<\/title>\n<meta name=\"robots\" content=\"index, follow, max-snippet:-1, max-image-preview:large, max-video-preview:-1\" \/>\n<link rel=\"canonical\" href=\"https:\/\/blog.maciterneecolo.fr\/da\/hvor-loeber-regnvandet-fra-tagrenderne-hen\/\" \/>\n<meta property=\"og:locale\" content=\"da_DK\" \/>\n<meta property=\"og:type\" content=\"article\" \/>\n<meta property=\"og:title\" content=\"Hvor l\u00f8ber regnvandet fra tagrenderne hen? - Blog Ma Citerne Ecolo\" \/>\n<meta property=\"og:description\" content=\"Hvor l\u00f8ber regnvandet hen? Vi besvarer dine sp\u00f8rgsm\u00e5l i denne artikel.\" \/>\n<meta property=\"og:url\" content=\"https:\/\/blog.maciterneecolo.fr\/da\/hvor-loeber-regnvandet-fra-tagrenderne-hen\/\" \/>\n<meta property=\"og:site_name\" content=\"Blog Ma Citerne Ecolo\" \/>\n<meta property=\"article:published_time\" content=\"2024-01-27T07:30:06+00:00\" \/>\n<meta property=\"article:modified_time\" content=\"2024-01-27T07:37:30+00:00\" \/>\n<meta property=\"og:image\" content=\"https:\/\/blog.maciterneecolo.fr\/wp-content\/uploads\/2024\/01\/Combien-de-temps-peut-on-conserver-leau-de-pluie-visuel-image.png\" \/>\n\t<meta property=\"og:image:width\" content=\"940\" \/>\n\t<meta property=\"og:image:height\" content=\"788\" \/>\n\t<meta property=\"og:image:type\" content=\"image\/png\" \/>\n<meta name=\"author\" content=\"admin\" \/>\n<meta name=\"twitter:card\" content=\"summary_large_image\" \/>\n<meta name=\"twitter:label1\" content=\"Skrevet af\" \/>\n\t<meta name=\"twitter:data1\" content=\"admin\" \/>\n\t<meta name=\"twitter:label2\" content=\"Estimeret l\u00e6setid\" \/>\n\t<meta name=\"twitter:data2\" content=\"5 minutter\" \/>\n<script type=\"application\/ld+json\" class=\"yoast-schema-graph\">{\"@context\":\"https:\\\/\\\/schema.org\",\"@graph\":[{\"@type\":\"Article\",\"@id\":\"https:\\\/\\\/blog.maciterneecolo.fr\\\/da\\\/hvor-loeber-regnvandet-fra-tagrenderne-hen\\\/#article\",\"isPartOf\":{\"@id\":\"https:\\\/\\\/blog.maciterneecolo.fr\\\/da\\\/hvor-loeber-regnvandet-fra-tagrenderne-hen\\\/\"},\"author\":{\"name\":\"admin\",\"@id\":\"https:\\\/\\\/blog.maciterneecolo.fr\\\/da\\\/#\\\/schema\\\/person\\\/7a14672f7ec93f9d182e9ae4b0473f40\"},\"headline\":\"Hvor l\u00f8ber regnvandet fra tagrenderne hen?\",\"datePublished\":\"2024-01-27T07:30:06+00:00\",\"dateModified\":\"2024-01-27T07:37:30+00:00\",\"mainEntityOfPage\":{\"@id\":\"https:\\\/\\\/blog.maciterneecolo.fr\\\/da\\\/hvor-loeber-regnvandet-fra-tagrenderne-hen\\\/\"},\"wordCount\":1033,\"commentCount\":0,\"publisher\":{\"@id\":\"https:\\\/\\\/blog.maciterneecolo.fr\\\/da\\\/#organization\"},\"image\":{\"@id\":\"https:\\\/\\\/blog.maciterneecolo.fr\\\/da\\\/hvor-loeber-regnvandet-fra-tagrenderne-hen\\\/#primaryimage\"},\"thumbnailUrl\":\"https:\\\/\\\/blog.maciterneecolo.fr\\\/wp-content\\\/uploads\\\/2024\\\/01\\\/Combien-de-temps-peut-on-conserver-leau-de-pluie-visuel-image.png\",\"articleSection\":[\"Alt om regnvand\"],\"inLanguage\":\"da-DK\",\"potentialAction\":[{\"@type\":\"CommentAction\",\"name\":\"Comment\",\"target\":[\"https:\\\/\\\/blog.maciterneecolo.fr\\\/da\\\/hvor-loeber-regnvandet-fra-tagrenderne-hen\\\/#respond\"]}]},{\"@type\":\"WebPage\",\"@id\":\"https:\\\/\\\/blog.maciterneecolo.fr\\\/da\\\/hvor-loeber-regnvandet-fra-tagrenderne-hen\\\/\",\"url\":\"https:\\\/\\\/blog.maciterneecolo.fr\\\/da\\\/hvor-loeber-regnvandet-fra-tagrenderne-hen\\\/\",\"name\":\"Hvor l\u00f8ber regnvandet fra tagrenderne hen? - Blog Ma Citerne Ecolo\",\"isPartOf\":{\"@id\":\"https:\\\/\\\/blog.maciterneecolo.fr\\\/da\\\/#website\"},\"primaryImageOfPage\":{\"@id\":\"https:\\\/\\\/blog.maciterneecolo.fr\\\/da\\\/hvor-loeber-regnvandet-fra-tagrenderne-hen\\\/#primaryimage\"},\"image\":{\"@id\":\"https:\\\/\\\/blog.maciterneecolo.fr\\\/da\\\/hvor-loeber-regnvandet-fra-tagrenderne-hen\\\/#primaryimage\"},\"thumbnailUrl\":\"https:\\\/\\\/blog.maciterneecolo.fr\\\/wp-content\\\/uploads\\\/2024\\\/01\\\/Combien-de-temps-peut-on-conserver-leau-de-pluie-visuel-image.png\",\"datePublished\":\"2024-01-27T07:30:06+00:00\",\"dateModified\":\"2024-01-27T07:37:30+00:00\",\"breadcrumb\":{\"@id\":\"https:\\\/\\\/blog.maciterneecolo.fr\\\/da\\\/hvor-loeber-regnvandet-fra-tagrenderne-hen\\\/#breadcrumb\"},\"inLanguage\":\"da-DK\",\"potentialAction\":[{\"@type\":\"ReadAction\",\"target\":[\"https:\\\/\\\/blog.maciterneecolo.fr\\\/da\\\/hvor-loeber-regnvandet-fra-tagrenderne-hen\\\/\"]}]},{\"@type\":\"ImageObject\",\"inLanguage\":\"da-DK\",\"@id\":\"https:\\\/\\\/blog.maciterneecolo.fr\\\/da\\\/hvor-loeber-regnvandet-fra-tagrenderne-hen\\\/#primaryimage\",\"url\":\"https:\\\/\\\/blog.maciterneecolo.fr\\\/wp-content\\\/uploads\\\/2024\\\/01\\\/Combien-de-temps-peut-on-conserver-leau-de-pluie-visuel-image.png\",\"contentUrl\":\"https:\\\/\\\/blog.maciterneecolo.fr\\\/wp-content\\\/uploads\\\/2024\\\/01\\\/Combien-de-temps-peut-on-conserver-leau-de-pluie-visuel-image.png\",\"width\":940,\"height\":788,\"caption\":\"Combien de temps peut-on conserver l'eau de pluie ?\"},{\"@type\":\"BreadcrumbList\",\"@id\":\"https:\\\/\\\/blog.maciterneecolo.fr\\\/da\\\/hvor-loeber-regnvandet-fra-tagrenderne-hen\\\/#breadcrumb\",\"itemListElement\":[{\"@type\":\"ListItem\",\"position\":1,\"name\":\"Accueil\",\"item\":\"https:\\\/\\\/blog.maciterneecolo.fr\\\/da\\\/\"},{\"@type\":\"ListItem\",\"position\":2,\"name\":\"Hvor l\u00f8ber regnvandet fra tagrenderne hen?\"}]},{\"@type\":\"WebSite\",\"@id\":\"https:\\\/\\\/blog.maciterneecolo.fr\\\/da\\\/#website\",\"url\":\"https:\\\/\\\/blog.maciterneecolo.fr\\\/da\\\/\",\"name\":\"Blog Ma Citerne Ecolo\",\"description\":\"Leader dans le domaine de la citerne souple d&#039;eau de pluie\",\"publisher\":{\"@id\":\"https:\\\/\\\/blog.maciterneecolo.fr\\\/da\\\/#organization\"},\"potentialAction\":[{\"@type\":\"SearchAction\",\"target\":{\"@type\":\"EntryPoint\",\"urlTemplate\":\"https:\\\/\\\/blog.maciterneecolo.fr\\\/da\\\/?s={search_term_string}\"},\"query-input\":{\"@type\":\"PropertyValueSpecification\",\"valueRequired\":true,\"valueName\":\"search_term_string\"}}],\"inLanguage\":\"da-DK\"},{\"@type\":\"Organization\",\"@id\":\"https:\\\/\\\/blog.maciterneecolo.fr\\\/da\\\/#organization\",\"name\":\"Blog Ma Citerne Ecolo\",\"url\":\"https:\\\/\\\/blog.maciterneecolo.fr\\\/da\\\/\",\"logo\":{\"@type\":\"ImageObject\",\"inLanguage\":\"da-DK\",\"@id\":\"https:\\\/\\\/blog.maciterneecolo.fr\\\/da\\\/#\\\/schema\\\/logo\\\/image\\\/\",\"url\":\"https:\\\/\\\/blog.maciterneecolo.fr\\\/wp-content\\\/uploads\\\/2022\\\/12\\\/cropped-favicon-blog.png\",\"contentUrl\":\"https:\\\/\\\/blog.maciterneecolo.fr\\\/wp-content\\\/uploads\\\/2022\\\/12\\\/cropped-favicon-blog.png\",\"width\":512,\"height\":512,\"caption\":\"Blog Ma Citerne Ecolo\"},\"image\":{\"@id\":\"https:\\\/\\\/blog.maciterneecolo.fr\\\/da\\\/#\\\/schema\\\/logo\\\/image\\\/\"}},{\"@type\":\"Person\",\"@id\":\"https:\\\/\\\/blog.maciterneecolo.fr\\\/da\\\/#\\\/schema\\\/person\\\/7a14672f7ec93f9d182e9ae4b0473f40\",\"name\":\"admin\",\"image\":{\"@type\":\"ImageObject\",\"inLanguage\":\"da-DK\",\"@id\":\"https:\\\/\\\/secure.gravatar.com\\\/avatar\\\/9344df1cb6b19faae269dfb0888181c196164ecd5e0a0b46a7553a9a5da31136?s=96&d=mm&r=g\",\"url\":\"https:\\\/\\\/secure.gravatar.com\\\/avatar\\\/9344df1cb6b19faae269dfb0888181c196164ecd5e0a0b46a7553a9a5da31136?s=96&d=mm&r=g\",\"contentUrl\":\"https:\\\/\\\/secure.gravatar.com\\\/avatar\\\/9344df1cb6b19faae269dfb0888181c196164ecd5e0a0b46a7553a9a5da31136?s=96&d=mm&r=g\",\"caption\":\"admin\"},\"url\":\"https:\\\/\\\/blog.maciterneecolo.fr\\\/da\\\/author\\\/dpomante_yu5154r5\\\/\"}]}<\/script>\n<!-- \/ Yoast SEO plugin. -->","yoast_head_json":{"title":"Hvor l\u00f8ber regnvandet fra tagrenderne hen? - Blog Ma Citerne Ecolo","robots":{"index":"index","follow":"follow","max-snippet":"max-snippet:-1","max-image-preview":"max-image-preview:large","max-video-preview":"max-video-preview:-1"},"canonical":"https:\/\/blog.maciterneecolo.fr\/da\/hvor-loeber-regnvandet-fra-tagrenderne-hen\/","og_locale":"da_DK","og_type":"article","og_title":"Hvor l\u00f8ber regnvandet fra tagrenderne hen? - Blog Ma Citerne Ecolo","og_description":"Hvor l\u00f8ber regnvandet hen? Vi besvarer dine sp\u00f8rgsm\u00e5l i denne artikel.","og_url":"https:\/\/blog.maciterneecolo.fr\/da\/hvor-loeber-regnvandet-fra-tagrenderne-hen\/","og_site_name":"Blog Ma Citerne Ecolo","article_published_time":"2024-01-27T07:30:06+00:00","article_modified_time":"2024-01-27T07:37:30+00:00","og_image":[{"width":940,"height":788,"url":"https:\/\/blog.maciterneecolo.fr\/wp-content\/uploads\/2024\/01\/Combien-de-temps-peut-on-conserver-leau-de-pluie-visuel-image.png","type":"image\/png"}],"author":"admin","twitter_card":"summary_large_image","twitter_misc":{"Skrevet af":"admin","Estimeret l\u00e6setid":"5 minutter"},"schema":{"@context":"https:\/\/schema.org","@graph":[{"@type":"Article","@id":"https:\/\/blog.maciterneecolo.fr\/da\/hvor-loeber-regnvandet-fra-tagrenderne-hen\/#article","isPartOf":{"@id":"https:\/\/blog.maciterneecolo.fr\/da\/hvor-loeber-regnvandet-fra-tagrenderne-hen\/"},"author":{"name":"admin","@id":"https:\/\/blog.maciterneecolo.fr\/da\/#\/schema\/person\/7a14672f7ec93f9d182e9ae4b0473f40"},"headline":"Hvor l\u00f8ber regnvandet fra tagrenderne hen?","datePublished":"2024-01-27T07:30:06+00:00","dateModified":"2024-01-27T07:37:30+00:00","mainEntityOfPage":{"@id":"https:\/\/blog.maciterneecolo.fr\/da\/hvor-loeber-regnvandet-fra-tagrenderne-hen\/"},"wordCount":1033,"commentCount":0,"publisher":{"@id":"https:\/\/blog.maciterneecolo.fr\/da\/#organization"},"image":{"@id":"https:\/\/blog.maciterneecolo.fr\/da\/hvor-loeber-regnvandet-fra-tagrenderne-hen\/#primaryimage"},"thumbnailUrl":"https:\/\/blog.maciterneecolo.fr\/wp-content\/uploads\/2024\/01\/Combien-de-temps-peut-on-conserver-leau-de-pluie-visuel-image.png","articleSection":["Alt om regnvand"],"inLanguage":"da-DK","potentialAction":[{"@type":"CommentAction","name":"Comment","target":["https:\/\/blog.maciterneecolo.fr\/da\/hvor-loeber-regnvandet-fra-tagrenderne-hen\/#respond"]}]},{"@type":"WebPage","@id":"https:\/\/blog.maciterneecolo.fr\/da\/hvor-loeber-regnvandet-fra-tagrenderne-hen\/","url":"https:\/\/blog.maciterneecolo.fr\/da\/hvor-loeber-regnvandet-fra-tagrenderne-hen\/","name":"Hvor l\u00f8ber regnvandet fra tagrenderne hen? - Blog Ma Citerne Ecolo","isPartOf":{"@id":"https:\/\/blog.maciterneecolo.fr\/da\/#website"},"primaryImageOfPage":{"@id":"https:\/\/blog.maciterneecolo.fr\/da\/hvor-loeber-regnvandet-fra-tagrenderne-hen\/#primaryimage"},"image":{"@id":"https:\/\/blog.maciterneecolo.fr\/da\/hvor-loeber-regnvandet-fra-tagrenderne-hen\/#primaryimage"},"thumbnailUrl":"https:\/\/blog.maciterneecolo.fr\/wp-content\/uploads\/2024\/01\/Combien-de-temps-peut-on-conserver-leau-de-pluie-visuel-image.png","datePublished":"2024-01-27T07:30:06+00:00","dateModified":"2024-01-27T07:37:30+00:00","breadcrumb":{"@id":"https:\/\/blog.maciterneecolo.fr\/da\/hvor-loeber-regnvandet-fra-tagrenderne-hen\/#breadcrumb"},"inLanguage":"da-DK","potentialAction":[{"@type":"ReadAction","target":["https:\/\/blog.maciterneecolo.fr\/da\/hvor-loeber-regnvandet-fra-tagrenderne-hen\/"]}]},{"@type":"ImageObject","inLanguage":"da-DK","@id":"https:\/\/blog.maciterneecolo.fr\/da\/hvor-loeber-regnvandet-fra-tagrenderne-hen\/#primaryimage","url":"https:\/\/blog.maciterneecolo.fr\/wp-content\/uploads\/2024\/01\/Combien-de-temps-peut-on-conserver-leau-de-pluie-visuel-image.png","contentUrl":"https:\/\/blog.maciterneecolo.fr\/wp-content\/uploads\/2024\/01\/Combien-de-temps-peut-on-conserver-leau-de-pluie-visuel-image.png","width":940,"height":788,"caption":"Combien de temps peut-on conserver l'eau de pluie ?"},{"@type":"BreadcrumbList","@id":"https:\/\/blog.maciterneecolo.fr\/da\/hvor-loeber-regnvandet-fra-tagrenderne-hen\/#breadcrumb","itemListElement":[{"@type":"ListItem","position":1,"name":"Accueil","item":"https:\/\/blog.maciterneecolo.fr\/da\/"},{"@type":"ListItem","position":2,"name":"Hvor l\u00f8ber regnvandet fra tagrenderne hen?"}]},{"@type":"WebSite","@id":"https:\/\/blog.maciterneecolo.fr\/da\/#website","url":"https:\/\/blog.maciterneecolo.fr\/da\/","name":"Blog Ma Citerne Ecolo","description":"Leader dans le domaine de la citerne souple d&#039;eau de pluie","publisher":{"@id":"https:\/\/blog.maciterneecolo.fr\/da\/#organization"},"potentialAction":[{"@type":"SearchAction","target":{"@type":"EntryPoint","urlTemplate":"https:\/\/blog.maciterneecolo.fr\/da\/?s={search_term_string}"},"query-input":{"@type":"PropertyValueSpecification","valueRequired":true,"valueName":"search_term_string"}}],"inLanguage":"da-DK"},{"@type":"Organization","@id":"https:\/\/blog.maciterneecolo.fr\/da\/#organization","name":"Blog Ma Citerne Ecolo","url":"https:\/\/blog.maciterneecolo.fr\/da\/","logo":{"@type":"ImageObject","inLanguage":"da-DK","@id":"https:\/\/blog.maciterneecolo.fr\/da\/#\/schema\/logo\/image\/","url":"https:\/\/blog.maciterneecolo.fr\/wp-content\/uploads\/2022\/12\/cropped-favicon-blog.png","contentUrl":"https:\/\/blog.maciterneecolo.fr\/wp-content\/uploads\/2022\/12\/cropped-favicon-blog.png","width":512,"height":512,"caption":"Blog Ma Citerne Ecolo"},"image":{"@id":"https:\/\/blog.maciterneecolo.fr\/da\/#\/schema\/logo\/image\/"}},{"@type":"Person","@id":"https:\/\/blog.maciterneecolo.fr\/da\/#\/schema\/person\/7a14672f7ec93f9d182e9ae4b0473f40","name":"admin","image":{"@type":"ImageObject","inLanguage":"da-DK","@id":"https:\/\/secure.gravatar.com\/avatar\/9344df1cb6b19faae269dfb0888181c196164ecd5e0a0b46a7553a9a5da31136?s=96&d=mm&r=g","url":"https:\/\/secure.gravatar.com\/avatar\/9344df1cb6b19faae269dfb0888181c196164ecd5e0a0b46a7553a9a5da31136?s=96&d=mm&r=g","contentUrl":"https:\/\/secure.gravatar.com\/avatar\/9344df1cb6b19faae269dfb0888181c196164ecd5e0a0b46a7553a9a5da31136?s=96&d=mm&r=g","caption":"admin"},"url":"https:\/\/blog.maciterneecolo.fr\/da\/author\/dpomante_yu5154r5\/"}]}},"_links":{"self":[{"href":"https:\/\/blog.maciterneecolo.fr\/da\/wp-json\/wp\/v2\/posts\/10534","targetHints":{"allow":["GET"]}}],"collection":[{"href":"https:\/\/blog.maciterneecolo.fr\/da\/wp-json\/wp\/v2\/posts"}],"about":[{"href":"https:\/\/blog.maciterneecolo.fr\/da\/wp-json\/wp\/v2\/types\/post"}],"author":[{"embeddable":true,"href":"https:\/\/blog.maciterneecolo.fr\/da\/wp-json\/wp\/v2\/users\/1"}],"replies":[{"embeddable":true,"href":"https:\/\/blog.maciterneecolo.fr\/da\/wp-json\/wp\/v2\/comments?post=10534"}],"version-history":[{"count":3,"href":"https:\/\/blog.maciterneecolo.fr\/da\/wp-json\/wp\/v2\/posts\/10534\/revisions"}],"predecessor-version":[{"id":10537,"href":"https:\/\/blog.maciterneecolo.fr\/da\/wp-json\/wp\/v2\/posts\/10534\/revisions\/10537"}],"wp:featuredmedia":[{"embeddable":true,"href":"https:\/\/blog.maciterneecolo.fr\/da\/wp-json\/wp\/v2\/media\/10490"}],"wp:attachment":[{"href":"https:\/\/blog.maciterneecolo.fr\/da\/wp-json\/wp\/v2\/media?parent=10534"}],"wp:term":[{"taxonomy":"category","embeddable":true,"href":"https:\/\/blog.maciterneecolo.fr\/da\/wp-json\/wp\/v2\/categories?post=10534"},{"taxonomy":"post_tag","embeddable":true,"href":"https:\/\/blog.maciterneecolo.fr\/da\/wp-json\/wp\/v2\/tags?post=10534"}],"curies":[{"name":"wp","href":"https:\/\/api.w.org\/{rel}","templated":true}]}}