{"id":10578,"date":"2024-01-27T07:43:03","date_gmt":"2024-01-27T07:43:03","guid":{"rendered":"https:\/\/blog.maciterneecolo.fr\/hvor-laenge-kan-du-opbevare-regnvand-i-din-fleksible-cisterne\/"},"modified":"2024-02-14T10:24:04","modified_gmt":"2024-02-14T10:24:04","slug":"hvor-laenge-kan-du-opbevare-regnvand-i-din-fleksible-cisterne","status":"publish","type":"post","link":"https:\/\/blog.maciterneecolo.fr\/da\/hvor-laenge-kan-du-opbevare-regnvand-i-din-fleksible-cisterne\/","title":{"rendered":"Hvor l\u00e6nge kan du opbevare regnvand i din fleksible cisterne?"},"content":{"rendered":"\n<h2 class=\"wp-block-heading has-vivid-cyan-blue-color has-text-color has-link-color wp-elements-564e68382b244d3013166ea659fd225e\" style=\"font-size:30px\">Introduktion<\/h2>\n\n<div class=\"wp-block-group\"><div class=\"wp-block-group__inner-container is-layout-constrained wp-block-group-is-layout-constrained\">\n<p class=\"has-black-color has-text-color has-link-color wp-elements-10f6304f6bc9c401b86fb4d2a93fa19a\">Genvinding af regnvand i en fleksibel <strong>\n  <a href=\"https:\/\/www.maciterneecolo.fr\/fr\/3-citernes-souples\">\n    <mark style=\"background-color:#ffffff;color:#35879e\" class=\"has-inline-color\">fleksibel tank<\/mark>\n  <\/a>\n<\/strong> er en effektiv \u00f8kologisk l\u00f8sning. Denne m\u00e5de at opbevare regnvand p\u00e5 er med til at give dig en form for autonomi i dit vandforbrug. Det giver dig ogs\u00e5 mulighed for at h\u00e5ndtere t\u00f8rke, is\u00e6r ved at <strong>\n  <a href=\"https:\/\/blog.maciterneecolo.fr\/comment-ne-pas-subir-les-restrictions-sur-leau-potable-en-2023\/\">\n    <mark style=\"background-color:#ffffff;color:#35879e\" class=\"has-inline-color\">vandrestriktioner<\/mark>\n  <\/a>\n<\/strong> som er i stigning.  <\/p>\n\n\n\n<p class=\"has-black-color has-text-color has-link-color wp-elements-effcd9f43d36858e49970e526eca28d0\">Ved at genbruge regnvand kan du vande din have eller k\u00f8kkenhave, fylde din swimmingpool, vaske din bil og endda forsyne dine sanit\u00e6re faciliteter. Men det er vigtigt at vide, hvor l\u00e6nge regnvand kan opbevares i en fleksibel cisterne? Svaret er : <mark style=\"background-color:#ffffff;color:#35879e\" class=\"has-inline-color\"><strong>i det mindste<\/strong> <strong>i 6 m\u00e5neder<\/strong><\/mark>afh\u00e6ngigt af forskellige faktorer. Denne periode kan forl\u00e6nges <strong>\n  <mark style=\"background-color:#ffffff;color:#35879e\" class=\"has-inline-color\">forl\u00e6nges til 1 \u00e5r.<\/mark>\n<\/strong><\/p>\n<\/div><\/div>\n<div class=\"wp-block-image\">\n<figure class=\"aligncenter size-full\"><img fetchpriority=\"high\" decoding=\"async\" width=\"944\" height=\"504\" src=\"https:\/\/blog.maciterneecolo.fr\/wp-content\/uploads\/2024\/01\/Visuel-1.png\" alt=\"Illustration af de mulige anvendelser af opsamlet regnvand\" class=\"wp-image-10406\" srcset=\"https:\/\/blog.maciterneecolo.fr\/wp-content\/uploads\/2024\/01\/Visuel-1.png 944w, https:\/\/blog.maciterneecolo.fr\/wp-content\/uploads\/2024\/01\/Visuel-1-300x160.png 300w, https:\/\/blog.maciterneecolo.fr\/wp-content\/uploads\/2024\/01\/Visuel-1-768x410.png 768w\" sizes=\"(max-width: 944px) 100vw, 944px\" \/><\/figure>\n<\/div>\n<h2 class=\"wp-block-heading has-vivid-cyan-blue-color has-text-color has-link-color wp-elements-982c24c3f8eac815885e12bfdbae3184\" style=\"font-size:30px\">Hvorfor opbevare og spare p\u00e5 regnvandet?<\/h2>\n\n<div class=\"wp-block-group\"><div class=\"wp-block-group__inner-container is-layout-constrained wp-block-group-is-layout-constrained\">\n<p class=\"has-black-color has-text-color has-link-color wp-elements-3f64ac6cff39c339290bd78a7572e8d5\">Opbevaring af regnvand i en fleksibel tank er en \u00f8konomisk <mark style=\"background-color:#ffffff;color:#35879e\" class=\"has-inline-color\"><strong>\u00f8konomisk<\/strong> <\/mark>og <strong>\n  <mark style=\"background-color:#ffffff;color:#35879e\" class=\"has-inline-color\">og milj\u00f8venlig<\/mark>\n<\/strong>. Is\u00e6r fordi vandet i de fleste tilf\u00e6lde ikke beh\u00f8ver at v\u00e6re drikkeligt.<\/p>\n\n\n\n<p class=\"has-black-color has-text-color has-link-color wp-elements-14bee9cfe3dcdbea046414d3bef427ea\">Og ja, vi drikker ikke bare vores vand, som i dette tilf\u00e6lde skal v\u00e6re drikkeligt. T\u00e6nk f.eks. p\u00e5 at vande din have, bruge vandet til at reng\u00f8re dit hus eller forsyne dine sanit\u00e6re faciliteter. Opsamling og opbevaring af regnvand i en s\u00e5dan tank <mark style=\"background-color:#ffffff;color:#35879e\" class=\"has-inline-color\"><strong>reducerer<\/strong> <\/mark>betydeligt din <mark style=\"background-color:#ffffff;color:#35879e\" class=\"has-inline-color\"><strong>regning<\/strong> <\/mark>din vandregning.  <\/p>\n\n\n\n<p class=\"has-black-color has-text-color has-link-color wp-elements-8bcf709ff87b9382736b09baaed512ea\">Desuden betyder brugen af en fleksibel regnvandstank, at du g\u00f8r din del for milj\u00f8et. Med den globale opvarmning bliver m\u00e6ngden af ferskvand mindre. S\u00e5 at investere i en fleksibel tank betyder at hj\u00e6lpe med at <mark style=\"background-color:#ffffff;color:#35879e\" class=\"has-inline-color\"><strong>bevarelse<\/strong> <\/mark>milj\u00f8et. Disse faciliteter g\u00f8r det ogs\u00e5 muligt at h\u00e5ndtere vandrestriktioner i t\u00f8rkeperioder.<\/p>\n<\/div><\/div>\n\n<h2 class=\"wp-block-heading has-vivid-cyan-blue-color has-text-color has-link-color wp-elements-0e8ae1f3d784911bf44e0b8ce137639d\" style=\"font-size:30px\">Faktorer, der p\u00e5virker regnvandets holdbarhed<\/h2>\n\n<h3 class=\"wp-block-heading has-text-color has-link-color wp-elements-17aac1ce6a6b83ee9a57401ca76da1a2\" style=\"color:#35879e;font-size:25px\">Den oprindelige holdbarhed af regnvand<\/h3>\n\n<div class=\"wp-block-group\"><div class=\"wp-block-group__inner-container is-layout-constrained wp-block-group-is-layout-constrained\">\n<p class=\"has-black-color has-text-color has-link-color wp-elements-7c641161253ac0108996fb0ae43c211d\">Den samlede holdbarhed af vand afh\u00e6nger af en r\u00e6kke faktorer. I gennemsnit kan det opbevares <strong>\n  <mark style=\"background-color:#ffffff;color:#35879e\" class=\"has-inline-color\">i mindst 6 m\u00e5neder <\/mark>\n<\/strong>i denne type installation. Opbevaringstiden varierer dog afh\u00e6ngigt af den fleksible tanks volumen. Det afh\u00e6nger ogs\u00e5 af tankens eksponering for UV-lys eller andre opbevaringsforhold (eksponering for luft, tilstedev\u00e6relse af mikroorganismer, renhed af tagrender og afl\u00f8b osv.)<\/p>\n<\/div><\/div>\n\n<h3 class=\"wp-block-heading has-text-color has-link-color wp-elements-d8ee414e2d7ad12c5df7b9bd97e8cc4c\" style=\"color:#35879e;font-size:25px\">Forl\u00e6ngelse af regnvandets holdbarhed<\/h3>\n\n<div class=\"wp-block-group\"><div class=\"wp-block-group__inner-container is-layout-constrained wp-block-group-is-layout-constrained\">\n<p class=\"has-black-color has-text-color has-link-color wp-elements-1d95ceff78fbab55812a5af1f12e3a3b\">Der er en r\u00e6kke tricks, du kan bruge til at holde regnvandet i din tank i l\u00e6ngere tid.<\/p>\n\n\n\n<p class=\"has-black-color has-text-color has-link-color wp-elements-ef46cb71f222a1c0ab6e788a859159d3\">Vandet i dette udstyr har en tendens til at v\u00e6re stillest\u00e5ende. Det har en tendens til at fremme v\u00e6ksten af alger. For at begr\u00e6nse v\u00e6ksten af disse bakterier skal den fleksible tank v\u00e6re <strong>\n  <mark style=\"background-color:#ffffff;color:#35879e\" class=\"has-inline-color\">uigennemsigtig<\/mark>\n<\/strong>. Denne beskyttelse forhindrer UV-str\u00e5ler i at n\u00e5 ned i vandet. P\u00e5 <a href=\"https:\/\/www.maciterneecolo.fr\/fr\/\">\n  <mark style=\"background-color:#ffffff;color:#35879e\" class=\"has-inline-color\">\n    <strong>maciterneecolo.fr<\/strong>\n  <\/mark>\n<\/a>tilbyder vores fleksible tanke alle disse fordele. Vores skimmers er lavet af uigennemsigtig, vandt\u00e6t PVC og er modstandsdygtige over for frost, brud og revner.<\/p>\n\n\n\n<p class=\"has-black-color has-text-color has-link-color wp-elements-81fcaf80bc392cad3c21bae318e82ed5\">Ud over det filter, der oprindeligt blev installeret, kan brugen af en si eller et insektnet ved tagrendens udl\u00f8b forbedre kvaliteten af det oplagrede vand. Det begr\u00e6nser m\u00e6ngden af organiske rester, der tilstopper regnvandstankene. Dette tiltag kan kombineres med regelm\u00e6ssig vedligeholdelse af tagrenden.<\/p>\n\n\n\n<p class=\"has-black-color has-text-color has-link-color wp-elements-b86b838d27b13ef8b91a195d472e388f\">Et sidste tip er at tild\u00e6kke vandskimmere, is\u00e6r under sommerens hedeb\u00f8lge. Vandet fordamper i disse perioder. Det reducerer vandm\u00e6ngden i cisternerne med flere centimeter om dagen, hvilket svarer til flere liter.<\/p>\n<\/div><\/div>\n\n<h2 class=\"wp-block-heading has-vivid-cyan-blue-color has-text-color has-link-color wp-elements-0578fcc662df79871dd916c3ad4cda9d\" style=\"font-size:28px\">Hvordan installerer man et system til opsamling af regnvand?<\/h2>\n\n<div class=\"wp-block-group\"><div class=\"wp-block-group__inner-container is-layout-constrained wp-block-group-is-layout-constrained\">\n<p class=\"has-black-color has-text-color has-link-color wp-elements-8a3d2e414c8a3eb449efbb5ebaa2bba3\">Der findes flere typer tanke til opsamling og opbevaring af regnvand:<\/p>\n\n\n\n<ul class=\"wp-block-list\">\n<li style=\"font-size:26px\"><strong><mark style=\"background-color:#ffffff;color:#35879e\" class=\"has-inline-color\">IBC eller overliggende tanke<\/mark><\/strong> <\/li>\n<\/ul>\n\n\n\n<p class=\"has-black-color has-text-color has-link-color wp-elements-f9f52792316df24fdcbab3d885c9e60b\">Dette er en jordmonteret tank til udelukkende udend\u00f8rs brug. Du kan vande din have, fylde din swimmingpool eller reng\u00f8re din terrasse. Denne tank skal reng\u00f8res og t\u00f8mmes hver vinter. Disse kampvogne er ganske imponerende og ser ret massive og uh\u00e5ndterlige ud. Der er dog udviklet camouflagesystemer, som g\u00f8r dens tilstedev\u00e6relse mindre synlig.<\/p>\n\n\n<div class=\"wp-block-image\">\n<figure class=\"aligncenter size-full\"><img decoding=\"async\" width=\"216\" height=\"261\" src=\"https:\/\/blog.maciterneecolo.fr\/wp-content\/uploads\/2024\/01\/Combien-de-temps-peut-on-conserver-leau-de-pluie-visuel-cuve-aerienne.png\" alt=\"IBC eller overliggende tank\" class=\"wp-image-10420\" style=\"aspect-ratio:3\/4;object-fit:cover\"\/><figcaption class=\"wp-element-caption\"><em>Overliggende tank<\/em><\/figcaption><\/figure>\n<\/div>\n\n\n<ul class=\"wp-block-list\">\n<li style=\"font-size:25px\"><strong><mark style=\"background-color:#ffffff;color:#35879e\" class=\"has-inline-color\">Underjordiske tanke<\/mark><\/strong><\/li>\n<\/ul>\n\n\n\n<p class=\"has-black-color has-text-color has-link-color wp-elements-d2c5bcb2e05a4e278775b52eb90acbca\">Det er relativt dyre tanke, der installeres i jorden efter jordarbejde. Den er designet til udelukkende at blive brugt i dit hjem. Det vand, der opbevares i denne type tank, kan bruges til at reng\u00f8re og vedligeholde din ejendom eller til at forsyne dine sanit\u00e6re faciliteter. Selv om fordelene ved denne installation er beskyttelsen af vandtanken mod UV-str\u00e5ler og frost, skal omkostningerne ved arbejdet tages i betragtning. Denne begr\u00e6nsning er langt fra ubetydelig, og det betyder, at du ikke kun skal t\u00e6nke p\u00e5 prisen for selve tanken, men ogs\u00e5 p\u00e5 prisen for det arbejde, der er forbundet med den.<\/p>\n\n\n<div class=\"wp-block-image\">\n<figure class=\"aligncenter size-full\"><img decoding=\"async\" width=\"404\" height=\"317\" src=\"https:\/\/blog.maciterneecolo.fr\/wp-content\/uploads\/2024\/01\/Combien-de-temps-peut-on-conserver-leau-de-pluie-visuel-cuve-enterree-1.png\" alt=\"Underjordisk tank  \" class=\"wp-image-10466\" srcset=\"https:\/\/blog.maciterneecolo.fr\/wp-content\/uploads\/2024\/01\/Combien-de-temps-peut-on-conserver-leau-de-pluie-visuel-cuve-enterree-1.png 404w, https:\/\/blog.maciterneecolo.fr\/wp-content\/uploads\/2024\/01\/Combien-de-temps-peut-on-conserver-leau-de-pluie-visuel-cuve-enterree-1-300x235.png 300w\" sizes=\"(max-width: 404px) 100vw, 404px\" \/><figcaption class=\"wp-element-caption\"><em>Underjordisk tank<\/em><\/figcaption><\/figure>\n<\/div>\n\n\n<ul class=\"wp-block-list\">\n<li style=\"font-size:25px\"><mark style=\"background-color:#ffffff;color:#35879e\" class=\"has-inline-color\"><strong>Fleksible tanke<\/strong><\/mark><\/li>\n<\/ul>\n\n\n\n<p class=\"has-black-color has-text-color has-link-color wp-elements-a999a5e2e16bd00481722cb4e9fe451a\">Disse fleksible tanke &#8211; eller <a href=\"https:\/\/www.maciterneecolo.fr\/fr\/3-citernes-souples\">\n  <mark style=\"background-color:#ffffff;color:#35879e\" class=\"has-inline-color\">\n    <strong>fleksible tanke<\/strong>\n  <\/mark>\n<\/a> &#8211; er flagskibsprodukter fra <strong>\n  <mark style=\"background-color:#ffffff;color:#35879e\" class=\"has-inline-color\">maciterneecolo.fr<\/mark>\n<\/strong>. Det er fleksible PVC-stoftanke, der er frost- og UV-resistente. De kan installeres udend\u00f8rs eller i en krybek\u00e6lder. Ud over at v\u00e6re overkommelige i pris betyder de mange forskellige volumener, at disse produkter kan tilpasses dine behov. Og s\u00e5 er den meget nem at installere. Det eneste, du skal g\u00f8re, er at udj\u00e6vne den fremtidige placering af den fleksible tank og derefter lave forbindelserne til en pumpe og til tagrendeopsamlere ved hj\u00e6lp af forskellige typer r\u00f8r.  <\/p>\n\n\n<div class=\"wp-block-image\">\n<figure class=\"aligncenter size-large is-resized\"><img loading=\"lazy\" decoding=\"async\" width=\"1024\" height=\"819\" src=\"https:\/\/blog.maciterneecolo.fr\/wp-content\/uploads\/2024\/01\/Combien-de-temps-peut-on-conserver-leau-de-pluie-visuel-cuve-souple-1024x819.png\" alt=\"Fleksibel tank\" class=\"wp-image-10477\" style=\"width:358px;height:auto\" srcset=\"https:\/\/blog.maciterneecolo.fr\/wp-content\/uploads\/2024\/01\/Combien-de-temps-peut-on-conserver-leau-de-pluie-visuel-cuve-souple-1024x819.png 1024w, https:\/\/blog.maciterneecolo.fr\/wp-content\/uploads\/2024\/01\/Combien-de-temps-peut-on-conserver-leau-de-pluie-visuel-cuve-souple-300x240.png 300w, https:\/\/blog.maciterneecolo.fr\/wp-content\/uploads\/2024\/01\/Combien-de-temps-peut-on-conserver-leau-de-pluie-visuel-cuve-souple-768x614.png 768w, https:\/\/blog.maciterneecolo.fr\/wp-content\/uploads\/2024\/01\/Combien-de-temps-peut-on-conserver-leau-de-pluie-visuel-cuve-souple-1536x1229.png 1536w, https:\/\/blog.maciterneecolo.fr\/wp-content\/uploads\/2024\/01\/Combien-de-temps-peut-on-conserver-leau-de-pluie-visuel-cuve-souple.png 2000w\" sizes=\"(max-width: 1024px) 100vw, 1024px\" \/><figcaption class=\"wp-element-caption\"><em>Fleksibel tank<\/em><\/figcaption><\/figure>\n<\/div><\/div><\/div>\n\n<h2 class=\"wp-block-heading has-vivid-cyan-blue-color has-text-color has-link-color wp-elements-340267132119bbaf7d32aab771bb4267\" style=\"font-size:29px\">Konklusion<\/h2>\n\n<div class=\"wp-block-group\"><div class=\"wp-block-group__inner-container is-layout-constrained wp-block-group-is-layout-constrained\">\n<p class=\"has-black-color has-text-color has-link-color wp-elements-cd6c593727303fa9a7455134d5b6c48c\">Alt i alt kan regnvand opbevares i en fleksibel cisterne i <em>mindst 6 m\u00e5neder og op til 1 \u00e5r<\/em>. P\u00e5 <mark style=\"background-color:#ffffff;color:#35879e\" class=\"has-inline-color\">\n  <strong>\n    <a href=\"https:\/\/www.maciterneecolo.fr\/fr\/\">maciterneecolo.fr<\/a>\n  <\/strong>\n<\/mark>er vores fleksible tanke designet til at bevare vandkvaliteten over en lang periode, samtidig med at de er nemme at installere og vedligeholde. Udforsk vores store udvalg af tanke og tilbeh\u00f8r til at forbinde dem.  <\/p>\n\n\n\n<p class=\"has-text-align-center has-black-color has-text-color has-link-color has-medium-font-size wp-elements-ed9d474e084f9f3ee298d23f8f2970ec\"><em>Vent ikke l\u00e6ngere! Den fleksible cisterne er den ideelle l\u00f8sning til at tage et skridt i retning af vandautonomi og bidrage til at beskytte milj\u00f8et.<\/em><\/p>\n<\/div><\/div>\n","protected":false},"excerpt":{"rendered":"<p>Introduktion Genvinding af regnvand i en fleksibel fleksibel tank er en effektiv \u00f8kologisk l\u00f8sning. Denne m\u00e5de at opbevare regnvand p\u00e5 er med til at give dig en form for autonomi i dit vandforbrug. Det giver dig ogs\u00e5 mulighed for at h\u00e5ndtere t\u00f8rke, is\u00e6r ved at vandrestriktioner som er i stigning. Ved at genbruge regnvand kan [&hellip;]<\/p>\n","protected":false},"author":8,"featured_media":9445,"comment_status":"open","ping_status":"closed","sticky":false,"template":"","format":"standard","meta":{"inline_featured_image":false,"footnotes":""},"categories":[108,80,1777],"tags":[2299,60,303,61,432,283],"class_list":["post-10578","post","type-post","status-publish","format-standard","has-post-thumbnail","hentry","category-alt-om-regnvand","category-fleksible-beholdere","category-uklassificeret","tag-bevaring","tag-fleksibel-tank","tag-opbevaring","tag-regnvand","tag-tankskib","tag-vand"],"yoast_head":"<!-- This site is optimized with the Yoast SEO plugin v27.5 - https:\/\/yoast.com\/product\/yoast-seo-wordpress\/ -->\n<title>Hvor l\u00e6nge kan man opbevare regnvand.. - Blog Ma Citerne Ecolo<\/title>\n<meta name=\"description\" content=\"Opsamling af regnvand er en \u00f8kologisk og \u00f8konomisk l\u00f8sning. Men hvor l\u00e6nge kan regnvand opbevares i en cisterne?\" \/>\n<meta name=\"robots\" content=\"index, follow, max-snippet:-1, max-image-preview:large, max-video-preview:-1\" \/>\n<link rel=\"canonical\" href=\"https:\/\/blog.maciterneecolo.fr\/da\/hvor-laenge-kan-du-opbevare-regnvand-i-din-fleksible-cisterne\/\" \/>\n<meta property=\"og:locale\" content=\"da_DK\" \/>\n<meta property=\"og:type\" content=\"article\" \/>\n<meta property=\"og:title\" content=\"Hvor l\u00e6nge kan man opbevare regnvand.. - Blog Ma Citerne Ecolo\" \/>\n<meta property=\"og:description\" content=\"Opsamling af regnvand er en \u00f8kologisk og \u00f8konomisk l\u00f8sning. Men hvor l\u00e6nge kan regnvand opbevares i en cisterne?\" \/>\n<meta property=\"og:url\" content=\"https:\/\/blog.maciterneecolo.fr\/da\/hvor-laenge-kan-du-opbevare-regnvand-i-din-fleksible-cisterne\/\" \/>\n<meta property=\"og:site_name\" content=\"Blog Ma Citerne Ecolo\" \/>\n<meta property=\"article:published_time\" content=\"2024-01-27T07:43:03+00:00\" \/>\n<meta property=\"article:modified_time\" content=\"2024-02-14T10:24:04+00:00\" \/>\n<meta property=\"og:image\" content=\"https:\/\/blog.maciterneecolo.fr\/wp-content\/uploads\/2023\/10\/photo-eau-de-pluie-.jpeg\" \/>\n\t<meta property=\"og:image:width\" content=\"275\" \/>\n\t<meta property=\"og:image:height\" content=\"183\" \/>\n\t<meta property=\"og:image:type\" content=\"image\/jpeg\" \/>\n<meta name=\"author\" content=\"Alicia Cavallo\" \/>\n<meta name=\"twitter:card\" content=\"summary_large_image\" \/>\n<meta name=\"twitter:label1\" content=\"Skrevet af\" \/>\n\t<meta name=\"twitter:data1\" content=\"Alicia Cavallo\" \/>\n\t<meta name=\"twitter:label2\" content=\"Estimeret l\u00e6setid\" \/>\n\t<meta name=\"twitter:data2\" content=\"5 minutter\" \/>\n<script type=\"application\/ld+json\" class=\"yoast-schema-graph\">{\"@context\":\"https:\\\/\\\/schema.org\",\"@graph\":[{\"@type\":\"Article\",\"@id\":\"https:\\\/\\\/blog.maciterneecolo.fr\\\/da\\\/hvor-laenge-kan-du-opbevare-regnvand-i-din-fleksible-cisterne\\\/#article\",\"isPartOf\":{\"@id\":\"https:\\\/\\\/blog.maciterneecolo.fr\\\/da\\\/hvor-laenge-kan-du-opbevare-regnvand-i-din-fleksible-cisterne\\\/\"},\"author\":{\"name\":\"Alicia Cavallo\",\"@id\":\"https:\\\/\\\/blog.maciterneecolo.fr\\\/da\\\/#\\\/schema\\\/person\\\/80935ff9939143428267eca56e45282f\"},\"headline\":\"Hvor l\u00e6nge kan du opbevare regnvand i din fleksible cisterne?\",\"datePublished\":\"2024-01-27T07:43:03+00:00\",\"dateModified\":\"2024-02-14T10:24:04+00:00\",\"mainEntityOfPage\":{\"@id\":\"https:\\\/\\\/blog.maciterneecolo.fr\\\/da\\\/hvor-laenge-kan-du-opbevare-regnvand-i-din-fleksible-cisterne\\\/\"},\"wordCount\":914,\"commentCount\":0,\"publisher\":{\"@id\":\"https:\\\/\\\/blog.maciterneecolo.fr\\\/da\\\/#organization\"},\"image\":{\"@id\":\"https:\\\/\\\/blog.maciterneecolo.fr\\\/da\\\/hvor-laenge-kan-du-opbevare-regnvand-i-din-fleksible-cisterne\\\/#primaryimage\"},\"thumbnailUrl\":\"https:\\\/\\\/blog.maciterneecolo.fr\\\/wp-content\\\/uploads\\\/2023\\\/10\\\/photo-eau-de-pluie-.jpeg\",\"keywords\":[\"bevaring\",\"fleksibel tank\",\"opbevaring\",\"regnvand\",\"tankskib\",\"vand\"],\"articleSection\":[\"Alt om regnvand\",\"Fleksible beholdere\",\"Uklassificeret\"],\"inLanguage\":\"da-DK\",\"potentialAction\":[{\"@type\":\"CommentAction\",\"name\":\"Comment\",\"target\":[\"https:\\\/\\\/blog.maciterneecolo.fr\\\/da\\\/hvor-laenge-kan-du-opbevare-regnvand-i-din-fleksible-cisterne\\\/#respond\"]}]},{\"@type\":\"WebPage\",\"@id\":\"https:\\\/\\\/blog.maciterneecolo.fr\\\/da\\\/hvor-laenge-kan-du-opbevare-regnvand-i-din-fleksible-cisterne\\\/\",\"url\":\"https:\\\/\\\/blog.maciterneecolo.fr\\\/da\\\/hvor-laenge-kan-du-opbevare-regnvand-i-din-fleksible-cisterne\\\/\",\"name\":\"Hvor l\u00e6nge kan man opbevare regnvand.. - Blog Ma Citerne Ecolo\",\"isPartOf\":{\"@id\":\"https:\\\/\\\/blog.maciterneecolo.fr\\\/da\\\/#website\"},\"primaryImageOfPage\":{\"@id\":\"https:\\\/\\\/blog.maciterneecolo.fr\\\/da\\\/hvor-laenge-kan-du-opbevare-regnvand-i-din-fleksible-cisterne\\\/#primaryimage\"},\"image\":{\"@id\":\"https:\\\/\\\/blog.maciterneecolo.fr\\\/da\\\/hvor-laenge-kan-du-opbevare-regnvand-i-din-fleksible-cisterne\\\/#primaryimage\"},\"thumbnailUrl\":\"https:\\\/\\\/blog.maciterneecolo.fr\\\/wp-content\\\/uploads\\\/2023\\\/10\\\/photo-eau-de-pluie-.jpeg\",\"datePublished\":\"2024-01-27T07:43:03+00:00\",\"dateModified\":\"2024-02-14T10:24:04+00:00\",\"description\":\"Opsamling af regnvand er en \u00f8kologisk og \u00f8konomisk l\u00f8sning. Men hvor l\u00e6nge kan regnvand opbevares i en cisterne?\",\"breadcrumb\":{\"@id\":\"https:\\\/\\\/blog.maciterneecolo.fr\\\/da\\\/hvor-laenge-kan-du-opbevare-regnvand-i-din-fleksible-cisterne\\\/#breadcrumb\"},\"inLanguage\":\"da-DK\",\"potentialAction\":[{\"@type\":\"ReadAction\",\"target\":[\"https:\\\/\\\/blog.maciterneecolo.fr\\\/da\\\/hvor-laenge-kan-du-opbevare-regnvand-i-din-fleksible-cisterne\\\/\"]}]},{\"@type\":\"ImageObject\",\"inLanguage\":\"da-DK\",\"@id\":\"https:\\\/\\\/blog.maciterneecolo.fr\\\/da\\\/hvor-laenge-kan-du-opbevare-regnvand-i-din-fleksible-cisterne\\\/#primaryimage\",\"url\":\"https:\\\/\\\/blog.maciterneecolo.fr\\\/wp-content\\\/uploads\\\/2023\\\/10\\\/photo-eau-de-pluie-.jpeg\",\"contentUrl\":\"https:\\\/\\\/blog.maciterneecolo.fr\\\/wp-content\\\/uploads\\\/2023\\\/10\\\/photo-eau-de-pluie-.jpeg\",\"width\":275,\"height\":183,\"caption\":\"Eau de pluie, quel est la r\u00e9forme\"},{\"@type\":\"BreadcrumbList\",\"@id\":\"https:\\\/\\\/blog.maciterneecolo.fr\\\/da\\\/hvor-laenge-kan-du-opbevare-regnvand-i-din-fleksible-cisterne\\\/#breadcrumb\",\"itemListElement\":[{\"@type\":\"ListItem\",\"position\":1,\"name\":\"Accueil\",\"item\":\"https:\\\/\\\/blog.maciterneecolo.fr\\\/da\\\/\"},{\"@type\":\"ListItem\",\"position\":2,\"name\":\"Hvor l\u00e6nge kan du opbevare regnvand i din fleksible cisterne?\"}]},{\"@type\":\"WebSite\",\"@id\":\"https:\\\/\\\/blog.maciterneecolo.fr\\\/da\\\/#website\",\"url\":\"https:\\\/\\\/blog.maciterneecolo.fr\\\/da\\\/\",\"name\":\"Blog Ma Citerne Ecolo\",\"description\":\"Leader dans le domaine de la citerne souple d&#039;eau de pluie\",\"publisher\":{\"@id\":\"https:\\\/\\\/blog.maciterneecolo.fr\\\/da\\\/#organization\"},\"potentialAction\":[{\"@type\":\"SearchAction\",\"target\":{\"@type\":\"EntryPoint\",\"urlTemplate\":\"https:\\\/\\\/blog.maciterneecolo.fr\\\/da\\\/?s={search_term_string}\"},\"query-input\":{\"@type\":\"PropertyValueSpecification\",\"valueRequired\":true,\"valueName\":\"search_term_string\"}}],\"inLanguage\":\"da-DK\"},{\"@type\":\"Organization\",\"@id\":\"https:\\\/\\\/blog.maciterneecolo.fr\\\/da\\\/#organization\",\"name\":\"Blog Ma Citerne Ecolo\",\"url\":\"https:\\\/\\\/blog.maciterneecolo.fr\\\/da\\\/\",\"logo\":{\"@type\":\"ImageObject\",\"inLanguage\":\"da-DK\",\"@id\":\"https:\\\/\\\/blog.maciterneecolo.fr\\\/da\\\/#\\\/schema\\\/logo\\\/image\\\/\",\"url\":\"https:\\\/\\\/blog.maciterneecolo.fr\\\/wp-content\\\/uploads\\\/2022\\\/12\\\/cropped-favicon-blog.png\",\"contentUrl\":\"https:\\\/\\\/blog.maciterneecolo.fr\\\/wp-content\\\/uploads\\\/2022\\\/12\\\/cropped-favicon-blog.png\",\"width\":512,\"height\":512,\"caption\":\"Blog Ma Citerne Ecolo\"},\"image\":{\"@id\":\"https:\\\/\\\/blog.maciterneecolo.fr\\\/da\\\/#\\\/schema\\\/logo\\\/image\\\/\"}},{\"@type\":\"Person\",\"@id\":\"https:\\\/\\\/blog.maciterneecolo.fr\\\/da\\\/#\\\/schema\\\/person\\\/80935ff9939143428267eca56e45282f\",\"name\":\"Alicia Cavallo\",\"image\":{\"@type\":\"ImageObject\",\"inLanguage\":\"da-DK\",\"@id\":\"https:\\\/\\\/secure.gravatar.com\\\/avatar\\\/cbad1a76721b6622ee16d4032bb5f69fa54cfb317ed64ea0531092c0cece86de?s=96&d=mm&r=g\",\"url\":\"https:\\\/\\\/secure.gravatar.com\\\/avatar\\\/cbad1a76721b6622ee16d4032bb5f69fa54cfb317ed64ea0531092c0cece86de?s=96&d=mm&r=g\",\"contentUrl\":\"https:\\\/\\\/secure.gravatar.com\\\/avatar\\\/cbad1a76721b6622ee16d4032bb5f69fa54cfb317ed64ea0531092c0cece86de?s=96&d=mm&r=g\",\"caption\":\"Alicia Cavallo\"},\"url\":\"https:\\\/\\\/blog.maciterneecolo.fr\\\/da\\\/author\\\/alicia-cavallo\\\/\"}]}<\/script>\n<!-- \/ Yoast SEO plugin. -->","yoast_head_json":{"title":"Hvor l\u00e6nge kan man opbevare regnvand.. - Blog Ma Citerne Ecolo","description":"Opsamling af regnvand er en \u00f8kologisk og \u00f8konomisk l\u00f8sning. Men hvor l\u00e6nge kan regnvand opbevares i en cisterne?","robots":{"index":"index","follow":"follow","max-snippet":"max-snippet:-1","max-image-preview":"max-image-preview:large","max-video-preview":"max-video-preview:-1"},"canonical":"https:\/\/blog.maciterneecolo.fr\/da\/hvor-laenge-kan-du-opbevare-regnvand-i-din-fleksible-cisterne\/","og_locale":"da_DK","og_type":"article","og_title":"Hvor l\u00e6nge kan man opbevare regnvand.. - Blog Ma Citerne Ecolo","og_description":"Opsamling af regnvand er en \u00f8kologisk og \u00f8konomisk l\u00f8sning. Men hvor l\u00e6nge kan regnvand opbevares i en cisterne?","og_url":"https:\/\/blog.maciterneecolo.fr\/da\/hvor-laenge-kan-du-opbevare-regnvand-i-din-fleksible-cisterne\/","og_site_name":"Blog Ma Citerne Ecolo","article_published_time":"2024-01-27T07:43:03+00:00","article_modified_time":"2024-02-14T10:24:04+00:00","og_image":[{"width":275,"height":183,"url":"https:\/\/blog.maciterneecolo.fr\/wp-content\/uploads\/2023\/10\/photo-eau-de-pluie-.jpeg","type":"image\/jpeg"}],"author":"Alicia Cavallo","twitter_card":"summary_large_image","twitter_misc":{"Skrevet af":"Alicia Cavallo","Estimeret l\u00e6setid":"5 minutter"},"schema":{"@context":"https:\/\/schema.org","@graph":[{"@type":"Article","@id":"https:\/\/blog.maciterneecolo.fr\/da\/hvor-laenge-kan-du-opbevare-regnvand-i-din-fleksible-cisterne\/#article","isPartOf":{"@id":"https:\/\/blog.maciterneecolo.fr\/da\/hvor-laenge-kan-du-opbevare-regnvand-i-din-fleksible-cisterne\/"},"author":{"name":"Alicia Cavallo","@id":"https:\/\/blog.maciterneecolo.fr\/da\/#\/schema\/person\/80935ff9939143428267eca56e45282f"},"headline":"Hvor l\u00e6nge kan du opbevare regnvand i din fleksible cisterne?","datePublished":"2024-01-27T07:43:03+00:00","dateModified":"2024-02-14T10:24:04+00:00","mainEntityOfPage":{"@id":"https:\/\/blog.maciterneecolo.fr\/da\/hvor-laenge-kan-du-opbevare-regnvand-i-din-fleksible-cisterne\/"},"wordCount":914,"commentCount":0,"publisher":{"@id":"https:\/\/blog.maciterneecolo.fr\/da\/#organization"},"image":{"@id":"https:\/\/blog.maciterneecolo.fr\/da\/hvor-laenge-kan-du-opbevare-regnvand-i-din-fleksible-cisterne\/#primaryimage"},"thumbnailUrl":"https:\/\/blog.maciterneecolo.fr\/wp-content\/uploads\/2023\/10\/photo-eau-de-pluie-.jpeg","keywords":["bevaring","fleksibel tank","opbevaring","regnvand","tankskib","vand"],"articleSection":["Alt om regnvand","Fleksible beholdere","Uklassificeret"],"inLanguage":"da-DK","potentialAction":[{"@type":"CommentAction","name":"Comment","target":["https:\/\/blog.maciterneecolo.fr\/da\/hvor-laenge-kan-du-opbevare-regnvand-i-din-fleksible-cisterne\/#respond"]}]},{"@type":"WebPage","@id":"https:\/\/blog.maciterneecolo.fr\/da\/hvor-laenge-kan-du-opbevare-regnvand-i-din-fleksible-cisterne\/","url":"https:\/\/blog.maciterneecolo.fr\/da\/hvor-laenge-kan-du-opbevare-regnvand-i-din-fleksible-cisterne\/","name":"Hvor l\u00e6nge kan man opbevare regnvand.. - Blog Ma Citerne Ecolo","isPartOf":{"@id":"https:\/\/blog.maciterneecolo.fr\/da\/#website"},"primaryImageOfPage":{"@id":"https:\/\/blog.maciterneecolo.fr\/da\/hvor-laenge-kan-du-opbevare-regnvand-i-din-fleksible-cisterne\/#primaryimage"},"image":{"@id":"https:\/\/blog.maciterneecolo.fr\/da\/hvor-laenge-kan-du-opbevare-regnvand-i-din-fleksible-cisterne\/#primaryimage"},"thumbnailUrl":"https:\/\/blog.maciterneecolo.fr\/wp-content\/uploads\/2023\/10\/photo-eau-de-pluie-.jpeg","datePublished":"2024-01-27T07:43:03+00:00","dateModified":"2024-02-14T10:24:04+00:00","description":"Opsamling af regnvand er en \u00f8kologisk og \u00f8konomisk l\u00f8sning. Men hvor l\u00e6nge kan regnvand opbevares i en cisterne?","breadcrumb":{"@id":"https:\/\/blog.maciterneecolo.fr\/da\/hvor-laenge-kan-du-opbevare-regnvand-i-din-fleksible-cisterne\/#breadcrumb"},"inLanguage":"da-DK","potentialAction":[{"@type":"ReadAction","target":["https:\/\/blog.maciterneecolo.fr\/da\/hvor-laenge-kan-du-opbevare-regnvand-i-din-fleksible-cisterne\/"]}]},{"@type":"ImageObject","inLanguage":"da-DK","@id":"https:\/\/blog.maciterneecolo.fr\/da\/hvor-laenge-kan-du-opbevare-regnvand-i-din-fleksible-cisterne\/#primaryimage","url":"https:\/\/blog.maciterneecolo.fr\/wp-content\/uploads\/2023\/10\/photo-eau-de-pluie-.jpeg","contentUrl":"https:\/\/blog.maciterneecolo.fr\/wp-content\/uploads\/2023\/10\/photo-eau-de-pluie-.jpeg","width":275,"height":183,"caption":"Eau de pluie, quel est la r\u00e9forme"},{"@type":"BreadcrumbList","@id":"https:\/\/blog.maciterneecolo.fr\/da\/hvor-laenge-kan-du-opbevare-regnvand-i-din-fleksible-cisterne\/#breadcrumb","itemListElement":[{"@type":"ListItem","position":1,"name":"Accueil","item":"https:\/\/blog.maciterneecolo.fr\/da\/"},{"@type":"ListItem","position":2,"name":"Hvor l\u00e6nge kan du opbevare regnvand i din fleksible cisterne?"}]},{"@type":"WebSite","@id":"https:\/\/blog.maciterneecolo.fr\/da\/#website","url":"https:\/\/blog.maciterneecolo.fr\/da\/","name":"Blog Ma Citerne Ecolo","description":"Leader dans le domaine de la citerne souple d&#039;eau de pluie","publisher":{"@id":"https:\/\/blog.maciterneecolo.fr\/da\/#organization"},"potentialAction":[{"@type":"SearchAction","target":{"@type":"EntryPoint","urlTemplate":"https:\/\/blog.maciterneecolo.fr\/da\/?s={search_term_string}"},"query-input":{"@type":"PropertyValueSpecification","valueRequired":true,"valueName":"search_term_string"}}],"inLanguage":"da-DK"},{"@type":"Organization","@id":"https:\/\/blog.maciterneecolo.fr\/da\/#organization","name":"Blog Ma Citerne Ecolo","url":"https:\/\/blog.maciterneecolo.fr\/da\/","logo":{"@type":"ImageObject","inLanguage":"da-DK","@id":"https:\/\/blog.maciterneecolo.fr\/da\/#\/schema\/logo\/image\/","url":"https:\/\/blog.maciterneecolo.fr\/wp-content\/uploads\/2022\/12\/cropped-favicon-blog.png","contentUrl":"https:\/\/blog.maciterneecolo.fr\/wp-content\/uploads\/2022\/12\/cropped-favicon-blog.png","width":512,"height":512,"caption":"Blog Ma Citerne Ecolo"},"image":{"@id":"https:\/\/blog.maciterneecolo.fr\/da\/#\/schema\/logo\/image\/"}},{"@type":"Person","@id":"https:\/\/blog.maciterneecolo.fr\/da\/#\/schema\/person\/80935ff9939143428267eca56e45282f","name":"Alicia Cavallo","image":{"@type":"ImageObject","inLanguage":"da-DK","@id":"https:\/\/secure.gravatar.com\/avatar\/cbad1a76721b6622ee16d4032bb5f69fa54cfb317ed64ea0531092c0cece86de?s=96&d=mm&r=g","url":"https:\/\/secure.gravatar.com\/avatar\/cbad1a76721b6622ee16d4032bb5f69fa54cfb317ed64ea0531092c0cece86de?s=96&d=mm&r=g","contentUrl":"https:\/\/secure.gravatar.com\/avatar\/cbad1a76721b6622ee16d4032bb5f69fa54cfb317ed64ea0531092c0cece86de?s=96&d=mm&r=g","caption":"Alicia Cavallo"},"url":"https:\/\/blog.maciterneecolo.fr\/da\/author\/alicia-cavallo\/"}]}},"_links":{"self":[{"href":"https:\/\/blog.maciterneecolo.fr\/da\/wp-json\/wp\/v2\/posts\/10578","targetHints":{"allow":["GET"]}}],"collection":[{"href":"https:\/\/blog.maciterneecolo.fr\/da\/wp-json\/wp\/v2\/posts"}],"about":[{"href":"https:\/\/blog.maciterneecolo.fr\/da\/wp-json\/wp\/v2\/types\/post"}],"author":[{"embeddable":true,"href":"https:\/\/blog.maciterneecolo.fr\/da\/wp-json\/wp\/v2\/users\/8"}],"replies":[{"embeddable":true,"href":"https:\/\/blog.maciterneecolo.fr\/da\/wp-json\/wp\/v2\/comments?post=10578"}],"version-history":[{"count":6,"href":"https:\/\/blog.maciterneecolo.fr\/da\/wp-json\/wp\/v2\/posts\/10578\/revisions"}],"predecessor-version":[{"id":11168,"href":"https:\/\/blog.maciterneecolo.fr\/da\/wp-json\/wp\/v2\/posts\/10578\/revisions\/11168"}],"wp:featuredmedia":[{"embeddable":true,"href":"https:\/\/blog.maciterneecolo.fr\/da\/wp-json\/wp\/v2\/media\/9445"}],"wp:attachment":[{"href":"https:\/\/blog.maciterneecolo.fr\/da\/wp-json\/wp\/v2\/media?parent=10578"}],"wp:term":[{"taxonomy":"category","embeddable":true,"href":"https:\/\/blog.maciterneecolo.fr\/da\/wp-json\/wp\/v2\/categories?post=10578"},{"taxonomy":"post_tag","embeddable":true,"href":"https:\/\/blog.maciterneecolo.fr\/da\/wp-json\/wp\/v2\/tags?post=10578"}],"curies":[{"name":"wp","href":"https:\/\/api.w.org\/{rel}","templated":true}]}}