{"id":11293,"date":"2024-02-18T09:08:11","date_gmt":"2024-02-18T09:08:11","guid":{"rendered":"https:\/\/blog.maciterneecolo.fr\/er-det-forbudt-at-vande-sin-have-med-regnvand\/"},"modified":"2024-02-19T13:04:33","modified_gmt":"2024-02-19T13:04:33","slug":"er-det-forbudt-at-vande-sin-have-med-regnvand","status":"publish","type":"post","link":"https:\/\/blog.maciterneecolo.fr\/da\/er-det-forbudt-at-vande-sin-have-med-regnvand\/","title":{"rendered":"Er det forbudt at vande sin have med regnvand?"},"content":{"rendered":"\n<p class=\"has-black-color has-text-color has-link-color wp-elements-ab05b6cffef369dd9de6d1f94dbb63e4\">Nej, det er <strong>ikke forbudt at vande sin have med regnvand i Frankrig<\/strong>. Tv\u00e6rtimod tilskyndes denne praksis som en milj\u00f8venlig m\u00e5de at reducere drikkevandsforbruget p\u00e5. Det er dog vigtigt at bem\u00e6rke, at<strong>brugen af regnvand<\/strong> skal overholde visse sundhedsstandarder, is\u00e6r ved at undg\u00e5 kontakt med drikkevand og ikke bruge det til form\u00e5l, der kan p\u00e5virke sundheden, undtagen i tilf\u00e6lde af korrekt filtreret regnvand! Du skal ogs\u00e5 bruge en <strong>moderne, \u00f8kologisk, \u00f8konomisk og praktisk regnvandstank<\/strong> som den, vi tilbyder i vores online shop.<\/p>\n<div class=\"wp-block-image is-style-rounded\">\n<figure class=\"aligncenter size-full is-resized\"><img decoding=\"async\" src=\"https:\/\/blog.maciterneecolo.fr\/wp-content\/uploads\/2024\/02\/DALL&#xB7;E-2024-02-08-10.28.11-A-tranquil-scene-depicting-an-individual-watering-a-vegetable-garden-at-the-far-end-of-their-backyard.-The-garden-is-lush-and-well-organized-with-nea.jpg\" alt=\"En person vander sin have med regnvand\" class=\"wp-image-10873\" style=\"width:606px;height:auto\"\/><\/figure>\n<\/div>\n<h2 class=\"wp-block-heading has-text-color has-link-color wp-elements-220a5fb219fac0c0dcbc88683da21b2b\" style=\"color:#35879e;font-size:30px\"><strong>Optimering af genbrug af regnvand til havevanding<\/strong><\/h2>\n\n<h3 class=\"wp-block-heading has-vivid-cyan-blue-color has-text-color has-link-color wp-elements-378cececcd9cfba572d25f1ca5c4baee\" style=\"font-size:25px\">Opsamling og lagring af regnvand: valg og installation til brug i haven<\/h3>\n\n<p class=\"has-black-color has-text-color has-link-color wp-elements-c109eb4f2e2b65f3ec75f6b1f25627a0\">Regnvandsopsamlings- og lagringssystemer tilbyder en \u00f8kologisk og \u00f8konomisk l\u00f8sning til<strong>\n  <a href=\"https:\/\/blog.maciterneecolo.fr\/da\/regnvandstank-til-vanding-af-groenne-planter\/\">vanding af haver<\/a>\n<\/strong>. Disse systemer opsamler regnvand via solfangere og opbevarer det i s\u00e6rlige tanke. Tankene varierer i kapacitet, fra et par hundrede til flere tusinde liter, s\u00e5 du kan<strong>vande din have rigeligt uden at tr\u00e6kke p\u00e5 drikkevandsreserverne<\/strong>. Regnvandsopsamlere f\u00e5s i en r\u00e6kke modeller, fra enkle v\u00e6gmonterede t\u00f8nder til mere sofistikerede systemer med <strong>integrerede pumper til nem distribution<\/strong>.<\/p>\n\n<p class=\"has-black-color has-text-color has-link-color wp-elements-a7094503e76217e2261724b5fce7c700\">Valget af system afh\u00e6nger af den tilg\u00e6ngelige plads, den n\u00f8dvendige vandm\u00e6ngde og det tilg\u00e6ngelige budget. Nogle genvindingss\u00e6t indeholder tilbeh\u00f8r som vandhaner eller filtreringssystemer til behandling af vandet f\u00f8r brug. Installationen kr\u00e6ver omhyggelig planl\u00e6gning for at maksimere opsamling og<strong>effektiv brug af vand<\/strong>, samtidig med at den er nem at vedligeholde. M\u00e6rkevarer som vores fleksible tank tilbyder p\u00e5lidelige muligheder til en r\u00e6kke priser, hvilket sikrer optimal v\u00e6rdi for pengene for enhver <strong>milj\u00f8bevidst gartner<\/strong>.<\/p>\n\n<h3 class=\"wp-block-heading has-vivid-cyan-blue-color has-text-color has-link-color wp-elements-9eff031ca7cfa7b9894057f184325b9e\" style=\"font-size:25px\">Spar p\u00e5 vandet i haven: effektiv brug af regnvandsopsamlere<\/h3>\n\n<p class=\"has-black-color has-text-color has-link-color wp-elements-89b7d3bf577732ab2d4c239cadd41453\">Det er vigtigt at spare p\u00e5 vandet i haven, og regnvandsopsamlere er en <strong>effektiv og milj\u00f8venlig metode<\/strong>. Disse systemer opsamler regnvand til vanding, hvilket reducerer forbruget af drikkevand. Opsamlere varierer i form og kapacitet, fra sm\u00e5 v\u00e6gmonterede modeller til store tanke, der kan rumme flere tusinde liter. De er ofte udstyret med tilbeh\u00f8r som pumper, der <strong>g\u00f8r vandingen lettere<\/strong>, og <strong>vandhaner<\/strong>, der g\u00f8r det nemt at styre <strong>vandm\u00e6ngden<\/strong>.<\/p>\n\n<p class=\"has-black-color has-text-color has-link-color wp-elements-2ba15d8c9815cd8ecf6d0135eba94a08\">Der findes komplette s\u00e6t med elementer som <strong>opsamlere og <a href=\"https:\/\/blog.maciterneecolo.fr\/da\/sammenligning-af-filtreringssystemer\/\">regnvandsfiltreringssystemer<\/a><\/strong>, der sikrer rent vand til haverne. Produkterne i vores butik garanterer kvalitet og holdbarhed og giver god v\u00e6rdi for pengene. Regelm\u00e6ssig vedligeholdelse af disse systemer er afg\u00f8rende for at sikre deres langsigtede effektivitet, hvilket g\u00f8r opsamling af regnvand til en b\u00e5de <strong>\u00f8konomisk og milj\u00f8venlig l\u00f8sning til vanding af haver<\/strong>.<\/p>\n\n<h3 class=\"wp-block-heading has-vivid-cyan-blue-color has-text-color has-link-color wp-elements-78b36bafcc9263fc973e9d045395e261\" style=\"font-size:25px\">Vedligeholdelse og servicering af vandopsamlingstanke og pumper til havevanding<\/h3>\n\n<p class=\"has-black-color has-text-color has-link-color wp-elements-b1c7ae7de847a2b8400872ec8d4ea0f8\"><strong>Vedligeholdelse og vedligeholdelse af tanke og pumper til opsamling af regnvand<\/strong> er afg\u00f8rende for at sikre optimal og langvarig brug af disse systemer til havevanding. Lagertanke, som kan rumme fra et par hundrede til flere tusinde liter, kr\u00e6ver regelm\u00e6ssig reng\u00f8ring for at <strong>forhindre opbygning af alger og sediment<\/strong>. Vi anbefaler, at du med j\u00e6vne mellemrum kontrollerer opsamlernes og filtrenes tilstand for at sikre, at vandet filtreres effektivt.<\/p>\n\n<p class=\"has-black-color has-text-color has-link-color wp-elements-907add056c3682947c6b5b53ceaadb1e\"><a href=\"https:\/\/www.maciterneecolo.fr\/fr\/3-citernes-souples\">Regnvandsopsamlere<\/a>, uanset om de er v\u00e6gmonterede eller i form af en tank, skal inspiceres for l\u00e6kager eller skader. Pumper er n\u00f8glen til<strong>vanding af en k\u00f8kkenhave<\/strong> og kr\u00e6ver s\u00e6rlig opm\u00e6rksomhed for at fungere ordentligt. Vandgenvindingss\u00e6t indeholder ofte specifikt tilbeh\u00f8r og vedligeholdelsesprodukter for at g\u00f8re vedligeholdelsen lettere. Vores produkter tilbyder kvalitetsl\u00f8sninger til konkurrencedygtige priser, der garanterer <strong>lang levetid og effektivitet<\/strong> for dit regnvandsopsamlingssystem til <strong>milj\u00f8venlig vanding af din have<\/strong>.<\/p>\n\n<h2 class=\"wp-block-heading has-text-color has-link-color wp-elements-8a068cd85d3889af7170eba9ac7a5f96\" style=\"color:#35879e;font-size:30px\"><strong>Den seneste innovation inden for fleksible regnvandstanke<\/strong><\/h2>\n\n<p class=\"has-black-color has-text-color has-link-color wp-elements-a2c84c48adc621997ef2c020104b823d\">For at <strong>sikre dit afgr\u00f8deudbytte<\/strong> og undg\u00e5 tab er det afg\u00f8rende hurtigt at installere vores selvb\u00e6rende regnvandstank, der er lavet af teknisk PVC og udstyret med en hydraulisk trykpumpe. Denne tank kan placeres t\u00e6t p\u00e5 din <strong>landbrugsjord<\/strong>, direkte p\u00e5 jorden eller i en halvt nedgravet konfiguration. Ud over at vande dine afgr\u00f8der effektivt giver denne l\u00f8sning dig ogs\u00e5 mulighed for at vande<strong>dine dyr med regnvand<\/strong> under visse betingelser. Hvis du vil vide mere, kan du l\u00e6se vores detaljerede artikel om, hvordan du bruger vores fleksible tank til at vande dine bes\u00e6tninger med regnvand.<\/p>\n\n<p class=\"has-black-color has-text-color has-link-color wp-elements-940cf5454482af5a78c365e26ef37a43\">Bes\u00f8g vores online shop i dag og oplev et bredt udvalg af billige, fleksible regnvandstanke<strong>,<\/strong> der er designet specielt<strong> til haver, k\u00f8kkenhaver, g\u00e5rde og landbrug<\/strong>. F\u00e5 et gratis tilbud i dag! G\u00e5 p\u00e5 opdagelse i beskrivelserne af vores produkter for bedre at forst\u00e5 deres egenskaber takket v\u00e6re de detaljerede fotos, der er tilg\u00e6ngelige online. Den <strong>fleksible tank lavet af teknisk stof af h\u00f8j kvalitet<\/strong> er et klogt valg, der sikrer langvarig brug ud over bare et \u00e5r. Det er ogs\u00e5 alsidigt, s\u00e5 det kan bruges til mange forskellige form\u00e5l, f.eks. til at fodre en dam, genoplade toilettanke eller endda til husholdningsbrug i vaskemaskinen, hvilket <strong>reducerer dit forbrug af vand fra lysnettet<\/strong>.<\/p>\n\n<h2 class=\"wp-block-heading has-text-color has-link-color wp-elements-9cff69295266f09274a8cd68c99c8037\" style=\"color:#35879e;font-size:30px\"><strong>Hvorfor v\u00e6lge en skimmer med en fleksibel tank i stedet for en tr\u00e6-, beton- eller plasttank?<\/strong><\/h2>\n\n<p class=\"has-black-color has-text-color has-link-color wp-elements-d5a12e0f1b945bb4f3a899b9c3186891\"><strong>Valget af en vandopsamler med en fleksibel tank<\/strong> frem for traditionelle tr\u00e6-, beton- eller plasttanke er baseret p\u00e5 en r\u00e6kke <strong>v\u00e6sentlige kriterier, s\u00e5som \u00f8konomi, \u00f8kologi og lang levetid<\/strong>, samt specifikke <strong>egenskaber<\/strong> s\u00e5som den fleksible <strong>tanks svampedr\u00e6bende og vandt\u00e6tte egenskaber<\/strong>.<\/p>\n\n<p class=\"has-black-color has-text-color has-link-color wp-elements-ee7f72589867a4f41164615bd9a1bd8b\"><strong>Besparelser:<\/strong> Vandgenvindingssystemer med fleksible tanke giver en betydelig \u00f8konomisk fordel. For det f\u00f8rste er startomkostningerne generelt lavere end for tanke fremstillet af traditionelle materialer. Desuden er disse fleksible tanke ofte enklere og billigere at installere, da de ikke kr\u00e6ver en tung st\u00f8ttestruktur eller murerarbejde. Det reducerer ikke kun installationsomkostningerne, men ogs\u00e5 leveringstiden. Med hensyn til drift betyder deres fleksibilitet, at opbevaringskapaciteten kan tilpasses efter behov, hvilket optimerer brugen af plads og reducerer vandspild.<\/p>\n\n<p class=\"has-black-color has-text-color has-link-color wp-elements-e54089f171158f925204bd298d174aa6\"><strong>\u00d8kologi:<\/strong> I milj\u00f8m\u00e6ssig henseende giver fleksible tanke en r\u00e6kke fordele. Deres fremstilling kr\u00e6ver mindre tunge materialer og mindre energi end beton- eller plasttanke. Desuden reducerer deres lave v\u00e6gt det CO2-fodaftryk, der er forbundet med transport. Efter endt levetid er de materialer, der bruges i fleksible tanke, for det meste lettere at genbruge end dem, der bruges i traditionelle tanke.<\/p>\n\n<p class=\"has-black-color has-text-color has-link-color wp-elements-ead2f5d4b1322de6f00f9cdcd40a154e\"><strong>Holdbarhed og kvaliteter:<\/strong> Med hensyn til holdbarhed er vores fleksible reclaimer designet til at modst\u00e5 barske udend\u00f8rsforhold. Vores kar er svampebek\u00e6mpende, hvilket forhindrer dannelsen af mug, som er et almindeligt problem i amforaer af tr\u00e6, beton eller andre materialer. Denne funktion sikrer, at det opbevarede vand er rent, og reducerer behovet for hyppig vedligeholdelse. Desuden sikrer deres uigennemtr\u00e6ngelige natur, at vandet bliver inde i tanken uden risiko for l\u00e6kage, i mods\u00e6tning til tr\u00e6tanke, som kan revne, eller beton, som kan nedbrydes med tiden.<\/p>\n\n<p class=\"has-black-color has-text-color has-link-color wp-elements-32cc119df365f6e9e3656f9fa9004a4b\">Endelig behandles den fleksible tank ofte for at modst\u00e5 UV-str\u00e5ler og klimatiske variationer, hvilket \u00f8ger dens levetid. Fleksibiliteten i vores selvb\u00e6rende rekuperator betyder ogs\u00e5, at den kan tilpasses til forskellige terr\u00e6nkonfigurationer, hvilket ikke altid er muligt med stive tanke. Kort sagt er valget af en vandopsamler med en fleksibel tank en \u00f8konomisk, \u00f8kologisk og b\u00e6redygtig l\u00f8sning til opsamling og opbevaring af regnvand.<\/p>\n\n<h2 class=\"wp-block-heading has-text-color has-link-color wp-elements-79c8ecbe0b4d754a3c0bc4052c605ea3\" style=\"color:#35879e\"><strong>For at opsummere reglerne for vanding af din have med regnvand fra vores fleksible tank<\/strong><\/h2>\n\n<p class=\"has-black-color has-text-color has-link-color wp-elements-25440f0f6ffcbf1f762e8180f37b97e2\">De \u00f8konomiske konsekvenser af <strong>vandings- eller overrislingssystemet<\/strong> er betydelige, uanset \u00e5rstiden. Dyrkede omr\u00e5der kr\u00e6ver en betydelig m\u00e6ngde vand. Med dette i tankerne vil vi gerne foresl\u00e5, hvordan du kan reducere dit forbrug af vand fra hanen betydeligt ved at bruge et system til opsamling af regnvand og opbevaring af br\u00f8ndvand med vores <strong>fleksible, PVC-belagte opsamler, med eller uden pumpe og filter<\/strong>.  <\/p>\n\n<p class=\"has-black-color has-text-color has-link-color wp-elements-681d352d2aef4d28d105239505a0aa52\">Med denne enhed kan du vande din have uden ekstra omkostninger, og det er helt lovligt i Frankrig. S\u00e5 vi introducerede id\u00e9en om at bruge en fleksibel tank til at opsamle regnvand, udstyret med pumper og slanger, der g\u00f8r det lettere at t\u00f8mme og genopfylde den i haverne. Dette udstyr er s\u00e6rligt velegnet til vanding og overrisling af haveafgr\u00f8der, herunder<strong> blomster, gr\u00f8ntsager og planter<\/strong>, hvad enten de er i potter eller plantet i jorden. Vi inviterer dig til at kontakte os for et tilbud, r\u00e5dgivning eller for at diskutere dit projekt.<strong>installation af en fleksibel tank<\/strong>  designet af tekniske materialer til opbevaring af ikke-drikkeligt regnvand af h\u00f8j kvalitet til brug i hjemmet, private haver eller gartnerier i den professionelle sektor.<\/p>\n","protected":false},"excerpt":{"rendered":"<p>Nej, det er ikke forbudt at vande sin have med regnvand i Frankrig. Tv\u00e6rtimod tilskyndes denne praksis som en milj\u00f8venlig m\u00e5de at reducere drikkevandsforbruget p\u00e5. Det er dog vigtigt at bem\u00e6rke, atbrugen af regnvand skal overholde visse sundhedsstandarder, is\u00e6r ved at undg\u00e5 kontakt med drikkevand og ikke bruge det til form\u00e5l, der kan p\u00e5virke sundheden, [&hellip;]<\/p>\n","protected":false},"author":1,"featured_media":10885,"comment_status":"open","ping_status":"closed","sticky":false,"template":"","format":"standard","meta":{"inline_featured_image":false,"footnotes":""},"categories":[356,80],"tags":[60,279,61,401,244],"class_list":["post-11293","post","type-post","status-publish","format-standard","has-post-thumbnail","hentry","category-brug-af-regnvand","category-fleksible-beholdere","tag-fleksibel-tank","tag-opsamling-af-regnvand","tag-regnvand","tag-vanding","tag-vandopsamler"],"yoast_head":"<!-- This site is optimized with the Yoast SEO plugin v27.5 - https:\/\/yoast.com\/product\/yoast-seo-wordpress\/ -->\n<title>Er det forbudt at vande sin have med regnvand? - Blog Ma Citerne Ecolo<\/title>\n<meta name=\"description\" content=\"En regnvandstank er superpraktisk. Men hvad med reglerne for at vande din have med dette regnvand?\" \/>\n<meta name=\"robots\" content=\"index, follow, max-snippet:-1, max-image-preview:large, max-video-preview:-1\" \/>\n<link rel=\"canonical\" href=\"https:\/\/blog.maciterneecolo.fr\/da\/er-det-forbudt-at-vande-sin-have-med-regnvand\/\" \/>\n<meta property=\"og:locale\" content=\"da_DK\" \/>\n<meta property=\"og:type\" content=\"article\" \/>\n<meta property=\"og:title\" content=\"Er det forbudt at vande sin have med regnvand? - Blog Ma Citerne Ecolo\" \/>\n<meta property=\"og:description\" content=\"En regnvandstank er superpraktisk. Men hvad med reglerne for at vande din have med dette regnvand?\" \/>\n<meta property=\"og:url\" content=\"https:\/\/blog.maciterneecolo.fr\/da\/er-det-forbudt-at-vande-sin-have-med-regnvand\/\" \/>\n<meta property=\"og:site_name\" content=\"Blog Ma Citerne Ecolo\" \/>\n<meta property=\"article:published_time\" content=\"2024-02-18T09:08:11+00:00\" \/>\n<meta property=\"article:modified_time\" content=\"2024-02-19T13:04:33+00:00\" \/>\n<meta property=\"og:image\" content=\"https:\/\/blog.maciterneecolo.fr\/wp-content\/uploads\/2024\/02\/AdobeStock_710164649.jpeg\" \/>\n\t<meta property=\"og:image:width\" content=\"1536\" \/>\n\t<meta property=\"og:image:height\" content=\"768\" \/>\n\t<meta property=\"og:image:type\" content=\"image\/jpeg\" \/>\n<meta name=\"author\" content=\"admin\" \/>\n<meta name=\"twitter:card\" content=\"summary_large_image\" \/>\n<meta name=\"twitter:label1\" content=\"Skrevet af\" \/>\n\t<meta name=\"twitter:data1\" content=\"admin\" \/>\n\t<meta name=\"twitter:label2\" content=\"Estimeret l\u00e6setid\" \/>\n\t<meta name=\"twitter:data2\" content=\"7 minutter\" \/>\n<script type=\"application\/ld+json\" class=\"yoast-schema-graph\">{\"@context\":\"https:\\\/\\\/schema.org\",\"@graph\":[{\"@type\":\"Article\",\"@id\":\"https:\\\/\\\/blog.maciterneecolo.fr\\\/da\\\/er-det-forbudt-at-vande-sin-have-med-regnvand\\\/#article\",\"isPartOf\":{\"@id\":\"https:\\\/\\\/blog.maciterneecolo.fr\\\/da\\\/er-det-forbudt-at-vande-sin-have-med-regnvand\\\/\"},\"author\":{\"name\":\"admin\",\"@id\":\"https:\\\/\\\/blog.maciterneecolo.fr\\\/da\\\/#\\\/schema\\\/person\\\/7a14672f7ec93f9d182e9ae4b0473f40\"},\"headline\":\"Er det forbudt at vande sin have med regnvand?\",\"datePublished\":\"2024-02-18T09:08:11+00:00\",\"dateModified\":\"2024-02-19T13:04:33+00:00\",\"mainEntityOfPage\":{\"@id\":\"https:\\\/\\\/blog.maciterneecolo.fr\\\/da\\\/er-det-forbudt-at-vande-sin-have-med-regnvand\\\/\"},\"wordCount\":1384,\"commentCount\":0,\"publisher\":{\"@id\":\"https:\\\/\\\/blog.maciterneecolo.fr\\\/da\\\/#organization\"},\"image\":{\"@id\":\"https:\\\/\\\/blog.maciterneecolo.fr\\\/da\\\/er-det-forbudt-at-vande-sin-have-med-regnvand\\\/#primaryimage\"},\"thumbnailUrl\":\"https:\\\/\\\/blog.maciterneecolo.fr\\\/wp-content\\\/uploads\\\/2024\\\/02\\\/AdobeStock_710164649.jpeg\",\"keywords\":[\"fleksibel tank\",\"opsamling af regnvand\",\"regnvand\",\"vanding\",\"vandopsamler\"],\"articleSection\":[\"Brug af regnvand\",\"Fleksible beholdere\"],\"inLanguage\":\"da-DK\",\"potentialAction\":[{\"@type\":\"CommentAction\",\"name\":\"Comment\",\"target\":[\"https:\\\/\\\/blog.maciterneecolo.fr\\\/da\\\/er-det-forbudt-at-vande-sin-have-med-regnvand\\\/#respond\"]}]},{\"@type\":\"WebPage\",\"@id\":\"https:\\\/\\\/blog.maciterneecolo.fr\\\/da\\\/er-det-forbudt-at-vande-sin-have-med-regnvand\\\/\",\"url\":\"https:\\\/\\\/blog.maciterneecolo.fr\\\/da\\\/er-det-forbudt-at-vande-sin-have-med-regnvand\\\/\",\"name\":\"Er det forbudt at vande sin have med regnvand? - Blog Ma Citerne Ecolo\",\"isPartOf\":{\"@id\":\"https:\\\/\\\/blog.maciterneecolo.fr\\\/da\\\/#website\"},\"primaryImageOfPage\":{\"@id\":\"https:\\\/\\\/blog.maciterneecolo.fr\\\/da\\\/er-det-forbudt-at-vande-sin-have-med-regnvand\\\/#primaryimage\"},\"image\":{\"@id\":\"https:\\\/\\\/blog.maciterneecolo.fr\\\/da\\\/er-det-forbudt-at-vande-sin-have-med-regnvand\\\/#primaryimage\"},\"thumbnailUrl\":\"https:\\\/\\\/blog.maciterneecolo.fr\\\/wp-content\\\/uploads\\\/2024\\\/02\\\/AdobeStock_710164649.jpeg\",\"datePublished\":\"2024-02-18T09:08:11+00:00\",\"dateModified\":\"2024-02-19T13:04:33+00:00\",\"description\":\"En regnvandstank er superpraktisk. Men hvad med reglerne for at vande din have med dette regnvand?\",\"breadcrumb\":{\"@id\":\"https:\\\/\\\/blog.maciterneecolo.fr\\\/da\\\/er-det-forbudt-at-vande-sin-have-med-regnvand\\\/#breadcrumb\"},\"inLanguage\":\"da-DK\",\"potentialAction\":[{\"@type\":\"ReadAction\",\"target\":[\"https:\\\/\\\/blog.maciterneecolo.fr\\\/da\\\/er-det-forbudt-at-vande-sin-have-med-regnvand\\\/\"]}]},{\"@type\":\"ImageObject\",\"inLanguage\":\"da-DK\",\"@id\":\"https:\\\/\\\/blog.maciterneecolo.fr\\\/da\\\/er-det-forbudt-at-vande-sin-have-med-regnvand\\\/#primaryimage\",\"url\":\"https:\\\/\\\/blog.maciterneecolo.fr\\\/wp-content\\\/uploads\\\/2024\\\/02\\\/AdobeStock_710164649.jpeg\",\"contentUrl\":\"https:\\\/\\\/blog.maciterneecolo.fr\\\/wp-content\\\/uploads\\\/2024\\\/02\\\/AdobeStock_710164649.jpeg\",\"width\":1536,\"height\":768,\"caption\":\"Arroser des plantes avec de l'eau de pluie\"},{\"@type\":\"BreadcrumbList\",\"@id\":\"https:\\\/\\\/blog.maciterneecolo.fr\\\/da\\\/er-det-forbudt-at-vande-sin-have-med-regnvand\\\/#breadcrumb\",\"itemListElement\":[{\"@type\":\"ListItem\",\"position\":1,\"name\":\"Accueil\",\"item\":\"https:\\\/\\\/blog.maciterneecolo.fr\\\/da\\\/\"},{\"@type\":\"ListItem\",\"position\":2,\"name\":\"Er det forbudt at vande sin have med regnvand?\"}]},{\"@type\":\"WebSite\",\"@id\":\"https:\\\/\\\/blog.maciterneecolo.fr\\\/da\\\/#website\",\"url\":\"https:\\\/\\\/blog.maciterneecolo.fr\\\/da\\\/\",\"name\":\"Blog Ma Citerne Ecolo\",\"description\":\"Leader dans le domaine de la citerne souple d&#039;eau de pluie\",\"publisher\":{\"@id\":\"https:\\\/\\\/blog.maciterneecolo.fr\\\/da\\\/#organization\"},\"potentialAction\":[{\"@type\":\"SearchAction\",\"target\":{\"@type\":\"EntryPoint\",\"urlTemplate\":\"https:\\\/\\\/blog.maciterneecolo.fr\\\/da\\\/?s={search_term_string}\"},\"query-input\":{\"@type\":\"PropertyValueSpecification\",\"valueRequired\":true,\"valueName\":\"search_term_string\"}}],\"inLanguage\":\"da-DK\"},{\"@type\":\"Organization\",\"@id\":\"https:\\\/\\\/blog.maciterneecolo.fr\\\/da\\\/#organization\",\"name\":\"Blog Ma Citerne Ecolo\",\"url\":\"https:\\\/\\\/blog.maciterneecolo.fr\\\/da\\\/\",\"logo\":{\"@type\":\"ImageObject\",\"inLanguage\":\"da-DK\",\"@id\":\"https:\\\/\\\/blog.maciterneecolo.fr\\\/da\\\/#\\\/schema\\\/logo\\\/image\\\/\",\"url\":\"https:\\\/\\\/blog.maciterneecolo.fr\\\/wp-content\\\/uploads\\\/2022\\\/12\\\/cropped-favicon-blog.png\",\"contentUrl\":\"https:\\\/\\\/blog.maciterneecolo.fr\\\/wp-content\\\/uploads\\\/2022\\\/12\\\/cropped-favicon-blog.png\",\"width\":512,\"height\":512,\"caption\":\"Blog Ma Citerne Ecolo\"},\"image\":{\"@id\":\"https:\\\/\\\/blog.maciterneecolo.fr\\\/da\\\/#\\\/schema\\\/logo\\\/image\\\/\"}},{\"@type\":\"Person\",\"@id\":\"https:\\\/\\\/blog.maciterneecolo.fr\\\/da\\\/#\\\/schema\\\/person\\\/7a14672f7ec93f9d182e9ae4b0473f40\",\"name\":\"admin\",\"image\":{\"@type\":\"ImageObject\",\"inLanguage\":\"da-DK\",\"@id\":\"https:\\\/\\\/secure.gravatar.com\\\/avatar\\\/9344df1cb6b19faae269dfb0888181c196164ecd5e0a0b46a7553a9a5da31136?s=96&d=mm&r=g\",\"url\":\"https:\\\/\\\/secure.gravatar.com\\\/avatar\\\/9344df1cb6b19faae269dfb0888181c196164ecd5e0a0b46a7553a9a5da31136?s=96&d=mm&r=g\",\"contentUrl\":\"https:\\\/\\\/secure.gravatar.com\\\/avatar\\\/9344df1cb6b19faae269dfb0888181c196164ecd5e0a0b46a7553a9a5da31136?s=96&d=mm&r=g\",\"caption\":\"admin\"},\"url\":\"https:\\\/\\\/blog.maciterneecolo.fr\\\/da\\\/author\\\/dpomante_yu5154r5\\\/\"}]}<\/script>\n<!-- \/ Yoast SEO plugin. -->","yoast_head_json":{"title":"Er det forbudt at vande sin have med regnvand? - Blog Ma Citerne Ecolo","description":"En regnvandstank er superpraktisk. Men hvad med reglerne for at vande din have med dette regnvand?","robots":{"index":"index","follow":"follow","max-snippet":"max-snippet:-1","max-image-preview":"max-image-preview:large","max-video-preview":"max-video-preview:-1"},"canonical":"https:\/\/blog.maciterneecolo.fr\/da\/er-det-forbudt-at-vande-sin-have-med-regnvand\/","og_locale":"da_DK","og_type":"article","og_title":"Er det forbudt at vande sin have med regnvand? - Blog Ma Citerne Ecolo","og_description":"En regnvandstank er superpraktisk. Men hvad med reglerne for at vande din have med dette regnvand?","og_url":"https:\/\/blog.maciterneecolo.fr\/da\/er-det-forbudt-at-vande-sin-have-med-regnvand\/","og_site_name":"Blog Ma Citerne Ecolo","article_published_time":"2024-02-18T09:08:11+00:00","article_modified_time":"2024-02-19T13:04:33+00:00","og_image":[{"width":1536,"height":768,"url":"https:\/\/blog.maciterneecolo.fr\/wp-content\/uploads\/2024\/02\/AdobeStock_710164649.jpeg","type":"image\/jpeg"}],"author":"admin","twitter_card":"summary_large_image","twitter_misc":{"Skrevet af":"admin","Estimeret l\u00e6setid":"7 minutter"},"schema":{"@context":"https:\/\/schema.org","@graph":[{"@type":"Article","@id":"https:\/\/blog.maciterneecolo.fr\/da\/er-det-forbudt-at-vande-sin-have-med-regnvand\/#article","isPartOf":{"@id":"https:\/\/blog.maciterneecolo.fr\/da\/er-det-forbudt-at-vande-sin-have-med-regnvand\/"},"author":{"name":"admin","@id":"https:\/\/blog.maciterneecolo.fr\/da\/#\/schema\/person\/7a14672f7ec93f9d182e9ae4b0473f40"},"headline":"Er det forbudt at vande sin have med regnvand?","datePublished":"2024-02-18T09:08:11+00:00","dateModified":"2024-02-19T13:04:33+00:00","mainEntityOfPage":{"@id":"https:\/\/blog.maciterneecolo.fr\/da\/er-det-forbudt-at-vande-sin-have-med-regnvand\/"},"wordCount":1384,"commentCount":0,"publisher":{"@id":"https:\/\/blog.maciterneecolo.fr\/da\/#organization"},"image":{"@id":"https:\/\/blog.maciterneecolo.fr\/da\/er-det-forbudt-at-vande-sin-have-med-regnvand\/#primaryimage"},"thumbnailUrl":"https:\/\/blog.maciterneecolo.fr\/wp-content\/uploads\/2024\/02\/AdobeStock_710164649.jpeg","keywords":["fleksibel tank","opsamling af regnvand","regnvand","vanding","vandopsamler"],"articleSection":["Brug af regnvand","Fleksible beholdere"],"inLanguage":"da-DK","potentialAction":[{"@type":"CommentAction","name":"Comment","target":["https:\/\/blog.maciterneecolo.fr\/da\/er-det-forbudt-at-vande-sin-have-med-regnvand\/#respond"]}]},{"@type":"WebPage","@id":"https:\/\/blog.maciterneecolo.fr\/da\/er-det-forbudt-at-vande-sin-have-med-regnvand\/","url":"https:\/\/blog.maciterneecolo.fr\/da\/er-det-forbudt-at-vande-sin-have-med-regnvand\/","name":"Er det forbudt at vande sin have med regnvand? - Blog Ma Citerne Ecolo","isPartOf":{"@id":"https:\/\/blog.maciterneecolo.fr\/da\/#website"},"primaryImageOfPage":{"@id":"https:\/\/blog.maciterneecolo.fr\/da\/er-det-forbudt-at-vande-sin-have-med-regnvand\/#primaryimage"},"image":{"@id":"https:\/\/blog.maciterneecolo.fr\/da\/er-det-forbudt-at-vande-sin-have-med-regnvand\/#primaryimage"},"thumbnailUrl":"https:\/\/blog.maciterneecolo.fr\/wp-content\/uploads\/2024\/02\/AdobeStock_710164649.jpeg","datePublished":"2024-02-18T09:08:11+00:00","dateModified":"2024-02-19T13:04:33+00:00","description":"En regnvandstank er superpraktisk. Men hvad med reglerne for at vande din have med dette regnvand?","breadcrumb":{"@id":"https:\/\/blog.maciterneecolo.fr\/da\/er-det-forbudt-at-vande-sin-have-med-regnvand\/#breadcrumb"},"inLanguage":"da-DK","potentialAction":[{"@type":"ReadAction","target":["https:\/\/blog.maciterneecolo.fr\/da\/er-det-forbudt-at-vande-sin-have-med-regnvand\/"]}]},{"@type":"ImageObject","inLanguage":"da-DK","@id":"https:\/\/blog.maciterneecolo.fr\/da\/er-det-forbudt-at-vande-sin-have-med-regnvand\/#primaryimage","url":"https:\/\/blog.maciterneecolo.fr\/wp-content\/uploads\/2024\/02\/AdobeStock_710164649.jpeg","contentUrl":"https:\/\/blog.maciterneecolo.fr\/wp-content\/uploads\/2024\/02\/AdobeStock_710164649.jpeg","width":1536,"height":768,"caption":"Arroser des plantes avec de l'eau de pluie"},{"@type":"BreadcrumbList","@id":"https:\/\/blog.maciterneecolo.fr\/da\/er-det-forbudt-at-vande-sin-have-med-regnvand\/#breadcrumb","itemListElement":[{"@type":"ListItem","position":1,"name":"Accueil","item":"https:\/\/blog.maciterneecolo.fr\/da\/"},{"@type":"ListItem","position":2,"name":"Er det forbudt at vande sin have med regnvand?"}]},{"@type":"WebSite","@id":"https:\/\/blog.maciterneecolo.fr\/da\/#website","url":"https:\/\/blog.maciterneecolo.fr\/da\/","name":"Blog Ma Citerne Ecolo","description":"Leader dans le domaine de la citerne souple d&#039;eau de pluie","publisher":{"@id":"https:\/\/blog.maciterneecolo.fr\/da\/#organization"},"potentialAction":[{"@type":"SearchAction","target":{"@type":"EntryPoint","urlTemplate":"https:\/\/blog.maciterneecolo.fr\/da\/?s={search_term_string}"},"query-input":{"@type":"PropertyValueSpecification","valueRequired":true,"valueName":"search_term_string"}}],"inLanguage":"da-DK"},{"@type":"Organization","@id":"https:\/\/blog.maciterneecolo.fr\/da\/#organization","name":"Blog Ma Citerne Ecolo","url":"https:\/\/blog.maciterneecolo.fr\/da\/","logo":{"@type":"ImageObject","inLanguage":"da-DK","@id":"https:\/\/blog.maciterneecolo.fr\/da\/#\/schema\/logo\/image\/","url":"https:\/\/blog.maciterneecolo.fr\/wp-content\/uploads\/2022\/12\/cropped-favicon-blog.png","contentUrl":"https:\/\/blog.maciterneecolo.fr\/wp-content\/uploads\/2022\/12\/cropped-favicon-blog.png","width":512,"height":512,"caption":"Blog Ma Citerne Ecolo"},"image":{"@id":"https:\/\/blog.maciterneecolo.fr\/da\/#\/schema\/logo\/image\/"}},{"@type":"Person","@id":"https:\/\/blog.maciterneecolo.fr\/da\/#\/schema\/person\/7a14672f7ec93f9d182e9ae4b0473f40","name":"admin","image":{"@type":"ImageObject","inLanguage":"da-DK","@id":"https:\/\/secure.gravatar.com\/avatar\/9344df1cb6b19faae269dfb0888181c196164ecd5e0a0b46a7553a9a5da31136?s=96&d=mm&r=g","url":"https:\/\/secure.gravatar.com\/avatar\/9344df1cb6b19faae269dfb0888181c196164ecd5e0a0b46a7553a9a5da31136?s=96&d=mm&r=g","contentUrl":"https:\/\/secure.gravatar.com\/avatar\/9344df1cb6b19faae269dfb0888181c196164ecd5e0a0b46a7553a9a5da31136?s=96&d=mm&r=g","caption":"admin"},"url":"https:\/\/blog.maciterneecolo.fr\/da\/author\/dpomante_yu5154r5\/"}]}},"_links":{"self":[{"href":"https:\/\/blog.maciterneecolo.fr\/da\/wp-json\/wp\/v2\/posts\/11293","targetHints":{"allow":["GET"]}}],"collection":[{"href":"https:\/\/blog.maciterneecolo.fr\/da\/wp-json\/wp\/v2\/posts"}],"about":[{"href":"https:\/\/blog.maciterneecolo.fr\/da\/wp-json\/wp\/v2\/types\/post"}],"author":[{"embeddable":true,"href":"https:\/\/blog.maciterneecolo.fr\/da\/wp-json\/wp\/v2\/users\/1"}],"replies":[{"embeddable":true,"href":"https:\/\/blog.maciterneecolo.fr\/da\/wp-json\/wp\/v2\/comments?post=11293"}],"version-history":[{"count":3,"href":"https:\/\/blog.maciterneecolo.fr\/da\/wp-json\/wp\/v2\/posts\/11293\/revisions"}],"predecessor-version":[{"id":11296,"href":"https:\/\/blog.maciterneecolo.fr\/da\/wp-json\/wp\/v2\/posts\/11293\/revisions\/11296"}],"wp:featuredmedia":[{"embeddable":true,"href":"https:\/\/blog.maciterneecolo.fr\/da\/wp-json\/wp\/v2\/media\/10885"}],"wp:attachment":[{"href":"https:\/\/blog.maciterneecolo.fr\/da\/wp-json\/wp\/v2\/media?parent=11293"}],"wp:term":[{"taxonomy":"category","embeddable":true,"href":"https:\/\/blog.maciterneecolo.fr\/da\/wp-json\/wp\/v2\/categories?post=11293"},{"taxonomy":"post_tag","embeddable":true,"href":"https:\/\/blog.maciterneecolo.fr\/da\/wp-json\/wp\/v2\/tags?post=11293"}],"curies":[{"name":"wp","href":"https:\/\/api.w.org\/{rel}","templated":true}]}}