{"id":12552,"date":"2024-11-17T10:59:41","date_gmt":"2024-11-17T10:59:41","guid":{"rendered":"https:\/\/blog.maciterneecolo.fr\/maciterneecolo-fr-lancerer-salg-af-brandslukningsudstyr\/"},"modified":"2024-11-17T11:03:47","modified_gmt":"2024-11-17T11:03:47","slug":"maciterneecolo-fr-lancerer-salg-af-brandslukningsudstyr","status":"publish","type":"post","link":"https:\/\/blog.maciterneecolo.fr\/da\/maciterneecolo-fr-lancerer-salg-af-brandslukningsudstyr\/","title":{"rendered":"Maciterneecolo.fr lancerer salg af brandslukningsudstyr"},"content":{"rendered":"\n<p>I l\u00f8bet af de sidste par \u00e5r har <strong>maciterneecolo.fr<\/strong> etableret sig som en n\u00f8glespiller inden for salg af <a href=\"https:\/\/www.maciterneecolo.fr\/fr\/3-citernes-souples\">fleksible regnvandsopsamlings- og opbevaringstanke<\/a>. I 2025, hvor offentlige myndigheder, virksomheder og lokale myndigheder i stigende grad eftersp\u00f8rger brandslukningsl\u00f8sninger, er det naturligt for vores virksomhed at udvide vores forretning til ogs\u00e5 at omfatte salg af brandtanke. Takket v\u00e6re vores ekspertise er vi nu klar til at tilbyde h\u00f8jtydende l\u00f8sninger til at im\u00f8dekomme disse nye behov p\u00e5 hele det europ\u00e6iske marked.  <\/p>\n\n<h2 class=\"wp-block-heading\"><mark style=\"background-color:rgba(0, 0, 0, 0)\" class=\"has-inline-color has-vivid-cyan-blue-color\">Hvorfor begynde at s\u00e6lge brandhaner?<\/mark><\/h2>\n\n<h3 class=\"wp-block-heading\"><mark style=\"background-color:rgba(0, 0, 0, 0)\" class=\"has-inline-color has-vivid-cyan-blue-color\">Voksende eftersp\u00f8rgsel fra fagfolk og offentlige myndigheder<\/mark><\/h3>\n\n<p>I de senere \u00e5r er kravene til brandsikkerhed steget markant. Lokale myndigheder, industrivirksomheder, landbrug og selv isolerede boligomr\u00e5der skal i stigende grad installere vandforsyning til brandslukning. <\/p>\n\n<p>Denne eftersp\u00f8rgsel er s\u00e6rlig st\u00e6rk i h\u00f8jrisikoomr\u00e5der som <strong>DFCI (Defence des For\u00eats Contre les Incendies<\/strong>), hvor beskyttelse af skove mod brand er en absolut prioritet. I mellemtiden skal industrivirksomheder garantere tilstr\u00e6kkelig kapacitet til at opfylde de g\u00e6ldende regler med brandreserver p\u00e5 op til 500 m\u00b3. <\/p>\n\n<h3 class=\"wp-block-heading\"><mark style=\"background-color:rgba(0, 0, 0, 0)\" class=\"has-inline-color has-vivid-cyan-blue-color\">En mulighed for at udvide vores sortiment<\/mark><\/h3>\n\n<p>Historisk set har vores hovedaktivitet v\u00e6ret at tilbyde l\u00f8sninger til opsamling og opbevaring af regnvand. Men de tekniske ligheder mellem fleksible regnvandstanke og brandhaner betyder, at vi naturligvis er i stand til at diversificere. Vi har modtaget adskillige anmodninger om tilbud fra fagfolk og offentlige myndigheder, hvilket bekr\u00e6fter vores interesse i at udvikle denne nye aktivitet.  <\/p>\n\n<p>Ved at tilbyde <strong>brandreserver<\/strong> p\u00e5 vores hjemmeside og gennem vores netv\u00e6rk af forhandlere im\u00f8dekommer vi disse specifikke behov og styrker samtidig vores position p\u00e5 det europ\u00e6iske marked.<\/p>\n\n<hr class=\"wp-block-separator has-alpha-channel-opacity\"\/>\n\n<h2 class=\"wp-block-heading\"><mark style=\"background-color:rgba(0, 0, 0, 0)\" class=\"has-inline-color has-vivid-cyan-blue-color\">Et varieret udvalg til ethvert behov<\/mark><\/h2>\n\n<p>For at im\u00f8dekomme vores kunders forventninger har <strong>maciterne-ecolo.fr<\/strong> udviklet et komplet sortiment af fleksible brandtanke, der er tilpasset forskellige anvendelser og m\u00e6ngder.<\/p>\n\n<h3 class=\"wp-block-heading\"><mark style=\"background-color:rgba(0, 0, 0, 0)\" class=\"has-inline-color has-vivid-cyan-blue-color\">Modeller tilg\u00e6ngelige med det samme<\/mark><\/h3>\n\n<p>Vi har valgt at have seks modeller af fleksible brandtanke p\u00e5 permanent lager, som d\u00e6kker de mest efterspurgte kapaciteter:<\/p>\n\n<ul class=\"wp-block-list\">\n<li><strong>50 m\u00b3<\/strong> brandreserve<\/li>\n\n\n\n<li><strong>60 m\u00b3<\/strong> brandreserve<\/li>\n\n\n\n<li><strong>80 m\u00b3<\/strong> brandreserve<\/li>\n\n\n\n<li><strong>100 m\u00b3<\/strong> brandreserve<\/li>\n\n\n\n<li><strong>120 m\u00b3<\/strong> brandreserve<\/li>\n\n\n\n<li><strong>150 m\u00b3<\/strong> brandreserve<\/li>\n<\/ul>\n\n<p>Disse modeller er tilg\u00e6ngelige med det samme, hvilket garanterer hurtige leveringstider for vores kunder.<\/p>\n\n<h3 class=\"wp-block-heading\"><mark style=\"background-color:rgba(0, 0, 0, 0)\" class=\"has-inline-color has-vivid-cyan-blue-color\">Fremstillet p\u00e5 bestilling til store kapaciteter<\/mark><\/h3>\n\n<p>For mindre almindelige m\u00e6ngder, is\u00e6r tanke med stor kapacitet som <strong>200 m\u00b3<\/strong>, <strong>300 m\u00b3<\/strong> eller op til <strong>500 m\u00b3<\/strong>, tilbyder vi produktion p\u00e5 bestilling. Denne fleksibilitet g\u00f8r det muligt for os at opfylde vores kunders specifikke behov, samtidig med at vi opretholder et h\u00f8jt kvalitetsniveau. <\/p>\n<div class=\"wp-block-image\">\n<figure class=\"aligncenter size-full\"><img fetchpriority=\"high\" decoding=\"async\" width=\"692\" height=\"684\" src=\"https:\/\/blog.maciterneecolo.fr\/wp-content\/uploads\/2024\/11\/IMG_8780.jpg\" alt=\"\" class=\"wp-image-12505\" srcset=\"https:\/\/blog.maciterneecolo.fr\/wp-content\/uploads\/2024\/11\/IMG_8780.jpg 692w, https:\/\/blog.maciterneecolo.fr\/wp-content\/uploads\/2024\/11\/IMG_8780-300x297.jpg 300w\" sizes=\"(max-width: 692px) 100vw, 692px\" \/><\/figure>\n<\/div>\n<hr class=\"wp-block-separator has-alpha-channel-opacity\"\/>\n\n<h2 class=\"wp-block-heading\"><mark style=\"background-color:rgba(0, 0, 0, 0)\" class=\"has-inline-color has-vivid-cyan-blue-color\">Flere anvendelsesmuligheder for brandreservater<\/mark><\/h2>\n\n<h3 class=\"wp-block-heading\"><mark style=\"background-color:rgba(0, 0, 0, 0)\" class=\"has-inline-color has-vivid-cyan-blue-color\">En vigtig l\u00f8sning til brandbek\u00e6mpelse<\/mark><\/h3>\n\n<p><a href=\"https:\/\/www.maciterneecolo.fr\/fr\/21-citernes-souples-incendie\">Brandtankes<\/a> vigtigste rolle er naturligvis at levere en p\u00e5lidelig kilde til vand til brandslukning. Disse tanke er installeret i h\u00f8jrisikoomr\u00e5der og giver brandfolkene hurtig adgang til tilstr\u00e6kkeligt vand til at indd\u00e6mme og slukke en brand. <\/p>\n\n<p>Brandhaner er s\u00e6rligt nyttige i landdistrikter eller skovomr\u00e5der, hvor adgangen til vandnetv\u00e6rk er begr\u00e6nset. De spiller en afg\u00f8rende rolle i beskyttelsen af hjem, g\u00e5rde og skove mod brand. <\/p>\n\n<h3 class=\"wp-block-heading\"><mark style=\"background-color:rgba(0, 0, 0, 0)\" class=\"has-inline-color has-vivid-cyan-blue-color\">En vandreserve til andre form\u00e5l<\/mark><\/h3>\n\n<p>Selvom brandtanke prim\u00e6rt er designet til brandslukning, kan de ogs\u00e5 bruges som vandkilde, n\u00e5r der er brug for det. For eksempel: <\/p>\n\n<ul class=\"wp-block-list\">\n<li><strong>Vandforsyning til isolerede steder<\/strong><\/li>\n\n\n\n<li><strong>Forsyning af vandingssystemer til landbruget i tilf\u00e6lde af t\u00f8rke<\/strong><\/li>\n\n\n\n<li><strong>Midlertidig opbevaring af vand til specifikke begivenheder<\/strong><\/li>\n<\/ul>\n\n<p>Disse sekund\u00e6re anvendelser \u00f8ger de fleksible brandtankes alsidighed og g\u00f8r dem s\u00e6rligt attraktive for lokale myndigheder og fagfolk.<\/p>\n\n<hr class=\"wp-block-separator has-alpha-channel-opacity\"\/>\n\n<h2 class=\"wp-block-heading\"><mark style=\"background-color:rgba(0, 0, 0, 0)\" class=\"has-inline-color has-vivid-cyan-blue-color\">Tekniske egenskaber ved brandtanke<\/mark><\/h2>\n\n<h3 class=\"wp-block-heading\"><mark style=\"background-color:rgba(0, 0, 0, 0)\" class=\"has-inline-color has-vivid-cyan-blue-color\">To typer af tilslutningssystemer<\/mark><\/h3>\n\n<p>De brandhaner, vi tilbyder, findes i to hovedkonfigurationer, der er tilpasset brugernes forskellige behov:<\/p>\n\n<ol class=\"wp-block-list\">\n<li><strong><mark style=\"background-color:rgba(0, 0, 0, 0)\" class=\"has-inline-color has-vivid-cyan-blue-color\">Ventil p\u00e5 siden<\/mark><\/strong><br\/>Denne model har en ventil placeret p\u00e5 siden af tanken. Den bruges ofte til at give direkte adgang til lagret vand, hvad enten det er til hurtig tilslutning eller manuel brug. <\/li>\n\n\n\n<li><strong><mark style=\"background-color:rgba(0, 0, 0, 0)\" class=\"has-inline-color has-vivid-cyan-blue-color\">Sugning under gulvet<\/mark><\/strong><br\/>Denne konfiguration er designet til at blive tilsluttet direkte til en brandhane. Vandet suges op fra tanken via et underjordisk system, hvilket g\u00f8r det lettere for brandv\u00e6senet at rykke hurtigt ud. Denne type system er is\u00e6r popul\u00e6r i industriomr\u00e5der eller h\u00f8jrisikoinfrastrukturer.  <\/li>\n<\/ol>\n\n<h3 class=\"wp-block-heading\"><mark style=\"background-color:rgba(0, 0, 0, 0)\" class=\"has-inline-color has-vivid-cyan-blue-color\">Modstandsdygtige og holdbare materialer<\/mark><\/h3>\n\n<p>Vores brandtanke er fremstillet af robuste materialer, der kan modst\u00e5 de mest ekstreme vejrforhold. De er designet til at tilbyde : <\/p>\n\n<ul class=\"wp-block-list\">\n<li>Fremragende holdbarhed, selv ved langvarig UV-eksponering<\/li>\n\n\n\n<li>Modstandsdygtighed over for temperatursvingninger<\/li>\n\n\n\n<li>Beskyttelse mod punkteringer og l\u00e6kager<\/li>\n<\/ul>\n\n<p>Disse egenskaber garanterer optimal ydelse p\u00e5 lang sigt, selv i kr\u00e6vende milj\u00f8er.<\/p>\n\n<hr class=\"wp-block-separator has-alpha-channel-opacity\"\/>\n\n<h2 class=\"wp-block-heading\"><mark style=\"background-color:rgba(0, 0, 0, 0)\" class=\"has-inline-color has-vivid-cyan-blue-color\">Hvor skal en brandhane installeres?<\/mark><\/h2>\n\n<p>Fleksible brandtanke kan installeres mange forskellige steder, afh\u00e6ngigt af kravene:<\/p>\n\n<ul class=\"wp-block-list\">\n<li><mark style=\"background-color:rgba(0, 0, 0, 0)\" class=\"has-inline-color has-vivid-cyan-blue-color\"><strong>Skovzoner<\/strong>:<\/mark> for at beskytte naturomr\u00e5der mod brand.<\/li>\n\n\n\n<li><mark style=\"background-color:rgba(0, 0, 0, 0)\" class=\"has-inline-color has-vivid-cyan-blue-color\"><strong>Landbrugszoner<\/strong>:<\/mark> for at garantere sikkerheden for g\u00e5rde og udstyr.<\/li>\n\n\n\n<li><mark style=\"background-color:rgba(0, 0, 0, 0)\" class=\"has-inline-color has-vivid-cyan-blue-color\"><strong>Industrianl\u00e6g<\/strong>: <\/mark>for at overholde brandsikkerhedsbestemmelserne.<\/li>\n\n\n\n<li><mark style=\"background-color:rgba(0, 0, 0, 0)\" class=\"has-inline-color has-vivid-cyan-blue-color\"><strong>Lokalsamfund<\/strong>:<\/mark> i isolerede boligomr\u00e5der eller landsbyer langt fra vandnetv\u00e6rk.<\/li>\n<\/ul>\n\n<p>Takket v\u00e6re deres fleksibilitet kan disse tanke tilpasses en r\u00e6kke forskellige terr\u00e6ner, uanset om de er flade, skr\u00e5nende eller sv\u00e6rt tilg\u00e6ngelige.<\/p>\n\n<hr class=\"wp-block-separator has-alpha-channel-opacity\"\/>\n\n<h2 class=\"wp-block-heading\"><mark style=\"background-color:rgba(0, 0, 0, 0)\" class=\"has-inline-color has-vivid-cyan-blue-color\">maciterneecolo.fr: en forpligtelse over for Europa<\/mark><\/h2>\n\n<p>For at im\u00f8dekomme denne nye eftersp\u00f8rgsel benytter <strong>maciterne-ecolo.fr<\/strong> sig af sit netv\u00e6rk af forhandlere og optimeret logistik til at distribuere sine brandtanke i hele Europa. Vores m\u00e5l er at levere p\u00e5lidelige l\u00f8sninger, der er tilg\u00e6ngelige for alle, uanset om de er professionelle, lokale myndigheder eller privatpersoner. <\/p>\n\n<p>Ved at arbejde t\u00e6t sammen med vores producent kan vi garantere produkter af h\u00f8j kvalitet, der overholder g\u00e6ldende standarder og er skr\u00e6ddersyet til vores kunders specifikke behov.<\/p>\n\n<hr class=\"wp-block-separator has-alpha-channel-opacity\"\/>\n\n<h2 class=\"wp-block-heading\"><mark style=\"background-color:rgba(0, 0, 0, 0)\" class=\"has-inline-color has-vivid-cyan-blue-color\">Konklusion<\/mark><\/h2>\n\n<p>Lanceringen af vores forretning for salg af brandhaner markerer en vigtig milep\u00e6l for <strong><a href=\"https:\/\/www.maciterneecolo.fr\/fr\/\">maciterneecolo.fr<\/a><\/strong>. Ved at reagere p\u00e5 den stigende eftersp\u00f8rgsel fra offentlige myndigheder, virksomheder og lokale myndigheder udvider vi vores sortiment og styrker vores position p\u00e5 det europ\u00e6iske marked. <\/p>\n\n<p>Med et omfattende udvalg af fleksible brandtanke tilbyder vi l\u00f8sninger til en r\u00e6kke forskellige behov, hvad enten det drejer sig om brandslukning, vandforsyning eller andre professionelle form\u00e5l. Med dette nye produkt forts\u00e6tter vi med at innovere, samtidig med at vi forbliver tro mod vores engagement i b\u00e6redygtighed og kundetilfredshed. <\/p>\n\n<p>Stol p\u00e5 <strong>maciterneecolo<\/strong> til dine brandsikringsbehov og hj\u00e6lp med at beskytte det, der betyder mest: din ejendom, dit milj\u00f8 og din sikkerhed.<\/p>\n","protected":false},"excerpt":{"rendered":"<p>I l\u00f8bet af de sidste par \u00e5r har maciterneecolo.fr etableret sig som en n\u00f8glespiller inden for salg af fleksible regnvandsopsamlings- og opbevaringstanke. I 2025, hvor offentlige myndigheder, virksomheder og lokale myndigheder i stigende grad eftersp\u00f8rger brandslukningsl\u00f8sninger, er det naturligt for vores virksomhed at udvide vores forretning til ogs\u00e5 at omfatte salg af brandtanke. Takket v\u00e6re [&hellip;]<\/p>\n","protected":false},"author":3,"featured_media":12517,"comment_status":"open","ping_status":"closed","sticky":false,"template":"","format":"standard","meta":{"inline_featured_image":false,"footnotes":""},"categories":[2222],"tags":[2235,2451,1447],"class_list":["post-12552","post","type-post","status-publish","format-standard","has-post-thumbnail","hentry","category-reserve-til-brand","tag-brandreserve-da","tag-brandtank-da","tag-brandtank"],"yoast_head":"<!-- This site is optimized with the Yoast SEO plugin v27.5 - https:\/\/yoast.com\/product\/yoast-seo-wordpress\/ -->\n<title>Maciterneecolo.fr lancerer salg af brandslukningsudstyr - Blog Ma Citerne Ecolo<\/title>\n<meta name=\"robots\" content=\"index, follow, max-snippet:-1, max-image-preview:large, max-video-preview:-1\" \/>\n<link rel=\"canonical\" href=\"https:\/\/blog.maciterneecolo.fr\/da\/maciterneecolo-fr-lancerer-salg-af-brandslukningsudstyr\/\" \/>\n<meta property=\"og:locale\" content=\"da_DK\" \/>\n<meta property=\"og:type\" content=\"article\" \/>\n<meta property=\"og:title\" content=\"Maciterneecolo.fr lancerer salg af brandslukningsudstyr - Blog Ma Citerne Ecolo\" \/>\n<meta property=\"og:description\" content=\"I l\u00f8bet af de sidste par \u00e5r har maciterneecolo.fr etableret sig som en n\u00f8glespiller inden for salg af fleksible regnvandsopsamlings- og opbevaringstanke. I 2025, hvor offentlige myndigheder, virksomheder og lokale myndigheder i stigende grad eftersp\u00f8rger brandslukningsl\u00f8sninger, er det naturligt for vores virksomhed at udvide vores forretning til ogs\u00e5 at omfatte salg af brandtanke. Takket v\u00e6re [&hellip;]\" \/>\n<meta property=\"og:url\" content=\"https:\/\/blog.maciterneecolo.fr\/da\/maciterneecolo-fr-lancerer-salg-af-brandslukningsudstyr\/\" \/>\n<meta property=\"og:site_name\" content=\"Blog Ma Citerne Ecolo\" \/>\n<meta property=\"article:published_time\" content=\"2024-11-17T10:59:41+00:00\" \/>\n<meta property=\"article:modified_time\" content=\"2024-11-17T11:03:47+00:00\" \/>\n<meta property=\"og:image\" content=\"https:\/\/blog.maciterneecolo.fr\/wp-content\/uploads\/2024\/11\/IMG_8779.jpg\" \/>\n\t<meta property=\"og:image:width\" content=\"1179\" \/>\n\t<meta property=\"og:image:height\" content=\"746\" \/>\n\t<meta property=\"og:image:type\" content=\"image\/jpeg\" \/>\n<meta name=\"author\" content=\"Florian Fortes\" \/>\n<meta name=\"twitter:card\" content=\"summary_large_image\" \/>\n<meta name=\"twitter:label1\" content=\"Skrevet af\" \/>\n\t<meta name=\"twitter:data1\" content=\"Florian Fortes\" \/>\n\t<meta name=\"twitter:label2\" content=\"Estimeret l\u00e6setid\" \/>\n\t<meta name=\"twitter:data2\" content=\"5 minutter\" \/>\n<script type=\"application\/ld+json\" class=\"yoast-schema-graph\">{\"@context\":\"https:\\\/\\\/schema.org\",\"@graph\":[{\"@type\":\"Article\",\"@id\":\"https:\\\/\\\/blog.maciterneecolo.fr\\\/da\\\/maciterneecolo-fr-lancerer-salg-af-brandslukningsudstyr\\\/#article\",\"isPartOf\":{\"@id\":\"https:\\\/\\\/blog.maciterneecolo.fr\\\/da\\\/maciterneecolo-fr-lancerer-salg-af-brandslukningsudstyr\\\/\"},\"author\":{\"name\":\"Florian Fortes\",\"@id\":\"https:\\\/\\\/blog.maciterneecolo.fr\\\/da\\\/#\\\/schema\\\/person\\\/3a2d4d4c7570e95dd1c26daa07cd06b5\"},\"headline\":\"Maciterneecolo.fr lancerer salg af brandslukningsudstyr\",\"datePublished\":\"2024-11-17T10:59:41+00:00\",\"dateModified\":\"2024-11-17T11:03:47+00:00\",\"mainEntityOfPage\":{\"@id\":\"https:\\\/\\\/blog.maciterneecolo.fr\\\/da\\\/maciterneecolo-fr-lancerer-salg-af-brandslukningsudstyr\\\/\"},\"wordCount\":1026,\"commentCount\":0,\"publisher\":{\"@id\":\"https:\\\/\\\/blog.maciterneecolo.fr\\\/da\\\/#organization\"},\"image\":{\"@id\":\"https:\\\/\\\/blog.maciterneecolo.fr\\\/da\\\/maciterneecolo-fr-lancerer-salg-af-brandslukningsudstyr\\\/#primaryimage\"},\"thumbnailUrl\":\"https:\\\/\\\/blog.maciterneecolo.fr\\\/wp-content\\\/uploads\\\/2024\\\/11\\\/IMG_8779.jpg\",\"keywords\":[\"Brandreserve\",\"Brandtank\",\"brandtank\"],\"articleSection\":[\"Reserve til brand\"],\"inLanguage\":\"da-DK\",\"potentialAction\":[{\"@type\":\"CommentAction\",\"name\":\"Comment\",\"target\":[\"https:\\\/\\\/blog.maciterneecolo.fr\\\/da\\\/maciterneecolo-fr-lancerer-salg-af-brandslukningsudstyr\\\/#respond\"]}]},{\"@type\":\"WebPage\",\"@id\":\"https:\\\/\\\/blog.maciterneecolo.fr\\\/da\\\/maciterneecolo-fr-lancerer-salg-af-brandslukningsudstyr\\\/\",\"url\":\"https:\\\/\\\/blog.maciterneecolo.fr\\\/da\\\/maciterneecolo-fr-lancerer-salg-af-brandslukningsudstyr\\\/\",\"name\":\"Maciterneecolo.fr lancerer salg af brandslukningsudstyr - Blog Ma Citerne Ecolo\",\"isPartOf\":{\"@id\":\"https:\\\/\\\/blog.maciterneecolo.fr\\\/da\\\/#website\"},\"primaryImageOfPage\":{\"@id\":\"https:\\\/\\\/blog.maciterneecolo.fr\\\/da\\\/maciterneecolo-fr-lancerer-salg-af-brandslukningsudstyr\\\/#primaryimage\"},\"image\":{\"@id\":\"https:\\\/\\\/blog.maciterneecolo.fr\\\/da\\\/maciterneecolo-fr-lancerer-salg-af-brandslukningsudstyr\\\/#primaryimage\"},\"thumbnailUrl\":\"https:\\\/\\\/blog.maciterneecolo.fr\\\/wp-content\\\/uploads\\\/2024\\\/11\\\/IMG_8779.jpg\",\"datePublished\":\"2024-11-17T10:59:41+00:00\",\"dateModified\":\"2024-11-17T11:03:47+00:00\",\"breadcrumb\":{\"@id\":\"https:\\\/\\\/blog.maciterneecolo.fr\\\/da\\\/maciterneecolo-fr-lancerer-salg-af-brandslukningsudstyr\\\/#breadcrumb\"},\"inLanguage\":\"da-DK\",\"potentialAction\":[{\"@type\":\"ReadAction\",\"target\":[\"https:\\\/\\\/blog.maciterneecolo.fr\\\/da\\\/maciterneecolo-fr-lancerer-salg-af-brandslukningsudstyr\\\/\"]}]},{\"@type\":\"ImageObject\",\"inLanguage\":\"da-DK\",\"@id\":\"https:\\\/\\\/blog.maciterneecolo.fr\\\/da\\\/maciterneecolo-fr-lancerer-salg-af-brandslukningsudstyr\\\/#primaryimage\",\"url\":\"https:\\\/\\\/blog.maciterneecolo.fr\\\/wp-content\\\/uploads\\\/2024\\\/11\\\/IMG_8779.jpg\",\"contentUrl\":\"https:\\\/\\\/blog.maciterneecolo.fr\\\/wp-content\\\/uploads\\\/2024\\\/11\\\/IMG_8779.jpg\",\"width\":1179,\"height\":746},{\"@type\":\"BreadcrumbList\",\"@id\":\"https:\\\/\\\/blog.maciterneecolo.fr\\\/da\\\/maciterneecolo-fr-lancerer-salg-af-brandslukningsudstyr\\\/#breadcrumb\",\"itemListElement\":[{\"@type\":\"ListItem\",\"position\":1,\"name\":\"Accueil\",\"item\":\"https:\\\/\\\/blog.maciterneecolo.fr\\\/da\\\/\"},{\"@type\":\"ListItem\",\"position\":2,\"name\":\"Maciterneecolo.fr lancerer salg af brandslukningsudstyr\"}]},{\"@type\":\"WebSite\",\"@id\":\"https:\\\/\\\/blog.maciterneecolo.fr\\\/da\\\/#website\",\"url\":\"https:\\\/\\\/blog.maciterneecolo.fr\\\/da\\\/\",\"name\":\"Blog Ma Citerne Ecolo\",\"description\":\"Leader dans le domaine de la citerne souple d&#039;eau de pluie\",\"publisher\":{\"@id\":\"https:\\\/\\\/blog.maciterneecolo.fr\\\/da\\\/#organization\"},\"potentialAction\":[{\"@type\":\"SearchAction\",\"target\":{\"@type\":\"EntryPoint\",\"urlTemplate\":\"https:\\\/\\\/blog.maciterneecolo.fr\\\/da\\\/?s={search_term_string}\"},\"query-input\":{\"@type\":\"PropertyValueSpecification\",\"valueRequired\":true,\"valueName\":\"search_term_string\"}}],\"inLanguage\":\"da-DK\"},{\"@type\":\"Organization\",\"@id\":\"https:\\\/\\\/blog.maciterneecolo.fr\\\/da\\\/#organization\",\"name\":\"Blog Ma Citerne Ecolo\",\"url\":\"https:\\\/\\\/blog.maciterneecolo.fr\\\/da\\\/\",\"logo\":{\"@type\":\"ImageObject\",\"inLanguage\":\"da-DK\",\"@id\":\"https:\\\/\\\/blog.maciterneecolo.fr\\\/da\\\/#\\\/schema\\\/logo\\\/image\\\/\",\"url\":\"https:\\\/\\\/blog.maciterneecolo.fr\\\/wp-content\\\/uploads\\\/2022\\\/12\\\/cropped-favicon-blog.png\",\"contentUrl\":\"https:\\\/\\\/blog.maciterneecolo.fr\\\/wp-content\\\/uploads\\\/2022\\\/12\\\/cropped-favicon-blog.png\",\"width\":512,\"height\":512,\"caption\":\"Blog Ma Citerne Ecolo\"},\"image\":{\"@id\":\"https:\\\/\\\/blog.maciterneecolo.fr\\\/da\\\/#\\\/schema\\\/logo\\\/image\\\/\"}},{\"@type\":\"Person\",\"@id\":\"https:\\\/\\\/blog.maciterneecolo.fr\\\/da\\\/#\\\/schema\\\/person\\\/3a2d4d4c7570e95dd1c26daa07cd06b5\",\"name\":\"Florian Fortes\",\"image\":{\"@type\":\"ImageObject\",\"inLanguage\":\"da-DK\",\"@id\":\"https:\\\/\\\/secure.gravatar.com\\\/avatar\\\/ca79c695566cce4eef2e89c6c672f683901ce43cbeecbc9f18cddb431bb9b629?s=96&d=mm&r=g\",\"url\":\"https:\\\/\\\/secure.gravatar.com\\\/avatar\\\/ca79c695566cce4eef2e89c6c672f683901ce43cbeecbc9f18cddb431bb9b629?s=96&d=mm&r=g\",\"contentUrl\":\"https:\\\/\\\/secure.gravatar.com\\\/avatar\\\/ca79c695566cce4eef2e89c6c672f683901ce43cbeecbc9f18cddb431bb9b629?s=96&d=mm&r=g\",\"caption\":\"Florian Fortes\"},\"url\":\"https:\\\/\\\/blog.maciterneecolo.fr\\\/da\\\/author\\\/fortesflorian\\\/\"}]}<\/script>\n<!-- \/ Yoast SEO plugin. -->","yoast_head_json":{"title":"Maciterneecolo.fr lancerer salg af brandslukningsudstyr - Blog Ma Citerne Ecolo","robots":{"index":"index","follow":"follow","max-snippet":"max-snippet:-1","max-image-preview":"max-image-preview:large","max-video-preview":"max-video-preview:-1"},"canonical":"https:\/\/blog.maciterneecolo.fr\/da\/maciterneecolo-fr-lancerer-salg-af-brandslukningsudstyr\/","og_locale":"da_DK","og_type":"article","og_title":"Maciterneecolo.fr lancerer salg af brandslukningsudstyr - Blog Ma Citerne Ecolo","og_description":"I l\u00f8bet af de sidste par \u00e5r har maciterneecolo.fr etableret sig som en n\u00f8glespiller inden for salg af fleksible regnvandsopsamlings- og opbevaringstanke. I 2025, hvor offentlige myndigheder, virksomheder og lokale myndigheder i stigende grad eftersp\u00f8rger brandslukningsl\u00f8sninger, er det naturligt for vores virksomhed at udvide vores forretning til ogs\u00e5 at omfatte salg af brandtanke. Takket v\u00e6re [&hellip;]","og_url":"https:\/\/blog.maciterneecolo.fr\/da\/maciterneecolo-fr-lancerer-salg-af-brandslukningsudstyr\/","og_site_name":"Blog Ma Citerne Ecolo","article_published_time":"2024-11-17T10:59:41+00:00","article_modified_time":"2024-11-17T11:03:47+00:00","og_image":[{"width":1179,"height":746,"url":"https:\/\/blog.maciterneecolo.fr\/wp-content\/uploads\/2024\/11\/IMG_8779.jpg","type":"image\/jpeg"}],"author":"Florian Fortes","twitter_card":"summary_large_image","twitter_misc":{"Skrevet af":"Florian Fortes","Estimeret l\u00e6setid":"5 minutter"},"schema":{"@context":"https:\/\/schema.org","@graph":[{"@type":"Article","@id":"https:\/\/blog.maciterneecolo.fr\/da\/maciterneecolo-fr-lancerer-salg-af-brandslukningsudstyr\/#article","isPartOf":{"@id":"https:\/\/blog.maciterneecolo.fr\/da\/maciterneecolo-fr-lancerer-salg-af-brandslukningsudstyr\/"},"author":{"name":"Florian Fortes","@id":"https:\/\/blog.maciterneecolo.fr\/da\/#\/schema\/person\/3a2d4d4c7570e95dd1c26daa07cd06b5"},"headline":"Maciterneecolo.fr lancerer salg af brandslukningsudstyr","datePublished":"2024-11-17T10:59:41+00:00","dateModified":"2024-11-17T11:03:47+00:00","mainEntityOfPage":{"@id":"https:\/\/blog.maciterneecolo.fr\/da\/maciterneecolo-fr-lancerer-salg-af-brandslukningsudstyr\/"},"wordCount":1026,"commentCount":0,"publisher":{"@id":"https:\/\/blog.maciterneecolo.fr\/da\/#organization"},"image":{"@id":"https:\/\/blog.maciterneecolo.fr\/da\/maciterneecolo-fr-lancerer-salg-af-brandslukningsudstyr\/#primaryimage"},"thumbnailUrl":"https:\/\/blog.maciterneecolo.fr\/wp-content\/uploads\/2024\/11\/IMG_8779.jpg","keywords":["Brandreserve","Brandtank","brandtank"],"articleSection":["Reserve til brand"],"inLanguage":"da-DK","potentialAction":[{"@type":"CommentAction","name":"Comment","target":["https:\/\/blog.maciterneecolo.fr\/da\/maciterneecolo-fr-lancerer-salg-af-brandslukningsudstyr\/#respond"]}]},{"@type":"WebPage","@id":"https:\/\/blog.maciterneecolo.fr\/da\/maciterneecolo-fr-lancerer-salg-af-brandslukningsudstyr\/","url":"https:\/\/blog.maciterneecolo.fr\/da\/maciterneecolo-fr-lancerer-salg-af-brandslukningsudstyr\/","name":"Maciterneecolo.fr lancerer salg af brandslukningsudstyr - Blog Ma Citerne Ecolo","isPartOf":{"@id":"https:\/\/blog.maciterneecolo.fr\/da\/#website"},"primaryImageOfPage":{"@id":"https:\/\/blog.maciterneecolo.fr\/da\/maciterneecolo-fr-lancerer-salg-af-brandslukningsudstyr\/#primaryimage"},"image":{"@id":"https:\/\/blog.maciterneecolo.fr\/da\/maciterneecolo-fr-lancerer-salg-af-brandslukningsudstyr\/#primaryimage"},"thumbnailUrl":"https:\/\/blog.maciterneecolo.fr\/wp-content\/uploads\/2024\/11\/IMG_8779.jpg","datePublished":"2024-11-17T10:59:41+00:00","dateModified":"2024-11-17T11:03:47+00:00","breadcrumb":{"@id":"https:\/\/blog.maciterneecolo.fr\/da\/maciterneecolo-fr-lancerer-salg-af-brandslukningsudstyr\/#breadcrumb"},"inLanguage":"da-DK","potentialAction":[{"@type":"ReadAction","target":["https:\/\/blog.maciterneecolo.fr\/da\/maciterneecolo-fr-lancerer-salg-af-brandslukningsudstyr\/"]}]},{"@type":"ImageObject","inLanguage":"da-DK","@id":"https:\/\/blog.maciterneecolo.fr\/da\/maciterneecolo-fr-lancerer-salg-af-brandslukningsudstyr\/#primaryimage","url":"https:\/\/blog.maciterneecolo.fr\/wp-content\/uploads\/2024\/11\/IMG_8779.jpg","contentUrl":"https:\/\/blog.maciterneecolo.fr\/wp-content\/uploads\/2024\/11\/IMG_8779.jpg","width":1179,"height":746},{"@type":"BreadcrumbList","@id":"https:\/\/blog.maciterneecolo.fr\/da\/maciterneecolo-fr-lancerer-salg-af-brandslukningsudstyr\/#breadcrumb","itemListElement":[{"@type":"ListItem","position":1,"name":"Accueil","item":"https:\/\/blog.maciterneecolo.fr\/da\/"},{"@type":"ListItem","position":2,"name":"Maciterneecolo.fr lancerer salg af brandslukningsudstyr"}]},{"@type":"WebSite","@id":"https:\/\/blog.maciterneecolo.fr\/da\/#website","url":"https:\/\/blog.maciterneecolo.fr\/da\/","name":"Blog Ma Citerne Ecolo","description":"Leader dans le domaine de la citerne souple d&#039;eau de pluie","publisher":{"@id":"https:\/\/blog.maciterneecolo.fr\/da\/#organization"},"potentialAction":[{"@type":"SearchAction","target":{"@type":"EntryPoint","urlTemplate":"https:\/\/blog.maciterneecolo.fr\/da\/?s={search_term_string}"},"query-input":{"@type":"PropertyValueSpecification","valueRequired":true,"valueName":"search_term_string"}}],"inLanguage":"da-DK"},{"@type":"Organization","@id":"https:\/\/blog.maciterneecolo.fr\/da\/#organization","name":"Blog Ma Citerne Ecolo","url":"https:\/\/blog.maciterneecolo.fr\/da\/","logo":{"@type":"ImageObject","inLanguage":"da-DK","@id":"https:\/\/blog.maciterneecolo.fr\/da\/#\/schema\/logo\/image\/","url":"https:\/\/blog.maciterneecolo.fr\/wp-content\/uploads\/2022\/12\/cropped-favicon-blog.png","contentUrl":"https:\/\/blog.maciterneecolo.fr\/wp-content\/uploads\/2022\/12\/cropped-favicon-blog.png","width":512,"height":512,"caption":"Blog Ma Citerne Ecolo"},"image":{"@id":"https:\/\/blog.maciterneecolo.fr\/da\/#\/schema\/logo\/image\/"}},{"@type":"Person","@id":"https:\/\/blog.maciterneecolo.fr\/da\/#\/schema\/person\/3a2d4d4c7570e95dd1c26daa07cd06b5","name":"Florian Fortes","image":{"@type":"ImageObject","inLanguage":"da-DK","@id":"https:\/\/secure.gravatar.com\/avatar\/ca79c695566cce4eef2e89c6c672f683901ce43cbeecbc9f18cddb431bb9b629?s=96&d=mm&r=g","url":"https:\/\/secure.gravatar.com\/avatar\/ca79c695566cce4eef2e89c6c672f683901ce43cbeecbc9f18cddb431bb9b629?s=96&d=mm&r=g","contentUrl":"https:\/\/secure.gravatar.com\/avatar\/ca79c695566cce4eef2e89c6c672f683901ce43cbeecbc9f18cddb431bb9b629?s=96&d=mm&r=g","caption":"Florian Fortes"},"url":"https:\/\/blog.maciterneecolo.fr\/da\/author\/fortesflorian\/"}]}},"_links":{"self":[{"href":"https:\/\/blog.maciterneecolo.fr\/da\/wp-json\/wp\/v2\/posts\/12552","targetHints":{"allow":["GET"]}}],"collection":[{"href":"https:\/\/blog.maciterneecolo.fr\/da\/wp-json\/wp\/v2\/posts"}],"about":[{"href":"https:\/\/blog.maciterneecolo.fr\/da\/wp-json\/wp\/v2\/types\/post"}],"author":[{"embeddable":true,"href":"https:\/\/blog.maciterneecolo.fr\/da\/wp-json\/wp\/v2\/users\/3"}],"replies":[{"embeddable":true,"href":"https:\/\/blog.maciterneecolo.fr\/da\/wp-json\/wp\/v2\/comments?post=12552"}],"version-history":[{"count":1,"href":"https:\/\/blog.maciterneecolo.fr\/da\/wp-json\/wp\/v2\/posts\/12552\/revisions"}],"predecessor-version":[{"id":12553,"href":"https:\/\/blog.maciterneecolo.fr\/da\/wp-json\/wp\/v2\/posts\/12552\/revisions\/12553"}],"wp:featuredmedia":[{"embeddable":true,"href":"https:\/\/blog.maciterneecolo.fr\/da\/wp-json\/wp\/v2\/media\/12517"}],"wp:attachment":[{"href":"https:\/\/blog.maciterneecolo.fr\/da\/wp-json\/wp\/v2\/media?parent=12552"}],"wp:term":[{"taxonomy":"category","embeddable":true,"href":"https:\/\/blog.maciterneecolo.fr\/da\/wp-json\/wp\/v2\/categories?post=12552"},{"taxonomy":"post_tag","embeddable":true,"href":"https:\/\/blog.maciterneecolo.fr\/da\/wp-json\/wp\/v2\/tags?post=12552"}],"curies":[{"name":"wp","href":"https:\/\/api.w.org\/{rel}","templated":true}]}}