{"id":12662,"date":"2024-11-22T12:59:45","date_gmt":"2024-11-22T12:59:45","guid":{"rendered":"https:\/\/blog.maciterneecolo.fr\/?p=12662"},"modified":"2024-11-18T13:14:57","modified_gmt":"2024-11-18T13:14:57","slug":"den-fleksible-tanks-rolle-i-baeredygtigt-landbrug","status":"publish","type":"post","link":"https:\/\/blog.maciterneecolo.fr\/da\/den-fleksible-tanks-rolle-i-baeredygtigt-landbrug\/","title":{"rendered":"Den fleksible tanks rolle i b\u00e6redygtigt landbrug"},"content":{"rendered":"\n<p class=\"has-cyan-bluish-gray-background-color has-background\">Stillet over for voksende klimatiske udfordringer er landm\u00e6ndene n\u00f8dt til at tilpasse deres praksis for at bevare ressourcerne og sikre deres bedrifters b\u00e6redygtighed. I perioder med langvarig <strong>t\u00f8rke<\/strong>, <strong>oversv\u00f8mmelser<\/strong> og vandrestriktioner kan brugen af l\u00f8sninger som f.eks. <strong><a href=\"https:\/\/www.maciterneecolo.fr\/fr\/20-citernes-souples-d-eau-de-pluie\">fleksibel tank<\/a><\/strong> vise sig at v\u00e6re en praktisk og milj\u00f8venlig l\u00f8sning. <\/p>\n\n<p>I denne artikel unders\u00f8ger vi, hvordan <strong>fleksible tanke<\/strong> bidrager til langsigtet <strong>vandforvaltning<\/strong> i landbruget, med et konkret eksempel fra en g\u00e5rd i Ard\u00e8che. Vi ser ogs\u00e5 p\u00e5 de \u00f8konomiske, milj\u00f8m\u00e6ssige og praktiske fordele ved denne type <strong>fleksible tanke<\/strong>. <\/p>\n\n<h2 class=\"wp-block-heading\"><mark style=\"background-color:rgba(0, 0, 0, 0)\" class=\"has-inline-color has-vivid-cyan-blue-color\">Klimaudfordringer i landbruget<\/mark><\/h2>\n\n<h3 class=\"wp-block-heading\"><mark style=\"background-color:rgba(0, 0, 0, 0)\" class=\"has-inline-color has-vivid-cyan-blue-color\">\u00d8get pres p\u00e5 vandressourcer<\/mark><\/h3>\n\n<p>Landbruget er en af de sektorer, der er mest p\u00e5virket af klimaforandringerne. Landm\u00e6ndene st\u00e5r over for stadig hyppigere <strong>t\u00f8rkeperioder<\/strong>, som direkte p\u00e5virker deres evne til at overrisle deres afgr\u00f8der med vand. Omvendt kan <strong>oversv\u00f8mmelser eller <\/strong><strong>hagl <\/strong> ogs\u00e5 \u00f8del\u00e6gge afgr\u00f8der og komplicere forvaltningen af vandressourcer.  <\/p>\n\n<p>I Frankrig, is\u00e6r i landbrugsregioner som Ard\u00e8che, forstyrrer disse f\u00e6nomener de naturlige cyklusser og tvinger landm\u00e6ndene til at lede efter <strong>innovative l\u00f8sninger<\/strong> for at sikre kontinuiteten i deres produktion.<\/p>\n\n<h3 class=\"wp-block-heading\"><mark style=\"background-color:rgba(0, 0, 0, 0)\" class=\"has-inline-color has-vivid-cyan-blue-color\">Restriktioner p\u00e5 vand<\/mark><\/h3>\n\n<p>I flere \u00e5r har der v\u00e6ret indf\u00f8rt restriktioner p\u00e5 brugen af<strong>drikkevand<\/strong> og <strong>grundvand<\/strong>. Det g\u00f8r det vanskeligt at<strong>vande<\/strong> afgr\u00f8der, is\u00e6r om sommeren, hvor <strong>vandbehovet<\/strong> er st\u00f8rst. <\/p>\n\n<figure class=\"wp-block-image size-large\"><img fetchpriority=\"high\" decoding=\"async\" width=\"1024\" height=\"585\" src=\"https:\/\/blog.maciterneecolo.fr\/wp-content\/uploads\/2024\/11\/DBB579D5-11BF-40D1-A0D3-B7D3F600719D-1024x585.png\" alt=\"\" class=\"wp-image-12651\" srcset=\"https:\/\/blog.maciterneecolo.fr\/wp-content\/uploads\/2024\/11\/DBB579D5-11BF-40D1-A0D3-B7D3F600719D-1024x585.png 1024w, https:\/\/blog.maciterneecolo.fr\/wp-content\/uploads\/2024\/11\/DBB579D5-11BF-40D1-A0D3-B7D3F600719D-300x171.png 300w, https:\/\/blog.maciterneecolo.fr\/wp-content\/uploads\/2024\/11\/DBB579D5-11BF-40D1-A0D3-B7D3F600719D-768x439.png 768w, https:\/\/blog.maciterneecolo.fr\/wp-content\/uploads\/2024\/11\/DBB579D5-11BF-40D1-A0D3-B7D3F600719D-1536x878.png 1536w, https:\/\/blog.maciterneecolo.fr\/wp-content\/uploads\/2024\/11\/DBB579D5-11BF-40D1-A0D3-B7D3F600719D.png 1792w\" sizes=\"(max-width: 1024px) 100vw, 1024px\" \/><\/figure>\n\n<h2 class=\"wp-block-heading\"><mark style=\"background-color:rgba(0, 0, 0, 0)\" class=\"has-inline-color has-vivid-cyan-blue-color\">Det konkrete eksempel p\u00e5 en g\u00e5rd i Ard\u00e8che<\/mark><\/h2>\n\n<p>I 2023 besluttede en landmand i Ard\u00e8che at investere i to <a href=\"https:\/\/www.maciterneecolo.fr\/fr\/accueil\/19-42-citerne-souple-eau-de-pluie-50m3-50000-litres-cuve-reservoir-.html#\/42-option_de_dimension-forme_rectangulaire_9m_x_750m_x_140m\"><strong>fleksible tanke<\/strong>,<\/a> hver <a href=\"https:\/\/www.maciterneecolo.fr\/fr\/accueil\/19-42-citerne-souple-eau-de-pluie-50m3-50000-litres-cuve-reservoir-.html#\/42-option_de_dimension-forme_rectangulaire_9m_x_750m_x_140m\">med en kapacitet p\u00e5 50 m\u00b3,<\/a> for at klare de stigende vanskeligheder i forbindelse med adgang til vand og restriktioner.<\/p>\n\n<h3 class=\"wp-block-heading\"><mark style=\"background-color:rgba(0, 0, 0, 0)\" class=\"has-inline-color has-vivid-cyan-blue-color\">En l\u00f8sning, der er skr\u00e6ddersyet til lokale behov<\/mark><\/h3>\n\n<p>Takket v\u00e6re et <strong>regnvandsopsamlingssystem<\/strong> forsynes disse fleksible tanke af tagrender, der er installeret p\u00e5 en metalramme-bygning. Hver eneste dr\u00e5be vand, der falder p\u00e5 taget, opsamles og ledes til <strong>tankene<\/strong>, hvor det opbevares til senere brug. <\/p>\n\n<p>De to tanke kan rumme op til <strong>100.000 liter vand<\/strong>, som bruges til :<\/p>\n\n<ul class=\"wp-block-list\">\n<li><strong>Vanding af gr\u00f8ntsager<\/strong> dyrket p\u00e5 g\u00e5rden.<\/li>\n\n\n\n<li>Reducere<strong>brugen af grundvand<\/strong>, som tidligere blev pumpet intensivt op.<\/li>\n<\/ul>\n\n<h3 class=\"wp-block-heading\"><mark style=\"background-color:rgba(0, 0, 0, 0)\" class=\"has-inline-color has-vivid-cyan-blue-color\">Fordelene for g\u00e5rden<\/mark><\/h3>\n\n<ul class=\"wp-block-list\">\n<li><strong>Vand- og energibesparelser<\/strong>: Ved at opbevare regnvand i en fleksibel tank reducerer landm\u00e6ndene deres afh\u00e6ngighed af<strong>drikkevandsnettet<\/strong> og borehuller betydeligt, hvilket ogs\u00e5 reducerer deres energiforbrug og deres \u00e5rlige regning.<\/li>\n\n\n\n<li><strong>\u00d8get selvforsyning<\/strong>: Selv i <strong>t\u00f8rkeperioder<\/strong> har de tilstr\u00e6kkelige reserver til at vande deres afgr\u00f8der.<\/li>\n\n\n\n<li><strong>B\u00e6redygtighed<\/strong>: Denne investering bidrager til et landbrug, der er mere respektfuldt over for<strong>milj\u00f8et<\/strong>, ved at begr\u00e6nse p\u00e5virkningen af naturressourcerne.<\/li>\n<\/ul>\n\n<p><\/p>\n\n<figure class=\"wp-block-image size-large\"><img decoding=\"async\" width=\"1024\" height=\"676\" src=\"https:\/\/blog.maciterneecolo.fr\/wp-content\/uploads\/2024\/09\/IMG_7591-1024x676.jpg\" alt=\"\" class=\"wp-image-11768\" srcset=\"https:\/\/blog.maciterneecolo.fr\/wp-content\/uploads\/2024\/09\/IMG_7591-1024x676.jpg 1024w, https:\/\/blog.maciterneecolo.fr\/wp-content\/uploads\/2024\/09\/IMG_7591-300x198.jpg 300w, https:\/\/blog.maciterneecolo.fr\/wp-content\/uploads\/2024\/09\/IMG_7591-768x507.jpg 768w, https:\/\/blog.maciterneecolo.fr\/wp-content\/uploads\/2024\/09\/IMG_7591.jpg 1170w\" sizes=\"(max-width: 1024px) 100vw, 1024px\" \/><\/figure>\n\n<h2 class=\"wp-block-heading\"><mark style=\"background-color:rgba(0, 0, 0, 0)\" class=\"has-inline-color has-vivid-cyan-blue-color\">Fordelene ved fleksible tanke i landbruget<\/mark><\/h2>\n\n<h3 class=\"wp-block-heading\"><mark style=\"background-color:rgba(0, 0, 0, 0)\" class=\"has-inline-color has-vivid-cyan-blue-color\">Optimal h\u00e5ndtering af vand<\/mark><\/h3>\n\n<p>Fleksible tanke er en p\u00e5lidelig l\u00f8sning til <strong>opbevaring<\/strong> af<strong>vand<\/strong> eller andre v\u00e6sker som f.eks. spildevand fra landbruget. De giver landm\u00e6ndene en <strong>v\u00e6rdifuld ressource<\/strong> til deres aktiviteter, selv i tider med vandmangel. <\/p>\n\n<h3 class=\"wp-block-heading\"><mark style=\"background-color:rgba(0, 0, 0, 0)\" class=\"has-inline-color has-vivid-cyan-blue-color\">Hurtig og nem installation<\/mark><\/h3>\n\n<p>I mods\u00e6tning til underjordiske eller stive l\u00f8sninger er <strong>fleksible tanke<\/strong>:<\/p>\n\n<ul class=\"wp-block-list\">\n<li>Kan installeres direkte p\u00e5 plan <strong>jord<\/strong> med tils\u00e6tning af kalkstenssand for at f\u00e5 en lige, kompakt platform.<\/li>\n\n\n\n<li>Intet komplekst arbejde kr\u00e6ves, hvilket reducerer<strong>installationsomkostningerne<\/strong>.<\/li>\n\n\n\n<li>Kan nemt tilpasses g\u00e5rdens st\u00f8rrelse og begr\u00e6nsninger.<\/li>\n<\/ul>\n\n<h3 class=\"wp-block-heading\"><mark style=\"background-color:rgba(0, 0, 0, 0)\" class=\"has-inline-color has-vivid-cyan-blue-color\">Modul\u00e6r kapacitet<\/mark><\/h3>\n\n<p>Disse tanke f\u00e5s i forskellige volumener, fra <strong>10 m\u00b3 til over 500 m\u00b3,<\/strong> og de opfylder behovene p\u00e5 b\u00e5de sm\u00e5 og store g\u00e5rde.<\/p>\n\n<h3 class=\"wp-block-heading\"><mark style=\"background-color:rgba(0, 0, 0, 0)\" class=\"has-inline-color has-vivid-cyan-blue-color\">Et \u00f8konomisk og \u00f8kologisk produkt<\/mark><\/h3>\n\n<p>Fleksible tanke er fremstillet af <strong>forst\u00e6rket PVC<\/strong>, et letv\u00e6gtsmateriale af h\u00f8j kvalitet. De er et \u00f8konomisk alternativ til stive tanke, samtidig med at de er milj\u00f8venlige takket v\u00e6re deres lave indvirkning p\u00e5 <strong>jorden<\/strong> og deres evne til at begr\u00e6nse spild af <strong>vandressourcer<\/strong>. <\/p>\n\n<h3 class=\"wp-block-heading\"><mark style=\"background-color:rgba(0, 0, 0, 0)\" class=\"has-inline-color has-vivid-cyan-blue-color\">Alsidige anvendelsesmuligheder<\/mark><\/h3>\n\n<p>I landbruget kan fleksible tanke bruges til :<\/p>\n\n<ul class=\"wp-block-list\">\n<li><strong>Vanding af afgr\u00f8der<\/strong> (gr\u00f8ntsager, frugt, korn osv.).<\/li>\n\n\n\n<li>Opbevaring af<strong>spildevand fra landbruget<\/strong>, hvilket bidrager til en milj\u00f8venlig h\u00e5ndtering af flydende affald.<\/li>\n\n\n\n<li>Opbevaring af vand til sekund\u00e6r brug som f.eks. reng\u00f8ring af udstyr eller bygninger.<\/li>\n\n\n\n<li>Ved at have en tank med stort volumen til brandbek\u00e6mpelse kan det opsamlede vand bruges som <a href=\"https:\/\/www.maciterneecolo.fr\/fr\/21-citernes-souples-incendie\">brandreserve<\/a> i tilf\u00e6lde af force majeure.<\/li>\n<\/ul>\n\n<h2 class=\"wp-block-heading\"><mark style=\"background-color:rgba(0, 0, 0, 0)\" class=\"has-inline-color has-vivid-cyan-blue-color\">Hvorfor investere i en fleksibel tank?<\/mark><\/h2>\n\n<h3 class=\"wp-block-heading\"><mark style=\"background-color:rgba(0, 0, 0, 0)\" class=\"has-inline-color has-vivid-cyan-blue-color\">Et svar p\u00e5 udfordringerne fra klimaforandringerne<\/mark><\/h3>\n\n<p>Perioder med <strong>t\u00f8rke<\/strong> eller<strong>oversv\u00f8mmelse<\/strong> g\u00f8r<strong>vandh\u00e5ndtering<\/strong> afg\u00f8rende. Fleksible cisterner g\u00f8r det muligt at sikre en <strong>ressource<\/strong> i n\u00f8dsituationer, samtidig med at afh\u00e6ngigheden af ekstern infrastruktur reduceres. <\/p>\n\n<h3 class=\"wp-block-heading\"><mark style=\"background-color:rgba(0, 0, 0, 0)\" class=\"has-inline-color has-vivid-cyan-blue-color\">Et alternativ til grundvand<\/mark><\/h3>\n\n<p>At pumpe vand op fra <strong>grundvandet<\/strong> kr\u00e6ver store m\u00e6ngder energi og kan f\u00f8re til, at det udt\u00f8mmes. Ved at opbevare regnvand kan landm\u00e6nd reducere deres milj\u00f8p\u00e5virkning og deres energiregninger. <\/p>\n\n<h3 class=\"wp-block-heading\">En langsigtet l\u00f8sning<\/h3>\n\n<p>Fleksible <strong>PVC-tanke<\/strong> er fremstillet for at maksimere deres levetid. De er UV- og vejrbestandige og er en rentabel <strong>langtidsinvestering<\/strong>. <\/p>\n\n<h2 class=\"wp-block-heading\"><mark style=\"background-color:rgba(0, 0, 0, 0)\" class=\"has-inline-color has-vivid-cyan-blue-color\">Vores virksomheds engagement<\/mark><\/h2>\n\n<p>Vores virksomhed tilbyder et bredt udvalg af <strong>fleksible tanke<\/strong>, der er tilpasset landm\u00e6ndenes behov:<\/p>\n\n<ul class=\"wp-block-list\">\n<li><strong>Forskellige kapaciteter<\/strong>: Vi tilbyder standardvolumener som 10m2, <strong>50 m\u00b3, 100 m\u00b3, 150 m\u00b3<\/strong> samt skr\u00e6ddersyede l\u00f8sninger.<\/li>\n\n\n\n<li><strong>Overensstemmende produkter<\/strong>: Vores tanke overholder franske og europ\u00e6iske standarder, hvilket garanterer optimal <strong>kvalitet<\/strong> og <strong>sikkerhed<\/strong>.<\/li>\n\n\n\n<li><strong>Store lagre<\/strong>: For at kunne reagere hurtigt p\u00e5 eftersp\u00f8rgslen har vi et stort lager klar til afsendelse.<\/li>\n<\/ul>\n\n<h3 class=\"wp-block-heading\"><mark style=\"background-color:rgba(0, 0, 0, 0)\" class=\"has-inline-color has-vivid-cyan-blue-color\">Personlig st\u00f8tte<\/mark><\/h3>\n\n<p>Vi hj\u00e6lper vores kunder med at :<\/p>\n\n<ul class=\"wp-block-list\">\n<li>V\u00e6lg den rigtige kapacitet og st\u00f8rrelse til din virksomhed.<\/li>\n\n\n\n<li>Installer deres fleksible tank hurtigt og effektivt.<\/li>\n\n\n\n<li>Optimer deres<strong>vandforvaltning<\/strong> med pr\u00e6cis teknisk r\u00e5dgivning.<\/li>\n<\/ul>\n\n<h2 class=\"wp-block-heading\"><mark style=\"background-color:rgba(0, 0, 0, 0)\" class=\"has-inline-color has-vivid-cyan-blue-color\">Konklusion<\/mark><\/h2>\n\n<p>P\u00e5 baggrund af <strong>klimaforandringerne<\/strong> og det \u00f8gede pres p\u00e5 <strong>vandindvindingen<\/strong> er den <strong>fleksible tank<\/strong> ved at blive en vigtig l\u00f8sning for landm\u00e6ndene til at genvinde den v\u00e6ske, de har brug for i sommerm\u00e5nederne. De hj\u00e6lper med at sikre sikker<strong>vanding<\/strong>, reducerer milj\u00f8p\u00e5virkningen og giver betydelige besparelser. <\/p>\n\n<p>Eksemplet med g\u00e5rden i Ard\u00e8che viser, at investering i fleksible tanke ikke kun bidrager til g\u00e5rdenes \u00f8konomiske levedygtighed, men ogs\u00e5 til deres overgang til et mere <strong>b\u00e6redygtigt<\/strong> landbrug.<\/p>\n\n<p><strong>Kontakt os i dag<\/strong> for at f\u00e5 mere at vide om vores l\u00f8sninger og drage fordel af vores virksomheds ekspertise i at g\u00f8re din g\u00e5rd til en model for b\u00e6redygtigt landbrug.<\/p>\n\n<p>Telefon: 0986878065<\/p>\n\n<figure class=\"wp-block-image size-large\"><img decoding=\"async\" width=\"1024\" height=\"205\" src=\"https:\/\/blog.maciterneecolo.fr\/wp-content\/uploads\/2024\/01\/MaCiterneEcolodegrade-1-1024x205.png\" alt=\"Fleksibel regnvandstank\" class=\"wp-image-9918\" srcset=\"https:\/\/blog.maciterneecolo.fr\/wp-content\/uploads\/2024\/01\/MaCiterneEcolodegrade-1-1024x205.png 1024w, https:\/\/blog.maciterneecolo.fr\/wp-content\/uploads\/2024\/01\/MaCiterneEcolodegrade-1-300x60.png 300w, https:\/\/blog.maciterneecolo.fr\/wp-content\/uploads\/2024\/01\/MaCiterneEcolodegrade-1-768x154.png 768w, https:\/\/blog.maciterneecolo.fr\/wp-content\/uploads\/2024\/01\/MaCiterneEcolodegrade-1.png 1250w\" sizes=\"(max-width: 1024px) 100vw, 1024px\" \/><\/figure>\n\n<p><\/p>\n","protected":false},"excerpt":{"rendered":"<p>Stillet over for voksende klimatiske udfordringer er landm\u00e6ndene n\u00f8dt til at tilpasse deres praksis for at bevare ressourcerne og sikre deres bedrifters b\u00e6redygtighed. I perioder med langvarig t\u00f8rke, oversv\u00f8mmelser og vandrestriktioner kan brugen af l\u00f8sninger som f.eks. fleksibel tank vise sig at v\u00e6re en praktisk og milj\u00f8venlig l\u00f8sning. I denne artikel unders\u00f8ger vi, hvordan fleksible [&hellip;]<\/p>\n","protected":false},"author":3,"featured_media":12645,"comment_status":"open","ping_status":"closed","sticky":false,"template":"","format":"standard","meta":{"inline_featured_image":false,"footnotes":""},"categories":[1777],"tags":[60,303,279,401,2464],"class_list":["post-12662","post","type-post","status-publish","format-standard","has-post-thumbnail","hentry","category-uklassificeret","tag-fleksibel-tank","tag-opbevaring","tag-opsamling-af-regnvand","tag-vanding","tag-vandingstank"],"yoast_head":"<!-- This site is optimized with the Yoast SEO plugin v27.5 - https:\/\/yoast.com\/product\/yoast-seo-wordpress\/ -->\n<title>Den fleksible tanks rolle i b\u00e6redygtigt landbrug - Blog Ma Citerne Ecolo<\/title>\n<meta name=\"description\" content=\"Opdag den fleksible tanks rolle i b\u00e6redygtigt landbrug: en \u00f8kologisk og \u00f8konomisk l\u00f8sning til h\u00e5ndtering af vand i lyset af klimatiske udfordringer.\" \/>\n<meta name=\"robots\" content=\"index, follow, max-snippet:-1, max-image-preview:large, max-video-preview:-1\" \/>\n<link rel=\"canonical\" href=\"https:\/\/blog.maciterneecolo.fr\/da\/den-fleksible-tanks-rolle-i-baeredygtigt-landbrug\/\" \/>\n<meta property=\"og:locale\" content=\"da_DK\" \/>\n<meta property=\"og:type\" content=\"article\" \/>\n<meta property=\"og:title\" content=\"Den fleksible tanks rolle i b\u00e6redygtigt landbrug - Blog Ma Citerne Ecolo\" \/>\n<meta property=\"og:description\" content=\"Opdag den fleksible tanks rolle i b\u00e6redygtigt landbrug: en \u00f8kologisk og \u00f8konomisk l\u00f8sning til h\u00e5ndtering af vand i lyset af klimatiske udfordringer.\" \/>\n<meta property=\"og:url\" content=\"https:\/\/blog.maciterneecolo.fr\/da\/den-fleksible-tanks-rolle-i-baeredygtigt-landbrug\/\" \/>\n<meta property=\"og:site_name\" content=\"Blog Ma Citerne Ecolo\" \/>\n<meta property=\"article:published_time\" content=\"2024-11-22T12:59:45+00:00\" \/>\n<meta property=\"og:image\" content=\"https:\/\/blog.maciterneecolo.fr\/wp-content\/uploads\/2024\/11\/7F62C90D-14E4-48F6-BEA8-F672C8A35B44-1024x585.png\" \/>\n\t<meta property=\"og:image:width\" content=\"1024\" \/>\n\t<meta property=\"og:image:height\" content=\"585\" \/>\n\t<meta property=\"og:image:type\" content=\"image\/png\" \/>\n<meta name=\"author\" content=\"Florian Fortes\" \/>\n<meta name=\"twitter:card\" content=\"summary_large_image\" \/>\n<meta name=\"twitter:label1\" content=\"Skrevet af\" \/>\n\t<meta name=\"twitter:data1\" content=\"Florian Fortes\" \/>\n\t<meta name=\"twitter:label2\" content=\"Estimeret l\u00e6setid\" \/>\n\t<meta name=\"twitter:data2\" content=\"5 minutter\" \/>\n<script type=\"application\/ld+json\" class=\"yoast-schema-graph\">{\"@context\":\"https:\\\/\\\/schema.org\",\"@graph\":[{\"@type\":\"Article\",\"@id\":\"https:\\\/\\\/blog.maciterneecolo.fr\\\/da\\\/den-fleksible-tanks-rolle-i-baeredygtigt-landbrug\\\/#article\",\"isPartOf\":{\"@id\":\"https:\\\/\\\/blog.maciterneecolo.fr\\\/da\\\/den-fleksible-tanks-rolle-i-baeredygtigt-landbrug\\\/\"},\"author\":{\"name\":\"Florian Fortes\",\"@id\":\"https:\\\/\\\/blog.maciterneecolo.fr\\\/da\\\/#\\\/schema\\\/person\\\/3a2d4d4c7570e95dd1c26daa07cd06b5\"},\"headline\":\"Den fleksible tanks rolle i b\u00e6redygtigt landbrug\",\"datePublished\":\"2024-11-22T12:59:45+00:00\",\"mainEntityOfPage\":{\"@id\":\"https:\\\/\\\/blog.maciterneecolo.fr\\\/da\\\/den-fleksible-tanks-rolle-i-baeredygtigt-landbrug\\\/\"},\"wordCount\":1015,\"commentCount\":0,\"publisher\":{\"@id\":\"https:\\\/\\\/blog.maciterneecolo.fr\\\/da\\\/#organization\"},\"image\":{\"@id\":\"https:\\\/\\\/blog.maciterneecolo.fr\\\/da\\\/den-fleksible-tanks-rolle-i-baeredygtigt-landbrug\\\/#primaryimage\"},\"thumbnailUrl\":\"https:\\\/\\\/blog.maciterneecolo.fr\\\/wp-content\\\/uploads\\\/2024\\\/11\\\/7F62C90D-14E4-48F6-BEA8-F672C8A35B44.png\",\"keywords\":[\"fleksibel tank\",\"opbevaring\",\"opsamling af regnvand\",\"vanding\",\"Vandingstank\"],\"articleSection\":[\"Uklassificeret\"],\"inLanguage\":\"da-DK\",\"potentialAction\":[{\"@type\":\"CommentAction\",\"name\":\"Comment\",\"target\":[\"https:\\\/\\\/blog.maciterneecolo.fr\\\/da\\\/den-fleksible-tanks-rolle-i-baeredygtigt-landbrug\\\/#respond\"]}]},{\"@type\":\"WebPage\",\"@id\":\"https:\\\/\\\/blog.maciterneecolo.fr\\\/da\\\/den-fleksible-tanks-rolle-i-baeredygtigt-landbrug\\\/\",\"url\":\"https:\\\/\\\/blog.maciterneecolo.fr\\\/da\\\/den-fleksible-tanks-rolle-i-baeredygtigt-landbrug\\\/\",\"name\":\"Den fleksible tanks rolle i b\u00e6redygtigt landbrug - Blog Ma Citerne Ecolo\",\"isPartOf\":{\"@id\":\"https:\\\/\\\/blog.maciterneecolo.fr\\\/da\\\/#website\"},\"primaryImageOfPage\":{\"@id\":\"https:\\\/\\\/blog.maciterneecolo.fr\\\/da\\\/den-fleksible-tanks-rolle-i-baeredygtigt-landbrug\\\/#primaryimage\"},\"image\":{\"@id\":\"https:\\\/\\\/blog.maciterneecolo.fr\\\/da\\\/den-fleksible-tanks-rolle-i-baeredygtigt-landbrug\\\/#primaryimage\"},\"thumbnailUrl\":\"https:\\\/\\\/blog.maciterneecolo.fr\\\/wp-content\\\/uploads\\\/2024\\\/11\\\/7F62C90D-14E4-48F6-BEA8-F672C8A35B44.png\",\"datePublished\":\"2024-11-22T12:59:45+00:00\",\"description\":\"Opdag den fleksible tanks rolle i b\u00e6redygtigt landbrug: en \u00f8kologisk og \u00f8konomisk l\u00f8sning til h\u00e5ndtering af vand i lyset af klimatiske udfordringer.\",\"breadcrumb\":{\"@id\":\"https:\\\/\\\/blog.maciterneecolo.fr\\\/da\\\/den-fleksible-tanks-rolle-i-baeredygtigt-landbrug\\\/#breadcrumb\"},\"inLanguage\":\"da-DK\",\"potentialAction\":[{\"@type\":\"ReadAction\",\"target\":[\"https:\\\/\\\/blog.maciterneecolo.fr\\\/da\\\/den-fleksible-tanks-rolle-i-baeredygtigt-landbrug\\\/\"]}]},{\"@type\":\"ImageObject\",\"inLanguage\":\"da-DK\",\"@id\":\"https:\\\/\\\/blog.maciterneecolo.fr\\\/da\\\/den-fleksible-tanks-rolle-i-baeredygtigt-landbrug\\\/#primaryimage\",\"url\":\"https:\\\/\\\/blog.maciterneecolo.fr\\\/wp-content\\\/uploads\\\/2024\\\/11\\\/7F62C90D-14E4-48F6-BEA8-F672C8A35B44.png\",\"contentUrl\":\"https:\\\/\\\/blog.maciterneecolo.fr\\\/wp-content\\\/uploads\\\/2024\\\/11\\\/7F62C90D-14E4-48F6-BEA8-F672C8A35B44.png\",\"width\":1792,\"height\":1024},{\"@type\":\"BreadcrumbList\",\"@id\":\"https:\\\/\\\/blog.maciterneecolo.fr\\\/da\\\/den-fleksible-tanks-rolle-i-baeredygtigt-landbrug\\\/#breadcrumb\",\"itemListElement\":[{\"@type\":\"ListItem\",\"position\":1,\"name\":\"Accueil\",\"item\":\"https:\\\/\\\/blog.maciterneecolo.fr\\\/da\\\/\"},{\"@type\":\"ListItem\",\"position\":2,\"name\":\"Den fleksible tanks rolle i b\u00e6redygtigt landbrug\"}]},{\"@type\":\"WebSite\",\"@id\":\"https:\\\/\\\/blog.maciterneecolo.fr\\\/da\\\/#website\",\"url\":\"https:\\\/\\\/blog.maciterneecolo.fr\\\/da\\\/\",\"name\":\"Blog Ma Citerne Ecolo\",\"description\":\"Leader dans le domaine de la citerne souple d&#039;eau de pluie\",\"publisher\":{\"@id\":\"https:\\\/\\\/blog.maciterneecolo.fr\\\/da\\\/#organization\"},\"potentialAction\":[{\"@type\":\"SearchAction\",\"target\":{\"@type\":\"EntryPoint\",\"urlTemplate\":\"https:\\\/\\\/blog.maciterneecolo.fr\\\/da\\\/?s={search_term_string}\"},\"query-input\":{\"@type\":\"PropertyValueSpecification\",\"valueRequired\":true,\"valueName\":\"search_term_string\"}}],\"inLanguage\":\"da-DK\"},{\"@type\":\"Organization\",\"@id\":\"https:\\\/\\\/blog.maciterneecolo.fr\\\/da\\\/#organization\",\"name\":\"Blog Ma Citerne Ecolo\",\"url\":\"https:\\\/\\\/blog.maciterneecolo.fr\\\/da\\\/\",\"logo\":{\"@type\":\"ImageObject\",\"inLanguage\":\"da-DK\",\"@id\":\"https:\\\/\\\/blog.maciterneecolo.fr\\\/da\\\/#\\\/schema\\\/logo\\\/image\\\/\",\"url\":\"https:\\\/\\\/blog.maciterneecolo.fr\\\/wp-content\\\/uploads\\\/2022\\\/12\\\/cropped-favicon-blog.png\",\"contentUrl\":\"https:\\\/\\\/blog.maciterneecolo.fr\\\/wp-content\\\/uploads\\\/2022\\\/12\\\/cropped-favicon-blog.png\",\"width\":512,\"height\":512,\"caption\":\"Blog Ma Citerne Ecolo\"},\"image\":{\"@id\":\"https:\\\/\\\/blog.maciterneecolo.fr\\\/da\\\/#\\\/schema\\\/logo\\\/image\\\/\"}},{\"@type\":\"Person\",\"@id\":\"https:\\\/\\\/blog.maciterneecolo.fr\\\/da\\\/#\\\/schema\\\/person\\\/3a2d4d4c7570e95dd1c26daa07cd06b5\",\"name\":\"Florian Fortes\",\"image\":{\"@type\":\"ImageObject\",\"inLanguage\":\"da-DK\",\"@id\":\"https:\\\/\\\/secure.gravatar.com\\\/avatar\\\/ca79c695566cce4eef2e89c6c672f683901ce43cbeecbc9f18cddb431bb9b629?s=96&d=mm&r=g\",\"url\":\"https:\\\/\\\/secure.gravatar.com\\\/avatar\\\/ca79c695566cce4eef2e89c6c672f683901ce43cbeecbc9f18cddb431bb9b629?s=96&d=mm&r=g\",\"contentUrl\":\"https:\\\/\\\/secure.gravatar.com\\\/avatar\\\/ca79c695566cce4eef2e89c6c672f683901ce43cbeecbc9f18cddb431bb9b629?s=96&d=mm&r=g\",\"caption\":\"Florian Fortes\"},\"url\":\"https:\\\/\\\/blog.maciterneecolo.fr\\\/da\\\/author\\\/fortesflorian\\\/\"}]}<\/script>\n<!-- \/ Yoast SEO plugin. -->","yoast_head_json":{"title":"Den fleksible tanks rolle i b\u00e6redygtigt landbrug - Blog Ma Citerne Ecolo","description":"Opdag den fleksible tanks rolle i b\u00e6redygtigt landbrug: en \u00f8kologisk og \u00f8konomisk l\u00f8sning til h\u00e5ndtering af vand i lyset af klimatiske udfordringer.","robots":{"index":"index","follow":"follow","max-snippet":"max-snippet:-1","max-image-preview":"max-image-preview:large","max-video-preview":"max-video-preview:-1"},"canonical":"https:\/\/blog.maciterneecolo.fr\/da\/den-fleksible-tanks-rolle-i-baeredygtigt-landbrug\/","og_locale":"da_DK","og_type":"article","og_title":"Den fleksible tanks rolle i b\u00e6redygtigt landbrug - Blog Ma Citerne Ecolo","og_description":"Opdag den fleksible tanks rolle i b\u00e6redygtigt landbrug: en \u00f8kologisk og \u00f8konomisk l\u00f8sning til h\u00e5ndtering af vand i lyset af klimatiske udfordringer.","og_url":"https:\/\/blog.maciterneecolo.fr\/da\/den-fleksible-tanks-rolle-i-baeredygtigt-landbrug\/","og_site_name":"Blog Ma Citerne Ecolo","article_published_time":"2024-11-22T12:59:45+00:00","og_image":[{"width":1024,"height":585,"url":"https:\/\/blog.maciterneecolo.fr\/wp-content\/uploads\/2024\/11\/7F62C90D-14E4-48F6-BEA8-F672C8A35B44-1024x585.png","type":"image\/png"}],"author":"Florian Fortes","twitter_card":"summary_large_image","twitter_misc":{"Skrevet af":"Florian Fortes","Estimeret l\u00e6setid":"5 minutter"},"schema":{"@context":"https:\/\/schema.org","@graph":[{"@type":"Article","@id":"https:\/\/blog.maciterneecolo.fr\/da\/den-fleksible-tanks-rolle-i-baeredygtigt-landbrug\/#article","isPartOf":{"@id":"https:\/\/blog.maciterneecolo.fr\/da\/den-fleksible-tanks-rolle-i-baeredygtigt-landbrug\/"},"author":{"name":"Florian Fortes","@id":"https:\/\/blog.maciterneecolo.fr\/da\/#\/schema\/person\/3a2d4d4c7570e95dd1c26daa07cd06b5"},"headline":"Den fleksible tanks rolle i b\u00e6redygtigt landbrug","datePublished":"2024-11-22T12:59:45+00:00","mainEntityOfPage":{"@id":"https:\/\/blog.maciterneecolo.fr\/da\/den-fleksible-tanks-rolle-i-baeredygtigt-landbrug\/"},"wordCount":1015,"commentCount":0,"publisher":{"@id":"https:\/\/blog.maciterneecolo.fr\/da\/#organization"},"image":{"@id":"https:\/\/blog.maciterneecolo.fr\/da\/den-fleksible-tanks-rolle-i-baeredygtigt-landbrug\/#primaryimage"},"thumbnailUrl":"https:\/\/blog.maciterneecolo.fr\/wp-content\/uploads\/2024\/11\/7F62C90D-14E4-48F6-BEA8-F672C8A35B44.png","keywords":["fleksibel tank","opbevaring","opsamling af regnvand","vanding","Vandingstank"],"articleSection":["Uklassificeret"],"inLanguage":"da-DK","potentialAction":[{"@type":"CommentAction","name":"Comment","target":["https:\/\/blog.maciterneecolo.fr\/da\/den-fleksible-tanks-rolle-i-baeredygtigt-landbrug\/#respond"]}]},{"@type":"WebPage","@id":"https:\/\/blog.maciterneecolo.fr\/da\/den-fleksible-tanks-rolle-i-baeredygtigt-landbrug\/","url":"https:\/\/blog.maciterneecolo.fr\/da\/den-fleksible-tanks-rolle-i-baeredygtigt-landbrug\/","name":"Den fleksible tanks rolle i b\u00e6redygtigt landbrug - Blog Ma Citerne Ecolo","isPartOf":{"@id":"https:\/\/blog.maciterneecolo.fr\/da\/#website"},"primaryImageOfPage":{"@id":"https:\/\/blog.maciterneecolo.fr\/da\/den-fleksible-tanks-rolle-i-baeredygtigt-landbrug\/#primaryimage"},"image":{"@id":"https:\/\/blog.maciterneecolo.fr\/da\/den-fleksible-tanks-rolle-i-baeredygtigt-landbrug\/#primaryimage"},"thumbnailUrl":"https:\/\/blog.maciterneecolo.fr\/wp-content\/uploads\/2024\/11\/7F62C90D-14E4-48F6-BEA8-F672C8A35B44.png","datePublished":"2024-11-22T12:59:45+00:00","description":"Opdag den fleksible tanks rolle i b\u00e6redygtigt landbrug: en \u00f8kologisk og \u00f8konomisk l\u00f8sning til h\u00e5ndtering af vand i lyset af klimatiske udfordringer.","breadcrumb":{"@id":"https:\/\/blog.maciterneecolo.fr\/da\/den-fleksible-tanks-rolle-i-baeredygtigt-landbrug\/#breadcrumb"},"inLanguage":"da-DK","potentialAction":[{"@type":"ReadAction","target":["https:\/\/blog.maciterneecolo.fr\/da\/den-fleksible-tanks-rolle-i-baeredygtigt-landbrug\/"]}]},{"@type":"ImageObject","inLanguage":"da-DK","@id":"https:\/\/blog.maciterneecolo.fr\/da\/den-fleksible-tanks-rolle-i-baeredygtigt-landbrug\/#primaryimage","url":"https:\/\/blog.maciterneecolo.fr\/wp-content\/uploads\/2024\/11\/7F62C90D-14E4-48F6-BEA8-F672C8A35B44.png","contentUrl":"https:\/\/blog.maciterneecolo.fr\/wp-content\/uploads\/2024\/11\/7F62C90D-14E4-48F6-BEA8-F672C8A35B44.png","width":1792,"height":1024},{"@type":"BreadcrumbList","@id":"https:\/\/blog.maciterneecolo.fr\/da\/den-fleksible-tanks-rolle-i-baeredygtigt-landbrug\/#breadcrumb","itemListElement":[{"@type":"ListItem","position":1,"name":"Accueil","item":"https:\/\/blog.maciterneecolo.fr\/da\/"},{"@type":"ListItem","position":2,"name":"Den fleksible tanks rolle i b\u00e6redygtigt landbrug"}]},{"@type":"WebSite","@id":"https:\/\/blog.maciterneecolo.fr\/da\/#website","url":"https:\/\/blog.maciterneecolo.fr\/da\/","name":"Blog Ma Citerne Ecolo","description":"Leader dans le domaine de la citerne souple d&#039;eau de pluie","publisher":{"@id":"https:\/\/blog.maciterneecolo.fr\/da\/#organization"},"potentialAction":[{"@type":"SearchAction","target":{"@type":"EntryPoint","urlTemplate":"https:\/\/blog.maciterneecolo.fr\/da\/?s={search_term_string}"},"query-input":{"@type":"PropertyValueSpecification","valueRequired":true,"valueName":"search_term_string"}}],"inLanguage":"da-DK"},{"@type":"Organization","@id":"https:\/\/blog.maciterneecolo.fr\/da\/#organization","name":"Blog Ma Citerne Ecolo","url":"https:\/\/blog.maciterneecolo.fr\/da\/","logo":{"@type":"ImageObject","inLanguage":"da-DK","@id":"https:\/\/blog.maciterneecolo.fr\/da\/#\/schema\/logo\/image\/","url":"https:\/\/blog.maciterneecolo.fr\/wp-content\/uploads\/2022\/12\/cropped-favicon-blog.png","contentUrl":"https:\/\/blog.maciterneecolo.fr\/wp-content\/uploads\/2022\/12\/cropped-favicon-blog.png","width":512,"height":512,"caption":"Blog Ma Citerne Ecolo"},"image":{"@id":"https:\/\/blog.maciterneecolo.fr\/da\/#\/schema\/logo\/image\/"}},{"@type":"Person","@id":"https:\/\/blog.maciterneecolo.fr\/da\/#\/schema\/person\/3a2d4d4c7570e95dd1c26daa07cd06b5","name":"Florian Fortes","image":{"@type":"ImageObject","inLanguage":"da-DK","@id":"https:\/\/secure.gravatar.com\/avatar\/ca79c695566cce4eef2e89c6c672f683901ce43cbeecbc9f18cddb431bb9b629?s=96&d=mm&r=g","url":"https:\/\/secure.gravatar.com\/avatar\/ca79c695566cce4eef2e89c6c672f683901ce43cbeecbc9f18cddb431bb9b629?s=96&d=mm&r=g","contentUrl":"https:\/\/secure.gravatar.com\/avatar\/ca79c695566cce4eef2e89c6c672f683901ce43cbeecbc9f18cddb431bb9b629?s=96&d=mm&r=g","caption":"Florian Fortes"},"url":"https:\/\/blog.maciterneecolo.fr\/da\/author\/fortesflorian\/"}]}},"_links":{"self":[{"href":"https:\/\/blog.maciterneecolo.fr\/da\/wp-json\/wp\/v2\/posts\/12662","targetHints":{"allow":["GET"]}}],"collection":[{"href":"https:\/\/blog.maciterneecolo.fr\/da\/wp-json\/wp\/v2\/posts"}],"about":[{"href":"https:\/\/blog.maciterneecolo.fr\/da\/wp-json\/wp\/v2\/types\/post"}],"author":[{"embeddable":true,"href":"https:\/\/blog.maciterneecolo.fr\/da\/wp-json\/wp\/v2\/users\/3"}],"replies":[{"embeddable":true,"href":"https:\/\/blog.maciterneecolo.fr\/da\/wp-json\/wp\/v2\/comments?post=12662"}],"version-history":[{"count":1,"href":"https:\/\/blog.maciterneecolo.fr\/da\/wp-json\/wp\/v2\/posts\/12662\/revisions"}],"predecessor-version":[{"id":12664,"href":"https:\/\/blog.maciterneecolo.fr\/da\/wp-json\/wp\/v2\/posts\/12662\/revisions\/12664"}],"wp:featuredmedia":[{"embeddable":true,"href":"https:\/\/blog.maciterneecolo.fr\/da\/wp-json\/wp\/v2\/media\/12645"}],"wp:attachment":[{"href":"https:\/\/blog.maciterneecolo.fr\/da\/wp-json\/wp\/v2\/media?parent=12662"}],"wp:term":[{"taxonomy":"category","embeddable":true,"href":"https:\/\/blog.maciterneecolo.fr\/da\/wp-json\/wp\/v2\/categories?post=12662"},{"taxonomy":"post_tag","embeddable":true,"href":"https:\/\/blog.maciterneecolo.fr\/da\/wp-json\/wp\/v2\/tags?post=12662"}],"curies":[{"name":"wp","href":"https:\/\/api.w.org\/{rel}","templated":true}]}}