{"id":13433,"date":"2025-02-18T08:30:00","date_gmt":"2025-02-18T08:30:00","guid":{"rendered":"https:\/\/blog.maciterneecolo.fr\/?p=13433"},"modified":"2025-02-07T15:49:53","modified_gmt":"2025-02-07T15:49:53","slug":"vandets-kredsloeb-hvor-kommer-det-vand-vi-bruger-hver-dag-fra","status":"publish","type":"post","link":"https:\/\/blog.maciterneecolo.fr\/da\/vandets-kredsloeb-hvor-kommer-det-vand-vi-bruger-hver-dag-fra\/","title":{"rendered":"Vandets kredsl\u00f8b: Hvor kommer det vand, vi bruger hver dag, fra?"},"content":{"rendered":"\n<p>Vand er en vigtig ressource i vores hverdag, men ved vi egentlig, hvor det kommer fra, og hvordan det n\u00e5r frem til vores vandhaner? Vandets kredsl\u00f8b er et fascinerende naturf\u00e6nomen, som g\u00f8r det muligt at regenerere denne dyrebare ressource. Fra fordampning til regn via infiltration i grundvandet f\u00f8lger vandet en lang vej, f\u00f8r det opsamles, behandles og distribueres til vores forbrug.  <\/p>\n\n<p>I denne artikel vil vi udforske vandets kredsl\u00f8b i detaljer og forst\u00e5 de forskellige faser, der er involveret i at sikre adgang til kvalitetsvand til husholdnings- og industribrug.<\/p>\n\n<h2 class=\"wp-block-heading\"><mark style=\"background-color:rgba(0, 0, 0, 0)\" class=\"has-inline-color has-vivid-cyan-blue-color\">1. Vandets oprindelse: et element i evig bev\u00e6gelse<\/mark><\/h2>\n\n<p>Vand p\u00e5 jorden findes i mange former: flydende, fast og gasformigt. Hvert \u00e5r fordamper milliarder af liter vand fra havene og landoverfladerne og opretholder en cyklus, der er afg\u00f8rende for livet. Denne l\u00f8bende omdannelse af vand studeres af de hydrologiske videnskaber, som analyserer dets virkninger p\u00e5 milj\u00f8et og naturressourcerne.  <\/p>\n\n<p>Vandets kredsl\u00f8b er et f\u00e6nomen, der sikrer en kontinuerlig fordeling af vand mellem planetens forskellige naturlige reservoirer. Ved at studere det kan forskere og forskerteams bedre forst\u00e5 klimaets indvirkning p\u00e5 forvaltningen af denne dyrebare ressource. <\/p>\n\n<h3 class=\"wp-block-heading\">Fordampning og kondensering<\/h3>\n\n<p>Fordampning er en naturlig proces, hvor flydende vand omdannes til gasform under p\u00e5virkning af solens varme. Denne transformation spiller en central rolle i opretholdelsen af den klimatiske ligev\u00e6gt. Havene er de vigtigste bidragydere til dette f\u00e6nomen, men floder, s\u00f8er og selv jorden er ogs\u00e5 involveret i fordampning.  <\/p>\n\n<p>I visse omr\u00e5der af verden er fordampningen mere intens p\u00e5 grund af h\u00f8je temperaturer, hvilket \u00e6ndrer m\u00e6ngden af tilg\u00e6ngeligt vand i atmosf\u00e6ren. Kondensering, som f\u00f8lger fordampningen, g\u00f8r det muligt for vanddampen at samle sig i fine dr\u00e5ber og danne skyer. Denne fase er afg\u00f8rende for at transportere vand over lange afstande.  <\/p>\n\n<p>Det hele starter med fordampning af vand fra oceaner, floder og s\u00f8er under p\u00e5virkning af solen. Denne vanddamp stiger op i atmosf\u00e6ren, hvor den afk\u00f8les og kondenserer og danner skyer. Denne proces er afg\u00f8rende for at opretholde vandbalancen p\u00e5 vores planet.  <\/p>\n\n<h3 class=\"wp-block-heading\">Nedb\u00f8r og dens fordeling<\/h3>\n\n<p>N\u00e5r vanddr\u00e5berne i skyerne bliver for tunge, falder de som nedb\u00f8r. Nedb\u00f8ren kan have form af regn, sne eller hagl, afh\u00e6ngigt af den omgivende temperatur og vejrforholdene. <\/p>\n\n<p>I gennemsnit falder der flere billioner liter vand p\u00e5 jorden hvert \u00e5r. Fordelingen af nedb\u00f8r varierer alt efter klima og \u00e5rstid. \u00c6kvatoriale regioner modtager store m\u00e6ngder vand, mens \u00f8rkenomr\u00e5der modtager meget lidt. Denne uj\u00e6vne fordeling har direkte indflydelse p\u00e5 adgangen til drikkevand og forvaltningen af vandressourcer.   <\/p>\n\n<p>N\u00e5r vanddampen er kondenseret, omdannes den til nedb\u00f8r i form af regn, sne eller hagl. Nedb\u00f8ren fordeles over jordoverfladen og giver n\u00e6ring til jorden, floderne og grundvandet. Fordelingen af nedb\u00f8r varierer fra region til region, hvilket p\u00e5virker tilg\u00e6ngeligheden af drikkevand.  <\/p>\n\n<h2 class=\"wp-block-heading\"><mark style=\"background-color:rgba(0, 0, 0, 0)\" class=\"has-inline-color has-vivid-cyan-blue-color\">2. Infiltration og naturlig oplagring af vand<\/mark><\/h2>\n\n<p>Noget af det vand, der n\u00e5r jorden, infiltrerer ned i jorden og hj\u00e6lper med at fylde grundvandsspejlet op. Dette f\u00e6nomen er afg\u00f8rende for vandbalancen i mange regioner. Vand, der ikke infiltreres, l\u00f8ber ud i floder og vandl\u00f8b og indg\u00e5r igen i det naturlige vandkredsl\u00f8b.  <\/p>\n\n<p>Unders\u00f8gelsen af vandets infiltrations- og lagringsmekanismer er afg\u00f8rende for en b\u00e6redygtig forvaltning af vandressourcerne. Forskellige jordtyper p\u00e5virker den hastighed, hvormed vandet infiltrerer. Sandjord absorberer vand hurtigt, mens lerjord bremser denne proces, hvilket \u00f8ger afstr\u00f8mningen og risikoen for oversv\u00f8mmelser.  <\/p>\n\n<h3 class=\"wp-block-heading\">Grundvand og grundvandsspejl<\/h3>\n\n<p>Noget af nedb\u00f8ren infiltrerer jorden og n\u00e5r grundvandsspejlet. Disse underjordiske reserver spiller en vigtig rolle i lagringen af ferskvand og bruges ofte til at levere drikkevand. Grundvandets kvalitet afh\u00e6nger af jordens beskaffenhed og dens evne til at filtrere urenheder.  <\/p>\n\n<h3 class=\"wp-block-heading\">Floder og s\u00f8er: naturlige reservoirer<\/h3>\n\n<p>En anden del af vandet l\u00f8ber ud i floder og s\u00f8er, som er store naturlige reservoirer. Disse vandomr\u00e5der bruges til landbrug, industri og menneskef\u00f8de. B\u00e6redygtig forvaltning er afg\u00f8rende for at bevare denne livsvigtige ressource.  <\/p>\n\n<h2 class=\"wp-block-heading\"><mark style=\"background-color:rgba(0, 0, 0, 0)\" class=\"has-inline-color has-vivid-cyan-blue-color\">3. Vandbehandling: fra naturen til vores vandhaner<\/mark><\/h2>\n\n<h3 class=\"wp-block-heading\">Indsamling og transport af vand<\/h3>\n\n<p>F\u00f8r vandet n\u00e5r frem til vores hjem, skal det tages fra sit naturlige milj\u00f8. Vandet hentes fra underjordiske grundvandsmagasiner, floder eller kunstige reservoirer. Derefter transporteres det gennem et forsyningsnetv\u00e6rk til rensningsanl\u00e6g.  <\/p>\n\n<h3 class=\"wp-block-heading\">Rensning og distribution<\/h3>\n\n<p>For at garantere drikkevand af h\u00f8j kvalitet gennemg\u00e5r r\u00e5vandet en r\u00e6kke behandlinger: filtrering, desinfektion og pH-justering. Disse processer fjerner bakterier, partikler og andre forurenende stoffer. N\u00e5r vandet er behandlet, opbevares det i reservoirer, f\u00f8r det distribueres via et netv\u00e6rk af r\u00f8r til vores hjem.  <\/p>\n\n<h2 class=\"wp-block-heading\"><mark style=\"background-color:rgba(0, 0, 0, 0)\" class=\"has-inline-color has-vivid-cyan-blue-color\">4. Ansvarlig vandforvaltning: en stor udfordring<\/mark><\/h2>\n\n<p>Hvert \u00e5r bruges der milliarder af liter vand til husholdnings-, industri- og landbrugsform\u00e5l. Meget af dette vand bliver til spildevand, som skal renses, f\u00f8r det kan komme tilbage i det naturlige kredsl\u00f8b. Disse behandlingssystemer er afg\u00f8rende for at forhindre forurening af drikkevandskilder og for at bevare akvatiske \u00f8kosystemer.  <\/p>\n\n<p><a href=\"https:\/\/blog.maciterneecolo.fr\/da\/klimaforandringernes-indvirkning-paa-de-globale-vandreserver\/\">Klimaforandringernes indvirkning p\u00e5 vandkredsl\u00f8bet<\/a> er ogs\u00e5 genstand for mange forskergruppers unders\u00f8gelser. \u00c6ndringer i de globale temperaturer \u00e6ndrer nedb\u00f8rscyklusserne, hvilket f\u00f8rer til l\u00e6ngere t\u00f8rkeperioder og hyppigere ekstreme vejrbegivenheder. Det tvinger samfundene til at genoverveje deres brug af vandressourcer for at sikre et b\u00e6redygtigt forbrug for fremtidige generationer.  <\/p>\n\n<h3 class=\"wp-block-heading\">Udfordringerne ved vandforbrug<\/h3>\n\n<p>Med befolkningstilv\u00e6kst og klimaforandringer er vandforvaltning ved at blive et stort problem. Overudnyttelse af underjordiske ressourcer og forurening truer tilg\u00e6ngeligheden af drikkevand. Det er derfor afg\u00f8rende at indf\u00f8re en mere b\u00e6redygtig praksis for at bevare denne vigtige ressource.  <\/p>\n\n<p>Blandt de b\u00e6redygtige l\u00f8sninger er det vigtigt at udvise en mere ansvarlig adf\u00e6rd i det daglige. At reducere vandspild ved at kontrollere l\u00e6kager i husholdningen og bruge vandbesparende apparater er et f\u00f8rste skridt. For eksempel kan vandhaner og brusere med lav gennemstr\u00f8mning spare hundredvis af liter vand om \u00e5ret. Installation af intelligente vandm\u00e5lere hj\u00e6lper ogs\u00e5 med at overv\u00e5ge forbruget og identificere un\u00f8dvendige tab.   <\/p>\n\n<p>I udend\u00f8rsarealer reducerer rationel vanding af haver med drypsystemer eller brug af renset spildevand til vanding drikkevandsforbruget betydeligt. Desuden hj\u00e6lper brugen af planter, der er tilpasset t\u00f8rre klimaer, med at begr\u00e6nse vandbehovet og samtidig bevare behagelige gr\u00f8nne omr\u00e5der. <\/p>\n\n<p>P\u00e5 en kollektiv skala er det afg\u00f8rende at modernisere vandinfrastrukturen. Mange byer mister en betydelig del af deres vandforsyning p\u00e5 grund af l\u00e6kager i distributionsnettene. Investering i avancerede teknologier til at opdage og reparere beskadigede r\u00f8r ville g\u00f8re det muligt at begr\u00e6nse dette spild.  <\/p>\n\n<p>Endelig er uddannelse og bevidstg\u00f8relse en st\u00e6rk l\u00f8ftestang for varig forandring. Offentlige kampagner og uddannelsesprogrammer i skolerne kan hj\u00e6lpe med at udvikle \u00f8kologisk bevidsthed og tilskynde til mere vandvenlig praksis. Det er vigtigt at indf\u00f8re denne praksis, hvis vi skal sikre retf\u00e6rdig adgang til drikkevand for fremtidige generationer.  <\/p>\n\n<p>Med befolkningstilv\u00e6kst og klimaforandringer er vandforvaltning ved at blive et stort problem. Overudnyttelse af underjordiske ressourcer og forurening truer tilg\u00e6ngeligheden af drikkevand. Det er derfor afg\u00f8rende at indf\u00f8re en mere b\u00e6redygtig praksis for at bevare denne vigtige ressource.  <\/p>\n\n<h3 class=\"wp-block-heading\">L\u00f8sninger til at spare p\u00e5 vandet<\/h3>\n\n<p>Installation af regnvandsopsamlere, modernisering af netv\u00e6rk for at begr\u00e6nse l\u00e6kager og \u00f8get bevidsthed om et mere ansvarligt forbrug er alle m\u00e5der at bevare vores vandressourcer p\u00e5. Hver en gestus t\u00e6ller for at sikre en mere b\u00e6redygtig fremtid. Maciterneecolo.fr&#8217;s <a href=\"https:\/\/www.maciterneecolo.fr\/fr\/3-citernes-souples\">fleksible tanke<\/a> er nemme at installere og giver god v\u00e6rdi for pengene, og de er en fremragende l\u00f8sning til at opbevare regnvand og spare dyrebare liter drikkevand.  <\/p>\n\n<p>Med restriktioner i de stadig hyppigere t\u00f8rkeperioder og den gradvise udt\u00f8mning af vandressourcerne er det v\u00e6rd at se n\u00e6rmere p\u00e5 denne form for b\u00e6redygtig l\u00f8sning. For hvorfor bruge drikkevand til form\u00e5l, der ikke kr\u00e6ver det? N\u00e5r man ved, at omkring 100 liter drikkevand pr. person pr. dag bruges til husholdningsform\u00e5l, der ikke kr\u00e6ver drikkevand. Ud over at opn\u00e5 betydelige besparelser p\u00e5 din vandregning hj\u00e6lper du med at bevare vandressourcerne, hvilket er et vigtigt sp\u00f8rgsm\u00e5l for samfundet som helhed.   <\/p>\n\n<h2 class=\"wp-block-heading\"><mark style=\"background-color:rgba(0, 0, 0, 0)\" class=\"has-inline-color has-vivid-cyan-blue-color\">Konklusion<\/mark><\/h2>\n\n<p>Vandets kredsl\u00f8b er en naturlig proces, der sikrer fornyelse og fordeling af denne livsvigtige ressource. Fra fordampning til nedsivning i grundvandet f\u00f8lger vandet en kompleks vej, f\u00f8r det n\u00e5r vores vandhaner. Forst\u00e5elsen af denne cyklus giver os en bedre forst\u00e5else af nutidens vandrelaterede udfordringer og vigtigheden af b\u00e6redygtig forvaltning. Ved at anvende ansvarlig praksis kan vi alle hj\u00e6lpe med at bevare denne livsvigtige ressource.   <\/p>\n\n<p><\/p>\n","protected":false},"excerpt":{"rendered":"<p>Vand er en vigtig ressource i vores hverdag, men ved vi egentlig, hvor det kommer fra, og hvordan det n\u00e5r frem til vores vandhaner? Vandets kredsl\u00f8b er et fascinerende naturf\u00e6nomen, som g\u00f8r det muligt at regenerere denne dyrebare ressource. Fra fordampning til regn via infiltration i grundvandet f\u00f8lger vandet en lang vej, f\u00f8r det opsamles, [&hellip;]<\/p>\n","protected":false},"author":4,"featured_media":13405,"comment_status":"open","ping_status":"closed","sticky":false,"template":"","format":"standard","meta":{"inline_featured_image":false,"footnotes":""},"categories":[108,80],"tags":[1483,61,2613],"class_list":["post-13433","post","type-post","status-publish","format-standard","has-post-thumbnail","hentry","category-alt-om-regnvand","category-fleksible-beholdere","tag-drikkevand","tag-regnvand","tag-vandets-kredslob"],"yoast_head":"<!-- This site is optimized with the Yoast SEO plugin v27.5 - https:\/\/yoast.com\/product\/yoast-seo-wordpress\/ -->\n<title>Vandets kredsl\u00f8b: Hvor kommer det vand, vi bruger hver dag, fra? - Blog Ma Citerne Ecolo<\/title>\n<meta name=\"description\" content=\"Vi bruger vand hver dag, men ved vi egentlig, hvor det kommer fra? Opdag alle hemmelighederne i vandets kredsl\u00f8b.\" \/>\n<meta name=\"robots\" content=\"index, follow, max-snippet:-1, max-image-preview:large, max-video-preview:-1\" \/>\n<link rel=\"canonical\" href=\"https:\/\/blog.maciterneecolo.fr\/da\/vandets-kredsloeb-hvor-kommer-det-vand-vi-bruger-hver-dag-fra\/\" \/>\n<meta property=\"og:locale\" content=\"da_DK\" \/>\n<meta property=\"og:type\" content=\"article\" \/>\n<meta property=\"og:title\" content=\"Vandets kredsl\u00f8b: Hvor kommer det vand, vi bruger hver dag, fra? - Blog Ma Citerne Ecolo\" \/>\n<meta property=\"og:description\" content=\"Vi bruger vand hver dag, men ved vi egentlig, hvor det kommer fra? Opdag alle hemmelighederne i vandets kredsl\u00f8b.\" \/>\n<meta property=\"og:url\" content=\"https:\/\/blog.maciterneecolo.fr\/da\/vandets-kredsloeb-hvor-kommer-det-vand-vi-bruger-hver-dag-fra\/\" \/>\n<meta property=\"og:site_name\" content=\"Blog Ma Citerne Ecolo\" \/>\n<meta property=\"article:published_time\" content=\"2025-02-18T08:30:00+00:00\" \/>\n<meta property=\"og:image\" content=\"https:\/\/blog.maciterneecolo.fr\/wp-content\/uploads\/2025\/02\/cycle-de-leau-scaled.jpg\" \/>\n\t<meta property=\"og:image:width\" content=\"2560\" \/>\n\t<meta property=\"og:image:height\" content=\"1704\" \/>\n\t<meta property=\"og:image:type\" content=\"image\/jpeg\" \/>\n<meta name=\"author\" content=\"B\u00e9n\u00e9dicte Rebolloso\" \/>\n<meta name=\"twitter:card\" content=\"summary_large_image\" \/>\n<meta name=\"twitter:label1\" content=\"Skrevet af\" \/>\n\t<meta name=\"twitter:data1\" content=\"B\u00e9n\u00e9dicte Rebolloso\" \/>\n\t<meta name=\"twitter:label2\" content=\"Estimeret l\u00e6setid\" \/>\n\t<meta name=\"twitter:data2\" content=\"7 minutter\" \/>\n<script type=\"application\/ld+json\" class=\"yoast-schema-graph\">{\"@context\":\"https:\\\/\\\/schema.org\",\"@graph\":[{\"@type\":\"Article\",\"@id\":\"https:\\\/\\\/blog.maciterneecolo.fr\\\/da\\\/vandets-kredsloeb-hvor-kommer-det-vand-vi-bruger-hver-dag-fra\\\/#article\",\"isPartOf\":{\"@id\":\"https:\\\/\\\/blog.maciterneecolo.fr\\\/da\\\/vandets-kredsloeb-hvor-kommer-det-vand-vi-bruger-hver-dag-fra\\\/\"},\"author\":{\"name\":\"B\u00e9n\u00e9dicte Rebolloso\",\"@id\":\"https:\\\/\\\/blog.maciterneecolo.fr\\\/da\\\/#\\\/schema\\\/person\\\/fe50d00b4e639107698e1ddead236943\"},\"headline\":\"Vandets kredsl\u00f8b: Hvor kommer det vand, vi bruger hver dag, fra?\",\"datePublished\":\"2025-02-18T08:30:00+00:00\",\"mainEntityOfPage\":{\"@id\":\"https:\\\/\\\/blog.maciterneecolo.fr\\\/da\\\/vandets-kredsloeb-hvor-kommer-det-vand-vi-bruger-hver-dag-fra\\\/\"},\"wordCount\":1458,\"commentCount\":0,\"publisher\":{\"@id\":\"https:\\\/\\\/blog.maciterneecolo.fr\\\/da\\\/#organization\"},\"image\":{\"@id\":\"https:\\\/\\\/blog.maciterneecolo.fr\\\/da\\\/vandets-kredsloeb-hvor-kommer-det-vand-vi-bruger-hver-dag-fra\\\/#primaryimage\"},\"thumbnailUrl\":\"https:\\\/\\\/blog.maciterneecolo.fr\\\/wp-content\\\/uploads\\\/2025\\\/02\\\/cycle-de-leau-scaled.jpg\",\"keywords\":[\"drikkevand\",\"regnvand\",\"Vandets kredsl\u00f8b\"],\"articleSection\":[\"Alt om regnvand\",\"Fleksible beholdere\"],\"inLanguage\":\"da-DK\",\"potentialAction\":[{\"@type\":\"CommentAction\",\"name\":\"Comment\",\"target\":[\"https:\\\/\\\/blog.maciterneecolo.fr\\\/da\\\/vandets-kredsloeb-hvor-kommer-det-vand-vi-bruger-hver-dag-fra\\\/#respond\"]}]},{\"@type\":\"WebPage\",\"@id\":\"https:\\\/\\\/blog.maciterneecolo.fr\\\/da\\\/vandets-kredsloeb-hvor-kommer-det-vand-vi-bruger-hver-dag-fra\\\/\",\"url\":\"https:\\\/\\\/blog.maciterneecolo.fr\\\/da\\\/vandets-kredsloeb-hvor-kommer-det-vand-vi-bruger-hver-dag-fra\\\/\",\"name\":\"Vandets kredsl\u00f8b: Hvor kommer det vand, vi bruger hver dag, fra? - Blog Ma Citerne Ecolo\",\"isPartOf\":{\"@id\":\"https:\\\/\\\/blog.maciterneecolo.fr\\\/da\\\/#website\"},\"primaryImageOfPage\":{\"@id\":\"https:\\\/\\\/blog.maciterneecolo.fr\\\/da\\\/vandets-kredsloeb-hvor-kommer-det-vand-vi-bruger-hver-dag-fra\\\/#primaryimage\"},\"image\":{\"@id\":\"https:\\\/\\\/blog.maciterneecolo.fr\\\/da\\\/vandets-kredsloeb-hvor-kommer-det-vand-vi-bruger-hver-dag-fra\\\/#primaryimage\"},\"thumbnailUrl\":\"https:\\\/\\\/blog.maciterneecolo.fr\\\/wp-content\\\/uploads\\\/2025\\\/02\\\/cycle-de-leau-scaled.jpg\",\"datePublished\":\"2025-02-18T08:30:00+00:00\",\"description\":\"Vi bruger vand hver dag, men ved vi egentlig, hvor det kommer fra? Opdag alle hemmelighederne i vandets kredsl\u00f8b.\",\"breadcrumb\":{\"@id\":\"https:\\\/\\\/blog.maciterneecolo.fr\\\/da\\\/vandets-kredsloeb-hvor-kommer-det-vand-vi-bruger-hver-dag-fra\\\/#breadcrumb\"},\"inLanguage\":\"da-DK\",\"potentialAction\":[{\"@type\":\"ReadAction\",\"target\":[\"https:\\\/\\\/blog.maciterneecolo.fr\\\/da\\\/vandets-kredsloeb-hvor-kommer-det-vand-vi-bruger-hver-dag-fra\\\/\"]}]},{\"@type\":\"ImageObject\",\"inLanguage\":\"da-DK\",\"@id\":\"https:\\\/\\\/blog.maciterneecolo.fr\\\/da\\\/vandets-kredsloeb-hvor-kommer-det-vand-vi-bruger-hver-dag-fra\\\/#primaryimage\",\"url\":\"https:\\\/\\\/blog.maciterneecolo.fr\\\/wp-content\\\/uploads\\\/2025\\\/02\\\/cycle-de-leau-scaled.jpg\",\"contentUrl\":\"https:\\\/\\\/blog.maciterneecolo.fr\\\/wp-content\\\/uploads\\\/2025\\\/02\\\/cycle-de-leau-scaled.jpg\",\"width\":2560,\"height\":1704},{\"@type\":\"BreadcrumbList\",\"@id\":\"https:\\\/\\\/blog.maciterneecolo.fr\\\/da\\\/vandets-kredsloeb-hvor-kommer-det-vand-vi-bruger-hver-dag-fra\\\/#breadcrumb\",\"itemListElement\":[{\"@type\":\"ListItem\",\"position\":1,\"name\":\"Accueil\",\"item\":\"https:\\\/\\\/blog.maciterneecolo.fr\\\/da\\\/\"},{\"@type\":\"ListItem\",\"position\":2,\"name\":\"Vandets kredsl\u00f8b: Hvor kommer det vand, vi bruger hver dag, fra?\"}]},{\"@type\":\"WebSite\",\"@id\":\"https:\\\/\\\/blog.maciterneecolo.fr\\\/da\\\/#website\",\"url\":\"https:\\\/\\\/blog.maciterneecolo.fr\\\/da\\\/\",\"name\":\"Blog Ma Citerne Ecolo\",\"description\":\"Leader dans le domaine de la citerne souple d&#039;eau de pluie\",\"publisher\":{\"@id\":\"https:\\\/\\\/blog.maciterneecolo.fr\\\/da\\\/#organization\"},\"potentialAction\":[{\"@type\":\"SearchAction\",\"target\":{\"@type\":\"EntryPoint\",\"urlTemplate\":\"https:\\\/\\\/blog.maciterneecolo.fr\\\/da\\\/?s={search_term_string}\"},\"query-input\":{\"@type\":\"PropertyValueSpecification\",\"valueRequired\":true,\"valueName\":\"search_term_string\"}}],\"inLanguage\":\"da-DK\"},{\"@type\":\"Organization\",\"@id\":\"https:\\\/\\\/blog.maciterneecolo.fr\\\/da\\\/#organization\",\"name\":\"Blog Ma Citerne Ecolo\",\"url\":\"https:\\\/\\\/blog.maciterneecolo.fr\\\/da\\\/\",\"logo\":{\"@type\":\"ImageObject\",\"inLanguage\":\"da-DK\",\"@id\":\"https:\\\/\\\/blog.maciterneecolo.fr\\\/da\\\/#\\\/schema\\\/logo\\\/image\\\/\",\"url\":\"https:\\\/\\\/blog.maciterneecolo.fr\\\/wp-content\\\/uploads\\\/2022\\\/12\\\/cropped-favicon-blog.png\",\"contentUrl\":\"https:\\\/\\\/blog.maciterneecolo.fr\\\/wp-content\\\/uploads\\\/2022\\\/12\\\/cropped-favicon-blog.png\",\"width\":512,\"height\":512,\"caption\":\"Blog Ma Citerne Ecolo\"},\"image\":{\"@id\":\"https:\\\/\\\/blog.maciterneecolo.fr\\\/da\\\/#\\\/schema\\\/logo\\\/image\\\/\"}},{\"@type\":\"Person\",\"@id\":\"https:\\\/\\\/blog.maciterneecolo.fr\\\/da\\\/#\\\/schema\\\/person\\\/fe50d00b4e639107698e1ddead236943\",\"name\":\"B\u00e9n\u00e9dicte Rebolloso\",\"image\":{\"@type\":\"ImageObject\",\"inLanguage\":\"da-DK\",\"@id\":\"https:\\\/\\\/secure.gravatar.com\\\/avatar\\\/ffa759db2a4d8ebb52a58b89d3dc2a9f0395a5122bb839045a145d6585de1126?s=96&d=mm&r=g\",\"url\":\"https:\\\/\\\/secure.gravatar.com\\\/avatar\\\/ffa759db2a4d8ebb52a58b89d3dc2a9f0395a5122bb839045a145d6585de1126?s=96&d=mm&r=g\",\"contentUrl\":\"https:\\\/\\\/secure.gravatar.com\\\/avatar\\\/ffa759db2a4d8ebb52a58b89d3dc2a9f0395a5122bb839045a145d6585de1126?s=96&d=mm&r=g\",\"caption\":\"B\u00e9n\u00e9dicte Rebolloso\"},\"url\":\"https:\\\/\\\/blog.maciterneecolo.fr\\\/da\\\/author\\\/benedicterebolloso\\\/\"}]}<\/script>\n<!-- \/ Yoast SEO plugin. -->","yoast_head_json":{"title":"Vandets kredsl\u00f8b: Hvor kommer det vand, vi bruger hver dag, fra? - Blog Ma Citerne Ecolo","description":"Vi bruger vand hver dag, men ved vi egentlig, hvor det kommer fra? Opdag alle hemmelighederne i vandets kredsl\u00f8b.","robots":{"index":"index","follow":"follow","max-snippet":"max-snippet:-1","max-image-preview":"max-image-preview:large","max-video-preview":"max-video-preview:-1"},"canonical":"https:\/\/blog.maciterneecolo.fr\/da\/vandets-kredsloeb-hvor-kommer-det-vand-vi-bruger-hver-dag-fra\/","og_locale":"da_DK","og_type":"article","og_title":"Vandets kredsl\u00f8b: Hvor kommer det vand, vi bruger hver dag, fra? - Blog Ma Citerne Ecolo","og_description":"Vi bruger vand hver dag, men ved vi egentlig, hvor det kommer fra? Opdag alle hemmelighederne i vandets kredsl\u00f8b.","og_url":"https:\/\/blog.maciterneecolo.fr\/da\/vandets-kredsloeb-hvor-kommer-det-vand-vi-bruger-hver-dag-fra\/","og_site_name":"Blog Ma Citerne Ecolo","article_published_time":"2025-02-18T08:30:00+00:00","og_image":[{"width":2560,"height":1704,"url":"https:\/\/blog.maciterneecolo.fr\/wp-content\/uploads\/2025\/02\/cycle-de-leau-scaled.jpg","type":"image\/jpeg"}],"author":"B\u00e9n\u00e9dicte Rebolloso","twitter_card":"summary_large_image","twitter_misc":{"Skrevet af":"B\u00e9n\u00e9dicte Rebolloso","Estimeret l\u00e6setid":"7 minutter"},"schema":{"@context":"https:\/\/schema.org","@graph":[{"@type":"Article","@id":"https:\/\/blog.maciterneecolo.fr\/da\/vandets-kredsloeb-hvor-kommer-det-vand-vi-bruger-hver-dag-fra\/#article","isPartOf":{"@id":"https:\/\/blog.maciterneecolo.fr\/da\/vandets-kredsloeb-hvor-kommer-det-vand-vi-bruger-hver-dag-fra\/"},"author":{"name":"B\u00e9n\u00e9dicte Rebolloso","@id":"https:\/\/blog.maciterneecolo.fr\/da\/#\/schema\/person\/fe50d00b4e639107698e1ddead236943"},"headline":"Vandets kredsl\u00f8b: Hvor kommer det vand, vi bruger hver dag, fra?","datePublished":"2025-02-18T08:30:00+00:00","mainEntityOfPage":{"@id":"https:\/\/blog.maciterneecolo.fr\/da\/vandets-kredsloeb-hvor-kommer-det-vand-vi-bruger-hver-dag-fra\/"},"wordCount":1458,"commentCount":0,"publisher":{"@id":"https:\/\/blog.maciterneecolo.fr\/da\/#organization"},"image":{"@id":"https:\/\/blog.maciterneecolo.fr\/da\/vandets-kredsloeb-hvor-kommer-det-vand-vi-bruger-hver-dag-fra\/#primaryimage"},"thumbnailUrl":"https:\/\/blog.maciterneecolo.fr\/wp-content\/uploads\/2025\/02\/cycle-de-leau-scaled.jpg","keywords":["drikkevand","regnvand","Vandets kredsl\u00f8b"],"articleSection":["Alt om regnvand","Fleksible beholdere"],"inLanguage":"da-DK","potentialAction":[{"@type":"CommentAction","name":"Comment","target":["https:\/\/blog.maciterneecolo.fr\/da\/vandets-kredsloeb-hvor-kommer-det-vand-vi-bruger-hver-dag-fra\/#respond"]}]},{"@type":"WebPage","@id":"https:\/\/blog.maciterneecolo.fr\/da\/vandets-kredsloeb-hvor-kommer-det-vand-vi-bruger-hver-dag-fra\/","url":"https:\/\/blog.maciterneecolo.fr\/da\/vandets-kredsloeb-hvor-kommer-det-vand-vi-bruger-hver-dag-fra\/","name":"Vandets kredsl\u00f8b: Hvor kommer det vand, vi bruger hver dag, fra? - Blog Ma Citerne Ecolo","isPartOf":{"@id":"https:\/\/blog.maciterneecolo.fr\/da\/#website"},"primaryImageOfPage":{"@id":"https:\/\/blog.maciterneecolo.fr\/da\/vandets-kredsloeb-hvor-kommer-det-vand-vi-bruger-hver-dag-fra\/#primaryimage"},"image":{"@id":"https:\/\/blog.maciterneecolo.fr\/da\/vandets-kredsloeb-hvor-kommer-det-vand-vi-bruger-hver-dag-fra\/#primaryimage"},"thumbnailUrl":"https:\/\/blog.maciterneecolo.fr\/wp-content\/uploads\/2025\/02\/cycle-de-leau-scaled.jpg","datePublished":"2025-02-18T08:30:00+00:00","description":"Vi bruger vand hver dag, men ved vi egentlig, hvor det kommer fra? Opdag alle hemmelighederne i vandets kredsl\u00f8b.","breadcrumb":{"@id":"https:\/\/blog.maciterneecolo.fr\/da\/vandets-kredsloeb-hvor-kommer-det-vand-vi-bruger-hver-dag-fra\/#breadcrumb"},"inLanguage":"da-DK","potentialAction":[{"@type":"ReadAction","target":["https:\/\/blog.maciterneecolo.fr\/da\/vandets-kredsloeb-hvor-kommer-det-vand-vi-bruger-hver-dag-fra\/"]}]},{"@type":"ImageObject","inLanguage":"da-DK","@id":"https:\/\/blog.maciterneecolo.fr\/da\/vandets-kredsloeb-hvor-kommer-det-vand-vi-bruger-hver-dag-fra\/#primaryimage","url":"https:\/\/blog.maciterneecolo.fr\/wp-content\/uploads\/2025\/02\/cycle-de-leau-scaled.jpg","contentUrl":"https:\/\/blog.maciterneecolo.fr\/wp-content\/uploads\/2025\/02\/cycle-de-leau-scaled.jpg","width":2560,"height":1704},{"@type":"BreadcrumbList","@id":"https:\/\/blog.maciterneecolo.fr\/da\/vandets-kredsloeb-hvor-kommer-det-vand-vi-bruger-hver-dag-fra\/#breadcrumb","itemListElement":[{"@type":"ListItem","position":1,"name":"Accueil","item":"https:\/\/blog.maciterneecolo.fr\/da\/"},{"@type":"ListItem","position":2,"name":"Vandets kredsl\u00f8b: Hvor kommer det vand, vi bruger hver dag, fra?"}]},{"@type":"WebSite","@id":"https:\/\/blog.maciterneecolo.fr\/da\/#website","url":"https:\/\/blog.maciterneecolo.fr\/da\/","name":"Blog Ma Citerne Ecolo","description":"Leader dans le domaine de la citerne souple d&#039;eau de pluie","publisher":{"@id":"https:\/\/blog.maciterneecolo.fr\/da\/#organization"},"potentialAction":[{"@type":"SearchAction","target":{"@type":"EntryPoint","urlTemplate":"https:\/\/blog.maciterneecolo.fr\/da\/?s={search_term_string}"},"query-input":{"@type":"PropertyValueSpecification","valueRequired":true,"valueName":"search_term_string"}}],"inLanguage":"da-DK"},{"@type":"Organization","@id":"https:\/\/blog.maciterneecolo.fr\/da\/#organization","name":"Blog Ma Citerne Ecolo","url":"https:\/\/blog.maciterneecolo.fr\/da\/","logo":{"@type":"ImageObject","inLanguage":"da-DK","@id":"https:\/\/blog.maciterneecolo.fr\/da\/#\/schema\/logo\/image\/","url":"https:\/\/blog.maciterneecolo.fr\/wp-content\/uploads\/2022\/12\/cropped-favicon-blog.png","contentUrl":"https:\/\/blog.maciterneecolo.fr\/wp-content\/uploads\/2022\/12\/cropped-favicon-blog.png","width":512,"height":512,"caption":"Blog Ma Citerne Ecolo"},"image":{"@id":"https:\/\/blog.maciterneecolo.fr\/da\/#\/schema\/logo\/image\/"}},{"@type":"Person","@id":"https:\/\/blog.maciterneecolo.fr\/da\/#\/schema\/person\/fe50d00b4e639107698e1ddead236943","name":"B\u00e9n\u00e9dicte Rebolloso","image":{"@type":"ImageObject","inLanguage":"da-DK","@id":"https:\/\/secure.gravatar.com\/avatar\/ffa759db2a4d8ebb52a58b89d3dc2a9f0395a5122bb839045a145d6585de1126?s=96&d=mm&r=g","url":"https:\/\/secure.gravatar.com\/avatar\/ffa759db2a4d8ebb52a58b89d3dc2a9f0395a5122bb839045a145d6585de1126?s=96&d=mm&r=g","contentUrl":"https:\/\/secure.gravatar.com\/avatar\/ffa759db2a4d8ebb52a58b89d3dc2a9f0395a5122bb839045a145d6585de1126?s=96&d=mm&r=g","caption":"B\u00e9n\u00e9dicte Rebolloso"},"url":"https:\/\/blog.maciterneecolo.fr\/da\/author\/benedicterebolloso\/"}]}},"_links":{"self":[{"href":"https:\/\/blog.maciterneecolo.fr\/da\/wp-json\/wp\/v2\/posts\/13433","targetHints":{"allow":["GET"]}}],"collection":[{"href":"https:\/\/blog.maciterneecolo.fr\/da\/wp-json\/wp\/v2\/posts"}],"about":[{"href":"https:\/\/blog.maciterneecolo.fr\/da\/wp-json\/wp\/v2\/types\/post"}],"author":[{"embeddable":true,"href":"https:\/\/blog.maciterneecolo.fr\/da\/wp-json\/wp\/v2\/users\/4"}],"replies":[{"embeddable":true,"href":"https:\/\/blog.maciterneecolo.fr\/da\/wp-json\/wp\/v2\/comments?post=13433"}],"version-history":[{"count":1,"href":"https:\/\/blog.maciterneecolo.fr\/da\/wp-json\/wp\/v2\/posts\/13433\/revisions"}],"predecessor-version":[{"id":13434,"href":"https:\/\/blog.maciterneecolo.fr\/da\/wp-json\/wp\/v2\/posts\/13433\/revisions\/13434"}],"wp:featuredmedia":[{"embeddable":true,"href":"https:\/\/blog.maciterneecolo.fr\/da\/wp-json\/wp\/v2\/media\/13405"}],"wp:attachment":[{"href":"https:\/\/blog.maciterneecolo.fr\/da\/wp-json\/wp\/v2\/media?parent=13433"}],"wp:term":[{"taxonomy":"category","embeddable":true,"href":"https:\/\/blog.maciterneecolo.fr\/da\/wp-json\/wp\/v2\/categories?post=13433"},{"taxonomy":"post_tag","embeddable":true,"href":"https:\/\/blog.maciterneecolo.fr\/da\/wp-json\/wp\/v2\/tags?post=13433"}],"curies":[{"name":"wp","href":"https:\/\/api.w.org\/{rel}","templated":true}]}}