{"id":13451,"date":"2025-02-26T15:00:00","date_gmt":"2025-02-26T15:00:00","guid":{"rendered":"https:\/\/blog.maciterneecolo.fr\/?p=13451"},"modified":"2025-02-07T15:49:57","modified_gmt":"2025-02-07T15:49:57","slug":"toerkens-indvirkning-paa-vores-hverdag-det-skal-du-vide","status":"publish","type":"post","link":"https:\/\/blog.maciterneecolo.fr\/da\/toerkens-indvirkning-paa-vores-hverdag-det-skal-du-vide\/","title":{"rendered":"T\u00f8rkens indvirkning p\u00e5 vores hverdag: Det skal du vide"},"content":{"rendered":"\n<p>T\u00f8rke er et naturf\u00e6nomen, som bliver mere og mere udbredt, is\u00e6r i Frankrig og mange andre lande. Med den globale opvarmning bliver t\u00f8rkeperioderne l\u00e6ngere og mere alvorlige, hvilket truer adgangen til drikkevand, landbruget og balancen i \u00f8kosystemerne. Den manglende nedb\u00f8r f\u00f8rer til farligt lave vandstande i floder og grundvandsmagasiner, hvilket \u00f8ger risikoen for mennesker og infrastruktur. Ud over de direkte effekter har t\u00f8rke ogs\u00e5 en indvirkning p\u00e5 oversv\u00f8mmelser: Efter en periode med ekstrem t\u00f8rke kan t\u00f8r jord ikke l\u00e6ngere absorbere vand ordentligt, hvilket \u00f8ger risikoen for pludselige oversv\u00f8mmelser.   <\/p>\n\n<p>Frankrig er ligesom mange andre lande med forskellige klimaer n\u00f8dt til at tr\u00e6ffe passende foranstaltninger for at begr\u00e6nse virkningerne af disse ekstreme t\u00f8rkeperioder. Det er vigtigt at forst\u00e5 \u00e5rsagerne til og konsekvenserne af disse episoder, hvis vi skal v\u00e6re bedre forberedt. Heldigvis findes der l\u00f8sninger til at forvalte denne dyrebare ressource, is\u00e6r gennem brug af regnvandsopsamlere og fleksible cisterner.  <\/p>\n\n<h2 class=\"wp-block-heading\"><mark style=\"background-color:rgba(0, 0, 0, 0)\" class=\"has-inline-color has-vivid-cyan-blue-color\">1. T\u00f8rke: et f\u00e6nomen med mange konsekvenser<\/mark><\/h2>\n\n<h3 class=\"wp-block-heading\">Betydeligt pres p\u00e5 vandressourcerne<\/h3>\n\n<p>Langvarige t\u00f8rkeperioder f\u00f8rer til et fald i de tilg\u00e6ngelige vandreserver, hvilket p\u00e5virker grundvand, floder og reservoirer. Som f\u00f8lge heraf er der flere og flere vandrestriktioner, som begr\u00e6nser brugen af vand i husholdninger og landbrug. Dette pres p\u00e5 ressourcerne har ogs\u00e5 indflydelse p\u00e5 drikkevandsforsyningen til byer og landsbyer, hvilket nogle gange tvinger myndighederne til at indf\u00f8re midlertidige afbrydelser. Nogle omr\u00e5der har m\u00e5ttet ty til n\u00f8dl\u00f8sninger som f.eks. at transportere vand med tankbiler eller bygge nye opbevarings- og behandlingsfaciliteter.   <\/p>\n\n<p>Gentagne t\u00f8rkeperioder \u00e6ndrer ogs\u00e5 balancen i vandl\u00f8bene og \u00f8ger sp\u00e6ndingerne mellem de sektorer, der er afh\u00e6ngige af vand, som f.eks. landbrug, industri og forbrug. Dette f\u00e6nomen kr\u00e6ver en hurtig tilpasning af vandforvaltningspolitikkerne i Frankrig og andre steder. <\/p>\n\n<h3 class=\"wp-block-heading\">En direkte indvirkning p\u00e5 landbruget<\/h3>\n\n<p>Landbruget er en af de sektorer, der er h\u00e5rdest ramt af t\u00f8rke. Mangel p\u00e5 vand reducerer afgr\u00f8deudbyttet og kan endda medf\u00f8re store tab for landm\u00e6ndene. Fugtfattige jorde bliver mindre frugtbare, hvilket g\u00f8r det vanskeligt at dyrke gr\u00f8ntsager, korn og frugt. Denne situation har ogs\u00e5 indflydelse p\u00e5 f\u00f8devarepriserne, som stiger p\u00e5 grund af manglen p\u00e5 produkter. Kv\u00e6gbruget er ogs\u00e5 p\u00e5virket: Manglen p\u00e5 gr\u00e6sgange og vand f\u00f8rer til et fald i m\u00e6lke- og k\u00f8dproduktionen, hvilket \u00f8ger omkostningerne for forbrugerne.    <\/p>\n\n<p>P\u00e5 lang sigt er udvikling af mere klimaresistente landbrugsteknikker og anvendelse af afgr\u00f8der, der kr\u00e6ver mindre vand, vigtige foranstaltninger for at garantere f\u00f8devaresikkerheden.<\/p>\n\n<h3 class=\"wp-block-heading\">\u00d8get risiko for brand<\/h3>\n\n<p>L\u00e6ngere perioder med t\u00f8rke \u00f8ger risikoen for skovbrande betydeligt. T\u00f8r vegetation bliver meget letant\u00e6ndelig, hvilket fremmer den hurtige spredning af brande. Hvert \u00e5r \u00f8del\u00e6gger \u00f8del\u00e6ggende brande tusindvis af hektar skov i mange dele af verden og bringer hjem og samfund i fare. Disse brande har ogs\u00e5 langsigtede konsekvenser for biodiversiteten og jordkvaliteten, som det tager \u00e5r at regenerere.   <\/p>\n\n<p>Den globale opvarmning forv\u00e6rrer disse risici ved at skabe vejrforhold, der er mere gunstige for skovbrande, med h\u00f8je temperaturer og st\u00e6rke vinde, der forv\u00e6rrer situationen.<\/p>\n\n<h2 class=\"wp-block-heading\"><mark style=\"background-color:rgba(0, 0, 0, 0)\" class=\"has-inline-color has-vivid-cyan-blue-color\">2. Hvordan t\u00f8rke p\u00e5virker vores daglige liv<\/mark><\/h2>\n\n<h3 class=\"wp-block-heading\">Vandrestriktioner og tilpasning af husholdningsbrug<\/h3>\n\n<p>N\u00e5r vandstanden falder, <a href=\"https:\/\/blog.maciterneecolo.fr\/da\/hvordan-kan-vi-undgaa-restriktioner-paa-drikkevand-i-2024\/\">indf\u00f8rer myndighederne restriktioner for at undg\u00e5 vandmangel<\/a>. Det kan omfatte forbud mod at vande haver, fylde swimmingpools eller vaske biler. For at tilpasse sig \u00e6ndrer mange familier deres forbrugsvaner, skifter til mere vandeffektivt udstyr og indf\u00f8rer enkle tiltag som f.eks. at genbruge spildevand til vanding.  <\/p>\n\n<p>Virksomheder og industrier p\u00e5virkes ogs\u00e5 af disse restriktioner og er ofte n\u00f8dt til at gennemg\u00e5 deres processer for at begr\u00e6nse deres vandforbrug. Nogle industrier investerer i vandgenbrugssystemer og reducerer dermed deres vandfodaftryk og deres afh\u00e6ngighed af drikkevandsressourcer. <\/p>\n\n<h3 class=\"wp-block-heading\">Stigende vand- og f\u00f8devarepriser<\/h3>\n\n<p>I takt med at vandet bliver mere og mere knap, stiger prisen p\u00e5 det, hvilket har en direkte indvirkning p\u00e5 husholdningerne. Desuden f\u00e5r den faldende landbrugsproduktion f\u00f8devarepriserne til at stige, hvilket belaster familiernes budgetter. T\u00f8rke er s\u00e5ledes ved at blive et stort \u00f8konomisk problem, som ikke kun p\u00e5virker den enkeltes hverdag, men ogs\u00e5 den nationale \u00f8konomi.  <\/p>\n\n<p>Derudover kan turisme og visse \u00f8konomiske aktiviteter, der er st\u00e6rkt afh\u00e6ngige af vand, s\u00e5som vandlande og golfbaner, lide under et fald i antallet af bes\u00f8gende, hvilket forv\u00e6rrer de lokale \u00f8konomiske tab.<\/p>\n\n<h2 class=\"wp-block-heading\"><mark style=\"background-color:rgba(0, 0, 0, 0)\" class=\"has-inline-color has-vivid-cyan-blue-color\">3. L\u00f8sninger til at afb\u00f8de konsekvenserne af t\u00f8rke<\/mark><\/h2>\n\n<h3 class=\"wp-block-heading\">Vigtigheden af regnvandsopsamlere<\/h3>\n\n<p>I perioder med t\u00f8rke er installation af <a href=\"https:\/\/www.maciterneecolo.fr\/fr\/3-citernes-souples\">regnvandsopsamlere<\/a> ved at blive en vigtig l\u00f8sning til at bevare ressourcerne. Disse systemer opsamler og opbevarer regnvand til husholdningsbrug, hvilket reducerer afh\u00e6ngigheden af offentlige netv\u00e6rk. Ved at opsamle vand, n\u00e5r det regner, giver de en v\u00e6rdifuld reserve til t\u00f8rkeperioder og begr\u00e6nser presset p\u00e5 grundvandet og drikkevandsreservoirerne.  <\/p>\n\n<p>Regnvandsopsamlingssystemer er s\u00e6rligt effektive til anvendelser, der ikke kr\u00e6ver drikkevand, som f.eks. vanding af haver, vask af k\u00f8ret\u00f8jer, toiletskyl eller vanding af landbrugsafgr\u00f8der. Ved at integrere disse systemer i hjem og infrastrukturer kan privatpersoner og lokale myndigheder reducere deres forbrug af drikkevand betydeligt, hvilket er vigtigt i t\u00f8rketider, hvor vandrestriktioner bliver mere og mere hyppige. <\/p>\n\n<p>Desuden er de relativt enkle og hurtige at installere, og investeringen er hurtigt tjent hjem takket v\u00e6re besparelserne p\u00e5 vandregningen. P\u00e5 by- og landsbyniveau kan udbredt brug af regnvandsopsamlere bidrage til en mere afbalanceret forvaltning af vandressourcerne og afb\u00f8de klimaforandringernes indvirkning p\u00e5 vandtilg\u00e6ngeligheden. <\/p>\n\n<p>I perioder med t\u00f8rke er installation af regnvandsopsamlere ved at blive en vigtig l\u00f8sning til at bevare ressourcerne. Disse systemer opsamler og opbevarer regnvand til husholdningsbrug, hvilket reducerer afh\u00e6ngigheden af offentlige netv\u00e6rk. <\/p>\n\n<h3 class=\"wp-block-heading\">Fleksible tanke: et praktisk og effektivt alternativ<\/h3>\n\n<p>Fleksible tanke er et ideelt alternativ til opbevaring af vand i t\u00f8rkeperioder. De er nemme at installere og kan tilpasses forskellige milj\u00f8er, og de kan opbevare store m\u00e6ngder vand og samtidig optimere den tilg\u00e6ngelige plads. I mods\u00e6tning til stive tanke kan de installeres uden st\u00f8rre arbejde og kan flyttes efter behov.  <\/p>\n\n<p>Deres fleksibilitet betyder, at de kan oplagres midlertidigt eller permanent til en r\u00e6kke forskellige form\u00e5l: havevanding, vanding af dyr, reng\u00f8ring af udend\u00f8rs overflader eller fyldning af sanit\u00e6re tanke. I landbrugssektoren giver de en vandreserve til kunstvanding, hvilket begr\u00e6nser virkningen af vandrestriktioner i t\u00f8rkeperioder. Desuden er prisen ofte lavere end for traditionelle l\u00f8sninger, hvilket g\u00f8r dem mere tilg\u00e6ngelige for privatpersoner og fagfolk.  <\/p>\n\n<p>Takket v\u00e6re fleksible cisterner kan husholdninger reducere deres afh\u00e6ngighed af offentlige vandnet og blive selvforsynende med vand. Med den globale opvarmning og ekstreme t\u00f8rkeperioder i stigning bliver dette udstyr en vigtig l\u00f8sning til bedre forvaltning af vandressourcer og til at forudse perioder med vandmangel. <\/p>\n\n<p>Fleksible tanke er et ideelt alternativ til opbevaring af vand i t\u00f8rkeperioder. De er nemme at installere og kan tilpasses forskellige milj\u00f8er, og de kan opbevare store m\u00e6ngder vand og samtidig optimere den tilg\u00e6ngelige plads. <\/p>\n\n<h3 class=\"wp-block-heading\">Optimering af vandforbrug<\/h3>\n\n<p>Ud over at installere vandgenvindingssystemer er det vigtigt at udvise ansvarlig adf\u00e6rd for at begr\u00e6nse spild. <a href=\"https:\/\/blog.maciterneecolo.fr\/da\/hvordan-kan-du-reducere-vandforbruget-i-dit-hjem-for-at-spare-penge\/\">Optimeret styring af vandforbruget<\/a> indeb\u00e6rer installation af effektivt udstyr som f.eks. vandhaner med lavt genneml\u00f8b, energibesparende brusehoveder og systemer med dobbeltskyl. Disse anordninger kan reducere drikkevandsforbruget betydeligt uden at p\u00e5virke den daglige komfort. <\/p>\n\n<p>I omr\u00e5der med tilbagevendende t\u00f8rke kan brugen af fleksible tanke spille en vigtig rolle. Ved at opbevare regnvand til senere brug er disse fleksible tanke et effektivt alternativ til de begr\u00e6nsninger, som offentlige netv\u00e6rk p\u00e5l\u00e6gger. De kan bruges til at levere vand til havevanding, gulvvask og endda visse industrielle aktiviteter, der kr\u00e6ver kontrolleret forbrug.  <\/p>\n\n<p>Det er ogs\u00e5 vigtigt at \u00f8ge offentlighedens bevidsthed om behovet for en bedre forvaltning af denne ressource. Mange lokale myndigheder iv\u00e6rks\u00e6tter kommunikationskampagner om enkle ting, man kan g\u00f8re i hverdagen, som f.eks. at undg\u00e5 at lade vandet l\u00f8be un\u00f8digt, v\u00e6lge korte vaskecyklusser eller genbruge kogevandet til vanding. Selv om disse foranstaltninger er basale, hj\u00e6lper de med at reducere presset p\u00e5 vandressourcerne og minimere virkningerne af t\u00f8rkeperioder p\u00e5 hverdagslivet.  <\/p>\n\n<p>Ud over at installere vandgenvindingssystemer er det vigtigt at udvise ansvarlig adf\u00e6rd for at begr\u00e6nse spild.<\/p>\n\n<h2 class=\"wp-block-heading\"><mark style=\"background-color:rgba(0, 0, 0, 0)\" class=\"has-inline-color has-vivid-cyan-blue-color\">Konklusion<\/mark><\/h2>\n\n<p>T\u00f8rke er en voksende udfordring for Frankrig og mange andre lande og p\u00e5virker vandl\u00f8b, mennesker og landbrug. Stigningen i ekstreme t\u00f8rkeperioder kr\u00e6ver hurtig tilpasning og effektive foranstaltninger for at beskytte denne livsvigtige ressource. Ved at indf\u00f8re b\u00e6redygtige strategier, som f.eks. at installere regnvandsopsamlere og fleksible cisterner, kan vi bedre forvalte vores vandressourcer og reducere risikoen for vandmangel. Det er bydende n\u00f8dvendigt, at regeringer, industrier og borgere arbejder sammen om en mere respektfuld og effektiv tilgang til vand for at sikre en mere modstandsdygtig fremtid i forhold til fremtidige klimaudfordringer.   <\/p>\n","protected":false},"excerpt":{"rendered":"<p>T\u00f8rke er et naturf\u00e6nomen, som bliver mere og mere udbredt, is\u00e6r i Frankrig og mange andre lande. Med den globale opvarmning bliver t\u00f8rkeperioderne l\u00e6ngere og mere alvorlige, hvilket truer adgangen til drikkevand, landbruget og balancen i \u00f8kosystemerne. Den manglende nedb\u00f8r f\u00f8rer til farligt lave vandstande i floder og grundvandsmagasiner, hvilket \u00f8ger risikoen for mennesker og [&hellip;]<\/p>\n","protected":false},"author":4,"featured_media":13417,"comment_status":"open","ping_status":"closed","sticky":false,"template":"","format":"standard","meta":{"inline_featured_image":false,"footnotes":""},"categories":[108,1777],"tags":[1483,279,61,1368],"class_list":["post-13451","post","type-post","status-publish","format-standard","has-post-thumbnail","hentry","category-alt-om-regnvand","category-uklassificeret","tag-drikkevand","tag-opsamling-af-regnvand","tag-regnvand","tag-torke"],"yoast_head":"<!-- This site is optimized with the Yoast SEO plugin v27.5 - https:\/\/yoast.com\/product\/yoast-seo-wordpress\/ -->\n<title>T\u00f8rkens indvirkning p\u00e5 vores hverdag: Det skal du vide - Blog Ma Citerne Ecolo<\/title>\n<meta name=\"description\" content=\"T\u00f8rken p\u00e5virker vores hverdag, men der er m\u00e5der at spare p\u00e5 vandet p\u00e5 - find ud af mere i denne artikel.\" \/>\n<meta name=\"robots\" content=\"index, follow, max-snippet:-1, max-image-preview:large, max-video-preview:-1\" \/>\n<link rel=\"canonical\" href=\"https:\/\/blog.maciterneecolo.fr\/da\/toerkens-indvirkning-paa-vores-hverdag-det-skal-du-vide\/\" \/>\n<meta property=\"og:locale\" content=\"da_DK\" \/>\n<meta property=\"og:type\" content=\"article\" \/>\n<meta property=\"og:title\" content=\"T\u00f8rkens indvirkning p\u00e5 vores hverdag: Det skal du vide - Blog Ma Citerne Ecolo\" \/>\n<meta property=\"og:description\" content=\"T\u00f8rken p\u00e5virker vores hverdag, men der er m\u00e5der at spare p\u00e5 vandet p\u00e5 - find ud af mere i denne artikel.\" \/>\n<meta property=\"og:url\" content=\"https:\/\/blog.maciterneecolo.fr\/da\/toerkens-indvirkning-paa-vores-hverdag-det-skal-du-vide\/\" \/>\n<meta property=\"og:site_name\" content=\"Blog Ma Citerne Ecolo\" \/>\n<meta property=\"article:published_time\" content=\"2025-02-26T15:00:00+00:00\" \/>\n<meta property=\"og:image\" content=\"https:\/\/blog.maciterneecolo.fr\/wp-content\/uploads\/2025\/02\/secheresse-scaled.jpg\" \/>\n\t<meta property=\"og:image:width\" content=\"2560\" \/>\n\t<meta property=\"og:image:height\" content=\"1920\" \/>\n\t<meta property=\"og:image:type\" content=\"image\/jpeg\" \/>\n<meta name=\"author\" content=\"B\u00e9n\u00e9dicte Rebolloso\" \/>\n<meta name=\"twitter:card\" content=\"summary_large_image\" \/>\n<meta name=\"twitter:label1\" content=\"Skrevet af\" \/>\n\t<meta name=\"twitter:data1\" content=\"B\u00e9n\u00e9dicte Rebolloso\" \/>\n\t<meta name=\"twitter:label2\" content=\"Estimeret l\u00e6setid\" \/>\n\t<meta name=\"twitter:data2\" content=\"7 minutter\" \/>\n<script type=\"application\/ld+json\" class=\"yoast-schema-graph\">{\"@context\":\"https:\\\/\\\/schema.org\",\"@graph\":[{\"@type\":\"Article\",\"@id\":\"https:\\\/\\\/blog.maciterneecolo.fr\\\/da\\\/toerkens-indvirkning-paa-vores-hverdag-det-skal-du-vide\\\/#article\",\"isPartOf\":{\"@id\":\"https:\\\/\\\/blog.maciterneecolo.fr\\\/da\\\/toerkens-indvirkning-paa-vores-hverdag-det-skal-du-vide\\\/\"},\"author\":{\"name\":\"B\u00e9n\u00e9dicte Rebolloso\",\"@id\":\"https:\\\/\\\/blog.maciterneecolo.fr\\\/da\\\/#\\\/schema\\\/person\\\/fe50d00b4e639107698e1ddead236943\"},\"headline\":\"T\u00f8rkens indvirkning p\u00e5 vores hverdag: Det skal du vide\",\"datePublished\":\"2025-02-26T15:00:00+00:00\",\"mainEntityOfPage\":{\"@id\":\"https:\\\/\\\/blog.maciterneecolo.fr\\\/da\\\/toerkens-indvirkning-paa-vores-hverdag-det-skal-du-vide\\\/\"},\"wordCount\":1502,\"commentCount\":0,\"publisher\":{\"@id\":\"https:\\\/\\\/blog.maciterneecolo.fr\\\/da\\\/#organization\"},\"image\":{\"@id\":\"https:\\\/\\\/blog.maciterneecolo.fr\\\/da\\\/toerkens-indvirkning-paa-vores-hverdag-det-skal-du-vide\\\/#primaryimage\"},\"thumbnailUrl\":\"https:\\\/\\\/blog.maciterneecolo.fr\\\/wp-content\\\/uploads\\\/2025\\\/02\\\/secheresse-scaled.jpg\",\"keywords\":[\"drikkevand\",\"opsamling af regnvand\",\"regnvand\",\"t\u00f8rke\"],\"articleSection\":[\"Alt om regnvand\",\"Uklassificeret\"],\"inLanguage\":\"da-DK\",\"potentialAction\":[{\"@type\":\"CommentAction\",\"name\":\"Comment\",\"target\":[\"https:\\\/\\\/blog.maciterneecolo.fr\\\/da\\\/toerkens-indvirkning-paa-vores-hverdag-det-skal-du-vide\\\/#respond\"]}]},{\"@type\":\"WebPage\",\"@id\":\"https:\\\/\\\/blog.maciterneecolo.fr\\\/da\\\/toerkens-indvirkning-paa-vores-hverdag-det-skal-du-vide\\\/\",\"url\":\"https:\\\/\\\/blog.maciterneecolo.fr\\\/da\\\/toerkens-indvirkning-paa-vores-hverdag-det-skal-du-vide\\\/\",\"name\":\"T\u00f8rkens indvirkning p\u00e5 vores hverdag: Det skal du vide - Blog Ma Citerne Ecolo\",\"isPartOf\":{\"@id\":\"https:\\\/\\\/blog.maciterneecolo.fr\\\/da\\\/#website\"},\"primaryImageOfPage\":{\"@id\":\"https:\\\/\\\/blog.maciterneecolo.fr\\\/da\\\/toerkens-indvirkning-paa-vores-hverdag-det-skal-du-vide\\\/#primaryimage\"},\"image\":{\"@id\":\"https:\\\/\\\/blog.maciterneecolo.fr\\\/da\\\/toerkens-indvirkning-paa-vores-hverdag-det-skal-du-vide\\\/#primaryimage\"},\"thumbnailUrl\":\"https:\\\/\\\/blog.maciterneecolo.fr\\\/wp-content\\\/uploads\\\/2025\\\/02\\\/secheresse-scaled.jpg\",\"datePublished\":\"2025-02-26T15:00:00+00:00\",\"description\":\"T\u00f8rken p\u00e5virker vores hverdag, men der er m\u00e5der at spare p\u00e5 vandet p\u00e5 - find ud af mere i denne artikel.\",\"breadcrumb\":{\"@id\":\"https:\\\/\\\/blog.maciterneecolo.fr\\\/da\\\/toerkens-indvirkning-paa-vores-hverdag-det-skal-du-vide\\\/#breadcrumb\"},\"inLanguage\":\"da-DK\",\"potentialAction\":[{\"@type\":\"ReadAction\",\"target\":[\"https:\\\/\\\/blog.maciterneecolo.fr\\\/da\\\/toerkens-indvirkning-paa-vores-hverdag-det-skal-du-vide\\\/\"]}]},{\"@type\":\"ImageObject\",\"inLanguage\":\"da-DK\",\"@id\":\"https:\\\/\\\/blog.maciterneecolo.fr\\\/da\\\/toerkens-indvirkning-paa-vores-hverdag-det-skal-du-vide\\\/#primaryimage\",\"url\":\"https:\\\/\\\/blog.maciterneecolo.fr\\\/wp-content\\\/uploads\\\/2025\\\/02\\\/secheresse-scaled.jpg\",\"contentUrl\":\"https:\\\/\\\/blog.maciterneecolo.fr\\\/wp-content\\\/uploads\\\/2025\\\/02\\\/secheresse-scaled.jpg\",\"width\":2560,\"height\":1920},{\"@type\":\"BreadcrumbList\",\"@id\":\"https:\\\/\\\/blog.maciterneecolo.fr\\\/da\\\/toerkens-indvirkning-paa-vores-hverdag-det-skal-du-vide\\\/#breadcrumb\",\"itemListElement\":[{\"@type\":\"ListItem\",\"position\":1,\"name\":\"Accueil\",\"item\":\"https:\\\/\\\/blog.maciterneecolo.fr\\\/da\\\/\"},{\"@type\":\"ListItem\",\"position\":2,\"name\":\"T\u00f8rkens indvirkning p\u00e5 vores hverdag: Det skal du vide\"}]},{\"@type\":\"WebSite\",\"@id\":\"https:\\\/\\\/blog.maciterneecolo.fr\\\/da\\\/#website\",\"url\":\"https:\\\/\\\/blog.maciterneecolo.fr\\\/da\\\/\",\"name\":\"Blog Ma Citerne Ecolo\",\"description\":\"Leader dans le domaine de la citerne souple d&#039;eau de pluie\",\"publisher\":{\"@id\":\"https:\\\/\\\/blog.maciterneecolo.fr\\\/da\\\/#organization\"},\"potentialAction\":[{\"@type\":\"SearchAction\",\"target\":{\"@type\":\"EntryPoint\",\"urlTemplate\":\"https:\\\/\\\/blog.maciterneecolo.fr\\\/da\\\/?s={search_term_string}\"},\"query-input\":{\"@type\":\"PropertyValueSpecification\",\"valueRequired\":true,\"valueName\":\"search_term_string\"}}],\"inLanguage\":\"da-DK\"},{\"@type\":\"Organization\",\"@id\":\"https:\\\/\\\/blog.maciterneecolo.fr\\\/da\\\/#organization\",\"name\":\"Blog Ma Citerne Ecolo\",\"url\":\"https:\\\/\\\/blog.maciterneecolo.fr\\\/da\\\/\",\"logo\":{\"@type\":\"ImageObject\",\"inLanguage\":\"da-DK\",\"@id\":\"https:\\\/\\\/blog.maciterneecolo.fr\\\/da\\\/#\\\/schema\\\/logo\\\/image\\\/\",\"url\":\"https:\\\/\\\/blog.maciterneecolo.fr\\\/wp-content\\\/uploads\\\/2022\\\/12\\\/cropped-favicon-blog.png\",\"contentUrl\":\"https:\\\/\\\/blog.maciterneecolo.fr\\\/wp-content\\\/uploads\\\/2022\\\/12\\\/cropped-favicon-blog.png\",\"width\":512,\"height\":512,\"caption\":\"Blog Ma Citerne Ecolo\"},\"image\":{\"@id\":\"https:\\\/\\\/blog.maciterneecolo.fr\\\/da\\\/#\\\/schema\\\/logo\\\/image\\\/\"}},{\"@type\":\"Person\",\"@id\":\"https:\\\/\\\/blog.maciterneecolo.fr\\\/da\\\/#\\\/schema\\\/person\\\/fe50d00b4e639107698e1ddead236943\",\"name\":\"B\u00e9n\u00e9dicte Rebolloso\",\"image\":{\"@type\":\"ImageObject\",\"inLanguage\":\"da-DK\",\"@id\":\"https:\\\/\\\/secure.gravatar.com\\\/avatar\\\/ffa759db2a4d8ebb52a58b89d3dc2a9f0395a5122bb839045a145d6585de1126?s=96&d=mm&r=g\",\"url\":\"https:\\\/\\\/secure.gravatar.com\\\/avatar\\\/ffa759db2a4d8ebb52a58b89d3dc2a9f0395a5122bb839045a145d6585de1126?s=96&d=mm&r=g\",\"contentUrl\":\"https:\\\/\\\/secure.gravatar.com\\\/avatar\\\/ffa759db2a4d8ebb52a58b89d3dc2a9f0395a5122bb839045a145d6585de1126?s=96&d=mm&r=g\",\"caption\":\"B\u00e9n\u00e9dicte Rebolloso\"},\"url\":\"https:\\\/\\\/blog.maciterneecolo.fr\\\/da\\\/author\\\/benedicterebolloso\\\/\"}]}<\/script>\n<!-- \/ Yoast SEO plugin. -->","yoast_head_json":{"title":"T\u00f8rkens indvirkning p\u00e5 vores hverdag: Det skal du vide - Blog Ma Citerne Ecolo","description":"T\u00f8rken p\u00e5virker vores hverdag, men der er m\u00e5der at spare p\u00e5 vandet p\u00e5 - find ud af mere i denne artikel.","robots":{"index":"index","follow":"follow","max-snippet":"max-snippet:-1","max-image-preview":"max-image-preview:large","max-video-preview":"max-video-preview:-1"},"canonical":"https:\/\/blog.maciterneecolo.fr\/da\/toerkens-indvirkning-paa-vores-hverdag-det-skal-du-vide\/","og_locale":"da_DK","og_type":"article","og_title":"T\u00f8rkens indvirkning p\u00e5 vores hverdag: Det skal du vide - Blog Ma Citerne Ecolo","og_description":"T\u00f8rken p\u00e5virker vores hverdag, men der er m\u00e5der at spare p\u00e5 vandet p\u00e5 - find ud af mere i denne artikel.","og_url":"https:\/\/blog.maciterneecolo.fr\/da\/toerkens-indvirkning-paa-vores-hverdag-det-skal-du-vide\/","og_site_name":"Blog Ma Citerne Ecolo","article_published_time":"2025-02-26T15:00:00+00:00","og_image":[{"width":2560,"height":1920,"url":"https:\/\/blog.maciterneecolo.fr\/wp-content\/uploads\/2025\/02\/secheresse-scaled.jpg","type":"image\/jpeg"}],"author":"B\u00e9n\u00e9dicte Rebolloso","twitter_card":"summary_large_image","twitter_misc":{"Skrevet af":"B\u00e9n\u00e9dicte Rebolloso","Estimeret l\u00e6setid":"7 minutter"},"schema":{"@context":"https:\/\/schema.org","@graph":[{"@type":"Article","@id":"https:\/\/blog.maciterneecolo.fr\/da\/toerkens-indvirkning-paa-vores-hverdag-det-skal-du-vide\/#article","isPartOf":{"@id":"https:\/\/blog.maciterneecolo.fr\/da\/toerkens-indvirkning-paa-vores-hverdag-det-skal-du-vide\/"},"author":{"name":"B\u00e9n\u00e9dicte Rebolloso","@id":"https:\/\/blog.maciterneecolo.fr\/da\/#\/schema\/person\/fe50d00b4e639107698e1ddead236943"},"headline":"T\u00f8rkens indvirkning p\u00e5 vores hverdag: Det skal du vide","datePublished":"2025-02-26T15:00:00+00:00","mainEntityOfPage":{"@id":"https:\/\/blog.maciterneecolo.fr\/da\/toerkens-indvirkning-paa-vores-hverdag-det-skal-du-vide\/"},"wordCount":1502,"commentCount":0,"publisher":{"@id":"https:\/\/blog.maciterneecolo.fr\/da\/#organization"},"image":{"@id":"https:\/\/blog.maciterneecolo.fr\/da\/toerkens-indvirkning-paa-vores-hverdag-det-skal-du-vide\/#primaryimage"},"thumbnailUrl":"https:\/\/blog.maciterneecolo.fr\/wp-content\/uploads\/2025\/02\/secheresse-scaled.jpg","keywords":["drikkevand","opsamling af regnvand","regnvand","t\u00f8rke"],"articleSection":["Alt om regnvand","Uklassificeret"],"inLanguage":"da-DK","potentialAction":[{"@type":"CommentAction","name":"Comment","target":["https:\/\/blog.maciterneecolo.fr\/da\/toerkens-indvirkning-paa-vores-hverdag-det-skal-du-vide\/#respond"]}]},{"@type":"WebPage","@id":"https:\/\/blog.maciterneecolo.fr\/da\/toerkens-indvirkning-paa-vores-hverdag-det-skal-du-vide\/","url":"https:\/\/blog.maciterneecolo.fr\/da\/toerkens-indvirkning-paa-vores-hverdag-det-skal-du-vide\/","name":"T\u00f8rkens indvirkning p\u00e5 vores hverdag: Det skal du vide - Blog Ma Citerne Ecolo","isPartOf":{"@id":"https:\/\/blog.maciterneecolo.fr\/da\/#website"},"primaryImageOfPage":{"@id":"https:\/\/blog.maciterneecolo.fr\/da\/toerkens-indvirkning-paa-vores-hverdag-det-skal-du-vide\/#primaryimage"},"image":{"@id":"https:\/\/blog.maciterneecolo.fr\/da\/toerkens-indvirkning-paa-vores-hverdag-det-skal-du-vide\/#primaryimage"},"thumbnailUrl":"https:\/\/blog.maciterneecolo.fr\/wp-content\/uploads\/2025\/02\/secheresse-scaled.jpg","datePublished":"2025-02-26T15:00:00+00:00","description":"T\u00f8rken p\u00e5virker vores hverdag, men der er m\u00e5der at spare p\u00e5 vandet p\u00e5 - find ud af mere i denne artikel.","breadcrumb":{"@id":"https:\/\/blog.maciterneecolo.fr\/da\/toerkens-indvirkning-paa-vores-hverdag-det-skal-du-vide\/#breadcrumb"},"inLanguage":"da-DK","potentialAction":[{"@type":"ReadAction","target":["https:\/\/blog.maciterneecolo.fr\/da\/toerkens-indvirkning-paa-vores-hverdag-det-skal-du-vide\/"]}]},{"@type":"ImageObject","inLanguage":"da-DK","@id":"https:\/\/blog.maciterneecolo.fr\/da\/toerkens-indvirkning-paa-vores-hverdag-det-skal-du-vide\/#primaryimage","url":"https:\/\/blog.maciterneecolo.fr\/wp-content\/uploads\/2025\/02\/secheresse-scaled.jpg","contentUrl":"https:\/\/blog.maciterneecolo.fr\/wp-content\/uploads\/2025\/02\/secheresse-scaled.jpg","width":2560,"height":1920},{"@type":"BreadcrumbList","@id":"https:\/\/blog.maciterneecolo.fr\/da\/toerkens-indvirkning-paa-vores-hverdag-det-skal-du-vide\/#breadcrumb","itemListElement":[{"@type":"ListItem","position":1,"name":"Accueil","item":"https:\/\/blog.maciterneecolo.fr\/da\/"},{"@type":"ListItem","position":2,"name":"T\u00f8rkens indvirkning p\u00e5 vores hverdag: Det skal du vide"}]},{"@type":"WebSite","@id":"https:\/\/blog.maciterneecolo.fr\/da\/#website","url":"https:\/\/blog.maciterneecolo.fr\/da\/","name":"Blog Ma Citerne Ecolo","description":"Leader dans le domaine de la citerne souple d&#039;eau de pluie","publisher":{"@id":"https:\/\/blog.maciterneecolo.fr\/da\/#organization"},"potentialAction":[{"@type":"SearchAction","target":{"@type":"EntryPoint","urlTemplate":"https:\/\/blog.maciterneecolo.fr\/da\/?s={search_term_string}"},"query-input":{"@type":"PropertyValueSpecification","valueRequired":true,"valueName":"search_term_string"}}],"inLanguage":"da-DK"},{"@type":"Organization","@id":"https:\/\/blog.maciterneecolo.fr\/da\/#organization","name":"Blog Ma Citerne Ecolo","url":"https:\/\/blog.maciterneecolo.fr\/da\/","logo":{"@type":"ImageObject","inLanguage":"da-DK","@id":"https:\/\/blog.maciterneecolo.fr\/da\/#\/schema\/logo\/image\/","url":"https:\/\/blog.maciterneecolo.fr\/wp-content\/uploads\/2022\/12\/cropped-favicon-blog.png","contentUrl":"https:\/\/blog.maciterneecolo.fr\/wp-content\/uploads\/2022\/12\/cropped-favicon-blog.png","width":512,"height":512,"caption":"Blog Ma Citerne Ecolo"},"image":{"@id":"https:\/\/blog.maciterneecolo.fr\/da\/#\/schema\/logo\/image\/"}},{"@type":"Person","@id":"https:\/\/blog.maciterneecolo.fr\/da\/#\/schema\/person\/fe50d00b4e639107698e1ddead236943","name":"B\u00e9n\u00e9dicte Rebolloso","image":{"@type":"ImageObject","inLanguage":"da-DK","@id":"https:\/\/secure.gravatar.com\/avatar\/ffa759db2a4d8ebb52a58b89d3dc2a9f0395a5122bb839045a145d6585de1126?s=96&d=mm&r=g","url":"https:\/\/secure.gravatar.com\/avatar\/ffa759db2a4d8ebb52a58b89d3dc2a9f0395a5122bb839045a145d6585de1126?s=96&d=mm&r=g","contentUrl":"https:\/\/secure.gravatar.com\/avatar\/ffa759db2a4d8ebb52a58b89d3dc2a9f0395a5122bb839045a145d6585de1126?s=96&d=mm&r=g","caption":"B\u00e9n\u00e9dicte Rebolloso"},"url":"https:\/\/blog.maciterneecolo.fr\/da\/author\/benedicterebolloso\/"}]}},"_links":{"self":[{"href":"https:\/\/blog.maciterneecolo.fr\/da\/wp-json\/wp\/v2\/posts\/13451","targetHints":{"allow":["GET"]}}],"collection":[{"href":"https:\/\/blog.maciterneecolo.fr\/da\/wp-json\/wp\/v2\/posts"}],"about":[{"href":"https:\/\/blog.maciterneecolo.fr\/da\/wp-json\/wp\/v2\/types\/post"}],"author":[{"embeddable":true,"href":"https:\/\/blog.maciterneecolo.fr\/da\/wp-json\/wp\/v2\/users\/4"}],"replies":[{"embeddable":true,"href":"https:\/\/blog.maciterneecolo.fr\/da\/wp-json\/wp\/v2\/comments?post=13451"}],"version-history":[{"count":1,"href":"https:\/\/blog.maciterneecolo.fr\/da\/wp-json\/wp\/v2\/posts\/13451\/revisions"}],"predecessor-version":[{"id":13452,"href":"https:\/\/blog.maciterneecolo.fr\/da\/wp-json\/wp\/v2\/posts\/13451\/revisions\/13452"}],"wp:featuredmedia":[{"embeddable":true,"href":"https:\/\/blog.maciterneecolo.fr\/da\/wp-json\/wp\/v2\/media\/13417"}],"wp:attachment":[{"href":"https:\/\/blog.maciterneecolo.fr\/da\/wp-json\/wp\/v2\/media?parent=13451"}],"wp:term":[{"taxonomy":"category","embeddable":true,"href":"https:\/\/blog.maciterneecolo.fr\/da\/wp-json\/wp\/v2\/categories?post=13451"},{"taxonomy":"post_tag","embeddable":true,"href":"https:\/\/blog.maciterneecolo.fr\/da\/wp-json\/wp\/v2\/tags?post=13451"}],"curies":[{"name":"wp","href":"https:\/\/api.w.org\/{rel}","templated":true}]}}