{"id":14068,"date":"2025-07-22T12:00:00","date_gmt":"2025-07-22T12:00:00","guid":{"rendered":"https:\/\/blog.maciterneecolo.fr\/?p=14068"},"modified":"2025-04-07T13:15:40","modified_gmt":"2025-04-07T13:15:40","slug":"kan-vi-stadig-undgaa-en-udbredt-vandmangel-i-frankrig","status":"publish","type":"post","link":"https:\/\/blog.maciterneecolo.fr\/da\/kan-vi-stadig-undgaa-en-udbredt-vandmangel-i-frankrig\/","title":{"rendered":"Kan vi stadig undg\u00e5 en udbredt vandmangel i Frankrig?"},"content":{"rendered":"\n<p>Frankrig st\u00e5r over for en ny virkelighed: Vand, en livsvigtig ressource, som engang var rigelig og drikkelig, er nu under pres. Hvad er \u00e5rsagen? Klimaforandringer, overdrevent forbrug, til tider d\u00e5rlig forvaltning og de voksende risici, der er forbundet med udbredt knaphed.  <\/p>\n\n<p>Mange lande lider allerede under de dramatiske konsekvenser af den stigende knaphed p\u00e5 ferskvand. Verden er p\u00e5 vej ind i en \u00e6ra, hvor hver eneste dr\u00e5be t\u00e6ller. Og Frankrig med sin rigdom af floder, s\u00f8er og grundvand er ikke l\u00e6ngere forsk\u00e5net.  <\/p>\n\n<p>Kan vi stadig undg\u00e5 en katastrofe? Ja, hvis vi g\u00f8r en \u00f8jeblikkelig indsats for at bevare vores milj\u00f8, tilpasse vores brug, modernisere vores infrastruktur og g\u00f8re vand til en national prioritet. <\/p>\n\n<h2 class=\"wp-block-heading\"><mark style=\"background-color:rgba(0, 0, 0, 0)\" class=\"has-inline-color has-vivid-cyan-blue-color\">Hvorfor der er en reel risiko for vandmangel i Frankrig<\/mark><\/h2>\n\n<h3 class=\"wp-block-heading\"><mark style=\"background-color:rgba(0, 0, 0, 0);color:#2456ee\" class=\"has-inline-color\">En vandcyklus forstyrret af klimaforandringer<\/mark><\/h3>\n\n<p>Vandets kredsl\u00f8b er ved at komme ud af kontrol. Den globale opvarmning f\u00f8rer til l\u00e6ngere t\u00f8rkeperioder, mindre hyppige regnskyl og hurtigere fordampning. Resultatet er, at grundvandsmagasinerne ikke l\u00e6ngere genoplades tilstr\u00e6kkeligt.  <\/p>\n\n<p>I Frankrig er vandstanden ved at n\u00e5 alarmerende h\u00f8jder i flere regioner, is\u00e6r i den syd\u00f8stlige og sydvestlige del af landet og i en del af den vestlige del. I 2023 er mere end 90 departementer blevet underlagt restriktioner for vandforbrug. <\/p>\n\n<p>S\u00f8erne er p\u00e5 deres laveste, floderne er skr\u00f8belige, og b\u00e5de land- og byomr\u00e5der er bekymrede for deres fremtid. Denne situation kan forklares med en kombination af flere t\u00f8rkeperioder og intensiv brug, men ogs\u00e5 med en forvaltning, der stadig er for fragmenteret. <\/p>\n\n<h3 class=\"wp-block-heading\"><mark style=\"background-color:rgba(0, 0, 0, 0);color:#2456ee\" class=\"has-inline-color\">Et forbrug, der er for h\u00f8jt og d\u00e5rligt fordelt<\/mark><\/h3>\n\n<p>Landbruget er ansvarlig for n\u00e6sten 45 % af vandforbruget i Frankrig, is\u00e6r til vanding af vandkr\u00e6vende afgr\u00f8der som majs. Og disse afgr\u00f8der dyrkes nogle gange i omr\u00e5der, der allerede er under pres. <\/p>\n\n<p>Samtidig vokser Frankrigs befolkning, hvilket \u00f8ger eftersp\u00f8rgslen efter drikkevand og forsegler jorden og forhindrer naturlig nedsivning i grundvandet. Samtidig<a href=\"https:\/\/blog.maciterneecolo.fr\/da\/opsamling-af-regnvand-en-loesning-paa-vandlaekage-i-byerne\/\"> mister vandnettene op til 1 milliard kubikmeter om \u00e5ret p\u00e5 grund af l\u00e6kager<\/a>: et reelt spild, der forv\u00e6rrer manglen. <\/p>\n\n<p>I mange husholdninger bruges vand i fl\u00e6ng: opvask under vandhanen, vanding midt p\u00e5 dagen, lange brusebade, mangelfuld genanvendelse af spildevand. Disse anvendelser bidrager til at \u00f8ge presset p\u00e5 ressourcen. <\/p>\n\n<h2 class=\"wp-block-heading\"><mark style=\"background-color:rgba(0, 0, 0, 0)\" class=\"has-inline-color has-vivid-cyan-blue-color\">Praktiske l\u00f8sninger til at undg\u00e5 vandmangel<\/mark><\/h2>\n\n<h3 class=\"wp-block-heading\"><mark style=\"background-color:rgba(0, 0, 0, 0);color:#2456ee\" class=\"has-inline-color\">Mindre spild og modernisering af netv\u00e6rk<\/mark><\/h3>\n\n<p>At reducere l\u00e6kager er en af de f\u00f8rste m\u00e5der at handle p\u00e5. I Frankrig udg\u00f8r dette ca. 20 % af det samlede forbrug, eller hvad der svarer til milliarder af liter drikkevand, der g\u00e5r tabt hvert \u00e5r. Renovering af infrastrukturen vil give \u00f8jeblikkelige besparelser.  <\/p>\n\n<p>Det er ogs\u00e5 vigtigt at :<\/p>\n\n<ul class=\"wp-block-list\">\n<li>udvikling af genbrug af spildevand,<\/li>\n\n\n\n<li>modernisering af udstyr i offentlige og private bygninger,<\/li>\n\n\n\n<li>indf\u00f8re incitamenter for privatpersoner: energibesparende toiletskyl, beluftere, genvindingstanke osv.<\/li>\n<\/ul>\n\n<p>P\u00e5 lokalt plan indf\u00f8rer nogle regioner \u00f8kologiske l\u00f8sninger som f.eks. forsinkelsesbassiner eller kunstige s\u00f8er til at opbevare ferskvand i regnfulde perioder.<\/p>\n\n<p>&#x1f449; Pour aller plus loin, d\u00e9couvrez sur <a class=\"\" href=\"https:\/\/www.maciterneecolo.fr\">maciterneecolo.fr<\/a> des syst\u00e8mes de r\u00e9cup\u00e9ration d\u2019eau de pluie efficaces et faciles \u00e0 installer dans votre jardin, votre exploitation ou vos locaux.<\/p>\n\n<h3 class=\"wp-block-heading\"><mark style=\"background-color:rgba(0, 0, 0, 0);color:#2456ee\" class=\"has-inline-color\">Adopter une consommation plus \u00e9cologique et responsable<\/mark><\/h3>\n\n<p>Chaque citoyen peut agir. R\u00e9duire sa consommation d\u2019eau, c\u2019est aussi limiter les risques de p\u00e9nurie. Voici quelques gestes simples et efficaces :<\/p>\n\n<ul class=\"wp-block-list\">\n<li>utiliser l\u2019eau de pluie pour le jardin,<\/li>\n\n\n\n<li>privil\u00e9gier les douches courtes,<\/li>\n\n\n\n<li>\u00e9viter le lavage des voitures avec de l\u2019eau potable,<\/li>\n\n\n\n<li>r\u00e9utiliser l\u2019eau douce de cuisson ou de rin\u00e7age pour arroser les plantes.<\/li>\n<\/ul>\n\n<p>Les collectivit\u00e9s peuvent, elles aussi, agir :<\/p>\n\n<ul class=\"wp-block-list\">\n<li>restreindre l\u2019arrosage public,<\/li>\n\n\n\n<li>v\u00e9g\u00e9taliser les villes avec des esp\u00e8ces r\u00e9sistantes \u00e0 la s\u00e9cheresse,<\/li>\n\n\n\n<li>adapter les horaires d\u2019arrosage pour \u00e9viter l\u2019\u00e9vaporation.<\/li>\n<\/ul>\n\n<p>La gestion de l\u2019eau doit devenir un enjeu \u00e9ducatif, enseign\u00e9 d\u00e8s l\u2019\u00e9cole, int\u00e9gr\u00e9 dans les programmes de sensibilisation, et accompagn\u00e9 de campagnes nationales pour informer sur les risques et les bons usages.<\/p>\n\n<h2 class=\"wp-block-heading\"><mark style=\"background-color:rgba(0, 0, 0, 0)\" class=\"has-inline-color has-vivid-cyan-blue-color\">La France peut-elle devenir un mod\u00e8le de r\u00e9silience hydrique ?<\/mark><\/h2>\n\n<h3 class=\"wp-block-heading\"><mark style=\"background-color:rgba(0, 0, 0, 0);color:#2456ee\" class=\"has-inline-color\">Des territoires exemplaires montrent la voie<\/mark><\/h3>\n\n<p>Certaines r\u00e9gions fran\u00e7aises sont d\u00e9j\u00e0 en avance. En Vend\u00e9e, par exemple, un vaste plan de s\u00e9curisation de l\u2019approvisionnement en eau a \u00e9t\u00e9 mis en \u0153uvre. Cela inclut :<\/p>\n\n<ul class=\"wp-block-list\">\n<li>des stations de traitement avanc\u00e9es,<\/li>\n\n\n\n<li>des interconnexions de r\u00e9seaux,<\/li>\n\n\n\n<li>des campagnes de r\u00e9duction de la consommation.<\/li>\n<\/ul>\n\n<p>D\u2019autres d\u00e9partements d\u00e9veloppent des solutions locales : plantations d\u2019arbres pour maintenir l\u2019humidit\u00e9 dans les sols, r\u00e9am\u00e9nagement de zones humides, ou restauration de zones d\u2019infiltration naturelles.<\/p>\n\n<p>Ces initiatives locales montrent qu\u2019avec une vision \u00e9cologique et une vraie coordination, il est possible de b\u00e2tir un mod\u00e8le r\u00e9silient, capable de r\u00e9pondre aux p\u00e9nuries et d\u2019affronter les al\u00e9as climatiques.<\/p>\n\n<h3 class=\"wp-block-heading\"><mark style=\"background-color:rgba(0, 0, 0, 0);color:#2456ee\" class=\"has-inline-color\">Une gouvernance de l\u2019eau \u00e0 repenser collectivement<\/mark><\/h3>\n\n<p>Aujourd\u2019hui, la gestion de l\u2019eau en France repose sur une multiplicit\u00e9 d\u2019acteurs. Il faut clarifier les responsabilit\u00e9s, mutualiser les moyens, et construire une vision partag\u00e9e.<\/p>\n\n<p>Cela implique :<\/p>\n\n<ul class=\"wp-block-list\">\n<li>des restrictions mieux anticip\u00e9es et mieux comprises,<\/li>\n\n\n\n<li>une r\u00e9vision des priorit\u00e9s entre usages agricoles, industriels et domestiques,<\/li>\n\n\n\n<li>une coop\u00e9ration entre les r\u00e9gions, les d\u00e9partements et l\u2019\u00c9tat.<\/li>\n<\/ul>\n\n<p>Il est \u00e9galement indispensable d\u2019int\u00e9grer l\u2019eau dans toutes les politiques publiques : urbanisme, environnement, sant\u00e9, \u00e9nergie. L\u2019eau ne peut plus \u00eatre pens\u00e9e en silo.<\/p>\n\n<h2 class=\"wp-block-heading\"><mark style=\"background-color:rgba(0, 0, 0, 0)\" class=\"has-inline-color has-vivid-cyan-blue-color\">Chaque goutte compte, chaque action aussi&#8230;<\/mark><\/h2>\n\n<p>La France, comme de nombreux pays, est confront\u00e9e \u00e0 une nouvelle urgence : celle de garantir l\u2019acc\u00e8s \u00e0 une eau douce, propre, accessible \u00e0 tous, et durable dans le temps.<\/p>\n\n<p>Face aux p\u00e9nuries, aux s\u00e9cheresses, aux restrictions, aux fuites, aux usages non ma\u00eetris\u00e9s, la mobilisation doit \u00eatre g\u00e9n\u00e9rale. Ce n\u2019est plus une simple question technique, mais un d\u00e9fi de soci\u00e9t\u00e9, un enjeu de survie \u00e9cologique et de justice territoriale.<\/p>\n\n<p>&#x1f4a7; Plus que jamais, chaque geste pour \u00e9conomiser l\u2019eau est un acte de r\u00e9silience.<br\/>&#x1f30d; Chaque litre pr\u00e9serv\u00e9 est une victoire pour notre environnement.<br\/>&#x1f3de;&#xfe0f; Et chaque solution locale contribue \u00e0 b\u00e2tir un mod\u00e8le fran\u00e7ais de gestion \u00e9cologique de l\u2019eau, reconnu dans le monde entier.<\/p>\n\n<p><\/p>\n","protected":false},"excerpt":{"rendered":"<p>Frankrig st\u00e5r over for en ny virkelighed: Vand, en livsvigtig ressource, som engang var rigelig og drikkelig, er nu under pres. Hvad er \u00e5rsagen? Klimaforandringer, overdrevent forbrug, til tider d\u00e5rlig forvaltning og de voksende risici, der er forbundet med udbredt knaphed. Mange lande lider allerede under de dramatiske konsekvenser af den stigende knaphed p\u00e5 ferskvand. [&hellip;]<\/p>\n","protected":false},"author":4,"featured_media":14033,"comment_status":"open","ping_status":"closed","sticky":false,"template":"","format":"standard","meta":{"inline_featured_image":false,"footnotes":""},"categories":[108,59],"tags":[],"class_list":["post-14068","post","type-post","status-publish","format-standard","has-post-thumbnail","hentry","category-alt-om-regnvand","category-regnvandsopsamlere"],"yoast_head":"<!-- This site is optimized with the Yoast SEO plugin v27.5 - https:\/\/yoast.com\/product\/yoast-seo-wordpress\/ -->\n<title>Kan vi stadig undg\u00e5 en udbredt vandmangel i Frankrig? - Blog Ma Citerne Ecolo<\/title>\n<meta name=\"description\" content=\"Er Frankrig p\u00e5 vej mod vandmangel? Find \u00e5rsagerne, l\u00f8sningerne og hvad du kan g\u00f8re for at spare p\u00e5 vandet.\" \/>\n<meta name=\"robots\" content=\"index, follow, max-snippet:-1, max-image-preview:large, max-video-preview:-1\" \/>\n<link rel=\"canonical\" href=\"https:\/\/blog.maciterneecolo.fr\/da\/kan-vi-stadig-undgaa-en-udbredt-vandmangel-i-frankrig\/\" \/>\n<meta property=\"og:locale\" content=\"da_DK\" \/>\n<meta property=\"og:type\" content=\"article\" \/>\n<meta property=\"og:title\" content=\"Kan vi stadig undg\u00e5 en udbredt vandmangel i Frankrig? - Blog Ma Citerne Ecolo\" \/>\n<meta property=\"og:description\" content=\"Er Frankrig p\u00e5 vej mod vandmangel? Find \u00e5rsagerne, l\u00f8sningerne og hvad du kan g\u00f8re for at spare p\u00e5 vandet.\" \/>\n<meta property=\"og:url\" content=\"https:\/\/blog.maciterneecolo.fr\/da\/kan-vi-stadig-undgaa-en-udbredt-vandmangel-i-frankrig\/\" \/>\n<meta property=\"og:site_name\" content=\"Blog Ma Citerne Ecolo\" \/>\n<meta property=\"article:published_time\" content=\"2025-07-22T12:00:00+00:00\" \/>\n<meta property=\"og:image\" content=\"https:\/\/blog.maciterneecolo.fr\/wp-content\/uploads\/2025\/04\/earth-3545203_1280.jpg\" \/>\n\t<meta property=\"og:image:width\" content=\"1280\" \/>\n\t<meta property=\"og:image:height\" content=\"854\" \/>\n\t<meta property=\"og:image:type\" content=\"image\/jpeg\" \/>\n<meta name=\"author\" content=\"B\u00e9n\u00e9dicte Rebolloso\" \/>\n<meta name=\"twitter:card\" content=\"summary_large_image\" \/>\n<meta name=\"twitter:label1\" content=\"Skrevet af\" \/>\n\t<meta name=\"twitter:data1\" content=\"B\u00e9n\u00e9dicte Rebolloso\" \/>\n\t<meta name=\"twitter:label2\" content=\"Estimeret l\u00e6setid\" \/>\n\t<meta name=\"twitter:data2\" content=\"5 minutter\" \/>\n<script type=\"application\/ld+json\" class=\"yoast-schema-graph\">{\"@context\":\"https:\\\/\\\/schema.org\",\"@graph\":[{\"@type\":\"Article\",\"@id\":\"https:\\\/\\\/blog.maciterneecolo.fr\\\/da\\\/kan-vi-stadig-undgaa-en-udbredt-vandmangel-i-frankrig\\\/#article\",\"isPartOf\":{\"@id\":\"https:\\\/\\\/blog.maciterneecolo.fr\\\/da\\\/kan-vi-stadig-undgaa-en-udbredt-vandmangel-i-frankrig\\\/\"},\"author\":{\"name\":\"B\u00e9n\u00e9dicte Rebolloso\",\"@id\":\"https:\\\/\\\/blog.maciterneecolo.fr\\\/da\\\/#\\\/schema\\\/person\\\/fe50d00b4e639107698e1ddead236943\"},\"headline\":\"Kan vi stadig undg\u00e5 en udbredt vandmangel i Frankrig?\",\"datePublished\":\"2025-07-22T12:00:00+00:00\",\"mainEntityOfPage\":{\"@id\":\"https:\\\/\\\/blog.maciterneecolo.fr\\\/da\\\/kan-vi-stadig-undgaa-en-udbredt-vandmangel-i-frankrig\\\/\"},\"wordCount\":1056,\"commentCount\":0,\"publisher\":{\"@id\":\"https:\\\/\\\/blog.maciterneecolo.fr\\\/da\\\/#organization\"},\"image\":{\"@id\":\"https:\\\/\\\/blog.maciterneecolo.fr\\\/da\\\/kan-vi-stadig-undgaa-en-udbredt-vandmangel-i-frankrig\\\/#primaryimage\"},\"thumbnailUrl\":\"https:\\\/\\\/blog.maciterneecolo.fr\\\/wp-content\\\/uploads\\\/2025\\\/04\\\/earth-3545203_1280.jpg\",\"articleSection\":[\"Alt om regnvand\",\"Regnvandsopsamlere\"],\"inLanguage\":\"da-DK\",\"potentialAction\":[{\"@type\":\"CommentAction\",\"name\":\"Comment\",\"target\":[\"https:\\\/\\\/blog.maciterneecolo.fr\\\/da\\\/kan-vi-stadig-undgaa-en-udbredt-vandmangel-i-frankrig\\\/#respond\"]}]},{\"@type\":\"WebPage\",\"@id\":\"https:\\\/\\\/blog.maciterneecolo.fr\\\/da\\\/kan-vi-stadig-undgaa-en-udbredt-vandmangel-i-frankrig\\\/\",\"url\":\"https:\\\/\\\/blog.maciterneecolo.fr\\\/da\\\/kan-vi-stadig-undgaa-en-udbredt-vandmangel-i-frankrig\\\/\",\"name\":\"Kan vi stadig undg\u00e5 en udbredt vandmangel i Frankrig? - Blog Ma Citerne Ecolo\",\"isPartOf\":{\"@id\":\"https:\\\/\\\/blog.maciterneecolo.fr\\\/da\\\/#website\"},\"primaryImageOfPage\":{\"@id\":\"https:\\\/\\\/blog.maciterneecolo.fr\\\/da\\\/kan-vi-stadig-undgaa-en-udbredt-vandmangel-i-frankrig\\\/#primaryimage\"},\"image\":{\"@id\":\"https:\\\/\\\/blog.maciterneecolo.fr\\\/da\\\/kan-vi-stadig-undgaa-en-udbredt-vandmangel-i-frankrig\\\/#primaryimage\"},\"thumbnailUrl\":\"https:\\\/\\\/blog.maciterneecolo.fr\\\/wp-content\\\/uploads\\\/2025\\\/04\\\/earth-3545203_1280.jpg\",\"datePublished\":\"2025-07-22T12:00:00+00:00\",\"description\":\"Er Frankrig p\u00e5 vej mod vandmangel? Find \u00e5rsagerne, l\u00f8sningerne og hvad du kan g\u00f8re for at spare p\u00e5 vandet.\",\"breadcrumb\":{\"@id\":\"https:\\\/\\\/blog.maciterneecolo.fr\\\/da\\\/kan-vi-stadig-undgaa-en-udbredt-vandmangel-i-frankrig\\\/#breadcrumb\"},\"inLanguage\":\"da-DK\",\"potentialAction\":[{\"@type\":\"ReadAction\",\"target\":[\"https:\\\/\\\/blog.maciterneecolo.fr\\\/da\\\/kan-vi-stadig-undgaa-en-udbredt-vandmangel-i-frankrig\\\/\"]}]},{\"@type\":\"ImageObject\",\"inLanguage\":\"da-DK\",\"@id\":\"https:\\\/\\\/blog.maciterneecolo.fr\\\/da\\\/kan-vi-stadig-undgaa-en-udbredt-vandmangel-i-frankrig\\\/#primaryimage\",\"url\":\"https:\\\/\\\/blog.maciterneecolo.fr\\\/wp-content\\\/uploads\\\/2025\\\/04\\\/earth-3545203_1280.jpg\",\"contentUrl\":\"https:\\\/\\\/blog.maciterneecolo.fr\\\/wp-content\\\/uploads\\\/2025\\\/04\\\/earth-3545203_1280.jpg\",\"width\":1280,\"height\":854},{\"@type\":\"BreadcrumbList\",\"@id\":\"https:\\\/\\\/blog.maciterneecolo.fr\\\/da\\\/kan-vi-stadig-undgaa-en-udbredt-vandmangel-i-frankrig\\\/#breadcrumb\",\"itemListElement\":[{\"@type\":\"ListItem\",\"position\":1,\"name\":\"Accueil\",\"item\":\"https:\\\/\\\/blog.maciterneecolo.fr\\\/da\\\/\"},{\"@type\":\"ListItem\",\"position\":2,\"name\":\"Kan vi stadig undg\u00e5 en udbredt vandmangel i Frankrig?\"}]},{\"@type\":\"WebSite\",\"@id\":\"https:\\\/\\\/blog.maciterneecolo.fr\\\/da\\\/#website\",\"url\":\"https:\\\/\\\/blog.maciterneecolo.fr\\\/da\\\/\",\"name\":\"Blog Ma Citerne Ecolo\",\"description\":\"Leader dans le domaine de la citerne souple d&#039;eau de pluie\",\"publisher\":{\"@id\":\"https:\\\/\\\/blog.maciterneecolo.fr\\\/da\\\/#organization\"},\"potentialAction\":[{\"@type\":\"SearchAction\",\"target\":{\"@type\":\"EntryPoint\",\"urlTemplate\":\"https:\\\/\\\/blog.maciterneecolo.fr\\\/da\\\/?s={search_term_string}\"},\"query-input\":{\"@type\":\"PropertyValueSpecification\",\"valueRequired\":true,\"valueName\":\"search_term_string\"}}],\"inLanguage\":\"da-DK\"},{\"@type\":\"Organization\",\"@id\":\"https:\\\/\\\/blog.maciterneecolo.fr\\\/da\\\/#organization\",\"name\":\"Blog Ma Citerne Ecolo\",\"url\":\"https:\\\/\\\/blog.maciterneecolo.fr\\\/da\\\/\",\"logo\":{\"@type\":\"ImageObject\",\"inLanguage\":\"da-DK\",\"@id\":\"https:\\\/\\\/blog.maciterneecolo.fr\\\/da\\\/#\\\/schema\\\/logo\\\/image\\\/\",\"url\":\"https:\\\/\\\/blog.maciterneecolo.fr\\\/wp-content\\\/uploads\\\/2022\\\/12\\\/cropped-favicon-blog.png\",\"contentUrl\":\"https:\\\/\\\/blog.maciterneecolo.fr\\\/wp-content\\\/uploads\\\/2022\\\/12\\\/cropped-favicon-blog.png\",\"width\":512,\"height\":512,\"caption\":\"Blog Ma Citerne Ecolo\"},\"image\":{\"@id\":\"https:\\\/\\\/blog.maciterneecolo.fr\\\/da\\\/#\\\/schema\\\/logo\\\/image\\\/\"}},{\"@type\":\"Person\",\"@id\":\"https:\\\/\\\/blog.maciterneecolo.fr\\\/da\\\/#\\\/schema\\\/person\\\/fe50d00b4e639107698e1ddead236943\",\"name\":\"B\u00e9n\u00e9dicte Rebolloso\",\"image\":{\"@type\":\"ImageObject\",\"inLanguage\":\"da-DK\",\"@id\":\"https:\\\/\\\/secure.gravatar.com\\\/avatar\\\/ffa759db2a4d8ebb52a58b89d3dc2a9f0395a5122bb839045a145d6585de1126?s=96&d=mm&r=g\",\"url\":\"https:\\\/\\\/secure.gravatar.com\\\/avatar\\\/ffa759db2a4d8ebb52a58b89d3dc2a9f0395a5122bb839045a145d6585de1126?s=96&d=mm&r=g\",\"contentUrl\":\"https:\\\/\\\/secure.gravatar.com\\\/avatar\\\/ffa759db2a4d8ebb52a58b89d3dc2a9f0395a5122bb839045a145d6585de1126?s=96&d=mm&r=g\",\"caption\":\"B\u00e9n\u00e9dicte Rebolloso\"},\"url\":\"https:\\\/\\\/blog.maciterneecolo.fr\\\/da\\\/author\\\/benedicterebolloso\\\/\"}]}<\/script>\n<!-- \/ Yoast SEO plugin. -->","yoast_head_json":{"title":"Kan vi stadig undg\u00e5 en udbredt vandmangel i Frankrig? - Blog Ma Citerne Ecolo","description":"Er Frankrig p\u00e5 vej mod vandmangel? Find \u00e5rsagerne, l\u00f8sningerne og hvad du kan g\u00f8re for at spare p\u00e5 vandet.","robots":{"index":"index","follow":"follow","max-snippet":"max-snippet:-1","max-image-preview":"max-image-preview:large","max-video-preview":"max-video-preview:-1"},"canonical":"https:\/\/blog.maciterneecolo.fr\/da\/kan-vi-stadig-undgaa-en-udbredt-vandmangel-i-frankrig\/","og_locale":"da_DK","og_type":"article","og_title":"Kan vi stadig undg\u00e5 en udbredt vandmangel i Frankrig? - Blog Ma Citerne Ecolo","og_description":"Er Frankrig p\u00e5 vej mod vandmangel? Find \u00e5rsagerne, l\u00f8sningerne og hvad du kan g\u00f8re for at spare p\u00e5 vandet.","og_url":"https:\/\/blog.maciterneecolo.fr\/da\/kan-vi-stadig-undgaa-en-udbredt-vandmangel-i-frankrig\/","og_site_name":"Blog Ma Citerne Ecolo","article_published_time":"2025-07-22T12:00:00+00:00","og_image":[{"width":1280,"height":854,"url":"https:\/\/blog.maciterneecolo.fr\/wp-content\/uploads\/2025\/04\/earth-3545203_1280.jpg","type":"image\/jpeg"}],"author":"B\u00e9n\u00e9dicte Rebolloso","twitter_card":"summary_large_image","twitter_misc":{"Skrevet af":"B\u00e9n\u00e9dicte Rebolloso","Estimeret l\u00e6setid":"5 minutter"},"schema":{"@context":"https:\/\/schema.org","@graph":[{"@type":"Article","@id":"https:\/\/blog.maciterneecolo.fr\/da\/kan-vi-stadig-undgaa-en-udbredt-vandmangel-i-frankrig\/#article","isPartOf":{"@id":"https:\/\/blog.maciterneecolo.fr\/da\/kan-vi-stadig-undgaa-en-udbredt-vandmangel-i-frankrig\/"},"author":{"name":"B\u00e9n\u00e9dicte Rebolloso","@id":"https:\/\/blog.maciterneecolo.fr\/da\/#\/schema\/person\/fe50d00b4e639107698e1ddead236943"},"headline":"Kan vi stadig undg\u00e5 en udbredt vandmangel i Frankrig?","datePublished":"2025-07-22T12:00:00+00:00","mainEntityOfPage":{"@id":"https:\/\/blog.maciterneecolo.fr\/da\/kan-vi-stadig-undgaa-en-udbredt-vandmangel-i-frankrig\/"},"wordCount":1056,"commentCount":0,"publisher":{"@id":"https:\/\/blog.maciterneecolo.fr\/da\/#organization"},"image":{"@id":"https:\/\/blog.maciterneecolo.fr\/da\/kan-vi-stadig-undgaa-en-udbredt-vandmangel-i-frankrig\/#primaryimage"},"thumbnailUrl":"https:\/\/blog.maciterneecolo.fr\/wp-content\/uploads\/2025\/04\/earth-3545203_1280.jpg","articleSection":["Alt om regnvand","Regnvandsopsamlere"],"inLanguage":"da-DK","potentialAction":[{"@type":"CommentAction","name":"Comment","target":["https:\/\/blog.maciterneecolo.fr\/da\/kan-vi-stadig-undgaa-en-udbredt-vandmangel-i-frankrig\/#respond"]}]},{"@type":"WebPage","@id":"https:\/\/blog.maciterneecolo.fr\/da\/kan-vi-stadig-undgaa-en-udbredt-vandmangel-i-frankrig\/","url":"https:\/\/blog.maciterneecolo.fr\/da\/kan-vi-stadig-undgaa-en-udbredt-vandmangel-i-frankrig\/","name":"Kan vi stadig undg\u00e5 en udbredt vandmangel i Frankrig? - Blog Ma Citerne Ecolo","isPartOf":{"@id":"https:\/\/blog.maciterneecolo.fr\/da\/#website"},"primaryImageOfPage":{"@id":"https:\/\/blog.maciterneecolo.fr\/da\/kan-vi-stadig-undgaa-en-udbredt-vandmangel-i-frankrig\/#primaryimage"},"image":{"@id":"https:\/\/blog.maciterneecolo.fr\/da\/kan-vi-stadig-undgaa-en-udbredt-vandmangel-i-frankrig\/#primaryimage"},"thumbnailUrl":"https:\/\/blog.maciterneecolo.fr\/wp-content\/uploads\/2025\/04\/earth-3545203_1280.jpg","datePublished":"2025-07-22T12:00:00+00:00","description":"Er Frankrig p\u00e5 vej mod vandmangel? Find \u00e5rsagerne, l\u00f8sningerne og hvad du kan g\u00f8re for at spare p\u00e5 vandet.","breadcrumb":{"@id":"https:\/\/blog.maciterneecolo.fr\/da\/kan-vi-stadig-undgaa-en-udbredt-vandmangel-i-frankrig\/#breadcrumb"},"inLanguage":"da-DK","potentialAction":[{"@type":"ReadAction","target":["https:\/\/blog.maciterneecolo.fr\/da\/kan-vi-stadig-undgaa-en-udbredt-vandmangel-i-frankrig\/"]}]},{"@type":"ImageObject","inLanguage":"da-DK","@id":"https:\/\/blog.maciterneecolo.fr\/da\/kan-vi-stadig-undgaa-en-udbredt-vandmangel-i-frankrig\/#primaryimage","url":"https:\/\/blog.maciterneecolo.fr\/wp-content\/uploads\/2025\/04\/earth-3545203_1280.jpg","contentUrl":"https:\/\/blog.maciterneecolo.fr\/wp-content\/uploads\/2025\/04\/earth-3545203_1280.jpg","width":1280,"height":854},{"@type":"BreadcrumbList","@id":"https:\/\/blog.maciterneecolo.fr\/da\/kan-vi-stadig-undgaa-en-udbredt-vandmangel-i-frankrig\/#breadcrumb","itemListElement":[{"@type":"ListItem","position":1,"name":"Accueil","item":"https:\/\/blog.maciterneecolo.fr\/da\/"},{"@type":"ListItem","position":2,"name":"Kan vi stadig undg\u00e5 en udbredt vandmangel i Frankrig?"}]},{"@type":"WebSite","@id":"https:\/\/blog.maciterneecolo.fr\/da\/#website","url":"https:\/\/blog.maciterneecolo.fr\/da\/","name":"Blog Ma Citerne Ecolo","description":"Leader dans le domaine de la citerne souple d&#039;eau de pluie","publisher":{"@id":"https:\/\/blog.maciterneecolo.fr\/da\/#organization"},"potentialAction":[{"@type":"SearchAction","target":{"@type":"EntryPoint","urlTemplate":"https:\/\/blog.maciterneecolo.fr\/da\/?s={search_term_string}"},"query-input":{"@type":"PropertyValueSpecification","valueRequired":true,"valueName":"search_term_string"}}],"inLanguage":"da-DK"},{"@type":"Organization","@id":"https:\/\/blog.maciterneecolo.fr\/da\/#organization","name":"Blog Ma Citerne Ecolo","url":"https:\/\/blog.maciterneecolo.fr\/da\/","logo":{"@type":"ImageObject","inLanguage":"da-DK","@id":"https:\/\/blog.maciterneecolo.fr\/da\/#\/schema\/logo\/image\/","url":"https:\/\/blog.maciterneecolo.fr\/wp-content\/uploads\/2022\/12\/cropped-favicon-blog.png","contentUrl":"https:\/\/blog.maciterneecolo.fr\/wp-content\/uploads\/2022\/12\/cropped-favicon-blog.png","width":512,"height":512,"caption":"Blog Ma Citerne Ecolo"},"image":{"@id":"https:\/\/blog.maciterneecolo.fr\/da\/#\/schema\/logo\/image\/"}},{"@type":"Person","@id":"https:\/\/blog.maciterneecolo.fr\/da\/#\/schema\/person\/fe50d00b4e639107698e1ddead236943","name":"B\u00e9n\u00e9dicte Rebolloso","image":{"@type":"ImageObject","inLanguage":"da-DK","@id":"https:\/\/secure.gravatar.com\/avatar\/ffa759db2a4d8ebb52a58b89d3dc2a9f0395a5122bb839045a145d6585de1126?s=96&d=mm&r=g","url":"https:\/\/secure.gravatar.com\/avatar\/ffa759db2a4d8ebb52a58b89d3dc2a9f0395a5122bb839045a145d6585de1126?s=96&d=mm&r=g","contentUrl":"https:\/\/secure.gravatar.com\/avatar\/ffa759db2a4d8ebb52a58b89d3dc2a9f0395a5122bb839045a145d6585de1126?s=96&d=mm&r=g","caption":"B\u00e9n\u00e9dicte Rebolloso"},"url":"https:\/\/blog.maciterneecolo.fr\/da\/author\/benedicterebolloso\/"}]}},"_links":{"self":[{"href":"https:\/\/blog.maciterneecolo.fr\/da\/wp-json\/wp\/v2\/posts\/14068","targetHints":{"allow":["GET"]}}],"collection":[{"href":"https:\/\/blog.maciterneecolo.fr\/da\/wp-json\/wp\/v2\/posts"}],"about":[{"href":"https:\/\/blog.maciterneecolo.fr\/da\/wp-json\/wp\/v2\/types\/post"}],"author":[{"embeddable":true,"href":"https:\/\/blog.maciterneecolo.fr\/da\/wp-json\/wp\/v2\/users\/4"}],"replies":[{"embeddable":true,"href":"https:\/\/blog.maciterneecolo.fr\/da\/wp-json\/wp\/v2\/comments?post=14068"}],"version-history":[{"count":1,"href":"https:\/\/blog.maciterneecolo.fr\/da\/wp-json\/wp\/v2\/posts\/14068\/revisions"}],"predecessor-version":[{"id":14069,"href":"https:\/\/blog.maciterneecolo.fr\/da\/wp-json\/wp\/v2\/posts\/14068\/revisions\/14069"}],"wp:featuredmedia":[{"embeddable":true,"href":"https:\/\/blog.maciterneecolo.fr\/da\/wp-json\/wp\/v2\/media\/14033"}],"wp:attachment":[{"href":"https:\/\/blog.maciterneecolo.fr\/da\/wp-json\/wp\/v2\/media?parent=14068"}],"wp:term":[{"taxonomy":"category","embeddable":true,"href":"https:\/\/blog.maciterneecolo.fr\/da\/wp-json\/wp\/v2\/categories?post=14068"},{"taxonomy":"post_tag","embeddable":true,"href":"https:\/\/blog.maciterneecolo.fr\/da\/wp-json\/wp\/v2\/tags?post=14068"}],"curies":[{"name":"wp","href":"https:\/\/api.w.org\/{rel}","templated":true}]}}