{"id":14566,"date":"2025-09-09T11:00:00","date_gmt":"2025-09-09T11:00:00","guid":{"rendered":"https:\/\/blog.maciterneecolo.fr\/?p=14566"},"modified":"2025-05-09T12:30:14","modified_gmt":"2025-05-09T12:30:14","slug":"vandmodstandsdygtighed-i-lokale-myndigheder-hvorfor-de-skal-taenke-som-individer","status":"publish","type":"post","link":"https:\/\/blog.maciterneecolo.fr\/da\/vandmodstandsdygtighed-i-lokale-myndigheder-hvorfor-de-skal-taenke-som-individer\/","title":{"rendered":"Vandmodstandsdygtighed i lokale myndigheder: hvorfor de skal t\u00e6nke som individer"},"content":{"rendered":"\n<h2 class=\"wp-block-heading\"><mark style=\"background-color:rgba(0, 0, 0, 0)\" class=\"has-inline-color has-vivid-cyan-blue-color\">Vandkrisen: en voksende udfordring for franske lokale myndigheder<\/mark><\/h2>\n\n<h3 class=\"wp-block-heading\">Et hidtil uset pres p\u00e5 vandressourcerne<\/h3>\n\n<p>Frankrig har nu i flere \u00e5r oplevet et stigende antal <a href=\"https:\/\/blog.maciterneecolo.fr\/da\/toerkens-indvirkning-paa-vores-hverdag-det-skal-du-vide\/\">t\u00f8rkeperioder, som har en varig indvirkning p\u00e5 vandressourcerne<\/a>. Dette f\u00e6nomen, som i h\u00f8j grad forst\u00e6rkes af klimaforandringerne, underminerer regionerne og de lokale myndigheder, som k\u00e6mper for at opretholde en offentlig vandforsyning af h\u00f8j kvalitet. <\/p>\n\n<p>Lavere grundvandsdannelse, mindre vandf\u00f8ring i floderne og \u00f8get fordampning fra oplagringsanl\u00e6g s\u00e6tter hele vandkredsl\u00f8bet under pres. Lokale myndigheder, is\u00e6r i landdistrikterne, er n\u00f8dt til at tilpasse deres vandforbrug hurtigt, da deres forbrug ofte er afh\u00e6ngigt af aldrende netv\u00e6rk og mindre modstandsdygtig infrastruktur. <\/p>\n\n<h3 class=\"wp-block-heading\">Stadig hyppigere begr\u00e6nsninger i brugen<\/h3>\n\n<p>Hvert \u00e5r er et stort antal franske byer n\u00f8dt til at offentligg\u00f8re dekreter, der begr\u00e6nser brugen af vand. Uanset om det drejer sig om at begr\u00e6nse vanding, lukke springvand eller begr\u00e6nse fyldning af swimmingpools, tr\u00e6ffes disse beslutninger i en n\u00f8dsituation. Disse foranstaltninger p\u00e5virker offentlige tjenester, borgere, virksomheder og landm\u00e6nd.  <\/p>\n\n<p>H\u00e5ndtering af vandn\u00f8jagtighed er blevet en s\u00f8jle i resiliensplaner. Lokale og regionale akt\u00f8rer skal integrere disse sp\u00f8rgsm\u00e5l i deres udviklingsprojekter og gennemg\u00e5 vandressourcernes rolle i deres politikker. Progressiv priss\u00e6tning af drikkevand er f.eks. en vigtig tilpasningsforanstaltning.  <\/p>\n\n<h3 class=\"wp-block-heading\">Dyr afh\u00e6ngighed af offentlige netv\u00e6rk<\/h3>\n\n<p>Vandnettene i Frankrig administreres hovedsageligt af lokale myndigheder, der ofte er samlet i syndikater eller interkommuner. Omkostningerne ved at investere i infrastruktur &#8211; r\u00f8r, pumpestationer, reservoirer &#8211; er h\u00f8je, og det samme er omkostningerne ved at vedligeholde dem. Desuden uds\u00e6tter enhver forringelse af servicen p\u00e5 grund af manglende modernisering brugerne for risiko for serviceafbrydelser.  <\/p>\n\n<p>I lyset af disse udfordringer skal den centraliserede forvaltningsmodel udvikles. De lokale myndigheder skal overveje supplerende l\u00f8sninger som f.eks. sekund\u00e6re netv\u00e6rk, lokale oplagringsfaciliteter og opsamling af regnvand. Dette foruds\u00e6tter implementering af proaktive politikker p\u00e5 lokalt niveau.  <\/p>\n\n<h2 class=\"wp-block-heading\"><mark style=\"background-color:rgba(0, 0, 0, 0)\" class=\"has-inline-color has-vivid-cyan-blue-color\">At t\u00e6nke som en privatperson: et n\u00f8dvendigt paradigmeskift<\/mark><\/h2>\n\n<h3 class=\"wp-block-heading\">Den hjemlige model: en inspirationskilde for lokale myndigheder<\/h3>\n\n<p>I flere \u00e5r har mange franske husholdninger taget vandgenvindingssystemer i brug, is\u00e6r fleksible cisterner, til f.eks. vanding, reng\u00f8ring og toiletter. Disse l\u00f8sninger g\u00f8r det muligt for dem at reducere deres forbrug af drikkevand og samtidig sikre deres forsyning. <\/p>\n\n<p>Denne model, der er baseret p\u00e5 n\u00f8gternhed, enkelhed og hurtig implementering, inspirerer nu nogle lokale myndigheder. Ved at t\u00e6nke som en privatperson kan et r\u00e5dhus, et teknisk center eller en skole udstyre sig selv med et autonomt system. Det betyder lavere regninger, st\u00f8rre modstandsdygtighed og konkret handling for at bek\u00e6mpe klimaforandringer.  <\/p>\n\n<h3 class=\"wp-block-heading\">Passende offentlige anvendelser: gr\u00f8nne omr\u00e5der, skoler, faciliteter<\/h3>\n\n<p>Installation af <a href=\"https:\/\/www.maciterneecolo.fr\/fr\/3-citernes-souples\">fleksible tanke<\/a> i offentlige faciliteter er en effektiv l\u00f8sning til at h\u00e5ndtere perioder med sp\u00e6ndinger. Disse tanke g\u00f8r det muligt at opbevare regnvand i umiddelbar n\u00e6rhed af det sted, hvor det forbruges. Tekniske tjenester kan derefter tr\u00e6kke direkte p\u00e5 disse reserver for at vedligeholde gr\u00f8nne omr\u00e5der, vaske veje eller forsyne offentlige toiletter.  <\/p>\n\n<p>Disse m\u00e5lrettede anvendelser muligg\u00f8r en bedre fordeling af ressourcen, og man undg\u00e5r at mobilisere drikkevandsnetv\u00e6rket til sekund\u00e6re behov. Ved at samle projekter kan flere kommuner i samme afvandingsomr\u00e5de dele udstyret. Det er en fleksibel og omkostningseffektiv tilgang, som er i overensstemmelse med landets klimam\u00e5l.  <\/p>\n\n<h3 class=\"wp-block-heading\">Umiddelbare fordele for samfundet og dets brugere<\/h3>\n\n<p>Lokale myndigheder, der gennemf\u00f8rer disse vandprojekter, ser hurtigt en reduktion i deres forbrug, et fald i deres udgifter i euro og en forbedring af deres image. Disse tiltag er synlige og konkrete og hj\u00e6lper med at mobilisere brugerne omkring en ramme for b\u00e6redygtig udvikling. <\/p>\n\n<p>Det tilskynder ogs\u00e5 til inddragelse af borgerne, som kan lade sig inspirere af den offentlige tilgang til eget brug. P\u00e5 denne m\u00e5de deles modstandsdygtigheden og bidrager til den overordnede transformation af vandforsyningen. Disse initiativer passer perfekt til de regionale klima-, luft- og energiplaner, som de statslige myndigheder har iv\u00e6rksat.  <\/p>\n\n<h2 class=\"wp-block-heading\"><mark style=\"background-color:rgba(0, 0, 0, 0)\" class=\"has-inline-color has-vivid-cyan-blue-color\">Organisering af vandets modstandsdygtighed p\u00e5 regionalt niveau<\/mark><\/h2>\n\n<h3 class=\"wp-block-heading\">St\u00f8tte til lokale myndigheders projekter<\/h3>\n\n<p>Der er en r\u00e6kke \u00f8konomiske midler til r\u00e5dighed for lokale myndigheder til at styrke deres modstandsdygtighed over for vand. Vandmyndigheder, regioner, departementer og regionale naturparker tilbyder projektindkaldelser og m\u00e5lrettede tilskud. <\/p>\n\n<p>Denne st\u00f8tte kan finansiere op til 80 % af investeringerne i konkrete tiltag som f.eks. installation af vandgenvindingssystemer, oprettelse af sekund\u00e6re netv\u00e6rk og gennemf\u00f8relse af vandeffektivitetsplaner. For at komme i betragtning skal de lokale myndigheder sammens\u00e6tte et sammenh\u00e6ngende projekt, indarbejde kvalitetsindikatorer og vise deres engagement i lokalomr\u00e5det. <\/p>\n\n<h3 class=\"wp-block-heading\">F\u00e6lles projekter for st\u00f8rre lokal effektivitet<\/h3>\n\n<p>Udstyr som fleksible tanke, fjernstyringssystemer, pumper og filtre kan samles p\u00e5 tv\u00e6rs af en region. En tv\u00e6rkommunal model optimerer brugen af ressourcer, begr\u00e6nser overfl\u00f8digheder og sikrer kollektiv \u00e6druelighed. <\/p>\n\n<p>Denne systemiske tilgang kan integreres i en overordnet vandforvaltningsplan i overensstemmelse med eksisterende netv\u00e6rk. Fordelene er mange: stordriftsfordele, bedre infrastrukturforvaltning, koordinering mellem interessenter. Det skaber en positiv dynamik, hvor hver kommune bidrager til regionens modstandsdygtighed som helhed.  <\/p>\n\n<h3 class=\"wp-block-heading\">Eksemplariske lokale myndigheder viser vejen<\/h3>\n\n<p>Nogle franske byer er blevet pionerer inden for modstandsdygtighed over for vand. Ved at installere cisterner, sekund\u00e6re netv\u00e6rk og progressive prispolitikker reducerer de deres afh\u00e6ngighed af drikkevand og kontrollerer deres forbrug. <\/p>\n\n<p>Det er ogs\u00e5 lykkedes dem at integrere disse initiativer i en overordnet offentlig politik og formidle fordelene ved den nye praksis til de lokale beboere. Disse lokale modeller inspirerer andre regioner og bliver regelm\u00e6ssigt rost af regionale agenturer, regeringen og sammenslutninger af folkevalgte. De viser, at modstandsdygtighed er et sp\u00f8rgsm\u00e5l om vilje, strategi og pragmatisme.  <\/p>\n\n<h2 class=\"wp-block-heading\"><mark style=\"background-color:rgba(0, 0, 0, 0)\" class=\"has-inline-color has-vivid-cyan-blue-color\">P\u00e5 vej mod en ny offentlig vandkultur<\/mark><\/h2>\n\n<p>Franske lokale myndigheder st\u00e5r ved et vendepunkt. Vandets modstandsdygtighed kan ikke l\u00e6ngere v\u00e6re en justeringsvariabel. Det skal v\u00e6re en politisk prioritet, der skal integreres i alle udviklingsrammer, alle territoriale projekter og alle offentlige tjenester.  <\/p>\n\n<p>At t\u00e6nke som en privatperson betyder at have en konkret, sparsommelig og effektiv vision. Det betyder at indf\u00f8re enkle, men effektive l\u00f8sninger: cisterner, genbrugssystemer, uafh\u00e6ngige netv\u00e6rk, differentieret brug. Det betyder ogs\u00e5, at man indf\u00f8rer en ambiti\u00f8s \u00e6druelighedspolitik, der tilskynder brugerne til at \u00e6ndre deres vaner.  <\/p>\n\n<p>P\u00e5 baggrund af klimaforandringer, svindende ressourcer og stigende pres p\u00e5 netv\u00e6rkene er denne transformation uundg\u00e5elig. Ved at involvere lokale akt\u00f8rer, aktivere finansielle h\u00e5ndtag og fremme bedste praksis kan de lokale myndigheder blive drivkraften bag en ny offentlig vandkultur i Frankrig. <\/p>\n","protected":false},"excerpt":{"rendered":"<p>Vandkrisen: en voksende udfordring for franske lokale myndigheder Et hidtil uset pres p\u00e5 vandressourcerne Frankrig har nu i flere \u00e5r oplevet et stigende antal t\u00f8rkeperioder, som har en varig indvirkning p\u00e5 vandressourcerne. Dette f\u00e6nomen, som i h\u00f8j grad forst\u00e6rkes af klimaforandringerne, underminerer regionerne og de lokale myndigheder, som k\u00e6mper for at opretholde en offentlig vandforsyning [&hellip;]<\/p>\n","protected":false},"author":4,"featured_media":14553,"comment_status":"open","ping_status":"closed","sticky":false,"template":"","format":"standard","meta":{"inline_featured_image":false,"footnotes":""},"categories":[80,2618,90],"tags":[],"class_list":["post-14566","post","type-post","status-publish","format-standard","has-post-thumbnail","hentry","category-fleksible-beholdere","category-handtering-af-vand","category-sadan-fungerer-en-fleksibel-tank"],"yoast_head":"<!-- This site is optimized with the Yoast SEO plugin v27.4 - https:\/\/yoast.com\/product\/yoast-seo-wordpress\/ -->\n<title>Vandmodstandsdygtighed i lokale myndigheder: hvorfor de skal t\u00e6nke som individer - Blog Ma Citerne Ecolo<\/title>\n<meta name=\"description\" content=\"Franske lokale myndigheder er n\u00f8dt til at t\u00e6nke som enkeltpersoner for at sikre modstandsdygtig vandforvaltning i lyset af t\u00f8rke.\" \/>\n<meta name=\"robots\" content=\"index, follow, max-snippet:-1, max-image-preview:large, max-video-preview:-1\" \/>\n<link rel=\"canonical\" href=\"https:\/\/blog.maciterneecolo.fr\/da\/vandmodstandsdygtighed-i-lokale-myndigheder-hvorfor-de-skal-taenke-som-individer\/\" \/>\n<meta property=\"og:locale\" content=\"da_DK\" \/>\n<meta property=\"og:type\" content=\"article\" \/>\n<meta property=\"og:title\" content=\"Vandmodstandsdygtighed i lokale myndigheder: hvorfor de skal t\u00e6nke som individer - Blog Ma Citerne Ecolo\" \/>\n<meta property=\"og:description\" content=\"Franske lokale myndigheder er n\u00f8dt til at t\u00e6nke som enkeltpersoner for at sikre modstandsdygtig vandforvaltning i lyset af t\u00f8rke.\" \/>\n<meta property=\"og:url\" content=\"https:\/\/blog.maciterneecolo.fr\/da\/vandmodstandsdygtighed-i-lokale-myndigheder-hvorfor-de-skal-taenke-som-individer\/\" \/>\n<meta property=\"og:site_name\" content=\"Blog Ma Citerne Ecolo\" \/>\n<meta property=\"article:published_time\" content=\"2025-09-09T11:00:00+00:00\" \/>\n<meta property=\"og:image\" content=\"https:\/\/blog.maciterneecolo.fr\/wp-content\/uploads\/2025\/05\/pexels-scottwebb-137582-scaled.jpg\" \/>\n\t<meta property=\"og:image:width\" content=\"2560\" \/>\n\t<meta property=\"og:image:height\" content=\"1698\" \/>\n\t<meta property=\"og:image:type\" content=\"image\/jpeg\" \/>\n<meta name=\"author\" content=\"B\u00e9n\u00e9dicte Rebolloso\" \/>\n<meta name=\"twitter:card\" content=\"summary_large_image\" \/>\n<meta name=\"twitter:label1\" content=\"Skrevet af\" \/>\n\t<meta name=\"twitter:data1\" content=\"B\u00e9n\u00e9dicte Rebolloso\" \/>\n\t<meta name=\"twitter:label2\" content=\"Estimeret l\u00e6setid\" \/>\n\t<meta name=\"twitter:data2\" content=\"5 minutter\" \/>\n<script type=\"application\/ld+json\" class=\"yoast-schema-graph\">{\"@context\":\"https:\\\/\\\/schema.org\",\"@graph\":[{\"@type\":\"Article\",\"@id\":\"https:\\\/\\\/blog.maciterneecolo.fr\\\/da\\\/vandmodstandsdygtighed-i-lokale-myndigheder-hvorfor-de-skal-taenke-som-individer\\\/#article\",\"isPartOf\":{\"@id\":\"https:\\\/\\\/blog.maciterneecolo.fr\\\/da\\\/vandmodstandsdygtighed-i-lokale-myndigheder-hvorfor-de-skal-taenke-som-individer\\\/\"},\"author\":{\"name\":\"B\u00e9n\u00e9dicte Rebolloso\",\"@id\":\"https:\\\/\\\/blog.maciterneecolo.fr\\\/da\\\/#\\\/schema\\\/person\\\/fe50d00b4e639107698e1ddead236943\"},\"headline\":\"Vandmodstandsdygtighed i lokale myndigheder: hvorfor de skal t\u00e6nke som individer\",\"datePublished\":\"2025-09-09T11:00:00+00:00\",\"mainEntityOfPage\":{\"@id\":\"https:\\\/\\\/blog.maciterneecolo.fr\\\/da\\\/vandmodstandsdygtighed-i-lokale-myndigheder-hvorfor-de-skal-taenke-som-individer\\\/\"},\"wordCount\":1097,\"commentCount\":0,\"publisher\":{\"@id\":\"https:\\\/\\\/blog.maciterneecolo.fr\\\/da\\\/#organization\"},\"image\":{\"@id\":\"https:\\\/\\\/blog.maciterneecolo.fr\\\/da\\\/vandmodstandsdygtighed-i-lokale-myndigheder-hvorfor-de-skal-taenke-som-individer\\\/#primaryimage\"},\"thumbnailUrl\":\"https:\\\/\\\/blog.maciterneecolo.fr\\\/wp-content\\\/uploads\\\/2025\\\/05\\\/pexels-scottwebb-137582-scaled.jpg\",\"articleSection\":[\"Fleksible beholdere\",\"H\u00e5ndtering af vand\",\"S\u00e5dan fungerer en fleksibel tank\"],\"inLanguage\":\"da-DK\",\"potentialAction\":[{\"@type\":\"CommentAction\",\"name\":\"Comment\",\"target\":[\"https:\\\/\\\/blog.maciterneecolo.fr\\\/da\\\/vandmodstandsdygtighed-i-lokale-myndigheder-hvorfor-de-skal-taenke-som-individer\\\/#respond\"]}]},{\"@type\":\"WebPage\",\"@id\":\"https:\\\/\\\/blog.maciterneecolo.fr\\\/da\\\/vandmodstandsdygtighed-i-lokale-myndigheder-hvorfor-de-skal-taenke-som-individer\\\/\",\"url\":\"https:\\\/\\\/blog.maciterneecolo.fr\\\/da\\\/vandmodstandsdygtighed-i-lokale-myndigheder-hvorfor-de-skal-taenke-som-individer\\\/\",\"name\":\"Vandmodstandsdygtighed i lokale myndigheder: hvorfor de skal t\u00e6nke som individer - Blog Ma Citerne Ecolo\",\"isPartOf\":{\"@id\":\"https:\\\/\\\/blog.maciterneecolo.fr\\\/da\\\/#website\"},\"primaryImageOfPage\":{\"@id\":\"https:\\\/\\\/blog.maciterneecolo.fr\\\/da\\\/vandmodstandsdygtighed-i-lokale-myndigheder-hvorfor-de-skal-taenke-som-individer\\\/#primaryimage\"},\"image\":{\"@id\":\"https:\\\/\\\/blog.maciterneecolo.fr\\\/da\\\/vandmodstandsdygtighed-i-lokale-myndigheder-hvorfor-de-skal-taenke-som-individer\\\/#primaryimage\"},\"thumbnailUrl\":\"https:\\\/\\\/blog.maciterneecolo.fr\\\/wp-content\\\/uploads\\\/2025\\\/05\\\/pexels-scottwebb-137582-scaled.jpg\",\"datePublished\":\"2025-09-09T11:00:00+00:00\",\"description\":\"Franske lokale myndigheder er n\u00f8dt til at t\u00e6nke som enkeltpersoner for at sikre modstandsdygtig vandforvaltning i lyset af t\u00f8rke.\",\"breadcrumb\":{\"@id\":\"https:\\\/\\\/blog.maciterneecolo.fr\\\/da\\\/vandmodstandsdygtighed-i-lokale-myndigheder-hvorfor-de-skal-taenke-som-individer\\\/#breadcrumb\"},\"inLanguage\":\"da-DK\",\"potentialAction\":[{\"@type\":\"ReadAction\",\"target\":[\"https:\\\/\\\/blog.maciterneecolo.fr\\\/da\\\/vandmodstandsdygtighed-i-lokale-myndigheder-hvorfor-de-skal-taenke-som-individer\\\/\"]}]},{\"@type\":\"ImageObject\",\"inLanguage\":\"da-DK\",\"@id\":\"https:\\\/\\\/blog.maciterneecolo.fr\\\/da\\\/vandmodstandsdygtighed-i-lokale-myndigheder-hvorfor-de-skal-taenke-som-individer\\\/#primaryimage\",\"url\":\"https:\\\/\\\/blog.maciterneecolo.fr\\\/wp-content\\\/uploads\\\/2025\\\/05\\\/pexels-scottwebb-137582-scaled.jpg\",\"contentUrl\":\"https:\\\/\\\/blog.maciterneecolo.fr\\\/wp-content\\\/uploads\\\/2025\\\/05\\\/pexels-scottwebb-137582-scaled.jpg\",\"width\":2560,\"height\":1698},{\"@type\":\"BreadcrumbList\",\"@id\":\"https:\\\/\\\/blog.maciterneecolo.fr\\\/da\\\/vandmodstandsdygtighed-i-lokale-myndigheder-hvorfor-de-skal-taenke-som-individer\\\/#breadcrumb\",\"itemListElement\":[{\"@type\":\"ListItem\",\"position\":1,\"name\":\"Accueil\",\"item\":\"https:\\\/\\\/blog.maciterneecolo.fr\\\/da\\\/\"},{\"@type\":\"ListItem\",\"position\":2,\"name\":\"Vandmodstandsdygtighed i lokale myndigheder: hvorfor de skal t\u00e6nke som individer\"}]},{\"@type\":\"WebSite\",\"@id\":\"https:\\\/\\\/blog.maciterneecolo.fr\\\/da\\\/#website\",\"url\":\"https:\\\/\\\/blog.maciterneecolo.fr\\\/da\\\/\",\"name\":\"Blog Ma Citerne Ecolo\",\"description\":\"Leader dans le domaine de la citerne souple d&#039;eau de pluie\",\"publisher\":{\"@id\":\"https:\\\/\\\/blog.maciterneecolo.fr\\\/da\\\/#organization\"},\"potentialAction\":[{\"@type\":\"SearchAction\",\"target\":{\"@type\":\"EntryPoint\",\"urlTemplate\":\"https:\\\/\\\/blog.maciterneecolo.fr\\\/da\\\/?s={search_term_string}\"},\"query-input\":{\"@type\":\"PropertyValueSpecification\",\"valueRequired\":true,\"valueName\":\"search_term_string\"}}],\"inLanguage\":\"da-DK\"},{\"@type\":\"Organization\",\"@id\":\"https:\\\/\\\/blog.maciterneecolo.fr\\\/da\\\/#organization\",\"name\":\"Blog Ma Citerne Ecolo\",\"url\":\"https:\\\/\\\/blog.maciterneecolo.fr\\\/da\\\/\",\"logo\":{\"@type\":\"ImageObject\",\"inLanguage\":\"da-DK\",\"@id\":\"https:\\\/\\\/blog.maciterneecolo.fr\\\/da\\\/#\\\/schema\\\/logo\\\/image\\\/\",\"url\":\"https:\\\/\\\/blog.maciterneecolo.fr\\\/wp-content\\\/uploads\\\/2022\\\/12\\\/cropped-favicon-blog.png\",\"contentUrl\":\"https:\\\/\\\/blog.maciterneecolo.fr\\\/wp-content\\\/uploads\\\/2022\\\/12\\\/cropped-favicon-blog.png\",\"width\":512,\"height\":512,\"caption\":\"Blog Ma Citerne Ecolo\"},\"image\":{\"@id\":\"https:\\\/\\\/blog.maciterneecolo.fr\\\/da\\\/#\\\/schema\\\/logo\\\/image\\\/\"}},{\"@type\":\"Person\",\"@id\":\"https:\\\/\\\/blog.maciterneecolo.fr\\\/da\\\/#\\\/schema\\\/person\\\/fe50d00b4e639107698e1ddead236943\",\"name\":\"B\u00e9n\u00e9dicte Rebolloso\",\"image\":{\"@type\":\"ImageObject\",\"inLanguage\":\"da-DK\",\"@id\":\"https:\\\/\\\/secure.gravatar.com\\\/avatar\\\/ffa759db2a4d8ebb52a58b89d3dc2a9f0395a5122bb839045a145d6585de1126?s=96&d=mm&r=g\",\"url\":\"https:\\\/\\\/secure.gravatar.com\\\/avatar\\\/ffa759db2a4d8ebb52a58b89d3dc2a9f0395a5122bb839045a145d6585de1126?s=96&d=mm&r=g\",\"contentUrl\":\"https:\\\/\\\/secure.gravatar.com\\\/avatar\\\/ffa759db2a4d8ebb52a58b89d3dc2a9f0395a5122bb839045a145d6585de1126?s=96&d=mm&r=g\",\"caption\":\"B\u00e9n\u00e9dicte Rebolloso\"},\"url\":\"https:\\\/\\\/blog.maciterneecolo.fr\\\/da\\\/author\\\/benedicterebolloso\\\/\"}]}<\/script>\n<!-- \/ Yoast SEO plugin. -->","yoast_head_json":{"title":"Vandmodstandsdygtighed i lokale myndigheder: hvorfor de skal t\u00e6nke som individer - Blog Ma Citerne Ecolo","description":"Franske lokale myndigheder er n\u00f8dt til at t\u00e6nke som enkeltpersoner for at sikre modstandsdygtig vandforvaltning i lyset af t\u00f8rke.","robots":{"index":"index","follow":"follow","max-snippet":"max-snippet:-1","max-image-preview":"max-image-preview:large","max-video-preview":"max-video-preview:-1"},"canonical":"https:\/\/blog.maciterneecolo.fr\/da\/vandmodstandsdygtighed-i-lokale-myndigheder-hvorfor-de-skal-taenke-som-individer\/","og_locale":"da_DK","og_type":"article","og_title":"Vandmodstandsdygtighed i lokale myndigheder: hvorfor de skal t\u00e6nke som individer - Blog Ma Citerne Ecolo","og_description":"Franske lokale myndigheder er n\u00f8dt til at t\u00e6nke som enkeltpersoner for at sikre modstandsdygtig vandforvaltning i lyset af t\u00f8rke.","og_url":"https:\/\/blog.maciterneecolo.fr\/da\/vandmodstandsdygtighed-i-lokale-myndigheder-hvorfor-de-skal-taenke-som-individer\/","og_site_name":"Blog Ma Citerne Ecolo","article_published_time":"2025-09-09T11:00:00+00:00","og_image":[{"width":2560,"height":1698,"url":"https:\/\/blog.maciterneecolo.fr\/wp-content\/uploads\/2025\/05\/pexels-scottwebb-137582-scaled.jpg","type":"image\/jpeg"}],"author":"B\u00e9n\u00e9dicte Rebolloso","twitter_card":"summary_large_image","twitter_misc":{"Skrevet af":"B\u00e9n\u00e9dicte Rebolloso","Estimeret l\u00e6setid":"5 minutter"},"schema":{"@context":"https:\/\/schema.org","@graph":[{"@type":"Article","@id":"https:\/\/blog.maciterneecolo.fr\/da\/vandmodstandsdygtighed-i-lokale-myndigheder-hvorfor-de-skal-taenke-som-individer\/#article","isPartOf":{"@id":"https:\/\/blog.maciterneecolo.fr\/da\/vandmodstandsdygtighed-i-lokale-myndigheder-hvorfor-de-skal-taenke-som-individer\/"},"author":{"name":"B\u00e9n\u00e9dicte Rebolloso","@id":"https:\/\/blog.maciterneecolo.fr\/da\/#\/schema\/person\/fe50d00b4e639107698e1ddead236943"},"headline":"Vandmodstandsdygtighed i lokale myndigheder: hvorfor de skal t\u00e6nke som individer","datePublished":"2025-09-09T11:00:00+00:00","mainEntityOfPage":{"@id":"https:\/\/blog.maciterneecolo.fr\/da\/vandmodstandsdygtighed-i-lokale-myndigheder-hvorfor-de-skal-taenke-som-individer\/"},"wordCount":1097,"commentCount":0,"publisher":{"@id":"https:\/\/blog.maciterneecolo.fr\/da\/#organization"},"image":{"@id":"https:\/\/blog.maciterneecolo.fr\/da\/vandmodstandsdygtighed-i-lokale-myndigheder-hvorfor-de-skal-taenke-som-individer\/#primaryimage"},"thumbnailUrl":"https:\/\/blog.maciterneecolo.fr\/wp-content\/uploads\/2025\/05\/pexels-scottwebb-137582-scaled.jpg","articleSection":["Fleksible beholdere","H\u00e5ndtering af vand","S\u00e5dan fungerer en fleksibel tank"],"inLanguage":"da-DK","potentialAction":[{"@type":"CommentAction","name":"Comment","target":["https:\/\/blog.maciterneecolo.fr\/da\/vandmodstandsdygtighed-i-lokale-myndigheder-hvorfor-de-skal-taenke-som-individer\/#respond"]}]},{"@type":"WebPage","@id":"https:\/\/blog.maciterneecolo.fr\/da\/vandmodstandsdygtighed-i-lokale-myndigheder-hvorfor-de-skal-taenke-som-individer\/","url":"https:\/\/blog.maciterneecolo.fr\/da\/vandmodstandsdygtighed-i-lokale-myndigheder-hvorfor-de-skal-taenke-som-individer\/","name":"Vandmodstandsdygtighed i lokale myndigheder: hvorfor de skal t\u00e6nke som individer - Blog Ma Citerne Ecolo","isPartOf":{"@id":"https:\/\/blog.maciterneecolo.fr\/da\/#website"},"primaryImageOfPage":{"@id":"https:\/\/blog.maciterneecolo.fr\/da\/vandmodstandsdygtighed-i-lokale-myndigheder-hvorfor-de-skal-taenke-som-individer\/#primaryimage"},"image":{"@id":"https:\/\/blog.maciterneecolo.fr\/da\/vandmodstandsdygtighed-i-lokale-myndigheder-hvorfor-de-skal-taenke-som-individer\/#primaryimage"},"thumbnailUrl":"https:\/\/blog.maciterneecolo.fr\/wp-content\/uploads\/2025\/05\/pexels-scottwebb-137582-scaled.jpg","datePublished":"2025-09-09T11:00:00+00:00","description":"Franske lokale myndigheder er n\u00f8dt til at t\u00e6nke som enkeltpersoner for at sikre modstandsdygtig vandforvaltning i lyset af t\u00f8rke.","breadcrumb":{"@id":"https:\/\/blog.maciterneecolo.fr\/da\/vandmodstandsdygtighed-i-lokale-myndigheder-hvorfor-de-skal-taenke-som-individer\/#breadcrumb"},"inLanguage":"da-DK","potentialAction":[{"@type":"ReadAction","target":["https:\/\/blog.maciterneecolo.fr\/da\/vandmodstandsdygtighed-i-lokale-myndigheder-hvorfor-de-skal-taenke-som-individer\/"]}]},{"@type":"ImageObject","inLanguage":"da-DK","@id":"https:\/\/blog.maciterneecolo.fr\/da\/vandmodstandsdygtighed-i-lokale-myndigheder-hvorfor-de-skal-taenke-som-individer\/#primaryimage","url":"https:\/\/blog.maciterneecolo.fr\/wp-content\/uploads\/2025\/05\/pexels-scottwebb-137582-scaled.jpg","contentUrl":"https:\/\/blog.maciterneecolo.fr\/wp-content\/uploads\/2025\/05\/pexels-scottwebb-137582-scaled.jpg","width":2560,"height":1698},{"@type":"BreadcrumbList","@id":"https:\/\/blog.maciterneecolo.fr\/da\/vandmodstandsdygtighed-i-lokale-myndigheder-hvorfor-de-skal-taenke-som-individer\/#breadcrumb","itemListElement":[{"@type":"ListItem","position":1,"name":"Accueil","item":"https:\/\/blog.maciterneecolo.fr\/da\/"},{"@type":"ListItem","position":2,"name":"Vandmodstandsdygtighed i lokale myndigheder: hvorfor de skal t\u00e6nke som individer"}]},{"@type":"WebSite","@id":"https:\/\/blog.maciterneecolo.fr\/da\/#website","url":"https:\/\/blog.maciterneecolo.fr\/da\/","name":"Blog Ma Citerne Ecolo","description":"Leader dans le domaine de la citerne souple d&#039;eau de pluie","publisher":{"@id":"https:\/\/blog.maciterneecolo.fr\/da\/#organization"},"potentialAction":[{"@type":"SearchAction","target":{"@type":"EntryPoint","urlTemplate":"https:\/\/blog.maciterneecolo.fr\/da\/?s={search_term_string}"},"query-input":{"@type":"PropertyValueSpecification","valueRequired":true,"valueName":"search_term_string"}}],"inLanguage":"da-DK"},{"@type":"Organization","@id":"https:\/\/blog.maciterneecolo.fr\/da\/#organization","name":"Blog Ma Citerne Ecolo","url":"https:\/\/blog.maciterneecolo.fr\/da\/","logo":{"@type":"ImageObject","inLanguage":"da-DK","@id":"https:\/\/blog.maciterneecolo.fr\/da\/#\/schema\/logo\/image\/","url":"https:\/\/blog.maciterneecolo.fr\/wp-content\/uploads\/2022\/12\/cropped-favicon-blog.png","contentUrl":"https:\/\/blog.maciterneecolo.fr\/wp-content\/uploads\/2022\/12\/cropped-favicon-blog.png","width":512,"height":512,"caption":"Blog Ma Citerne Ecolo"},"image":{"@id":"https:\/\/blog.maciterneecolo.fr\/da\/#\/schema\/logo\/image\/"}},{"@type":"Person","@id":"https:\/\/blog.maciterneecolo.fr\/da\/#\/schema\/person\/fe50d00b4e639107698e1ddead236943","name":"B\u00e9n\u00e9dicte Rebolloso","image":{"@type":"ImageObject","inLanguage":"da-DK","@id":"https:\/\/secure.gravatar.com\/avatar\/ffa759db2a4d8ebb52a58b89d3dc2a9f0395a5122bb839045a145d6585de1126?s=96&d=mm&r=g","url":"https:\/\/secure.gravatar.com\/avatar\/ffa759db2a4d8ebb52a58b89d3dc2a9f0395a5122bb839045a145d6585de1126?s=96&d=mm&r=g","contentUrl":"https:\/\/secure.gravatar.com\/avatar\/ffa759db2a4d8ebb52a58b89d3dc2a9f0395a5122bb839045a145d6585de1126?s=96&d=mm&r=g","caption":"B\u00e9n\u00e9dicte Rebolloso"},"url":"https:\/\/blog.maciterneecolo.fr\/da\/author\/benedicterebolloso\/"}]}},"_links":{"self":[{"href":"https:\/\/blog.maciterneecolo.fr\/da\/wp-json\/wp\/v2\/posts\/14566","targetHints":{"allow":["GET"]}}],"collection":[{"href":"https:\/\/blog.maciterneecolo.fr\/da\/wp-json\/wp\/v2\/posts"}],"about":[{"href":"https:\/\/blog.maciterneecolo.fr\/da\/wp-json\/wp\/v2\/types\/post"}],"author":[{"embeddable":true,"href":"https:\/\/blog.maciterneecolo.fr\/da\/wp-json\/wp\/v2\/users\/4"}],"replies":[{"embeddable":true,"href":"https:\/\/blog.maciterneecolo.fr\/da\/wp-json\/wp\/v2\/comments?post=14566"}],"version-history":[{"count":1,"href":"https:\/\/blog.maciterneecolo.fr\/da\/wp-json\/wp\/v2\/posts\/14566\/revisions"}],"predecessor-version":[{"id":14567,"href":"https:\/\/blog.maciterneecolo.fr\/da\/wp-json\/wp\/v2\/posts\/14566\/revisions\/14567"}],"wp:featuredmedia":[{"embeddable":true,"href":"https:\/\/blog.maciterneecolo.fr\/da\/wp-json\/wp\/v2\/media\/14553"}],"wp:attachment":[{"href":"https:\/\/blog.maciterneecolo.fr\/da\/wp-json\/wp\/v2\/media?parent=14566"}],"wp:term":[{"taxonomy":"category","embeddable":true,"href":"https:\/\/blog.maciterneecolo.fr\/da\/wp-json\/wp\/v2\/categories?post=14566"},{"taxonomy":"post_tag","embeddable":true,"href":"https:\/\/blog.maciterneecolo.fr\/da\/wp-json\/wp\/v2\/tags?post=14566"}],"curies":[{"name":"wp","href":"https:\/\/api.w.org\/{rel}","templated":true}]}}