{"id":1490,"date":"2022-12-13T15:13:06","date_gmt":"2022-12-13T15:13:06","guid":{"rendered":"https:\/\/blog.maciterneecolo.fr\/kan-en-fleksibel-tank-spraenge\/"},"modified":"2024-09-03T15:02:11","modified_gmt":"2024-09-03T15:02:11","slug":"kan-en-fleksibel-tank-spraenge","status":"publish","type":"post","link":"https:\/\/blog.maciterneecolo.fr\/da\/kan-en-fleksibel-tank-spraenge\/","title":{"rendered":"Kan en fleksibel tank spr\u00e6nge?"},"content":{"rendered":"\n<p class=\"has-black-color has-white-background-color has-text-color has-background has-link-color wp-elements-f91347e91a4efe324431b5e1308d02cc\">Du t\u00e6nker sikkert, at en fleksibel cisterne til opsamling og opbevaring af regnvand er praktisk.\nMen betyder det faktum, at den er fleksibel, at den kan spr\u00e6nge?\nDet er logisk, at du undrer dig over kvaliteten og p\u00e5lideligheden af det produkt, du k\u00f8ber.    <\/p>\n\n<p class=\"has-black-color has-white-background-color has-text-color has-background has-link-color wp-elements-8ebd4278ccd602024a5c671b4b401a06\">Under alle omst\u00e6ndigheder kan du besvare dit sp\u00f8rgsm\u00e5l med <a href=\"https:\/\/www.maciterneecolo.fr\/fr\/\"><strong><mark style=\"background-color:#ffffff;color:#35879e\" class=\"has-inline-color\">maciterneecolo.fr<\/mark><\/strong><\/a>garanterer vi, at ingen tank kan spr\u00e6nge.\nFaktisk, hvis du f\u00f8lger instruktionerne i <a href=\"https:\/\/www.maciterneecolo.fr\/fr\/content\/6-guide-de-tailles\"><strong><mark style=\"background-color:#ffffff;color:#35879e\" class=\"has-inline-color\">vejledningerne<\/mark><\/strong><\/a> p\u00e5 vores hjemmeside, vil der ikke ske nogen eksplosion.\nVores topprodukter kan kun eksplodere, hvis de uds\u00e6ttes for unormal slitage.\nDet sker yderst sj\u00e6ldent.     <\/p>\n\n<h2 class=\"wp-block-heading alignwide has-white-background-color has-text-color has-background has-link-color has-large-font-size wp-elements-75b3ccec714dd053f7bbdbe0e887a695\" style=\"color:#35879e\"><strong>Pas p\u00e5 de potentielle risici ved fleksible tanke med lav r\u00e6kkevidde!<\/strong><\/h2>\n\n<p class=\"has-black-color has-white-background-color has-text-color has-background has-link-color wp-elements-fb3e33c4edba29707bdb65102333d70f\">I 2018, i byen Pont-\u00e0-Mousson i det nord\u00f8stlige Frankrig, sprang en <a href=\"https:\/\/www.estrepublicain.fr\/edition-de-pont-a-mousson\/2018\/04\/11\/une-citerne-d-eau-de-pluie-explose\"><strong><mark style=\"background-color:#ffffff;color:#35879e\" class=\"has-inline-color\">tank sprang i luften<\/mark><\/strong><\/a>kun f\u00e5 meter fra r\u00e5dhuset.\nKommunen havde investeret i 3 fleksible regnvandstanke.\nDet oplagrede vand blev brugt til vanding af gr\u00f8nne omr\u00e5der og vask af kommunale k\u00f8ret\u00f8jer.\nDen p\u00e5g\u00e6ldende regnvandsopsamler blev brugt som brandreserve.\nDen var derfor meget nyttig for beboerne.    <\/p>\n\n<p class=\"has-black-color has-white-background-color has-text-color has-background has-link-color wp-elements-1e12aa5452b1f134c981c86d504e1c36\">Efter 7 \u00e5rs loyal tjeneste, sommer og vinter, uanset vejret, er den <a href=\"https:\/\/www.maciterneecolo.fr\/fr\/3-citernes-souples\"><strong><mark style=\"background-color:#ffffff;color:#35879e\" class=\"has-inline-color\">fleksible tank <\/mark><\/strong><\/a>eksplodere!\nDenne eksplosion er resultatet af voldsomme vinde, men frem for alt af en brug, der er lige s\u00e5 intensiv som altid p\u00e5 trods af dens alder.\nFredag den 6. april 2018 var det kommunale tekniske center i Pont-\u00e0-Mousson derfor skueplads for en us\u00e6dvanlig h\u00e6ndelse, der kunne have udviklet sig til et mareridt.    <\/p>\n\n<p class=\"has-black-color has-white-background-color has-text-color has-background has-link-color wp-elements-c91d070243b6a7a8238542361dd65322\">Du kan v\u00e6re sikker p\u00e5, at dette er et enkeltst\u00e5ende tilf\u00e6lde.\nDen intensive brug og helt sikkert kvaliteten af den fleksible cisterne er \u00e5rsagerne til, at denne begivenhed fandt sted.\nHvis du v\u00e6lger et regnvandsopsamlingssystem af dokumenteret kvalitet og f\u00f8lger installations- og brugsanvisningen, er der derfor ingen risiko for, at den spr\u00e6nger!\nS\u00e5 du vil kun nyde godt af fordelene ved denne fleksible tank.\nSammenlignet med<a href=\"https:\/\/blog.maciterneecolo.fr\/da\/top-5-regnvandsopsamlere-i-frankrig\/\"><strong><mark style=\"background-color:#ffffff;color:#35879e\" class=\"has-inline-color\">andre regnvandsopsamlere<\/mark><\/strong><\/a>er det den fleksible tank, der skiller sig ud fra m\u00e6ngden!    <\/p>\n\n<h2 class=\"wp-block-heading alignwide has-white-background-color has-text-color has-background has-link-color has-large-font-size wp-elements-955bcea9b0a54f894dc4e790b2d36609\" id=\"ybc_heading_h2_1\" style=\"color:#35879e\"><strong>N\u00e5r alt kommer til alt, kan en fleksibel PVC-tank spr\u00e6nge?<\/strong><\/h2>\n\n<h3 class=\"wp-block-heading has-vivid-cyan-blue-color has-white-background-color has-text-color has-background has-link-color wp-elements-ec9f06f99e45cbbec9b4c7e2f2da4edb\" style=\"font-size:30px\">Grundene til, at en fleksibel tank er modstandsdygtig<\/h3>\n\n<p class=\"has-black-color has-white-background-color has-text-color has-background has-link-color wp-elements-81fd73f1afc57e6ca7c4987a44eaf031\">Umiddelbart kan en fleksibel tank ikke spr\u00e6nge.\nDet er klart, at der ikke er noget, der hedder nul risiko.\nMen hvis den eksploderer, er der en grund til det.\nDet sker kun undtagelsesvis i tilf\u00e6lde af fremskreden slitage, f.eks. som f\u00f8lge af forkert brug.\nS\u00e5 tag ikke let p\u00e5 dit valg, og find ud af, hvad der er god praksis ved brug af fleksible rekuperatorer.    <\/p>\n\n<p class=\"has-black-color has-white-background-color has-text-color has-background has-link-color wp-elements-ec5263abede0db00a2a1ee6f36533e6f\">Is\u00e6r fordi fleksible tanke er opbevaringsudstyr, der bruges b\u00e5de af professionelle og af privatpersoner.\nDe har bevist deres v\u00e6rd, fordi de kan rumme regnvand s\u00e5vel som andre v\u00e6sker.\nDu kan opbevare spildevand, kemikalier eller benzin i dem.\nFleksible regnvandstanke er designet til at opbevare v\u00e6sker i st\u00f8rre eller mindre grad!   <\/p>\n\n<p class=\"has-black-color has-white-background-color has-text-color has-background has-link-color wp-elements-e92b30636d502f053d5bcc37f158120d\">Hvad mere er, kan<a href=\"https:\/\/blog.maciterneecolo.fr\/da\/du-kan-selv-installere-et-regnvandsopsamlingssystem\/\"><strong><mark style=\"background-color:#ffffff;color:#35879e\" class=\"has-inline-color\">installation af en fleksibel tank<\/mark><\/strong><\/a> meget let takket v\u00e6re vores installationsvejledning, som n\u00f8je beskriver hvert trin, et for et.\nVores kundeserviceteam st\u00e5r klar til at besvare alle sp\u00f8rgsm\u00e5l, du m\u00e5tte have om installation af en fleksibel tank.\nOg glem ikke, at hvis du f\u00e5r problemer, kan du f\u00e5 din fleksible tank repareret.  <\/p>\n\n<h3 class=\"wp-block-heading has-vivid-cyan-blue-color has-white-background-color has-text-color has-background has-link-color wp-elements-5fabdb7843d7a1d967b758dd9d77fd2a\" id=\"ybc_heading_h2_2\" style=\"font-size:30px\">Kan en fleksibel tank eksplodere, n\u00e5r den uds\u00e6ttes for frost og langvarig eksponering for solen?  <\/h3>\n\n<p class=\"has-black-color has-white-background-color has-text-color has-background has-link-color wp-elements-c7f13d6b458501baee4f0c014a501e41\">Hvis du er overbevist om, at en regnvandsbeholder kun kan holde til godt vejr, s\u00e5 tro om igen.\nFaktisk kan din regnvandsopsamler klare sig selv i sne, frost, langvarig soleksponering, tordenvejr &#8230;!\nDet er forst\u00e5eligt, at disse s\u00e6rlige og til tider ekstreme vejrforhold f\u00e5r dig til at bekymre dig om at k\u00f8be en af vores fleksible tanke.\nMen i virkeligheden kan disse tanke modst\u00e5 alt slags vejr!\nFaktisk er der ingen trussel mod levetiden for en fleksibel tank i topkvalitet som vores.    <\/p>\n\n<h2 class=\"wp-block-heading has-white-background-color has-text-color has-background has-link-color has-large-font-size wp-elements-f24529f75900096c22855b66cacb7522\" id=\"ybc_heading_h2_3\" style=\"color:#35879e\"><strong>Konklusion: de vigtigste funktioner til valg af et regnvandsopsamlingssystem<\/strong><\/h2>\n\n<p class=\"has-black-color has-white-background-color has-text-color has-background has-link-color wp-elements-2e5f62f5492c9f8dc4b1adf2676e4b25\">Her er nogle ting, du skal huske p\u00e5, n\u00e5r du k\u00f8ber en fleksibel tank, s\u00e5 du investerer i et produkt, der holder b\u00e5de sommer og vinter:  <\/p>\n\n<ul class=\"wp-block-list\">\n<li><mark style=\"background-color:#ffffff\" class=\"has-inline-color has-black-color\">St\u00f8rrelsen p\u00e5 den fleksible tank<\/mark>;<\/li>\n\n\n\n<li><mark style=\"background-color:#ffffff\" class=\"has-inline-color has-black-color\">Dens volumen ;<\/mark><\/li>\n\n\n\n<li><mark style=\"background-color:#ffffff\" class=\"has-inline-color has-black-color\">Det tryk, der underst\u00f8ttes af den fleksible tank ;<\/mark><\/li>\n\n\n\n<li><mark style=\"background-color:#ffffff\" class=\"has-inline-color has-black-color\">Det tilg\u00e6ngelige og n\u00f8dvendige installationsomr\u00e5de for den fleksible tank ;<\/mark><\/li>\n\n\n\n<li><mark style=\"background-color:#ffffff\" class=\"has-inline-color has-black-color\">Hvordan den fleksible tank skal bruges.<\/mark><\/li>\n<\/ul>\n\n<p class=\"has-black-color has-white-background-color has-text-color has-background has-link-color wp-elements-55ae328fa8f6d2f9c163ae2880f60231\">Vores fleksible regnvandsskimmere er fremstillet af genbrugsplast.\nUd over at g\u00f8re en indsats for milj\u00f8et f\u00e5r du ogs\u00e5 markedets bedste priser!\nKontakt os for at f\u00e5 et gratis <strong>tilbud <\/strong>.\nDet eneste, du skal g\u00f8re, er at fort\u00e6lle os om dit projekt (valg af h\u00f8jde, opbevaringskapacitet, form p\u00e5 den fleksible tank osv.)   <\/p>\n","protected":false},"excerpt":{"rendered":"<p>Du t\u00e6nker sikkert, at en fleksibel cisterne til opsamling og opbevaring af regnvand er praktisk. Men betyder det faktum, at den er fleksibel, at den kan spr\u00e6nge? Det er logisk, at du undrer dig over kvaliteten og p\u00e5lideligheden af det produkt, du k\u00f8ber. Under alle omst\u00e6ndigheder kan du besvare dit sp\u00f8rgsm\u00e5l med maciterneecolo.frgaranterer vi, at [&hellip;]<\/p>\n","protected":false},"author":2,"featured_media":595,"comment_status":"closed","ping_status":"closed","sticky":false,"template":"","format":"standard","meta":{"inline_featured_image":false,"footnotes":""},"categories":[80,79],"tags":[280,60,279],"class_list":["post-1490","post","type-post","status-publish","format-standard","has-post-thumbnail","hentry","category-fleksible-beholdere","category-installation-af-en-fleksibel-tank","tag-burst","tag-fleksibel-tank","tag-opsamling-af-regnvand"],"yoast_head":"<!-- This site is optimized with the Yoast SEO plugin v27.4 - https:\/\/yoast.com\/product\/yoast-seo-wordpress\/ -->\n<title>Kan en fleksibel tank spr\u00e6nge? - Blog Ma Citerne Ecolo<\/title>\n<meta name=\"description\" content=\"Tror du, at en fleksibel cisterne kan spr\u00e6nge? Men denne regnvandsopsamler er uforligneligt robust. Vi forklarer det hele...\" \/>\n<meta name=\"robots\" content=\"index, follow, max-snippet:-1, max-image-preview:large, max-video-preview:-1\" \/>\n<link rel=\"canonical\" href=\"https:\/\/blog.maciterneecolo.fr\/da\/kan-en-fleksibel-tank-spraenge\/\" \/>\n<meta property=\"og:locale\" content=\"da_DK\" \/>\n<meta property=\"og:type\" content=\"article\" \/>\n<meta property=\"og:title\" content=\"Kan en fleksibel tank spr\u00e6nge? - Blog Ma Citerne Ecolo\" \/>\n<meta property=\"og:description\" content=\"Tror du, at en fleksibel cisterne kan spr\u00e6nge? Men denne regnvandsopsamler er uforligneligt robust. Vi forklarer det hele...\" \/>\n<meta property=\"og:url\" content=\"https:\/\/blog.maciterneecolo.fr\/da\/kan-en-fleksibel-tank-spraenge\/\" \/>\n<meta property=\"og:site_name\" content=\"Blog Ma Citerne Ecolo\" \/>\n<meta property=\"article:published_time\" content=\"2022-12-13T15:13:06+00:00\" \/>\n<meta property=\"article:modified_time\" content=\"2024-09-03T15:02:11+00:00\" \/>\n<meta property=\"og:image\" content=\"https:\/\/blog.maciterneecolo.fr\/wp-content\/uploads\/2022\/12\/citerne-souple-2.jpeg\" \/>\n\t<meta property=\"og:image:width\" content=\"800\" \/>\n\t<meta property=\"og:image:height\" content=\"800\" \/>\n\t<meta property=\"og:image:type\" content=\"image\/jpeg\" \/>\n<meta name=\"author\" content=\"Lucile\" \/>\n<meta name=\"twitter:card\" content=\"summary_large_image\" \/>\n<meta name=\"twitter:label1\" content=\"Skrevet af\" \/>\n\t<meta name=\"twitter:data1\" content=\"Lucile\" \/>\n\t<meta name=\"twitter:label2\" content=\"Estimeret l\u00e6setid\" \/>\n\t<meta name=\"twitter:data2\" content=\"4 minutter\" \/>\n<script type=\"application\/ld+json\" class=\"yoast-schema-graph\">{\"@context\":\"https:\\\/\\\/schema.org\",\"@graph\":[{\"@type\":\"Article\",\"@id\":\"https:\\\/\\\/blog.maciterneecolo.fr\\\/da\\\/kan-en-fleksibel-tank-spraenge\\\/#article\",\"isPartOf\":{\"@id\":\"https:\\\/\\\/blog.maciterneecolo.fr\\\/da\\\/kan-en-fleksibel-tank-spraenge\\\/\"},\"author\":{\"name\":\"Lucile\",\"@id\":\"https:\\\/\\\/blog.maciterneecolo.fr\\\/da\\\/#\\\/schema\\\/person\\\/cfb93b191140c86292f0707edfd4b6fe\"},\"headline\":\"Kan en fleksibel tank spr\u00e6nge?\",\"datePublished\":\"2022-12-13T15:13:06+00:00\",\"dateModified\":\"2024-09-03T15:02:11+00:00\",\"mainEntityOfPage\":{\"@id\":\"https:\\\/\\\/blog.maciterneecolo.fr\\\/da\\\/kan-en-fleksibel-tank-spraenge\\\/\"},\"wordCount\":778,\"publisher\":{\"@id\":\"https:\\\/\\\/blog.maciterneecolo.fr\\\/da\\\/#organization\"},\"image\":{\"@id\":\"https:\\\/\\\/blog.maciterneecolo.fr\\\/da\\\/kan-en-fleksibel-tank-spraenge\\\/#primaryimage\"},\"thumbnailUrl\":\"https:\\\/\\\/blog.maciterneecolo.fr\\\/wp-content\\\/uploads\\\/2022\\\/12\\\/citerne-souple-2.jpeg\",\"keywords\":[\"burst\",\"fleksibel tank\",\"opsamling af regnvand\"],\"articleSection\":[\"Fleksible beholdere\",\"Installation af en fleksibel tank\"],\"inLanguage\":\"da-DK\"},{\"@type\":\"WebPage\",\"@id\":\"https:\\\/\\\/blog.maciterneecolo.fr\\\/da\\\/kan-en-fleksibel-tank-spraenge\\\/\",\"url\":\"https:\\\/\\\/blog.maciterneecolo.fr\\\/da\\\/kan-en-fleksibel-tank-spraenge\\\/\",\"name\":\"Kan en fleksibel tank spr\u00e6nge? - Blog Ma Citerne Ecolo\",\"isPartOf\":{\"@id\":\"https:\\\/\\\/blog.maciterneecolo.fr\\\/da\\\/#website\"},\"primaryImageOfPage\":{\"@id\":\"https:\\\/\\\/blog.maciterneecolo.fr\\\/da\\\/kan-en-fleksibel-tank-spraenge\\\/#primaryimage\"},\"image\":{\"@id\":\"https:\\\/\\\/blog.maciterneecolo.fr\\\/da\\\/kan-en-fleksibel-tank-spraenge\\\/#primaryimage\"},\"thumbnailUrl\":\"https:\\\/\\\/blog.maciterneecolo.fr\\\/wp-content\\\/uploads\\\/2022\\\/12\\\/citerne-souple-2.jpeg\",\"datePublished\":\"2022-12-13T15:13:06+00:00\",\"dateModified\":\"2024-09-03T15:02:11+00:00\",\"description\":\"Tror du, at en fleksibel cisterne kan spr\u00e6nge? Men denne regnvandsopsamler er uforligneligt robust. Vi forklarer det hele...\",\"breadcrumb\":{\"@id\":\"https:\\\/\\\/blog.maciterneecolo.fr\\\/da\\\/kan-en-fleksibel-tank-spraenge\\\/#breadcrumb\"},\"inLanguage\":\"da-DK\",\"potentialAction\":[{\"@type\":\"ReadAction\",\"target\":[\"https:\\\/\\\/blog.maciterneecolo.fr\\\/da\\\/kan-en-fleksibel-tank-spraenge\\\/\"]}]},{\"@type\":\"ImageObject\",\"inLanguage\":\"da-DK\",\"@id\":\"https:\\\/\\\/blog.maciterneecolo.fr\\\/da\\\/kan-en-fleksibel-tank-spraenge\\\/#primaryimage\",\"url\":\"https:\\\/\\\/blog.maciterneecolo.fr\\\/wp-content\\\/uploads\\\/2022\\\/12\\\/citerne-souple-2.jpeg\",\"contentUrl\":\"https:\\\/\\\/blog.maciterneecolo.fr\\\/wp-content\\\/uploads\\\/2022\\\/12\\\/citerne-souple-2.jpeg\",\"width\":800,\"height\":800},{\"@type\":\"BreadcrumbList\",\"@id\":\"https:\\\/\\\/blog.maciterneecolo.fr\\\/da\\\/kan-en-fleksibel-tank-spraenge\\\/#breadcrumb\",\"itemListElement\":[{\"@type\":\"ListItem\",\"position\":1,\"name\":\"Accueil\",\"item\":\"https:\\\/\\\/blog.maciterneecolo.fr\\\/da\\\/\"},{\"@type\":\"ListItem\",\"position\":2,\"name\":\"Kan en fleksibel tank spr\u00e6nge?\"}]},{\"@type\":\"WebSite\",\"@id\":\"https:\\\/\\\/blog.maciterneecolo.fr\\\/da\\\/#website\",\"url\":\"https:\\\/\\\/blog.maciterneecolo.fr\\\/da\\\/\",\"name\":\"Blog Ma Citerne Ecolo\",\"description\":\"Leader dans le domaine de la citerne souple d&#039;eau de pluie\",\"publisher\":{\"@id\":\"https:\\\/\\\/blog.maciterneecolo.fr\\\/da\\\/#organization\"},\"potentialAction\":[{\"@type\":\"SearchAction\",\"target\":{\"@type\":\"EntryPoint\",\"urlTemplate\":\"https:\\\/\\\/blog.maciterneecolo.fr\\\/da\\\/?s={search_term_string}\"},\"query-input\":{\"@type\":\"PropertyValueSpecification\",\"valueRequired\":true,\"valueName\":\"search_term_string\"}}],\"inLanguage\":\"da-DK\"},{\"@type\":\"Organization\",\"@id\":\"https:\\\/\\\/blog.maciterneecolo.fr\\\/da\\\/#organization\",\"name\":\"Blog Ma Citerne Ecolo\",\"url\":\"https:\\\/\\\/blog.maciterneecolo.fr\\\/da\\\/\",\"logo\":{\"@type\":\"ImageObject\",\"inLanguage\":\"da-DK\",\"@id\":\"https:\\\/\\\/blog.maciterneecolo.fr\\\/da\\\/#\\\/schema\\\/logo\\\/image\\\/\",\"url\":\"https:\\\/\\\/blog.maciterneecolo.fr\\\/wp-content\\\/uploads\\\/2022\\\/12\\\/cropped-favicon-blog.png\",\"contentUrl\":\"https:\\\/\\\/blog.maciterneecolo.fr\\\/wp-content\\\/uploads\\\/2022\\\/12\\\/cropped-favicon-blog.png\",\"width\":512,\"height\":512,\"caption\":\"Blog Ma Citerne Ecolo\"},\"image\":{\"@id\":\"https:\\\/\\\/blog.maciterneecolo.fr\\\/da\\\/#\\\/schema\\\/logo\\\/image\\\/\"}},{\"@type\":\"Person\",\"@id\":\"https:\\\/\\\/blog.maciterneecolo.fr\\\/da\\\/#\\\/schema\\\/person\\\/cfb93b191140c86292f0707edfd4b6fe\",\"name\":\"Lucile\",\"image\":{\"@type\":\"ImageObject\",\"inLanguage\":\"da-DK\",\"@id\":\"https:\\\/\\\/secure.gravatar.com\\\/avatar\\\/3c571ab7761bcc142db76a63f33a2a5ebee8b76990a871c9329e3e6df7ae9f3c?s=96&d=mm&r=g\",\"url\":\"https:\\\/\\\/secure.gravatar.com\\\/avatar\\\/3c571ab7761bcc142db76a63f33a2a5ebee8b76990a871c9329e3e6df7ae9f3c?s=96&d=mm&r=g\",\"contentUrl\":\"https:\\\/\\\/secure.gravatar.com\\\/avatar\\\/3c571ab7761bcc142db76a63f33a2a5ebee8b76990a871c9329e3e6df7ae9f3c?s=96&d=mm&r=g\",\"caption\":\"Lucile\"},\"url\":\"https:\\\/\\\/blog.maciterneecolo.fr\\\/da\\\/author\\\/lucilewerkeyn\\\/\"}]}<\/script>\n<!-- \/ Yoast SEO plugin. -->","yoast_head_json":{"title":"Kan en fleksibel tank spr\u00e6nge? - Blog Ma Citerne Ecolo","description":"Tror du, at en fleksibel cisterne kan spr\u00e6nge? Men denne regnvandsopsamler er uforligneligt robust. Vi forklarer det hele...","robots":{"index":"index","follow":"follow","max-snippet":"max-snippet:-1","max-image-preview":"max-image-preview:large","max-video-preview":"max-video-preview:-1"},"canonical":"https:\/\/blog.maciterneecolo.fr\/da\/kan-en-fleksibel-tank-spraenge\/","og_locale":"da_DK","og_type":"article","og_title":"Kan en fleksibel tank spr\u00e6nge? - Blog Ma Citerne Ecolo","og_description":"Tror du, at en fleksibel cisterne kan spr\u00e6nge? Men denne regnvandsopsamler er uforligneligt robust. Vi forklarer det hele...","og_url":"https:\/\/blog.maciterneecolo.fr\/da\/kan-en-fleksibel-tank-spraenge\/","og_site_name":"Blog Ma Citerne Ecolo","article_published_time":"2022-12-13T15:13:06+00:00","article_modified_time":"2024-09-03T15:02:11+00:00","og_image":[{"width":800,"height":800,"url":"https:\/\/blog.maciterneecolo.fr\/wp-content\/uploads\/2022\/12\/citerne-souple-2.jpeg","type":"image\/jpeg"}],"author":"Lucile","twitter_card":"summary_large_image","twitter_misc":{"Skrevet af":"Lucile","Estimeret l\u00e6setid":"4 minutter"},"schema":{"@context":"https:\/\/schema.org","@graph":[{"@type":"Article","@id":"https:\/\/blog.maciterneecolo.fr\/da\/kan-en-fleksibel-tank-spraenge\/#article","isPartOf":{"@id":"https:\/\/blog.maciterneecolo.fr\/da\/kan-en-fleksibel-tank-spraenge\/"},"author":{"name":"Lucile","@id":"https:\/\/blog.maciterneecolo.fr\/da\/#\/schema\/person\/cfb93b191140c86292f0707edfd4b6fe"},"headline":"Kan en fleksibel tank spr\u00e6nge?","datePublished":"2022-12-13T15:13:06+00:00","dateModified":"2024-09-03T15:02:11+00:00","mainEntityOfPage":{"@id":"https:\/\/blog.maciterneecolo.fr\/da\/kan-en-fleksibel-tank-spraenge\/"},"wordCount":778,"publisher":{"@id":"https:\/\/blog.maciterneecolo.fr\/da\/#organization"},"image":{"@id":"https:\/\/blog.maciterneecolo.fr\/da\/kan-en-fleksibel-tank-spraenge\/#primaryimage"},"thumbnailUrl":"https:\/\/blog.maciterneecolo.fr\/wp-content\/uploads\/2022\/12\/citerne-souple-2.jpeg","keywords":["burst","fleksibel tank","opsamling af regnvand"],"articleSection":["Fleksible beholdere","Installation af en fleksibel tank"],"inLanguage":"da-DK"},{"@type":"WebPage","@id":"https:\/\/blog.maciterneecolo.fr\/da\/kan-en-fleksibel-tank-spraenge\/","url":"https:\/\/blog.maciterneecolo.fr\/da\/kan-en-fleksibel-tank-spraenge\/","name":"Kan en fleksibel tank spr\u00e6nge? - Blog Ma Citerne Ecolo","isPartOf":{"@id":"https:\/\/blog.maciterneecolo.fr\/da\/#website"},"primaryImageOfPage":{"@id":"https:\/\/blog.maciterneecolo.fr\/da\/kan-en-fleksibel-tank-spraenge\/#primaryimage"},"image":{"@id":"https:\/\/blog.maciterneecolo.fr\/da\/kan-en-fleksibel-tank-spraenge\/#primaryimage"},"thumbnailUrl":"https:\/\/blog.maciterneecolo.fr\/wp-content\/uploads\/2022\/12\/citerne-souple-2.jpeg","datePublished":"2022-12-13T15:13:06+00:00","dateModified":"2024-09-03T15:02:11+00:00","description":"Tror du, at en fleksibel cisterne kan spr\u00e6nge? Men denne regnvandsopsamler er uforligneligt robust. Vi forklarer det hele...","breadcrumb":{"@id":"https:\/\/blog.maciterneecolo.fr\/da\/kan-en-fleksibel-tank-spraenge\/#breadcrumb"},"inLanguage":"da-DK","potentialAction":[{"@type":"ReadAction","target":["https:\/\/blog.maciterneecolo.fr\/da\/kan-en-fleksibel-tank-spraenge\/"]}]},{"@type":"ImageObject","inLanguage":"da-DK","@id":"https:\/\/blog.maciterneecolo.fr\/da\/kan-en-fleksibel-tank-spraenge\/#primaryimage","url":"https:\/\/blog.maciterneecolo.fr\/wp-content\/uploads\/2022\/12\/citerne-souple-2.jpeg","contentUrl":"https:\/\/blog.maciterneecolo.fr\/wp-content\/uploads\/2022\/12\/citerne-souple-2.jpeg","width":800,"height":800},{"@type":"BreadcrumbList","@id":"https:\/\/blog.maciterneecolo.fr\/da\/kan-en-fleksibel-tank-spraenge\/#breadcrumb","itemListElement":[{"@type":"ListItem","position":1,"name":"Accueil","item":"https:\/\/blog.maciterneecolo.fr\/da\/"},{"@type":"ListItem","position":2,"name":"Kan en fleksibel tank spr\u00e6nge?"}]},{"@type":"WebSite","@id":"https:\/\/blog.maciterneecolo.fr\/da\/#website","url":"https:\/\/blog.maciterneecolo.fr\/da\/","name":"Blog Ma Citerne Ecolo","description":"Leader dans le domaine de la citerne souple d&#039;eau de pluie","publisher":{"@id":"https:\/\/blog.maciterneecolo.fr\/da\/#organization"},"potentialAction":[{"@type":"SearchAction","target":{"@type":"EntryPoint","urlTemplate":"https:\/\/blog.maciterneecolo.fr\/da\/?s={search_term_string}"},"query-input":{"@type":"PropertyValueSpecification","valueRequired":true,"valueName":"search_term_string"}}],"inLanguage":"da-DK"},{"@type":"Organization","@id":"https:\/\/blog.maciterneecolo.fr\/da\/#organization","name":"Blog Ma Citerne Ecolo","url":"https:\/\/blog.maciterneecolo.fr\/da\/","logo":{"@type":"ImageObject","inLanguage":"da-DK","@id":"https:\/\/blog.maciterneecolo.fr\/da\/#\/schema\/logo\/image\/","url":"https:\/\/blog.maciterneecolo.fr\/wp-content\/uploads\/2022\/12\/cropped-favicon-blog.png","contentUrl":"https:\/\/blog.maciterneecolo.fr\/wp-content\/uploads\/2022\/12\/cropped-favicon-blog.png","width":512,"height":512,"caption":"Blog Ma Citerne Ecolo"},"image":{"@id":"https:\/\/blog.maciterneecolo.fr\/da\/#\/schema\/logo\/image\/"}},{"@type":"Person","@id":"https:\/\/blog.maciterneecolo.fr\/da\/#\/schema\/person\/cfb93b191140c86292f0707edfd4b6fe","name":"Lucile","image":{"@type":"ImageObject","inLanguage":"da-DK","@id":"https:\/\/secure.gravatar.com\/avatar\/3c571ab7761bcc142db76a63f33a2a5ebee8b76990a871c9329e3e6df7ae9f3c?s=96&d=mm&r=g","url":"https:\/\/secure.gravatar.com\/avatar\/3c571ab7761bcc142db76a63f33a2a5ebee8b76990a871c9329e3e6df7ae9f3c?s=96&d=mm&r=g","contentUrl":"https:\/\/secure.gravatar.com\/avatar\/3c571ab7761bcc142db76a63f33a2a5ebee8b76990a871c9329e3e6df7ae9f3c?s=96&d=mm&r=g","caption":"Lucile"},"url":"https:\/\/blog.maciterneecolo.fr\/da\/author\/lucilewerkeyn\/"}]}},"_links":{"self":[{"href":"https:\/\/blog.maciterneecolo.fr\/da\/wp-json\/wp\/v2\/posts\/1490","targetHints":{"allow":["GET"]}}],"collection":[{"href":"https:\/\/blog.maciterneecolo.fr\/da\/wp-json\/wp\/v2\/posts"}],"about":[{"href":"https:\/\/blog.maciterneecolo.fr\/da\/wp-json\/wp\/v2\/types\/post"}],"author":[{"embeddable":true,"href":"https:\/\/blog.maciterneecolo.fr\/da\/wp-json\/wp\/v2\/users\/2"}],"replies":[{"embeddable":true,"href":"https:\/\/blog.maciterneecolo.fr\/da\/wp-json\/wp\/v2\/comments?post=1490"}],"version-history":[{"count":2,"href":"https:\/\/blog.maciterneecolo.fr\/da\/wp-json\/wp\/v2\/posts\/1490\/revisions"}],"predecessor-version":[{"id":12058,"href":"https:\/\/blog.maciterneecolo.fr\/da\/wp-json\/wp\/v2\/posts\/1490\/revisions\/12058"}],"wp:featuredmedia":[{"embeddable":true,"href":"https:\/\/blog.maciterneecolo.fr\/da\/wp-json\/wp\/v2\/media\/595"}],"wp:attachment":[{"href":"https:\/\/blog.maciterneecolo.fr\/da\/wp-json\/wp\/v2\/media?parent=1490"}],"wp:term":[{"taxonomy":"category","embeddable":true,"href":"https:\/\/blog.maciterneecolo.fr\/da\/wp-json\/wp\/v2\/categories?post=1490"},{"taxonomy":"post_tag","embeddable":true,"href":"https:\/\/blog.maciterneecolo.fr\/da\/wp-json\/wp\/v2\/tags?post=1490"}],"curies":[{"name":"wp","href":"https:\/\/api.w.org\/{rel}","templated":true}]}}