{"id":14907,"date":"2025-10-21T08:00:00","date_gmt":"2025-10-21T08:00:00","guid":{"rendered":"https:\/\/blog.maciterneecolo.fr\/?p=14907"},"modified":"2025-09-08T09:42:15","modified_gmt":"2025-09-08T09:42:15","slug":"kortlaegning-af-tilgaengeligheden-af-regnvand-hvorfor-er-nogle-regioner-i-frankrig-bedre-stillet-end-andre","status":"publish","type":"post","link":"https:\/\/blog.maciterneecolo.fr\/da\/kortlaegning-af-tilgaengeligheden-af-regnvand-hvorfor-er-nogle-regioner-i-frankrig-bedre-stillet-end-andre\/","title":{"rendered":"Kortl\u00e6gning af tilg\u00e6ngeligheden af regnvand: Hvorfor er nogle regioner i Frankrig bedre stillet end andre?"},"content":{"rendered":"\n<p>Vand er en af de mest v\u00e6rdifulde ressourcer for menneskers liv og \u00f8kosystemer. Men i Frankrig er fordelingen af denne ressource dybt p\u00e5virket af klimaforandringer. Den globale opvarmning \u00f8ger temperaturen i atmosf\u00e6ren, \u00e6ndrer atmosf\u00e6riske f\u00e6nomener og \u00f8ger risikoen for t\u00f8rke. Konsekvenserne kan ses p\u00e5 flere niveauer: lavere grundvandsspejl, reduceret vandkvalitet, \u00f8get pres p\u00e5 populationer og arter.   <\/p>\n\n<p>Videnskabelige rapporter minder os hvert \u00e5r om, at drivhusgasser, der produceres af menneskelige aktiviteter, forstyrrer klimaet og forstyrrer vandets kredsl\u00f8b. I denne sammenh\u00e6ng har visse regioner en fordel, mens andre lider under store problemer. Kortl\u00e6gning er et vigtigt redskab til at forst\u00e5 disse p\u00e5virkninger, planl\u00e6gge bedre forvaltning og forudse konsekvenserne for sundhed og b\u00e6redygtig udvikling.  <\/p>\n\n<p>Denne artikel unders\u00f8ger i detaljer, hvorfor nogle regioner i Frankrig har mere regnvand end andre. Vi ser p\u00e5 de involverede klimaf\u00e6nomener, de naturlige \u00e5rsager, indvirkningen p\u00e5 \u00f8kosystemerne og de l\u00f8sninger, der kan implementeres for at forvalte denne livsvigtige ressource bedre. <\/p>\n\n<h2 class=\"wp-block-heading\">Forst\u00e5else af tilg\u00e6ngeligheden af regnvand<\/h2>\n\n<h3 class=\"wp-block-heading\">Nedb\u00f8rens rolle og vandets kredsl\u00f8b<\/h3>\n\n<p>Nedb\u00f8r er kernen i vandets kredsl\u00f8b. Den bestemmer m\u00e6ngden af overflade- og grundvand, der er til r\u00e5dighed for mennesker og \u00f8kosystemer. Men som f\u00f8lge af den globale opvarmning er fordelingen af nedb\u00f8r ved at \u00e6ndre sig radikalt. Nogle omr\u00e5der oplever en stigning i nedb\u00f8rsm\u00e6ngden, mens andre oplever en bekymrende mangel.   <\/p>\n\n<p><a href=\"https:\/\/blog.maciterneecolo.fr\/da\/toerkens-indvirkning-paa-vores-hverdag-det-skal-du-vide\/\">Disse klimaforandringer har direkte konsekvenser<\/a>: \u00e6ndringer i grundvandsstanden, variationer i flodernes vandstand og en forringelse af vandkvaliteten. Videnskabelig forskning fremh\u00e6ver sammenh\u00e6ngen mellem atmosf\u00e6ren, drivhusgasser og den \u00f8gede hyppighed af ekstreme vejrbegivenheder. <\/p>\n\n<h3 class=\"wp-block-heading\">Naturlige faktorer: terr\u00e6n, jordbund og grundvandsspejl<\/h3>\n\n<p>Tilg\u00e6ngeligheden af vand afh\u00e6nger ikke kun af klimaet, men ogs\u00e5 af jordbund og topografi. Bjerg\u00f8kosystemer som Pyren\u00e6erne og Centralmassivet optager mere fugt. Omvendt tillader kalkstenssletter, at vand infiltrerer hurtigt, hvilket \u00e6ndrer grundvandsniveauet. Det har store konsekvenser for b\u00e5de arter og befolkning: ulige adgang til ressourcer, sundhedsrisici i forbindelse med faldende kvalitet, sp\u00e6ndinger i forbindelse med landbrugsdrift.   <\/p>\n\n<h3 class=\"wp-block-heading\">Vigtigheden af nedb\u00f8rsdata for forvaltningen<\/h3>\n\n<p>Kortl\u00e6gning er baseret p\u00e5 pr\u00e6cise data. I Frankrig udarbejder M\u00e9t\u00e9o-France og afvandingsorganerne videnskabelige rapporter om klimaf\u00e6nomener, de observerede \u00e6ndringer og de forvaltningsm\u00e6ssige konsekvenser. Disse v\u00e6rkt\u00f8jer giver en bedre forst\u00e5else af, p\u00e5 hvilken skala der skal handles, hvordan man tilpasser forbrugsm\u00f8nstre, og hvor problemerne opst\u00e5r.  <\/p>\n\n<h2 class=\"wp-block-heading\">Markante regionale forskelle i Frankrig<\/h2>\n\n<h3 class=\"wp-block-heading\">Vandrige regioner<\/h3>\n\n<p>Nogle omr\u00e5der er s\u00e6rligt velforsynede med ressourcer. Bretagne, Centralmassivet og Pyren\u00e6erne har store m\u00e6ngder nedb\u00f8r. I disse regioner underst\u00f8tter tilg\u00e6ngeligheden af vand \u00f8kosystemerne, fremmer landbruget og reducerer risikoen for befolkningen. Rapporterne viser en klar sammenh\u00e6ng mellem havklima, hyppige atmosf\u00e6riske f\u00e6nomener og rigelige vandressourcer.   <\/p>\n\n<h3 class=\"wp-block-heading\">Skr\u00f8belige omr\u00e5der<\/h3>\n\n<p>Det syd\u00f8stlige Frankrig er et godt eksempel p\u00e5 klimaforandringernes konsekvenser. Manglende nedb\u00f8r, stigende temperaturer og hedeb\u00f8lger f\u00e5r grundvandsspejlet til at blive kritisk og vandstanden i reservoirerne til at falde. \u00d8kosystemerne lider, visse arter forsvinder, og den menneskelige befolkning lider under restriktioner. Videnskabelige rapporter understreger, at disse f\u00e6nomener forv\u00e6rres af menneskelige aktiviteter og udledning af drivhusgasser.   <\/p>\n\n<h3 class=\"wp-block-heading\">Klimaforandringernes indvirkning p\u00e5 fordelingen af nedb\u00f8r<\/h3>\n\n<p>Den globale opvarmning er et stort problem. Klimaforandringerne \u00e6ndrer nedb\u00f8rens hyppighed og intensitet. Den nordvestlige del oplever en betydelig stigning, mens den sydlige del oplever et vedvarende underskud. I stor skala er konsekvenserne indlysende: lavere grundvandsstand, sundhedsrisici, \u00f8get pres p\u00e5 befolkningen og forringelse af vandkvaliteten.   <\/p>\n\n<figure class=\"wp-block-image size-large\"><img fetchpriority=\"high\" decoding=\"async\" width=\"1024\" height=\"610\" src=\"https:\/\/blog.maciterneecolo.fr\/wp-content\/uploads\/2025\/09\/output-1024x610.png\" alt=\"\" class=\"wp-image-14822\" srcset=\"https:\/\/blog.maciterneecolo.fr\/wp-content\/uploads\/2025\/09\/output-1024x610.png 1024w, https:\/\/blog.maciterneecolo.fr\/wp-content\/uploads\/2025\/09\/output-300x179.png 300w, https:\/\/blog.maciterneecolo.fr\/wp-content\/uploads\/2025\/09\/output-768x458.png 768w, https:\/\/blog.maciterneecolo.fr\/wp-content\/uploads\/2025\/09\/output-1536x915.png 1536w, https:\/\/blog.maciterneecolo.fr\/wp-content\/uploads\/2025\/09\/output.png 1980w\" sizes=\"(max-width: 1024px) 100vw, 1024px\" \/><\/figure>\n\n<h2 class=\"wp-block-heading\">Fordelene ved kortl\u00e6gning for enkeltpersoner og lokale myndigheder<\/h2>\n\n<h3 class=\"wp-block-heading\">Dimensionering af din fleksible tank, s\u00e5 den passer til din region<\/h3>\n\n<p>Kortl\u00e6gning g\u00f8r det muligt <a href=\"https:\/\/blog.maciterneecolo.fr\/da\/hvad-er-den-rigtige-stoerrelse-til-en-regnvandsopsamler\/\">at dimensionere lagerfaciliteter mere effektivt.<\/a> I omr\u00e5der med rigelig nedb\u00f8r er en tank p\u00e5 5.000 liter tilstr\u00e6kkelig. I regioner, der er p\u00e5virket af klimaforandringer, er der brug for st\u00f8rre tanke. Vandforvaltning i denne skala er afg\u00f8rende for at reducere risikoen for t\u00f8rke.   <\/p>\n\n<h3 class=\"wp-block-heading\">Forudse restriktioner og planl\u00e6g din vanding bedre<\/h3>\n\n<p>For befolkningen er kortl\u00e6gning et v\u00e6rkt\u00f8j til tilpasning. Den g\u00f8r det muligt at planl\u00e6gge vanding, fordele brugen mere j\u00e6vnt og reducere virkningen af t\u00f8rke. Ved at forbinde videnskabelige rapporter med lokal praksis fremh\u00e6ver den forbindelsen mellem klimaforandringer og menneskers livskvalitet.  <\/p>\n\n<h3 class=\"wp-block-heading\">Et v\u00e6rkt\u00f8j til at \u00f8ge bevidstheden og hj\u00e6lpe med at tr\u00e6ffe \u00f8kologiske beslutninger<\/h3>\n\n<p>Kartografi er ogs\u00e5 et p\u00e6dagogisk v\u00e6rkt\u00f8j. Den synligg\u00f8r konsekvenserne af menneskelige aktiviteter, viser problemernes oprindelse, forklarer klimaforandringer og deres indvirkning p\u00e5 befolkningen. Brugt korrekt tilskynder det til bedre forvaltning af ressourcer, styrker videnskabelig forskning og st\u00f8tter b\u00e6redygtig udvikling.  <\/p>\n\n<h2 class=\"wp-block-heading\">P\u00e5 vej mod optimeret regnvandsh\u00e5ndtering i Frankrig<\/h2>\n\n<h3 class=\"wp-block-heading\">Digitale v\u00e6rkt\u00f8jer og interaktive kort er tilg\u00e6ngelige<\/h3>\n\n<p>De interaktive kort, som produceres af institutioner i Frankrig, er vigtige v\u00e6rkt\u00f8jer. De oms\u00e6tter videnskabelige rapporter til billeder og fremh\u00e6ver klimaf\u00e6nomener, deres konsekvenser og deres indvirkning p\u00e5 lokalt niveau. P\u00e5 den m\u00e5de kan folk bedre forst\u00e5 risiciene, forudse t\u00f8rkeperioder og tilpasse deres forbrug.  <\/p>\n\n<h3 class=\"wp-block-heading\">Komplementaritet med indenlandsk og landbrugsm\u00e6ssig genopretning<\/h3>\n\n<p>Lokale l\u00f8sninger som <a href=\"https:\/\/www.maciterneecolo.fr\/fr\/3-citernes-souples\">fleksible cisterner<\/a>, underjordiske tanke og vandingssystemer er afg\u00f8rende. De hj\u00e6lper med at opveje klimaforandringer og forbedre \u00f8kosystemernes og befolkningens modstandsdygtighed. De opmuntres af videnskabelige rapporter, der viser deres positive indvirkning p\u00e5 ressourceforvaltningen.  <\/p>\n\n<h3 class=\"wp-block-heading\">En l\u00f8ftestang til at tilpasse sig tilbagevendende t\u00f8rkeperioder<\/h3>\n\n<p>I lyset af t\u00f8rken m\u00e5 Frankrig s\u00e6tte sin lid til videnskabelig forskning og udvikling af nye teknologier. Klimaforandringer er et stort problem, men det er muligt at tilpasse sig. Ved at kombinere kortl\u00e6gning, reducere gasemissioner, beskytte \u00f8kosystemer og forvalte vand bedre kan samfundet reducere risiciene og sikre en acceptabel livskvalitet for fremtidige generationer.  <\/p>\n\n<h2 class=\"wp-block-heading\">Konklusion<\/h2>\n\n<p>Klimaforandringerne \u00e6ndrer tilg\u00e6ngeligheden af vand i Frankrig. Nogle regioner er rigelige, andre skr\u00f8belige. Kortl\u00e6gning afsl\u00f8rer virkningerne, forklarer konsekvenserne og guider folk mod bedre ressourceforvaltning. Takket v\u00e6re videnskabelig forskning, rapporter og digitale v\u00e6rkt\u00f8jer kan vi bedre forudse problemer, reducere risici, beskytte \u00f8kosystemer og forbedre menneskers sundhed.   <\/p>\n","protected":false},"excerpt":{"rendered":"<p>Vand er en af de mest v\u00e6rdifulde ressourcer for menneskers liv og \u00f8kosystemer. Men i Frankrig er fordelingen af denne ressource dybt p\u00e5virket af klimaforandringer. Den globale opvarmning \u00f8ger temperaturen i atmosf\u00e6ren, \u00e6ndrer atmosf\u00e6riske f\u00e6nomener og \u00f8ger risikoen for t\u00f8rke. Konsekvenserne kan ses p\u00e5 flere niveauer: lavere grundvandsspejl, reduceret vandkvalitet, \u00f8get pres p\u00e5 populationer og [&hellip;]<\/p>\n","protected":false},"author":4,"featured_media":14834,"comment_status":"open","ping_status":"closed","sticky":false,"template":"","format":"standard","meta":{"inline_featured_image":false,"footnotes":""},"categories":[80,2260],"tags":[],"class_list":["post-14907","post","type-post","status-publish","format-standard","has-post-thumbnail","hentry","category-fleksible-beholdere","category-rad-om-valg-af-den-rigtige-fleksible-tank"],"yoast_head":"<!-- This site is optimized with the Yoast SEO plugin v27.4 - https:\/\/yoast.com\/product\/yoast-seo-wordpress\/ -->\n<title>Kortl\u00e6gning af tilg\u00e6ngeligheden af regnvand: Hvorfor er nogle regioner i Frankrig bedre stillet end andre? - Blog Ma Citerne Ecolo<\/title>\n<meta name=\"description\" content=\"Tilg\u00e6ngelighed af regnvand i Frankrig: forst\u00e5else af regionale forskelle, klimatiske p\u00e5virkninger og forbedring af forvaltningen.\" \/>\n<meta name=\"robots\" content=\"index, follow, max-snippet:-1, max-image-preview:large, max-video-preview:-1\" \/>\n<link rel=\"canonical\" href=\"https:\/\/blog.maciterneecolo.fr\/da\/kortlaegning-af-tilgaengeligheden-af-regnvand-hvorfor-er-nogle-regioner-i-frankrig-bedre-stillet-end-andre\/\" \/>\n<meta property=\"og:locale\" content=\"da_DK\" \/>\n<meta property=\"og:type\" content=\"article\" \/>\n<meta property=\"og:title\" content=\"Kortl\u00e6gning af tilg\u00e6ngeligheden af regnvand: Hvorfor er nogle regioner i Frankrig bedre stillet end andre? - Blog Ma Citerne Ecolo\" \/>\n<meta property=\"og:description\" content=\"Tilg\u00e6ngelighed af regnvand i Frankrig: forst\u00e5else af regionale forskelle, klimatiske p\u00e5virkninger og forbedring af forvaltningen.\" \/>\n<meta property=\"og:url\" content=\"https:\/\/blog.maciterneecolo.fr\/da\/kortlaegning-af-tilgaengeligheden-af-regnvand-hvorfor-er-nogle-regioner-i-frankrig-bedre-stillet-end-andre\/\" \/>\n<meta property=\"og:site_name\" content=\"Blog Ma Citerne Ecolo\" \/>\n<meta property=\"article:published_time\" content=\"2025-10-21T08:00:00+00:00\" \/>\n<meta property=\"og:image\" content=\"https:\/\/blog.maciterneecolo.fr\/wp-content\/uploads\/2025\/09\/ChatGPT-Image-8-sept.-2025-09_59_45.png\" \/>\n\t<meta property=\"og:image:width\" content=\"1024\" \/>\n\t<meta property=\"og:image:height\" content=\"1024\" \/>\n\t<meta property=\"og:image:type\" content=\"image\/png\" \/>\n<meta name=\"author\" content=\"B\u00e9n\u00e9dicte Rebolloso\" \/>\n<meta name=\"twitter:card\" content=\"summary_large_image\" \/>\n<meta name=\"twitter:label1\" content=\"Skrevet af\" \/>\n\t<meta name=\"twitter:data1\" content=\"B\u00e9n\u00e9dicte Rebolloso\" \/>\n\t<meta name=\"twitter:label2\" content=\"Estimeret l\u00e6setid\" \/>\n\t<meta name=\"twitter:data2\" content=\"5 minutter\" \/>\n<script type=\"application\/ld+json\" class=\"yoast-schema-graph\">{\"@context\":\"https:\\\/\\\/schema.org\",\"@graph\":[{\"@type\":\"Article\",\"@id\":\"https:\\\/\\\/blog.maciterneecolo.fr\\\/da\\\/kortlaegning-af-tilgaengeligheden-af-regnvand-hvorfor-er-nogle-regioner-i-frankrig-bedre-stillet-end-andre\\\/#article\",\"isPartOf\":{\"@id\":\"https:\\\/\\\/blog.maciterneecolo.fr\\\/da\\\/kortlaegning-af-tilgaengeligheden-af-regnvand-hvorfor-er-nogle-regioner-i-frankrig-bedre-stillet-end-andre\\\/\"},\"author\":{\"name\":\"B\u00e9n\u00e9dicte Rebolloso\",\"@id\":\"https:\\\/\\\/blog.maciterneecolo.fr\\\/da\\\/#\\\/schema\\\/person\\\/fe50d00b4e639107698e1ddead236943\"},\"headline\":\"Kortl\u00e6gning af tilg\u00e6ngeligheden af regnvand: Hvorfor er nogle regioner i Frankrig bedre stillet end andre?\",\"datePublished\":\"2025-10-21T08:00:00+00:00\",\"mainEntityOfPage\":{\"@id\":\"https:\\\/\\\/blog.maciterneecolo.fr\\\/da\\\/kortlaegning-af-tilgaengeligheden-af-regnvand-hvorfor-er-nogle-regioner-i-frankrig-bedre-stillet-end-andre\\\/\"},\"wordCount\":1021,\"commentCount\":0,\"publisher\":{\"@id\":\"https:\\\/\\\/blog.maciterneecolo.fr\\\/da\\\/#organization\"},\"image\":{\"@id\":\"https:\\\/\\\/blog.maciterneecolo.fr\\\/da\\\/kortlaegning-af-tilgaengeligheden-af-regnvand-hvorfor-er-nogle-regioner-i-frankrig-bedre-stillet-end-andre\\\/#primaryimage\"},\"thumbnailUrl\":\"https:\\\/\\\/blog.maciterneecolo.fr\\\/wp-content\\\/uploads\\\/2025\\\/09\\\/ChatGPT-Image-8-sept.-2025-09_59_45.png\",\"articleSection\":[\"Fleksible beholdere\",\"r\u00e5d om valg af den rigtige fleksible tank\"],\"inLanguage\":\"da-DK\",\"potentialAction\":[{\"@type\":\"CommentAction\",\"name\":\"Comment\",\"target\":[\"https:\\\/\\\/blog.maciterneecolo.fr\\\/da\\\/kortlaegning-af-tilgaengeligheden-af-regnvand-hvorfor-er-nogle-regioner-i-frankrig-bedre-stillet-end-andre\\\/#respond\"]}]},{\"@type\":\"WebPage\",\"@id\":\"https:\\\/\\\/blog.maciterneecolo.fr\\\/da\\\/kortlaegning-af-tilgaengeligheden-af-regnvand-hvorfor-er-nogle-regioner-i-frankrig-bedre-stillet-end-andre\\\/\",\"url\":\"https:\\\/\\\/blog.maciterneecolo.fr\\\/da\\\/kortlaegning-af-tilgaengeligheden-af-regnvand-hvorfor-er-nogle-regioner-i-frankrig-bedre-stillet-end-andre\\\/\",\"name\":\"Kortl\u00e6gning af tilg\u00e6ngeligheden af regnvand: Hvorfor er nogle regioner i Frankrig bedre stillet end andre? - Blog Ma Citerne Ecolo\",\"isPartOf\":{\"@id\":\"https:\\\/\\\/blog.maciterneecolo.fr\\\/da\\\/#website\"},\"primaryImageOfPage\":{\"@id\":\"https:\\\/\\\/blog.maciterneecolo.fr\\\/da\\\/kortlaegning-af-tilgaengeligheden-af-regnvand-hvorfor-er-nogle-regioner-i-frankrig-bedre-stillet-end-andre\\\/#primaryimage\"},\"image\":{\"@id\":\"https:\\\/\\\/blog.maciterneecolo.fr\\\/da\\\/kortlaegning-af-tilgaengeligheden-af-regnvand-hvorfor-er-nogle-regioner-i-frankrig-bedre-stillet-end-andre\\\/#primaryimage\"},\"thumbnailUrl\":\"https:\\\/\\\/blog.maciterneecolo.fr\\\/wp-content\\\/uploads\\\/2025\\\/09\\\/ChatGPT-Image-8-sept.-2025-09_59_45.png\",\"datePublished\":\"2025-10-21T08:00:00+00:00\",\"description\":\"Tilg\u00e6ngelighed af regnvand i Frankrig: forst\u00e5else af regionale forskelle, klimatiske p\u00e5virkninger og forbedring af forvaltningen.\",\"breadcrumb\":{\"@id\":\"https:\\\/\\\/blog.maciterneecolo.fr\\\/da\\\/kortlaegning-af-tilgaengeligheden-af-regnvand-hvorfor-er-nogle-regioner-i-frankrig-bedre-stillet-end-andre\\\/#breadcrumb\"},\"inLanguage\":\"da-DK\",\"potentialAction\":[{\"@type\":\"ReadAction\",\"target\":[\"https:\\\/\\\/blog.maciterneecolo.fr\\\/da\\\/kortlaegning-af-tilgaengeligheden-af-regnvand-hvorfor-er-nogle-regioner-i-frankrig-bedre-stillet-end-andre\\\/\"]}]},{\"@type\":\"ImageObject\",\"inLanguage\":\"da-DK\",\"@id\":\"https:\\\/\\\/blog.maciterneecolo.fr\\\/da\\\/kortlaegning-af-tilgaengeligheden-af-regnvand-hvorfor-er-nogle-regioner-i-frankrig-bedre-stillet-end-andre\\\/#primaryimage\",\"url\":\"https:\\\/\\\/blog.maciterneecolo.fr\\\/wp-content\\\/uploads\\\/2025\\\/09\\\/ChatGPT-Image-8-sept.-2025-09_59_45.png\",\"contentUrl\":\"https:\\\/\\\/blog.maciterneecolo.fr\\\/wp-content\\\/uploads\\\/2025\\\/09\\\/ChatGPT-Image-8-sept.-2025-09_59_45.png\",\"width\":1024,\"height\":1024},{\"@type\":\"BreadcrumbList\",\"@id\":\"https:\\\/\\\/blog.maciterneecolo.fr\\\/da\\\/kortlaegning-af-tilgaengeligheden-af-regnvand-hvorfor-er-nogle-regioner-i-frankrig-bedre-stillet-end-andre\\\/#breadcrumb\",\"itemListElement\":[{\"@type\":\"ListItem\",\"position\":1,\"name\":\"Accueil\",\"item\":\"https:\\\/\\\/blog.maciterneecolo.fr\\\/da\\\/\"},{\"@type\":\"ListItem\",\"position\":2,\"name\":\"Kortl\u00e6gning af tilg\u00e6ngeligheden af regnvand: Hvorfor er nogle regioner i Frankrig bedre stillet end andre?\"}]},{\"@type\":\"WebSite\",\"@id\":\"https:\\\/\\\/blog.maciterneecolo.fr\\\/da\\\/#website\",\"url\":\"https:\\\/\\\/blog.maciterneecolo.fr\\\/da\\\/\",\"name\":\"Blog Ma Citerne Ecolo\",\"description\":\"Leader dans le domaine de la citerne souple d&#039;eau de pluie\",\"publisher\":{\"@id\":\"https:\\\/\\\/blog.maciterneecolo.fr\\\/da\\\/#organization\"},\"potentialAction\":[{\"@type\":\"SearchAction\",\"target\":{\"@type\":\"EntryPoint\",\"urlTemplate\":\"https:\\\/\\\/blog.maciterneecolo.fr\\\/da\\\/?s={search_term_string}\"},\"query-input\":{\"@type\":\"PropertyValueSpecification\",\"valueRequired\":true,\"valueName\":\"search_term_string\"}}],\"inLanguage\":\"da-DK\"},{\"@type\":\"Organization\",\"@id\":\"https:\\\/\\\/blog.maciterneecolo.fr\\\/da\\\/#organization\",\"name\":\"Blog Ma Citerne Ecolo\",\"url\":\"https:\\\/\\\/blog.maciterneecolo.fr\\\/da\\\/\",\"logo\":{\"@type\":\"ImageObject\",\"inLanguage\":\"da-DK\",\"@id\":\"https:\\\/\\\/blog.maciterneecolo.fr\\\/da\\\/#\\\/schema\\\/logo\\\/image\\\/\",\"url\":\"https:\\\/\\\/blog.maciterneecolo.fr\\\/wp-content\\\/uploads\\\/2022\\\/12\\\/cropped-favicon-blog.png\",\"contentUrl\":\"https:\\\/\\\/blog.maciterneecolo.fr\\\/wp-content\\\/uploads\\\/2022\\\/12\\\/cropped-favicon-blog.png\",\"width\":512,\"height\":512,\"caption\":\"Blog Ma Citerne Ecolo\"},\"image\":{\"@id\":\"https:\\\/\\\/blog.maciterneecolo.fr\\\/da\\\/#\\\/schema\\\/logo\\\/image\\\/\"}},{\"@type\":\"Person\",\"@id\":\"https:\\\/\\\/blog.maciterneecolo.fr\\\/da\\\/#\\\/schema\\\/person\\\/fe50d00b4e639107698e1ddead236943\",\"name\":\"B\u00e9n\u00e9dicte Rebolloso\",\"image\":{\"@type\":\"ImageObject\",\"inLanguage\":\"da-DK\",\"@id\":\"https:\\\/\\\/secure.gravatar.com\\\/avatar\\\/ffa759db2a4d8ebb52a58b89d3dc2a9f0395a5122bb839045a145d6585de1126?s=96&d=mm&r=g\",\"url\":\"https:\\\/\\\/secure.gravatar.com\\\/avatar\\\/ffa759db2a4d8ebb52a58b89d3dc2a9f0395a5122bb839045a145d6585de1126?s=96&d=mm&r=g\",\"contentUrl\":\"https:\\\/\\\/secure.gravatar.com\\\/avatar\\\/ffa759db2a4d8ebb52a58b89d3dc2a9f0395a5122bb839045a145d6585de1126?s=96&d=mm&r=g\",\"caption\":\"B\u00e9n\u00e9dicte Rebolloso\"},\"url\":\"https:\\\/\\\/blog.maciterneecolo.fr\\\/da\\\/author\\\/benedicterebolloso\\\/\"}]}<\/script>\n<!-- \/ Yoast SEO plugin. -->","yoast_head_json":{"title":"Kortl\u00e6gning af tilg\u00e6ngeligheden af regnvand: Hvorfor er nogle regioner i Frankrig bedre stillet end andre? - Blog Ma Citerne Ecolo","description":"Tilg\u00e6ngelighed af regnvand i Frankrig: forst\u00e5else af regionale forskelle, klimatiske p\u00e5virkninger og forbedring af forvaltningen.","robots":{"index":"index","follow":"follow","max-snippet":"max-snippet:-1","max-image-preview":"max-image-preview:large","max-video-preview":"max-video-preview:-1"},"canonical":"https:\/\/blog.maciterneecolo.fr\/da\/kortlaegning-af-tilgaengeligheden-af-regnvand-hvorfor-er-nogle-regioner-i-frankrig-bedre-stillet-end-andre\/","og_locale":"da_DK","og_type":"article","og_title":"Kortl\u00e6gning af tilg\u00e6ngeligheden af regnvand: Hvorfor er nogle regioner i Frankrig bedre stillet end andre? - Blog Ma Citerne Ecolo","og_description":"Tilg\u00e6ngelighed af regnvand i Frankrig: forst\u00e5else af regionale forskelle, klimatiske p\u00e5virkninger og forbedring af forvaltningen.","og_url":"https:\/\/blog.maciterneecolo.fr\/da\/kortlaegning-af-tilgaengeligheden-af-regnvand-hvorfor-er-nogle-regioner-i-frankrig-bedre-stillet-end-andre\/","og_site_name":"Blog Ma Citerne Ecolo","article_published_time":"2025-10-21T08:00:00+00:00","og_image":[{"width":1024,"height":1024,"url":"https:\/\/blog.maciterneecolo.fr\/wp-content\/uploads\/2025\/09\/ChatGPT-Image-8-sept.-2025-09_59_45.png","type":"image\/png"}],"author":"B\u00e9n\u00e9dicte Rebolloso","twitter_card":"summary_large_image","twitter_misc":{"Skrevet af":"B\u00e9n\u00e9dicte Rebolloso","Estimeret l\u00e6setid":"5 minutter"},"schema":{"@context":"https:\/\/schema.org","@graph":[{"@type":"Article","@id":"https:\/\/blog.maciterneecolo.fr\/da\/kortlaegning-af-tilgaengeligheden-af-regnvand-hvorfor-er-nogle-regioner-i-frankrig-bedre-stillet-end-andre\/#article","isPartOf":{"@id":"https:\/\/blog.maciterneecolo.fr\/da\/kortlaegning-af-tilgaengeligheden-af-regnvand-hvorfor-er-nogle-regioner-i-frankrig-bedre-stillet-end-andre\/"},"author":{"name":"B\u00e9n\u00e9dicte Rebolloso","@id":"https:\/\/blog.maciterneecolo.fr\/da\/#\/schema\/person\/fe50d00b4e639107698e1ddead236943"},"headline":"Kortl\u00e6gning af tilg\u00e6ngeligheden af regnvand: Hvorfor er nogle regioner i Frankrig bedre stillet end andre?","datePublished":"2025-10-21T08:00:00+00:00","mainEntityOfPage":{"@id":"https:\/\/blog.maciterneecolo.fr\/da\/kortlaegning-af-tilgaengeligheden-af-regnvand-hvorfor-er-nogle-regioner-i-frankrig-bedre-stillet-end-andre\/"},"wordCount":1021,"commentCount":0,"publisher":{"@id":"https:\/\/blog.maciterneecolo.fr\/da\/#organization"},"image":{"@id":"https:\/\/blog.maciterneecolo.fr\/da\/kortlaegning-af-tilgaengeligheden-af-regnvand-hvorfor-er-nogle-regioner-i-frankrig-bedre-stillet-end-andre\/#primaryimage"},"thumbnailUrl":"https:\/\/blog.maciterneecolo.fr\/wp-content\/uploads\/2025\/09\/ChatGPT-Image-8-sept.-2025-09_59_45.png","articleSection":["Fleksible beholdere","r\u00e5d om valg af den rigtige fleksible tank"],"inLanguage":"da-DK","potentialAction":[{"@type":"CommentAction","name":"Comment","target":["https:\/\/blog.maciterneecolo.fr\/da\/kortlaegning-af-tilgaengeligheden-af-regnvand-hvorfor-er-nogle-regioner-i-frankrig-bedre-stillet-end-andre\/#respond"]}]},{"@type":"WebPage","@id":"https:\/\/blog.maciterneecolo.fr\/da\/kortlaegning-af-tilgaengeligheden-af-regnvand-hvorfor-er-nogle-regioner-i-frankrig-bedre-stillet-end-andre\/","url":"https:\/\/blog.maciterneecolo.fr\/da\/kortlaegning-af-tilgaengeligheden-af-regnvand-hvorfor-er-nogle-regioner-i-frankrig-bedre-stillet-end-andre\/","name":"Kortl\u00e6gning af tilg\u00e6ngeligheden af regnvand: Hvorfor er nogle regioner i Frankrig bedre stillet end andre? - Blog Ma Citerne Ecolo","isPartOf":{"@id":"https:\/\/blog.maciterneecolo.fr\/da\/#website"},"primaryImageOfPage":{"@id":"https:\/\/blog.maciterneecolo.fr\/da\/kortlaegning-af-tilgaengeligheden-af-regnvand-hvorfor-er-nogle-regioner-i-frankrig-bedre-stillet-end-andre\/#primaryimage"},"image":{"@id":"https:\/\/blog.maciterneecolo.fr\/da\/kortlaegning-af-tilgaengeligheden-af-regnvand-hvorfor-er-nogle-regioner-i-frankrig-bedre-stillet-end-andre\/#primaryimage"},"thumbnailUrl":"https:\/\/blog.maciterneecolo.fr\/wp-content\/uploads\/2025\/09\/ChatGPT-Image-8-sept.-2025-09_59_45.png","datePublished":"2025-10-21T08:00:00+00:00","description":"Tilg\u00e6ngelighed af regnvand i Frankrig: forst\u00e5else af regionale forskelle, klimatiske p\u00e5virkninger og forbedring af forvaltningen.","breadcrumb":{"@id":"https:\/\/blog.maciterneecolo.fr\/da\/kortlaegning-af-tilgaengeligheden-af-regnvand-hvorfor-er-nogle-regioner-i-frankrig-bedre-stillet-end-andre\/#breadcrumb"},"inLanguage":"da-DK","potentialAction":[{"@type":"ReadAction","target":["https:\/\/blog.maciterneecolo.fr\/da\/kortlaegning-af-tilgaengeligheden-af-regnvand-hvorfor-er-nogle-regioner-i-frankrig-bedre-stillet-end-andre\/"]}]},{"@type":"ImageObject","inLanguage":"da-DK","@id":"https:\/\/blog.maciterneecolo.fr\/da\/kortlaegning-af-tilgaengeligheden-af-regnvand-hvorfor-er-nogle-regioner-i-frankrig-bedre-stillet-end-andre\/#primaryimage","url":"https:\/\/blog.maciterneecolo.fr\/wp-content\/uploads\/2025\/09\/ChatGPT-Image-8-sept.-2025-09_59_45.png","contentUrl":"https:\/\/blog.maciterneecolo.fr\/wp-content\/uploads\/2025\/09\/ChatGPT-Image-8-sept.-2025-09_59_45.png","width":1024,"height":1024},{"@type":"BreadcrumbList","@id":"https:\/\/blog.maciterneecolo.fr\/da\/kortlaegning-af-tilgaengeligheden-af-regnvand-hvorfor-er-nogle-regioner-i-frankrig-bedre-stillet-end-andre\/#breadcrumb","itemListElement":[{"@type":"ListItem","position":1,"name":"Accueil","item":"https:\/\/blog.maciterneecolo.fr\/da\/"},{"@type":"ListItem","position":2,"name":"Kortl\u00e6gning af tilg\u00e6ngeligheden af regnvand: Hvorfor er nogle regioner i Frankrig bedre stillet end andre?"}]},{"@type":"WebSite","@id":"https:\/\/blog.maciterneecolo.fr\/da\/#website","url":"https:\/\/blog.maciterneecolo.fr\/da\/","name":"Blog Ma Citerne Ecolo","description":"Leader dans le domaine de la citerne souple d&#039;eau de pluie","publisher":{"@id":"https:\/\/blog.maciterneecolo.fr\/da\/#organization"},"potentialAction":[{"@type":"SearchAction","target":{"@type":"EntryPoint","urlTemplate":"https:\/\/blog.maciterneecolo.fr\/da\/?s={search_term_string}"},"query-input":{"@type":"PropertyValueSpecification","valueRequired":true,"valueName":"search_term_string"}}],"inLanguage":"da-DK"},{"@type":"Organization","@id":"https:\/\/blog.maciterneecolo.fr\/da\/#organization","name":"Blog Ma Citerne Ecolo","url":"https:\/\/blog.maciterneecolo.fr\/da\/","logo":{"@type":"ImageObject","inLanguage":"da-DK","@id":"https:\/\/blog.maciterneecolo.fr\/da\/#\/schema\/logo\/image\/","url":"https:\/\/blog.maciterneecolo.fr\/wp-content\/uploads\/2022\/12\/cropped-favicon-blog.png","contentUrl":"https:\/\/blog.maciterneecolo.fr\/wp-content\/uploads\/2022\/12\/cropped-favicon-blog.png","width":512,"height":512,"caption":"Blog Ma Citerne Ecolo"},"image":{"@id":"https:\/\/blog.maciterneecolo.fr\/da\/#\/schema\/logo\/image\/"}},{"@type":"Person","@id":"https:\/\/blog.maciterneecolo.fr\/da\/#\/schema\/person\/fe50d00b4e639107698e1ddead236943","name":"B\u00e9n\u00e9dicte Rebolloso","image":{"@type":"ImageObject","inLanguage":"da-DK","@id":"https:\/\/secure.gravatar.com\/avatar\/ffa759db2a4d8ebb52a58b89d3dc2a9f0395a5122bb839045a145d6585de1126?s=96&d=mm&r=g","url":"https:\/\/secure.gravatar.com\/avatar\/ffa759db2a4d8ebb52a58b89d3dc2a9f0395a5122bb839045a145d6585de1126?s=96&d=mm&r=g","contentUrl":"https:\/\/secure.gravatar.com\/avatar\/ffa759db2a4d8ebb52a58b89d3dc2a9f0395a5122bb839045a145d6585de1126?s=96&d=mm&r=g","caption":"B\u00e9n\u00e9dicte Rebolloso"},"url":"https:\/\/blog.maciterneecolo.fr\/da\/author\/benedicterebolloso\/"}]}},"_links":{"self":[{"href":"https:\/\/blog.maciterneecolo.fr\/da\/wp-json\/wp\/v2\/posts\/14907","targetHints":{"allow":["GET"]}}],"collection":[{"href":"https:\/\/blog.maciterneecolo.fr\/da\/wp-json\/wp\/v2\/posts"}],"about":[{"href":"https:\/\/blog.maciterneecolo.fr\/da\/wp-json\/wp\/v2\/types\/post"}],"author":[{"embeddable":true,"href":"https:\/\/blog.maciterneecolo.fr\/da\/wp-json\/wp\/v2\/users\/4"}],"replies":[{"embeddable":true,"href":"https:\/\/blog.maciterneecolo.fr\/da\/wp-json\/wp\/v2\/comments?post=14907"}],"version-history":[{"count":1,"href":"https:\/\/blog.maciterneecolo.fr\/da\/wp-json\/wp\/v2\/posts\/14907\/revisions"}],"predecessor-version":[{"id":14908,"href":"https:\/\/blog.maciterneecolo.fr\/da\/wp-json\/wp\/v2\/posts\/14907\/revisions\/14908"}],"wp:featuredmedia":[{"embeddable":true,"href":"https:\/\/blog.maciterneecolo.fr\/da\/wp-json\/wp\/v2\/media\/14834"}],"wp:attachment":[{"href":"https:\/\/blog.maciterneecolo.fr\/da\/wp-json\/wp\/v2\/media?parent=14907"}],"wp:term":[{"taxonomy":"category","embeddable":true,"href":"https:\/\/blog.maciterneecolo.fr\/da\/wp-json\/wp\/v2\/categories?post=14907"},{"taxonomy":"post_tag","embeddable":true,"href":"https:\/\/blog.maciterneecolo.fr\/da\/wp-json\/wp\/v2\/tags?post=14907"}],"curies":[{"name":"wp","href":"https:\/\/api.w.org\/{rel}","templated":true}]}}