{"id":15150,"date":"2025-12-06T12:00:00","date_gmt":"2025-12-06T12:00:00","guid":{"rendered":"https:\/\/blog.maciterneecolo.fr\/?p=15150"},"modified":"2025-09-11T12:19:56","modified_gmt":"2025-09-11T12:19:56","slug":"fleksible-reservoirer-og-vindyrkning-vandforvaltning-tilpasset-vinmarker-i-lyset-af-klimaforandringer","status":"publish","type":"post","link":"https:\/\/blog.maciterneecolo.fr\/da\/fleksible-reservoirer-og-vindyrkning-vandforvaltning-tilpasset-vinmarker-i-lyset-af-klimaforandringer\/","title":{"rendered":"Fleksible reservoirer og vindyrkning: vandforvaltning tilpasset vinmarker i lyset af klimaforandringer"},"content":{"rendered":"\n<p>Fransk vindyrkning er direkte udsat for virkningerne af klimaforandringerne. Med gentagne t\u00f8rkeperioder, faldende nedb\u00f8r og stigende temperaturer er tilg\u00e6ngeligheden af vand ved at blive et strategisk sp\u00f8rgsm\u00e5l for at opretholde druekvaliteten og g\u00e5rdens konkurrenceevne. Stillet over for denne udfordring vender flere og flere ving\u00e5rde sig mod fleksible reservoirer.  <\/p>\n\n<p>Dette udstyr er praktisk, \u00f8konomisk og tilpasningsdygtigt og g\u00f8r det muligt at opbevare regnvand og bruge det rationelt til kunstvanding. De passer perfekt ind i logikken om b\u00e6redygtig forvaltning af ressourcer og giver et praktisk svar til vinb\u00f8nder, der er ivrige efter at foregribe de kommende vanskelige klimatiske \u00e5r. <\/p>\n\n<h2 class=\"wp-block-heading\"><mark style=\"background-color:rgba(0, 0, 0, 0)\" class=\"has-inline-color has-vivid-cyan-blue-color\">Vandets udfordringer i moderne vindyrkning<\/mark><\/h2>\n\n<h3 class=\"wp-block-heading\">Klimaforandringer og deres indvirkning p\u00e5 vinmarker<\/h3>\n\n<p>I Frankrig <a href=\"https:\/\/blog.maciterneecolo.fr\/da\/toerkens-indvirkning-paa-vores-hverdag-det-skal-du-vide\/\">bliver t\u00f8rkeperioderne hyppigere og mere intense.<\/a> Jorden t\u00f8rrer hurtigere ud, og perioder med intens varme sv\u00e6kker vinstokkene. N\u00e5r regnen falder, kommer den nogle gange for pludseligt og er ikke altid til gavn for afgr\u00f8derne. Vinb\u00f8nderne er derfor n\u00f8dt til at finde nye l\u00f8sninger for at bevare kvaliteten og udbyttet af deres marker.   <\/p>\n\n<h3 class=\"wp-block-heading\">\u00d8gede vandkrav for at garantere druekvaliteten<\/h3>\n\n<p>Vand er ikke kun vigtigt for vinstokkenes v\u00e6kst, men ogs\u00e5 for den aromatiske koncentration og druernes modenhed. Mangel p\u00e5 vand kan f\u00f8re til et fald i volumen, vandstress og en forringelse af smagen. Landbrugspraksis skal derfor tilpasses for at forene h\u00f8stkvalitet med respekt for milj\u00f8et.  <\/p>\n\n<h3 class=\"wp-block-heading\">Franske vinb\u00f8nder har brug for at tilpasse sig<\/h3>\n\n<p>Ikke alle franske vinproducenter har samme evne til at tilpasse sig. De store huse kan investere i tung infrastruktur, mens de mindre ejendomme er p\u00e5 udkig efter mere fleksible, modul\u00e6re og tilg\u00e6ngelige l\u00f8sninger. <a href=\"https:\/\/www.maciterneecolo.fr\/fr\/3-citernes-souples\">Fleksible tanke<\/a> giver netop denne fleksibilitet, s\u00e5 hver eneste liter vand, der er til r\u00e5dighed, kan udnyttes optimalt.  <\/p>\n\n<h2 class=\"wp-block-heading\"><mark style=\"background-color:rgba(0, 0, 0, 0)\" class=\"has-inline-color has-vivid-cyan-blue-color\">Fleksible tanke: den rigtige l\u00f8sning til ving\u00e5rde<\/mark><\/h2>\n\n<h3 class=\"wp-block-heading\">Et system, der er nemt at installere og opbevare<\/h3>\n\n<p>En fleksibel tank er nem at installere. Den kan installeres p\u00e5 en flad, stabiliseret overflade uden behov for st\u00f8rre arbejde. Denne nemme installation g\u00f8r den til en s\u00e6rlig popul\u00e6r l\u00f8sning for vinavlere. Desuden kan den bruges i isolerede landomr\u00e5der, hvor de lokale myndigheder ikke altid har infrastruktur til dr\u00e6ning eller tilbageholdelse.   <\/p>\n\n<h3 class=\"wp-block-heading\">Modul\u00e6r kapacitet: fra sm\u00e5 ejendomme til store ving\u00e5rde<\/h3>\n\n<p>Fleksible tanke findes i mange forskellige st\u00f8rrelser, fra nogle f\u00e5 hundrede liter til flere hundrede kubikmeter. Det betyder, at de kan opfylde enhver bedrifts behov, fra en lille familieejendom til en stor eksportvinmark. Vinavlere kan f\u00e5 et personligt tilbud fra producenter eller fagfolk for at v\u00e6lge den bedst egnede kapacitet.  <\/p>\n\n<h3 class=\"wp-block-heading\">En praktisk l\u00f8sning til st\u00f8tte for regnvand og kunstvanding<\/h3>\n\n<p>Takket v\u00e6re deres fleksible anvendelse kan disse tanke opbevare regnvand, der opsamles via tage, tanke eller regnvandsopsamlingssystemer. Det kan derefter bruges til kontrolleret vanding med en kontrolleret hastighed. Dette system giver ekstra sikkerhed i tilf\u00e6lde af t\u00f8rke og et middel til bedre at styre de lokale ressourcer.  <\/p>\n\n<h2 class=\"wp-block-heading\"><mark style=\"background-color:rgba(0, 0, 0, 0)\" class=\"has-inline-color has-vivid-cyan-blue-color\">Optimering af vanding med fleksible tanke<\/mark><\/h2>\n\n<h3 class=\"wp-block-heading\">Drypvanding for at begr\u00e6nse forbruget<\/h3>\n\n<p><a href=\"https:\/\/blog.maciterneecolo.fr\/da\/drypvanding-en-revolution-for-din-have\/\">Drypvanding er den mest effektive metode til at vande vinstokke<\/a>. Kombineret med et fleksibelt reservoir giver det mulighed for at levere hver dr\u00e5be vand direkte til plantens bund uden tab gennem fordampning eller afstr\u00f8mning. Dette system im\u00f8dekommer udfordringen med at spare p\u00e5 vandressourcerne og samtidig garantere regelm\u00e6ssig, kontrolleret vanding.  <\/p>\n\n<h3 class=\"wp-block-heading\">Reservoirernes rolle i reguleringen af flow og vandkvalitet<\/h3>\n\n<p>En fleksibel tank beskytter vandet mod lys og forurenende stoffer. I mods\u00e6tning til \u00e5bne bassiner bevarer den vandkvaliteten og reducerer de risici, der er forbundet med spildevand eller organisk affald. Ved at kontrollere flowet sikrer den bedre vandforvaltning p\u00e5 g\u00e5rde og ving\u00e5rde.  <\/p>\n\n<h3 class=\"wp-block-heading\">Kombination af regnvandsopsamling og rationel kunstvanding<\/h3>\n\n<p>Ved at installere regnvandsopsamlere p\u00e5 tagene af landbrugsbygningerne kan vinb\u00f8nderne opsamle store m\u00e6ngder regnvand. Disse reserver opbevares derefter i fleksible tanke og bruges til b\u00e6redygtig kunstvanding. Det er et praktisk svar p\u00e5 klimaproblemerne og en m\u00e5de at optimere brugen af de tilg\u00e6ngelige ressourcer p\u00e5.  <\/p>\n\n<h2 class=\"wp-block-heading\"><mark style=\"background-color:rgba(0, 0, 0, 0)\" class=\"has-inline-color has-vivid-cyan-blue-color\">\u00d8konomiske og milj\u00f8m\u00e6ssige fordele for vinproducenter<\/mark><\/h2>\n\n<h3 class=\"wp-block-heading\">Lavere vandomkostninger og st\u00f8rre autonomi<\/h3>\n\n<p>En af de st\u00f8rste fordele ved fleksible tanke er de besparelser, de giver. Ved at reducere deres afh\u00e6ngighed af offentlige netv\u00e6rk kan vinb\u00f8nderne blive mere selvforsynende og deres forretning mere sikker. L\u00f8sninger af denne type kan ogs\u00e5 nyde godt af lokal eller national st\u00f8tte som en del af den \u00f8kologiske omstilling.  <\/p>\n\n<h3 class=\"wp-block-heading\">B\u00e6redygtig forvaltning af lokale ressourcer<\/h3>\n\n<p>Fleksible reservoirer hj\u00e6lper med at forbedre vandforvaltningen, hvad enten det er til drikkevand eller landbrug. De g\u00f8r det muligt at begr\u00e6nse m\u00e6ngden af vand, der tr\u00e6kkes fra grundvandsspejlet, og bedre h\u00e5ndtere uregelm\u00e6ssig nedb\u00f8r. Det er et b\u00e6redygtigt svar p\u00e5 de udfordringer, som den franske vindyrkning st\u00e5r over for.  <\/p>\n\n<h3 class=\"wp-block-heading\">Et v\u00e6rkt\u00f8j, der er kompatibelt med landbrugsst\u00f8tte og kollektive projekter<\/h3>\n\n<p>Mange lokale myndigheder opfordrer nu til at installere systemer til opbevaring af regnvand. Vinavlere kan f\u00e5 finansiering, teknisk st\u00f8tte og endda kollektive projekter baseret p\u00e5 fleksible l\u00f8sninger. Det g\u00f8r det lettere at integrere regnvandsopbevaringssystemer i moderne landbrugspraksis.  <\/p>\n\n<h2 class=\"wp-block-heading\"><mark style=\"background-color:rgba(0, 0, 0, 0)\" class=\"has-inline-color has-vivid-cyan-blue-color\">En varig allieret for fransk vindyrkning<\/mark><\/h2>\n\n<p>Vandets kredsl\u00f8b er kernen i fremtidens vindyrkning. Fleksible tanke er et effektivt og billigt svar p\u00e5 udfordringerne ved klimaforandringerne. Deres lette installation, tilpasningsevne og \u00f8konomiske fordele g\u00f8r dem til en vigtig l\u00f8sning for g\u00e5rdene.  <\/p>\n\n<p>Ved at opbevare regnvand og omfordele det p\u00e5 en intelligent m\u00e5de bliver disse reservoirer \u00e6gte v\u00e6rkt\u00f8jer til modstandsdygtighed. De giver franske vinb\u00f8nder mulighed for at bevare kvaliteten af deres h\u00f8st og samtidig anvende en b\u00e6redygtig tilgang. <\/p>\n\n<p><\/p>\n","protected":false},"excerpt":{"rendered":"<p>Fransk vindyrkning er direkte udsat for virkningerne af klimaforandringerne. Med gentagne t\u00f8rkeperioder, faldende nedb\u00f8r og stigende temperaturer er tilg\u00e6ngeligheden af vand ved at blive et strategisk sp\u00f8rgsm\u00e5l for at opretholde druekvaliteten og g\u00e5rdens konkurrenceevne. Stillet over for denne udfordring vender flere og flere ving\u00e5rde sig mod fleksible reservoirer. Dette udstyr er praktisk, \u00f8konomisk og tilpasningsdygtigt [&hellip;]<\/p>\n","protected":false},"author":4,"featured_media":15142,"comment_status":"open","ping_status":"closed","sticky":false,"template":"","format":"standard","meta":{"inline_featured_image":false,"footnotes":""},"categories":[80,90],"tags":[],"class_list":["post-15150","post","type-post","status-publish","format-standard","has-post-thumbnail","hentry","category-fleksible-beholdere","category-sadan-fungerer-en-fleksibel-tank"],"yoast_head":"<!-- This site is optimized with the Yoast SEO plugin v27.4 - https:\/\/yoast.com\/product\/yoast-seo-wordpress\/ -->\n<title>Fleksible reservoirer og vindyrkning: vandforvaltning tilpasset vinmarker i lyset af klimaforandringer - Blog Ma Citerne Ecolo<\/title>\n<meta name=\"description\" content=\"Fleksible reservoirer hj\u00e6lper ving\u00e5rde med at h\u00e5ndtere vand i lyset af klimaforandringerne: opbevaring, rationel kunstvanding og b\u00e6redygtighed.\" \/>\n<meta name=\"robots\" content=\"index, follow, max-snippet:-1, max-image-preview:large, max-video-preview:-1\" \/>\n<link rel=\"canonical\" href=\"https:\/\/blog.maciterneecolo.fr\/da\/fleksible-reservoirer-og-vindyrkning-vandforvaltning-tilpasset-vinmarker-i-lyset-af-klimaforandringer\/\" \/>\n<meta property=\"og:locale\" content=\"da_DK\" \/>\n<meta property=\"og:type\" content=\"article\" \/>\n<meta property=\"og:title\" content=\"Fleksible reservoirer og vindyrkning: vandforvaltning tilpasset vinmarker i lyset af klimaforandringer - Blog Ma Citerne Ecolo\" \/>\n<meta property=\"og:description\" content=\"Fleksible reservoirer hj\u00e6lper ving\u00e5rde med at h\u00e5ndtere vand i lyset af klimaforandringerne: opbevaring, rationel kunstvanding og b\u00e6redygtighed.\" \/>\n<meta property=\"og:url\" content=\"https:\/\/blog.maciterneecolo.fr\/da\/fleksible-reservoirer-og-vindyrkning-vandforvaltning-tilpasset-vinmarker-i-lyset-af-klimaforandringer\/\" \/>\n<meta property=\"og:site_name\" content=\"Blog Ma Citerne Ecolo\" \/>\n<meta property=\"article:published_time\" content=\"2025-12-06T12:00:00+00:00\" \/>\n<meta property=\"og:image\" content=\"https:\/\/blog.maciterneecolo.fr\/wp-content\/uploads\/2025\/09\/pexels-pixabay-39511-scaled.jpg\" \/>\n\t<meta property=\"og:image:width\" content=\"2560\" \/>\n\t<meta property=\"og:image:height\" content=\"1707\" \/>\n\t<meta property=\"og:image:type\" content=\"image\/jpeg\" \/>\n<meta name=\"author\" content=\"B\u00e9n\u00e9dicte Rebolloso\" \/>\n<meta name=\"twitter:card\" content=\"summary_large_image\" \/>\n<meta name=\"twitter:label1\" content=\"Skrevet af\" \/>\n\t<meta name=\"twitter:data1\" content=\"B\u00e9n\u00e9dicte Rebolloso\" \/>\n\t<meta name=\"twitter:label2\" content=\"Estimeret l\u00e6setid\" \/>\n\t<meta name=\"twitter:data2\" content=\"5 minutter\" \/>\n<script type=\"application\/ld+json\" class=\"yoast-schema-graph\">{\"@context\":\"https:\\\/\\\/schema.org\",\"@graph\":[{\"@type\":\"Article\",\"@id\":\"https:\\\/\\\/blog.maciterneecolo.fr\\\/da\\\/fleksible-reservoirer-og-vindyrkning-vandforvaltning-tilpasset-vinmarker-i-lyset-af-klimaforandringer\\\/#article\",\"isPartOf\":{\"@id\":\"https:\\\/\\\/blog.maciterneecolo.fr\\\/da\\\/fleksible-reservoirer-og-vindyrkning-vandforvaltning-tilpasset-vinmarker-i-lyset-af-klimaforandringer\\\/\"},\"author\":{\"name\":\"B\u00e9n\u00e9dicte Rebolloso\",\"@id\":\"https:\\\/\\\/blog.maciterneecolo.fr\\\/da\\\/#\\\/schema\\\/person\\\/fe50d00b4e639107698e1ddead236943\"},\"headline\":\"Fleksible reservoirer og vindyrkning: vandforvaltning tilpasset vinmarker i lyset af klimaforandringer\",\"datePublished\":\"2025-12-06T12:00:00+00:00\",\"mainEntityOfPage\":{\"@id\":\"https:\\\/\\\/blog.maciterneecolo.fr\\\/da\\\/fleksible-reservoirer-og-vindyrkning-vandforvaltning-tilpasset-vinmarker-i-lyset-af-klimaforandringer\\\/\"},\"wordCount\":956,\"commentCount\":0,\"publisher\":{\"@id\":\"https:\\\/\\\/blog.maciterneecolo.fr\\\/da\\\/#organization\"},\"image\":{\"@id\":\"https:\\\/\\\/blog.maciterneecolo.fr\\\/da\\\/fleksible-reservoirer-og-vindyrkning-vandforvaltning-tilpasset-vinmarker-i-lyset-af-klimaforandringer\\\/#primaryimage\"},\"thumbnailUrl\":\"https:\\\/\\\/blog.maciterneecolo.fr\\\/wp-content\\\/uploads\\\/2025\\\/09\\\/pexels-pixabay-39511-scaled.jpg\",\"articleSection\":[\"Fleksible beholdere\",\"S\u00e5dan fungerer en fleksibel tank\"],\"inLanguage\":\"da-DK\",\"potentialAction\":[{\"@type\":\"CommentAction\",\"name\":\"Comment\",\"target\":[\"https:\\\/\\\/blog.maciterneecolo.fr\\\/da\\\/fleksible-reservoirer-og-vindyrkning-vandforvaltning-tilpasset-vinmarker-i-lyset-af-klimaforandringer\\\/#respond\"]}]},{\"@type\":\"WebPage\",\"@id\":\"https:\\\/\\\/blog.maciterneecolo.fr\\\/da\\\/fleksible-reservoirer-og-vindyrkning-vandforvaltning-tilpasset-vinmarker-i-lyset-af-klimaforandringer\\\/\",\"url\":\"https:\\\/\\\/blog.maciterneecolo.fr\\\/da\\\/fleksible-reservoirer-og-vindyrkning-vandforvaltning-tilpasset-vinmarker-i-lyset-af-klimaforandringer\\\/\",\"name\":\"Fleksible reservoirer og vindyrkning: vandforvaltning tilpasset vinmarker i lyset af klimaforandringer - Blog Ma Citerne Ecolo\",\"isPartOf\":{\"@id\":\"https:\\\/\\\/blog.maciterneecolo.fr\\\/da\\\/#website\"},\"primaryImageOfPage\":{\"@id\":\"https:\\\/\\\/blog.maciterneecolo.fr\\\/da\\\/fleksible-reservoirer-og-vindyrkning-vandforvaltning-tilpasset-vinmarker-i-lyset-af-klimaforandringer\\\/#primaryimage\"},\"image\":{\"@id\":\"https:\\\/\\\/blog.maciterneecolo.fr\\\/da\\\/fleksible-reservoirer-og-vindyrkning-vandforvaltning-tilpasset-vinmarker-i-lyset-af-klimaforandringer\\\/#primaryimage\"},\"thumbnailUrl\":\"https:\\\/\\\/blog.maciterneecolo.fr\\\/wp-content\\\/uploads\\\/2025\\\/09\\\/pexels-pixabay-39511-scaled.jpg\",\"datePublished\":\"2025-12-06T12:00:00+00:00\",\"description\":\"Fleksible reservoirer hj\u00e6lper ving\u00e5rde med at h\u00e5ndtere vand i lyset af klimaforandringerne: opbevaring, rationel kunstvanding og b\u00e6redygtighed.\",\"breadcrumb\":{\"@id\":\"https:\\\/\\\/blog.maciterneecolo.fr\\\/da\\\/fleksible-reservoirer-og-vindyrkning-vandforvaltning-tilpasset-vinmarker-i-lyset-af-klimaforandringer\\\/#breadcrumb\"},\"inLanguage\":\"da-DK\",\"potentialAction\":[{\"@type\":\"ReadAction\",\"target\":[\"https:\\\/\\\/blog.maciterneecolo.fr\\\/da\\\/fleksible-reservoirer-og-vindyrkning-vandforvaltning-tilpasset-vinmarker-i-lyset-af-klimaforandringer\\\/\"]}]},{\"@type\":\"ImageObject\",\"inLanguage\":\"da-DK\",\"@id\":\"https:\\\/\\\/blog.maciterneecolo.fr\\\/da\\\/fleksible-reservoirer-og-vindyrkning-vandforvaltning-tilpasset-vinmarker-i-lyset-af-klimaforandringer\\\/#primaryimage\",\"url\":\"https:\\\/\\\/blog.maciterneecolo.fr\\\/wp-content\\\/uploads\\\/2025\\\/09\\\/pexels-pixabay-39511-scaled.jpg\",\"contentUrl\":\"https:\\\/\\\/blog.maciterneecolo.fr\\\/wp-content\\\/uploads\\\/2025\\\/09\\\/pexels-pixabay-39511-scaled.jpg\",\"width\":2560,\"height\":1707},{\"@type\":\"BreadcrumbList\",\"@id\":\"https:\\\/\\\/blog.maciterneecolo.fr\\\/da\\\/fleksible-reservoirer-og-vindyrkning-vandforvaltning-tilpasset-vinmarker-i-lyset-af-klimaforandringer\\\/#breadcrumb\",\"itemListElement\":[{\"@type\":\"ListItem\",\"position\":1,\"name\":\"Accueil\",\"item\":\"https:\\\/\\\/blog.maciterneecolo.fr\\\/da\\\/\"},{\"@type\":\"ListItem\",\"position\":2,\"name\":\"Fleksible reservoirer og vindyrkning: vandforvaltning tilpasset vinmarker i lyset af klimaforandringer\"}]},{\"@type\":\"WebSite\",\"@id\":\"https:\\\/\\\/blog.maciterneecolo.fr\\\/da\\\/#website\",\"url\":\"https:\\\/\\\/blog.maciterneecolo.fr\\\/da\\\/\",\"name\":\"Blog Ma Citerne Ecolo\",\"description\":\"Leader dans le domaine de la citerne souple d&#039;eau de pluie\",\"publisher\":{\"@id\":\"https:\\\/\\\/blog.maciterneecolo.fr\\\/da\\\/#organization\"},\"potentialAction\":[{\"@type\":\"SearchAction\",\"target\":{\"@type\":\"EntryPoint\",\"urlTemplate\":\"https:\\\/\\\/blog.maciterneecolo.fr\\\/da\\\/?s={search_term_string}\"},\"query-input\":{\"@type\":\"PropertyValueSpecification\",\"valueRequired\":true,\"valueName\":\"search_term_string\"}}],\"inLanguage\":\"da-DK\"},{\"@type\":\"Organization\",\"@id\":\"https:\\\/\\\/blog.maciterneecolo.fr\\\/da\\\/#organization\",\"name\":\"Blog Ma Citerne Ecolo\",\"url\":\"https:\\\/\\\/blog.maciterneecolo.fr\\\/da\\\/\",\"logo\":{\"@type\":\"ImageObject\",\"inLanguage\":\"da-DK\",\"@id\":\"https:\\\/\\\/blog.maciterneecolo.fr\\\/da\\\/#\\\/schema\\\/logo\\\/image\\\/\",\"url\":\"https:\\\/\\\/blog.maciterneecolo.fr\\\/wp-content\\\/uploads\\\/2022\\\/12\\\/cropped-favicon-blog.png\",\"contentUrl\":\"https:\\\/\\\/blog.maciterneecolo.fr\\\/wp-content\\\/uploads\\\/2022\\\/12\\\/cropped-favicon-blog.png\",\"width\":512,\"height\":512,\"caption\":\"Blog Ma Citerne Ecolo\"},\"image\":{\"@id\":\"https:\\\/\\\/blog.maciterneecolo.fr\\\/da\\\/#\\\/schema\\\/logo\\\/image\\\/\"}},{\"@type\":\"Person\",\"@id\":\"https:\\\/\\\/blog.maciterneecolo.fr\\\/da\\\/#\\\/schema\\\/person\\\/fe50d00b4e639107698e1ddead236943\",\"name\":\"B\u00e9n\u00e9dicte Rebolloso\",\"image\":{\"@type\":\"ImageObject\",\"inLanguage\":\"da-DK\",\"@id\":\"https:\\\/\\\/secure.gravatar.com\\\/avatar\\\/ffa759db2a4d8ebb52a58b89d3dc2a9f0395a5122bb839045a145d6585de1126?s=96&d=mm&r=g\",\"url\":\"https:\\\/\\\/secure.gravatar.com\\\/avatar\\\/ffa759db2a4d8ebb52a58b89d3dc2a9f0395a5122bb839045a145d6585de1126?s=96&d=mm&r=g\",\"contentUrl\":\"https:\\\/\\\/secure.gravatar.com\\\/avatar\\\/ffa759db2a4d8ebb52a58b89d3dc2a9f0395a5122bb839045a145d6585de1126?s=96&d=mm&r=g\",\"caption\":\"B\u00e9n\u00e9dicte Rebolloso\"},\"url\":\"https:\\\/\\\/blog.maciterneecolo.fr\\\/da\\\/author\\\/benedicterebolloso\\\/\"}]}<\/script>\n<!-- \/ Yoast SEO plugin. -->","yoast_head_json":{"title":"Fleksible reservoirer og vindyrkning: vandforvaltning tilpasset vinmarker i lyset af klimaforandringer - Blog Ma Citerne Ecolo","description":"Fleksible reservoirer hj\u00e6lper ving\u00e5rde med at h\u00e5ndtere vand i lyset af klimaforandringerne: opbevaring, rationel kunstvanding og b\u00e6redygtighed.","robots":{"index":"index","follow":"follow","max-snippet":"max-snippet:-1","max-image-preview":"max-image-preview:large","max-video-preview":"max-video-preview:-1"},"canonical":"https:\/\/blog.maciterneecolo.fr\/da\/fleksible-reservoirer-og-vindyrkning-vandforvaltning-tilpasset-vinmarker-i-lyset-af-klimaforandringer\/","og_locale":"da_DK","og_type":"article","og_title":"Fleksible reservoirer og vindyrkning: vandforvaltning tilpasset vinmarker i lyset af klimaforandringer - Blog Ma Citerne Ecolo","og_description":"Fleksible reservoirer hj\u00e6lper ving\u00e5rde med at h\u00e5ndtere vand i lyset af klimaforandringerne: opbevaring, rationel kunstvanding og b\u00e6redygtighed.","og_url":"https:\/\/blog.maciterneecolo.fr\/da\/fleksible-reservoirer-og-vindyrkning-vandforvaltning-tilpasset-vinmarker-i-lyset-af-klimaforandringer\/","og_site_name":"Blog Ma Citerne Ecolo","article_published_time":"2025-12-06T12:00:00+00:00","og_image":[{"width":2560,"height":1707,"url":"https:\/\/blog.maciterneecolo.fr\/wp-content\/uploads\/2025\/09\/pexels-pixabay-39511-scaled.jpg","type":"image\/jpeg"}],"author":"B\u00e9n\u00e9dicte Rebolloso","twitter_card":"summary_large_image","twitter_misc":{"Skrevet af":"B\u00e9n\u00e9dicte Rebolloso","Estimeret l\u00e6setid":"5 minutter"},"schema":{"@context":"https:\/\/schema.org","@graph":[{"@type":"Article","@id":"https:\/\/blog.maciterneecolo.fr\/da\/fleksible-reservoirer-og-vindyrkning-vandforvaltning-tilpasset-vinmarker-i-lyset-af-klimaforandringer\/#article","isPartOf":{"@id":"https:\/\/blog.maciterneecolo.fr\/da\/fleksible-reservoirer-og-vindyrkning-vandforvaltning-tilpasset-vinmarker-i-lyset-af-klimaforandringer\/"},"author":{"name":"B\u00e9n\u00e9dicte Rebolloso","@id":"https:\/\/blog.maciterneecolo.fr\/da\/#\/schema\/person\/fe50d00b4e639107698e1ddead236943"},"headline":"Fleksible reservoirer og vindyrkning: vandforvaltning tilpasset vinmarker i lyset af klimaforandringer","datePublished":"2025-12-06T12:00:00+00:00","mainEntityOfPage":{"@id":"https:\/\/blog.maciterneecolo.fr\/da\/fleksible-reservoirer-og-vindyrkning-vandforvaltning-tilpasset-vinmarker-i-lyset-af-klimaforandringer\/"},"wordCount":956,"commentCount":0,"publisher":{"@id":"https:\/\/blog.maciterneecolo.fr\/da\/#organization"},"image":{"@id":"https:\/\/blog.maciterneecolo.fr\/da\/fleksible-reservoirer-og-vindyrkning-vandforvaltning-tilpasset-vinmarker-i-lyset-af-klimaforandringer\/#primaryimage"},"thumbnailUrl":"https:\/\/blog.maciterneecolo.fr\/wp-content\/uploads\/2025\/09\/pexels-pixabay-39511-scaled.jpg","articleSection":["Fleksible beholdere","S\u00e5dan fungerer en fleksibel tank"],"inLanguage":"da-DK","potentialAction":[{"@type":"CommentAction","name":"Comment","target":["https:\/\/blog.maciterneecolo.fr\/da\/fleksible-reservoirer-og-vindyrkning-vandforvaltning-tilpasset-vinmarker-i-lyset-af-klimaforandringer\/#respond"]}]},{"@type":"WebPage","@id":"https:\/\/blog.maciterneecolo.fr\/da\/fleksible-reservoirer-og-vindyrkning-vandforvaltning-tilpasset-vinmarker-i-lyset-af-klimaforandringer\/","url":"https:\/\/blog.maciterneecolo.fr\/da\/fleksible-reservoirer-og-vindyrkning-vandforvaltning-tilpasset-vinmarker-i-lyset-af-klimaforandringer\/","name":"Fleksible reservoirer og vindyrkning: vandforvaltning tilpasset vinmarker i lyset af klimaforandringer - Blog Ma Citerne Ecolo","isPartOf":{"@id":"https:\/\/blog.maciterneecolo.fr\/da\/#website"},"primaryImageOfPage":{"@id":"https:\/\/blog.maciterneecolo.fr\/da\/fleksible-reservoirer-og-vindyrkning-vandforvaltning-tilpasset-vinmarker-i-lyset-af-klimaforandringer\/#primaryimage"},"image":{"@id":"https:\/\/blog.maciterneecolo.fr\/da\/fleksible-reservoirer-og-vindyrkning-vandforvaltning-tilpasset-vinmarker-i-lyset-af-klimaforandringer\/#primaryimage"},"thumbnailUrl":"https:\/\/blog.maciterneecolo.fr\/wp-content\/uploads\/2025\/09\/pexels-pixabay-39511-scaled.jpg","datePublished":"2025-12-06T12:00:00+00:00","description":"Fleksible reservoirer hj\u00e6lper ving\u00e5rde med at h\u00e5ndtere vand i lyset af klimaforandringerne: opbevaring, rationel kunstvanding og b\u00e6redygtighed.","breadcrumb":{"@id":"https:\/\/blog.maciterneecolo.fr\/da\/fleksible-reservoirer-og-vindyrkning-vandforvaltning-tilpasset-vinmarker-i-lyset-af-klimaforandringer\/#breadcrumb"},"inLanguage":"da-DK","potentialAction":[{"@type":"ReadAction","target":["https:\/\/blog.maciterneecolo.fr\/da\/fleksible-reservoirer-og-vindyrkning-vandforvaltning-tilpasset-vinmarker-i-lyset-af-klimaforandringer\/"]}]},{"@type":"ImageObject","inLanguage":"da-DK","@id":"https:\/\/blog.maciterneecolo.fr\/da\/fleksible-reservoirer-og-vindyrkning-vandforvaltning-tilpasset-vinmarker-i-lyset-af-klimaforandringer\/#primaryimage","url":"https:\/\/blog.maciterneecolo.fr\/wp-content\/uploads\/2025\/09\/pexels-pixabay-39511-scaled.jpg","contentUrl":"https:\/\/blog.maciterneecolo.fr\/wp-content\/uploads\/2025\/09\/pexels-pixabay-39511-scaled.jpg","width":2560,"height":1707},{"@type":"BreadcrumbList","@id":"https:\/\/blog.maciterneecolo.fr\/da\/fleksible-reservoirer-og-vindyrkning-vandforvaltning-tilpasset-vinmarker-i-lyset-af-klimaforandringer\/#breadcrumb","itemListElement":[{"@type":"ListItem","position":1,"name":"Accueil","item":"https:\/\/blog.maciterneecolo.fr\/da\/"},{"@type":"ListItem","position":2,"name":"Fleksible reservoirer og vindyrkning: vandforvaltning tilpasset vinmarker i lyset af klimaforandringer"}]},{"@type":"WebSite","@id":"https:\/\/blog.maciterneecolo.fr\/da\/#website","url":"https:\/\/blog.maciterneecolo.fr\/da\/","name":"Blog Ma Citerne Ecolo","description":"Leader dans le domaine de la citerne souple d&#039;eau de pluie","publisher":{"@id":"https:\/\/blog.maciterneecolo.fr\/da\/#organization"},"potentialAction":[{"@type":"SearchAction","target":{"@type":"EntryPoint","urlTemplate":"https:\/\/blog.maciterneecolo.fr\/da\/?s={search_term_string}"},"query-input":{"@type":"PropertyValueSpecification","valueRequired":true,"valueName":"search_term_string"}}],"inLanguage":"da-DK"},{"@type":"Organization","@id":"https:\/\/blog.maciterneecolo.fr\/da\/#organization","name":"Blog Ma Citerne Ecolo","url":"https:\/\/blog.maciterneecolo.fr\/da\/","logo":{"@type":"ImageObject","inLanguage":"da-DK","@id":"https:\/\/blog.maciterneecolo.fr\/da\/#\/schema\/logo\/image\/","url":"https:\/\/blog.maciterneecolo.fr\/wp-content\/uploads\/2022\/12\/cropped-favicon-blog.png","contentUrl":"https:\/\/blog.maciterneecolo.fr\/wp-content\/uploads\/2022\/12\/cropped-favicon-blog.png","width":512,"height":512,"caption":"Blog Ma Citerne Ecolo"},"image":{"@id":"https:\/\/blog.maciterneecolo.fr\/da\/#\/schema\/logo\/image\/"}},{"@type":"Person","@id":"https:\/\/blog.maciterneecolo.fr\/da\/#\/schema\/person\/fe50d00b4e639107698e1ddead236943","name":"B\u00e9n\u00e9dicte Rebolloso","image":{"@type":"ImageObject","inLanguage":"da-DK","@id":"https:\/\/secure.gravatar.com\/avatar\/ffa759db2a4d8ebb52a58b89d3dc2a9f0395a5122bb839045a145d6585de1126?s=96&d=mm&r=g","url":"https:\/\/secure.gravatar.com\/avatar\/ffa759db2a4d8ebb52a58b89d3dc2a9f0395a5122bb839045a145d6585de1126?s=96&d=mm&r=g","contentUrl":"https:\/\/secure.gravatar.com\/avatar\/ffa759db2a4d8ebb52a58b89d3dc2a9f0395a5122bb839045a145d6585de1126?s=96&d=mm&r=g","caption":"B\u00e9n\u00e9dicte Rebolloso"},"url":"https:\/\/blog.maciterneecolo.fr\/da\/author\/benedicterebolloso\/"}]}},"_links":{"self":[{"href":"https:\/\/blog.maciterneecolo.fr\/da\/wp-json\/wp\/v2\/posts\/15150","targetHints":{"allow":["GET"]}}],"collection":[{"href":"https:\/\/blog.maciterneecolo.fr\/da\/wp-json\/wp\/v2\/posts"}],"about":[{"href":"https:\/\/blog.maciterneecolo.fr\/da\/wp-json\/wp\/v2\/types\/post"}],"author":[{"embeddable":true,"href":"https:\/\/blog.maciterneecolo.fr\/da\/wp-json\/wp\/v2\/users\/4"}],"replies":[{"embeddable":true,"href":"https:\/\/blog.maciterneecolo.fr\/da\/wp-json\/wp\/v2\/comments?post=15150"}],"version-history":[{"count":1,"href":"https:\/\/blog.maciterneecolo.fr\/da\/wp-json\/wp\/v2\/posts\/15150\/revisions"}],"predecessor-version":[{"id":15152,"href":"https:\/\/blog.maciterneecolo.fr\/da\/wp-json\/wp\/v2\/posts\/15150\/revisions\/15152"}],"wp:featuredmedia":[{"embeddable":true,"href":"https:\/\/blog.maciterneecolo.fr\/da\/wp-json\/wp\/v2\/media\/15142"}],"wp:attachment":[{"href":"https:\/\/blog.maciterneecolo.fr\/da\/wp-json\/wp\/v2\/media?parent=15150"}],"wp:term":[{"taxonomy":"category","embeddable":true,"href":"https:\/\/blog.maciterneecolo.fr\/da\/wp-json\/wp\/v2\/categories?post=15150"},{"taxonomy":"post_tag","embeddable":true,"href":"https:\/\/blog.maciterneecolo.fr\/da\/wp-json\/wp\/v2\/tags?post=15150"}],"curies":[{"name":"wp","href":"https:\/\/api.w.org\/{rel}","templated":true}]}}