{"id":15177,"date":"2025-12-03T08:00:00","date_gmt":"2025-12-03T08:00:00","guid":{"rendered":"https:\/\/blog.maciterneecolo.fr\/?p=15177"},"modified":"2025-09-11T12:20:17","modified_gmt":"2025-09-11T12:20:17","slug":"hvad-er-livscyklussen-for-en-fleksibel-tank-fra-fremstilling-til-genbrug","status":"publish","type":"post","link":"https:\/\/blog.maciterneecolo.fr\/da\/hvad-er-livscyklussen-for-en-fleksibel-tank-fra-fremstilling-til-genbrug\/","title":{"rendered":"Hvad er livscyklussen for en fleksibel tank? Fra fremstilling til genbrug"},"content":{"rendered":"\n<h2 class=\"wp-block-heading\">Introduktion<\/h2>\n\n<p>En <a href=\"https:\/\/www.maciterneecolo.fr\/fr\/3-citernes-souples\">fleksibel tanks<\/a> livscyklus er et centralt emne inden for vandforvaltning. Fra fremstilling til genbrug spiller hvert trin en vigtig rolle. Disse tanke repr\u00e6senterer en b\u00e6redygtig l\u00f8sning til opbevaring af regnvand eller drikkevand. Men hvad er deres reelle livscyklus, fra design til endt levetid?   <\/p>\n\n<p>I Frankrig bruger mange fagfolk og privatpersoner allerede dette udstyr. De ser det som et praktisk svar p\u00e5 de udfordringer, som klimaforandringerne og behovet for flere liter vand medf\u00f8rer. En klar forst\u00e5else af vandets kredsl\u00f8b betyder, at de kan bruges mere effektivt, at spildet reduceres, og at installationerne bliver mere sikre.  <\/p>\n\n<h2 class=\"wp-block-heading\">Designet af en fleksibel tank<\/h2>\n\n<h3 class=\"wp-block-heading\">Anvendte materialer: plast, tekstiler og tr\u00e6<\/h3>\n\n<p>En fleksibel tank er lavet af faste materialer: PVC, tekniske tekstiler og nogle gange forst\u00e6rkende tr\u00e6. Disse produkter sikrer vandt\u00e6thed og beskytter det oplagrede vand mod varme og regn. Nylige innovationer tilskynder til brug af genanvendelige materialer, hvilket begr\u00e6nser affald og forbedrer milj\u00f8p\u00e5virkningen.  <\/p>\n\n<h3 class=\"wp-block-heading\">Produktionsfaser og standarder<\/h3>\n\n<p>Fremstillingen f\u00f8lger en streng proces: sk\u00e6ring, svejsning, modstandstest og flowkontrol. I Frankrig kr\u00e6ver sikkerhedsstandarderne streng kontrol. Hver <a href=\"https:\/\/www.maciterneecolo.fr\/fr\/\">fleksibel tank<\/a> er designet til at holde, fra modeller p\u00e5 et par hundrede liter til store tanke. Producenterne giver ogs\u00e5 pr\u00e6cise tilbud for at hj\u00e6lpe dig med at v\u00e6lge den bedste opbevaringsl\u00f8sning.   <\/p>\n\n<h3 class=\"wp-block-heading\">Produkter designet til sikkerhed<\/h3>\n\n<p>Designet omfatter vigtigt tilbeh\u00f8r: regnvandsskimmere, ventiler og infiltrationssystemer. Nogle modeller indeholder IBC-moduler, der er nyttige til transport og opbevaring af v\u00e6sker. Disse tekniske l\u00f8sninger garanterer sikker brug og er tilpasset de forskellige behov hos fagfolk og\/eller privatpersoner.  <\/p>\n\n<h2 class=\"wp-block-heading\">Brug og levetid for en fleksibel tank<\/h2>\n\n<h3 class=\"wp-block-heading\">Hurtig og nem installation<\/h3>\n\n<p>Det <a href=\"https:\/\/blog.maciterneecolo.fr\/da\/hvordan-forbereder-jeg-min-modtageplatform-til-min-fleksible-tank\/\">er nemt at installere<\/a>. Det eneste, du skal forberede, er et stabilt underlag og en flad overflade. Denne enkelhed g\u00f8r den fleksible tank ideel til en have, en g\u00e5rd eller et industriomr\u00e5de. Ethvert projekt kan drage fordel af et klart tilbud og professionel support. Tr\u00e6- eller IBC-underst\u00f8tninger forbedrer stabiliteten og g\u00f8r transporten lettere.    <\/p>\n\n<h3 class=\"wp-block-heading\">Flere anvendelser for at optimere vandforvaltningen<\/h3>\n\n<p>Fleksible tanke opfylder en lang r\u00e6kke behov:<\/p>\n\n<ul class=\"wp-block-list\">\n<li>Genbrug af regnvand til vanding,<\/li>\n\n\n\n<li>drikkevandsforsyning til landsbysamfund,<\/li>\n\n\n\n<li>brandsikkerhedsl\u00f8sning,<\/li>\n\n\n\n<li>tilbageholdelse af spildevand eller flydende affald,<\/li>\n\n\n\n<li>transport af v\u00e6sker til industrien.<\/li>\n<\/ul>\n\n<p>Disse anvendelser viser, hvor alsidigt dette system er. I Frankrig er det et vigtigt svar p\u00e5 udfordringerne ved klimaforandringerne. <\/p>\n\n<h3 class=\"wp-block-heading\">Faktorer, der p\u00e5virker levetiden<\/h3>\n\n<p>En velholdt tank kan holde i 15 til 20 \u00e5r. Dens levetid afh\u00e6nger af, hvor godt den er installeret, kvaliteten af de anvendte materialer, jordtypen og regnens luner. Svarene omfatter installation af tr\u00e6beskyttelse og brug af IBC-moduler. Med disse teknikker reduceres fejlraten, og opbevaringssikkerheden forbedres.   <\/p>\n\n<h2 class=\"wp-block-heading\">Vedligeholdelse for at forl\u00e6nge tankens levetid<\/h2>\n\n<h3 class=\"wp-block-heading\">Regelm\u00e6ssig vedligeholdelse og affaldsforebyggelse<\/h3>\n\n<p>God vedligeholdelse forl\u00e6nger dens levetid. Det indeb\u00e6rer kontrol af gennemstr\u00f8mningshastigheden, reng\u00f8ring af tanken og undg\u00e5else af ophobning af affald som f.eks. blade. Enkle l\u00f8sninger er alt, hvad du beh\u00f8ver for at opretholde en god vandkvalitet. Producenterne tilbyder endda vedligeholdelsesvejledninger og tilbud for at st\u00f8tte brugerne.   <\/p>\n\n<h3 class=\"wp-block-heading\">Reparer i stedet for at udskifte<\/h3>\n\n<p>I tilf\u00e6lde af en l\u00e6kage er det ikke n\u00f8dvendigt at udskifte den med det samme. Der findes lapper og reparationsteknikker. Franske fagfolk tilbyder hurtige svar for at undg\u00e5 at smide en tank v\u00e6k, der stadig er funktionel. Tr\u00e6forst\u00e6rkninger eller IBC-lommer forbedrer styrken og g\u00f8r transporten lettere.   <\/p>\n\n<h3 class=\"wp-block-heading\">Optimering af performance over flere \u00e5r<\/h3>\n\n<p>Ydeevnen opretholdes ved regelm\u00e6ssig kontrol. Brug af filtreringssystemer og beskyttelse mod st\u00f8d optimerer opbevaringen. De seneste innovationer omfatter modul\u00e6rt tilbeh\u00f8r og tr\u00e6st\u00f8tter, der garanterer st\u00f8rre holdbarhed, selv i kraftig regn.  <\/p>\n\n<h2 class=\"wp-block-heading\">Udfasning og genbrug af fleksible tanke<\/h2>\n\n<h3 class=\"wp-block-heading\">Hvad sker der med en brugt tank?<\/h3>\n\n<p>I slutningen af sin livscyklus bliver en tank mindre sikker. Men det er ikke bare affald. Behandlingscentre indsamler disse produkter og genbruger dem. Svarene omfatter ogs\u00e5 tilbud om tilbagetagning, s\u00e5 brugerne kan planl\u00e6gge deres udskiftning.   <\/p>\n\n<h3 class=\"wp-block-heading\">Genbrug af materialer<\/h3>\n\n<p>I Frankrig genbruger specialiserede virksomheder plast og tekstiler fra fleksible tanke. Plasten omdannes til nye produkter, mens tekstilerne f\u00e5r en ny anvendelse. Tr\u00e6- eller IBC-containere genbruges til transport. Disse initiativer reducerer indvirkningen af affald og giver en reel milj\u00f8m\u00e6ssig respons.   <\/p>\n\n<h3 class=\"wp-block-heading\">P\u00e5 vej mod en b\u00e6redygtig cirkul\u00e6r \u00f8konomi<\/h3>\n\n<p>Tendensen g\u00e5r i retning af en cirkul\u00e6r \u00f8konomi. Producenterne udvikler fuldt genanvendelige l\u00f8sninger. Integrationen af materialer fra affald og brugen af IBC-moduler giver nye praktiske l\u00f8sninger. Disse innovationer begr\u00e6nser virkningen af uregelm\u00e6ssig nedb\u00f8r og klimakriser, samtidig med at de fremmer bedre ressourceforvaltning.   <\/p>\n\n<h2 class=\"wp-block-heading\">Konklusion<\/h2>\n\n<p>En fleksibel tanks livscyklus illustrerer en model for en b\u00e6redygtig l\u00f8sning. Fra fremstilling til installation, fra brug til vedligeholdelse og genbrug bidrager hver fase til at reducere affald og \u00f8ge sikkerheden. <\/p>\n\n<p>Ved at v\u00e6lge disse tanke f\u00e5r privatpersoner og professionelle adgang til en p\u00e5lidelig l\u00f8sning til opbevaring af regnvand eller drikkevand. Takket v\u00e6re innovative l\u00f8sninger, klare tilbud og kanaler til materialegenvinding er fleksible tanke en del af en cirkul\u00e6r \u00f8konomi. <\/p>\n\n<p>I en verden pr\u00e6get af klimaforandringer vil disse faciliteter blive udvidet. De giver praktiske l\u00f8sninger til bedre ressourceforvaltning i Frankrig og andre steder. <\/p>\n","protected":false},"excerpt":{"rendered":"<p>Introduktion En fleksibel tanks livscyklus er et centralt emne inden for vandforvaltning. Fra fremstilling til genbrug spiller hvert trin en vigtig rolle. Disse tanke repr\u00e6senterer en b\u00e6redygtig l\u00f8sning til opbevaring af regnvand eller drikkevand. Men hvad er deres reelle livscyklus, fra design til endt levetid? I Frankrig bruger mange fagfolk og privatpersoner allerede dette udstyr. [&hellip;]<\/p>\n","protected":false},"author":4,"featured_media":15131,"comment_status":"open","ping_status":"closed","sticky":false,"template":"","format":"standard","meta":{"inline_featured_image":false,"footnotes":""},"categories":[368,80],"tags":[279],"class_list":["post-15177","post","type-post","status-publish","format-standard","has-post-thumbnail","hentry","category-alt-hvad-du-behover-at-vide-om-den-fleksible-tank","category-fleksible-beholdere","tag-opsamling-af-regnvand"],"yoast_head":"<!-- This site is optimized with the Yoast SEO plugin v27.4 - https:\/\/yoast.com\/product\/yoast-seo-wordpress\/ -->\n<title>Hvad er livscyklussen for en fleksibel tank? Fra fremstilling til genbrug - Blog Ma Citerne Ecolo<\/title>\n<meta name=\"description\" content=\"Fleksible tanke kan genbruges. Find ud af mere om fremstillingsprocessen for at forst\u00e5, hvordan de kan genbruges.\" \/>\n<meta name=\"robots\" content=\"index, follow, max-snippet:-1, max-image-preview:large, max-video-preview:-1\" \/>\n<link rel=\"canonical\" href=\"https:\/\/blog.maciterneecolo.fr\/da\/hvad-er-livscyklussen-for-en-fleksibel-tank-fra-fremstilling-til-genbrug\/\" \/>\n<meta property=\"og:locale\" content=\"da_DK\" \/>\n<meta property=\"og:type\" content=\"article\" \/>\n<meta property=\"og:title\" content=\"Hvad er livscyklussen for en fleksibel tank? Fra fremstilling til genbrug - Blog Ma Citerne Ecolo\" \/>\n<meta property=\"og:description\" content=\"Fleksible tanke kan genbruges. Find ud af mere om fremstillingsprocessen for at forst\u00e5, hvordan de kan genbruges.\" \/>\n<meta property=\"og:url\" content=\"https:\/\/blog.maciterneecolo.fr\/da\/hvad-er-livscyklussen-for-en-fleksibel-tank-fra-fremstilling-til-genbrug\/\" \/>\n<meta property=\"og:site_name\" content=\"Blog Ma Citerne Ecolo\" \/>\n<meta property=\"article:published_time\" content=\"2025-12-03T08:00:00+00:00\" \/>\n<meta property=\"og:image\" content=\"https:\/\/blog.maciterneecolo.fr\/wp-content\/uploads\/2025\/09\/pexels-cottonbro-6591427-scaled.jpg\" \/>\n\t<meta property=\"og:image:width\" content=\"2560\" \/>\n\t<meta property=\"og:image:height\" content=\"1707\" \/>\n\t<meta property=\"og:image:type\" content=\"image\/jpeg\" \/>\n<meta name=\"author\" content=\"B\u00e9n\u00e9dicte Rebolloso\" \/>\n<meta name=\"twitter:card\" content=\"summary_large_image\" \/>\n<meta name=\"twitter:label1\" content=\"Skrevet af\" \/>\n\t<meta name=\"twitter:data1\" content=\"B\u00e9n\u00e9dicte Rebolloso\" \/>\n\t<meta name=\"twitter:label2\" content=\"Estimeret l\u00e6setid\" \/>\n\t<meta name=\"twitter:data2\" content=\"4 minutter\" \/>\n<script type=\"application\/ld+json\" class=\"yoast-schema-graph\">{\"@context\":\"https:\\\/\\\/schema.org\",\"@graph\":[{\"@type\":\"Article\",\"@id\":\"https:\\\/\\\/blog.maciterneecolo.fr\\\/da\\\/hvad-er-livscyklussen-for-en-fleksibel-tank-fra-fremstilling-til-genbrug\\\/#article\",\"isPartOf\":{\"@id\":\"https:\\\/\\\/blog.maciterneecolo.fr\\\/da\\\/hvad-er-livscyklussen-for-en-fleksibel-tank-fra-fremstilling-til-genbrug\\\/\"},\"author\":{\"name\":\"B\u00e9n\u00e9dicte Rebolloso\",\"@id\":\"https:\\\/\\\/blog.maciterneecolo.fr\\\/da\\\/#\\\/schema\\\/person\\\/fe50d00b4e639107698e1ddead236943\"},\"headline\":\"Hvad er livscyklussen for en fleksibel tank? Fra fremstilling til genbrug\",\"datePublished\":\"2025-12-03T08:00:00+00:00\",\"mainEntityOfPage\":{\"@id\":\"https:\\\/\\\/blog.maciterneecolo.fr\\\/da\\\/hvad-er-livscyklussen-for-en-fleksibel-tank-fra-fremstilling-til-genbrug\\\/\"},\"wordCount\":879,\"commentCount\":0,\"publisher\":{\"@id\":\"https:\\\/\\\/blog.maciterneecolo.fr\\\/da\\\/#organization\"},\"image\":{\"@id\":\"https:\\\/\\\/blog.maciterneecolo.fr\\\/da\\\/hvad-er-livscyklussen-for-en-fleksibel-tank-fra-fremstilling-til-genbrug\\\/#primaryimage\"},\"thumbnailUrl\":\"https:\\\/\\\/blog.maciterneecolo.fr\\\/wp-content\\\/uploads\\\/2025\\\/09\\\/pexels-cottonbro-6591427-scaled.jpg\",\"keywords\":[\"opsamling af regnvand\"],\"articleSection\":[\"Alt, hvad du beh\u00f8ver at vide om den fleksible tank\",\"Fleksible beholdere\"],\"inLanguage\":\"da-DK\",\"potentialAction\":[{\"@type\":\"CommentAction\",\"name\":\"Comment\",\"target\":[\"https:\\\/\\\/blog.maciterneecolo.fr\\\/da\\\/hvad-er-livscyklussen-for-en-fleksibel-tank-fra-fremstilling-til-genbrug\\\/#respond\"]}]},{\"@type\":\"WebPage\",\"@id\":\"https:\\\/\\\/blog.maciterneecolo.fr\\\/da\\\/hvad-er-livscyklussen-for-en-fleksibel-tank-fra-fremstilling-til-genbrug\\\/\",\"url\":\"https:\\\/\\\/blog.maciterneecolo.fr\\\/da\\\/hvad-er-livscyklussen-for-en-fleksibel-tank-fra-fremstilling-til-genbrug\\\/\",\"name\":\"Hvad er livscyklussen for en fleksibel tank? Fra fremstilling til genbrug - Blog Ma Citerne Ecolo\",\"isPartOf\":{\"@id\":\"https:\\\/\\\/blog.maciterneecolo.fr\\\/da\\\/#website\"},\"primaryImageOfPage\":{\"@id\":\"https:\\\/\\\/blog.maciterneecolo.fr\\\/da\\\/hvad-er-livscyklussen-for-en-fleksibel-tank-fra-fremstilling-til-genbrug\\\/#primaryimage\"},\"image\":{\"@id\":\"https:\\\/\\\/blog.maciterneecolo.fr\\\/da\\\/hvad-er-livscyklussen-for-en-fleksibel-tank-fra-fremstilling-til-genbrug\\\/#primaryimage\"},\"thumbnailUrl\":\"https:\\\/\\\/blog.maciterneecolo.fr\\\/wp-content\\\/uploads\\\/2025\\\/09\\\/pexels-cottonbro-6591427-scaled.jpg\",\"datePublished\":\"2025-12-03T08:00:00+00:00\",\"description\":\"Fleksible tanke kan genbruges. Find ud af mere om fremstillingsprocessen for at forst\u00e5, hvordan de kan genbruges.\",\"breadcrumb\":{\"@id\":\"https:\\\/\\\/blog.maciterneecolo.fr\\\/da\\\/hvad-er-livscyklussen-for-en-fleksibel-tank-fra-fremstilling-til-genbrug\\\/#breadcrumb\"},\"inLanguage\":\"da-DK\",\"potentialAction\":[{\"@type\":\"ReadAction\",\"target\":[\"https:\\\/\\\/blog.maciterneecolo.fr\\\/da\\\/hvad-er-livscyklussen-for-en-fleksibel-tank-fra-fremstilling-til-genbrug\\\/\"]}]},{\"@type\":\"ImageObject\",\"inLanguage\":\"da-DK\",\"@id\":\"https:\\\/\\\/blog.maciterneecolo.fr\\\/da\\\/hvad-er-livscyklussen-for-en-fleksibel-tank-fra-fremstilling-til-genbrug\\\/#primaryimage\",\"url\":\"https:\\\/\\\/blog.maciterneecolo.fr\\\/wp-content\\\/uploads\\\/2025\\\/09\\\/pexels-cottonbro-6591427-scaled.jpg\",\"contentUrl\":\"https:\\\/\\\/blog.maciterneecolo.fr\\\/wp-content\\\/uploads\\\/2025\\\/09\\\/pexels-cottonbro-6591427-scaled.jpg\",\"width\":2560,\"height\":1707},{\"@type\":\"BreadcrumbList\",\"@id\":\"https:\\\/\\\/blog.maciterneecolo.fr\\\/da\\\/hvad-er-livscyklussen-for-en-fleksibel-tank-fra-fremstilling-til-genbrug\\\/#breadcrumb\",\"itemListElement\":[{\"@type\":\"ListItem\",\"position\":1,\"name\":\"Accueil\",\"item\":\"https:\\\/\\\/blog.maciterneecolo.fr\\\/da\\\/\"},{\"@type\":\"ListItem\",\"position\":2,\"name\":\"Hvad er livscyklussen for en fleksibel tank? Fra fremstilling til genbrug\"}]},{\"@type\":\"WebSite\",\"@id\":\"https:\\\/\\\/blog.maciterneecolo.fr\\\/da\\\/#website\",\"url\":\"https:\\\/\\\/blog.maciterneecolo.fr\\\/da\\\/\",\"name\":\"Blog Ma Citerne Ecolo\",\"description\":\"Leader dans le domaine de la citerne souple d&#039;eau de pluie\",\"publisher\":{\"@id\":\"https:\\\/\\\/blog.maciterneecolo.fr\\\/da\\\/#organization\"},\"potentialAction\":[{\"@type\":\"SearchAction\",\"target\":{\"@type\":\"EntryPoint\",\"urlTemplate\":\"https:\\\/\\\/blog.maciterneecolo.fr\\\/da\\\/?s={search_term_string}\"},\"query-input\":{\"@type\":\"PropertyValueSpecification\",\"valueRequired\":true,\"valueName\":\"search_term_string\"}}],\"inLanguage\":\"da-DK\"},{\"@type\":\"Organization\",\"@id\":\"https:\\\/\\\/blog.maciterneecolo.fr\\\/da\\\/#organization\",\"name\":\"Blog Ma Citerne Ecolo\",\"url\":\"https:\\\/\\\/blog.maciterneecolo.fr\\\/da\\\/\",\"logo\":{\"@type\":\"ImageObject\",\"inLanguage\":\"da-DK\",\"@id\":\"https:\\\/\\\/blog.maciterneecolo.fr\\\/da\\\/#\\\/schema\\\/logo\\\/image\\\/\",\"url\":\"https:\\\/\\\/blog.maciterneecolo.fr\\\/wp-content\\\/uploads\\\/2022\\\/12\\\/cropped-favicon-blog.png\",\"contentUrl\":\"https:\\\/\\\/blog.maciterneecolo.fr\\\/wp-content\\\/uploads\\\/2022\\\/12\\\/cropped-favicon-blog.png\",\"width\":512,\"height\":512,\"caption\":\"Blog Ma Citerne Ecolo\"},\"image\":{\"@id\":\"https:\\\/\\\/blog.maciterneecolo.fr\\\/da\\\/#\\\/schema\\\/logo\\\/image\\\/\"}},{\"@type\":\"Person\",\"@id\":\"https:\\\/\\\/blog.maciterneecolo.fr\\\/da\\\/#\\\/schema\\\/person\\\/fe50d00b4e639107698e1ddead236943\",\"name\":\"B\u00e9n\u00e9dicte Rebolloso\",\"image\":{\"@type\":\"ImageObject\",\"inLanguage\":\"da-DK\",\"@id\":\"https:\\\/\\\/secure.gravatar.com\\\/avatar\\\/ffa759db2a4d8ebb52a58b89d3dc2a9f0395a5122bb839045a145d6585de1126?s=96&d=mm&r=g\",\"url\":\"https:\\\/\\\/secure.gravatar.com\\\/avatar\\\/ffa759db2a4d8ebb52a58b89d3dc2a9f0395a5122bb839045a145d6585de1126?s=96&d=mm&r=g\",\"contentUrl\":\"https:\\\/\\\/secure.gravatar.com\\\/avatar\\\/ffa759db2a4d8ebb52a58b89d3dc2a9f0395a5122bb839045a145d6585de1126?s=96&d=mm&r=g\",\"caption\":\"B\u00e9n\u00e9dicte Rebolloso\"},\"url\":\"https:\\\/\\\/blog.maciterneecolo.fr\\\/da\\\/author\\\/benedicterebolloso\\\/\"}]}<\/script>\n<!-- \/ Yoast SEO plugin. -->","yoast_head_json":{"title":"Hvad er livscyklussen for en fleksibel tank? Fra fremstilling til genbrug - Blog Ma Citerne Ecolo","description":"Fleksible tanke kan genbruges. Find ud af mere om fremstillingsprocessen for at forst\u00e5, hvordan de kan genbruges.","robots":{"index":"index","follow":"follow","max-snippet":"max-snippet:-1","max-image-preview":"max-image-preview:large","max-video-preview":"max-video-preview:-1"},"canonical":"https:\/\/blog.maciterneecolo.fr\/da\/hvad-er-livscyklussen-for-en-fleksibel-tank-fra-fremstilling-til-genbrug\/","og_locale":"da_DK","og_type":"article","og_title":"Hvad er livscyklussen for en fleksibel tank? Fra fremstilling til genbrug - Blog Ma Citerne Ecolo","og_description":"Fleksible tanke kan genbruges. Find ud af mere om fremstillingsprocessen for at forst\u00e5, hvordan de kan genbruges.","og_url":"https:\/\/blog.maciterneecolo.fr\/da\/hvad-er-livscyklussen-for-en-fleksibel-tank-fra-fremstilling-til-genbrug\/","og_site_name":"Blog Ma Citerne Ecolo","article_published_time":"2025-12-03T08:00:00+00:00","og_image":[{"width":2560,"height":1707,"url":"https:\/\/blog.maciterneecolo.fr\/wp-content\/uploads\/2025\/09\/pexels-cottonbro-6591427-scaled.jpg","type":"image\/jpeg"}],"author":"B\u00e9n\u00e9dicte Rebolloso","twitter_card":"summary_large_image","twitter_misc":{"Skrevet af":"B\u00e9n\u00e9dicte Rebolloso","Estimeret l\u00e6setid":"4 minutter"},"schema":{"@context":"https:\/\/schema.org","@graph":[{"@type":"Article","@id":"https:\/\/blog.maciterneecolo.fr\/da\/hvad-er-livscyklussen-for-en-fleksibel-tank-fra-fremstilling-til-genbrug\/#article","isPartOf":{"@id":"https:\/\/blog.maciterneecolo.fr\/da\/hvad-er-livscyklussen-for-en-fleksibel-tank-fra-fremstilling-til-genbrug\/"},"author":{"name":"B\u00e9n\u00e9dicte Rebolloso","@id":"https:\/\/blog.maciterneecolo.fr\/da\/#\/schema\/person\/fe50d00b4e639107698e1ddead236943"},"headline":"Hvad er livscyklussen for en fleksibel tank? Fra fremstilling til genbrug","datePublished":"2025-12-03T08:00:00+00:00","mainEntityOfPage":{"@id":"https:\/\/blog.maciterneecolo.fr\/da\/hvad-er-livscyklussen-for-en-fleksibel-tank-fra-fremstilling-til-genbrug\/"},"wordCount":879,"commentCount":0,"publisher":{"@id":"https:\/\/blog.maciterneecolo.fr\/da\/#organization"},"image":{"@id":"https:\/\/blog.maciterneecolo.fr\/da\/hvad-er-livscyklussen-for-en-fleksibel-tank-fra-fremstilling-til-genbrug\/#primaryimage"},"thumbnailUrl":"https:\/\/blog.maciterneecolo.fr\/wp-content\/uploads\/2025\/09\/pexels-cottonbro-6591427-scaled.jpg","keywords":["opsamling af regnvand"],"articleSection":["Alt, hvad du beh\u00f8ver at vide om den fleksible tank","Fleksible beholdere"],"inLanguage":"da-DK","potentialAction":[{"@type":"CommentAction","name":"Comment","target":["https:\/\/blog.maciterneecolo.fr\/da\/hvad-er-livscyklussen-for-en-fleksibel-tank-fra-fremstilling-til-genbrug\/#respond"]}]},{"@type":"WebPage","@id":"https:\/\/blog.maciterneecolo.fr\/da\/hvad-er-livscyklussen-for-en-fleksibel-tank-fra-fremstilling-til-genbrug\/","url":"https:\/\/blog.maciterneecolo.fr\/da\/hvad-er-livscyklussen-for-en-fleksibel-tank-fra-fremstilling-til-genbrug\/","name":"Hvad er livscyklussen for en fleksibel tank? Fra fremstilling til genbrug - Blog Ma Citerne Ecolo","isPartOf":{"@id":"https:\/\/blog.maciterneecolo.fr\/da\/#website"},"primaryImageOfPage":{"@id":"https:\/\/blog.maciterneecolo.fr\/da\/hvad-er-livscyklussen-for-en-fleksibel-tank-fra-fremstilling-til-genbrug\/#primaryimage"},"image":{"@id":"https:\/\/blog.maciterneecolo.fr\/da\/hvad-er-livscyklussen-for-en-fleksibel-tank-fra-fremstilling-til-genbrug\/#primaryimage"},"thumbnailUrl":"https:\/\/blog.maciterneecolo.fr\/wp-content\/uploads\/2025\/09\/pexels-cottonbro-6591427-scaled.jpg","datePublished":"2025-12-03T08:00:00+00:00","description":"Fleksible tanke kan genbruges. Find ud af mere om fremstillingsprocessen for at forst\u00e5, hvordan de kan genbruges.","breadcrumb":{"@id":"https:\/\/blog.maciterneecolo.fr\/da\/hvad-er-livscyklussen-for-en-fleksibel-tank-fra-fremstilling-til-genbrug\/#breadcrumb"},"inLanguage":"da-DK","potentialAction":[{"@type":"ReadAction","target":["https:\/\/blog.maciterneecolo.fr\/da\/hvad-er-livscyklussen-for-en-fleksibel-tank-fra-fremstilling-til-genbrug\/"]}]},{"@type":"ImageObject","inLanguage":"da-DK","@id":"https:\/\/blog.maciterneecolo.fr\/da\/hvad-er-livscyklussen-for-en-fleksibel-tank-fra-fremstilling-til-genbrug\/#primaryimage","url":"https:\/\/blog.maciterneecolo.fr\/wp-content\/uploads\/2025\/09\/pexels-cottonbro-6591427-scaled.jpg","contentUrl":"https:\/\/blog.maciterneecolo.fr\/wp-content\/uploads\/2025\/09\/pexels-cottonbro-6591427-scaled.jpg","width":2560,"height":1707},{"@type":"BreadcrumbList","@id":"https:\/\/blog.maciterneecolo.fr\/da\/hvad-er-livscyklussen-for-en-fleksibel-tank-fra-fremstilling-til-genbrug\/#breadcrumb","itemListElement":[{"@type":"ListItem","position":1,"name":"Accueil","item":"https:\/\/blog.maciterneecolo.fr\/da\/"},{"@type":"ListItem","position":2,"name":"Hvad er livscyklussen for en fleksibel tank? Fra fremstilling til genbrug"}]},{"@type":"WebSite","@id":"https:\/\/blog.maciterneecolo.fr\/da\/#website","url":"https:\/\/blog.maciterneecolo.fr\/da\/","name":"Blog Ma Citerne Ecolo","description":"Leader dans le domaine de la citerne souple d&#039;eau de pluie","publisher":{"@id":"https:\/\/blog.maciterneecolo.fr\/da\/#organization"},"potentialAction":[{"@type":"SearchAction","target":{"@type":"EntryPoint","urlTemplate":"https:\/\/blog.maciterneecolo.fr\/da\/?s={search_term_string}"},"query-input":{"@type":"PropertyValueSpecification","valueRequired":true,"valueName":"search_term_string"}}],"inLanguage":"da-DK"},{"@type":"Organization","@id":"https:\/\/blog.maciterneecolo.fr\/da\/#organization","name":"Blog Ma Citerne Ecolo","url":"https:\/\/blog.maciterneecolo.fr\/da\/","logo":{"@type":"ImageObject","inLanguage":"da-DK","@id":"https:\/\/blog.maciterneecolo.fr\/da\/#\/schema\/logo\/image\/","url":"https:\/\/blog.maciterneecolo.fr\/wp-content\/uploads\/2022\/12\/cropped-favicon-blog.png","contentUrl":"https:\/\/blog.maciterneecolo.fr\/wp-content\/uploads\/2022\/12\/cropped-favicon-blog.png","width":512,"height":512,"caption":"Blog Ma Citerne Ecolo"},"image":{"@id":"https:\/\/blog.maciterneecolo.fr\/da\/#\/schema\/logo\/image\/"}},{"@type":"Person","@id":"https:\/\/blog.maciterneecolo.fr\/da\/#\/schema\/person\/fe50d00b4e639107698e1ddead236943","name":"B\u00e9n\u00e9dicte Rebolloso","image":{"@type":"ImageObject","inLanguage":"da-DK","@id":"https:\/\/secure.gravatar.com\/avatar\/ffa759db2a4d8ebb52a58b89d3dc2a9f0395a5122bb839045a145d6585de1126?s=96&d=mm&r=g","url":"https:\/\/secure.gravatar.com\/avatar\/ffa759db2a4d8ebb52a58b89d3dc2a9f0395a5122bb839045a145d6585de1126?s=96&d=mm&r=g","contentUrl":"https:\/\/secure.gravatar.com\/avatar\/ffa759db2a4d8ebb52a58b89d3dc2a9f0395a5122bb839045a145d6585de1126?s=96&d=mm&r=g","caption":"B\u00e9n\u00e9dicte Rebolloso"},"url":"https:\/\/blog.maciterneecolo.fr\/da\/author\/benedicterebolloso\/"}]}},"_links":{"self":[{"href":"https:\/\/blog.maciterneecolo.fr\/da\/wp-json\/wp\/v2\/posts\/15177","targetHints":{"allow":["GET"]}}],"collection":[{"href":"https:\/\/blog.maciterneecolo.fr\/da\/wp-json\/wp\/v2\/posts"}],"about":[{"href":"https:\/\/blog.maciterneecolo.fr\/da\/wp-json\/wp\/v2\/types\/post"}],"author":[{"embeddable":true,"href":"https:\/\/blog.maciterneecolo.fr\/da\/wp-json\/wp\/v2\/users\/4"}],"replies":[{"embeddable":true,"href":"https:\/\/blog.maciterneecolo.fr\/da\/wp-json\/wp\/v2\/comments?post=15177"}],"version-history":[{"count":1,"href":"https:\/\/blog.maciterneecolo.fr\/da\/wp-json\/wp\/v2\/posts\/15177\/revisions"}],"predecessor-version":[{"id":15178,"href":"https:\/\/blog.maciterneecolo.fr\/da\/wp-json\/wp\/v2\/posts\/15177\/revisions\/15178"}],"wp:featuredmedia":[{"embeddable":true,"href":"https:\/\/blog.maciterneecolo.fr\/da\/wp-json\/wp\/v2\/media\/15131"}],"wp:attachment":[{"href":"https:\/\/blog.maciterneecolo.fr\/da\/wp-json\/wp\/v2\/media?parent=15177"}],"wp:term":[{"taxonomy":"category","embeddable":true,"href":"https:\/\/blog.maciterneecolo.fr\/da\/wp-json\/wp\/v2\/categories?post=15177"},{"taxonomy":"post_tag","embeddable":true,"href":"https:\/\/blog.maciterneecolo.fr\/da\/wp-json\/wp\/v2\/tags?post=15177"}],"curies":[{"name":"wp","href":"https:\/\/api.w.org\/{rel}","templated":true}]}}