{"id":1921,"date":"2022-12-14T13:30:09","date_gmt":"2022-12-14T13:30:09","guid":{"rendered":"https:\/\/blog.maciterneecolo.fr\/tank-til-opbevaring-af-oekologisk-vand\/"},"modified":"2023-01-10T14:20:57","modified_gmt":"2023-01-10T14:20:57","slug":"tank-til-opbevaring-af-oekologisk-vand","status":"publish","type":"post","link":"https:\/\/blog.maciterneecolo.fr\/da\/tank-til-opbevaring-af-oekologisk-vand\/","title":{"rendered":"Tank til opbevaring af \u00f8kologisk vand"},"content":{"rendered":"\n<p>K\u00f8bet af en fleksibel tank til \u00f8kologisk opbevaring af liter vand er det ideelle valg! Fleksible regnvandstanke er p\u00e5lidelige produkter til opsamling af regnvand. Denne type tank er ogs\u00e5 praktisk til transport af dine v\u00e6sker. Vores regnvandsopsamlingstank har et dobbelt form\u00e5l. F\u00f8rst og fremmest giver en fleksibel regnvandstank dig mulighed for at opsamle dit regnvand fra en tagrender\u00f8rsamler. Den fleksible tank hj\u00e6lper ogs\u00e5 med at opbevare dette vand eller andre v\u00e6sker (spildevand som f.eks. g\u00f8dning, br\u00e6ndstof osv.). Du kan placere din fleksible tank i huset eller i haven. I et stykke tid har denne serie regnvandstanke v\u00e6ret meget efterspurgt i Frankrig. Ud over at v\u00e6re milj\u00f8venlig kan du bestille den p\u00e5 vores hjemmeside til attraktive priser. Og du kan selv v\u00e6lge den kapacitet til opbevaring af regnvand, du har brug for!<\/p>\n\n<h2 class=\"wp-block-heading\" id=\"ybc_heading_h2_1\"><strong>Forsyn dit toilet og din vaskemaskine med en fleksibel regnvandstank<\/strong><\/h2>\n\n<p>Den fleksible regnvandstank er et smart system til opsamling af regnvand. Selvb\u00e6rende tanke er nemme at bruge. Ud over at det er nemt at bruge regnvand, der er opsamlet i en fleksibel cisterne, er det den bedste m\u00e5de at spare p\u00e5 dit drikkevand. Denne type tank bruges til at forsyne toilettet i hjemmet. Det er let for enhver g\u00f8r-det-selv-arbejder at installere et dobbeltfloat-system fra sanitetsenheden. Med en <a href=\"https:\/\/www.maciterneecolo.fr\/fr\/3-citernes-souples-recuperation-eau-de-pluie\">regnvandstank<\/a> kan du ogs\u00e5 forsyne vaskemaskinen. For at g\u00f8re dette skal du oprette et dobbelt filtreringssystem med en vandhane. Regnvand, der opbevares i en fleksibel tank, er en ansvarlig m\u00e5de at forbruge vand p\u00e5 for milj\u00f8et. For nogle f\u00e5 euro ekstra kan du ogs\u00e5 k\u00f8be en tagrenderamler til dit traditionelle tag eller fladt tag.<\/p>\n\n<h2 class=\"wp-block-heading\" id=\"ybc_heading_h2_2\"><strong>Installation af en tank til milj\u00f8ansvarlig opbevaring af liter vand i husets krybek\u00e6lder<\/strong><\/h2>\n\n<p>Den fleksible regnvandsopsamlingstank og opbevaringstank, der s\u00e6lges i vores butik, kan placeres hvor som helst. Men det er sandt, at krybek\u00e6lderen er et af de foretrukne steder at installere en fleksibel tank. Det g\u00f8r det muligt at installere den selvb\u00e6rende tank p\u00e5lideligt i hjemmet. Desuden kan du med en fleksibel tank til \u00f8kologisk opbevaring af dit regnvand inde i huset undg\u00e5 at grave i haven for at opbevare en stiv tank. Det er den perfekte l\u00f8sning til at have en brandslukningsvandsenhed ved h\u00e5nden med et produkt af h\u00f8j kvalitet. Du kan ogs\u00e5 vande din have, rense din bil, fylde swimmingpoolen osv. n\u00e5r som helst. Det regnvand, der opsamles via den fleksible cisterne, bruges nemlig ikke kun til at forsyne dit sanitetsanl\u00e6g eller dit elektriske udstyr.<\/p>\n\n<h2 class=\"wp-block-heading\" id=\"ybc_heading_h2_3\"><strong>Milj\u00f8venlig opbevaring af den v\u00e6ske, du \u00f8nsker, takket v\u00e6re de fleksible tanke, der kan k\u00f8bes online<\/strong><\/h2>\n\n<p>Den fleksible regnvandscisterne er det nye alternativ til de mange br\u00f8nde, som tidligere fandtes i hele Frankrig. De fleksible tanke er fremstillet af h\u00f8jstyrkemateriale og er et produkt af h\u00f8jeste kvalitet til en konkurrencedygtig pris. Derudover kan du, som vi har set, ogs\u00e5 bruge vores fleksible tank som en selvb\u00e6rende regnvandstank til opbevaring af enhver anden v\u00e6ske. Ud over spildevand og flydende g\u00f8dning (f.eks. flydende kv\u00e6lstof) kan du ogs\u00e5 opbevare industrielt spildevand i din fleksible presenning. Det drejer sig bl.a. om affaldsv\u00e6sker fra kosmetik-, f\u00f8devare-, l\u00e6gemiddel- og bilindustrien samt fra den petrokemiske sektor. For at styrke beskyttelsen af dit gulv kan du placere en tilbageholdelsesbeholder under tanken for at holde alle dine giftige v\u00e6sker tilbage.<\/p>\n\n<h2 class=\"wp-block-heading\" id=\"ybc_heading_h2_4\"><strong>Hvorfor bruge en fleksibel tank til at opsamle regnvand?<\/strong><\/h2>\n\n<p>Den fleksible regnvandstank er en anordning, der garanterer, at du kan spare mange penge. Det er nemlig et produkt, der hj\u00e6lper dig med at reducere dit forbrug af drikkevand. Ved at tilf\u00f8je en tagrendeopsamler f\u00e5r du regnvand af h\u00f8j kvalitet. Is\u00e6r med vores fleksible tanke kan du v\u00e6re sikker p\u00e5 at f\u00e5 en tank, som du vil beholde i mange \u00e5r. I form af en fleksibel regnvandsdug kan du nemt opbevare den i et hj\u00f8rne af din have eller dit hjem. Med andre ord er det en vandopsamler, der ikke fylder noget! Dette er en af de mange fordele for familier, der \u00f8nsker at placere en regnvandstank i et omr\u00e5de med begr\u00e6nset plads.<\/p>\n\n<h2 class=\"wp-block-heading\" id=\"ybc_heading_h2_5\"><strong>Bestil din milj\u00f8venlige vandlagertank i vores online shop!<\/strong><\/h2>\n\n<p>MaCiterneEcolo.fr tilbyder salg af selvb\u00e6rende tanke til opbevaring og transport af regnvand og andre v\u00e6sker. Vores <a href=\"https:\/\/www.maciterneecolo.fr\/fr\/\">regnvandsopsamlingstank<\/a> er velegnet til b\u00e5de indend\u00f8rs og udend\u00f8rs brug. Du kan bruge det til sanit\u00e6re installationer, til at have en vandreserve til brandslukning, til at vande haven eller til at reng\u00f8re gulvet p\u00e5 din terrasse.<\/p>\n\n<p>Dette er en regnvandstank p\u00e5 lager og et praktisk, milj\u00f8venligt regnvandsopsamlingssystem til b\u00e6redygtig brug! Desuden r\u00e5dgiver vi dig gerne om valget af din selvb\u00e6rende plasttank. Vores team vil f\u00f8lge dig gennem hele dit projekt. Med andre ord, uanset om du har brug for r\u00e5dgivning om den ideelle m\u00e6ngde eller om installationen af din regnvandstank, er vi der altid for dig!<\/p>\n\n<p>Du kan v\u00e6lge den kapacitet til opbevaring af regnvand, der passer bedst til dig. Vores milj\u00f8venlige regnvandsbeholder giver garanti for et optimalt udstyr. Det er det bedste produkt, der i \u00f8jeblikket findes p\u00e5 markedet i Frankrig. Vores fleksible regnvandstank er fremstillet af et ultra-resistent materiale! Hvis du \u00f8nsker et tilbud p\u00e5 en regnvandsbeholder med stor kapacitet, bedes du kontakte os for et gratis tilbud.<\/p>\n\n<p><em><strong>P\u00e5 vej til at spare hundredvis af euro om m\u00e5neden&#8230;<\/strong><\/em><\/p>\n","protected":false},"excerpt":{"rendered":"<p>K\u00f8bet af en fleksibel tank til \u00f8kologisk opbevaring af liter vand er det ideelle valg! Fleksible regnvandstanke er p\u00e5lidelige produkter til opsamling af regnvand. Denne type tank er ogs\u00e5 praktisk til transport af dine v\u00e6sker. Vores regnvandsopsamlingstank har et dobbelt form\u00e5l. F\u00f8rst og fremmest giver en fleksibel regnvandstank dig mulighed for at opsamle dit regnvand [&hellip;]<\/p>\n","protected":false},"author":2,"featured_media":804,"comment_status":"closed","ping_status":"closed","sticky":false,"template":"","format":"standard","meta":{"inline_featured_image":false,"footnotes":""},"categories":[368],"tags":[303,61,432],"class_list":["post-1921","post","type-post","status-publish","format-standard","has-post-thumbnail","hentry","category-alt-hvad-du-behover-at-vide-om-den-fleksible-tank","tag-opbevaring","tag-regnvand","tag-tankskib"],"yoast_head":"<!-- This site is optimized with the Yoast SEO plugin v27.5 - https:\/\/yoast.com\/product\/yoast-seo-wordpress\/ -->\n<title>Tank til opbevaring af \u00f8kologisk vand<\/title>\n<meta name=\"description\" content=\"K\u00f8bet af en fleksibel tank til \u00f8kologisk opbevaring af liter vand er det ideelle valg! S\u00e5 hvorfor vente?\" \/>\n<meta name=\"robots\" content=\"index, follow, max-snippet:-1, max-image-preview:large, max-video-preview:-1\" \/>\n<link rel=\"canonical\" href=\"https:\/\/blog.maciterneecolo.fr\/da\/tank-til-opbevaring-af-oekologisk-vand\/\" \/>\n<meta property=\"og:locale\" content=\"da_DK\" \/>\n<meta property=\"og:type\" content=\"article\" \/>\n<meta property=\"og:title\" content=\"Tank til opbevaring af \u00f8kologisk vand\" \/>\n<meta property=\"og:description\" content=\"K\u00f8bet af en fleksibel tank til \u00f8kologisk opbevaring af liter vand er det ideelle valg! S\u00e5 hvorfor vente?\" \/>\n<meta property=\"og:url\" content=\"https:\/\/blog.maciterneecolo.fr\/da\/tank-til-opbevaring-af-oekologisk-vand\/\" \/>\n<meta property=\"og:site_name\" content=\"Blog Ma Citerne Ecolo\" \/>\n<meta property=\"article:published_time\" content=\"2022-12-14T13:30:09+00:00\" \/>\n<meta property=\"article:modified_time\" content=\"2023-01-10T14:20:57+00:00\" \/>\n<meta property=\"og:image\" content=\"https:\/\/blog.maciterneecolo.fr\/wp-content\/uploads\/2022\/12\/stockage-eau-de-pluie-citerne.jpg\" \/>\n\t<meta property=\"og:image:width\" content=\"1920\" \/>\n\t<meta property=\"og:image:height\" content=\"1280\" \/>\n\t<meta property=\"og:image:type\" content=\"image\/jpeg\" \/>\n<meta name=\"author\" content=\"Lucile\" \/>\n<meta name=\"twitter:card\" content=\"summary_large_image\" \/>\n<meta name=\"twitter:label1\" content=\"Skrevet af\" \/>\n\t<meta name=\"twitter:data1\" content=\"Lucile\" \/>\n\t<meta name=\"twitter:label2\" content=\"Estimeret l\u00e6setid\" \/>\n\t<meta name=\"twitter:data2\" content=\"5 minutter\" \/>\n<script type=\"application\/ld+json\" class=\"yoast-schema-graph\">{\"@context\":\"https:\\\/\\\/schema.org\",\"@graph\":[{\"@type\":\"Article\",\"@id\":\"https:\\\/\\\/blog.maciterneecolo.fr\\\/da\\\/tank-til-opbevaring-af-oekologisk-vand\\\/#article\",\"isPartOf\":{\"@id\":\"https:\\\/\\\/blog.maciterneecolo.fr\\\/da\\\/tank-til-opbevaring-af-oekologisk-vand\\\/\"},\"author\":{\"name\":\"Lucile\",\"@id\":\"https:\\\/\\\/blog.maciterneecolo.fr\\\/da\\\/#\\\/schema\\\/person\\\/cfb93b191140c86292f0707edfd4b6fe\"},\"headline\":\"Tank til opbevaring af \u00f8kologisk vand\",\"datePublished\":\"2022-12-14T13:30:09+00:00\",\"dateModified\":\"2023-01-10T14:20:57+00:00\",\"mainEntityOfPage\":{\"@id\":\"https:\\\/\\\/blog.maciterneecolo.fr\\\/da\\\/tank-til-opbevaring-af-oekologisk-vand\\\/\"},\"wordCount\":931,\"publisher\":{\"@id\":\"https:\\\/\\\/blog.maciterneecolo.fr\\\/da\\\/#organization\"},\"image\":{\"@id\":\"https:\\\/\\\/blog.maciterneecolo.fr\\\/da\\\/tank-til-opbevaring-af-oekologisk-vand\\\/#primaryimage\"},\"thumbnailUrl\":\"https:\\\/\\\/blog.maciterneecolo.fr\\\/wp-content\\\/uploads\\\/2022\\\/12\\\/stockage-eau-de-pluie-citerne.jpg\",\"keywords\":[\"opbevaring\",\"regnvand\",\"tankskib\"],\"articleSection\":[\"Alt, hvad du beh\u00f8ver at vide om den fleksible tank\"],\"inLanguage\":\"da-DK\"},{\"@type\":\"WebPage\",\"@id\":\"https:\\\/\\\/blog.maciterneecolo.fr\\\/da\\\/tank-til-opbevaring-af-oekologisk-vand\\\/\",\"url\":\"https:\\\/\\\/blog.maciterneecolo.fr\\\/da\\\/tank-til-opbevaring-af-oekologisk-vand\\\/\",\"name\":\"Tank til opbevaring af \u00f8kologisk vand\",\"isPartOf\":{\"@id\":\"https:\\\/\\\/blog.maciterneecolo.fr\\\/da\\\/#website\"},\"primaryImageOfPage\":{\"@id\":\"https:\\\/\\\/blog.maciterneecolo.fr\\\/da\\\/tank-til-opbevaring-af-oekologisk-vand\\\/#primaryimage\"},\"image\":{\"@id\":\"https:\\\/\\\/blog.maciterneecolo.fr\\\/da\\\/tank-til-opbevaring-af-oekologisk-vand\\\/#primaryimage\"},\"thumbnailUrl\":\"https:\\\/\\\/blog.maciterneecolo.fr\\\/wp-content\\\/uploads\\\/2022\\\/12\\\/stockage-eau-de-pluie-citerne.jpg\",\"datePublished\":\"2022-12-14T13:30:09+00:00\",\"dateModified\":\"2023-01-10T14:20:57+00:00\",\"description\":\"K\u00f8bet af en fleksibel tank til \u00f8kologisk opbevaring af liter vand er det ideelle valg! S\u00e5 hvorfor vente?\",\"breadcrumb\":{\"@id\":\"https:\\\/\\\/blog.maciterneecolo.fr\\\/da\\\/tank-til-opbevaring-af-oekologisk-vand\\\/#breadcrumb\"},\"inLanguage\":\"da-DK\",\"potentialAction\":[{\"@type\":\"ReadAction\",\"target\":[\"https:\\\/\\\/blog.maciterneecolo.fr\\\/da\\\/tank-til-opbevaring-af-oekologisk-vand\\\/\"]}]},{\"@type\":\"ImageObject\",\"inLanguage\":\"da-DK\",\"@id\":\"https:\\\/\\\/blog.maciterneecolo.fr\\\/da\\\/tank-til-opbevaring-af-oekologisk-vand\\\/#primaryimage\",\"url\":\"https:\\\/\\\/blog.maciterneecolo.fr\\\/wp-content\\\/uploads\\\/2022\\\/12\\\/stockage-eau-de-pluie-citerne.jpg\",\"contentUrl\":\"https:\\\/\\\/blog.maciterneecolo.fr\\\/wp-content\\\/uploads\\\/2022\\\/12\\\/stockage-eau-de-pluie-citerne.jpg\",\"width\":1920,\"height\":1280},{\"@type\":\"BreadcrumbList\",\"@id\":\"https:\\\/\\\/blog.maciterneecolo.fr\\\/da\\\/tank-til-opbevaring-af-oekologisk-vand\\\/#breadcrumb\",\"itemListElement\":[{\"@type\":\"ListItem\",\"position\":1,\"name\":\"Accueil\",\"item\":\"https:\\\/\\\/blog.maciterneecolo.fr\\\/da\\\/\"},{\"@type\":\"ListItem\",\"position\":2,\"name\":\"Tank til opbevaring af \u00f8kologisk vand\"}]},{\"@type\":\"WebSite\",\"@id\":\"https:\\\/\\\/blog.maciterneecolo.fr\\\/da\\\/#website\",\"url\":\"https:\\\/\\\/blog.maciterneecolo.fr\\\/da\\\/\",\"name\":\"Blog Ma Citerne Ecolo\",\"description\":\"Leader dans le domaine de la citerne souple d&#039;eau de pluie\",\"publisher\":{\"@id\":\"https:\\\/\\\/blog.maciterneecolo.fr\\\/da\\\/#organization\"},\"potentialAction\":[{\"@type\":\"SearchAction\",\"target\":{\"@type\":\"EntryPoint\",\"urlTemplate\":\"https:\\\/\\\/blog.maciterneecolo.fr\\\/da\\\/?s={search_term_string}\"},\"query-input\":{\"@type\":\"PropertyValueSpecification\",\"valueRequired\":true,\"valueName\":\"search_term_string\"}}],\"inLanguage\":\"da-DK\"},{\"@type\":\"Organization\",\"@id\":\"https:\\\/\\\/blog.maciterneecolo.fr\\\/da\\\/#organization\",\"name\":\"Blog Ma Citerne Ecolo\",\"url\":\"https:\\\/\\\/blog.maciterneecolo.fr\\\/da\\\/\",\"logo\":{\"@type\":\"ImageObject\",\"inLanguage\":\"da-DK\",\"@id\":\"https:\\\/\\\/blog.maciterneecolo.fr\\\/da\\\/#\\\/schema\\\/logo\\\/image\\\/\",\"url\":\"https:\\\/\\\/blog.maciterneecolo.fr\\\/wp-content\\\/uploads\\\/2022\\\/12\\\/cropped-favicon-blog.png\",\"contentUrl\":\"https:\\\/\\\/blog.maciterneecolo.fr\\\/wp-content\\\/uploads\\\/2022\\\/12\\\/cropped-favicon-blog.png\",\"width\":512,\"height\":512,\"caption\":\"Blog Ma Citerne Ecolo\"},\"image\":{\"@id\":\"https:\\\/\\\/blog.maciterneecolo.fr\\\/da\\\/#\\\/schema\\\/logo\\\/image\\\/\"}},{\"@type\":\"Person\",\"@id\":\"https:\\\/\\\/blog.maciterneecolo.fr\\\/da\\\/#\\\/schema\\\/person\\\/cfb93b191140c86292f0707edfd4b6fe\",\"name\":\"Lucile\",\"image\":{\"@type\":\"ImageObject\",\"inLanguage\":\"da-DK\",\"@id\":\"https:\\\/\\\/secure.gravatar.com\\\/avatar\\\/3c571ab7761bcc142db76a63f33a2a5ebee8b76990a871c9329e3e6df7ae9f3c?s=96&d=mm&r=g\",\"url\":\"https:\\\/\\\/secure.gravatar.com\\\/avatar\\\/3c571ab7761bcc142db76a63f33a2a5ebee8b76990a871c9329e3e6df7ae9f3c?s=96&d=mm&r=g\",\"contentUrl\":\"https:\\\/\\\/secure.gravatar.com\\\/avatar\\\/3c571ab7761bcc142db76a63f33a2a5ebee8b76990a871c9329e3e6df7ae9f3c?s=96&d=mm&r=g\",\"caption\":\"Lucile\"},\"url\":\"https:\\\/\\\/blog.maciterneecolo.fr\\\/da\\\/author\\\/lucilewerkeyn\\\/\"}]}<\/script>\n<!-- \/ Yoast SEO plugin. -->","yoast_head_json":{"title":"Tank til opbevaring af \u00f8kologisk vand","description":"K\u00f8bet af en fleksibel tank til \u00f8kologisk opbevaring af liter vand er det ideelle valg! S\u00e5 hvorfor vente?","robots":{"index":"index","follow":"follow","max-snippet":"max-snippet:-1","max-image-preview":"max-image-preview:large","max-video-preview":"max-video-preview:-1"},"canonical":"https:\/\/blog.maciterneecolo.fr\/da\/tank-til-opbevaring-af-oekologisk-vand\/","og_locale":"da_DK","og_type":"article","og_title":"Tank til opbevaring af \u00f8kologisk vand","og_description":"K\u00f8bet af en fleksibel tank til \u00f8kologisk opbevaring af liter vand er det ideelle valg! S\u00e5 hvorfor vente?","og_url":"https:\/\/blog.maciterneecolo.fr\/da\/tank-til-opbevaring-af-oekologisk-vand\/","og_site_name":"Blog Ma Citerne Ecolo","article_published_time":"2022-12-14T13:30:09+00:00","article_modified_time":"2023-01-10T14:20:57+00:00","og_image":[{"width":1920,"height":1280,"url":"https:\/\/blog.maciterneecolo.fr\/wp-content\/uploads\/2022\/12\/stockage-eau-de-pluie-citerne.jpg","type":"image\/jpeg"}],"author":"Lucile","twitter_card":"summary_large_image","twitter_misc":{"Skrevet af":"Lucile","Estimeret l\u00e6setid":"5 minutter"},"schema":{"@context":"https:\/\/schema.org","@graph":[{"@type":"Article","@id":"https:\/\/blog.maciterneecolo.fr\/da\/tank-til-opbevaring-af-oekologisk-vand\/#article","isPartOf":{"@id":"https:\/\/blog.maciterneecolo.fr\/da\/tank-til-opbevaring-af-oekologisk-vand\/"},"author":{"name":"Lucile","@id":"https:\/\/blog.maciterneecolo.fr\/da\/#\/schema\/person\/cfb93b191140c86292f0707edfd4b6fe"},"headline":"Tank til opbevaring af \u00f8kologisk vand","datePublished":"2022-12-14T13:30:09+00:00","dateModified":"2023-01-10T14:20:57+00:00","mainEntityOfPage":{"@id":"https:\/\/blog.maciterneecolo.fr\/da\/tank-til-opbevaring-af-oekologisk-vand\/"},"wordCount":931,"publisher":{"@id":"https:\/\/blog.maciterneecolo.fr\/da\/#organization"},"image":{"@id":"https:\/\/blog.maciterneecolo.fr\/da\/tank-til-opbevaring-af-oekologisk-vand\/#primaryimage"},"thumbnailUrl":"https:\/\/blog.maciterneecolo.fr\/wp-content\/uploads\/2022\/12\/stockage-eau-de-pluie-citerne.jpg","keywords":["opbevaring","regnvand","tankskib"],"articleSection":["Alt, hvad du beh\u00f8ver at vide om den fleksible tank"],"inLanguage":"da-DK"},{"@type":"WebPage","@id":"https:\/\/blog.maciterneecolo.fr\/da\/tank-til-opbevaring-af-oekologisk-vand\/","url":"https:\/\/blog.maciterneecolo.fr\/da\/tank-til-opbevaring-af-oekologisk-vand\/","name":"Tank til opbevaring af \u00f8kologisk vand","isPartOf":{"@id":"https:\/\/blog.maciterneecolo.fr\/da\/#website"},"primaryImageOfPage":{"@id":"https:\/\/blog.maciterneecolo.fr\/da\/tank-til-opbevaring-af-oekologisk-vand\/#primaryimage"},"image":{"@id":"https:\/\/blog.maciterneecolo.fr\/da\/tank-til-opbevaring-af-oekologisk-vand\/#primaryimage"},"thumbnailUrl":"https:\/\/blog.maciterneecolo.fr\/wp-content\/uploads\/2022\/12\/stockage-eau-de-pluie-citerne.jpg","datePublished":"2022-12-14T13:30:09+00:00","dateModified":"2023-01-10T14:20:57+00:00","description":"K\u00f8bet af en fleksibel tank til \u00f8kologisk opbevaring af liter vand er det ideelle valg! S\u00e5 hvorfor vente?","breadcrumb":{"@id":"https:\/\/blog.maciterneecolo.fr\/da\/tank-til-opbevaring-af-oekologisk-vand\/#breadcrumb"},"inLanguage":"da-DK","potentialAction":[{"@type":"ReadAction","target":["https:\/\/blog.maciterneecolo.fr\/da\/tank-til-opbevaring-af-oekologisk-vand\/"]}]},{"@type":"ImageObject","inLanguage":"da-DK","@id":"https:\/\/blog.maciterneecolo.fr\/da\/tank-til-opbevaring-af-oekologisk-vand\/#primaryimage","url":"https:\/\/blog.maciterneecolo.fr\/wp-content\/uploads\/2022\/12\/stockage-eau-de-pluie-citerne.jpg","contentUrl":"https:\/\/blog.maciterneecolo.fr\/wp-content\/uploads\/2022\/12\/stockage-eau-de-pluie-citerne.jpg","width":1920,"height":1280},{"@type":"BreadcrumbList","@id":"https:\/\/blog.maciterneecolo.fr\/da\/tank-til-opbevaring-af-oekologisk-vand\/#breadcrumb","itemListElement":[{"@type":"ListItem","position":1,"name":"Accueil","item":"https:\/\/blog.maciterneecolo.fr\/da\/"},{"@type":"ListItem","position":2,"name":"Tank til opbevaring af \u00f8kologisk vand"}]},{"@type":"WebSite","@id":"https:\/\/blog.maciterneecolo.fr\/da\/#website","url":"https:\/\/blog.maciterneecolo.fr\/da\/","name":"Blog Ma Citerne Ecolo","description":"Leader dans le domaine de la citerne souple d&#039;eau de pluie","publisher":{"@id":"https:\/\/blog.maciterneecolo.fr\/da\/#organization"},"potentialAction":[{"@type":"SearchAction","target":{"@type":"EntryPoint","urlTemplate":"https:\/\/blog.maciterneecolo.fr\/da\/?s={search_term_string}"},"query-input":{"@type":"PropertyValueSpecification","valueRequired":true,"valueName":"search_term_string"}}],"inLanguage":"da-DK"},{"@type":"Organization","@id":"https:\/\/blog.maciterneecolo.fr\/da\/#organization","name":"Blog Ma Citerne Ecolo","url":"https:\/\/blog.maciterneecolo.fr\/da\/","logo":{"@type":"ImageObject","inLanguage":"da-DK","@id":"https:\/\/blog.maciterneecolo.fr\/da\/#\/schema\/logo\/image\/","url":"https:\/\/blog.maciterneecolo.fr\/wp-content\/uploads\/2022\/12\/cropped-favicon-blog.png","contentUrl":"https:\/\/blog.maciterneecolo.fr\/wp-content\/uploads\/2022\/12\/cropped-favicon-blog.png","width":512,"height":512,"caption":"Blog Ma Citerne Ecolo"},"image":{"@id":"https:\/\/blog.maciterneecolo.fr\/da\/#\/schema\/logo\/image\/"}},{"@type":"Person","@id":"https:\/\/blog.maciterneecolo.fr\/da\/#\/schema\/person\/cfb93b191140c86292f0707edfd4b6fe","name":"Lucile","image":{"@type":"ImageObject","inLanguage":"da-DK","@id":"https:\/\/secure.gravatar.com\/avatar\/3c571ab7761bcc142db76a63f33a2a5ebee8b76990a871c9329e3e6df7ae9f3c?s=96&d=mm&r=g","url":"https:\/\/secure.gravatar.com\/avatar\/3c571ab7761bcc142db76a63f33a2a5ebee8b76990a871c9329e3e6df7ae9f3c?s=96&d=mm&r=g","contentUrl":"https:\/\/secure.gravatar.com\/avatar\/3c571ab7761bcc142db76a63f33a2a5ebee8b76990a871c9329e3e6df7ae9f3c?s=96&d=mm&r=g","caption":"Lucile"},"url":"https:\/\/blog.maciterneecolo.fr\/da\/author\/lucilewerkeyn\/"}]}},"_links":{"self":[{"href":"https:\/\/blog.maciterneecolo.fr\/da\/wp-json\/wp\/v2\/posts\/1921","targetHints":{"allow":["GET"]}}],"collection":[{"href":"https:\/\/blog.maciterneecolo.fr\/da\/wp-json\/wp\/v2\/posts"}],"about":[{"href":"https:\/\/blog.maciterneecolo.fr\/da\/wp-json\/wp\/v2\/types\/post"}],"author":[{"embeddable":true,"href":"https:\/\/blog.maciterneecolo.fr\/da\/wp-json\/wp\/v2\/users\/2"}],"replies":[{"embeddable":true,"href":"https:\/\/blog.maciterneecolo.fr\/da\/wp-json\/wp\/v2\/comments?post=1921"}],"version-history":[{"count":1,"href":"https:\/\/blog.maciterneecolo.fr\/da\/wp-json\/wp\/v2\/posts\/1921\/revisions"}],"predecessor-version":[{"id":1922,"href":"https:\/\/blog.maciterneecolo.fr\/da\/wp-json\/wp\/v2\/posts\/1921\/revisions\/1922"}],"wp:featuredmedia":[{"embeddable":true,"href":"https:\/\/blog.maciterneecolo.fr\/da\/wp-json\/wp\/v2\/media\/804"}],"wp:attachment":[{"href":"https:\/\/blog.maciterneecolo.fr\/da\/wp-json\/wp\/v2\/media?parent=1921"}],"wp:term":[{"taxonomy":"category","embeddable":true,"href":"https:\/\/blog.maciterneecolo.fr\/da\/wp-json\/wp\/v2\/categories?post=1921"},{"taxonomy":"post_tag","embeddable":true,"href":"https:\/\/blog.maciterneecolo.fr\/da\/wp-json\/wp\/v2\/tags?post=1921"}],"curies":[{"name":"wp","href":"https:\/\/api.w.org\/{rel}","templated":true}]}}