{"id":1945,"date":"2022-12-14T14:02:30","date_gmt":"2022-12-14T14:02:30","guid":{"rendered":"https:\/\/blog.maciterneecolo.fr\/antisvampe-fleksible-tanke-til-vand\/"},"modified":"2023-01-10T14:20:53","modified_gmt":"2023-01-10T14:20:53","slug":"antisvampe-fleksible-tanke-til-vand","status":"publish","type":"post","link":"https:\/\/blog.maciterneecolo.fr\/da\/antisvampe-fleksible-tanke-til-vand\/","title":{"rendered":"Antisvampe fleksible tanke til vand"},"content":{"rendered":"\n<p>Leder du efter udstyr til opsamling og opbevaring af liter regnvand, der ikke er drikkevand, eller andre v\u00e6sker (flydende g\u00f8dning, spildevand, olier, kulbrinter osv.), som f.eks. vores fleksible topmodel-tank til regnvand? Vi har den selvb\u00e6rende tank med teknisk stof, som du har brug for i Frankrig til vanding eller fyldning af dit sanitetsanl\u00e6g (f.eks. til toilettanken eller til presenning af en brandslukningsvandsreserve)! Til den bedste pris og vandt\u00e6t, g\u00e5 til MaCiterneEcolo.fr shoppen for at bestille en af vores svampedr\u00e6bende fleksible tanke til regnvand og v\u00e6sker af alle slags&#8230;  <\/p>\n\n<p>Alle vores produkter (tilbeh\u00f8r til den fleksible tank) er kompatible med brugen af vores tank (med den volumen du v\u00e6lger) til salg til professionelle og private! Du finder helt sikkert alle de l\u00f8sninger, du har brug for, i vores butik. Desuden har vi sikret, at vi tilbyder dig et milj\u00f8venligt produkt. GRATIS ONLINE TILBUD med selvb\u00e6rende tank til vand og andre v\u00e6sker leveret i hele Frankrig og sendt hurtigt! Vores tank er den ideelle l\u00f8sning til at f\u00e5 fordel af et regnvandsopsamlingssystem til en lav pris&#8230;<\/p>\n\n<h2 class=\"wp-block-heading\" id=\"ybc_heading_h2_1\"><strong>F\u00e5 den rigtige tank til dig blandt vores fleksible svampedr\u00e6bende tanke til regnvand og andre v\u00e6sker<\/strong><\/h2>\n\n<p>Vores udvalg af <a href=\"https:\/\/www.maciterneecolo.fr\/fr\/3-citernes-souples-recuperation-eau-de-pluie\">fleksible tanke<\/a> til konkurrencedygtige priser (med tilbeh\u00f8r til regnvand) er lukkede, vandt\u00e6tte og kan foldes sammen, n\u00e5r de er t\u00f8mt. Til at begynde med er det vigtigt at vide, at vores fleksible regnvandstanke er fremstillet af et teknisk PVC-indledende stof, der giver et stort opbevaringsvolumen. Vores fleksible regnvandstanke giver derfor maksimal beskyttelse af de v\u00e6sker, du har indeni. Uanset om det er regnvand eller en anden v\u00e6ske, forbliver det, du opbevarer, sikkert i vores tank. For det andet har vores selvb\u00e6rende regnvandstanke i s\u00e6tform eller enkeltvis et meget st\u00e6rkt tilbageholdelsessystem og er designet til at forhindre enhver ekstern kontakt (is\u00e6r forurening) med dine v\u00e6sker (regnvand, g\u00f8dning, spildevand osv.).<\/p>\n\n<p>Vores udvalg af fleksible tanke til regnvand til ikke-drikkevand er robuste over for kulde og varme. Vores produkter er designet til at kunne modst\u00e5 de h\u00f8jeste og laveste temperaturer. Formuleringen af vores fleksible vandtank giver en barriere mod ultraviolette str\u00e5ler. Det giver dig ogs\u00e5 mulighed for at placere dine drikkevandstanke udenfor. Du kan derfor installere din regnvandstank p\u00e5 jordoverfladen i din have, i din private g\u00e5rd og endda under din tr\u00e6terrasse.<\/p>\n\n<p>Vores selvb\u00e6rende regnvandstanke kan ogs\u00e5 placeres i krybek\u00e6lderen i dit hus. Afh\u00e6ngigt af modellen (st\u00f8rrelse og opbevaringskapacitet) kan vores regnvandstank af teknisk stof let placeres p\u00e5 et begr\u00e6nset areal. Vi tilbyder fleksible regnvandstanke i rektangul\u00e6rt, smalt eller kvadratisk format. Desuden er vores tank udstyret med forst\u00e6rkninger i v\u00e6ggene.<\/p>\n\n<h2 class=\"wp-block-heading\" id=\"ybc_heading_h2_2\"><strong>Den ultimative behandling af regnvand, der ikke kan bruges til drikkevand!<\/strong><\/h2>\n\n<p>Behandlingen af vores sortiment af svampedr\u00e6bende regnvandstanke (med tilbeh\u00f8r) g\u00f8r dem til ufejlbarlige produkter til opbevaring af det vand, du opsamler fra dit tag. Hvad kunne v\u00e6re bedre end at have en regnvandscisterne, der bek\u00e6mper spredning af svamp og forekomst af alger eller andre levende organismer, som i \u00f8vrigt er s\u00e6rligt glade for kontakt med regnvand. Vi sender den \u00f8nskede m\u00e6ngde produkter til hele Frankrig!<\/p>\n\n<p>Hvorfor spilde tid og penge p\u00e5 at installere et myggenet, reng\u00f8re presenninger dagligt, s\u00e6tte en sk\u00e6rm p\u00e5 tagrenden eller d\u00e6kke din  <a href=\"https:\/\/www.maciterneecolo.fr\/fr\/\">vandtank<\/a>  n\u00e5r du blot kan k\u00f8be svampedr\u00e6bende fleksible tanke med udstyr til liter regnvand, som ikke kr\u00e6ver nogen forebyggelse eller vedligeholdelse. L\u00e6ngde, bredde, h\u00f8jde&#8230; Vi har den tank med mulighed for en enkelt opsamler (eller i bulk), som du har brug for, og vi leverer meget hurtigt for at drage fordel af dens fordele!<\/p>\n\n<h2 class=\"wp-block-heading\" id=\"ybc_heading_h2_3\"><strong>Den ideelle samtale om ikke-drikkeligt vand til dine forskellige anvendelser!<\/strong><\/h2>\n\n<p>If\u00f8lge videnskabelige unders\u00f8gelser er det gentagne gange blevet bevist, at regnvandets kvalitet generelt svarer til luftkvaliteten. Hvis du ikke allerede vidste det, indeholder luften alle mulige forurenende stoffer fra naturlige og unaturlige ydre p\u00e5virkninger. Det regnvand, som du opsamler, er ofte forurenet, inden det n\u00e5r frem til tankens overflade, p\u00e5 grund af kondensvand og andre faktorer. Hvis regnvandet l\u00f8ber af dit tag og p\u00e5virkes af andre faktorer, vil det ende med at blive af d\u00e5rlig kvalitet. I sig selv er det ikke noget problem, s\u00e5 l\u00e6nge brugen af dit oplagrede regnvand fra din lagertank (engros eller individuel) med tilbeh\u00f8r bidrager til at vande din gr\u00f8ntsagshave eller fylde dit udstyr eller dine sanit\u00e6re faciliteter.  <\/p>\n\n<p>Vores fleksible regnvandsopsamlings- og transporttank til liter regnvand er ogs\u00e5 det ideelle produkt til brug som en fleksibel tank til flydende g\u00f8dning eller til at udnytte en diesel- eller br\u00e6ndstoftank! Men for at det kan lade sig g\u00f8re, skal du stadig v\u00e6re i besiddelse af en fleksibel tank af h\u00f8jeste kvalitet med udstyr, der ikke \u00f8ger forureningen af dit regnvand p\u00e5 grund af sin kvalitet. For med en regnvandstank af d\u00e5rlig kvalitet (i mods\u00e6tning til en fritst\u00e5ende tank) uds\u00e6tter du dig selv for yderligere bakterier. For ikke at n\u00e6vne den st\u00e6rke lugt fra dit regnvand i denne regnvandstank, der bliver gr\u00f8n med tiden.  <\/p>\n\n<p>Med den selvb\u00e6rende regnvandstank l\u00f8ber du ikke denne risiko, fordi den er svampedr\u00e6bende, UV- og fordampningsh\u00e6mmende. Vores vandtank sikrer, at dit regnvand er velbevaret, selv om det allerede er forurenet. Derudover kan du tilf\u00f8je vandbehandling med et filtreringssystem, der renser og desinficerer dit vand, s\u00e5 det bliver n\u00e6sten rent. Desuden har vores regnvandstank en h\u00f8j tilbageholdelseskapacitet!<\/p>\n\n<h2 class=\"wp-block-heading\" id=\"ybc_heading_h2_4\"><strong>V\u00e6lg vores m\u00e6rke for at v\u00e6re sikker p\u00e5 at k\u00f8be en f\u00f8rsteklasses vandlagertank<\/strong><\/h2>\n\n<p>Du skal blot v\u00e6lge det produkt med den lagerkapacitet (regnvandstank med et volumen p\u00e5 1 til 100 m\u00b3), som du har brug for til dit projekt. Bed os nu om et gratis tilbud! Vi leverer og sender hurtigt dine fleksible tankprodukter til regnvand og v\u00e6sker (flydende g\u00f8dning, flydende biomasse, industrielt spildevand osv.).  <\/p>\n\n<p>Installationen af vores regnvandstank er den ideelle l\u00f8sning til at fylde toiletskyl, fodre vaskemaskinen eller opvaskemaskinen, vanding af gr\u00f8ntsager, fylde en brandslukningsvandsreserve eller vande din have. Desuden er vores l\u00f8sninger til opbevaring af regnvand produkter, der garanterer beskyttelse af din jord og milj\u00f8et. Det eneste du skal g\u00f8re er at v\u00e6lge m\u00e6ngden af den type vandlagertank med opsamler, som du har brug for, i henhold til den l\u00e6ngde, bredde og h\u00f8jde, der svarer til dit regnvandsopbevaringsprojekt p\u00e5 vores online salgsside. Premium-l\u00f8sning!<\/p>\n\n<p>Nogle f\u00e5 eksempler p\u00e5, hvordan vi kan indsamle og transportere din v\u00e6sketank pr. enhed, levere den til dig og sende den til det sted, du \u00f8nsker:<\/p>\n\n<ul class=\"wp-block-list\">\n<li>Br\u00e6ndstof<\/li>\n\n\n\n<li>K\u00f8lev\u00e6ske<\/li>\n\n\n\n<li>Borehulvand<\/li>\n\n\n\n<li>Ikke-vejg\u00e5ende dieselolie<\/li>\n\n\n\n<li>Br\u00f8ndvand<\/li>\n\n\n\n<li>Flydende g\u00f8dning<\/li>\n\n\n\n<li>Vandreserve til brandbek\u00e6mpelse<\/li>\n\n\n\n<li>Biomasse<\/li>\n\n\n\n<li>Gylle<\/li>\n\n\n\n<li>Diesel&#8230;<\/li>\n<\/ul>\n","protected":false},"excerpt":{"rendered":"<p>Leder du efter udstyr til opsamling og opbevaring af liter regnvand, der ikke er drikkevand, eller andre v\u00e6sker (flydende g\u00f8dning, spildevand, olier, kulbrinter osv.), som f.eks. vores fleksible topmodel-tank til regnvand? Vi har den selvb\u00e6rende tank med teknisk stof, som du har brug for i Frankrig til vanding eller fyldning af dit sanitetsanl\u00e6g (f.eks. til [&hellip;]<\/p>\n","protected":false},"author":2,"featured_media":820,"comment_status":"closed","ping_status":"closed","sticky":false,"template":"","format":"standard","meta":{"inline_featured_image":false,"footnotes":""},"categories":[368],"tags":[446,445],"class_list":["post-1945","post","type-post","status-publish","format-standard","has-post-thumbnail","hentry","category-alt-hvad-du-behover-at-vide-om-den-fleksible-tank","tag-regnvand-da","tag-svampedraebende-fleksible-tanke"],"yoast_head":"<!-- This site is optimized with the Yoast SEO plugin v27.4 - https:\/\/yoast.com\/product\/yoast-seo-wordpress\/ -->\n<title>Antisvampe fleksible tanke til vand - Blog Ma Citerne Ecolo<\/title>\n<meta name=\"description\" content=\"Har du brug for en tank til regnvand eller andre v\u00e6sker? Vores fleksible tanke er ideelle til enhver anvendelse.\" \/>\n<meta name=\"robots\" content=\"index, follow, max-snippet:-1, max-image-preview:large, max-video-preview:-1\" \/>\n<link rel=\"canonical\" href=\"https:\/\/blog.maciterneecolo.fr\/da\/antisvampe-fleksible-tanke-til-vand\/\" \/>\n<meta property=\"og:locale\" content=\"da_DK\" \/>\n<meta property=\"og:type\" content=\"article\" \/>\n<meta property=\"og:title\" content=\"Antisvampe fleksible tanke til vand - Blog Ma Citerne Ecolo\" \/>\n<meta property=\"og:description\" content=\"Har du brug for en tank til regnvand eller andre v\u00e6sker? Vores fleksible tanke er ideelle til enhver anvendelse.\" \/>\n<meta property=\"og:url\" content=\"https:\/\/blog.maciterneecolo.fr\/da\/antisvampe-fleksible-tanke-til-vand\/\" \/>\n<meta property=\"og:site_name\" content=\"Blog Ma Citerne Ecolo\" \/>\n<meta property=\"article:published_time\" content=\"2022-12-14T14:02:30+00:00\" \/>\n<meta property=\"article:modified_time\" content=\"2023-01-10T14:20:53+00:00\" \/>\n<meta property=\"og:image\" content=\"https:\/\/blog.maciterneecolo.fr\/wp-content\/uploads\/2022\/12\/eau-de-pluie-2.jpg\" \/>\n\t<meta property=\"og:image:width\" content=\"1920\" \/>\n\t<meta property=\"og:image:height\" content=\"1280\" \/>\n\t<meta property=\"og:image:type\" content=\"image\/jpeg\" \/>\n<meta name=\"author\" content=\"Lucile\" \/>\n<meta name=\"twitter:card\" content=\"summary_large_image\" \/>\n<meta name=\"twitter:label1\" content=\"Skrevet af\" \/>\n\t<meta name=\"twitter:data1\" content=\"Lucile\" \/>\n\t<meta name=\"twitter:label2\" content=\"Estimeret l\u00e6setid\" \/>\n\t<meta name=\"twitter:data2\" content=\"6 minutter\" \/>\n<script type=\"application\/ld+json\" class=\"yoast-schema-graph\">{\"@context\":\"https:\\\/\\\/schema.org\",\"@graph\":[{\"@type\":\"Article\",\"@id\":\"https:\\\/\\\/blog.maciterneecolo.fr\\\/da\\\/antisvampe-fleksible-tanke-til-vand\\\/#article\",\"isPartOf\":{\"@id\":\"https:\\\/\\\/blog.maciterneecolo.fr\\\/da\\\/antisvampe-fleksible-tanke-til-vand\\\/\"},\"author\":{\"name\":\"Lucile\",\"@id\":\"https:\\\/\\\/blog.maciterneecolo.fr\\\/da\\\/#\\\/schema\\\/person\\\/cfb93b191140c86292f0707edfd4b6fe\"},\"headline\":\"Antisvampe fleksible tanke til vand\",\"datePublished\":\"2022-12-14T14:02:30+00:00\",\"dateModified\":\"2023-01-10T14:20:53+00:00\",\"mainEntityOfPage\":{\"@id\":\"https:\\\/\\\/blog.maciterneecolo.fr\\\/da\\\/antisvampe-fleksible-tanke-til-vand\\\/\"},\"wordCount\":1158,\"publisher\":{\"@id\":\"https:\\\/\\\/blog.maciterneecolo.fr\\\/da\\\/#organization\"},\"image\":{\"@id\":\"https:\\\/\\\/blog.maciterneecolo.fr\\\/da\\\/antisvampe-fleksible-tanke-til-vand\\\/#primaryimage\"},\"thumbnailUrl\":\"https:\\\/\\\/blog.maciterneecolo.fr\\\/wp-content\\\/uploads\\\/2022\\\/12\\\/eau-de-pluie-2.jpg\",\"keywords\":[\"regnvand\",\"svampedr\u00e6bende fleksible tanke\"],\"articleSection\":[\"Alt, hvad du beh\u00f8ver at vide om den fleksible tank\"],\"inLanguage\":\"da-DK\"},{\"@type\":\"WebPage\",\"@id\":\"https:\\\/\\\/blog.maciterneecolo.fr\\\/da\\\/antisvampe-fleksible-tanke-til-vand\\\/\",\"url\":\"https:\\\/\\\/blog.maciterneecolo.fr\\\/da\\\/antisvampe-fleksible-tanke-til-vand\\\/\",\"name\":\"Antisvampe fleksible tanke til vand - Blog Ma Citerne Ecolo\",\"isPartOf\":{\"@id\":\"https:\\\/\\\/blog.maciterneecolo.fr\\\/da\\\/#website\"},\"primaryImageOfPage\":{\"@id\":\"https:\\\/\\\/blog.maciterneecolo.fr\\\/da\\\/antisvampe-fleksible-tanke-til-vand\\\/#primaryimage\"},\"image\":{\"@id\":\"https:\\\/\\\/blog.maciterneecolo.fr\\\/da\\\/antisvampe-fleksible-tanke-til-vand\\\/#primaryimage\"},\"thumbnailUrl\":\"https:\\\/\\\/blog.maciterneecolo.fr\\\/wp-content\\\/uploads\\\/2022\\\/12\\\/eau-de-pluie-2.jpg\",\"datePublished\":\"2022-12-14T14:02:30+00:00\",\"dateModified\":\"2023-01-10T14:20:53+00:00\",\"description\":\"Har du brug for en tank til regnvand eller andre v\u00e6sker? Vores fleksible tanke er ideelle til enhver anvendelse.\",\"breadcrumb\":{\"@id\":\"https:\\\/\\\/blog.maciterneecolo.fr\\\/da\\\/antisvampe-fleksible-tanke-til-vand\\\/#breadcrumb\"},\"inLanguage\":\"da-DK\",\"potentialAction\":[{\"@type\":\"ReadAction\",\"target\":[\"https:\\\/\\\/blog.maciterneecolo.fr\\\/da\\\/antisvampe-fleksible-tanke-til-vand\\\/\"]}]},{\"@type\":\"ImageObject\",\"inLanguage\":\"da-DK\",\"@id\":\"https:\\\/\\\/blog.maciterneecolo.fr\\\/da\\\/antisvampe-fleksible-tanke-til-vand\\\/#primaryimage\",\"url\":\"https:\\\/\\\/blog.maciterneecolo.fr\\\/wp-content\\\/uploads\\\/2022\\\/12\\\/eau-de-pluie-2.jpg\",\"contentUrl\":\"https:\\\/\\\/blog.maciterneecolo.fr\\\/wp-content\\\/uploads\\\/2022\\\/12\\\/eau-de-pluie-2.jpg\",\"width\":1920,\"height\":1280},{\"@type\":\"BreadcrumbList\",\"@id\":\"https:\\\/\\\/blog.maciterneecolo.fr\\\/da\\\/antisvampe-fleksible-tanke-til-vand\\\/#breadcrumb\",\"itemListElement\":[{\"@type\":\"ListItem\",\"position\":1,\"name\":\"Accueil\",\"item\":\"https:\\\/\\\/blog.maciterneecolo.fr\\\/da\\\/\"},{\"@type\":\"ListItem\",\"position\":2,\"name\":\"Antisvampe fleksible tanke til vand\"}]},{\"@type\":\"WebSite\",\"@id\":\"https:\\\/\\\/blog.maciterneecolo.fr\\\/da\\\/#website\",\"url\":\"https:\\\/\\\/blog.maciterneecolo.fr\\\/da\\\/\",\"name\":\"Blog Ma Citerne Ecolo\",\"description\":\"Leader dans le domaine de la citerne souple d&#039;eau de pluie\",\"publisher\":{\"@id\":\"https:\\\/\\\/blog.maciterneecolo.fr\\\/da\\\/#organization\"},\"potentialAction\":[{\"@type\":\"SearchAction\",\"target\":{\"@type\":\"EntryPoint\",\"urlTemplate\":\"https:\\\/\\\/blog.maciterneecolo.fr\\\/da\\\/?s={search_term_string}\"},\"query-input\":{\"@type\":\"PropertyValueSpecification\",\"valueRequired\":true,\"valueName\":\"search_term_string\"}}],\"inLanguage\":\"da-DK\"},{\"@type\":\"Organization\",\"@id\":\"https:\\\/\\\/blog.maciterneecolo.fr\\\/da\\\/#organization\",\"name\":\"Blog Ma Citerne Ecolo\",\"url\":\"https:\\\/\\\/blog.maciterneecolo.fr\\\/da\\\/\",\"logo\":{\"@type\":\"ImageObject\",\"inLanguage\":\"da-DK\",\"@id\":\"https:\\\/\\\/blog.maciterneecolo.fr\\\/da\\\/#\\\/schema\\\/logo\\\/image\\\/\",\"url\":\"https:\\\/\\\/blog.maciterneecolo.fr\\\/wp-content\\\/uploads\\\/2022\\\/12\\\/cropped-favicon-blog.png\",\"contentUrl\":\"https:\\\/\\\/blog.maciterneecolo.fr\\\/wp-content\\\/uploads\\\/2022\\\/12\\\/cropped-favicon-blog.png\",\"width\":512,\"height\":512,\"caption\":\"Blog Ma Citerne Ecolo\"},\"image\":{\"@id\":\"https:\\\/\\\/blog.maciterneecolo.fr\\\/da\\\/#\\\/schema\\\/logo\\\/image\\\/\"}},{\"@type\":\"Person\",\"@id\":\"https:\\\/\\\/blog.maciterneecolo.fr\\\/da\\\/#\\\/schema\\\/person\\\/cfb93b191140c86292f0707edfd4b6fe\",\"name\":\"Lucile\",\"image\":{\"@type\":\"ImageObject\",\"inLanguage\":\"da-DK\",\"@id\":\"https:\\\/\\\/secure.gravatar.com\\\/avatar\\\/3c571ab7761bcc142db76a63f33a2a5ebee8b76990a871c9329e3e6df7ae9f3c?s=96&d=mm&r=g\",\"url\":\"https:\\\/\\\/secure.gravatar.com\\\/avatar\\\/3c571ab7761bcc142db76a63f33a2a5ebee8b76990a871c9329e3e6df7ae9f3c?s=96&d=mm&r=g\",\"contentUrl\":\"https:\\\/\\\/secure.gravatar.com\\\/avatar\\\/3c571ab7761bcc142db76a63f33a2a5ebee8b76990a871c9329e3e6df7ae9f3c?s=96&d=mm&r=g\",\"caption\":\"Lucile\"},\"url\":\"https:\\\/\\\/blog.maciterneecolo.fr\\\/da\\\/author\\\/lucilewerkeyn\\\/\"}]}<\/script>\n<!-- \/ Yoast SEO plugin. -->","yoast_head_json":{"title":"Antisvampe fleksible tanke til vand - Blog Ma Citerne Ecolo","description":"Har du brug for en tank til regnvand eller andre v\u00e6sker? Vores fleksible tanke er ideelle til enhver anvendelse.","robots":{"index":"index","follow":"follow","max-snippet":"max-snippet:-1","max-image-preview":"max-image-preview:large","max-video-preview":"max-video-preview:-1"},"canonical":"https:\/\/blog.maciterneecolo.fr\/da\/antisvampe-fleksible-tanke-til-vand\/","og_locale":"da_DK","og_type":"article","og_title":"Antisvampe fleksible tanke til vand - Blog Ma Citerne Ecolo","og_description":"Har du brug for en tank til regnvand eller andre v\u00e6sker? Vores fleksible tanke er ideelle til enhver anvendelse.","og_url":"https:\/\/blog.maciterneecolo.fr\/da\/antisvampe-fleksible-tanke-til-vand\/","og_site_name":"Blog Ma Citerne Ecolo","article_published_time":"2022-12-14T14:02:30+00:00","article_modified_time":"2023-01-10T14:20:53+00:00","og_image":[{"width":1920,"height":1280,"url":"https:\/\/blog.maciterneecolo.fr\/wp-content\/uploads\/2022\/12\/eau-de-pluie-2.jpg","type":"image\/jpeg"}],"author":"Lucile","twitter_card":"summary_large_image","twitter_misc":{"Skrevet af":"Lucile","Estimeret l\u00e6setid":"6 minutter"},"schema":{"@context":"https:\/\/schema.org","@graph":[{"@type":"Article","@id":"https:\/\/blog.maciterneecolo.fr\/da\/antisvampe-fleksible-tanke-til-vand\/#article","isPartOf":{"@id":"https:\/\/blog.maciterneecolo.fr\/da\/antisvampe-fleksible-tanke-til-vand\/"},"author":{"name":"Lucile","@id":"https:\/\/blog.maciterneecolo.fr\/da\/#\/schema\/person\/cfb93b191140c86292f0707edfd4b6fe"},"headline":"Antisvampe fleksible tanke til vand","datePublished":"2022-12-14T14:02:30+00:00","dateModified":"2023-01-10T14:20:53+00:00","mainEntityOfPage":{"@id":"https:\/\/blog.maciterneecolo.fr\/da\/antisvampe-fleksible-tanke-til-vand\/"},"wordCount":1158,"publisher":{"@id":"https:\/\/blog.maciterneecolo.fr\/da\/#organization"},"image":{"@id":"https:\/\/blog.maciterneecolo.fr\/da\/antisvampe-fleksible-tanke-til-vand\/#primaryimage"},"thumbnailUrl":"https:\/\/blog.maciterneecolo.fr\/wp-content\/uploads\/2022\/12\/eau-de-pluie-2.jpg","keywords":["regnvand","svampedr\u00e6bende fleksible tanke"],"articleSection":["Alt, hvad du beh\u00f8ver at vide om den fleksible tank"],"inLanguage":"da-DK"},{"@type":"WebPage","@id":"https:\/\/blog.maciterneecolo.fr\/da\/antisvampe-fleksible-tanke-til-vand\/","url":"https:\/\/blog.maciterneecolo.fr\/da\/antisvampe-fleksible-tanke-til-vand\/","name":"Antisvampe fleksible tanke til vand - Blog Ma Citerne Ecolo","isPartOf":{"@id":"https:\/\/blog.maciterneecolo.fr\/da\/#website"},"primaryImageOfPage":{"@id":"https:\/\/blog.maciterneecolo.fr\/da\/antisvampe-fleksible-tanke-til-vand\/#primaryimage"},"image":{"@id":"https:\/\/blog.maciterneecolo.fr\/da\/antisvampe-fleksible-tanke-til-vand\/#primaryimage"},"thumbnailUrl":"https:\/\/blog.maciterneecolo.fr\/wp-content\/uploads\/2022\/12\/eau-de-pluie-2.jpg","datePublished":"2022-12-14T14:02:30+00:00","dateModified":"2023-01-10T14:20:53+00:00","description":"Har du brug for en tank til regnvand eller andre v\u00e6sker? Vores fleksible tanke er ideelle til enhver anvendelse.","breadcrumb":{"@id":"https:\/\/blog.maciterneecolo.fr\/da\/antisvampe-fleksible-tanke-til-vand\/#breadcrumb"},"inLanguage":"da-DK","potentialAction":[{"@type":"ReadAction","target":["https:\/\/blog.maciterneecolo.fr\/da\/antisvampe-fleksible-tanke-til-vand\/"]}]},{"@type":"ImageObject","inLanguage":"da-DK","@id":"https:\/\/blog.maciterneecolo.fr\/da\/antisvampe-fleksible-tanke-til-vand\/#primaryimage","url":"https:\/\/blog.maciterneecolo.fr\/wp-content\/uploads\/2022\/12\/eau-de-pluie-2.jpg","contentUrl":"https:\/\/blog.maciterneecolo.fr\/wp-content\/uploads\/2022\/12\/eau-de-pluie-2.jpg","width":1920,"height":1280},{"@type":"BreadcrumbList","@id":"https:\/\/blog.maciterneecolo.fr\/da\/antisvampe-fleksible-tanke-til-vand\/#breadcrumb","itemListElement":[{"@type":"ListItem","position":1,"name":"Accueil","item":"https:\/\/blog.maciterneecolo.fr\/da\/"},{"@type":"ListItem","position":2,"name":"Antisvampe fleksible tanke til vand"}]},{"@type":"WebSite","@id":"https:\/\/blog.maciterneecolo.fr\/da\/#website","url":"https:\/\/blog.maciterneecolo.fr\/da\/","name":"Blog Ma Citerne Ecolo","description":"Leader dans le domaine de la citerne souple d&#039;eau de pluie","publisher":{"@id":"https:\/\/blog.maciterneecolo.fr\/da\/#organization"},"potentialAction":[{"@type":"SearchAction","target":{"@type":"EntryPoint","urlTemplate":"https:\/\/blog.maciterneecolo.fr\/da\/?s={search_term_string}"},"query-input":{"@type":"PropertyValueSpecification","valueRequired":true,"valueName":"search_term_string"}}],"inLanguage":"da-DK"},{"@type":"Organization","@id":"https:\/\/blog.maciterneecolo.fr\/da\/#organization","name":"Blog Ma Citerne Ecolo","url":"https:\/\/blog.maciterneecolo.fr\/da\/","logo":{"@type":"ImageObject","inLanguage":"da-DK","@id":"https:\/\/blog.maciterneecolo.fr\/da\/#\/schema\/logo\/image\/","url":"https:\/\/blog.maciterneecolo.fr\/wp-content\/uploads\/2022\/12\/cropped-favicon-blog.png","contentUrl":"https:\/\/blog.maciterneecolo.fr\/wp-content\/uploads\/2022\/12\/cropped-favicon-blog.png","width":512,"height":512,"caption":"Blog Ma Citerne Ecolo"},"image":{"@id":"https:\/\/blog.maciterneecolo.fr\/da\/#\/schema\/logo\/image\/"}},{"@type":"Person","@id":"https:\/\/blog.maciterneecolo.fr\/da\/#\/schema\/person\/cfb93b191140c86292f0707edfd4b6fe","name":"Lucile","image":{"@type":"ImageObject","inLanguage":"da-DK","@id":"https:\/\/secure.gravatar.com\/avatar\/3c571ab7761bcc142db76a63f33a2a5ebee8b76990a871c9329e3e6df7ae9f3c?s=96&d=mm&r=g","url":"https:\/\/secure.gravatar.com\/avatar\/3c571ab7761bcc142db76a63f33a2a5ebee8b76990a871c9329e3e6df7ae9f3c?s=96&d=mm&r=g","contentUrl":"https:\/\/secure.gravatar.com\/avatar\/3c571ab7761bcc142db76a63f33a2a5ebee8b76990a871c9329e3e6df7ae9f3c?s=96&d=mm&r=g","caption":"Lucile"},"url":"https:\/\/blog.maciterneecolo.fr\/da\/author\/lucilewerkeyn\/"}]}},"_links":{"self":[{"href":"https:\/\/blog.maciterneecolo.fr\/da\/wp-json\/wp\/v2\/posts\/1945","targetHints":{"allow":["GET"]}}],"collection":[{"href":"https:\/\/blog.maciterneecolo.fr\/da\/wp-json\/wp\/v2\/posts"}],"about":[{"href":"https:\/\/blog.maciterneecolo.fr\/da\/wp-json\/wp\/v2\/types\/post"}],"author":[{"embeddable":true,"href":"https:\/\/blog.maciterneecolo.fr\/da\/wp-json\/wp\/v2\/users\/2"}],"replies":[{"embeddable":true,"href":"https:\/\/blog.maciterneecolo.fr\/da\/wp-json\/wp\/v2\/comments?post=1945"}],"version-history":[{"count":1,"href":"https:\/\/blog.maciterneecolo.fr\/da\/wp-json\/wp\/v2\/posts\/1945\/revisions"}],"predecessor-version":[{"id":1946,"href":"https:\/\/blog.maciterneecolo.fr\/da\/wp-json\/wp\/v2\/posts\/1945\/revisions\/1946"}],"wp:featuredmedia":[{"embeddable":true,"href":"https:\/\/blog.maciterneecolo.fr\/da\/wp-json\/wp\/v2\/media\/820"}],"wp:attachment":[{"href":"https:\/\/blog.maciterneecolo.fr\/da\/wp-json\/wp\/v2\/media?parent=1945"}],"wp:term":[{"taxonomy":"category","embeddable":true,"href":"https:\/\/blog.maciterneecolo.fr\/da\/wp-json\/wp\/v2\/categories?post=1945"},{"taxonomy":"post_tag","embeddable":true,"href":"https:\/\/blog.maciterneecolo.fr\/da\/wp-json\/wp\/v2\/tags?post=1945"}],"curies":[{"name":"wp","href":"https:\/\/api.w.org\/{rel}","templated":true}]}}