{"id":1993,"date":"2022-12-14T14:53:17","date_gmt":"2022-12-14T14:53:17","guid":{"rendered":"https:\/\/blog.maciterneecolo.fr\/installation-af-en-selvbaerende-fleksibel-tank-under-din-terrasse\/"},"modified":"2023-01-10T14:20:45","modified_gmt":"2023-01-10T14:20:45","slug":"installation-af-en-selvbaerende-fleksibel-tank-under-din-terrasse","status":"publish","type":"post","link":"https:\/\/blog.maciterneecolo.fr\/da\/installation-af-en-selvbaerende-fleksibel-tank-under-din-terrasse\/","title":{"rendered":"Installation af en selvb\u00e6rende fleksibel tank under din terrasse"},"content":{"rendered":"\n<p>Hvem dr\u00f8mmer ikke om at have en vandkilde af h\u00f8j kvalitet i hjemmet uden at skulle betale en vandregning i slutningen af m\u00e5neden? Mange personer i Frankrig, fordi selv om det er ikke-drikkevand, vil den m\u00e6ngde vand, der opsamles, blive brugt til at vande haven eller fylde toilettet&#8230; Men for dette er det n\u00f8dvendigt ikke kun at starte med at k\u00f8be en fleksibel regnvandsopsamlingscisterne, men ogs\u00e5 at have et sted at lave et optimalt arrangement. Der findes flere og flere fleksible tanke af genbrugsplast i forskellige st\u00f8rrelser udenfor (f.eks. i haven), men ogs\u00e5 inde i huset, placeret p\u00e5 jorden i krybek\u00e6lderen.  <\/p>\n\n<p>Med vores fleksible regnvandstank kan du, hvis du er s\u00e5 heldig at have en h\u00f8j terrasse (af tr\u00e6 eller plader), ogs\u00e5 v\u00e6lge at placere dette produkt nedenunder for at opn\u00e5 en endnu mere diskret og praktisk installation! Da der ikke er behov for byggearbejde eller hegn omkring tanken, er regnvandsopsamlings- og opbevaringscisternen ofte den ideelle l\u00f8sning til nem installation af en regnvandsopsamlings- og opbevaringstank under et h\u00f8jt plan. Oplev nu en artikel om installation af en billig PVC-tank under din terrasse for at opsamle regnvand fra tagrenden!<\/p>\n\n<h2 class=\"wp-block-heading\" id=\"ybc_heading_h2_1\"><strong>Fordelene ved at installere en PVC-regnvandsbeholder under din terrasse<\/strong><\/h2>\n\n<h3 class=\"wp-block-heading\" id=\"ybc_heading_h3_2\">Den \u00f8konomiske l\u00f8sning<\/h3>\n\n<p>Ud over at v\u00e6re kvalitetsprodukter til en overkommelig pris giver vores <a href=\"https:\/\/www.maciterneecolo.fr\/fr\/3-citernes-souples-recuperation-eau-de-pluie\">fleksible regnvandsopsamlingstanke<\/a> i forskellige st\u00f8rrelser mulighed for at opn\u00e5 store besparelser! Uden nogen form for arbejde (murv\u00e6rk eller hegn) og uden at skulle indhente en byggetilladelse kr\u00e6ver installation af en fleksibel regnvandstank i Frankrig ikke en stor indsats for at installere den inde i huset, f.eks. i krybek\u00e6lderen. Men f\u00f8rst og fremmest er den store fordel ved den fleksible tank, at den kan placeres under din terrasse p\u00e5 et fladt underlag og uden elementer, der risikerer at perforere din fleksible vandbeholder. Takket v\u00e6re vores fleksible tanke til de bedste priser kan du forestille dig alle de liter regnvand, som du vil opsamle uden at betale gebyrer!<\/p>\n\n<h3 class=\"wp-block-heading\" id=\"ybc_heading_h3_3\">Lidt udstyr til hurtig og nem brug<\/h3>\n\n<p>Disse produkter er f\u00f8rsteklasses fritst\u00e5ende tanke, som med deres store lagerkapacitet giver dig mulighed for at nyde godt af en hurtig og nem vandforsyning, samtidig med at du sparer mange penge hver m\u00e5ned. Der er ikke behov for en masse udstyr for at betjene vores fleksible regnvandstank, hvilket g\u00f8r den meget \u00f8konomisk og nem at bruge. Til brug af disse vandtanke skal du kun bruge en tagrende, en regnvandsopsamler med filter, et ventiltilslutningsr\u00f8r (til p\u00e5fyldning og t\u00f8mning) og en pumpe. Og ogs\u00e5 her kan du bestille alt tilbeh\u00f8r til den fleksible tank fra vores butik uden at spr\u00e6nge banken! Desuden tjener en selvb\u00e6rende tank sig selv hjem hurtigere end en tank af beton, st\u00e5l eller polyethylen.  <\/p>\n\n<p>P\u00e5 mindre end en time har du en fleksibel tank og et funktionelt udstyr!<\/p>\n\n<h3 class=\"wp-block-heading\" id=\"ybc_heading_h3_4\">Garantien for kvalitetsregnvand uden drikkevand!<\/h3>\n\n<p>Med vores fleksible tanke til discountpriser opbevares regnvand luftt\u00e6t og lysafvisende i vores fleksible tanke. Du nyder godt af en regnvandsopsamler p\u00e5 gulvet, der bevarer dit vand. Det vand, der bruges til at vande dine blomster i haven eller til at forsyne dit sanitetsudstyr fra p\u00e5fyldningsr\u00f8ret, forbliver ogs\u00e5 rent. Takket v\u00e6re vores produkter er der ingen risiko for, at regnvand bliver \u00f8delagt af alger, bakterier og mikrober. Princippet i den fleksible tank af genbrugsplast er nemlig at undg\u00e5 kontakt mellem luft og vand.  <\/p>\n\n<p>Dette superprodukt til opsamling af regnvand forhindrer enhver form for forurening og undg\u00e5r fordampningsf\u00e6nomenet, som er typisk for visse tanke af d\u00e5rlig kvalitet. Desuden giver det tekniske stof i vores tanke dig mulighed for at opbevare dit regnvand i m\u00e5nedsvis uden frygt for at fryse!<\/p>\n\n<h3 class=\"wp-block-heading\" id=\"ybc_heading_h3_5\">En holdbar tank<\/h3>\n\n<p>Takket v\u00e6re en uovertruffen fremstillingsproces kan vores fleksible tank installeres i en udend\u00f8rs g\u00e5rd s\u00e5vel som inde i dit hus i krybek\u00e6lderen. Det vigtigste er at f\u00f8lge trinene for installation af en fleksibel tank, is\u00e6r med hensyn til anbefalingerne for gulvets udformning. Vores tanke er robuste. Vores fleksible tanke er ikke f\u00f8lsomme over for varme eller frost. Derefter g\u00f8r tankens styrke dette produkt til en <a href=\"https:\/\/www.maciterneecolo.fr\/fr\/\">vandtank<\/a>, der ikke let rives i stykker. Vores fleksible beholder er designet til at give brugeren (privatpersoner eller professionelle) maksimal levetid. At have en fleksibel cisterne derhjemme, som du kan installere under din terrasse, er virkelig den mest smarte l\u00f8sning til at opsamle regnvand!<\/p>\n\n<h2 class=\"wp-block-heading\" id=\"ybc_heading_h2_6\"><strong>V\u00e6lg MaCiterneEcolo.fr!<\/strong><\/h2>\n\n<p>Du skal ikke vente l\u00e6ngere med at kontakte os! Vores eksperthold vil r\u00e5dgive dig om den ideelle m\u00e6ngde til installation af din fleksible tank og dit daglige forbrug af regnvand, der ikke er drikkevand. Vores fleksible tanke er funktionelle og \u00f8konomiske, og de er hurtige og nemme at installere, s\u00e5 du skal ikke t\u00f8ve med at v\u00e6lge din regnvandsopsamler til at vande din gr\u00f8ntsagshave eller til husholdningsopgaver&#8230;<\/p>\n\n<p><a href=\"\"><\/a><\/p>\n","protected":false},"excerpt":{"rendered":"<p>Hvem dr\u00f8mmer ikke om at have en vandkilde af h\u00f8j kvalitet i hjemmet uden at skulle betale en vandregning i slutningen af m\u00e5neden? Mange personer i Frankrig, fordi selv om det er ikke-drikkevand, vil den m\u00e6ngde vand, der opsamles, blive brugt til at vande haven eller fylde toilettet&#8230; Men for dette er det n\u00f8dvendigt ikke [&hellip;]<\/p>\n","protected":false},"author":2,"featured_media":868,"comment_status":"closed","ping_status":"closed","sticky":false,"template":"","format":"standard","meta":{"inline_featured_image":false,"footnotes":""},"categories":[368],"tags":[60,243,476],"class_list":["post-1993","post","type-post","status-publish","format-standard","has-post-thumbnail","hentry","category-alt-hvad-du-behover-at-vide-om-den-fleksible-tank","tag-fleksibel-tank","tag-installation-da","tag-terrasse-da"],"yoast_head":"<!-- This site is optimized with the Yoast SEO plugin v27.4 - https:\/\/yoast.com\/product\/yoast-seo-wordpress\/ -->\n<title>Installation af en selvb\u00e6rende fleksibel tank under din terrasse - Blog Ma Citerne Ecolo<\/title>\n<meta name=\"description\" content=\"Leder du efter en \u00f8konomisk regnvandstank, der er nem at installere og bruge? Vores fleksible tank er den ideelle l\u00f8sning!\" \/>\n<meta name=\"robots\" content=\"index, follow, max-snippet:-1, max-image-preview:large, max-video-preview:-1\" \/>\n<link rel=\"canonical\" href=\"https:\/\/blog.maciterneecolo.fr\/da\/installation-af-en-selvbaerende-fleksibel-tank-under-din-terrasse\/\" \/>\n<meta property=\"og:locale\" content=\"da_DK\" \/>\n<meta property=\"og:type\" content=\"article\" \/>\n<meta property=\"og:title\" content=\"Installation af en selvb\u00e6rende fleksibel tank under din terrasse - Blog Ma Citerne Ecolo\" \/>\n<meta property=\"og:description\" content=\"Leder du efter en \u00f8konomisk regnvandstank, der er nem at installere og bruge? Vores fleksible tank er den ideelle l\u00f8sning!\" \/>\n<meta property=\"og:url\" content=\"https:\/\/blog.maciterneecolo.fr\/da\/installation-af-en-selvbaerende-fleksibel-tank-under-din-terrasse\/\" \/>\n<meta property=\"og:site_name\" content=\"Blog Ma Citerne Ecolo\" \/>\n<meta property=\"article:published_time\" content=\"2022-12-14T14:53:17+00:00\" \/>\n<meta property=\"article:modified_time\" content=\"2023-01-10T14:20:45+00:00\" \/>\n<meta property=\"og:image\" content=\"https:\/\/blog.maciterneecolo.fr\/wp-content\/uploads\/2022\/12\/citerne-souple-15.jpeg\" \/>\n\t<meta property=\"og:image:width\" content=\"800\" \/>\n\t<meta property=\"og:image:height\" content=\"800\" \/>\n\t<meta property=\"og:image:type\" content=\"image\/jpeg\" \/>\n<meta name=\"author\" content=\"Lucile\" \/>\n<meta name=\"twitter:card\" content=\"summary_large_image\" \/>\n<meta name=\"twitter:label1\" content=\"Skrevet af\" \/>\n\t<meta name=\"twitter:data1\" content=\"Lucile\" \/>\n\t<meta name=\"twitter:label2\" content=\"Estimeret l\u00e6setid\" \/>\n\t<meta name=\"twitter:data2\" content=\"4 minutter\" \/>\n<script type=\"application\/ld+json\" class=\"yoast-schema-graph\">{\"@context\":\"https:\\\/\\\/schema.org\",\"@graph\":[{\"@type\":\"Article\",\"@id\":\"https:\\\/\\\/blog.maciterneecolo.fr\\\/da\\\/installation-af-en-selvbaerende-fleksibel-tank-under-din-terrasse\\\/#article\",\"isPartOf\":{\"@id\":\"https:\\\/\\\/blog.maciterneecolo.fr\\\/da\\\/installation-af-en-selvbaerende-fleksibel-tank-under-din-terrasse\\\/\"},\"author\":{\"name\":\"Lucile\",\"@id\":\"https:\\\/\\\/blog.maciterneecolo.fr\\\/da\\\/#\\\/schema\\\/person\\\/cfb93b191140c86292f0707edfd4b6fe\"},\"headline\":\"Installation af en selvb\u00e6rende fleksibel tank under din terrasse\",\"datePublished\":\"2022-12-14T14:53:17+00:00\",\"dateModified\":\"2023-01-10T14:20:45+00:00\",\"mainEntityOfPage\":{\"@id\":\"https:\\\/\\\/blog.maciterneecolo.fr\\\/da\\\/installation-af-en-selvbaerende-fleksibel-tank-under-din-terrasse\\\/\"},\"wordCount\":837,\"publisher\":{\"@id\":\"https:\\\/\\\/blog.maciterneecolo.fr\\\/da\\\/#organization\"},\"image\":{\"@id\":\"https:\\\/\\\/blog.maciterneecolo.fr\\\/da\\\/installation-af-en-selvbaerende-fleksibel-tank-under-din-terrasse\\\/#primaryimage\"},\"thumbnailUrl\":\"https:\\\/\\\/blog.maciterneecolo.fr\\\/wp-content\\\/uploads\\\/2022\\\/12\\\/citerne-souple-15.jpeg\",\"keywords\":[\"fleksibel tank\",\"installation\",\"terrasse\"],\"articleSection\":[\"Alt, hvad du beh\u00f8ver at vide om den fleksible tank\"],\"inLanguage\":\"da-DK\"},{\"@type\":\"WebPage\",\"@id\":\"https:\\\/\\\/blog.maciterneecolo.fr\\\/da\\\/installation-af-en-selvbaerende-fleksibel-tank-under-din-terrasse\\\/\",\"url\":\"https:\\\/\\\/blog.maciterneecolo.fr\\\/da\\\/installation-af-en-selvbaerende-fleksibel-tank-under-din-terrasse\\\/\",\"name\":\"Installation af en selvb\u00e6rende fleksibel tank under din terrasse - Blog Ma Citerne Ecolo\",\"isPartOf\":{\"@id\":\"https:\\\/\\\/blog.maciterneecolo.fr\\\/da\\\/#website\"},\"primaryImageOfPage\":{\"@id\":\"https:\\\/\\\/blog.maciterneecolo.fr\\\/da\\\/installation-af-en-selvbaerende-fleksibel-tank-under-din-terrasse\\\/#primaryimage\"},\"image\":{\"@id\":\"https:\\\/\\\/blog.maciterneecolo.fr\\\/da\\\/installation-af-en-selvbaerende-fleksibel-tank-under-din-terrasse\\\/#primaryimage\"},\"thumbnailUrl\":\"https:\\\/\\\/blog.maciterneecolo.fr\\\/wp-content\\\/uploads\\\/2022\\\/12\\\/citerne-souple-15.jpeg\",\"datePublished\":\"2022-12-14T14:53:17+00:00\",\"dateModified\":\"2023-01-10T14:20:45+00:00\",\"description\":\"Leder du efter en \u00f8konomisk regnvandstank, der er nem at installere og bruge? Vores fleksible tank er den ideelle l\u00f8sning!\",\"breadcrumb\":{\"@id\":\"https:\\\/\\\/blog.maciterneecolo.fr\\\/da\\\/installation-af-en-selvbaerende-fleksibel-tank-under-din-terrasse\\\/#breadcrumb\"},\"inLanguage\":\"da-DK\",\"potentialAction\":[{\"@type\":\"ReadAction\",\"target\":[\"https:\\\/\\\/blog.maciterneecolo.fr\\\/da\\\/installation-af-en-selvbaerende-fleksibel-tank-under-din-terrasse\\\/\"]}]},{\"@type\":\"ImageObject\",\"inLanguage\":\"da-DK\",\"@id\":\"https:\\\/\\\/blog.maciterneecolo.fr\\\/da\\\/installation-af-en-selvbaerende-fleksibel-tank-under-din-terrasse\\\/#primaryimage\",\"url\":\"https:\\\/\\\/blog.maciterneecolo.fr\\\/wp-content\\\/uploads\\\/2022\\\/12\\\/citerne-souple-15.jpeg\",\"contentUrl\":\"https:\\\/\\\/blog.maciterneecolo.fr\\\/wp-content\\\/uploads\\\/2022\\\/12\\\/citerne-souple-15.jpeg\",\"width\":800,\"height\":800},{\"@type\":\"BreadcrumbList\",\"@id\":\"https:\\\/\\\/blog.maciterneecolo.fr\\\/da\\\/installation-af-en-selvbaerende-fleksibel-tank-under-din-terrasse\\\/#breadcrumb\",\"itemListElement\":[{\"@type\":\"ListItem\",\"position\":1,\"name\":\"Accueil\",\"item\":\"https:\\\/\\\/blog.maciterneecolo.fr\\\/da\\\/\"},{\"@type\":\"ListItem\",\"position\":2,\"name\":\"Installation af en selvb\u00e6rende fleksibel tank under din terrasse\"}]},{\"@type\":\"WebSite\",\"@id\":\"https:\\\/\\\/blog.maciterneecolo.fr\\\/da\\\/#website\",\"url\":\"https:\\\/\\\/blog.maciterneecolo.fr\\\/da\\\/\",\"name\":\"Blog Ma Citerne Ecolo\",\"description\":\"Leader dans le domaine de la citerne souple d&#039;eau de pluie\",\"publisher\":{\"@id\":\"https:\\\/\\\/blog.maciterneecolo.fr\\\/da\\\/#organization\"},\"potentialAction\":[{\"@type\":\"SearchAction\",\"target\":{\"@type\":\"EntryPoint\",\"urlTemplate\":\"https:\\\/\\\/blog.maciterneecolo.fr\\\/da\\\/?s={search_term_string}\"},\"query-input\":{\"@type\":\"PropertyValueSpecification\",\"valueRequired\":true,\"valueName\":\"search_term_string\"}}],\"inLanguage\":\"da-DK\"},{\"@type\":\"Organization\",\"@id\":\"https:\\\/\\\/blog.maciterneecolo.fr\\\/da\\\/#organization\",\"name\":\"Blog Ma Citerne Ecolo\",\"url\":\"https:\\\/\\\/blog.maciterneecolo.fr\\\/da\\\/\",\"logo\":{\"@type\":\"ImageObject\",\"inLanguage\":\"da-DK\",\"@id\":\"https:\\\/\\\/blog.maciterneecolo.fr\\\/da\\\/#\\\/schema\\\/logo\\\/image\\\/\",\"url\":\"https:\\\/\\\/blog.maciterneecolo.fr\\\/wp-content\\\/uploads\\\/2022\\\/12\\\/cropped-favicon-blog.png\",\"contentUrl\":\"https:\\\/\\\/blog.maciterneecolo.fr\\\/wp-content\\\/uploads\\\/2022\\\/12\\\/cropped-favicon-blog.png\",\"width\":512,\"height\":512,\"caption\":\"Blog Ma Citerne Ecolo\"},\"image\":{\"@id\":\"https:\\\/\\\/blog.maciterneecolo.fr\\\/da\\\/#\\\/schema\\\/logo\\\/image\\\/\"}},{\"@type\":\"Person\",\"@id\":\"https:\\\/\\\/blog.maciterneecolo.fr\\\/da\\\/#\\\/schema\\\/person\\\/cfb93b191140c86292f0707edfd4b6fe\",\"name\":\"Lucile\",\"image\":{\"@type\":\"ImageObject\",\"inLanguage\":\"da-DK\",\"@id\":\"https:\\\/\\\/secure.gravatar.com\\\/avatar\\\/3c571ab7761bcc142db76a63f33a2a5ebee8b76990a871c9329e3e6df7ae9f3c?s=96&d=mm&r=g\",\"url\":\"https:\\\/\\\/secure.gravatar.com\\\/avatar\\\/3c571ab7761bcc142db76a63f33a2a5ebee8b76990a871c9329e3e6df7ae9f3c?s=96&d=mm&r=g\",\"contentUrl\":\"https:\\\/\\\/secure.gravatar.com\\\/avatar\\\/3c571ab7761bcc142db76a63f33a2a5ebee8b76990a871c9329e3e6df7ae9f3c?s=96&d=mm&r=g\",\"caption\":\"Lucile\"},\"url\":\"https:\\\/\\\/blog.maciterneecolo.fr\\\/da\\\/author\\\/lucilewerkeyn\\\/\"}]}<\/script>\n<!-- \/ Yoast SEO plugin. -->","yoast_head_json":{"title":"Installation af en selvb\u00e6rende fleksibel tank under din terrasse - Blog Ma Citerne Ecolo","description":"Leder du efter en \u00f8konomisk regnvandstank, der er nem at installere og bruge? Vores fleksible tank er den ideelle l\u00f8sning!","robots":{"index":"index","follow":"follow","max-snippet":"max-snippet:-1","max-image-preview":"max-image-preview:large","max-video-preview":"max-video-preview:-1"},"canonical":"https:\/\/blog.maciterneecolo.fr\/da\/installation-af-en-selvbaerende-fleksibel-tank-under-din-terrasse\/","og_locale":"da_DK","og_type":"article","og_title":"Installation af en selvb\u00e6rende fleksibel tank under din terrasse - Blog Ma Citerne Ecolo","og_description":"Leder du efter en \u00f8konomisk regnvandstank, der er nem at installere og bruge? Vores fleksible tank er den ideelle l\u00f8sning!","og_url":"https:\/\/blog.maciterneecolo.fr\/da\/installation-af-en-selvbaerende-fleksibel-tank-under-din-terrasse\/","og_site_name":"Blog Ma Citerne Ecolo","article_published_time":"2022-12-14T14:53:17+00:00","article_modified_time":"2023-01-10T14:20:45+00:00","og_image":[{"width":800,"height":800,"url":"https:\/\/blog.maciterneecolo.fr\/wp-content\/uploads\/2022\/12\/citerne-souple-15.jpeg","type":"image\/jpeg"}],"author":"Lucile","twitter_card":"summary_large_image","twitter_misc":{"Skrevet af":"Lucile","Estimeret l\u00e6setid":"4 minutter"},"schema":{"@context":"https:\/\/schema.org","@graph":[{"@type":"Article","@id":"https:\/\/blog.maciterneecolo.fr\/da\/installation-af-en-selvbaerende-fleksibel-tank-under-din-terrasse\/#article","isPartOf":{"@id":"https:\/\/blog.maciterneecolo.fr\/da\/installation-af-en-selvbaerende-fleksibel-tank-under-din-terrasse\/"},"author":{"name":"Lucile","@id":"https:\/\/blog.maciterneecolo.fr\/da\/#\/schema\/person\/cfb93b191140c86292f0707edfd4b6fe"},"headline":"Installation af en selvb\u00e6rende fleksibel tank under din terrasse","datePublished":"2022-12-14T14:53:17+00:00","dateModified":"2023-01-10T14:20:45+00:00","mainEntityOfPage":{"@id":"https:\/\/blog.maciterneecolo.fr\/da\/installation-af-en-selvbaerende-fleksibel-tank-under-din-terrasse\/"},"wordCount":837,"publisher":{"@id":"https:\/\/blog.maciterneecolo.fr\/da\/#organization"},"image":{"@id":"https:\/\/blog.maciterneecolo.fr\/da\/installation-af-en-selvbaerende-fleksibel-tank-under-din-terrasse\/#primaryimage"},"thumbnailUrl":"https:\/\/blog.maciterneecolo.fr\/wp-content\/uploads\/2022\/12\/citerne-souple-15.jpeg","keywords":["fleksibel tank","installation","terrasse"],"articleSection":["Alt, hvad du beh\u00f8ver at vide om den fleksible tank"],"inLanguage":"da-DK"},{"@type":"WebPage","@id":"https:\/\/blog.maciterneecolo.fr\/da\/installation-af-en-selvbaerende-fleksibel-tank-under-din-terrasse\/","url":"https:\/\/blog.maciterneecolo.fr\/da\/installation-af-en-selvbaerende-fleksibel-tank-under-din-terrasse\/","name":"Installation af en selvb\u00e6rende fleksibel tank under din terrasse - Blog Ma Citerne Ecolo","isPartOf":{"@id":"https:\/\/blog.maciterneecolo.fr\/da\/#website"},"primaryImageOfPage":{"@id":"https:\/\/blog.maciterneecolo.fr\/da\/installation-af-en-selvbaerende-fleksibel-tank-under-din-terrasse\/#primaryimage"},"image":{"@id":"https:\/\/blog.maciterneecolo.fr\/da\/installation-af-en-selvbaerende-fleksibel-tank-under-din-terrasse\/#primaryimage"},"thumbnailUrl":"https:\/\/blog.maciterneecolo.fr\/wp-content\/uploads\/2022\/12\/citerne-souple-15.jpeg","datePublished":"2022-12-14T14:53:17+00:00","dateModified":"2023-01-10T14:20:45+00:00","description":"Leder du efter en \u00f8konomisk regnvandstank, der er nem at installere og bruge? Vores fleksible tank er den ideelle l\u00f8sning!","breadcrumb":{"@id":"https:\/\/blog.maciterneecolo.fr\/da\/installation-af-en-selvbaerende-fleksibel-tank-under-din-terrasse\/#breadcrumb"},"inLanguage":"da-DK","potentialAction":[{"@type":"ReadAction","target":["https:\/\/blog.maciterneecolo.fr\/da\/installation-af-en-selvbaerende-fleksibel-tank-under-din-terrasse\/"]}]},{"@type":"ImageObject","inLanguage":"da-DK","@id":"https:\/\/blog.maciterneecolo.fr\/da\/installation-af-en-selvbaerende-fleksibel-tank-under-din-terrasse\/#primaryimage","url":"https:\/\/blog.maciterneecolo.fr\/wp-content\/uploads\/2022\/12\/citerne-souple-15.jpeg","contentUrl":"https:\/\/blog.maciterneecolo.fr\/wp-content\/uploads\/2022\/12\/citerne-souple-15.jpeg","width":800,"height":800},{"@type":"BreadcrumbList","@id":"https:\/\/blog.maciterneecolo.fr\/da\/installation-af-en-selvbaerende-fleksibel-tank-under-din-terrasse\/#breadcrumb","itemListElement":[{"@type":"ListItem","position":1,"name":"Accueil","item":"https:\/\/blog.maciterneecolo.fr\/da\/"},{"@type":"ListItem","position":2,"name":"Installation af en selvb\u00e6rende fleksibel tank under din terrasse"}]},{"@type":"WebSite","@id":"https:\/\/blog.maciterneecolo.fr\/da\/#website","url":"https:\/\/blog.maciterneecolo.fr\/da\/","name":"Blog Ma Citerne Ecolo","description":"Leader dans le domaine de la citerne souple d&#039;eau de pluie","publisher":{"@id":"https:\/\/blog.maciterneecolo.fr\/da\/#organization"},"potentialAction":[{"@type":"SearchAction","target":{"@type":"EntryPoint","urlTemplate":"https:\/\/blog.maciterneecolo.fr\/da\/?s={search_term_string}"},"query-input":{"@type":"PropertyValueSpecification","valueRequired":true,"valueName":"search_term_string"}}],"inLanguage":"da-DK"},{"@type":"Organization","@id":"https:\/\/blog.maciterneecolo.fr\/da\/#organization","name":"Blog Ma Citerne Ecolo","url":"https:\/\/blog.maciterneecolo.fr\/da\/","logo":{"@type":"ImageObject","inLanguage":"da-DK","@id":"https:\/\/blog.maciterneecolo.fr\/da\/#\/schema\/logo\/image\/","url":"https:\/\/blog.maciterneecolo.fr\/wp-content\/uploads\/2022\/12\/cropped-favicon-blog.png","contentUrl":"https:\/\/blog.maciterneecolo.fr\/wp-content\/uploads\/2022\/12\/cropped-favicon-blog.png","width":512,"height":512,"caption":"Blog Ma Citerne Ecolo"},"image":{"@id":"https:\/\/blog.maciterneecolo.fr\/da\/#\/schema\/logo\/image\/"}},{"@type":"Person","@id":"https:\/\/blog.maciterneecolo.fr\/da\/#\/schema\/person\/cfb93b191140c86292f0707edfd4b6fe","name":"Lucile","image":{"@type":"ImageObject","inLanguage":"da-DK","@id":"https:\/\/secure.gravatar.com\/avatar\/3c571ab7761bcc142db76a63f33a2a5ebee8b76990a871c9329e3e6df7ae9f3c?s=96&d=mm&r=g","url":"https:\/\/secure.gravatar.com\/avatar\/3c571ab7761bcc142db76a63f33a2a5ebee8b76990a871c9329e3e6df7ae9f3c?s=96&d=mm&r=g","contentUrl":"https:\/\/secure.gravatar.com\/avatar\/3c571ab7761bcc142db76a63f33a2a5ebee8b76990a871c9329e3e6df7ae9f3c?s=96&d=mm&r=g","caption":"Lucile"},"url":"https:\/\/blog.maciterneecolo.fr\/da\/author\/lucilewerkeyn\/"}]}},"_links":{"self":[{"href":"https:\/\/blog.maciterneecolo.fr\/da\/wp-json\/wp\/v2\/posts\/1993","targetHints":{"allow":["GET"]}}],"collection":[{"href":"https:\/\/blog.maciterneecolo.fr\/da\/wp-json\/wp\/v2\/posts"}],"about":[{"href":"https:\/\/blog.maciterneecolo.fr\/da\/wp-json\/wp\/v2\/types\/post"}],"author":[{"embeddable":true,"href":"https:\/\/blog.maciterneecolo.fr\/da\/wp-json\/wp\/v2\/users\/2"}],"replies":[{"embeddable":true,"href":"https:\/\/blog.maciterneecolo.fr\/da\/wp-json\/wp\/v2\/comments?post=1993"}],"version-history":[{"count":1,"href":"https:\/\/blog.maciterneecolo.fr\/da\/wp-json\/wp\/v2\/posts\/1993\/revisions"}],"predecessor-version":[{"id":1995,"href":"https:\/\/blog.maciterneecolo.fr\/da\/wp-json\/wp\/v2\/posts\/1993\/revisions\/1995"}],"wp:featuredmedia":[{"embeddable":true,"href":"https:\/\/blog.maciterneecolo.fr\/da\/wp-json\/wp\/v2\/media\/868"}],"wp:attachment":[{"href":"https:\/\/blog.maciterneecolo.fr\/da\/wp-json\/wp\/v2\/media?parent=1993"}],"wp:term":[{"taxonomy":"category","embeddable":true,"href":"https:\/\/blog.maciterneecolo.fr\/da\/wp-json\/wp\/v2\/categories?post=1993"},{"taxonomy":"post_tag","embeddable":true,"href":"https:\/\/blog.maciterneecolo.fr\/da\/wp-json\/wp\/v2\/tags?post=1993"}],"curies":[{"name":"wp","href":"https:\/\/api.w.org\/{rel}","templated":true}]}}