{"id":2579,"date":"2022-12-15T15:06:08","date_gmt":"2022-12-15T15:06:08","guid":{"rendered":"https:\/\/blog.maciterneecolo.fr\/er-det-noedvendigt-at-tilkalde-en-professionel-til-at-installere-en-regnvandsbeholder\/"},"modified":"2023-01-10T14:19:21","modified_gmt":"2023-01-10T14:19:21","slug":"er-det-noedvendigt-at-tilkalde-en-professionel-til-at-installere-en-regnvandsbeholder","status":"publish","type":"post","link":"https:\/\/blog.maciterneecolo.fr\/da\/er-det-noedvendigt-at-tilkalde-en-professionel-til-at-installere-en-regnvandsbeholder\/","title":{"rendered":"Er det n\u00f8dvendigt at tilkalde en professionel til at installere en regnvandsbeholder?"},"content":{"rendered":"\n<p>P\u00e5 grund af de potentielle begr\u00e6nsninger spekulerer mange personer p\u00e5, om de skal <strong>tilkalde en professionel til at installere en regnvandsopsamlingstank med udl\u00f8bsledninger for at f\u00e5 et regnvandssystem <\/strong>i deres hjem som erstatning for et drikkevandssystem. I virkeligheden afh\u00e6nger svaret ganske enkelt af det udvalg af regnvandsopsamlingstanke og deres hydrauliske trykpumper, som du \u00f8nsker at <strong>installere i dit hjem eller din have<\/strong>&#8230;<\/p>\n\n<h2 class=\"wp-block-heading\" id=\"ybc_heading_h2_1\"><strong>Kan du selv installere en fleksibel PVC-tank og tilbeh\u00f8r, eller skal du have fat i en professionel?<\/strong><\/h2>\n\n<p>Kr\u00e6ver installationen af <strong>et regnvandsopsamlingssystem som f.eks. en fleksibel tank og tilbeh\u00f8r<\/strong> faktisk en professionel? Ja, uanset hvor simpelt det er, kr\u00e6ver en <strong>regnvandstank<\/strong> og dens tilbeh\u00f8r (f.eks. en pumpe), at en professionel indgriben er n\u00f8dvendig. Han vil kunne udf\u00f8re alle faser af arbejdet p\u00e5 net og hydraulisk udstyr i dine fleksible tanke.<\/p>\n\n<p>Derfor<strong>installeres regnvandsopsamlingstanke<\/strong> af st\u00e5l, <strong>polyethylenregnvandsopsamlingstanke<\/strong> og regnvandsopsamlingstanke af beton professionelt. Derudover skal du ans\u00f8ge om byggetilladelse eller i det mindste g\u00f8re noget selvarbejde for at indrette din tank. Bortset fra at vores virksomhed tilbyder et<strong> revolutionerende koncept:<\/strong> den fleksible PVC-regnvandstank og -udl\u00f8bsr\u00f8r. Du kan f\u00e5 <strong>installeret<\/strong> en <strong>regnvandstank uden at betale for en specialist!<\/strong><\/p>\n\n<p>Med vores regnvandstank i genbrugsplast er der intet arbejde, ingen g\u00f8r-det-selv-arbejde og ingen byggetilladelse.  <strong>Du kan<\/strong> nemlig <strong>placere din <a href=\"https:\/\/www.maciterneecolo.fr\/fr\/3-citernes-souples-recuperation-eau-de-pluie\">fleksible regnvandstank<\/a> alene<\/strong> i en luftstation (tank placeret p\u00e5 jordoverfladen) i dit krybek\u00e6lderrum eller halvt nedgravet i din have eller under din terrasse.<\/p>\n\n<h2 class=\"wp-block-heading\" id=\"ybc_heading_h2_2\"><strong>Hvordan v\u00e6lger vi den rigtige m\u00e6ngde til installation af vores billige regnvandsopsamlingstank?<\/strong><\/h2>\n\n<p>Afh\u00e6ngigt af husets st\u00f8rrelse (udvendigt og indvendigt), m\u00e6ngden af vand, der skal opbevares, og behovet for regnvand, skal privatpersonen eller virksomheden bestemme kapaciteten af den n\u00f8dvendige tank. For optimal udnyttelse af vores <strong>billige fleksible tankanl\u00e6g<\/strong> anbefaler vi f\u00f8lgende kriterier:<\/p>\n\n<p>\u25cf <strong>\n  <em>Den m\u00e6ngde vand, der skal opbevares i din fleksible lagertank<\/em>\n<\/strong><\/p>\n\n<p>Det er vigtigt at <strong>beregne det daglige vandforbrug og den m\u00e6ngde vand<\/strong>, du \u00f8nsker at opbevare til brug i din <a href=\"https:\/\/www.maciterneecolo.fr\/fr\/\">regnvandstank<\/a>. Den m\u00e6ngde vand, der skal opbevares i din fleksible regnvandstank, afh\u00e6nger nemlig af dit forbrug og hyppigheden af brugen af dette vand (p\u00e5fyldning og t\u00f8mning).<\/p>\n\n<p>\u25cf <strong>\n  <em>Den geografiske placering<\/em>\n<\/strong><em> <strong>hvor du \u00f8nsker at placere regnvandsopsamlingscisternen<\/strong><\/em><\/p>\n\n<p> <strong>Klimaet i regionen<\/strong>, men ogs\u00e5 husets h\u00f8jde og terr\u00e6nets udformning har indflydelse p\u00e5 brugen af en regnvandstank. Jo mere regn du bor i, jo mere vand kan du lagre til daglig brug uden begr\u00e6nsninger.<\/p>\n\n<p>\u25cf <strong>\n  <em>Funktionerne i din fleksible regnvandsopsamlingstank<\/em>\n<\/strong><\/p>\n\n<p>Ud over at bruge din fleksible regnvandsopsamlingstank til husholdnings- eller havebrug kan du ogs\u00e5 bruge din tank som en <strong>l\u00f8sning til buffring af regnvand<\/strong>. P\u00e5 denne m\u00e5de kan du i tilf\u00e6lde af kraftig regn eller byg begr\u00e6nse skaderne i forbindelse med oversv\u00f8mmelser.<\/p>\n\n<p>\u25cf <strong>\n  <em>Brug af vand fra din fleksible lagertank<\/em>\n<\/strong><\/p>\n\n<p>F\u00f8r du k\u00f8ber din regnvandstank med pumpe (og andet tilbeh\u00f8r), skal du definere dine behov. Du b\u00f8r p\u00e5 <strong>forh\u00e5nd fastl\u00e6gge, hvordan du vil bruge vandet<\/strong>: vande haven, vaske bilen, fylde toilettanken, fodre vaskemaskinen og andre husholdningsanvendelser.<\/p>\n\n<p>\u25cf <strong>\n  <em>Overfladearealet af det regnvand, du vil opsamle i din fleksible opbevaringstank <\/em>\n<\/strong> <\/p>\n\n<p>Da din tank skal opsamle dine liter regnvand fra dine nedl\u00f8bsr\u00f8r, skal du <strong>beregne arealet af regnvandsopsamlingsomr\u00e5det<\/strong>. Det betyder, at du skal tage hensyn til dit hus&#8217; tagareal. En dygtig beregning af dit tag giver dig mulighed for at h\u00f8ste den optimale m\u00e6ngde i din lagertank.<\/p>\n\n<p>\u25cf <strong>\n  <em>Den tilg\u00e6ngelige plads, du kan afs\u00e6tte til din fleksible regnvandsopsamlingscisterne<\/em>\n<\/strong><\/p>\n\n<p>Den plads, der er til r\u00e5dighed til din tank, skal bestemmes i forhold til <strong>konfigurationen af din grund<\/strong>. Men heldigvis kan du med vores fleksible PVC-tank uden l\u00e5g p\u00e5 toppen placere den n\u00e6sten hvor som helst. Det eneste du skal g\u00f8re er at tildele det rigtige overfladeareal i forhold til h\u00f8jden, l\u00e6ngden og bredden af din tank, herunder dens udstyr.<\/p>\n\n<h2 class=\"wp-block-heading\" id=\"ybc_heading_h2_3\"><strong>Installation af din regnvandsbeholder<\/strong><\/h2>\n\n<p>Installationen af din<strong> regnvandstank<\/strong> som<strong> erstatning for dit drikkevandssystem<\/strong> p\u00e5 din etage er ikke kompliceret. Ved at f\u00f8lge nogle f\u00e5 enkle trin kan du opn\u00e5 et perfekt resultat ved installationen af dine bl\u00e6rer. F\u00f8rst skal du v\u00e6lge placeringen af tanken i overensstemmelse med dens dimensioner. H\u00e6ld derefter sand i et fladt lag eller l\u00e6g en geotekstilm\u00e5tte for at beskytte din tank mod eventuelle punkterende elementer. Alene eller sammen med andre kan du nu rulle din fleksible presenning ud. N\u00e5r du har en plan overflade, kan du <strong>forts\u00e6tte med at installere hydraulikpumpen og andet udstyr<\/strong>. Tilslut din tank til en tagrender\u00f8rsamler. Du er nu klar til at bruge din tank, s\u00e5 snart den f\u00f8rste regn falder!<\/p>\n","protected":false},"excerpt":{"rendered":"<p>P\u00e5 grund af de potentielle begr\u00e6nsninger spekulerer mange personer p\u00e5, om de skal tilkalde en professionel til at installere en regnvandsopsamlingstank med udl\u00f8bsledninger for at f\u00e5 et regnvandssystem i deres hjem som erstatning for et drikkevandssystem. I virkeligheden afh\u00e6nger svaret ganske enkelt af det udvalg af regnvandsopsamlingstanke og deres hydrauliske trykpumper, som du \u00f8nsker at [&hellip;]<\/p>\n","protected":false},"author":2,"featured_media":1121,"comment_status":"closed","ping_status":"closed","sticky":false,"template":"","format":"standard","meta":{"inline_featured_image":false,"footnotes":""},"categories":[79],"tags":[764,762],"class_list":["post-2579","post","type-post","status-publish","format-standard","has-post-thumbnail","hentry","category-installation-af-en-fleksibel-tank","tag-installator","tag-professionel"],"yoast_head":"<!-- This site is optimized with the Yoast SEO plugin v27.5 - https:\/\/yoast.com\/product\/yoast-seo-wordpress\/ -->\n<title>Tilkald en professionel til at installere din vandtank<\/title>\n<meta name=\"description\" content=\"Mange mennesker spekulerer p\u00e5, om det er muligt at installere en tank selv, eller om de skal tilkalde en professionel.\" \/>\n<meta name=\"robots\" content=\"index, follow, max-snippet:-1, max-image-preview:large, max-video-preview:-1\" \/>\n<link rel=\"canonical\" href=\"https:\/\/blog.maciterneecolo.fr\/da\/er-det-noedvendigt-at-tilkalde-en-professionel-til-at-installere-en-regnvandsbeholder\/\" \/>\n<meta property=\"og:locale\" content=\"da_DK\" \/>\n<meta property=\"og:type\" content=\"article\" \/>\n<meta property=\"og:title\" content=\"Tilkald en professionel til at installere din vandtank\" \/>\n<meta property=\"og:description\" content=\"Mange mennesker spekulerer p\u00e5, om det er muligt at installere en tank selv, eller om de skal tilkalde en professionel.\" \/>\n<meta property=\"og:url\" content=\"https:\/\/blog.maciterneecolo.fr\/da\/er-det-noedvendigt-at-tilkalde-en-professionel-til-at-installere-en-regnvandsbeholder\/\" \/>\n<meta property=\"og:site_name\" content=\"Blog Ma Citerne Ecolo\" \/>\n<meta property=\"article:published_time\" content=\"2022-12-15T15:06:08+00:00\" \/>\n<meta property=\"article:modified_time\" content=\"2023-01-10T14:19:21+00:00\" \/>\n<meta property=\"og:image\" content=\"https:\/\/blog.maciterneecolo.fr\/wp-content\/uploads\/2022\/12\/installateur-citerne-souple.jpeg\" \/>\n\t<meta property=\"og:image:width\" content=\"612\" \/>\n\t<meta property=\"og:image:height\" content=\"408\" \/>\n\t<meta property=\"og:image:type\" content=\"image\/jpeg\" \/>\n<meta name=\"author\" content=\"Lucile\" \/>\n<meta name=\"twitter:card\" content=\"summary_large_image\" \/>\n<meta name=\"twitter:label1\" content=\"Skrevet af\" \/>\n\t<meta name=\"twitter:data1\" content=\"Lucile\" \/>\n\t<meta name=\"twitter:label2\" content=\"Estimeret l\u00e6setid\" \/>\n\t<meta name=\"twitter:data2\" content=\"4 minutter\" \/>\n<script type=\"application\/ld+json\" class=\"yoast-schema-graph\">{\"@context\":\"https:\\\/\\\/schema.org\",\"@graph\":[{\"@type\":\"Article\",\"@id\":\"https:\\\/\\\/blog.maciterneecolo.fr\\\/da\\\/er-det-noedvendigt-at-tilkalde-en-professionel-til-at-installere-en-regnvandsbeholder\\\/#article\",\"isPartOf\":{\"@id\":\"https:\\\/\\\/blog.maciterneecolo.fr\\\/da\\\/er-det-noedvendigt-at-tilkalde-en-professionel-til-at-installere-en-regnvandsbeholder\\\/\"},\"author\":{\"name\":\"Lucile\",\"@id\":\"https:\\\/\\\/blog.maciterneecolo.fr\\\/da\\\/#\\\/schema\\\/person\\\/cfb93b191140c86292f0707edfd4b6fe\"},\"headline\":\"Er det n\u00f8dvendigt at tilkalde en professionel til at installere en regnvandsbeholder?\",\"datePublished\":\"2022-12-15T15:06:08+00:00\",\"dateModified\":\"2023-01-10T14:19:21+00:00\",\"mainEntityOfPage\":{\"@id\":\"https:\\\/\\\/blog.maciterneecolo.fr\\\/da\\\/er-det-noedvendigt-at-tilkalde-en-professionel-til-at-installere-en-regnvandsbeholder\\\/\"},\"wordCount\":798,\"publisher\":{\"@id\":\"https:\\\/\\\/blog.maciterneecolo.fr\\\/da\\\/#organization\"},\"image\":{\"@id\":\"https:\\\/\\\/blog.maciterneecolo.fr\\\/da\\\/er-det-noedvendigt-at-tilkalde-en-professionel-til-at-installere-en-regnvandsbeholder\\\/#primaryimage\"},\"thumbnailUrl\":\"https:\\\/\\\/blog.maciterneecolo.fr\\\/wp-content\\\/uploads\\\/2022\\\/12\\\/installateur-citerne-souple.jpeg\",\"keywords\":[\"installat\u00f8r\",\"professionel\"],\"articleSection\":[\"Installation af en fleksibel tank\"],\"inLanguage\":\"da-DK\"},{\"@type\":\"WebPage\",\"@id\":\"https:\\\/\\\/blog.maciterneecolo.fr\\\/da\\\/er-det-noedvendigt-at-tilkalde-en-professionel-til-at-installere-en-regnvandsbeholder\\\/\",\"url\":\"https:\\\/\\\/blog.maciterneecolo.fr\\\/da\\\/er-det-noedvendigt-at-tilkalde-en-professionel-til-at-installere-en-regnvandsbeholder\\\/\",\"name\":\"Tilkald en professionel til at installere din vandtank\",\"isPartOf\":{\"@id\":\"https:\\\/\\\/blog.maciterneecolo.fr\\\/da\\\/#website\"},\"primaryImageOfPage\":{\"@id\":\"https:\\\/\\\/blog.maciterneecolo.fr\\\/da\\\/er-det-noedvendigt-at-tilkalde-en-professionel-til-at-installere-en-regnvandsbeholder\\\/#primaryimage\"},\"image\":{\"@id\":\"https:\\\/\\\/blog.maciterneecolo.fr\\\/da\\\/er-det-noedvendigt-at-tilkalde-en-professionel-til-at-installere-en-regnvandsbeholder\\\/#primaryimage\"},\"thumbnailUrl\":\"https:\\\/\\\/blog.maciterneecolo.fr\\\/wp-content\\\/uploads\\\/2022\\\/12\\\/installateur-citerne-souple.jpeg\",\"datePublished\":\"2022-12-15T15:06:08+00:00\",\"dateModified\":\"2023-01-10T14:19:21+00:00\",\"description\":\"Mange mennesker spekulerer p\u00e5, om det er muligt at installere en tank selv, eller om de skal tilkalde en professionel.\",\"breadcrumb\":{\"@id\":\"https:\\\/\\\/blog.maciterneecolo.fr\\\/da\\\/er-det-noedvendigt-at-tilkalde-en-professionel-til-at-installere-en-regnvandsbeholder\\\/#breadcrumb\"},\"inLanguage\":\"da-DK\",\"potentialAction\":[{\"@type\":\"ReadAction\",\"target\":[\"https:\\\/\\\/blog.maciterneecolo.fr\\\/da\\\/er-det-noedvendigt-at-tilkalde-en-professionel-til-at-installere-en-regnvandsbeholder\\\/\"]}]},{\"@type\":\"ImageObject\",\"inLanguage\":\"da-DK\",\"@id\":\"https:\\\/\\\/blog.maciterneecolo.fr\\\/da\\\/er-det-noedvendigt-at-tilkalde-en-professionel-til-at-installere-en-regnvandsbeholder\\\/#primaryimage\",\"url\":\"https:\\\/\\\/blog.maciterneecolo.fr\\\/wp-content\\\/uploads\\\/2022\\\/12\\\/installateur-citerne-souple.jpeg\",\"contentUrl\":\"https:\\\/\\\/blog.maciterneecolo.fr\\\/wp-content\\\/uploads\\\/2022\\\/12\\\/installateur-citerne-souple.jpeg\",\"width\":612,\"height\":408,\"caption\":\"Young Woman Shaking Hands To Male Plumber With Clipboard In Kitchen Room\"},{\"@type\":\"BreadcrumbList\",\"@id\":\"https:\\\/\\\/blog.maciterneecolo.fr\\\/da\\\/er-det-noedvendigt-at-tilkalde-en-professionel-til-at-installere-en-regnvandsbeholder\\\/#breadcrumb\",\"itemListElement\":[{\"@type\":\"ListItem\",\"position\":1,\"name\":\"Accueil\",\"item\":\"https:\\\/\\\/blog.maciterneecolo.fr\\\/da\\\/\"},{\"@type\":\"ListItem\",\"position\":2,\"name\":\"Er det n\u00f8dvendigt at tilkalde en professionel til at installere en regnvandsbeholder?\"}]},{\"@type\":\"WebSite\",\"@id\":\"https:\\\/\\\/blog.maciterneecolo.fr\\\/da\\\/#website\",\"url\":\"https:\\\/\\\/blog.maciterneecolo.fr\\\/da\\\/\",\"name\":\"Blog Ma Citerne Ecolo\",\"description\":\"Leader dans le domaine de la citerne souple d&#039;eau de pluie\",\"publisher\":{\"@id\":\"https:\\\/\\\/blog.maciterneecolo.fr\\\/da\\\/#organization\"},\"potentialAction\":[{\"@type\":\"SearchAction\",\"target\":{\"@type\":\"EntryPoint\",\"urlTemplate\":\"https:\\\/\\\/blog.maciterneecolo.fr\\\/da\\\/?s={search_term_string}\"},\"query-input\":{\"@type\":\"PropertyValueSpecification\",\"valueRequired\":true,\"valueName\":\"search_term_string\"}}],\"inLanguage\":\"da-DK\"},{\"@type\":\"Organization\",\"@id\":\"https:\\\/\\\/blog.maciterneecolo.fr\\\/da\\\/#organization\",\"name\":\"Blog Ma Citerne Ecolo\",\"url\":\"https:\\\/\\\/blog.maciterneecolo.fr\\\/da\\\/\",\"logo\":{\"@type\":\"ImageObject\",\"inLanguage\":\"da-DK\",\"@id\":\"https:\\\/\\\/blog.maciterneecolo.fr\\\/da\\\/#\\\/schema\\\/logo\\\/image\\\/\",\"url\":\"https:\\\/\\\/blog.maciterneecolo.fr\\\/wp-content\\\/uploads\\\/2022\\\/12\\\/cropped-favicon-blog.png\",\"contentUrl\":\"https:\\\/\\\/blog.maciterneecolo.fr\\\/wp-content\\\/uploads\\\/2022\\\/12\\\/cropped-favicon-blog.png\",\"width\":512,\"height\":512,\"caption\":\"Blog Ma Citerne Ecolo\"},\"image\":{\"@id\":\"https:\\\/\\\/blog.maciterneecolo.fr\\\/da\\\/#\\\/schema\\\/logo\\\/image\\\/\"}},{\"@type\":\"Person\",\"@id\":\"https:\\\/\\\/blog.maciterneecolo.fr\\\/da\\\/#\\\/schema\\\/person\\\/cfb93b191140c86292f0707edfd4b6fe\",\"name\":\"Lucile\",\"image\":{\"@type\":\"ImageObject\",\"inLanguage\":\"da-DK\",\"@id\":\"https:\\\/\\\/secure.gravatar.com\\\/avatar\\\/3c571ab7761bcc142db76a63f33a2a5ebee8b76990a871c9329e3e6df7ae9f3c?s=96&d=mm&r=g\",\"url\":\"https:\\\/\\\/secure.gravatar.com\\\/avatar\\\/3c571ab7761bcc142db76a63f33a2a5ebee8b76990a871c9329e3e6df7ae9f3c?s=96&d=mm&r=g\",\"contentUrl\":\"https:\\\/\\\/secure.gravatar.com\\\/avatar\\\/3c571ab7761bcc142db76a63f33a2a5ebee8b76990a871c9329e3e6df7ae9f3c?s=96&d=mm&r=g\",\"caption\":\"Lucile\"},\"url\":\"https:\\\/\\\/blog.maciterneecolo.fr\\\/da\\\/author\\\/lucilewerkeyn\\\/\"}]}<\/script>\n<!-- \/ Yoast SEO plugin. -->","yoast_head_json":{"title":"Tilkald en professionel til at installere din vandtank","description":"Mange mennesker spekulerer p\u00e5, om det er muligt at installere en tank selv, eller om de skal tilkalde en professionel.","robots":{"index":"index","follow":"follow","max-snippet":"max-snippet:-1","max-image-preview":"max-image-preview:large","max-video-preview":"max-video-preview:-1"},"canonical":"https:\/\/blog.maciterneecolo.fr\/da\/er-det-noedvendigt-at-tilkalde-en-professionel-til-at-installere-en-regnvandsbeholder\/","og_locale":"da_DK","og_type":"article","og_title":"Tilkald en professionel til at installere din vandtank","og_description":"Mange mennesker spekulerer p\u00e5, om det er muligt at installere en tank selv, eller om de skal tilkalde en professionel.","og_url":"https:\/\/blog.maciterneecolo.fr\/da\/er-det-noedvendigt-at-tilkalde-en-professionel-til-at-installere-en-regnvandsbeholder\/","og_site_name":"Blog Ma Citerne Ecolo","article_published_time":"2022-12-15T15:06:08+00:00","article_modified_time":"2023-01-10T14:19:21+00:00","og_image":[{"width":612,"height":408,"url":"https:\/\/blog.maciterneecolo.fr\/wp-content\/uploads\/2022\/12\/installateur-citerne-souple.jpeg","type":"image\/jpeg"}],"author":"Lucile","twitter_card":"summary_large_image","twitter_misc":{"Skrevet af":"Lucile","Estimeret l\u00e6setid":"4 minutter"},"schema":{"@context":"https:\/\/schema.org","@graph":[{"@type":"Article","@id":"https:\/\/blog.maciterneecolo.fr\/da\/er-det-noedvendigt-at-tilkalde-en-professionel-til-at-installere-en-regnvandsbeholder\/#article","isPartOf":{"@id":"https:\/\/blog.maciterneecolo.fr\/da\/er-det-noedvendigt-at-tilkalde-en-professionel-til-at-installere-en-regnvandsbeholder\/"},"author":{"name":"Lucile","@id":"https:\/\/blog.maciterneecolo.fr\/da\/#\/schema\/person\/cfb93b191140c86292f0707edfd4b6fe"},"headline":"Er det n\u00f8dvendigt at tilkalde en professionel til at installere en regnvandsbeholder?","datePublished":"2022-12-15T15:06:08+00:00","dateModified":"2023-01-10T14:19:21+00:00","mainEntityOfPage":{"@id":"https:\/\/blog.maciterneecolo.fr\/da\/er-det-noedvendigt-at-tilkalde-en-professionel-til-at-installere-en-regnvandsbeholder\/"},"wordCount":798,"publisher":{"@id":"https:\/\/blog.maciterneecolo.fr\/da\/#organization"},"image":{"@id":"https:\/\/blog.maciterneecolo.fr\/da\/er-det-noedvendigt-at-tilkalde-en-professionel-til-at-installere-en-regnvandsbeholder\/#primaryimage"},"thumbnailUrl":"https:\/\/blog.maciterneecolo.fr\/wp-content\/uploads\/2022\/12\/installateur-citerne-souple.jpeg","keywords":["installat\u00f8r","professionel"],"articleSection":["Installation af en fleksibel tank"],"inLanguage":"da-DK"},{"@type":"WebPage","@id":"https:\/\/blog.maciterneecolo.fr\/da\/er-det-noedvendigt-at-tilkalde-en-professionel-til-at-installere-en-regnvandsbeholder\/","url":"https:\/\/blog.maciterneecolo.fr\/da\/er-det-noedvendigt-at-tilkalde-en-professionel-til-at-installere-en-regnvandsbeholder\/","name":"Tilkald en professionel til at installere din vandtank","isPartOf":{"@id":"https:\/\/blog.maciterneecolo.fr\/da\/#website"},"primaryImageOfPage":{"@id":"https:\/\/blog.maciterneecolo.fr\/da\/er-det-noedvendigt-at-tilkalde-en-professionel-til-at-installere-en-regnvandsbeholder\/#primaryimage"},"image":{"@id":"https:\/\/blog.maciterneecolo.fr\/da\/er-det-noedvendigt-at-tilkalde-en-professionel-til-at-installere-en-regnvandsbeholder\/#primaryimage"},"thumbnailUrl":"https:\/\/blog.maciterneecolo.fr\/wp-content\/uploads\/2022\/12\/installateur-citerne-souple.jpeg","datePublished":"2022-12-15T15:06:08+00:00","dateModified":"2023-01-10T14:19:21+00:00","description":"Mange mennesker spekulerer p\u00e5, om det er muligt at installere en tank selv, eller om de skal tilkalde en professionel.","breadcrumb":{"@id":"https:\/\/blog.maciterneecolo.fr\/da\/er-det-noedvendigt-at-tilkalde-en-professionel-til-at-installere-en-regnvandsbeholder\/#breadcrumb"},"inLanguage":"da-DK","potentialAction":[{"@type":"ReadAction","target":["https:\/\/blog.maciterneecolo.fr\/da\/er-det-noedvendigt-at-tilkalde-en-professionel-til-at-installere-en-regnvandsbeholder\/"]}]},{"@type":"ImageObject","inLanguage":"da-DK","@id":"https:\/\/blog.maciterneecolo.fr\/da\/er-det-noedvendigt-at-tilkalde-en-professionel-til-at-installere-en-regnvandsbeholder\/#primaryimage","url":"https:\/\/blog.maciterneecolo.fr\/wp-content\/uploads\/2022\/12\/installateur-citerne-souple.jpeg","contentUrl":"https:\/\/blog.maciterneecolo.fr\/wp-content\/uploads\/2022\/12\/installateur-citerne-souple.jpeg","width":612,"height":408,"caption":"Young Woman Shaking Hands To Male Plumber With Clipboard In Kitchen Room"},{"@type":"BreadcrumbList","@id":"https:\/\/blog.maciterneecolo.fr\/da\/er-det-noedvendigt-at-tilkalde-en-professionel-til-at-installere-en-regnvandsbeholder\/#breadcrumb","itemListElement":[{"@type":"ListItem","position":1,"name":"Accueil","item":"https:\/\/blog.maciterneecolo.fr\/da\/"},{"@type":"ListItem","position":2,"name":"Er det n\u00f8dvendigt at tilkalde en professionel til at installere en regnvandsbeholder?"}]},{"@type":"WebSite","@id":"https:\/\/blog.maciterneecolo.fr\/da\/#website","url":"https:\/\/blog.maciterneecolo.fr\/da\/","name":"Blog Ma Citerne Ecolo","description":"Leader dans le domaine de la citerne souple d&#039;eau de pluie","publisher":{"@id":"https:\/\/blog.maciterneecolo.fr\/da\/#organization"},"potentialAction":[{"@type":"SearchAction","target":{"@type":"EntryPoint","urlTemplate":"https:\/\/blog.maciterneecolo.fr\/da\/?s={search_term_string}"},"query-input":{"@type":"PropertyValueSpecification","valueRequired":true,"valueName":"search_term_string"}}],"inLanguage":"da-DK"},{"@type":"Organization","@id":"https:\/\/blog.maciterneecolo.fr\/da\/#organization","name":"Blog Ma Citerne Ecolo","url":"https:\/\/blog.maciterneecolo.fr\/da\/","logo":{"@type":"ImageObject","inLanguage":"da-DK","@id":"https:\/\/blog.maciterneecolo.fr\/da\/#\/schema\/logo\/image\/","url":"https:\/\/blog.maciterneecolo.fr\/wp-content\/uploads\/2022\/12\/cropped-favicon-blog.png","contentUrl":"https:\/\/blog.maciterneecolo.fr\/wp-content\/uploads\/2022\/12\/cropped-favicon-blog.png","width":512,"height":512,"caption":"Blog Ma Citerne Ecolo"},"image":{"@id":"https:\/\/blog.maciterneecolo.fr\/da\/#\/schema\/logo\/image\/"}},{"@type":"Person","@id":"https:\/\/blog.maciterneecolo.fr\/da\/#\/schema\/person\/cfb93b191140c86292f0707edfd4b6fe","name":"Lucile","image":{"@type":"ImageObject","inLanguage":"da-DK","@id":"https:\/\/secure.gravatar.com\/avatar\/3c571ab7761bcc142db76a63f33a2a5ebee8b76990a871c9329e3e6df7ae9f3c?s=96&d=mm&r=g","url":"https:\/\/secure.gravatar.com\/avatar\/3c571ab7761bcc142db76a63f33a2a5ebee8b76990a871c9329e3e6df7ae9f3c?s=96&d=mm&r=g","contentUrl":"https:\/\/secure.gravatar.com\/avatar\/3c571ab7761bcc142db76a63f33a2a5ebee8b76990a871c9329e3e6df7ae9f3c?s=96&d=mm&r=g","caption":"Lucile"},"url":"https:\/\/blog.maciterneecolo.fr\/da\/author\/lucilewerkeyn\/"}]}},"_links":{"self":[{"href":"https:\/\/blog.maciterneecolo.fr\/da\/wp-json\/wp\/v2\/posts\/2579","targetHints":{"allow":["GET"]}}],"collection":[{"href":"https:\/\/blog.maciterneecolo.fr\/da\/wp-json\/wp\/v2\/posts"}],"about":[{"href":"https:\/\/blog.maciterneecolo.fr\/da\/wp-json\/wp\/v2\/types\/post"}],"author":[{"embeddable":true,"href":"https:\/\/blog.maciterneecolo.fr\/da\/wp-json\/wp\/v2\/users\/2"}],"replies":[{"embeddable":true,"href":"https:\/\/blog.maciterneecolo.fr\/da\/wp-json\/wp\/v2\/comments?post=2579"}],"version-history":[{"count":1,"href":"https:\/\/blog.maciterneecolo.fr\/da\/wp-json\/wp\/v2\/posts\/2579\/revisions"}],"predecessor-version":[{"id":2589,"href":"https:\/\/blog.maciterneecolo.fr\/da\/wp-json\/wp\/v2\/posts\/2579\/revisions\/2589"}],"wp:featuredmedia":[{"embeddable":true,"href":"https:\/\/blog.maciterneecolo.fr\/da\/wp-json\/wp\/v2\/media\/1121"}],"wp:attachment":[{"href":"https:\/\/blog.maciterneecolo.fr\/da\/wp-json\/wp\/v2\/media?parent=2579"}],"wp:term":[{"taxonomy":"category","embeddable":true,"href":"https:\/\/blog.maciterneecolo.fr\/da\/wp-json\/wp\/v2\/categories?post=2579"},{"taxonomy":"post_tag","embeddable":true,"href":"https:\/\/blog.maciterneecolo.fr\/da\/wp-json\/wp\/v2\/tags?post=2579"}],"curies":[{"name":"wp","href":"https:\/\/api.w.org\/{rel}","templated":true}]}}