{"id":2820,"date":"2022-12-16T10:02:20","date_gmt":"2022-12-16T10:02:20","guid":{"rendered":"https:\/\/blog.maciterneecolo.fr\/5m3-fleksibel-tank\/"},"modified":"2023-01-10T14:19:09","modified_gmt":"2023-01-10T14:19:09","slug":"5m3-fleksibel-tank","status":"publish","type":"post","link":"https:\/\/blog.maciterneecolo.fr\/da\/5m3-fleksibel-tank\/","title":{"rendered":"5m3 fleksibel tank"},"content":{"rendered":"\n<p>Find den<strong> ideelle 5 m\u00b3 fleksible vandopsamler og tilbeh\u00f8r<\/strong> til salg i vores butik og leveret som et s\u00e6t eller enkeltvis. Du f\u00e5r en fantastisk cisterne i genbrugsplast til opsamling af mange liter regnvand til en nedsat pris. Bare hold \u00f8je med denne side og bes\u00f8g hver enkelt tank, vi har til salg! Dette giver dig en <strong>fleksibel tank med en kapacitet p\u00e5 5 m\u00b3<\/strong> med en hydraulikpumpe af h\u00f8jeste kvalitet (h\u00f8j modstandsdygtighed) med gratis levering. Vores fleksible regnvandstank er praktisk, fordi det er en opbevaringstank, der kan bruges til flere form\u00e5l. Derudover kan du med de <strong>fleksible tanke med stort volumen og den hydrauliske pumpe, vi leverer<\/strong>, ogs\u00e5 opbevare andre v\u00e6sker som f.eks. flydende kv\u00e6lstof, diesel, k\u00f8lev\u00e6ske, gylle, br\u00e6ndselsolie, forskellige former for biomasse osv.<\/p>\n\n<p>Vores fleksible tanke giver dig garanti for at bruge udstyr af h\u00f8j kvalitet til vanding og mange andre form\u00e5l!<\/p>\n\n<h2 class=\"wp-block-heading\" id=\"ybc_heading_h2_1\"><strong>De tekniske punkter i den fleksible 5.000-liters tank, som leveres til b\u00e5de professionelle og private<\/strong><\/h2>\n\n<p>Dette<strong> 5 m\u00b3<\/strong> <a href=\"https:\/\/www.maciterneecolo.fr\/fr\/\">regnvandsopsamlingssystem<\/a> er perfekt til husholdningsbrug og kan leveres og sendes hurtigt. Vores fleksible tank er ideel til daglig brug eller som en midlertidig l\u00f8sning. Denne fleksible regnvandstank med udstyr, der f\u00e5s online, er vandt\u00e6t og praktisk, og du kan <strong>bestille<\/strong> kompatibelt <strong>tilbeh\u00f8r<\/strong> fra vores butik med gratis levering. Vores fleksible tank er ideel til opbevaring af regnvand som et vandopsamlingssystem i haven eller i krybek\u00e6lderen. Vores produkt, en <strong>fleksibel tank af genbrugsplast, der er fremstillet i Frankrig i en f\u00f8rsteklasses kvalitet<\/strong> og har en kapacitet p\u00e5 5.000 liter v\u00e6ske, har f\u00f8lgende tekniske detaljer:<\/p>\n\n<ul class=\"wp-block-list\">\n<li>5 m\u00b3 regnvandsbeholder af teknisk stof af 100 % polyester med PVC-induktion 900 g\/m\u00b2. 5 m\u00b3 regnvandsbeholder med sikkerhedsoverl\u00f8bsanordning, der er b\u00f8jet til 25 mm i diameter for at forhindre overl\u00f8b af v\u00e6sken i beholderen under p\u00e5fyldning.<\/li>\n\n\n\n<li>Regnvandsbeholder 5 m\u00b3 med ventil DN 25 med skillev\u00e6g<\/li>\n\n\n\n<li>Regnvandsbeholder 5 m\u00b3 med inspektionsluge 140 mm i diameter, b\u00f8jet slangetilslutning med 50 mm i diameter til p\u00e5fyldning af den selvb\u00e6rende beholder<\/li>\n\n\n\n<li>Regnvandsbeholder 5 m\u00b3 med gevindsk\u00e5ret 1\/4-talsventil 26\/34, der g\u00f8r det muligt at t\u00f8mme beholderen<\/li>\n\n\n\n<li>Regnvandsbeholder 5 m\u00b3 med forst\u00e6rkninger i enderne af beholderen med rustfrie st\u00e5lskruer<\/li>\n<\/ul>\n\n<h2 class=\"wp-block-heading\" id=\"ybc_heading_h2_2\"><strong>Hvad er grundene til at installere vores 5m3 vandtank?<\/strong><\/h2>\n\n<p>Vi pr\u00e6senterer vores 5 m\u00b3 regnvandstanke som en erstatning for dit drikkevandssystem. Men du kan ogs\u00e5 v\u00e6lge <strong>opbevaringsprodukter<\/strong> med en st\u00f8rre diameter, f.eks. vores fleksible 100 m\u00b3-tank (med p\u00e5fyldningsventil til 100.000 liter) med ISO-standarder til f.eks. opsamling af regnvand fra br\u00f8nde eller til brandsikringsreserver. Salg af de <strong> <a href=\"https:\/\/www.maciterneecolo.fr\/fr\/3-citernes-souples-recuperation-eau-de-pluie\">tankprodukter<\/a><\/strong>, vi leverer, og deres egenskaber:<\/p>\n\n<ul class=\"wp-block-list\">\n<li>\u00d8konomisk ;<\/li>\n\n\n\n<li>B\u00e6redygtig ;<\/li>\n\n\n\n<li>Antisvampemidler ;<\/li>\n\n\n\n<li>Praksis ;<\/li>\n\n\n\n<li>Vandt\u00e6t ;<\/li>\n\n\n\n<li>\u00d8kologisk ;<\/li>\n\n\n\n<li>Modstande.<\/li>\n<\/ul>\n\n<h2 class=\"wp-block-heading\" id=\"ybc_heading_h2_3\"><strong>Hvilke v\u00e6sker kan opbevares i vores 5m3 fleksible tankanl\u00e6g?<\/strong><\/h2>\n\n<p>Vores fleksible tank i kitform eller individuelt med robust materiale kan bl.a. indeholde f\u00f8lgende vand<\/p>\n\n<p>\u25cf <a href=\"https:\/\/www.maciterneecolo.fr\/fr\/citernes-souples-recuperation-eau-de-pluie\/7-16-citerne-souple-eau-de-pluie-5m3.html#\/16-option_de_dimension-forme_rectangulaire_349m_x_288m_x_08m\">5 m\u00b3 fleksibel tank<\/a> til 5.000 liter br\u00f8ndvand ;<\/p>\n\n<p>\u25cf 5 m\u00b3 fleksibel tank til 5.000 liter boringsvand ;<\/p>\n\n<p>\u25cf 5 m\u00b3 fleksibel tank til 5.000 liter gr\u00e5t vand;<\/p>\n\n<p>\u25cf 5 m\u00b3 fleksibel tank til 5.000 liter fiskedamvand;<\/p>\n\n<p>\u25cf 5 m\u00b3 fleksibel tank til 5.000 liter vand til brandv\u00e6rnsenheden ;<\/p>\n\n<p>\u25cf 5 m\u00b3 fleksibel tank til 5.000 liter spildevand osv.<\/p>\n\n<p>Vores fleksible tank i kitform eller individuelt med robust materiale kan bl.a. indeholde f\u00f8lgende v\u00e6sker<\/p>\n\n<p>\u25cf 5 m\u00b3 fleksibel tank til 5.000 liter diesel ;<\/p>\n\n<p>\u25cf 5 m\u00b3 fleksibel tank til 5.000 liter gylle;<\/p>\n\n<p>\u25cf 5 m\u00b3 fleksibel tank til 5.000 liter ensilagesaft;<\/p>\n\n<p>\u25cf 5 m\u00b3 fleksibel tank til 5.000 liter forrudevaskev\u00e6ske ;<\/p>\n\n<p>\u25cf 5 m\u00b3 fleksibel tank til 5.000 liter br\u00e6ndselsolie;<\/p>\n\n<p>\u25cf 5 m\u00b3 fleksibel tank til 5.000 liter flydende nitrogen;<\/p>\n\n<p>\u25cf 5 m\u00b3 fleksibel tank til 5.000 liter flydende g\u00f8dning;<\/p>\n\n<p>\u25cf 5 m\u00b3 fleksibel tank til 5.000 liter vegetabilske olier osv.<\/p>\n\n<p>Vores <strong>m\u00e6rke af fleksible regnvandstanke med en kapacitet p\u00e5 5.000 liter<\/strong>, der er fremstillet i Frankrig, tilbyder dig at kontakte os direkte. Vi kan give dig flere oplysninger om udformningen og de forskellige anvendelsesmuligheder for vores <strong>5 m\u00b3 ISO-standard regnvands- og v\u00e6sketank<\/strong>. Gratis tilbud p\u00e5 alle vores tanke til opbevaring, transport og opsamling af regnvand, der skal opsamles fra din have eller fra dit krybekammer!<\/p>\n","protected":false},"excerpt":{"rendered":"<p>Find den ideelle 5 m\u00b3 fleksible vandopsamler og tilbeh\u00f8r til salg i vores butik og leveret som et s\u00e6t eller enkeltvis. Du f\u00e5r en fantastisk cisterne i genbrugsplast til opsamling af mange liter regnvand til en nedsat pris. Bare hold \u00f8je med denne side og bes\u00f8g hver enkelt tank, vi har til salg! Dette giver [&hellip;]<\/p>\n","protected":false},"author":2,"featured_media":1206,"comment_status":"closed","ping_status":"closed","sticky":false,"template":"","format":"standard","meta":{"inline_featured_image":false,"footnotes":""},"categories":[247],"tags":[919,60],"class_list":["post-2820","post","type-post","status-publish","format-standard","has-post-thumbnail","hentry","category-de-forskellige-volumener-af-fleksible-tanke","tag-5m3-da","tag-fleksibel-tank"],"yoast_head":"<!-- This site is optimized with the Yoast SEO plugin v27.5 - https:\/\/yoast.com\/product\/yoast-seo-wordpress\/ -->\n<title>5m3 fleksibel tank - Blog Ma Citerne Ecolo<\/title>\n<meta name=\"description\" content=\"V\u00e6lg den fleksible 5m\u00b3-tank, og vander dine gulve, reng\u00f8r din bil, fyld din pool, fodre din vaskemaskine...\" \/>\n<meta name=\"robots\" content=\"index, follow, max-snippet:-1, max-image-preview:large, max-video-preview:-1\" \/>\n<link rel=\"canonical\" href=\"https:\/\/blog.maciterneecolo.fr\/da\/5m3-fleksibel-tank\/\" \/>\n<meta property=\"og:locale\" content=\"da_DK\" \/>\n<meta property=\"og:type\" content=\"article\" \/>\n<meta property=\"og:title\" content=\"5m3 fleksibel tank - Blog Ma Citerne Ecolo\" \/>\n<meta property=\"og:description\" content=\"V\u00e6lg den fleksible 5m\u00b3-tank, og vander dine gulve, reng\u00f8r din bil, fyld din pool, fodre din vaskemaskine...\" \/>\n<meta property=\"og:url\" content=\"https:\/\/blog.maciterneecolo.fr\/da\/5m3-fleksibel-tank\/\" \/>\n<meta property=\"og:site_name\" content=\"Blog Ma Citerne Ecolo\" \/>\n<meta property=\"article:published_time\" content=\"2022-12-16T10:02:20+00:00\" \/>\n<meta property=\"article:modified_time\" content=\"2023-01-10T14:19:09+00:00\" \/>\n<meta property=\"og:image\" content=\"https:\/\/blog.maciterneecolo.fr\/wp-content\/uploads\/2022\/12\/citerne-souple-23.jpeg\" \/>\n\t<meta property=\"og:image:width\" content=\"800\" \/>\n\t<meta property=\"og:image:height\" content=\"800\" \/>\n\t<meta property=\"og:image:type\" content=\"image\/jpeg\" \/>\n<meta name=\"author\" content=\"Lucile\" \/>\n<meta name=\"twitter:card\" content=\"summary_large_image\" \/>\n<meta name=\"twitter:label1\" content=\"Skrevet af\" \/>\n\t<meta name=\"twitter:data1\" content=\"Lucile\" \/>\n\t<meta name=\"twitter:label2\" content=\"Estimeret l\u00e6setid\" \/>\n\t<meta name=\"twitter:data2\" content=\"3 minutter\" \/>\n<script type=\"application\/ld+json\" class=\"yoast-schema-graph\">{\"@context\":\"https:\\\/\\\/schema.org\",\"@graph\":[{\"@type\":\"Article\",\"@id\":\"https:\\\/\\\/blog.maciterneecolo.fr\\\/da\\\/5m3-fleksibel-tank\\\/#article\",\"isPartOf\":{\"@id\":\"https:\\\/\\\/blog.maciterneecolo.fr\\\/da\\\/5m3-fleksibel-tank\\\/\"},\"author\":{\"name\":\"Lucile\",\"@id\":\"https:\\\/\\\/blog.maciterneecolo.fr\\\/da\\\/#\\\/schema\\\/person\\\/cfb93b191140c86292f0707edfd4b6fe\"},\"headline\":\"5m3 fleksibel tank\",\"datePublished\":\"2022-12-16T10:02:20+00:00\",\"dateModified\":\"2023-01-10T14:19:09+00:00\",\"mainEntityOfPage\":{\"@id\":\"https:\\\/\\\/blog.maciterneecolo.fr\\\/da\\\/5m3-fleksibel-tank\\\/\"},\"wordCount\":658,\"publisher\":{\"@id\":\"https:\\\/\\\/blog.maciterneecolo.fr\\\/da\\\/#organization\"},\"image\":{\"@id\":\"https:\\\/\\\/blog.maciterneecolo.fr\\\/da\\\/5m3-fleksibel-tank\\\/#primaryimage\"},\"thumbnailUrl\":\"https:\\\/\\\/blog.maciterneecolo.fr\\\/wp-content\\\/uploads\\\/2022\\\/12\\\/citerne-souple-23.jpeg\",\"keywords\":[\"5m3\",\"fleksibel tank\"],\"articleSection\":[\"De forskellige volumener af fleksible tanke\"],\"inLanguage\":\"da-DK\"},{\"@type\":\"WebPage\",\"@id\":\"https:\\\/\\\/blog.maciterneecolo.fr\\\/da\\\/5m3-fleksibel-tank\\\/\",\"url\":\"https:\\\/\\\/blog.maciterneecolo.fr\\\/da\\\/5m3-fleksibel-tank\\\/\",\"name\":\"5m3 fleksibel tank - Blog Ma Citerne Ecolo\",\"isPartOf\":{\"@id\":\"https:\\\/\\\/blog.maciterneecolo.fr\\\/da\\\/#website\"},\"primaryImageOfPage\":{\"@id\":\"https:\\\/\\\/blog.maciterneecolo.fr\\\/da\\\/5m3-fleksibel-tank\\\/#primaryimage\"},\"image\":{\"@id\":\"https:\\\/\\\/blog.maciterneecolo.fr\\\/da\\\/5m3-fleksibel-tank\\\/#primaryimage\"},\"thumbnailUrl\":\"https:\\\/\\\/blog.maciterneecolo.fr\\\/wp-content\\\/uploads\\\/2022\\\/12\\\/citerne-souple-23.jpeg\",\"datePublished\":\"2022-12-16T10:02:20+00:00\",\"dateModified\":\"2023-01-10T14:19:09+00:00\",\"description\":\"V\u00e6lg den fleksible 5m\u00b3-tank, og vander dine gulve, reng\u00f8r din bil, fyld din pool, fodre din vaskemaskine...\",\"breadcrumb\":{\"@id\":\"https:\\\/\\\/blog.maciterneecolo.fr\\\/da\\\/5m3-fleksibel-tank\\\/#breadcrumb\"},\"inLanguage\":\"da-DK\",\"potentialAction\":[{\"@type\":\"ReadAction\",\"target\":[\"https:\\\/\\\/blog.maciterneecolo.fr\\\/da\\\/5m3-fleksibel-tank\\\/\"]}]},{\"@type\":\"ImageObject\",\"inLanguage\":\"da-DK\",\"@id\":\"https:\\\/\\\/blog.maciterneecolo.fr\\\/da\\\/5m3-fleksibel-tank\\\/#primaryimage\",\"url\":\"https:\\\/\\\/blog.maciterneecolo.fr\\\/wp-content\\\/uploads\\\/2022\\\/12\\\/citerne-souple-23.jpeg\",\"contentUrl\":\"https:\\\/\\\/blog.maciterneecolo.fr\\\/wp-content\\\/uploads\\\/2022\\\/12\\\/citerne-souple-23.jpeg\",\"width\":800,\"height\":800},{\"@type\":\"BreadcrumbList\",\"@id\":\"https:\\\/\\\/blog.maciterneecolo.fr\\\/da\\\/5m3-fleksibel-tank\\\/#breadcrumb\",\"itemListElement\":[{\"@type\":\"ListItem\",\"position\":1,\"name\":\"Accueil\",\"item\":\"https:\\\/\\\/blog.maciterneecolo.fr\\\/da\\\/\"},{\"@type\":\"ListItem\",\"position\":2,\"name\":\"5m3 fleksibel tank\"}]},{\"@type\":\"WebSite\",\"@id\":\"https:\\\/\\\/blog.maciterneecolo.fr\\\/da\\\/#website\",\"url\":\"https:\\\/\\\/blog.maciterneecolo.fr\\\/da\\\/\",\"name\":\"Blog Ma Citerne Ecolo\",\"description\":\"Leader dans le domaine de la citerne souple d&#039;eau de pluie\",\"publisher\":{\"@id\":\"https:\\\/\\\/blog.maciterneecolo.fr\\\/da\\\/#organization\"},\"potentialAction\":[{\"@type\":\"SearchAction\",\"target\":{\"@type\":\"EntryPoint\",\"urlTemplate\":\"https:\\\/\\\/blog.maciterneecolo.fr\\\/da\\\/?s={search_term_string}\"},\"query-input\":{\"@type\":\"PropertyValueSpecification\",\"valueRequired\":true,\"valueName\":\"search_term_string\"}}],\"inLanguage\":\"da-DK\"},{\"@type\":\"Organization\",\"@id\":\"https:\\\/\\\/blog.maciterneecolo.fr\\\/da\\\/#organization\",\"name\":\"Blog Ma Citerne Ecolo\",\"url\":\"https:\\\/\\\/blog.maciterneecolo.fr\\\/da\\\/\",\"logo\":{\"@type\":\"ImageObject\",\"inLanguage\":\"da-DK\",\"@id\":\"https:\\\/\\\/blog.maciterneecolo.fr\\\/da\\\/#\\\/schema\\\/logo\\\/image\\\/\",\"url\":\"https:\\\/\\\/blog.maciterneecolo.fr\\\/wp-content\\\/uploads\\\/2022\\\/12\\\/cropped-favicon-blog.png\",\"contentUrl\":\"https:\\\/\\\/blog.maciterneecolo.fr\\\/wp-content\\\/uploads\\\/2022\\\/12\\\/cropped-favicon-blog.png\",\"width\":512,\"height\":512,\"caption\":\"Blog Ma Citerne Ecolo\"},\"image\":{\"@id\":\"https:\\\/\\\/blog.maciterneecolo.fr\\\/da\\\/#\\\/schema\\\/logo\\\/image\\\/\"}},{\"@type\":\"Person\",\"@id\":\"https:\\\/\\\/blog.maciterneecolo.fr\\\/da\\\/#\\\/schema\\\/person\\\/cfb93b191140c86292f0707edfd4b6fe\",\"name\":\"Lucile\",\"image\":{\"@type\":\"ImageObject\",\"inLanguage\":\"da-DK\",\"@id\":\"https:\\\/\\\/secure.gravatar.com\\\/avatar\\\/3c571ab7761bcc142db76a63f33a2a5ebee8b76990a871c9329e3e6df7ae9f3c?s=96&d=mm&r=g\",\"url\":\"https:\\\/\\\/secure.gravatar.com\\\/avatar\\\/3c571ab7761bcc142db76a63f33a2a5ebee8b76990a871c9329e3e6df7ae9f3c?s=96&d=mm&r=g\",\"contentUrl\":\"https:\\\/\\\/secure.gravatar.com\\\/avatar\\\/3c571ab7761bcc142db76a63f33a2a5ebee8b76990a871c9329e3e6df7ae9f3c?s=96&d=mm&r=g\",\"caption\":\"Lucile\"},\"url\":\"https:\\\/\\\/blog.maciterneecolo.fr\\\/da\\\/author\\\/lucilewerkeyn\\\/\"}]}<\/script>\n<!-- \/ Yoast SEO plugin. -->","yoast_head_json":{"title":"5m3 fleksibel tank - Blog Ma Citerne Ecolo","description":"V\u00e6lg den fleksible 5m\u00b3-tank, og vander dine gulve, reng\u00f8r din bil, fyld din pool, fodre din vaskemaskine...","robots":{"index":"index","follow":"follow","max-snippet":"max-snippet:-1","max-image-preview":"max-image-preview:large","max-video-preview":"max-video-preview:-1"},"canonical":"https:\/\/blog.maciterneecolo.fr\/da\/5m3-fleksibel-tank\/","og_locale":"da_DK","og_type":"article","og_title":"5m3 fleksibel tank - Blog Ma Citerne Ecolo","og_description":"V\u00e6lg den fleksible 5m\u00b3-tank, og vander dine gulve, reng\u00f8r din bil, fyld din pool, fodre din vaskemaskine...","og_url":"https:\/\/blog.maciterneecolo.fr\/da\/5m3-fleksibel-tank\/","og_site_name":"Blog Ma Citerne Ecolo","article_published_time":"2022-12-16T10:02:20+00:00","article_modified_time":"2023-01-10T14:19:09+00:00","og_image":[{"width":800,"height":800,"url":"https:\/\/blog.maciterneecolo.fr\/wp-content\/uploads\/2022\/12\/citerne-souple-23.jpeg","type":"image\/jpeg"}],"author":"Lucile","twitter_card":"summary_large_image","twitter_misc":{"Skrevet af":"Lucile","Estimeret l\u00e6setid":"3 minutter"},"schema":{"@context":"https:\/\/schema.org","@graph":[{"@type":"Article","@id":"https:\/\/blog.maciterneecolo.fr\/da\/5m3-fleksibel-tank\/#article","isPartOf":{"@id":"https:\/\/blog.maciterneecolo.fr\/da\/5m3-fleksibel-tank\/"},"author":{"name":"Lucile","@id":"https:\/\/blog.maciterneecolo.fr\/da\/#\/schema\/person\/cfb93b191140c86292f0707edfd4b6fe"},"headline":"5m3 fleksibel tank","datePublished":"2022-12-16T10:02:20+00:00","dateModified":"2023-01-10T14:19:09+00:00","mainEntityOfPage":{"@id":"https:\/\/blog.maciterneecolo.fr\/da\/5m3-fleksibel-tank\/"},"wordCount":658,"publisher":{"@id":"https:\/\/blog.maciterneecolo.fr\/da\/#organization"},"image":{"@id":"https:\/\/blog.maciterneecolo.fr\/da\/5m3-fleksibel-tank\/#primaryimage"},"thumbnailUrl":"https:\/\/blog.maciterneecolo.fr\/wp-content\/uploads\/2022\/12\/citerne-souple-23.jpeg","keywords":["5m3","fleksibel tank"],"articleSection":["De forskellige volumener af fleksible tanke"],"inLanguage":"da-DK"},{"@type":"WebPage","@id":"https:\/\/blog.maciterneecolo.fr\/da\/5m3-fleksibel-tank\/","url":"https:\/\/blog.maciterneecolo.fr\/da\/5m3-fleksibel-tank\/","name":"5m3 fleksibel tank - Blog Ma Citerne Ecolo","isPartOf":{"@id":"https:\/\/blog.maciterneecolo.fr\/da\/#website"},"primaryImageOfPage":{"@id":"https:\/\/blog.maciterneecolo.fr\/da\/5m3-fleksibel-tank\/#primaryimage"},"image":{"@id":"https:\/\/blog.maciterneecolo.fr\/da\/5m3-fleksibel-tank\/#primaryimage"},"thumbnailUrl":"https:\/\/blog.maciterneecolo.fr\/wp-content\/uploads\/2022\/12\/citerne-souple-23.jpeg","datePublished":"2022-12-16T10:02:20+00:00","dateModified":"2023-01-10T14:19:09+00:00","description":"V\u00e6lg den fleksible 5m\u00b3-tank, og vander dine gulve, reng\u00f8r din bil, fyld din pool, fodre din vaskemaskine...","breadcrumb":{"@id":"https:\/\/blog.maciterneecolo.fr\/da\/5m3-fleksibel-tank\/#breadcrumb"},"inLanguage":"da-DK","potentialAction":[{"@type":"ReadAction","target":["https:\/\/blog.maciterneecolo.fr\/da\/5m3-fleksibel-tank\/"]}]},{"@type":"ImageObject","inLanguage":"da-DK","@id":"https:\/\/blog.maciterneecolo.fr\/da\/5m3-fleksibel-tank\/#primaryimage","url":"https:\/\/blog.maciterneecolo.fr\/wp-content\/uploads\/2022\/12\/citerne-souple-23.jpeg","contentUrl":"https:\/\/blog.maciterneecolo.fr\/wp-content\/uploads\/2022\/12\/citerne-souple-23.jpeg","width":800,"height":800},{"@type":"BreadcrumbList","@id":"https:\/\/blog.maciterneecolo.fr\/da\/5m3-fleksibel-tank\/#breadcrumb","itemListElement":[{"@type":"ListItem","position":1,"name":"Accueil","item":"https:\/\/blog.maciterneecolo.fr\/da\/"},{"@type":"ListItem","position":2,"name":"5m3 fleksibel tank"}]},{"@type":"WebSite","@id":"https:\/\/blog.maciterneecolo.fr\/da\/#website","url":"https:\/\/blog.maciterneecolo.fr\/da\/","name":"Blog Ma Citerne Ecolo","description":"Leader dans le domaine de la citerne souple d&#039;eau de pluie","publisher":{"@id":"https:\/\/blog.maciterneecolo.fr\/da\/#organization"},"potentialAction":[{"@type":"SearchAction","target":{"@type":"EntryPoint","urlTemplate":"https:\/\/blog.maciterneecolo.fr\/da\/?s={search_term_string}"},"query-input":{"@type":"PropertyValueSpecification","valueRequired":true,"valueName":"search_term_string"}}],"inLanguage":"da-DK"},{"@type":"Organization","@id":"https:\/\/blog.maciterneecolo.fr\/da\/#organization","name":"Blog Ma Citerne Ecolo","url":"https:\/\/blog.maciterneecolo.fr\/da\/","logo":{"@type":"ImageObject","inLanguage":"da-DK","@id":"https:\/\/blog.maciterneecolo.fr\/da\/#\/schema\/logo\/image\/","url":"https:\/\/blog.maciterneecolo.fr\/wp-content\/uploads\/2022\/12\/cropped-favicon-blog.png","contentUrl":"https:\/\/blog.maciterneecolo.fr\/wp-content\/uploads\/2022\/12\/cropped-favicon-blog.png","width":512,"height":512,"caption":"Blog Ma Citerne Ecolo"},"image":{"@id":"https:\/\/blog.maciterneecolo.fr\/da\/#\/schema\/logo\/image\/"}},{"@type":"Person","@id":"https:\/\/blog.maciterneecolo.fr\/da\/#\/schema\/person\/cfb93b191140c86292f0707edfd4b6fe","name":"Lucile","image":{"@type":"ImageObject","inLanguage":"da-DK","@id":"https:\/\/secure.gravatar.com\/avatar\/3c571ab7761bcc142db76a63f33a2a5ebee8b76990a871c9329e3e6df7ae9f3c?s=96&d=mm&r=g","url":"https:\/\/secure.gravatar.com\/avatar\/3c571ab7761bcc142db76a63f33a2a5ebee8b76990a871c9329e3e6df7ae9f3c?s=96&d=mm&r=g","contentUrl":"https:\/\/secure.gravatar.com\/avatar\/3c571ab7761bcc142db76a63f33a2a5ebee8b76990a871c9329e3e6df7ae9f3c?s=96&d=mm&r=g","caption":"Lucile"},"url":"https:\/\/blog.maciterneecolo.fr\/da\/author\/lucilewerkeyn\/"}]}},"_links":{"self":[{"href":"https:\/\/blog.maciterneecolo.fr\/da\/wp-json\/wp\/v2\/posts\/2820","targetHints":{"allow":["GET"]}}],"collection":[{"href":"https:\/\/blog.maciterneecolo.fr\/da\/wp-json\/wp\/v2\/posts"}],"about":[{"href":"https:\/\/blog.maciterneecolo.fr\/da\/wp-json\/wp\/v2\/types\/post"}],"author":[{"embeddable":true,"href":"https:\/\/blog.maciterneecolo.fr\/da\/wp-json\/wp\/v2\/users\/2"}],"replies":[{"embeddable":true,"href":"https:\/\/blog.maciterneecolo.fr\/da\/wp-json\/wp\/v2\/comments?post=2820"}],"version-history":[{"count":1,"href":"https:\/\/blog.maciterneecolo.fr\/da\/wp-json\/wp\/v2\/posts\/2820\/revisions"}],"predecessor-version":[{"id":2830,"href":"https:\/\/blog.maciterneecolo.fr\/da\/wp-json\/wp\/v2\/posts\/2820\/revisions\/2830"}],"wp:featuredmedia":[{"embeddable":true,"href":"https:\/\/blog.maciterneecolo.fr\/da\/wp-json\/wp\/v2\/media\/1206"}],"wp:attachment":[{"href":"https:\/\/blog.maciterneecolo.fr\/da\/wp-json\/wp\/v2\/media?parent=2820"}],"wp:term":[{"taxonomy":"category","embeddable":true,"href":"https:\/\/blog.maciterneecolo.fr\/da\/wp-json\/wp\/v2\/categories?post=2820"},{"taxonomy":"post_tag","embeddable":true,"href":"https:\/\/blog.maciterneecolo.fr\/da\/wp-json\/wp\/v2\/tags?post=2820"}],"curies":[{"name":"wp","href":"https:\/\/api.w.org\/{rel}","templated":true}]}}