{"id":4258,"date":"2023-01-18T11:28:18","date_gmt":"2023-01-18T11:28:18","guid":{"rendered":"https:\/\/blog.maciterneecolo.fr\/hvordan-aeldes-en-blaere-af-genbrugsplast\/"},"modified":"2023-08-29T08:27:30","modified_gmt":"2023-08-29T08:27:30","slug":"hvordan-aeldes-en-blaere-af-genbrugsplast","status":"publish","type":"post","link":"https:\/\/blog.maciterneecolo.fr\/da\/hvordan-aeldes-en-blaere-af-genbrugsplast\/","title":{"rendered":"Hvordan \u00e6ldes en bl\u00e6re af genbrugsplast?"},"content":{"rendered":"\n<p>Det er sv\u00e6rt at give et pr\u00e6cist svar p\u00e5 sp\u00f8rgsm\u00e5let om, hvordan <strong>en <a href=\"https:\/\/www.maciterneecolo.fr\/fr\/3-citernes-souples\" target=\"_blank\" rel=\"noreferrer noopener\">fleksibel tank<\/a><\/strong> af <strong>genbrugsplast<\/strong> \u00e6ldes. Dette afh\u00e6nger af mange faktorer, f.eks. kvaliteten af det anvendte tekniske stof og metoderne til brug og vedligeholdelse af presenningen. De klimatiske forhold, som en selvb\u00e6rende tank uds\u00e6ttes for, har ogs\u00e5 indflydelse p\u00e5 dens <strong>levetid<\/strong>. Generelt kan en bl\u00e6re af genbrugsplast holde i 10 til 15 \u00e5r. Det er vigtigt at kontrollere tankens tilstand regelm\u00e6ssigt og at have et reparationss\u00e6t til r\u00e5dighed, hvis det er n\u00f8dvendigt.<\/p>\n\n<h2 class=\"wp-block-heading\" id=\"ybc_heading_h2_1\"><a><\/a><strong>Fleksibel PVC-tank til v\u00e6ske og regnvand: valget af en tank designet til at \u00e6ldes godt<\/strong><\/h2>\n\n<p>Bl\u00f8de tanke er <strong>fleksible vandopsamlere<\/strong>, der bruges til at opbevare og transportere v\u00e6sker p\u00e5 ethvert underlag. (bl\u00f8d eller h\u00e5rd jord). Der er tale om systemer, der opsamler hundredvis af liter regnvand og den samme m\u00e6ngde spildevand. Vores <a href=\"https:\/\/www.maciterneecolo.fr\/fr\/3-citernes-souples\" target=\"_blank\" rel=\"noreferrer noopener\">vandtanke<\/a> af genbrugsplast er fremstillet af modstandsdygtige materialer som<strong> PVC<\/strong> (polyvinylchlorid) eller polyethylen. Vores fleksible tank kan derfor bruges til mange typer v\u00e6ske, f.eks. vand. Men ogs\u00e5 kemikalier og br\u00e6ndstoffer. Selvb\u00e6rende tanke bruges is\u00e6r til <strong>mobil opbevaring<\/strong>. Fordi de nemt kan transporteres og flyttes. Vores modeller er ogs\u00e5 mere \u00f8konomiske end stive tanke og har lave vedligeholdelsesomkostninger. Desuden installeres vores <strong>v\u00e6ske- og regnvandstanke<\/strong> ofte p\u00e5 sv\u00e6rt tilg\u00e6ngelige steder. Eller til <strong>midlertidig eller permanent brug<\/strong>.<\/p>\n\n<h3 class=\"wp-block-heading\" id=\"ybc_heading_h3_2\"><a><\/a><strong>Robusthed, der forl\u00e6nger dens levetid<\/strong><\/h3>\n\n<p>Vores <strong>fleksible tank<\/strong> lavet af genbrugsplast er s\u00e6rlig robust og holdbar. Polyvinylchlorid er et syntetisk materiale, der er modstandsdygtigt over for kemiske elementer, slid og <strong>UV-str\u00e5ling<\/strong>. Det er ogs\u00e5 modstandsdygtigt over for korrosion og rust. Det g\u00f8r det til et ideelt materiale til en fritst\u00e5ende recuperator, der uds\u00e6ttes for et udend\u00f8rs milj\u00f8.<\/p>\n\n<p>Desuden er en <strong>vandopsamler<\/strong> af polyvinylchlorid ogs\u00e5 meget <strong>modstandsdygtig over for tryk<\/strong>. Vores fleksible skimmer er fremstillet til at kunne modst\u00e5 tryk p\u00e5 op til 2,5 bar. Det g\u00f8r den velegnet til h\u00f8jtryksanvendelser. Vores tanke er ideelle til opsamling af v\u00e6sker under tryk. Som f.eks. <strong>opbevaring af komprimeret gas<\/strong> eller h\u00f8jtryksv\u00e6sker.<\/p>\n\n<p>Desuden er vores discount <strong>polyvinylchlorid-tank<\/strong> ogs\u00e5 modstandsdygtig over for h\u00f8je temperaturer. Vores fleksible tank kan installeres i milj\u00f8er med temperaturer p\u00e5 op til <strong>70 grader Celsius<\/strong>. Installationen er derfor designet til at kunne modst\u00e5 h\u00f8je temperaturer b\u00e5de i og uden for tanken.<\/p>\n\n<h3 class=\"wp-block-heading\" id=\"ybc_heading_h3_3\"><a><\/a><strong>Uovertruffen holdbarhed til privat og professionel brug<\/strong><\/h3>\n\n<p>Fritst\u00e5ende reclaimere kan have en <strong>maksimal levetid<\/strong> p\u00e5 flere \u00e5r. Afh\u00e6ngigt af brug, vedligeholdelse og kvaliteten af selve tanken. Hvis du passer p\u00e5 dem, kan vores modeller holde i <strong>op til 25 \u00e5r<\/strong>, hvis du passer p\u00e5 dem.<\/p>\n\n<p>Brugen er en af de vigtigste faktorer, der bestemmer <strong>levetiden for en selvb\u00e6rende tank<\/strong>. Hvis de anvendes korrekt, og hvis de v\u00e6sker, der opbevares, er kompatible med tankmaterialet, kan dette forl\u00e6nge tankens levetid. Dette problem har du ikke med vores tank, da den kan h\u00e5ndtere<strong> spildevand fra landbrug<\/strong>, industri og vin.<\/p>\n\n<p>Vedligeholdelse er ogs\u00e5 en vigtig parameter for at forl\u00e6nge levetiden for en fleksibel tank. Det er vigtigt at kontrollere tankens tilstand regelm\u00e6ssigt. Dette g\u00f8r det muligt at opdage eventuelle skader eller potentielle l\u00e6kager. Reng\u00f8r den regelm\u00e6ssigt for at forhindre ophobning af snavs og affald. Det er ogs\u00e5 vigtigt at kontrollere det indre tryk regelm\u00e6ssigt. Dette sikrer, at den ligger inden for de gr\u00e6nser, som producenten anbefaler.<\/p>\n\n<p>Kvaliteten af selve tanken er ogs\u00e5 et vigtigt kriterium for dens maksimale levetid. Tanke, der er fremstillet af materialer af h\u00f8j kvalitet og efter h\u00f8je produktionsstandarder, har tendens til at holde l\u00e6ngere. De, der er fremstillet af ringere materialer eller efter en lavere fremstillingsstandard, holder ikke s\u00e5 l\u00e6nge.<\/p>\n\n<h2 class=\"wp-block-heading\" id=\"ybc_heading_h2_4\"><a><\/a><strong>PVC-v\u00e6ske- og regnvandstanke: det rigtige valg!<\/strong><\/h2>\n\n<p>Valget af en <a href=\"https:\/\/www.maciterneecolo.fr\/fr\/3-citernes-souples\" target=\"_blank\" rel=\"noreferrer noopener\">fleksibel vandtank<\/a> til opsamling af regnvand til hus og grund afh\u00e6nger af en r\u00e6kke faktorer: opsamlingssystemets st\u00f8rrelse, den n\u00f8dvendige m\u00e6ngde og fordelene i form af brug i hjemmet og udend\u00f8rs. Vandbehovet afh\u00e6nger af tagets overfladeareal og den m\u00e6ngde vand, du \u00f8nsker at opsamle.<\/p>\n\n<p>Hvis du har et stort tag eller \u00f8nsker at opsamle hundredvis af liter vand, skal du bruge tanke med stor kapacitet. En bl\u00f8d pose med lille kapacitet vil ikke v\u00e6re tilstr\u00e6kkelig. T\u00f8v ikke med at foretage en sammenligning med dine reelle behov.<\/p>\n\n<p>Behovet for dette afh\u00e6nger ogs\u00e5 af den anvendelse, du \u00f8nsker at g\u00f8re af det genvundne vand. Hvis du vil bruge det til at vande din k\u00f8kkenhave, skal du bruge mindre, end hvis du vil bruge det til toilettet eller vaskemaskinen. Det er vigtigt at v\u00e6lge en <strong>tank, der er egnet til<\/strong> b\u00e5de <strong>indend\u00f8rs<\/strong> og udend\u00f8rs brug.<\/p>\n\n<p> <strong>Husholdningsbrug og udend\u00f8rs brug<\/strong> bidrager til at reducere din vandregning, mindske presset p\u00e5 drikkevandsressourcerne og begr\u00e6nse milj\u00f8p\u00e5virkningen. Vores tanke er genanvendelige, s\u00e5 der er <strong>intet affald<\/strong> i slutningen af deres levetid! Det er et betydeligt aktiv, n\u00e5r man t\u00e6nker p\u00e5, at drivhusgasser produceres ved destruktion.<\/p>\n\n<h2 class=\"wp-block-heading\" id=\"ybc_heading_h2_5\"><strong>Fleksible PVC-tanke til v\u00e6sker og regnvand: V\u00e6lg det rigtige tilbeh\u00f8r!<\/strong><\/h2>\n\n<p>Regnvandsopsamlingssystemer bruges til at opbevare v\u00e6sker som f.eks. regnvand eller andre typer v\u00e6sker. Det er vigtigt at v\u00e6lge det rigtige tilbeh\u00f8r for at sikre tankens sikkerhed og effektivitet.<\/p>\n\n<h3 class=\"wp-block-heading\"><strong>Trin 1: Filteropsamleren til tagrenden<\/strong><\/h3>\n\n<p>For at begynde at opsamle regnvand skal du f\u00f8rst og fremmest bruge en <strong>tagrensefilteropsamler<\/strong>. Du skal fastg\u00f8re enheden i den h\u00f8jde, du v\u00e6lger. Det filtrerer blade, affald og andet snavs fra taget p\u00e5 dit hus. Den tagrenderamler, der er tilg\u00e6ngelig i vores butik, er specifik for installation af vores <strong>selvb\u00e6rende tank<\/strong>. Selv om et <strong>regnvandsopsamlingssystem<\/strong> af hygiejniske \u00e5rsager ikke er beregnet til f\u00f8devarebrug, er det vigtigt med en god filtrering.<\/p>\n\n<h3 class=\"wp-block-heading\"><strong>Andet trin: Spiralslange og tilslutningsventil til t\u00f8mning og p\u00e5fyldning<\/strong><\/h3>\n\n<p>Derefter skal du til t\u00f8mning og p\u00e5fyldning bruge en <strong>spiralslange<\/strong> til en tilslutningsventil, der er beregnet til dette form\u00e5l. Du kan nemt og effektivt fylde eller t\u00f8mme dine tanke. Der findes forskellige typer dr\u00e6nanordninger, der kan kombineres med en elektrisk pumpe til fritst\u00e5ende tanke, som det er tilf\u00e6ldet med den pumpe, der er til salg p\u00e5 vores <strong>online side<\/strong>. Det er vigtigt at installere dette udstyr!<\/p>\n\n<h3 class=\"wp-block-heading\"><strong>Trin 3: Sikkerhedstilbeh\u00f8r<\/strong><\/h3>\n\n<p>For det andet er det vigtigt at bruge <strong>sikkerhedstilbeh\u00f8r<\/strong> for at undg\u00e5 l\u00e6kager eller spild. I tilf\u00e6lde af vores fleksible pose til v\u00e6ske og regnvand er dette ikke n\u00f8dvendigt, da vores fleksible skimmere har en<strong> kontraventil<\/strong>. Hvis anl\u00e6gget er til en have, anbefaler vi dog, at du bruger et geotekstil til ukrudtsbek\u00e6mpelse. Men den kan ogs\u00e5 <a href=\"https:\/\/blog.maciterneecolo.fr\/da\/fleksibel-regnvandstank-til-montering-paa-betonplade\/\" target=\"_blank\" rel=\"noreferrer noopener\">installeres p\u00e5 din altan<\/a>, terrasse eller inde i dit hjem. Du kan ogs\u00e5 installere kunstgr\u00e6s som en beskyttende enhed.<\/p>\n\n<p>Vores team af r\u00e5dgivere om <strong>regnvandstanke<\/strong> hj\u00e6lper dig med at finde den rigtige PVC-regnvandstank og tilbeh\u00f8r til den rigtige anvendelse. Det er ogs\u00e5 vigtigt, at du kender <strong>reglerne i dit omr\u00e5de<\/strong> for at sikre, at din installation og dine genstande overholder alle regler. Hvis det er tilf\u00e6ldet, kan du bruge regnvandet i fred. Hvis du har et problem med dit <strong>regnvandsopsamlingssystem<\/strong>, skal du ikke t\u00f8ve med at g\u00f8re brug af vores tjenester.<\/p>\n","protected":false},"excerpt":{"rendered":"<p>Det er sv\u00e6rt at give et pr\u00e6cist svar p\u00e5 sp\u00f8rgsm\u00e5let om, hvordan en fleksibel tank af genbrugsplast \u00e6ldes. Dette afh\u00e6nger af mange faktorer, f.eks. kvaliteten af det anvendte tekniske stof og metoderne til brug og vedligeholdelse af presenningen. De klimatiske forhold, som en selvb\u00e6rende tank uds\u00e6ttes for, har ogs\u00e5 indflydelse p\u00e5 dens levetid. Generelt kan [&hellip;]<\/p>\n","protected":false},"author":2,"featured_media":4243,"comment_status":"closed","ping_status":"closed","sticky":false,"template":"","format":"standard","meta":{"inline_featured_image":false,"footnotes":""},"categories":[368],"tags":[60,1429],"class_list":["post-4258","post","type-post","status-publish","format-standard","has-post-thumbnail","hentry","category-alt-hvad-du-behover-at-vide-om-den-fleksible-tank","tag-fleksibel-tank","tag-plast"],"yoast_head":"<!-- This site is optimized with the Yoast SEO plugin v27.5 - https:\/\/yoast.com\/product\/yoast-seo-wordpress\/ -->\n<title>Hvordan \u00e6ldes en bl\u00e6re af genbrugsplast?<\/title>\n<meta name=\"description\" content=\"Find ud af, hvordan en fleksibel tank \u00e6ldes, og hvilke fordele der er ved at v\u00e6lge den frem for en traditionel tank.\" \/>\n<meta name=\"robots\" content=\"index, follow, max-snippet:-1, max-image-preview:large, max-video-preview:-1\" \/>\n<link rel=\"canonical\" href=\"https:\/\/blog.maciterneecolo.fr\/da\/hvordan-aeldes-en-blaere-af-genbrugsplast\/\" \/>\n<meta property=\"og:locale\" content=\"da_DK\" \/>\n<meta property=\"og:type\" content=\"article\" \/>\n<meta property=\"og:title\" content=\"Hvordan \u00e6ldes en bl\u00e6re af genbrugsplast?\" \/>\n<meta property=\"og:description\" content=\"Find ud af, hvordan en fleksibel tank \u00e6ldes, og hvilke fordele der er ved at v\u00e6lge den frem for en traditionel tank.\" \/>\n<meta property=\"og:url\" content=\"https:\/\/blog.maciterneecolo.fr\/da\/hvordan-aeldes-en-blaere-af-genbrugsplast\/\" \/>\n<meta property=\"og:site_name\" content=\"Blog Ma Citerne Ecolo\" \/>\n<meta property=\"article:published_time\" content=\"2023-01-18T11:28:18+00:00\" \/>\n<meta property=\"article:modified_time\" content=\"2023-08-29T08:27:30+00:00\" \/>\n<meta property=\"og:image\" content=\"https:\/\/blog.maciterneecolo.fr\/wp-content\/uploads\/2023\/01\/citerne-souple-1.jpeg\" \/>\n\t<meta property=\"og:image:width\" content=\"800\" \/>\n\t<meta property=\"og:image:height\" content=\"800\" \/>\n\t<meta property=\"og:image:type\" content=\"image\/jpeg\" \/>\n<meta name=\"author\" content=\"Lucile\" \/>\n<meta name=\"twitter:card\" content=\"summary_large_image\" \/>\n<meta name=\"twitter:label1\" content=\"Skrevet af\" \/>\n\t<meta name=\"twitter:data1\" content=\"Lucile\" \/>\n\t<meta name=\"twitter:label2\" content=\"Estimeret l\u00e6setid\" \/>\n\t<meta name=\"twitter:data2\" content=\"6 minutter\" \/>\n<script type=\"application\/ld+json\" class=\"yoast-schema-graph\">{\"@context\":\"https:\\\/\\\/schema.org\",\"@graph\":[{\"@type\":\"Article\",\"@id\":\"https:\\\/\\\/blog.maciterneecolo.fr\\\/da\\\/hvordan-aeldes-en-blaere-af-genbrugsplast\\\/#article\",\"isPartOf\":{\"@id\":\"https:\\\/\\\/blog.maciterneecolo.fr\\\/da\\\/hvordan-aeldes-en-blaere-af-genbrugsplast\\\/\"},\"author\":{\"name\":\"Lucile\",\"@id\":\"https:\\\/\\\/blog.maciterneecolo.fr\\\/da\\\/#\\\/schema\\\/person\\\/cfb93b191140c86292f0707edfd4b6fe\"},\"headline\":\"Hvordan \u00e6ldes en bl\u00e6re af genbrugsplast?\",\"datePublished\":\"2023-01-18T11:28:18+00:00\",\"dateModified\":\"2023-08-29T08:27:30+00:00\",\"mainEntityOfPage\":{\"@id\":\"https:\\\/\\\/blog.maciterneecolo.fr\\\/da\\\/hvordan-aeldes-en-blaere-af-genbrugsplast\\\/\"},\"wordCount\":1231,\"publisher\":{\"@id\":\"https:\\\/\\\/blog.maciterneecolo.fr\\\/da\\\/#organization\"},\"image\":{\"@id\":\"https:\\\/\\\/blog.maciterneecolo.fr\\\/da\\\/hvordan-aeldes-en-blaere-af-genbrugsplast\\\/#primaryimage\"},\"thumbnailUrl\":\"https:\\\/\\\/blog.maciterneecolo.fr\\\/wp-content\\\/uploads\\\/2023\\\/01\\\/citerne-souple-1.jpeg\",\"keywords\":[\"fleksibel tank\",\"plast\"],\"articleSection\":[\"Alt, hvad du beh\u00f8ver at vide om den fleksible tank\"],\"inLanguage\":\"da-DK\"},{\"@type\":\"WebPage\",\"@id\":\"https:\\\/\\\/blog.maciterneecolo.fr\\\/da\\\/hvordan-aeldes-en-blaere-af-genbrugsplast\\\/\",\"url\":\"https:\\\/\\\/blog.maciterneecolo.fr\\\/da\\\/hvordan-aeldes-en-blaere-af-genbrugsplast\\\/\",\"name\":\"Hvordan \u00e6ldes en bl\u00e6re af genbrugsplast?\",\"isPartOf\":{\"@id\":\"https:\\\/\\\/blog.maciterneecolo.fr\\\/da\\\/#website\"},\"primaryImageOfPage\":{\"@id\":\"https:\\\/\\\/blog.maciterneecolo.fr\\\/da\\\/hvordan-aeldes-en-blaere-af-genbrugsplast\\\/#primaryimage\"},\"image\":{\"@id\":\"https:\\\/\\\/blog.maciterneecolo.fr\\\/da\\\/hvordan-aeldes-en-blaere-af-genbrugsplast\\\/#primaryimage\"},\"thumbnailUrl\":\"https:\\\/\\\/blog.maciterneecolo.fr\\\/wp-content\\\/uploads\\\/2023\\\/01\\\/citerne-souple-1.jpeg\",\"datePublished\":\"2023-01-18T11:28:18+00:00\",\"dateModified\":\"2023-08-29T08:27:30+00:00\",\"description\":\"Find ud af, hvordan en fleksibel tank \u00e6ldes, og hvilke fordele der er ved at v\u00e6lge den frem for en traditionel tank.\",\"breadcrumb\":{\"@id\":\"https:\\\/\\\/blog.maciterneecolo.fr\\\/da\\\/hvordan-aeldes-en-blaere-af-genbrugsplast\\\/#breadcrumb\"},\"inLanguage\":\"da-DK\",\"potentialAction\":[{\"@type\":\"ReadAction\",\"target\":[\"https:\\\/\\\/blog.maciterneecolo.fr\\\/da\\\/hvordan-aeldes-en-blaere-af-genbrugsplast\\\/\"]}]},{\"@type\":\"ImageObject\",\"inLanguage\":\"da-DK\",\"@id\":\"https:\\\/\\\/blog.maciterneecolo.fr\\\/da\\\/hvordan-aeldes-en-blaere-af-genbrugsplast\\\/#primaryimage\",\"url\":\"https:\\\/\\\/blog.maciterneecolo.fr\\\/wp-content\\\/uploads\\\/2023\\\/01\\\/citerne-souple-1.jpeg\",\"contentUrl\":\"https:\\\/\\\/blog.maciterneecolo.fr\\\/wp-content\\\/uploads\\\/2023\\\/01\\\/citerne-souple-1.jpeg\",\"width\":800,\"height\":800,\"caption\":\"Article et image afin de conna\u00eetre comment veillit une citerne souple\"},{\"@type\":\"BreadcrumbList\",\"@id\":\"https:\\\/\\\/blog.maciterneecolo.fr\\\/da\\\/hvordan-aeldes-en-blaere-af-genbrugsplast\\\/#breadcrumb\",\"itemListElement\":[{\"@type\":\"ListItem\",\"position\":1,\"name\":\"Accueil\",\"item\":\"https:\\\/\\\/blog.maciterneecolo.fr\\\/da\\\/\"},{\"@type\":\"ListItem\",\"position\":2,\"name\":\"Hvordan \u00e6ldes en bl\u00e6re af genbrugsplast?\"}]},{\"@type\":\"WebSite\",\"@id\":\"https:\\\/\\\/blog.maciterneecolo.fr\\\/da\\\/#website\",\"url\":\"https:\\\/\\\/blog.maciterneecolo.fr\\\/da\\\/\",\"name\":\"Blog Ma Citerne Ecolo\",\"description\":\"Leader dans le domaine de la citerne souple d&#039;eau de pluie\",\"publisher\":{\"@id\":\"https:\\\/\\\/blog.maciterneecolo.fr\\\/da\\\/#organization\"},\"potentialAction\":[{\"@type\":\"SearchAction\",\"target\":{\"@type\":\"EntryPoint\",\"urlTemplate\":\"https:\\\/\\\/blog.maciterneecolo.fr\\\/da\\\/?s={search_term_string}\"},\"query-input\":{\"@type\":\"PropertyValueSpecification\",\"valueRequired\":true,\"valueName\":\"search_term_string\"}}],\"inLanguage\":\"da-DK\"},{\"@type\":\"Organization\",\"@id\":\"https:\\\/\\\/blog.maciterneecolo.fr\\\/da\\\/#organization\",\"name\":\"Blog Ma Citerne Ecolo\",\"url\":\"https:\\\/\\\/blog.maciterneecolo.fr\\\/da\\\/\",\"logo\":{\"@type\":\"ImageObject\",\"inLanguage\":\"da-DK\",\"@id\":\"https:\\\/\\\/blog.maciterneecolo.fr\\\/da\\\/#\\\/schema\\\/logo\\\/image\\\/\",\"url\":\"https:\\\/\\\/blog.maciterneecolo.fr\\\/wp-content\\\/uploads\\\/2022\\\/12\\\/cropped-favicon-blog.png\",\"contentUrl\":\"https:\\\/\\\/blog.maciterneecolo.fr\\\/wp-content\\\/uploads\\\/2022\\\/12\\\/cropped-favicon-blog.png\",\"width\":512,\"height\":512,\"caption\":\"Blog Ma Citerne Ecolo\"},\"image\":{\"@id\":\"https:\\\/\\\/blog.maciterneecolo.fr\\\/da\\\/#\\\/schema\\\/logo\\\/image\\\/\"}},{\"@type\":\"Person\",\"@id\":\"https:\\\/\\\/blog.maciterneecolo.fr\\\/da\\\/#\\\/schema\\\/person\\\/cfb93b191140c86292f0707edfd4b6fe\",\"name\":\"Lucile\",\"image\":{\"@type\":\"ImageObject\",\"inLanguage\":\"da-DK\",\"@id\":\"https:\\\/\\\/secure.gravatar.com\\\/avatar\\\/3c571ab7761bcc142db76a63f33a2a5ebee8b76990a871c9329e3e6df7ae9f3c?s=96&d=mm&r=g\",\"url\":\"https:\\\/\\\/secure.gravatar.com\\\/avatar\\\/3c571ab7761bcc142db76a63f33a2a5ebee8b76990a871c9329e3e6df7ae9f3c?s=96&d=mm&r=g\",\"contentUrl\":\"https:\\\/\\\/secure.gravatar.com\\\/avatar\\\/3c571ab7761bcc142db76a63f33a2a5ebee8b76990a871c9329e3e6df7ae9f3c?s=96&d=mm&r=g\",\"caption\":\"Lucile\"},\"url\":\"https:\\\/\\\/blog.maciterneecolo.fr\\\/da\\\/author\\\/lucilewerkeyn\\\/\"}]}<\/script>\n<!-- \/ Yoast SEO plugin. -->","yoast_head_json":{"title":"Hvordan \u00e6ldes en bl\u00e6re af genbrugsplast?","description":"Find ud af, hvordan en fleksibel tank \u00e6ldes, og hvilke fordele der er ved at v\u00e6lge den frem for en traditionel tank.","robots":{"index":"index","follow":"follow","max-snippet":"max-snippet:-1","max-image-preview":"max-image-preview:large","max-video-preview":"max-video-preview:-1"},"canonical":"https:\/\/blog.maciterneecolo.fr\/da\/hvordan-aeldes-en-blaere-af-genbrugsplast\/","og_locale":"da_DK","og_type":"article","og_title":"Hvordan \u00e6ldes en bl\u00e6re af genbrugsplast?","og_description":"Find ud af, hvordan en fleksibel tank \u00e6ldes, og hvilke fordele der er ved at v\u00e6lge den frem for en traditionel tank.","og_url":"https:\/\/blog.maciterneecolo.fr\/da\/hvordan-aeldes-en-blaere-af-genbrugsplast\/","og_site_name":"Blog Ma Citerne Ecolo","article_published_time":"2023-01-18T11:28:18+00:00","article_modified_time":"2023-08-29T08:27:30+00:00","og_image":[{"width":800,"height":800,"url":"https:\/\/blog.maciterneecolo.fr\/wp-content\/uploads\/2023\/01\/citerne-souple-1.jpeg","type":"image\/jpeg"}],"author":"Lucile","twitter_card":"summary_large_image","twitter_misc":{"Skrevet af":"Lucile","Estimeret l\u00e6setid":"6 minutter"},"schema":{"@context":"https:\/\/schema.org","@graph":[{"@type":"Article","@id":"https:\/\/blog.maciterneecolo.fr\/da\/hvordan-aeldes-en-blaere-af-genbrugsplast\/#article","isPartOf":{"@id":"https:\/\/blog.maciterneecolo.fr\/da\/hvordan-aeldes-en-blaere-af-genbrugsplast\/"},"author":{"name":"Lucile","@id":"https:\/\/blog.maciterneecolo.fr\/da\/#\/schema\/person\/cfb93b191140c86292f0707edfd4b6fe"},"headline":"Hvordan \u00e6ldes en bl\u00e6re af genbrugsplast?","datePublished":"2023-01-18T11:28:18+00:00","dateModified":"2023-08-29T08:27:30+00:00","mainEntityOfPage":{"@id":"https:\/\/blog.maciterneecolo.fr\/da\/hvordan-aeldes-en-blaere-af-genbrugsplast\/"},"wordCount":1231,"publisher":{"@id":"https:\/\/blog.maciterneecolo.fr\/da\/#organization"},"image":{"@id":"https:\/\/blog.maciterneecolo.fr\/da\/hvordan-aeldes-en-blaere-af-genbrugsplast\/#primaryimage"},"thumbnailUrl":"https:\/\/blog.maciterneecolo.fr\/wp-content\/uploads\/2023\/01\/citerne-souple-1.jpeg","keywords":["fleksibel tank","plast"],"articleSection":["Alt, hvad du beh\u00f8ver at vide om den fleksible tank"],"inLanguage":"da-DK"},{"@type":"WebPage","@id":"https:\/\/blog.maciterneecolo.fr\/da\/hvordan-aeldes-en-blaere-af-genbrugsplast\/","url":"https:\/\/blog.maciterneecolo.fr\/da\/hvordan-aeldes-en-blaere-af-genbrugsplast\/","name":"Hvordan \u00e6ldes en bl\u00e6re af genbrugsplast?","isPartOf":{"@id":"https:\/\/blog.maciterneecolo.fr\/da\/#website"},"primaryImageOfPage":{"@id":"https:\/\/blog.maciterneecolo.fr\/da\/hvordan-aeldes-en-blaere-af-genbrugsplast\/#primaryimage"},"image":{"@id":"https:\/\/blog.maciterneecolo.fr\/da\/hvordan-aeldes-en-blaere-af-genbrugsplast\/#primaryimage"},"thumbnailUrl":"https:\/\/blog.maciterneecolo.fr\/wp-content\/uploads\/2023\/01\/citerne-souple-1.jpeg","datePublished":"2023-01-18T11:28:18+00:00","dateModified":"2023-08-29T08:27:30+00:00","description":"Find ud af, hvordan en fleksibel tank \u00e6ldes, og hvilke fordele der er ved at v\u00e6lge den frem for en traditionel tank.","breadcrumb":{"@id":"https:\/\/blog.maciterneecolo.fr\/da\/hvordan-aeldes-en-blaere-af-genbrugsplast\/#breadcrumb"},"inLanguage":"da-DK","potentialAction":[{"@type":"ReadAction","target":["https:\/\/blog.maciterneecolo.fr\/da\/hvordan-aeldes-en-blaere-af-genbrugsplast\/"]}]},{"@type":"ImageObject","inLanguage":"da-DK","@id":"https:\/\/blog.maciterneecolo.fr\/da\/hvordan-aeldes-en-blaere-af-genbrugsplast\/#primaryimage","url":"https:\/\/blog.maciterneecolo.fr\/wp-content\/uploads\/2023\/01\/citerne-souple-1.jpeg","contentUrl":"https:\/\/blog.maciterneecolo.fr\/wp-content\/uploads\/2023\/01\/citerne-souple-1.jpeg","width":800,"height":800,"caption":"Article et image afin de conna\u00eetre comment veillit une citerne souple"},{"@type":"BreadcrumbList","@id":"https:\/\/blog.maciterneecolo.fr\/da\/hvordan-aeldes-en-blaere-af-genbrugsplast\/#breadcrumb","itemListElement":[{"@type":"ListItem","position":1,"name":"Accueil","item":"https:\/\/blog.maciterneecolo.fr\/da\/"},{"@type":"ListItem","position":2,"name":"Hvordan \u00e6ldes en bl\u00e6re af genbrugsplast?"}]},{"@type":"WebSite","@id":"https:\/\/blog.maciterneecolo.fr\/da\/#website","url":"https:\/\/blog.maciterneecolo.fr\/da\/","name":"Blog Ma Citerne Ecolo","description":"Leader dans le domaine de la citerne souple d&#039;eau de pluie","publisher":{"@id":"https:\/\/blog.maciterneecolo.fr\/da\/#organization"},"potentialAction":[{"@type":"SearchAction","target":{"@type":"EntryPoint","urlTemplate":"https:\/\/blog.maciterneecolo.fr\/da\/?s={search_term_string}"},"query-input":{"@type":"PropertyValueSpecification","valueRequired":true,"valueName":"search_term_string"}}],"inLanguage":"da-DK"},{"@type":"Organization","@id":"https:\/\/blog.maciterneecolo.fr\/da\/#organization","name":"Blog Ma Citerne Ecolo","url":"https:\/\/blog.maciterneecolo.fr\/da\/","logo":{"@type":"ImageObject","inLanguage":"da-DK","@id":"https:\/\/blog.maciterneecolo.fr\/da\/#\/schema\/logo\/image\/","url":"https:\/\/blog.maciterneecolo.fr\/wp-content\/uploads\/2022\/12\/cropped-favicon-blog.png","contentUrl":"https:\/\/blog.maciterneecolo.fr\/wp-content\/uploads\/2022\/12\/cropped-favicon-blog.png","width":512,"height":512,"caption":"Blog Ma Citerne Ecolo"},"image":{"@id":"https:\/\/blog.maciterneecolo.fr\/da\/#\/schema\/logo\/image\/"}},{"@type":"Person","@id":"https:\/\/blog.maciterneecolo.fr\/da\/#\/schema\/person\/cfb93b191140c86292f0707edfd4b6fe","name":"Lucile","image":{"@type":"ImageObject","inLanguage":"da-DK","@id":"https:\/\/secure.gravatar.com\/avatar\/3c571ab7761bcc142db76a63f33a2a5ebee8b76990a871c9329e3e6df7ae9f3c?s=96&d=mm&r=g","url":"https:\/\/secure.gravatar.com\/avatar\/3c571ab7761bcc142db76a63f33a2a5ebee8b76990a871c9329e3e6df7ae9f3c?s=96&d=mm&r=g","contentUrl":"https:\/\/secure.gravatar.com\/avatar\/3c571ab7761bcc142db76a63f33a2a5ebee8b76990a871c9329e3e6df7ae9f3c?s=96&d=mm&r=g","caption":"Lucile"},"url":"https:\/\/blog.maciterneecolo.fr\/da\/author\/lucilewerkeyn\/"}]}},"_links":{"self":[{"href":"https:\/\/blog.maciterneecolo.fr\/da\/wp-json\/wp\/v2\/posts\/4258","targetHints":{"allow":["GET"]}}],"collection":[{"href":"https:\/\/blog.maciterneecolo.fr\/da\/wp-json\/wp\/v2\/posts"}],"about":[{"href":"https:\/\/blog.maciterneecolo.fr\/da\/wp-json\/wp\/v2\/types\/post"}],"author":[{"embeddable":true,"href":"https:\/\/blog.maciterneecolo.fr\/da\/wp-json\/wp\/v2\/users\/2"}],"replies":[{"embeddable":true,"href":"https:\/\/blog.maciterneecolo.fr\/da\/wp-json\/wp\/v2\/comments?post=4258"}],"version-history":[{"count":6,"href":"https:\/\/blog.maciterneecolo.fr\/da\/wp-json\/wp\/v2\/posts\/4258\/revisions"}],"predecessor-version":[{"id":8908,"href":"https:\/\/blog.maciterneecolo.fr\/da\/wp-json\/wp\/v2\/posts\/4258\/revisions\/8908"}],"wp:featuredmedia":[{"embeddable":true,"href":"https:\/\/blog.maciterneecolo.fr\/da\/wp-json\/wp\/v2\/media\/4243"}],"wp:attachment":[{"href":"https:\/\/blog.maciterneecolo.fr\/da\/wp-json\/wp\/v2\/media?parent=4258"}],"wp:term":[{"taxonomy":"category","embeddable":true,"href":"https:\/\/blog.maciterneecolo.fr\/da\/wp-json\/wp\/v2\/categories?post=4258"},{"taxonomy":"post_tag","embeddable":true,"href":"https:\/\/blog.maciterneecolo.fr\/da\/wp-json\/wp\/v2\/tags?post=4258"}],"curies":[{"name":"wp","href":"https:\/\/api.w.org\/{rel}","templated":true}]}}