{"id":4942,"date":"2023-01-31T08:26:57","date_gmt":"2023-01-31T08:26:57","guid":{"rendered":"https:\/\/blog.maciterneecolo.fr\/fleksibel-opbevaringstank-til-opsamling\/"},"modified":"2023-08-03T10:13:35","modified_gmt":"2023-08-03T10:13:35","slug":"fleksibel-opbevaringstank-til-opsamling","status":"publish","type":"post","link":"https:\/\/blog.maciterneecolo.fr\/da\/fleksibel-opbevaringstank-til-opsamling\/","title":{"rendered":"Fleksibel opbevaringstank til opsamling"},"content":{"rendered":"\n<p>Ejer du en <strong>pickup<\/strong>, og vil du bruge den til at <strong>opbevare og transportere litervis af regnvand eller en anden v\u00e6ske<\/strong>? Det er et f\u00f8lsomt projekt, som kr\u00e6ver, at vi leverer en fleksibel tank, der er egnet til dette form\u00e5l. Tanken af h\u00f8jstyrke i genbrugsplast er et f\u00f8rste valg som fleksibel tank til dit regnvand. L\u00e6s denne artikel, og du vil hurtigt forst\u00e5, hvorfor du skal investere i en <strong><a href=\"https:\/\/www.maciterneecolo.fr\/fr\/3-citernes-souples\" target=\"_blank\" rel=\"noreferrer noopener\">fleksibel PVC-tank<\/a><\/strong> til <strong>opbevaring og transport i Frankrig!<\/strong>   <\/p>\n\n<h2 class=\"wp-block-heading\"><a><\/a><strong>Valg af en fleksibel tank til din pick-up i Frankrig<\/strong><\/h2>\n\n<p>Det bliver mere og mere almindeligt at bruge <strong>fleksible PVC-tanke<\/strong>. Som en l\u00f8sning til opbevaring af regnvand og spildevand. De forskellige tanke, vi leverer, har mange fordele i forhold til traditionelle stive tanke. En fleksibel opsamlingstank er en PVC-tank, der bruges til opbevaring af vand eller andre v\u00e6sker.<\/p>\n\n<p>Vores <strong>billige tank<\/strong> kan bruges til at <strong>opsamle tusindvis af liter regnvand<\/strong>. Den bruges ogs\u00e5 til kunstvanding, brandslukning, transport og som reservoir til mange liter drikkevand. Fleksible tanke kan have forskellig kapacitet i liter og <strong>forskellige st\u00f8rrelser<\/strong> afh\u00e6ngigt af den valgte model. Prisen afh\u00e6nger af <strong>produktets<\/strong> kapacitet, dimensioner og <strong>kvalitet<\/strong>. Det er vigtigt at kontrollere modstanden i denne f\u00f8rst. Derefter v\u00e6skernes kompatibilitet til en bestemt anvendelse, s\u00e5som opbevaring af spildevand, g\u00f8dning eller spildevand.<\/p>\n\n<p>Det anbefales, at du konsulterer flere steder for at sammenligne <strong>omkostningerne ved at installere dine produkter og ekstra udstyr<\/strong>. Dette g\u00e6lder for pumpen eller for t\u00f8mningsventilen og p\u00e5fyldningsventilen.<\/p>\n\n<h3 class=\"wp-block-heading\"><strong>Hvad er fordelene ved at installere en regnvandstank i min pick-up?<\/strong><\/h3>\n\n<p>Den st\u00f8rste fordel ved at installere en <strong>tank i en pick-up til opbevaring af regnvand<\/strong> er, at det kan opsamles og opbevares p\u00e5 en effektiv og billig m\u00e5de. Du vil have en reserve til et permanent behov. Det er praktisk, hvis dette regnvand eller drikkevand skal transporteres. Den <strong>selvb\u00e6rende tank<\/strong>, som vi leverer, er nem at installere og flytte. Dette er ikke tilf\u00e6ldet med stive tanke, som ogs\u00e5 fylder meget mere. Desuden er de <strong>fleksible tanke<\/strong> modstandsdygtige over for l\u00e6kager og brud. Vores tekniske tekstiltanke kan bruges til at opbevare vand til en r\u00e6kke forskellige form\u00e5l. S\u00e5som at<strong>vande haver<\/strong> eller<strong>fodre dyr<\/strong>.<\/p>\n\n<h3 class=\"wp-block-heading\"><strong>Kan et pickup-k\u00f8ret\u00f8j opbevare eller transportere andre v\u00e6sker med vores fleksible tank?<\/strong><\/h3>\n\n<p><strong>\n  <a href=\"https:\/\/www.maciterneecolo.fr\/fr\/3-citernes-souples\" target=\"_blank\" rel=\"noreferrer noopener\">fleksibel tank<\/a>\n<\/strong><strong>Pick-up transporttanken <\/strong>, som leveres i hele Frankrig, er beregnet til transport af vand (eller kulbrinter) om bord p\u00e5 transportk\u00f8ret\u00f8jer eller lastbiler. Det er muligt at <strong>opbevare<\/strong> eller <strong>transportere<\/strong> andre v\u00e6sker (f.eks. g\u00f8dning eller br\u00e6ndselsolie) i et pick-up k\u00f8ret\u00f8j med en fleksibel tank. Men det er vigtigt at kontrollere, at v\u00e6skerne er kompatible med tankens reservoir. For det f\u00f8rste skal tanken v\u00e6re vandt\u00e6t for at forhindre spild. Det er ogs\u00e5 n\u00f8dvendigt at sikre, at de <strong>v\u00e6sker, der transporteres<\/strong>, er godkendt som farlige materialer. S\u00e5 du er n\u00f8dt til at overholde de <strong>sikkerheds-<\/strong> og <strong>transportregler<\/strong>, der g\u00e6lder for den model, du k\u00f8ber. Vores tank er <strong>ISO-certificeret<\/strong>.<\/p>\n\n<h3 class=\"wp-block-heading\"><a><\/a><strong>Hvorfor skal du investere i en fleksibel tank?  <\/strong><\/h3>\n\n<p>Der er mange grunde til, at det kan v\u00e6re klogt at k\u00f8be den type bl\u00e6re, som<strong> du leverer<\/strong>. Listen er omfattende!  <\/p>\n\n<h3 class=\"wp-block-heading\"><strong>Nem installation af tanken<\/strong>:  <\/h3>\n\n<p>De <a href=\"https:\/\/www.maciterneecolo.fr\/fr\/3-citernes-souples\" target=\"_blank\" rel=\"noreferrer noopener\">selvb\u00e6rende tanke<\/a>, vi leverer, er meget lettere end stive tanke. Det g\u00f8r dem lettere at installere og flytte. De kan ogs\u00e5 installeres p\u00e5 trange steder eller p\u00e5 steder, der er sv\u00e6re at komme til.<\/p>\n\n<h3 class=\"wp-block-heading\"><br\/><strong>Tankens modstandsdygtighed over for d\u00e5rligt vejr<\/strong>:  <\/h3>\n\n<p>De fleksible tanke, vi leverer, er meget modstandsdygtige over for slag og vejrlig, herunder frost, sne, vind og sol.<\/p>\n\n<h3 class=\"wp-block-heading\"><br\/><strong>Vandrekuperatorens holdbarhed :<\/strong> <\/h3>\n\n<p>De fritst\u00e5ende tanke, vi leverer, er lavet af genbrugsplast, hvilket g\u00f8r dem \u00f8kologiske og milj\u00f8venlige.<\/p>\n\n<h3 class=\"wp-block-heading\"><br\/><strong>Lave vedligeholdelses- og driftsomkostninger for den fleksible tank<\/strong>:  <\/h3>\n\n<p>De fleksible tanke, vi leverer, er nemme at vedligeholde og reng\u00f8re, hvilket g\u00f8r dem mere \u00f8konomiske end traditionelle stive tanke.<\/p>\n\n<h3 class=\"wp-block-heading\"><br\/><strong>Positiv milj\u00f8p\u00e5virkning takket v\u00e6re den fleksible tank<\/strong>:  <\/h3>\n\n<p>De fleksible vandopsamlere, vi leverer, er fremstillet af genbrugsplast, hvilket er med til at reducere affaldsm\u00e6ngden og beskytte milj\u00f8et.<\/p>\n\n<h3 class=\"wp-block-heading\"><br\/><strong>Renhed af vandet i den fleksible vandopsamler<\/strong>:  <\/h3>\n\n<p>De selvb\u00e6rende tanke, vi leverer, garanterer renheden af det regnvand, der opbevares i dem. Vores fleksible tank er svampedr\u00e6bende og antibakteriel, s\u00e5 vandet ikke bliver gr\u00f8nt i tanken. Akvariet kan ikke indeholde alger og forurene vandet. Vores akvarium er heller ikke egnet til myggelarver.<\/p>\n\n<h3 class=\"wp-block-heading\"><br\/><strong>Fleksibel tanksikkerhed<\/strong>:  <\/h3>\n\n<p>De fleksible tanke, vi leverer, har ikke l\u00e5g, hvilket er den bedste m\u00e5de at forhindre katte i at klatre op p\u00e5 tanken, falde i vandet og drukne.<\/p>\n\n<h3 class=\"wp-block-heading\"><br\/><strong>Vandt\u00e6thed af den fleksible tank<\/strong>:  <\/h3>\n\n<p>De selvb\u00e6rende tanke, vi leverer, er vandt\u00e6tte. Det er et opbevaringsprodukt, der forhindrer udsivning af regnvand og drikkevand eller andre v\u00e6sker fra tanken.<\/p>\n\n<p>  <\/p>\n\n<p>Kort sagt, at investere i en fleksibel <a href=\"https:\/\/www.maciterneecolo.fr\/fr\/\" target=\"_blank\" rel=\"noreferrer noopener\">tank<\/a> er en beslutning, der ikke kun er i tr\u00e5d med de aktuelle \u00f8kologiske bekymringer, men ogs\u00e5 er praktisk, \u00f8konomisk og sikker. Vores fleksible tanke udm\u00e6rker sig ved deres brugervenlighed, holdbarhed og respekt for milj\u00f8et, hvilket g\u00f8r dem til et vigtigt valg for alle, der \u00f8nsker at optimere deres vandh\u00e5ndtering.<\/p>\n","protected":false},"excerpt":{"rendered":"<p>Ejer du en pickup, og vil du bruge den til at opbevare og transportere litervis af regnvand eller en anden v\u00e6ske? Det er et f\u00f8lsomt projekt, som kr\u00e6ver, at vi leverer en fleksibel tank, der er egnet til dette form\u00e5l. Tanken af h\u00f8jstyrke i genbrugsplast er et f\u00f8rste valg som fleksibel tank til dit regnvand. [&hellip;]<\/p>\n","protected":false},"author":2,"featured_media":4925,"comment_status":"closed","ping_status":"closed","sticky":false,"template":"","format":"standard","meta":{"inline_featured_image":false,"footnotes":""},"categories":[368],"tags":[1628,60,303],"class_list":["post-4942","post","type-post","status-publish","format-standard","has-post-thumbnail","hentry","category-alt-hvad-du-behover-at-vide-om-den-fleksible-tank","tag-afhentning","tag-fleksibel-tank","tag-opbevaring"],"yoast_head":"<!-- This site is optimized with the Yoast SEO plugin v27.5 - https:\/\/yoast.com\/product\/yoast-seo-wordpress\/ -->\n<title>Fleksibel opbevaringstank til opsamling - Blog Ma Citerne Ecolo<\/title>\n<meta name=\"description\" content=\"Har du en pickup, og vil du bruge den til at opbevare og transportere regnvand? Vi introducerer den fleksible tank til opsamling ...\" \/>\n<meta name=\"robots\" content=\"index, follow, max-snippet:-1, max-image-preview:large, max-video-preview:-1\" \/>\n<link rel=\"canonical\" href=\"https:\/\/blog.maciterneecolo.fr\/da\/fleksibel-opbevaringstank-til-opsamling\/\" \/>\n<meta property=\"og:locale\" content=\"da_DK\" \/>\n<meta property=\"og:type\" content=\"article\" \/>\n<meta property=\"og:title\" content=\"Fleksibel opbevaringstank til opsamling - Blog Ma Citerne Ecolo\" \/>\n<meta property=\"og:description\" content=\"Har du en pickup, og vil du bruge den til at opbevare og transportere regnvand? Vi introducerer den fleksible tank til opsamling ...\" \/>\n<meta property=\"og:url\" content=\"https:\/\/blog.maciterneecolo.fr\/da\/fleksibel-opbevaringstank-til-opsamling\/\" \/>\n<meta property=\"og:site_name\" content=\"Blog Ma Citerne Ecolo\" \/>\n<meta property=\"article:published_time\" content=\"2023-01-31T08:26:57+00:00\" \/>\n<meta property=\"article:modified_time\" content=\"2023-08-03T10:13:35+00:00\" \/>\n<meta property=\"og:image\" content=\"https:\/\/blog.maciterneecolo.fr\/wp-content\/uploads\/2023\/01\/citerne-souple-5.jpeg\" \/>\n\t<meta property=\"og:image:width\" content=\"800\" \/>\n\t<meta property=\"og:image:height\" content=\"800\" \/>\n\t<meta property=\"og:image:type\" content=\"image\/jpeg\" \/>\n<meta name=\"author\" content=\"Lucile\" \/>\n<meta name=\"twitter:card\" content=\"summary_large_image\" \/>\n<meta name=\"twitter:label1\" content=\"Skrevet af\" \/>\n\t<meta name=\"twitter:data1\" content=\"Lucile\" \/>\n\t<meta name=\"twitter:label2\" content=\"Estimeret l\u00e6setid\" \/>\n\t<meta name=\"twitter:data2\" content=\"4 minutter\" \/>\n<script type=\"application\/ld+json\" class=\"yoast-schema-graph\">{\"@context\":\"https:\\\/\\\/schema.org\",\"@graph\":[{\"@type\":\"Article\",\"@id\":\"https:\\\/\\\/blog.maciterneecolo.fr\\\/da\\\/fleksibel-opbevaringstank-til-opsamling\\\/#article\",\"isPartOf\":{\"@id\":\"https:\\\/\\\/blog.maciterneecolo.fr\\\/da\\\/fleksibel-opbevaringstank-til-opsamling\\\/\"},\"author\":{\"name\":\"Lucile\",\"@id\":\"https:\\\/\\\/blog.maciterneecolo.fr\\\/da\\\/#\\\/schema\\\/person\\\/cfb93b191140c86292f0707edfd4b6fe\"},\"headline\":\"Fleksibel opbevaringstank til opsamling\",\"datePublished\":\"2023-01-31T08:26:57+00:00\",\"dateModified\":\"2023-08-03T10:13:35+00:00\",\"mainEntityOfPage\":{\"@id\":\"https:\\\/\\\/blog.maciterneecolo.fr\\\/da\\\/fleksibel-opbevaringstank-til-opsamling\\\/\"},\"wordCount\":877,\"publisher\":{\"@id\":\"https:\\\/\\\/blog.maciterneecolo.fr\\\/da\\\/#organization\"},\"image\":{\"@id\":\"https:\\\/\\\/blog.maciterneecolo.fr\\\/da\\\/fleksibel-opbevaringstank-til-opsamling\\\/#primaryimage\"},\"thumbnailUrl\":\"https:\\\/\\\/blog.maciterneecolo.fr\\\/wp-content\\\/uploads\\\/2023\\\/01\\\/citerne-souple-5.jpeg\",\"keywords\":[\"afhentning\",\"fleksibel tank\",\"opbevaring\"],\"articleSection\":[\"Alt, hvad du beh\u00f8ver at vide om den fleksible tank\"],\"inLanguage\":\"da-DK\"},{\"@type\":\"WebPage\",\"@id\":\"https:\\\/\\\/blog.maciterneecolo.fr\\\/da\\\/fleksibel-opbevaringstank-til-opsamling\\\/\",\"url\":\"https:\\\/\\\/blog.maciterneecolo.fr\\\/da\\\/fleksibel-opbevaringstank-til-opsamling\\\/\",\"name\":\"Fleksibel opbevaringstank til opsamling - Blog Ma Citerne Ecolo\",\"isPartOf\":{\"@id\":\"https:\\\/\\\/blog.maciterneecolo.fr\\\/da\\\/#website\"},\"primaryImageOfPage\":{\"@id\":\"https:\\\/\\\/blog.maciterneecolo.fr\\\/da\\\/fleksibel-opbevaringstank-til-opsamling\\\/#primaryimage\"},\"image\":{\"@id\":\"https:\\\/\\\/blog.maciterneecolo.fr\\\/da\\\/fleksibel-opbevaringstank-til-opsamling\\\/#primaryimage\"},\"thumbnailUrl\":\"https:\\\/\\\/blog.maciterneecolo.fr\\\/wp-content\\\/uploads\\\/2023\\\/01\\\/citerne-souple-5.jpeg\",\"datePublished\":\"2023-01-31T08:26:57+00:00\",\"dateModified\":\"2023-08-03T10:13:35+00:00\",\"description\":\"Har du en pickup, og vil du bruge den til at opbevare og transportere regnvand? Vi introducerer den fleksible tank til opsamling ...\",\"breadcrumb\":{\"@id\":\"https:\\\/\\\/blog.maciterneecolo.fr\\\/da\\\/fleksibel-opbevaringstank-til-opsamling\\\/#breadcrumb\"},\"inLanguage\":\"da-DK\",\"potentialAction\":[{\"@type\":\"ReadAction\",\"target\":[\"https:\\\/\\\/blog.maciterneecolo.fr\\\/da\\\/fleksibel-opbevaringstank-til-opsamling\\\/\"]}]},{\"@type\":\"ImageObject\",\"inLanguage\":\"da-DK\",\"@id\":\"https:\\\/\\\/blog.maciterneecolo.fr\\\/da\\\/fleksibel-opbevaringstank-til-opsamling\\\/#primaryimage\",\"url\":\"https:\\\/\\\/blog.maciterneecolo.fr\\\/wp-content\\\/uploads\\\/2023\\\/01\\\/citerne-souple-5.jpeg\",\"contentUrl\":\"https:\\\/\\\/blog.maciterneecolo.fr\\\/wp-content\\\/uploads\\\/2023\\\/01\\\/citerne-souple-5.jpeg\",\"width\":800,\"height\":800},{\"@type\":\"BreadcrumbList\",\"@id\":\"https:\\\/\\\/blog.maciterneecolo.fr\\\/da\\\/fleksibel-opbevaringstank-til-opsamling\\\/#breadcrumb\",\"itemListElement\":[{\"@type\":\"ListItem\",\"position\":1,\"name\":\"Accueil\",\"item\":\"https:\\\/\\\/blog.maciterneecolo.fr\\\/da\\\/\"},{\"@type\":\"ListItem\",\"position\":2,\"name\":\"Fleksibel opbevaringstank til opsamling\"}]},{\"@type\":\"WebSite\",\"@id\":\"https:\\\/\\\/blog.maciterneecolo.fr\\\/da\\\/#website\",\"url\":\"https:\\\/\\\/blog.maciterneecolo.fr\\\/da\\\/\",\"name\":\"Blog Ma Citerne Ecolo\",\"description\":\"Leader dans le domaine de la citerne souple d&#039;eau de pluie\",\"publisher\":{\"@id\":\"https:\\\/\\\/blog.maciterneecolo.fr\\\/da\\\/#organization\"},\"potentialAction\":[{\"@type\":\"SearchAction\",\"target\":{\"@type\":\"EntryPoint\",\"urlTemplate\":\"https:\\\/\\\/blog.maciterneecolo.fr\\\/da\\\/?s={search_term_string}\"},\"query-input\":{\"@type\":\"PropertyValueSpecification\",\"valueRequired\":true,\"valueName\":\"search_term_string\"}}],\"inLanguage\":\"da-DK\"},{\"@type\":\"Organization\",\"@id\":\"https:\\\/\\\/blog.maciterneecolo.fr\\\/da\\\/#organization\",\"name\":\"Blog Ma Citerne Ecolo\",\"url\":\"https:\\\/\\\/blog.maciterneecolo.fr\\\/da\\\/\",\"logo\":{\"@type\":\"ImageObject\",\"inLanguage\":\"da-DK\",\"@id\":\"https:\\\/\\\/blog.maciterneecolo.fr\\\/da\\\/#\\\/schema\\\/logo\\\/image\\\/\",\"url\":\"https:\\\/\\\/blog.maciterneecolo.fr\\\/wp-content\\\/uploads\\\/2022\\\/12\\\/cropped-favicon-blog.png\",\"contentUrl\":\"https:\\\/\\\/blog.maciterneecolo.fr\\\/wp-content\\\/uploads\\\/2022\\\/12\\\/cropped-favicon-blog.png\",\"width\":512,\"height\":512,\"caption\":\"Blog Ma Citerne Ecolo\"},\"image\":{\"@id\":\"https:\\\/\\\/blog.maciterneecolo.fr\\\/da\\\/#\\\/schema\\\/logo\\\/image\\\/\"}},{\"@type\":\"Person\",\"@id\":\"https:\\\/\\\/blog.maciterneecolo.fr\\\/da\\\/#\\\/schema\\\/person\\\/cfb93b191140c86292f0707edfd4b6fe\",\"name\":\"Lucile\",\"image\":{\"@type\":\"ImageObject\",\"inLanguage\":\"da-DK\",\"@id\":\"https:\\\/\\\/secure.gravatar.com\\\/avatar\\\/3c571ab7761bcc142db76a63f33a2a5ebee8b76990a871c9329e3e6df7ae9f3c?s=96&d=mm&r=g\",\"url\":\"https:\\\/\\\/secure.gravatar.com\\\/avatar\\\/3c571ab7761bcc142db76a63f33a2a5ebee8b76990a871c9329e3e6df7ae9f3c?s=96&d=mm&r=g\",\"contentUrl\":\"https:\\\/\\\/secure.gravatar.com\\\/avatar\\\/3c571ab7761bcc142db76a63f33a2a5ebee8b76990a871c9329e3e6df7ae9f3c?s=96&d=mm&r=g\",\"caption\":\"Lucile\"},\"url\":\"https:\\\/\\\/blog.maciterneecolo.fr\\\/da\\\/author\\\/lucilewerkeyn\\\/\"}]}<\/script>\n<!-- \/ Yoast SEO plugin. -->","yoast_head_json":{"title":"Fleksibel opbevaringstank til opsamling - Blog Ma Citerne Ecolo","description":"Har du en pickup, og vil du bruge den til at opbevare og transportere regnvand? Vi introducerer den fleksible tank til opsamling ...","robots":{"index":"index","follow":"follow","max-snippet":"max-snippet:-1","max-image-preview":"max-image-preview:large","max-video-preview":"max-video-preview:-1"},"canonical":"https:\/\/blog.maciterneecolo.fr\/da\/fleksibel-opbevaringstank-til-opsamling\/","og_locale":"da_DK","og_type":"article","og_title":"Fleksibel opbevaringstank til opsamling - Blog Ma Citerne Ecolo","og_description":"Har du en pickup, og vil du bruge den til at opbevare og transportere regnvand? Vi introducerer den fleksible tank til opsamling ...","og_url":"https:\/\/blog.maciterneecolo.fr\/da\/fleksibel-opbevaringstank-til-opsamling\/","og_site_name":"Blog Ma Citerne Ecolo","article_published_time":"2023-01-31T08:26:57+00:00","article_modified_time":"2023-08-03T10:13:35+00:00","og_image":[{"width":800,"height":800,"url":"https:\/\/blog.maciterneecolo.fr\/wp-content\/uploads\/2023\/01\/citerne-souple-5.jpeg","type":"image\/jpeg"}],"author":"Lucile","twitter_card":"summary_large_image","twitter_misc":{"Skrevet af":"Lucile","Estimeret l\u00e6setid":"4 minutter"},"schema":{"@context":"https:\/\/schema.org","@graph":[{"@type":"Article","@id":"https:\/\/blog.maciterneecolo.fr\/da\/fleksibel-opbevaringstank-til-opsamling\/#article","isPartOf":{"@id":"https:\/\/blog.maciterneecolo.fr\/da\/fleksibel-opbevaringstank-til-opsamling\/"},"author":{"name":"Lucile","@id":"https:\/\/blog.maciterneecolo.fr\/da\/#\/schema\/person\/cfb93b191140c86292f0707edfd4b6fe"},"headline":"Fleksibel opbevaringstank til opsamling","datePublished":"2023-01-31T08:26:57+00:00","dateModified":"2023-08-03T10:13:35+00:00","mainEntityOfPage":{"@id":"https:\/\/blog.maciterneecolo.fr\/da\/fleksibel-opbevaringstank-til-opsamling\/"},"wordCount":877,"publisher":{"@id":"https:\/\/blog.maciterneecolo.fr\/da\/#organization"},"image":{"@id":"https:\/\/blog.maciterneecolo.fr\/da\/fleksibel-opbevaringstank-til-opsamling\/#primaryimage"},"thumbnailUrl":"https:\/\/blog.maciterneecolo.fr\/wp-content\/uploads\/2023\/01\/citerne-souple-5.jpeg","keywords":["afhentning","fleksibel tank","opbevaring"],"articleSection":["Alt, hvad du beh\u00f8ver at vide om den fleksible tank"],"inLanguage":"da-DK"},{"@type":"WebPage","@id":"https:\/\/blog.maciterneecolo.fr\/da\/fleksibel-opbevaringstank-til-opsamling\/","url":"https:\/\/blog.maciterneecolo.fr\/da\/fleksibel-opbevaringstank-til-opsamling\/","name":"Fleksibel opbevaringstank til opsamling - Blog Ma Citerne Ecolo","isPartOf":{"@id":"https:\/\/blog.maciterneecolo.fr\/da\/#website"},"primaryImageOfPage":{"@id":"https:\/\/blog.maciterneecolo.fr\/da\/fleksibel-opbevaringstank-til-opsamling\/#primaryimage"},"image":{"@id":"https:\/\/blog.maciterneecolo.fr\/da\/fleksibel-opbevaringstank-til-opsamling\/#primaryimage"},"thumbnailUrl":"https:\/\/blog.maciterneecolo.fr\/wp-content\/uploads\/2023\/01\/citerne-souple-5.jpeg","datePublished":"2023-01-31T08:26:57+00:00","dateModified":"2023-08-03T10:13:35+00:00","description":"Har du en pickup, og vil du bruge den til at opbevare og transportere regnvand? Vi introducerer den fleksible tank til opsamling ...","breadcrumb":{"@id":"https:\/\/blog.maciterneecolo.fr\/da\/fleksibel-opbevaringstank-til-opsamling\/#breadcrumb"},"inLanguage":"da-DK","potentialAction":[{"@type":"ReadAction","target":["https:\/\/blog.maciterneecolo.fr\/da\/fleksibel-opbevaringstank-til-opsamling\/"]}]},{"@type":"ImageObject","inLanguage":"da-DK","@id":"https:\/\/blog.maciterneecolo.fr\/da\/fleksibel-opbevaringstank-til-opsamling\/#primaryimage","url":"https:\/\/blog.maciterneecolo.fr\/wp-content\/uploads\/2023\/01\/citerne-souple-5.jpeg","contentUrl":"https:\/\/blog.maciterneecolo.fr\/wp-content\/uploads\/2023\/01\/citerne-souple-5.jpeg","width":800,"height":800},{"@type":"BreadcrumbList","@id":"https:\/\/blog.maciterneecolo.fr\/da\/fleksibel-opbevaringstank-til-opsamling\/#breadcrumb","itemListElement":[{"@type":"ListItem","position":1,"name":"Accueil","item":"https:\/\/blog.maciterneecolo.fr\/da\/"},{"@type":"ListItem","position":2,"name":"Fleksibel opbevaringstank til opsamling"}]},{"@type":"WebSite","@id":"https:\/\/blog.maciterneecolo.fr\/da\/#website","url":"https:\/\/blog.maciterneecolo.fr\/da\/","name":"Blog Ma Citerne Ecolo","description":"Leader dans le domaine de la citerne souple d&#039;eau de pluie","publisher":{"@id":"https:\/\/blog.maciterneecolo.fr\/da\/#organization"},"potentialAction":[{"@type":"SearchAction","target":{"@type":"EntryPoint","urlTemplate":"https:\/\/blog.maciterneecolo.fr\/da\/?s={search_term_string}"},"query-input":{"@type":"PropertyValueSpecification","valueRequired":true,"valueName":"search_term_string"}}],"inLanguage":"da-DK"},{"@type":"Organization","@id":"https:\/\/blog.maciterneecolo.fr\/da\/#organization","name":"Blog Ma Citerne Ecolo","url":"https:\/\/blog.maciterneecolo.fr\/da\/","logo":{"@type":"ImageObject","inLanguage":"da-DK","@id":"https:\/\/blog.maciterneecolo.fr\/da\/#\/schema\/logo\/image\/","url":"https:\/\/blog.maciterneecolo.fr\/wp-content\/uploads\/2022\/12\/cropped-favicon-blog.png","contentUrl":"https:\/\/blog.maciterneecolo.fr\/wp-content\/uploads\/2022\/12\/cropped-favicon-blog.png","width":512,"height":512,"caption":"Blog Ma Citerne Ecolo"},"image":{"@id":"https:\/\/blog.maciterneecolo.fr\/da\/#\/schema\/logo\/image\/"}},{"@type":"Person","@id":"https:\/\/blog.maciterneecolo.fr\/da\/#\/schema\/person\/cfb93b191140c86292f0707edfd4b6fe","name":"Lucile","image":{"@type":"ImageObject","inLanguage":"da-DK","@id":"https:\/\/secure.gravatar.com\/avatar\/3c571ab7761bcc142db76a63f33a2a5ebee8b76990a871c9329e3e6df7ae9f3c?s=96&d=mm&r=g","url":"https:\/\/secure.gravatar.com\/avatar\/3c571ab7761bcc142db76a63f33a2a5ebee8b76990a871c9329e3e6df7ae9f3c?s=96&d=mm&r=g","contentUrl":"https:\/\/secure.gravatar.com\/avatar\/3c571ab7761bcc142db76a63f33a2a5ebee8b76990a871c9329e3e6df7ae9f3c?s=96&d=mm&r=g","caption":"Lucile"},"url":"https:\/\/blog.maciterneecolo.fr\/da\/author\/lucilewerkeyn\/"}]}},"_links":{"self":[{"href":"https:\/\/blog.maciterneecolo.fr\/da\/wp-json\/wp\/v2\/posts\/4942","targetHints":{"allow":["GET"]}}],"collection":[{"href":"https:\/\/blog.maciterneecolo.fr\/da\/wp-json\/wp\/v2\/posts"}],"about":[{"href":"https:\/\/blog.maciterneecolo.fr\/da\/wp-json\/wp\/v2\/types\/post"}],"author":[{"embeddable":true,"href":"https:\/\/blog.maciterneecolo.fr\/da\/wp-json\/wp\/v2\/users\/2"}],"replies":[{"embeddable":true,"href":"https:\/\/blog.maciterneecolo.fr\/da\/wp-json\/wp\/v2\/comments?post=4942"}],"version-history":[{"count":4,"href":"https:\/\/blog.maciterneecolo.fr\/da\/wp-json\/wp\/v2\/posts\/4942\/revisions"}],"predecessor-version":[{"id":8301,"href":"https:\/\/blog.maciterneecolo.fr\/da\/wp-json\/wp\/v2\/posts\/4942\/revisions\/8301"}],"wp:featuredmedia":[{"embeddable":true,"href":"https:\/\/blog.maciterneecolo.fr\/da\/wp-json\/wp\/v2\/media\/4925"}],"wp:attachment":[{"href":"https:\/\/blog.maciterneecolo.fr\/da\/wp-json\/wp\/v2\/media?parent=4942"}],"wp:term":[{"taxonomy":"category","embeddable":true,"href":"https:\/\/blog.maciterneecolo.fr\/da\/wp-json\/wp\/v2\/categories?post=4942"},{"taxonomy":"post_tag","embeddable":true,"href":"https:\/\/blog.maciterneecolo.fr\/da\/wp-json\/wp\/v2\/tags?post=4942"}],"curies":[{"name":"wp","href":"https:\/\/api.w.org\/{rel}","templated":true}]}}