{"id":5659,"date":"2023-02-01T14:36:04","date_gmt":"2023-02-01T14:36:04","guid":{"rendered":"https:\/\/blog.maciterneecolo.fr\/fleksibel-tank-til-sort-og-graat-vand-fra-din-autocamper\/"},"modified":"2023-07-28T14:24:43","modified_gmt":"2023-07-28T14:24:43","slug":"fleksibel-tank-til-sort-og-graat-vand-fra-din-autocamper","status":"publish","type":"post","link":"https:\/\/blog.maciterneecolo.fr\/da\/fleksibel-tank-til-sort-og-graat-vand-fra-din-autocamper\/","title":{"rendered":"Fleksibel tank til sort og gr\u00e5t vand fra din autocamper"},"content":{"rendered":"\n<p>Autocampere er popul\u00e6re fritidsk\u00f8ret\u00f8jer i Frankrig og i hele verden. For at f\u00e5 en behagelig rejse er det vigtigt at have et system til opbevaring og bortskaffelse af spildevand i hjemmet. <strong><a href=\"https:\/\/www.maciterneecolo.fr\/fr\/\" target=\"_blank\" rel=\"noreferrer noopener\">Tanke<\/a> til sort vand<\/strong> (toiletter) og <strong>tanke til gr\u00e5t vand<\/strong> (brusere, h\u00e5ndvaske) er et vigtigt produkt til <strong>autocampere<\/strong>, ombyggede varevogne og campingvogne. Den interne tank (aftagelig kassette i din autocamper) bruges til at opsamle affaldet, n\u00e5r du er p\u00e5 farten, mens den <strong>eksterne tank<\/strong>, der er installeret i din ejendom, bruges til at t\u00f8mme <strong>campingvognens interne opbevaringssystem<\/strong>. Tanken i dit turistk\u00f8ret\u00f8j er normalt en kompakt dunke. Det afh\u00e6nger alt sammen af k\u00f8ret\u00f8jstypen (varevogn, campingvogn, autocamper, varevogn osv.).<\/p>\n\n<p>For at opn\u00e5 bedre vedligeholdelse, styring og rensning af dit spildevandssystem i alle lande er det meget vigtigt at kombinere de to tanke sammen!<\/p>\n\n<h2 class=\"wp-block-heading\"><a><\/a><strong>Hvorfor skulle du ikke v\u00e6re tilfreds med kassetten i din autocamper?<\/strong><\/h2>\n\n<p>En <strong>autocamperkassette<\/strong> er en aftagelig tank, der er beregnet til opbevaring af spildevand fra toilettet. Det er et uundv\u00e6rligt tilbeh\u00f8r til autocampere, autocampere og campingvogne. Denne kassette til <strong>opbevaring af spildevand<\/strong>er nem at installere og kan hurtigt t\u00f8mmes for nem reng\u00f8ring.<\/p>\n\n<p>Der findes forskellige typer af autocamperkassetter med tilh\u00f8rende fordele og ulemper. En <strong>plastkassette<\/strong> er let og billig. Den er dog mere f\u00f8lsom over for st\u00f8d og deformation. <strong>Kassetten i rustfrit st\u00e5l<\/strong> er mere holdbar, men tungere og dyrere. <strong>Kassetten i forst\u00e6rket plast<\/strong> er et godt kompromis mellem styrke og v\u00e6gt.<\/p>\n\n<p>Det egentlige problem er ikke de <strong>materialer, der er brugt til at fremstille din kassette<\/strong>, men snarere dens lagerkapacitet. Kassetten er en type dunke, der h\u00f8jst kan rumme 150 liter sort og gr\u00e5t vand. Dens <strong>indsamlingspotentiale<\/strong> er begr\u00e6nset. Derfor er det vigtigt at installere en tank med et passende lagervolumen til dette form\u00e5l. Vi tilbyder en <strong>spildevandstank til autocampere til en uovertruffen pris<\/strong> i vores online shop.<\/p>\n\n<h2 class=\"wp-block-heading\"><a><\/a><strong>Opbevaring af sort og gr\u00e5t vand fra dit mobile k\u00f8ret\u00f8j<\/strong><\/h2>\n\n<h3 class=\"wp-block-heading\"><a><\/a><strong>Opsamlingssystem for sort og gr\u00e5t vand i Frankrig<\/strong><\/h3>\n\n<p>A <strong>ekstern tank til sortvandskredsl\u00f8bet<\/strong>  er en kompakt eller ikke-tank af st\u00e5l, beton eller plast, der er beregnet til opbevaring af spildevand fra toiletter, mens en  <strong>ekstern tank til gr\u00e5vandskredsl\u00f8bet<\/strong>  bruges til at opbevare spildevand fra brusebad, h\u00e5ndvask osv. Kapaciteten af eksterne tanke varierer generelt fra 500 liter til over 100.000 liter v\u00e6ske. Det er meget praktisk at bruge en <strong>ekstern sort- og gr\u00e5vandstank<\/strong> til din varevogn eller campingvogn. Afh\u00e6ngigt af <strong>tankenes<\/strong> <strong>type<\/strong> kan den nemt opbevares, n\u00e5r den ikke er i brug, og den er meget nem at installere. Din eksterne tank kan tilsluttes en afl\u00f8bsslange til t\u00f8mning og tilsluttes en elektrisk pumpe til hurtig p\u00e5fyldning. Dette er tilf\u00e6ldet med den<strong> fleksible PVC-tankmodel<\/strong> (fleksibel plast).<\/p>\n\n<h3 class=\"wp-block-heading\"><a><\/a><strong>Valg af opbevaringstank til spildevand<\/strong><\/h3>\n\n<p>Det er vigtigt at <strong>v\u00e6lge en <a href=\"https:\/\/www.maciterneecolo.fr\/fr\/3-citernes-souples\">fleksibel tank<\/a><\/strong> af <strong>god kvalitet<\/strong> for at sikre effektiv og langvarig brug. Det anbefales ogs\u00e5 at v\u00e6lge en tank med et <strong>ekstra filter<\/strong> for at undg\u00e5 ubehagelige lugte. Dette beskytter ogs\u00e5 afl\u00f8bsr\u00f8rene. Der findes ogs\u00e5 tilbeh\u00f8r til fleksible tanke p\u00e5 markedet. Du kan f.eks. k\u00f8be din tank i kitform for at g\u00f8re det lettere at bortskaffe den og g\u00f8re den mere hygiejnisk at bruge den. Det er ogs\u00e5 muligt at<strong>k\u00f8be ekstra fittings<\/strong> til optimal p\u00e5fyldning af den fleksible tank. Prisen p\u00e5 fleksible tanke varierer alt efter produktets kapacitet og kvalitet. Fleksible tanke kan k\u00f8bes online eller i specialforretninger for fritidsk\u00f8ret\u00f8jer. Det er tilr\u00e5deligt at sammenligne priser og produkter for at finde den tank, der passer bedst til dine behov og dit budget.<\/p>\n\n<h2 class=\"wp-block-heading\"><a><\/a><strong>Fleksibel tank til opbevaring af gr\u00e5t vand og sort vand fra en autocamper<\/strong><\/h2>\n\n<p>Der er mange fordele ved at bruge en <strong><a href=\"https:\/\/www.maciterneecolo.fr\/fr\/\">fleksibel tank<\/a> til opbevaring af gr\u00e5t og sort vand til en autocamper<\/strong>, varevogn, campingvogn eller campingvogn. Ja, listen er lang! For det f\u00f8rste er en fleksibel tank lettere og nemmere at h\u00e5ndtere end en stiv st\u00e5l- eller betontank. Vores bl\u00f8de og fleksible tank er velegnet til opsamling af spildevand. Den st\u00f8rste fordel ved vores beholder er dens tekniske stofbetr\u00e6k med PVC-bel\u00e6gning. Dette forhindrer, at der frigives lugt.<\/p>\n\n<p>Desuden kan vores svampedr\u00e6bende tank installeres p\u00e5 trange steder, hvilket er ideelt til autocampere. Vores <strong>selvb\u00e6rende tank<\/strong> kan rumme op til 100.000 liter v\u00e6ske. Ud over spildevand kan vores tank <strong>opbevare regnvand<\/strong>, br\u00f8ndvand, borehulvand, kildevand osv. Vores tank er endda designet til at opbevare spildevand. Vores tank kan ogs\u00e5 let t\u00f8mmes takket v\u00e6re aftapningsudtaget og den tilh\u00f8rende spiralslange. Det g\u00f8r det lettere at vedligeholde systemet. Desuden har vores fleksible tanke en <strong>lavere indk\u00f8bspris <\/strong>end stive st\u00e5ltanke eller stive betontanke.<\/p>\n\n<p>At k\u00f8be en <strong>genanvendelig<a href=\"https:\/\/www.maciterneecolo.fr\/fr\/3-citernes-souples\" target=\"_blank\" rel=\"noreferrer noopener\">fleksibel PVC-tank<\/a><\/strong> betyder, at man tr\u00e6ffer et \u00f8konomisk valg til opbevaring af spildevand. Vores tanke kan derefter hurtigt tilsluttes et filtersystem for korrekt behandling af vandet f\u00f8r udledning. Kort sagt er vores selvb\u00e6rende tank et <strong>praktisk, \u00f8kologisk og brugervenligt produkt<\/strong> til opbevaring af gr\u00e5t og sort vand til et mobilt k\u00f8ret\u00f8j som f.eks. en autocamper.<\/p>\n","protected":false},"excerpt":{"rendered":"<p>Autocampere er popul\u00e6re fritidsk\u00f8ret\u00f8jer i Frankrig og i hele verden. For at f\u00e5 en behagelig rejse er det vigtigt at have et system til opbevaring og bortskaffelse af spildevand i hjemmet. Tanke til sort vand (toiletter) og tanke til gr\u00e5t vand (brusere, h\u00e5ndvaske) er et vigtigt produkt til autocampere, ombyggede varevogne og campingvogne. Den interne [&hellip;]<\/p>\n","protected":false},"author":2,"featured_media":5646,"comment_status":"closed","ping_status":"closed","sticky":false,"template":"","format":"standard","meta":{"inline_featured_image":false,"footnotes":""},"categories":[368],"tags":[1836,60,1837,1838,1524],"class_list":["post-5659","post","type-post","status-publish","format-standard","has-post-thumbnail","hentry","category-alt-hvad-du-behover-at-vide-om-den-fleksible-tank","tag-autocamper","tag-fleksibel-tank","tag-grat-vand","tag-sort-vand","tag-tomning"],"yoast_head":"<!-- This site is optimized with the Yoast SEO plugin v27.5 - https:\/\/yoast.com\/product\/yoast-seo-wordpress\/ -->\n<title>Fleksibel tank til sort og gr\u00e5t vand i hans autocamper<\/title>\n<meta name=\"description\" content=\"K\u00f8b en fleksibel tank til sort og gr\u00e5t vand i din autocamper. Nem og praktisk opbevaring til personlig brug\/camping\" \/>\n<meta name=\"robots\" content=\"index, follow, max-snippet:-1, max-image-preview:large, max-video-preview:-1\" \/>\n<link rel=\"canonical\" href=\"https:\/\/blog.maciterneecolo.fr\/da\/fleksibel-tank-til-sort-og-graat-vand-fra-din-autocamper\/\" \/>\n<meta property=\"og:locale\" content=\"da_DK\" \/>\n<meta property=\"og:type\" content=\"article\" \/>\n<meta property=\"og:title\" content=\"Fleksibel tank til sort og gr\u00e5t vand i hans autocamper\" \/>\n<meta property=\"og:description\" content=\"K\u00f8b en fleksibel tank til sort og gr\u00e5t vand i din autocamper. Nem og praktisk opbevaring til personlig brug\/camping\" \/>\n<meta property=\"og:url\" content=\"https:\/\/blog.maciterneecolo.fr\/da\/fleksibel-tank-til-sort-og-graat-vand-fra-din-autocamper\/\" \/>\n<meta property=\"og:site_name\" content=\"Blog Ma Citerne Ecolo\" \/>\n<meta property=\"article:published_time\" content=\"2023-02-01T14:36:04+00:00\" \/>\n<meta property=\"article:modified_time\" content=\"2023-07-28T14:24:43+00:00\" \/>\n<meta property=\"og:image\" content=\"https:\/\/blog.maciterneecolo.fr\/wp-content\/uploads\/2023\/02\/camping-car-vidange-citerne-souple.jpeg\" \/>\n\t<meta property=\"og:image:width\" content=\"612\" \/>\n\t<meta property=\"og:image:height\" content=\"408\" \/>\n\t<meta property=\"og:image:type\" content=\"image\/jpeg\" \/>\n<meta name=\"author\" content=\"Lucile\" \/>\n<meta name=\"twitter:card\" content=\"summary_large_image\" \/>\n<meta name=\"twitter:label1\" content=\"Skrevet af\" \/>\n\t<meta name=\"twitter:data1\" content=\"Lucile\" \/>\n\t<meta name=\"twitter:label2\" content=\"Estimeret l\u00e6setid\" \/>\n\t<meta name=\"twitter:data2\" content=\"4 minutter\" \/>\n<script type=\"application\/ld+json\" class=\"yoast-schema-graph\">{\"@context\":\"https:\\\/\\\/schema.org\",\"@graph\":[{\"@type\":\"Article\",\"@id\":\"https:\\\/\\\/blog.maciterneecolo.fr\\\/da\\\/fleksibel-tank-til-sort-og-graat-vand-fra-din-autocamper\\\/#article\",\"isPartOf\":{\"@id\":\"https:\\\/\\\/blog.maciterneecolo.fr\\\/da\\\/fleksibel-tank-til-sort-og-graat-vand-fra-din-autocamper\\\/\"},\"author\":{\"name\":\"Lucile\",\"@id\":\"https:\\\/\\\/blog.maciterneecolo.fr\\\/da\\\/#\\\/schema\\\/person\\\/cfb93b191140c86292f0707edfd4b6fe\"},\"headline\":\"Fleksibel tank til sort og gr\u00e5t vand fra din autocamper\",\"datePublished\":\"2023-02-01T14:36:04+00:00\",\"dateModified\":\"2023-07-28T14:24:43+00:00\",\"mainEntityOfPage\":{\"@id\":\"https:\\\/\\\/blog.maciterneecolo.fr\\\/da\\\/fleksibel-tank-til-sort-og-graat-vand-fra-din-autocamper\\\/\"},\"wordCount\":886,\"publisher\":{\"@id\":\"https:\\\/\\\/blog.maciterneecolo.fr\\\/da\\\/#organization\"},\"image\":{\"@id\":\"https:\\\/\\\/blog.maciterneecolo.fr\\\/da\\\/fleksibel-tank-til-sort-og-graat-vand-fra-din-autocamper\\\/#primaryimage\"},\"thumbnailUrl\":\"https:\\\/\\\/blog.maciterneecolo.fr\\\/wp-content\\\/uploads\\\/2023\\\/02\\\/camping-car-vidange-citerne-souple.jpeg\",\"keywords\":[\"autocamper\",\"fleksibel tank\",\"gr\u00e5t vand\",\"sort vand\",\"t\u00f8mning\"],\"articleSection\":[\"Alt, hvad du beh\u00f8ver at vide om den fleksible tank\"],\"inLanguage\":\"da-DK\"},{\"@type\":\"WebPage\",\"@id\":\"https:\\\/\\\/blog.maciterneecolo.fr\\\/da\\\/fleksibel-tank-til-sort-og-graat-vand-fra-din-autocamper\\\/\",\"url\":\"https:\\\/\\\/blog.maciterneecolo.fr\\\/da\\\/fleksibel-tank-til-sort-og-graat-vand-fra-din-autocamper\\\/\",\"name\":\"Fleksibel tank til sort og gr\u00e5t vand i hans autocamper\",\"isPartOf\":{\"@id\":\"https:\\\/\\\/blog.maciterneecolo.fr\\\/da\\\/#website\"},\"primaryImageOfPage\":{\"@id\":\"https:\\\/\\\/blog.maciterneecolo.fr\\\/da\\\/fleksibel-tank-til-sort-og-graat-vand-fra-din-autocamper\\\/#primaryimage\"},\"image\":{\"@id\":\"https:\\\/\\\/blog.maciterneecolo.fr\\\/da\\\/fleksibel-tank-til-sort-og-graat-vand-fra-din-autocamper\\\/#primaryimage\"},\"thumbnailUrl\":\"https:\\\/\\\/blog.maciterneecolo.fr\\\/wp-content\\\/uploads\\\/2023\\\/02\\\/camping-car-vidange-citerne-souple.jpeg\",\"datePublished\":\"2023-02-01T14:36:04+00:00\",\"dateModified\":\"2023-07-28T14:24:43+00:00\",\"description\":\"K\u00f8b en fleksibel tank til sort og gr\u00e5t vand i din autocamper. Nem og praktisk opbevaring til personlig brug\\\/camping\",\"breadcrumb\":{\"@id\":\"https:\\\/\\\/blog.maciterneecolo.fr\\\/da\\\/fleksibel-tank-til-sort-og-graat-vand-fra-din-autocamper\\\/#breadcrumb\"},\"inLanguage\":\"da-DK\",\"potentialAction\":[{\"@type\":\"ReadAction\",\"target\":[\"https:\\\/\\\/blog.maciterneecolo.fr\\\/da\\\/fleksibel-tank-til-sort-og-graat-vand-fra-din-autocamper\\\/\"]}]},{\"@type\":\"ImageObject\",\"inLanguage\":\"da-DK\",\"@id\":\"https:\\\/\\\/blog.maciterneecolo.fr\\\/da\\\/fleksibel-tank-til-sort-og-graat-vand-fra-din-autocamper\\\/#primaryimage\",\"url\":\"https:\\\/\\\/blog.maciterneecolo.fr\\\/wp-content\\\/uploads\\\/2023\\\/02\\\/camping-car-vidange-citerne-souple.jpeg\",\"contentUrl\":\"https:\\\/\\\/blog.maciterneecolo.fr\\\/wp-content\\\/uploads\\\/2023\\\/02\\\/camping-car-vidange-citerne-souple.jpeg\",\"width\":612,\"height\":408,\"caption\":\"Holidays in Germany - summer recreation at the lake, Mecklenburg-vorpommern\"},{\"@type\":\"BreadcrumbList\",\"@id\":\"https:\\\/\\\/blog.maciterneecolo.fr\\\/da\\\/fleksibel-tank-til-sort-og-graat-vand-fra-din-autocamper\\\/#breadcrumb\",\"itemListElement\":[{\"@type\":\"ListItem\",\"position\":1,\"name\":\"Accueil\",\"item\":\"https:\\\/\\\/blog.maciterneecolo.fr\\\/da\\\/\"},{\"@type\":\"ListItem\",\"position\":2,\"name\":\"Fleksibel tank til sort og gr\u00e5t vand fra din autocamper\"}]},{\"@type\":\"WebSite\",\"@id\":\"https:\\\/\\\/blog.maciterneecolo.fr\\\/da\\\/#website\",\"url\":\"https:\\\/\\\/blog.maciterneecolo.fr\\\/da\\\/\",\"name\":\"Blog Ma Citerne Ecolo\",\"description\":\"Leader dans le domaine de la citerne souple d&#039;eau de pluie\",\"publisher\":{\"@id\":\"https:\\\/\\\/blog.maciterneecolo.fr\\\/da\\\/#organization\"},\"potentialAction\":[{\"@type\":\"SearchAction\",\"target\":{\"@type\":\"EntryPoint\",\"urlTemplate\":\"https:\\\/\\\/blog.maciterneecolo.fr\\\/da\\\/?s={search_term_string}\"},\"query-input\":{\"@type\":\"PropertyValueSpecification\",\"valueRequired\":true,\"valueName\":\"search_term_string\"}}],\"inLanguage\":\"da-DK\"},{\"@type\":\"Organization\",\"@id\":\"https:\\\/\\\/blog.maciterneecolo.fr\\\/da\\\/#organization\",\"name\":\"Blog Ma Citerne Ecolo\",\"url\":\"https:\\\/\\\/blog.maciterneecolo.fr\\\/da\\\/\",\"logo\":{\"@type\":\"ImageObject\",\"inLanguage\":\"da-DK\",\"@id\":\"https:\\\/\\\/blog.maciterneecolo.fr\\\/da\\\/#\\\/schema\\\/logo\\\/image\\\/\",\"url\":\"https:\\\/\\\/blog.maciterneecolo.fr\\\/wp-content\\\/uploads\\\/2022\\\/12\\\/cropped-favicon-blog.png\",\"contentUrl\":\"https:\\\/\\\/blog.maciterneecolo.fr\\\/wp-content\\\/uploads\\\/2022\\\/12\\\/cropped-favicon-blog.png\",\"width\":512,\"height\":512,\"caption\":\"Blog Ma Citerne Ecolo\"},\"image\":{\"@id\":\"https:\\\/\\\/blog.maciterneecolo.fr\\\/da\\\/#\\\/schema\\\/logo\\\/image\\\/\"}},{\"@type\":\"Person\",\"@id\":\"https:\\\/\\\/blog.maciterneecolo.fr\\\/da\\\/#\\\/schema\\\/person\\\/cfb93b191140c86292f0707edfd4b6fe\",\"name\":\"Lucile\",\"image\":{\"@type\":\"ImageObject\",\"inLanguage\":\"da-DK\",\"@id\":\"https:\\\/\\\/secure.gravatar.com\\\/avatar\\\/3c571ab7761bcc142db76a63f33a2a5ebee8b76990a871c9329e3e6df7ae9f3c?s=96&d=mm&r=g\",\"url\":\"https:\\\/\\\/secure.gravatar.com\\\/avatar\\\/3c571ab7761bcc142db76a63f33a2a5ebee8b76990a871c9329e3e6df7ae9f3c?s=96&d=mm&r=g\",\"contentUrl\":\"https:\\\/\\\/secure.gravatar.com\\\/avatar\\\/3c571ab7761bcc142db76a63f33a2a5ebee8b76990a871c9329e3e6df7ae9f3c?s=96&d=mm&r=g\",\"caption\":\"Lucile\"},\"url\":\"https:\\\/\\\/blog.maciterneecolo.fr\\\/da\\\/author\\\/lucilewerkeyn\\\/\"}]}<\/script>\n<!-- \/ Yoast SEO plugin. -->","yoast_head_json":{"title":"Fleksibel tank til sort og gr\u00e5t vand i hans autocamper","description":"K\u00f8b en fleksibel tank til sort og gr\u00e5t vand i din autocamper. Nem og praktisk opbevaring til personlig brug\/camping","robots":{"index":"index","follow":"follow","max-snippet":"max-snippet:-1","max-image-preview":"max-image-preview:large","max-video-preview":"max-video-preview:-1"},"canonical":"https:\/\/blog.maciterneecolo.fr\/da\/fleksibel-tank-til-sort-og-graat-vand-fra-din-autocamper\/","og_locale":"da_DK","og_type":"article","og_title":"Fleksibel tank til sort og gr\u00e5t vand i hans autocamper","og_description":"K\u00f8b en fleksibel tank til sort og gr\u00e5t vand i din autocamper. Nem og praktisk opbevaring til personlig brug\/camping","og_url":"https:\/\/blog.maciterneecolo.fr\/da\/fleksibel-tank-til-sort-og-graat-vand-fra-din-autocamper\/","og_site_name":"Blog Ma Citerne Ecolo","article_published_time":"2023-02-01T14:36:04+00:00","article_modified_time":"2023-07-28T14:24:43+00:00","og_image":[{"width":612,"height":408,"url":"https:\/\/blog.maciterneecolo.fr\/wp-content\/uploads\/2023\/02\/camping-car-vidange-citerne-souple.jpeg","type":"image\/jpeg"}],"author":"Lucile","twitter_card":"summary_large_image","twitter_misc":{"Skrevet af":"Lucile","Estimeret l\u00e6setid":"4 minutter"},"schema":{"@context":"https:\/\/schema.org","@graph":[{"@type":"Article","@id":"https:\/\/blog.maciterneecolo.fr\/da\/fleksibel-tank-til-sort-og-graat-vand-fra-din-autocamper\/#article","isPartOf":{"@id":"https:\/\/blog.maciterneecolo.fr\/da\/fleksibel-tank-til-sort-og-graat-vand-fra-din-autocamper\/"},"author":{"name":"Lucile","@id":"https:\/\/blog.maciterneecolo.fr\/da\/#\/schema\/person\/cfb93b191140c86292f0707edfd4b6fe"},"headline":"Fleksibel tank til sort og gr\u00e5t vand fra din autocamper","datePublished":"2023-02-01T14:36:04+00:00","dateModified":"2023-07-28T14:24:43+00:00","mainEntityOfPage":{"@id":"https:\/\/blog.maciterneecolo.fr\/da\/fleksibel-tank-til-sort-og-graat-vand-fra-din-autocamper\/"},"wordCount":886,"publisher":{"@id":"https:\/\/blog.maciterneecolo.fr\/da\/#organization"},"image":{"@id":"https:\/\/blog.maciterneecolo.fr\/da\/fleksibel-tank-til-sort-og-graat-vand-fra-din-autocamper\/#primaryimage"},"thumbnailUrl":"https:\/\/blog.maciterneecolo.fr\/wp-content\/uploads\/2023\/02\/camping-car-vidange-citerne-souple.jpeg","keywords":["autocamper","fleksibel tank","gr\u00e5t vand","sort vand","t\u00f8mning"],"articleSection":["Alt, hvad du beh\u00f8ver at vide om den fleksible tank"],"inLanguage":"da-DK"},{"@type":"WebPage","@id":"https:\/\/blog.maciterneecolo.fr\/da\/fleksibel-tank-til-sort-og-graat-vand-fra-din-autocamper\/","url":"https:\/\/blog.maciterneecolo.fr\/da\/fleksibel-tank-til-sort-og-graat-vand-fra-din-autocamper\/","name":"Fleksibel tank til sort og gr\u00e5t vand i hans autocamper","isPartOf":{"@id":"https:\/\/blog.maciterneecolo.fr\/da\/#website"},"primaryImageOfPage":{"@id":"https:\/\/blog.maciterneecolo.fr\/da\/fleksibel-tank-til-sort-og-graat-vand-fra-din-autocamper\/#primaryimage"},"image":{"@id":"https:\/\/blog.maciterneecolo.fr\/da\/fleksibel-tank-til-sort-og-graat-vand-fra-din-autocamper\/#primaryimage"},"thumbnailUrl":"https:\/\/blog.maciterneecolo.fr\/wp-content\/uploads\/2023\/02\/camping-car-vidange-citerne-souple.jpeg","datePublished":"2023-02-01T14:36:04+00:00","dateModified":"2023-07-28T14:24:43+00:00","description":"K\u00f8b en fleksibel tank til sort og gr\u00e5t vand i din autocamper. Nem og praktisk opbevaring til personlig brug\/camping","breadcrumb":{"@id":"https:\/\/blog.maciterneecolo.fr\/da\/fleksibel-tank-til-sort-og-graat-vand-fra-din-autocamper\/#breadcrumb"},"inLanguage":"da-DK","potentialAction":[{"@type":"ReadAction","target":["https:\/\/blog.maciterneecolo.fr\/da\/fleksibel-tank-til-sort-og-graat-vand-fra-din-autocamper\/"]}]},{"@type":"ImageObject","inLanguage":"da-DK","@id":"https:\/\/blog.maciterneecolo.fr\/da\/fleksibel-tank-til-sort-og-graat-vand-fra-din-autocamper\/#primaryimage","url":"https:\/\/blog.maciterneecolo.fr\/wp-content\/uploads\/2023\/02\/camping-car-vidange-citerne-souple.jpeg","contentUrl":"https:\/\/blog.maciterneecolo.fr\/wp-content\/uploads\/2023\/02\/camping-car-vidange-citerne-souple.jpeg","width":612,"height":408,"caption":"Holidays in Germany - summer recreation at the lake, Mecklenburg-vorpommern"},{"@type":"BreadcrumbList","@id":"https:\/\/blog.maciterneecolo.fr\/da\/fleksibel-tank-til-sort-og-graat-vand-fra-din-autocamper\/#breadcrumb","itemListElement":[{"@type":"ListItem","position":1,"name":"Accueil","item":"https:\/\/blog.maciterneecolo.fr\/da\/"},{"@type":"ListItem","position":2,"name":"Fleksibel tank til sort og gr\u00e5t vand fra din autocamper"}]},{"@type":"WebSite","@id":"https:\/\/blog.maciterneecolo.fr\/da\/#website","url":"https:\/\/blog.maciterneecolo.fr\/da\/","name":"Blog Ma Citerne Ecolo","description":"Leader dans le domaine de la citerne souple d&#039;eau de pluie","publisher":{"@id":"https:\/\/blog.maciterneecolo.fr\/da\/#organization"},"potentialAction":[{"@type":"SearchAction","target":{"@type":"EntryPoint","urlTemplate":"https:\/\/blog.maciterneecolo.fr\/da\/?s={search_term_string}"},"query-input":{"@type":"PropertyValueSpecification","valueRequired":true,"valueName":"search_term_string"}}],"inLanguage":"da-DK"},{"@type":"Organization","@id":"https:\/\/blog.maciterneecolo.fr\/da\/#organization","name":"Blog Ma Citerne Ecolo","url":"https:\/\/blog.maciterneecolo.fr\/da\/","logo":{"@type":"ImageObject","inLanguage":"da-DK","@id":"https:\/\/blog.maciterneecolo.fr\/da\/#\/schema\/logo\/image\/","url":"https:\/\/blog.maciterneecolo.fr\/wp-content\/uploads\/2022\/12\/cropped-favicon-blog.png","contentUrl":"https:\/\/blog.maciterneecolo.fr\/wp-content\/uploads\/2022\/12\/cropped-favicon-blog.png","width":512,"height":512,"caption":"Blog Ma Citerne Ecolo"},"image":{"@id":"https:\/\/blog.maciterneecolo.fr\/da\/#\/schema\/logo\/image\/"}},{"@type":"Person","@id":"https:\/\/blog.maciterneecolo.fr\/da\/#\/schema\/person\/cfb93b191140c86292f0707edfd4b6fe","name":"Lucile","image":{"@type":"ImageObject","inLanguage":"da-DK","@id":"https:\/\/secure.gravatar.com\/avatar\/3c571ab7761bcc142db76a63f33a2a5ebee8b76990a871c9329e3e6df7ae9f3c?s=96&d=mm&r=g","url":"https:\/\/secure.gravatar.com\/avatar\/3c571ab7761bcc142db76a63f33a2a5ebee8b76990a871c9329e3e6df7ae9f3c?s=96&d=mm&r=g","contentUrl":"https:\/\/secure.gravatar.com\/avatar\/3c571ab7761bcc142db76a63f33a2a5ebee8b76990a871c9329e3e6df7ae9f3c?s=96&d=mm&r=g","caption":"Lucile"},"url":"https:\/\/blog.maciterneecolo.fr\/da\/author\/lucilewerkeyn\/"}]}},"_links":{"self":[{"href":"https:\/\/blog.maciterneecolo.fr\/da\/wp-json\/wp\/v2\/posts\/5659","targetHints":{"allow":["GET"]}}],"collection":[{"href":"https:\/\/blog.maciterneecolo.fr\/da\/wp-json\/wp\/v2\/posts"}],"about":[{"href":"https:\/\/blog.maciterneecolo.fr\/da\/wp-json\/wp\/v2\/types\/post"}],"author":[{"embeddable":true,"href":"https:\/\/blog.maciterneecolo.fr\/da\/wp-json\/wp\/v2\/users\/2"}],"replies":[{"embeddable":true,"href":"https:\/\/blog.maciterneecolo.fr\/da\/wp-json\/wp\/v2\/comments?post=5659"}],"version-history":[{"count":4,"href":"https:\/\/blog.maciterneecolo.fr\/da\/wp-json\/wp\/v2\/posts\/5659\/revisions"}],"predecessor-version":[{"id":7837,"href":"https:\/\/blog.maciterneecolo.fr\/da\/wp-json\/wp\/v2\/posts\/5659\/revisions\/7837"}],"wp:featuredmedia":[{"embeddable":true,"href":"https:\/\/blog.maciterneecolo.fr\/da\/wp-json\/wp\/v2\/media\/5646"}],"wp:attachment":[{"href":"https:\/\/blog.maciterneecolo.fr\/da\/wp-json\/wp\/v2\/media?parent=5659"}],"wp:term":[{"taxonomy":"category","embeddable":true,"href":"https:\/\/blog.maciterneecolo.fr\/da\/wp-json\/wp\/v2\/categories?post=5659"},{"taxonomy":"post_tag","embeddable":true,"href":"https:\/\/blog.maciterneecolo.fr\/da\/wp-json\/wp\/v2\/tags?post=5659"}],"curies":[{"name":"wp","href":"https:\/\/api.w.org\/{rel}","templated":true}]}}