{"id":5889,"date":"2023-02-02T13:40:56","date_gmt":"2023-02-02T13:40:56","guid":{"rendered":"https:\/\/blog.maciterneecolo.fr\/miljoeforbrug-i-vores-hjem-i-frankrig\/"},"modified":"2023-07-28T11:15:06","modified_gmt":"2023-07-28T11:15:06","slug":"miljoeforbrug-i-vores-hjem-i-frankrig","status":"publish","type":"post","link":"https:\/\/blog.maciterneecolo.fr\/da\/miljoeforbrug-i-vores-hjem-i-frankrig\/","title":{"rendered":"Milj\u00f8forbrug i vores hjem i Frankrig"},"content":{"rendered":"\n<p><strong>\u00d8koforbruget<\/strong> er mere og mere til stede i vores <strong>hjem i Frankrig<\/strong>. Dette afspejles i den voksende bevidsthed hos de involverede husholdninger. Hvad ang\u00e5r deres milj\u00f8p\u00e5virkning og \u00f8nsket om en <strong>mere b\u00e6redygtig adf\u00e6rd<\/strong>. I gennemsnit betyder det et mere milj\u00f8ansvarligt forbrug. Det omfatter at k\u00f8be <strong>milj\u00f8venlige produkter<\/strong>, bruge mere energieffektive apparater og v\u00e6re s\u00e6rligt opm\u00e6rksom p\u00e5 vandforbrug og affaldsh\u00e5ndtering i hjemmet og haven.<\/p>\n\n<p>If\u00f8lge <strong>INSEE-data<\/strong> baseret p\u00e5 milliarder af forbrugere verden over. <strong>Husholdningernes udgifter<\/strong> til milj\u00f8et er steget i de senere \u00e5r. P\u00e5 trods af en \u00f8konomisk krise, der har f\u00f8rt til et fald i den gennemsnitlige husstandsindkomst i euro. Dette engagement i et <strong>mere b\u00e6redygtigt forbrug af vand og elektricitet<\/strong> kan ses som en stigende tendens, som forventes at forts\u00e6tte i de kommende \u00e5r. Som <a href=\"https:\/\/www.maciterneecolo.fr\/fr\/\" target=\"_blank\" rel=\"noreferrer noopener\">opsamling af regnvand<\/a>.  <\/p>\n\n<p>Milj\u00f8venligt forbrug kan have en betydelig indvirkning p\u00e5 planeten. Med reduktioner i energi-, vand- og affaldsforbrug. Ved at v\u00e6lge <strong>gr\u00f8nne eller vedvarende produkter<\/strong> kan husholdningerne desuden st\u00f8tte en mere ansvarlig \u00f8konomi og bidrage til udviklingen af nye gr\u00f8nne teknologier.<\/p>\n\n<p>Men \u00f8ko-forbrug kan ogs\u00e5 f\u00f8re til en stigning i prisen p\u00e5 <strong>\u00f8ko-relaterede<\/strong> produkter og <strong>tjenester<\/strong>. Det kan v\u00e6re et problem for de engagerede husstande med de laveste indkomster. Det skal ogs\u00e5 understreges, at \u00f8ko-forbrug ikke kan ses som en endelig l\u00f8sning p\u00e5 milj\u00f8krisen. Men snarere som et aspekt af en <strong>mere global strategi for b\u00e6redygtig udvikling i Frankrig<\/strong>.<\/p>\n\n<h2 class=\"wp-block-heading\"><a><\/a><strong>Hvad er milj\u00f8forbrug?<\/strong><\/h2>\n\n<h3 class=\"wp-block-heading\"><a><\/a><strong>Husholdningernes forbrug i Frankrig<\/strong><\/h3>\n\n<p><strong>Forbruget<\/strong> er en vigtig del af livet \u00e5ret rundt i vores land. Form\u00e5let er at opfylde husholdningernes behov og \u00f8nsker. Det kan g\u00f8res af virksomheder, lokalsamfund og engagerede enkeltpersoner.<\/p>\n\n<p>Der er to typer forbrug: <strong>forbrug i produktionen<\/strong> og forbrug i den <strong>endelige<\/strong> produktion. Forbrug i produktionen henviser til produkter og tjenester, der anvendes til produktion af andre varer og tjenester. Det endelige forbrug er den direkte brug af produkter og tjenesteydelser til at opfylde enkeltpersoners, husstandes og samfunds behov og \u00f8nsker.<\/p>\n\n<p>Med andre ord er forbrug et<strong> centralt element i vores samfund<\/strong>. Det har en enorm indvirkning p\u00e5 den <strong>\u00f8konomiske v\u00e6kst<\/strong>, vores planet og vores velbefindende. Det er derfor vigtigt at sikre et<strong> ansvarligt og b\u00e6redygtigt forbrug <\/strong>for at beskytte vores fremtid.<\/p>\n\n<h3 class=\"wp-block-heading\"><a><\/a><strong>B\u00e6redygtigt forbrug i franske husholdninger<\/strong><\/h3>\n\n<p>B\u00e6redygtigt forbrug betyder, at vi skal tage hensyn til <strong>konsekvenserne af vores forbrugsvalg for milj\u00f8et<\/strong>, samfundet og vores egen velf\u00e6rd. Det handler om at anl\u00e6gge en bevidst tilgang og sikre, at milj\u00f8, sundhed og menneskerettigheder respekteres. Ved at forbruge p\u00e5 denne m\u00e5de tager vi h\u00f8jde for <strong>globale milj\u00f8m\u00e6ssige ubalancer og \u00f8konomiske<\/strong>, sociale og kulturelle <strong>uligheder<\/strong>. Vi \u00f8nsker at undg\u00e5 at bringe fremtidige generationers mulighed for at opfylde deres egne behov i fare, samtidig med at vi opfylder vores egne.<\/p>\n\n<p>Dette kan afspejles i forbrugernes valg, f.eks. ved at k\u00f8be energieffektive apparater, <strong>reducere affaldet <\/strong>og st\u00f8tte etiske virksomheder. I sidste ende handler b\u00e6redygtigt forbrug om at minimere den negative indvirkning af vores forbrug p\u00e5 milj\u00f8et og <strong>bidrage til en sundere og mere b\u00e6redygtig fremtid for alle<\/strong>. K\u00f8bet af vores<strong><a href=\"https:\/\/www.maciterneecolo.fr\/fr\/3-citernes-souples\" target=\"_blank\" rel=\"noreferrer noopener\">fleksible PVC-cisterne<\/a> lavet af genanvendeligt teknisk stof<\/strong> til opbevaring af regnvand som erstatning for drikkevand er det perfekte eksempel!<\/p>\n\n<p>Ved at anl\u00e6gge en <strong>ansvarlig tilgang til forbrug i boliger<\/strong> kan vi g\u00f8re en konkret forskel i kampen for en mere ansvarlig fremtid. Ved at reducere <strong>energiomkostningerne i forbindelse med vand eller elektricitet<\/strong> er vi i harmoni med planeten og dens naturressourcer. Det er et vigtigt skridt, der vedr\u00f8rer hver enkelt af os, og som kr\u00e6ver en <strong>vedvarende forpligtelse<\/strong> til at forbedre vores forbrugsadf\u00e6rd.  <\/p>\n\n<h3 class=\"wp-block-heading\"><a><\/a><strong>Milj\u00f8forbrug i franske husholdninger<\/strong><\/h3>\n\n<p>\u00d8koforbrug er mere og mere udbredt i vores land og vedr\u00f8rer den m\u00e5de, husholdningerne k\u00f8ber og bruger produkter og tjenesteydelser p\u00e5, idet de tager hensyn til deres<strong> milj\u00f8p\u00e5virkning<\/strong>. Denne tendens til engagerede husholdninger er en del af en bredere bev\u00e6gelse for at reducere det \u00f8kologiske fodaftryk fra menneskelige aktiviteter. De <strong>franske husholdninger<\/strong> er i stigende grad <strong>opm\u00e6rksomme p\u00e5 disse sp\u00f8rgsm\u00e5l<\/strong>.<\/p>\n\n<p><strong>Husholdninger over hele <\/strong>verden er i stigende grad opm\u00e6rksomme p\u00e5 betydningen af deres indk\u00f8bsvalg for at bevare milj\u00f8et. Flere og flere mennesker v\u00e6lger planetvenlige produkter, <strong>fair trade-produkter <\/strong>eller etisk m\u00e6rket udstyr. Desuden v\u00e6lger flere og flere forbrugere at handle lokalt for at st\u00f8tte den lokale \u00f8konomi og reducere de milj\u00f8omkostninger, der er forbundet med<strong> transport af produkter<\/strong>.<\/p>\n\n<p>Franske virksomheder er ogs\u00e5 i stigende grad opm\u00e6rksomme p\u00e5 vigtigheden af milj\u00f8beskyttelse og indf\u00f8rer flere og flere <strong>b\u00e6redygtige metoder<\/strong>. Mange virksomheder gennemf\u00f8rer programmer for socialt og milj\u00f8m\u00e6ssigt ansvar for at mindske deres milj\u00f8p\u00e5virkning, og mange g\u00f8r en indsats for at anvende <strong>b\u00e6redygtige r\u00e5materialer<\/strong> og udvikle <strong>milj\u00f8venlige produkter<\/strong>.<\/p>\n\n<p>Frankrig er ogs\u00e5<strong> f\u00f8rende inden for milj\u00f8politik<\/strong> med mange initiativer, der tilskynder husholdningerne til at indf\u00f8re milj\u00f8venlige metoder. Den franske regering har f.eks. indf\u00f8rt skatteincitamenter for at tilskynde forbrugerne til at v\u00e6lge produkter, der er gode for vores planet. Men ogs\u00e5 strenge lovbestemmelser (cirkul\u00e6re) for at <strong>reducere drivhusgasemissionerne<\/strong> og beskytte biodiversiteten.<\/p>\n\n<h2 class=\"wp-block-heading\"><a><\/a><strong>G\u00f8r en gestus p\u00e5 energiudgifterne for de n\u00e6ste par \u00e5r<\/strong><\/h2>\n\n<p>Kort sagt er milj\u00f8forbrug i verdens lande et begreb, der indeb\u00e6rer et <strong>ansvarligt forbrug<\/strong>, hvor der tages hensyn til de milj\u00f8m\u00e6ssige og sociale konsekvenser af vores forbrugsvalg. Dette kan omfatte praksis som f.eks. at <strong>v\u00e6lge milj\u00f8venlige apparater <\/strong>, reducere affald og st\u00f8tte <strong>etiske virksomheder<\/strong>. M\u00e5let er at minimere den negative indvirkning, som vores forbrug har p\u00e5 milj\u00f8et. Hvis du ogs\u00e5 gerne vil v\u00e6re med til at reducere energiforbruget i dit hjem eller din have, s\u00e5 er vores <a href=\"https:\/\/www.maciterneecolo.fr\/fr\/3-citernes-souples\">fleksible<\/a> <a href=\"https:\/\/www.maciterneecolo.fr\/fr\/\" target=\"_blank\" rel=\"noreferrer noopener\">regnvandstank<\/a> noget for dig. Vores produkter matcher dine forpligtelser!<\/p>\n","protected":false},"excerpt":{"rendered":"<p>\u00d8koforbruget er mere og mere til stede i vores hjem i Frankrig. Dette afspejles i den voksende bevidsthed hos de involverede husholdninger. Hvad ang\u00e5r deres milj\u00f8p\u00e5virkning og \u00f8nsket om en mere b\u00e6redygtig adf\u00e6rd. I gennemsnit betyder det et mere milj\u00f8ansvarligt forbrug. Det omfatter at k\u00f8be milj\u00f8venlige produkter, bruge mere energieffektive apparater og v\u00e6re s\u00e6rligt opm\u00e6rksom [&hellip;]<\/p>\n","protected":false},"author":2,"featured_media":5874,"comment_status":"closed","ping_status":"closed","sticky":false,"template":"","format":"standard","meta":{"inline_featured_image":false,"footnotes":""},"categories":[368],"tags":[60,1898,1897,974],"class_list":["post-5889","post","type-post","status-publish","format-standard","has-post-thumbnail","hentry","category-alt-hvad-du-behover-at-vide-om-den-fleksible-tank","tag-fleksibel-tank","tag-miljobeskyttelse","tag-okoforbrug","tag-okologi"],"yoast_head":"<!-- This site is optimized with the Yoast SEO plugin v27.5 - https:\/\/yoast.com\/product\/yoast-seo-wordpress\/ -->\n<title>Milj\u00f8forbrug i vores hjem i Frankrig<\/title>\n<meta name=\"description\" content=\"\u00d8koforbruget er mere og mere til stede i vores hjem i Frankrig med en stigende bevidsthed hos husholdningerne!\" \/>\n<meta name=\"robots\" content=\"index, follow, max-snippet:-1, max-image-preview:large, max-video-preview:-1\" \/>\n<link rel=\"canonical\" href=\"https:\/\/blog.maciterneecolo.fr\/da\/miljoeforbrug-i-vores-hjem-i-frankrig\/\" \/>\n<meta property=\"og:locale\" content=\"da_DK\" \/>\n<meta property=\"og:type\" content=\"article\" \/>\n<meta property=\"og:title\" content=\"Milj\u00f8forbrug i vores hjem i Frankrig\" \/>\n<meta property=\"og:description\" content=\"\u00d8koforbruget er mere og mere til stede i vores hjem i Frankrig med en stigende bevidsthed hos husholdningerne!\" \/>\n<meta property=\"og:url\" content=\"https:\/\/blog.maciterneecolo.fr\/da\/miljoeforbrug-i-vores-hjem-i-frankrig\/\" \/>\n<meta property=\"og:site_name\" content=\"Blog Ma Citerne Ecolo\" \/>\n<meta property=\"article:published_time\" content=\"2023-02-02T13:40:56+00:00\" \/>\n<meta property=\"article:modified_time\" content=\"2023-07-28T11:15:06+00:00\" \/>\n<meta property=\"og:image\" content=\"https:\/\/blog.maciterneecolo.fr\/wp-content\/uploads\/2023\/02\/protection-environnement-ecologie.jpg\" \/>\n\t<meta property=\"og:image:width\" content=\"1920\" \/>\n\t<meta property=\"og:image:height\" content=\"1280\" \/>\n\t<meta property=\"og:image:type\" content=\"image\/jpeg\" \/>\n<meta name=\"author\" content=\"Lucile\" \/>\n<meta name=\"twitter:card\" content=\"summary_large_image\" \/>\n<meta name=\"twitter:label1\" content=\"Skrevet af\" \/>\n\t<meta name=\"twitter:data1\" content=\"Lucile\" \/>\n\t<meta name=\"twitter:label2\" content=\"Estimeret l\u00e6setid\" \/>\n\t<meta name=\"twitter:data2\" content=\"5 minutter\" \/>\n<script type=\"application\/ld+json\" class=\"yoast-schema-graph\">{\"@context\":\"https:\\\/\\\/schema.org\",\"@graph\":[{\"@type\":\"Article\",\"@id\":\"https:\\\/\\\/blog.maciterneecolo.fr\\\/da\\\/miljoeforbrug-i-vores-hjem-i-frankrig\\\/#article\",\"isPartOf\":{\"@id\":\"https:\\\/\\\/blog.maciterneecolo.fr\\\/da\\\/miljoeforbrug-i-vores-hjem-i-frankrig\\\/\"},\"author\":{\"name\":\"Lucile\",\"@id\":\"https:\\\/\\\/blog.maciterneecolo.fr\\\/da\\\/#\\\/schema\\\/person\\\/cfb93b191140c86292f0707edfd4b6fe\"},\"headline\":\"Milj\u00f8forbrug i vores hjem i Frankrig\",\"datePublished\":\"2023-02-02T13:40:56+00:00\",\"dateModified\":\"2023-07-28T11:15:06+00:00\",\"mainEntityOfPage\":{\"@id\":\"https:\\\/\\\/blog.maciterneecolo.fr\\\/da\\\/miljoeforbrug-i-vores-hjem-i-frankrig\\\/\"},\"wordCount\":998,\"publisher\":{\"@id\":\"https:\\\/\\\/blog.maciterneecolo.fr\\\/da\\\/#organization\"},\"image\":{\"@id\":\"https:\\\/\\\/blog.maciterneecolo.fr\\\/da\\\/miljoeforbrug-i-vores-hjem-i-frankrig\\\/#primaryimage\"},\"thumbnailUrl\":\"https:\\\/\\\/blog.maciterneecolo.fr\\\/wp-content\\\/uploads\\\/2023\\\/02\\\/protection-environnement-ecologie.jpg\",\"keywords\":[\"fleksibel tank\",\"milj\u00f8beskyttelse\",\"\u00f8koforbrug\",\"\u00f8kologi\"],\"articleSection\":[\"Alt, hvad du beh\u00f8ver at vide om den fleksible tank\"],\"inLanguage\":\"da-DK\"},{\"@type\":\"WebPage\",\"@id\":\"https:\\\/\\\/blog.maciterneecolo.fr\\\/da\\\/miljoeforbrug-i-vores-hjem-i-frankrig\\\/\",\"url\":\"https:\\\/\\\/blog.maciterneecolo.fr\\\/da\\\/miljoeforbrug-i-vores-hjem-i-frankrig\\\/\",\"name\":\"Milj\u00f8forbrug i vores hjem i Frankrig\",\"isPartOf\":{\"@id\":\"https:\\\/\\\/blog.maciterneecolo.fr\\\/da\\\/#website\"},\"primaryImageOfPage\":{\"@id\":\"https:\\\/\\\/blog.maciterneecolo.fr\\\/da\\\/miljoeforbrug-i-vores-hjem-i-frankrig\\\/#primaryimage\"},\"image\":{\"@id\":\"https:\\\/\\\/blog.maciterneecolo.fr\\\/da\\\/miljoeforbrug-i-vores-hjem-i-frankrig\\\/#primaryimage\"},\"thumbnailUrl\":\"https:\\\/\\\/blog.maciterneecolo.fr\\\/wp-content\\\/uploads\\\/2023\\\/02\\\/protection-environnement-ecologie.jpg\",\"datePublished\":\"2023-02-02T13:40:56+00:00\",\"dateModified\":\"2023-07-28T11:15:06+00:00\",\"description\":\"\u00d8koforbruget er mere og mere til stede i vores hjem i Frankrig med en stigende bevidsthed hos husholdningerne!\",\"breadcrumb\":{\"@id\":\"https:\\\/\\\/blog.maciterneecolo.fr\\\/da\\\/miljoeforbrug-i-vores-hjem-i-frankrig\\\/#breadcrumb\"},\"inLanguage\":\"da-DK\",\"potentialAction\":[{\"@type\":\"ReadAction\",\"target\":[\"https:\\\/\\\/blog.maciterneecolo.fr\\\/da\\\/miljoeforbrug-i-vores-hjem-i-frankrig\\\/\"]}]},{\"@type\":\"ImageObject\",\"inLanguage\":\"da-DK\",\"@id\":\"https:\\\/\\\/blog.maciterneecolo.fr\\\/da\\\/miljoeforbrug-i-vores-hjem-i-frankrig\\\/#primaryimage\",\"url\":\"https:\\\/\\\/blog.maciterneecolo.fr\\\/wp-content\\\/uploads\\\/2023\\\/02\\\/protection-environnement-ecologie.jpg\",\"contentUrl\":\"https:\\\/\\\/blog.maciterneecolo.fr\\\/wp-content\\\/uploads\\\/2023\\\/02\\\/protection-environnement-ecologie.jpg\",\"width\":1920,\"height\":1280},{\"@type\":\"BreadcrumbList\",\"@id\":\"https:\\\/\\\/blog.maciterneecolo.fr\\\/da\\\/miljoeforbrug-i-vores-hjem-i-frankrig\\\/#breadcrumb\",\"itemListElement\":[{\"@type\":\"ListItem\",\"position\":1,\"name\":\"Accueil\",\"item\":\"https:\\\/\\\/blog.maciterneecolo.fr\\\/da\\\/\"},{\"@type\":\"ListItem\",\"position\":2,\"name\":\"Milj\u00f8forbrug i vores hjem i Frankrig\"}]},{\"@type\":\"WebSite\",\"@id\":\"https:\\\/\\\/blog.maciterneecolo.fr\\\/da\\\/#website\",\"url\":\"https:\\\/\\\/blog.maciterneecolo.fr\\\/da\\\/\",\"name\":\"Blog Ma Citerne Ecolo\",\"description\":\"Leader dans le domaine de la citerne souple d&#039;eau de pluie\",\"publisher\":{\"@id\":\"https:\\\/\\\/blog.maciterneecolo.fr\\\/da\\\/#organization\"},\"potentialAction\":[{\"@type\":\"SearchAction\",\"target\":{\"@type\":\"EntryPoint\",\"urlTemplate\":\"https:\\\/\\\/blog.maciterneecolo.fr\\\/da\\\/?s={search_term_string}\"},\"query-input\":{\"@type\":\"PropertyValueSpecification\",\"valueRequired\":true,\"valueName\":\"search_term_string\"}}],\"inLanguage\":\"da-DK\"},{\"@type\":\"Organization\",\"@id\":\"https:\\\/\\\/blog.maciterneecolo.fr\\\/da\\\/#organization\",\"name\":\"Blog Ma Citerne Ecolo\",\"url\":\"https:\\\/\\\/blog.maciterneecolo.fr\\\/da\\\/\",\"logo\":{\"@type\":\"ImageObject\",\"inLanguage\":\"da-DK\",\"@id\":\"https:\\\/\\\/blog.maciterneecolo.fr\\\/da\\\/#\\\/schema\\\/logo\\\/image\\\/\",\"url\":\"https:\\\/\\\/blog.maciterneecolo.fr\\\/wp-content\\\/uploads\\\/2022\\\/12\\\/cropped-favicon-blog.png\",\"contentUrl\":\"https:\\\/\\\/blog.maciterneecolo.fr\\\/wp-content\\\/uploads\\\/2022\\\/12\\\/cropped-favicon-blog.png\",\"width\":512,\"height\":512,\"caption\":\"Blog Ma Citerne Ecolo\"},\"image\":{\"@id\":\"https:\\\/\\\/blog.maciterneecolo.fr\\\/da\\\/#\\\/schema\\\/logo\\\/image\\\/\"}},{\"@type\":\"Person\",\"@id\":\"https:\\\/\\\/blog.maciterneecolo.fr\\\/da\\\/#\\\/schema\\\/person\\\/cfb93b191140c86292f0707edfd4b6fe\",\"name\":\"Lucile\",\"image\":{\"@type\":\"ImageObject\",\"inLanguage\":\"da-DK\",\"@id\":\"https:\\\/\\\/secure.gravatar.com\\\/avatar\\\/3c571ab7761bcc142db76a63f33a2a5ebee8b76990a871c9329e3e6df7ae9f3c?s=96&d=mm&r=g\",\"url\":\"https:\\\/\\\/secure.gravatar.com\\\/avatar\\\/3c571ab7761bcc142db76a63f33a2a5ebee8b76990a871c9329e3e6df7ae9f3c?s=96&d=mm&r=g\",\"contentUrl\":\"https:\\\/\\\/secure.gravatar.com\\\/avatar\\\/3c571ab7761bcc142db76a63f33a2a5ebee8b76990a871c9329e3e6df7ae9f3c?s=96&d=mm&r=g\",\"caption\":\"Lucile\"},\"url\":\"https:\\\/\\\/blog.maciterneecolo.fr\\\/da\\\/author\\\/lucilewerkeyn\\\/\"}]}<\/script>\n<!-- \/ Yoast SEO plugin. -->","yoast_head_json":{"title":"Milj\u00f8forbrug i vores hjem i Frankrig","description":"\u00d8koforbruget er mere og mere til stede i vores hjem i Frankrig med en stigende bevidsthed hos husholdningerne!","robots":{"index":"index","follow":"follow","max-snippet":"max-snippet:-1","max-image-preview":"max-image-preview:large","max-video-preview":"max-video-preview:-1"},"canonical":"https:\/\/blog.maciterneecolo.fr\/da\/miljoeforbrug-i-vores-hjem-i-frankrig\/","og_locale":"da_DK","og_type":"article","og_title":"Milj\u00f8forbrug i vores hjem i Frankrig","og_description":"\u00d8koforbruget er mere og mere til stede i vores hjem i Frankrig med en stigende bevidsthed hos husholdningerne!","og_url":"https:\/\/blog.maciterneecolo.fr\/da\/miljoeforbrug-i-vores-hjem-i-frankrig\/","og_site_name":"Blog Ma Citerne Ecolo","article_published_time":"2023-02-02T13:40:56+00:00","article_modified_time":"2023-07-28T11:15:06+00:00","og_image":[{"width":1920,"height":1280,"url":"https:\/\/blog.maciterneecolo.fr\/wp-content\/uploads\/2023\/02\/protection-environnement-ecologie.jpg","type":"image\/jpeg"}],"author":"Lucile","twitter_card":"summary_large_image","twitter_misc":{"Skrevet af":"Lucile","Estimeret l\u00e6setid":"5 minutter"},"schema":{"@context":"https:\/\/schema.org","@graph":[{"@type":"Article","@id":"https:\/\/blog.maciterneecolo.fr\/da\/miljoeforbrug-i-vores-hjem-i-frankrig\/#article","isPartOf":{"@id":"https:\/\/blog.maciterneecolo.fr\/da\/miljoeforbrug-i-vores-hjem-i-frankrig\/"},"author":{"name":"Lucile","@id":"https:\/\/blog.maciterneecolo.fr\/da\/#\/schema\/person\/cfb93b191140c86292f0707edfd4b6fe"},"headline":"Milj\u00f8forbrug i vores hjem i Frankrig","datePublished":"2023-02-02T13:40:56+00:00","dateModified":"2023-07-28T11:15:06+00:00","mainEntityOfPage":{"@id":"https:\/\/blog.maciterneecolo.fr\/da\/miljoeforbrug-i-vores-hjem-i-frankrig\/"},"wordCount":998,"publisher":{"@id":"https:\/\/blog.maciterneecolo.fr\/da\/#organization"},"image":{"@id":"https:\/\/blog.maciterneecolo.fr\/da\/miljoeforbrug-i-vores-hjem-i-frankrig\/#primaryimage"},"thumbnailUrl":"https:\/\/blog.maciterneecolo.fr\/wp-content\/uploads\/2023\/02\/protection-environnement-ecologie.jpg","keywords":["fleksibel tank","milj\u00f8beskyttelse","\u00f8koforbrug","\u00f8kologi"],"articleSection":["Alt, hvad du beh\u00f8ver at vide om den fleksible tank"],"inLanguage":"da-DK"},{"@type":"WebPage","@id":"https:\/\/blog.maciterneecolo.fr\/da\/miljoeforbrug-i-vores-hjem-i-frankrig\/","url":"https:\/\/blog.maciterneecolo.fr\/da\/miljoeforbrug-i-vores-hjem-i-frankrig\/","name":"Milj\u00f8forbrug i vores hjem i Frankrig","isPartOf":{"@id":"https:\/\/blog.maciterneecolo.fr\/da\/#website"},"primaryImageOfPage":{"@id":"https:\/\/blog.maciterneecolo.fr\/da\/miljoeforbrug-i-vores-hjem-i-frankrig\/#primaryimage"},"image":{"@id":"https:\/\/blog.maciterneecolo.fr\/da\/miljoeforbrug-i-vores-hjem-i-frankrig\/#primaryimage"},"thumbnailUrl":"https:\/\/blog.maciterneecolo.fr\/wp-content\/uploads\/2023\/02\/protection-environnement-ecologie.jpg","datePublished":"2023-02-02T13:40:56+00:00","dateModified":"2023-07-28T11:15:06+00:00","description":"\u00d8koforbruget er mere og mere til stede i vores hjem i Frankrig med en stigende bevidsthed hos husholdningerne!","breadcrumb":{"@id":"https:\/\/blog.maciterneecolo.fr\/da\/miljoeforbrug-i-vores-hjem-i-frankrig\/#breadcrumb"},"inLanguage":"da-DK","potentialAction":[{"@type":"ReadAction","target":["https:\/\/blog.maciterneecolo.fr\/da\/miljoeforbrug-i-vores-hjem-i-frankrig\/"]}]},{"@type":"ImageObject","inLanguage":"da-DK","@id":"https:\/\/blog.maciterneecolo.fr\/da\/miljoeforbrug-i-vores-hjem-i-frankrig\/#primaryimage","url":"https:\/\/blog.maciterneecolo.fr\/wp-content\/uploads\/2023\/02\/protection-environnement-ecologie.jpg","contentUrl":"https:\/\/blog.maciterneecolo.fr\/wp-content\/uploads\/2023\/02\/protection-environnement-ecologie.jpg","width":1920,"height":1280},{"@type":"BreadcrumbList","@id":"https:\/\/blog.maciterneecolo.fr\/da\/miljoeforbrug-i-vores-hjem-i-frankrig\/#breadcrumb","itemListElement":[{"@type":"ListItem","position":1,"name":"Accueil","item":"https:\/\/blog.maciterneecolo.fr\/da\/"},{"@type":"ListItem","position":2,"name":"Milj\u00f8forbrug i vores hjem i Frankrig"}]},{"@type":"WebSite","@id":"https:\/\/blog.maciterneecolo.fr\/da\/#website","url":"https:\/\/blog.maciterneecolo.fr\/da\/","name":"Blog Ma Citerne Ecolo","description":"Leader dans le domaine de la citerne souple d&#039;eau de pluie","publisher":{"@id":"https:\/\/blog.maciterneecolo.fr\/da\/#organization"},"potentialAction":[{"@type":"SearchAction","target":{"@type":"EntryPoint","urlTemplate":"https:\/\/blog.maciterneecolo.fr\/da\/?s={search_term_string}"},"query-input":{"@type":"PropertyValueSpecification","valueRequired":true,"valueName":"search_term_string"}}],"inLanguage":"da-DK"},{"@type":"Organization","@id":"https:\/\/blog.maciterneecolo.fr\/da\/#organization","name":"Blog Ma Citerne Ecolo","url":"https:\/\/blog.maciterneecolo.fr\/da\/","logo":{"@type":"ImageObject","inLanguage":"da-DK","@id":"https:\/\/blog.maciterneecolo.fr\/da\/#\/schema\/logo\/image\/","url":"https:\/\/blog.maciterneecolo.fr\/wp-content\/uploads\/2022\/12\/cropped-favicon-blog.png","contentUrl":"https:\/\/blog.maciterneecolo.fr\/wp-content\/uploads\/2022\/12\/cropped-favicon-blog.png","width":512,"height":512,"caption":"Blog Ma Citerne Ecolo"},"image":{"@id":"https:\/\/blog.maciterneecolo.fr\/da\/#\/schema\/logo\/image\/"}},{"@type":"Person","@id":"https:\/\/blog.maciterneecolo.fr\/da\/#\/schema\/person\/cfb93b191140c86292f0707edfd4b6fe","name":"Lucile","image":{"@type":"ImageObject","inLanguage":"da-DK","@id":"https:\/\/secure.gravatar.com\/avatar\/3c571ab7761bcc142db76a63f33a2a5ebee8b76990a871c9329e3e6df7ae9f3c?s=96&d=mm&r=g","url":"https:\/\/secure.gravatar.com\/avatar\/3c571ab7761bcc142db76a63f33a2a5ebee8b76990a871c9329e3e6df7ae9f3c?s=96&d=mm&r=g","contentUrl":"https:\/\/secure.gravatar.com\/avatar\/3c571ab7761bcc142db76a63f33a2a5ebee8b76990a871c9329e3e6df7ae9f3c?s=96&d=mm&r=g","caption":"Lucile"},"url":"https:\/\/blog.maciterneecolo.fr\/da\/author\/lucilewerkeyn\/"}]}},"_links":{"self":[{"href":"https:\/\/blog.maciterneecolo.fr\/da\/wp-json\/wp\/v2\/posts\/5889","targetHints":{"allow":["GET"]}}],"collection":[{"href":"https:\/\/blog.maciterneecolo.fr\/da\/wp-json\/wp\/v2\/posts"}],"about":[{"href":"https:\/\/blog.maciterneecolo.fr\/da\/wp-json\/wp\/v2\/types\/post"}],"author":[{"embeddable":true,"href":"https:\/\/blog.maciterneecolo.fr\/da\/wp-json\/wp\/v2\/users\/2"}],"replies":[{"embeddable":true,"href":"https:\/\/blog.maciterneecolo.fr\/da\/wp-json\/wp\/v2\/comments?post=5889"}],"version-history":[{"count":6,"href":"https:\/\/blog.maciterneecolo.fr\/da\/wp-json\/wp\/v2\/posts\/5889\/revisions"}],"predecessor-version":[{"id":7687,"href":"https:\/\/blog.maciterneecolo.fr\/da\/wp-json\/wp\/v2\/posts\/5889\/revisions\/7687"}],"wp:featuredmedia":[{"embeddable":true,"href":"https:\/\/blog.maciterneecolo.fr\/da\/wp-json\/wp\/v2\/media\/5874"}],"wp:attachment":[{"href":"https:\/\/blog.maciterneecolo.fr\/da\/wp-json\/wp\/v2\/media?parent=5889"}],"wp:term":[{"taxonomy":"category","embeddable":true,"href":"https:\/\/blog.maciterneecolo.fr\/da\/wp-json\/wp\/v2\/categories?post=5889"},{"taxonomy":"post_tag","embeddable":true,"href":"https:\/\/blog.maciterneecolo.fr\/da\/wp-json\/wp\/v2\/tags?post=5889"}],"curies":[{"name":"wp","href":"https:\/\/api.w.org\/{rel}","templated":true}]}}