{"id":6280,"date":"2023-03-22T10:56:09","date_gmt":"2023-03-22T10:56:09","guid":{"rendered":"https:\/\/blog.maciterneecolo.fr\/er-det-muligt-at-faa-stoette-og-eller-skattefradrag-til-at-finansiere-en-fleksibel-tank\/"},"modified":"2023-07-28T09:21:16","modified_gmt":"2023-07-28T09:21:16","slug":"er-det-muligt-at-faa-stoette-og-eller-skattefradrag-til-at-finansiere-en-fleksibel-tank","status":"publish","type":"post","link":"https:\/\/blog.maciterneecolo.fr\/da\/er-det-muligt-at-faa-stoette-og-eller-skattefradrag-til-at-finansiere-en-fleksibel-tank\/","title":{"rendered":"Er det muligt at f\u00e5 st\u00f8tte og\/eller skattefradrag til at finansiere en fleksibel tank?"},"content":{"rendered":"\n<p>Opsamling af regnvand er blevet et vigtigt emne. De lokale og regionale myndigheder og andre offentlige institutioner er opm\u00e6rksomme p\u00e5 dette sp\u00f8rgsm\u00e5l og \u00f8nsker at bidrage p\u00e5 deres niveau til finansieringen af energibesparende udstyr.  <\/p>\n\n<h2 class=\"wp-block-heading has-large-font-size\"><strong>Kommunale tilskud til indk\u00f8b af tanke.<\/strong><\/h2>\n\n<p>Mange lokale myndigheder giver tilskud. De bruges til at finansiere k\u00f8b og installation af de <a href=\"https:\/\/www.maciterneecolo.fr\/fr\/3-citernes-souples\" target=\"_blank\" rel=\"noreferrer noopener\">fleksible tanke<\/a>. Som f\u00f8lge heraf er det blevet lettere at reducere forbruget af drikkevand. For at finde ud af, hvordan denne st\u00f8tte ydes, skal du kontakte din kommune eller din tv\u00e6rkommunale myndighed. I stil med visse franske kommuner eller interkommunale samarbejdsinstitutioner. Som Grand Paris Seine Ouest, der finansierer visse faciliteter med op til 50 % af udstyrets pris, inklusive moms. Din lokale myndighed kan m\u00e5ske ogs\u00e5 hj\u00e6lpe dig med at finansiere dit projekt, inden for rammerne af dens bef\u00f8jelser.  <\/p>\n\n<p>Ans\u00f8gninger om s\u00e5danne tilskud skal indgives til de relevante afdelinger i den p\u00e5g\u00e6ldende kommune, hvis kommunen yder tilskud.  <\/p>\n\n<p>I de fleste tilf\u00e6lde afh\u00e6nger st\u00f8ttebel\u00f8bet af indkomsten i din skattehusstand og er baseret p\u00e5 forel\u00e6ggelse af en kvitteret faktura.  <\/p>\n\n<p>Denne st\u00f8tte kan supplere den st\u00f8tte, der kan ydes af departementet eller regionsr\u00e5det.  <\/p>\n\n<p>Ligesom din lokale myndighed tilskynder departementet eller regionen til b\u00e6redygtig forvaltning af vandressourcer. Derfor kan de begge give dig \u00f8konomisk st\u00f8tte til k\u00f8bet af dit <a href=\"https:\/\/www.maciterneecolo.fr\/fr\/3-citernes-souples\" target=\"_blank\" rel=\"noreferrer noopener\">regnvandsopsamlingssystem<\/a>. T\u00e6nk p\u00e5 at sp\u00f8rge dem!  <\/p>\n\n<h2 class=\"wp-block-heading has-large-font-size\"><strong>St\u00f8tte fra offentlige instanser til k\u00f8b af en tank.  <\/strong> <\/h2>\n\n<p><strong><a href=\"https:\/\/www.anah.fr\/\" target=\"_blank\" rel=\"noreferrer noopener\">Anah<\/a><\/strong><\/p>\n\n<p>Agence Nationale pour l&#8217;Am\u00e9lioration de l&#8217;Habitat hj\u00e6lper dig med at finansiere dit udstyr til opsamling af regnvand. Hvis du opfylder betingelserne for at v\u00e6re berettiget. T\u00f8v ikke med at bes\u00f8ge deres websted for at f\u00e5 flere oplysninger.  <\/p>\n\n<p><strong>Endelig var der indtil 2021 et skattefradrag for k\u00f8b og installation af et regnvandsopsamlingssystem, som nu er blevet afskaffet. Det er meget muligt, at dette vil blive genintroduceret i et nyt &#8220;format&#8221; i de kommende m\u00e5neder.<\/strong>.<strong> <\/strong><strong>Glem ikke at tjekke regeringens hjemmeside regelm\u00e6ssigt for mere<\/strong> information.<\/p>\n\n<p><\/p>\n\n<p>T\u00f8v ikke med at bes\u00f8ge vores MaCiterneEcolo.fr hjemmeside eller l\u00e6se de forskellige artikler p\u00e5 vores<a href=\"https:\/\/blog.maciterneecolo.fr\/da\/\">blog<\/a> for at finde ud af mere om vores fleksible tanke.<\/p>\n<div class=\"wp-block-image\">\n<figure class=\"aligncenter size-large is-resized\"><img fetchpriority=\"high\" decoding=\"async\" src=\"https:\/\/blog.maciterneecolo.fr\/wp-content\/uploads\/2023\/03\/Anticipez-les-futures-penuries-deaux-11-1024x858.png\" alt=\"Genbrug dit regnvand&#10;Tilskud og subsidier  \" class=\"wp-image-6053\" width=\"558\" height=\"467\" srcset=\"https:\/\/blog.maciterneecolo.fr\/wp-content\/uploads\/2023\/03\/Anticipez-les-futures-penuries-deaux-11-1024x858.png 1024w, https:\/\/blog.maciterneecolo.fr\/wp-content\/uploads\/2023\/03\/Anticipez-les-futures-penuries-deaux-11-300x251.png 300w, https:\/\/blog.maciterneecolo.fr\/wp-content\/uploads\/2023\/03\/Anticipez-les-futures-penuries-deaux-11-768x644.png 768w, https:\/\/blog.maciterneecolo.fr\/wp-content\/uploads\/2023\/03\/Anticipez-les-futures-penuries-deaux-11-1536x1288.png 1536w, https:\/\/blog.maciterneecolo.fr\/wp-content\/uploads\/2023\/03\/Anticipez-les-futures-penuries-deaux-11-2048x1717.png 2048w\" sizes=\"(max-width: 558px) 100vw, 558px\" \/><\/figure><\/div>","protected":false},"excerpt":{"rendered":"<p>Opsamling af regnvand er blevet et vigtigt emne. De lokale og regionale myndigheder og andre offentlige institutioner er opm\u00e6rksomme p\u00e5 dette sp\u00f8rgsm\u00e5l og \u00f8nsker at bidrage p\u00e5 deres niveau til finansieringen af energibesparende udstyr. Kommunale tilskud til indk\u00f8b af tanke. Mange lokale myndigheder giver tilskud. De bruges til at finansiere k\u00f8b og installation af de [&hellip;]<\/p>\n","protected":false},"author":5,"featured_media":6037,"comment_status":"closed","ping_status":"closed","sticky":false,"template":"","format":"standard","meta":{"inline_featured_image":false,"footnotes":""},"categories":[1947,1777],"tags":[60,1948,61,1949],"class_list":["post-6280","post","type-post","status-publish","format-standard","has-post-thumbnail","hentry","category-stotte-og-tilskud","category-uklassificeret","tag-fleksibel-tank","tag-hjaelpemidler","tag-regnvand","tag-tilskud"],"yoast_head":"<!-- This site is optimized with the Yoast SEO plugin v27.4 - https:\/\/yoast.com\/product\/yoast-seo-wordpress\/ -->\n<title>Er der nogen form for st\u00f8tte til finansiering af en fleksibel tank?<\/title>\n<meta name=\"description\" content=\"St\u00f8tte og skattefradrag til fleksible tanke. Find ud af, hvordan du kan finansiere din fleksible tank!\" \/>\n<meta name=\"robots\" content=\"index, follow, max-snippet:-1, max-image-preview:large, max-video-preview:-1\" \/>\n<link rel=\"canonical\" href=\"https:\/\/blog.maciterneecolo.fr\/da\/er-det-muligt-at-faa-stoette-og-eller-skattefradrag-til-at-finansiere-en-fleksibel-tank\/\" \/>\n<meta property=\"og:locale\" content=\"da_DK\" \/>\n<meta property=\"og:type\" content=\"article\" \/>\n<meta property=\"og:title\" content=\"Er der nogen form for st\u00f8tte til finansiering af en fleksibel tank?\" \/>\n<meta property=\"og:description\" content=\"St\u00f8tte og skattefradrag til fleksible tanke. Find ud af, hvordan du kan finansiere din fleksible tank!\" \/>\n<meta property=\"og:url\" content=\"https:\/\/blog.maciterneecolo.fr\/da\/er-det-muligt-at-faa-stoette-og-eller-skattefradrag-til-at-finansiere-en-fleksibel-tank\/\" \/>\n<meta property=\"og:site_name\" content=\"Blog Ma Citerne Ecolo\" \/>\n<meta property=\"article:published_time\" content=\"2023-03-22T10:56:09+00:00\" \/>\n<meta property=\"article:modified_time\" content=\"2023-07-28T09:21:16+00:00\" \/>\n<meta property=\"og:image\" content=\"https:\/\/blog.maciterneecolo.fr\/wp-content\/uploads\/2023\/03\/aides-et-subv.png\" \/>\n\t<meta property=\"og:image:width\" content=\"1156\" \/>\n\t<meta property=\"og:image:height\" content=\"768\" \/>\n\t<meta property=\"og:image:type\" content=\"image\/png\" \/>\n<meta name=\"author\" content=\"Alexis DANG\" \/>\n<meta name=\"twitter:card\" content=\"summary_large_image\" \/>\n<meta name=\"twitter:label1\" content=\"Skrevet af\" \/>\n\t<meta name=\"twitter:data1\" content=\"Alexis DANG\" \/>\n\t<meta name=\"twitter:label2\" content=\"Estimeret l\u00e6setid\" \/>\n\t<meta name=\"twitter:data2\" content=\"2 minutter\" \/>\n<script type=\"application\/ld+json\" class=\"yoast-schema-graph\">{\"@context\":\"https:\\\/\\\/schema.org\",\"@graph\":[{\"@type\":\"Article\",\"@id\":\"https:\\\/\\\/blog.maciterneecolo.fr\\\/da\\\/er-det-muligt-at-faa-stoette-og-eller-skattefradrag-til-at-finansiere-en-fleksibel-tank\\\/#article\",\"isPartOf\":{\"@id\":\"https:\\\/\\\/blog.maciterneecolo.fr\\\/da\\\/er-det-muligt-at-faa-stoette-og-eller-skattefradrag-til-at-finansiere-en-fleksibel-tank\\\/\"},\"author\":{\"name\":\"Alexis DANG\",\"@id\":\"https:\\\/\\\/blog.maciterneecolo.fr\\\/da\\\/#\\\/schema\\\/person\\\/5155970109fa48d9d3d76c40bba36979\"},\"headline\":\"Er det muligt at f\u00e5 st\u00f8tte og\\\/eller skattefradrag til at finansiere en fleksibel tank?\",\"datePublished\":\"2023-03-22T10:56:09+00:00\",\"dateModified\":\"2023-07-28T09:21:16+00:00\",\"mainEntityOfPage\":{\"@id\":\"https:\\\/\\\/blog.maciterneecolo.fr\\\/da\\\/er-det-muligt-at-faa-stoette-og-eller-skattefradrag-til-at-finansiere-en-fleksibel-tank\\\/\"},\"wordCount\":391,\"publisher\":{\"@id\":\"https:\\\/\\\/blog.maciterneecolo.fr\\\/da\\\/#organization\"},\"image\":{\"@id\":\"https:\\\/\\\/blog.maciterneecolo.fr\\\/da\\\/er-det-muligt-at-faa-stoette-og-eller-skattefradrag-til-at-finansiere-en-fleksibel-tank\\\/#primaryimage\"},\"thumbnailUrl\":\"https:\\\/\\\/blog.maciterneecolo.fr\\\/wp-content\\\/uploads\\\/2023\\\/03\\\/aides-et-subv.png\",\"keywords\":[\"fleksibel tank\",\"Hj\u00e6lpemidler\",\"regnvand\",\"Tilskud\"],\"articleSection\":[\"St\u00f8tte og tilskud\",\"Uklassificeret\"],\"inLanguage\":\"da-DK\"},{\"@type\":\"WebPage\",\"@id\":\"https:\\\/\\\/blog.maciterneecolo.fr\\\/da\\\/er-det-muligt-at-faa-stoette-og-eller-skattefradrag-til-at-finansiere-en-fleksibel-tank\\\/\",\"url\":\"https:\\\/\\\/blog.maciterneecolo.fr\\\/da\\\/er-det-muligt-at-faa-stoette-og-eller-skattefradrag-til-at-finansiere-en-fleksibel-tank\\\/\",\"name\":\"Er der nogen form for st\u00f8tte til finansiering af en fleksibel tank?\",\"isPartOf\":{\"@id\":\"https:\\\/\\\/blog.maciterneecolo.fr\\\/da\\\/#website\"},\"primaryImageOfPage\":{\"@id\":\"https:\\\/\\\/blog.maciterneecolo.fr\\\/da\\\/er-det-muligt-at-faa-stoette-og-eller-skattefradrag-til-at-finansiere-en-fleksibel-tank\\\/#primaryimage\"},\"image\":{\"@id\":\"https:\\\/\\\/blog.maciterneecolo.fr\\\/da\\\/er-det-muligt-at-faa-stoette-og-eller-skattefradrag-til-at-finansiere-en-fleksibel-tank\\\/#primaryimage\"},\"thumbnailUrl\":\"https:\\\/\\\/blog.maciterneecolo.fr\\\/wp-content\\\/uploads\\\/2023\\\/03\\\/aides-et-subv.png\",\"datePublished\":\"2023-03-22T10:56:09+00:00\",\"dateModified\":\"2023-07-28T09:21:16+00:00\",\"description\":\"St\u00f8tte og skattefradrag til fleksible tanke. Find ud af, hvordan du kan finansiere din fleksible tank!\",\"breadcrumb\":{\"@id\":\"https:\\\/\\\/blog.maciterneecolo.fr\\\/da\\\/er-det-muligt-at-faa-stoette-og-eller-skattefradrag-til-at-finansiere-en-fleksibel-tank\\\/#breadcrumb\"},\"inLanguage\":\"da-DK\",\"potentialAction\":[{\"@type\":\"ReadAction\",\"target\":[\"https:\\\/\\\/blog.maciterneecolo.fr\\\/da\\\/er-det-muligt-at-faa-stoette-og-eller-skattefradrag-til-at-finansiere-en-fleksibel-tank\\\/\"]}]},{\"@type\":\"ImageObject\",\"inLanguage\":\"da-DK\",\"@id\":\"https:\\\/\\\/blog.maciterneecolo.fr\\\/da\\\/er-det-muligt-at-faa-stoette-og-eller-skattefradrag-til-at-finansiere-en-fleksibel-tank\\\/#primaryimage\",\"url\":\"https:\\\/\\\/blog.maciterneecolo.fr\\\/wp-content\\\/uploads\\\/2023\\\/03\\\/aides-et-subv.png\",\"contentUrl\":\"https:\\\/\\\/blog.maciterneecolo.fr\\\/wp-content\\\/uploads\\\/2023\\\/03\\\/aides-et-subv.png\",\"width\":1156,\"height\":768,\"caption\":\"Aides financi\u00e8res \\\/ subventions de l'\u00e9tat pour r\u00e9cup\u00e9rer les eaux de pluie\"},{\"@type\":\"BreadcrumbList\",\"@id\":\"https:\\\/\\\/blog.maciterneecolo.fr\\\/da\\\/er-det-muligt-at-faa-stoette-og-eller-skattefradrag-til-at-finansiere-en-fleksibel-tank\\\/#breadcrumb\",\"itemListElement\":[{\"@type\":\"ListItem\",\"position\":1,\"name\":\"Accueil\",\"item\":\"https:\\\/\\\/blog.maciterneecolo.fr\\\/da\\\/\"},{\"@type\":\"ListItem\",\"position\":2,\"name\":\"Er det muligt at f\u00e5 st\u00f8tte og\\\/eller skattefradrag til at finansiere en fleksibel tank?\"}]},{\"@type\":\"WebSite\",\"@id\":\"https:\\\/\\\/blog.maciterneecolo.fr\\\/da\\\/#website\",\"url\":\"https:\\\/\\\/blog.maciterneecolo.fr\\\/da\\\/\",\"name\":\"Blog Ma Citerne Ecolo\",\"description\":\"Leader dans le domaine de la citerne souple d&#039;eau de pluie\",\"publisher\":{\"@id\":\"https:\\\/\\\/blog.maciterneecolo.fr\\\/da\\\/#organization\"},\"potentialAction\":[{\"@type\":\"SearchAction\",\"target\":{\"@type\":\"EntryPoint\",\"urlTemplate\":\"https:\\\/\\\/blog.maciterneecolo.fr\\\/da\\\/?s={search_term_string}\"},\"query-input\":{\"@type\":\"PropertyValueSpecification\",\"valueRequired\":true,\"valueName\":\"search_term_string\"}}],\"inLanguage\":\"da-DK\"},{\"@type\":\"Organization\",\"@id\":\"https:\\\/\\\/blog.maciterneecolo.fr\\\/da\\\/#organization\",\"name\":\"Blog Ma Citerne Ecolo\",\"url\":\"https:\\\/\\\/blog.maciterneecolo.fr\\\/da\\\/\",\"logo\":{\"@type\":\"ImageObject\",\"inLanguage\":\"da-DK\",\"@id\":\"https:\\\/\\\/blog.maciterneecolo.fr\\\/da\\\/#\\\/schema\\\/logo\\\/image\\\/\",\"url\":\"https:\\\/\\\/blog.maciterneecolo.fr\\\/wp-content\\\/uploads\\\/2022\\\/12\\\/cropped-favicon-blog.png\",\"contentUrl\":\"https:\\\/\\\/blog.maciterneecolo.fr\\\/wp-content\\\/uploads\\\/2022\\\/12\\\/cropped-favicon-blog.png\",\"width\":512,\"height\":512,\"caption\":\"Blog Ma Citerne Ecolo\"},\"image\":{\"@id\":\"https:\\\/\\\/blog.maciterneecolo.fr\\\/da\\\/#\\\/schema\\\/logo\\\/image\\\/\"}},{\"@type\":\"Person\",\"@id\":\"https:\\\/\\\/blog.maciterneecolo.fr\\\/da\\\/#\\\/schema\\\/person\\\/5155970109fa48d9d3d76c40bba36979\",\"name\":\"Alexis DANG\",\"image\":{\"@type\":\"ImageObject\",\"inLanguage\":\"da-DK\",\"@id\":\"https:\\\/\\\/secure.gravatar.com\\\/avatar\\\/24c2478f0bab29db5e937d0340f0c4cac15d0b1d9a9adf0853c6bf3f9d885c94?s=96&d=mm&r=g\",\"url\":\"https:\\\/\\\/secure.gravatar.com\\\/avatar\\\/24c2478f0bab29db5e937d0340f0c4cac15d0b1d9a9adf0853c6bf3f9d885c94?s=96&d=mm&r=g\",\"contentUrl\":\"https:\\\/\\\/secure.gravatar.com\\\/avatar\\\/24c2478f0bab29db5e937d0340f0c4cac15d0b1d9a9adf0853c6bf3f9d885c94?s=96&d=mm&r=g\",\"caption\":\"Alexis DANG\"},\"url\":\"https:\\\/\\\/blog.maciterneecolo.fr\\\/da\\\/author\\\/alexis-dang\\\/\"}]}<\/script>\n<!-- \/ Yoast SEO plugin. -->","yoast_head_json":{"title":"Er der nogen form for st\u00f8tte til finansiering af en fleksibel tank?","description":"St\u00f8tte og skattefradrag til fleksible tanke. Find ud af, hvordan du kan finansiere din fleksible tank!","robots":{"index":"index","follow":"follow","max-snippet":"max-snippet:-1","max-image-preview":"max-image-preview:large","max-video-preview":"max-video-preview:-1"},"canonical":"https:\/\/blog.maciterneecolo.fr\/da\/er-det-muligt-at-faa-stoette-og-eller-skattefradrag-til-at-finansiere-en-fleksibel-tank\/","og_locale":"da_DK","og_type":"article","og_title":"Er der nogen form for st\u00f8tte til finansiering af en fleksibel tank?","og_description":"St\u00f8tte og skattefradrag til fleksible tanke. Find ud af, hvordan du kan finansiere din fleksible tank!","og_url":"https:\/\/blog.maciterneecolo.fr\/da\/er-det-muligt-at-faa-stoette-og-eller-skattefradrag-til-at-finansiere-en-fleksibel-tank\/","og_site_name":"Blog Ma Citerne Ecolo","article_published_time":"2023-03-22T10:56:09+00:00","article_modified_time":"2023-07-28T09:21:16+00:00","og_image":[{"width":1156,"height":768,"url":"https:\/\/blog.maciterneecolo.fr\/wp-content\/uploads\/2023\/03\/aides-et-subv.png","type":"image\/png"}],"author":"Alexis DANG","twitter_card":"summary_large_image","twitter_misc":{"Skrevet af":"Alexis DANG","Estimeret l\u00e6setid":"2 minutter"},"schema":{"@context":"https:\/\/schema.org","@graph":[{"@type":"Article","@id":"https:\/\/blog.maciterneecolo.fr\/da\/er-det-muligt-at-faa-stoette-og-eller-skattefradrag-til-at-finansiere-en-fleksibel-tank\/#article","isPartOf":{"@id":"https:\/\/blog.maciterneecolo.fr\/da\/er-det-muligt-at-faa-stoette-og-eller-skattefradrag-til-at-finansiere-en-fleksibel-tank\/"},"author":{"name":"Alexis DANG","@id":"https:\/\/blog.maciterneecolo.fr\/da\/#\/schema\/person\/5155970109fa48d9d3d76c40bba36979"},"headline":"Er det muligt at f\u00e5 st\u00f8tte og\/eller skattefradrag til at finansiere en fleksibel tank?","datePublished":"2023-03-22T10:56:09+00:00","dateModified":"2023-07-28T09:21:16+00:00","mainEntityOfPage":{"@id":"https:\/\/blog.maciterneecolo.fr\/da\/er-det-muligt-at-faa-stoette-og-eller-skattefradrag-til-at-finansiere-en-fleksibel-tank\/"},"wordCount":391,"publisher":{"@id":"https:\/\/blog.maciterneecolo.fr\/da\/#organization"},"image":{"@id":"https:\/\/blog.maciterneecolo.fr\/da\/er-det-muligt-at-faa-stoette-og-eller-skattefradrag-til-at-finansiere-en-fleksibel-tank\/#primaryimage"},"thumbnailUrl":"https:\/\/blog.maciterneecolo.fr\/wp-content\/uploads\/2023\/03\/aides-et-subv.png","keywords":["fleksibel tank","Hj\u00e6lpemidler","regnvand","Tilskud"],"articleSection":["St\u00f8tte og tilskud","Uklassificeret"],"inLanguage":"da-DK"},{"@type":"WebPage","@id":"https:\/\/blog.maciterneecolo.fr\/da\/er-det-muligt-at-faa-stoette-og-eller-skattefradrag-til-at-finansiere-en-fleksibel-tank\/","url":"https:\/\/blog.maciterneecolo.fr\/da\/er-det-muligt-at-faa-stoette-og-eller-skattefradrag-til-at-finansiere-en-fleksibel-tank\/","name":"Er der nogen form for st\u00f8tte til finansiering af en fleksibel tank?","isPartOf":{"@id":"https:\/\/blog.maciterneecolo.fr\/da\/#website"},"primaryImageOfPage":{"@id":"https:\/\/blog.maciterneecolo.fr\/da\/er-det-muligt-at-faa-stoette-og-eller-skattefradrag-til-at-finansiere-en-fleksibel-tank\/#primaryimage"},"image":{"@id":"https:\/\/blog.maciterneecolo.fr\/da\/er-det-muligt-at-faa-stoette-og-eller-skattefradrag-til-at-finansiere-en-fleksibel-tank\/#primaryimage"},"thumbnailUrl":"https:\/\/blog.maciterneecolo.fr\/wp-content\/uploads\/2023\/03\/aides-et-subv.png","datePublished":"2023-03-22T10:56:09+00:00","dateModified":"2023-07-28T09:21:16+00:00","description":"St\u00f8tte og skattefradrag til fleksible tanke. Find ud af, hvordan du kan finansiere din fleksible tank!","breadcrumb":{"@id":"https:\/\/blog.maciterneecolo.fr\/da\/er-det-muligt-at-faa-stoette-og-eller-skattefradrag-til-at-finansiere-en-fleksibel-tank\/#breadcrumb"},"inLanguage":"da-DK","potentialAction":[{"@type":"ReadAction","target":["https:\/\/blog.maciterneecolo.fr\/da\/er-det-muligt-at-faa-stoette-og-eller-skattefradrag-til-at-finansiere-en-fleksibel-tank\/"]}]},{"@type":"ImageObject","inLanguage":"da-DK","@id":"https:\/\/blog.maciterneecolo.fr\/da\/er-det-muligt-at-faa-stoette-og-eller-skattefradrag-til-at-finansiere-en-fleksibel-tank\/#primaryimage","url":"https:\/\/blog.maciterneecolo.fr\/wp-content\/uploads\/2023\/03\/aides-et-subv.png","contentUrl":"https:\/\/blog.maciterneecolo.fr\/wp-content\/uploads\/2023\/03\/aides-et-subv.png","width":1156,"height":768,"caption":"Aides financi\u00e8res \/ subventions de l'\u00e9tat pour r\u00e9cup\u00e9rer les eaux de pluie"},{"@type":"BreadcrumbList","@id":"https:\/\/blog.maciterneecolo.fr\/da\/er-det-muligt-at-faa-stoette-og-eller-skattefradrag-til-at-finansiere-en-fleksibel-tank\/#breadcrumb","itemListElement":[{"@type":"ListItem","position":1,"name":"Accueil","item":"https:\/\/blog.maciterneecolo.fr\/da\/"},{"@type":"ListItem","position":2,"name":"Er det muligt at f\u00e5 st\u00f8tte og\/eller skattefradrag til at finansiere en fleksibel tank?"}]},{"@type":"WebSite","@id":"https:\/\/blog.maciterneecolo.fr\/da\/#website","url":"https:\/\/blog.maciterneecolo.fr\/da\/","name":"Blog Ma Citerne Ecolo","description":"Leader dans le domaine de la citerne souple d&#039;eau de pluie","publisher":{"@id":"https:\/\/blog.maciterneecolo.fr\/da\/#organization"},"potentialAction":[{"@type":"SearchAction","target":{"@type":"EntryPoint","urlTemplate":"https:\/\/blog.maciterneecolo.fr\/da\/?s={search_term_string}"},"query-input":{"@type":"PropertyValueSpecification","valueRequired":true,"valueName":"search_term_string"}}],"inLanguage":"da-DK"},{"@type":"Organization","@id":"https:\/\/blog.maciterneecolo.fr\/da\/#organization","name":"Blog Ma Citerne Ecolo","url":"https:\/\/blog.maciterneecolo.fr\/da\/","logo":{"@type":"ImageObject","inLanguage":"da-DK","@id":"https:\/\/blog.maciterneecolo.fr\/da\/#\/schema\/logo\/image\/","url":"https:\/\/blog.maciterneecolo.fr\/wp-content\/uploads\/2022\/12\/cropped-favicon-blog.png","contentUrl":"https:\/\/blog.maciterneecolo.fr\/wp-content\/uploads\/2022\/12\/cropped-favicon-blog.png","width":512,"height":512,"caption":"Blog Ma Citerne Ecolo"},"image":{"@id":"https:\/\/blog.maciterneecolo.fr\/da\/#\/schema\/logo\/image\/"}},{"@type":"Person","@id":"https:\/\/blog.maciterneecolo.fr\/da\/#\/schema\/person\/5155970109fa48d9d3d76c40bba36979","name":"Alexis DANG","image":{"@type":"ImageObject","inLanguage":"da-DK","@id":"https:\/\/secure.gravatar.com\/avatar\/24c2478f0bab29db5e937d0340f0c4cac15d0b1d9a9adf0853c6bf3f9d885c94?s=96&d=mm&r=g","url":"https:\/\/secure.gravatar.com\/avatar\/24c2478f0bab29db5e937d0340f0c4cac15d0b1d9a9adf0853c6bf3f9d885c94?s=96&d=mm&r=g","contentUrl":"https:\/\/secure.gravatar.com\/avatar\/24c2478f0bab29db5e937d0340f0c4cac15d0b1d9a9adf0853c6bf3f9d885c94?s=96&d=mm&r=g","caption":"Alexis DANG"},"url":"https:\/\/blog.maciterneecolo.fr\/da\/author\/alexis-dang\/"}]}},"_links":{"self":[{"href":"https:\/\/blog.maciterneecolo.fr\/da\/wp-json\/wp\/v2\/posts\/6280","targetHints":{"allow":["GET"]}}],"collection":[{"href":"https:\/\/blog.maciterneecolo.fr\/da\/wp-json\/wp\/v2\/posts"}],"about":[{"href":"https:\/\/blog.maciterneecolo.fr\/da\/wp-json\/wp\/v2\/types\/post"}],"author":[{"embeddable":true,"href":"https:\/\/blog.maciterneecolo.fr\/da\/wp-json\/wp\/v2\/users\/5"}],"replies":[{"embeddable":true,"href":"https:\/\/blog.maciterneecolo.fr\/da\/wp-json\/wp\/v2\/comments?post=6280"}],"version-history":[{"count":2,"href":"https:\/\/blog.maciterneecolo.fr\/da\/wp-json\/wp\/v2\/posts\/6280\/revisions"}],"predecessor-version":[{"id":7611,"href":"https:\/\/blog.maciterneecolo.fr\/da\/wp-json\/wp\/v2\/posts\/6280\/revisions\/7611"}],"wp:featuredmedia":[{"embeddable":true,"href":"https:\/\/blog.maciterneecolo.fr\/da\/wp-json\/wp\/v2\/media\/6037"}],"wp:attachment":[{"href":"https:\/\/blog.maciterneecolo.fr\/da\/wp-json\/wp\/v2\/media?parent=6280"}],"wp:term":[{"taxonomy":"category","embeddable":true,"href":"https:\/\/blog.maciterneecolo.fr\/da\/wp-json\/wp\/v2\/categories?post=6280"},{"taxonomy":"post_tag","embeddable":true,"href":"https:\/\/blog.maciterneecolo.fr\/da\/wp-json\/wp\/v2\/tags?post=6280"}],"curies":[{"name":"wp","href":"https:\/\/api.w.org\/{rel}","templated":true}]}}