{"id":6356,"date":"2023-03-22T12:27:27","date_gmt":"2023-03-22T12:27:27","guid":{"rendered":"https:\/\/blog.maciterneecolo.fr\/kan-jeg-tilslutte-min-fleksible-cisterne-til-at-forsyne-mit-toiletskyl-og-til-min-vaskemaskine\/"},"modified":"2023-07-28T09:11:17","modified_gmt":"2023-07-28T09:11:17","slug":"kan-jeg-tilslutte-min-fleksible-cisterne-til-at-forsyne-mit-toiletskyl-og-til-min-vaskemaskine","status":"publish","type":"post","link":"https:\/\/blog.maciterneecolo.fr\/da\/kan-jeg-tilslutte-min-fleksible-cisterne-til-at-forsyne-mit-toiletskyl-og-til-min-vaskemaskine\/","title":{"rendered":"Kan jeg tilslutte min fleksible cisterne til at forsyne mit toiletskyl? og til min vaskemaskine?"},"content":{"rendered":"\n<p>Mange ejere af <a href=\"https:\/\/www.maciterneecolo.fr\/fr\/3-citernes-souples\" target=\"_blank\" rel=\"noreferrer noopener\">fleksible tanke<\/a> spekulerer p\u00e5, om de kan tilslutte deres fleksible tank til vandforsyningen til toiletskyl eller vaskemaskine. Og det er ogs\u00e5 af <strong>reel \u00f8konomisk interesse<\/strong>. N\u00e5r man t\u00e6nker p\u00e5, at et toiletskyl i gennemsnit bruger 46 liter pr. person om dagen. En forbindelse af denne type er <strong>fuldst\u00e6ndig milj\u00f8venlig<\/strong>. Du bruger ikke l\u00e6ngere drikkevand til disse form\u00e5l. I Frankrig ansl\u00e5s det, at 50 % af det anvendte vand ikke beh\u00f8ver at v\u00e6re drikkevand.  <\/p>\n\n<p>Vandpriserne forts\u00e6tter med at stige, bl.a. p\u00e5 grund af arbejdet med at opgradere det offentlige vandforsyningsnet. Det ansl\u00e5s, at vandforbruget vil stige med gennemsnitligt 10 % i l\u00f8bet af det n\u00e6ste \u00e5rti. At bruge regnvand til at skylle ud i toilettet eller vaskemaskinen er en god m\u00e5de at reducere dine vandregninger og hj\u00e6lpe planeten p\u00e5.  <\/p>\n\n<p>Det er derfor naturligvis muligt at tilslutte din fleksible tank til forsyningen af dit toiletskyl eller til forsyningen af din vaskemaskine.  <\/p>\n\n<p>I forbindelse med s\u00e5danne anvendelser skal du dog overholde visse betingelser.  <\/p>\n\n<p> <\/p>\n\n<h2 class=\"wp-block-heading has-text-align-center\">Hvad st\u00e5r der i loven?  <\/h2>\n\n<p>Det er kun tilladt at bruge regnvand indend\u00f8rs til :  <\/p>\n\n<p>&#8211; P\u00e5fyldning af toiletskyl  <\/p>\n\n<p>&#8211; Vask af t\u00f8j, forudsat at der forinden anvendes en egnet vandbehandlingsanordning  <\/p>\n\n<p>&#8211; Vask af gulve<\/p>\n\n<h2 class=\"wp-block-heading\" style=\"font-size:25px\"><strong>  &#8211; Installation og deklaration af dit udstyr.<\/strong> <\/h2>\n\n<p>Regnvand b\u00f8r kun opsamles fra et tag, der ikke er tilg\u00e6ngeligt (undtagen til vedligeholdelse og vedligeholdelse). Det anvendte vand skal opbevares i en overjordisk tank<a href=\"https:\/\/www.maciterneecolo.fr\/fr\/3-citernes-souples\" target=\"_blank\" rel=\"noreferrer noopener\">(fleksibel<\/a> tank, genvindingstank) eller under jorden. Der m\u00e5 ikke anvendes frostbeskyttelsesmidler i opbevaringstanken.<\/p>\n\n<p>Hvis din installation er tilsluttet et uafh\u00e6ngigt sanitetssystem. Du beh\u00f8ver ikke at afgive nogen erkl\u00e6ringer. Hvis din installation derimod er tilsluttet det offentlige kloaksystem, skal du selv betale omkostningerne. Det er obligatorisk at anmelde brugen af regnvand i dit hjem til kommunen. (artikel R2224-19-4 i den generelle kodeks for lokale myndigheder).<\/p>\n\n<h2 class=\"wp-block-heading\" style=\"font-size:25px\"> <strong>  &#8211; Sikkerhed af anl\u00e6gget<\/strong><\/h2>\n\n<p>N\u00e5r du bruger regnvand i dit hjem, skal du identificere adgangshanerne. Der skal nemlig ops\u00e6ttes et s\u00e6rligt skilt med p\u00e5skriften &#8220;Ikke-drikkeligt vand&#8221;. Denne skiltning har til form\u00e5l at skelne dit ikke-drikkevandsnet fra dit drikkevandsnet. Du kan nemt finde dem i byggemarkeder.  <\/p>\n\n<p>Regnvandshaner b\u00f8r kunne l\u00e5ses og \u00e5bnes med et s\u00e6rligt v\u00e6rkt\u00f8j.  <\/p>\n\n<p>Drikkevands- og regnvandsnettene skal v\u00e6re adskilt, og de to net m\u00e5 ikke kunne kommunikere med hinanden.  <\/p>\n\n<h2 class=\"wp-block-heading\" style=\"font-size:25px\"><strong>&#8211; Vedligeholdelse<\/strong><\/h2>\n\n<p>Hvis din installation er inspiceret af en  <a href=\"https:\/\/www.maciterneecolo.fr\/fr\/3-citernes-souples\" target=\"_blank\" rel=\"noreferrer noopener\">Fleksibel tank<\/a>Hvis du har et system til opsamling af regnvand, skal du f\u00f8re en logbog over sanit\u00e6r vedligeholdelse, som indeholder en detaljeret plan over udstyret til opsamling af regnvand og de datoer, hvor kontrollerne udf\u00f8res (filterrensning, t\u00f8mning, reng\u00f8ring og desinficering af tanken og kontrol af ventiler og vandhaner). Du skal ogs\u00e5 f\u00f8re en fortegnelse over de regnvandsm\u00e6ngder, der kun anvendes til bygninger, der er tilsluttet det kollektive net.  <\/p>\n\n<p>For at udf\u00f8re denne vedligeholdelse kan du hyre et firma til at udfylde dit sanit\u00e6re vedligeholdelsesh\u00e6fte, eller du kan g\u00f8re det selv og udfylde det selv ved at notere de n\u00f8dvendige elementer.  <\/p>\n\n<p>Du kan finde mere information om den g\u00e6ldende lovgivning om brug af regnvand i dit hjem <a href=\"https:\/\/www.service-public.fr\/particuliers\/vosdroits\/F31481\" target=\"_blank\" rel=\"noreferrer noopener\">her<\/a>.  <\/p>\n\n<p>Vi inviterer dig til at bes\u00f8ge vores MaCiterneEcolo.fr hjemmeside eller vores <a href=\"https:\/\/blog.maciterneecolo.fr\/da\/\" target=\"_blank\" rel=\"noreferrer noopener\">blog<\/a> for at finde ud af mere om regnvandsopsamling og vores tanke.<\/p>\n\n<p> <\/p>\n<div class=\"wp-block-image\">\n<figure class=\"aligncenter size-large is-resized\"><img fetchpriority=\"high\" decoding=\"async\" src=\"https:\/\/blog.maciterneecolo.fr\/wp-content\/uploads\/2023\/03\/Anticipez-les-futures-penuries-deaux-1-1-1024x858.png\" alt=\"Genbrug dit regnvand med vores fleksible tanke\" class=\"wp-image-6127\" width=\"463\" height=\"387\" srcset=\"https:\/\/blog.maciterneecolo.fr\/wp-content\/uploads\/2023\/03\/Anticipez-les-futures-penuries-deaux-1-1-1024x858.png 1024w, https:\/\/blog.maciterneecolo.fr\/wp-content\/uploads\/2023\/03\/Anticipez-les-futures-penuries-deaux-1-1-300x251.png 300w, https:\/\/blog.maciterneecolo.fr\/wp-content\/uploads\/2023\/03\/Anticipez-les-futures-penuries-deaux-1-1-768x644.png 768w, https:\/\/blog.maciterneecolo.fr\/wp-content\/uploads\/2023\/03\/Anticipez-les-futures-penuries-deaux-1-1-1536x1288.png 1536w, https:\/\/blog.maciterneecolo.fr\/wp-content\/uploads\/2023\/03\/Anticipez-les-futures-penuries-deaux-1-1-2048x1717.png 2048w\" sizes=\"(max-width: 463px) 100vw, 463px\" \/><\/figure><\/div>","protected":false},"excerpt":{"rendered":"<p>Mange ejere af fleksible tanke spekulerer p\u00e5, om de kan tilslutte deres fleksible tank til vandforsyningen til toiletskyl eller vaskemaskine. Og det er ogs\u00e5 af reel \u00f8konomisk interesse. N\u00e5r man t\u00e6nker p\u00e5, at et toiletskyl i gennemsnit bruger 46 liter pr. person om dagen. En forbindelse af denne type er fuldst\u00e6ndig milj\u00f8venlig. Du bruger ikke [&hellip;]<\/p>\n","protected":false},"author":5,"featured_media":6112,"comment_status":"closed","ping_status":"closed","sticky":false,"template":"","format":"standard","meta":{"inline_featured_image":false,"footnotes":""},"categories":[80],"tags":[2006,60,2004,2005,61,761,374],"class_list":["post-6356","post","type-post","status-publish","format-standard","has-post-thumbnail","hentry","category-fleksible-beholdere","tag-artikel-da","tag-fleksibel-tank","tag-forordninger","tag-lovgivning","tag-regnvand","tag-vaskemaskine-da","tag-wc-da"],"yoast_head":"<!-- This site is optimized with the Yoast SEO plugin v27.5 - https:\/\/yoast.com\/product\/yoast-seo-wordpress\/ -->\n<title>Kan jeg bruge regnvand til mit toilet og min vaskemaskine?<\/title>\n<meta name=\"description\" content=\"Tilslutning af en fleksibel cisterne til et toilet eller en vaskemaskine: Hvad loven siger om brug af regnvand.\" \/>\n<meta name=\"robots\" content=\"index, follow, max-snippet:-1, max-image-preview:large, max-video-preview:-1\" \/>\n<link rel=\"canonical\" href=\"https:\/\/blog.maciterneecolo.fr\/da\/kan-jeg-tilslutte-min-fleksible-cisterne-til-at-forsyne-mit-toiletskyl-og-til-min-vaskemaskine\/\" \/>\n<meta property=\"og:locale\" content=\"da_DK\" \/>\n<meta property=\"og:type\" content=\"article\" \/>\n<meta property=\"og:title\" content=\"Kan jeg bruge regnvand til mit toilet og min vaskemaskine?\" \/>\n<meta property=\"og:description\" content=\"Tilslutning af en fleksibel cisterne til et toilet eller en vaskemaskine: Hvad loven siger om brug af regnvand.\" \/>\n<meta property=\"og:url\" content=\"https:\/\/blog.maciterneecolo.fr\/da\/kan-jeg-tilslutte-min-fleksible-cisterne-til-at-forsyne-mit-toiletskyl-og-til-min-vaskemaskine\/\" \/>\n<meta property=\"og:site_name\" content=\"Blog Ma Citerne Ecolo\" \/>\n<meta property=\"article:published_time\" content=\"2023-03-22T12:27:27+00:00\" \/>\n<meta property=\"article:modified_time\" content=\"2023-07-28T09:11:17+00:00\" \/>\n<meta property=\"og:image\" content=\"https:\/\/blog.maciterneecolo.fr\/wp-content\/uploads\/2023\/03\/pexels-karolina-grabowska-4239015-scaled.jpg\" \/>\n\t<meta property=\"og:image:width\" content=\"2560\" \/>\n\t<meta property=\"og:image:height\" content=\"1707\" \/>\n\t<meta property=\"og:image:type\" content=\"image\/jpeg\" \/>\n<meta name=\"author\" content=\"Alexis DANG\" \/>\n<meta name=\"twitter:card\" content=\"summary_large_image\" \/>\n<meta name=\"twitter:label1\" content=\"Skrevet af\" \/>\n\t<meta name=\"twitter:data1\" content=\"Alexis DANG\" \/>\n\t<meta name=\"twitter:label2\" content=\"Estimeret l\u00e6setid\" \/>\n\t<meta name=\"twitter:data2\" content=\"3 minutter\" \/>\n<script type=\"application\/ld+json\" class=\"yoast-schema-graph\">{\"@context\":\"https:\\\/\\\/schema.org\",\"@graph\":[{\"@type\":\"Article\",\"@id\":\"https:\\\/\\\/blog.maciterneecolo.fr\\\/da\\\/kan-jeg-tilslutte-min-fleksible-cisterne-til-at-forsyne-mit-toiletskyl-og-til-min-vaskemaskine\\\/#article\",\"isPartOf\":{\"@id\":\"https:\\\/\\\/blog.maciterneecolo.fr\\\/da\\\/kan-jeg-tilslutte-min-fleksible-cisterne-til-at-forsyne-mit-toiletskyl-og-til-min-vaskemaskine\\\/\"},\"author\":{\"name\":\"Alexis DANG\",\"@id\":\"https:\\\/\\\/blog.maciterneecolo.fr\\\/da\\\/#\\\/schema\\\/person\\\/5155970109fa48d9d3d76c40bba36979\"},\"headline\":\"Kan jeg tilslutte min fleksible cisterne til at forsyne mit toiletskyl? og til min vaskemaskine?\",\"datePublished\":\"2023-03-22T12:27:27+00:00\",\"dateModified\":\"2023-07-28T09:11:17+00:00\",\"mainEntityOfPage\":{\"@id\":\"https:\\\/\\\/blog.maciterneecolo.fr\\\/da\\\/kan-jeg-tilslutte-min-fleksible-cisterne-til-at-forsyne-mit-toiletskyl-og-til-min-vaskemaskine\\\/\"},\"wordCount\":578,\"publisher\":{\"@id\":\"https:\\\/\\\/blog.maciterneecolo.fr\\\/da\\\/#organization\"},\"image\":{\"@id\":\"https:\\\/\\\/blog.maciterneecolo.fr\\\/da\\\/kan-jeg-tilslutte-min-fleksible-cisterne-til-at-forsyne-mit-toiletskyl-og-til-min-vaskemaskine\\\/#primaryimage\"},\"thumbnailUrl\":\"https:\\\/\\\/blog.maciterneecolo.fr\\\/wp-content\\\/uploads\\\/2023\\\/03\\\/pexels-karolina-grabowska-4239015-scaled.jpg\",\"keywords\":[\"Artikel\",\"fleksibel tank\",\"Forordninger\",\"Lovgivning\",\"regnvand\",\"vaskemaskine\",\"wc\"],\"articleSection\":[\"Fleksible beholdere\"],\"inLanguage\":\"da-DK\"},{\"@type\":\"WebPage\",\"@id\":\"https:\\\/\\\/blog.maciterneecolo.fr\\\/da\\\/kan-jeg-tilslutte-min-fleksible-cisterne-til-at-forsyne-mit-toiletskyl-og-til-min-vaskemaskine\\\/\",\"url\":\"https:\\\/\\\/blog.maciterneecolo.fr\\\/da\\\/kan-jeg-tilslutte-min-fleksible-cisterne-til-at-forsyne-mit-toiletskyl-og-til-min-vaskemaskine\\\/\",\"name\":\"Kan jeg bruge regnvand til mit toilet og min vaskemaskine?\",\"isPartOf\":{\"@id\":\"https:\\\/\\\/blog.maciterneecolo.fr\\\/da\\\/#website\"},\"primaryImageOfPage\":{\"@id\":\"https:\\\/\\\/blog.maciterneecolo.fr\\\/da\\\/kan-jeg-tilslutte-min-fleksible-cisterne-til-at-forsyne-mit-toiletskyl-og-til-min-vaskemaskine\\\/#primaryimage\"},\"image\":{\"@id\":\"https:\\\/\\\/blog.maciterneecolo.fr\\\/da\\\/kan-jeg-tilslutte-min-fleksible-cisterne-til-at-forsyne-mit-toiletskyl-og-til-min-vaskemaskine\\\/#primaryimage\"},\"thumbnailUrl\":\"https:\\\/\\\/blog.maciterneecolo.fr\\\/wp-content\\\/uploads\\\/2023\\\/03\\\/pexels-karolina-grabowska-4239015-scaled.jpg\",\"datePublished\":\"2023-03-22T12:27:27+00:00\",\"dateModified\":\"2023-07-28T09:11:17+00:00\",\"description\":\"Tilslutning af en fleksibel cisterne til et toilet eller en vaskemaskine: Hvad loven siger om brug af regnvand.\",\"breadcrumb\":{\"@id\":\"https:\\\/\\\/blog.maciterneecolo.fr\\\/da\\\/kan-jeg-tilslutte-min-fleksible-cisterne-til-at-forsyne-mit-toiletskyl-og-til-min-vaskemaskine\\\/#breadcrumb\"},\"inLanguage\":\"da-DK\",\"potentialAction\":[{\"@type\":\"ReadAction\",\"target\":[\"https:\\\/\\\/blog.maciterneecolo.fr\\\/da\\\/kan-jeg-tilslutte-min-fleksible-cisterne-til-at-forsyne-mit-toiletskyl-og-til-min-vaskemaskine\\\/\"]}]},{\"@type\":\"ImageObject\",\"inLanguage\":\"da-DK\",\"@id\":\"https:\\\/\\\/blog.maciterneecolo.fr\\\/da\\\/kan-jeg-tilslutte-min-fleksible-cisterne-til-at-forsyne-mit-toiletskyl-og-til-min-vaskemaskine\\\/#primaryimage\",\"url\":\"https:\\\/\\\/blog.maciterneecolo.fr\\\/wp-content\\\/uploads\\\/2023\\\/03\\\/pexels-karolina-grabowska-4239015-scaled.jpg\",\"contentUrl\":\"https:\\\/\\\/blog.maciterneecolo.fr\\\/wp-content\\\/uploads\\\/2023\\\/03\\\/pexels-karolina-grabowska-4239015-scaled.jpg\",\"width\":2560,\"height\":1707,\"caption\":\"R\u00e9cup\u00e9rez vos eaux de pluie pour alimenter vos toilettes et votre lave-linge\"},{\"@type\":\"BreadcrumbList\",\"@id\":\"https:\\\/\\\/blog.maciterneecolo.fr\\\/da\\\/kan-jeg-tilslutte-min-fleksible-cisterne-til-at-forsyne-mit-toiletskyl-og-til-min-vaskemaskine\\\/#breadcrumb\",\"itemListElement\":[{\"@type\":\"ListItem\",\"position\":1,\"name\":\"Accueil\",\"item\":\"https:\\\/\\\/blog.maciterneecolo.fr\\\/da\\\/\"},{\"@type\":\"ListItem\",\"position\":2,\"name\":\"Kan jeg tilslutte min fleksible cisterne til at forsyne mit toiletskyl? og til min vaskemaskine?\"}]},{\"@type\":\"WebSite\",\"@id\":\"https:\\\/\\\/blog.maciterneecolo.fr\\\/da\\\/#website\",\"url\":\"https:\\\/\\\/blog.maciterneecolo.fr\\\/da\\\/\",\"name\":\"Blog Ma Citerne Ecolo\",\"description\":\"Leader dans le domaine de la citerne souple d&#039;eau de pluie\",\"publisher\":{\"@id\":\"https:\\\/\\\/blog.maciterneecolo.fr\\\/da\\\/#organization\"},\"potentialAction\":[{\"@type\":\"SearchAction\",\"target\":{\"@type\":\"EntryPoint\",\"urlTemplate\":\"https:\\\/\\\/blog.maciterneecolo.fr\\\/da\\\/?s={search_term_string}\"},\"query-input\":{\"@type\":\"PropertyValueSpecification\",\"valueRequired\":true,\"valueName\":\"search_term_string\"}}],\"inLanguage\":\"da-DK\"},{\"@type\":\"Organization\",\"@id\":\"https:\\\/\\\/blog.maciterneecolo.fr\\\/da\\\/#organization\",\"name\":\"Blog Ma Citerne Ecolo\",\"url\":\"https:\\\/\\\/blog.maciterneecolo.fr\\\/da\\\/\",\"logo\":{\"@type\":\"ImageObject\",\"inLanguage\":\"da-DK\",\"@id\":\"https:\\\/\\\/blog.maciterneecolo.fr\\\/da\\\/#\\\/schema\\\/logo\\\/image\\\/\",\"url\":\"https:\\\/\\\/blog.maciterneecolo.fr\\\/wp-content\\\/uploads\\\/2022\\\/12\\\/cropped-favicon-blog.png\",\"contentUrl\":\"https:\\\/\\\/blog.maciterneecolo.fr\\\/wp-content\\\/uploads\\\/2022\\\/12\\\/cropped-favicon-blog.png\",\"width\":512,\"height\":512,\"caption\":\"Blog Ma Citerne Ecolo\"},\"image\":{\"@id\":\"https:\\\/\\\/blog.maciterneecolo.fr\\\/da\\\/#\\\/schema\\\/logo\\\/image\\\/\"}},{\"@type\":\"Person\",\"@id\":\"https:\\\/\\\/blog.maciterneecolo.fr\\\/da\\\/#\\\/schema\\\/person\\\/5155970109fa48d9d3d76c40bba36979\",\"name\":\"Alexis DANG\",\"image\":{\"@type\":\"ImageObject\",\"inLanguage\":\"da-DK\",\"@id\":\"https:\\\/\\\/secure.gravatar.com\\\/avatar\\\/24c2478f0bab29db5e937d0340f0c4cac15d0b1d9a9adf0853c6bf3f9d885c94?s=96&d=mm&r=g\",\"url\":\"https:\\\/\\\/secure.gravatar.com\\\/avatar\\\/24c2478f0bab29db5e937d0340f0c4cac15d0b1d9a9adf0853c6bf3f9d885c94?s=96&d=mm&r=g\",\"contentUrl\":\"https:\\\/\\\/secure.gravatar.com\\\/avatar\\\/24c2478f0bab29db5e937d0340f0c4cac15d0b1d9a9adf0853c6bf3f9d885c94?s=96&d=mm&r=g\",\"caption\":\"Alexis DANG\"},\"url\":\"https:\\\/\\\/blog.maciterneecolo.fr\\\/da\\\/author\\\/alexis-dang\\\/\"}]}<\/script>\n<!-- \/ Yoast SEO plugin. -->","yoast_head_json":{"title":"Kan jeg bruge regnvand til mit toilet og min vaskemaskine?","description":"Tilslutning af en fleksibel cisterne til et toilet eller en vaskemaskine: Hvad loven siger om brug af regnvand.","robots":{"index":"index","follow":"follow","max-snippet":"max-snippet:-1","max-image-preview":"max-image-preview:large","max-video-preview":"max-video-preview:-1"},"canonical":"https:\/\/blog.maciterneecolo.fr\/da\/kan-jeg-tilslutte-min-fleksible-cisterne-til-at-forsyne-mit-toiletskyl-og-til-min-vaskemaskine\/","og_locale":"da_DK","og_type":"article","og_title":"Kan jeg bruge regnvand til mit toilet og min vaskemaskine?","og_description":"Tilslutning af en fleksibel cisterne til et toilet eller en vaskemaskine: Hvad loven siger om brug af regnvand.","og_url":"https:\/\/blog.maciterneecolo.fr\/da\/kan-jeg-tilslutte-min-fleksible-cisterne-til-at-forsyne-mit-toiletskyl-og-til-min-vaskemaskine\/","og_site_name":"Blog Ma Citerne Ecolo","article_published_time":"2023-03-22T12:27:27+00:00","article_modified_time":"2023-07-28T09:11:17+00:00","og_image":[{"width":2560,"height":1707,"url":"https:\/\/blog.maciterneecolo.fr\/wp-content\/uploads\/2023\/03\/pexels-karolina-grabowska-4239015-scaled.jpg","type":"image\/jpeg"}],"author":"Alexis DANG","twitter_card":"summary_large_image","twitter_misc":{"Skrevet af":"Alexis DANG","Estimeret l\u00e6setid":"3 minutter"},"schema":{"@context":"https:\/\/schema.org","@graph":[{"@type":"Article","@id":"https:\/\/blog.maciterneecolo.fr\/da\/kan-jeg-tilslutte-min-fleksible-cisterne-til-at-forsyne-mit-toiletskyl-og-til-min-vaskemaskine\/#article","isPartOf":{"@id":"https:\/\/blog.maciterneecolo.fr\/da\/kan-jeg-tilslutte-min-fleksible-cisterne-til-at-forsyne-mit-toiletskyl-og-til-min-vaskemaskine\/"},"author":{"name":"Alexis DANG","@id":"https:\/\/blog.maciterneecolo.fr\/da\/#\/schema\/person\/5155970109fa48d9d3d76c40bba36979"},"headline":"Kan jeg tilslutte min fleksible cisterne til at forsyne mit toiletskyl? og til min vaskemaskine?","datePublished":"2023-03-22T12:27:27+00:00","dateModified":"2023-07-28T09:11:17+00:00","mainEntityOfPage":{"@id":"https:\/\/blog.maciterneecolo.fr\/da\/kan-jeg-tilslutte-min-fleksible-cisterne-til-at-forsyne-mit-toiletskyl-og-til-min-vaskemaskine\/"},"wordCount":578,"publisher":{"@id":"https:\/\/blog.maciterneecolo.fr\/da\/#organization"},"image":{"@id":"https:\/\/blog.maciterneecolo.fr\/da\/kan-jeg-tilslutte-min-fleksible-cisterne-til-at-forsyne-mit-toiletskyl-og-til-min-vaskemaskine\/#primaryimage"},"thumbnailUrl":"https:\/\/blog.maciterneecolo.fr\/wp-content\/uploads\/2023\/03\/pexels-karolina-grabowska-4239015-scaled.jpg","keywords":["Artikel","fleksibel tank","Forordninger","Lovgivning","regnvand","vaskemaskine","wc"],"articleSection":["Fleksible beholdere"],"inLanguage":"da-DK"},{"@type":"WebPage","@id":"https:\/\/blog.maciterneecolo.fr\/da\/kan-jeg-tilslutte-min-fleksible-cisterne-til-at-forsyne-mit-toiletskyl-og-til-min-vaskemaskine\/","url":"https:\/\/blog.maciterneecolo.fr\/da\/kan-jeg-tilslutte-min-fleksible-cisterne-til-at-forsyne-mit-toiletskyl-og-til-min-vaskemaskine\/","name":"Kan jeg bruge regnvand til mit toilet og min vaskemaskine?","isPartOf":{"@id":"https:\/\/blog.maciterneecolo.fr\/da\/#website"},"primaryImageOfPage":{"@id":"https:\/\/blog.maciterneecolo.fr\/da\/kan-jeg-tilslutte-min-fleksible-cisterne-til-at-forsyne-mit-toiletskyl-og-til-min-vaskemaskine\/#primaryimage"},"image":{"@id":"https:\/\/blog.maciterneecolo.fr\/da\/kan-jeg-tilslutte-min-fleksible-cisterne-til-at-forsyne-mit-toiletskyl-og-til-min-vaskemaskine\/#primaryimage"},"thumbnailUrl":"https:\/\/blog.maciterneecolo.fr\/wp-content\/uploads\/2023\/03\/pexels-karolina-grabowska-4239015-scaled.jpg","datePublished":"2023-03-22T12:27:27+00:00","dateModified":"2023-07-28T09:11:17+00:00","description":"Tilslutning af en fleksibel cisterne til et toilet eller en vaskemaskine: Hvad loven siger om brug af regnvand.","breadcrumb":{"@id":"https:\/\/blog.maciterneecolo.fr\/da\/kan-jeg-tilslutte-min-fleksible-cisterne-til-at-forsyne-mit-toiletskyl-og-til-min-vaskemaskine\/#breadcrumb"},"inLanguage":"da-DK","potentialAction":[{"@type":"ReadAction","target":["https:\/\/blog.maciterneecolo.fr\/da\/kan-jeg-tilslutte-min-fleksible-cisterne-til-at-forsyne-mit-toiletskyl-og-til-min-vaskemaskine\/"]}]},{"@type":"ImageObject","inLanguage":"da-DK","@id":"https:\/\/blog.maciterneecolo.fr\/da\/kan-jeg-tilslutte-min-fleksible-cisterne-til-at-forsyne-mit-toiletskyl-og-til-min-vaskemaskine\/#primaryimage","url":"https:\/\/blog.maciterneecolo.fr\/wp-content\/uploads\/2023\/03\/pexels-karolina-grabowska-4239015-scaled.jpg","contentUrl":"https:\/\/blog.maciterneecolo.fr\/wp-content\/uploads\/2023\/03\/pexels-karolina-grabowska-4239015-scaled.jpg","width":2560,"height":1707,"caption":"R\u00e9cup\u00e9rez vos eaux de pluie pour alimenter vos toilettes et votre lave-linge"},{"@type":"BreadcrumbList","@id":"https:\/\/blog.maciterneecolo.fr\/da\/kan-jeg-tilslutte-min-fleksible-cisterne-til-at-forsyne-mit-toiletskyl-og-til-min-vaskemaskine\/#breadcrumb","itemListElement":[{"@type":"ListItem","position":1,"name":"Accueil","item":"https:\/\/blog.maciterneecolo.fr\/da\/"},{"@type":"ListItem","position":2,"name":"Kan jeg tilslutte min fleksible cisterne til at forsyne mit toiletskyl? og til min vaskemaskine?"}]},{"@type":"WebSite","@id":"https:\/\/blog.maciterneecolo.fr\/da\/#website","url":"https:\/\/blog.maciterneecolo.fr\/da\/","name":"Blog Ma Citerne Ecolo","description":"Leader dans le domaine de la citerne souple d&#039;eau de pluie","publisher":{"@id":"https:\/\/blog.maciterneecolo.fr\/da\/#organization"},"potentialAction":[{"@type":"SearchAction","target":{"@type":"EntryPoint","urlTemplate":"https:\/\/blog.maciterneecolo.fr\/da\/?s={search_term_string}"},"query-input":{"@type":"PropertyValueSpecification","valueRequired":true,"valueName":"search_term_string"}}],"inLanguage":"da-DK"},{"@type":"Organization","@id":"https:\/\/blog.maciterneecolo.fr\/da\/#organization","name":"Blog Ma Citerne Ecolo","url":"https:\/\/blog.maciterneecolo.fr\/da\/","logo":{"@type":"ImageObject","inLanguage":"da-DK","@id":"https:\/\/blog.maciterneecolo.fr\/da\/#\/schema\/logo\/image\/","url":"https:\/\/blog.maciterneecolo.fr\/wp-content\/uploads\/2022\/12\/cropped-favicon-blog.png","contentUrl":"https:\/\/blog.maciterneecolo.fr\/wp-content\/uploads\/2022\/12\/cropped-favicon-blog.png","width":512,"height":512,"caption":"Blog Ma Citerne Ecolo"},"image":{"@id":"https:\/\/blog.maciterneecolo.fr\/da\/#\/schema\/logo\/image\/"}},{"@type":"Person","@id":"https:\/\/blog.maciterneecolo.fr\/da\/#\/schema\/person\/5155970109fa48d9d3d76c40bba36979","name":"Alexis DANG","image":{"@type":"ImageObject","inLanguage":"da-DK","@id":"https:\/\/secure.gravatar.com\/avatar\/24c2478f0bab29db5e937d0340f0c4cac15d0b1d9a9adf0853c6bf3f9d885c94?s=96&d=mm&r=g","url":"https:\/\/secure.gravatar.com\/avatar\/24c2478f0bab29db5e937d0340f0c4cac15d0b1d9a9adf0853c6bf3f9d885c94?s=96&d=mm&r=g","contentUrl":"https:\/\/secure.gravatar.com\/avatar\/24c2478f0bab29db5e937d0340f0c4cac15d0b1d9a9adf0853c6bf3f9d885c94?s=96&d=mm&r=g","caption":"Alexis DANG"},"url":"https:\/\/blog.maciterneecolo.fr\/da\/author\/alexis-dang\/"}]}},"_links":{"self":[{"href":"https:\/\/blog.maciterneecolo.fr\/da\/wp-json\/wp\/v2\/posts\/6356","targetHints":{"allow":["GET"]}}],"collection":[{"href":"https:\/\/blog.maciterneecolo.fr\/da\/wp-json\/wp\/v2\/posts"}],"about":[{"href":"https:\/\/blog.maciterneecolo.fr\/da\/wp-json\/wp\/v2\/types\/post"}],"author":[{"embeddable":true,"href":"https:\/\/blog.maciterneecolo.fr\/da\/wp-json\/wp\/v2\/users\/5"}],"replies":[{"embeddable":true,"href":"https:\/\/blog.maciterneecolo.fr\/da\/wp-json\/wp\/v2\/comments?post=6356"}],"version-history":[{"count":4,"href":"https:\/\/blog.maciterneecolo.fr\/da\/wp-json\/wp\/v2\/posts\/6356\/revisions"}],"predecessor-version":[{"id":7569,"href":"https:\/\/blog.maciterneecolo.fr\/da\/wp-json\/wp\/v2\/posts\/6356\/revisions\/7569"}],"wp:featuredmedia":[{"embeddable":true,"href":"https:\/\/blog.maciterneecolo.fr\/da\/wp-json\/wp\/v2\/media\/6112"}],"wp:attachment":[{"href":"https:\/\/blog.maciterneecolo.fr\/da\/wp-json\/wp\/v2\/media?parent=6356"}],"wp:term":[{"taxonomy":"category","embeddable":true,"href":"https:\/\/blog.maciterneecolo.fr\/da\/wp-json\/wp\/v2\/categories?post=6356"},{"taxonomy":"post_tag","embeddable":true,"href":"https:\/\/blog.maciterneecolo.fr\/da\/wp-json\/wp\/v2\/tags?post=6356"}],"curies":[{"name":"wp","href":"https:\/\/api.w.org\/{rel}","templated":true}]}}