{"id":6865,"date":"2023-05-22T11:58:46","date_gmt":"2023-05-22T11:58:46","guid":{"rendered":"https:\/\/blog.maciterneecolo.fr\/er-det-muligt-at-installere-en-fleksibel-tank-lodret-for-at-spare-plads\/"},"modified":"2023-07-27T13:26:44","modified_gmt":"2023-07-27T13:26:44","slug":"er-det-muligt-at-installere-en-fleksibel-tank-lodret-for-at-spare-plads","status":"publish","type":"post","link":"https:\/\/blog.maciterneecolo.fr\/da\/er-det-muligt-at-installere-en-fleksibel-tank-lodret-for-at-spare-plads\/","title":{"rendered":"Er det muligt at installere en fleksibel tank lodret for at spare plads?"},"content":{"rendered":"\n<p>  Vi <strong>frar\u00e5der<\/strong> p\u00e5 det kraftigste at installere en <a href=\"https:\/\/www.maciterneecolo.fr\/fr\/3-citernes-souples\" target=\"_blank\" rel=\"noreferrer noopener\">fleksibel tank<\/a> <strong>lodret<\/strong>. Det kan medf\u00f8re <strong>drifts-<\/strong> og <strong>sikkerhedsproblemer<\/strong>. Fleksible tanke er beregnet til at blive monteret <strong>fladt p\u00e5 en vandret, ugeneret og stabil overflade<\/strong>. <\/p>\n\n<h2 class=\"wp-block-heading\">Lodret montering kan give forskellige problemer:  <\/h2>\n\n<h3 class=\"wp-block-heading\">&#8211; Uj\u00e6vnt tryk.  <\/h3>\n\n<p>For det f\u00f8rste, n\u00e5r en fleksibel <a href=\"https:\/\/www.maciterneecolo.fr\/fr\/3-citernes-souples\" target=\"_blank\" rel=\"noreferrer noopener\">tank<\/a> installeres lodret, er <strong>trykket<\/strong> p\u00e5 bunden af tanken meget st\u00f8rre end p\u00e5 toppen. Dette kan medf\u00f8re, at tanken <strong>deformeres<\/strong> og endda<strong>spr\u00e6nges<\/strong>.  <\/p>\n\n<h3 class=\"wp-block-heading\">&#8211; Stabilitet.  <\/h3>\n\n<p>For det andet kan en fleksibel tank, der er installeret lodret, v\u00e6re <strong>ustabil<\/strong>, is\u00e6r n\u00e5r den er fuld. Dette \u00f8ger risikoen for at <strong>v\u00e6lte<\/strong> og for at <strong>beskadige ejendom<\/strong> eller for\u00e5rsage <strong>personskade<\/strong>.  <\/p>\n\n<h3 class=\"wp-block-heading\">&#8211; Vanskelig adgang.  <\/h3>\n\n<p>For det tredje kan en lodret installation af en regnvandstank g\u00f8re<strong>adgangen til fittings<\/strong> og <strong>ventiler<\/strong> <strong>vanskelig<\/strong> eller endda <strong>farlig<\/strong>.  <\/p>\n\n<h3 class=\"wp-block-heading\">&#8211; Problemer med vandforsyningen.  <\/h3>\n\n<p>Endelig er dispenseringsventilen til din fleksible tank normalt placeret p\u00e5 den lange side af tanken. Hvis du planl\u00e6gger at placere din fleksible tank lodret. Du risikerer simpelthen ikke at <strong>kunne bruge vandet i din vandtank<\/strong>.   <\/p>\n\n<p>Afslutningsvis, hvis du \u00f8nsker at <strong>spare plads<\/strong>. Du kan overveje at<strong>installere flere fleksible tanke<\/strong> og <strong>forbinde dem<\/strong> med b\u00f8jninger, som forklaret i <a href=\"https:\/\/blog.maciterneecolo.fr\/da\/er-det-muligt-at-forbinde-flere-fleksible-tanke-sammen\/\" target=\"_blank\" rel=\"noreferrer noopener\">vores artikel<\/a> om emnet. Du kan ogs\u00e5 kigge efter modeller, der er specielt designet til installation i trange rum. Alle vores smalle tanke kan opfylde disse krav. Du skal under alle omst\u00e6ndigheder <strong>s\u00f8rge for at f\u00f8lge producentens anbefalinger og god installationspraksis for at sikre sikkerheden og holdbarheden af din fleksible tank<\/strong>. <\/p>\n\n<p>Hvis du vil have flere oplysninger om vores fleksible regnvandstanke. Vi inviterer dig til at bes\u00f8ge vores hjemmeside: <a href=\"https:\/\/www.maciterneecolo.fr\/fr\/\" target=\"_blank\" rel=\"noreferrer noopener\">www.maciterneecolo.fr<\/a> eller til at l\u00e6se vores forskellige artikler ved at klikke <a href=\"https:\/\/blog.maciterneecolo.fr\/da\/\" target=\"_blank\" rel=\"noreferrer noopener\">her<\/a>!<\/p>\n","protected":false},"excerpt":{"rendered":"<p>Vi frar\u00e5der p\u00e5 det kraftigste at installere en fleksibel tank lodret. Det kan medf\u00f8re drifts- og sikkerhedsproblemer. Fleksible tanke er beregnet til at blive monteret fladt p\u00e5 en vandret, ugeneret og stabil overflade. Lodret montering kan give forskellige problemer: &#8211; Uj\u00e6vnt tryk. For det f\u00f8rste, n\u00e5r en fleksibel tank installeres lodret, er trykket p\u00e5 bunden [&hellip;]<\/p>\n","protected":false},"author":5,"featured_media":6854,"comment_status":"closed","ping_status":"closed","sticky":false,"template":"","format":"standard","meta":{"inline_featured_image":false,"footnotes":""},"categories":[80,1777],"tags":[60,2150],"class_list":["post-6865","post","type-post","status-publish","format-standard","has-post-thumbnail","hentry","category-fleksible-beholdere","category-uklassificeret","tag-fleksibel-tank","tag-monteringsretning"],"yoast_head":"<!-- This site is optimized with the Yoast SEO plugin v27.4 - https:\/\/yoast.com\/product\/yoast-seo-wordpress\/ -->\n<title>Er det muligt at installere en fleksibel tank lodret?<\/title>\n<meta name=\"description\" content=\"Find ud af, om det er muligt at montere en fleksibel tank lodret. Udforsk begr\u00e6nsninger, tips og alternativer til at optimere din vandopbevaringsplads.\" \/>\n<meta name=\"robots\" content=\"index, follow, max-snippet:-1, max-image-preview:large, max-video-preview:-1\" \/>\n<link rel=\"canonical\" href=\"https:\/\/blog.maciterneecolo.fr\/da\/er-det-muligt-at-installere-en-fleksibel-tank-lodret-for-at-spare-plads\/\" \/>\n<meta property=\"og:locale\" content=\"da_DK\" \/>\n<meta property=\"og:type\" content=\"article\" \/>\n<meta property=\"og:title\" content=\"Er det muligt at installere en fleksibel tank lodret?\" \/>\n<meta property=\"og:description\" content=\"Find ud af, om det er muligt at montere en fleksibel tank lodret. Udforsk begr\u00e6nsninger, tips og alternativer til at optimere din vandopbevaringsplads.\" \/>\n<meta property=\"og:url\" content=\"https:\/\/blog.maciterneecolo.fr\/da\/er-det-muligt-at-installere-en-fleksibel-tank-lodret-for-at-spare-plads\/\" \/>\n<meta property=\"og:site_name\" content=\"Blog Ma Citerne Ecolo\" \/>\n<meta property=\"article:published_time\" content=\"2023-05-22T11:58:46+00:00\" \/>\n<meta property=\"article:modified_time\" content=\"2023-07-27T13:26:44+00:00\" \/>\n<meta property=\"og:image\" content=\"https:\/\/blog.maciterneecolo.fr\/wp-content\/uploads\/2023\/05\/Dans-quel-sens-est-il-possible1-1024x576.png\" \/>\n\t<meta property=\"og:image:width\" content=\"1024\" \/>\n\t<meta property=\"og:image:height\" content=\"576\" \/>\n\t<meta property=\"og:image:type\" content=\"image\/png\" \/>\n<meta name=\"author\" content=\"Alexis DANG\" \/>\n<meta name=\"twitter:card\" content=\"summary_large_image\" \/>\n<meta name=\"twitter:label1\" content=\"Skrevet af\" \/>\n\t<meta name=\"twitter:data1\" content=\"Alexis DANG\" \/>\n\t<meta name=\"twitter:label2\" content=\"Estimeret l\u00e6setid\" \/>\n\t<meta name=\"twitter:data2\" content=\"1 minut\" \/>\n<script type=\"application\/ld+json\" class=\"yoast-schema-graph\">{\"@context\":\"https:\\\/\\\/schema.org\",\"@graph\":[{\"@type\":\"Article\",\"@id\":\"https:\\\/\\\/blog.maciterneecolo.fr\\\/da\\\/er-det-muligt-at-installere-en-fleksibel-tank-lodret-for-at-spare-plads\\\/#article\",\"isPartOf\":{\"@id\":\"https:\\\/\\\/blog.maciterneecolo.fr\\\/da\\\/er-det-muligt-at-installere-en-fleksibel-tank-lodret-for-at-spare-plads\\\/\"},\"author\":{\"name\":\"Alexis DANG\",\"@id\":\"https:\\\/\\\/blog.maciterneecolo.fr\\\/da\\\/#\\\/schema\\\/person\\\/5155970109fa48d9d3d76c40bba36979\"},\"headline\":\"Er det muligt at installere en fleksibel tank lodret for at spare plads?\",\"datePublished\":\"2023-05-22T11:58:46+00:00\",\"dateModified\":\"2023-07-27T13:26:44+00:00\",\"mainEntityOfPage\":{\"@id\":\"https:\\\/\\\/blog.maciterneecolo.fr\\\/da\\\/er-det-muligt-at-installere-en-fleksibel-tank-lodret-for-at-spare-plads\\\/\"},\"wordCount\":304,\"publisher\":{\"@id\":\"https:\\\/\\\/blog.maciterneecolo.fr\\\/da\\\/#organization\"},\"image\":{\"@id\":\"https:\\\/\\\/blog.maciterneecolo.fr\\\/da\\\/er-det-muligt-at-installere-en-fleksibel-tank-lodret-for-at-spare-plads\\\/#primaryimage\"},\"thumbnailUrl\":\"https:\\\/\\\/blog.maciterneecolo.fr\\\/wp-content\\\/uploads\\\/2023\\\/05\\\/Dans-quel-sens-est-il-possible1.png\",\"keywords\":[\"fleksibel tank\",\"monteringsretning\"],\"articleSection\":[\"Fleksible beholdere\",\"Uklassificeret\"],\"inLanguage\":\"da-DK\"},{\"@type\":\"WebPage\",\"@id\":\"https:\\\/\\\/blog.maciterneecolo.fr\\\/da\\\/er-det-muligt-at-installere-en-fleksibel-tank-lodret-for-at-spare-plads\\\/\",\"url\":\"https:\\\/\\\/blog.maciterneecolo.fr\\\/da\\\/er-det-muligt-at-installere-en-fleksibel-tank-lodret-for-at-spare-plads\\\/\",\"name\":\"Er det muligt at installere en fleksibel tank lodret?\",\"isPartOf\":{\"@id\":\"https:\\\/\\\/blog.maciterneecolo.fr\\\/da\\\/#website\"},\"primaryImageOfPage\":{\"@id\":\"https:\\\/\\\/blog.maciterneecolo.fr\\\/da\\\/er-det-muligt-at-installere-en-fleksibel-tank-lodret-for-at-spare-plads\\\/#primaryimage\"},\"image\":{\"@id\":\"https:\\\/\\\/blog.maciterneecolo.fr\\\/da\\\/er-det-muligt-at-installere-en-fleksibel-tank-lodret-for-at-spare-plads\\\/#primaryimage\"},\"thumbnailUrl\":\"https:\\\/\\\/blog.maciterneecolo.fr\\\/wp-content\\\/uploads\\\/2023\\\/05\\\/Dans-quel-sens-est-il-possible1.png\",\"datePublished\":\"2023-05-22T11:58:46+00:00\",\"dateModified\":\"2023-07-27T13:26:44+00:00\",\"description\":\"Find ud af, om det er muligt at montere en fleksibel tank lodret. Udforsk begr\u00e6nsninger, tips og alternativer til at optimere din vandopbevaringsplads.\",\"breadcrumb\":{\"@id\":\"https:\\\/\\\/blog.maciterneecolo.fr\\\/da\\\/er-det-muligt-at-installere-en-fleksibel-tank-lodret-for-at-spare-plads\\\/#breadcrumb\"},\"inLanguage\":\"da-DK\",\"potentialAction\":[{\"@type\":\"ReadAction\",\"target\":[\"https:\\\/\\\/blog.maciterneecolo.fr\\\/da\\\/er-det-muligt-at-installere-en-fleksibel-tank-lodret-for-at-spare-plads\\\/\"]}]},{\"@type\":\"ImageObject\",\"inLanguage\":\"da-DK\",\"@id\":\"https:\\\/\\\/blog.maciterneecolo.fr\\\/da\\\/er-det-muligt-at-installere-en-fleksibel-tank-lodret-for-at-spare-plads\\\/#primaryimage\",\"url\":\"https:\\\/\\\/blog.maciterneecolo.fr\\\/wp-content\\\/uploads\\\/2023\\\/05\\\/Dans-quel-sens-est-il-possible1.png\",\"contentUrl\":\"https:\\\/\\\/blog.maciterneecolo.fr\\\/wp-content\\\/uploads\\\/2023\\\/05\\\/Dans-quel-sens-est-il-possible1.png\",\"width\":3840,\"height\":2160,\"caption\":\"Sens installation\"},{\"@type\":\"BreadcrumbList\",\"@id\":\"https:\\\/\\\/blog.maciterneecolo.fr\\\/da\\\/er-det-muligt-at-installere-en-fleksibel-tank-lodret-for-at-spare-plads\\\/#breadcrumb\",\"itemListElement\":[{\"@type\":\"ListItem\",\"position\":1,\"name\":\"Accueil\",\"item\":\"https:\\\/\\\/blog.maciterneecolo.fr\\\/da\\\/\"},{\"@type\":\"ListItem\",\"position\":2,\"name\":\"Er det muligt at installere en fleksibel tank lodret for at spare plads?\"}]},{\"@type\":\"WebSite\",\"@id\":\"https:\\\/\\\/blog.maciterneecolo.fr\\\/da\\\/#website\",\"url\":\"https:\\\/\\\/blog.maciterneecolo.fr\\\/da\\\/\",\"name\":\"Blog Ma Citerne Ecolo\",\"description\":\"Leader dans le domaine de la citerne souple d&#039;eau de pluie\",\"publisher\":{\"@id\":\"https:\\\/\\\/blog.maciterneecolo.fr\\\/da\\\/#organization\"},\"potentialAction\":[{\"@type\":\"SearchAction\",\"target\":{\"@type\":\"EntryPoint\",\"urlTemplate\":\"https:\\\/\\\/blog.maciterneecolo.fr\\\/da\\\/?s={search_term_string}\"},\"query-input\":{\"@type\":\"PropertyValueSpecification\",\"valueRequired\":true,\"valueName\":\"search_term_string\"}}],\"inLanguage\":\"da-DK\"},{\"@type\":\"Organization\",\"@id\":\"https:\\\/\\\/blog.maciterneecolo.fr\\\/da\\\/#organization\",\"name\":\"Blog Ma Citerne Ecolo\",\"url\":\"https:\\\/\\\/blog.maciterneecolo.fr\\\/da\\\/\",\"logo\":{\"@type\":\"ImageObject\",\"inLanguage\":\"da-DK\",\"@id\":\"https:\\\/\\\/blog.maciterneecolo.fr\\\/da\\\/#\\\/schema\\\/logo\\\/image\\\/\",\"url\":\"https:\\\/\\\/blog.maciterneecolo.fr\\\/wp-content\\\/uploads\\\/2022\\\/12\\\/cropped-favicon-blog.png\",\"contentUrl\":\"https:\\\/\\\/blog.maciterneecolo.fr\\\/wp-content\\\/uploads\\\/2022\\\/12\\\/cropped-favicon-blog.png\",\"width\":512,\"height\":512,\"caption\":\"Blog Ma Citerne Ecolo\"},\"image\":{\"@id\":\"https:\\\/\\\/blog.maciterneecolo.fr\\\/da\\\/#\\\/schema\\\/logo\\\/image\\\/\"}},{\"@type\":\"Person\",\"@id\":\"https:\\\/\\\/blog.maciterneecolo.fr\\\/da\\\/#\\\/schema\\\/person\\\/5155970109fa48d9d3d76c40bba36979\",\"name\":\"Alexis DANG\",\"image\":{\"@type\":\"ImageObject\",\"inLanguage\":\"da-DK\",\"@id\":\"https:\\\/\\\/secure.gravatar.com\\\/avatar\\\/24c2478f0bab29db5e937d0340f0c4cac15d0b1d9a9adf0853c6bf3f9d885c94?s=96&d=mm&r=g\",\"url\":\"https:\\\/\\\/secure.gravatar.com\\\/avatar\\\/24c2478f0bab29db5e937d0340f0c4cac15d0b1d9a9adf0853c6bf3f9d885c94?s=96&d=mm&r=g\",\"contentUrl\":\"https:\\\/\\\/secure.gravatar.com\\\/avatar\\\/24c2478f0bab29db5e937d0340f0c4cac15d0b1d9a9adf0853c6bf3f9d885c94?s=96&d=mm&r=g\",\"caption\":\"Alexis DANG\"},\"url\":\"https:\\\/\\\/blog.maciterneecolo.fr\\\/da\\\/author\\\/alexis-dang\\\/\"}]}<\/script>\n<!-- \/ Yoast SEO plugin. -->","yoast_head_json":{"title":"Er det muligt at installere en fleksibel tank lodret?","description":"Find ud af, om det er muligt at montere en fleksibel tank lodret. Udforsk begr\u00e6nsninger, tips og alternativer til at optimere din vandopbevaringsplads.","robots":{"index":"index","follow":"follow","max-snippet":"max-snippet:-1","max-image-preview":"max-image-preview:large","max-video-preview":"max-video-preview:-1"},"canonical":"https:\/\/blog.maciterneecolo.fr\/da\/er-det-muligt-at-installere-en-fleksibel-tank-lodret-for-at-spare-plads\/","og_locale":"da_DK","og_type":"article","og_title":"Er det muligt at installere en fleksibel tank lodret?","og_description":"Find ud af, om det er muligt at montere en fleksibel tank lodret. Udforsk begr\u00e6nsninger, tips og alternativer til at optimere din vandopbevaringsplads.","og_url":"https:\/\/blog.maciterneecolo.fr\/da\/er-det-muligt-at-installere-en-fleksibel-tank-lodret-for-at-spare-plads\/","og_site_name":"Blog Ma Citerne Ecolo","article_published_time":"2023-05-22T11:58:46+00:00","article_modified_time":"2023-07-27T13:26:44+00:00","og_image":[{"width":1024,"height":576,"url":"https:\/\/blog.maciterneecolo.fr\/wp-content\/uploads\/2023\/05\/Dans-quel-sens-est-il-possible1-1024x576.png","type":"image\/png"}],"author":"Alexis DANG","twitter_card":"summary_large_image","twitter_misc":{"Skrevet af":"Alexis DANG","Estimeret l\u00e6setid":"1 minut"},"schema":{"@context":"https:\/\/schema.org","@graph":[{"@type":"Article","@id":"https:\/\/blog.maciterneecolo.fr\/da\/er-det-muligt-at-installere-en-fleksibel-tank-lodret-for-at-spare-plads\/#article","isPartOf":{"@id":"https:\/\/blog.maciterneecolo.fr\/da\/er-det-muligt-at-installere-en-fleksibel-tank-lodret-for-at-spare-plads\/"},"author":{"name":"Alexis DANG","@id":"https:\/\/blog.maciterneecolo.fr\/da\/#\/schema\/person\/5155970109fa48d9d3d76c40bba36979"},"headline":"Er det muligt at installere en fleksibel tank lodret for at spare plads?","datePublished":"2023-05-22T11:58:46+00:00","dateModified":"2023-07-27T13:26:44+00:00","mainEntityOfPage":{"@id":"https:\/\/blog.maciterneecolo.fr\/da\/er-det-muligt-at-installere-en-fleksibel-tank-lodret-for-at-spare-plads\/"},"wordCount":304,"publisher":{"@id":"https:\/\/blog.maciterneecolo.fr\/da\/#organization"},"image":{"@id":"https:\/\/blog.maciterneecolo.fr\/da\/er-det-muligt-at-installere-en-fleksibel-tank-lodret-for-at-spare-plads\/#primaryimage"},"thumbnailUrl":"https:\/\/blog.maciterneecolo.fr\/wp-content\/uploads\/2023\/05\/Dans-quel-sens-est-il-possible1.png","keywords":["fleksibel tank","monteringsretning"],"articleSection":["Fleksible beholdere","Uklassificeret"],"inLanguage":"da-DK"},{"@type":"WebPage","@id":"https:\/\/blog.maciterneecolo.fr\/da\/er-det-muligt-at-installere-en-fleksibel-tank-lodret-for-at-spare-plads\/","url":"https:\/\/blog.maciterneecolo.fr\/da\/er-det-muligt-at-installere-en-fleksibel-tank-lodret-for-at-spare-plads\/","name":"Er det muligt at installere en fleksibel tank lodret?","isPartOf":{"@id":"https:\/\/blog.maciterneecolo.fr\/da\/#website"},"primaryImageOfPage":{"@id":"https:\/\/blog.maciterneecolo.fr\/da\/er-det-muligt-at-installere-en-fleksibel-tank-lodret-for-at-spare-plads\/#primaryimage"},"image":{"@id":"https:\/\/blog.maciterneecolo.fr\/da\/er-det-muligt-at-installere-en-fleksibel-tank-lodret-for-at-spare-plads\/#primaryimage"},"thumbnailUrl":"https:\/\/blog.maciterneecolo.fr\/wp-content\/uploads\/2023\/05\/Dans-quel-sens-est-il-possible1.png","datePublished":"2023-05-22T11:58:46+00:00","dateModified":"2023-07-27T13:26:44+00:00","description":"Find ud af, om det er muligt at montere en fleksibel tank lodret. Udforsk begr\u00e6nsninger, tips og alternativer til at optimere din vandopbevaringsplads.","breadcrumb":{"@id":"https:\/\/blog.maciterneecolo.fr\/da\/er-det-muligt-at-installere-en-fleksibel-tank-lodret-for-at-spare-plads\/#breadcrumb"},"inLanguage":"da-DK","potentialAction":[{"@type":"ReadAction","target":["https:\/\/blog.maciterneecolo.fr\/da\/er-det-muligt-at-installere-en-fleksibel-tank-lodret-for-at-spare-plads\/"]}]},{"@type":"ImageObject","inLanguage":"da-DK","@id":"https:\/\/blog.maciterneecolo.fr\/da\/er-det-muligt-at-installere-en-fleksibel-tank-lodret-for-at-spare-plads\/#primaryimage","url":"https:\/\/blog.maciterneecolo.fr\/wp-content\/uploads\/2023\/05\/Dans-quel-sens-est-il-possible1.png","contentUrl":"https:\/\/blog.maciterneecolo.fr\/wp-content\/uploads\/2023\/05\/Dans-quel-sens-est-il-possible1.png","width":3840,"height":2160,"caption":"Sens installation"},{"@type":"BreadcrumbList","@id":"https:\/\/blog.maciterneecolo.fr\/da\/er-det-muligt-at-installere-en-fleksibel-tank-lodret-for-at-spare-plads\/#breadcrumb","itemListElement":[{"@type":"ListItem","position":1,"name":"Accueil","item":"https:\/\/blog.maciterneecolo.fr\/da\/"},{"@type":"ListItem","position":2,"name":"Er det muligt at installere en fleksibel tank lodret for at spare plads?"}]},{"@type":"WebSite","@id":"https:\/\/blog.maciterneecolo.fr\/da\/#website","url":"https:\/\/blog.maciterneecolo.fr\/da\/","name":"Blog Ma Citerne Ecolo","description":"Leader dans le domaine de la citerne souple d&#039;eau de pluie","publisher":{"@id":"https:\/\/blog.maciterneecolo.fr\/da\/#organization"},"potentialAction":[{"@type":"SearchAction","target":{"@type":"EntryPoint","urlTemplate":"https:\/\/blog.maciterneecolo.fr\/da\/?s={search_term_string}"},"query-input":{"@type":"PropertyValueSpecification","valueRequired":true,"valueName":"search_term_string"}}],"inLanguage":"da-DK"},{"@type":"Organization","@id":"https:\/\/blog.maciterneecolo.fr\/da\/#organization","name":"Blog Ma Citerne Ecolo","url":"https:\/\/blog.maciterneecolo.fr\/da\/","logo":{"@type":"ImageObject","inLanguage":"da-DK","@id":"https:\/\/blog.maciterneecolo.fr\/da\/#\/schema\/logo\/image\/","url":"https:\/\/blog.maciterneecolo.fr\/wp-content\/uploads\/2022\/12\/cropped-favicon-blog.png","contentUrl":"https:\/\/blog.maciterneecolo.fr\/wp-content\/uploads\/2022\/12\/cropped-favicon-blog.png","width":512,"height":512,"caption":"Blog Ma Citerne Ecolo"},"image":{"@id":"https:\/\/blog.maciterneecolo.fr\/da\/#\/schema\/logo\/image\/"}},{"@type":"Person","@id":"https:\/\/blog.maciterneecolo.fr\/da\/#\/schema\/person\/5155970109fa48d9d3d76c40bba36979","name":"Alexis DANG","image":{"@type":"ImageObject","inLanguage":"da-DK","@id":"https:\/\/secure.gravatar.com\/avatar\/24c2478f0bab29db5e937d0340f0c4cac15d0b1d9a9adf0853c6bf3f9d885c94?s=96&d=mm&r=g","url":"https:\/\/secure.gravatar.com\/avatar\/24c2478f0bab29db5e937d0340f0c4cac15d0b1d9a9adf0853c6bf3f9d885c94?s=96&d=mm&r=g","contentUrl":"https:\/\/secure.gravatar.com\/avatar\/24c2478f0bab29db5e937d0340f0c4cac15d0b1d9a9adf0853c6bf3f9d885c94?s=96&d=mm&r=g","caption":"Alexis DANG"},"url":"https:\/\/blog.maciterneecolo.fr\/da\/author\/alexis-dang\/"}]}},"_links":{"self":[{"href":"https:\/\/blog.maciterneecolo.fr\/da\/wp-json\/wp\/v2\/posts\/6865","targetHints":{"allow":["GET"]}}],"collection":[{"href":"https:\/\/blog.maciterneecolo.fr\/da\/wp-json\/wp\/v2\/posts"}],"about":[{"href":"https:\/\/blog.maciterneecolo.fr\/da\/wp-json\/wp\/v2\/types\/post"}],"author":[{"embeddable":true,"href":"https:\/\/blog.maciterneecolo.fr\/da\/wp-json\/wp\/v2\/users\/5"}],"replies":[{"embeddable":true,"href":"https:\/\/blog.maciterneecolo.fr\/da\/wp-json\/wp\/v2\/comments?post=6865"}],"version-history":[{"count":2,"href":"https:\/\/blog.maciterneecolo.fr\/da\/wp-json\/wp\/v2\/posts\/6865\/revisions"}],"predecessor-version":[{"id":7270,"href":"https:\/\/blog.maciterneecolo.fr\/da\/wp-json\/wp\/v2\/posts\/6865\/revisions\/7270"}],"wp:featuredmedia":[{"embeddable":true,"href":"https:\/\/blog.maciterneecolo.fr\/da\/wp-json\/wp\/v2\/media\/6854"}],"wp:attachment":[{"href":"https:\/\/blog.maciterneecolo.fr\/da\/wp-json\/wp\/v2\/media?parent=6865"}],"wp:term":[{"taxonomy":"category","embeddable":true,"href":"https:\/\/blog.maciterneecolo.fr\/da\/wp-json\/wp\/v2\/categories?post=6865"},{"taxonomy":"post_tag","embeddable":true,"href":"https:\/\/blog.maciterneecolo.fr\/da\/wp-json\/wp\/v2\/tags?post=6865"}],"curies":[{"name":"wp","href":"https:\/\/api.w.org\/{rel}","templated":true}]}}