{"id":7019,"date":"2023-06-23T10:18:44","date_gmt":"2023-06-23T10:18:44","guid":{"rendered":"https:\/\/blog.maciterneecolo.fr\/hvordan-forbereder-jeg-min-modtageplatform-til-min-fleksible-tank\/"},"modified":"2024-09-03T14:59:45","modified_gmt":"2024-09-03T14:59:45","slug":"hvordan-forbereder-jeg-min-modtageplatform-til-min-fleksible-tank","status":"publish","type":"post","link":"https:\/\/blog.maciterneecolo.fr\/da\/hvordan-forbereder-jeg-min-modtageplatform-til-min-fleksible-tank\/","title":{"rendered":"Hvordan forbereder jeg platformen til min fleksible tank?"},"content":{"rendered":"\n<p>Det er vigtigt at <strong>forberede<\/strong> <strong>jorden<\/strong> <strong>ordentligt<\/strong> til din <a href=\"https:\/\/www.maciterneecolo.fr\/fr\/3-citernes-souples\" target=\"_blank\" rel=\"noreferrer noopener\">regnvandsopsamler<\/a>. Dette trin vil sikre, at din installation er <strong>sikker<\/strong> og <strong>forhindre<\/strong> <strong>l\u00e6kager<\/strong> for\u00e5rsaget af <strong>st\u00f8d<\/strong> eller <strong>slid<\/strong> p\u00e5 undersiden af din fleksible tank.<\/p>\n\n<p>For at forberede din hjemmeplatform skal du <strong>f\u00f8lge<\/strong> en r\u00e6kke trin. Det siger sig selv, at de trin, der skal f\u00f8lges, kan variere afh\u00e6ngigt af din jords beskaffenhed. Uanset hvad du g\u00f8r, skal du s\u00f8rge for, at gulvet er rent og plant.<\/p>\n\n<p>Hvis du planl\u00e6gger at installere din platform p\u00e5 gr\u00e6s eller jord, skal du g\u00f8re som f\u00f8lger:<\/p>\n\n<h4 class=\"wp-block-heading\">1\/ Reng\u00f8ring af receptionsomr\u00e5det<\/h4>\n\n<p>F\u00f8rst og fremmest skal du <strong>rydde<\/strong> omr\u00e5det og <strong>fjerne<\/strong> alt <strong>affald<\/strong> (grene, sten osv.), der kan beskadige din fleksible tank, n\u00e5r den er fuld. Det er ikke tilr\u00e5deligt at installere en fleksibel tank p\u00e5 et underlag med grene, krat eller sten.\nN\u00e5r den fleksible tank er fuld, vejer den flere tons, og hvis jorden er d\u00e5rligt forberedt, er der risiko for at skabe en sp\u00e6ndingszone, som kan f\u00f8re til, at den fleksible tank spr\u00e6nger. <\/p>\n\n<h4 class=\"wp-block-heading\">2\/ Forbered en stabil, plan platform.<\/h4>\n\n<p>Det tilr\u00e5des derefter at skabe en <strong>platform<\/strong> i <strong>sand<\/strong>, der passer til dimensionerne p\u00e5 den valgte fleksible tank. Denne platform skal v\u00e6re mellem <strong>3 og 10 centimeter<\/strong> h\u00f8j. For at opn\u00e5 st\u00f8rre stabilitet er det bedst at komprimere sandet. For at g\u00f8re dette skal du bruge ret fint sand. Din platform skal v\u00e6re <strong>plan<\/strong> og <strong>flad<\/strong>. Du skal tage hensyn til din jords beskaffenhed for at afg\u00f8re, hvor meget sand du skal l\u00e6gge i.  <\/p>\n\n<p>                                                     <\/p>\n<div class=\"wp-block-image\">\n<figure class=\"aligncenter size-large is-resized\"><img fetchpriority=\"high\" decoding=\"async\" width=\"1024\" height=\"768\" src=\"https:\/\/blog.maciterneecolo.fr\/wp-content\/uploads\/2023\/06\/SC-PAt-2-1024x768.jpg\" alt=\"Udl&#xE6;gning af sand og nivellering\" class=\"wp-image-6982\" style=\"width:468px;height:351px\" srcset=\"https:\/\/blog.maciterneecolo.fr\/wp-content\/uploads\/2023\/06\/SC-PAt-2-1024x768.jpg 1024w, https:\/\/blog.maciterneecolo.fr\/wp-content\/uploads\/2023\/06\/SC-PAt-2-300x225.jpg 300w, https:\/\/blog.maciterneecolo.fr\/wp-content\/uploads\/2023\/06\/SC-PAt-2-768x576.jpg 768w, https:\/\/blog.maciterneecolo.fr\/wp-content\/uploads\/2023\/06\/SC-PAt-2-1536x1152.jpg 1536w, https:\/\/blog.maciterneecolo.fr\/wp-content\/uploads\/2023\/06\/SC-PAt-2.jpg 2016w\" sizes=\"(max-width: 1024px) 100vw, 1024px\" \/><\/figure>\n<\/div>\n<p>                        <\/p>\n\n<h4 class=\"wp-block-heading\">3\/ P\u00e5f\u00f8r et lag geotekstil eller filt<\/h4>\n\n<p>Dette trin er ikke obligatorisk, men <strong>anbefales<\/strong> p\u00e5 det kraftigste. Det forhindrer slid mellem sandet p\u00e5 din platform og din fleksible tank. Det <strong>forhindrer<\/strong> ogs\u00e5 <strong>ukrudt<\/strong> i at vokse tilbage gennem sandet, hvilket kan <strong>skade<\/strong> din tank, n\u00e5r den er fuld.<\/p>\n<div class=\"wp-block-image\">\n<figure class=\"aligncenter size-large is-resized\"><img decoding=\"async\" width=\"1024\" height=\"768\" src=\"https:\/\/blog.maciterneecolo.fr\/wp-content\/uploads\/2023\/06\/SCH-pat-3-1024x768.jpg\" alt=\"geotekstil lagt p&#xE5; sand\" class=\"wp-image-6991\" style=\"width:469px;height:352px\" srcset=\"https:\/\/blog.maciterneecolo.fr\/wp-content\/uploads\/2023\/06\/SCH-pat-3-1024x768.jpg 1024w, https:\/\/blog.maciterneecolo.fr\/wp-content\/uploads\/2023\/06\/SCH-pat-3-300x225.jpg 300w, https:\/\/blog.maciterneecolo.fr\/wp-content\/uploads\/2023\/06\/SCH-pat-3-768x576.jpg 768w, https:\/\/blog.maciterneecolo.fr\/wp-content\/uploads\/2023\/06\/SCH-pat-3-1536x1152.jpg 1536w, https:\/\/blog.maciterneecolo.fr\/wp-content\/uploads\/2023\/06\/SCH-pat-3.jpg 2016w\" sizes=\"(max-width: 1024px) 100vw, 1024px\" \/><\/figure>\n<\/div>\n<h4 class=\"wp-block-heading\">4\/ Monter den fleksible tank.<\/h4>\n\n<p>N\u00e5r disse trin er gennemf\u00f8rt, er der kun tilbage at installere din fleksible tank.\nT\u00f8v ikke med at l\u00e6se vores <a href=\"https:\/\/www.maciterneecolo.fr\/fr\/content\/6-guide-de-tailles\">guide <\/a> til<a href=\"https:\/\/blog.maciterneecolo.fr\/da\/hvordan-forbereder-jeg-min-modtageplatform-til-min-fleksible-tank\/\" target=\"_blank\" rel=\"noreferrer noopener\">installation<\/a> af<a href=\"https:\/\/blog.maciterneecolo.fr\/da\/hvordan-forbereder-jeg-min-modtageplatform-til-min-fleksible-tank\/\" target=\"_blank\" rel=\"noreferrer noopener\">fleksible tanke<\/a> for at k\u00f8be alle de materialer, du skal bruge til din installation.  Husk, at hvis der er tale om en installation med en tagrendeopsamler, m\u00e5 din fleksible tank ikke v\u00e6re for langt fra tagrenderne. Du skal ogs\u00e5 sikre dig, at de beslag, du k\u00f8ber p\u00e5 vores side, er kompatible med hinanden.<\/p>\n<div class=\"wp-block-image\">\n<figure class=\"aligncenter size-large is-resized\"><img decoding=\"async\" width=\"1024\" height=\"768\" src=\"https:\/\/blog.maciterneecolo.fr\/wp-content\/uploads\/2023\/06\/SCHI-PAT-4-1024x768.jpg\" alt=\"Tank lagt p&#xE5; geotekstil\" class=\"wp-image-7000\" style=\"width:465px;height:349px\" srcset=\"https:\/\/blog.maciterneecolo.fr\/wp-content\/uploads\/2023\/06\/SCHI-PAT-4-1024x768.jpg 1024w, https:\/\/blog.maciterneecolo.fr\/wp-content\/uploads\/2023\/06\/SCHI-PAT-4-300x225.jpg 300w, https:\/\/blog.maciterneecolo.fr\/wp-content\/uploads\/2023\/06\/SCHI-PAT-4-768x576.jpg 768w, https:\/\/blog.maciterneecolo.fr\/wp-content\/uploads\/2023\/06\/SCHI-PAT-4-1536x1152.jpg 1536w, https:\/\/blog.maciterneecolo.fr\/wp-content\/uploads\/2023\/06\/SCHI-PAT-4.jpg 2016w\" sizes=\"(max-width: 1024px) 100vw, 1024px\" \/><\/figure>\n<\/div>\n<p>Men hvis du planl\u00e6gger at installere din fleksible tank p\u00e5 en anden overflade end gr\u00e6s eller jord, is\u00e6r p\u00e5 en beton- eller asfaltplade, skal du blot sikre dig, at den p\u00e5g\u00e6ldende overflade er fri for alt, der kan beskadige dit udstyr. Du b\u00f8r ogs\u00e5 sikre dig, at overfladen er tilstr\u00e6kkelig <strong>plan<\/strong> til at <strong>forhindre<\/strong> det fleksible kar i at <strong>glide<\/strong>, n\u00e5r det er fyldt.<\/p>\n\n<p>Endelig, hvis du planl\u00e6gger at installere din <a href=\"https:\/\/www.maciterneecolo.fr\/fr\/3-citernes-souples\" target=\"_blank\" rel=\"noreferrer noopener\">fleksible tank<\/a> i din krybek\u00e6lder, s\u00e5 l\u00e6s <a href=\"https:\/\/blog.maciterneecolo.fr\/da\/hvordan-installerer-du-en-fleksibel-tank-i-dit-krybekaelderrum\/\">vores artikel<\/a> for at finde ud af mere.<\/p>\n","protected":false},"excerpt":{"rendered":"<p>Det er vigtigt at forberede jorden ordentligt til din regnvandsopsamler. Dette trin vil sikre, at din installation er sikker og forhindre l\u00e6kager for\u00e5rsaget af st\u00f8d eller slid p\u00e5 undersiden af din fleksible tank. For at forberede din hjemmeplatform skal du f\u00f8lge en r\u00e6kke trin. Det siger sig selv, at de trin, der skal f\u00f8lges, kan [&hellip;]<\/p>\n","protected":false},"author":5,"featured_media":6976,"comment_status":"closed","ping_status":"closed","sticky":false,"template":"","format":"standard","meta":{"inline_featured_image":false,"footnotes":""},"categories":[80,79,1777],"tags":[2180,2181,432],"class_list":["post-7019","post","type-post","status-publish","format-standard","has-post-thumbnail","hentry","category-fleksible-beholdere","category-installation-af-en-fleksibel-tank","category-uklassificeret","tag-hjem-da","tag-jord","tag-tankskib"],"yoast_head":"<!-- This site is optimized with the Yoast SEO plugin v27.5 - https:\/\/yoast.com\/product\/yoast-seo-wordpress\/ -->\n<title>Hvordan forbereder jeg min platform til min fleksible tank?<\/title>\n<meta name=\"description\" content=\"Find ud af, hvordan du forbereder receptionsomr\u00e5det til din fleksible tank. F\u00f8lg vores trin for at sikre, at din tank er sikker.\" \/>\n<meta name=\"robots\" content=\"index, follow, max-snippet:-1, max-image-preview:large, max-video-preview:-1\" \/>\n<link rel=\"canonical\" href=\"https:\/\/blog.maciterneecolo.fr\/da\/hvordan-forbereder-jeg-min-modtageplatform-til-min-fleksible-tank\/\" \/>\n<meta property=\"og:locale\" content=\"da_DK\" \/>\n<meta property=\"og:type\" content=\"article\" \/>\n<meta property=\"og:title\" content=\"Hvordan forbereder jeg min platform til min fleksible tank?\" \/>\n<meta property=\"og:description\" content=\"Find ud af, hvordan du forbereder receptionsomr\u00e5det til din fleksible tank. F\u00f8lg vores trin for at sikre, at din tank er sikker.\" \/>\n<meta property=\"og:url\" content=\"https:\/\/blog.maciterneecolo.fr\/da\/hvordan-forbereder-jeg-min-modtageplatform-til-min-fleksible-tank\/\" \/>\n<meta property=\"og:site_name\" content=\"Blog Ma Citerne Ecolo\" \/>\n<meta property=\"article:published_time\" content=\"2023-06-23T10:18:44+00:00\" \/>\n<meta property=\"article:modified_time\" content=\"2024-09-03T14:59:45+00:00\" \/>\n<meta property=\"og:image\" content=\"https:\/\/blog.maciterneecolo.fr\/wp-content\/uploads\/2023\/06\/SC-PAT6.jpg\" \/>\n\t<meta property=\"og:image:width\" content=\"2016\" \/>\n\t<meta property=\"og:image:height\" content=\"1512\" \/>\n\t<meta property=\"og:image:type\" content=\"image\/jpeg\" \/>\n<meta name=\"author\" content=\"Alexis DANG\" \/>\n<meta name=\"twitter:card\" content=\"summary_large_image\" \/>\n<meta name=\"twitter:label1\" content=\"Skrevet af\" \/>\n\t<meta name=\"twitter:data1\" content=\"Alexis DANG\" \/>\n\t<meta name=\"twitter:label2\" content=\"Estimeret l\u00e6setid\" \/>\n\t<meta name=\"twitter:data2\" content=\"3 minutter\" \/>\n<script type=\"application\/ld+json\" class=\"yoast-schema-graph\">{\"@context\":\"https:\\\/\\\/schema.org\",\"@graph\":[{\"@type\":\"Article\",\"@id\":\"https:\\\/\\\/blog.maciterneecolo.fr\\\/da\\\/hvordan-forbereder-jeg-min-modtageplatform-til-min-fleksible-tank\\\/#article\",\"isPartOf\":{\"@id\":\"https:\\\/\\\/blog.maciterneecolo.fr\\\/da\\\/hvordan-forbereder-jeg-min-modtageplatform-til-min-fleksible-tank\\\/\"},\"author\":{\"name\":\"Alexis DANG\",\"@id\":\"https:\\\/\\\/blog.maciterneecolo.fr\\\/da\\\/#\\\/schema\\\/person\\\/5155970109fa48d9d3d76c40bba36979\"},\"headline\":\"Hvordan forbereder jeg platformen til min fleksible tank?\",\"datePublished\":\"2023-06-23T10:18:44+00:00\",\"dateModified\":\"2024-09-03T14:59:45+00:00\",\"mainEntityOfPage\":{\"@id\":\"https:\\\/\\\/blog.maciterneecolo.fr\\\/da\\\/hvordan-forbereder-jeg-min-modtageplatform-til-min-fleksible-tank\\\/\"},\"wordCount\":518,\"publisher\":{\"@id\":\"https:\\\/\\\/blog.maciterneecolo.fr\\\/da\\\/#organization\"},\"image\":{\"@id\":\"https:\\\/\\\/blog.maciterneecolo.fr\\\/da\\\/hvordan-forbereder-jeg-min-modtageplatform-til-min-fleksible-tank\\\/#primaryimage\"},\"thumbnailUrl\":\"https:\\\/\\\/blog.maciterneecolo.fr\\\/wp-content\\\/uploads\\\/2023\\\/06\\\/SC-PAT6.jpg\",\"keywords\":[\"hjem\",\"jord\",\"tankskib\"],\"articleSection\":[\"Fleksible beholdere\",\"Installation af en fleksibel tank\",\"Uklassificeret\"],\"inLanguage\":\"da-DK\"},{\"@type\":\"WebPage\",\"@id\":\"https:\\\/\\\/blog.maciterneecolo.fr\\\/da\\\/hvordan-forbereder-jeg-min-modtageplatform-til-min-fleksible-tank\\\/\",\"url\":\"https:\\\/\\\/blog.maciterneecolo.fr\\\/da\\\/hvordan-forbereder-jeg-min-modtageplatform-til-min-fleksible-tank\\\/\",\"name\":\"Hvordan forbereder jeg min platform til min fleksible tank?\",\"isPartOf\":{\"@id\":\"https:\\\/\\\/blog.maciterneecolo.fr\\\/da\\\/#website\"},\"primaryImageOfPage\":{\"@id\":\"https:\\\/\\\/blog.maciterneecolo.fr\\\/da\\\/hvordan-forbereder-jeg-min-modtageplatform-til-min-fleksible-tank\\\/#primaryimage\"},\"image\":{\"@id\":\"https:\\\/\\\/blog.maciterneecolo.fr\\\/da\\\/hvordan-forbereder-jeg-min-modtageplatform-til-min-fleksible-tank\\\/#primaryimage\"},\"thumbnailUrl\":\"https:\\\/\\\/blog.maciterneecolo.fr\\\/wp-content\\\/uploads\\\/2023\\\/06\\\/SC-PAT6.jpg\",\"datePublished\":\"2023-06-23T10:18:44+00:00\",\"dateModified\":\"2024-09-03T14:59:45+00:00\",\"description\":\"Find ud af, hvordan du forbereder receptionsomr\u00e5det til din fleksible tank. F\u00f8lg vores trin for at sikre, at din tank er sikker.\",\"breadcrumb\":{\"@id\":\"https:\\\/\\\/blog.maciterneecolo.fr\\\/da\\\/hvordan-forbereder-jeg-min-modtageplatform-til-min-fleksible-tank\\\/#breadcrumb\"},\"inLanguage\":\"da-DK\",\"potentialAction\":[{\"@type\":\"ReadAction\",\"target\":[\"https:\\\/\\\/blog.maciterneecolo.fr\\\/da\\\/hvordan-forbereder-jeg-min-modtageplatform-til-min-fleksible-tank\\\/\"]}]},{\"@type\":\"ImageObject\",\"inLanguage\":\"da-DK\",\"@id\":\"https:\\\/\\\/blog.maciterneecolo.fr\\\/da\\\/hvordan-forbereder-jeg-min-modtageplatform-til-min-fleksible-tank\\\/#primaryimage\",\"url\":\"https:\\\/\\\/blog.maciterneecolo.fr\\\/wp-content\\\/uploads\\\/2023\\\/06\\\/SC-PAT6.jpg\",\"contentUrl\":\"https:\\\/\\\/blog.maciterneecolo.fr\\\/wp-content\\\/uploads\\\/2023\\\/06\\\/SC-PAT6.jpg\",\"width\":2016,\"height\":1512,\"caption\":\"Citerne sol installation\"},{\"@type\":\"BreadcrumbList\",\"@id\":\"https:\\\/\\\/blog.maciterneecolo.fr\\\/da\\\/hvordan-forbereder-jeg-min-modtageplatform-til-min-fleksible-tank\\\/#breadcrumb\",\"itemListElement\":[{\"@type\":\"ListItem\",\"position\":1,\"name\":\"Accueil\",\"item\":\"https:\\\/\\\/blog.maciterneecolo.fr\\\/da\\\/\"},{\"@type\":\"ListItem\",\"position\":2,\"name\":\"Hvordan forbereder jeg platformen til min fleksible tank?\"}]},{\"@type\":\"WebSite\",\"@id\":\"https:\\\/\\\/blog.maciterneecolo.fr\\\/da\\\/#website\",\"url\":\"https:\\\/\\\/blog.maciterneecolo.fr\\\/da\\\/\",\"name\":\"Blog Ma Citerne Ecolo\",\"description\":\"Leader dans le domaine de la citerne souple d&#039;eau de pluie\",\"publisher\":{\"@id\":\"https:\\\/\\\/blog.maciterneecolo.fr\\\/da\\\/#organization\"},\"potentialAction\":[{\"@type\":\"SearchAction\",\"target\":{\"@type\":\"EntryPoint\",\"urlTemplate\":\"https:\\\/\\\/blog.maciterneecolo.fr\\\/da\\\/?s={search_term_string}\"},\"query-input\":{\"@type\":\"PropertyValueSpecification\",\"valueRequired\":true,\"valueName\":\"search_term_string\"}}],\"inLanguage\":\"da-DK\"},{\"@type\":\"Organization\",\"@id\":\"https:\\\/\\\/blog.maciterneecolo.fr\\\/da\\\/#organization\",\"name\":\"Blog Ma Citerne Ecolo\",\"url\":\"https:\\\/\\\/blog.maciterneecolo.fr\\\/da\\\/\",\"logo\":{\"@type\":\"ImageObject\",\"inLanguage\":\"da-DK\",\"@id\":\"https:\\\/\\\/blog.maciterneecolo.fr\\\/da\\\/#\\\/schema\\\/logo\\\/image\\\/\",\"url\":\"https:\\\/\\\/blog.maciterneecolo.fr\\\/wp-content\\\/uploads\\\/2022\\\/12\\\/cropped-favicon-blog.png\",\"contentUrl\":\"https:\\\/\\\/blog.maciterneecolo.fr\\\/wp-content\\\/uploads\\\/2022\\\/12\\\/cropped-favicon-blog.png\",\"width\":512,\"height\":512,\"caption\":\"Blog Ma Citerne Ecolo\"},\"image\":{\"@id\":\"https:\\\/\\\/blog.maciterneecolo.fr\\\/da\\\/#\\\/schema\\\/logo\\\/image\\\/\"}},{\"@type\":\"Person\",\"@id\":\"https:\\\/\\\/blog.maciterneecolo.fr\\\/da\\\/#\\\/schema\\\/person\\\/5155970109fa48d9d3d76c40bba36979\",\"name\":\"Alexis DANG\",\"image\":{\"@type\":\"ImageObject\",\"inLanguage\":\"da-DK\",\"@id\":\"https:\\\/\\\/secure.gravatar.com\\\/avatar\\\/24c2478f0bab29db5e937d0340f0c4cac15d0b1d9a9adf0853c6bf3f9d885c94?s=96&d=mm&r=g\",\"url\":\"https:\\\/\\\/secure.gravatar.com\\\/avatar\\\/24c2478f0bab29db5e937d0340f0c4cac15d0b1d9a9adf0853c6bf3f9d885c94?s=96&d=mm&r=g\",\"contentUrl\":\"https:\\\/\\\/secure.gravatar.com\\\/avatar\\\/24c2478f0bab29db5e937d0340f0c4cac15d0b1d9a9adf0853c6bf3f9d885c94?s=96&d=mm&r=g\",\"caption\":\"Alexis DANG\"},\"url\":\"https:\\\/\\\/blog.maciterneecolo.fr\\\/da\\\/author\\\/alexis-dang\\\/\"}]}<\/script>\n<!-- \/ Yoast SEO plugin. -->","yoast_head_json":{"title":"Hvordan forbereder jeg min platform til min fleksible tank?","description":"Find ud af, hvordan du forbereder receptionsomr\u00e5det til din fleksible tank. F\u00f8lg vores trin for at sikre, at din tank er sikker.","robots":{"index":"index","follow":"follow","max-snippet":"max-snippet:-1","max-image-preview":"max-image-preview:large","max-video-preview":"max-video-preview:-1"},"canonical":"https:\/\/blog.maciterneecolo.fr\/da\/hvordan-forbereder-jeg-min-modtageplatform-til-min-fleksible-tank\/","og_locale":"da_DK","og_type":"article","og_title":"Hvordan forbereder jeg min platform til min fleksible tank?","og_description":"Find ud af, hvordan du forbereder receptionsomr\u00e5det til din fleksible tank. F\u00f8lg vores trin for at sikre, at din tank er sikker.","og_url":"https:\/\/blog.maciterneecolo.fr\/da\/hvordan-forbereder-jeg-min-modtageplatform-til-min-fleksible-tank\/","og_site_name":"Blog Ma Citerne Ecolo","article_published_time":"2023-06-23T10:18:44+00:00","article_modified_time":"2024-09-03T14:59:45+00:00","og_image":[{"width":2016,"height":1512,"url":"https:\/\/blog.maciterneecolo.fr\/wp-content\/uploads\/2023\/06\/SC-PAT6.jpg","type":"image\/jpeg"}],"author":"Alexis DANG","twitter_card":"summary_large_image","twitter_misc":{"Skrevet af":"Alexis DANG","Estimeret l\u00e6setid":"3 minutter"},"schema":{"@context":"https:\/\/schema.org","@graph":[{"@type":"Article","@id":"https:\/\/blog.maciterneecolo.fr\/da\/hvordan-forbereder-jeg-min-modtageplatform-til-min-fleksible-tank\/#article","isPartOf":{"@id":"https:\/\/blog.maciterneecolo.fr\/da\/hvordan-forbereder-jeg-min-modtageplatform-til-min-fleksible-tank\/"},"author":{"name":"Alexis DANG","@id":"https:\/\/blog.maciterneecolo.fr\/da\/#\/schema\/person\/5155970109fa48d9d3d76c40bba36979"},"headline":"Hvordan forbereder jeg platformen til min fleksible tank?","datePublished":"2023-06-23T10:18:44+00:00","dateModified":"2024-09-03T14:59:45+00:00","mainEntityOfPage":{"@id":"https:\/\/blog.maciterneecolo.fr\/da\/hvordan-forbereder-jeg-min-modtageplatform-til-min-fleksible-tank\/"},"wordCount":518,"publisher":{"@id":"https:\/\/blog.maciterneecolo.fr\/da\/#organization"},"image":{"@id":"https:\/\/blog.maciterneecolo.fr\/da\/hvordan-forbereder-jeg-min-modtageplatform-til-min-fleksible-tank\/#primaryimage"},"thumbnailUrl":"https:\/\/blog.maciterneecolo.fr\/wp-content\/uploads\/2023\/06\/SC-PAT6.jpg","keywords":["hjem","jord","tankskib"],"articleSection":["Fleksible beholdere","Installation af en fleksibel tank","Uklassificeret"],"inLanguage":"da-DK"},{"@type":"WebPage","@id":"https:\/\/blog.maciterneecolo.fr\/da\/hvordan-forbereder-jeg-min-modtageplatform-til-min-fleksible-tank\/","url":"https:\/\/blog.maciterneecolo.fr\/da\/hvordan-forbereder-jeg-min-modtageplatform-til-min-fleksible-tank\/","name":"Hvordan forbereder jeg min platform til min fleksible tank?","isPartOf":{"@id":"https:\/\/blog.maciterneecolo.fr\/da\/#website"},"primaryImageOfPage":{"@id":"https:\/\/blog.maciterneecolo.fr\/da\/hvordan-forbereder-jeg-min-modtageplatform-til-min-fleksible-tank\/#primaryimage"},"image":{"@id":"https:\/\/blog.maciterneecolo.fr\/da\/hvordan-forbereder-jeg-min-modtageplatform-til-min-fleksible-tank\/#primaryimage"},"thumbnailUrl":"https:\/\/blog.maciterneecolo.fr\/wp-content\/uploads\/2023\/06\/SC-PAT6.jpg","datePublished":"2023-06-23T10:18:44+00:00","dateModified":"2024-09-03T14:59:45+00:00","description":"Find ud af, hvordan du forbereder receptionsomr\u00e5det til din fleksible tank. F\u00f8lg vores trin for at sikre, at din tank er sikker.","breadcrumb":{"@id":"https:\/\/blog.maciterneecolo.fr\/da\/hvordan-forbereder-jeg-min-modtageplatform-til-min-fleksible-tank\/#breadcrumb"},"inLanguage":"da-DK","potentialAction":[{"@type":"ReadAction","target":["https:\/\/blog.maciterneecolo.fr\/da\/hvordan-forbereder-jeg-min-modtageplatform-til-min-fleksible-tank\/"]}]},{"@type":"ImageObject","inLanguage":"da-DK","@id":"https:\/\/blog.maciterneecolo.fr\/da\/hvordan-forbereder-jeg-min-modtageplatform-til-min-fleksible-tank\/#primaryimage","url":"https:\/\/blog.maciterneecolo.fr\/wp-content\/uploads\/2023\/06\/SC-PAT6.jpg","contentUrl":"https:\/\/blog.maciterneecolo.fr\/wp-content\/uploads\/2023\/06\/SC-PAT6.jpg","width":2016,"height":1512,"caption":"Citerne sol installation"},{"@type":"BreadcrumbList","@id":"https:\/\/blog.maciterneecolo.fr\/da\/hvordan-forbereder-jeg-min-modtageplatform-til-min-fleksible-tank\/#breadcrumb","itemListElement":[{"@type":"ListItem","position":1,"name":"Accueil","item":"https:\/\/blog.maciterneecolo.fr\/da\/"},{"@type":"ListItem","position":2,"name":"Hvordan forbereder jeg platformen til min fleksible tank?"}]},{"@type":"WebSite","@id":"https:\/\/blog.maciterneecolo.fr\/da\/#website","url":"https:\/\/blog.maciterneecolo.fr\/da\/","name":"Blog Ma Citerne Ecolo","description":"Leader dans le domaine de la citerne souple d&#039;eau de pluie","publisher":{"@id":"https:\/\/blog.maciterneecolo.fr\/da\/#organization"},"potentialAction":[{"@type":"SearchAction","target":{"@type":"EntryPoint","urlTemplate":"https:\/\/blog.maciterneecolo.fr\/da\/?s={search_term_string}"},"query-input":{"@type":"PropertyValueSpecification","valueRequired":true,"valueName":"search_term_string"}}],"inLanguage":"da-DK"},{"@type":"Organization","@id":"https:\/\/blog.maciterneecolo.fr\/da\/#organization","name":"Blog Ma Citerne Ecolo","url":"https:\/\/blog.maciterneecolo.fr\/da\/","logo":{"@type":"ImageObject","inLanguage":"da-DK","@id":"https:\/\/blog.maciterneecolo.fr\/da\/#\/schema\/logo\/image\/","url":"https:\/\/blog.maciterneecolo.fr\/wp-content\/uploads\/2022\/12\/cropped-favicon-blog.png","contentUrl":"https:\/\/blog.maciterneecolo.fr\/wp-content\/uploads\/2022\/12\/cropped-favicon-blog.png","width":512,"height":512,"caption":"Blog Ma Citerne Ecolo"},"image":{"@id":"https:\/\/blog.maciterneecolo.fr\/da\/#\/schema\/logo\/image\/"}},{"@type":"Person","@id":"https:\/\/blog.maciterneecolo.fr\/da\/#\/schema\/person\/5155970109fa48d9d3d76c40bba36979","name":"Alexis DANG","image":{"@type":"ImageObject","inLanguage":"da-DK","@id":"https:\/\/secure.gravatar.com\/avatar\/24c2478f0bab29db5e937d0340f0c4cac15d0b1d9a9adf0853c6bf3f9d885c94?s=96&d=mm&r=g","url":"https:\/\/secure.gravatar.com\/avatar\/24c2478f0bab29db5e937d0340f0c4cac15d0b1d9a9adf0853c6bf3f9d885c94?s=96&d=mm&r=g","contentUrl":"https:\/\/secure.gravatar.com\/avatar\/24c2478f0bab29db5e937d0340f0c4cac15d0b1d9a9adf0853c6bf3f9d885c94?s=96&d=mm&r=g","caption":"Alexis DANG"},"url":"https:\/\/blog.maciterneecolo.fr\/da\/author\/alexis-dang\/"}]}},"_links":{"self":[{"href":"https:\/\/blog.maciterneecolo.fr\/da\/wp-json\/wp\/v2\/posts\/7019","targetHints":{"allow":["GET"]}}],"collection":[{"href":"https:\/\/blog.maciterneecolo.fr\/da\/wp-json\/wp\/v2\/posts"}],"about":[{"href":"https:\/\/blog.maciterneecolo.fr\/da\/wp-json\/wp\/v2\/types\/post"}],"author":[{"embeddable":true,"href":"https:\/\/blog.maciterneecolo.fr\/da\/wp-json\/wp\/v2\/users\/5"}],"replies":[{"embeddable":true,"href":"https:\/\/blog.maciterneecolo.fr\/da\/wp-json\/wp\/v2\/comments?post=7019"}],"version-history":[{"count":4,"href":"https:\/\/blog.maciterneecolo.fr\/da\/wp-json\/wp\/v2\/posts\/7019\/revisions"}],"predecessor-version":[{"id":12011,"href":"https:\/\/blog.maciterneecolo.fr\/da\/wp-json\/wp\/v2\/posts\/7019\/revisions\/12011"}],"wp:featuredmedia":[{"embeddable":true,"href":"https:\/\/blog.maciterneecolo.fr\/da\/wp-json\/wp\/v2\/media\/6976"}],"wp:attachment":[{"href":"https:\/\/blog.maciterneecolo.fr\/da\/wp-json\/wp\/v2\/media?parent=7019"}],"wp:term":[{"taxonomy":"category","embeddable":true,"href":"https:\/\/blog.maciterneecolo.fr\/da\/wp-json\/wp\/v2\/categories?post=7019"},{"taxonomy":"post_tag","embeddable":true,"href":"https:\/\/blog.maciterneecolo.fr\/da\/wp-json\/wp\/v2\/tags?post=7019"}],"curies":[{"name":"wp","href":"https:\/\/api.w.org\/{rel}","templated":true}]}}