{"id":13740,"date":"2025-04-30T09:25:46","date_gmt":"2025-04-30T09:25:46","guid":{"rendered":"https:\/\/blog.maciterneecolo.fr\/?p=13740"},"modified":"2025-03-31T10:11:09","modified_gmt":"2025-03-31T10:11:09","slug":"warum-wird-wasser-das-blaue-gold-des-21","status":"publish","type":"post","link":"https:\/\/blog.maciterneecolo.fr\/de\/warum-wird-wasser-das-blaue-gold-des-21\/","title":{"rendered":"Warum wird Wasser das blaue Gold des 21."},"content":{"rendered":"\n<p>S\u00fc\u00dfwasser ist f\u00fcr das Leben unerl\u00e4sslich. Es bew\u00e4ssert unsere Felder, versorgt unsere Industrie, f\u00fcllt unsere Gl\u00e4ser und ist Teil jedes Augenblicks unseres t\u00e4glichen Lebens. Dennoch wird es immer begehrter, ist ungleichm\u00e4\u00dfig verteilt und durch Verschmutzung, Klimawandel und \u00fcberm\u00e4\u00dfigen Verbrauch bedroht. In den kommenden Jahrzehnten k\u00f6nnte es zur wertvollsten Ressource der Erde werden. Sie wird bereits als &#8222;blaues Gold&#8220; bezeichnet.     Warum? Wie k\u00f6nnen Sie diesem Paradigmenwechsel vorgreifen?<\/p>\n\n<h2 class=\"wp-block-heading\"><strong><mark style=\"background-color:rgba(0, 0, 0, 0)\" class=\"has-inline-color has-vivid-cyan-blue-color\">Eine lebenswichtige Ressource unter Druck<\/mark><\/strong><\/h2>\n\n<h3 class=\"wp-block-heading\"><strong><mark style=\"background-color:rgba(0, 0, 0, 0);color:#3248cb\" class=\"has-inline-color\">Eine sehr begrenzte nat\u00fcrliche Verf\u00fcgbarkeit<\/mark><\/strong><\/h3>\n\n<p>Auf allen Kontinenten ist der Zugang zu S\u00fc\u00dfwasser f\u00fcr die Stabilit\u00e4t der menschlichen Gesellschaft von entscheidender Bedeutung. Die Wasserl\u00e4ufe werden durch Verschmutzung, \u00dcbernutzung und eine veraltete Infrastruktur beeintr\u00e4chtigt. Die Welt produziert nicht mehr S\u00fc\u00dfwasser, aber der Bedarf steigt mit dem Wachstum der Bev\u00f6lkerung und der landwirtschaftlichen Produktion. In mehreren Staaten ist die Verf\u00fcgbarkeit von Wasser zu einem echten Thema der \u00f6ffentlichen Sicherheit und der strategischen Planung geworden. Weniger als 3 % des Wassers auf der Erde ist S\u00fc\u00dfwasser. Und nur ein sehr kleiner Teil davon ist f\u00fcr unsere h\u00e4uslichen, landwirtschaftlichen und industriellen Zwecke zug\u00e4nglich. Die Nachfrage steigt jedoch stetig: Bev\u00f6lkerungswachstum, Urbanisierung, Nahrungsmittelbedarf&#8230;.      <\/p>\n\n<p>Diese Situation ist umso besorgniserregender, als die erneuerbaren Wasserressourcen pro Kopf in vielen L\u00e4ndern rapide abnehmen. In Frankreich nimmt der Druck auf die Grundwasservorkommen von Jahr zu Jahr zu. Einige s\u00fcdliche Departements sind bereits mit einem teilweisen S\u00fc\u00dfwassermangel in den Sommermonaten konfrontiert. Jahrhundert k\u00f6nnte eine neue Art von Wasserkrise entstehen.   <\/p>\n\n<h3 class=\"wp-block-heading\"><strong><mark style=\"background-color:rgba(0, 0, 0, 0);color:#3248cb\" class=\"has-inline-color\">Zunehmender Druck durch menschliche Nutzung<\/mark><\/strong><\/h3>\n\n<p><a href=\"https:\/\/blog.maciterneecolo.fr\/de\/werden-wasserausfaelle-zu-einer-realen-bedrohung-die-spannungen-um-die-ressource-verstehen\/\">Mit zunehmender Verknappung der Ressourcen wird die rationelle Wasserbewirtschaftung zu einem zentralen Thema<\/a>. In mehreren L\u00e4ndern ist man sich dessen bewusst und hat nationale Politiken zur Verbesserung der Verteilung, zur Reduzierung von Verlusten und zur Investition in die Infrastruktur eingef\u00fchrt. Die Trinkwasserproduktion und der industrielle Bedarf belasten die Wasserreserven stark. Die Wasserqualit\u00e4t ist ebenfalls gef\u00e4hrdet, was direkte Auswirkungen auf die \u00f6ffentliche Gesundheit und die Umwelt hat. Die Herausforderung ist mittlerweile global. Das Angebot stagniert oder geht zur\u00fcck, da es durch Knappheit, D\u00fcrre und erh\u00f6hte Verdunstung aufgrund der Temperaturen beeintr\u00e4chtigt wird. Das Ergebnis ist ein zunehmender Druck auf die Wasserressourcen, sowohl in Frankreich als auch anderswo. Der Wasserverbrauch nimmt zu: 70% des weltweiten Wasserverbrauchs entfallen auf die Landwirtschaft.       <\/p>\n\n<p>In diesem Zusammenhang treten Nutzungskonflikte zwischen verschiedenen Sektoren auf: Nahrungsmittelindustrie, Industrie, Gemeinden, Privatpersonen&#8230; Die Situation wird in dicht besiedelten St\u00e4dten, in denen die technischen Mittel zum Wasserschutz noch unzureichend sind, noch kritischer. Der \u00dcbergang zu einem besseren Ressourcenmanagement wird daher zu einer gro\u00dfen politischen Herausforderung. <\/p>\n\n<h2 class=\"wp-block-heading\"><strong><mark style=\"background-color:rgba(0, 0, 0, 0)\" class=\"has-inline-color has-vivid-cyan-blue-color\">Der Klimawandel als erschwerender Faktor<\/mark><\/strong><\/h2>\n\n<h3 class=\"wp-block-heading\"><strong><mark style=\"background-color:rgba(0, 0, 0, 0);color:#3248cb\" class=\"has-inline-color\">Zunehmend unberechenbare Zyklen<\/mark><\/strong><\/h3>\n\n<p>Klimawissenschaftler warnen vor einer Zunahme der H\u00e4ufigkeit von Extremereignissen. <a href=\"https:\/\/blog.maciterneecolo.fr\/de\/auswirkungen-des-klimawandels-auf-die-weltweiten-wasserreserven\/\">Der Klimawandel f\u00fchrt zu gro\u00dfen Ungleichgewichten in den nat\u00fcrlichen Wasserkreisl\u00e4ufen<\/a>. In einigen Staaten verschwindet das Wasser aus ganzen Regionen, was die menschlichen Aktivit\u00e4ten stark ver\u00e4ndert. Der Zusammenhang zwischen klimatischen St\u00f6rungen und Schwierigkeiten bei der Wasserbewirtschaftung ist nicht mehr umstritten. Dies verst\u00e4rkt den Effekt des Wasserstresses auf der ganzen Welt. Die Jahreszeiten werden weniger vorhersehbar, die Regenf\u00e4lle unregelm\u00e4\u00dfiger und die Fl\u00fcsse sto\u00dfweise flie\u00dfender. Der Wasserkreislauf ist nicht mehr synchronisiert. Der Klimawandel verst\u00e4rkt diesen Effekt, indem er die jahreszeitliche Verteilung der Niederschl\u00e4ge ver\u00e4ndert, die Verdunstung von Oberfl\u00e4chen erh\u00f6ht und die verf\u00fcgbaren Reserven verringert. In Frankreich und anderswo verl\u00e4ngern sich die Trockenperioden, was zu wachsenden Spannungen zwischen den Nutzern f\u00fchrt.       <\/p>\n\n<h3 class=\"wp-block-heading\"><strong><mark style=\"background-color:rgba(0, 0, 0, 0);color:#3248cb\" class=\"has-inline-color\">Zunehmende Einschr\u00e4nkungen und Konflikte bei der Nutzung<\/mark><\/strong><\/h3>\n\n<p>Wasserkonflikte werden immer h\u00e4ufiger, selbst in historisch stabilen L\u00e4ndern. In Frankreich verh\u00e4ngen einige Gemeinden bereits monatelange Beschr\u00e4nkungen. Weltweit nehmen die Spannungen um gro\u00dfe Wasserinfrastrukturen zu. Die Kontrolle der Ressourcen wird f\u00fcr viele Regierungen strategisch wichtig. Dieses Ph\u00e4nomen verst\u00e4rkt sich, da der Zugang zu Wasser zu einem Schl\u00fcsselfaktor f\u00fcr die wirtschaftliche und soziale Stabilit\u00e4t von Staaten wird. Im Sommer sind Wasserbeschr\u00e4nkungen an der Tagesordnung. In einigen Regionen nehmen die Nutzungskonflikte zu: Landwirte, Gemeinden, Privatpersonen und Industrieunternehmen streiten sich um den Zugang zu den Ressourcen. Diese Spannungen sind bereits in Spanien, Kalifornien und Israel zu beobachten, einem Land, das Pionierarbeit bei der Entsalzung und Wiederverwendung von Abwasser leistet.       <\/p>\n\n<p>Wie der Geograph Fr\u00e9d\u00e9ric Lasserre, ein Spezialist f\u00fcr Wasserkonflikte, erl\u00e4uterte, k\u00f6nnten sich diese lokalen Spannungen zu echten internationalen Konflikten entwickeln, wenn die Zusammenarbeit nicht verst\u00e4rkt wird. In diesem Zusammenhang wird Wasser zu einem geopolitischen Thema ersten Ranges. <\/p>\n\n<h2 class=\"wp-block-heading\"><strong><mark style=\"background-color:rgba(0, 0, 0, 0)\" class=\"has-inline-color has-vivid-cyan-blue-color\">Globale Ungleichheit beim Zugang zu Wasser<\/mark><\/strong><\/h2>\n\n<h3 class=\"wp-block-heading\"><strong><mark style=\"background-color:rgba(0, 0, 0, 0);color:#3248cb\" class=\"has-inline-color\">Ungleicher Zugang in der Welt<\/mark><\/strong><\/h3>\n\n<p>Die Kluft zwischen Nord und S\u00fcd beim Zugang zu sauberem Trinkwasser ist eklatant. Einige reiche L\u00e4nder verf\u00fcgen \u00fcber gut funktionierende \u00f6ffentliche Dienste, w\u00e4hrend andere nur mit M\u00fche die Mindestversorgung sicherstellen k\u00f6nnen. Diese strukturelle Ungleichheit f\u00fchrt zu Migration, sch\u00fcrt soziale Konflikte und verhindert eine nachhaltige Entwicklung. Der Zustand des Zugangs zu Wasser ist zu einem Indikator f\u00fcr den Entwicklungsstand eines Landes geworden und ein zentrales Thema bei internationalen Verhandlungen \u00fcber Grundrechte. Nach Angaben der UNO haben fast 2 Milliarden Menschen keinen Zugang zu sicherem Trinkwasser. Bis 2050 k\u00f6nnte mehr als die H\u00e4lfte der Weltbev\u00f6lkerung in Gebieten leben, die unter Wasserstress leiden. Diese Ungleichheit besteht sowohl zwischen den L\u00e4ndern als auch innerhalb der Staaten selbst. Die l\u00e4ndliche Bev\u00f6lkerung ist oft zuerst betroffen.       <\/p>\n\n<p>Der Zugang zu Wasser ist auch eine Frage des Rechts. In mehreren L\u00e4ndern haben die B\u00fcrger keinen \u00f6ffentlichen Dienst, der eine gerechte Verteilung des Wassers garantiert. In Paris und anderen europ\u00e4ischen Gro\u00dfst\u00e4dten wurden \u00f6ffentliche Verwaltungsmodelle eingef\u00fchrt, die auf dem Prinzip des universellen Zugangs beruhen. Anderswo haben multinationale Konzerne die Kontrolle \u00fcber die Ressource \u00fcbernommen, wobei die Auswirkungen je nach Kontext sehr unterschiedlich sind.   <\/p>\n\n<h3 class=\"wp-block-heading\"><strong><mark style=\"background-color:rgba(0, 0, 0, 0);color:#3248cb\" class=\"has-inline-color\">Wasser als geopolitische Herausforderung<\/mark><\/strong><\/h3>\n\n<p>Die Staaten beginnen, der zuk\u00fcnftigen Wasserknappheit vorzugreifen, indem sie ihre Kontrolle \u00fcber die verf\u00fcgbaren Wasserquellen verst\u00e4rken. Der Nil, der Tigris, der Euphrat und der Jordan sind zu Spannungsgebieten geworden, in denen sich die internationalen Beziehungen verkrampfen. Die Wasserdiplomatie gewinnt an Bedeutung, da sie strategische, wirtschaftliche und humanit\u00e4re Interessen vereint. Die Rolle der internationalen Institutionen wird zunehmend in Anspruch genommen, um Kooperationsmechanismen zu schaffen, um Wasserkriege im 21. Wenn Wasser knapp wird, wird es teuer, strategisch wichtig und kann sogar zu geopolitischen Spannungen f\u00fchren. Mehrere L\u00e4nder haben bereits eine Politik der Wasserreserven, des R\u00fcckkaufs von Wasserrechten oder sogar der Privatisierung eingeleitet. In einigen Regionen Afrikas, Asiens und des Nahen Ostens gibt es bereits Spannungen zwischen Staaten um die Kontrolle gro\u00dfer Fl\u00fcsse oder grenz\u00fcberschreitender Grundwasservorkommen.      <\/p>\n\n<p>Die Verwaltung von grenz\u00fcberschreitenden Gew\u00e4ssern ist eine Herausforderung f\u00fcr die internationale Zusammenarbeit. Es gibt zwar Vertr\u00e4ge, aber ihre Umsetzung ist noch schwach. Jahrhundert das sein, was \u00d6l im 20. Jahrhundert war: ein Einflussfaktor, ein Machtmittel oder sogar ein Grund f\u00fcr Kriege.  <\/p>\n\n<h2 class=\"wp-block-heading\"><strong><mark style=\"background-color:rgba(0, 0, 0, 0)\" class=\"has-inline-color has-vivid-cyan-blue-color\">Eine Ressource, die es zu sch\u00fctzen, aufzuwerten und zu teilen gilt<\/mark><\/strong><\/h2>\n\n<h3 class=\"wp-block-heading\"><strong><mark style=\"background-color:rgba(0, 0, 0, 0);color:#3248cb\" class=\"has-inline-color\">Lokale L\u00f6sungen sind bereits in Arbeit<\/mark><\/strong><\/h3>\n\n<p>In vielen Regionen zeigen lokale Experimente, dass es m\u00f6glich ist, effektiv zu handeln, um Wasser zu sch\u00fctzen. Gemeinden, Verb\u00e4nde und Unternehmen entwickeln innovative, reproduzierbare und sparsame Systeme. Auch die Erziehung zum richtigen Umgang mit Wasser wird zu einem starken Hebel. Der territoriale Ansatz erm\u00f6glicht es, L\u00f6sungen an lokale Besonderheiten anzupassen und gleichzeitig die B\u00fcrger in eine gemeinsame Verwaltung dieser f\u00fcr den Planeten lebenswichtigen Ressource einzubeziehen. Angesichts dieser Dringlichkeit gibt es immer mehr lokale Initiativen: <a href=\"https:\/\/www.maciterneecolo.fr\/fr\/3-citernes-souples\">Regenwassernutzung<\/a>, Reduzierung von Lecks, Sensibilisierung f\u00fcr den Wasserverbrauch, sparsamere Landwirtschaft. St\u00e4dte wie Paris und Montpellier investieren in die Modernisierung ihrer Netze, um Verluste zu begrenzen und die Qualit\u00e4t des verteilten Wassers zu gew\u00e4hrleisten.     <\/p>\n\n<h3 class=\"wp-block-heading\"><strong><mark style=\"background-color:rgba(0, 0, 0, 0);color:#3248cb\" class=\"has-inline-color\">Die Rolle flexibler Tanks bei der Umstellung<\/mark><\/strong><\/h3>\n\n<p>Flexible Zisternen, die in gro\u00dfem Ma\u00dfstab oder in Einzelprojekten eingesetzt werden, tragen zu einem intelligenten Management von Brauchwasser bei. Sie erm\u00f6glichen es, den h\u00e4uslichen Bedarf zu decken, ohne den Druck auf die \u00f6ffentlichen Netze zu erh\u00f6hen. Dieses System ist besonders relevant in l\u00e4ndlichen Gebieten und in Gebieten, die wiederholt unter Wasserstress stehen. Die einfache Umsetzung und die langfristige Rentabilit\u00e4t machen sie zu einer L\u00f6sung, die zunehmend in die Pl\u00e4ne f\u00fcr einen \u00f6kologischen \u00dcbergang integriert wird. Flexible Zisternen zum Beispiel erm\u00f6glichen die Speicherung von Regenwasser f\u00fcr den h\u00e4uslichen oder gemeinschaftlichen Gebrauch. In D\u00fcrreperioden stellen sie eine zuverl\u00e4ssige, wirtschaftliche und einfach zu implementierende Alternative dar. In Frankreich r\u00fcsten sich immer mehr Haushalte aus, um ihre Versorgung mit Brauchwasser zu sichern und so ihre Abh\u00e4ngigkeit von den \u00f6ffentlichen Versorgungsbetrieben zu verringern.      <\/p>\n\n<h3 class=\"wp-block-heading\"><strong><mark style=\"background-color:rgba(0, 0, 0, 0);color:#3248cb\" class=\"has-inline-color\">Gesten, die f\u00fcr jeden zug\u00e4nglich sind<\/mark><\/strong><\/h3>\n\n<p><a href=\"https:\/\/blog.maciterneecolo.fr\/de\/wie-koennen-wir-unsere-abhaengigkeit-von-trinkwasser-verringern\/\">Auch auf individueller Ebene kann jeder eine Rolle bei der Erhaltung des Wassers spielen.<\/a>  Die Ausstattung Ihres Hauses mit Schaumschl\u00e4gern, die \u00dcberwachung des Verbrauchs, die Vermeidung von Verschwendung oder die Wiederverwendung von Grauwasser sind allesamt einfache Ma\u00dfnahmen, die Sie ergreifen k\u00f6nnen. Diese gemeinsamen Anstrengungen haben einen echten kumulativen Effekt. Sie erinnern daran, dass Wasser, obwohl es in seiner nat\u00fcrlichen Form kostenlos ist, hohe Produktionskosten hat und eine st\u00e4ndige Aufmerksamkeit in unserem Lebensstil verdient. Auch Privatpersonen k\u00f6nnen etwas tun: k\u00fcrzer duschen, umweltfreundliche Systeme verwenden, ressourcenschonende Produkte w\u00e4hlen oder einfach nicht verschwenden. Wasser darf nicht l\u00e4nger als unersch\u00f6pfliche Quelle angesehen werden. Es ist kostbar, zerbrechlich und seine Erhaltung erfordert auch allt\u00e4gliche Gesten.     <\/p>\n\n<h2 class=\"wp-block-heading\"><strong><mark style=\"background-color:rgba(0, 0, 0, 0)\" class=\"has-inline-color has-vivid-cyan-blue-color\">Auf dem Weg zu einem globalen Aktionsplan<\/mark><\/strong><\/h2>\n\n<p>S\u00fc\u00dfwasser, das so lange als selbstverst\u00e4ndlich angesehen wurde, ist auf dem besten Wege, zu einem wichtigen globalen Thema zu werden. Wie gestern das \u00d6l, so pr\u00e4gt es heute die Politik, die Gebiete und unsere Lebensweise. Das blaue Gold ist kein Mythos, sondern bereits Realit\u00e4t f\u00fcr Millionen von Menschen.  <\/p>\n\n<p>Wasser ist das Herzst\u00fcck der menschlichen Entwicklung und verdient eine gerechte, nachhaltige und gemeinsame Verwaltung. Frankreich und andere L\u00e4nder m\u00fcssen sich an der internationalen Zusammenarbeit beteiligen, um das Recht auf Wasser f\u00fcr alle zu gew\u00e4hrleisten. Die Wissenschaft, die Politik und die technischen Mittel sind vorhanden: Jetzt ist ein echter globaler Aktionsplan erforderlich. Denn die Zukunft wird auch am Wasserhahn entschieden.   <\/p>\n","protected":false},"excerpt":{"rendered":"<p>S\u00fc\u00dfwasser ist f\u00fcr das Leben unerl\u00e4sslich. Es bew\u00e4ssert unsere Felder, versorgt unsere Industrie, f\u00fcllt unsere Gl\u00e4ser und ist Teil jedes Augenblicks unseres t\u00e4glichen Lebens. Dennoch wird es immer begehrter, ist ungleichm\u00e4\u00dfig verteilt und durch Verschmutzung, Klimawandel und \u00fcberm\u00e4\u00dfigen Verbrauch bedroht. In den kommenden Jahrzehnten k\u00f6nnte es zur wertvollsten Ressource der Erde werden. Sie wird bereits [&hellip;]<\/p>\n","protected":false},"author":4,"featured_media":13723,"comment_status":"open","ping_status":"closed","sticky":false,"template":"","format":"standard","meta":{"inline_featured_image":false,"footnotes":""},"categories":[82,2623],"tags":[58,2695],"class_list":["post-13740","post","type-post","status-publish","format-standard","has-post-thumbnail","hentry","category-flexible-tanks","category-wassermanagement-de","tag-regenwasser","tag-wassermanagement-de"],"yoast_head":"<!-- This site is optimized with the Yoast SEO plugin v27.5 - https:\/\/yoast.com\/product\/yoast-seo-wordpress\/ -->\n<title>Warum wird Wasser das blaue Gold des 21. - Blog Ma Citerne Ecolo<\/title>\n<meta name=\"description\" content=\"Erfahren Sie, warum das blaue Gold im Mittelpunkt der klimatischen, politischen und geopolitischen Herausforderungen des 21. Jahrhunderts steht.\" \/>\n<meta name=\"robots\" content=\"index, follow, max-snippet:-1, max-image-preview:large, max-video-preview:-1\" \/>\n<link rel=\"canonical\" href=\"https:\/\/blog.maciterneecolo.fr\/de\/warum-wird-wasser-das-blaue-gold-des-21\/\" \/>\n<meta property=\"og:locale\" content=\"de_DE\" \/>\n<meta property=\"og:type\" content=\"article\" \/>\n<meta property=\"og:title\" content=\"Warum wird Wasser das blaue Gold des 21. - Blog Ma Citerne Ecolo\" \/>\n<meta property=\"og:description\" content=\"Erfahren Sie, warum das blaue Gold im Mittelpunkt der klimatischen, politischen und geopolitischen Herausforderungen des 21. Jahrhunderts steht.\" \/>\n<meta property=\"og:url\" content=\"https:\/\/blog.maciterneecolo.fr\/de\/warum-wird-wasser-das-blaue-gold-des-21\/\" \/>\n<meta property=\"og:site_name\" content=\"Blog Ma Citerne Ecolo\" \/>\n<meta property=\"article:published_time\" content=\"2025-04-30T09:25:46+00:00\" \/>\n<meta property=\"og:image\" content=\"https:\/\/blog.maciterneecolo.fr\/wp-content\/uploads\/2025\/03\/gold-4333047_1280.jpg\" \/>\n\t<meta property=\"og:image:width\" content=\"1280\" \/>\n\t<meta property=\"og:image:height\" content=\"721\" \/>\n\t<meta property=\"og:image:type\" content=\"image\/jpeg\" \/>\n<meta name=\"author\" content=\"B\u00e9n\u00e9dicte Rebolloso\" \/>\n<meta name=\"twitter:card\" content=\"summary_large_image\" \/>\n<meta name=\"twitter:label1\" content=\"Verfasst von\" \/>\n\t<meta name=\"twitter:data1\" content=\"B\u00e9n\u00e9dicte Rebolloso\" \/>\n\t<meta name=\"twitter:label2\" content=\"Gesch\u00e4tzte Lesezeit\" \/>\n\t<meta name=\"twitter:data2\" content=\"8\u00a0Minuten\" \/>\n<script type=\"application\/ld+json\" class=\"yoast-schema-graph\">{\"@context\":\"https:\\\/\\\/schema.org\",\"@graph\":[{\"@type\":\"Article\",\"@id\":\"https:\\\/\\\/blog.maciterneecolo.fr\\\/de\\\/warum-wird-wasser-das-blaue-gold-des-21\\\/#article\",\"isPartOf\":{\"@id\":\"https:\\\/\\\/blog.maciterneecolo.fr\\\/de\\\/warum-wird-wasser-das-blaue-gold-des-21\\\/\"},\"author\":{\"name\":\"B\u00e9n\u00e9dicte Rebolloso\",\"@id\":\"https:\\\/\\\/blog.maciterneecolo.fr\\\/de\\\/#\\\/schema\\\/person\\\/fe50d00b4e639107698e1ddead236943\"},\"headline\":\"Warum wird Wasser das blaue Gold des 21.\",\"datePublished\":\"2025-04-30T09:25:46+00:00\",\"mainEntityOfPage\":{\"@id\":\"https:\\\/\\\/blog.maciterneecolo.fr\\\/de\\\/warum-wird-wasser-das-blaue-gold-des-21\\\/\"},\"wordCount\":1691,\"commentCount\":0,\"publisher\":{\"@id\":\"https:\\\/\\\/blog.maciterneecolo.fr\\\/de\\\/#organization\"},\"image\":{\"@id\":\"https:\\\/\\\/blog.maciterneecolo.fr\\\/de\\\/warum-wird-wasser-das-blaue-gold-des-21\\\/#primaryimage\"},\"thumbnailUrl\":\"https:\\\/\\\/blog.maciterneecolo.fr\\\/wp-content\\\/uploads\\\/2025\\\/03\\\/gold-4333047_1280.jpg\",\"keywords\":[\"Regenwasser\",\"Wassermanagement\"],\"articleSection\":[\"Flexible Tanks\",\"Wassermanagement\"],\"inLanguage\":\"de\",\"potentialAction\":[{\"@type\":\"CommentAction\",\"name\":\"Comment\",\"target\":[\"https:\\\/\\\/blog.maciterneecolo.fr\\\/de\\\/warum-wird-wasser-das-blaue-gold-des-21\\\/#respond\"]}]},{\"@type\":\"WebPage\",\"@id\":\"https:\\\/\\\/blog.maciterneecolo.fr\\\/de\\\/warum-wird-wasser-das-blaue-gold-des-21\\\/\",\"url\":\"https:\\\/\\\/blog.maciterneecolo.fr\\\/de\\\/warum-wird-wasser-das-blaue-gold-des-21\\\/\",\"name\":\"Warum wird Wasser das blaue Gold des 21. - Blog Ma Citerne Ecolo\",\"isPartOf\":{\"@id\":\"https:\\\/\\\/blog.maciterneecolo.fr\\\/de\\\/#website\"},\"primaryImageOfPage\":{\"@id\":\"https:\\\/\\\/blog.maciterneecolo.fr\\\/de\\\/warum-wird-wasser-das-blaue-gold-des-21\\\/#primaryimage\"},\"image\":{\"@id\":\"https:\\\/\\\/blog.maciterneecolo.fr\\\/de\\\/warum-wird-wasser-das-blaue-gold-des-21\\\/#primaryimage\"},\"thumbnailUrl\":\"https:\\\/\\\/blog.maciterneecolo.fr\\\/wp-content\\\/uploads\\\/2025\\\/03\\\/gold-4333047_1280.jpg\",\"datePublished\":\"2025-04-30T09:25:46+00:00\",\"description\":\"Erfahren Sie, warum das blaue Gold im Mittelpunkt der klimatischen, politischen und geopolitischen Herausforderungen des 21. Jahrhunderts steht.\",\"breadcrumb\":{\"@id\":\"https:\\\/\\\/blog.maciterneecolo.fr\\\/de\\\/warum-wird-wasser-das-blaue-gold-des-21\\\/#breadcrumb\"},\"inLanguage\":\"de\",\"potentialAction\":[{\"@type\":\"ReadAction\",\"target\":[\"https:\\\/\\\/blog.maciterneecolo.fr\\\/de\\\/warum-wird-wasser-das-blaue-gold-des-21\\\/\"]}]},{\"@type\":\"ImageObject\",\"inLanguage\":\"de\",\"@id\":\"https:\\\/\\\/blog.maciterneecolo.fr\\\/de\\\/warum-wird-wasser-das-blaue-gold-des-21\\\/#primaryimage\",\"url\":\"https:\\\/\\\/blog.maciterneecolo.fr\\\/wp-content\\\/uploads\\\/2025\\\/03\\\/gold-4333047_1280.jpg\",\"contentUrl\":\"https:\\\/\\\/blog.maciterneecolo.fr\\\/wp-content\\\/uploads\\\/2025\\\/03\\\/gold-4333047_1280.jpg\",\"width\":1280,\"height\":721},{\"@type\":\"BreadcrumbList\",\"@id\":\"https:\\\/\\\/blog.maciterneecolo.fr\\\/de\\\/warum-wird-wasser-das-blaue-gold-des-21\\\/#breadcrumb\",\"itemListElement\":[{\"@type\":\"ListItem\",\"position\":1,\"name\":\"Accueil\",\"item\":\"https:\\\/\\\/blog.maciterneecolo.fr\\\/de\\\/\"},{\"@type\":\"ListItem\",\"position\":2,\"name\":\"Warum wird Wasser das blaue Gold des 21.\"}]},{\"@type\":\"WebSite\",\"@id\":\"https:\\\/\\\/blog.maciterneecolo.fr\\\/de\\\/#website\",\"url\":\"https:\\\/\\\/blog.maciterneecolo.fr\\\/de\\\/\",\"name\":\"Blog Ma Citerne Ecolo\",\"description\":\"Leader dans le domaine de la citerne souple d&#039;eau de pluie\",\"publisher\":{\"@id\":\"https:\\\/\\\/blog.maciterneecolo.fr\\\/de\\\/#organization\"},\"potentialAction\":[{\"@type\":\"SearchAction\",\"target\":{\"@type\":\"EntryPoint\",\"urlTemplate\":\"https:\\\/\\\/blog.maciterneecolo.fr\\\/de\\\/?s={search_term_string}\"},\"query-input\":{\"@type\":\"PropertyValueSpecification\",\"valueRequired\":true,\"valueName\":\"search_term_string\"}}],\"inLanguage\":\"de\"},{\"@type\":\"Organization\",\"@id\":\"https:\\\/\\\/blog.maciterneecolo.fr\\\/de\\\/#organization\",\"name\":\"Blog Ma Citerne Ecolo\",\"url\":\"https:\\\/\\\/blog.maciterneecolo.fr\\\/de\\\/\",\"logo\":{\"@type\":\"ImageObject\",\"inLanguage\":\"de\",\"@id\":\"https:\\\/\\\/blog.maciterneecolo.fr\\\/de\\\/#\\\/schema\\\/logo\\\/image\\\/\",\"url\":\"https:\\\/\\\/blog.maciterneecolo.fr\\\/wp-content\\\/uploads\\\/2022\\\/12\\\/cropped-favicon-blog.png\",\"contentUrl\":\"https:\\\/\\\/blog.maciterneecolo.fr\\\/wp-content\\\/uploads\\\/2022\\\/12\\\/cropped-favicon-blog.png\",\"width\":512,\"height\":512,\"caption\":\"Blog Ma Citerne Ecolo\"},\"image\":{\"@id\":\"https:\\\/\\\/blog.maciterneecolo.fr\\\/de\\\/#\\\/schema\\\/logo\\\/image\\\/\"}},{\"@type\":\"Person\",\"@id\":\"https:\\\/\\\/blog.maciterneecolo.fr\\\/de\\\/#\\\/schema\\\/person\\\/fe50d00b4e639107698e1ddead236943\",\"name\":\"B\u00e9n\u00e9dicte Rebolloso\",\"image\":{\"@type\":\"ImageObject\",\"inLanguage\":\"de\",\"@id\":\"https:\\\/\\\/secure.gravatar.com\\\/avatar\\\/ffa759db2a4d8ebb52a58b89d3dc2a9f0395a5122bb839045a145d6585de1126?s=96&d=mm&r=g\",\"url\":\"https:\\\/\\\/secure.gravatar.com\\\/avatar\\\/ffa759db2a4d8ebb52a58b89d3dc2a9f0395a5122bb839045a145d6585de1126?s=96&d=mm&r=g\",\"contentUrl\":\"https:\\\/\\\/secure.gravatar.com\\\/avatar\\\/ffa759db2a4d8ebb52a58b89d3dc2a9f0395a5122bb839045a145d6585de1126?s=96&d=mm&r=g\",\"caption\":\"B\u00e9n\u00e9dicte Rebolloso\"},\"url\":\"https:\\\/\\\/blog.maciterneecolo.fr\\\/de\\\/author\\\/benedicterebolloso\\\/\"}]}<\/script>\n<!-- \/ Yoast SEO plugin. -->","yoast_head_json":{"title":"Warum wird Wasser das blaue Gold des 21. - Blog Ma Citerne Ecolo","description":"Erfahren Sie, warum das blaue Gold im Mittelpunkt der klimatischen, politischen und geopolitischen Herausforderungen des 21. Jahrhunderts steht.","robots":{"index":"index","follow":"follow","max-snippet":"max-snippet:-1","max-image-preview":"max-image-preview:large","max-video-preview":"max-video-preview:-1"},"canonical":"https:\/\/blog.maciterneecolo.fr\/de\/warum-wird-wasser-das-blaue-gold-des-21\/","og_locale":"de_DE","og_type":"article","og_title":"Warum wird Wasser das blaue Gold des 21. - Blog Ma Citerne Ecolo","og_description":"Erfahren Sie, warum das blaue Gold im Mittelpunkt der klimatischen, politischen und geopolitischen Herausforderungen des 21. Jahrhunderts steht.","og_url":"https:\/\/blog.maciterneecolo.fr\/de\/warum-wird-wasser-das-blaue-gold-des-21\/","og_site_name":"Blog Ma Citerne Ecolo","article_published_time":"2025-04-30T09:25:46+00:00","og_image":[{"width":1280,"height":721,"url":"https:\/\/blog.maciterneecolo.fr\/wp-content\/uploads\/2025\/03\/gold-4333047_1280.jpg","type":"image\/jpeg"}],"author":"B\u00e9n\u00e9dicte Rebolloso","twitter_card":"summary_large_image","twitter_misc":{"Verfasst von":"B\u00e9n\u00e9dicte Rebolloso","Gesch\u00e4tzte Lesezeit":"8\u00a0Minuten"},"schema":{"@context":"https:\/\/schema.org","@graph":[{"@type":"Article","@id":"https:\/\/blog.maciterneecolo.fr\/de\/warum-wird-wasser-das-blaue-gold-des-21\/#article","isPartOf":{"@id":"https:\/\/blog.maciterneecolo.fr\/de\/warum-wird-wasser-das-blaue-gold-des-21\/"},"author":{"name":"B\u00e9n\u00e9dicte Rebolloso","@id":"https:\/\/blog.maciterneecolo.fr\/de\/#\/schema\/person\/fe50d00b4e639107698e1ddead236943"},"headline":"Warum wird Wasser das blaue Gold des 21.","datePublished":"2025-04-30T09:25:46+00:00","mainEntityOfPage":{"@id":"https:\/\/blog.maciterneecolo.fr\/de\/warum-wird-wasser-das-blaue-gold-des-21\/"},"wordCount":1691,"commentCount":0,"publisher":{"@id":"https:\/\/blog.maciterneecolo.fr\/de\/#organization"},"image":{"@id":"https:\/\/blog.maciterneecolo.fr\/de\/warum-wird-wasser-das-blaue-gold-des-21\/#primaryimage"},"thumbnailUrl":"https:\/\/blog.maciterneecolo.fr\/wp-content\/uploads\/2025\/03\/gold-4333047_1280.jpg","keywords":["Regenwasser","Wassermanagement"],"articleSection":["Flexible Tanks","Wassermanagement"],"inLanguage":"de","potentialAction":[{"@type":"CommentAction","name":"Comment","target":["https:\/\/blog.maciterneecolo.fr\/de\/warum-wird-wasser-das-blaue-gold-des-21\/#respond"]}]},{"@type":"WebPage","@id":"https:\/\/blog.maciterneecolo.fr\/de\/warum-wird-wasser-das-blaue-gold-des-21\/","url":"https:\/\/blog.maciterneecolo.fr\/de\/warum-wird-wasser-das-blaue-gold-des-21\/","name":"Warum wird Wasser das blaue Gold des 21. - Blog Ma Citerne Ecolo","isPartOf":{"@id":"https:\/\/blog.maciterneecolo.fr\/de\/#website"},"primaryImageOfPage":{"@id":"https:\/\/blog.maciterneecolo.fr\/de\/warum-wird-wasser-das-blaue-gold-des-21\/#primaryimage"},"image":{"@id":"https:\/\/blog.maciterneecolo.fr\/de\/warum-wird-wasser-das-blaue-gold-des-21\/#primaryimage"},"thumbnailUrl":"https:\/\/blog.maciterneecolo.fr\/wp-content\/uploads\/2025\/03\/gold-4333047_1280.jpg","datePublished":"2025-04-30T09:25:46+00:00","description":"Erfahren Sie, warum das blaue Gold im Mittelpunkt der klimatischen, politischen und geopolitischen Herausforderungen des 21. Jahrhunderts steht.","breadcrumb":{"@id":"https:\/\/blog.maciterneecolo.fr\/de\/warum-wird-wasser-das-blaue-gold-des-21\/#breadcrumb"},"inLanguage":"de","potentialAction":[{"@type":"ReadAction","target":["https:\/\/blog.maciterneecolo.fr\/de\/warum-wird-wasser-das-blaue-gold-des-21\/"]}]},{"@type":"ImageObject","inLanguage":"de","@id":"https:\/\/blog.maciterneecolo.fr\/de\/warum-wird-wasser-das-blaue-gold-des-21\/#primaryimage","url":"https:\/\/blog.maciterneecolo.fr\/wp-content\/uploads\/2025\/03\/gold-4333047_1280.jpg","contentUrl":"https:\/\/blog.maciterneecolo.fr\/wp-content\/uploads\/2025\/03\/gold-4333047_1280.jpg","width":1280,"height":721},{"@type":"BreadcrumbList","@id":"https:\/\/blog.maciterneecolo.fr\/de\/warum-wird-wasser-das-blaue-gold-des-21\/#breadcrumb","itemListElement":[{"@type":"ListItem","position":1,"name":"Accueil","item":"https:\/\/blog.maciterneecolo.fr\/de\/"},{"@type":"ListItem","position":2,"name":"Warum wird Wasser das blaue Gold des 21."}]},{"@type":"WebSite","@id":"https:\/\/blog.maciterneecolo.fr\/de\/#website","url":"https:\/\/blog.maciterneecolo.fr\/de\/","name":"Blog Ma Citerne Ecolo","description":"Leader dans le domaine de la citerne souple d&#039;eau de pluie","publisher":{"@id":"https:\/\/blog.maciterneecolo.fr\/de\/#organization"},"potentialAction":[{"@type":"SearchAction","target":{"@type":"EntryPoint","urlTemplate":"https:\/\/blog.maciterneecolo.fr\/de\/?s={search_term_string}"},"query-input":{"@type":"PropertyValueSpecification","valueRequired":true,"valueName":"search_term_string"}}],"inLanguage":"de"},{"@type":"Organization","@id":"https:\/\/blog.maciterneecolo.fr\/de\/#organization","name":"Blog Ma Citerne Ecolo","url":"https:\/\/blog.maciterneecolo.fr\/de\/","logo":{"@type":"ImageObject","inLanguage":"de","@id":"https:\/\/blog.maciterneecolo.fr\/de\/#\/schema\/logo\/image\/","url":"https:\/\/blog.maciterneecolo.fr\/wp-content\/uploads\/2022\/12\/cropped-favicon-blog.png","contentUrl":"https:\/\/blog.maciterneecolo.fr\/wp-content\/uploads\/2022\/12\/cropped-favicon-blog.png","width":512,"height":512,"caption":"Blog Ma Citerne Ecolo"},"image":{"@id":"https:\/\/blog.maciterneecolo.fr\/de\/#\/schema\/logo\/image\/"}},{"@type":"Person","@id":"https:\/\/blog.maciterneecolo.fr\/de\/#\/schema\/person\/fe50d00b4e639107698e1ddead236943","name":"B\u00e9n\u00e9dicte Rebolloso","image":{"@type":"ImageObject","inLanguage":"de","@id":"https:\/\/secure.gravatar.com\/avatar\/ffa759db2a4d8ebb52a58b89d3dc2a9f0395a5122bb839045a145d6585de1126?s=96&d=mm&r=g","url":"https:\/\/secure.gravatar.com\/avatar\/ffa759db2a4d8ebb52a58b89d3dc2a9f0395a5122bb839045a145d6585de1126?s=96&d=mm&r=g","contentUrl":"https:\/\/secure.gravatar.com\/avatar\/ffa759db2a4d8ebb52a58b89d3dc2a9f0395a5122bb839045a145d6585de1126?s=96&d=mm&r=g","caption":"B\u00e9n\u00e9dicte Rebolloso"},"url":"https:\/\/blog.maciterneecolo.fr\/de\/author\/benedicterebolloso\/"}]}},"_links":{"self":[{"href":"https:\/\/blog.maciterneecolo.fr\/de\/wp-json\/wp\/v2\/posts\/13740","targetHints":{"allow":["GET"]}}],"collection":[{"href":"https:\/\/blog.maciterneecolo.fr\/de\/wp-json\/wp\/v2\/posts"}],"about":[{"href":"https:\/\/blog.maciterneecolo.fr\/de\/wp-json\/wp\/v2\/types\/post"}],"author":[{"embeddable":true,"href":"https:\/\/blog.maciterneecolo.fr\/de\/wp-json\/wp\/v2\/users\/4"}],"replies":[{"embeddable":true,"href":"https:\/\/blog.maciterneecolo.fr\/de\/wp-json\/wp\/v2\/comments?post=13740"}],"version-history":[{"count":1,"href":"https:\/\/blog.maciterneecolo.fr\/de\/wp-json\/wp\/v2\/posts\/13740\/revisions"}],"predecessor-version":[{"id":13741,"href":"https:\/\/blog.maciterneecolo.fr\/de\/wp-json\/wp\/v2\/posts\/13740\/revisions\/13741"}],"wp:featuredmedia":[{"embeddable":true,"href":"https:\/\/blog.maciterneecolo.fr\/de\/wp-json\/wp\/v2\/media\/13723"}],"wp:attachment":[{"href":"https:\/\/blog.maciterneecolo.fr\/de\/wp-json\/wp\/v2\/media?parent=13740"}],"wp:term":[{"taxonomy":"category","embeddable":true,"href":"https:\/\/blog.maciterneecolo.fr\/de\/wp-json\/wp\/v2\/categories?post=13740"},{"taxonomy":"post_tag","embeddable":true,"href":"https:\/\/blog.maciterneecolo.fr\/de\/wp-json\/wp\/v2\/tags?post=13740"}],"curies":[{"name":"wp","href":"https:\/\/api.w.org\/{rel}","templated":true}]}}