{"id":14064,"date":"2025-07-22T12:00:00","date_gmt":"2025-07-22T12:00:00","guid":{"rendered":"https:\/\/blog.maciterneecolo.fr\/?p=14064"},"modified":"2025-04-07T13:15:40","modified_gmt":"2025-04-07T13:15:40","slug":"kann-eine-allgemeine-wasserknappheit-in-frankreich-noch-vermieden-werden","status":"publish","type":"post","link":"https:\/\/blog.maciterneecolo.fr\/de\/kann-eine-allgemeine-wasserknappheit-in-frankreich-noch-vermieden-werden\/","title":{"rendered":"Kann eine allgemeine Wasserknappheit in Frankreich noch vermieden werden?"},"content":{"rendered":"\n<p>Frankreich steht vor einer neuen Realit\u00e4t: Wasser, diese lebenswichtige Ressource, die fr\u00fcher reichlich vorhanden und trinkbar war, ist heute unter Druck. Was ist die Ursache? Der Klimawandel, ein \u00fcberm\u00e4\u00dfiger Verbrauch, ein manchmal mangelhaftes Management und die steigenden Risiken, die mit einer allgemeinen Knappheit verbunden sind.  <\/p>\n\n<p>Viele L\u00e4nder leiden bereits unter den dramatischen Folgen der Verknappung von S\u00fc\u00dfwasser. Die Welt tritt in ein Zeitalter ein, in dem jeder Tropfen z\u00e4hlt. Und Frankreich, das reich an Fl\u00fcssen, Seen und Grundwasser ist, bleibt davon nicht mehr verschont.  <\/p>\n\n<p>Kann die Katastrophe noch abgewendet werden? Ja, wenn wir sofort handeln, um unsere Umwelt zu sch\u00fctzen, unsere Nutzung anzupassen, unsere Infrastruktur zu modernisieren und Wasser zu einer nationalen und b\u00fcrgerlichen Priorit\u00e4t zu machen. <\/p>\n\n<h2 class=\"wp-block-heading\"><mark style=\"background-color:rgba(0, 0, 0, 0)\" class=\"has-inline-color has-vivid-cyan-blue-color\">Warum die Gefahr einer Wasserknappheit in Frankreich sehr real ist<\/mark><\/h2>\n\n<h3 class=\"wp-block-heading\"><mark style=\"background-color:rgba(0, 0, 0, 0);color:#2456ee\" class=\"has-inline-color\">Ein Wasserkreislauf, der durch die Klimaver\u00e4nderung gest\u00f6rt wird<\/mark><\/h3>\n\n<p>Der Wasserkreislauf ger\u00e4t aus dem Gleichgewicht. Die globale Erw\u00e4rmung f\u00fchrt zu l\u00e4ngeren D\u00fcrren, selteneren Niederschl\u00e4gen und einer schnelleren Verdunstung. Das Ergebnis ist, dass sich das Grundwasser nicht mehr ausreichend auff\u00fcllt.  <\/p>\n\n<p>In Frankreich erreichten die Wasserst\u00e4nde in mehreren Regionen alarmierende Werte, insbesondere im S\u00fcdosten, S\u00fcdwesten und in Teilen des Westens. Im Jahr 2023 wurden in \u00fcber 90 Departements Nutzungseinschr\u00e4nkungen verh\u00e4ngt. <\/p>\n\n<p>Die Seen sind am Boden, die Fl\u00fcsse sind empfindlich und sowohl l\u00e4ndliche als auch st\u00e4dtische Gebiete machen sich Sorgen um ihre Zukunft. Dies ist auf eine Kombination von aufeinanderfolgenden D\u00fcrren und intensiver Nutzung zur\u00fcckzuf\u00fchren, aber auch auf eine noch zu fragmentierte Bewirtschaftung. <\/p>\n\n<h3 class=\"wp-block-heading\"><mark style=\"background-color:rgba(0, 0, 0, 0);color:#2456ee\" class=\"has-inline-color\">Zu hoher und schlecht verteilter Verbrauch<\/mark><\/h3>\n\n<p>Die Landwirtschaft ist f\u00fcr fast 45% des Wasserverbrauchs in Frankreich verantwortlich, insbesondere f\u00fcr die Bew\u00e4sserung von wasserintensiven Kulturen wie Mais. Diese Kulturen werden manchmal in Gebieten angebaut, die bereits unter Druck stehen. <\/p>\n\n<p>Au\u00dferdem w\u00e4chst die Bev\u00f6lkerung in Frankreich, was den Bedarf an Trinkwasser erh\u00f6ht und die B\u00f6den versiegelt, wodurch die nat\u00fcrliche Versickerung in das Grundwasser verhindert wird. Gleichzeitig<a href=\"https:\/\/blog.maciterneecolo.fr\/de\/regenwassernutzung-eine-loesung-fuer-die-wasserlecks-in-den-staedten\/\"> gehen in den Wassernetzen j\u00e4hrlich bis zu 1 Milliarde Kubikmeter Wasser durch Lecks verloren: eine echte Verschwendung, die die Wasserknappheit<\/a> versch\u00e4rft. <\/p>\n\n<p>Wasser wird in vielen Haushalten wahllos verwendet: Geschirr unter dem Wasserhahn, Bew\u00e4sserung mitten am Tag, lange Duschen, M\u00e4ngel bei der Wiederverwendung von Abwasser. Dies f\u00fchrt zu einem zunehmenden Druck auf die Ressourcen. <\/p>\n\n<h2 class=\"wp-block-heading\"><mark style=\"background-color:rgba(0, 0, 0, 0)\" class=\"has-inline-color has-vivid-cyan-blue-color\">Konkrete L\u00f6sungen zur Vermeidung von Wasserknappheit<\/mark><\/h2>\n\n<h3 class=\"wp-block-heading\"><mark style=\"background-color:rgba(0, 0, 0, 0);color:#2456ee\" class=\"has-inline-color\">Verringerung der Verschwendung und Modernisierung der Netzwerke<\/mark><\/h3>\n\n<p>Die Reduzierung von Lecks ist einer der ersten Hebel, um Ma\u00dfnahmen zu ergreifen. In Frankreich macht dies etwa 20% des Gesamtverbrauchs aus, was Milliarden von Litern Trinkwasser entspricht, die jedes Jahr verloren gehen. Eine Renovierung der Infrastruktur w\u00fcrde sofort zu Einsparungen f\u00fchren.  <\/p>\n\n<p>Es ist auch dringend erforderlich, dass :<\/p>\n\n<ul class=\"wp-block-list\">\n<li>Entwicklung der Wiederverwendung von Abwasser,<\/li>\n\n\n\n<li>Modernisierung der Ausstattung in \u00f6ffentlichen und privaten Geb\u00e4uden,<\/li>\n\n\n\n<li>Anreize f\u00fcr Privatpersonen schaffen: sparsame Toilettensp\u00fclung, Schaumschl\u00e4ger, Sammeltanks, etc.<\/li>\n<\/ul>\n\n<p>Auf lokaler Ebene f\u00fchren einige Regionen umweltfreundliche L\u00f6sungen wie R\u00fcckhaltebecken oder k\u00fcnstliche Seen ein, um S\u00fc\u00dfwasser in Regenzeiten zu speichern.<\/p>\n\n<p>&#x1f449; Pour aller plus loin, d\u00e9couvrez sur <a class=\"\" href=\"https:\/\/www.maciterneecolo.fr\">maciterneecolo.fr<\/a> des syst\u00e8mes de r\u00e9cup\u00e9ration d\u2019eau de pluie efficaces et faciles \u00e0 installer dans votre jardin, votre exploitation ou vos locaux.<\/p>\n\n<h3 class=\"wp-block-heading\"><mark style=\"background-color:rgba(0, 0, 0, 0);color:#2456ee\" class=\"has-inline-color\">Adopter une consommation plus \u00e9cologique et responsable<\/mark><\/h3>\n\n<p>Chaque citoyen peut agir. R\u00e9duire sa consommation d\u2019eau, c\u2019est aussi limiter les risques de p\u00e9nurie. Voici quelques gestes simples et efficaces :<\/p>\n\n<ul class=\"wp-block-list\">\n<li>utiliser l\u2019eau de pluie pour le jardin,<\/li>\n\n\n\n<li>privil\u00e9gier les douches courtes,<\/li>\n\n\n\n<li>\u00e9viter le lavage des voitures avec de l\u2019eau potable,<\/li>\n\n\n\n<li>r\u00e9utiliser l\u2019eau douce de cuisson ou de rin\u00e7age pour arroser les plantes.<\/li>\n<\/ul>\n\n<p>Les collectivit\u00e9s peuvent, elles aussi, agir :<\/p>\n\n<ul class=\"wp-block-list\">\n<li>restreindre l\u2019arrosage public,<\/li>\n\n\n\n<li>v\u00e9g\u00e9taliser les villes avec des esp\u00e8ces r\u00e9sistantes \u00e0 la s\u00e9cheresse,<\/li>\n\n\n\n<li>adapter les horaires d\u2019arrosage pour \u00e9viter l\u2019\u00e9vaporation.<\/li>\n<\/ul>\n\n<p>La gestion de l\u2019eau doit devenir un enjeu \u00e9ducatif, enseign\u00e9 d\u00e8s l\u2019\u00e9cole, int\u00e9gr\u00e9 dans les programmes de sensibilisation, et accompagn\u00e9 de campagnes nationales pour informer sur les risques et les bons usages.<\/p>\n\n<h2 class=\"wp-block-heading\"><mark style=\"background-color:rgba(0, 0, 0, 0)\" class=\"has-inline-color has-vivid-cyan-blue-color\">La France peut-elle devenir un mod\u00e8le de r\u00e9silience hydrique ?<\/mark><\/h2>\n\n<h3 class=\"wp-block-heading\"><mark style=\"background-color:rgba(0, 0, 0, 0);color:#2456ee\" class=\"has-inline-color\">Des territoires exemplaires montrent la voie<\/mark><\/h3>\n\n<p>Certaines r\u00e9gions fran\u00e7aises sont d\u00e9j\u00e0 en avance. En Vend\u00e9e, par exemple, un vaste plan de s\u00e9curisation de l\u2019approvisionnement en eau a \u00e9t\u00e9 mis en \u0153uvre. Cela inclut :<\/p>\n\n<ul class=\"wp-block-list\">\n<li>des stations de traitement avanc\u00e9es,<\/li>\n\n\n\n<li>des interconnexions de r\u00e9seaux,<\/li>\n\n\n\n<li>des campagnes de r\u00e9duction de la consommation.<\/li>\n<\/ul>\n\n<p>D\u2019autres d\u00e9partements d\u00e9veloppent des solutions locales : plantations d\u2019arbres pour maintenir l\u2019humidit\u00e9 dans les sols, r\u00e9am\u00e9nagement de zones humides, ou restauration de zones d\u2019infiltration naturelles.<\/p>\n\n<p>Ces initiatives locales montrent qu\u2019avec une vision \u00e9cologique et une vraie coordination, il est possible de b\u00e2tir un mod\u00e8le r\u00e9silient, capable de r\u00e9pondre aux p\u00e9nuries et d\u2019affronter les al\u00e9as climatiques.<\/p>\n\n<h3 class=\"wp-block-heading\"><mark style=\"background-color:rgba(0, 0, 0, 0);color:#2456ee\" class=\"has-inline-color\">Une gouvernance de l\u2019eau \u00e0 repenser collectivement<\/mark><\/h3>\n\n<p>Aujourd\u2019hui, la gestion de l\u2019eau en France repose sur une multiplicit\u00e9 d\u2019acteurs. Il faut clarifier les responsabilit\u00e9s, mutualiser les moyens, et construire une vision partag\u00e9e.<\/p>\n\n<p>Cela implique :<\/p>\n\n<ul class=\"wp-block-list\">\n<li>des restrictions mieux anticip\u00e9es et mieux comprises,<\/li>\n\n\n\n<li>une r\u00e9vision des priorit\u00e9s entre usages agricoles, industriels et domestiques,<\/li>\n\n\n\n<li>une coop\u00e9ration entre les r\u00e9gions, les d\u00e9partements et l\u2019\u00c9tat.<\/li>\n<\/ul>\n\n<p>Il est \u00e9galement indispensable d\u2019int\u00e9grer l\u2019eau dans toutes les politiques publiques : urbanisme, environnement, sant\u00e9, \u00e9nergie. L\u2019eau ne peut plus \u00eatre pens\u00e9e en silo.<\/p>\n\n<h2 class=\"wp-block-heading\"><mark style=\"background-color:rgba(0, 0, 0, 0)\" class=\"has-inline-color has-vivid-cyan-blue-color\">Chaque goutte compte, chaque action aussi&#8230;<\/mark><\/h2>\n\n<p>La France, comme de nombreux pays, est confront\u00e9e \u00e0 une nouvelle urgence : celle de garantir l\u2019acc\u00e8s \u00e0 une eau douce, propre, accessible \u00e0 tous, et durable dans le temps.<\/p>\n\n<p>Face aux p\u00e9nuries, aux s\u00e9cheresses, aux restrictions, aux fuites, aux usages non ma\u00eetris\u00e9s, la mobilisation doit \u00eatre g\u00e9n\u00e9rale. Ce n\u2019est plus une simple question technique, mais un d\u00e9fi de soci\u00e9t\u00e9, un enjeu de survie \u00e9cologique et de justice territoriale.<\/p>\n\n<p>&#x1f4a7; Plus que jamais, chaque geste pour \u00e9conomiser l\u2019eau est un acte de r\u00e9silience.<br\/>&#x1f30d; Chaque litre pr\u00e9serv\u00e9 est une victoire pour notre environnement.<br\/>&#x1f3de;&#xfe0f; Et chaque solution locale contribue \u00e0 b\u00e2tir un mod\u00e8le fran\u00e7ais de gestion \u00e9cologique de l\u2019eau, reconnu dans le monde entier.<\/p>\n\n<p><\/p>\n","protected":false},"excerpt":{"rendered":"<p>Frankreich steht vor einer neuen Realit\u00e4t: Wasser, diese lebenswichtige Ressource, die fr\u00fcher reichlich vorhanden und trinkbar war, ist heute unter Druck. Was ist die Ursache? Der Klimawandel, ein \u00fcberm\u00e4\u00dfiger Verbrauch, ein manchmal mangelhaftes Management und die steigenden Risiken, die mit einer allgemeinen Knappheit verbunden sind. Viele L\u00e4nder leiden bereits unter den dramatischen Folgen der Verknappung [&hellip;]<\/p>\n","protected":false},"author":4,"featured_media":14035,"comment_status":"open","ping_status":"closed","sticky":false,"template":"","format":"standard","meta":{"inline_featured_image":false,"footnotes":""},"categories":[111,56],"tags":[],"class_list":["post-14064","post","type-post","status-publish","format-standard","has-post-thumbnail","hentry","category-alles-uber-regenwasser","category-regenwassersammler"],"yoast_head":"<!-- This site is optimized with the Yoast SEO plugin v27.5 - https:\/\/yoast.com\/product\/yoast-seo-wordpress\/ -->\n<title>Kann eine allgemeine Wasserknappheit in Frankreich noch vermieden werden? - Blog Ma Citerne Ecolo<\/title>\n<meta name=\"description\" content=\"Ist Frankreich auf dem Weg zu einer Wasserknappheit? Erfahren Sie mehr \u00fcber die Ursachen, L\u00f6sungen und Verhaltensweisen, um die Ressource zu sch\u00fctzen.\" \/>\n<meta name=\"robots\" content=\"index, follow, max-snippet:-1, max-image-preview:large, max-video-preview:-1\" \/>\n<link rel=\"canonical\" href=\"https:\/\/blog.maciterneecolo.fr\/de\/kann-eine-allgemeine-wasserknappheit-in-frankreich-noch-vermieden-werden\/\" \/>\n<meta property=\"og:locale\" content=\"de_DE\" \/>\n<meta property=\"og:type\" content=\"article\" \/>\n<meta property=\"og:title\" content=\"Kann eine allgemeine Wasserknappheit in Frankreich noch vermieden werden? - Blog Ma Citerne Ecolo\" \/>\n<meta property=\"og:description\" content=\"Ist Frankreich auf dem Weg zu einer Wasserknappheit? Erfahren Sie mehr \u00fcber die Ursachen, L\u00f6sungen und Verhaltensweisen, um die Ressource zu sch\u00fctzen.\" \/>\n<meta property=\"og:url\" content=\"https:\/\/blog.maciterneecolo.fr\/de\/kann-eine-allgemeine-wasserknappheit-in-frankreich-noch-vermieden-werden\/\" \/>\n<meta property=\"og:site_name\" content=\"Blog Ma Citerne Ecolo\" \/>\n<meta property=\"article:published_time\" content=\"2025-07-22T12:00:00+00:00\" \/>\n<meta property=\"og:image\" content=\"https:\/\/blog.maciterneecolo.fr\/wp-content\/uploads\/2025\/04\/earth-3545203_1280.jpg\" \/>\n\t<meta property=\"og:image:width\" content=\"1280\" \/>\n\t<meta property=\"og:image:height\" content=\"854\" \/>\n\t<meta property=\"og:image:type\" content=\"image\/jpeg\" \/>\n<meta name=\"author\" content=\"B\u00e9n\u00e9dicte Rebolloso\" \/>\n<meta name=\"twitter:card\" content=\"summary_large_image\" \/>\n<meta name=\"twitter:label1\" content=\"Verfasst von\" \/>\n\t<meta name=\"twitter:data1\" content=\"B\u00e9n\u00e9dicte Rebolloso\" \/>\n\t<meta name=\"twitter:label2\" content=\"Gesch\u00e4tzte Lesezeit\" \/>\n\t<meta name=\"twitter:data2\" content=\"5\u00a0Minuten\" \/>\n<script type=\"application\/ld+json\" class=\"yoast-schema-graph\">{\"@context\":\"https:\\\/\\\/schema.org\",\"@graph\":[{\"@type\":\"Article\",\"@id\":\"https:\\\/\\\/blog.maciterneecolo.fr\\\/de\\\/kann-eine-allgemeine-wasserknappheit-in-frankreich-noch-vermieden-werden\\\/#article\",\"isPartOf\":{\"@id\":\"https:\\\/\\\/blog.maciterneecolo.fr\\\/de\\\/kann-eine-allgemeine-wasserknappheit-in-frankreich-noch-vermieden-werden\\\/\"},\"author\":{\"name\":\"B\u00e9n\u00e9dicte Rebolloso\",\"@id\":\"https:\\\/\\\/blog.maciterneecolo.fr\\\/de\\\/#\\\/schema\\\/person\\\/fe50d00b4e639107698e1ddead236943\"},\"headline\":\"Kann eine allgemeine Wasserknappheit in Frankreich noch vermieden werden?\",\"datePublished\":\"2025-07-22T12:00:00+00:00\",\"mainEntityOfPage\":{\"@id\":\"https:\\\/\\\/blog.maciterneecolo.fr\\\/de\\\/kann-eine-allgemeine-wasserknappheit-in-frankreich-noch-vermieden-werden\\\/\"},\"wordCount\":1072,\"commentCount\":0,\"publisher\":{\"@id\":\"https:\\\/\\\/blog.maciterneecolo.fr\\\/de\\\/#organization\"},\"image\":{\"@id\":\"https:\\\/\\\/blog.maciterneecolo.fr\\\/de\\\/kann-eine-allgemeine-wasserknappheit-in-frankreich-noch-vermieden-werden\\\/#primaryimage\"},\"thumbnailUrl\":\"https:\\\/\\\/blog.maciterneecolo.fr\\\/wp-content\\\/uploads\\\/2025\\\/04\\\/earth-3545203_1280.jpg\",\"articleSection\":[\"Alles \u00fcber Regenwasser\",\"Regenwassersammler\"],\"inLanguage\":\"de\",\"potentialAction\":[{\"@type\":\"CommentAction\",\"name\":\"Comment\",\"target\":[\"https:\\\/\\\/blog.maciterneecolo.fr\\\/de\\\/kann-eine-allgemeine-wasserknappheit-in-frankreich-noch-vermieden-werden\\\/#respond\"]}]},{\"@type\":\"WebPage\",\"@id\":\"https:\\\/\\\/blog.maciterneecolo.fr\\\/de\\\/kann-eine-allgemeine-wasserknappheit-in-frankreich-noch-vermieden-werden\\\/\",\"url\":\"https:\\\/\\\/blog.maciterneecolo.fr\\\/de\\\/kann-eine-allgemeine-wasserknappheit-in-frankreich-noch-vermieden-werden\\\/\",\"name\":\"Kann eine allgemeine Wasserknappheit in Frankreich noch vermieden werden? - Blog Ma Citerne Ecolo\",\"isPartOf\":{\"@id\":\"https:\\\/\\\/blog.maciterneecolo.fr\\\/de\\\/#website\"},\"primaryImageOfPage\":{\"@id\":\"https:\\\/\\\/blog.maciterneecolo.fr\\\/de\\\/kann-eine-allgemeine-wasserknappheit-in-frankreich-noch-vermieden-werden\\\/#primaryimage\"},\"image\":{\"@id\":\"https:\\\/\\\/blog.maciterneecolo.fr\\\/de\\\/kann-eine-allgemeine-wasserknappheit-in-frankreich-noch-vermieden-werden\\\/#primaryimage\"},\"thumbnailUrl\":\"https:\\\/\\\/blog.maciterneecolo.fr\\\/wp-content\\\/uploads\\\/2025\\\/04\\\/earth-3545203_1280.jpg\",\"datePublished\":\"2025-07-22T12:00:00+00:00\",\"description\":\"Ist Frankreich auf dem Weg zu einer Wasserknappheit? Erfahren Sie mehr \u00fcber die Ursachen, L\u00f6sungen und Verhaltensweisen, um die Ressource zu sch\u00fctzen.\",\"breadcrumb\":{\"@id\":\"https:\\\/\\\/blog.maciterneecolo.fr\\\/de\\\/kann-eine-allgemeine-wasserknappheit-in-frankreich-noch-vermieden-werden\\\/#breadcrumb\"},\"inLanguage\":\"de\",\"potentialAction\":[{\"@type\":\"ReadAction\",\"target\":[\"https:\\\/\\\/blog.maciterneecolo.fr\\\/de\\\/kann-eine-allgemeine-wasserknappheit-in-frankreich-noch-vermieden-werden\\\/\"]}]},{\"@type\":\"ImageObject\",\"inLanguage\":\"de\",\"@id\":\"https:\\\/\\\/blog.maciterneecolo.fr\\\/de\\\/kann-eine-allgemeine-wasserknappheit-in-frankreich-noch-vermieden-werden\\\/#primaryimage\",\"url\":\"https:\\\/\\\/blog.maciterneecolo.fr\\\/wp-content\\\/uploads\\\/2025\\\/04\\\/earth-3545203_1280.jpg\",\"contentUrl\":\"https:\\\/\\\/blog.maciterneecolo.fr\\\/wp-content\\\/uploads\\\/2025\\\/04\\\/earth-3545203_1280.jpg\",\"width\":1280,\"height\":854},{\"@type\":\"BreadcrumbList\",\"@id\":\"https:\\\/\\\/blog.maciterneecolo.fr\\\/de\\\/kann-eine-allgemeine-wasserknappheit-in-frankreich-noch-vermieden-werden\\\/#breadcrumb\",\"itemListElement\":[{\"@type\":\"ListItem\",\"position\":1,\"name\":\"Accueil\",\"item\":\"https:\\\/\\\/blog.maciterneecolo.fr\\\/de\\\/\"},{\"@type\":\"ListItem\",\"position\":2,\"name\":\"Kann eine allgemeine Wasserknappheit in Frankreich noch vermieden werden?\"}]},{\"@type\":\"WebSite\",\"@id\":\"https:\\\/\\\/blog.maciterneecolo.fr\\\/de\\\/#website\",\"url\":\"https:\\\/\\\/blog.maciterneecolo.fr\\\/de\\\/\",\"name\":\"Blog Ma Citerne Ecolo\",\"description\":\"Leader dans le domaine de la citerne souple d&#039;eau de pluie\",\"publisher\":{\"@id\":\"https:\\\/\\\/blog.maciterneecolo.fr\\\/de\\\/#organization\"},\"potentialAction\":[{\"@type\":\"SearchAction\",\"target\":{\"@type\":\"EntryPoint\",\"urlTemplate\":\"https:\\\/\\\/blog.maciterneecolo.fr\\\/de\\\/?s={search_term_string}\"},\"query-input\":{\"@type\":\"PropertyValueSpecification\",\"valueRequired\":true,\"valueName\":\"search_term_string\"}}],\"inLanguage\":\"de\"},{\"@type\":\"Organization\",\"@id\":\"https:\\\/\\\/blog.maciterneecolo.fr\\\/de\\\/#organization\",\"name\":\"Blog Ma Citerne Ecolo\",\"url\":\"https:\\\/\\\/blog.maciterneecolo.fr\\\/de\\\/\",\"logo\":{\"@type\":\"ImageObject\",\"inLanguage\":\"de\",\"@id\":\"https:\\\/\\\/blog.maciterneecolo.fr\\\/de\\\/#\\\/schema\\\/logo\\\/image\\\/\",\"url\":\"https:\\\/\\\/blog.maciterneecolo.fr\\\/wp-content\\\/uploads\\\/2022\\\/12\\\/cropped-favicon-blog.png\",\"contentUrl\":\"https:\\\/\\\/blog.maciterneecolo.fr\\\/wp-content\\\/uploads\\\/2022\\\/12\\\/cropped-favicon-blog.png\",\"width\":512,\"height\":512,\"caption\":\"Blog Ma Citerne Ecolo\"},\"image\":{\"@id\":\"https:\\\/\\\/blog.maciterneecolo.fr\\\/de\\\/#\\\/schema\\\/logo\\\/image\\\/\"}},{\"@type\":\"Person\",\"@id\":\"https:\\\/\\\/blog.maciterneecolo.fr\\\/de\\\/#\\\/schema\\\/person\\\/fe50d00b4e639107698e1ddead236943\",\"name\":\"B\u00e9n\u00e9dicte Rebolloso\",\"image\":{\"@type\":\"ImageObject\",\"inLanguage\":\"de\",\"@id\":\"https:\\\/\\\/secure.gravatar.com\\\/avatar\\\/ffa759db2a4d8ebb52a58b89d3dc2a9f0395a5122bb839045a145d6585de1126?s=96&d=mm&r=g\",\"url\":\"https:\\\/\\\/secure.gravatar.com\\\/avatar\\\/ffa759db2a4d8ebb52a58b89d3dc2a9f0395a5122bb839045a145d6585de1126?s=96&d=mm&r=g\",\"contentUrl\":\"https:\\\/\\\/secure.gravatar.com\\\/avatar\\\/ffa759db2a4d8ebb52a58b89d3dc2a9f0395a5122bb839045a145d6585de1126?s=96&d=mm&r=g\",\"caption\":\"B\u00e9n\u00e9dicte Rebolloso\"},\"url\":\"https:\\\/\\\/blog.maciterneecolo.fr\\\/de\\\/author\\\/benedicterebolloso\\\/\"}]}<\/script>\n<!-- \/ Yoast SEO plugin. -->","yoast_head_json":{"title":"Kann eine allgemeine Wasserknappheit in Frankreich noch vermieden werden? - Blog Ma Citerne Ecolo","description":"Ist Frankreich auf dem Weg zu einer Wasserknappheit? Erfahren Sie mehr \u00fcber die Ursachen, L\u00f6sungen und Verhaltensweisen, um die Ressource zu sch\u00fctzen.","robots":{"index":"index","follow":"follow","max-snippet":"max-snippet:-1","max-image-preview":"max-image-preview:large","max-video-preview":"max-video-preview:-1"},"canonical":"https:\/\/blog.maciterneecolo.fr\/de\/kann-eine-allgemeine-wasserknappheit-in-frankreich-noch-vermieden-werden\/","og_locale":"de_DE","og_type":"article","og_title":"Kann eine allgemeine Wasserknappheit in Frankreich noch vermieden werden? - Blog Ma Citerne Ecolo","og_description":"Ist Frankreich auf dem Weg zu einer Wasserknappheit? Erfahren Sie mehr \u00fcber die Ursachen, L\u00f6sungen und Verhaltensweisen, um die Ressource zu sch\u00fctzen.","og_url":"https:\/\/blog.maciterneecolo.fr\/de\/kann-eine-allgemeine-wasserknappheit-in-frankreich-noch-vermieden-werden\/","og_site_name":"Blog Ma Citerne Ecolo","article_published_time":"2025-07-22T12:00:00+00:00","og_image":[{"width":1280,"height":854,"url":"https:\/\/blog.maciterneecolo.fr\/wp-content\/uploads\/2025\/04\/earth-3545203_1280.jpg","type":"image\/jpeg"}],"author":"B\u00e9n\u00e9dicte Rebolloso","twitter_card":"summary_large_image","twitter_misc":{"Verfasst von":"B\u00e9n\u00e9dicte Rebolloso","Gesch\u00e4tzte Lesezeit":"5\u00a0Minuten"},"schema":{"@context":"https:\/\/schema.org","@graph":[{"@type":"Article","@id":"https:\/\/blog.maciterneecolo.fr\/de\/kann-eine-allgemeine-wasserknappheit-in-frankreich-noch-vermieden-werden\/#article","isPartOf":{"@id":"https:\/\/blog.maciterneecolo.fr\/de\/kann-eine-allgemeine-wasserknappheit-in-frankreich-noch-vermieden-werden\/"},"author":{"name":"B\u00e9n\u00e9dicte Rebolloso","@id":"https:\/\/blog.maciterneecolo.fr\/de\/#\/schema\/person\/fe50d00b4e639107698e1ddead236943"},"headline":"Kann eine allgemeine Wasserknappheit in Frankreich noch vermieden werden?","datePublished":"2025-07-22T12:00:00+00:00","mainEntityOfPage":{"@id":"https:\/\/blog.maciterneecolo.fr\/de\/kann-eine-allgemeine-wasserknappheit-in-frankreich-noch-vermieden-werden\/"},"wordCount":1072,"commentCount":0,"publisher":{"@id":"https:\/\/blog.maciterneecolo.fr\/de\/#organization"},"image":{"@id":"https:\/\/blog.maciterneecolo.fr\/de\/kann-eine-allgemeine-wasserknappheit-in-frankreich-noch-vermieden-werden\/#primaryimage"},"thumbnailUrl":"https:\/\/blog.maciterneecolo.fr\/wp-content\/uploads\/2025\/04\/earth-3545203_1280.jpg","articleSection":["Alles \u00fcber Regenwasser","Regenwassersammler"],"inLanguage":"de","potentialAction":[{"@type":"CommentAction","name":"Comment","target":["https:\/\/blog.maciterneecolo.fr\/de\/kann-eine-allgemeine-wasserknappheit-in-frankreich-noch-vermieden-werden\/#respond"]}]},{"@type":"WebPage","@id":"https:\/\/blog.maciterneecolo.fr\/de\/kann-eine-allgemeine-wasserknappheit-in-frankreich-noch-vermieden-werden\/","url":"https:\/\/blog.maciterneecolo.fr\/de\/kann-eine-allgemeine-wasserknappheit-in-frankreich-noch-vermieden-werden\/","name":"Kann eine allgemeine Wasserknappheit in Frankreich noch vermieden werden? - Blog Ma Citerne Ecolo","isPartOf":{"@id":"https:\/\/blog.maciterneecolo.fr\/de\/#website"},"primaryImageOfPage":{"@id":"https:\/\/blog.maciterneecolo.fr\/de\/kann-eine-allgemeine-wasserknappheit-in-frankreich-noch-vermieden-werden\/#primaryimage"},"image":{"@id":"https:\/\/blog.maciterneecolo.fr\/de\/kann-eine-allgemeine-wasserknappheit-in-frankreich-noch-vermieden-werden\/#primaryimage"},"thumbnailUrl":"https:\/\/blog.maciterneecolo.fr\/wp-content\/uploads\/2025\/04\/earth-3545203_1280.jpg","datePublished":"2025-07-22T12:00:00+00:00","description":"Ist Frankreich auf dem Weg zu einer Wasserknappheit? Erfahren Sie mehr \u00fcber die Ursachen, L\u00f6sungen und Verhaltensweisen, um die Ressource zu sch\u00fctzen.","breadcrumb":{"@id":"https:\/\/blog.maciterneecolo.fr\/de\/kann-eine-allgemeine-wasserknappheit-in-frankreich-noch-vermieden-werden\/#breadcrumb"},"inLanguage":"de","potentialAction":[{"@type":"ReadAction","target":["https:\/\/blog.maciterneecolo.fr\/de\/kann-eine-allgemeine-wasserknappheit-in-frankreich-noch-vermieden-werden\/"]}]},{"@type":"ImageObject","inLanguage":"de","@id":"https:\/\/blog.maciterneecolo.fr\/de\/kann-eine-allgemeine-wasserknappheit-in-frankreich-noch-vermieden-werden\/#primaryimage","url":"https:\/\/blog.maciterneecolo.fr\/wp-content\/uploads\/2025\/04\/earth-3545203_1280.jpg","contentUrl":"https:\/\/blog.maciterneecolo.fr\/wp-content\/uploads\/2025\/04\/earth-3545203_1280.jpg","width":1280,"height":854},{"@type":"BreadcrumbList","@id":"https:\/\/blog.maciterneecolo.fr\/de\/kann-eine-allgemeine-wasserknappheit-in-frankreich-noch-vermieden-werden\/#breadcrumb","itemListElement":[{"@type":"ListItem","position":1,"name":"Accueil","item":"https:\/\/blog.maciterneecolo.fr\/de\/"},{"@type":"ListItem","position":2,"name":"Kann eine allgemeine Wasserknappheit in Frankreich noch vermieden werden?"}]},{"@type":"WebSite","@id":"https:\/\/blog.maciterneecolo.fr\/de\/#website","url":"https:\/\/blog.maciterneecolo.fr\/de\/","name":"Blog Ma Citerne Ecolo","description":"Leader dans le domaine de la citerne souple d&#039;eau de pluie","publisher":{"@id":"https:\/\/blog.maciterneecolo.fr\/de\/#organization"},"potentialAction":[{"@type":"SearchAction","target":{"@type":"EntryPoint","urlTemplate":"https:\/\/blog.maciterneecolo.fr\/de\/?s={search_term_string}"},"query-input":{"@type":"PropertyValueSpecification","valueRequired":true,"valueName":"search_term_string"}}],"inLanguage":"de"},{"@type":"Organization","@id":"https:\/\/blog.maciterneecolo.fr\/de\/#organization","name":"Blog Ma Citerne Ecolo","url":"https:\/\/blog.maciterneecolo.fr\/de\/","logo":{"@type":"ImageObject","inLanguage":"de","@id":"https:\/\/blog.maciterneecolo.fr\/de\/#\/schema\/logo\/image\/","url":"https:\/\/blog.maciterneecolo.fr\/wp-content\/uploads\/2022\/12\/cropped-favicon-blog.png","contentUrl":"https:\/\/blog.maciterneecolo.fr\/wp-content\/uploads\/2022\/12\/cropped-favicon-blog.png","width":512,"height":512,"caption":"Blog Ma Citerne Ecolo"},"image":{"@id":"https:\/\/blog.maciterneecolo.fr\/de\/#\/schema\/logo\/image\/"}},{"@type":"Person","@id":"https:\/\/blog.maciterneecolo.fr\/de\/#\/schema\/person\/fe50d00b4e639107698e1ddead236943","name":"B\u00e9n\u00e9dicte Rebolloso","image":{"@type":"ImageObject","inLanguage":"de","@id":"https:\/\/secure.gravatar.com\/avatar\/ffa759db2a4d8ebb52a58b89d3dc2a9f0395a5122bb839045a145d6585de1126?s=96&d=mm&r=g","url":"https:\/\/secure.gravatar.com\/avatar\/ffa759db2a4d8ebb52a58b89d3dc2a9f0395a5122bb839045a145d6585de1126?s=96&d=mm&r=g","contentUrl":"https:\/\/secure.gravatar.com\/avatar\/ffa759db2a4d8ebb52a58b89d3dc2a9f0395a5122bb839045a145d6585de1126?s=96&d=mm&r=g","caption":"B\u00e9n\u00e9dicte Rebolloso"},"url":"https:\/\/blog.maciterneecolo.fr\/de\/author\/benedicterebolloso\/"}]}},"_links":{"self":[{"href":"https:\/\/blog.maciterneecolo.fr\/de\/wp-json\/wp\/v2\/posts\/14064","targetHints":{"allow":["GET"]}}],"collection":[{"href":"https:\/\/blog.maciterneecolo.fr\/de\/wp-json\/wp\/v2\/posts"}],"about":[{"href":"https:\/\/blog.maciterneecolo.fr\/de\/wp-json\/wp\/v2\/types\/post"}],"author":[{"embeddable":true,"href":"https:\/\/blog.maciterneecolo.fr\/de\/wp-json\/wp\/v2\/users\/4"}],"replies":[{"embeddable":true,"href":"https:\/\/blog.maciterneecolo.fr\/de\/wp-json\/wp\/v2\/comments?post=14064"}],"version-history":[{"count":1,"href":"https:\/\/blog.maciterneecolo.fr\/de\/wp-json\/wp\/v2\/posts\/14064\/revisions"}],"predecessor-version":[{"id":14065,"href":"https:\/\/blog.maciterneecolo.fr\/de\/wp-json\/wp\/v2\/posts\/14064\/revisions\/14065"}],"wp:featuredmedia":[{"embeddable":true,"href":"https:\/\/blog.maciterneecolo.fr\/de\/wp-json\/wp\/v2\/media\/14035"}],"wp:attachment":[{"href":"https:\/\/blog.maciterneecolo.fr\/de\/wp-json\/wp\/v2\/media?parent=14064"}],"wp:term":[{"taxonomy":"category","embeddable":true,"href":"https:\/\/blog.maciterneecolo.fr\/de\/wp-json\/wp\/v2\/categories?post=14064"},{"taxonomy":"post_tag","embeddable":true,"href":"https:\/\/blog.maciterneecolo.fr\/de\/wp-json\/wp\/v2\/tags?post=14064"}],"curies":[{"name":"wp","href":"https:\/\/api.w.org\/{rel}","templated":true}]}}