{"id":15169,"date":"2025-12-03T08:00:00","date_gmt":"2025-12-03T08:00:00","guid":{"rendered":"https:\/\/blog.maciterneecolo.fr\/?p=15169"},"modified":"2025-09-11T12:20:08","modified_gmt":"2025-09-11T12:20:08","slug":"wie-ist-der-lebenszyklus-eines-flexiblen-tanks-von-der-herstellung-bis-zum-recycling","status":"publish","type":"post","link":"https:\/\/blog.maciterneecolo.fr\/de\/wie-ist-der-lebenszyklus-eines-flexiblen-tanks-von-der-herstellung-bis-zum-recycling\/","title":{"rendered":"Wie ist der Lebenszyklus eines flexiblen Tanks? Von der Herstellung bis zum Recycling"},"content":{"rendered":"\n<h2 class=\"wp-block-heading\">Einf\u00fchrung<\/h2>\n\n<p>Der Lebenszyklus eines <a href=\"https:\/\/www.maciterneecolo.fr\/fr\/3-citernes-souples\">flexiblen Tanks<\/a> ist ein zentrales Thema in der Wasserwirtschaft. Von der Herstellung bis zum Recycling spielt jeder Schritt eine wesentliche Rolle. Diese Tanks stellen eine nachhaltige L\u00f6sung f\u00fcr die Speicherung von Regenwasser oder Trinkwasser dar. Aber was passiert wirklich, von der Planung bis zum Ende der Lebensdauer?   <\/p>\n\n<p>In Frankreich nutzen bereits viele Fachleute und Privatpersonen diese Ger\u00e4te. Sie sehen darin eine konkrete Antwort auf die Herausforderungen des Klimas und den Bedarf an Liter Wasser. Das Verst\u00e4ndnis des Kreislaufs hilft, die Nutzung zu optimieren, Abfall zu reduzieren und die Sicherheit der Anlagen zu erh\u00f6hen.  <\/p>\n\n<h2 class=\"wp-block-heading\">Die Gestaltung eines flexiblen Tanks<\/h2>\n\n<h3 class=\"wp-block-heading\">Verwendete Materialien: Kunststoff, Textilien und Holz<\/h3>\n\n<p>Eine flexible Zisterne wird aus festen Materialien hergestellt: PVC, technische Textilien und manchmal Holz zur Verst\u00e4rkung. Diese Produkte sorgen f\u00fcr die Wasserdichtigkeit und sch\u00fctzen das gespeicherte Wasser vor Hitze und Regen. J\u00fcngste Innovationen f\u00f6rdern die Verwendung von wiederverwertbaren Materialien, wodurch die Abfallmenge reduziert und die Auswirkungen auf die Umwelt verbessert werden.  <\/p>\n\n<h3 class=\"wp-block-heading\">Herstellungsschritte und Standards<\/h3>\n\n<p>Die Herstellung folgt einem strengen Verfahren: Schneiden, Schwei\u00dfen, Festigkeitstests und Kontrolle des Durchsatzes. Die Sicherheitsstandards in Frankreich erfordern eine strenge Kontrolle. Jeder <a href=\"https:\/\/www.maciterneecolo.fr\/fr\/\">flexible Tank<\/a> ist auf Langlebigkeit ausgelegt, egal ob es sich um Modelle mit einigen hundert Litern oder um gro\u00dfe Tanks handelt. Die Hersteller bieten auch genaue Kostenvoranschl\u00e4ge an, um Ihnen bei der Auswahl der besten Speicherl\u00f6sung zu helfen.   <\/p>\n\n<h3 class=\"wp-block-heading\">Auf Sicherheit ausgelegte Produkte<\/h3>\n\n<p>Das Design umfasst wichtiges Zubeh\u00f6r: Regenwassersammler, Ventile und Versickerungssysteme. Einige Modelle verf\u00fcgen \u00fcber IBC-Module, die f\u00fcr den Transport und die R\u00fcckhaltung von Fl\u00fcssigkeiten n\u00fctzlich sind. Diese technischen L\u00f6sungen garantieren eine sichere Nutzung, die den unterschiedlichen Bed\u00fcrfnissen von professionellen und\/oder privaten Anwendern gerecht wird.  <\/p>\n\n<h2 class=\"wp-block-heading\">Nutzung und Lebensdauer eines flexiblen Tanks<\/h2>\n\n<h3 class=\"wp-block-heading\">Einfache und schnelle Installation<\/h3>\n\n<p><a href=\"https:\/\/blog.maciterneecolo.fr\/de\/wie-bereite-ich-die-aufnahmeplattform-fuer-meinen-flexiblen-tank-richtig-vor\/\">Die Installation ist zug\u00e4nglich<\/a>. Sie m\u00fcssen lediglich einen stabilen Boden und eine ebene Fl\u00e4che vorbereiten. Diese Einfachheit macht den flexiblen Tank ideal f\u00fcr einen Garten, einen landwirtschaftlichen Betrieb oder ein Industriegel\u00e4nde. Jedes Projekt kann von einem klaren Angebot und professioneller Unterst\u00fctzung profitieren. St\u00fctzen aus Holz oder IBC erh\u00f6hen die Stabilit\u00e4t und erleichtern den Transport.    <\/p>\n\n<h3 class=\"wp-block-heading\">Vielf\u00e4ltige Nutzungsm\u00f6glichkeiten zur Optimierung des Wassermanagements<\/h3>\n\n<p>Flexible Tanks erf\u00fcllen eine Vielzahl von Anforderungen:<\/p>\n\n<ul class=\"wp-block-list\">\n<li>R\u00fcckgewinnung von Regenwasser f\u00fcr die Bew\u00e4sserung,<\/li>\n\n\n\n<li>Trinkwasserreserve f\u00fcr l\u00e4ndliche Gemeinden,<\/li>\n\n\n\n<li>Brandschutzl\u00f6sung,<\/li>\n\n\n\n<li>R\u00fcckhaltung von fl\u00fcssigen Abw\u00e4ssern oder Abf\u00e4llen,<\/li>\n\n\n\n<li>Transport von Fl\u00fcssigkeiten f\u00fcr die Industrie.<\/li>\n<\/ul>\n\n<p>Diese Anwendungen zeigen die Vielseitigkeit dieses Systems. In Frankreich ist es eine unumg\u00e4ngliche Antwort auf die klimatischen Herausforderungen. <\/p>\n\n<h3 class=\"wp-block-heading\">Faktoren, die die Lebensdauer beeinflussen<\/h3>\n\n<p>Ein gut gepflegter Tank kann 15 bis 20 Jahre halten. Seine Lebensdauer h\u00e4ngt von der Einhaltung der Installationsbedingungen, der Qualit\u00e4t des Materials, der Bodenart und den Regenf\u00e4llen ab. Die Antworten beinhalten das Anbringen von Holzschutzvorrichtungen und die Verwendung von IBC-Modulen. Mit diesen Techniken wird die Ausfallrate reduziert und die Sicherheit der Lagerung erh\u00f6ht.   <\/p>\n\n<h2 class=\"wp-block-heading\">Wartung, um die Lebensdauer des Tanks zu verl\u00e4ngern<\/h2>\n\n<h3 class=\"wp-block-heading\">Regelm\u00e4\u00dfige Wartung und Abfallvermeidung<\/h3>\n\n<p>Eine gute Wartung verl\u00e4ngert die Lebensdauer. Dazu geh\u00f6ren die \u00dcberpr\u00fcfung des Durchflusses, die Reinigung des Tanks und die Vermeidung von Abfallansammlungen wie Bl\u00e4tter. Einfache L\u00f6sungen reichen aus, um eine gute Wasserqualit\u00e4t zu erhalten. Die Hersteller bieten sogar Wartungsanleitungen und Kostenvoranschl\u00e4ge an, um die Nutzer zu unterst\u00fctzen.   <\/p>\n\n<h3 class=\"wp-block-heading\">Reparieren statt ersetzen<\/h3>\n\n<p>Wenn ein Leck auftritt, m\u00fcssen Sie es nicht sofort ersetzen. Es gibt Patches und Reparaturtechniken. Die franz\u00f6sischen Fachleute bieten schnelle Antworten, um zu vermeiden, dass ein noch funktionst\u00fcchtiger Tank weggeworfen wird. Holzverst\u00e4rkungen oder IBC-Taschen erh\u00f6hen die Widerstandsf\u00e4higkeit und erleichtern den Transport.   <\/p>\n\n<h3 class=\"wp-block-heading\">Optimierung der Leistung \u00fcber mehrere Jahre<\/h3>\n\n<p>Die Leistung wird durch regelm\u00e4\u00dfige Kontrollen aufrechterhalten. Der Einsatz von Filtersystemen und der Schutz vor St\u00f6\u00dfen optimieren die Lagerung. Zu den j\u00fcngsten Innovationen geh\u00f6ren modulares Zubeh\u00f6r und Holzst\u00e4nder, die eine l\u00e4ngere Haltbarkeit auch bei starkem Regen gew\u00e4hrleisten.  <\/p>\n\n<h2 class=\"wp-block-heading\">Das Ende der Lebensdauer und das Recycling von flexiblen Tanks<\/h2>\n\n<h3 class=\"wp-block-heading\">Was geschieht mit einem gebrauchten Tank?<\/h3>\n\n<p>Am Ende des Zyklus wird ein Tank weniger sicher. Er ist jedoch kein einfacher Abfall. Entsorgungsunternehmen sammeln diese Produkte, um sie wiederzuverwerten. Die Antworten beinhalten auch R\u00fccknahmeangebote, die es den Nutzern erm\u00f6glichen, die Erneuerung zu planen.   <\/p>\n\n<h3 class=\"wp-block-heading\">Die Wege der Materialverwertung<\/h3>\n\n<p>In Frankreich recyceln spezialisierte Unternehmen den Kunststoff und die Textilien aus den flexiblen Tanks. Der Kunststoff wird zu neuen Produkten verarbeitet, w\u00e4hrend die Textilien eine zweite Verwendung finden. Holz- oder IBC-Beh\u00e4lter werden f\u00fcr den Transport wiederverwendet. Diese Initiativen reduzieren die Auswirkungen von Abfall und sind eine echte Umweltantwort.   <\/p>\n\n<h3 class=\"wp-block-heading\">Auf dem Weg zu einer nachhaltigen Kreislaufwirtschaft<\/h3>\n\n<p>Der Trend geht zur Kreislaufwirtschaft. Die Hersteller entwickeln L\u00f6sungen, die vollst\u00e4ndig recycelbar sind. Die Integration von Abfallmaterialien und die Verwendung von IBC-Modulen bieten neue konkrete Antworten. Diese Innovationen begrenzen die Auswirkungen von unregelm\u00e4\u00dfigen Regenf\u00e4llen und Klimakrisen und f\u00f6rdern ein besseres Ressourcenmanagement.   <\/p>\n\n<h2 class=\"wp-block-heading\">Schlussfolgerung<\/h2>\n\n<p>Der Lebenszyklus eines flexiblen Tanks zeigt ein Modell f\u00fcr eine nachhaltige L\u00f6sung. Von der Herstellung \u00fcber die Installation, den Gebrauch und die Wartung bis hin zum Recycling tr\u00e4gt jeder Schritt zur Abfallreduzierung und zur Erh\u00f6hung der Sicherheit bei. <\/p>\n\n<p>Mit der Wahl dieser Tanks erhalten Privatpersonen und Fachleute eine zuverl\u00e4ssige L\u00f6sung f\u00fcr die Speicherung von Regenwasser oder Trinkwasser. Mit innovativen L\u00f6sungen, klaren Kostenvoranschl\u00e4gen und M\u00f6glichkeiten zur Wiederverwertung des Materials sind die flexiblen Tanks Teil einer Kreislaufwirtschaft. <\/p>\n\n<p>In einer Welt, die vom Klimawandel gepr\u00e4gt ist, werden sich diese Einrichtungen weiterentwickeln. Sie bieten konkrete Antworten f\u00fcr ein besseres Ressourcenmanagement in Frankreich und anderswo. <\/p>\n","protected":false},"excerpt":{"rendered":"<p>Einf\u00fchrung Der Lebenszyklus eines flexiblen Tanks ist ein zentrales Thema in der Wasserwirtschaft. Von der Herstellung bis zum Recycling spielt jeder Schritt eine wesentliche Rolle. Diese Tanks stellen eine nachhaltige L\u00f6sung f\u00fcr die Speicherung von Regenwasser oder Trinkwasser dar. Aber was passiert wirklich, von der Planung bis zum Ende der Lebensdauer? In Frankreich nutzen bereits [&hellip;]<\/p>\n","protected":false},"author":4,"featured_media":15133,"comment_status":"open","ping_status":"closed","sticky":false,"template":"","format":"standard","meta":{"inline_featured_image":false,"footnotes":""},"categories":[380,82],"tags":[289],"class_list":["post-15169","post","type-post","status-publish","format-standard","has-post-thumbnail","hentry","category-alles-was-sie-uber-flexible-tanks-wissen-mussen","category-flexible-tanks","tag-regenwassersammlung"],"yoast_head":"<!-- This site is optimized with the Yoast SEO plugin v27.4 - https:\/\/yoast.com\/product\/yoast-seo-wordpress\/ -->\n<title>Wie ist der Lebenszyklus eines flexiblen Tanks? Von der Herstellung bis zum Recycling - Blog Ma Citerne Ecolo<\/title>\n<meta name=\"description\" content=\"Flexible Tanks k\u00f6nnen recycelt werden. Erfahren Sie mehr \u00fcber ihren Herstellungsprozess, um zu verstehen, wie sie recycelt werden k\u00f6nnen.\" \/>\n<meta name=\"robots\" content=\"index, follow, max-snippet:-1, max-image-preview:large, max-video-preview:-1\" \/>\n<link rel=\"canonical\" href=\"https:\/\/blog.maciterneecolo.fr\/de\/wie-ist-der-lebenszyklus-eines-flexiblen-tanks-von-der-herstellung-bis-zum-recycling\/\" \/>\n<meta property=\"og:locale\" content=\"de_DE\" \/>\n<meta property=\"og:type\" content=\"article\" \/>\n<meta property=\"og:title\" content=\"Wie ist der Lebenszyklus eines flexiblen Tanks? Von der Herstellung bis zum Recycling - Blog Ma Citerne Ecolo\" \/>\n<meta property=\"og:description\" content=\"Flexible Tanks k\u00f6nnen recycelt werden. Erfahren Sie mehr \u00fcber ihren Herstellungsprozess, um zu verstehen, wie sie recycelt werden k\u00f6nnen.\" \/>\n<meta property=\"og:url\" content=\"https:\/\/blog.maciterneecolo.fr\/de\/wie-ist-der-lebenszyklus-eines-flexiblen-tanks-von-der-herstellung-bis-zum-recycling\/\" \/>\n<meta property=\"og:site_name\" content=\"Blog Ma Citerne Ecolo\" \/>\n<meta property=\"article:published_time\" content=\"2025-12-03T08:00:00+00:00\" \/>\n<meta property=\"og:image\" content=\"https:\/\/blog.maciterneecolo.fr\/wp-content\/uploads\/2025\/09\/pexels-cottonbro-6591427-scaled.jpg\" \/>\n\t<meta property=\"og:image:width\" content=\"2560\" \/>\n\t<meta property=\"og:image:height\" content=\"1707\" \/>\n\t<meta property=\"og:image:type\" content=\"image\/jpeg\" \/>\n<meta name=\"author\" content=\"B\u00e9n\u00e9dicte Rebolloso\" \/>\n<meta name=\"twitter:card\" content=\"summary_large_image\" \/>\n<meta name=\"twitter:label1\" content=\"Verfasst von\" \/>\n\t<meta name=\"twitter:data1\" content=\"B\u00e9n\u00e9dicte Rebolloso\" \/>\n\t<meta name=\"twitter:label2\" content=\"Gesch\u00e4tzte Lesezeit\" \/>\n\t<meta name=\"twitter:data2\" content=\"5\u00a0Minuten\" \/>\n<script type=\"application\/ld+json\" class=\"yoast-schema-graph\">{\"@context\":\"https:\\\/\\\/schema.org\",\"@graph\":[{\"@type\":\"Article\",\"@id\":\"https:\\\/\\\/blog.maciterneecolo.fr\\\/de\\\/wie-ist-der-lebenszyklus-eines-flexiblen-tanks-von-der-herstellung-bis-zum-recycling\\\/#article\",\"isPartOf\":{\"@id\":\"https:\\\/\\\/blog.maciterneecolo.fr\\\/de\\\/wie-ist-der-lebenszyklus-eines-flexiblen-tanks-von-der-herstellung-bis-zum-recycling\\\/\"},\"author\":{\"name\":\"B\u00e9n\u00e9dicte Rebolloso\",\"@id\":\"https:\\\/\\\/blog.maciterneecolo.fr\\\/de\\\/#\\\/schema\\\/person\\\/fe50d00b4e639107698e1ddead236943\"},\"headline\":\"Wie ist der Lebenszyklus eines flexiblen Tanks? Von der Herstellung bis zum Recycling\",\"datePublished\":\"2025-12-03T08:00:00+00:00\",\"mainEntityOfPage\":{\"@id\":\"https:\\\/\\\/blog.maciterneecolo.fr\\\/de\\\/wie-ist-der-lebenszyklus-eines-flexiblen-tanks-von-der-herstellung-bis-zum-recycling\\\/\"},\"wordCount\":953,\"commentCount\":0,\"publisher\":{\"@id\":\"https:\\\/\\\/blog.maciterneecolo.fr\\\/de\\\/#organization\"},\"image\":{\"@id\":\"https:\\\/\\\/blog.maciterneecolo.fr\\\/de\\\/wie-ist-der-lebenszyklus-eines-flexiblen-tanks-von-der-herstellung-bis-zum-recycling\\\/#primaryimage\"},\"thumbnailUrl\":\"https:\\\/\\\/blog.maciterneecolo.fr\\\/wp-content\\\/uploads\\\/2025\\\/09\\\/pexels-cottonbro-6591427-scaled.jpg\",\"keywords\":[\"Regenwassersammlung\"],\"articleSection\":[\"Alles, was Sie \u00fcber flexible Tanks wissen m\u00fcssen\",\"Flexible Tanks\"],\"inLanguage\":\"de\",\"potentialAction\":[{\"@type\":\"CommentAction\",\"name\":\"Comment\",\"target\":[\"https:\\\/\\\/blog.maciterneecolo.fr\\\/de\\\/wie-ist-der-lebenszyklus-eines-flexiblen-tanks-von-der-herstellung-bis-zum-recycling\\\/#respond\"]}]},{\"@type\":\"WebPage\",\"@id\":\"https:\\\/\\\/blog.maciterneecolo.fr\\\/de\\\/wie-ist-der-lebenszyklus-eines-flexiblen-tanks-von-der-herstellung-bis-zum-recycling\\\/\",\"url\":\"https:\\\/\\\/blog.maciterneecolo.fr\\\/de\\\/wie-ist-der-lebenszyklus-eines-flexiblen-tanks-von-der-herstellung-bis-zum-recycling\\\/\",\"name\":\"Wie ist der Lebenszyklus eines flexiblen Tanks? Von der Herstellung bis zum Recycling - Blog Ma Citerne Ecolo\",\"isPartOf\":{\"@id\":\"https:\\\/\\\/blog.maciterneecolo.fr\\\/de\\\/#website\"},\"primaryImageOfPage\":{\"@id\":\"https:\\\/\\\/blog.maciterneecolo.fr\\\/de\\\/wie-ist-der-lebenszyklus-eines-flexiblen-tanks-von-der-herstellung-bis-zum-recycling\\\/#primaryimage\"},\"image\":{\"@id\":\"https:\\\/\\\/blog.maciterneecolo.fr\\\/de\\\/wie-ist-der-lebenszyklus-eines-flexiblen-tanks-von-der-herstellung-bis-zum-recycling\\\/#primaryimage\"},\"thumbnailUrl\":\"https:\\\/\\\/blog.maciterneecolo.fr\\\/wp-content\\\/uploads\\\/2025\\\/09\\\/pexels-cottonbro-6591427-scaled.jpg\",\"datePublished\":\"2025-12-03T08:00:00+00:00\",\"description\":\"Flexible Tanks k\u00f6nnen recycelt werden. Erfahren Sie mehr \u00fcber ihren Herstellungsprozess, um zu verstehen, wie sie recycelt werden k\u00f6nnen.\",\"breadcrumb\":{\"@id\":\"https:\\\/\\\/blog.maciterneecolo.fr\\\/de\\\/wie-ist-der-lebenszyklus-eines-flexiblen-tanks-von-der-herstellung-bis-zum-recycling\\\/#breadcrumb\"},\"inLanguage\":\"de\",\"potentialAction\":[{\"@type\":\"ReadAction\",\"target\":[\"https:\\\/\\\/blog.maciterneecolo.fr\\\/de\\\/wie-ist-der-lebenszyklus-eines-flexiblen-tanks-von-der-herstellung-bis-zum-recycling\\\/\"]}]},{\"@type\":\"ImageObject\",\"inLanguage\":\"de\",\"@id\":\"https:\\\/\\\/blog.maciterneecolo.fr\\\/de\\\/wie-ist-der-lebenszyklus-eines-flexiblen-tanks-von-der-herstellung-bis-zum-recycling\\\/#primaryimage\",\"url\":\"https:\\\/\\\/blog.maciterneecolo.fr\\\/wp-content\\\/uploads\\\/2025\\\/09\\\/pexels-cottonbro-6591427-scaled.jpg\",\"contentUrl\":\"https:\\\/\\\/blog.maciterneecolo.fr\\\/wp-content\\\/uploads\\\/2025\\\/09\\\/pexels-cottonbro-6591427-scaled.jpg\",\"width\":2560,\"height\":1707},{\"@type\":\"BreadcrumbList\",\"@id\":\"https:\\\/\\\/blog.maciterneecolo.fr\\\/de\\\/wie-ist-der-lebenszyklus-eines-flexiblen-tanks-von-der-herstellung-bis-zum-recycling\\\/#breadcrumb\",\"itemListElement\":[{\"@type\":\"ListItem\",\"position\":1,\"name\":\"Accueil\",\"item\":\"https:\\\/\\\/blog.maciterneecolo.fr\\\/de\\\/\"},{\"@type\":\"ListItem\",\"position\":2,\"name\":\"Wie ist der Lebenszyklus eines flexiblen Tanks? Von der Herstellung bis zum Recycling\"}]},{\"@type\":\"WebSite\",\"@id\":\"https:\\\/\\\/blog.maciterneecolo.fr\\\/de\\\/#website\",\"url\":\"https:\\\/\\\/blog.maciterneecolo.fr\\\/de\\\/\",\"name\":\"Blog Ma Citerne Ecolo\",\"description\":\"Leader dans le domaine de la citerne souple d&#039;eau de pluie\",\"publisher\":{\"@id\":\"https:\\\/\\\/blog.maciterneecolo.fr\\\/de\\\/#organization\"},\"potentialAction\":[{\"@type\":\"SearchAction\",\"target\":{\"@type\":\"EntryPoint\",\"urlTemplate\":\"https:\\\/\\\/blog.maciterneecolo.fr\\\/de\\\/?s={search_term_string}\"},\"query-input\":{\"@type\":\"PropertyValueSpecification\",\"valueRequired\":true,\"valueName\":\"search_term_string\"}}],\"inLanguage\":\"de\"},{\"@type\":\"Organization\",\"@id\":\"https:\\\/\\\/blog.maciterneecolo.fr\\\/de\\\/#organization\",\"name\":\"Blog Ma Citerne Ecolo\",\"url\":\"https:\\\/\\\/blog.maciterneecolo.fr\\\/de\\\/\",\"logo\":{\"@type\":\"ImageObject\",\"inLanguage\":\"de\",\"@id\":\"https:\\\/\\\/blog.maciterneecolo.fr\\\/de\\\/#\\\/schema\\\/logo\\\/image\\\/\",\"url\":\"https:\\\/\\\/blog.maciterneecolo.fr\\\/wp-content\\\/uploads\\\/2022\\\/12\\\/cropped-favicon-blog.png\",\"contentUrl\":\"https:\\\/\\\/blog.maciterneecolo.fr\\\/wp-content\\\/uploads\\\/2022\\\/12\\\/cropped-favicon-blog.png\",\"width\":512,\"height\":512,\"caption\":\"Blog Ma Citerne Ecolo\"},\"image\":{\"@id\":\"https:\\\/\\\/blog.maciterneecolo.fr\\\/de\\\/#\\\/schema\\\/logo\\\/image\\\/\"}},{\"@type\":\"Person\",\"@id\":\"https:\\\/\\\/blog.maciterneecolo.fr\\\/de\\\/#\\\/schema\\\/person\\\/fe50d00b4e639107698e1ddead236943\",\"name\":\"B\u00e9n\u00e9dicte Rebolloso\",\"image\":{\"@type\":\"ImageObject\",\"inLanguage\":\"de\",\"@id\":\"https:\\\/\\\/secure.gravatar.com\\\/avatar\\\/ffa759db2a4d8ebb52a58b89d3dc2a9f0395a5122bb839045a145d6585de1126?s=96&d=mm&r=g\",\"url\":\"https:\\\/\\\/secure.gravatar.com\\\/avatar\\\/ffa759db2a4d8ebb52a58b89d3dc2a9f0395a5122bb839045a145d6585de1126?s=96&d=mm&r=g\",\"contentUrl\":\"https:\\\/\\\/secure.gravatar.com\\\/avatar\\\/ffa759db2a4d8ebb52a58b89d3dc2a9f0395a5122bb839045a145d6585de1126?s=96&d=mm&r=g\",\"caption\":\"B\u00e9n\u00e9dicte Rebolloso\"},\"url\":\"https:\\\/\\\/blog.maciterneecolo.fr\\\/de\\\/author\\\/benedicterebolloso\\\/\"}]}<\/script>\n<!-- \/ Yoast SEO plugin. -->","yoast_head_json":{"title":"Wie ist der Lebenszyklus eines flexiblen Tanks? Von der Herstellung bis zum Recycling - Blog Ma Citerne Ecolo","description":"Flexible Tanks k\u00f6nnen recycelt werden. Erfahren Sie mehr \u00fcber ihren Herstellungsprozess, um zu verstehen, wie sie recycelt werden k\u00f6nnen.","robots":{"index":"index","follow":"follow","max-snippet":"max-snippet:-1","max-image-preview":"max-image-preview:large","max-video-preview":"max-video-preview:-1"},"canonical":"https:\/\/blog.maciterneecolo.fr\/de\/wie-ist-der-lebenszyklus-eines-flexiblen-tanks-von-der-herstellung-bis-zum-recycling\/","og_locale":"de_DE","og_type":"article","og_title":"Wie ist der Lebenszyklus eines flexiblen Tanks? Von der Herstellung bis zum Recycling - Blog Ma Citerne Ecolo","og_description":"Flexible Tanks k\u00f6nnen recycelt werden. Erfahren Sie mehr \u00fcber ihren Herstellungsprozess, um zu verstehen, wie sie recycelt werden k\u00f6nnen.","og_url":"https:\/\/blog.maciterneecolo.fr\/de\/wie-ist-der-lebenszyklus-eines-flexiblen-tanks-von-der-herstellung-bis-zum-recycling\/","og_site_name":"Blog Ma Citerne Ecolo","article_published_time":"2025-12-03T08:00:00+00:00","og_image":[{"width":2560,"height":1707,"url":"https:\/\/blog.maciterneecolo.fr\/wp-content\/uploads\/2025\/09\/pexels-cottonbro-6591427-scaled.jpg","type":"image\/jpeg"}],"author":"B\u00e9n\u00e9dicte Rebolloso","twitter_card":"summary_large_image","twitter_misc":{"Verfasst von":"B\u00e9n\u00e9dicte Rebolloso","Gesch\u00e4tzte Lesezeit":"5\u00a0Minuten"},"schema":{"@context":"https:\/\/schema.org","@graph":[{"@type":"Article","@id":"https:\/\/blog.maciterneecolo.fr\/de\/wie-ist-der-lebenszyklus-eines-flexiblen-tanks-von-der-herstellung-bis-zum-recycling\/#article","isPartOf":{"@id":"https:\/\/blog.maciterneecolo.fr\/de\/wie-ist-der-lebenszyklus-eines-flexiblen-tanks-von-der-herstellung-bis-zum-recycling\/"},"author":{"name":"B\u00e9n\u00e9dicte Rebolloso","@id":"https:\/\/blog.maciterneecolo.fr\/de\/#\/schema\/person\/fe50d00b4e639107698e1ddead236943"},"headline":"Wie ist der Lebenszyklus eines flexiblen Tanks? Von der Herstellung bis zum Recycling","datePublished":"2025-12-03T08:00:00+00:00","mainEntityOfPage":{"@id":"https:\/\/blog.maciterneecolo.fr\/de\/wie-ist-der-lebenszyklus-eines-flexiblen-tanks-von-der-herstellung-bis-zum-recycling\/"},"wordCount":953,"commentCount":0,"publisher":{"@id":"https:\/\/blog.maciterneecolo.fr\/de\/#organization"},"image":{"@id":"https:\/\/blog.maciterneecolo.fr\/de\/wie-ist-der-lebenszyklus-eines-flexiblen-tanks-von-der-herstellung-bis-zum-recycling\/#primaryimage"},"thumbnailUrl":"https:\/\/blog.maciterneecolo.fr\/wp-content\/uploads\/2025\/09\/pexels-cottonbro-6591427-scaled.jpg","keywords":["Regenwassersammlung"],"articleSection":["Alles, was Sie \u00fcber flexible Tanks wissen m\u00fcssen","Flexible Tanks"],"inLanguage":"de","potentialAction":[{"@type":"CommentAction","name":"Comment","target":["https:\/\/blog.maciterneecolo.fr\/de\/wie-ist-der-lebenszyklus-eines-flexiblen-tanks-von-der-herstellung-bis-zum-recycling\/#respond"]}]},{"@type":"WebPage","@id":"https:\/\/blog.maciterneecolo.fr\/de\/wie-ist-der-lebenszyklus-eines-flexiblen-tanks-von-der-herstellung-bis-zum-recycling\/","url":"https:\/\/blog.maciterneecolo.fr\/de\/wie-ist-der-lebenszyklus-eines-flexiblen-tanks-von-der-herstellung-bis-zum-recycling\/","name":"Wie ist der Lebenszyklus eines flexiblen Tanks? Von der Herstellung bis zum Recycling - Blog Ma Citerne Ecolo","isPartOf":{"@id":"https:\/\/blog.maciterneecolo.fr\/de\/#website"},"primaryImageOfPage":{"@id":"https:\/\/blog.maciterneecolo.fr\/de\/wie-ist-der-lebenszyklus-eines-flexiblen-tanks-von-der-herstellung-bis-zum-recycling\/#primaryimage"},"image":{"@id":"https:\/\/blog.maciterneecolo.fr\/de\/wie-ist-der-lebenszyklus-eines-flexiblen-tanks-von-der-herstellung-bis-zum-recycling\/#primaryimage"},"thumbnailUrl":"https:\/\/blog.maciterneecolo.fr\/wp-content\/uploads\/2025\/09\/pexels-cottonbro-6591427-scaled.jpg","datePublished":"2025-12-03T08:00:00+00:00","description":"Flexible Tanks k\u00f6nnen recycelt werden. Erfahren Sie mehr \u00fcber ihren Herstellungsprozess, um zu verstehen, wie sie recycelt werden k\u00f6nnen.","breadcrumb":{"@id":"https:\/\/blog.maciterneecolo.fr\/de\/wie-ist-der-lebenszyklus-eines-flexiblen-tanks-von-der-herstellung-bis-zum-recycling\/#breadcrumb"},"inLanguage":"de","potentialAction":[{"@type":"ReadAction","target":["https:\/\/blog.maciterneecolo.fr\/de\/wie-ist-der-lebenszyklus-eines-flexiblen-tanks-von-der-herstellung-bis-zum-recycling\/"]}]},{"@type":"ImageObject","inLanguage":"de","@id":"https:\/\/blog.maciterneecolo.fr\/de\/wie-ist-der-lebenszyklus-eines-flexiblen-tanks-von-der-herstellung-bis-zum-recycling\/#primaryimage","url":"https:\/\/blog.maciterneecolo.fr\/wp-content\/uploads\/2025\/09\/pexels-cottonbro-6591427-scaled.jpg","contentUrl":"https:\/\/blog.maciterneecolo.fr\/wp-content\/uploads\/2025\/09\/pexels-cottonbro-6591427-scaled.jpg","width":2560,"height":1707},{"@type":"BreadcrumbList","@id":"https:\/\/blog.maciterneecolo.fr\/de\/wie-ist-der-lebenszyklus-eines-flexiblen-tanks-von-der-herstellung-bis-zum-recycling\/#breadcrumb","itemListElement":[{"@type":"ListItem","position":1,"name":"Accueil","item":"https:\/\/blog.maciterneecolo.fr\/de\/"},{"@type":"ListItem","position":2,"name":"Wie ist der Lebenszyklus eines flexiblen Tanks? Von der Herstellung bis zum Recycling"}]},{"@type":"WebSite","@id":"https:\/\/blog.maciterneecolo.fr\/de\/#website","url":"https:\/\/blog.maciterneecolo.fr\/de\/","name":"Blog Ma Citerne Ecolo","description":"Leader dans le domaine de la citerne souple d&#039;eau de pluie","publisher":{"@id":"https:\/\/blog.maciterneecolo.fr\/de\/#organization"},"potentialAction":[{"@type":"SearchAction","target":{"@type":"EntryPoint","urlTemplate":"https:\/\/blog.maciterneecolo.fr\/de\/?s={search_term_string}"},"query-input":{"@type":"PropertyValueSpecification","valueRequired":true,"valueName":"search_term_string"}}],"inLanguage":"de"},{"@type":"Organization","@id":"https:\/\/blog.maciterneecolo.fr\/de\/#organization","name":"Blog Ma Citerne Ecolo","url":"https:\/\/blog.maciterneecolo.fr\/de\/","logo":{"@type":"ImageObject","inLanguage":"de","@id":"https:\/\/blog.maciterneecolo.fr\/de\/#\/schema\/logo\/image\/","url":"https:\/\/blog.maciterneecolo.fr\/wp-content\/uploads\/2022\/12\/cropped-favicon-blog.png","contentUrl":"https:\/\/blog.maciterneecolo.fr\/wp-content\/uploads\/2022\/12\/cropped-favicon-blog.png","width":512,"height":512,"caption":"Blog Ma Citerne Ecolo"},"image":{"@id":"https:\/\/blog.maciterneecolo.fr\/de\/#\/schema\/logo\/image\/"}},{"@type":"Person","@id":"https:\/\/blog.maciterneecolo.fr\/de\/#\/schema\/person\/fe50d00b4e639107698e1ddead236943","name":"B\u00e9n\u00e9dicte Rebolloso","image":{"@type":"ImageObject","inLanguage":"de","@id":"https:\/\/secure.gravatar.com\/avatar\/ffa759db2a4d8ebb52a58b89d3dc2a9f0395a5122bb839045a145d6585de1126?s=96&d=mm&r=g","url":"https:\/\/secure.gravatar.com\/avatar\/ffa759db2a4d8ebb52a58b89d3dc2a9f0395a5122bb839045a145d6585de1126?s=96&d=mm&r=g","contentUrl":"https:\/\/secure.gravatar.com\/avatar\/ffa759db2a4d8ebb52a58b89d3dc2a9f0395a5122bb839045a145d6585de1126?s=96&d=mm&r=g","caption":"B\u00e9n\u00e9dicte Rebolloso"},"url":"https:\/\/blog.maciterneecolo.fr\/de\/author\/benedicterebolloso\/"}]}},"_links":{"self":[{"href":"https:\/\/blog.maciterneecolo.fr\/de\/wp-json\/wp\/v2\/posts\/15169","targetHints":{"allow":["GET"]}}],"collection":[{"href":"https:\/\/blog.maciterneecolo.fr\/de\/wp-json\/wp\/v2\/posts"}],"about":[{"href":"https:\/\/blog.maciterneecolo.fr\/de\/wp-json\/wp\/v2\/types\/post"}],"author":[{"embeddable":true,"href":"https:\/\/blog.maciterneecolo.fr\/de\/wp-json\/wp\/v2\/users\/4"}],"replies":[{"embeddable":true,"href":"https:\/\/blog.maciterneecolo.fr\/de\/wp-json\/wp\/v2\/comments?post=15169"}],"version-history":[{"count":1,"href":"https:\/\/blog.maciterneecolo.fr\/de\/wp-json\/wp\/v2\/posts\/15169\/revisions"}],"predecessor-version":[{"id":15170,"href":"https:\/\/blog.maciterneecolo.fr\/de\/wp-json\/wp\/v2\/posts\/15169\/revisions\/15170"}],"wp:featuredmedia":[{"embeddable":true,"href":"https:\/\/blog.maciterneecolo.fr\/de\/wp-json\/wp\/v2\/media\/15133"}],"wp:attachment":[{"href":"https:\/\/blog.maciterneecolo.fr\/de\/wp-json\/wp\/v2\/media?parent=15169"}],"wp:term":[{"taxonomy":"category","embeddable":true,"href":"https:\/\/blog.maciterneecolo.fr\/de\/wp-json\/wp\/v2\/categories?post=15169"},{"taxonomy":"post_tag","embeddable":true,"href":"https:\/\/blog.maciterneecolo.fr\/de\/wp-json\/wp\/v2\/tags?post=15169"}],"curies":[{"name":"wp","href":"https:\/\/api.w.org\/{rel}","templated":true}]}}