{"id":5897,"date":"2023-02-02T13:40:56","date_gmt":"2023-02-02T13:40:56","guid":{"rendered":"https:\/\/blog.maciterneecolo.fr\/oeko-konsum-in-unseren-haushalten-in-frankreich\/"},"modified":"2023-07-28T11:15:51","modified_gmt":"2023-07-28T11:15:51","slug":"oeko-konsum-in-unseren-haushalten-in-frankreich","status":"publish","type":"post","link":"https:\/\/blog.maciterneecolo.fr\/de\/oeko-konsum-in-unseren-haushalten-in-frankreich\/","title":{"rendered":"\u00d6ko-Konsum in unseren Haushalten in Frankreich"},"content":{"rendered":"\n<p>Der<strong>\u00d6ko-Konsum<\/strong> wird in unseren <strong>Haushalten in Frankreich<\/strong> immer wichtiger. Dies spiegelt sich in einem wachsenden Bewusstsein der engagierten Haushalte wider. Was ihre Auswirkungen auf die Umwelt betrifft, und eine Bereitschaft, <strong>nachhaltigere Verhaltensweisen<\/strong> anzunehmen. Dies f\u00fchrt dazu, dass die Ausgaben im Durchschnitt umweltbewusster sind. Wie z. B. der Kauf von <strong>umweltfreundlichen Produkten<\/strong>, die Verwendung von energiesparenden Ger\u00e4ten und ein besonderes Augenmerk auf den Wasserverbrauch und die Abfallentsorgung in der Wohnung und im Garten.<\/p>\n\n<p>Gem\u00e4\u00df den <strong>Daten des INSEE<\/strong>, die auf Milliarden von Verbrauchern weltweit basieren. Die <strong>Ausgaben der Haushalte<\/strong> f\u00fcr die Umwelt sind in den letzten Jahren gestiegen. Trotz einer Wirtschaftskrise, die zu einem R\u00fcckgang des durchschnittlichen Haushaltseinkommens in Euro f\u00fchrte. Dieses Ausma\u00df an Engagement f\u00fcr einen <strong>nachhaltigeren Verbrauch von Wasser oder Strom<\/strong> kann als Aufw\u00e4rtstrend betrachtet werden, der sich in den kommenden Jahren fortsetzen d\u00fcrfte. Wie das <a href=\"https:\/\/www.maciterneecolo.fr\/fr\/\" target=\"_blank\" rel=\"noreferrer noopener\">Auffangen von Regenwasser<\/a>.  <\/p>\n\n<p>\u00d6ko-Konsum kann einen erheblichen Einfluss auf unseren Planeten haben. Mit Reduzierungen des Energieverbrauchs, des Wasserverbrauchs und des Abfallaufkommens. Dar\u00fcber hinaus k\u00f6nnen Haushalte durch die Wahl von umweltfreundlichen <strong>oder erneuerbaren Produkten<\/strong> eine verantwortungsvollere Wirtschaft unterst\u00fctzen und zur Entwicklung neuer umweltfreundlicher Technologien beitragen.<\/p>\n\n<p>\u00d6ko-Konsum kann jedoch auch dazu f\u00fchren, dass die Preise f\u00fcr Produkte und <strong>Dienstleistungen mit \u00f6kologischem Bezug<\/strong> steigen. Dies kann f\u00fcr Haushalte, die sich engagieren, aber ein geringeres Einkommen haben, ein Problem darstellen. Dar\u00fcber hinaus muss betont werden, dass der \u00d6ko-Konsum nicht als Endl\u00f6sung f\u00fcr die Umweltkrise angesehen werden kann. Sondern vielmehr als ein Aspekt einer <strong>umfassenderen Strategie f\u00fcr nachhaltige Entwicklungen in Frankreich<\/strong>.<\/p>\n\n<h2 class=\"wp-block-heading\"><a><\/a><strong>Was ist \u00d6ko-Konsum?<\/strong><\/h2>\n\n<h3 class=\"wp-block-heading\"><a><\/a><strong>Der Verbrauch in den Haushalten in Frankreich<\/strong><\/h3>\n\n<p><strong>Der Akt des Konsums<\/strong> geh\u00f6rt zu den wichtigen Punkten des ganzj\u00e4hrigen Alltags in unserem Land. Dies zielt darauf ab, den Bed\u00fcrfnissen und W\u00fcnschen der Haushalte gerecht zu werden. Dies kann von Unternehmen, Gemeinschaften und engagierten Einzelpersonen erreicht werden.<\/p>\n\n<p>Es gibt zwei Arten von Konsum: <strong>Vorleistungen<\/strong> und <strong>Endleistungen<\/strong>. Vorleistungen beziehen sich auf Waren und Dienstleistungen, die f\u00fcr die Produktion anderer Waren und Dienstleistungen verwendet werden. Der Endverbrauch hingegen bezieht sich auf die direkte Verwendung von Waren und Dienstleistungen zur Befriedigung der Bed\u00fcrfnisse und W\u00fcnsche von Einzelpersonen, Haushalten und Gemeinschaften.<\/p>\n\n<p>Mit anderen Worten: Der Konsum ist ein<strong> Schl\u00fcsselelement unserer Gesellschaft<\/strong>. Sie hat einen gro\u00dfen Einfluss auf das <strong>Wirtschaftswachstum<\/strong>, unseren Planeten und unser Wohlbefinden. Es ist daher wichtig, auf einen<strong> verantwortungsvollen und nachhaltigen Konsum <\/strong>zu achten, um unsere Zukunft zu sch\u00fctzen.<\/p>\n\n<h3 class=\"wp-block-heading\"><a><\/a><strong>Nachhaltiger Konsum in Haushalten in Frankreich<\/strong><\/h3>\n\n<p>Nachhaltiger Konsum bedeutet, dass wir die <strong>Auswirkungen unserer Konsumentscheidungen auf die Umwelt<\/strong>, die Gesellschaft und unser eigenes Wohlbefinden ber\u00fccksichtigen. Es geht darum, einen bewussten Ansatz zu verfolgen und darauf zu achten, dass die Umwelt, die Gesundheit und die Menschenrechte respektiert werden. Wenn wir auf diese Weise konsumieren, ber\u00fccksichtigen wir die <strong>globalen \u00f6kologischen Ungleichgewichte und die wirtschaftlichen<\/strong>, sozialen und kulturellen <strong>Ungleichheiten<\/strong>. Wir wollen vermeiden, dass wir die F\u00e4higkeit k\u00fcnftiger Generationen gef\u00e4hrden, ihre eigenen Bed\u00fcrfnisse zu befriedigen und gleichzeitig unsere Bed\u00fcrfnisse zu befriedigen.<\/p>\n\n<p>Dies kann sich in Konsumentscheidungen niederschlagen, z. B. im Kauf von Ger\u00e4ten mit geringerem Energieverbrauch, in der <strong>Abfallvermeidung <\/strong>und in der Unterst\u00fctzung von ethischen Unternehmen. Letztendlich zielt nachhaltiger Konsum darauf ab, die negativen Auswirkungen unseres Konsums auf die Umwelt zu minimieren und zu <strong>einer ges\u00fcnderen und nachhaltigeren Zukunft f\u00fcr alle beizutragen<\/strong>. Der Kauf unserer<strong><a href=\"https:\/\/www.maciterneecolo.fr\/fr\/3-citernes-souples\" target=\"_blank\" rel=\"noreferrer noopener\">flexiblen PVC-Zisterne<\/a> aus recycelbarem technischem Gewebe<\/strong> zur Speicherung von Regenwasser als Ersatz f\u00fcr Trinkwasser ist das beste Beispiel daf\u00fcr!<\/p>\n\n<p>Durch einen <strong>verantwortungsvollen Umgang mit dem Verbrauch in der Wohnung<\/strong> k\u00f6nnen wir einen konkreten Unterschied im Kampf f\u00fcr eine verantwortungsvollere Zukunft machen. Indem wir die <strong>Ausgaben f\u00fcr Energie in Verbindung mit Wasser oder Strom<\/strong> reduzieren, kommen wir in Harmonie mit dem Planeten und seinen nat\u00fcrlichen Ressourcen. Dies ist ein wichtiger Schritt, der jeden von uns betrifft und ein <strong>kontinuierliches Engagement<\/strong> zur Verbesserung unseres Konsumverhaltens erfordert.  <\/p>\n\n<h3 class=\"wp-block-heading\"><a><\/a><strong>\u00d6ko-Konsum in den Haushalten in Frankreich<\/strong><\/h3>\n\n<p>\u00d6ko-Konsum wird in unserem Land immer wichtiger und betrifft die Art und Weise, wie Haushalte Produkte und Dienstleistungen kaufen und nutzen und dabei deren<strong> Auswirkungen auf die Umwelt<\/strong> ber\u00fccksichtigen. Dieser Trend zu engagierten Haushalten ist Teil einer breiteren Bewegung, die darauf abzielt, den \u00f6kologischen Fu\u00dfabdruck der menschlichen Aktivit\u00e4ten zu verkleinern. Die <strong>franz\u00f6sischen Haushalte<\/strong> sind sich <strong>dieser Herausforderungen<\/strong> zunehmend bewusst.<\/p>\n\n<p><strong>Haushalte auf der ganzen Welt <\/strong>sind sich zunehmend bewusst, wie wichtig ihre Kaufentscheidungen f\u00fcr den Erhalt der Umwelt sind. Immer mehr Menschen entscheiden sich f\u00fcr Produkte, die den Planeten schonen, f\u00fcr <strong>fair gehandelte Produkte <\/strong>oder f\u00fcr Ger\u00e4te von ethischen Marken. Au\u00dferdem entscheiden sich immer mehr Verbraucher f\u00fcr lokale Eink\u00e4ufe, um die lokale Wirtschaft zu unterst\u00fctzen und die mit dem<strong> Transport von Produkten<\/strong> verbundenen Umweltkosten zu senken.<\/p>\n\n<p>Auch franz\u00f6sische Unternehmen sind sich der Bedeutung des Umweltschutzes zunehmend bewusst und wenden immer mehr <strong>nachhaltige Praktiken<\/strong> an. Viele Unternehmen f\u00fchren Programme zur sozialen und \u00f6kologischen Verantwortung ein, um ihre Umweltauswirkungen zu verringern, und viele bem\u00fchen sich um die Verwendung <strong>nachhaltiger Rohstoffe<\/strong> und die Entwicklung <strong>umweltfreundlicher Produkte<\/strong>.<\/p>\n\n<p>Frankreich ist dar\u00fcber hinaus ein<strong> f\u00fchrendes<\/strong> Land<strong> in der Umweltpolitik<\/strong> mit zahlreichen Initiativen, die die Haushalte zu umweltfreundlichen Praktiken ermutigen sollen. Die franz\u00f6sische Regierung hat zum Beispiel Steueranreize geschaffen, um die Verbraucher dazu zu bringen, Produkte zu w\u00e4hlen, die gut f\u00fcr den Planeten sind. Aber auch strenge Regelungen auf Gesetzesebene (Rundschreiben) zur <strong>Senkung der Treibhausgasemissionen<\/strong> und zum Schutz der biologischen Vielfalt.<\/p>\n\n<h2 class=\"wp-block-heading\"><a><\/a><strong>Setzen Sie ein Zeichen bei den Energiekosten f\u00fcr die n\u00e4chsten Jahre<\/strong><\/h2>\n\n<p>Zusammenfassend l\u00e4sst sich sagen, dass \u00d6ko-Konsum in den L\u00e4ndern der Welt ein Konzept ist, das einen <strong>verantwortungsbewussten<\/strong> Konsum beinhaltet, bei dem die \u00f6kologischen und sozialen Auswirkungen unserer Konsumentscheidungen ber\u00fccksichtigt werden. Dazu k\u00f6nnen Praktiken wie die <strong>Wahl von umweltfreundlichen Ger\u00e4ten <\/strong>, Abfallvermeidung und die Unterst\u00fctzung von <strong>ethischen Unternehmen<\/strong> geh\u00f6ren. Ziel ist es, die negativen Auswirkungen unseres Konsums auf die Umwelt zu minimieren. Wenn auch Sie dazu beitragen m\u00f6chten, Ihre Energiekosten in der Wohnung oder im Garten zu senken, ist unsere <a href=\"https:\/\/www.maciterneecolo.fr\/fr\/3-citernes-souples\">flexible Zisterne<\/a> f\u00fcr <a href=\"https:\/\/www.maciterneecolo.fr\/fr\/\" target=\"_blank\" rel=\"noreferrer noopener\">Regenwassernutzung<\/a> genau das Richtige f\u00fcr Sie. Unsere Produkte passen zu Ihren Verpflichtungen!<\/p>\n","protected":false},"excerpt":{"rendered":"<p>Der\u00d6ko-Konsum wird in unseren Haushalten in Frankreich immer wichtiger. Dies spiegelt sich in einem wachsenden Bewusstsein der engagierten Haushalte wider. Was ihre Auswirkungen auf die Umwelt betrifft, und eine Bereitschaft, nachhaltigere Verhaltensweisen anzunehmen. Dies f\u00fchrt dazu, dass die Ausgaben im Durchschnitt umweltbewusster sind. Wie z. B. der Kauf von umweltfreundlichen Produkten, die Verwendung von energiesparenden [&hellip;]<\/p>\n","protected":false},"author":2,"featured_media":5876,"comment_status":"closed","ping_status":"closed","sticky":false,"template":"","format":"standard","meta":{"inline_featured_image":false,"footnotes":""},"categories":[380],"tags":[57,1901,983,1902],"class_list":["post-5897","post","type-post","status-publish","format-standard","has-post-thumbnail","hentry","category-alles-was-sie-uber-flexible-tanks-wissen-mussen","tag-flexibler-tank","tag-oko-konsum-de","tag-okologie","tag-umweltschutz-de"],"yoast_head":"<!-- This site is optimized with the Yoast SEO plugin v27.5 - https:\/\/yoast.com\/product\/yoast-seo-wordpress\/ -->\n<title>\u00d6ko-Konsum in unseren Haushalten in Frankreich<\/title>\n<meta name=\"description\" content=\"Der \u00d6ko-Konsum wird in unseren Haushalten in Frankreich immer wichtiger, da das Bewusstsein der Haushalte w\u00e4chst!\" \/>\n<meta name=\"robots\" content=\"index, follow, max-snippet:-1, max-image-preview:large, max-video-preview:-1\" \/>\n<link rel=\"canonical\" href=\"https:\/\/blog.maciterneecolo.fr\/de\/oeko-konsum-in-unseren-haushalten-in-frankreich\/\" \/>\n<meta property=\"og:locale\" content=\"de_DE\" \/>\n<meta property=\"og:type\" content=\"article\" \/>\n<meta property=\"og:title\" content=\"\u00d6ko-Konsum in unseren Haushalten in Frankreich\" \/>\n<meta property=\"og:description\" content=\"Der \u00d6ko-Konsum wird in unseren Haushalten in Frankreich immer wichtiger, da das Bewusstsein der Haushalte w\u00e4chst!\" \/>\n<meta property=\"og:url\" content=\"https:\/\/blog.maciterneecolo.fr\/de\/oeko-konsum-in-unseren-haushalten-in-frankreich\/\" \/>\n<meta property=\"og:site_name\" content=\"Blog Ma Citerne Ecolo\" \/>\n<meta property=\"article:published_time\" content=\"2023-02-02T13:40:56+00:00\" \/>\n<meta property=\"article:modified_time\" content=\"2023-07-28T11:15:51+00:00\" \/>\n<meta property=\"og:image\" content=\"https:\/\/blog.maciterneecolo.fr\/wp-content\/uploads\/2023\/02\/protection-environnement-ecologie.jpg\" \/>\n\t<meta property=\"og:image:width\" content=\"1920\" \/>\n\t<meta property=\"og:image:height\" content=\"1280\" \/>\n\t<meta property=\"og:image:type\" content=\"image\/jpeg\" \/>\n<meta name=\"author\" content=\"Lucile\" \/>\n<meta name=\"twitter:card\" content=\"summary_large_image\" \/>\n<meta name=\"twitter:label1\" content=\"Verfasst von\" \/>\n\t<meta name=\"twitter:data1\" content=\"Lucile\" \/>\n\t<meta name=\"twitter:label2\" content=\"Gesch\u00e4tzte Lesezeit\" \/>\n\t<meta name=\"twitter:data2\" content=\"5\u00a0Minuten\" \/>\n<script type=\"application\/ld+json\" class=\"yoast-schema-graph\">{\"@context\":\"https:\\\/\\\/schema.org\",\"@graph\":[{\"@type\":\"Article\",\"@id\":\"https:\\\/\\\/blog.maciterneecolo.fr\\\/de\\\/oeko-konsum-in-unseren-haushalten-in-frankreich\\\/#article\",\"isPartOf\":{\"@id\":\"https:\\\/\\\/blog.maciterneecolo.fr\\\/de\\\/oeko-konsum-in-unseren-haushalten-in-frankreich\\\/\"},\"author\":{\"name\":\"Lucile\",\"@id\":\"https:\\\/\\\/blog.maciterneecolo.fr\\\/de\\\/#\\\/schema\\\/person\\\/cfb93b191140c86292f0707edfd4b6fe\"},\"headline\":\"\u00d6ko-Konsum in unseren Haushalten in Frankreich\",\"datePublished\":\"2023-02-02T13:40:56+00:00\",\"dateModified\":\"2023-07-28T11:15:51+00:00\",\"mainEntityOfPage\":{\"@id\":\"https:\\\/\\\/blog.maciterneecolo.fr\\\/de\\\/oeko-konsum-in-unseren-haushalten-in-frankreich\\\/\"},\"wordCount\":1034,\"publisher\":{\"@id\":\"https:\\\/\\\/blog.maciterneecolo.fr\\\/de\\\/#organization\"},\"image\":{\"@id\":\"https:\\\/\\\/blog.maciterneecolo.fr\\\/de\\\/oeko-konsum-in-unseren-haushalten-in-frankreich\\\/#primaryimage\"},\"thumbnailUrl\":\"https:\\\/\\\/blog.maciterneecolo.fr\\\/wp-content\\\/uploads\\\/2023\\\/02\\\/protection-environnement-ecologie.jpg\",\"keywords\":[\"flexibler Tank\",\"\u00d6ko-Konsum\",\"\u00d6kologie\",\"Umweltschutz\"],\"articleSection\":[\"Alles, was Sie \u00fcber flexible Tanks wissen m\u00fcssen\"],\"inLanguage\":\"de\"},{\"@type\":\"WebPage\",\"@id\":\"https:\\\/\\\/blog.maciterneecolo.fr\\\/de\\\/oeko-konsum-in-unseren-haushalten-in-frankreich\\\/\",\"url\":\"https:\\\/\\\/blog.maciterneecolo.fr\\\/de\\\/oeko-konsum-in-unseren-haushalten-in-frankreich\\\/\",\"name\":\"\u00d6ko-Konsum in unseren Haushalten in Frankreich\",\"isPartOf\":{\"@id\":\"https:\\\/\\\/blog.maciterneecolo.fr\\\/de\\\/#website\"},\"primaryImageOfPage\":{\"@id\":\"https:\\\/\\\/blog.maciterneecolo.fr\\\/de\\\/oeko-konsum-in-unseren-haushalten-in-frankreich\\\/#primaryimage\"},\"image\":{\"@id\":\"https:\\\/\\\/blog.maciterneecolo.fr\\\/de\\\/oeko-konsum-in-unseren-haushalten-in-frankreich\\\/#primaryimage\"},\"thumbnailUrl\":\"https:\\\/\\\/blog.maciterneecolo.fr\\\/wp-content\\\/uploads\\\/2023\\\/02\\\/protection-environnement-ecologie.jpg\",\"datePublished\":\"2023-02-02T13:40:56+00:00\",\"dateModified\":\"2023-07-28T11:15:51+00:00\",\"description\":\"Der \u00d6ko-Konsum wird in unseren Haushalten in Frankreich immer wichtiger, da das Bewusstsein der Haushalte w\u00e4chst!\",\"breadcrumb\":{\"@id\":\"https:\\\/\\\/blog.maciterneecolo.fr\\\/de\\\/oeko-konsum-in-unseren-haushalten-in-frankreich\\\/#breadcrumb\"},\"inLanguage\":\"de\",\"potentialAction\":[{\"@type\":\"ReadAction\",\"target\":[\"https:\\\/\\\/blog.maciterneecolo.fr\\\/de\\\/oeko-konsum-in-unseren-haushalten-in-frankreich\\\/\"]}]},{\"@type\":\"ImageObject\",\"inLanguage\":\"de\",\"@id\":\"https:\\\/\\\/blog.maciterneecolo.fr\\\/de\\\/oeko-konsum-in-unseren-haushalten-in-frankreich\\\/#primaryimage\",\"url\":\"https:\\\/\\\/blog.maciterneecolo.fr\\\/wp-content\\\/uploads\\\/2023\\\/02\\\/protection-environnement-ecologie.jpg\",\"contentUrl\":\"https:\\\/\\\/blog.maciterneecolo.fr\\\/wp-content\\\/uploads\\\/2023\\\/02\\\/protection-environnement-ecologie.jpg\",\"width\":1920,\"height\":1280},{\"@type\":\"BreadcrumbList\",\"@id\":\"https:\\\/\\\/blog.maciterneecolo.fr\\\/de\\\/oeko-konsum-in-unseren-haushalten-in-frankreich\\\/#breadcrumb\",\"itemListElement\":[{\"@type\":\"ListItem\",\"position\":1,\"name\":\"Accueil\",\"item\":\"https:\\\/\\\/blog.maciterneecolo.fr\\\/de\\\/\"},{\"@type\":\"ListItem\",\"position\":2,\"name\":\"\u00d6ko-Konsum in unseren Haushalten in Frankreich\"}]},{\"@type\":\"WebSite\",\"@id\":\"https:\\\/\\\/blog.maciterneecolo.fr\\\/de\\\/#website\",\"url\":\"https:\\\/\\\/blog.maciterneecolo.fr\\\/de\\\/\",\"name\":\"Blog Ma Citerne Ecolo\",\"description\":\"Leader dans le domaine de la citerne souple d&#039;eau de pluie\",\"publisher\":{\"@id\":\"https:\\\/\\\/blog.maciterneecolo.fr\\\/de\\\/#organization\"},\"potentialAction\":[{\"@type\":\"SearchAction\",\"target\":{\"@type\":\"EntryPoint\",\"urlTemplate\":\"https:\\\/\\\/blog.maciterneecolo.fr\\\/de\\\/?s={search_term_string}\"},\"query-input\":{\"@type\":\"PropertyValueSpecification\",\"valueRequired\":true,\"valueName\":\"search_term_string\"}}],\"inLanguage\":\"de\"},{\"@type\":\"Organization\",\"@id\":\"https:\\\/\\\/blog.maciterneecolo.fr\\\/de\\\/#organization\",\"name\":\"Blog Ma Citerne Ecolo\",\"url\":\"https:\\\/\\\/blog.maciterneecolo.fr\\\/de\\\/\",\"logo\":{\"@type\":\"ImageObject\",\"inLanguage\":\"de\",\"@id\":\"https:\\\/\\\/blog.maciterneecolo.fr\\\/de\\\/#\\\/schema\\\/logo\\\/image\\\/\",\"url\":\"https:\\\/\\\/blog.maciterneecolo.fr\\\/wp-content\\\/uploads\\\/2022\\\/12\\\/cropped-favicon-blog.png\",\"contentUrl\":\"https:\\\/\\\/blog.maciterneecolo.fr\\\/wp-content\\\/uploads\\\/2022\\\/12\\\/cropped-favicon-blog.png\",\"width\":512,\"height\":512,\"caption\":\"Blog Ma Citerne Ecolo\"},\"image\":{\"@id\":\"https:\\\/\\\/blog.maciterneecolo.fr\\\/de\\\/#\\\/schema\\\/logo\\\/image\\\/\"}},{\"@type\":\"Person\",\"@id\":\"https:\\\/\\\/blog.maciterneecolo.fr\\\/de\\\/#\\\/schema\\\/person\\\/cfb93b191140c86292f0707edfd4b6fe\",\"name\":\"Lucile\",\"image\":{\"@type\":\"ImageObject\",\"inLanguage\":\"de\",\"@id\":\"https:\\\/\\\/secure.gravatar.com\\\/avatar\\\/3c571ab7761bcc142db76a63f33a2a5ebee8b76990a871c9329e3e6df7ae9f3c?s=96&d=mm&r=g\",\"url\":\"https:\\\/\\\/secure.gravatar.com\\\/avatar\\\/3c571ab7761bcc142db76a63f33a2a5ebee8b76990a871c9329e3e6df7ae9f3c?s=96&d=mm&r=g\",\"contentUrl\":\"https:\\\/\\\/secure.gravatar.com\\\/avatar\\\/3c571ab7761bcc142db76a63f33a2a5ebee8b76990a871c9329e3e6df7ae9f3c?s=96&d=mm&r=g\",\"caption\":\"Lucile\"},\"url\":\"https:\\\/\\\/blog.maciterneecolo.fr\\\/de\\\/author\\\/lucilewerkeyn\\\/\"}]}<\/script>\n<!-- \/ Yoast SEO plugin. -->","yoast_head_json":{"title":"\u00d6ko-Konsum in unseren Haushalten in Frankreich","description":"Der \u00d6ko-Konsum wird in unseren Haushalten in Frankreich immer wichtiger, da das Bewusstsein der Haushalte w\u00e4chst!","robots":{"index":"index","follow":"follow","max-snippet":"max-snippet:-1","max-image-preview":"max-image-preview:large","max-video-preview":"max-video-preview:-1"},"canonical":"https:\/\/blog.maciterneecolo.fr\/de\/oeko-konsum-in-unseren-haushalten-in-frankreich\/","og_locale":"de_DE","og_type":"article","og_title":"\u00d6ko-Konsum in unseren Haushalten in Frankreich","og_description":"Der \u00d6ko-Konsum wird in unseren Haushalten in Frankreich immer wichtiger, da das Bewusstsein der Haushalte w\u00e4chst!","og_url":"https:\/\/blog.maciterneecolo.fr\/de\/oeko-konsum-in-unseren-haushalten-in-frankreich\/","og_site_name":"Blog Ma Citerne Ecolo","article_published_time":"2023-02-02T13:40:56+00:00","article_modified_time":"2023-07-28T11:15:51+00:00","og_image":[{"width":1920,"height":1280,"url":"https:\/\/blog.maciterneecolo.fr\/wp-content\/uploads\/2023\/02\/protection-environnement-ecologie.jpg","type":"image\/jpeg"}],"author":"Lucile","twitter_card":"summary_large_image","twitter_misc":{"Verfasst von":"Lucile","Gesch\u00e4tzte Lesezeit":"5\u00a0Minuten"},"schema":{"@context":"https:\/\/schema.org","@graph":[{"@type":"Article","@id":"https:\/\/blog.maciterneecolo.fr\/de\/oeko-konsum-in-unseren-haushalten-in-frankreich\/#article","isPartOf":{"@id":"https:\/\/blog.maciterneecolo.fr\/de\/oeko-konsum-in-unseren-haushalten-in-frankreich\/"},"author":{"name":"Lucile","@id":"https:\/\/blog.maciterneecolo.fr\/de\/#\/schema\/person\/cfb93b191140c86292f0707edfd4b6fe"},"headline":"\u00d6ko-Konsum in unseren Haushalten in Frankreich","datePublished":"2023-02-02T13:40:56+00:00","dateModified":"2023-07-28T11:15:51+00:00","mainEntityOfPage":{"@id":"https:\/\/blog.maciterneecolo.fr\/de\/oeko-konsum-in-unseren-haushalten-in-frankreich\/"},"wordCount":1034,"publisher":{"@id":"https:\/\/blog.maciterneecolo.fr\/de\/#organization"},"image":{"@id":"https:\/\/blog.maciterneecolo.fr\/de\/oeko-konsum-in-unseren-haushalten-in-frankreich\/#primaryimage"},"thumbnailUrl":"https:\/\/blog.maciterneecolo.fr\/wp-content\/uploads\/2023\/02\/protection-environnement-ecologie.jpg","keywords":["flexibler Tank","\u00d6ko-Konsum","\u00d6kologie","Umweltschutz"],"articleSection":["Alles, was Sie \u00fcber flexible Tanks wissen m\u00fcssen"],"inLanguage":"de"},{"@type":"WebPage","@id":"https:\/\/blog.maciterneecolo.fr\/de\/oeko-konsum-in-unseren-haushalten-in-frankreich\/","url":"https:\/\/blog.maciterneecolo.fr\/de\/oeko-konsum-in-unseren-haushalten-in-frankreich\/","name":"\u00d6ko-Konsum in unseren Haushalten in Frankreich","isPartOf":{"@id":"https:\/\/blog.maciterneecolo.fr\/de\/#website"},"primaryImageOfPage":{"@id":"https:\/\/blog.maciterneecolo.fr\/de\/oeko-konsum-in-unseren-haushalten-in-frankreich\/#primaryimage"},"image":{"@id":"https:\/\/blog.maciterneecolo.fr\/de\/oeko-konsum-in-unseren-haushalten-in-frankreich\/#primaryimage"},"thumbnailUrl":"https:\/\/blog.maciterneecolo.fr\/wp-content\/uploads\/2023\/02\/protection-environnement-ecologie.jpg","datePublished":"2023-02-02T13:40:56+00:00","dateModified":"2023-07-28T11:15:51+00:00","description":"Der \u00d6ko-Konsum wird in unseren Haushalten in Frankreich immer wichtiger, da das Bewusstsein der Haushalte w\u00e4chst!","breadcrumb":{"@id":"https:\/\/blog.maciterneecolo.fr\/de\/oeko-konsum-in-unseren-haushalten-in-frankreich\/#breadcrumb"},"inLanguage":"de","potentialAction":[{"@type":"ReadAction","target":["https:\/\/blog.maciterneecolo.fr\/de\/oeko-konsum-in-unseren-haushalten-in-frankreich\/"]}]},{"@type":"ImageObject","inLanguage":"de","@id":"https:\/\/blog.maciterneecolo.fr\/de\/oeko-konsum-in-unseren-haushalten-in-frankreich\/#primaryimage","url":"https:\/\/blog.maciterneecolo.fr\/wp-content\/uploads\/2023\/02\/protection-environnement-ecologie.jpg","contentUrl":"https:\/\/blog.maciterneecolo.fr\/wp-content\/uploads\/2023\/02\/protection-environnement-ecologie.jpg","width":1920,"height":1280},{"@type":"BreadcrumbList","@id":"https:\/\/blog.maciterneecolo.fr\/de\/oeko-konsum-in-unseren-haushalten-in-frankreich\/#breadcrumb","itemListElement":[{"@type":"ListItem","position":1,"name":"Accueil","item":"https:\/\/blog.maciterneecolo.fr\/de\/"},{"@type":"ListItem","position":2,"name":"\u00d6ko-Konsum in unseren Haushalten in Frankreich"}]},{"@type":"WebSite","@id":"https:\/\/blog.maciterneecolo.fr\/de\/#website","url":"https:\/\/blog.maciterneecolo.fr\/de\/","name":"Blog Ma Citerne Ecolo","description":"Leader dans le domaine de la citerne souple d&#039;eau de pluie","publisher":{"@id":"https:\/\/blog.maciterneecolo.fr\/de\/#organization"},"potentialAction":[{"@type":"SearchAction","target":{"@type":"EntryPoint","urlTemplate":"https:\/\/blog.maciterneecolo.fr\/de\/?s={search_term_string}"},"query-input":{"@type":"PropertyValueSpecification","valueRequired":true,"valueName":"search_term_string"}}],"inLanguage":"de"},{"@type":"Organization","@id":"https:\/\/blog.maciterneecolo.fr\/de\/#organization","name":"Blog Ma Citerne Ecolo","url":"https:\/\/blog.maciterneecolo.fr\/de\/","logo":{"@type":"ImageObject","inLanguage":"de","@id":"https:\/\/blog.maciterneecolo.fr\/de\/#\/schema\/logo\/image\/","url":"https:\/\/blog.maciterneecolo.fr\/wp-content\/uploads\/2022\/12\/cropped-favicon-blog.png","contentUrl":"https:\/\/blog.maciterneecolo.fr\/wp-content\/uploads\/2022\/12\/cropped-favicon-blog.png","width":512,"height":512,"caption":"Blog Ma Citerne Ecolo"},"image":{"@id":"https:\/\/blog.maciterneecolo.fr\/de\/#\/schema\/logo\/image\/"}},{"@type":"Person","@id":"https:\/\/blog.maciterneecolo.fr\/de\/#\/schema\/person\/cfb93b191140c86292f0707edfd4b6fe","name":"Lucile","image":{"@type":"ImageObject","inLanguage":"de","@id":"https:\/\/secure.gravatar.com\/avatar\/3c571ab7761bcc142db76a63f33a2a5ebee8b76990a871c9329e3e6df7ae9f3c?s=96&d=mm&r=g","url":"https:\/\/secure.gravatar.com\/avatar\/3c571ab7761bcc142db76a63f33a2a5ebee8b76990a871c9329e3e6df7ae9f3c?s=96&d=mm&r=g","contentUrl":"https:\/\/secure.gravatar.com\/avatar\/3c571ab7761bcc142db76a63f33a2a5ebee8b76990a871c9329e3e6df7ae9f3c?s=96&d=mm&r=g","caption":"Lucile"},"url":"https:\/\/blog.maciterneecolo.fr\/de\/author\/lucilewerkeyn\/"}]}},"_links":{"self":[{"href":"https:\/\/blog.maciterneecolo.fr\/de\/wp-json\/wp\/v2\/posts\/5897","targetHints":{"allow":["GET"]}}],"collection":[{"href":"https:\/\/blog.maciterneecolo.fr\/de\/wp-json\/wp\/v2\/posts"}],"about":[{"href":"https:\/\/blog.maciterneecolo.fr\/de\/wp-json\/wp\/v2\/types\/post"}],"author":[{"embeddable":true,"href":"https:\/\/blog.maciterneecolo.fr\/de\/wp-json\/wp\/v2\/users\/2"}],"replies":[{"embeddable":true,"href":"https:\/\/blog.maciterneecolo.fr\/de\/wp-json\/wp\/v2\/comments?post=5897"}],"version-history":[{"count":2,"href":"https:\/\/blog.maciterneecolo.fr\/de\/wp-json\/wp\/v2\/posts\/5897\/revisions"}],"predecessor-version":[{"id":7691,"href":"https:\/\/blog.maciterneecolo.fr\/de\/wp-json\/wp\/v2\/posts\/5897\/revisions\/7691"}],"wp:featuredmedia":[{"embeddable":true,"href":"https:\/\/blog.maciterneecolo.fr\/de\/wp-json\/wp\/v2\/media\/5876"}],"wp:attachment":[{"href":"https:\/\/blog.maciterneecolo.fr\/de\/wp-json\/wp\/v2\/media?parent=5897"}],"wp:term":[{"taxonomy":"category","embeddable":true,"href":"https:\/\/blog.maciterneecolo.fr\/de\/wp-json\/wp\/v2\/categories?post=5897"},{"taxonomy":"post_tag","embeddable":true,"href":"https:\/\/blog.maciterneecolo.fr\/de\/wp-json\/wp\/v2\/tags?post=5897"}],"curies":[{"name":"wp","href":"https:\/\/api.w.org\/{rel}","templated":true}]}}