{"id":6344,"date":"2023-03-22T13:14:03","date_gmt":"2023-03-22T13:14:03","guid":{"rendered":"https:\/\/blog.maciterneecolo.fr\/ist-es-verboten-regenwasser-zu-sammeln\/"},"modified":"2023-07-28T09:02:34","modified_gmt":"2023-07-28T09:02:34","slug":"ist-es-verboten-regenwasser-zu-sammeln","status":"publish","type":"post","link":"https:\/\/blog.maciterneecolo.fr\/de\/ist-es-verboten-regenwasser-zu-sammeln\/","title":{"rendered":"Ist es verboten, Regenwasser zu sammeln?"},"content":{"rendered":"\n<p>Das Sammeln von Regenwasser ist in Frankreich keinesfalls illegal. Ganz im Gegenteil: Die Beh\u00f6rden ermutigen die Franzosen durch Zusch\u00fcsse und andere Finanzierungsformen f\u00fcr den Kauf von dedizierten Ger\u00e4ten nachdr\u00fccklich, diese Praxis einzuf\u00fchren.<\/p>\n\n<p>Die Bedeutung dieser Praxis ist vielf\u00e4ltig. Zum einen tr\u00e4gt sie dazu bei, den Trinkwasserverbrauch der Haushalte zu senken. Dadurch wird der Druck auf die Wasserressourcen, insbesondere in Trockenzeiten, verringert. Andererseits dient sie als vorbeugende Ma\u00dfnahme, um das Risiko von \u00dcberschwemmungen in den Kellern der H\u00e4user zu begrenzen, wenn nicht sogar zu beseitigen.<\/p>\n\n<p>Au\u00dferdem f\u00f6rdert das Sammeln von Regenwasser ein st\u00e4rkeres Umweltbewusstsein der Nutzer. Der Besitz eines Regenwassersammelsystems regt zu einem sparsameren Lebensstil an. Au\u00dferdem f\u00f6rdert es ein trinkwasserfreundlicheres Verhalten. Dies ist Teil eines umfassenden Ansatzes zur Sensibilisierung f\u00fcr den Umgang mit Wasser.<\/p>\n\n<h2 class=\"wp-block-heading\">Gesetze zum Sammeln von Regenwasser<\/h2>\n\n<p>Doch obwohl das <a href=\"https:\/\/www.maciterneecolo.fr\/fr\/\" target=\"_blank\" rel=\"noreferrer noopener\">Sammeln von Regenwasser<\/a> nicht verboten ist, unterliegt es weiterhin einem Rahmen. Es ist zum Beispiel verboten, Regenwasser f\u00fcr Lebensmittel zu verwenden. Letzteres ist f\u00fcr den Gebrauch au\u00dferhalb von Lebensmitteln reserviert. Wie z. B. das Bew\u00e4ssern von Pflanzen, das Waschen von Fahrzeugen oder die Wasserversorgung f\u00fcr die Toilettensp\u00fclung.  <\/p>\n\n<p>Es ist daher strengstens verboten, das Regenwasser aus seiner <a href=\"https:\/\/www.maciterneecolo.fr\/fr\/3-citernes-souples\" target=\"_blank\" rel=\"noreferrer noopener\">flexiblen Zisterne<\/a> f\u00fcr den menschlichen Konsum oder f\u00fcr Lebensmittelzwecke zu verwenden, wie es in Artikel R.1321-50 des Gesetzes \u00fcber die \u00f6ffentliche Gesundheit festgelegt ist. Sie sollten auch sicherstellen, dass die Ausr\u00fcstung, die Sie f\u00fcr die Speicherung Ihres Regenwassers vorgesehen haben, f\u00fcr diesen Zweck geeignet ist. Denn es ist unerl\u00e4sslich, dass Ihr Regenwassersammler wasserdicht und UV-best\u00e4ndig ist, um das Wachstum von Bakterien und anderen Algen zu verhindern, die das Wasser verunreinigen k\u00f6nnen.  <\/p>\n\n<h2 class=\"wp-block-heading\">Braucht man eine Baugenehmigung, um eine flexible Zisterne zu installieren?<\/h2>\n\n<p>Schlie\u00dflich ist kein Antrag auf Baugenehmigung oder eine Bauerkl\u00e4rung erforderlich, um eine flexible <a href=\"https:\/\/www.maciterneecolo.fr\/fr\/\" target=\"_blank\" rel=\"noreferrer noopener\">Zisterne<\/a> zur Regenwassernutzung in seinem Haus zu installieren. Wenn Ihre Anlage jedoch an das kollektive Abwassersystem angeschlossen ist. (Anwendungsf\u00e4lle f\u00fcr die Waschmaschine oder die Toilette). Sie m\u00fcssen zwingend eine Nutzungserkl\u00e4rung bei der Stadtverwaltung Ihrer Gemeinde abgeben.<\/p>\n\n<p>F\u00fcr weitere Informationen besuchen Sie bitte zun\u00e4chst unsere Website MaCiterneEcolo.fr oder lesen Sie die verschiedenen Artikel in unserem <a href=\"https:\/\/blog.maciterneecolo.fr\/de\/\" target=\"_blank\" rel=\"noreferrer noopener\">Blog<\/a>.<\/p>\n<div class=\"wp-block-image\">\n<figure class=\"aligncenter size-large is-resized\"><img fetchpriority=\"high\" decoding=\"async\" src=\"https:\/\/blog.maciterneecolo.fr\/wp-content\/uploads\/2023\/03\/Anticipez-les-futures-penuries-deaux-9-1024x858.png\" alt=\"Verbieten Sie das Sammeln von Regenwasser?\" class=\"wp-image-6167\" width=\"473\" height=\"395\" srcset=\"https:\/\/blog.maciterneecolo.fr\/wp-content\/uploads\/2023\/03\/Anticipez-les-futures-penuries-deaux-9-1024x858.png 1024w, https:\/\/blog.maciterneecolo.fr\/wp-content\/uploads\/2023\/03\/Anticipez-les-futures-penuries-deaux-9-300x251.png 300w\" sizes=\"(max-width: 473px) 100vw, 473px\" \/><\/figure><\/div>","protected":false},"excerpt":{"rendered":"<p>Das Sammeln von Regenwasser ist in Frankreich keinesfalls illegal. Ganz im Gegenteil: Die Beh\u00f6rden ermutigen die Franzosen durch Zusch\u00fcsse und andere Finanzierungsformen f\u00fcr den Kauf von dedizierten Ger\u00e4ten nachdr\u00fccklich, diese Praxis einzuf\u00fchren. Die Bedeutung dieser Praxis ist vielf\u00e4ltig. Zum einen tr\u00e4gt sie dazu bei, den Trinkwasserverbrauch der Haushalte zu senken. Dadurch wird der Druck auf [&hellip;]<\/p>\n","protected":false},"author":5,"featured_media":6145,"comment_status":"closed","ping_status":"closed","sticky":false,"template":"","format":"standard","meta":{"inline_featured_image":false,"footnotes":""},"categories":[82],"tags":[1370,57,1997,58,1485],"class_list":["post-6344","post","type-post","status-publish","format-standard","has-post-thumbnail","hentry","category-flexible-tanks","tag-durre-de","tag-flexibler-tank","tag-gesetz-de","tag-regenwasser","tag-trinkwasser-de"],"yoast_head":"<!-- This site is optimized with the Yoast SEO plugin v27.5 - https:\/\/yoast.com\/product\/yoast-seo-wordpress\/ -->\n<title>Ist es verboten, Regenwasser zu sammeln?<\/title>\n<meta name=\"description\" content=\"Informieren Sie sich \u00fcber die geltenden Vorschriften, die erlaubte Verwendung und m\u00f6gliche Einschr\u00e4nkungen f\u00fcr einen verantwortungsvollen Gebrauch.\" \/>\n<meta name=\"robots\" content=\"index, follow, max-snippet:-1, max-image-preview:large, max-video-preview:-1\" \/>\n<link rel=\"canonical\" href=\"https:\/\/blog.maciterneecolo.fr\/de\/ist-es-verboten-regenwasser-zu-sammeln\/\" \/>\n<meta property=\"og:locale\" content=\"de_DE\" \/>\n<meta property=\"og:type\" content=\"article\" \/>\n<meta property=\"og:title\" content=\"Ist es verboten, Regenwasser zu sammeln?\" \/>\n<meta property=\"og:description\" content=\"Informieren Sie sich \u00fcber die geltenden Vorschriften, die erlaubte Verwendung und m\u00f6gliche Einschr\u00e4nkungen f\u00fcr einen verantwortungsvollen Gebrauch.\" \/>\n<meta property=\"og:url\" content=\"https:\/\/blog.maciterneecolo.fr\/de\/ist-es-verboten-regenwasser-zu-sammeln\/\" \/>\n<meta property=\"og:site_name\" content=\"Blog Ma Citerne Ecolo\" \/>\n<meta property=\"article:published_time\" content=\"2023-03-22T13:14:03+00:00\" \/>\n<meta property=\"article:modified_time\" content=\"2023-07-28T09:02:34+00:00\" \/>\n<meta property=\"og:image\" content=\"https:\/\/blog.maciterneecolo.fr\/wp-content\/uploads\/2023\/03\/pexels-expo-jimetro-13991008-scaled.jpg\" \/>\n\t<meta property=\"og:image:width\" content=\"2560\" \/>\n\t<meta property=\"og:image:height\" content=\"1707\" \/>\n\t<meta property=\"og:image:type\" content=\"image\/jpeg\" \/>\n<meta name=\"author\" content=\"Alexis DANG\" \/>\n<meta name=\"twitter:card\" content=\"summary_large_image\" \/>\n<meta name=\"twitter:label1\" content=\"Verfasst von\" \/>\n\t<meta name=\"twitter:data1\" content=\"Alexis DANG\" \/>\n\t<meta name=\"twitter:label2\" content=\"Gesch\u00e4tzte Lesezeit\" \/>\n\t<meta name=\"twitter:data2\" content=\"2\u00a0Minuten\" \/>\n<script type=\"application\/ld+json\" class=\"yoast-schema-graph\">{\"@context\":\"https:\\\/\\\/schema.org\",\"@graph\":[{\"@type\":\"Article\",\"@id\":\"https:\\\/\\\/blog.maciterneecolo.fr\\\/de\\\/ist-es-verboten-regenwasser-zu-sammeln\\\/#article\",\"isPartOf\":{\"@id\":\"https:\\\/\\\/blog.maciterneecolo.fr\\\/de\\\/ist-es-verboten-regenwasser-zu-sammeln\\\/\"},\"author\":{\"name\":\"Alexis DANG\",\"@id\":\"https:\\\/\\\/blog.maciterneecolo.fr\\\/de\\\/#\\\/schema\\\/person\\\/5155970109fa48d9d3d76c40bba36979\"},\"headline\":\"Ist es verboten, Regenwasser zu sammeln?\",\"datePublished\":\"2023-03-22T13:14:03+00:00\",\"dateModified\":\"2023-07-28T09:02:34+00:00\",\"mainEntityOfPage\":{\"@id\":\"https:\\\/\\\/blog.maciterneecolo.fr\\\/de\\\/ist-es-verboten-regenwasser-zu-sammeln\\\/\"},\"wordCount\":383,\"publisher\":{\"@id\":\"https:\\\/\\\/blog.maciterneecolo.fr\\\/de\\\/#organization\"},\"image\":{\"@id\":\"https:\\\/\\\/blog.maciterneecolo.fr\\\/de\\\/ist-es-verboten-regenwasser-zu-sammeln\\\/#primaryimage\"},\"thumbnailUrl\":\"https:\\\/\\\/blog.maciterneecolo.fr\\\/wp-content\\\/uploads\\\/2023\\\/03\\\/pexels-expo-jimetro-13991008-scaled.jpg\",\"keywords\":[\"D\u00fcrre\",\"flexibler Tank\",\"Gesetz\",\"Regenwasser\",\"Trinkwasser\"],\"articleSection\":[\"Flexible Tanks\"],\"inLanguage\":\"de\"},{\"@type\":\"WebPage\",\"@id\":\"https:\\\/\\\/blog.maciterneecolo.fr\\\/de\\\/ist-es-verboten-regenwasser-zu-sammeln\\\/\",\"url\":\"https:\\\/\\\/blog.maciterneecolo.fr\\\/de\\\/ist-es-verboten-regenwasser-zu-sammeln\\\/\",\"name\":\"Ist es verboten, Regenwasser zu sammeln?\",\"isPartOf\":{\"@id\":\"https:\\\/\\\/blog.maciterneecolo.fr\\\/de\\\/#website\"},\"primaryImageOfPage\":{\"@id\":\"https:\\\/\\\/blog.maciterneecolo.fr\\\/de\\\/ist-es-verboten-regenwasser-zu-sammeln\\\/#primaryimage\"},\"image\":{\"@id\":\"https:\\\/\\\/blog.maciterneecolo.fr\\\/de\\\/ist-es-verboten-regenwasser-zu-sammeln\\\/#primaryimage\"},\"thumbnailUrl\":\"https:\\\/\\\/blog.maciterneecolo.fr\\\/wp-content\\\/uploads\\\/2023\\\/03\\\/pexels-expo-jimetro-13991008-scaled.jpg\",\"datePublished\":\"2023-03-22T13:14:03+00:00\",\"dateModified\":\"2023-07-28T09:02:34+00:00\",\"description\":\"Informieren Sie sich \u00fcber die geltenden Vorschriften, die erlaubte Verwendung und m\u00f6gliche Einschr\u00e4nkungen f\u00fcr einen verantwortungsvollen Gebrauch.\",\"breadcrumb\":{\"@id\":\"https:\\\/\\\/blog.maciterneecolo.fr\\\/de\\\/ist-es-verboten-regenwasser-zu-sammeln\\\/#breadcrumb\"},\"inLanguage\":\"de\",\"potentialAction\":[{\"@type\":\"ReadAction\",\"target\":[\"https:\\\/\\\/blog.maciterneecolo.fr\\\/de\\\/ist-es-verboten-regenwasser-zu-sammeln\\\/\"]}]},{\"@type\":\"ImageObject\",\"inLanguage\":\"de\",\"@id\":\"https:\\\/\\\/blog.maciterneecolo.fr\\\/de\\\/ist-es-verboten-regenwasser-zu-sammeln\\\/#primaryimage\",\"url\":\"https:\\\/\\\/blog.maciterneecolo.fr\\\/wp-content\\\/uploads\\\/2023\\\/03\\\/pexels-expo-jimetro-13991008-scaled.jpg\",\"contentUrl\":\"https:\\\/\\\/blog.maciterneecolo.fr\\\/wp-content\\\/uploads\\\/2023\\\/03\\\/pexels-expo-jimetro-13991008-scaled.jpg\",\"width\":2560,\"height\":1707,\"caption\":\"r\u00e9cup\u00e9rer l'eau de pluie interdiction ?\"},{\"@type\":\"BreadcrumbList\",\"@id\":\"https:\\\/\\\/blog.maciterneecolo.fr\\\/de\\\/ist-es-verboten-regenwasser-zu-sammeln\\\/#breadcrumb\",\"itemListElement\":[{\"@type\":\"ListItem\",\"position\":1,\"name\":\"Accueil\",\"item\":\"https:\\\/\\\/blog.maciterneecolo.fr\\\/de\\\/\"},{\"@type\":\"ListItem\",\"position\":2,\"name\":\"Ist es verboten, Regenwasser zu sammeln?\"}]},{\"@type\":\"WebSite\",\"@id\":\"https:\\\/\\\/blog.maciterneecolo.fr\\\/de\\\/#website\",\"url\":\"https:\\\/\\\/blog.maciterneecolo.fr\\\/de\\\/\",\"name\":\"Blog Ma Citerne Ecolo\",\"description\":\"Leader dans le domaine de la citerne souple d&#039;eau de pluie\",\"publisher\":{\"@id\":\"https:\\\/\\\/blog.maciterneecolo.fr\\\/de\\\/#organization\"},\"potentialAction\":[{\"@type\":\"SearchAction\",\"target\":{\"@type\":\"EntryPoint\",\"urlTemplate\":\"https:\\\/\\\/blog.maciterneecolo.fr\\\/de\\\/?s={search_term_string}\"},\"query-input\":{\"@type\":\"PropertyValueSpecification\",\"valueRequired\":true,\"valueName\":\"search_term_string\"}}],\"inLanguage\":\"de\"},{\"@type\":\"Organization\",\"@id\":\"https:\\\/\\\/blog.maciterneecolo.fr\\\/de\\\/#organization\",\"name\":\"Blog Ma Citerne Ecolo\",\"url\":\"https:\\\/\\\/blog.maciterneecolo.fr\\\/de\\\/\",\"logo\":{\"@type\":\"ImageObject\",\"inLanguage\":\"de\",\"@id\":\"https:\\\/\\\/blog.maciterneecolo.fr\\\/de\\\/#\\\/schema\\\/logo\\\/image\\\/\",\"url\":\"https:\\\/\\\/blog.maciterneecolo.fr\\\/wp-content\\\/uploads\\\/2022\\\/12\\\/cropped-favicon-blog.png\",\"contentUrl\":\"https:\\\/\\\/blog.maciterneecolo.fr\\\/wp-content\\\/uploads\\\/2022\\\/12\\\/cropped-favicon-blog.png\",\"width\":512,\"height\":512,\"caption\":\"Blog Ma Citerne Ecolo\"},\"image\":{\"@id\":\"https:\\\/\\\/blog.maciterneecolo.fr\\\/de\\\/#\\\/schema\\\/logo\\\/image\\\/\"}},{\"@type\":\"Person\",\"@id\":\"https:\\\/\\\/blog.maciterneecolo.fr\\\/de\\\/#\\\/schema\\\/person\\\/5155970109fa48d9d3d76c40bba36979\",\"name\":\"Alexis DANG\",\"image\":{\"@type\":\"ImageObject\",\"inLanguage\":\"de\",\"@id\":\"https:\\\/\\\/secure.gravatar.com\\\/avatar\\\/24c2478f0bab29db5e937d0340f0c4cac15d0b1d9a9adf0853c6bf3f9d885c94?s=96&d=mm&r=g\",\"url\":\"https:\\\/\\\/secure.gravatar.com\\\/avatar\\\/24c2478f0bab29db5e937d0340f0c4cac15d0b1d9a9adf0853c6bf3f9d885c94?s=96&d=mm&r=g\",\"contentUrl\":\"https:\\\/\\\/secure.gravatar.com\\\/avatar\\\/24c2478f0bab29db5e937d0340f0c4cac15d0b1d9a9adf0853c6bf3f9d885c94?s=96&d=mm&r=g\",\"caption\":\"Alexis DANG\"},\"url\":\"https:\\\/\\\/blog.maciterneecolo.fr\\\/de\\\/author\\\/alexis-dang\\\/\"}]}<\/script>\n<!-- \/ Yoast SEO plugin. -->","yoast_head_json":{"title":"Ist es verboten, Regenwasser zu sammeln?","description":"Informieren Sie sich \u00fcber die geltenden Vorschriften, die erlaubte Verwendung und m\u00f6gliche Einschr\u00e4nkungen f\u00fcr einen verantwortungsvollen Gebrauch.","robots":{"index":"index","follow":"follow","max-snippet":"max-snippet:-1","max-image-preview":"max-image-preview:large","max-video-preview":"max-video-preview:-1"},"canonical":"https:\/\/blog.maciterneecolo.fr\/de\/ist-es-verboten-regenwasser-zu-sammeln\/","og_locale":"de_DE","og_type":"article","og_title":"Ist es verboten, Regenwasser zu sammeln?","og_description":"Informieren Sie sich \u00fcber die geltenden Vorschriften, die erlaubte Verwendung und m\u00f6gliche Einschr\u00e4nkungen f\u00fcr einen verantwortungsvollen Gebrauch.","og_url":"https:\/\/blog.maciterneecolo.fr\/de\/ist-es-verboten-regenwasser-zu-sammeln\/","og_site_name":"Blog Ma Citerne Ecolo","article_published_time":"2023-03-22T13:14:03+00:00","article_modified_time":"2023-07-28T09:02:34+00:00","og_image":[{"width":2560,"height":1707,"url":"https:\/\/blog.maciterneecolo.fr\/wp-content\/uploads\/2023\/03\/pexels-expo-jimetro-13991008-scaled.jpg","type":"image\/jpeg"}],"author":"Alexis DANG","twitter_card":"summary_large_image","twitter_misc":{"Verfasst von":"Alexis DANG","Gesch\u00e4tzte Lesezeit":"2\u00a0Minuten"},"schema":{"@context":"https:\/\/schema.org","@graph":[{"@type":"Article","@id":"https:\/\/blog.maciterneecolo.fr\/de\/ist-es-verboten-regenwasser-zu-sammeln\/#article","isPartOf":{"@id":"https:\/\/blog.maciterneecolo.fr\/de\/ist-es-verboten-regenwasser-zu-sammeln\/"},"author":{"name":"Alexis DANG","@id":"https:\/\/blog.maciterneecolo.fr\/de\/#\/schema\/person\/5155970109fa48d9d3d76c40bba36979"},"headline":"Ist es verboten, Regenwasser zu sammeln?","datePublished":"2023-03-22T13:14:03+00:00","dateModified":"2023-07-28T09:02:34+00:00","mainEntityOfPage":{"@id":"https:\/\/blog.maciterneecolo.fr\/de\/ist-es-verboten-regenwasser-zu-sammeln\/"},"wordCount":383,"publisher":{"@id":"https:\/\/blog.maciterneecolo.fr\/de\/#organization"},"image":{"@id":"https:\/\/blog.maciterneecolo.fr\/de\/ist-es-verboten-regenwasser-zu-sammeln\/#primaryimage"},"thumbnailUrl":"https:\/\/blog.maciterneecolo.fr\/wp-content\/uploads\/2023\/03\/pexels-expo-jimetro-13991008-scaled.jpg","keywords":["D\u00fcrre","flexibler Tank","Gesetz","Regenwasser","Trinkwasser"],"articleSection":["Flexible Tanks"],"inLanguage":"de"},{"@type":"WebPage","@id":"https:\/\/blog.maciterneecolo.fr\/de\/ist-es-verboten-regenwasser-zu-sammeln\/","url":"https:\/\/blog.maciterneecolo.fr\/de\/ist-es-verboten-regenwasser-zu-sammeln\/","name":"Ist es verboten, Regenwasser zu sammeln?","isPartOf":{"@id":"https:\/\/blog.maciterneecolo.fr\/de\/#website"},"primaryImageOfPage":{"@id":"https:\/\/blog.maciterneecolo.fr\/de\/ist-es-verboten-regenwasser-zu-sammeln\/#primaryimage"},"image":{"@id":"https:\/\/blog.maciterneecolo.fr\/de\/ist-es-verboten-regenwasser-zu-sammeln\/#primaryimage"},"thumbnailUrl":"https:\/\/blog.maciterneecolo.fr\/wp-content\/uploads\/2023\/03\/pexels-expo-jimetro-13991008-scaled.jpg","datePublished":"2023-03-22T13:14:03+00:00","dateModified":"2023-07-28T09:02:34+00:00","description":"Informieren Sie sich \u00fcber die geltenden Vorschriften, die erlaubte Verwendung und m\u00f6gliche Einschr\u00e4nkungen f\u00fcr einen verantwortungsvollen Gebrauch.","breadcrumb":{"@id":"https:\/\/blog.maciterneecolo.fr\/de\/ist-es-verboten-regenwasser-zu-sammeln\/#breadcrumb"},"inLanguage":"de","potentialAction":[{"@type":"ReadAction","target":["https:\/\/blog.maciterneecolo.fr\/de\/ist-es-verboten-regenwasser-zu-sammeln\/"]}]},{"@type":"ImageObject","inLanguage":"de","@id":"https:\/\/blog.maciterneecolo.fr\/de\/ist-es-verboten-regenwasser-zu-sammeln\/#primaryimage","url":"https:\/\/blog.maciterneecolo.fr\/wp-content\/uploads\/2023\/03\/pexels-expo-jimetro-13991008-scaled.jpg","contentUrl":"https:\/\/blog.maciterneecolo.fr\/wp-content\/uploads\/2023\/03\/pexels-expo-jimetro-13991008-scaled.jpg","width":2560,"height":1707,"caption":"r\u00e9cup\u00e9rer l'eau de pluie interdiction ?"},{"@type":"BreadcrumbList","@id":"https:\/\/blog.maciterneecolo.fr\/de\/ist-es-verboten-regenwasser-zu-sammeln\/#breadcrumb","itemListElement":[{"@type":"ListItem","position":1,"name":"Accueil","item":"https:\/\/blog.maciterneecolo.fr\/de\/"},{"@type":"ListItem","position":2,"name":"Ist es verboten, Regenwasser zu sammeln?"}]},{"@type":"WebSite","@id":"https:\/\/blog.maciterneecolo.fr\/de\/#website","url":"https:\/\/blog.maciterneecolo.fr\/de\/","name":"Blog Ma Citerne Ecolo","description":"Leader dans le domaine de la citerne souple d&#039;eau de pluie","publisher":{"@id":"https:\/\/blog.maciterneecolo.fr\/de\/#organization"},"potentialAction":[{"@type":"SearchAction","target":{"@type":"EntryPoint","urlTemplate":"https:\/\/blog.maciterneecolo.fr\/de\/?s={search_term_string}"},"query-input":{"@type":"PropertyValueSpecification","valueRequired":true,"valueName":"search_term_string"}}],"inLanguage":"de"},{"@type":"Organization","@id":"https:\/\/blog.maciterneecolo.fr\/de\/#organization","name":"Blog Ma Citerne Ecolo","url":"https:\/\/blog.maciterneecolo.fr\/de\/","logo":{"@type":"ImageObject","inLanguage":"de","@id":"https:\/\/blog.maciterneecolo.fr\/de\/#\/schema\/logo\/image\/","url":"https:\/\/blog.maciterneecolo.fr\/wp-content\/uploads\/2022\/12\/cropped-favicon-blog.png","contentUrl":"https:\/\/blog.maciterneecolo.fr\/wp-content\/uploads\/2022\/12\/cropped-favicon-blog.png","width":512,"height":512,"caption":"Blog Ma Citerne Ecolo"},"image":{"@id":"https:\/\/blog.maciterneecolo.fr\/de\/#\/schema\/logo\/image\/"}},{"@type":"Person","@id":"https:\/\/blog.maciterneecolo.fr\/de\/#\/schema\/person\/5155970109fa48d9d3d76c40bba36979","name":"Alexis DANG","image":{"@type":"ImageObject","inLanguage":"de","@id":"https:\/\/secure.gravatar.com\/avatar\/24c2478f0bab29db5e937d0340f0c4cac15d0b1d9a9adf0853c6bf3f9d885c94?s=96&d=mm&r=g","url":"https:\/\/secure.gravatar.com\/avatar\/24c2478f0bab29db5e937d0340f0c4cac15d0b1d9a9adf0853c6bf3f9d885c94?s=96&d=mm&r=g","contentUrl":"https:\/\/secure.gravatar.com\/avatar\/24c2478f0bab29db5e937d0340f0c4cac15d0b1d9a9adf0853c6bf3f9d885c94?s=96&d=mm&r=g","caption":"Alexis DANG"},"url":"https:\/\/blog.maciterneecolo.fr\/de\/author\/alexis-dang\/"}]}},"_links":{"self":[{"href":"https:\/\/blog.maciterneecolo.fr\/de\/wp-json\/wp\/v2\/posts\/6344","targetHints":{"allow":["GET"]}}],"collection":[{"href":"https:\/\/blog.maciterneecolo.fr\/de\/wp-json\/wp\/v2\/posts"}],"about":[{"href":"https:\/\/blog.maciterneecolo.fr\/de\/wp-json\/wp\/v2\/types\/post"}],"author":[{"embeddable":true,"href":"https:\/\/blog.maciterneecolo.fr\/de\/wp-json\/wp\/v2\/users\/5"}],"replies":[{"embeddable":true,"href":"https:\/\/blog.maciterneecolo.fr\/de\/wp-json\/wp\/v2\/comments?post=6344"}],"version-history":[{"count":6,"href":"https:\/\/blog.maciterneecolo.fr\/de\/wp-json\/wp\/v2\/posts\/6344\/revisions"}],"predecessor-version":[{"id":7557,"href":"https:\/\/blog.maciterneecolo.fr\/de\/wp-json\/wp\/v2\/posts\/6344\/revisions\/7557"}],"wp:featuredmedia":[{"embeddable":true,"href":"https:\/\/blog.maciterneecolo.fr\/de\/wp-json\/wp\/v2\/media\/6145"}],"wp:attachment":[{"href":"https:\/\/blog.maciterneecolo.fr\/de\/wp-json\/wp\/v2\/media?parent=6344"}],"wp:term":[{"taxonomy":"category","embeddable":true,"href":"https:\/\/blog.maciterneecolo.fr\/de\/wp-json\/wp\/v2\/categories?post=6344"},{"taxonomy":"post_tag","embeddable":true,"href":"https:\/\/blog.maciterneecolo.fr\/de\/wp-json\/wp\/v2\/tags?post=6344"}],"curies":[{"name":"wp","href":"https:\/\/api.w.org\/{rel}","templated":true}]}}