{"id":6360,"date":"2023-03-22T12:27:27","date_gmt":"2023-03-22T12:27:27","guid":{"rendered":"https:\/\/blog.maciterneecolo.fr\/kann-ich-meinen-flexiblen-tank-fuer-die-versorgung-der-toilettenspuelung-anschliessen-was-ist-mit-meiner-waschmaschine\/"},"modified":"2023-07-28T09:11:49","modified_gmt":"2023-07-28T09:11:49","slug":"kann-ich-meinen-flexiblen-tank-fuer-die-versorgung-der-toilettenspuelung-anschliessen-was-ist-mit-meiner-waschmaschine","status":"publish","type":"post","link":"https:\/\/blog.maciterneecolo.fr\/de\/kann-ich-meinen-flexiblen-tank-fuer-die-versorgung-der-toilettenspuelung-anschliessen-was-ist-mit-meiner-waschmaschine\/","title":{"rendered":"Kann ich meinen flexiblen Tank f\u00fcr die Versorgung der Toilettensp\u00fclung anschlie\u00dfen? was ist mit meiner Waschmaschine?"},"content":{"rendered":"\n<p>Viele Besitzer eines <a href=\"https:\/\/www.maciterneecolo.fr\/fr\/3-citernes-souples\" target=\"_blank\" rel=\"noreferrer noopener\">flexiblen Tanks<\/a> fragen sich, ob sie ihren flexiblen Tank an die Wasserversorgung der Toilettensp\u00fclung oder auch der Waschmaschine anschlie\u00dfen k\u00f6nnen. Abgesehen davon, dass sie <strong>einen echten wirtschaftlichen Nutzen<\/strong> besitzen. Wenn man insbesondere wei\u00df, dass eine Toilettensp\u00fclung im Durchschnitt 46 Liter pro Tag und Person verbraucht. Eine solche Verbindung ist <strong>vollkommen umweltfreundlich<\/strong>. Sie verwenden f\u00fcr diese Zwecke kein Trinkwasser mehr. In Frankreich wird gesch\u00e4tzt, dass 50% des verwendeten Wassers nicht trinkbar sein muss.  <\/p>\n\n<p>Die Wasserkosten steigen stetig, was vor allem auf die Arbeiten zur\u00fcckzuf\u00fchren ist, die zur Modernisierung der Leitungen des \u00f6ffentlichen Wassernetzes unternommen werden. Es wird n\u00e4mlich gesch\u00e4tzt, dass der Wasserverbrauch im n\u00e4chsten Jahrzehnt um durchschnittlich 10% steigen wird. Die Nutzung von Regenwasser f\u00fcr Ihre Toilette oder Waschmaschine ist eine gute M\u00f6glichkeit, Ihre Wasserrechnung zu senken und etwas f\u00fcr den Planeten zu tun.  <\/p>\n\n<p>So ist es nat\u00fcrlich m\u00f6glich, seinen flexiblen Tank an die Sp\u00fclung seiner Toilette anzuschlie\u00dfen, oder auch f\u00fcr die Versorgung seiner Waschmaschine.  <\/p>\n\n<p>F\u00fcr solche Nutzungen m\u00fcssen Sie jedoch bestimmte Bedingungen erf\u00fcllen.  <\/p>\n\n<p> <\/p>\n\n<h2 class=\"wp-block-heading has-text-align-center\">Was sagt das Gesetz?  <\/h2>\n\n<p>Die Nutzung von Regenwasser ist in Innenr\u00e4umen nur f\u00fcr :  <\/p>\n\n<p>&#8211; Die Toilettensp\u00fclung f\u00fcllen  <\/p>\n\n<p>&#8211; W\u00e4sche waschen, sofern zuvor eine geeignete Wasseraufbereitungsanlage verwendet wurde  <\/p>\n\n<p>&#8211; B\u00f6den waschen<\/p>\n\n<h2 class=\"wp-block-heading\" style=\"font-size:25px\"><strong>  &#8211; Installation und Anmeldung Ihrer Ausr\u00fcstung.<\/strong> <\/h2>\n\n<p>Regenwasser sollte nur auf einem Dach gesammelt werden, das nicht zug\u00e4nglich ist (au\u00dfer bei Wartung und Instandhaltung). Das verwendete Wasser sollte in einem oberirdischen Tank<a href=\"https:\/\/www.maciterneecolo.fr\/fr\/3-citernes-souples\" target=\"_blank\" rel=\"noreferrer noopener\">(flexible Zisterne<\/a>, Sammler) oder auch in der Erde gelagert werden. Im Lagertank darf kein Frostschutzmittel angewendet werden.<\/p>\n\n<p>Wenn Ihre Anlage an eine autonome Abwasserentsorgungseinrichtung angeschlossen ist. Sie m\u00fcssen keine Erkl\u00e4rung abgeben. Andererseits, wenn Ihre Anlage an das kollektive Abwassersystem angeschlossen ist. Es ist Pflicht, die Nutzung von Regenwasser in Ihrem Haus bei der Stadtverwaltung anzumelden. (Artikel R2224-19-4 des Code g\u00e9n\u00e9ral des collectivit\u00e9s territoriales).<\/p>\n\n<h2 class=\"wp-block-heading\" style=\"font-size:25px\"> <strong>  &#8211; Sicherheit der Einrichtung<\/strong><\/h2>\n\n<p>Wenn Sie Regenwasser in Ihrem Haus verwenden, m\u00fcssen Sie die Wasserh\u00e4hne identifizieren, zu denen Sie Zugang haben. Es muss n\u00e4mlich eine besondere Beschilderung mit dem Hinweis &#8222;Kein Trinkwasser&#8220; angebracht werden. Diese Beschilderung dient der Unterscheidung zwischen Ihrem Wassernetz f\u00fcr nicht trinkbares Wasser und Ihrem Wassernetz f\u00fcr nicht trinkbares Wasser. Sie sind leicht in Baum\u00e4rkten zu finden.  <\/p>\n\n<p>Regenwasserh\u00e4hne sollten abschlie\u00dfbar sein, ebenso sollte das \u00d6ffnen mit einem speziellen Werkzeug vorgesehen werden.  <\/p>\n\n<p>Trinkwasser- und Regenwassernetze m\u00fcssen unterschieden werden, die beiden Netze d\u00fcrfen nicht miteinander kommunizieren k\u00f6nnen.  <\/p>\n\n<h2 class=\"wp-block-heading\" style=\"font-size:25px\"><strong>&#8211; Pflege<\/strong><\/h2>\n\n<p>Bei einer \u00dcberpr\u00fcfung Ihrer Installation von einem  <a href=\"https:\/\/www.maciterneecolo.fr\/fr\/3-citernes-souples\" target=\"_blank\" rel=\"noreferrer noopener\">Softtank<\/a>Sie m\u00fcssen ein Wartungsheft f\u00fchren, das u. a. einen detaillierten Plan der Regenwassernutzungsanlagen und die Daten der durchgef\u00fchrten Kontrollen (Reinigung der Filter, Entleerung, Reinigung und Desinfektion des Tanks sowie \u00dcberpr\u00fcfung der Ventile und Zapfh\u00e4hne) enth\u00e4lt. Sie m\u00fcssen au\u00dferdem einen Index \u00fcber die Menge des genutzten Regenwassers nur f\u00fcr Geb\u00e4ude f\u00fchren, die an das kollektive Wassernetz angeschlossen sind.  <\/p>\n\n<p>Um diese Wartung durchzuf\u00fchren, k\u00f6nnen Sie eine Firma beauftragen, die Ihr Sanit\u00e4rwartungsbuch f\u00fcttert, oder Sie k\u00f6nnen die Wartung selbst durchf\u00fchren und das Sanit\u00e4rwartungsbuch aus eigener Kraft f\u00fcttern, indem Sie die notwendigen Elemente aufzeichnen.  <\/p>\n\n<p>Weitere Informationen zu den geltenden Gesetzen f\u00fcr die Nutzung von Regenwasser im eigenen Haus finden Sie <a href=\"https:\/\/www.service-public.fr\/particuliers\/vosdroits\/F31481\" target=\"_blank\" rel=\"noreferrer noopener\">hier<\/a>.  <\/p>\n\n<p>Wir laden Sie ein, unsere Website Meine\u00d6koZisterne.de oder unseren <a href=\"https:\/\/blog.maciterneecolo.fr\/de\/\" target=\"_blank\" rel=\"noreferrer noopener\">Blog<\/a> zu besuchen, um mehr \u00fcber das Sammeln von Regenwasser und unsere Zisternen zu erfahren.<\/p>\n\n<p> <\/p>\n<div class=\"wp-block-image\">\n<figure class=\"aligncenter size-large is-resized\"><img fetchpriority=\"high\" decoding=\"async\" src=\"https:\/\/blog.maciterneecolo.fr\/wp-content\/uploads\/2023\/03\/Anticipez-les-futures-penuries-deaux-1-1-1024x858.png\" alt=\"Sammeln Sie Ihr Regenwasser mit unseren flexiblen Zisternen\" class=\"wp-image-6127\" width=\"463\" height=\"387\" srcset=\"https:\/\/blog.maciterneecolo.fr\/wp-content\/uploads\/2023\/03\/Anticipez-les-futures-penuries-deaux-1-1-1024x858.png 1024w, https:\/\/blog.maciterneecolo.fr\/wp-content\/uploads\/2023\/03\/Anticipez-les-futures-penuries-deaux-1-1-300x251.png 300w, https:\/\/blog.maciterneecolo.fr\/wp-content\/uploads\/2023\/03\/Anticipez-les-futures-penuries-deaux-1-1-768x644.png 768w, https:\/\/blog.maciterneecolo.fr\/wp-content\/uploads\/2023\/03\/Anticipez-les-futures-penuries-deaux-1-1-1536x1288.png 1536w, https:\/\/blog.maciterneecolo.fr\/wp-content\/uploads\/2023\/03\/Anticipez-les-futures-penuries-deaux-1-1-2048x1717.png 2048w\" sizes=\"(max-width: 463px) 100vw, 463px\" \/><\/figure><\/div>","protected":false},"excerpt":{"rendered":"<p>Viele Besitzer eines flexiblen Tanks fragen sich, ob sie ihren flexiblen Tank an die Wasserversorgung der Toilettensp\u00fclung oder auch der Waschmaschine anschlie\u00dfen k\u00f6nnen. Abgesehen davon, dass sie einen echten wirtschaftlichen Nutzen besitzen. Wenn man insbesondere wei\u00df, dass eine Toilettensp\u00fclung im Durchschnitt 46 Liter pro Tag und Person verbraucht. Eine solche Verbindung ist vollkommen umweltfreundlich. Sie [&hellip;]<\/p>\n","protected":false},"author":5,"featured_media":6114,"comment_status":"closed","ping_status":"closed","sticky":false,"template":"","format":"standard","meta":{"inline_featured_image":false,"footnotes":""},"categories":[82],"tags":[2012,57,2011,2010,58,775,370],"class_list":["post-6360","post","type-post","status-publish","format-standard","has-post-thumbnail","hentry","category-flexible-tanks","tag-artikel-de","tag-flexibler-tank","tag-gesetzgebungen-de","tag-regelungen-de","tag-regenwasser","tag-waschmaschine-de","tag-wc-de"],"yoast_head":"<!-- This site is optimized with the Yoast SEO plugin v27.5 - https:\/\/yoast.com\/product\/yoast-seo-wordpress\/ -->\n<title>Kann ich mein WC und die Waschmaschine mit Regenwasser versorgen?<\/title>\n<meta name=\"description\" content=\"Anschluss einer flexiblen Zisterne an WC und Waschmaschine: Was das Gesetz \u00fcber die Nutzung von Regenwasser sagt.\" \/>\n<meta name=\"robots\" content=\"index, follow, max-snippet:-1, max-image-preview:large, max-video-preview:-1\" \/>\n<link rel=\"canonical\" href=\"https:\/\/blog.maciterneecolo.fr\/de\/kann-ich-meinen-flexiblen-tank-fuer-die-versorgung-der-toilettenspuelung-anschliessen-was-ist-mit-meiner-waschmaschine\/\" \/>\n<meta property=\"og:locale\" content=\"de_DE\" \/>\n<meta property=\"og:type\" content=\"article\" \/>\n<meta property=\"og:title\" content=\"Kann ich mein WC und die Waschmaschine mit Regenwasser versorgen?\" \/>\n<meta property=\"og:description\" content=\"Anschluss einer flexiblen Zisterne an WC und Waschmaschine: Was das Gesetz \u00fcber die Nutzung von Regenwasser sagt.\" \/>\n<meta property=\"og:url\" content=\"https:\/\/blog.maciterneecolo.fr\/de\/kann-ich-meinen-flexiblen-tank-fuer-die-versorgung-der-toilettenspuelung-anschliessen-was-ist-mit-meiner-waschmaschine\/\" \/>\n<meta property=\"og:site_name\" content=\"Blog Ma Citerne Ecolo\" \/>\n<meta property=\"article:published_time\" content=\"2023-03-22T12:27:27+00:00\" \/>\n<meta property=\"article:modified_time\" content=\"2023-07-28T09:11:49+00:00\" \/>\n<meta property=\"og:image\" content=\"https:\/\/blog.maciterneecolo.fr\/wp-content\/uploads\/2023\/03\/pexels-karolina-grabowska-4239015-scaled.jpg\" \/>\n\t<meta property=\"og:image:width\" content=\"2560\" \/>\n\t<meta property=\"og:image:height\" content=\"1707\" \/>\n\t<meta property=\"og:image:type\" content=\"image\/jpeg\" \/>\n<meta name=\"author\" content=\"Alexis DANG\" \/>\n<meta name=\"twitter:card\" content=\"summary_large_image\" \/>\n<meta name=\"twitter:label1\" content=\"Verfasst von\" \/>\n\t<meta name=\"twitter:data1\" content=\"Alexis DANG\" \/>\n\t<meta name=\"twitter:label2\" content=\"Gesch\u00e4tzte Lesezeit\" \/>\n\t<meta name=\"twitter:data2\" content=\"3\u00a0Minuten\" \/>\n<script type=\"application\/ld+json\" class=\"yoast-schema-graph\">{\"@context\":\"https:\\\/\\\/schema.org\",\"@graph\":[{\"@type\":\"Article\",\"@id\":\"https:\\\/\\\/blog.maciterneecolo.fr\\\/de\\\/kann-ich-meinen-flexiblen-tank-fuer-die-versorgung-der-toilettenspuelung-anschliessen-was-ist-mit-meiner-waschmaschine\\\/#article\",\"isPartOf\":{\"@id\":\"https:\\\/\\\/blog.maciterneecolo.fr\\\/de\\\/kann-ich-meinen-flexiblen-tank-fuer-die-versorgung-der-toilettenspuelung-anschliessen-was-ist-mit-meiner-waschmaschine\\\/\"},\"author\":{\"name\":\"Alexis DANG\",\"@id\":\"https:\\\/\\\/blog.maciterneecolo.fr\\\/de\\\/#\\\/schema\\\/person\\\/5155970109fa48d9d3d76c40bba36979\"},\"headline\":\"Kann ich meinen flexiblen Tank f\u00fcr die Versorgung der Toilettensp\u00fclung anschlie\u00dfen? was ist mit meiner Waschmaschine?\",\"datePublished\":\"2023-03-22T12:27:27+00:00\",\"dateModified\":\"2023-07-28T09:11:49+00:00\",\"mainEntityOfPage\":{\"@id\":\"https:\\\/\\\/blog.maciterneecolo.fr\\\/de\\\/kann-ich-meinen-flexiblen-tank-fuer-die-versorgung-der-toilettenspuelung-anschliessen-was-ist-mit-meiner-waschmaschine\\\/\"},\"wordCount\":606,\"publisher\":{\"@id\":\"https:\\\/\\\/blog.maciterneecolo.fr\\\/de\\\/#organization\"},\"image\":{\"@id\":\"https:\\\/\\\/blog.maciterneecolo.fr\\\/de\\\/kann-ich-meinen-flexiblen-tank-fuer-die-versorgung-der-toilettenspuelung-anschliessen-was-ist-mit-meiner-waschmaschine\\\/#primaryimage\"},\"thumbnailUrl\":\"https:\\\/\\\/blog.maciterneecolo.fr\\\/wp-content\\\/uploads\\\/2023\\\/03\\\/pexels-karolina-grabowska-4239015-scaled.jpg\",\"keywords\":[\"Artikel\",\"flexibler Tank\",\"Gesetzgebungen\",\"Regelungen\",\"Regenwasser\",\"Waschmaschine\",\"wc\"],\"articleSection\":[\"Flexible Tanks\"],\"inLanguage\":\"de\"},{\"@type\":\"WebPage\",\"@id\":\"https:\\\/\\\/blog.maciterneecolo.fr\\\/de\\\/kann-ich-meinen-flexiblen-tank-fuer-die-versorgung-der-toilettenspuelung-anschliessen-was-ist-mit-meiner-waschmaschine\\\/\",\"url\":\"https:\\\/\\\/blog.maciterneecolo.fr\\\/de\\\/kann-ich-meinen-flexiblen-tank-fuer-die-versorgung-der-toilettenspuelung-anschliessen-was-ist-mit-meiner-waschmaschine\\\/\",\"name\":\"Kann ich mein WC und die Waschmaschine mit Regenwasser versorgen?\",\"isPartOf\":{\"@id\":\"https:\\\/\\\/blog.maciterneecolo.fr\\\/de\\\/#website\"},\"primaryImageOfPage\":{\"@id\":\"https:\\\/\\\/blog.maciterneecolo.fr\\\/de\\\/kann-ich-meinen-flexiblen-tank-fuer-die-versorgung-der-toilettenspuelung-anschliessen-was-ist-mit-meiner-waschmaschine\\\/#primaryimage\"},\"image\":{\"@id\":\"https:\\\/\\\/blog.maciterneecolo.fr\\\/de\\\/kann-ich-meinen-flexiblen-tank-fuer-die-versorgung-der-toilettenspuelung-anschliessen-was-ist-mit-meiner-waschmaschine\\\/#primaryimage\"},\"thumbnailUrl\":\"https:\\\/\\\/blog.maciterneecolo.fr\\\/wp-content\\\/uploads\\\/2023\\\/03\\\/pexels-karolina-grabowska-4239015-scaled.jpg\",\"datePublished\":\"2023-03-22T12:27:27+00:00\",\"dateModified\":\"2023-07-28T09:11:49+00:00\",\"description\":\"Anschluss einer flexiblen Zisterne an WC und Waschmaschine: Was das Gesetz \u00fcber die Nutzung von Regenwasser sagt.\",\"breadcrumb\":{\"@id\":\"https:\\\/\\\/blog.maciterneecolo.fr\\\/de\\\/kann-ich-meinen-flexiblen-tank-fuer-die-versorgung-der-toilettenspuelung-anschliessen-was-ist-mit-meiner-waschmaschine\\\/#breadcrumb\"},\"inLanguage\":\"de\",\"potentialAction\":[{\"@type\":\"ReadAction\",\"target\":[\"https:\\\/\\\/blog.maciterneecolo.fr\\\/de\\\/kann-ich-meinen-flexiblen-tank-fuer-die-versorgung-der-toilettenspuelung-anschliessen-was-ist-mit-meiner-waschmaschine\\\/\"]}]},{\"@type\":\"ImageObject\",\"inLanguage\":\"de\",\"@id\":\"https:\\\/\\\/blog.maciterneecolo.fr\\\/de\\\/kann-ich-meinen-flexiblen-tank-fuer-die-versorgung-der-toilettenspuelung-anschliessen-was-ist-mit-meiner-waschmaschine\\\/#primaryimage\",\"url\":\"https:\\\/\\\/blog.maciterneecolo.fr\\\/wp-content\\\/uploads\\\/2023\\\/03\\\/pexels-karolina-grabowska-4239015-scaled.jpg\",\"contentUrl\":\"https:\\\/\\\/blog.maciterneecolo.fr\\\/wp-content\\\/uploads\\\/2023\\\/03\\\/pexels-karolina-grabowska-4239015-scaled.jpg\",\"width\":2560,\"height\":1707,\"caption\":\"R\u00e9cup\u00e9rez vos eaux de pluie pour alimenter vos toilettes et votre lave-linge\"},{\"@type\":\"BreadcrumbList\",\"@id\":\"https:\\\/\\\/blog.maciterneecolo.fr\\\/de\\\/kann-ich-meinen-flexiblen-tank-fuer-die-versorgung-der-toilettenspuelung-anschliessen-was-ist-mit-meiner-waschmaschine\\\/#breadcrumb\",\"itemListElement\":[{\"@type\":\"ListItem\",\"position\":1,\"name\":\"Accueil\",\"item\":\"https:\\\/\\\/blog.maciterneecolo.fr\\\/de\\\/\"},{\"@type\":\"ListItem\",\"position\":2,\"name\":\"Kann ich meinen flexiblen Tank f\u00fcr die Versorgung der Toilettensp\u00fclung anschlie\u00dfen? was ist mit meiner Waschmaschine?\"}]},{\"@type\":\"WebSite\",\"@id\":\"https:\\\/\\\/blog.maciterneecolo.fr\\\/de\\\/#website\",\"url\":\"https:\\\/\\\/blog.maciterneecolo.fr\\\/de\\\/\",\"name\":\"Blog Ma Citerne Ecolo\",\"description\":\"Leader dans le domaine de la citerne souple d&#039;eau de pluie\",\"publisher\":{\"@id\":\"https:\\\/\\\/blog.maciterneecolo.fr\\\/de\\\/#organization\"},\"potentialAction\":[{\"@type\":\"SearchAction\",\"target\":{\"@type\":\"EntryPoint\",\"urlTemplate\":\"https:\\\/\\\/blog.maciterneecolo.fr\\\/de\\\/?s={search_term_string}\"},\"query-input\":{\"@type\":\"PropertyValueSpecification\",\"valueRequired\":true,\"valueName\":\"search_term_string\"}}],\"inLanguage\":\"de\"},{\"@type\":\"Organization\",\"@id\":\"https:\\\/\\\/blog.maciterneecolo.fr\\\/de\\\/#organization\",\"name\":\"Blog Ma Citerne Ecolo\",\"url\":\"https:\\\/\\\/blog.maciterneecolo.fr\\\/de\\\/\",\"logo\":{\"@type\":\"ImageObject\",\"inLanguage\":\"de\",\"@id\":\"https:\\\/\\\/blog.maciterneecolo.fr\\\/de\\\/#\\\/schema\\\/logo\\\/image\\\/\",\"url\":\"https:\\\/\\\/blog.maciterneecolo.fr\\\/wp-content\\\/uploads\\\/2022\\\/12\\\/cropped-favicon-blog.png\",\"contentUrl\":\"https:\\\/\\\/blog.maciterneecolo.fr\\\/wp-content\\\/uploads\\\/2022\\\/12\\\/cropped-favicon-blog.png\",\"width\":512,\"height\":512,\"caption\":\"Blog Ma Citerne Ecolo\"},\"image\":{\"@id\":\"https:\\\/\\\/blog.maciterneecolo.fr\\\/de\\\/#\\\/schema\\\/logo\\\/image\\\/\"}},{\"@type\":\"Person\",\"@id\":\"https:\\\/\\\/blog.maciterneecolo.fr\\\/de\\\/#\\\/schema\\\/person\\\/5155970109fa48d9d3d76c40bba36979\",\"name\":\"Alexis DANG\",\"image\":{\"@type\":\"ImageObject\",\"inLanguage\":\"de\",\"@id\":\"https:\\\/\\\/secure.gravatar.com\\\/avatar\\\/24c2478f0bab29db5e937d0340f0c4cac15d0b1d9a9adf0853c6bf3f9d885c94?s=96&d=mm&r=g\",\"url\":\"https:\\\/\\\/secure.gravatar.com\\\/avatar\\\/24c2478f0bab29db5e937d0340f0c4cac15d0b1d9a9adf0853c6bf3f9d885c94?s=96&d=mm&r=g\",\"contentUrl\":\"https:\\\/\\\/secure.gravatar.com\\\/avatar\\\/24c2478f0bab29db5e937d0340f0c4cac15d0b1d9a9adf0853c6bf3f9d885c94?s=96&d=mm&r=g\",\"caption\":\"Alexis DANG\"},\"url\":\"https:\\\/\\\/blog.maciterneecolo.fr\\\/de\\\/author\\\/alexis-dang\\\/\"}]}<\/script>\n<!-- \/ Yoast SEO plugin. -->","yoast_head_json":{"title":"Kann ich mein WC und die Waschmaschine mit Regenwasser versorgen?","description":"Anschluss einer flexiblen Zisterne an WC und Waschmaschine: Was das Gesetz \u00fcber die Nutzung von Regenwasser sagt.","robots":{"index":"index","follow":"follow","max-snippet":"max-snippet:-1","max-image-preview":"max-image-preview:large","max-video-preview":"max-video-preview:-1"},"canonical":"https:\/\/blog.maciterneecolo.fr\/de\/kann-ich-meinen-flexiblen-tank-fuer-die-versorgung-der-toilettenspuelung-anschliessen-was-ist-mit-meiner-waschmaschine\/","og_locale":"de_DE","og_type":"article","og_title":"Kann ich mein WC und die Waschmaschine mit Regenwasser versorgen?","og_description":"Anschluss einer flexiblen Zisterne an WC und Waschmaschine: Was das Gesetz \u00fcber die Nutzung von Regenwasser sagt.","og_url":"https:\/\/blog.maciterneecolo.fr\/de\/kann-ich-meinen-flexiblen-tank-fuer-die-versorgung-der-toilettenspuelung-anschliessen-was-ist-mit-meiner-waschmaschine\/","og_site_name":"Blog Ma Citerne Ecolo","article_published_time":"2023-03-22T12:27:27+00:00","article_modified_time":"2023-07-28T09:11:49+00:00","og_image":[{"width":2560,"height":1707,"url":"https:\/\/blog.maciterneecolo.fr\/wp-content\/uploads\/2023\/03\/pexels-karolina-grabowska-4239015-scaled.jpg","type":"image\/jpeg"}],"author":"Alexis DANG","twitter_card":"summary_large_image","twitter_misc":{"Verfasst von":"Alexis DANG","Gesch\u00e4tzte Lesezeit":"3\u00a0Minuten"},"schema":{"@context":"https:\/\/schema.org","@graph":[{"@type":"Article","@id":"https:\/\/blog.maciterneecolo.fr\/de\/kann-ich-meinen-flexiblen-tank-fuer-die-versorgung-der-toilettenspuelung-anschliessen-was-ist-mit-meiner-waschmaschine\/#article","isPartOf":{"@id":"https:\/\/blog.maciterneecolo.fr\/de\/kann-ich-meinen-flexiblen-tank-fuer-die-versorgung-der-toilettenspuelung-anschliessen-was-ist-mit-meiner-waschmaschine\/"},"author":{"name":"Alexis DANG","@id":"https:\/\/blog.maciterneecolo.fr\/de\/#\/schema\/person\/5155970109fa48d9d3d76c40bba36979"},"headline":"Kann ich meinen flexiblen Tank f\u00fcr die Versorgung der Toilettensp\u00fclung anschlie\u00dfen? was ist mit meiner Waschmaschine?","datePublished":"2023-03-22T12:27:27+00:00","dateModified":"2023-07-28T09:11:49+00:00","mainEntityOfPage":{"@id":"https:\/\/blog.maciterneecolo.fr\/de\/kann-ich-meinen-flexiblen-tank-fuer-die-versorgung-der-toilettenspuelung-anschliessen-was-ist-mit-meiner-waschmaschine\/"},"wordCount":606,"publisher":{"@id":"https:\/\/blog.maciterneecolo.fr\/de\/#organization"},"image":{"@id":"https:\/\/blog.maciterneecolo.fr\/de\/kann-ich-meinen-flexiblen-tank-fuer-die-versorgung-der-toilettenspuelung-anschliessen-was-ist-mit-meiner-waschmaschine\/#primaryimage"},"thumbnailUrl":"https:\/\/blog.maciterneecolo.fr\/wp-content\/uploads\/2023\/03\/pexels-karolina-grabowska-4239015-scaled.jpg","keywords":["Artikel","flexibler Tank","Gesetzgebungen","Regelungen","Regenwasser","Waschmaschine","wc"],"articleSection":["Flexible Tanks"],"inLanguage":"de"},{"@type":"WebPage","@id":"https:\/\/blog.maciterneecolo.fr\/de\/kann-ich-meinen-flexiblen-tank-fuer-die-versorgung-der-toilettenspuelung-anschliessen-was-ist-mit-meiner-waschmaschine\/","url":"https:\/\/blog.maciterneecolo.fr\/de\/kann-ich-meinen-flexiblen-tank-fuer-die-versorgung-der-toilettenspuelung-anschliessen-was-ist-mit-meiner-waschmaschine\/","name":"Kann ich mein WC und die Waschmaschine mit Regenwasser versorgen?","isPartOf":{"@id":"https:\/\/blog.maciterneecolo.fr\/de\/#website"},"primaryImageOfPage":{"@id":"https:\/\/blog.maciterneecolo.fr\/de\/kann-ich-meinen-flexiblen-tank-fuer-die-versorgung-der-toilettenspuelung-anschliessen-was-ist-mit-meiner-waschmaschine\/#primaryimage"},"image":{"@id":"https:\/\/blog.maciterneecolo.fr\/de\/kann-ich-meinen-flexiblen-tank-fuer-die-versorgung-der-toilettenspuelung-anschliessen-was-ist-mit-meiner-waschmaschine\/#primaryimage"},"thumbnailUrl":"https:\/\/blog.maciterneecolo.fr\/wp-content\/uploads\/2023\/03\/pexels-karolina-grabowska-4239015-scaled.jpg","datePublished":"2023-03-22T12:27:27+00:00","dateModified":"2023-07-28T09:11:49+00:00","description":"Anschluss einer flexiblen Zisterne an WC und Waschmaschine: Was das Gesetz \u00fcber die Nutzung von Regenwasser sagt.","breadcrumb":{"@id":"https:\/\/blog.maciterneecolo.fr\/de\/kann-ich-meinen-flexiblen-tank-fuer-die-versorgung-der-toilettenspuelung-anschliessen-was-ist-mit-meiner-waschmaschine\/#breadcrumb"},"inLanguage":"de","potentialAction":[{"@type":"ReadAction","target":["https:\/\/blog.maciterneecolo.fr\/de\/kann-ich-meinen-flexiblen-tank-fuer-die-versorgung-der-toilettenspuelung-anschliessen-was-ist-mit-meiner-waschmaschine\/"]}]},{"@type":"ImageObject","inLanguage":"de","@id":"https:\/\/blog.maciterneecolo.fr\/de\/kann-ich-meinen-flexiblen-tank-fuer-die-versorgung-der-toilettenspuelung-anschliessen-was-ist-mit-meiner-waschmaschine\/#primaryimage","url":"https:\/\/blog.maciterneecolo.fr\/wp-content\/uploads\/2023\/03\/pexels-karolina-grabowska-4239015-scaled.jpg","contentUrl":"https:\/\/blog.maciterneecolo.fr\/wp-content\/uploads\/2023\/03\/pexels-karolina-grabowska-4239015-scaled.jpg","width":2560,"height":1707,"caption":"R\u00e9cup\u00e9rez vos eaux de pluie pour alimenter vos toilettes et votre lave-linge"},{"@type":"BreadcrumbList","@id":"https:\/\/blog.maciterneecolo.fr\/de\/kann-ich-meinen-flexiblen-tank-fuer-die-versorgung-der-toilettenspuelung-anschliessen-was-ist-mit-meiner-waschmaschine\/#breadcrumb","itemListElement":[{"@type":"ListItem","position":1,"name":"Accueil","item":"https:\/\/blog.maciterneecolo.fr\/de\/"},{"@type":"ListItem","position":2,"name":"Kann ich meinen flexiblen Tank f\u00fcr die Versorgung der Toilettensp\u00fclung anschlie\u00dfen? was ist mit meiner Waschmaschine?"}]},{"@type":"WebSite","@id":"https:\/\/blog.maciterneecolo.fr\/de\/#website","url":"https:\/\/blog.maciterneecolo.fr\/de\/","name":"Blog Ma Citerne Ecolo","description":"Leader dans le domaine de la citerne souple d&#039;eau de pluie","publisher":{"@id":"https:\/\/blog.maciterneecolo.fr\/de\/#organization"},"potentialAction":[{"@type":"SearchAction","target":{"@type":"EntryPoint","urlTemplate":"https:\/\/blog.maciterneecolo.fr\/de\/?s={search_term_string}"},"query-input":{"@type":"PropertyValueSpecification","valueRequired":true,"valueName":"search_term_string"}}],"inLanguage":"de"},{"@type":"Organization","@id":"https:\/\/blog.maciterneecolo.fr\/de\/#organization","name":"Blog Ma Citerne Ecolo","url":"https:\/\/blog.maciterneecolo.fr\/de\/","logo":{"@type":"ImageObject","inLanguage":"de","@id":"https:\/\/blog.maciterneecolo.fr\/de\/#\/schema\/logo\/image\/","url":"https:\/\/blog.maciterneecolo.fr\/wp-content\/uploads\/2022\/12\/cropped-favicon-blog.png","contentUrl":"https:\/\/blog.maciterneecolo.fr\/wp-content\/uploads\/2022\/12\/cropped-favicon-blog.png","width":512,"height":512,"caption":"Blog Ma Citerne Ecolo"},"image":{"@id":"https:\/\/blog.maciterneecolo.fr\/de\/#\/schema\/logo\/image\/"}},{"@type":"Person","@id":"https:\/\/blog.maciterneecolo.fr\/de\/#\/schema\/person\/5155970109fa48d9d3d76c40bba36979","name":"Alexis DANG","image":{"@type":"ImageObject","inLanguage":"de","@id":"https:\/\/secure.gravatar.com\/avatar\/24c2478f0bab29db5e937d0340f0c4cac15d0b1d9a9adf0853c6bf3f9d885c94?s=96&d=mm&r=g","url":"https:\/\/secure.gravatar.com\/avatar\/24c2478f0bab29db5e937d0340f0c4cac15d0b1d9a9adf0853c6bf3f9d885c94?s=96&d=mm&r=g","contentUrl":"https:\/\/secure.gravatar.com\/avatar\/24c2478f0bab29db5e937d0340f0c4cac15d0b1d9a9adf0853c6bf3f9d885c94?s=96&d=mm&r=g","caption":"Alexis DANG"},"url":"https:\/\/blog.maciterneecolo.fr\/de\/author\/alexis-dang\/"}]}},"_links":{"self":[{"href":"https:\/\/blog.maciterneecolo.fr\/de\/wp-json\/wp\/v2\/posts\/6360","targetHints":{"allow":["GET"]}}],"collection":[{"href":"https:\/\/blog.maciterneecolo.fr\/de\/wp-json\/wp\/v2\/posts"}],"about":[{"href":"https:\/\/blog.maciterneecolo.fr\/de\/wp-json\/wp\/v2\/types\/post"}],"author":[{"embeddable":true,"href":"https:\/\/blog.maciterneecolo.fr\/de\/wp-json\/wp\/v2\/users\/5"}],"replies":[{"embeddable":true,"href":"https:\/\/blog.maciterneecolo.fr\/de\/wp-json\/wp\/v2\/comments?post=6360"}],"version-history":[{"count":6,"href":"https:\/\/blog.maciterneecolo.fr\/de\/wp-json\/wp\/v2\/posts\/6360\/revisions"}],"predecessor-version":[{"id":7575,"href":"https:\/\/blog.maciterneecolo.fr\/de\/wp-json\/wp\/v2\/posts\/6360\/revisions\/7575"}],"wp:featuredmedia":[{"embeddable":true,"href":"https:\/\/blog.maciterneecolo.fr\/de\/wp-json\/wp\/v2\/media\/6114"}],"wp:attachment":[{"href":"https:\/\/blog.maciterneecolo.fr\/de\/wp-json\/wp\/v2\/media?parent=6360"}],"wp:term":[{"taxonomy":"category","embeddable":true,"href":"https:\/\/blog.maciterneecolo.fr\/de\/wp-json\/wp\/v2\/categories?post=6360"},{"taxonomy":"post_tag","embeddable":true,"href":"https:\/\/blog.maciterneecolo.fr\/de\/wp-json\/wp\/v2\/tags?post=6360"}],"curies":[{"name":"wp","href":"https:\/\/api.w.org\/{rel}","templated":true}]}}