{"id":11924,"date":"2023-05-15T13:50:24","date_gmt":"2023-05-15T13:50:24","guid":{"rendered":"https:\/\/blog.maciterneecolo.fr\/como-podemos-evitar-las-restricciones-de-agua-potable-en-2024\/"},"modified":"2024-09-03T14:48:46","modified_gmt":"2024-09-03T14:48:46","slug":"como-podemos-evitar-las-restricciones-de-agua-potable-en-2024","status":"publish","type":"post","link":"https:\/\/blog.maciterneecolo.fr\/es\/como-podemos-evitar-las-restricciones-de-agua-potable-en-2024\/","title":{"rendered":"\u00bfC\u00f3mo podemos evitar las restricciones de agua potable en 2024?"},"content":{"rendered":"\n<p>  En Francia, la gesti\u00f3n del agua es una de las principales preocupaciones, entre otras cosas por los problemas recurrentes de <strong>sequ\u00eda<\/strong>.\nEste a\u00f1o en concreto, el pa\u00eds se enfrenta a una situaci\u00f3n <strong>cr\u00edtica<\/strong> en materia de recursos h\u00eddricos.\nEsto ha llevado a la introducci\u00f3n de restricciones estrictas en muchas regiones francesas.\nEn este contexto, el uso de <a href=\"https:\/\/www.maciterneecolo.fr\/es\/3-citernes-souples\" target=\"_blank\" rel=\"noreferrer noopener\">cisternas<\/a> flexibles parece ser una <strong>soluci\u00f3n<\/strong> ingeniosa y <strong>barata<\/strong>.\nPara <strong>hacer frente a las restricciones de agua y a la sequ\u00eda<\/strong>, es esencial aprender a recuperar el agua de lluvia.      <\/p>\n\n<h2 class=\"wp-block-heading\">Motivos de las restricciones de agua en Francia  <\/h2>\n\n<h3 class=\"wp-block-heading\">1- Sequ\u00eda, reducci\u00f3n de las precipitaciones y cambio clim\u00e1tico  <\/h3>\n\n<p>  Los fen\u00f3menos meteorol\u00f3gicos extremos, como <strong>las olas de calor<\/strong> y los <strong>periodos<\/strong> prolongados <strong>de sequ\u00eda<\/strong>, son cada vez m\u00e1s <strong>frecuentes<\/strong> en Francia.\nDurante mucho tiempo, estos fen\u00f3menos se limitaron a las regiones meridionales debido a su clima naturalmente seco, pero ahora <strong>afectan a todas las regiones de Francia<\/strong>.\nEstos fen\u00f3menos se ven exacerbados por <strong>el calentamiento global<\/strong>, que provoca una <strong>reducci\u00f3n de las precipitaciones y un aumento de la evaporaci\u00f3n<\/strong>.\nLas precipitaciones tambi\u00e9n son insuficientes para reponer las reservas de agua (capas fre\u00e1ticas, embalses, etc.), lo que provoca un descenso significativo de las reservas de agua disponibles y a menudo da lugar a restricciones de agua, cuyo \u00fanico objetivo es preservar los recursos restantes.     <\/p>\n<div class=\"wp-block-image\">\n<figure class=\"aligncenter size-full is-resized\"><img fetchpriority=\"high\" decoding=\"async\" src=\"https:\/\/blog.maciterneecolo.fr\/wp-content\/uploads\/2023\/05\/Restrictions-info-secheresse.png\" alt=\"Tarjeta informativa sobre la sequ&#xED;a y el estado de la capa fre&#xE1;tica\" class=\"wp-image-6790\" width=\"632\" height=\"632\" title=\"Mapa del estado de las aguas subterr&#xE1;neas\" srcset=\"https:\/\/blog.maciterneecolo.fr\/wp-content\/uploads\/2023\/05\/Restrictions-info-secheresse.png 1000w, https:\/\/blog.maciterneecolo.fr\/wp-content\/uploads\/2023\/05\/Restrictions-info-secheresse-300x300.png 300w, https:\/\/blog.maciterneecolo.fr\/wp-content\/uploads\/2023\/05\/Restrictions-info-secheresse-150x150.png 150w, https:\/\/blog.maciterneecolo.fr\/wp-content\/uploads\/2023\/05\/Restrictions-info-secheresse-768x768.png 768w\" sizes=\"(max-width: 632px) 100vw, 632px\" \/><\/figure>\n<\/div>\n<h3 class=\"wp-block-heading\">2- Consumo excesivo y aumento de la demanda de agua potable  <\/h3>\n\n<p>     <strong>El aumento de la demanda de agua<\/strong> es otra de <strong>las principales causas de las<\/strong> restricciones.\nEl <strong>crecimiento demogr\u00e1fico<\/strong> y las <strong>actividades humanas<\/strong>, sobre todo la agricultura y la industria intensivas, contribuyen a aumentar el consumo de agua.\nEsta presi\u00f3n sobre los recursos h\u00eddricos limita la disponibilidad de este recurso esencial.\nEn consecuencia, las restricciones de agua parecen ser una soluci\u00f3n para evitar la escasez de agua.     <\/p>\n\n<h3 class=\"wp-block-heading\">3- Protecci\u00f3n del medio ambiente  <\/h3>\n\n<p>  Aplicar restricciones de agua tambi\u00e9n ayuda a preservar el ecosistema y la biodiversidad de una regi\u00f3n afectada por la sequ\u00eda.\nAl restringir el uso del agua, evitamos empobrecer los ecosistemas y da\u00f1ar la flora y la fauna que dependen de ellos.\nLos ecosistemas acu\u00e1ticos, por ejemplo, necesitan un determinado caudal de agua para mantener su equilibrio.    <\/p>\n\n<p>  En muchos casos, las restricciones de agua forman parte de la gesti\u00f3n sostenible del agua y permiten hacer frente a todos estos fen\u00f3menos.  <\/p>\n\n<h2 class=\"wp-block-heading\">Las regiones m\u00e1s afectadas por las restricciones de agua en 2023.  <\/h2>\n<div class=\"wp-block-image\">\n<figure class=\"aligncenter size-large\"><img decoding=\"async\" width=\"1024\" height=\"715\" src=\"https:\/\/blog.maciterneecolo.fr\/wp-content\/uploads\/2023\/05\/Capture-decran-2023-05-15-152147-1024x715.png\" alt=\"Mapa Propluvia de las restricciones del uso del agua en Francia\" class=\"wp-image-6808\" title=\"Mapa de &#xF3;rdenes de 15 de mayo de 2023\" srcset=\"https:\/\/blog.maciterneecolo.fr\/wp-content\/uploads\/2023\/05\/Capture-decran-2023-05-15-152147-1024x715.png 1024w, https:\/\/blog.maciterneecolo.fr\/wp-content\/uploads\/2023\/05\/Capture-decran-2023-05-15-152147-300x210.png 300w, https:\/\/blog.maciterneecolo.fr\/wp-content\/uploads\/2023\/05\/Capture-decran-2023-05-15-152147-768x536.png 768w, https:\/\/blog.maciterneecolo.fr\/wp-content\/uploads\/2023\/05\/Capture-decran-2023-05-15-152147.png 1217w\" sizes=\"(max-width: 1024px) 100vw, 1024px\" \/><\/figure>\n<\/div>\n<p>  En 2023, <strong>varias regiones<\/strong> de <strong>Francia<\/strong> se vieron especialmente afectadas por restricciones de agua debidas a una sequ\u00eda persistente.\nEntre ellas figuran :   <\/p>\n\n<h3 class=\"wp-block-heading\">1. La regi\u00f3n Provenza-Alpes-Costa Azul.  <\/h3>\n\n<p>  Conocida por su clima mediterr\u00e1neo, la regi\u00f3n ha sufrido duramente las consecuencias de la sequ\u00eda.\nLas reservas de agua est\u00e1n bajo m\u00ednimos y los r\u00edos se han secado.\nLos agricultores a menudo han tenido dificultades para regar sus cultivos.    <\/p>\n\n<h3 class=\"wp-block-heading\">2. La regi\u00f3n de Occitanie.  <\/h3>\n\n<p>  Afectada por periodos prolongados de sequ\u00eda.\nLas restricciones de agua son frecuentes, sobre todo en los departamentos de H\u00e9rault y Gard.\nSon zonas en las que las reservas de agua est\u00e1n muy mermadas.    <\/p>\n\n<h3 class=\"wp-block-heading\">3. La regi\u00f3n de Nouvelle-Aquitaine.  <\/h3>\n\n<p>  Los r\u00edos y las capas fre\u00e1ticas han sufrido un alarmante descenso del nivel del agua.\nEsto ha llevado a imponer restricciones para preservar los recursos restantes y evitar el riesgo de escasez de agua.   <\/p>\n\n<h3 class=\"wp-block-heading\">4. Regi\u00f3n de Auvernia-R\u00f3dano-Alpes.  <\/h3>\n\n<p>  Aunque esta regi\u00f3n es conocida por sus numerosos lagos y r\u00edos, la sequ\u00eda no la ha perdonado.\nEl nivel de los r\u00edos ha descendido, lo que ha provocado restricciones en el uso del agua para actividades agr\u00edcolas, industriales y dom\u00e9sticas.   <\/p>\n\n<h3 class=\"wp-block-heading\">5. Regi\u00f3n \u00cele-de-France  <\/h3>\n\n<p>  Las reservas de agua subterr\u00e1nea, que abastecen a gran parte de la regi\u00f3n, se han visto sometidas a una dura prueba en los dos \u00faltimos a\u00f1os.\nPor ello, se han puesto en marcha medidas para limitar el uso del agua.   <\/p>\n\n<h2 class=\"wp-block-heading\">El uso de dep\u00f3sitos flexibles para compensar las restricciones de agua  <\/h2>\n\n<p> <strong>La sequ\u00eda<\/strong> tiene <strong>graves<\/strong> consecuencias para el<strong>medio ambiente<\/strong>, la<strong>agricultura<\/strong> y <strong>las personas<\/strong>.\nLos ecosistemas naturales, como r\u00edos y lagos, sufren el agotamiento de las reservas de agua.\nEsto afecta a la biodiversidad y a los ecosistemas acu\u00e1ticos.\nLos agricultores tambi\u00e9n se ven duramente afectados por la sequ\u00eda.\nA veces da\u00f1an sus cultivos y las cosechas resultantes.\nPor \u00faltimo, los particulares y los municipios se ven obligados a limitar su consumo de agua.\nEsto puede provocar dificultades en las tareas cotidianas.        <\/p>\n\n<h3 class=\"wp-block-heading\">La soluci\u00f3n  <\/h3>\n\n<p>  Ante estos retos, el uso de <a href=\"https:\/\/www.maciterneecolo.fr\/fr\/\" target=\"_blank\" rel=\"noreferrer noopener\">dep\u00f3sitos flexibles para recoger agua<\/a> ofrece una soluci\u00f3n pr\u00e1ctica y eficaz.\nEstas cisternas est\u00e1n dise\u00f1adas para <strong>recoger y almacenar el agua de lluvia<\/strong>, ayudando a <strong>preservar<\/strong> este precioso recurso.\nInstalando una cisterna flexible en tu jard\u00edn, bajo tu terraza o en tu entretecho, puedes recoger el agua de lluvia que cae sobre el tejado de tu casa durante los periodos de precipitaciones y <strong>utilizarla despu\u00e9s<\/strong> para regar tus plantas, limpiar tu casa o realizar otras tareas dom\u00e9sticas.\nEs una forma excelente de almacenar el agua de lluvia de forma sostenible y <strong>reducir la dependencia del agua potable<\/strong> de la red p\u00fablica.\nAl equiparte con un <a href=\"https:\/\/www.maciterneecolo.fr\/es\/3-citernes-souples\" target=\"_blank\" rel=\"noreferrer noopener\">dep\u00f3sito de agua flexible<\/a>, <strong>contribuyes a proteger el medio ambiente<\/strong>.      <\/p>\n\n<h3 class=\"wp-block-heading\">Los beneficios  <\/h3>\n\n<p>  Los dep\u00f3sitos flexibles tienen la ventaja de ser <strong>baratos<\/strong> y <strong>f\u00e1ciles de instalar<\/strong>.\nA diferencia de otros sistemas de recogida de agua de lluvia, como los dep\u00f3sitos enterrados, no es necesario realizar costosos movimientos de tierra.\nLo \u00fanico que tienes que hacer es instalar un <strong>colector de canalones<\/strong> en tus bajantes para desviar el agua de \u00e9stos a tu dep\u00f3sito flexible.    <\/p>\n\n<p>  Por tanto, las cisternas flexibles ayudan a <strong>reducir el consumo de agua<\/strong> potable, que a menudo se desperdicia en tareas que no requieren agua potable.\nUtilizando agua de lluvia, puedes reducir <strong>a la mitad<\/strong> el consumo de agua potable.   <\/p>\n\n<figure class=\"wp-block-embed is-type-video is-provider-youtube wp-block-embed-youtube wp-embed-aspect-16-9 wp-has-aspect-ratio\"><div class=\"wp-block-embed__wrapper\"> \n<iframe title=\"Comment installer une citerne souple pour le stockage des eaux de pluies? Guide complet TUTO \ud83d\udca7\" width=\"800\" height=\"450\" src=\"https:\/\/www.youtube.com\/embed\/2-Sg5d7a_dg?feature=oembed\" frameborder=\"0\" allow=\"accelerometer; autoplay; clipboard-write; encrypted-media; gyroscope; picture-in-picture; web-share\" referrerpolicy=\"strict-origin-when-cross-origin\" allowfullscreen><\/iframe>\n <\/div><\/figure>\n\n<h2 class=\"wp-block-heading\">Conclusi\u00f3n  <\/h2>\n\n<p>  Francia se enfrenta a restricciones de agua cada vez m\u00e1s frecuentes debido a la persistente sequ\u00eda.\nEn este contexto, encontrar soluciones a la escasez de agua se ha convertido en algo esencial.\nLas cisternas flexibles son una soluci\u00f3n pr\u00e1ctica y econ\u00f3mica para recuperar el agua de lluvia y reducir el consumo de agua potable.\nPermiten limitar el impacto de la sequ\u00eda y respetar las restricciones de agua, al tiempo que suponen un ahorro importante en las facturas.     <\/p>\n\n<p>Si quieres m\u00e1s informaci\u00f3n sobre las cisternas flexibles, ponte en contacto con nosotros o lee los distintos art\u00edculos que hemos escrito <a href=\"https:\/\/blog.maciterneecolo.fr\/es\/\" target=\"_blank\" rel=\"noreferrer noopener\">aqu\u00ed<\/a>.<\/p>\n","protected":false},"excerpt":{"rendered":"<p>En Francia, la gesti\u00f3n del agua es una de las principales preocupaciones, entre otras cosas por los problemas recurrentes de sequ\u00eda. Este a\u00f1o en concreto, el pa\u00eds se enfrenta a una situaci\u00f3n cr\u00edtica en materia de recursos h\u00eddricos. Esto ha llevado a la introducci\u00f3n de restricciones estrictas en muchas regiones francesas. En este contexto, el [&hellip;]<\/p>\n","protected":false},"author":5,"featured_media":6844,"comment_status":"closed","ping_status":"closed","sticky":false,"template":"","format":"standard","meta":{"inline_featured_image":false,"footnotes":""},"categories":[86],"tags":[326,2318,69],"class_list":["post-11924","post","type-post","status-publish","format-standard","has-post-thumbnail","hentry","category-depositos-flexibles","tag-agua-es","tag-restriccion","tag-tanque-flexible"],"yoast_head":"<!-- This site is optimized with the Yoast SEO plugin v27.4 - https:\/\/yoast.com\/product\/yoast-seo-wordpress\/ -->\n<title>\u00bfC\u00f3mo evitar las restricciones de agua potable en 2023?<\/title>\n<meta name=\"description\" content=\"\u00bfC\u00f3mo puedes evitar las restricciones actuales y futuras del agua potable en 2023? Aqu\u00ed tienes una gu\u00eda que te ayudar\u00e1:\" \/>\n<meta name=\"robots\" content=\"index, follow, max-snippet:-1, max-image-preview:large, max-video-preview:-1\" \/>\n<link rel=\"canonical\" href=\"https:\/\/blog.maciterneecolo.fr\/es\/como-podemos-evitar-las-restricciones-de-agua-potable-en-2024\/\" \/>\n<meta property=\"og:locale\" content=\"es_ES\" \/>\n<meta property=\"og:type\" content=\"article\" \/>\n<meta property=\"og:title\" content=\"\u00bfC\u00f3mo evitar las restricciones de agua potable en 2023?\" \/>\n<meta property=\"og:description\" content=\"\u00bfC\u00f3mo puedes evitar las restricciones actuales y futuras del agua potable en 2023? Aqu\u00ed tienes una gu\u00eda que te ayudar\u00e1:\" \/>\n<meta property=\"og:url\" content=\"https:\/\/blog.maciterneecolo.fr\/es\/como-podemos-evitar-las-restricciones-de-agua-potable-en-2024\/\" \/>\n<meta property=\"og:site_name\" content=\"Blog Ma Citerne Ecolo\" \/>\n<meta property=\"article:published_time\" content=\"2023-05-15T13:50:24+00:00\" \/>\n<meta property=\"article:modified_time\" content=\"2024-09-03T14:48:46+00:00\" \/>\n<meta property=\"og:image\" content=\"https:\/\/blog.maciterneecolo.fr\/wp-content\/uploads\/2023\/05\/mairie-de-muret-actualites-alerte-secheresse-restrictions-d-eau-7c827d96.jpeg\" \/>\n\t<meta property=\"og:image:width\" content=\"800\" \/>\n\t<meta property=\"og:image:height\" content=\"500\" \/>\n\t<meta property=\"og:image:type\" content=\"image\/jpeg\" \/>\n<meta name=\"author\" content=\"Alexis DANG\" \/>\n<meta name=\"twitter:card\" content=\"summary_large_image\" \/>\n<meta name=\"twitter:label1\" content=\"Escrito por\" \/>\n\t<meta name=\"twitter:data1\" content=\"Alexis DANG\" \/>\n\t<meta name=\"twitter:label2\" content=\"Tiempo de lectura\" \/>\n\t<meta name=\"twitter:data2\" content=\"6 minutos\" \/>\n<script type=\"application\/ld+json\" class=\"yoast-schema-graph\">{\"@context\":\"https:\\\/\\\/schema.org\",\"@graph\":[{\"@type\":\"Article\",\"@id\":\"https:\\\/\\\/blog.maciterneecolo.fr\\\/es\\\/como-podemos-evitar-las-restricciones-de-agua-potable-en-2024\\\/#article\",\"isPartOf\":{\"@id\":\"https:\\\/\\\/blog.maciterneecolo.fr\\\/es\\\/como-podemos-evitar-las-restricciones-de-agua-potable-en-2024\\\/\"},\"author\":{\"name\":\"Alexis DANG\",\"@id\":\"https:\\\/\\\/blog.maciterneecolo.fr\\\/es\\\/#\\\/schema\\\/person\\\/5155970109fa48d9d3d76c40bba36979\"},\"headline\":\"\u00bfC\u00f3mo podemos evitar las restricciones de agua potable en 2024?\",\"datePublished\":\"2023-05-15T13:50:24+00:00\",\"dateModified\":\"2024-09-03T14:48:46+00:00\",\"mainEntityOfPage\":{\"@id\":\"https:\\\/\\\/blog.maciterneecolo.fr\\\/es\\\/como-podemos-evitar-las-restricciones-de-agua-potable-en-2024\\\/\"},\"wordCount\":1146,\"publisher\":{\"@id\":\"https:\\\/\\\/blog.maciterneecolo.fr\\\/es\\\/#organization\"},\"image\":{\"@id\":\"https:\\\/\\\/blog.maciterneecolo.fr\\\/es\\\/como-podemos-evitar-las-restricciones-de-agua-potable-en-2024\\\/#primaryimage\"},\"thumbnailUrl\":\"https:\\\/\\\/blog.maciterneecolo.fr\\\/wp-content\\\/uploads\\\/2023\\\/05\\\/mairie-de-muret-actualites-alerte-secheresse-restrictions-d-eau-7c827d96.jpeg\",\"keywords\":[\"agua\",\"Restricci\u00f3n\",\"tanque flexible\"],\"articleSection\":[\"Dep\u00f3sitos flexibles\"],\"inLanguage\":\"es\"},{\"@type\":\"WebPage\",\"@id\":\"https:\\\/\\\/blog.maciterneecolo.fr\\\/es\\\/como-podemos-evitar-las-restricciones-de-agua-potable-en-2024\\\/\",\"url\":\"https:\\\/\\\/blog.maciterneecolo.fr\\\/es\\\/como-podemos-evitar-las-restricciones-de-agua-potable-en-2024\\\/\",\"name\":\"\u00bfC\u00f3mo evitar las restricciones de agua potable en 2023?\",\"isPartOf\":{\"@id\":\"https:\\\/\\\/blog.maciterneecolo.fr\\\/es\\\/#website\"},\"primaryImageOfPage\":{\"@id\":\"https:\\\/\\\/blog.maciterneecolo.fr\\\/es\\\/como-podemos-evitar-las-restricciones-de-agua-potable-en-2024\\\/#primaryimage\"},\"image\":{\"@id\":\"https:\\\/\\\/blog.maciterneecolo.fr\\\/es\\\/como-podemos-evitar-las-restricciones-de-agua-potable-en-2024\\\/#primaryimage\"},\"thumbnailUrl\":\"https:\\\/\\\/blog.maciterneecolo.fr\\\/wp-content\\\/uploads\\\/2023\\\/05\\\/mairie-de-muret-actualites-alerte-secheresse-restrictions-d-eau-7c827d96.jpeg\",\"datePublished\":\"2023-05-15T13:50:24+00:00\",\"dateModified\":\"2024-09-03T14:48:46+00:00\",\"description\":\"\u00bfC\u00f3mo puedes evitar las restricciones actuales y futuras del agua potable en 2023? Aqu\u00ed tienes una gu\u00eda que te ayudar\u00e1:\",\"breadcrumb\":{\"@id\":\"https:\\\/\\\/blog.maciterneecolo.fr\\\/es\\\/como-podemos-evitar-las-restricciones-de-agua-potable-en-2024\\\/#breadcrumb\"},\"inLanguage\":\"es\",\"potentialAction\":[{\"@type\":\"ReadAction\",\"target\":[\"https:\\\/\\\/blog.maciterneecolo.fr\\\/es\\\/como-podemos-evitar-las-restricciones-de-agua-potable-en-2024\\\/\"]}]},{\"@type\":\"ImageObject\",\"inLanguage\":\"es\",\"@id\":\"https:\\\/\\\/blog.maciterneecolo.fr\\\/es\\\/como-podemos-evitar-las-restricciones-de-agua-potable-en-2024\\\/#primaryimage\",\"url\":\"https:\\\/\\\/blog.maciterneecolo.fr\\\/wp-content\\\/uploads\\\/2023\\\/05\\\/mairie-de-muret-actualites-alerte-secheresse-restrictions-d-eau-7c827d96.jpeg\",\"contentUrl\":\"https:\\\/\\\/blog.maciterneecolo.fr\\\/wp-content\\\/uploads\\\/2023\\\/05\\\/mairie-de-muret-actualites-alerte-secheresse-restrictions-d-eau-7c827d96.jpeg\",\"width\":800,\"height\":500},{\"@type\":\"BreadcrumbList\",\"@id\":\"https:\\\/\\\/blog.maciterneecolo.fr\\\/es\\\/como-podemos-evitar-las-restricciones-de-agua-potable-en-2024\\\/#breadcrumb\",\"itemListElement\":[{\"@type\":\"ListItem\",\"position\":1,\"name\":\"Accueil\",\"item\":\"https:\\\/\\\/blog.maciterneecolo.fr\\\/es\\\/\"},{\"@type\":\"ListItem\",\"position\":2,\"name\":\"\u00bfC\u00f3mo podemos evitar las restricciones de agua potable en 2024?\"}]},{\"@type\":\"WebSite\",\"@id\":\"https:\\\/\\\/blog.maciterneecolo.fr\\\/es\\\/#website\",\"url\":\"https:\\\/\\\/blog.maciterneecolo.fr\\\/es\\\/\",\"name\":\"Blog Ma Citerne Ecolo\",\"description\":\"Leader dans le domaine de la citerne souple d&#039;eau de pluie\",\"publisher\":{\"@id\":\"https:\\\/\\\/blog.maciterneecolo.fr\\\/es\\\/#organization\"},\"potentialAction\":[{\"@type\":\"SearchAction\",\"target\":{\"@type\":\"EntryPoint\",\"urlTemplate\":\"https:\\\/\\\/blog.maciterneecolo.fr\\\/es\\\/?s={search_term_string}\"},\"query-input\":{\"@type\":\"PropertyValueSpecification\",\"valueRequired\":true,\"valueName\":\"search_term_string\"}}],\"inLanguage\":\"es\"},{\"@type\":\"Organization\",\"@id\":\"https:\\\/\\\/blog.maciterneecolo.fr\\\/es\\\/#organization\",\"name\":\"Blog Ma Citerne Ecolo\",\"url\":\"https:\\\/\\\/blog.maciterneecolo.fr\\\/es\\\/\",\"logo\":{\"@type\":\"ImageObject\",\"inLanguage\":\"es\",\"@id\":\"https:\\\/\\\/blog.maciterneecolo.fr\\\/es\\\/#\\\/schema\\\/logo\\\/image\\\/\",\"url\":\"https:\\\/\\\/blog.maciterneecolo.fr\\\/wp-content\\\/uploads\\\/2022\\\/12\\\/cropped-favicon-blog.png\",\"contentUrl\":\"https:\\\/\\\/blog.maciterneecolo.fr\\\/wp-content\\\/uploads\\\/2022\\\/12\\\/cropped-favicon-blog.png\",\"width\":512,\"height\":512,\"caption\":\"Blog Ma Citerne Ecolo\"},\"image\":{\"@id\":\"https:\\\/\\\/blog.maciterneecolo.fr\\\/es\\\/#\\\/schema\\\/logo\\\/image\\\/\"}},{\"@type\":\"Person\",\"@id\":\"https:\\\/\\\/blog.maciterneecolo.fr\\\/es\\\/#\\\/schema\\\/person\\\/5155970109fa48d9d3d76c40bba36979\",\"name\":\"Alexis DANG\",\"image\":{\"@type\":\"ImageObject\",\"inLanguage\":\"es\",\"@id\":\"https:\\\/\\\/secure.gravatar.com\\\/avatar\\\/24c2478f0bab29db5e937d0340f0c4cac15d0b1d9a9adf0853c6bf3f9d885c94?s=96&d=mm&r=g\",\"url\":\"https:\\\/\\\/secure.gravatar.com\\\/avatar\\\/24c2478f0bab29db5e937d0340f0c4cac15d0b1d9a9adf0853c6bf3f9d885c94?s=96&d=mm&r=g\",\"contentUrl\":\"https:\\\/\\\/secure.gravatar.com\\\/avatar\\\/24c2478f0bab29db5e937d0340f0c4cac15d0b1d9a9adf0853c6bf3f9d885c94?s=96&d=mm&r=g\",\"caption\":\"Alexis DANG\"},\"url\":\"https:\\\/\\\/blog.maciterneecolo.fr\\\/es\\\/author\\\/alexis-dang\\\/\"}]}<\/script>\n<!-- \/ Yoast SEO plugin. -->","yoast_head_json":{"title":"\u00bfC\u00f3mo evitar las restricciones de agua potable en 2023?","description":"\u00bfC\u00f3mo puedes evitar las restricciones actuales y futuras del agua potable en 2023? Aqu\u00ed tienes una gu\u00eda que te ayudar\u00e1:","robots":{"index":"index","follow":"follow","max-snippet":"max-snippet:-1","max-image-preview":"max-image-preview:large","max-video-preview":"max-video-preview:-1"},"canonical":"https:\/\/blog.maciterneecolo.fr\/es\/como-podemos-evitar-las-restricciones-de-agua-potable-en-2024\/","og_locale":"es_ES","og_type":"article","og_title":"\u00bfC\u00f3mo evitar las restricciones de agua potable en 2023?","og_description":"\u00bfC\u00f3mo puedes evitar las restricciones actuales y futuras del agua potable en 2023? Aqu\u00ed tienes una gu\u00eda que te ayudar\u00e1:","og_url":"https:\/\/blog.maciterneecolo.fr\/es\/como-podemos-evitar-las-restricciones-de-agua-potable-en-2024\/","og_site_name":"Blog Ma Citerne Ecolo","article_published_time":"2023-05-15T13:50:24+00:00","article_modified_time":"2024-09-03T14:48:46+00:00","og_image":[{"width":800,"height":500,"url":"https:\/\/blog.maciterneecolo.fr\/wp-content\/uploads\/2023\/05\/mairie-de-muret-actualites-alerte-secheresse-restrictions-d-eau-7c827d96.jpeg","type":"image\/jpeg"}],"author":"Alexis DANG","twitter_card":"summary_large_image","twitter_misc":{"Escrito por":"Alexis DANG","Tiempo de lectura":"6 minutos"},"schema":{"@context":"https:\/\/schema.org","@graph":[{"@type":"Article","@id":"https:\/\/blog.maciterneecolo.fr\/es\/como-podemos-evitar-las-restricciones-de-agua-potable-en-2024\/#article","isPartOf":{"@id":"https:\/\/blog.maciterneecolo.fr\/es\/como-podemos-evitar-las-restricciones-de-agua-potable-en-2024\/"},"author":{"name":"Alexis DANG","@id":"https:\/\/blog.maciterneecolo.fr\/es\/#\/schema\/person\/5155970109fa48d9d3d76c40bba36979"},"headline":"\u00bfC\u00f3mo podemos evitar las restricciones de agua potable en 2024?","datePublished":"2023-05-15T13:50:24+00:00","dateModified":"2024-09-03T14:48:46+00:00","mainEntityOfPage":{"@id":"https:\/\/blog.maciterneecolo.fr\/es\/como-podemos-evitar-las-restricciones-de-agua-potable-en-2024\/"},"wordCount":1146,"publisher":{"@id":"https:\/\/blog.maciterneecolo.fr\/es\/#organization"},"image":{"@id":"https:\/\/blog.maciterneecolo.fr\/es\/como-podemos-evitar-las-restricciones-de-agua-potable-en-2024\/#primaryimage"},"thumbnailUrl":"https:\/\/blog.maciterneecolo.fr\/wp-content\/uploads\/2023\/05\/mairie-de-muret-actualites-alerte-secheresse-restrictions-d-eau-7c827d96.jpeg","keywords":["agua","Restricci\u00f3n","tanque flexible"],"articleSection":["Dep\u00f3sitos flexibles"],"inLanguage":"es"},{"@type":"WebPage","@id":"https:\/\/blog.maciterneecolo.fr\/es\/como-podemos-evitar-las-restricciones-de-agua-potable-en-2024\/","url":"https:\/\/blog.maciterneecolo.fr\/es\/como-podemos-evitar-las-restricciones-de-agua-potable-en-2024\/","name":"\u00bfC\u00f3mo evitar las restricciones de agua potable en 2023?","isPartOf":{"@id":"https:\/\/blog.maciterneecolo.fr\/es\/#website"},"primaryImageOfPage":{"@id":"https:\/\/blog.maciterneecolo.fr\/es\/como-podemos-evitar-las-restricciones-de-agua-potable-en-2024\/#primaryimage"},"image":{"@id":"https:\/\/blog.maciterneecolo.fr\/es\/como-podemos-evitar-las-restricciones-de-agua-potable-en-2024\/#primaryimage"},"thumbnailUrl":"https:\/\/blog.maciterneecolo.fr\/wp-content\/uploads\/2023\/05\/mairie-de-muret-actualites-alerte-secheresse-restrictions-d-eau-7c827d96.jpeg","datePublished":"2023-05-15T13:50:24+00:00","dateModified":"2024-09-03T14:48:46+00:00","description":"\u00bfC\u00f3mo puedes evitar las restricciones actuales y futuras del agua potable en 2023? Aqu\u00ed tienes una gu\u00eda que te ayudar\u00e1:","breadcrumb":{"@id":"https:\/\/blog.maciterneecolo.fr\/es\/como-podemos-evitar-las-restricciones-de-agua-potable-en-2024\/#breadcrumb"},"inLanguage":"es","potentialAction":[{"@type":"ReadAction","target":["https:\/\/blog.maciterneecolo.fr\/es\/como-podemos-evitar-las-restricciones-de-agua-potable-en-2024\/"]}]},{"@type":"ImageObject","inLanguage":"es","@id":"https:\/\/blog.maciterneecolo.fr\/es\/como-podemos-evitar-las-restricciones-de-agua-potable-en-2024\/#primaryimage","url":"https:\/\/blog.maciterneecolo.fr\/wp-content\/uploads\/2023\/05\/mairie-de-muret-actualites-alerte-secheresse-restrictions-d-eau-7c827d96.jpeg","contentUrl":"https:\/\/blog.maciterneecolo.fr\/wp-content\/uploads\/2023\/05\/mairie-de-muret-actualites-alerte-secheresse-restrictions-d-eau-7c827d96.jpeg","width":800,"height":500},{"@type":"BreadcrumbList","@id":"https:\/\/blog.maciterneecolo.fr\/es\/como-podemos-evitar-las-restricciones-de-agua-potable-en-2024\/#breadcrumb","itemListElement":[{"@type":"ListItem","position":1,"name":"Accueil","item":"https:\/\/blog.maciterneecolo.fr\/es\/"},{"@type":"ListItem","position":2,"name":"\u00bfC\u00f3mo podemos evitar las restricciones de agua potable en 2024?"}]},{"@type":"WebSite","@id":"https:\/\/blog.maciterneecolo.fr\/es\/#website","url":"https:\/\/blog.maciterneecolo.fr\/es\/","name":"Blog Ma Citerne Ecolo","description":"Leader dans le domaine de la citerne souple d&#039;eau de pluie","publisher":{"@id":"https:\/\/blog.maciterneecolo.fr\/es\/#organization"},"potentialAction":[{"@type":"SearchAction","target":{"@type":"EntryPoint","urlTemplate":"https:\/\/blog.maciterneecolo.fr\/es\/?s={search_term_string}"},"query-input":{"@type":"PropertyValueSpecification","valueRequired":true,"valueName":"search_term_string"}}],"inLanguage":"es"},{"@type":"Organization","@id":"https:\/\/blog.maciterneecolo.fr\/es\/#organization","name":"Blog Ma Citerne Ecolo","url":"https:\/\/blog.maciterneecolo.fr\/es\/","logo":{"@type":"ImageObject","inLanguage":"es","@id":"https:\/\/blog.maciterneecolo.fr\/es\/#\/schema\/logo\/image\/","url":"https:\/\/blog.maciterneecolo.fr\/wp-content\/uploads\/2022\/12\/cropped-favicon-blog.png","contentUrl":"https:\/\/blog.maciterneecolo.fr\/wp-content\/uploads\/2022\/12\/cropped-favicon-blog.png","width":512,"height":512,"caption":"Blog Ma Citerne Ecolo"},"image":{"@id":"https:\/\/blog.maciterneecolo.fr\/es\/#\/schema\/logo\/image\/"}},{"@type":"Person","@id":"https:\/\/blog.maciterneecolo.fr\/es\/#\/schema\/person\/5155970109fa48d9d3d76c40bba36979","name":"Alexis DANG","image":{"@type":"ImageObject","inLanguage":"es","@id":"https:\/\/secure.gravatar.com\/avatar\/24c2478f0bab29db5e937d0340f0c4cac15d0b1d9a9adf0853c6bf3f9d885c94?s=96&d=mm&r=g","url":"https:\/\/secure.gravatar.com\/avatar\/24c2478f0bab29db5e937d0340f0c4cac15d0b1d9a9adf0853c6bf3f9d885c94?s=96&d=mm&r=g","contentUrl":"https:\/\/secure.gravatar.com\/avatar\/24c2478f0bab29db5e937d0340f0c4cac15d0b1d9a9adf0853c6bf3f9d885c94?s=96&d=mm&r=g","caption":"Alexis DANG"},"url":"https:\/\/blog.maciterneecolo.fr\/es\/author\/alexis-dang\/"}]}},"_links":{"self":[{"href":"https:\/\/blog.maciterneecolo.fr\/es\/wp-json\/wp\/v2\/posts\/11924","targetHints":{"allow":["GET"]}}],"collection":[{"href":"https:\/\/blog.maciterneecolo.fr\/es\/wp-json\/wp\/v2\/posts"}],"about":[{"href":"https:\/\/blog.maciterneecolo.fr\/es\/wp-json\/wp\/v2\/types\/post"}],"author":[{"embeddable":true,"href":"https:\/\/blog.maciterneecolo.fr\/es\/wp-json\/wp\/v2\/users\/5"}],"replies":[{"embeddable":true,"href":"https:\/\/blog.maciterneecolo.fr\/es\/wp-json\/wp\/v2\/comments?post=11924"}],"version-history":[{"count":1,"href":"https:\/\/blog.maciterneecolo.fr\/es\/wp-json\/wp\/v2\/posts\/11924\/revisions"}],"predecessor-version":[{"id":11925,"href":"https:\/\/blog.maciterneecolo.fr\/es\/wp-json\/wp\/v2\/posts\/11924\/revisions\/11925"}],"wp:featuredmedia":[{"embeddable":true,"href":"https:\/\/blog.maciterneecolo.fr\/es\/wp-json\/wp\/v2\/media\/6844"}],"wp:attachment":[{"href":"https:\/\/blog.maciterneecolo.fr\/es\/wp-json\/wp\/v2\/media?parent=11924"}],"wp:term":[{"taxonomy":"category","embeddable":true,"href":"https:\/\/blog.maciterneecolo.fr\/es\/wp-json\/wp\/v2\/categories?post=11924"},{"taxonomy":"post_tag","embeddable":true,"href":"https:\/\/blog.maciterneecolo.fr\/es\/wp-json\/wp\/v2\/tags?post=11924"}],"curies":[{"name":"wp","href":"https:\/\/api.w.org\/{rel}","templated":true}]}}