{"id":12863,"date":"2024-12-02T09:00:00","date_gmt":"2024-12-02T09:00:00","guid":{"rendered":"https:\/\/blog.maciterneecolo.fr\/?p=12863"},"modified":"2024-11-28T15:22:21","modified_gmt":"2024-11-28T15:22:21","slug":"impacto-del-cambio-climatico-en-las-reservas-mundiales-de-agua","status":"publish","type":"post","link":"https:\/\/blog.maciterneecolo.fr\/es\/impacto-del-cambio-climatico-en-las-reservas-mundiales-de-agua\/","title":{"rendered":"Impacto del cambio clim\u00e1tico en las reservas mundiales de agua"},"content":{"rendered":"\n<h1 class=\"wp-block-heading\"><mark style=\"background-color:rgba(0, 0, 0, 0)\" class=\"has-inline-color has-vivid-cyan-blue-color\">Un recurso vital amenazado<\/mark><\/h1>\n\n<p>El agua es uno de los recursos m\u00e1s preciados y esenciales para la vida en la Tierra. Sin embargo, ante el cambio clim\u00e1tico, la disponibilidad y la gesti\u00f3n del agua est\u00e1n m\u00e1s que nunca en el centro de las preocupaciones mundiales. El cambio clim\u00e1tico est\u00e1 alterando el ciclo natural del agua, provocando sequ\u00edas, inundaciones y una mayor presi\u00f3n sobre las reservas mundiales de agua. En este contexto, soluciones como las <a href=\"https:\/\/www.maciterneecolo.fr\/fr\/3-citernes-souples\">cisternas flexibles<\/a>, utilizadas para recoger y almacenar agua de lluvia, est\u00e1n surgiendo como respuestas adecuadas a estos retos crecientes.   <\/p>\n\n<p>La alteraci\u00f3n del ciclo del agua tambi\u00e9n tiene un impacto directo en la salud humana, a trav\u00e9s de la propagaci\u00f3n de enfermedades relacionadas con la escasez o contaminaci\u00f3n de los recursos de agua dulce. En Europa, un reciente informe de la OMS subraya que los trastornos clim\u00e1ticos podr\u00edan empeorar la situaci\u00f3n sanitaria en pa\u00edses ya vulnerables. <\/p>\n\n<h1 class=\"wp-block-heading\"><mark style=\"background-color:rgba(0, 0, 0, 0)\" class=\"has-inline-color has-vivid-cyan-blue-color\"><strong>El cambio clim\u00e1tico y sus efectos en el ciclo del agua<\/strong><\/mark><\/h1>\n\n<p>El ciclo del agua se basa en un delicado equilibrio entre precipitaciones, evaporaci\u00f3n y almacenamiento en aguas subterr\u00e1neas, r\u00edos y lagos. El calentamiento global est\u00e1 alterando este equilibrio. Las precipitaciones son cada vez m\u00e1s irregulares, se concentran en periodos intensos o son pr\u00e1cticamente inexistentes seg\u00fan las regiones. Como consecuencia, las cuencas de agua dulce est\u00e1n sometidas a una gran presi\u00f3n.   <\/p>\n\n<p>Tomemos como ejemplo el Mediterr\u00e1neo. Estas regiones, ya marcadas por veranos secos, est\u00e1n viendo empeorar su situaci\u00f3n con un aumento de los episodios de sequ\u00eda prolongada. Al mismo tiempo, las fuertes lluvias, a menudo en forma de tormentas, est\u00e1n provocando una escorrent\u00eda excesiva, que impide que el agua se infiltre en el suelo y reponga las aguas subterr\u00e1neas. Esta doble amenaza acent\u00faa el desequilibrio entre la oferta y la demanda de agua.   <\/p>\n\n<h2 class=\"wp-block-heading\"><strong><mark style=\"background-color:rgba(0, 0, 0, 0);color:#150682\" class=\"has-inline-color\">Lagos y glaciares, dep\u00f3sitos naturales en peligro<\/mark><\/strong><\/h2>\n\n<p>Los lagos de monta\u00f1a, que desempe\u00f1an un papel crucial en el suministro de agua dulce de muchas regiones, tambi\u00e9n se est\u00e1n viendo afectados por el deshielo de los glaciares. Esto est\u00e1 reduciendo su capacidad de almacenamiento, lo que afecta a millones de personas que dependen de ellos para el riego, el agua potable y la producci\u00f3n de energ\u00eda. Como consecuencia, est\u00e1n surgiendo conflictos de uso, sobre todo entre la agricultura y las necesidades dom\u00e9sticas.  <\/p>\n\n<p>Un informe de la UNESCO destaca el impacto del cambio clim\u00e1tico en los grandes lagos de \u00c1frica, como el lago Chad, cuya superficie se ha reducido un 90% en 50 a\u00f1os. Esta p\u00e9rdida tiene consecuencias dram\u00e1ticas para la poblaci\u00f3n local, cuyo sustento depende directamente de este recurso. <\/p>\n\n<h2 class=\"wp-block-heading\"><strong><mark style=\"background-color:rgba(0, 0, 0, 0);color:#150682\" class=\"has-inline-color\">Agricultura y presi\u00f3n sobre los recursos<\/mark><\/strong><\/h2>\n\n<p>La alteraci\u00f3n del ciclo del agua tambi\u00e9n tiene un efecto domin\u00f3 en la agricultura mundial. Las tierras agr\u00edcolas son cada vez menos productivas debido a la escasez de agua o a su mala gesti\u00f3n. Esto no s\u00f3lo conlleva p\u00e9rdidas econ\u00f3micas, sino tambi\u00e9n un aumento de los riesgos para la salud de las poblaciones vulnerables, expuestas al hambre o a enfermedades transmitidas por el agua. Tambi\u00e9n en este caso, los dep\u00f3sitos flexibles de agua de lluvia son la respuesta a estos nuevos retos.     <\/p>\n\n<h1 class=\"wp-block-heading\"><strong><mark style=\"background-color:rgba(0, 0, 0, 0)\" class=\"has-inline-color has-vivid-cyan-blue-color\">Impacto directo en las reservas mundiales de agua<\/mark><\/strong><\/h1>\n\n<h2 class=\"wp-block-heading\"><strong><mark style=\"background-color:rgba(0, 0, 0, 0);color:#150682\" class=\"has-inline-color\">Agua subterr\u00e1nea bajo presi\u00f3n<\/mark><\/strong><\/h2>\n\n<p>Las aguas subterr\u00e1neas, que suministran gran parte del agua mundial, se ven directamente afectadas. Con una recarga insuficiente debida a los cambios en los reg\u00edmenes de precipitaciones, los niveles de agua subterr\u00e1nea est\u00e1n descendiendo a un ritmo alarmante. Adem\u00e1s, la agricultura, gran consumidora de agua, est\u00e1 agravando el problema al bombear cada vez m\u00e1s de estas reservas. Este fen\u00f3meno es especialmente visible en pa\u00edses como India y Pakist\u00e1n, donde la dependencia de estos recursos subterr\u00e1neos amenaza tanto la seguridad alimentaria como el suministro de agua potable.   <\/p>\n\n<p>En Europa Oriental, las reservas subterr\u00e1neas de pa\u00edses como Hungr\u00eda y Bulgaria tambi\u00e9n est\u00e1n sometidas a la presi\u00f3n del aumento de las temperaturas y la sequ\u00eda. Estos cambios clim\u00e1ticos est\u00e1n obligando a los gobiernos a poner en marcha planes de emergencia para proteger estos recursos vitales. <\/p>\n\n<p>Seg\u00fan un informe de la FAO, la agricultura de regad\u00edo consume casi el 70% de los recursos de agua dulce disponibles en el mundo. La sobreexplotaci\u00f3n de las aguas subterr\u00e1neas, combinada con los efectos del cambio clim\u00e1tico, est\u00e1 provocando una crisis del agua sin precedentes, que amenaza la seguridad alimentaria de miles de millones de personas. En Francia, cada vez m\u00e1s agricultores recurren a cisternas flexibles de gran capacidad para evitar recurrir a las aguas subterr\u00e1neas. Al igual que en los hogares, donde los recolectores de agua de lluvia les permiten recuperar preciosos litros, los agricultores est\u00e1n haciendo lo mismo a una escala mucho mayor, utilizando dep\u00f3sitos mucho m\u00e1s grandes para satisfacer sus necesidades de agua.   <\/p>\n\n<h2 class=\"wp-block-heading\"><strong><mark style=\"background-color:rgba(0, 0, 0, 0);color:#150682\" class=\"has-inline-color\">La contaminaci\u00f3n de las reservas y su impacto en la salud<\/mark><\/strong><\/h2>\n\n<p>El cambio clim\u00e1tico tambi\u00e9n contribuye al deterioro de la calidad del agua. Las inundaciones, frecuentes en algunas regiones, arrastran contaminantes a los r\u00edos y las aguas subterr\u00e1neas. Adem\u00e1s, las aguas m\u00e1s c\u00e1lidas favorecen la proliferaci\u00f3n de algas t\u00f3xicas, reduciendo su disponibilidad para el uso humano.  <\/p>\n\n<p>Las enfermedades transmitidas por el agua, como el c\u00f3lera y la disenter\u00eda, est\u00e1n aumentando en los pa\u00edses donde el acceso a agua de buena calidad es limitado. En \u00c1frica, las sequ\u00edas prolongadas obligan a muchas comunidades a consumir agua contaminada, lo que aumenta los riesgos para la salud de las poblaciones m\u00e1s vulnerables. <\/p>\n\n<p>Las cisternas flexibles, unidas a <a href=\"https:\/\/www.maciterneecolo.fr\/fr\/10-collecteur-de-gouttiere-eau-de-pluie-\">colectores de canalones<\/a> equipados con filtros adecuados, ofrecen una soluci\u00f3n para almacenar agua de mejor calidad, protegida de los contaminantes. Su uso en zonas rurales y urbanas ayuda a limitar el impacto de los fen\u00f3menos meteorol\u00f3gicos extremos. <\/p>\n\n<h1 class=\"wp-block-heading\"><mark style=\"background-color:rgba(0, 0, 0, 0)\" class=\"has-inline-color has-vivid-cyan-blue-color\"><strong>Soluciones a la crisis del agua<\/strong><\/mark><\/h1>\n\n<h2 class=\"wp-block-heading\"><mark style=\"background-color:rgba(0, 0, 0, 0);color:#150682\" class=\"has-inline-color\">Recogida de agua de lluvia: una soluci\u00f3n local eficaz<\/mark><\/h2>\n\n<p>Ante la incertidumbre clim\u00e1tica, la recogida de agua de lluvia se perfila como una alternativa sostenible. Las cisternas flexibles, f\u00e1ciles de instalar y adecuadas para distintos vol\u00famenes, permiten recoger este preciado recurso directamente de los tejados. Este m\u00e9todo es especialmente apropiado en zonas donde las infraestructuras h\u00eddricas son inadecuadas o est\u00e1n envejecidas. Para los particulares, invertir en un dep\u00f3sito de agua de lluvia es la soluci\u00f3n <a href=\"https:\/\/blog.maciterneecolo.fr\/es\/debes-invertir-en-un-pozo-o-en-un-deposito-de-recogida-de-agua-de-lluviacual-es-la-mejor-solucion\/\">m\u00e1s rentable<\/a> para recoger el agua de lluvia.   <\/p>\n\n<p>Por ejemplo, en algunas regiones del \u00c1frica subsahariana, la instalaci\u00f3n de sistemas de recogida de agua de lluvia con dep\u00f3sitos flexibles ha permitido garantizar el suministro de agua para el riego, incluso en periodos de sequ\u00eda. Estas iniciativas est\u00e1n dise\u00f1adas para ser rentables y proteger los recursos. <\/p>\n\n<h2 class=\"wp-block-heading\"><mark style=\"background-color:rgba(0, 0, 0, 0);color:#150682\" class=\"has-inline-color\">Gesti\u00f3n sostenible de las reservas colectivas<\/mark><\/h2>\n\n<p>Las iniciativas comunitarias tambi\u00e9n desempe\u00f1an un papel clave en la adaptaci\u00f3n al cambio clim\u00e1tico. La creaci\u00f3n de reservas colectivas de agua, equipadas con cisternas flexibles de gran capacidad, permite satisfacer las necesidades de las comunidades compartiendo los costes. Estos proyectos fomentan la solidaridad y la gesti\u00f3n sostenible del agua, sobre todo en las zonas rurales.  <\/p>\n\n<p>Estas soluciones tambi\u00e9n responden a un problema creciente en Europa: el aumento de la poblaci\u00f3n urbana y la presi\u00f3n cada vez mayor sobre las infraestructuras h\u00eddricas existentes. Por tanto, las cisternas flexibles se est\u00e1n convirtiendo en herramientas esenciales para garantizar una gesti\u00f3n responsable de los recursos h\u00eddricos. <\/p>\n\n<h1 class=\"wp-block-heading\"><mark style=\"background-color:rgba(0, 0, 0, 0)\" class=\"has-inline-color has-vivid-cyan-blue-color\"><strong>Hacia un futuro resiliente frente a los retos clim\u00e1ticos<\/strong><\/mark><\/h1>\n\n<p>El cambio clim\u00e1tico es una realidad que nos obliga a replantearnos la gesti\u00f3n del agua a todos los niveles. Aunque los retos son muchos, existen soluciones, y las cisternas flexibles son parte integrante de ellas. Su flexibilidad, adaptabilidad y bajo coste las convierten en herramientas esenciales para la gesti\u00f3n sostenible de los recursos h\u00eddricos.  <\/p>\n\n<p>Dando a conocer estas soluciones y desarrollando pol\u00edticas p\u00fablicas que fomenten su adopci\u00f3n, podemos reducir el impacto del cambio clim\u00e1tico sobre las reservas mundiales de agua. Preservar este recurso vital es esencial para garantizar un futuro en el que el agua est\u00e9 disponible para todos. La salud p\u00fablica y la prevenci\u00f3n de enfermedades relacionadas con el agua contaminada o escasa dependen directamente de estas medidas.  <\/p>\n\n<h1 class=\"wp-block-heading\"><mark style=\"background-color:rgba(0, 0, 0, 0)\" class=\"has-inline-color has-vivid-cyan-blue-color\"><strong>Un recurso a preservar colectivamente<\/strong><\/mark><\/h1>\n\n<p>El impacto del cambio clim\u00e1tico en las reservas mundiales de agua es un tema que nos preocupa a todos. Entre sequ\u00edas, inundaciones y contaminaci\u00f3n, los retos son muchos, pero existen soluciones. Adoptando pr\u00e1cticas sostenibles, como la recogida de agua de lluvia mediante cisternas flexibles, podemos hacer frente a estos retos preservando al mismo tiempo este recurso vital para las generaciones futuras. La gesti\u00f3n del agua no debe ser s\u00f3lo una cuesti\u00f3n t\u00e9cnica, sino un compromiso colectivo por un mundo m\u00e1s resistente basado en la solidaridad. Hay que proteger los lagos, las aguas subterr\u00e1neas y el agua dulce para garantizar la salud y la estabilidad de las poblaciones ante la creciente crisis del agua.    <\/p>\n\n<p>En Francia, el aumento de las temperaturas ya est\u00e1 alterando los ecosistemas, lo que exige un debate nacional sobre la gesti\u00f3n del agua e iniciativas locales para adaptarse a estos nuevos retos. Con esta idea se elabor\u00f3 el Plan del Agua, cuyo objetivo es garantizar un uso m\u00e1s responsable de este recurso. Fomentando pr\u00e1cticas como la recogida de agua de lluvia, la reducci\u00f3n de residuos y una mejor gesti\u00f3n de las infraestructuras h\u00eddricas, el Plan del Agua pretende proteger nuestros ecosistemas al tiempo que satisface las crecientes necesidades de la poblaci\u00f3n frente a la escasez de agua. Este plan forma parte de una din\u00e1mica en la que cada ciudadano, autoridad local y empresa tiene un papel que desempe\u00f1ar para garantizar la resiliencia de nuestro pa\u00eds frente a estos retos clim\u00e1ticos.   <\/p>\n\n<p><em>Para saber m\u00e1s sobre el impacto del cambio clim\u00e1tico en las reservas mundiales de agua, lee nuestro art\u00edculo sobre <a href=\"https:\/\/blog.maciterneecolo.fr\/es\/el-papel-de-la-cisterna-flexible-en-la-agricultura-sostenible\/\">las iniciativas que se est\u00e1n tomando en Francia<\/a> para preservar los recursos h\u00eddricos.<\/em><\/p>\n\n<p><\/p>\n","protected":false},"excerpt":{"rendered":"<p>Un recurso vital amenazado El agua es uno de los recursos m\u00e1s preciados y esenciales para la vida en la Tierra. Sin embargo, ante el cambio clim\u00e1tico, la disponibilidad y la gesti\u00f3n del agua est\u00e1n m\u00e1s que nunca en el centro de las preocupaciones mundiales. El cambio clim\u00e1tico est\u00e1 alterando el ciclo natural del agua, [&hellip;]<\/p>\n","protected":false},"author":4,"featured_media":12861,"comment_status":"open","ping_status":"closed","sticky":false,"template":"","format":"standard","meta":{"inline_featured_image":false,"footnotes":""},"categories":[86,2],"tags":[70,337,2491,2481],"class_list":["post-12863","post","type-post","status-publish","format-standard","has-post-thumbnail","hentry","category-depositos-flexibles","category-sin-categorizar","tag-agua-de-lluvia","tag-almacenamiento","tag-cambio-climatico","tag-reserva-de-agua-es"],"yoast_head":"<!-- This site is optimized with the Yoast SEO plugin v27.5 - https:\/\/yoast.com\/product\/yoast-seo-wordpress\/ -->\n<title>Impacto del cambio clim\u00e1tico en las reservas mundiales de agua - Blog Ma Citerne Ecolo<\/title>\n<meta name=\"description\" content=\"Inf\u00f3rmate sobre el impacto del cambio clim\u00e1tico en las reservas mundiales de agua y las iniciativas que se est\u00e1n tomando para intentar frenar sus efectos.\" \/>\n<meta name=\"robots\" content=\"index, follow, max-snippet:-1, max-image-preview:large, max-video-preview:-1\" \/>\n<link rel=\"canonical\" href=\"https:\/\/blog.maciterneecolo.fr\/es\/impacto-del-cambio-climatico-en-las-reservas-mundiales-de-agua\/\" \/>\n<meta property=\"og:locale\" content=\"es_ES\" \/>\n<meta property=\"og:type\" content=\"article\" \/>\n<meta property=\"og:title\" content=\"Impacto del cambio clim\u00e1tico en las reservas mundiales de agua - Blog Ma Citerne Ecolo\" \/>\n<meta property=\"og:description\" content=\"Inf\u00f3rmate sobre el impacto del cambio clim\u00e1tico en las reservas mundiales de agua y las iniciativas que se est\u00e1n tomando para intentar frenar sus efectos.\" \/>\n<meta property=\"og:url\" content=\"https:\/\/blog.maciterneecolo.fr\/es\/impacto-del-cambio-climatico-en-las-reservas-mundiales-de-agua\/\" \/>\n<meta property=\"og:site_name\" content=\"Blog Ma Citerne Ecolo\" \/>\n<meta property=\"article:published_time\" content=\"2024-12-02T09:00:00+00:00\" \/>\n<meta property=\"og:image\" content=\"https:\/\/blog.maciterneecolo.fr\/wp-content\/uploads\/2024\/11\/manifestation-pour-leau-scaled.jpg\" \/>\n\t<meta property=\"og:image:width\" content=\"1707\" \/>\n\t<meta property=\"og:image:height\" content=\"2560\" \/>\n\t<meta property=\"og:image:type\" content=\"image\/jpeg\" \/>\n<meta name=\"author\" content=\"B\u00e9n\u00e9dicte Rebolloso\" \/>\n<meta name=\"twitter:card\" content=\"summary_large_image\" \/>\n<meta name=\"twitter:label1\" content=\"Escrito por\" \/>\n\t<meta name=\"twitter:data1\" content=\"B\u00e9n\u00e9dicte Rebolloso\" \/>\n\t<meta name=\"twitter:label2\" content=\"Tiempo de lectura\" \/>\n\t<meta name=\"twitter:data2\" content=\"9 minutos\" \/>\n<script type=\"application\/ld+json\" class=\"yoast-schema-graph\">{\"@context\":\"https:\\\/\\\/schema.org\",\"@graph\":[{\"@type\":\"Article\",\"@id\":\"https:\\\/\\\/blog.maciterneecolo.fr\\\/es\\\/impacto-del-cambio-climatico-en-las-reservas-mundiales-de-agua\\\/#article\",\"isPartOf\":{\"@id\":\"https:\\\/\\\/blog.maciterneecolo.fr\\\/es\\\/impacto-del-cambio-climatico-en-las-reservas-mundiales-de-agua\\\/\"},\"author\":{\"name\":\"B\u00e9n\u00e9dicte Rebolloso\",\"@id\":\"https:\\\/\\\/blog.maciterneecolo.fr\\\/es\\\/#\\\/schema\\\/person\\\/fe50d00b4e639107698e1ddead236943\"},\"headline\":\"Impacto del cambio clim\u00e1tico en las reservas mundiales de agua\",\"datePublished\":\"2024-12-02T09:00:00+00:00\",\"mainEntityOfPage\":{\"@id\":\"https:\\\/\\\/blog.maciterneecolo.fr\\\/es\\\/impacto-del-cambio-climatico-en-las-reservas-mundiales-de-agua\\\/\"},\"wordCount\":1755,\"commentCount\":0,\"publisher\":{\"@id\":\"https:\\\/\\\/blog.maciterneecolo.fr\\\/es\\\/#organization\"},\"image\":{\"@id\":\"https:\\\/\\\/blog.maciterneecolo.fr\\\/es\\\/impacto-del-cambio-climatico-en-las-reservas-mundiales-de-agua\\\/#primaryimage\"},\"thumbnailUrl\":\"https:\\\/\\\/blog.maciterneecolo.fr\\\/wp-content\\\/uploads\\\/2024\\\/11\\\/manifestation-pour-leau-scaled.jpg\",\"keywords\":[\"agua de lluvia\",\"almacenamiento\",\"cambio clim\u00e1tico\",\"reserva de agua\"],\"articleSection\":[\"Dep\u00f3sitos flexibles\",\"Sin categorizar\"],\"inLanguage\":\"es\",\"potentialAction\":[{\"@type\":\"CommentAction\",\"name\":\"Comment\",\"target\":[\"https:\\\/\\\/blog.maciterneecolo.fr\\\/es\\\/impacto-del-cambio-climatico-en-las-reservas-mundiales-de-agua\\\/#respond\"]}]},{\"@type\":\"WebPage\",\"@id\":\"https:\\\/\\\/blog.maciterneecolo.fr\\\/es\\\/impacto-del-cambio-climatico-en-las-reservas-mundiales-de-agua\\\/\",\"url\":\"https:\\\/\\\/blog.maciterneecolo.fr\\\/es\\\/impacto-del-cambio-climatico-en-las-reservas-mundiales-de-agua\\\/\",\"name\":\"Impacto del cambio clim\u00e1tico en las reservas mundiales de agua - Blog Ma Citerne Ecolo\",\"isPartOf\":{\"@id\":\"https:\\\/\\\/blog.maciterneecolo.fr\\\/es\\\/#website\"},\"primaryImageOfPage\":{\"@id\":\"https:\\\/\\\/blog.maciterneecolo.fr\\\/es\\\/impacto-del-cambio-climatico-en-las-reservas-mundiales-de-agua\\\/#primaryimage\"},\"image\":{\"@id\":\"https:\\\/\\\/blog.maciterneecolo.fr\\\/es\\\/impacto-del-cambio-climatico-en-las-reservas-mundiales-de-agua\\\/#primaryimage\"},\"thumbnailUrl\":\"https:\\\/\\\/blog.maciterneecolo.fr\\\/wp-content\\\/uploads\\\/2024\\\/11\\\/manifestation-pour-leau-scaled.jpg\",\"datePublished\":\"2024-12-02T09:00:00+00:00\",\"description\":\"Inf\u00f3rmate sobre el impacto del cambio clim\u00e1tico en las reservas mundiales de agua y las iniciativas que se est\u00e1n tomando para intentar frenar sus efectos.\",\"breadcrumb\":{\"@id\":\"https:\\\/\\\/blog.maciterneecolo.fr\\\/es\\\/impacto-del-cambio-climatico-en-las-reservas-mundiales-de-agua\\\/#breadcrumb\"},\"inLanguage\":\"es\",\"potentialAction\":[{\"@type\":\"ReadAction\",\"target\":[\"https:\\\/\\\/blog.maciterneecolo.fr\\\/es\\\/impacto-del-cambio-climatico-en-las-reservas-mundiales-de-agua\\\/\"]}]},{\"@type\":\"ImageObject\",\"inLanguage\":\"es\",\"@id\":\"https:\\\/\\\/blog.maciterneecolo.fr\\\/es\\\/impacto-del-cambio-climatico-en-las-reservas-mundiales-de-agua\\\/#primaryimage\",\"url\":\"https:\\\/\\\/blog.maciterneecolo.fr\\\/wp-content\\\/uploads\\\/2024\\\/11\\\/manifestation-pour-leau-scaled.jpg\",\"contentUrl\":\"https:\\\/\\\/blog.maciterneecolo.fr\\\/wp-content\\\/uploads\\\/2024\\\/11\\\/manifestation-pour-leau-scaled.jpg\",\"width\":1707,\"height\":2560},{\"@type\":\"BreadcrumbList\",\"@id\":\"https:\\\/\\\/blog.maciterneecolo.fr\\\/es\\\/impacto-del-cambio-climatico-en-las-reservas-mundiales-de-agua\\\/#breadcrumb\",\"itemListElement\":[{\"@type\":\"ListItem\",\"position\":1,\"name\":\"Accueil\",\"item\":\"https:\\\/\\\/blog.maciterneecolo.fr\\\/es\\\/\"},{\"@type\":\"ListItem\",\"position\":2,\"name\":\"Impacto del cambio clim\u00e1tico en las reservas mundiales de agua\"}]},{\"@type\":\"WebSite\",\"@id\":\"https:\\\/\\\/blog.maciterneecolo.fr\\\/es\\\/#website\",\"url\":\"https:\\\/\\\/blog.maciterneecolo.fr\\\/es\\\/\",\"name\":\"Blog Ma Citerne Ecolo\",\"description\":\"Leader dans le domaine de la citerne souple d&#039;eau de pluie\",\"publisher\":{\"@id\":\"https:\\\/\\\/blog.maciterneecolo.fr\\\/es\\\/#organization\"},\"potentialAction\":[{\"@type\":\"SearchAction\",\"target\":{\"@type\":\"EntryPoint\",\"urlTemplate\":\"https:\\\/\\\/blog.maciterneecolo.fr\\\/es\\\/?s={search_term_string}\"},\"query-input\":{\"@type\":\"PropertyValueSpecification\",\"valueRequired\":true,\"valueName\":\"search_term_string\"}}],\"inLanguage\":\"es\"},{\"@type\":\"Organization\",\"@id\":\"https:\\\/\\\/blog.maciterneecolo.fr\\\/es\\\/#organization\",\"name\":\"Blog Ma Citerne Ecolo\",\"url\":\"https:\\\/\\\/blog.maciterneecolo.fr\\\/es\\\/\",\"logo\":{\"@type\":\"ImageObject\",\"inLanguage\":\"es\",\"@id\":\"https:\\\/\\\/blog.maciterneecolo.fr\\\/es\\\/#\\\/schema\\\/logo\\\/image\\\/\",\"url\":\"https:\\\/\\\/blog.maciterneecolo.fr\\\/wp-content\\\/uploads\\\/2022\\\/12\\\/cropped-favicon-blog.png\",\"contentUrl\":\"https:\\\/\\\/blog.maciterneecolo.fr\\\/wp-content\\\/uploads\\\/2022\\\/12\\\/cropped-favicon-blog.png\",\"width\":512,\"height\":512,\"caption\":\"Blog Ma Citerne Ecolo\"},\"image\":{\"@id\":\"https:\\\/\\\/blog.maciterneecolo.fr\\\/es\\\/#\\\/schema\\\/logo\\\/image\\\/\"}},{\"@type\":\"Person\",\"@id\":\"https:\\\/\\\/blog.maciterneecolo.fr\\\/es\\\/#\\\/schema\\\/person\\\/fe50d00b4e639107698e1ddead236943\",\"name\":\"B\u00e9n\u00e9dicte Rebolloso\",\"image\":{\"@type\":\"ImageObject\",\"inLanguage\":\"es\",\"@id\":\"https:\\\/\\\/secure.gravatar.com\\\/avatar\\\/ffa759db2a4d8ebb52a58b89d3dc2a9f0395a5122bb839045a145d6585de1126?s=96&d=mm&r=g\",\"url\":\"https:\\\/\\\/secure.gravatar.com\\\/avatar\\\/ffa759db2a4d8ebb52a58b89d3dc2a9f0395a5122bb839045a145d6585de1126?s=96&d=mm&r=g\",\"contentUrl\":\"https:\\\/\\\/secure.gravatar.com\\\/avatar\\\/ffa759db2a4d8ebb52a58b89d3dc2a9f0395a5122bb839045a145d6585de1126?s=96&d=mm&r=g\",\"caption\":\"B\u00e9n\u00e9dicte Rebolloso\"},\"url\":\"https:\\\/\\\/blog.maciterneecolo.fr\\\/es\\\/author\\\/benedicterebolloso\\\/\"}]}<\/script>\n<!-- \/ Yoast SEO plugin. -->","yoast_head_json":{"title":"Impacto del cambio clim\u00e1tico en las reservas mundiales de agua - Blog Ma Citerne Ecolo","description":"Inf\u00f3rmate sobre el impacto del cambio clim\u00e1tico en las reservas mundiales de agua y las iniciativas que se est\u00e1n tomando para intentar frenar sus efectos.","robots":{"index":"index","follow":"follow","max-snippet":"max-snippet:-1","max-image-preview":"max-image-preview:large","max-video-preview":"max-video-preview:-1"},"canonical":"https:\/\/blog.maciterneecolo.fr\/es\/impacto-del-cambio-climatico-en-las-reservas-mundiales-de-agua\/","og_locale":"es_ES","og_type":"article","og_title":"Impacto del cambio clim\u00e1tico en las reservas mundiales de agua - Blog Ma Citerne Ecolo","og_description":"Inf\u00f3rmate sobre el impacto del cambio clim\u00e1tico en las reservas mundiales de agua y las iniciativas que se est\u00e1n tomando para intentar frenar sus efectos.","og_url":"https:\/\/blog.maciterneecolo.fr\/es\/impacto-del-cambio-climatico-en-las-reservas-mundiales-de-agua\/","og_site_name":"Blog Ma Citerne Ecolo","article_published_time":"2024-12-02T09:00:00+00:00","og_image":[{"width":1707,"height":2560,"url":"https:\/\/blog.maciterneecolo.fr\/wp-content\/uploads\/2024\/11\/manifestation-pour-leau-scaled.jpg","type":"image\/jpeg"}],"author":"B\u00e9n\u00e9dicte Rebolloso","twitter_card":"summary_large_image","twitter_misc":{"Escrito por":"B\u00e9n\u00e9dicte Rebolloso","Tiempo de lectura":"9 minutos"},"schema":{"@context":"https:\/\/schema.org","@graph":[{"@type":"Article","@id":"https:\/\/blog.maciterneecolo.fr\/es\/impacto-del-cambio-climatico-en-las-reservas-mundiales-de-agua\/#article","isPartOf":{"@id":"https:\/\/blog.maciterneecolo.fr\/es\/impacto-del-cambio-climatico-en-las-reservas-mundiales-de-agua\/"},"author":{"name":"B\u00e9n\u00e9dicte Rebolloso","@id":"https:\/\/blog.maciterneecolo.fr\/es\/#\/schema\/person\/fe50d00b4e639107698e1ddead236943"},"headline":"Impacto del cambio clim\u00e1tico en las reservas mundiales de agua","datePublished":"2024-12-02T09:00:00+00:00","mainEntityOfPage":{"@id":"https:\/\/blog.maciterneecolo.fr\/es\/impacto-del-cambio-climatico-en-las-reservas-mundiales-de-agua\/"},"wordCount":1755,"commentCount":0,"publisher":{"@id":"https:\/\/blog.maciterneecolo.fr\/es\/#organization"},"image":{"@id":"https:\/\/blog.maciterneecolo.fr\/es\/impacto-del-cambio-climatico-en-las-reservas-mundiales-de-agua\/#primaryimage"},"thumbnailUrl":"https:\/\/blog.maciterneecolo.fr\/wp-content\/uploads\/2024\/11\/manifestation-pour-leau-scaled.jpg","keywords":["agua de lluvia","almacenamiento","cambio clim\u00e1tico","reserva de agua"],"articleSection":["Dep\u00f3sitos flexibles","Sin categorizar"],"inLanguage":"es","potentialAction":[{"@type":"CommentAction","name":"Comment","target":["https:\/\/blog.maciterneecolo.fr\/es\/impacto-del-cambio-climatico-en-las-reservas-mundiales-de-agua\/#respond"]}]},{"@type":"WebPage","@id":"https:\/\/blog.maciterneecolo.fr\/es\/impacto-del-cambio-climatico-en-las-reservas-mundiales-de-agua\/","url":"https:\/\/blog.maciterneecolo.fr\/es\/impacto-del-cambio-climatico-en-las-reservas-mundiales-de-agua\/","name":"Impacto del cambio clim\u00e1tico en las reservas mundiales de agua - Blog Ma Citerne Ecolo","isPartOf":{"@id":"https:\/\/blog.maciterneecolo.fr\/es\/#website"},"primaryImageOfPage":{"@id":"https:\/\/blog.maciterneecolo.fr\/es\/impacto-del-cambio-climatico-en-las-reservas-mundiales-de-agua\/#primaryimage"},"image":{"@id":"https:\/\/blog.maciterneecolo.fr\/es\/impacto-del-cambio-climatico-en-las-reservas-mundiales-de-agua\/#primaryimage"},"thumbnailUrl":"https:\/\/blog.maciterneecolo.fr\/wp-content\/uploads\/2024\/11\/manifestation-pour-leau-scaled.jpg","datePublished":"2024-12-02T09:00:00+00:00","description":"Inf\u00f3rmate sobre el impacto del cambio clim\u00e1tico en las reservas mundiales de agua y las iniciativas que se est\u00e1n tomando para intentar frenar sus efectos.","breadcrumb":{"@id":"https:\/\/blog.maciterneecolo.fr\/es\/impacto-del-cambio-climatico-en-las-reservas-mundiales-de-agua\/#breadcrumb"},"inLanguage":"es","potentialAction":[{"@type":"ReadAction","target":["https:\/\/blog.maciterneecolo.fr\/es\/impacto-del-cambio-climatico-en-las-reservas-mundiales-de-agua\/"]}]},{"@type":"ImageObject","inLanguage":"es","@id":"https:\/\/blog.maciterneecolo.fr\/es\/impacto-del-cambio-climatico-en-las-reservas-mundiales-de-agua\/#primaryimage","url":"https:\/\/blog.maciterneecolo.fr\/wp-content\/uploads\/2024\/11\/manifestation-pour-leau-scaled.jpg","contentUrl":"https:\/\/blog.maciterneecolo.fr\/wp-content\/uploads\/2024\/11\/manifestation-pour-leau-scaled.jpg","width":1707,"height":2560},{"@type":"BreadcrumbList","@id":"https:\/\/blog.maciterneecolo.fr\/es\/impacto-del-cambio-climatico-en-las-reservas-mundiales-de-agua\/#breadcrumb","itemListElement":[{"@type":"ListItem","position":1,"name":"Accueil","item":"https:\/\/blog.maciterneecolo.fr\/es\/"},{"@type":"ListItem","position":2,"name":"Impacto del cambio clim\u00e1tico en las reservas mundiales de agua"}]},{"@type":"WebSite","@id":"https:\/\/blog.maciterneecolo.fr\/es\/#website","url":"https:\/\/blog.maciterneecolo.fr\/es\/","name":"Blog Ma Citerne Ecolo","description":"Leader dans le domaine de la citerne souple d&#039;eau de pluie","publisher":{"@id":"https:\/\/blog.maciterneecolo.fr\/es\/#organization"},"potentialAction":[{"@type":"SearchAction","target":{"@type":"EntryPoint","urlTemplate":"https:\/\/blog.maciterneecolo.fr\/es\/?s={search_term_string}"},"query-input":{"@type":"PropertyValueSpecification","valueRequired":true,"valueName":"search_term_string"}}],"inLanguage":"es"},{"@type":"Organization","@id":"https:\/\/blog.maciterneecolo.fr\/es\/#organization","name":"Blog Ma Citerne Ecolo","url":"https:\/\/blog.maciterneecolo.fr\/es\/","logo":{"@type":"ImageObject","inLanguage":"es","@id":"https:\/\/blog.maciterneecolo.fr\/es\/#\/schema\/logo\/image\/","url":"https:\/\/blog.maciterneecolo.fr\/wp-content\/uploads\/2022\/12\/cropped-favicon-blog.png","contentUrl":"https:\/\/blog.maciterneecolo.fr\/wp-content\/uploads\/2022\/12\/cropped-favicon-blog.png","width":512,"height":512,"caption":"Blog Ma Citerne Ecolo"},"image":{"@id":"https:\/\/blog.maciterneecolo.fr\/es\/#\/schema\/logo\/image\/"}},{"@type":"Person","@id":"https:\/\/blog.maciterneecolo.fr\/es\/#\/schema\/person\/fe50d00b4e639107698e1ddead236943","name":"B\u00e9n\u00e9dicte Rebolloso","image":{"@type":"ImageObject","inLanguage":"es","@id":"https:\/\/secure.gravatar.com\/avatar\/ffa759db2a4d8ebb52a58b89d3dc2a9f0395a5122bb839045a145d6585de1126?s=96&d=mm&r=g","url":"https:\/\/secure.gravatar.com\/avatar\/ffa759db2a4d8ebb52a58b89d3dc2a9f0395a5122bb839045a145d6585de1126?s=96&d=mm&r=g","contentUrl":"https:\/\/secure.gravatar.com\/avatar\/ffa759db2a4d8ebb52a58b89d3dc2a9f0395a5122bb839045a145d6585de1126?s=96&d=mm&r=g","caption":"B\u00e9n\u00e9dicte Rebolloso"},"url":"https:\/\/blog.maciterneecolo.fr\/es\/author\/benedicterebolloso\/"}]}},"_links":{"self":[{"href":"https:\/\/blog.maciterneecolo.fr\/es\/wp-json\/wp\/v2\/posts\/12863","targetHints":{"allow":["GET"]}}],"collection":[{"href":"https:\/\/blog.maciterneecolo.fr\/es\/wp-json\/wp\/v2\/posts"}],"about":[{"href":"https:\/\/blog.maciterneecolo.fr\/es\/wp-json\/wp\/v2\/types\/post"}],"author":[{"embeddable":true,"href":"https:\/\/blog.maciterneecolo.fr\/es\/wp-json\/wp\/v2\/users\/4"}],"replies":[{"embeddable":true,"href":"https:\/\/blog.maciterneecolo.fr\/es\/wp-json\/wp\/v2\/comments?post=12863"}],"version-history":[{"count":1,"href":"https:\/\/blog.maciterneecolo.fr\/es\/wp-json\/wp\/v2\/posts\/12863\/revisions"}],"predecessor-version":[{"id":12864,"href":"https:\/\/blog.maciterneecolo.fr\/es\/wp-json\/wp\/v2\/posts\/12863\/revisions\/12864"}],"wp:featuredmedia":[{"embeddable":true,"href":"https:\/\/blog.maciterneecolo.fr\/es\/wp-json\/wp\/v2\/media\/12861"}],"wp:attachment":[{"href":"https:\/\/blog.maciterneecolo.fr\/es\/wp-json\/wp\/v2\/media?parent=12863"}],"wp:term":[{"taxonomy":"category","embeddable":true,"href":"https:\/\/blog.maciterneecolo.fr\/es\/wp-json\/wp\/v2\/categories?post=12863"},{"taxonomy":"post_tag","embeddable":true,"href":"https:\/\/blog.maciterneecolo.fr\/es\/wp-json\/wp\/v2\/tags?post=12863"}],"curies":[{"name":"wp","href":"https:\/\/api.w.org\/{rel}","templated":true}]}}