{"id":13423,"date":"2025-02-18T08:30:00","date_gmt":"2025-02-18T08:30:00","guid":{"rendered":"https:\/\/blog.maciterneecolo.fr\/?p=13423"},"modified":"2025-02-07T15:49:50","modified_gmt":"2025-02-07T15:49:50","slug":"el-ciclo-del-agua-de-donde-procede-el-agua-que-utilizamos-cada-dia","status":"publish","type":"post","link":"https:\/\/blog.maciterneecolo.fr\/es\/el-ciclo-del-agua-de-donde-procede-el-agua-que-utilizamos-cada-dia\/","title":{"rendered":"El ciclo del agua: \u00bfde d\u00f3nde procede el agua que utilizamos cada d\u00eda?"},"content":{"rendered":"\n<p>El agua es un recurso esencial en nuestra vida cotidiana, pero \u00bfsabemos realmente de d\u00f3nde viene y c\u00f3mo llega a nuestros grifos? El ciclo del agua es un fen\u00f3meno natural fascinante que permite regenerar este precioso recurso. Desde la evaporaci\u00f3n a las precipitaciones, pasando por la infiltraci\u00f3n en las aguas subterr\u00e1neas, el agua sigue un largo camino antes de ser captada, tratada y distribuida para nuestro consumo.  <\/p>\n\n<p>En este art\u00edculo exploraremos en detalle el ciclo del agua y comprenderemos las distintas etapas que intervienen para garantizar el acceso a agua de calidad para uso dom\u00e9stico e industrial.<\/p>\n\n<h2 class=\"wp-block-heading\"><mark style=\"background-color:rgba(0, 0, 0, 0)\" class=\"has-inline-color has-vivid-cyan-blue-color\">1. El origen del agua: un elemento en perpetuo movimiento<\/mark><\/h2>\n\n<p>El agua en la Tierra se presenta en muchas formas: l\u00edquida, s\u00f3lida y gaseosa. Cada a\u00f1o, miles de millones de litros de agua se evaporan de los oc\u00e9anos y de las superficies terrestres, perpetuando un ciclo esencial para la vida. Esta transformaci\u00f3n continua del agua es estudiada por las ciencias hidrol\u00f3gicas, que analizan sus efectos sobre el medio ambiente y los recursos naturales.  <\/p>\n\n<p>El ciclo del agua es un fen\u00f3meno que garantiza la distribuci\u00f3n continua del agua entre los distintos dep\u00f3sitos naturales del planeta. Estudiarlo permite a los cient\u00edficos y equipos de investigaci\u00f3n comprender mejor el impacto del clima en la gesti\u00f3n de este precioso recurso. <\/p>\n\n<h3 class=\"wp-block-heading\">Evaporaci\u00f3n y condensaci\u00f3n<\/h3>\n\n<p>La evaporaci\u00f3n es un proceso natural en el que el agua l\u00edquida pasa a estado gaseoso bajo la acci\u00f3n del calor solar. Esta transformaci\u00f3n desempe\u00f1a un papel clave en el mantenimiento del equilibrio clim\u00e1tico. Los oc\u00e9anos son los principales responsables de este fen\u00f3meno, pero los r\u00edos, los lagos e incluso el suelo tambi\u00e9n participan en la evaporaci\u00f3n.  <\/p>\n\n<p>En determinadas regiones del mundo, la evaporaci\u00f3n es m\u00e1s intensa debido a las altas temperaturas, lo que altera la cantidad de agua disponible en la atm\u00f3sfera. La condensaci\u00f3n, que sigue a la evaporaci\u00f3n, permite que el vapor de agua se re\u00fana en finas gotitas para formar nubes. Esta fase es crucial para transportar el agua a grandes distancias.  <\/p>\n\n<p>Todo comienza con la evaporaci\u00f3n del agua de los oc\u00e9anos, r\u00edos y lagos bajo el efecto del sol. Este vapor de agua asciende a la atm\u00f3sfera, donde se enfr\u00eda y se condensa, formando nubes. Este proceso es esencial para mantener el equilibrio h\u00eddrico en nuestro planeta.  <\/p>\n\n<h3 class=\"wp-block-heading\">Precipitaciones y su distribuci\u00f3n<\/h3>\n\n<p>Cuando las gotas de agua de las nubes se vuelven demasiado pesadas, caen en forma de precipitaci\u00f3n. Esta precipitaci\u00f3n puede adoptar la forma de lluvia, nieve o granizo, seg\u00fan la temperatura ambiente y las condiciones meteorol\u00f3gicas. <\/p>\n\n<p>Cada a\u00f1o caen sobre la Tierra una media de varios billones de litros de agua. La distribuci\u00f3n de las precipitaciones var\u00eda seg\u00fan el clima y la estaci\u00f3n. Las regiones ecuatoriales reciben grandes cantidades de agua, mientras que las zonas des\u00e9rticas reciben muy poca. Esta distribuci\u00f3n desigual tiene un impacto directo en el acceso al agua potable y en la gesti\u00f3n de los recursos h\u00eddricos.   <\/p>\n\n<p>Una vez condensado, el vapor de agua se transforma en precipitaciones en forma de lluvia, nieve o granizo. Esta precipitaci\u00f3n se redistribuye por la superficie terrestre, alimentando el suelo, los r\u00edos y las aguas subterr\u00e1neas. La distribuci\u00f3n de las precipitaciones var\u00eda de una regi\u00f3n a otra, lo que influye en la disponibilidad de agua potable.  <\/p>\n\n<h2 class=\"wp-block-heading\"><mark style=\"background-color:rgba(0, 0, 0, 0)\" class=\"has-inline-color has-vivid-cyan-blue-color\">2. Infiltraci\u00f3n y almacenamiento natural de agua<\/mark><\/h2>\n\n<p>Parte del agua que llega al suelo se infiltra en \u00e9l, ayudando a reponer la capa fre\u00e1tica. Este fen\u00f3meno es crucial para el equilibrio h\u00eddrico en muchas regiones. El agua que no se infiltra se escurre hacia r\u00edos y arroyos, reincorpor\u00e1ndose al ciclo natural del agua.  <\/p>\n\n<p>El estudio de los mecanismos de infiltraci\u00f3n y almacenamiento del agua es esencial para la gesti\u00f3n sostenible de los recursos h\u00eddricos. Los distintos tipos de suelo influyen en la velocidad de infiltraci\u00f3n del agua. Los suelos arenosos absorben el agua r\u00e1pidamente, mientras que los arcillosos ralentizan este proceso, aumentando la escorrent\u00eda y el riesgo de inundaciones.  <\/p>\n\n<h3 class=\"wp-block-heading\">Aguas subterr\u00e1neas y capas fre\u00e1ticas<\/h3>\n\n<p>Parte de la lluvia se infiltra en el suelo y llega a la capa fre\u00e1tica. Estas reservas subterr\u00e1neas desempe\u00f1an un papel clave en el almacenamiento de agua dulce y a menudo se utilizan para suministrar agua potable. La calidad de las aguas subterr\u00e1neas depende de la naturaleza del suelo y de su capacidad para filtrar las impurezas.  <\/p>\n\n<h3 class=\"wp-block-heading\">R\u00edos y lagos: embalses naturales<\/h3>\n\n<p>Otra parte del agua fluye hacia r\u00edos y lagos, que son grandes dep\u00f3sitos naturales. Estas masas de agua se utilizan para la agricultura, la industria y el consumo humano. La gesti\u00f3n sostenible es esencial para preservar este recurso vital.  <\/p>\n\n<h2 class=\"wp-block-heading\"><mark style=\"background-color:rgba(0, 0, 0, 0)\" class=\"has-inline-color has-vivid-cyan-blue-color\">3. Tratamiento del agua: de la naturaleza a nuestros grifos<\/mark><\/h2>\n\n<h3 class=\"wp-block-heading\">Recogida y transporte de agua<\/h3>\n\n<p>Antes de llegar a nuestros hogares, el agua tiene que extraerse de su entorno natural. El agua se extrae de acu\u00edferos subterr\u00e1neos, r\u00edos o embalses artificiales. Despu\u00e9s se transporta a trav\u00e9s de una red de abastecimiento hasta las plantas de tratamiento.  <\/p>\n\n<h3 class=\"wp-block-heading\">Depuraci\u00f3n y distribuci\u00f3n<\/h3>\n\n<p>Para garantizar un agua potable de alta calidad, el agua bruta se somete a una serie de tratamientos: filtraci\u00f3n, desinfecci\u00f3n y ajuste del pH. Estos procesos eliminan bacterias, part\u00edculas y cualquier contaminante. Una vez tratada, el agua se almacena en dep\u00f3sitos antes de ser distribuida por una red de tuber\u00edas hasta nuestros hogares.  <\/p>\n\n<h2 class=\"wp-block-heading\"><mark style=\"background-color:rgba(0, 0, 0, 0)\" class=\"has-inline-color has-vivid-cyan-blue-color\">4. La gesti\u00f3n responsable del agua: un reto importante<\/mark><\/h2>\n\n<p>Cada a\u00f1o se utilizan miles de millones de litros de agua con fines dom\u00e9sticos, industriales y agr\u00edcolas. Gran parte de esta agua se convierte en aguas residuales, que requieren tratamiento antes de poder reintegrarse en el ciclo natural. Estos sistemas de tratamiento son esenciales para evitar la contaminaci\u00f3n de las fuentes de agua potable y preservar los ecosistemas acu\u00e1ticos.  <\/p>\n\n<p><a href=\"https:\/\/blog.maciterneecolo.fr\/es\/impacto-del-cambio-climatico-en-las-reservas-mundiales-de-agua\/\">El impacto del cambio clim\u00e1tico en el ciclo del agua<\/a> tambi\u00e9n es objeto de estudio de muchos equipos de investigaci\u00f3n. Los cambios en las temperaturas globales est\u00e1n alterando los ciclos de precipitaciones, provocando periodos m\u00e1s largos de sequ\u00eda y fen\u00f3menos meteorol\u00f3gicos extremos m\u00e1s frecuentes. Esto est\u00e1 obligando a las sociedades a replantearse el uso que hacen de los recursos h\u00eddricos para garantizar un consumo sostenible a las generaciones futuras.  <\/p>\n\n<h3 class=\"wp-block-heading\">Los retos del consumo de agua<\/h3>\n\n<p>Con el crecimiento demogr\u00e1fico y el cambio clim\u00e1tico, la gesti\u00f3n del agua se est\u00e1 convirtiendo en un problema importante. La sobreexplotaci\u00f3n de los recursos subterr\u00e1neos y la contaminaci\u00f3n amenazan la disponibilidad de agua potable. Por tanto, es crucial adoptar pr\u00e1cticas m\u00e1s sostenibles para preservar este recurso esencial.  <\/p>\n\n<p>Entre las soluciones sostenibles, es esencial adoptar a diario un comportamiento m\u00e1s responsable. Reducir el despilfarro de agua controlando las fugas dom\u00e9sticas y utilizando aparatos que ahorren agua es un primer paso. Por ejemplo, los grifos y duchas de bajo caudal pueden ahorrar cientos de litros de agua al a\u00f1o. Instalar contadores de agua inteligentes tambi\u00e9n ayuda a controlar el consumo e identificar las p\u00e9rdidas innecesarias.   <\/p>\n\n<p>En los espacios exteriores, el riego racional de los jardines con sistemas de goteo o el uso de aguas residuales tratadas para el riego reduce considerablemente el consumo de agua potable. Adem\u00e1s, el uso de plantas adaptadas a los climas \u00e1ridos ayuda a limitar las necesidades de agua manteniendo espacios verdes agradables. <\/p>\n\n<p>A escala colectiva, es vital modernizar las infraestructuras del agua. Muchas ciudades pierden una parte importante de su suministro de agua debido a fugas en las redes de distribuci\u00f3n. Invertir en tecnolog\u00edas avanzadas de detecci\u00f3n y reparaci\u00f3n de tuber\u00edas da\u00f1adas permitir\u00eda limitar este despilfarro.  <\/p>\n\n<p>Por \u00faltimo, la educaci\u00f3n y la sensibilizaci\u00f3n son poderosas palancas para un cambio duradero. Las campa\u00f1as p\u00fablicas y los programas educativos en las escuelas pueden ayudar a desarrollar la conciencia ecol\u00f3gica y fomentar pr\u00e1cticas m\u00e1s respetuosas con el agua. Adoptar estas pr\u00e1cticas es esencial para garantizar un acceso equitativo al agua potable para las generaciones futuras.  <\/p>\n\n<p>Con el crecimiento demogr\u00e1fico y el cambio clim\u00e1tico, la gesti\u00f3n del agua se est\u00e1 convirtiendo en un problema importante. La sobreexplotaci\u00f3n de los recursos subterr\u00e1neos y la contaminaci\u00f3n amenazan la disponibilidad de agua potable. Por tanto, es crucial adoptar pr\u00e1cticas m\u00e1s sostenibles para preservar este recurso esencial.  <\/p>\n\n<h3 class=\"wp-block-heading\">Soluciones para ahorrar agua<\/h3>\n\n<p>Instalar recolectores de agua de lluvia, modernizar las redes para limitar las fugas y concienciar sobre un consumo m\u00e1s responsable son formas de preservar nuestros recursos h\u00eddricos. Cada gesto cuenta para garantizar un futuro m\u00e1s sostenible. F\u00e1ciles de instalar y con una excelente relaci\u00f3n calidad-precio, las <a href=\"https:\/\/www.maciterneecolo.fr\/fr\/3-citernes-souples\">cisternas<\/a> flexibles de maciterneecolo.fr son una excelente soluci\u00f3n para almacenar el agua de lluvia y ahorrar preciosos litros de agua potable.  <\/p>\n\n<p>Con las restricciones que se aplican durante los periodos de sequ\u00eda, cada vez m\u00e1s frecuentes, y el agotamiento gradual de los recursos h\u00eddricos, merece la pena estudiar este tipo de soluci\u00f3n sostenible. Al fin y al cabo, \u00bfpor qu\u00e9 utilizar agua potable para fines que no la requieren? Cuando sabes que unos 100 litros de agua potable por persona y d\u00eda se utilizan para fines dom\u00e9sticos que no requieren agua potable. Adem\u00e1s de ahorrar considerablemente en tu factura del agua, contribuyes a preservar los recursos h\u00eddricos, que es una cuesti\u00f3n clave para la sociedad en su conjunto.   <\/p>\n\n<h2 class=\"wp-block-heading\"><mark style=\"background-color:rgba(0, 0, 0, 0)\" class=\"has-inline-color has-vivid-cyan-blue-color\">Conclusi\u00f3n<\/mark><\/h2>\n\n<p>El ciclo del agua es un proceso natural que garantiza la renovaci\u00f3n y distribuci\u00f3n de este recurso vital. Desde la evaporaci\u00f3n hasta la infiltraci\u00f3n en las aguas subterr\u00e1neas, el agua sigue un complejo camino antes de llegar a nuestros grifos. Entender este ciclo nos permite comprender mejor los retos actuales relacionados con el agua y la importancia de una gesti\u00f3n sostenible. Adoptando pr\u00e1cticas responsables, todos podemos contribuir a preservar este recurso vital.   <\/p>\n\n<p><\/p>\n","protected":false},"excerpt":{"rendered":"<p>El agua es un recurso esencial en nuestra vida cotidiana, pero \u00bfsabemos realmente de d\u00f3nde viene y c\u00f3mo llega a nuestros grifos? El ciclo del agua es un fen\u00f3meno natural fascinante que permite regenerar este precioso recurso. Desde la evaporaci\u00f3n a las precipitaciones, pasando por la infiltraci\u00f3n en las aguas subterr\u00e1neas, el agua sigue un [&hellip;]<\/p>\n","protected":false},"author":4,"featured_media":13410,"comment_status":"open","ping_status":"closed","sticky":false,"template":"","format":"standard","meta":{"inline_featured_image":false,"footnotes":""},"categories":[86,102],"tags":[70,1488,2608],"class_list":["post-13423","post","type-post","status-publish","format-standard","has-post-thumbnail","hentry","category-depositos-flexibles","category-todo-sobre-el-agua-de-lluvia","tag-agua-de-lluvia","tag-agua-potable","tag-ciclo-del-agua"],"yoast_head":"<!-- This site is optimized with the Yoast SEO plugin v27.5 - https:\/\/yoast.com\/product\/yoast-seo-wordpress\/ -->\n<title>El ciclo del agua: \u00bfde d\u00f3nde procede el agua que utilizamos cada d\u00eda? - Blog Ma Citerne Ecolo<\/title>\n<meta name=\"description\" content=\"Utilizamos agua todos los d\u00edas, pero \u00bfsabemos realmente de d\u00f3nde viene? Descubre todos los secretos del ciclo del agua.\" \/>\n<meta name=\"robots\" content=\"index, follow, max-snippet:-1, max-image-preview:large, max-video-preview:-1\" \/>\n<link rel=\"canonical\" href=\"https:\/\/blog.maciterneecolo.fr\/es\/el-ciclo-del-agua-de-donde-procede-el-agua-que-utilizamos-cada-dia\/\" \/>\n<meta property=\"og:locale\" content=\"es_ES\" \/>\n<meta property=\"og:type\" content=\"article\" \/>\n<meta property=\"og:title\" content=\"El ciclo del agua: \u00bfde d\u00f3nde procede el agua que utilizamos cada d\u00eda? - Blog Ma Citerne Ecolo\" \/>\n<meta property=\"og:description\" content=\"Utilizamos agua todos los d\u00edas, pero \u00bfsabemos realmente de d\u00f3nde viene? Descubre todos los secretos del ciclo del agua.\" \/>\n<meta property=\"og:url\" content=\"https:\/\/blog.maciterneecolo.fr\/es\/el-ciclo-del-agua-de-donde-procede-el-agua-que-utilizamos-cada-dia\/\" \/>\n<meta property=\"og:site_name\" content=\"Blog Ma Citerne Ecolo\" \/>\n<meta property=\"article:published_time\" content=\"2025-02-18T08:30:00+00:00\" \/>\n<meta property=\"og:image\" content=\"https:\/\/blog.maciterneecolo.fr\/wp-content\/uploads\/2025\/02\/cycle-de-leau-scaled.jpg\" \/>\n\t<meta property=\"og:image:width\" content=\"2560\" \/>\n\t<meta property=\"og:image:height\" content=\"1704\" \/>\n\t<meta property=\"og:image:type\" content=\"image\/jpeg\" \/>\n<meta name=\"author\" content=\"B\u00e9n\u00e9dicte Rebolloso\" \/>\n<meta name=\"twitter:card\" content=\"summary_large_image\" \/>\n<meta name=\"twitter:label1\" content=\"Escrito por\" \/>\n\t<meta name=\"twitter:data1\" content=\"B\u00e9n\u00e9dicte Rebolloso\" \/>\n\t<meta name=\"twitter:label2\" content=\"Tiempo de lectura\" \/>\n\t<meta name=\"twitter:data2\" content=\"9 minutos\" \/>\n<script type=\"application\/ld+json\" class=\"yoast-schema-graph\">{\"@context\":\"https:\\\/\\\/schema.org\",\"@graph\":[{\"@type\":\"Article\",\"@id\":\"https:\\\/\\\/blog.maciterneecolo.fr\\\/es\\\/el-ciclo-del-agua-de-donde-procede-el-agua-que-utilizamos-cada-dia\\\/#article\",\"isPartOf\":{\"@id\":\"https:\\\/\\\/blog.maciterneecolo.fr\\\/es\\\/el-ciclo-del-agua-de-donde-procede-el-agua-que-utilizamos-cada-dia\\\/\"},\"author\":{\"name\":\"B\u00e9n\u00e9dicte Rebolloso\",\"@id\":\"https:\\\/\\\/blog.maciterneecolo.fr\\\/es\\\/#\\\/schema\\\/person\\\/fe50d00b4e639107698e1ddead236943\"},\"headline\":\"El ciclo del agua: \u00bfde d\u00f3nde procede el agua que utilizamos cada d\u00eda?\",\"datePublished\":\"2025-02-18T08:30:00+00:00\",\"mainEntityOfPage\":{\"@id\":\"https:\\\/\\\/blog.maciterneecolo.fr\\\/es\\\/el-ciclo-del-agua-de-donde-procede-el-agua-que-utilizamos-cada-dia\\\/\"},\"wordCount\":1745,\"commentCount\":0,\"publisher\":{\"@id\":\"https:\\\/\\\/blog.maciterneecolo.fr\\\/es\\\/#organization\"},\"image\":{\"@id\":\"https:\\\/\\\/blog.maciterneecolo.fr\\\/es\\\/el-ciclo-del-agua-de-donde-procede-el-agua-que-utilizamos-cada-dia\\\/#primaryimage\"},\"thumbnailUrl\":\"https:\\\/\\\/blog.maciterneecolo.fr\\\/wp-content\\\/uploads\\\/2025\\\/02\\\/cycle-de-leau-scaled.jpg\",\"keywords\":[\"agua de lluvia\",\"agua potable\",\"ciclo del agua\"],\"articleSection\":[\"Dep\u00f3sitos flexibles\",\"Todo sobre el agua de lluvia\"],\"inLanguage\":\"es\",\"potentialAction\":[{\"@type\":\"CommentAction\",\"name\":\"Comment\",\"target\":[\"https:\\\/\\\/blog.maciterneecolo.fr\\\/es\\\/el-ciclo-del-agua-de-donde-procede-el-agua-que-utilizamos-cada-dia\\\/#respond\"]}]},{\"@type\":\"WebPage\",\"@id\":\"https:\\\/\\\/blog.maciterneecolo.fr\\\/es\\\/el-ciclo-del-agua-de-donde-procede-el-agua-que-utilizamos-cada-dia\\\/\",\"url\":\"https:\\\/\\\/blog.maciterneecolo.fr\\\/es\\\/el-ciclo-del-agua-de-donde-procede-el-agua-que-utilizamos-cada-dia\\\/\",\"name\":\"El ciclo del agua: \u00bfde d\u00f3nde procede el agua que utilizamos cada d\u00eda? - Blog Ma Citerne Ecolo\",\"isPartOf\":{\"@id\":\"https:\\\/\\\/blog.maciterneecolo.fr\\\/es\\\/#website\"},\"primaryImageOfPage\":{\"@id\":\"https:\\\/\\\/blog.maciterneecolo.fr\\\/es\\\/el-ciclo-del-agua-de-donde-procede-el-agua-que-utilizamos-cada-dia\\\/#primaryimage\"},\"image\":{\"@id\":\"https:\\\/\\\/blog.maciterneecolo.fr\\\/es\\\/el-ciclo-del-agua-de-donde-procede-el-agua-que-utilizamos-cada-dia\\\/#primaryimage\"},\"thumbnailUrl\":\"https:\\\/\\\/blog.maciterneecolo.fr\\\/wp-content\\\/uploads\\\/2025\\\/02\\\/cycle-de-leau-scaled.jpg\",\"datePublished\":\"2025-02-18T08:30:00+00:00\",\"description\":\"Utilizamos agua todos los d\u00edas, pero \u00bfsabemos realmente de d\u00f3nde viene? Descubre todos los secretos del ciclo del agua.\",\"breadcrumb\":{\"@id\":\"https:\\\/\\\/blog.maciterneecolo.fr\\\/es\\\/el-ciclo-del-agua-de-donde-procede-el-agua-que-utilizamos-cada-dia\\\/#breadcrumb\"},\"inLanguage\":\"es\",\"potentialAction\":[{\"@type\":\"ReadAction\",\"target\":[\"https:\\\/\\\/blog.maciterneecolo.fr\\\/es\\\/el-ciclo-del-agua-de-donde-procede-el-agua-que-utilizamos-cada-dia\\\/\"]}]},{\"@type\":\"ImageObject\",\"inLanguage\":\"es\",\"@id\":\"https:\\\/\\\/blog.maciterneecolo.fr\\\/es\\\/el-ciclo-del-agua-de-donde-procede-el-agua-que-utilizamos-cada-dia\\\/#primaryimage\",\"url\":\"https:\\\/\\\/blog.maciterneecolo.fr\\\/wp-content\\\/uploads\\\/2025\\\/02\\\/cycle-de-leau-scaled.jpg\",\"contentUrl\":\"https:\\\/\\\/blog.maciterneecolo.fr\\\/wp-content\\\/uploads\\\/2025\\\/02\\\/cycle-de-leau-scaled.jpg\",\"width\":2560,\"height\":1704},{\"@type\":\"BreadcrumbList\",\"@id\":\"https:\\\/\\\/blog.maciterneecolo.fr\\\/es\\\/el-ciclo-del-agua-de-donde-procede-el-agua-que-utilizamos-cada-dia\\\/#breadcrumb\",\"itemListElement\":[{\"@type\":\"ListItem\",\"position\":1,\"name\":\"Accueil\",\"item\":\"https:\\\/\\\/blog.maciterneecolo.fr\\\/es\\\/\"},{\"@type\":\"ListItem\",\"position\":2,\"name\":\"El ciclo del agua: \u00bfde d\u00f3nde procede el agua que utilizamos cada d\u00eda?\"}]},{\"@type\":\"WebSite\",\"@id\":\"https:\\\/\\\/blog.maciterneecolo.fr\\\/es\\\/#website\",\"url\":\"https:\\\/\\\/blog.maciterneecolo.fr\\\/es\\\/\",\"name\":\"Blog Ma Citerne Ecolo\",\"description\":\"Leader dans le domaine de la citerne souple d&#039;eau de pluie\",\"publisher\":{\"@id\":\"https:\\\/\\\/blog.maciterneecolo.fr\\\/es\\\/#organization\"},\"potentialAction\":[{\"@type\":\"SearchAction\",\"target\":{\"@type\":\"EntryPoint\",\"urlTemplate\":\"https:\\\/\\\/blog.maciterneecolo.fr\\\/es\\\/?s={search_term_string}\"},\"query-input\":{\"@type\":\"PropertyValueSpecification\",\"valueRequired\":true,\"valueName\":\"search_term_string\"}}],\"inLanguage\":\"es\"},{\"@type\":\"Organization\",\"@id\":\"https:\\\/\\\/blog.maciterneecolo.fr\\\/es\\\/#organization\",\"name\":\"Blog Ma Citerne Ecolo\",\"url\":\"https:\\\/\\\/blog.maciterneecolo.fr\\\/es\\\/\",\"logo\":{\"@type\":\"ImageObject\",\"inLanguage\":\"es\",\"@id\":\"https:\\\/\\\/blog.maciterneecolo.fr\\\/es\\\/#\\\/schema\\\/logo\\\/image\\\/\",\"url\":\"https:\\\/\\\/blog.maciterneecolo.fr\\\/wp-content\\\/uploads\\\/2022\\\/12\\\/cropped-favicon-blog.png\",\"contentUrl\":\"https:\\\/\\\/blog.maciterneecolo.fr\\\/wp-content\\\/uploads\\\/2022\\\/12\\\/cropped-favicon-blog.png\",\"width\":512,\"height\":512,\"caption\":\"Blog Ma Citerne Ecolo\"},\"image\":{\"@id\":\"https:\\\/\\\/blog.maciterneecolo.fr\\\/es\\\/#\\\/schema\\\/logo\\\/image\\\/\"}},{\"@type\":\"Person\",\"@id\":\"https:\\\/\\\/blog.maciterneecolo.fr\\\/es\\\/#\\\/schema\\\/person\\\/fe50d00b4e639107698e1ddead236943\",\"name\":\"B\u00e9n\u00e9dicte Rebolloso\",\"image\":{\"@type\":\"ImageObject\",\"inLanguage\":\"es\",\"@id\":\"https:\\\/\\\/secure.gravatar.com\\\/avatar\\\/ffa759db2a4d8ebb52a58b89d3dc2a9f0395a5122bb839045a145d6585de1126?s=96&d=mm&r=g\",\"url\":\"https:\\\/\\\/secure.gravatar.com\\\/avatar\\\/ffa759db2a4d8ebb52a58b89d3dc2a9f0395a5122bb839045a145d6585de1126?s=96&d=mm&r=g\",\"contentUrl\":\"https:\\\/\\\/secure.gravatar.com\\\/avatar\\\/ffa759db2a4d8ebb52a58b89d3dc2a9f0395a5122bb839045a145d6585de1126?s=96&d=mm&r=g\",\"caption\":\"B\u00e9n\u00e9dicte Rebolloso\"},\"url\":\"https:\\\/\\\/blog.maciterneecolo.fr\\\/es\\\/author\\\/benedicterebolloso\\\/\"}]}<\/script>\n<!-- \/ Yoast SEO plugin. -->","yoast_head_json":{"title":"El ciclo del agua: \u00bfde d\u00f3nde procede el agua que utilizamos cada d\u00eda? - Blog Ma Citerne Ecolo","description":"Utilizamos agua todos los d\u00edas, pero \u00bfsabemos realmente de d\u00f3nde viene? Descubre todos los secretos del ciclo del agua.","robots":{"index":"index","follow":"follow","max-snippet":"max-snippet:-1","max-image-preview":"max-image-preview:large","max-video-preview":"max-video-preview:-1"},"canonical":"https:\/\/blog.maciterneecolo.fr\/es\/el-ciclo-del-agua-de-donde-procede-el-agua-que-utilizamos-cada-dia\/","og_locale":"es_ES","og_type":"article","og_title":"El ciclo del agua: \u00bfde d\u00f3nde procede el agua que utilizamos cada d\u00eda? - Blog Ma Citerne Ecolo","og_description":"Utilizamos agua todos los d\u00edas, pero \u00bfsabemos realmente de d\u00f3nde viene? Descubre todos los secretos del ciclo del agua.","og_url":"https:\/\/blog.maciterneecolo.fr\/es\/el-ciclo-del-agua-de-donde-procede-el-agua-que-utilizamos-cada-dia\/","og_site_name":"Blog Ma Citerne Ecolo","article_published_time":"2025-02-18T08:30:00+00:00","og_image":[{"width":2560,"height":1704,"url":"https:\/\/blog.maciterneecolo.fr\/wp-content\/uploads\/2025\/02\/cycle-de-leau-scaled.jpg","type":"image\/jpeg"}],"author":"B\u00e9n\u00e9dicte Rebolloso","twitter_card":"summary_large_image","twitter_misc":{"Escrito por":"B\u00e9n\u00e9dicte Rebolloso","Tiempo de lectura":"9 minutos"},"schema":{"@context":"https:\/\/schema.org","@graph":[{"@type":"Article","@id":"https:\/\/blog.maciterneecolo.fr\/es\/el-ciclo-del-agua-de-donde-procede-el-agua-que-utilizamos-cada-dia\/#article","isPartOf":{"@id":"https:\/\/blog.maciterneecolo.fr\/es\/el-ciclo-del-agua-de-donde-procede-el-agua-que-utilizamos-cada-dia\/"},"author":{"name":"B\u00e9n\u00e9dicte Rebolloso","@id":"https:\/\/blog.maciterneecolo.fr\/es\/#\/schema\/person\/fe50d00b4e639107698e1ddead236943"},"headline":"El ciclo del agua: \u00bfde d\u00f3nde procede el agua que utilizamos cada d\u00eda?","datePublished":"2025-02-18T08:30:00+00:00","mainEntityOfPage":{"@id":"https:\/\/blog.maciterneecolo.fr\/es\/el-ciclo-del-agua-de-donde-procede-el-agua-que-utilizamos-cada-dia\/"},"wordCount":1745,"commentCount":0,"publisher":{"@id":"https:\/\/blog.maciterneecolo.fr\/es\/#organization"},"image":{"@id":"https:\/\/blog.maciterneecolo.fr\/es\/el-ciclo-del-agua-de-donde-procede-el-agua-que-utilizamos-cada-dia\/#primaryimage"},"thumbnailUrl":"https:\/\/blog.maciterneecolo.fr\/wp-content\/uploads\/2025\/02\/cycle-de-leau-scaled.jpg","keywords":["agua de lluvia","agua potable","ciclo del agua"],"articleSection":["Dep\u00f3sitos flexibles","Todo sobre el agua de lluvia"],"inLanguage":"es","potentialAction":[{"@type":"CommentAction","name":"Comment","target":["https:\/\/blog.maciterneecolo.fr\/es\/el-ciclo-del-agua-de-donde-procede-el-agua-que-utilizamos-cada-dia\/#respond"]}]},{"@type":"WebPage","@id":"https:\/\/blog.maciterneecolo.fr\/es\/el-ciclo-del-agua-de-donde-procede-el-agua-que-utilizamos-cada-dia\/","url":"https:\/\/blog.maciterneecolo.fr\/es\/el-ciclo-del-agua-de-donde-procede-el-agua-que-utilizamos-cada-dia\/","name":"El ciclo del agua: \u00bfde d\u00f3nde procede el agua que utilizamos cada d\u00eda? - Blog Ma Citerne Ecolo","isPartOf":{"@id":"https:\/\/blog.maciterneecolo.fr\/es\/#website"},"primaryImageOfPage":{"@id":"https:\/\/blog.maciterneecolo.fr\/es\/el-ciclo-del-agua-de-donde-procede-el-agua-que-utilizamos-cada-dia\/#primaryimage"},"image":{"@id":"https:\/\/blog.maciterneecolo.fr\/es\/el-ciclo-del-agua-de-donde-procede-el-agua-que-utilizamos-cada-dia\/#primaryimage"},"thumbnailUrl":"https:\/\/blog.maciterneecolo.fr\/wp-content\/uploads\/2025\/02\/cycle-de-leau-scaled.jpg","datePublished":"2025-02-18T08:30:00+00:00","description":"Utilizamos agua todos los d\u00edas, pero \u00bfsabemos realmente de d\u00f3nde viene? Descubre todos los secretos del ciclo del agua.","breadcrumb":{"@id":"https:\/\/blog.maciterneecolo.fr\/es\/el-ciclo-del-agua-de-donde-procede-el-agua-que-utilizamos-cada-dia\/#breadcrumb"},"inLanguage":"es","potentialAction":[{"@type":"ReadAction","target":["https:\/\/blog.maciterneecolo.fr\/es\/el-ciclo-del-agua-de-donde-procede-el-agua-que-utilizamos-cada-dia\/"]}]},{"@type":"ImageObject","inLanguage":"es","@id":"https:\/\/blog.maciterneecolo.fr\/es\/el-ciclo-del-agua-de-donde-procede-el-agua-que-utilizamos-cada-dia\/#primaryimage","url":"https:\/\/blog.maciterneecolo.fr\/wp-content\/uploads\/2025\/02\/cycle-de-leau-scaled.jpg","contentUrl":"https:\/\/blog.maciterneecolo.fr\/wp-content\/uploads\/2025\/02\/cycle-de-leau-scaled.jpg","width":2560,"height":1704},{"@type":"BreadcrumbList","@id":"https:\/\/blog.maciterneecolo.fr\/es\/el-ciclo-del-agua-de-donde-procede-el-agua-que-utilizamos-cada-dia\/#breadcrumb","itemListElement":[{"@type":"ListItem","position":1,"name":"Accueil","item":"https:\/\/blog.maciterneecolo.fr\/es\/"},{"@type":"ListItem","position":2,"name":"El ciclo del agua: \u00bfde d\u00f3nde procede el agua que utilizamos cada d\u00eda?"}]},{"@type":"WebSite","@id":"https:\/\/blog.maciterneecolo.fr\/es\/#website","url":"https:\/\/blog.maciterneecolo.fr\/es\/","name":"Blog Ma Citerne Ecolo","description":"Leader dans le domaine de la citerne souple d&#039;eau de pluie","publisher":{"@id":"https:\/\/blog.maciterneecolo.fr\/es\/#organization"},"potentialAction":[{"@type":"SearchAction","target":{"@type":"EntryPoint","urlTemplate":"https:\/\/blog.maciterneecolo.fr\/es\/?s={search_term_string}"},"query-input":{"@type":"PropertyValueSpecification","valueRequired":true,"valueName":"search_term_string"}}],"inLanguage":"es"},{"@type":"Organization","@id":"https:\/\/blog.maciterneecolo.fr\/es\/#organization","name":"Blog Ma Citerne Ecolo","url":"https:\/\/blog.maciterneecolo.fr\/es\/","logo":{"@type":"ImageObject","inLanguage":"es","@id":"https:\/\/blog.maciterneecolo.fr\/es\/#\/schema\/logo\/image\/","url":"https:\/\/blog.maciterneecolo.fr\/wp-content\/uploads\/2022\/12\/cropped-favicon-blog.png","contentUrl":"https:\/\/blog.maciterneecolo.fr\/wp-content\/uploads\/2022\/12\/cropped-favicon-blog.png","width":512,"height":512,"caption":"Blog Ma Citerne Ecolo"},"image":{"@id":"https:\/\/blog.maciterneecolo.fr\/es\/#\/schema\/logo\/image\/"}},{"@type":"Person","@id":"https:\/\/blog.maciterneecolo.fr\/es\/#\/schema\/person\/fe50d00b4e639107698e1ddead236943","name":"B\u00e9n\u00e9dicte Rebolloso","image":{"@type":"ImageObject","inLanguage":"es","@id":"https:\/\/secure.gravatar.com\/avatar\/ffa759db2a4d8ebb52a58b89d3dc2a9f0395a5122bb839045a145d6585de1126?s=96&d=mm&r=g","url":"https:\/\/secure.gravatar.com\/avatar\/ffa759db2a4d8ebb52a58b89d3dc2a9f0395a5122bb839045a145d6585de1126?s=96&d=mm&r=g","contentUrl":"https:\/\/secure.gravatar.com\/avatar\/ffa759db2a4d8ebb52a58b89d3dc2a9f0395a5122bb839045a145d6585de1126?s=96&d=mm&r=g","caption":"B\u00e9n\u00e9dicte Rebolloso"},"url":"https:\/\/blog.maciterneecolo.fr\/es\/author\/benedicterebolloso\/"}]}},"_links":{"self":[{"href":"https:\/\/blog.maciterneecolo.fr\/es\/wp-json\/wp\/v2\/posts\/13423","targetHints":{"allow":["GET"]}}],"collection":[{"href":"https:\/\/blog.maciterneecolo.fr\/es\/wp-json\/wp\/v2\/posts"}],"about":[{"href":"https:\/\/blog.maciterneecolo.fr\/es\/wp-json\/wp\/v2\/types\/post"}],"author":[{"embeddable":true,"href":"https:\/\/blog.maciterneecolo.fr\/es\/wp-json\/wp\/v2\/users\/4"}],"replies":[{"embeddable":true,"href":"https:\/\/blog.maciterneecolo.fr\/es\/wp-json\/wp\/v2\/comments?post=13423"}],"version-history":[{"count":1,"href":"https:\/\/blog.maciterneecolo.fr\/es\/wp-json\/wp\/v2\/posts\/13423\/revisions"}],"predecessor-version":[{"id":13424,"href":"https:\/\/blog.maciterneecolo.fr\/es\/wp-json\/wp\/v2\/posts\/13423\/revisions\/13424"}],"wp:featuredmedia":[{"embeddable":true,"href":"https:\/\/blog.maciterneecolo.fr\/es\/wp-json\/wp\/v2\/media\/13410"}],"wp:attachment":[{"href":"https:\/\/blog.maciterneecolo.fr\/es\/wp-json\/wp\/v2\/media?parent=13423"}],"wp:term":[{"taxonomy":"category","embeddable":true,"href":"https:\/\/blog.maciterneecolo.fr\/es\/wp-json\/wp\/v2\/categories?post=13423"},{"taxonomy":"post_tag","embeddable":true,"href":"https:\/\/blog.maciterneecolo.fr\/es\/wp-json\/wp\/v2\/tags?post=13423"}],"curies":[{"name":"wp","href":"https:\/\/api.w.org\/{rel}","templated":true}]}}