{"id":13439,"date":"2025-02-26T15:00:00","date_gmt":"2025-02-26T15:00:00","guid":{"rendered":"https:\/\/blog.maciterneecolo.fr\/?p=13439"},"modified":"2025-02-07T15:49:53","modified_gmt":"2025-02-07T15:49:53","slug":"el-impacto-de-la-sequia-en-nuestra-vida-cotidiana-lo-que-debes-saber","status":"publish","type":"post","link":"https:\/\/blog.maciterneecolo.fr\/es\/el-impacto-de-la-sequia-en-nuestra-vida-cotidiana-lo-que-debes-saber\/","title":{"rendered":"El impacto de la sequ\u00eda en nuestra vida cotidiana: lo que debes saber"},"content":{"rendered":"\n<p>La sequ\u00eda es un fen\u00f3meno natural que est\u00e1 aumentando en intensidad y frecuencia, sobre todo en Francia y en muchos otros pa\u00edses. Con el calentamiento global, los periodos de sequ\u00eda son cada vez m\u00e1s largos y graves, poniendo en peligro el acceso al agua potable, la agricultura y el equilibrio de los ecosistemas. La falta de precipitaciones provoca niveles de agua peligrosamente bajos en r\u00edos y capas fre\u00e1ticas, lo que aumenta los riesgos para las personas y las infraestructuras. Adem\u00e1s de sus efectos directos, la sequ\u00eda tambi\u00e9n repercute en las inundaciones: tras un periodo de sequ\u00eda extrema, los suelos secos ya no absorben el agua adecuadamente, lo que aumenta el riesgo de inundaciones repentinas.   <\/p>\n\n<p>Francia, como muchos otros pa\u00edses con climas diferentes, necesita tomar medidas adecuadas para limitar los efectos de estas sequ\u00edas extremas. Comprender las causas y consecuencias de estos episodios es esencial para estar mejor preparados. Afortunadamente, existen soluciones para gestionar este precioso recurso, sobre todo mediante el uso de recolectores de agua de lluvia y cisternas flexibles.  <\/p>\n\n<h2 class=\"wp-block-heading\"><mark style=\"background-color:rgba(0, 0, 0, 0)\" class=\"has-inline-color has-vivid-cyan-blue-color\">1. La sequ\u00eda: un fen\u00f3meno con m\u00faltiples consecuencias<\/mark><\/h2>\n\n<h3 class=\"wp-block-heading\">Presi\u00f3n significativa sobre los recursos h\u00eddricos<\/h3>\n\n<p>Los periodos prolongados de sequ\u00eda est\u00e1n provocando un descenso de las reservas de agua disponibles, que afecta a las aguas subterr\u00e1neas, los r\u00edos y los embalses. Como consecuencia, aumentan las restricciones de agua, que limitan el uso dom\u00e9stico y agr\u00edcola. Esta presi\u00f3n sobre los recursos tambi\u00e9n est\u00e1 repercutiendo en el suministro de agua potable a ciudades y pueblos, obligando a veces a las autoridades a introducir cortes temporales. Algunas zonas han tenido que recurrir a soluciones de emergencia, como el transporte de agua en camiones cisterna o la construcci\u00f3n de nuevas instalaciones de almacenamiento y tratamiento.   <\/p>\n\n<p>Las sequ\u00edas repetidas tambi\u00e9n est\u00e1n alterando el equilibrio de los cursos de agua y aumentando las tensiones entre los sectores que dependen del agua, como la agricultura, la industria y el consumo humano. Este fen\u00f3meno exige una r\u00e1pida adaptaci\u00f3n de las pol\u00edticas de gesti\u00f3n del agua en Francia y en el resto del mundo. <\/p>\n\n<h3 class=\"wp-block-heading\">Un impacto directo en la agricultura<\/h3>\n\n<p>La agricultura es uno de los sectores m\u00e1s afectados por la sequ\u00eda. La falta de agua reduce el rendimiento de los cultivos y puede incluso causar p\u00e9rdidas masivas a los agricultores. Los suelos faltos de humedad se vuelven menos f\u00e9rtiles, lo que dificulta el cultivo de verduras, cereales y frutas. Esta situaci\u00f3n tambi\u00e9n repercute en los precios de los alimentos, que suben debido a la escasez de productos. La ganader\u00eda tambi\u00e9n se ve afectada: la falta de pastos y agua est\u00e1 provocando un descenso de la producci\u00f3n de leche y carne, lo que aumenta los costes para los consumidores.    <\/p>\n\n<p>A largo plazo, el desarrollo de t\u00e9cnicas agr\u00edcolas m\u00e1s resistentes al clima y la adopci\u00f3n de cultivos que requieran menos agua son medidas esenciales para garantizar la seguridad alimentaria.<\/p>\n\n<h3 class=\"wp-block-heading\">Mayor riesgo de incendio<\/h3>\n\n<p>Los periodos prolongados de sequ\u00eda aumentan considerablemente el riesgo de incendios forestales. La vegetaci\u00f3n seca se vuelve muy inflamable, lo que facilita la r\u00e1pida propagaci\u00f3n de los incendios. Cada a\u00f1o, incendios devastadores destruyen miles de hect\u00e1reas de bosque en muchas partes del mundo, poniendo en peligro hogares y comunidades. Estos incendios tambi\u00e9n tienen consecuencias a largo plazo para la biodiversidad y la calidad del suelo, que tarda a\u00f1os en regenerarse.   <\/p>\n\n<p>El calentamiento global est\u00e1 exacerbando estos riesgos al crear condiciones meteorol\u00f3gicas m\u00e1s favorables a los incendios forestales, con altas temperaturas y fuertes vientos que empeoran la situaci\u00f3n.<\/p>\n\n<h2 class=\"wp-block-heading\"><mark style=\"background-color:rgba(0, 0, 0, 0)\" class=\"has-inline-color has-vivid-cyan-blue-color\">2. C\u00f3mo afecta la sequ\u00eda a nuestra vida cotidiana<\/mark><\/h2>\n\n<h3 class=\"wp-block-heading\">Restricciones de agua y adaptaci\u00f3n de los usos dom\u00e9sticos<\/h3>\n\n<p>Cuando baja el nivel del agua, <a href=\"https:\/\/blog.maciterneecolo.fr\/es\/como-podemos-evitar-las-restricciones-de-agua-potable-en-2024\/\">las autoridades imponen restricciones para evitar la escasez<\/a>. Esto puede incluir la prohibici\u00f3n de regar los jardines, llenar las piscinas o lavar los coches. Para adaptarse, muchas familias est\u00e1n cambiando sus h\u00e1bitos de consumo, cambiando a equipos m\u00e1s eficientes en el uso del agua y adoptando gestos sencillos como reutilizar las aguas residuales para regar.  <\/p>\n\n<p>Las empresas e industrias tambi\u00e9n se ven afectadas por estas restricciones y a menudo tienen que revisar sus procesos para limitar su consumo de agua. Algunas industrias est\u00e1n invirtiendo en sistemas de reciclaje de agua, reduciendo as\u00ed su huella h\u00eddrica y su dependencia de los recursos de agua potable. <\/p>\n\n<h3 class=\"wp-block-heading\">Aumento de los precios del agua y los alimentos<\/h3>\n\n<p>A medida que el agua escasea, su coste tiende a aumentar, lo que repercute directamente en los hogares. Adem\u00e1s, el descenso de la producci\u00f3n agr\u00edcola hace subir los precios de los alimentos, lo que supone una carga para los presupuestos familiares. As\u00ed pues, la sequ\u00eda se est\u00e1 convirtiendo en un problema econ\u00f3mico de primer orden, que afecta no s\u00f3lo a la vida cotidiana de las personas, sino tambi\u00e9n a la econom\u00eda nacional.  <\/p>\n\n<p>Adem\u00e1s, el turismo y ciertas actividades econ\u00f3micas que dependen en gran medida del agua, como los parques acu\u00e1ticos y los campos de golf, pueden sufrir un descenso del n\u00famero de visitantes, lo que agravar\u00eda las p\u00e9rdidas econ\u00f3micas locales.<\/p>\n\n<h2 class=\"wp-block-heading\"><mark style=\"background-color:rgba(0, 0, 0, 0)\" class=\"has-inline-color has-vivid-cyan-blue-color\">3. Soluciones para mitigar el impacto de la sequ\u00eda<\/mark><\/h2>\n\n<h3 class=\"wp-block-heading\">La importancia de los colectores de agua de lluvia<\/h3>\n\n<p>Ante los periodos de sequ\u00eda, la instalaci\u00f3n de <a href=\"https:\/\/www.maciterneecolo.fr\/fr\/3-citernes-souples\">colectores de agua de lluvia<\/a> se est\u00e1 convirtiendo en una soluci\u00f3n esencial para preservar los recursos. Estos sistemas recogen y almacenan el agua de lluvia para uso dom\u00e9stico, reduciendo la dependencia de las redes p\u00fablicas. Al captar el agua cuando llueve, proporcionan una valiosa reserva para los periodos de sequ\u00eda, limitando la presi\u00f3n sobre las aguas subterr\u00e1neas y los dep\u00f3sitos de agua potable.  <\/p>\n\n<p>Los sistemas de recogida de agua de lluvia son especialmente eficaces para usos que no requieren agua potable, como el riego de jardines, el lavado de veh\u00edculos, la descarga de inodoros o el riego de cultivos agr\u00edcolas. Integrando estos sistemas en viviendas e infraestructuras, los particulares y las autoridades locales pueden reducir considerablemente su consumo de agua potable, algo esencial en tiempos de sequ\u00eda, cuando las restricciones de agua son cada vez m\u00e1s frecuentes. <\/p>\n\n<p>Adem\u00e1s, su instalaci\u00f3n es relativamente sencilla y r\u00e1pida, y la inversi\u00f3n se amortiza r\u00e1pidamente gracias al ahorro en la factura del agua. En las ciudades y pueblos, el uso generalizado de los recolectores de agua de lluvia podr\u00eda contribuir a una gesti\u00f3n m\u00e1s equilibrada de los recursos h\u00eddricos y mitigar los efectos del cambio clim\u00e1tico sobre la disponibilidad de agua. <\/p>\n\n<p>Ante los periodos de sequ\u00eda, la instalaci\u00f3n de colectores de agua de lluvia se est\u00e1 convirtiendo en una soluci\u00f3n esencial para preservar los recursos. Estos sistemas recogen y almacenan el agua de lluvia para uso dom\u00e9stico, reduciendo la dependencia de las redes p\u00fablicas. <\/p>\n\n<h3 class=\"wp-block-heading\">Cisternas flexibles: una alternativa pr\u00e1ctica y eficaz<\/h3>\n\n<p>Los dep\u00f3sitos flexibles son una alternativa ideal para almacenar agua durante los periodos de sequ\u00eda. F\u00e1ciles de instalar y adaptables a distintos entornos, pueden almacenar grandes vol\u00famenes de agua optimizando el espacio disponible. A diferencia de los dep\u00f3sitos r\u00edgidos, se pueden instalar sin grandes obras y se pueden trasladar cuando sea necesario.  <\/p>\n\n<p>Su flexibilidad permite almacenarlas temporal o permanentemente para diversos usos: regar jardines, suministrar agua a los animales, limpiar superficies exteriores o llenar dep\u00f3sitos sanitarios. En el sector agr\u00edcola, proporcionan una reserva de agua para el riego, limitando el impacto de las restricciones de agua durante los periodos de sequ\u00eda. Adem\u00e1s, su coste suele ser inferior al de las soluciones tradicionales, lo que las hace m\u00e1s accesibles a particulares y profesionales.  <\/p>\n\n<p>Gracias a las cisternas flexibles, los hogares pueden reducir su dependencia de las redes p\u00fablicas de agua y autoabastecerse de agua. Con el calentamiento global y el aumento de las sequ\u00edas extremas, este equipamiento se est\u00e1 convirtiendo en una soluci\u00f3n esencial para gestionar mejor los recursos h\u00eddricos y anticiparse a los periodos de escasez. <\/p>\n\n<p>Los dep\u00f3sitos flexibles son una alternativa ideal para almacenar agua durante los periodos de sequ\u00eda. F\u00e1ciles de instalar y adaptables a distintos entornos, pueden almacenar grandes vol\u00famenes de agua optimizando el espacio disponible. <\/p>\n\n<h3 class=\"wp-block-heading\">Optimizar el consumo de agua<\/h3>\n\n<p>Adem\u00e1s de instalar sistemas de recuperaci\u00f3n de agua, es esencial adoptar un comportamiento responsable para limitar el despilfarro. <a href=\"https:\/\/blog.maciterneecolo.fr\/es\/como-puedes-reducir-el-consumo-de-agua-en-tu-casa-para-ahorrar-dinero\/\">Una gesti\u00f3n optimizada del consumo de agua<\/a> implica instalar equipos eficientes, como grifos de bajo caudal, cabezales de ducha de bajo consumo y sistemas de doble descarga. Estos dispositivos pueden reducir significativamente el consumo de agua potable sin afectar al confort cotidiano. <\/p>\n\n<p>En zonas sometidas a sequ\u00edas recurrentes, el uso de cisternas flexibles puede desempe\u00f1ar un papel clave. Al almacenar el agua de lluvia para su uso diferido, estas cisternas flexibles ofrecen una alternativa eficaz a las restricciones impuestas por las redes p\u00fablicas. Pueden utilizarse para suministrar agua para regar jardines, lavar suelos e incluso para determinadas actividades industriales que requieren un consumo controlado.  <\/p>\n\n<p>Tambi\u00e9n es importante sensibilizar a la poblaci\u00f3n sobre la necesidad de gestionar mejor este recurso. Muchas autoridades locales han puesto en marcha campa\u00f1as de comunicaci\u00f3n sobre cosas sencillas que se pueden hacer a diario, como evitar dejar correr el agua innecesariamente, favorecer los ciclos de lavado cortos o recuperar el agua de la cocina para regar. Estas medidas, aunque b\u00e1sicas, contribuyen a reducir la presi\u00f3n sobre los recursos h\u00eddricos y a minimizar los efectos de los periodos de sequ\u00eda en la vida cotidiana.  <\/p>\n\n<p>Adem\u00e1s de instalar sistemas de recuperaci\u00f3n de agua, es esencial adoptar un comportamiento responsable para limitar el despilfarro.<\/p>\n\n<h2 class=\"wp-block-heading\"><mark style=\"background-color:rgba(0, 0, 0, 0)\" class=\"has-inline-color has-vivid-cyan-blue-color\">Conclusi\u00f3n<\/mark><\/h2>\n\n<p>La sequ\u00eda es un reto creciente para Francia y muchos otros pa\u00edses, que afecta a los cursos de agua, a las personas y a la agricultura. El aumento de las sequ\u00edas extremas exige una adaptaci\u00f3n r\u00e1pida y medidas eficaces para proteger este recurso vital. Adoptando estrategias sostenibles, como la instalaci\u00f3n de recolectores de agua de lluvia y cisternas flexibles, podemos gestionar mejor nuestros recursos h\u00eddricos y reducir los riesgos asociados a la escasez de agua. Es imperativo que los gobiernos, las industrias y los ciudadanos trabajen juntos hacia un enfoque m\u00e1s respetuoso y eficiente del agua para garantizar un futuro m\u00e1s resistente ante los retos clim\u00e1ticos que se avecinan.   <\/p>\n","protected":false},"excerpt":{"rendered":"<p>La sequ\u00eda es un fen\u00f3meno natural que est\u00e1 aumentando en intensidad y frecuencia, sobre todo en Francia y en muchos otros pa\u00edses. Con el calentamiento global, los periodos de sequ\u00eda son cada vez m\u00e1s largos y graves, poniendo en peligro el acceso al agua potable, la agricultura y el equilibrio de los ecosistemas. La falta [&hellip;]<\/p>\n","protected":false},"author":4,"featured_media":13422,"comment_status":"open","ping_status":"closed","sticky":false,"template":"","format":"standard","meta":{"inline_featured_image":false,"footnotes":""},"categories":[2,102],"tags":[70,1488,323,1373],"class_list":["post-13439","post","type-post","status-publish","format-standard","has-post-thumbnail","hentry","category-sin-categorizar","category-todo-sobre-el-agua-de-lluvia","tag-agua-de-lluvia","tag-agua-potable","tag-recogida-de-aguas-pluviales","tag-sequia"],"yoast_head":"<!-- This site is optimized with the Yoast SEO plugin v27.5 - https:\/\/yoast.com\/product\/yoast-seo-wordpress\/ -->\n<title>El impacto de la sequ\u00eda en nuestra vida cotidiana: lo que debes saber - Blog Ma Citerne Ecolo<\/title>\n<meta name=\"description\" content=\"La sequ\u00eda est\u00e1 afectando a nuestra vida cotidiana, pero hay formas de ahorrar agua. Inf\u00f3rmate en este art\u00edculo.\" \/>\n<meta name=\"robots\" content=\"index, follow, max-snippet:-1, max-image-preview:large, max-video-preview:-1\" \/>\n<link rel=\"canonical\" href=\"https:\/\/blog.maciterneecolo.fr\/es\/el-impacto-de-la-sequia-en-nuestra-vida-cotidiana-lo-que-debes-saber\/\" \/>\n<meta property=\"og:locale\" content=\"es_ES\" \/>\n<meta property=\"og:type\" content=\"article\" \/>\n<meta property=\"og:title\" content=\"El impacto de la sequ\u00eda en nuestra vida cotidiana: lo que debes saber - Blog Ma Citerne Ecolo\" \/>\n<meta property=\"og:description\" content=\"La sequ\u00eda est\u00e1 afectando a nuestra vida cotidiana, pero hay formas de ahorrar agua. Inf\u00f3rmate en este art\u00edculo.\" \/>\n<meta property=\"og:url\" content=\"https:\/\/blog.maciterneecolo.fr\/es\/el-impacto-de-la-sequia-en-nuestra-vida-cotidiana-lo-que-debes-saber\/\" \/>\n<meta property=\"og:site_name\" content=\"Blog Ma Citerne Ecolo\" \/>\n<meta property=\"article:published_time\" content=\"2025-02-26T15:00:00+00:00\" \/>\n<meta property=\"og:image\" content=\"https:\/\/blog.maciterneecolo.fr\/wp-content\/uploads\/2025\/02\/secheresse-scaled.jpg\" \/>\n\t<meta property=\"og:image:width\" content=\"2560\" \/>\n\t<meta property=\"og:image:height\" content=\"1920\" \/>\n\t<meta property=\"og:image:type\" content=\"image\/jpeg\" \/>\n<meta name=\"author\" content=\"B\u00e9n\u00e9dicte Rebolloso\" \/>\n<meta name=\"twitter:card\" content=\"summary_large_image\" \/>\n<meta name=\"twitter:label1\" content=\"Escrito por\" \/>\n\t<meta name=\"twitter:data1\" content=\"B\u00e9n\u00e9dicte Rebolloso\" \/>\n\t<meta name=\"twitter:label2\" content=\"Tiempo de lectura\" \/>\n\t<meta name=\"twitter:data2\" content=\"9 minutos\" \/>\n<script type=\"application\/ld+json\" class=\"yoast-schema-graph\">{\"@context\":\"https:\\\/\\\/schema.org\",\"@graph\":[{\"@type\":\"Article\",\"@id\":\"https:\\\/\\\/blog.maciterneecolo.fr\\\/es\\\/el-impacto-de-la-sequia-en-nuestra-vida-cotidiana-lo-que-debes-saber\\\/#article\",\"isPartOf\":{\"@id\":\"https:\\\/\\\/blog.maciterneecolo.fr\\\/es\\\/el-impacto-de-la-sequia-en-nuestra-vida-cotidiana-lo-que-debes-saber\\\/\"},\"author\":{\"name\":\"B\u00e9n\u00e9dicte Rebolloso\",\"@id\":\"https:\\\/\\\/blog.maciterneecolo.fr\\\/es\\\/#\\\/schema\\\/person\\\/fe50d00b4e639107698e1ddead236943\"},\"headline\":\"El impacto de la sequ\u00eda en nuestra vida cotidiana: lo que debes saber\",\"datePublished\":\"2025-02-26T15:00:00+00:00\",\"mainEntityOfPage\":{\"@id\":\"https:\\\/\\\/blog.maciterneecolo.fr\\\/es\\\/el-impacto-de-la-sequia-en-nuestra-vida-cotidiana-lo-que-debes-saber\\\/\"},\"wordCount\":1808,\"commentCount\":0,\"publisher\":{\"@id\":\"https:\\\/\\\/blog.maciterneecolo.fr\\\/es\\\/#organization\"},\"image\":{\"@id\":\"https:\\\/\\\/blog.maciterneecolo.fr\\\/es\\\/el-impacto-de-la-sequia-en-nuestra-vida-cotidiana-lo-que-debes-saber\\\/#primaryimage\"},\"thumbnailUrl\":\"https:\\\/\\\/blog.maciterneecolo.fr\\\/wp-content\\\/uploads\\\/2025\\\/02\\\/secheresse-scaled.jpg\",\"keywords\":[\"agua de lluvia\",\"agua potable\",\"recogida de aguas pluviales\",\"sequ\u00eda\"],\"articleSection\":[\"Sin categorizar\",\"Todo sobre el agua de lluvia\"],\"inLanguage\":\"es\",\"potentialAction\":[{\"@type\":\"CommentAction\",\"name\":\"Comment\",\"target\":[\"https:\\\/\\\/blog.maciterneecolo.fr\\\/es\\\/el-impacto-de-la-sequia-en-nuestra-vida-cotidiana-lo-que-debes-saber\\\/#respond\"]}]},{\"@type\":\"WebPage\",\"@id\":\"https:\\\/\\\/blog.maciterneecolo.fr\\\/es\\\/el-impacto-de-la-sequia-en-nuestra-vida-cotidiana-lo-que-debes-saber\\\/\",\"url\":\"https:\\\/\\\/blog.maciterneecolo.fr\\\/es\\\/el-impacto-de-la-sequia-en-nuestra-vida-cotidiana-lo-que-debes-saber\\\/\",\"name\":\"El impacto de la sequ\u00eda en nuestra vida cotidiana: lo que debes saber - Blog Ma Citerne Ecolo\",\"isPartOf\":{\"@id\":\"https:\\\/\\\/blog.maciterneecolo.fr\\\/es\\\/#website\"},\"primaryImageOfPage\":{\"@id\":\"https:\\\/\\\/blog.maciterneecolo.fr\\\/es\\\/el-impacto-de-la-sequia-en-nuestra-vida-cotidiana-lo-que-debes-saber\\\/#primaryimage\"},\"image\":{\"@id\":\"https:\\\/\\\/blog.maciterneecolo.fr\\\/es\\\/el-impacto-de-la-sequia-en-nuestra-vida-cotidiana-lo-que-debes-saber\\\/#primaryimage\"},\"thumbnailUrl\":\"https:\\\/\\\/blog.maciterneecolo.fr\\\/wp-content\\\/uploads\\\/2025\\\/02\\\/secheresse-scaled.jpg\",\"datePublished\":\"2025-02-26T15:00:00+00:00\",\"description\":\"La sequ\u00eda est\u00e1 afectando a nuestra vida cotidiana, pero hay formas de ahorrar agua. Inf\u00f3rmate en este art\u00edculo.\",\"breadcrumb\":{\"@id\":\"https:\\\/\\\/blog.maciterneecolo.fr\\\/es\\\/el-impacto-de-la-sequia-en-nuestra-vida-cotidiana-lo-que-debes-saber\\\/#breadcrumb\"},\"inLanguage\":\"es\",\"potentialAction\":[{\"@type\":\"ReadAction\",\"target\":[\"https:\\\/\\\/blog.maciterneecolo.fr\\\/es\\\/el-impacto-de-la-sequia-en-nuestra-vida-cotidiana-lo-que-debes-saber\\\/\"]}]},{\"@type\":\"ImageObject\",\"inLanguage\":\"es\",\"@id\":\"https:\\\/\\\/blog.maciterneecolo.fr\\\/es\\\/el-impacto-de-la-sequia-en-nuestra-vida-cotidiana-lo-que-debes-saber\\\/#primaryimage\",\"url\":\"https:\\\/\\\/blog.maciterneecolo.fr\\\/wp-content\\\/uploads\\\/2025\\\/02\\\/secheresse-scaled.jpg\",\"contentUrl\":\"https:\\\/\\\/blog.maciterneecolo.fr\\\/wp-content\\\/uploads\\\/2025\\\/02\\\/secheresse-scaled.jpg\",\"width\":2560,\"height\":1920},{\"@type\":\"BreadcrumbList\",\"@id\":\"https:\\\/\\\/blog.maciterneecolo.fr\\\/es\\\/el-impacto-de-la-sequia-en-nuestra-vida-cotidiana-lo-que-debes-saber\\\/#breadcrumb\",\"itemListElement\":[{\"@type\":\"ListItem\",\"position\":1,\"name\":\"Accueil\",\"item\":\"https:\\\/\\\/blog.maciterneecolo.fr\\\/es\\\/\"},{\"@type\":\"ListItem\",\"position\":2,\"name\":\"El impacto de la sequ\u00eda en nuestra vida cotidiana: lo que debes saber\"}]},{\"@type\":\"WebSite\",\"@id\":\"https:\\\/\\\/blog.maciterneecolo.fr\\\/es\\\/#website\",\"url\":\"https:\\\/\\\/blog.maciterneecolo.fr\\\/es\\\/\",\"name\":\"Blog Ma Citerne Ecolo\",\"description\":\"Leader dans le domaine de la citerne souple d&#039;eau de pluie\",\"publisher\":{\"@id\":\"https:\\\/\\\/blog.maciterneecolo.fr\\\/es\\\/#organization\"},\"potentialAction\":[{\"@type\":\"SearchAction\",\"target\":{\"@type\":\"EntryPoint\",\"urlTemplate\":\"https:\\\/\\\/blog.maciterneecolo.fr\\\/es\\\/?s={search_term_string}\"},\"query-input\":{\"@type\":\"PropertyValueSpecification\",\"valueRequired\":true,\"valueName\":\"search_term_string\"}}],\"inLanguage\":\"es\"},{\"@type\":\"Organization\",\"@id\":\"https:\\\/\\\/blog.maciterneecolo.fr\\\/es\\\/#organization\",\"name\":\"Blog Ma Citerne Ecolo\",\"url\":\"https:\\\/\\\/blog.maciterneecolo.fr\\\/es\\\/\",\"logo\":{\"@type\":\"ImageObject\",\"inLanguage\":\"es\",\"@id\":\"https:\\\/\\\/blog.maciterneecolo.fr\\\/es\\\/#\\\/schema\\\/logo\\\/image\\\/\",\"url\":\"https:\\\/\\\/blog.maciterneecolo.fr\\\/wp-content\\\/uploads\\\/2022\\\/12\\\/cropped-favicon-blog.png\",\"contentUrl\":\"https:\\\/\\\/blog.maciterneecolo.fr\\\/wp-content\\\/uploads\\\/2022\\\/12\\\/cropped-favicon-blog.png\",\"width\":512,\"height\":512,\"caption\":\"Blog Ma Citerne Ecolo\"},\"image\":{\"@id\":\"https:\\\/\\\/blog.maciterneecolo.fr\\\/es\\\/#\\\/schema\\\/logo\\\/image\\\/\"}},{\"@type\":\"Person\",\"@id\":\"https:\\\/\\\/blog.maciterneecolo.fr\\\/es\\\/#\\\/schema\\\/person\\\/fe50d00b4e639107698e1ddead236943\",\"name\":\"B\u00e9n\u00e9dicte Rebolloso\",\"image\":{\"@type\":\"ImageObject\",\"inLanguage\":\"es\",\"@id\":\"https:\\\/\\\/secure.gravatar.com\\\/avatar\\\/ffa759db2a4d8ebb52a58b89d3dc2a9f0395a5122bb839045a145d6585de1126?s=96&d=mm&r=g\",\"url\":\"https:\\\/\\\/secure.gravatar.com\\\/avatar\\\/ffa759db2a4d8ebb52a58b89d3dc2a9f0395a5122bb839045a145d6585de1126?s=96&d=mm&r=g\",\"contentUrl\":\"https:\\\/\\\/secure.gravatar.com\\\/avatar\\\/ffa759db2a4d8ebb52a58b89d3dc2a9f0395a5122bb839045a145d6585de1126?s=96&d=mm&r=g\",\"caption\":\"B\u00e9n\u00e9dicte Rebolloso\"},\"url\":\"https:\\\/\\\/blog.maciterneecolo.fr\\\/es\\\/author\\\/benedicterebolloso\\\/\"}]}<\/script>\n<!-- \/ Yoast SEO plugin. -->","yoast_head_json":{"title":"El impacto de la sequ\u00eda en nuestra vida cotidiana: lo que debes saber - Blog Ma Citerne Ecolo","description":"La sequ\u00eda est\u00e1 afectando a nuestra vida cotidiana, pero hay formas de ahorrar agua. Inf\u00f3rmate en este art\u00edculo.","robots":{"index":"index","follow":"follow","max-snippet":"max-snippet:-1","max-image-preview":"max-image-preview:large","max-video-preview":"max-video-preview:-1"},"canonical":"https:\/\/blog.maciterneecolo.fr\/es\/el-impacto-de-la-sequia-en-nuestra-vida-cotidiana-lo-que-debes-saber\/","og_locale":"es_ES","og_type":"article","og_title":"El impacto de la sequ\u00eda en nuestra vida cotidiana: lo que debes saber - Blog Ma Citerne Ecolo","og_description":"La sequ\u00eda est\u00e1 afectando a nuestra vida cotidiana, pero hay formas de ahorrar agua. Inf\u00f3rmate en este art\u00edculo.","og_url":"https:\/\/blog.maciterneecolo.fr\/es\/el-impacto-de-la-sequia-en-nuestra-vida-cotidiana-lo-que-debes-saber\/","og_site_name":"Blog Ma Citerne Ecolo","article_published_time":"2025-02-26T15:00:00+00:00","og_image":[{"width":2560,"height":1920,"url":"https:\/\/blog.maciterneecolo.fr\/wp-content\/uploads\/2025\/02\/secheresse-scaled.jpg","type":"image\/jpeg"}],"author":"B\u00e9n\u00e9dicte Rebolloso","twitter_card":"summary_large_image","twitter_misc":{"Escrito por":"B\u00e9n\u00e9dicte Rebolloso","Tiempo de lectura":"9 minutos"},"schema":{"@context":"https:\/\/schema.org","@graph":[{"@type":"Article","@id":"https:\/\/blog.maciterneecolo.fr\/es\/el-impacto-de-la-sequia-en-nuestra-vida-cotidiana-lo-que-debes-saber\/#article","isPartOf":{"@id":"https:\/\/blog.maciterneecolo.fr\/es\/el-impacto-de-la-sequia-en-nuestra-vida-cotidiana-lo-que-debes-saber\/"},"author":{"name":"B\u00e9n\u00e9dicte Rebolloso","@id":"https:\/\/blog.maciterneecolo.fr\/es\/#\/schema\/person\/fe50d00b4e639107698e1ddead236943"},"headline":"El impacto de la sequ\u00eda en nuestra vida cotidiana: lo que debes saber","datePublished":"2025-02-26T15:00:00+00:00","mainEntityOfPage":{"@id":"https:\/\/blog.maciterneecolo.fr\/es\/el-impacto-de-la-sequia-en-nuestra-vida-cotidiana-lo-que-debes-saber\/"},"wordCount":1808,"commentCount":0,"publisher":{"@id":"https:\/\/blog.maciterneecolo.fr\/es\/#organization"},"image":{"@id":"https:\/\/blog.maciterneecolo.fr\/es\/el-impacto-de-la-sequia-en-nuestra-vida-cotidiana-lo-que-debes-saber\/#primaryimage"},"thumbnailUrl":"https:\/\/blog.maciterneecolo.fr\/wp-content\/uploads\/2025\/02\/secheresse-scaled.jpg","keywords":["agua de lluvia","agua potable","recogida de aguas pluviales","sequ\u00eda"],"articleSection":["Sin categorizar","Todo sobre el agua de lluvia"],"inLanguage":"es","potentialAction":[{"@type":"CommentAction","name":"Comment","target":["https:\/\/blog.maciterneecolo.fr\/es\/el-impacto-de-la-sequia-en-nuestra-vida-cotidiana-lo-que-debes-saber\/#respond"]}]},{"@type":"WebPage","@id":"https:\/\/blog.maciterneecolo.fr\/es\/el-impacto-de-la-sequia-en-nuestra-vida-cotidiana-lo-que-debes-saber\/","url":"https:\/\/blog.maciterneecolo.fr\/es\/el-impacto-de-la-sequia-en-nuestra-vida-cotidiana-lo-que-debes-saber\/","name":"El impacto de la sequ\u00eda en nuestra vida cotidiana: lo que debes saber - Blog Ma Citerne Ecolo","isPartOf":{"@id":"https:\/\/blog.maciterneecolo.fr\/es\/#website"},"primaryImageOfPage":{"@id":"https:\/\/blog.maciterneecolo.fr\/es\/el-impacto-de-la-sequia-en-nuestra-vida-cotidiana-lo-que-debes-saber\/#primaryimage"},"image":{"@id":"https:\/\/blog.maciterneecolo.fr\/es\/el-impacto-de-la-sequia-en-nuestra-vida-cotidiana-lo-que-debes-saber\/#primaryimage"},"thumbnailUrl":"https:\/\/blog.maciterneecolo.fr\/wp-content\/uploads\/2025\/02\/secheresse-scaled.jpg","datePublished":"2025-02-26T15:00:00+00:00","description":"La sequ\u00eda est\u00e1 afectando a nuestra vida cotidiana, pero hay formas de ahorrar agua. Inf\u00f3rmate en este art\u00edculo.","breadcrumb":{"@id":"https:\/\/blog.maciterneecolo.fr\/es\/el-impacto-de-la-sequia-en-nuestra-vida-cotidiana-lo-que-debes-saber\/#breadcrumb"},"inLanguage":"es","potentialAction":[{"@type":"ReadAction","target":["https:\/\/blog.maciterneecolo.fr\/es\/el-impacto-de-la-sequia-en-nuestra-vida-cotidiana-lo-que-debes-saber\/"]}]},{"@type":"ImageObject","inLanguage":"es","@id":"https:\/\/blog.maciterneecolo.fr\/es\/el-impacto-de-la-sequia-en-nuestra-vida-cotidiana-lo-que-debes-saber\/#primaryimage","url":"https:\/\/blog.maciterneecolo.fr\/wp-content\/uploads\/2025\/02\/secheresse-scaled.jpg","contentUrl":"https:\/\/blog.maciterneecolo.fr\/wp-content\/uploads\/2025\/02\/secheresse-scaled.jpg","width":2560,"height":1920},{"@type":"BreadcrumbList","@id":"https:\/\/blog.maciterneecolo.fr\/es\/el-impacto-de-la-sequia-en-nuestra-vida-cotidiana-lo-que-debes-saber\/#breadcrumb","itemListElement":[{"@type":"ListItem","position":1,"name":"Accueil","item":"https:\/\/blog.maciterneecolo.fr\/es\/"},{"@type":"ListItem","position":2,"name":"El impacto de la sequ\u00eda en nuestra vida cotidiana: lo que debes saber"}]},{"@type":"WebSite","@id":"https:\/\/blog.maciterneecolo.fr\/es\/#website","url":"https:\/\/blog.maciterneecolo.fr\/es\/","name":"Blog Ma Citerne Ecolo","description":"Leader dans le domaine de la citerne souple d&#039;eau de pluie","publisher":{"@id":"https:\/\/blog.maciterneecolo.fr\/es\/#organization"},"potentialAction":[{"@type":"SearchAction","target":{"@type":"EntryPoint","urlTemplate":"https:\/\/blog.maciterneecolo.fr\/es\/?s={search_term_string}"},"query-input":{"@type":"PropertyValueSpecification","valueRequired":true,"valueName":"search_term_string"}}],"inLanguage":"es"},{"@type":"Organization","@id":"https:\/\/blog.maciterneecolo.fr\/es\/#organization","name":"Blog Ma Citerne Ecolo","url":"https:\/\/blog.maciterneecolo.fr\/es\/","logo":{"@type":"ImageObject","inLanguage":"es","@id":"https:\/\/blog.maciterneecolo.fr\/es\/#\/schema\/logo\/image\/","url":"https:\/\/blog.maciterneecolo.fr\/wp-content\/uploads\/2022\/12\/cropped-favicon-blog.png","contentUrl":"https:\/\/blog.maciterneecolo.fr\/wp-content\/uploads\/2022\/12\/cropped-favicon-blog.png","width":512,"height":512,"caption":"Blog Ma Citerne Ecolo"},"image":{"@id":"https:\/\/blog.maciterneecolo.fr\/es\/#\/schema\/logo\/image\/"}},{"@type":"Person","@id":"https:\/\/blog.maciterneecolo.fr\/es\/#\/schema\/person\/fe50d00b4e639107698e1ddead236943","name":"B\u00e9n\u00e9dicte Rebolloso","image":{"@type":"ImageObject","inLanguage":"es","@id":"https:\/\/secure.gravatar.com\/avatar\/ffa759db2a4d8ebb52a58b89d3dc2a9f0395a5122bb839045a145d6585de1126?s=96&d=mm&r=g","url":"https:\/\/secure.gravatar.com\/avatar\/ffa759db2a4d8ebb52a58b89d3dc2a9f0395a5122bb839045a145d6585de1126?s=96&d=mm&r=g","contentUrl":"https:\/\/secure.gravatar.com\/avatar\/ffa759db2a4d8ebb52a58b89d3dc2a9f0395a5122bb839045a145d6585de1126?s=96&d=mm&r=g","caption":"B\u00e9n\u00e9dicte Rebolloso"},"url":"https:\/\/blog.maciterneecolo.fr\/es\/author\/benedicterebolloso\/"}]}},"_links":{"self":[{"href":"https:\/\/blog.maciterneecolo.fr\/es\/wp-json\/wp\/v2\/posts\/13439","targetHints":{"allow":["GET"]}}],"collection":[{"href":"https:\/\/blog.maciterneecolo.fr\/es\/wp-json\/wp\/v2\/posts"}],"about":[{"href":"https:\/\/blog.maciterneecolo.fr\/es\/wp-json\/wp\/v2\/types\/post"}],"author":[{"embeddable":true,"href":"https:\/\/blog.maciterneecolo.fr\/es\/wp-json\/wp\/v2\/users\/4"}],"replies":[{"embeddable":true,"href":"https:\/\/blog.maciterneecolo.fr\/es\/wp-json\/wp\/v2\/comments?post=13439"}],"version-history":[{"count":1,"href":"https:\/\/blog.maciterneecolo.fr\/es\/wp-json\/wp\/v2\/posts\/13439\/revisions"}],"predecessor-version":[{"id":13440,"href":"https:\/\/blog.maciterneecolo.fr\/es\/wp-json\/wp\/v2\/posts\/13439\/revisions\/13440"}],"wp:featuredmedia":[{"embeddable":true,"href":"https:\/\/blog.maciterneecolo.fr\/es\/wp-json\/wp\/v2\/media\/13422"}],"wp:attachment":[{"href":"https:\/\/blog.maciterneecolo.fr\/es\/wp-json\/wp\/v2\/media?parent=13439"}],"wp:term":[{"taxonomy":"category","embeddable":true,"href":"https:\/\/blog.maciterneecolo.fr\/es\/wp-json\/wp\/v2\/categories?post=13439"},{"taxonomy":"post_tag","embeddable":true,"href":"https:\/\/blog.maciterneecolo.fr\/es\/wp-json\/wp\/v2\/tags?post=13439"}],"curies":[{"name":"wp","href":"https:\/\/api.w.org\/{rel}","templated":true}]}}