{"id":14046,"date":"2025-07-22T12:00:00","date_gmt":"2025-07-22T12:00:00","guid":{"rendered":"https:\/\/blog.maciterneecolo.fr\/?p=14046"},"modified":"2025-04-07T13:15:31","modified_gmt":"2025-04-07T13:15:31","slug":"podemos-aun-evitar-una-escasez-de-agua-generalizada-en-francia","status":"publish","type":"post","link":"https:\/\/blog.maciterneecolo.fr\/es\/podemos-aun-evitar-una-escasez-de-agua-generalizada-en-francia\/","title":{"rendered":"\u00bfPodemos a\u00fan evitar una escasez de agua generalizada en Francia?"},"content":{"rendered":"\n<p>Francia se enfrenta a una nueva realidad: el agua, un recurso vital que antes era abundante y potable, est\u00e1 ahora bajo presi\u00f3n. \u00bfLa causa? El cambio clim\u00e1tico, el consumo excesivo, a veces mal gestionado, y los riesgos crecientes asociados a la escasez generalizada.  <\/p>\n\n<p>Muchos pa\u00edses ya est\u00e1n sufriendo las dram\u00e1ticas consecuencias de la creciente escasez de agua dulce. El mundo est\u00e1 entrando en una era en la que cada gota cuenta. Y Francia, con su riqueza de r\u00edos, lagos y aguas subterr\u00e1neas, ya no se libra.  <\/p>\n\n<p>\u00bfA\u00fan podemos evitar el desastre? S\u00ed, si tomamos medidas inmediatas para preservar nuestro medio ambiente, adaptar nuestros usos, modernizar nuestras infraestructuras y hacer del agua una prioridad nacional. <\/p>\n\n<h2 class=\"wp-block-heading\"><mark style=\"background-color:rgba(0, 0, 0, 0)\" class=\"has-inline-color has-vivid-cyan-blue-color\">Por qu\u00e9 existe un riesgo real de escasez de agua en Francia<\/mark><\/h2>\n\n<h3 class=\"wp-block-heading\"><mark style=\"background-color:rgba(0, 0, 0, 0);color:#2456ee\" class=\"has-inline-color\">Un ciclo del agua perturbado por el cambio clim\u00e1tico<\/mark><\/h3>\n\n<p>El ciclo del agua est\u00e1 fuera de control. El calentamiento global est\u00e1 provocando sequ\u00edas m\u00e1s prolongadas, lluvias menos frecuentes y una evaporaci\u00f3n m\u00e1s r\u00e1pida. Como consecuencia, las capas fre\u00e1ticas ya no se recargan lo suficiente.  <\/p>\n\n<p>En Francia, los niveles de agua est\u00e1n alcanzando cotas alarmantes en varias regiones, sobre todo en el sureste, el suroeste y parte del oeste. En 2023, m\u00e1s de 90 departamentos estar\u00e1n sometidos a restricciones en el uso del agua. <\/p>\n\n<p>Los lagos est\u00e1n bajo m\u00ednimos, los r\u00edos son fr\u00e1giles y tanto las zonas rurales como las urbanas est\u00e1n preocupadas por su futuro. Esta situaci\u00f3n se explica por una combinaci\u00f3n de sequ\u00edas sucesivas y uso intensivo, pero tambi\u00e9n por una gesti\u00f3n todav\u00eda demasiado fragmentada. <\/p>\n\n<h3 class=\"wp-block-heading\"><mark style=\"background-color:rgba(0, 0, 0, 0);color:#2456ee\" class=\"has-inline-color\">Consumo demasiado elevado y mal distribuido<\/mark><\/h3>\n\n<p>La agricultura es responsable de casi el 45% del consumo de agua en Francia, sobre todo para el riego de cultivos que necesitan mucha agua, como el ma\u00edz. Y estos cultivos se realizan a veces en zonas que ya est\u00e1n bajo presi\u00f3n. <\/p>\n\n<p>Al mismo tiempo, la poblaci\u00f3n de Francia est\u00e1 creciendo, lo que aumenta la demanda de agua potable y sella el suelo, impidiendo la infiltraci\u00f3n natural en la capa fre\u00e1tica. Al mismo tiempo,<a href=\"https:\/\/blog.maciterneecolo.fr\/es\/la-recogida-de-agua-de-lluvia-una-solucion-a-las-fugas-de-agua-urbanas\/\"> las redes de agua pierden hasta 1.000 millones de metros c\u00fabicos al a\u00f1o por fugas<\/a>: un aut\u00e9ntico despilfarro que agrava la escasez. <\/p>\n\n<p>El agua se utiliza indiscriminadamente en muchos hogares: lavarse bajo el grifo, regar a mediod\u00eda, duchas largas, deficiencias en la reutilizaci\u00f3n de las aguas residuales. Estos usos contribuyen a aumentar la presi\u00f3n sobre el recurso. <\/p>\n\n<h2 class=\"wp-block-heading\"><mark style=\"background-color:rgba(0, 0, 0, 0)\" class=\"has-inline-color has-vivid-cyan-blue-color\">Soluciones pr\u00e1cticas para evitar la escasez de agua<\/mark><\/h2>\n\n<h3 class=\"wp-block-heading\"><mark style=\"background-color:rgba(0, 0, 0, 0);color:#2456ee\" class=\"has-inline-color\">Reducir los residuos y modernizar las redes<\/mark><\/h3>\n\n<p>Reducir las fugas es una de las primeras palancas de actuaci\u00f3n. En Francia, representan alrededor del 20% del consumo total, o el equivalente a miles de millones de litros de agua potable que se pierden cada a\u00f1o. Renovar las infraestructuras supondr\u00eda un ahorro inmediato.  <\/p>\n\n<p>Tambi\u00e9n es urgente :<\/p>\n\n<ul class=\"wp-block-list\">\n<li>desarrollar la reutilizaci\u00f3n de las aguas residuales,<\/li>\n\n\n\n<li>modernizar el equipamiento de los edificios p\u00fablicos y privados,<\/li>\n\n\n\n<li>introducir incentivos para los particulares: cisternas de inodoros de bajo consumo, aireadores, dep\u00f3sitos de recuperaci\u00f3n, etc.<\/li>\n<\/ul>\n\n<p>A escala local, algunas regiones est\u00e1n introduciendo soluciones ecol\u00f3gicas como cuencas de retenci\u00f3n o lagos artificiales para almacenar agua dulce durante los periodos de lluvia.<\/p>\n\n<p>&#x1f449; Pour aller plus loin, d\u00e9couvrez sur <a class=\"\" href=\"https:\/\/www.maciterneecolo.fr\">maciterneecolo.fr<\/a> des syst\u00e8mes de r\u00e9cup\u00e9ration d\u2019eau de pluie efficaces et faciles \u00e0 installer dans votre jardin, votre exploitation ou vos locaux.<\/p>\n\n<h3 class=\"wp-block-heading\"><mark style=\"background-color:rgba(0, 0, 0, 0);color:#2456ee\" class=\"has-inline-color\">Adopter une consommation plus \u00e9cologique et responsable<\/mark><\/h3>\n\n<p>Chaque citoyen peut agir. R\u00e9duire sa consommation d\u2019eau, c\u2019est aussi limiter les risques de p\u00e9nurie. Voici quelques gestes simples et efficaces :<\/p>\n\n<ul class=\"wp-block-list\">\n<li>utiliser l\u2019eau de pluie pour le jardin,<\/li>\n\n\n\n<li>privil\u00e9gier les douches courtes,<\/li>\n\n\n\n<li>\u00e9viter le lavage des voitures avec de l\u2019eau potable,<\/li>\n\n\n\n<li>r\u00e9utiliser l\u2019eau douce de cuisson ou de rin\u00e7age pour arroser les plantes.<\/li>\n<\/ul>\n\n<p>Les collectivit\u00e9s peuvent, elles aussi, agir :<\/p>\n\n<ul class=\"wp-block-list\">\n<li>restreindre l\u2019arrosage public,<\/li>\n\n\n\n<li>v\u00e9g\u00e9taliser les villes avec des esp\u00e8ces r\u00e9sistantes \u00e0 la s\u00e9cheresse,<\/li>\n\n\n\n<li>adapter les horaires d\u2019arrosage pour \u00e9viter l\u2019\u00e9vaporation.<\/li>\n<\/ul>\n\n<p>La gestion de l\u2019eau doit devenir un enjeu \u00e9ducatif, enseign\u00e9 d\u00e8s l\u2019\u00e9cole, int\u00e9gr\u00e9 dans les programmes de sensibilisation, et accompagn\u00e9 de campagnes nationales pour informer sur les risques et les bons usages.<\/p>\n\n<h2 class=\"wp-block-heading\"><mark style=\"background-color:rgba(0, 0, 0, 0)\" class=\"has-inline-color has-vivid-cyan-blue-color\">La France peut-elle devenir un mod\u00e8le de r\u00e9silience hydrique ?<\/mark><\/h2>\n\n<h3 class=\"wp-block-heading\"><mark style=\"background-color:rgba(0, 0, 0, 0);color:#2456ee\" class=\"has-inline-color\">Des territoires exemplaires montrent la voie<\/mark><\/h3>\n\n<p>Certaines r\u00e9gions fran\u00e7aises sont d\u00e9j\u00e0 en avance. En Vend\u00e9e, par exemple, un vaste plan de s\u00e9curisation de l\u2019approvisionnement en eau a \u00e9t\u00e9 mis en \u0153uvre. Cela inclut :<\/p>\n\n<ul class=\"wp-block-list\">\n<li>des stations de traitement avanc\u00e9es,<\/li>\n\n\n\n<li>des interconnexions de r\u00e9seaux,<\/li>\n\n\n\n<li>des campagnes de r\u00e9duction de la consommation.<\/li>\n<\/ul>\n\n<p>D\u2019autres d\u00e9partements d\u00e9veloppent des solutions locales : plantations d\u2019arbres pour maintenir l\u2019humidit\u00e9 dans les sols, r\u00e9am\u00e9nagement de zones humides, ou restauration de zones d\u2019infiltration naturelles.<\/p>\n\n<p>Ces initiatives locales montrent qu\u2019avec une vision \u00e9cologique et une vraie coordination, il est possible de b\u00e2tir un mod\u00e8le r\u00e9silient, capable de r\u00e9pondre aux p\u00e9nuries et d\u2019affronter les al\u00e9as climatiques.<\/p>\n\n<h3 class=\"wp-block-heading\"><mark style=\"background-color:rgba(0, 0, 0, 0);color:#2456ee\" class=\"has-inline-color\">Une gouvernance de l\u2019eau \u00e0 repenser collectivement<\/mark><\/h3>\n\n<p>Aujourd\u2019hui, la gestion de l\u2019eau en France repose sur une multiplicit\u00e9 d\u2019acteurs. Il faut clarifier les responsabilit\u00e9s, mutualiser les moyens, et construire une vision partag\u00e9e.<\/p>\n\n<p>Cela implique :<\/p>\n\n<ul class=\"wp-block-list\">\n<li>des restrictions mieux anticip\u00e9es et mieux comprises,<\/li>\n\n\n\n<li>une r\u00e9vision des priorit\u00e9s entre usages agricoles, industriels et domestiques,<\/li>\n\n\n\n<li>une coop\u00e9ration entre les r\u00e9gions, les d\u00e9partements et l\u2019\u00c9tat.<\/li>\n<\/ul>\n\n<p>Il est \u00e9galement indispensable d\u2019int\u00e9grer l\u2019eau dans toutes les politiques publiques : urbanisme, environnement, sant\u00e9, \u00e9nergie. L\u2019eau ne peut plus \u00eatre pens\u00e9e en silo.<\/p>\n\n<h2 class=\"wp-block-heading\"><mark style=\"background-color:rgba(0, 0, 0, 0)\" class=\"has-inline-color has-vivid-cyan-blue-color\">Chaque goutte compte, chaque action aussi&#8230;<\/mark><\/h2>\n\n<p>La France, comme de nombreux pays, est confront\u00e9e \u00e0 une nouvelle urgence : celle de garantir l\u2019acc\u00e8s \u00e0 une eau douce, propre, accessible \u00e0 tous, et durable dans le temps.<\/p>\n\n<p>Face aux p\u00e9nuries, aux s\u00e9cheresses, aux restrictions, aux fuites, aux usages non ma\u00eetris\u00e9s, la mobilisation doit \u00eatre g\u00e9n\u00e9rale. Ce n\u2019est plus une simple question technique, mais un d\u00e9fi de soci\u00e9t\u00e9, un enjeu de survie \u00e9cologique et de justice territoriale.<\/p>\n\n<p>&#x1f4a7; Plus que jamais, chaque geste pour \u00e9conomiser l\u2019eau est un acte de r\u00e9silience.<br\/>&#x1f30d; Chaque litre pr\u00e9serv\u00e9 est une victoire pour notre environnement.<br\/>&#x1f3de;&#xfe0f; Et chaque solution locale contribue \u00e0 b\u00e2tir un mod\u00e8le fran\u00e7ais de gestion \u00e9cologique de l\u2019eau, reconnu dans le monde entier.<\/p>\n\n<p><\/p>\n","protected":false},"excerpt":{"rendered":"<p>Francia se enfrenta a una nueva realidad: el agua, un recurso vital que antes era abundante y potable, est\u00e1 ahora bajo presi\u00f3n. \u00bfLa causa? El cambio clim\u00e1tico, el consumo excesivo, a veces mal gestionado, y los riesgos crecientes asociados a la escasez generalizada. Muchos pa\u00edses ya est\u00e1n sufriendo las dram\u00e1ticas consecuencias de la creciente escasez [&hellip;]<\/p>\n","protected":false},"author":4,"featured_media":14038,"comment_status":"open","ping_status":"closed","sticky":false,"template":"","format":"standard","meta":{"inline_featured_image":false,"footnotes":""},"categories":[68,102],"tags":[],"class_list":["post-14046","post","type-post","status-publish","format-standard","has-post-thumbnail","hentry","category-colectores-de-agua-de-lluvia","category-todo-sobre-el-agua-de-lluvia"],"yoast_head":"<!-- This site is optimized with the Yoast SEO plugin v27.5 - https:\/\/yoast.com\/product\/yoast-seo-wordpress\/ -->\n<title>\u00bfPodemos a\u00fan evitar una escasez de agua generalizada en Francia? - Blog Ma Citerne Ecolo<\/title>\n<meta name=\"description\" content=\"\u00bfSe dirige Francia hacia una escasez de agua? Descubre las causas, las soluciones y lo que puedes hacer para ahorrar agua.\" \/>\n<meta name=\"robots\" content=\"index, follow, max-snippet:-1, max-image-preview:large, max-video-preview:-1\" \/>\n<link rel=\"canonical\" href=\"https:\/\/blog.maciterneecolo.fr\/es\/podemos-aun-evitar-una-escasez-de-agua-generalizada-en-francia\/\" \/>\n<meta property=\"og:locale\" content=\"es_ES\" \/>\n<meta property=\"og:type\" content=\"article\" \/>\n<meta property=\"og:title\" content=\"\u00bfPodemos a\u00fan evitar una escasez de agua generalizada en Francia? - Blog Ma Citerne Ecolo\" \/>\n<meta property=\"og:description\" content=\"\u00bfSe dirige Francia hacia una escasez de agua? Descubre las causas, las soluciones y lo que puedes hacer para ahorrar agua.\" \/>\n<meta property=\"og:url\" content=\"https:\/\/blog.maciterneecolo.fr\/es\/podemos-aun-evitar-una-escasez-de-agua-generalizada-en-francia\/\" \/>\n<meta property=\"og:site_name\" content=\"Blog Ma Citerne Ecolo\" \/>\n<meta property=\"article:published_time\" content=\"2025-07-22T12:00:00+00:00\" \/>\n<meta property=\"og:image\" content=\"https:\/\/blog.maciterneecolo.fr\/wp-content\/uploads\/2025\/04\/earth-3545203_1280.jpg\" \/>\n\t<meta property=\"og:image:width\" content=\"1280\" \/>\n\t<meta property=\"og:image:height\" content=\"854\" \/>\n\t<meta property=\"og:image:type\" content=\"image\/jpeg\" \/>\n<meta name=\"author\" content=\"B\u00e9n\u00e9dicte Rebolloso\" \/>\n<meta name=\"twitter:card\" content=\"summary_large_image\" \/>\n<meta name=\"twitter:label1\" content=\"Escrito por\" \/>\n\t<meta name=\"twitter:data1\" content=\"B\u00e9n\u00e9dicte Rebolloso\" \/>\n\t<meta name=\"twitter:label2\" content=\"Tiempo de lectura\" \/>\n\t<meta name=\"twitter:data2\" content=\"6 minutos\" \/>\n<script type=\"application\/ld+json\" class=\"yoast-schema-graph\">{\"@context\":\"https:\\\/\\\/schema.org\",\"@graph\":[{\"@type\":\"Article\",\"@id\":\"https:\\\/\\\/blog.maciterneecolo.fr\\\/es\\\/podemos-aun-evitar-una-escasez-de-agua-generalizada-en-francia\\\/#article\",\"isPartOf\":{\"@id\":\"https:\\\/\\\/blog.maciterneecolo.fr\\\/es\\\/podemos-aun-evitar-una-escasez-de-agua-generalizada-en-francia\\\/\"},\"author\":{\"name\":\"B\u00e9n\u00e9dicte Rebolloso\",\"@id\":\"https:\\\/\\\/blog.maciterneecolo.fr\\\/es\\\/#\\\/schema\\\/person\\\/fe50d00b4e639107698e1ddead236943\"},\"headline\":\"\u00bfPodemos a\u00fan evitar una escasez de agua generalizada en Francia?\",\"datePublished\":\"2025-07-22T12:00:00+00:00\",\"mainEntityOfPage\":{\"@id\":\"https:\\\/\\\/blog.maciterneecolo.fr\\\/es\\\/podemos-aun-evitar-una-escasez-de-agua-generalizada-en-francia\\\/\"},\"wordCount\":1122,\"commentCount\":0,\"publisher\":{\"@id\":\"https:\\\/\\\/blog.maciterneecolo.fr\\\/es\\\/#organization\"},\"image\":{\"@id\":\"https:\\\/\\\/blog.maciterneecolo.fr\\\/es\\\/podemos-aun-evitar-una-escasez-de-agua-generalizada-en-francia\\\/#primaryimage\"},\"thumbnailUrl\":\"https:\\\/\\\/blog.maciterneecolo.fr\\\/wp-content\\\/uploads\\\/2025\\\/04\\\/earth-3545203_1280.jpg\",\"articleSection\":[\"Colectores de agua de lluvia\",\"Todo sobre el agua de lluvia\"],\"inLanguage\":\"es\",\"potentialAction\":[{\"@type\":\"CommentAction\",\"name\":\"Comment\",\"target\":[\"https:\\\/\\\/blog.maciterneecolo.fr\\\/es\\\/podemos-aun-evitar-una-escasez-de-agua-generalizada-en-francia\\\/#respond\"]}]},{\"@type\":\"WebPage\",\"@id\":\"https:\\\/\\\/blog.maciterneecolo.fr\\\/es\\\/podemos-aun-evitar-una-escasez-de-agua-generalizada-en-francia\\\/\",\"url\":\"https:\\\/\\\/blog.maciterneecolo.fr\\\/es\\\/podemos-aun-evitar-una-escasez-de-agua-generalizada-en-francia\\\/\",\"name\":\"\u00bfPodemos a\u00fan evitar una escasez de agua generalizada en Francia? - Blog Ma Citerne Ecolo\",\"isPartOf\":{\"@id\":\"https:\\\/\\\/blog.maciterneecolo.fr\\\/es\\\/#website\"},\"primaryImageOfPage\":{\"@id\":\"https:\\\/\\\/blog.maciterneecolo.fr\\\/es\\\/podemos-aun-evitar-una-escasez-de-agua-generalizada-en-francia\\\/#primaryimage\"},\"image\":{\"@id\":\"https:\\\/\\\/blog.maciterneecolo.fr\\\/es\\\/podemos-aun-evitar-una-escasez-de-agua-generalizada-en-francia\\\/#primaryimage\"},\"thumbnailUrl\":\"https:\\\/\\\/blog.maciterneecolo.fr\\\/wp-content\\\/uploads\\\/2025\\\/04\\\/earth-3545203_1280.jpg\",\"datePublished\":\"2025-07-22T12:00:00+00:00\",\"description\":\"\u00bfSe dirige Francia hacia una escasez de agua? Descubre las causas, las soluciones y lo que puedes hacer para ahorrar agua.\",\"breadcrumb\":{\"@id\":\"https:\\\/\\\/blog.maciterneecolo.fr\\\/es\\\/podemos-aun-evitar-una-escasez-de-agua-generalizada-en-francia\\\/#breadcrumb\"},\"inLanguage\":\"es\",\"potentialAction\":[{\"@type\":\"ReadAction\",\"target\":[\"https:\\\/\\\/blog.maciterneecolo.fr\\\/es\\\/podemos-aun-evitar-una-escasez-de-agua-generalizada-en-francia\\\/\"]}]},{\"@type\":\"ImageObject\",\"inLanguage\":\"es\",\"@id\":\"https:\\\/\\\/blog.maciterneecolo.fr\\\/es\\\/podemos-aun-evitar-una-escasez-de-agua-generalizada-en-francia\\\/#primaryimage\",\"url\":\"https:\\\/\\\/blog.maciterneecolo.fr\\\/wp-content\\\/uploads\\\/2025\\\/04\\\/earth-3545203_1280.jpg\",\"contentUrl\":\"https:\\\/\\\/blog.maciterneecolo.fr\\\/wp-content\\\/uploads\\\/2025\\\/04\\\/earth-3545203_1280.jpg\",\"width\":1280,\"height\":854},{\"@type\":\"BreadcrumbList\",\"@id\":\"https:\\\/\\\/blog.maciterneecolo.fr\\\/es\\\/podemos-aun-evitar-una-escasez-de-agua-generalizada-en-francia\\\/#breadcrumb\",\"itemListElement\":[{\"@type\":\"ListItem\",\"position\":1,\"name\":\"Accueil\",\"item\":\"https:\\\/\\\/blog.maciterneecolo.fr\\\/es\\\/\"},{\"@type\":\"ListItem\",\"position\":2,\"name\":\"\u00bfPodemos a\u00fan evitar una escasez de agua generalizada en Francia?\"}]},{\"@type\":\"WebSite\",\"@id\":\"https:\\\/\\\/blog.maciterneecolo.fr\\\/es\\\/#website\",\"url\":\"https:\\\/\\\/blog.maciterneecolo.fr\\\/es\\\/\",\"name\":\"Blog Ma Citerne Ecolo\",\"description\":\"Leader dans le domaine de la citerne souple d&#039;eau de pluie\",\"publisher\":{\"@id\":\"https:\\\/\\\/blog.maciterneecolo.fr\\\/es\\\/#organization\"},\"potentialAction\":[{\"@type\":\"SearchAction\",\"target\":{\"@type\":\"EntryPoint\",\"urlTemplate\":\"https:\\\/\\\/blog.maciterneecolo.fr\\\/es\\\/?s={search_term_string}\"},\"query-input\":{\"@type\":\"PropertyValueSpecification\",\"valueRequired\":true,\"valueName\":\"search_term_string\"}}],\"inLanguage\":\"es\"},{\"@type\":\"Organization\",\"@id\":\"https:\\\/\\\/blog.maciterneecolo.fr\\\/es\\\/#organization\",\"name\":\"Blog Ma Citerne Ecolo\",\"url\":\"https:\\\/\\\/blog.maciterneecolo.fr\\\/es\\\/\",\"logo\":{\"@type\":\"ImageObject\",\"inLanguage\":\"es\",\"@id\":\"https:\\\/\\\/blog.maciterneecolo.fr\\\/es\\\/#\\\/schema\\\/logo\\\/image\\\/\",\"url\":\"https:\\\/\\\/blog.maciterneecolo.fr\\\/wp-content\\\/uploads\\\/2022\\\/12\\\/cropped-favicon-blog.png\",\"contentUrl\":\"https:\\\/\\\/blog.maciterneecolo.fr\\\/wp-content\\\/uploads\\\/2022\\\/12\\\/cropped-favicon-blog.png\",\"width\":512,\"height\":512,\"caption\":\"Blog Ma Citerne Ecolo\"},\"image\":{\"@id\":\"https:\\\/\\\/blog.maciterneecolo.fr\\\/es\\\/#\\\/schema\\\/logo\\\/image\\\/\"}},{\"@type\":\"Person\",\"@id\":\"https:\\\/\\\/blog.maciterneecolo.fr\\\/es\\\/#\\\/schema\\\/person\\\/fe50d00b4e639107698e1ddead236943\",\"name\":\"B\u00e9n\u00e9dicte Rebolloso\",\"image\":{\"@type\":\"ImageObject\",\"inLanguage\":\"es\",\"@id\":\"https:\\\/\\\/secure.gravatar.com\\\/avatar\\\/ffa759db2a4d8ebb52a58b89d3dc2a9f0395a5122bb839045a145d6585de1126?s=96&d=mm&r=g\",\"url\":\"https:\\\/\\\/secure.gravatar.com\\\/avatar\\\/ffa759db2a4d8ebb52a58b89d3dc2a9f0395a5122bb839045a145d6585de1126?s=96&d=mm&r=g\",\"contentUrl\":\"https:\\\/\\\/secure.gravatar.com\\\/avatar\\\/ffa759db2a4d8ebb52a58b89d3dc2a9f0395a5122bb839045a145d6585de1126?s=96&d=mm&r=g\",\"caption\":\"B\u00e9n\u00e9dicte Rebolloso\"},\"url\":\"https:\\\/\\\/blog.maciterneecolo.fr\\\/es\\\/author\\\/benedicterebolloso\\\/\"}]}<\/script>\n<!-- \/ Yoast SEO plugin. -->","yoast_head_json":{"title":"\u00bfPodemos a\u00fan evitar una escasez de agua generalizada en Francia? - Blog Ma Citerne Ecolo","description":"\u00bfSe dirige Francia hacia una escasez de agua? Descubre las causas, las soluciones y lo que puedes hacer para ahorrar agua.","robots":{"index":"index","follow":"follow","max-snippet":"max-snippet:-1","max-image-preview":"max-image-preview:large","max-video-preview":"max-video-preview:-1"},"canonical":"https:\/\/blog.maciterneecolo.fr\/es\/podemos-aun-evitar-una-escasez-de-agua-generalizada-en-francia\/","og_locale":"es_ES","og_type":"article","og_title":"\u00bfPodemos a\u00fan evitar una escasez de agua generalizada en Francia? - Blog Ma Citerne Ecolo","og_description":"\u00bfSe dirige Francia hacia una escasez de agua? Descubre las causas, las soluciones y lo que puedes hacer para ahorrar agua.","og_url":"https:\/\/blog.maciterneecolo.fr\/es\/podemos-aun-evitar-una-escasez-de-agua-generalizada-en-francia\/","og_site_name":"Blog Ma Citerne Ecolo","article_published_time":"2025-07-22T12:00:00+00:00","og_image":[{"width":1280,"height":854,"url":"https:\/\/blog.maciterneecolo.fr\/wp-content\/uploads\/2025\/04\/earth-3545203_1280.jpg","type":"image\/jpeg"}],"author":"B\u00e9n\u00e9dicte Rebolloso","twitter_card":"summary_large_image","twitter_misc":{"Escrito por":"B\u00e9n\u00e9dicte Rebolloso","Tiempo de lectura":"6 minutos"},"schema":{"@context":"https:\/\/schema.org","@graph":[{"@type":"Article","@id":"https:\/\/blog.maciterneecolo.fr\/es\/podemos-aun-evitar-una-escasez-de-agua-generalizada-en-francia\/#article","isPartOf":{"@id":"https:\/\/blog.maciterneecolo.fr\/es\/podemos-aun-evitar-una-escasez-de-agua-generalizada-en-francia\/"},"author":{"name":"B\u00e9n\u00e9dicte Rebolloso","@id":"https:\/\/blog.maciterneecolo.fr\/es\/#\/schema\/person\/fe50d00b4e639107698e1ddead236943"},"headline":"\u00bfPodemos a\u00fan evitar una escasez de agua generalizada en Francia?","datePublished":"2025-07-22T12:00:00+00:00","mainEntityOfPage":{"@id":"https:\/\/blog.maciterneecolo.fr\/es\/podemos-aun-evitar-una-escasez-de-agua-generalizada-en-francia\/"},"wordCount":1122,"commentCount":0,"publisher":{"@id":"https:\/\/blog.maciterneecolo.fr\/es\/#organization"},"image":{"@id":"https:\/\/blog.maciterneecolo.fr\/es\/podemos-aun-evitar-una-escasez-de-agua-generalizada-en-francia\/#primaryimage"},"thumbnailUrl":"https:\/\/blog.maciterneecolo.fr\/wp-content\/uploads\/2025\/04\/earth-3545203_1280.jpg","articleSection":["Colectores de agua de lluvia","Todo sobre el agua de lluvia"],"inLanguage":"es","potentialAction":[{"@type":"CommentAction","name":"Comment","target":["https:\/\/blog.maciterneecolo.fr\/es\/podemos-aun-evitar-una-escasez-de-agua-generalizada-en-francia\/#respond"]}]},{"@type":"WebPage","@id":"https:\/\/blog.maciterneecolo.fr\/es\/podemos-aun-evitar-una-escasez-de-agua-generalizada-en-francia\/","url":"https:\/\/blog.maciterneecolo.fr\/es\/podemos-aun-evitar-una-escasez-de-agua-generalizada-en-francia\/","name":"\u00bfPodemos a\u00fan evitar una escasez de agua generalizada en Francia? - Blog Ma Citerne Ecolo","isPartOf":{"@id":"https:\/\/blog.maciterneecolo.fr\/es\/#website"},"primaryImageOfPage":{"@id":"https:\/\/blog.maciterneecolo.fr\/es\/podemos-aun-evitar-una-escasez-de-agua-generalizada-en-francia\/#primaryimage"},"image":{"@id":"https:\/\/blog.maciterneecolo.fr\/es\/podemos-aun-evitar-una-escasez-de-agua-generalizada-en-francia\/#primaryimage"},"thumbnailUrl":"https:\/\/blog.maciterneecolo.fr\/wp-content\/uploads\/2025\/04\/earth-3545203_1280.jpg","datePublished":"2025-07-22T12:00:00+00:00","description":"\u00bfSe dirige Francia hacia una escasez de agua? Descubre las causas, las soluciones y lo que puedes hacer para ahorrar agua.","breadcrumb":{"@id":"https:\/\/blog.maciterneecolo.fr\/es\/podemos-aun-evitar-una-escasez-de-agua-generalizada-en-francia\/#breadcrumb"},"inLanguage":"es","potentialAction":[{"@type":"ReadAction","target":["https:\/\/blog.maciterneecolo.fr\/es\/podemos-aun-evitar-una-escasez-de-agua-generalizada-en-francia\/"]}]},{"@type":"ImageObject","inLanguage":"es","@id":"https:\/\/blog.maciterneecolo.fr\/es\/podemos-aun-evitar-una-escasez-de-agua-generalizada-en-francia\/#primaryimage","url":"https:\/\/blog.maciterneecolo.fr\/wp-content\/uploads\/2025\/04\/earth-3545203_1280.jpg","contentUrl":"https:\/\/blog.maciterneecolo.fr\/wp-content\/uploads\/2025\/04\/earth-3545203_1280.jpg","width":1280,"height":854},{"@type":"BreadcrumbList","@id":"https:\/\/blog.maciterneecolo.fr\/es\/podemos-aun-evitar-una-escasez-de-agua-generalizada-en-francia\/#breadcrumb","itemListElement":[{"@type":"ListItem","position":1,"name":"Accueil","item":"https:\/\/blog.maciterneecolo.fr\/es\/"},{"@type":"ListItem","position":2,"name":"\u00bfPodemos a\u00fan evitar una escasez de agua generalizada en Francia?"}]},{"@type":"WebSite","@id":"https:\/\/blog.maciterneecolo.fr\/es\/#website","url":"https:\/\/blog.maciterneecolo.fr\/es\/","name":"Blog Ma Citerne Ecolo","description":"Leader dans le domaine de la citerne souple d&#039;eau de pluie","publisher":{"@id":"https:\/\/blog.maciterneecolo.fr\/es\/#organization"},"potentialAction":[{"@type":"SearchAction","target":{"@type":"EntryPoint","urlTemplate":"https:\/\/blog.maciterneecolo.fr\/es\/?s={search_term_string}"},"query-input":{"@type":"PropertyValueSpecification","valueRequired":true,"valueName":"search_term_string"}}],"inLanguage":"es"},{"@type":"Organization","@id":"https:\/\/blog.maciterneecolo.fr\/es\/#organization","name":"Blog Ma Citerne Ecolo","url":"https:\/\/blog.maciterneecolo.fr\/es\/","logo":{"@type":"ImageObject","inLanguage":"es","@id":"https:\/\/blog.maciterneecolo.fr\/es\/#\/schema\/logo\/image\/","url":"https:\/\/blog.maciterneecolo.fr\/wp-content\/uploads\/2022\/12\/cropped-favicon-blog.png","contentUrl":"https:\/\/blog.maciterneecolo.fr\/wp-content\/uploads\/2022\/12\/cropped-favicon-blog.png","width":512,"height":512,"caption":"Blog Ma Citerne Ecolo"},"image":{"@id":"https:\/\/blog.maciterneecolo.fr\/es\/#\/schema\/logo\/image\/"}},{"@type":"Person","@id":"https:\/\/blog.maciterneecolo.fr\/es\/#\/schema\/person\/fe50d00b4e639107698e1ddead236943","name":"B\u00e9n\u00e9dicte Rebolloso","image":{"@type":"ImageObject","inLanguage":"es","@id":"https:\/\/secure.gravatar.com\/avatar\/ffa759db2a4d8ebb52a58b89d3dc2a9f0395a5122bb839045a145d6585de1126?s=96&d=mm&r=g","url":"https:\/\/secure.gravatar.com\/avatar\/ffa759db2a4d8ebb52a58b89d3dc2a9f0395a5122bb839045a145d6585de1126?s=96&d=mm&r=g","contentUrl":"https:\/\/secure.gravatar.com\/avatar\/ffa759db2a4d8ebb52a58b89d3dc2a9f0395a5122bb839045a145d6585de1126?s=96&d=mm&r=g","caption":"B\u00e9n\u00e9dicte Rebolloso"},"url":"https:\/\/blog.maciterneecolo.fr\/es\/author\/benedicterebolloso\/"}]}},"_links":{"self":[{"href":"https:\/\/blog.maciterneecolo.fr\/es\/wp-json\/wp\/v2\/posts\/14046","targetHints":{"allow":["GET"]}}],"collection":[{"href":"https:\/\/blog.maciterneecolo.fr\/es\/wp-json\/wp\/v2\/posts"}],"about":[{"href":"https:\/\/blog.maciterneecolo.fr\/es\/wp-json\/wp\/v2\/types\/post"}],"author":[{"embeddable":true,"href":"https:\/\/blog.maciterneecolo.fr\/es\/wp-json\/wp\/v2\/users\/4"}],"replies":[{"embeddable":true,"href":"https:\/\/blog.maciterneecolo.fr\/es\/wp-json\/wp\/v2\/comments?post=14046"}],"version-history":[{"count":1,"href":"https:\/\/blog.maciterneecolo.fr\/es\/wp-json\/wp\/v2\/posts\/14046\/revisions"}],"predecessor-version":[{"id":14047,"href":"https:\/\/blog.maciterneecolo.fr\/es\/wp-json\/wp\/v2\/posts\/14046\/revisions\/14047"}],"wp:featuredmedia":[{"embeddable":true,"href":"https:\/\/blog.maciterneecolo.fr\/es\/wp-json\/wp\/v2\/media\/14038"}],"wp:attachment":[{"href":"https:\/\/blog.maciterneecolo.fr\/es\/wp-json\/wp\/v2\/media?parent=14046"}],"wp:term":[{"taxonomy":"category","embeddable":true,"href":"https:\/\/blog.maciterneecolo.fr\/es\/wp-json\/wp\/v2\/categories?post=14046"},{"taxonomy":"post_tag","embeddable":true,"href":"https:\/\/blog.maciterneecolo.fr\/es\/wp-json\/wp\/v2\/tags?post=14046"}],"curies":[{"name":"wp","href":"https:\/\/api.w.org\/{rel}","templated":true}]}}