{"id":14560,"date":"2025-09-09T11:00:00","date_gmt":"2025-09-09T11:00:00","guid":{"rendered":"https:\/\/blog.maciterneecolo.fr\/?p=14560"},"modified":"2025-05-09T12:30:14","modified_gmt":"2025-05-09T12:30:14","slug":"resiliencia-hidrica-de-las-autoridades-locales-por-que-deben-pensar-como-individuos","status":"publish","type":"post","link":"https:\/\/blog.maciterneecolo.fr\/es\/resiliencia-hidrica-de-las-autoridades-locales-por-que-deben-pensar-como-individuos\/","title":{"rendered":"Resiliencia h\u00eddrica de las autoridades locales: por qu\u00e9 deben pensar como individuos"},"content":{"rendered":"\n<h2 class=\"wp-block-heading\"><mark style=\"background-color:rgba(0, 0, 0, 0)\" class=\"has-inline-color has-vivid-cyan-blue-color\">La crisis del agua: un reto creciente para las autoridades locales francesas<\/mark><\/h2>\n\n<h3 class=\"wp-block-heading\">Presi\u00f3n sin precedentes sobre los recursos h\u00eddricos<\/h3>\n\n<p>Desde hace varios a\u00f1os, Francia experimenta un n\u00famero creciente de <a href=\"https:\/\/blog.maciterneecolo.fr\/es\/el-impacto-de-la-sequia-en-nuestra-vida-cotidiana-lo-que-debes-saber\/\">sequ\u00edas, que tienen un impacto duradero en los recursos h\u00eddricos<\/a>. Este fen\u00f3meno, amplificado en gran medida por el cambio clim\u00e1tico, est\u00e1 minando a las regiones y a las autoridades locales, que luchan por mantener un servicio p\u00fablico de gesti\u00f3n del agua de calidad. <\/p>\n\n<p>La menor recarga de las aguas subterr\u00e1neas, la reducci\u00f3n del caudal de los r\u00edos y el aumento de la evaporaci\u00f3n de las instalaciones de almacenamiento est\u00e1n ejerciendo presi\u00f3n sobre todo el ciclo del agua. Las autoridades locales, sobre todo en las zonas rurales, est\u00e1n teniendo que adaptar r\u00e1pidamente su uso del agua, ya que su consumo depende muy a menudo de redes envejecidas e infraestructuras menos resistentes. <\/p>\n\n<h3 class=\"wp-block-heading\">Restricciones de uso cada vez m\u00e1s frecuentes<\/h3>\n\n<p>Cada a\u00f1o, un gran n\u00famero de ciudades francesas se ven obligadas a publicar decretos que restringen el uso del agua. Ya se trate de limitar el riego, cerrar fuentes o restringir el llenado de piscinas, estas decisiones se toman en un contexto de emergencia. Estas medidas afectan a los servicios p\u00fablicos, a los ciudadanos, a las empresas y a los agricultores.  <\/p>\n\n<p>La gesti\u00f3n de la sobriedad del agua se ha convertido en un pilar de los planes de resiliencia. Los actores locales y regionales deben integrar estas cuestiones en sus proyectos de desarrollo y revisar el papel de los recursos h\u00eddricos en sus pol\u00edticas. La tarificaci\u00f3n progresiva del agua potable, por ejemplo, es una medida de adaptaci\u00f3n esencial.  <\/p>\n\n<h3 class=\"wp-block-heading\">Dependencia costosa de las redes p\u00fablicas<\/h3>\n\n<p>Las redes de agua en Francia son gestionadas principalmente por las autoridades locales, a menudo agrupadas en mancomunidades o intermunicipalidades. El coste de las inversiones en infraestructuras -tuber\u00edas, estaciones de bombeo, dep\u00f3sitos- es elevado, al igual que el coste de su mantenimiento. Adem\u00e1s, cualquier deterioro del servicio por falta de modernizaci\u00f3n expone a los usuarios al riesgo de interrupci\u00f3n del servicio.  <\/p>\n\n<p>Ante estos retos, el modelo de gesti\u00f3n centralizada debe evolucionar. Las autoridades locales deben considerar soluciones complementarias, como las redes secundarias, las instalaciones locales de almacenamiento y la recogida de aguas pluviales. Esto presupone la aplicaci\u00f3n de pol\u00edticas proactivas a nivel local.  <\/p>\n\n<h2 class=\"wp-block-heading\"><mark style=\"background-color:rgba(0, 0, 0, 0)\" class=\"has-inline-color has-vivid-cyan-blue-color\">Pensar como un particular: un cambio de paradigma necesario<\/mark><\/h2>\n\n<h3 class=\"wp-block-heading\">El modelo nacional: fuente de inspiraci\u00f3n para las autoridades locales<\/h3>\n\n<p>Desde hace varios a\u00f1os, muchos hogares franceses adoptan sistemas de recuperaci\u00f3n de agua, sobre todo cisternas flexibles, para usos como el riego, la limpieza y los aseos. Estas soluciones les permiten reducir su consumo de agua potable al tiempo que aseguran su abastecimiento. <\/p>\n\n<p>Este modelo, basado en la sobriedad, la sencillez y la rapidez de implantaci\u00f3n, est\u00e1 inspirando ahora a algunas autoridades locales. Pensando como un particular, un ayuntamiento, un centro t\u00e9cnico o una escuela pueden dotarse de un sistema aut\u00f3nomo. Esto significa facturas m\u00e1s bajas, mayor resiliencia y acciones concretas para combatir el cambio clim\u00e1tico.  <\/p>\n\n<h3 class=\"wp-block-heading\">Usos p\u00fablicos adecuados: espacios verdes, escuelas, equipamientos<\/h3>\n\n<p>Instalar <a href=\"https:\/\/www.maciterneecolo.fr\/fr\/3-citernes-souples\">cisternas flexibles<\/a> en instalaciones p\u00fablicas es una soluci\u00f3n eficaz para hacer frente a los periodos de tensi\u00f3n. Estas cisternas permiten almacenar el agua de lluvia en las inmediaciones de donde se consume. Los servicios t\u00e9cnicos pueden entonces extraer directamente estas reservas para mantener los espacios verdes, lavar las carreteras o abastecer los aseos p\u00fablicos.  <\/p>\n\n<p>Estos usos espec\u00edficos permiten una mejor distribuci\u00f3n del recurso, y evitan movilizar la red de agua potable para necesidades secundarias. Al poner en com\u00fan los proyectos, varios municipios de la misma cuenca pueden compartir los equipos. Es un planteamiento flexible y rentable, coherente con los objetivos clim\u00e1ticos del pa\u00eds.  <\/p>\n\n<h3 class=\"wp-block-heading\">Beneficios inmediatos para la comunidad y sus usuarios<\/h3>\n\n<p>Las autoridades locales que ponen en marcha estos proyectos sobre el agua ven r\u00e1pidamente una reducci\u00f3n de su consumo, una disminuci\u00f3n de sus gastos en euros y una mejora de su imagen. Estas acciones son visibles y concretas, y contribuyen a movilizar a los usuarios en torno a un marco de desarrollo sostenible. <\/p>\n\n<p>Esto tambi\u00e9n fomenta la participaci\u00f3n de los ciudadanos, que pueden inspirarse en el enfoque p\u00fablico para su propio uso. De este modo, la resiliencia se comparte y contribuye a la transformaci\u00f3n global de los servicios del agua. Estas iniciativas encajan perfectamente con los planes regionales clima-aire-energ\u00eda que pilotan las agencias estatales.  <\/p>\n\n<h2 class=\"wp-block-heading\"><mark style=\"background-color:rgba(0, 0, 0, 0)\" class=\"has-inline-color has-vivid-cyan-blue-color\">Organizar la resiliencia del agua a nivel regional<\/mark><\/h2>\n\n<h3 class=\"wp-block-heading\">Ayudas disponibles para apoyar proyectos de las autoridades locales<\/h3>\n\n<p>Hay una serie de ayudas econ\u00f3micas a disposici\u00f3n de las autoridades locales para reforzar su resistencia al agua. Las agencias del agua, las regiones, los departamentos y los parques naturales regionales ofrecen convocatorias de proyectos y subvenciones espec\u00edficas. <\/p>\n\n<p>Estas ayudas pueden financiar hasta el 80% de la inversi\u00f3n en acciones concretas, como la instalaci\u00f3n de sistemas de recuperaci\u00f3n de agua, la creaci\u00f3n de redes secundarias y la aplicaci\u00f3n de planes de eficiencia h\u00eddrica. Para optar a la ayuda, las autoridades locales deben elaborar un proyecto coherente, incorporar indicadores de calidad y demostrar su compromiso con la zona. <\/p>\n\n<h3 class=\"wp-block-heading\">Proyectos compartidos para una mayor eficacia local<\/h3>\n\n<p>Equipos como dep\u00f3sitos flexibles, sistemas de control remoto, bombas y filtros pueden ponerse en com\u00fan en toda una regi\u00f3n. Un modelo intermunicipal optimiza el uso de los recursos, limita las redundancias y garantiza la sobriedad colectiva. <\/p>\n\n<p>Este enfoque sist\u00e9mico puede integrarse en un plan global de gesti\u00f3n del agua, coherente con las redes existentes. Los beneficios son muchos: econom\u00edas de escala, mejor gesti\u00f3n de las infraestructuras, coordinaci\u00f3n entre las partes interesadas. Esto crea una din\u00e1mica virtuosa, en la que cada municipio contribuye a la resiliencia de la regi\u00f3n en su conjunto.  <\/p>\n\n<h3 class=\"wp-block-heading\">Autoridades locales ejemplares que marcan el camino<\/h3>\n\n<p>Algunas ciudades francesas se han convertido en pioneras de la resiliencia h\u00eddrica. Mediante la instalaci\u00f3n de cisternas, redes secundarias y pol\u00edticas de precios progresivos, est\u00e1n reduciendo su dependencia del agua potable y controlando su consumo. <\/p>\n\n<p>Tambi\u00e9n han conseguido integrar estas iniciativas en una pol\u00edtica p\u00fablica global, comunicando los beneficios de las nuevas pr\u00e1cticas a los residentes locales. Estos modelos locales inspiran a otras regiones, y son elogiados regularmente por las agencias regionales, el gobierno y las asociaciones de representantes electos. Demuestran que la resiliencia es una cuesti\u00f3n de voluntad, estrategia y pragmatismo.  <\/p>\n\n<h2 class=\"wp-block-heading\"><mark style=\"background-color:rgba(0, 0, 0, 0)\" class=\"has-inline-color has-vivid-cyan-blue-color\">Hacia una nueva cultura p\u00fablica del agua<\/mark><\/h2>\n\n<p>Las autoridades locales francesas se encuentran en un punto de inflexi\u00f3n. La resiliencia al agua ya no puede ser una variable de ajuste. Debe convertirse en una prioridad pol\u00edtica, integrada en todo marco de desarrollo, en todo proyecto territorial y en todo servicio p\u00fablico.  <\/p>\n\n<p>Pensar como un particular significa adoptar una visi\u00f3n concreta, ahorradora y eficiente. Significa poner en marcha soluciones sencillas pero potentes: cisternas, sistemas de recuperaci\u00f3n, redes independientes, uso diferenciado. Tambi\u00e9n significa encarnar una pol\u00edtica de sobriedad ambiciosa que anime a los usuarios a cambiar sus h\u00e1bitos.  <\/p>\n\n<p>En un contexto de cambio clim\u00e1tico, recursos menguantes y presi\u00f3n creciente sobre las redes, esta transformaci\u00f3n es inevitable. Implicando a los agentes locales, activando las palancas financieras y promoviendo las buenas pr\u00e1cticas, las autoridades locales pueden convertirse en el motor de una nueva cultura p\u00fablica del agua en Francia. <\/p>\n","protected":false},"excerpt":{"rendered":"<p>La crisis del agua: un reto creciente para las autoridades locales francesas Presi\u00f3n sin precedentes sobre los recursos h\u00eddricos Desde hace varios a\u00f1os, Francia experimenta un n\u00famero creciente de sequ\u00edas, que tienen un impacto duradero en los recursos h\u00eddricos. Este fen\u00f3meno, amplificado en gran medida por el cambio clim\u00e1tico, est\u00e1 minando a las regiones y [&hellip;]<\/p>\n","protected":false},"author":4,"featured_media":14558,"comment_status":"open","ping_status":"closed","sticky":false,"template":"","format":"standard","meta":{"inline_featured_image":false,"footnotes":""},"categories":[91,86,2617],"tags":[],"class_list":["post-14560","post","type-post","status-publish","format-standard","has-post-thumbnail","hentry","category-como-funciona-una-cisterna-flexible","category-depositos-flexibles","category-gestion-del-agua"],"yoast_head":"<!-- This site is optimized with the Yoast SEO plugin v27.4 - https:\/\/yoast.com\/product\/yoast-seo-wordpress\/ -->\n<title>Resiliencia h\u00eddrica de las autoridades locales: por qu\u00e9 deben pensar como individuos - Blog Ma Citerne Ecolo<\/title>\n<meta name=\"description\" content=\"Las autoridades locales francesas tienen que pensar como individuos para garantizar una gesti\u00f3n resistente del agua frente a la sequ\u00eda.\" \/>\n<meta name=\"robots\" content=\"index, follow, max-snippet:-1, max-image-preview:large, max-video-preview:-1\" \/>\n<link rel=\"canonical\" href=\"https:\/\/blog.maciterneecolo.fr\/es\/resiliencia-hidrica-de-las-autoridades-locales-por-que-deben-pensar-como-individuos\/\" \/>\n<meta property=\"og:locale\" content=\"es_ES\" \/>\n<meta property=\"og:type\" content=\"article\" \/>\n<meta property=\"og:title\" content=\"Resiliencia h\u00eddrica de las autoridades locales: por qu\u00e9 deben pensar como individuos - Blog Ma Citerne Ecolo\" \/>\n<meta property=\"og:description\" content=\"Las autoridades locales francesas tienen que pensar como individuos para garantizar una gesti\u00f3n resistente del agua frente a la sequ\u00eda.\" \/>\n<meta property=\"og:url\" content=\"https:\/\/blog.maciterneecolo.fr\/es\/resiliencia-hidrica-de-las-autoridades-locales-por-que-deben-pensar-como-individuos\/\" \/>\n<meta property=\"og:site_name\" content=\"Blog Ma Citerne Ecolo\" \/>\n<meta property=\"article:published_time\" content=\"2025-09-09T11:00:00+00:00\" \/>\n<meta property=\"og:image\" content=\"https:\/\/blog.maciterneecolo.fr\/wp-content\/uploads\/2025\/05\/pexels-scottwebb-137582-scaled.jpg\" \/>\n\t<meta property=\"og:image:width\" content=\"2560\" \/>\n\t<meta property=\"og:image:height\" content=\"1698\" \/>\n\t<meta property=\"og:image:type\" content=\"image\/jpeg\" \/>\n<meta name=\"author\" content=\"B\u00e9n\u00e9dicte Rebolloso\" \/>\n<meta name=\"twitter:card\" content=\"summary_large_image\" \/>\n<meta name=\"twitter:label1\" content=\"Escrito por\" \/>\n\t<meta name=\"twitter:data1\" content=\"B\u00e9n\u00e9dicte Rebolloso\" \/>\n\t<meta name=\"twitter:label2\" content=\"Tiempo de lectura\" \/>\n\t<meta name=\"twitter:data2\" content=\"6 minutos\" \/>\n<script type=\"application\/ld+json\" class=\"yoast-schema-graph\">{\"@context\":\"https:\\\/\\\/schema.org\",\"@graph\":[{\"@type\":\"Article\",\"@id\":\"https:\\\/\\\/blog.maciterneecolo.fr\\\/es\\\/resiliencia-hidrica-de-las-autoridades-locales-por-que-deben-pensar-como-individuos\\\/#article\",\"isPartOf\":{\"@id\":\"https:\\\/\\\/blog.maciterneecolo.fr\\\/es\\\/resiliencia-hidrica-de-las-autoridades-locales-por-que-deben-pensar-como-individuos\\\/\"},\"author\":{\"name\":\"B\u00e9n\u00e9dicte Rebolloso\",\"@id\":\"https:\\\/\\\/blog.maciterneecolo.fr\\\/es\\\/#\\\/schema\\\/person\\\/fe50d00b4e639107698e1ddead236943\"},\"headline\":\"Resiliencia h\u00eddrica de las autoridades locales: por qu\u00e9 deben pensar como individuos\",\"datePublished\":\"2025-09-09T11:00:00+00:00\",\"mainEntityOfPage\":{\"@id\":\"https:\\\/\\\/blog.maciterneecolo.fr\\\/es\\\/resiliencia-hidrica-de-las-autoridades-locales-por-que-deben-pensar-como-individuos\\\/\"},\"wordCount\":1284,\"commentCount\":0,\"publisher\":{\"@id\":\"https:\\\/\\\/blog.maciterneecolo.fr\\\/es\\\/#organization\"},\"image\":{\"@id\":\"https:\\\/\\\/blog.maciterneecolo.fr\\\/es\\\/resiliencia-hidrica-de-las-autoridades-locales-por-que-deben-pensar-como-individuos\\\/#primaryimage\"},\"thumbnailUrl\":\"https:\\\/\\\/blog.maciterneecolo.fr\\\/wp-content\\\/uploads\\\/2025\\\/05\\\/pexels-scottwebb-137582-scaled.jpg\",\"articleSection\":[\"C\u00f3mo funciona una cisterna flexible\",\"Dep\u00f3sitos flexibles\",\"Gesti\u00f3n del agua\"],\"inLanguage\":\"es\",\"potentialAction\":[{\"@type\":\"CommentAction\",\"name\":\"Comment\",\"target\":[\"https:\\\/\\\/blog.maciterneecolo.fr\\\/es\\\/resiliencia-hidrica-de-las-autoridades-locales-por-que-deben-pensar-como-individuos\\\/#respond\"]}]},{\"@type\":\"WebPage\",\"@id\":\"https:\\\/\\\/blog.maciterneecolo.fr\\\/es\\\/resiliencia-hidrica-de-las-autoridades-locales-por-que-deben-pensar-como-individuos\\\/\",\"url\":\"https:\\\/\\\/blog.maciterneecolo.fr\\\/es\\\/resiliencia-hidrica-de-las-autoridades-locales-por-que-deben-pensar-como-individuos\\\/\",\"name\":\"Resiliencia h\u00eddrica de las autoridades locales: por qu\u00e9 deben pensar como individuos - Blog Ma Citerne Ecolo\",\"isPartOf\":{\"@id\":\"https:\\\/\\\/blog.maciterneecolo.fr\\\/es\\\/#website\"},\"primaryImageOfPage\":{\"@id\":\"https:\\\/\\\/blog.maciterneecolo.fr\\\/es\\\/resiliencia-hidrica-de-las-autoridades-locales-por-que-deben-pensar-como-individuos\\\/#primaryimage\"},\"image\":{\"@id\":\"https:\\\/\\\/blog.maciterneecolo.fr\\\/es\\\/resiliencia-hidrica-de-las-autoridades-locales-por-que-deben-pensar-como-individuos\\\/#primaryimage\"},\"thumbnailUrl\":\"https:\\\/\\\/blog.maciterneecolo.fr\\\/wp-content\\\/uploads\\\/2025\\\/05\\\/pexels-scottwebb-137582-scaled.jpg\",\"datePublished\":\"2025-09-09T11:00:00+00:00\",\"description\":\"Las autoridades locales francesas tienen que pensar como individuos para garantizar una gesti\u00f3n resistente del agua frente a la sequ\u00eda.\",\"breadcrumb\":{\"@id\":\"https:\\\/\\\/blog.maciterneecolo.fr\\\/es\\\/resiliencia-hidrica-de-las-autoridades-locales-por-que-deben-pensar-como-individuos\\\/#breadcrumb\"},\"inLanguage\":\"es\",\"potentialAction\":[{\"@type\":\"ReadAction\",\"target\":[\"https:\\\/\\\/blog.maciterneecolo.fr\\\/es\\\/resiliencia-hidrica-de-las-autoridades-locales-por-que-deben-pensar-como-individuos\\\/\"]}]},{\"@type\":\"ImageObject\",\"inLanguage\":\"es\",\"@id\":\"https:\\\/\\\/blog.maciterneecolo.fr\\\/es\\\/resiliencia-hidrica-de-las-autoridades-locales-por-que-deben-pensar-como-individuos\\\/#primaryimage\",\"url\":\"https:\\\/\\\/blog.maciterneecolo.fr\\\/wp-content\\\/uploads\\\/2025\\\/05\\\/pexels-scottwebb-137582-scaled.jpg\",\"contentUrl\":\"https:\\\/\\\/blog.maciterneecolo.fr\\\/wp-content\\\/uploads\\\/2025\\\/05\\\/pexels-scottwebb-137582-scaled.jpg\",\"width\":2560,\"height\":1698},{\"@type\":\"BreadcrumbList\",\"@id\":\"https:\\\/\\\/blog.maciterneecolo.fr\\\/es\\\/resiliencia-hidrica-de-las-autoridades-locales-por-que-deben-pensar-como-individuos\\\/#breadcrumb\",\"itemListElement\":[{\"@type\":\"ListItem\",\"position\":1,\"name\":\"Accueil\",\"item\":\"https:\\\/\\\/blog.maciterneecolo.fr\\\/es\\\/\"},{\"@type\":\"ListItem\",\"position\":2,\"name\":\"Resiliencia h\u00eddrica de las autoridades locales: por qu\u00e9 deben pensar como individuos\"}]},{\"@type\":\"WebSite\",\"@id\":\"https:\\\/\\\/blog.maciterneecolo.fr\\\/es\\\/#website\",\"url\":\"https:\\\/\\\/blog.maciterneecolo.fr\\\/es\\\/\",\"name\":\"Blog Ma Citerne Ecolo\",\"description\":\"Leader dans le domaine de la citerne souple d&#039;eau de pluie\",\"publisher\":{\"@id\":\"https:\\\/\\\/blog.maciterneecolo.fr\\\/es\\\/#organization\"},\"potentialAction\":[{\"@type\":\"SearchAction\",\"target\":{\"@type\":\"EntryPoint\",\"urlTemplate\":\"https:\\\/\\\/blog.maciterneecolo.fr\\\/es\\\/?s={search_term_string}\"},\"query-input\":{\"@type\":\"PropertyValueSpecification\",\"valueRequired\":true,\"valueName\":\"search_term_string\"}}],\"inLanguage\":\"es\"},{\"@type\":\"Organization\",\"@id\":\"https:\\\/\\\/blog.maciterneecolo.fr\\\/es\\\/#organization\",\"name\":\"Blog Ma Citerne Ecolo\",\"url\":\"https:\\\/\\\/blog.maciterneecolo.fr\\\/es\\\/\",\"logo\":{\"@type\":\"ImageObject\",\"inLanguage\":\"es\",\"@id\":\"https:\\\/\\\/blog.maciterneecolo.fr\\\/es\\\/#\\\/schema\\\/logo\\\/image\\\/\",\"url\":\"https:\\\/\\\/blog.maciterneecolo.fr\\\/wp-content\\\/uploads\\\/2022\\\/12\\\/cropped-favicon-blog.png\",\"contentUrl\":\"https:\\\/\\\/blog.maciterneecolo.fr\\\/wp-content\\\/uploads\\\/2022\\\/12\\\/cropped-favicon-blog.png\",\"width\":512,\"height\":512,\"caption\":\"Blog Ma Citerne Ecolo\"},\"image\":{\"@id\":\"https:\\\/\\\/blog.maciterneecolo.fr\\\/es\\\/#\\\/schema\\\/logo\\\/image\\\/\"}},{\"@type\":\"Person\",\"@id\":\"https:\\\/\\\/blog.maciterneecolo.fr\\\/es\\\/#\\\/schema\\\/person\\\/fe50d00b4e639107698e1ddead236943\",\"name\":\"B\u00e9n\u00e9dicte Rebolloso\",\"image\":{\"@type\":\"ImageObject\",\"inLanguage\":\"es\",\"@id\":\"https:\\\/\\\/secure.gravatar.com\\\/avatar\\\/ffa759db2a4d8ebb52a58b89d3dc2a9f0395a5122bb839045a145d6585de1126?s=96&d=mm&r=g\",\"url\":\"https:\\\/\\\/secure.gravatar.com\\\/avatar\\\/ffa759db2a4d8ebb52a58b89d3dc2a9f0395a5122bb839045a145d6585de1126?s=96&d=mm&r=g\",\"contentUrl\":\"https:\\\/\\\/secure.gravatar.com\\\/avatar\\\/ffa759db2a4d8ebb52a58b89d3dc2a9f0395a5122bb839045a145d6585de1126?s=96&d=mm&r=g\",\"caption\":\"B\u00e9n\u00e9dicte Rebolloso\"},\"url\":\"https:\\\/\\\/blog.maciterneecolo.fr\\\/es\\\/author\\\/benedicterebolloso\\\/\"}]}<\/script>\n<!-- \/ Yoast SEO plugin. -->","yoast_head_json":{"title":"Resiliencia h\u00eddrica de las autoridades locales: por qu\u00e9 deben pensar como individuos - Blog Ma Citerne Ecolo","description":"Las autoridades locales francesas tienen que pensar como individuos para garantizar una gesti\u00f3n resistente del agua frente a la sequ\u00eda.","robots":{"index":"index","follow":"follow","max-snippet":"max-snippet:-1","max-image-preview":"max-image-preview:large","max-video-preview":"max-video-preview:-1"},"canonical":"https:\/\/blog.maciterneecolo.fr\/es\/resiliencia-hidrica-de-las-autoridades-locales-por-que-deben-pensar-como-individuos\/","og_locale":"es_ES","og_type":"article","og_title":"Resiliencia h\u00eddrica de las autoridades locales: por qu\u00e9 deben pensar como individuos - Blog Ma Citerne Ecolo","og_description":"Las autoridades locales francesas tienen que pensar como individuos para garantizar una gesti\u00f3n resistente del agua frente a la sequ\u00eda.","og_url":"https:\/\/blog.maciterneecolo.fr\/es\/resiliencia-hidrica-de-las-autoridades-locales-por-que-deben-pensar-como-individuos\/","og_site_name":"Blog Ma Citerne Ecolo","article_published_time":"2025-09-09T11:00:00+00:00","og_image":[{"width":2560,"height":1698,"url":"https:\/\/blog.maciterneecolo.fr\/wp-content\/uploads\/2025\/05\/pexels-scottwebb-137582-scaled.jpg","type":"image\/jpeg"}],"author":"B\u00e9n\u00e9dicte Rebolloso","twitter_card":"summary_large_image","twitter_misc":{"Escrito por":"B\u00e9n\u00e9dicte Rebolloso","Tiempo de lectura":"6 minutos"},"schema":{"@context":"https:\/\/schema.org","@graph":[{"@type":"Article","@id":"https:\/\/blog.maciterneecolo.fr\/es\/resiliencia-hidrica-de-las-autoridades-locales-por-que-deben-pensar-como-individuos\/#article","isPartOf":{"@id":"https:\/\/blog.maciterneecolo.fr\/es\/resiliencia-hidrica-de-las-autoridades-locales-por-que-deben-pensar-como-individuos\/"},"author":{"name":"B\u00e9n\u00e9dicte Rebolloso","@id":"https:\/\/blog.maciterneecolo.fr\/es\/#\/schema\/person\/fe50d00b4e639107698e1ddead236943"},"headline":"Resiliencia h\u00eddrica de las autoridades locales: por qu\u00e9 deben pensar como individuos","datePublished":"2025-09-09T11:00:00+00:00","mainEntityOfPage":{"@id":"https:\/\/blog.maciterneecolo.fr\/es\/resiliencia-hidrica-de-las-autoridades-locales-por-que-deben-pensar-como-individuos\/"},"wordCount":1284,"commentCount":0,"publisher":{"@id":"https:\/\/blog.maciterneecolo.fr\/es\/#organization"},"image":{"@id":"https:\/\/blog.maciterneecolo.fr\/es\/resiliencia-hidrica-de-las-autoridades-locales-por-que-deben-pensar-como-individuos\/#primaryimage"},"thumbnailUrl":"https:\/\/blog.maciterneecolo.fr\/wp-content\/uploads\/2025\/05\/pexels-scottwebb-137582-scaled.jpg","articleSection":["C\u00f3mo funciona una cisterna flexible","Dep\u00f3sitos flexibles","Gesti\u00f3n del agua"],"inLanguage":"es","potentialAction":[{"@type":"CommentAction","name":"Comment","target":["https:\/\/blog.maciterneecolo.fr\/es\/resiliencia-hidrica-de-las-autoridades-locales-por-que-deben-pensar-como-individuos\/#respond"]}]},{"@type":"WebPage","@id":"https:\/\/blog.maciterneecolo.fr\/es\/resiliencia-hidrica-de-las-autoridades-locales-por-que-deben-pensar-como-individuos\/","url":"https:\/\/blog.maciterneecolo.fr\/es\/resiliencia-hidrica-de-las-autoridades-locales-por-que-deben-pensar-como-individuos\/","name":"Resiliencia h\u00eddrica de las autoridades locales: por qu\u00e9 deben pensar como individuos - Blog Ma Citerne Ecolo","isPartOf":{"@id":"https:\/\/blog.maciterneecolo.fr\/es\/#website"},"primaryImageOfPage":{"@id":"https:\/\/blog.maciterneecolo.fr\/es\/resiliencia-hidrica-de-las-autoridades-locales-por-que-deben-pensar-como-individuos\/#primaryimage"},"image":{"@id":"https:\/\/blog.maciterneecolo.fr\/es\/resiliencia-hidrica-de-las-autoridades-locales-por-que-deben-pensar-como-individuos\/#primaryimage"},"thumbnailUrl":"https:\/\/blog.maciterneecolo.fr\/wp-content\/uploads\/2025\/05\/pexels-scottwebb-137582-scaled.jpg","datePublished":"2025-09-09T11:00:00+00:00","description":"Las autoridades locales francesas tienen que pensar como individuos para garantizar una gesti\u00f3n resistente del agua frente a la sequ\u00eda.","breadcrumb":{"@id":"https:\/\/blog.maciterneecolo.fr\/es\/resiliencia-hidrica-de-las-autoridades-locales-por-que-deben-pensar-como-individuos\/#breadcrumb"},"inLanguage":"es","potentialAction":[{"@type":"ReadAction","target":["https:\/\/blog.maciterneecolo.fr\/es\/resiliencia-hidrica-de-las-autoridades-locales-por-que-deben-pensar-como-individuos\/"]}]},{"@type":"ImageObject","inLanguage":"es","@id":"https:\/\/blog.maciterneecolo.fr\/es\/resiliencia-hidrica-de-las-autoridades-locales-por-que-deben-pensar-como-individuos\/#primaryimage","url":"https:\/\/blog.maciterneecolo.fr\/wp-content\/uploads\/2025\/05\/pexels-scottwebb-137582-scaled.jpg","contentUrl":"https:\/\/blog.maciterneecolo.fr\/wp-content\/uploads\/2025\/05\/pexels-scottwebb-137582-scaled.jpg","width":2560,"height":1698},{"@type":"BreadcrumbList","@id":"https:\/\/blog.maciterneecolo.fr\/es\/resiliencia-hidrica-de-las-autoridades-locales-por-que-deben-pensar-como-individuos\/#breadcrumb","itemListElement":[{"@type":"ListItem","position":1,"name":"Accueil","item":"https:\/\/blog.maciterneecolo.fr\/es\/"},{"@type":"ListItem","position":2,"name":"Resiliencia h\u00eddrica de las autoridades locales: por qu\u00e9 deben pensar como individuos"}]},{"@type":"WebSite","@id":"https:\/\/blog.maciterneecolo.fr\/es\/#website","url":"https:\/\/blog.maciterneecolo.fr\/es\/","name":"Blog Ma Citerne Ecolo","description":"Leader dans le domaine de la citerne souple d&#039;eau de pluie","publisher":{"@id":"https:\/\/blog.maciterneecolo.fr\/es\/#organization"},"potentialAction":[{"@type":"SearchAction","target":{"@type":"EntryPoint","urlTemplate":"https:\/\/blog.maciterneecolo.fr\/es\/?s={search_term_string}"},"query-input":{"@type":"PropertyValueSpecification","valueRequired":true,"valueName":"search_term_string"}}],"inLanguage":"es"},{"@type":"Organization","@id":"https:\/\/blog.maciterneecolo.fr\/es\/#organization","name":"Blog Ma Citerne Ecolo","url":"https:\/\/blog.maciterneecolo.fr\/es\/","logo":{"@type":"ImageObject","inLanguage":"es","@id":"https:\/\/blog.maciterneecolo.fr\/es\/#\/schema\/logo\/image\/","url":"https:\/\/blog.maciterneecolo.fr\/wp-content\/uploads\/2022\/12\/cropped-favicon-blog.png","contentUrl":"https:\/\/blog.maciterneecolo.fr\/wp-content\/uploads\/2022\/12\/cropped-favicon-blog.png","width":512,"height":512,"caption":"Blog Ma Citerne Ecolo"},"image":{"@id":"https:\/\/blog.maciterneecolo.fr\/es\/#\/schema\/logo\/image\/"}},{"@type":"Person","@id":"https:\/\/blog.maciterneecolo.fr\/es\/#\/schema\/person\/fe50d00b4e639107698e1ddead236943","name":"B\u00e9n\u00e9dicte Rebolloso","image":{"@type":"ImageObject","inLanguage":"es","@id":"https:\/\/secure.gravatar.com\/avatar\/ffa759db2a4d8ebb52a58b89d3dc2a9f0395a5122bb839045a145d6585de1126?s=96&d=mm&r=g","url":"https:\/\/secure.gravatar.com\/avatar\/ffa759db2a4d8ebb52a58b89d3dc2a9f0395a5122bb839045a145d6585de1126?s=96&d=mm&r=g","contentUrl":"https:\/\/secure.gravatar.com\/avatar\/ffa759db2a4d8ebb52a58b89d3dc2a9f0395a5122bb839045a145d6585de1126?s=96&d=mm&r=g","caption":"B\u00e9n\u00e9dicte Rebolloso"},"url":"https:\/\/blog.maciterneecolo.fr\/es\/author\/benedicterebolloso\/"}]}},"_links":{"self":[{"href":"https:\/\/blog.maciterneecolo.fr\/es\/wp-json\/wp\/v2\/posts\/14560","targetHints":{"allow":["GET"]}}],"collection":[{"href":"https:\/\/blog.maciterneecolo.fr\/es\/wp-json\/wp\/v2\/posts"}],"about":[{"href":"https:\/\/blog.maciterneecolo.fr\/es\/wp-json\/wp\/v2\/types\/post"}],"author":[{"embeddable":true,"href":"https:\/\/blog.maciterneecolo.fr\/es\/wp-json\/wp\/v2\/users\/4"}],"replies":[{"embeddable":true,"href":"https:\/\/blog.maciterneecolo.fr\/es\/wp-json\/wp\/v2\/comments?post=14560"}],"version-history":[{"count":1,"href":"https:\/\/blog.maciterneecolo.fr\/es\/wp-json\/wp\/v2\/posts\/14560\/revisions"}],"predecessor-version":[{"id":14561,"href":"https:\/\/blog.maciterneecolo.fr\/es\/wp-json\/wp\/v2\/posts\/14560\/revisions\/14561"}],"wp:featuredmedia":[{"embeddable":true,"href":"https:\/\/blog.maciterneecolo.fr\/es\/wp-json\/wp\/v2\/media\/14558"}],"wp:attachment":[{"href":"https:\/\/blog.maciterneecolo.fr\/es\/wp-json\/wp\/v2\/media?parent=14560"}],"wp:term":[{"taxonomy":"category","embeddable":true,"href":"https:\/\/blog.maciterneecolo.fr\/es\/wp-json\/wp\/v2\/categories?post=14560"},{"taxonomy":"post_tag","embeddable":true,"href":"https:\/\/blog.maciterneecolo.fr\/es\/wp-json\/wp\/v2\/tags?post=14560"}],"curies":[{"name":"wp","href":"https:\/\/api.w.org\/{rel}","templated":true}]}}