{"id":15149,"date":"2025-12-06T12:00:00","date_gmt":"2025-12-06T12:00:00","guid":{"rendered":"https:\/\/blog.maciterneecolo.fr\/?p=15149"},"modified":"2025-09-11T12:19:57","modified_gmt":"2025-09-11T12:19:57","slug":"embalses-flexibles-y-viticultura-gestion-del-agua-adaptada-a-los-vinedos-frente-al-cambio-climatico","status":"publish","type":"post","link":"https:\/\/blog.maciterneecolo.fr\/es\/embalses-flexibles-y-viticultura-gestion-del-agua-adaptada-a-los-vinedos-frente-al-cambio-climatico\/","title":{"rendered":"Embalses flexibles y viticultura: gesti\u00f3n del agua adaptada a los vi\u00f1edos frente al cambio clim\u00e1tico"},"content":{"rendered":"\n<p>La viticultura francesa est\u00e1 directamente expuesta a los efectos del cambio clim\u00e1tico. Con sequ\u00edas repetidas, descenso de las precipitaciones y aumento de las temperaturas, la disponibilidad de agua se est\u00e1 convirtiendo en una cuesti\u00f3n estrat\u00e9gica para mantener la calidad de la uva y la competitividad de las explotaciones. Ante este reto, cada vez m\u00e1s bodegas recurren a los embalses flexibles.  <\/p>\n\n<p>Pr\u00e1cticos, econ\u00f3micos y adaptables, estos equipos permiten almacenar el agua de lluvia y utilizarla racionalmente para el riego. Se inscriben perfectamente en la l\u00f3gica de la gesti\u00f3n sostenible de los recursos, y aportan una respuesta concreta a los viticultores deseosos de anticiparse a los pr\u00f3ximos a\u00f1os clim\u00e1ticos dif\u00edciles. <\/p>\n\n<h2 class=\"wp-block-heading\"><mark style=\"background-color:rgba(0, 0, 0, 0)\" class=\"has-inline-color has-vivid-cyan-blue-color\">Los retos del agua en la viticultura moderna<\/mark><\/h2>\n\n<h3 class=\"wp-block-heading\">El cambio clim\u00e1tico y su impacto en los vi\u00f1edos<\/h3>\n\n<p>En Francia, <a href=\"https:\/\/blog.maciterneecolo.fr\/es\/el-impacto-de-la-sequia-en-nuestra-vida-cotidiana-lo-que-debes-saber\/\">las sequ\u00edas son cada vez m\u00e1s frecuentes e intensas<\/a>. El suelo se seca m\u00e1s r\u00e1pidamente, y los periodos de calor intenso debilitan las vides. Cuando llueve, a veces es demasiado repentina y no siempre beneficia a los cultivos. Por tanto, los viticultores tienen que encontrar nuevas soluciones para mantener la calidad y el rendimiento de sus parcelas.   <\/p>\n\n<h3 class=\"wp-block-heading\">Mayores necesidades de agua para garantizar la calidad de la uva<\/h3>\n\n<p>El agua es esencial no s\u00f3lo para el crecimiento de la vid, sino tambi\u00e9n para la concentraci\u00f3n arom\u00e1tica y la maduraci\u00f3n de la uva. La falta de agua puede provocar una disminuci\u00f3n del volumen, estr\u00e9s h\u00eddrico y un deterioro del sabor. Por tanto, las pr\u00e1cticas agr\u00edcolas deben adaptarse para conciliar la calidad de la cosecha con el respeto al medio ambiente.  <\/p>\n\n<h3 class=\"wp-block-heading\">La necesidad de adaptaci\u00f3n de los viticultores franceses<\/h3>\n\n<p>No todos los viticultores franceses tienen la misma capacidad de adaptaci\u00f3n. Las grandes casas pueden invertir en grandes infraestructuras, mientras que las fincas m\u00e1s peque\u00f1as buscan soluciones m\u00e1s flexibles, modulares y accesibles. <a href=\"https:\/\/www.maciterneecolo.fr\/fr\/3-citernes-souples\">Los dep\u00f3sitos flexibles<\/a> ofrecen precisamente esa flexibilidad, permitiendo aprovechar al m\u00e1ximo cada litro de agua disponible.  <\/p>\n\n<h2 class=\"wp-block-heading\"><mark style=\"background-color:rgba(0, 0, 0, 0)\" class=\"has-inline-color has-vivid-cyan-blue-color\">Cisternas flexibles: la soluci\u00f3n adecuada para los vi\u00f1edos<\/mark><\/h2>\n\n<h3 class=\"wp-block-heading\">Un sistema f\u00e1cil de instalar y almacenar<\/h3>\n\n<p>Una cisterna flexible es f\u00e1cil de instalar. Puede instalarse en una superficie plana y estabilizada, sin necesidad de grandes obras. Esta facilidad de instalaci\u00f3n hace que sea una soluci\u00f3n especialmente popular entre los viticultores. Adem\u00e1s, puede utilizarse en zonas rurales aisladas, donde las autoridades locales no siempre disponen de infraestructuras de drenaje o retenci\u00f3n.   <\/p>\n\n<h3 class=\"wp-block-heading\">Capacidad modular: de peque\u00f1as fincas a grandes vi\u00f1edos<\/h3>\n\n<p>Los dep\u00f3sitos flexibles tienen distintos tama\u00f1os, desde unos pocos cientos de litros hasta varios cientos de metros c\u00fabicos. Esto significa que pueden satisfacer las necesidades de cualquier explotaci\u00f3n, desde una peque\u00f1a finca familiar hasta un gran vi\u00f1edo de exportaci\u00f3n. Los viticultores pueden obtener un presupuesto personalizado de fabricantes o profesionales para elegir la capacidad m\u00e1s adecuada.  <\/p>\n\n<h3 class=\"wp-block-heading\">Una soluci\u00f3n pr\u00e1ctica para el apoyo al agua de lluvia y al riego<\/h3>\n\n<p>Gracias a su flexibilidad de uso, estos dep\u00f3sitos pueden almacenar el agua de lluvia recogida a trav\u00e9s de tejados, dep\u00f3sitos o sistemas de recogida de agua de lluvia. A continuaci\u00f3n, puede utilizarse para el riego controlado a un ritmo controlado. Este sistema ofrece una seguridad adicional en caso de sequ\u00eda y un medio de gestionar mejor los recursos locales.  <\/p>\n\n<h2 class=\"wp-block-heading\"><mark style=\"background-color:rgba(0, 0, 0, 0)\" class=\"has-inline-color has-vivid-cyan-blue-color\">Optimizar el riego con cisternas flexibles<\/mark><\/h2>\n\n<h3 class=\"wp-block-heading\">Riego por goteo para limitar el consumo<\/h3>\n\n<p><a href=\"https:\/\/blog.maciterneecolo.fr\/es\/riego-por-goteo-una-revolucion-para-su-jardin\/\">El riego por goteo es el m\u00e9todo m\u00e1s eficaz para regar las vides<\/a>. Combinado con un dep\u00f3sito flexible, permite que cada gota de agua llegue directamente a la base de la planta, sin p\u00e9rdidas por evaporaci\u00f3n o escorrent\u00eda. Este sistema responde al reto de ahorrar recursos h\u00eddricos al tiempo que garantiza un riego regular y controlado.  <\/p>\n\n<h3 class=\"wp-block-heading\">El papel de los embalses en la regulaci\u00f3n del caudal y la calidad del agua<\/h3>\n\n<p>Un dep\u00f3sito flexible protege el agua de la luz y los contaminantes. A diferencia de las balsas abiertas, preserva la calidad del agua y reduce los riesgos asociados a los efluentes o residuos org\u00e1nicos. Al controlar el flujo, garantiza una mejor gesti\u00f3n del agua en granjas y vi\u00f1edos.  <\/p>\n\n<h3 class=\"wp-block-heading\">Combinar la recogida de agua de lluvia y el riego racional<\/h3>\n\n<p>Instalando recolectores de agua de lluvia en los tejados de los edificios de las granjas, los viticultores pueden recoger grandes vol\u00famenes de agua de lluvia. Estas reservas se almacenan despu\u00e9s en dep\u00f3sitos flexibles y se utilizan para el riego sostenible. Es una respuesta pr\u00e1ctica a los problemas clim\u00e1ticos y una forma de optimizar el uso de los recursos disponibles.  <\/p>\n\n<h2 class=\"wp-block-heading\"><mark style=\"background-color:rgba(0, 0, 0, 0)\" class=\"has-inline-color has-vivid-cyan-blue-color\">Beneficios econ\u00f3micos y medioambientales para los viticultores<\/mark><\/h2>\n\n<h3 class=\"wp-block-heading\">Menores costes de agua y mayor autonom\u00eda<\/h3>\n\n<p>Una de las principales ventajas de las cisternas flexibles es el ahorro que suponen. Al reducir su dependencia de las redes p\u00fablicas, los viticultores pueden ser m\u00e1s autosuficientes y su negocio m\u00e1s seguro. Las soluciones de este tipo tambi\u00e9n pueden beneficiarse de ayudas locales o nacionales en el marco de la transici\u00f3n ecol\u00f3gica.  <\/p>\n\n<h3 class=\"wp-block-heading\">Gesti\u00f3n sostenible de los recursos locales<\/h3>\n\n<p>Los embalses flexibles contribuyen a una mejor gesti\u00f3n del agua, ya sea para beber o para la agricultura. Permiten limitar la cantidad de agua extra\u00edda de la capa fre\u00e1tica y gestionar mejor las precipitaciones irregulares. Es una respuesta sostenible a los retos de la viticultura francesa.  <\/p>\n\n<h3 class=\"wp-block-heading\">Una herramienta compatible con las subvenciones agr\u00edcolas y los proyectos colectivos<\/h3>\n\n<p>Muchas autoridades locales fomentan ahora la instalaci\u00f3n de sistemas de almacenamiento de agua de lluvia. Los viticultores pueden obtener financiaci\u00f3n, apoyo t\u00e9cnico e incluso proyectos colectivos basados en soluciones flexibles. Esto facilita la integraci\u00f3n de los sistemas de almacenamiento de agua de lluvia en las pr\u00e1cticas agr\u00edcolas modernas.  <\/p>\n\n<h2 class=\"wp-block-heading\"><mark style=\"background-color:rgba(0, 0, 0, 0)\" class=\"has-inline-color has-vivid-cyan-blue-color\">Un aliado duradero para la viticultura francesa<\/mark><\/h2>\n\n<p>El ciclo del agua est\u00e1 en el centro del futuro de la viticultura. Los dep\u00f3sitos flexibles ofrecen una respuesta eficaz y asequible a los retos del cambio clim\u00e1tico. Su facilidad de instalaci\u00f3n, adaptabilidad y ventajas econ\u00f3micas las convierten en una soluci\u00f3n esencial para las explotaciones.  <\/p>\n\n<p>Al almacenar el agua de lluvia y redistribuirla de forma inteligente, estos embalses se convierten en aut\u00e9nticas herramientas de resiliencia. Ofrecen a los viticultores franceses la posibilidad de preservar la calidad de sus cosechas adoptando un enfoque sostenible. <\/p>\n\n<p><\/p>\n","protected":false},"excerpt":{"rendered":"<p>La viticultura francesa est\u00e1 directamente expuesta a los efectos del cambio clim\u00e1tico. Con sequ\u00edas repetidas, descenso de las precipitaciones y aumento de las temperaturas, la disponibilidad de agua se est\u00e1 convirtiendo en una cuesti\u00f3n estrat\u00e9gica para mantener la calidad de la uva y la competitividad de las explotaciones. Ante este reto, cada vez m\u00e1s bodegas [&hellip;]<\/p>\n","protected":false},"author":4,"featured_media":15147,"comment_status":"open","ping_status":"closed","sticky":false,"template":"","format":"standard","meta":{"inline_featured_image":false,"footnotes":""},"categories":[91,86],"tags":[],"class_list":["post-15149","post","type-post","status-publish","format-standard","has-post-thumbnail","hentry","category-como-funciona-una-cisterna-flexible","category-depositos-flexibles"],"yoast_head":"<!-- This site is optimized with the Yoast SEO plugin v27.4 - https:\/\/yoast.com\/product\/yoast-seo-wordpress\/ -->\n<title>Embalses flexibles y viticultura: gesti\u00f3n del agua adaptada a los vi\u00f1edos frente al cambio clim\u00e1tico - Blog Ma Citerne Ecolo<\/title>\n<meta name=\"description\" content=\"Los embalses flexibles ayudan a los vi\u00f1edos a gestionar el agua frente al cambio clim\u00e1tico: almacenamiento, riego racional y sostenibilidad.\" \/>\n<meta name=\"robots\" content=\"index, follow, max-snippet:-1, max-image-preview:large, max-video-preview:-1\" \/>\n<link rel=\"canonical\" href=\"https:\/\/blog.maciterneecolo.fr\/es\/embalses-flexibles-y-viticultura-gestion-del-agua-adaptada-a-los-vinedos-frente-al-cambio-climatico\/\" \/>\n<meta property=\"og:locale\" content=\"es_ES\" \/>\n<meta property=\"og:type\" content=\"article\" \/>\n<meta property=\"og:title\" content=\"Embalses flexibles y viticultura: gesti\u00f3n del agua adaptada a los vi\u00f1edos frente al cambio clim\u00e1tico - Blog Ma Citerne Ecolo\" \/>\n<meta property=\"og:description\" content=\"Los embalses flexibles ayudan a los vi\u00f1edos a gestionar el agua frente al cambio clim\u00e1tico: almacenamiento, riego racional y sostenibilidad.\" \/>\n<meta property=\"og:url\" content=\"https:\/\/blog.maciterneecolo.fr\/es\/embalses-flexibles-y-viticultura-gestion-del-agua-adaptada-a-los-vinedos-frente-al-cambio-climatico\/\" \/>\n<meta property=\"og:site_name\" content=\"Blog Ma Citerne Ecolo\" \/>\n<meta property=\"article:published_time\" content=\"2025-12-06T12:00:00+00:00\" \/>\n<meta property=\"og:image\" content=\"https:\/\/blog.maciterneecolo.fr\/wp-content\/uploads\/2025\/09\/pexels-pixabay-39511-scaled.jpg\" \/>\n\t<meta property=\"og:image:width\" content=\"2560\" \/>\n\t<meta property=\"og:image:height\" content=\"1707\" \/>\n\t<meta property=\"og:image:type\" content=\"image\/jpeg\" \/>\n<meta name=\"author\" content=\"B\u00e9n\u00e9dicte Rebolloso\" \/>\n<meta name=\"twitter:card\" content=\"summary_large_image\" \/>\n<meta name=\"twitter:label1\" content=\"Escrito por\" \/>\n\t<meta name=\"twitter:data1\" content=\"B\u00e9n\u00e9dicte Rebolloso\" \/>\n\t<meta name=\"twitter:label2\" content=\"Tiempo de lectura\" \/>\n\t<meta name=\"twitter:data2\" content=\"5 minutos\" \/>\n<script type=\"application\/ld+json\" class=\"yoast-schema-graph\">{\"@context\":\"https:\\\/\\\/schema.org\",\"@graph\":[{\"@type\":\"Article\",\"@id\":\"https:\\\/\\\/blog.maciterneecolo.fr\\\/es\\\/embalses-flexibles-y-viticultura-gestion-del-agua-adaptada-a-los-vinedos-frente-al-cambio-climatico\\\/#article\",\"isPartOf\":{\"@id\":\"https:\\\/\\\/blog.maciterneecolo.fr\\\/es\\\/embalses-flexibles-y-viticultura-gestion-del-agua-adaptada-a-los-vinedos-frente-al-cambio-climatico\\\/\"},\"author\":{\"name\":\"B\u00e9n\u00e9dicte Rebolloso\",\"@id\":\"https:\\\/\\\/blog.maciterneecolo.fr\\\/es\\\/#\\\/schema\\\/person\\\/fe50d00b4e639107698e1ddead236943\"},\"headline\":\"Embalses flexibles y viticultura: gesti\u00f3n del agua adaptada a los vi\u00f1edos frente al cambio clim\u00e1tico\",\"datePublished\":\"2025-12-06T12:00:00+00:00\",\"mainEntityOfPage\":{\"@id\":\"https:\\\/\\\/blog.maciterneecolo.fr\\\/es\\\/embalses-flexibles-y-viticultura-gestion-del-agua-adaptada-a-los-vinedos-frente-al-cambio-climatico\\\/\"},\"wordCount\":1108,\"commentCount\":0,\"publisher\":{\"@id\":\"https:\\\/\\\/blog.maciterneecolo.fr\\\/es\\\/#organization\"},\"image\":{\"@id\":\"https:\\\/\\\/blog.maciterneecolo.fr\\\/es\\\/embalses-flexibles-y-viticultura-gestion-del-agua-adaptada-a-los-vinedos-frente-al-cambio-climatico\\\/#primaryimage\"},\"thumbnailUrl\":\"https:\\\/\\\/blog.maciterneecolo.fr\\\/wp-content\\\/uploads\\\/2025\\\/09\\\/pexels-pixabay-39511-scaled.jpg\",\"articleSection\":[\"C\u00f3mo funciona una cisterna flexible\",\"Dep\u00f3sitos flexibles\"],\"inLanguage\":\"es\",\"potentialAction\":[{\"@type\":\"CommentAction\",\"name\":\"Comment\",\"target\":[\"https:\\\/\\\/blog.maciterneecolo.fr\\\/es\\\/embalses-flexibles-y-viticultura-gestion-del-agua-adaptada-a-los-vinedos-frente-al-cambio-climatico\\\/#respond\"]}]},{\"@type\":\"WebPage\",\"@id\":\"https:\\\/\\\/blog.maciterneecolo.fr\\\/es\\\/embalses-flexibles-y-viticultura-gestion-del-agua-adaptada-a-los-vinedos-frente-al-cambio-climatico\\\/\",\"url\":\"https:\\\/\\\/blog.maciterneecolo.fr\\\/es\\\/embalses-flexibles-y-viticultura-gestion-del-agua-adaptada-a-los-vinedos-frente-al-cambio-climatico\\\/\",\"name\":\"Embalses flexibles y viticultura: gesti\u00f3n del agua adaptada a los vi\u00f1edos frente al cambio clim\u00e1tico - Blog Ma Citerne Ecolo\",\"isPartOf\":{\"@id\":\"https:\\\/\\\/blog.maciterneecolo.fr\\\/es\\\/#website\"},\"primaryImageOfPage\":{\"@id\":\"https:\\\/\\\/blog.maciterneecolo.fr\\\/es\\\/embalses-flexibles-y-viticultura-gestion-del-agua-adaptada-a-los-vinedos-frente-al-cambio-climatico\\\/#primaryimage\"},\"image\":{\"@id\":\"https:\\\/\\\/blog.maciterneecolo.fr\\\/es\\\/embalses-flexibles-y-viticultura-gestion-del-agua-adaptada-a-los-vinedos-frente-al-cambio-climatico\\\/#primaryimage\"},\"thumbnailUrl\":\"https:\\\/\\\/blog.maciterneecolo.fr\\\/wp-content\\\/uploads\\\/2025\\\/09\\\/pexels-pixabay-39511-scaled.jpg\",\"datePublished\":\"2025-12-06T12:00:00+00:00\",\"description\":\"Los embalses flexibles ayudan a los vi\u00f1edos a gestionar el agua frente al cambio clim\u00e1tico: almacenamiento, riego racional y sostenibilidad.\",\"breadcrumb\":{\"@id\":\"https:\\\/\\\/blog.maciterneecolo.fr\\\/es\\\/embalses-flexibles-y-viticultura-gestion-del-agua-adaptada-a-los-vinedos-frente-al-cambio-climatico\\\/#breadcrumb\"},\"inLanguage\":\"es\",\"potentialAction\":[{\"@type\":\"ReadAction\",\"target\":[\"https:\\\/\\\/blog.maciterneecolo.fr\\\/es\\\/embalses-flexibles-y-viticultura-gestion-del-agua-adaptada-a-los-vinedos-frente-al-cambio-climatico\\\/\"]}]},{\"@type\":\"ImageObject\",\"inLanguage\":\"es\",\"@id\":\"https:\\\/\\\/blog.maciterneecolo.fr\\\/es\\\/embalses-flexibles-y-viticultura-gestion-del-agua-adaptada-a-los-vinedos-frente-al-cambio-climatico\\\/#primaryimage\",\"url\":\"https:\\\/\\\/blog.maciterneecolo.fr\\\/wp-content\\\/uploads\\\/2025\\\/09\\\/pexels-pixabay-39511-scaled.jpg\",\"contentUrl\":\"https:\\\/\\\/blog.maciterneecolo.fr\\\/wp-content\\\/uploads\\\/2025\\\/09\\\/pexels-pixabay-39511-scaled.jpg\",\"width\":2560,\"height\":1707},{\"@type\":\"BreadcrumbList\",\"@id\":\"https:\\\/\\\/blog.maciterneecolo.fr\\\/es\\\/embalses-flexibles-y-viticultura-gestion-del-agua-adaptada-a-los-vinedos-frente-al-cambio-climatico\\\/#breadcrumb\",\"itemListElement\":[{\"@type\":\"ListItem\",\"position\":1,\"name\":\"Accueil\",\"item\":\"https:\\\/\\\/blog.maciterneecolo.fr\\\/es\\\/\"},{\"@type\":\"ListItem\",\"position\":2,\"name\":\"Embalses flexibles y viticultura: gesti\u00f3n del agua adaptada a los vi\u00f1edos frente al cambio clim\u00e1tico\"}]},{\"@type\":\"WebSite\",\"@id\":\"https:\\\/\\\/blog.maciterneecolo.fr\\\/es\\\/#website\",\"url\":\"https:\\\/\\\/blog.maciterneecolo.fr\\\/es\\\/\",\"name\":\"Blog Ma Citerne Ecolo\",\"description\":\"Leader dans le domaine de la citerne souple d&#039;eau de pluie\",\"publisher\":{\"@id\":\"https:\\\/\\\/blog.maciterneecolo.fr\\\/es\\\/#organization\"},\"potentialAction\":[{\"@type\":\"SearchAction\",\"target\":{\"@type\":\"EntryPoint\",\"urlTemplate\":\"https:\\\/\\\/blog.maciterneecolo.fr\\\/es\\\/?s={search_term_string}\"},\"query-input\":{\"@type\":\"PropertyValueSpecification\",\"valueRequired\":true,\"valueName\":\"search_term_string\"}}],\"inLanguage\":\"es\"},{\"@type\":\"Organization\",\"@id\":\"https:\\\/\\\/blog.maciterneecolo.fr\\\/es\\\/#organization\",\"name\":\"Blog Ma Citerne Ecolo\",\"url\":\"https:\\\/\\\/blog.maciterneecolo.fr\\\/es\\\/\",\"logo\":{\"@type\":\"ImageObject\",\"inLanguage\":\"es\",\"@id\":\"https:\\\/\\\/blog.maciterneecolo.fr\\\/es\\\/#\\\/schema\\\/logo\\\/image\\\/\",\"url\":\"https:\\\/\\\/blog.maciterneecolo.fr\\\/wp-content\\\/uploads\\\/2022\\\/12\\\/cropped-favicon-blog.png\",\"contentUrl\":\"https:\\\/\\\/blog.maciterneecolo.fr\\\/wp-content\\\/uploads\\\/2022\\\/12\\\/cropped-favicon-blog.png\",\"width\":512,\"height\":512,\"caption\":\"Blog Ma Citerne Ecolo\"},\"image\":{\"@id\":\"https:\\\/\\\/blog.maciterneecolo.fr\\\/es\\\/#\\\/schema\\\/logo\\\/image\\\/\"}},{\"@type\":\"Person\",\"@id\":\"https:\\\/\\\/blog.maciterneecolo.fr\\\/es\\\/#\\\/schema\\\/person\\\/fe50d00b4e639107698e1ddead236943\",\"name\":\"B\u00e9n\u00e9dicte Rebolloso\",\"image\":{\"@type\":\"ImageObject\",\"inLanguage\":\"es\",\"@id\":\"https:\\\/\\\/secure.gravatar.com\\\/avatar\\\/ffa759db2a4d8ebb52a58b89d3dc2a9f0395a5122bb839045a145d6585de1126?s=96&d=mm&r=g\",\"url\":\"https:\\\/\\\/secure.gravatar.com\\\/avatar\\\/ffa759db2a4d8ebb52a58b89d3dc2a9f0395a5122bb839045a145d6585de1126?s=96&d=mm&r=g\",\"contentUrl\":\"https:\\\/\\\/secure.gravatar.com\\\/avatar\\\/ffa759db2a4d8ebb52a58b89d3dc2a9f0395a5122bb839045a145d6585de1126?s=96&d=mm&r=g\",\"caption\":\"B\u00e9n\u00e9dicte Rebolloso\"},\"url\":\"https:\\\/\\\/blog.maciterneecolo.fr\\\/es\\\/author\\\/benedicterebolloso\\\/\"}]}<\/script>\n<!-- \/ Yoast SEO plugin. -->","yoast_head_json":{"title":"Embalses flexibles y viticultura: gesti\u00f3n del agua adaptada a los vi\u00f1edos frente al cambio clim\u00e1tico - Blog Ma Citerne Ecolo","description":"Los embalses flexibles ayudan a los vi\u00f1edos a gestionar el agua frente al cambio clim\u00e1tico: almacenamiento, riego racional y sostenibilidad.","robots":{"index":"index","follow":"follow","max-snippet":"max-snippet:-1","max-image-preview":"max-image-preview:large","max-video-preview":"max-video-preview:-1"},"canonical":"https:\/\/blog.maciterneecolo.fr\/es\/embalses-flexibles-y-viticultura-gestion-del-agua-adaptada-a-los-vinedos-frente-al-cambio-climatico\/","og_locale":"es_ES","og_type":"article","og_title":"Embalses flexibles y viticultura: gesti\u00f3n del agua adaptada a los vi\u00f1edos frente al cambio clim\u00e1tico - Blog Ma Citerne Ecolo","og_description":"Los embalses flexibles ayudan a los vi\u00f1edos a gestionar el agua frente al cambio clim\u00e1tico: almacenamiento, riego racional y sostenibilidad.","og_url":"https:\/\/blog.maciterneecolo.fr\/es\/embalses-flexibles-y-viticultura-gestion-del-agua-adaptada-a-los-vinedos-frente-al-cambio-climatico\/","og_site_name":"Blog Ma Citerne Ecolo","article_published_time":"2025-12-06T12:00:00+00:00","og_image":[{"width":2560,"height":1707,"url":"https:\/\/blog.maciterneecolo.fr\/wp-content\/uploads\/2025\/09\/pexels-pixabay-39511-scaled.jpg","type":"image\/jpeg"}],"author":"B\u00e9n\u00e9dicte Rebolloso","twitter_card":"summary_large_image","twitter_misc":{"Escrito por":"B\u00e9n\u00e9dicte Rebolloso","Tiempo de lectura":"5 minutos"},"schema":{"@context":"https:\/\/schema.org","@graph":[{"@type":"Article","@id":"https:\/\/blog.maciterneecolo.fr\/es\/embalses-flexibles-y-viticultura-gestion-del-agua-adaptada-a-los-vinedos-frente-al-cambio-climatico\/#article","isPartOf":{"@id":"https:\/\/blog.maciterneecolo.fr\/es\/embalses-flexibles-y-viticultura-gestion-del-agua-adaptada-a-los-vinedos-frente-al-cambio-climatico\/"},"author":{"name":"B\u00e9n\u00e9dicte Rebolloso","@id":"https:\/\/blog.maciterneecolo.fr\/es\/#\/schema\/person\/fe50d00b4e639107698e1ddead236943"},"headline":"Embalses flexibles y viticultura: gesti\u00f3n del agua adaptada a los vi\u00f1edos frente al cambio clim\u00e1tico","datePublished":"2025-12-06T12:00:00+00:00","mainEntityOfPage":{"@id":"https:\/\/blog.maciterneecolo.fr\/es\/embalses-flexibles-y-viticultura-gestion-del-agua-adaptada-a-los-vinedos-frente-al-cambio-climatico\/"},"wordCount":1108,"commentCount":0,"publisher":{"@id":"https:\/\/blog.maciterneecolo.fr\/es\/#organization"},"image":{"@id":"https:\/\/blog.maciterneecolo.fr\/es\/embalses-flexibles-y-viticultura-gestion-del-agua-adaptada-a-los-vinedos-frente-al-cambio-climatico\/#primaryimage"},"thumbnailUrl":"https:\/\/blog.maciterneecolo.fr\/wp-content\/uploads\/2025\/09\/pexels-pixabay-39511-scaled.jpg","articleSection":["C\u00f3mo funciona una cisterna flexible","Dep\u00f3sitos flexibles"],"inLanguage":"es","potentialAction":[{"@type":"CommentAction","name":"Comment","target":["https:\/\/blog.maciterneecolo.fr\/es\/embalses-flexibles-y-viticultura-gestion-del-agua-adaptada-a-los-vinedos-frente-al-cambio-climatico\/#respond"]}]},{"@type":"WebPage","@id":"https:\/\/blog.maciterneecolo.fr\/es\/embalses-flexibles-y-viticultura-gestion-del-agua-adaptada-a-los-vinedos-frente-al-cambio-climatico\/","url":"https:\/\/blog.maciterneecolo.fr\/es\/embalses-flexibles-y-viticultura-gestion-del-agua-adaptada-a-los-vinedos-frente-al-cambio-climatico\/","name":"Embalses flexibles y viticultura: gesti\u00f3n del agua adaptada a los vi\u00f1edos frente al cambio clim\u00e1tico - Blog Ma Citerne Ecolo","isPartOf":{"@id":"https:\/\/blog.maciterneecolo.fr\/es\/#website"},"primaryImageOfPage":{"@id":"https:\/\/blog.maciterneecolo.fr\/es\/embalses-flexibles-y-viticultura-gestion-del-agua-adaptada-a-los-vinedos-frente-al-cambio-climatico\/#primaryimage"},"image":{"@id":"https:\/\/blog.maciterneecolo.fr\/es\/embalses-flexibles-y-viticultura-gestion-del-agua-adaptada-a-los-vinedos-frente-al-cambio-climatico\/#primaryimage"},"thumbnailUrl":"https:\/\/blog.maciterneecolo.fr\/wp-content\/uploads\/2025\/09\/pexels-pixabay-39511-scaled.jpg","datePublished":"2025-12-06T12:00:00+00:00","description":"Los embalses flexibles ayudan a los vi\u00f1edos a gestionar el agua frente al cambio clim\u00e1tico: almacenamiento, riego racional y sostenibilidad.","breadcrumb":{"@id":"https:\/\/blog.maciterneecolo.fr\/es\/embalses-flexibles-y-viticultura-gestion-del-agua-adaptada-a-los-vinedos-frente-al-cambio-climatico\/#breadcrumb"},"inLanguage":"es","potentialAction":[{"@type":"ReadAction","target":["https:\/\/blog.maciterneecolo.fr\/es\/embalses-flexibles-y-viticultura-gestion-del-agua-adaptada-a-los-vinedos-frente-al-cambio-climatico\/"]}]},{"@type":"ImageObject","inLanguage":"es","@id":"https:\/\/blog.maciterneecolo.fr\/es\/embalses-flexibles-y-viticultura-gestion-del-agua-adaptada-a-los-vinedos-frente-al-cambio-climatico\/#primaryimage","url":"https:\/\/blog.maciterneecolo.fr\/wp-content\/uploads\/2025\/09\/pexels-pixabay-39511-scaled.jpg","contentUrl":"https:\/\/blog.maciterneecolo.fr\/wp-content\/uploads\/2025\/09\/pexels-pixabay-39511-scaled.jpg","width":2560,"height":1707},{"@type":"BreadcrumbList","@id":"https:\/\/blog.maciterneecolo.fr\/es\/embalses-flexibles-y-viticultura-gestion-del-agua-adaptada-a-los-vinedos-frente-al-cambio-climatico\/#breadcrumb","itemListElement":[{"@type":"ListItem","position":1,"name":"Accueil","item":"https:\/\/blog.maciterneecolo.fr\/es\/"},{"@type":"ListItem","position":2,"name":"Embalses flexibles y viticultura: gesti\u00f3n del agua adaptada a los vi\u00f1edos frente al cambio clim\u00e1tico"}]},{"@type":"WebSite","@id":"https:\/\/blog.maciterneecolo.fr\/es\/#website","url":"https:\/\/blog.maciterneecolo.fr\/es\/","name":"Blog Ma Citerne Ecolo","description":"Leader dans le domaine de la citerne souple d&#039;eau de pluie","publisher":{"@id":"https:\/\/blog.maciterneecolo.fr\/es\/#organization"},"potentialAction":[{"@type":"SearchAction","target":{"@type":"EntryPoint","urlTemplate":"https:\/\/blog.maciterneecolo.fr\/es\/?s={search_term_string}"},"query-input":{"@type":"PropertyValueSpecification","valueRequired":true,"valueName":"search_term_string"}}],"inLanguage":"es"},{"@type":"Organization","@id":"https:\/\/blog.maciterneecolo.fr\/es\/#organization","name":"Blog Ma Citerne Ecolo","url":"https:\/\/blog.maciterneecolo.fr\/es\/","logo":{"@type":"ImageObject","inLanguage":"es","@id":"https:\/\/blog.maciterneecolo.fr\/es\/#\/schema\/logo\/image\/","url":"https:\/\/blog.maciterneecolo.fr\/wp-content\/uploads\/2022\/12\/cropped-favicon-blog.png","contentUrl":"https:\/\/blog.maciterneecolo.fr\/wp-content\/uploads\/2022\/12\/cropped-favicon-blog.png","width":512,"height":512,"caption":"Blog Ma Citerne Ecolo"},"image":{"@id":"https:\/\/blog.maciterneecolo.fr\/es\/#\/schema\/logo\/image\/"}},{"@type":"Person","@id":"https:\/\/blog.maciterneecolo.fr\/es\/#\/schema\/person\/fe50d00b4e639107698e1ddead236943","name":"B\u00e9n\u00e9dicte Rebolloso","image":{"@type":"ImageObject","inLanguage":"es","@id":"https:\/\/secure.gravatar.com\/avatar\/ffa759db2a4d8ebb52a58b89d3dc2a9f0395a5122bb839045a145d6585de1126?s=96&d=mm&r=g","url":"https:\/\/secure.gravatar.com\/avatar\/ffa759db2a4d8ebb52a58b89d3dc2a9f0395a5122bb839045a145d6585de1126?s=96&d=mm&r=g","contentUrl":"https:\/\/secure.gravatar.com\/avatar\/ffa759db2a4d8ebb52a58b89d3dc2a9f0395a5122bb839045a145d6585de1126?s=96&d=mm&r=g","caption":"B\u00e9n\u00e9dicte Rebolloso"},"url":"https:\/\/blog.maciterneecolo.fr\/es\/author\/benedicterebolloso\/"}]}},"_links":{"self":[{"href":"https:\/\/blog.maciterneecolo.fr\/es\/wp-json\/wp\/v2\/posts\/15149","targetHints":{"allow":["GET"]}}],"collection":[{"href":"https:\/\/blog.maciterneecolo.fr\/es\/wp-json\/wp\/v2\/posts"}],"about":[{"href":"https:\/\/blog.maciterneecolo.fr\/es\/wp-json\/wp\/v2\/types\/post"}],"author":[{"embeddable":true,"href":"https:\/\/blog.maciterneecolo.fr\/es\/wp-json\/wp\/v2\/users\/4"}],"replies":[{"embeddable":true,"href":"https:\/\/blog.maciterneecolo.fr\/es\/wp-json\/wp\/v2\/comments?post=15149"}],"version-history":[{"count":1,"href":"https:\/\/blog.maciterneecolo.fr\/es\/wp-json\/wp\/v2\/posts\/15149\/revisions"}],"predecessor-version":[{"id":15151,"href":"https:\/\/blog.maciterneecolo.fr\/es\/wp-json\/wp\/v2\/posts\/15149\/revisions\/15151"}],"wp:featuredmedia":[{"embeddable":true,"href":"https:\/\/blog.maciterneecolo.fr\/es\/wp-json\/wp\/v2\/media\/15147"}],"wp:attachment":[{"href":"https:\/\/blog.maciterneecolo.fr\/es\/wp-json\/wp\/v2\/media?parent=15149"}],"wp:term":[{"taxonomy":"category","embeddable":true,"href":"https:\/\/blog.maciterneecolo.fr\/es\/wp-json\/wp\/v2\/categories?post=15149"},{"taxonomy":"post_tag","embeddable":true,"href":"https:\/\/blog.maciterneecolo.fr\/es\/wp-json\/wp\/v2\/tags?post=15149"}],"curies":[{"name":"wp","href":"https:\/\/api.w.org\/{rel}","templated":true}]}}