{"id":15165,"date":"2025-12-03T08:00:00","date_gmt":"2025-12-03T08:00:00","guid":{"rendered":"https:\/\/blog.maciterneecolo.fr\/?p=15165"},"modified":"2025-09-11T12:20:08","modified_gmt":"2025-09-11T12:20:08","slug":"cual-es-el-ciclo-de-vida-de-una-cisterna-flexible-desde-la-fabricacion-hasta-el-reciclaje","status":"publish","type":"post","link":"https:\/\/blog.maciterneecolo.fr\/es\/cual-es-el-ciclo-de-vida-de-una-cisterna-flexible-desde-la-fabricacion-hasta-el-reciclaje\/","title":{"rendered":"\u00bfCu\u00e1l es el ciclo de vida de una cisterna flexible? Desde la fabricaci\u00f3n hasta el reciclaje"},"content":{"rendered":"\n<h2 class=\"wp-block-heading\">Introducci\u00f3n<\/h2>\n\n<p>El ciclo de vida de una <a href=\"https:\/\/www.maciterneecolo.fr\/fr\/3-citernes-souples\">cisterna<\/a> flexible es una cuesti\u00f3n central en la gesti\u00f3n del agua. Desde la fabricaci\u00f3n hasta el reciclaje, cada etapa desempe\u00f1a un papel esencial. Estas cisternas representan una soluci\u00f3n sostenible para almacenar agua de lluvia o agua potable. Pero, \u00bfcu\u00e1l es su ciclo de vida real, desde el dise\u00f1o hasta el final de su vida \u00fatil?   <\/p>\n\n<p>En Francia, muchos profesionales y particulares ya utilizan estos equipos. Lo consideran una respuesta pr\u00e1ctica a los retos que plantean el cambio clim\u00e1tico y la necesidad de disponer de m\u00e1s litros de agua. Una comprensi\u00f3n clara del ciclo del agua permite utilizarlos con m\u00e1s eficacia, reducir los residuos y hacer m\u00e1s seguras las instalaciones.  <\/p>\n\n<h2 class=\"wp-block-heading\">El dise\u00f1o de una cisterna flexible<\/h2>\n\n<h3 class=\"wp-block-heading\">Materiales utilizados: pl\u00e1stico, textiles y madera<\/h3>\n\n<p>Una cisterna flexible est\u00e1 fabricada con materiales s\u00f3lidos: PVC, textiles t\u00e9cnicos y, a veces, madera de refuerzo. Estos productos garantizan la estanqueidad y protegen el agua almacenada del calor y la lluvia. Las innovaciones recientes fomentan el uso de materiales reciclables, lo que limita los residuos y mejora el impacto medioambiental.  <\/p>\n\n<h3 class=\"wp-block-heading\">Etapas y normas de fabricaci\u00f3n<\/h3>\n\n<p>La fabricaci\u00f3n sigue un proceso riguroso: corte, soldadura, pruebas de resistencia y control del flujo. En Francia, las normas de seguridad imponen controles estrictos. Cada <a href=\"https:\/\/www.maciterneecolo.fr\/fr\/\">dep\u00f3sito flexible<\/a> est\u00e1 dise\u00f1ado para durar, desde modelos de unos cientos de litros hasta grandes dep\u00f3sitos. Los fabricantes tambi\u00e9n ofrecen presupuestos precisos para ayudarte a elegir la mejor soluci\u00f3n de almacenamiento.   <\/p>\n\n<h3 class=\"wp-block-heading\">Productos dise\u00f1ados para la seguridad<\/h3>\n\n<p>El dise\u00f1o incluye accesorios esenciales: desnatadores de agua de lluvia, v\u00e1lvulas y sistemas de infiltraci\u00f3n. Algunos modelos incorporan m\u00f3dulos IBC, \u00fatiles para transportar y retener l\u00edquidos. Estas soluciones t\u00e9cnicas garantizan un uso seguro, adaptado a las diversas necesidades de profesionales y\/o particulares.  <\/p>\n\n<h2 class=\"wp-block-heading\">Uso y vida \u00fatil de una cisterna flexible<\/h2>\n\n<h3 class=\"wp-block-heading\">Instalaci\u00f3n r\u00e1pida y sencilla<\/h3>\n\n<p><a href=\"https:\/\/blog.maciterneecolo.fr\/es\/como-preparo-mi-plataforma-de-recepcion-para-mi-cisterna-flexible\/\">La instalaci\u00f3n es f\u00e1cil<\/a>. Lo \u00fanico que tienes que preparar es un terreno estable y una superficie plana. Esta sencillez hace que la cisterna flexible sea ideal para un jard\u00edn, una granja o un emplazamiento industrial. Todos los proyectos pueden beneficiarse de un presupuesto claro y asistencia profesional. Los soportes de madera o IBC aumentan la estabilidad y facilitan el transporte.    <\/p>\n\n<h3 class=\"wp-block-heading\">Usos m\u00faltiples para optimizar la gesti\u00f3n del agua<\/h3>\n\n<p>Los dep\u00f3sitos flexibles satisfacen una amplia gama de necesidades:<\/p>\n\n<ul class=\"wp-block-list\">\n<li>recuperaci\u00f3n del agua de lluvia para el riego,<\/li>\n\n\n\n<li>suministro de agua potable para las comunidades rurales,<\/li>\n\n\n\n<li>soluci\u00f3n de seguridad contra incendios,<\/li>\n\n\n\n<li>retenci\u00f3n de efluentes o residuos l\u00edquidos,<\/li>\n\n\n\n<li>transporte de l\u00edquidos para la industria.<\/li>\n<\/ul>\n\n<p>Estos usos demuestran la versatilidad de este sistema. En Francia, es una respuesta esencial a los retos del cambio clim\u00e1tico. <\/p>\n\n<h3 class=\"wp-block-heading\">Factores que influyen en la vida \u00fatil<\/h3>\n\n<p>Un dep\u00f3sito bien mantenido puede durar entre 15 y 20 a\u00f1os. Su longevidad depende de lo bien que est\u00e9 instalado, la calidad de los materiales utilizados, el tipo de suelo y la imprevisibilidad de las precipitaciones. Las respuestas incluyen la instalaci\u00f3n de protecciones de madera y el uso de m\u00f3dulos IBC. Con estas t\u00e9cnicas, se reduce la tasa de fallos y se aumenta la seguridad del almacenamiento.   <\/p>\n\n<h2 class=\"wp-block-heading\">Mantenimiento para alargar la vida del dep\u00f3sito<\/h2>\n\n<h3 class=\"wp-block-heading\">Mantenimiento regular y prevenci\u00f3n de residuos<\/h3>\n\n<p>Un buen mantenimiento prolongar\u00e1 su vida \u00fatil. Implica comprobar el caudal, limpiar el dep\u00f3sito y evitar la acumulaci\u00f3n de residuos, como hojas. Soluciones sencillas son todo lo que necesitas para mantener una buena calidad del agua. Los fabricantes ofrecen incluso gu\u00edas de mantenimiento y presupuestos para ayudar a los usuarios.   <\/p>\n\n<h3 class=\"wp-block-heading\">Reparar en lugar de sustituir<\/h3>\n\n<p>En caso de fuga, no hace falta sustituirlo inmediatamente. Existen parches y t\u00e9cnicas de reparaci\u00f3n. Los profesionales franceses ofrecen respuestas r\u00e1pidas para evitar tirar una cisterna que todav\u00eda funciona. Los refuerzos de madera o los bolsillos IBC mejoran la resistencia y facilitan el transporte.   <\/p>\n\n<h3 class=\"wp-block-heading\">Optimizar el rendimiento durante varios a\u00f1os<\/h3>\n\n<p>El rendimiento se mantiene mediante comprobaciones peri\u00f3dicas. El uso de sistemas de filtraci\u00f3n y protecci\u00f3n contra impactos optimiza el almacenamiento. Las innovaciones recientes incluyen accesorios modulares y soportes de madera, que garantizan una mayor durabilidad, incluso con lluvia intensa.  <\/p>\n\n<h2 class=\"wp-block-heading\">Fin de vida y reciclaje de cisternas flexibles<\/h2>\n\n<h3 class=\"wp-block-heading\">\u00bfQu\u00e9 ocurre con un dep\u00f3sito usado?<\/h3>\n\n<p>Al final de su ciclo de vida, un dep\u00f3sito se vuelve menos seguro. Pero no se trata simplemente de residuos. Los centros de tratamiento recogen estos productos y los reciclan. Las respuestas tambi\u00e9n incluyen presupuestos de retirada, que permiten a los usuarios planificar su sustituci\u00f3n.   <\/p>\n\n<h3 class=\"wp-block-heading\">Reciclaje de materiales<\/h3>\n\n<p>En Francia, empresas especializadas reciclan el pl\u00e1stico y los textiles de las cisternas flexibles. El pl\u00e1stico se transforma en nuevos productos, mientras que los textiles encuentran un segundo uso. Los contenedores de madera o IBC se reutilizan para el transporte. Estas iniciativas reducen el impacto de los residuos y aportan una respuesta medioambiental real.   <\/p>\n\n<h3 class=\"wp-block-heading\">Hacia una econom\u00eda circular sostenible<\/h3>\n\n<p>La tendencia es hacia una econom\u00eda circular. Los fabricantes est\u00e1n desarrollando soluciones totalmente reciclables. La integraci\u00f3n de materiales procedentes de residuos y el uso de m\u00f3dulos IBC ofrecen nuevas soluciones pr\u00e1cticas. Estas innovaciones limitan el impacto de las lluvias irregulares y las crisis clim\u00e1ticas, al tiempo que promueven una mejor gesti\u00f3n de los recursos.   <\/p>\n\n<h2 class=\"wp-block-heading\">Conclusi\u00f3n<\/h2>\n\n<p>El ciclo de vida de una cisterna flexible ilustra un modelo de soluci\u00f3n sostenible. Desde la fabricaci\u00f3n hasta la instalaci\u00f3n, pasando por el uso, el mantenimiento y el reciclaje, cada etapa contribuye a reducir los residuos y mejorar la seguridad. <\/p>\n\n<p>Al elegir estas cisternas, particulares y profesionales tienen acceso a una soluci\u00f3n fiable para almacenar agua de lluvia o agua potable. Gracias a las soluciones innovadoras, las citas claras y los canales de recuperaci\u00f3n de materiales, las cisternas flexibles forman parte de una econom\u00eda circular. <\/p>\n\n<p>En un mundo marcado por el cambio clim\u00e1tico, estas instalaciones est\u00e1n llamadas a ampliarse. Aportan soluciones pr\u00e1cticas para una mejor gesti\u00f3n de los recursos en Francia y en otros lugares. <\/p>\n","protected":false},"excerpt":{"rendered":"<p>Introducci\u00f3n El ciclo de vida de una cisterna flexible es una cuesti\u00f3n central en la gesti\u00f3n del agua. Desde la fabricaci\u00f3n hasta el reciclaje, cada etapa desempe\u00f1a un papel esencial. Estas cisternas representan una soluci\u00f3n sostenible para almacenar agua de lluvia o agua potable. Pero, \u00bfcu\u00e1l es su ciclo de vida real, desde el dise\u00f1o [&hellip;]<\/p>\n","protected":false},"author":4,"featured_media":15136,"comment_status":"open","ping_status":"closed","sticky":false,"template":"","format":"standard","meta":{"inline_featured_image":false,"footnotes":""},"categories":[86,382],"tags":[323],"class_list":["post-15165","post","type-post","status-publish","format-standard","has-post-thumbnail","hentry","category-depositos-flexibles","category-todo-lo-que-debe-saber-sobre-la-cisterna-flexible","tag-recogida-de-aguas-pluviales"],"yoast_head":"<!-- This site is optimized with the Yoast SEO plugin v27.4 - https:\/\/yoast.com\/product\/yoast-seo-wordpress\/ -->\n<title>\u00bfCu\u00e1l es el ciclo de vida de una cisterna flexible? Desde la fabricaci\u00f3n hasta el reciclaje - Blog Ma Citerne Ecolo<\/title>\n<meta name=\"description\" content=\"Las cisternas flexibles pueden reciclarse. Inf\u00f3rmate sobre el proceso de fabricaci\u00f3n para saber c\u00f3mo pueden reciclarse.\" \/>\n<meta name=\"robots\" content=\"index, follow, max-snippet:-1, max-image-preview:large, max-video-preview:-1\" \/>\n<link rel=\"canonical\" href=\"https:\/\/blog.maciterneecolo.fr\/es\/cual-es-el-ciclo-de-vida-de-una-cisterna-flexible-desde-la-fabricacion-hasta-el-reciclaje\/\" \/>\n<meta property=\"og:locale\" content=\"es_ES\" \/>\n<meta property=\"og:type\" content=\"article\" \/>\n<meta property=\"og:title\" content=\"\u00bfCu\u00e1l es el ciclo de vida de una cisterna flexible? Desde la fabricaci\u00f3n hasta el reciclaje - Blog Ma Citerne Ecolo\" \/>\n<meta property=\"og:description\" content=\"Las cisternas flexibles pueden reciclarse. Inf\u00f3rmate sobre el proceso de fabricaci\u00f3n para saber c\u00f3mo pueden reciclarse.\" \/>\n<meta property=\"og:url\" content=\"https:\/\/blog.maciterneecolo.fr\/es\/cual-es-el-ciclo-de-vida-de-una-cisterna-flexible-desde-la-fabricacion-hasta-el-reciclaje\/\" \/>\n<meta property=\"og:site_name\" content=\"Blog Ma Citerne Ecolo\" \/>\n<meta property=\"article:published_time\" content=\"2025-12-03T08:00:00+00:00\" \/>\n<meta property=\"og:image\" content=\"https:\/\/blog.maciterneecolo.fr\/wp-content\/uploads\/2025\/09\/pexels-cottonbro-6591427-scaled.jpg\" \/>\n\t<meta property=\"og:image:width\" content=\"2560\" \/>\n\t<meta property=\"og:image:height\" content=\"1707\" \/>\n\t<meta property=\"og:image:type\" content=\"image\/jpeg\" \/>\n<meta name=\"author\" content=\"B\u00e9n\u00e9dicte Rebolloso\" \/>\n<meta name=\"twitter:card\" content=\"summary_large_image\" \/>\n<meta name=\"twitter:label1\" content=\"Escrito por\" \/>\n\t<meta name=\"twitter:data1\" content=\"B\u00e9n\u00e9dicte Rebolloso\" \/>\n\t<meta name=\"twitter:label2\" content=\"Tiempo de lectura\" \/>\n\t<meta name=\"twitter:data2\" content=\"5 minutos\" \/>\n<script type=\"application\/ld+json\" class=\"yoast-schema-graph\">{\"@context\":\"https:\\\/\\\/schema.org\",\"@graph\":[{\"@type\":\"Article\",\"@id\":\"https:\\\/\\\/blog.maciterneecolo.fr\\\/es\\\/cual-es-el-ciclo-de-vida-de-una-cisterna-flexible-desde-la-fabricacion-hasta-el-reciclaje\\\/#article\",\"isPartOf\":{\"@id\":\"https:\\\/\\\/blog.maciterneecolo.fr\\\/es\\\/cual-es-el-ciclo-de-vida-de-una-cisterna-flexible-desde-la-fabricacion-hasta-el-reciclaje\\\/\"},\"author\":{\"name\":\"B\u00e9n\u00e9dicte Rebolloso\",\"@id\":\"https:\\\/\\\/blog.maciterneecolo.fr\\\/es\\\/#\\\/schema\\\/person\\\/fe50d00b4e639107698e1ddead236943\"},\"headline\":\"\u00bfCu\u00e1l es el ciclo de vida de una cisterna flexible? Desde la fabricaci\u00f3n hasta el reciclaje\",\"datePublished\":\"2025-12-03T08:00:00+00:00\",\"mainEntityOfPage\":{\"@id\":\"https:\\\/\\\/blog.maciterneecolo.fr\\\/es\\\/cual-es-el-ciclo-de-vida-de-una-cisterna-flexible-desde-la-fabricacion-hasta-el-reciclaje\\\/\"},\"wordCount\":1058,\"commentCount\":0,\"publisher\":{\"@id\":\"https:\\\/\\\/blog.maciterneecolo.fr\\\/es\\\/#organization\"},\"image\":{\"@id\":\"https:\\\/\\\/blog.maciterneecolo.fr\\\/es\\\/cual-es-el-ciclo-de-vida-de-una-cisterna-flexible-desde-la-fabricacion-hasta-el-reciclaje\\\/#primaryimage\"},\"thumbnailUrl\":\"https:\\\/\\\/blog.maciterneecolo.fr\\\/wp-content\\\/uploads\\\/2025\\\/09\\\/pexels-cottonbro-6591427-scaled.jpg\",\"keywords\":[\"recogida de aguas pluviales\"],\"articleSection\":[\"Dep\u00f3sitos flexibles\",\"Todo lo que debe saber sobre la cisterna flexible\"],\"inLanguage\":\"es\",\"potentialAction\":[{\"@type\":\"CommentAction\",\"name\":\"Comment\",\"target\":[\"https:\\\/\\\/blog.maciterneecolo.fr\\\/es\\\/cual-es-el-ciclo-de-vida-de-una-cisterna-flexible-desde-la-fabricacion-hasta-el-reciclaje\\\/#respond\"]}]},{\"@type\":\"WebPage\",\"@id\":\"https:\\\/\\\/blog.maciterneecolo.fr\\\/es\\\/cual-es-el-ciclo-de-vida-de-una-cisterna-flexible-desde-la-fabricacion-hasta-el-reciclaje\\\/\",\"url\":\"https:\\\/\\\/blog.maciterneecolo.fr\\\/es\\\/cual-es-el-ciclo-de-vida-de-una-cisterna-flexible-desde-la-fabricacion-hasta-el-reciclaje\\\/\",\"name\":\"\u00bfCu\u00e1l es el ciclo de vida de una cisterna flexible? Desde la fabricaci\u00f3n hasta el reciclaje - Blog Ma Citerne Ecolo\",\"isPartOf\":{\"@id\":\"https:\\\/\\\/blog.maciterneecolo.fr\\\/es\\\/#website\"},\"primaryImageOfPage\":{\"@id\":\"https:\\\/\\\/blog.maciterneecolo.fr\\\/es\\\/cual-es-el-ciclo-de-vida-de-una-cisterna-flexible-desde-la-fabricacion-hasta-el-reciclaje\\\/#primaryimage\"},\"image\":{\"@id\":\"https:\\\/\\\/blog.maciterneecolo.fr\\\/es\\\/cual-es-el-ciclo-de-vida-de-una-cisterna-flexible-desde-la-fabricacion-hasta-el-reciclaje\\\/#primaryimage\"},\"thumbnailUrl\":\"https:\\\/\\\/blog.maciterneecolo.fr\\\/wp-content\\\/uploads\\\/2025\\\/09\\\/pexels-cottonbro-6591427-scaled.jpg\",\"datePublished\":\"2025-12-03T08:00:00+00:00\",\"description\":\"Las cisternas flexibles pueden reciclarse. Inf\u00f3rmate sobre el proceso de fabricaci\u00f3n para saber c\u00f3mo pueden reciclarse.\",\"breadcrumb\":{\"@id\":\"https:\\\/\\\/blog.maciterneecolo.fr\\\/es\\\/cual-es-el-ciclo-de-vida-de-una-cisterna-flexible-desde-la-fabricacion-hasta-el-reciclaje\\\/#breadcrumb\"},\"inLanguage\":\"es\",\"potentialAction\":[{\"@type\":\"ReadAction\",\"target\":[\"https:\\\/\\\/blog.maciterneecolo.fr\\\/es\\\/cual-es-el-ciclo-de-vida-de-una-cisterna-flexible-desde-la-fabricacion-hasta-el-reciclaje\\\/\"]}]},{\"@type\":\"ImageObject\",\"inLanguage\":\"es\",\"@id\":\"https:\\\/\\\/blog.maciterneecolo.fr\\\/es\\\/cual-es-el-ciclo-de-vida-de-una-cisterna-flexible-desde-la-fabricacion-hasta-el-reciclaje\\\/#primaryimage\",\"url\":\"https:\\\/\\\/blog.maciterneecolo.fr\\\/wp-content\\\/uploads\\\/2025\\\/09\\\/pexels-cottonbro-6591427-scaled.jpg\",\"contentUrl\":\"https:\\\/\\\/blog.maciterneecolo.fr\\\/wp-content\\\/uploads\\\/2025\\\/09\\\/pexels-cottonbro-6591427-scaled.jpg\",\"width\":2560,\"height\":1707},{\"@type\":\"BreadcrumbList\",\"@id\":\"https:\\\/\\\/blog.maciterneecolo.fr\\\/es\\\/cual-es-el-ciclo-de-vida-de-una-cisterna-flexible-desde-la-fabricacion-hasta-el-reciclaje\\\/#breadcrumb\",\"itemListElement\":[{\"@type\":\"ListItem\",\"position\":1,\"name\":\"Accueil\",\"item\":\"https:\\\/\\\/blog.maciterneecolo.fr\\\/es\\\/\"},{\"@type\":\"ListItem\",\"position\":2,\"name\":\"\u00bfCu\u00e1l es el ciclo de vida de una cisterna flexible? Desde la fabricaci\u00f3n hasta el reciclaje\"}]},{\"@type\":\"WebSite\",\"@id\":\"https:\\\/\\\/blog.maciterneecolo.fr\\\/es\\\/#website\",\"url\":\"https:\\\/\\\/blog.maciterneecolo.fr\\\/es\\\/\",\"name\":\"Blog Ma Citerne Ecolo\",\"description\":\"Leader dans le domaine de la citerne souple d&#039;eau de pluie\",\"publisher\":{\"@id\":\"https:\\\/\\\/blog.maciterneecolo.fr\\\/es\\\/#organization\"},\"potentialAction\":[{\"@type\":\"SearchAction\",\"target\":{\"@type\":\"EntryPoint\",\"urlTemplate\":\"https:\\\/\\\/blog.maciterneecolo.fr\\\/es\\\/?s={search_term_string}\"},\"query-input\":{\"@type\":\"PropertyValueSpecification\",\"valueRequired\":true,\"valueName\":\"search_term_string\"}}],\"inLanguage\":\"es\"},{\"@type\":\"Organization\",\"@id\":\"https:\\\/\\\/blog.maciterneecolo.fr\\\/es\\\/#organization\",\"name\":\"Blog Ma Citerne Ecolo\",\"url\":\"https:\\\/\\\/blog.maciterneecolo.fr\\\/es\\\/\",\"logo\":{\"@type\":\"ImageObject\",\"inLanguage\":\"es\",\"@id\":\"https:\\\/\\\/blog.maciterneecolo.fr\\\/es\\\/#\\\/schema\\\/logo\\\/image\\\/\",\"url\":\"https:\\\/\\\/blog.maciterneecolo.fr\\\/wp-content\\\/uploads\\\/2022\\\/12\\\/cropped-favicon-blog.png\",\"contentUrl\":\"https:\\\/\\\/blog.maciterneecolo.fr\\\/wp-content\\\/uploads\\\/2022\\\/12\\\/cropped-favicon-blog.png\",\"width\":512,\"height\":512,\"caption\":\"Blog Ma Citerne Ecolo\"},\"image\":{\"@id\":\"https:\\\/\\\/blog.maciterneecolo.fr\\\/es\\\/#\\\/schema\\\/logo\\\/image\\\/\"}},{\"@type\":\"Person\",\"@id\":\"https:\\\/\\\/blog.maciterneecolo.fr\\\/es\\\/#\\\/schema\\\/person\\\/fe50d00b4e639107698e1ddead236943\",\"name\":\"B\u00e9n\u00e9dicte Rebolloso\",\"image\":{\"@type\":\"ImageObject\",\"inLanguage\":\"es\",\"@id\":\"https:\\\/\\\/secure.gravatar.com\\\/avatar\\\/ffa759db2a4d8ebb52a58b89d3dc2a9f0395a5122bb839045a145d6585de1126?s=96&d=mm&r=g\",\"url\":\"https:\\\/\\\/secure.gravatar.com\\\/avatar\\\/ffa759db2a4d8ebb52a58b89d3dc2a9f0395a5122bb839045a145d6585de1126?s=96&d=mm&r=g\",\"contentUrl\":\"https:\\\/\\\/secure.gravatar.com\\\/avatar\\\/ffa759db2a4d8ebb52a58b89d3dc2a9f0395a5122bb839045a145d6585de1126?s=96&d=mm&r=g\",\"caption\":\"B\u00e9n\u00e9dicte Rebolloso\"},\"url\":\"https:\\\/\\\/blog.maciterneecolo.fr\\\/es\\\/author\\\/benedicterebolloso\\\/\"}]}<\/script>\n<!-- \/ Yoast SEO plugin. -->","yoast_head_json":{"title":"\u00bfCu\u00e1l es el ciclo de vida de una cisterna flexible? Desde la fabricaci\u00f3n hasta el reciclaje - Blog Ma Citerne Ecolo","description":"Las cisternas flexibles pueden reciclarse. Inf\u00f3rmate sobre el proceso de fabricaci\u00f3n para saber c\u00f3mo pueden reciclarse.","robots":{"index":"index","follow":"follow","max-snippet":"max-snippet:-1","max-image-preview":"max-image-preview:large","max-video-preview":"max-video-preview:-1"},"canonical":"https:\/\/blog.maciterneecolo.fr\/es\/cual-es-el-ciclo-de-vida-de-una-cisterna-flexible-desde-la-fabricacion-hasta-el-reciclaje\/","og_locale":"es_ES","og_type":"article","og_title":"\u00bfCu\u00e1l es el ciclo de vida de una cisterna flexible? Desde la fabricaci\u00f3n hasta el reciclaje - Blog Ma Citerne Ecolo","og_description":"Las cisternas flexibles pueden reciclarse. Inf\u00f3rmate sobre el proceso de fabricaci\u00f3n para saber c\u00f3mo pueden reciclarse.","og_url":"https:\/\/blog.maciterneecolo.fr\/es\/cual-es-el-ciclo-de-vida-de-una-cisterna-flexible-desde-la-fabricacion-hasta-el-reciclaje\/","og_site_name":"Blog Ma Citerne Ecolo","article_published_time":"2025-12-03T08:00:00+00:00","og_image":[{"width":2560,"height":1707,"url":"https:\/\/blog.maciterneecolo.fr\/wp-content\/uploads\/2025\/09\/pexels-cottonbro-6591427-scaled.jpg","type":"image\/jpeg"}],"author":"B\u00e9n\u00e9dicte Rebolloso","twitter_card":"summary_large_image","twitter_misc":{"Escrito por":"B\u00e9n\u00e9dicte Rebolloso","Tiempo de lectura":"5 minutos"},"schema":{"@context":"https:\/\/schema.org","@graph":[{"@type":"Article","@id":"https:\/\/blog.maciterneecolo.fr\/es\/cual-es-el-ciclo-de-vida-de-una-cisterna-flexible-desde-la-fabricacion-hasta-el-reciclaje\/#article","isPartOf":{"@id":"https:\/\/blog.maciterneecolo.fr\/es\/cual-es-el-ciclo-de-vida-de-una-cisterna-flexible-desde-la-fabricacion-hasta-el-reciclaje\/"},"author":{"name":"B\u00e9n\u00e9dicte Rebolloso","@id":"https:\/\/blog.maciterneecolo.fr\/es\/#\/schema\/person\/fe50d00b4e639107698e1ddead236943"},"headline":"\u00bfCu\u00e1l es el ciclo de vida de una cisterna flexible? Desde la fabricaci\u00f3n hasta el reciclaje","datePublished":"2025-12-03T08:00:00+00:00","mainEntityOfPage":{"@id":"https:\/\/blog.maciterneecolo.fr\/es\/cual-es-el-ciclo-de-vida-de-una-cisterna-flexible-desde-la-fabricacion-hasta-el-reciclaje\/"},"wordCount":1058,"commentCount":0,"publisher":{"@id":"https:\/\/blog.maciterneecolo.fr\/es\/#organization"},"image":{"@id":"https:\/\/blog.maciterneecolo.fr\/es\/cual-es-el-ciclo-de-vida-de-una-cisterna-flexible-desde-la-fabricacion-hasta-el-reciclaje\/#primaryimage"},"thumbnailUrl":"https:\/\/blog.maciterneecolo.fr\/wp-content\/uploads\/2025\/09\/pexels-cottonbro-6591427-scaled.jpg","keywords":["recogida de aguas pluviales"],"articleSection":["Dep\u00f3sitos flexibles","Todo lo que debe saber sobre la cisterna flexible"],"inLanguage":"es","potentialAction":[{"@type":"CommentAction","name":"Comment","target":["https:\/\/blog.maciterneecolo.fr\/es\/cual-es-el-ciclo-de-vida-de-una-cisterna-flexible-desde-la-fabricacion-hasta-el-reciclaje\/#respond"]}]},{"@type":"WebPage","@id":"https:\/\/blog.maciterneecolo.fr\/es\/cual-es-el-ciclo-de-vida-de-una-cisterna-flexible-desde-la-fabricacion-hasta-el-reciclaje\/","url":"https:\/\/blog.maciterneecolo.fr\/es\/cual-es-el-ciclo-de-vida-de-una-cisterna-flexible-desde-la-fabricacion-hasta-el-reciclaje\/","name":"\u00bfCu\u00e1l es el ciclo de vida de una cisterna flexible? Desde la fabricaci\u00f3n hasta el reciclaje - Blog Ma Citerne Ecolo","isPartOf":{"@id":"https:\/\/blog.maciterneecolo.fr\/es\/#website"},"primaryImageOfPage":{"@id":"https:\/\/blog.maciterneecolo.fr\/es\/cual-es-el-ciclo-de-vida-de-una-cisterna-flexible-desde-la-fabricacion-hasta-el-reciclaje\/#primaryimage"},"image":{"@id":"https:\/\/blog.maciterneecolo.fr\/es\/cual-es-el-ciclo-de-vida-de-una-cisterna-flexible-desde-la-fabricacion-hasta-el-reciclaje\/#primaryimage"},"thumbnailUrl":"https:\/\/blog.maciterneecolo.fr\/wp-content\/uploads\/2025\/09\/pexels-cottonbro-6591427-scaled.jpg","datePublished":"2025-12-03T08:00:00+00:00","description":"Las cisternas flexibles pueden reciclarse. Inf\u00f3rmate sobre el proceso de fabricaci\u00f3n para saber c\u00f3mo pueden reciclarse.","breadcrumb":{"@id":"https:\/\/blog.maciterneecolo.fr\/es\/cual-es-el-ciclo-de-vida-de-una-cisterna-flexible-desde-la-fabricacion-hasta-el-reciclaje\/#breadcrumb"},"inLanguage":"es","potentialAction":[{"@type":"ReadAction","target":["https:\/\/blog.maciterneecolo.fr\/es\/cual-es-el-ciclo-de-vida-de-una-cisterna-flexible-desde-la-fabricacion-hasta-el-reciclaje\/"]}]},{"@type":"ImageObject","inLanguage":"es","@id":"https:\/\/blog.maciterneecolo.fr\/es\/cual-es-el-ciclo-de-vida-de-una-cisterna-flexible-desde-la-fabricacion-hasta-el-reciclaje\/#primaryimage","url":"https:\/\/blog.maciterneecolo.fr\/wp-content\/uploads\/2025\/09\/pexels-cottonbro-6591427-scaled.jpg","contentUrl":"https:\/\/blog.maciterneecolo.fr\/wp-content\/uploads\/2025\/09\/pexels-cottonbro-6591427-scaled.jpg","width":2560,"height":1707},{"@type":"BreadcrumbList","@id":"https:\/\/blog.maciterneecolo.fr\/es\/cual-es-el-ciclo-de-vida-de-una-cisterna-flexible-desde-la-fabricacion-hasta-el-reciclaje\/#breadcrumb","itemListElement":[{"@type":"ListItem","position":1,"name":"Accueil","item":"https:\/\/blog.maciterneecolo.fr\/es\/"},{"@type":"ListItem","position":2,"name":"\u00bfCu\u00e1l es el ciclo de vida de una cisterna flexible? Desde la fabricaci\u00f3n hasta el reciclaje"}]},{"@type":"WebSite","@id":"https:\/\/blog.maciterneecolo.fr\/es\/#website","url":"https:\/\/blog.maciterneecolo.fr\/es\/","name":"Blog Ma Citerne Ecolo","description":"Leader dans le domaine de la citerne souple d&#039;eau de pluie","publisher":{"@id":"https:\/\/blog.maciterneecolo.fr\/es\/#organization"},"potentialAction":[{"@type":"SearchAction","target":{"@type":"EntryPoint","urlTemplate":"https:\/\/blog.maciterneecolo.fr\/es\/?s={search_term_string}"},"query-input":{"@type":"PropertyValueSpecification","valueRequired":true,"valueName":"search_term_string"}}],"inLanguage":"es"},{"@type":"Organization","@id":"https:\/\/blog.maciterneecolo.fr\/es\/#organization","name":"Blog Ma Citerne Ecolo","url":"https:\/\/blog.maciterneecolo.fr\/es\/","logo":{"@type":"ImageObject","inLanguage":"es","@id":"https:\/\/blog.maciterneecolo.fr\/es\/#\/schema\/logo\/image\/","url":"https:\/\/blog.maciterneecolo.fr\/wp-content\/uploads\/2022\/12\/cropped-favicon-blog.png","contentUrl":"https:\/\/blog.maciterneecolo.fr\/wp-content\/uploads\/2022\/12\/cropped-favicon-blog.png","width":512,"height":512,"caption":"Blog Ma Citerne Ecolo"},"image":{"@id":"https:\/\/blog.maciterneecolo.fr\/es\/#\/schema\/logo\/image\/"}},{"@type":"Person","@id":"https:\/\/blog.maciterneecolo.fr\/es\/#\/schema\/person\/fe50d00b4e639107698e1ddead236943","name":"B\u00e9n\u00e9dicte Rebolloso","image":{"@type":"ImageObject","inLanguage":"es","@id":"https:\/\/secure.gravatar.com\/avatar\/ffa759db2a4d8ebb52a58b89d3dc2a9f0395a5122bb839045a145d6585de1126?s=96&d=mm&r=g","url":"https:\/\/secure.gravatar.com\/avatar\/ffa759db2a4d8ebb52a58b89d3dc2a9f0395a5122bb839045a145d6585de1126?s=96&d=mm&r=g","contentUrl":"https:\/\/secure.gravatar.com\/avatar\/ffa759db2a4d8ebb52a58b89d3dc2a9f0395a5122bb839045a145d6585de1126?s=96&d=mm&r=g","caption":"B\u00e9n\u00e9dicte Rebolloso"},"url":"https:\/\/blog.maciterneecolo.fr\/es\/author\/benedicterebolloso\/"}]}},"_links":{"self":[{"href":"https:\/\/blog.maciterneecolo.fr\/es\/wp-json\/wp\/v2\/posts\/15165","targetHints":{"allow":["GET"]}}],"collection":[{"href":"https:\/\/blog.maciterneecolo.fr\/es\/wp-json\/wp\/v2\/posts"}],"about":[{"href":"https:\/\/blog.maciterneecolo.fr\/es\/wp-json\/wp\/v2\/types\/post"}],"author":[{"embeddable":true,"href":"https:\/\/blog.maciterneecolo.fr\/es\/wp-json\/wp\/v2\/users\/4"}],"replies":[{"embeddable":true,"href":"https:\/\/blog.maciterneecolo.fr\/es\/wp-json\/wp\/v2\/comments?post=15165"}],"version-history":[{"count":1,"href":"https:\/\/blog.maciterneecolo.fr\/es\/wp-json\/wp\/v2\/posts\/15165\/revisions"}],"predecessor-version":[{"id":15166,"href":"https:\/\/blog.maciterneecolo.fr\/es\/wp-json\/wp\/v2\/posts\/15165\/revisions\/15166"}],"wp:featuredmedia":[{"embeddable":true,"href":"https:\/\/blog.maciterneecolo.fr\/es\/wp-json\/wp\/v2\/media\/15136"}],"wp:attachment":[{"href":"https:\/\/blog.maciterneecolo.fr\/es\/wp-json\/wp\/v2\/media?parent=15165"}],"wp:term":[{"taxonomy":"category","embeddable":true,"href":"https:\/\/blog.maciterneecolo.fr\/es\/wp-json\/wp\/v2\/categories?post=15165"},{"taxonomy":"post_tag","embeddable":true,"href":"https:\/\/blog.maciterneecolo.fr\/es\/wp-json\/wp\/v2\/tags?post=15165"}],"curies":[{"name":"wp","href":"https:\/\/api.w.org\/{rel}","templated":true}]}}