{"id":5675,"date":"2023-02-01T14:36:04","date_gmt":"2023-02-01T14:36:04","guid":{"rendered":"https:\/\/blog.maciterneecolo.fr\/deposito-flexible-para-las-aguas-negras-y-grises-de-su-autocaravana\/"},"modified":"2023-07-28T14:26:28","modified_gmt":"2023-07-28T14:26:28","slug":"deposito-flexible-para-las-aguas-negras-y-grises-de-su-autocaravana","status":"publish","type":"post","link":"https:\/\/blog.maciterneecolo.fr\/es\/deposito-flexible-para-las-aguas-negras-y-grises-de-su-autocaravana\/","title":{"rendered":"Dep\u00f3sito flexible para las aguas negras y grises de su autocaravana"},"content":{"rendered":"\n<p>Las autocaravanas son veh\u00edculos de ocio muy populares en Francia y en todo el mundo. Para que los viajes sean agradables, es importante disponer en casa de un sistema de almacenamiento y eliminaci\u00f3n de aguas residuales. Los <strong><a href=\"https:\/\/www.maciterneecolo.fr\/fr\/\" target=\"_blank\" rel=\"noreferrer noopener\">dep\u00f3sitos<\/a> para aguas negras<\/strong> (inodoros) y <strong>grises<\/strong> (duchas, lavabos) son un producto esencial para <strong>autocaravanas<\/strong>, furgonetas transformadas y caravanas. El dep\u00f3sito interno (casete extra\u00edble dentro de su autocaravana) se utiliza para recoger los residuos cuando est\u00e1 de viaje, mientras que el <strong>dep\u00f3sito externo<\/strong> instalado en su propiedad se utiliza para vaciar el <strong>sistema de almacenamiento interno de su caravana<\/strong>. El dep\u00f3sito de tu veh\u00edculo de turismo suele ser un bid\u00f3n compacto. Todo depende del tipo de veh\u00edculo (furgoneta, caravana, autocaravana, furgoneta, etc.).<\/p>\n\n<p>Para un mejor mantenimiento, gesti\u00f3n y tratamiento de su sistema de aguas residuales en cualquier pa\u00eds, \u00a1es muy importante combinar los dos dep\u00f3sitos!<\/p>\n\n<h2 class=\"wp-block-heading\"><a><\/a><strong>\u00bfPor qu\u00e9 no deber\u00eda estar satisfecho con el cofre de su autocaravana?<\/strong><\/h2>\n\n<p>Un <strong>cofre para autocaravanas<\/strong> es un dep\u00f3sito extra\u00edble dise\u00f1ado para almacenar las aguas residuales del inodoro. Es un accesorio indispensable para autocaravanas, furgonetas camper y caravanas. Este casete <strong>de almacenamiento de aguas<\/strong>residuales es f\u00e1cil de instalar y se puede vaciar r\u00e1pidamente para facilitar su limpieza.<\/p>\n\n<p>Existen diferentes tipos de cofres para autocaravanas, con las ventajas e inconvenientes que conllevan. Un <strong>casete de pl\u00e1stico<\/strong> es ligero y barato. Sin embargo, es m\u00e1s sensible al impacto y a la deformaci\u00f3n. El <strong>casete de acero inoxidable<\/strong> es m\u00e1s duradero, pero m\u00e1s pesado y caro. El <strong>casete de pl\u00e1stico reforzado<\/strong> es un buen compromiso entre resistencia y peso.<\/p>\n\n<p>El verdadero problema no son los <strong>materiales utilizados para fabricar el casete<\/strong>, sino su capacidad de almacenamiento. El casete es un tipo de bid\u00f3n que no puede almacenar m\u00e1s de 150 litros de aguas negras y grises. Su <strong>potencial de recogida<\/strong> es limitado. De ah\u00ed la importancia de instalar un dep\u00f3sito con un volumen de almacenamiento adecuado para este fin. Ofrecemos un <strong>dep\u00f3sito de aguas residuales para autocaravanas a un precio inmejorable<\/strong> en nuestra tienda online.<\/p>\n\n<h2 class=\"wp-block-heading\"><a><\/a><strong>Almacenamiento de aguas negras y grises de su veh\u00edculo m\u00f3vil<\/strong><\/h2>\n\n<h3 class=\"wp-block-heading\"><a><\/a><strong>Sistema de recogida de aguas negras y grises en Francia<\/strong><\/h3>\n\n<p>A <strong>dep\u00f3sito externo para el circuito de aguas negras<\/strong>  es un dep\u00f3sito compacto o no de acero, hormig\u00f3n o pl\u00e1stico dise\u00f1ado para almacenar las aguas residuales de los inodoros, mientras que un  <strong>dep\u00f3sito externo para el circuito de aguas grises<\/strong>  sirve para almacenar las aguas residuales de la ducha, el lavabo, etc. La capacidad de los dep\u00f3sitos externos suele oscilar entre 500 litros y m\u00e1s de 100.000 litros de l\u00edquido. El uso de un <strong>dep\u00f3sito externo de aguas negras y grises<\/strong> para tu furgoneta o caravana es muy pr\u00e1ctico. Dependiendo del <strong>tipo de<\/strong> <strong>dep\u00f3sito<\/strong>, podr\u00e1 guardarlo f\u00e1cilmente cuando no lo utilice y es muy f\u00e1cil de instalar. Su dep\u00f3sito externo puede conectarse a una manguera de vaciado para vaciarlo y a una bomba el\u00e9ctrica para llenarlo r\u00e1pidamente. Este es el caso del modelo de<strong> cisterna de PVC flexible<\/strong> (pl\u00e1stico flexible).<\/p>\n\n<h3 class=\"wp-block-heading\"><a><\/a><strong>La elecci\u00f3n del dep\u00f3sito de aguas residuales<\/strong><\/h3>\n\n<p>Es importante <strong>elegir una <a href=\"https:\/\/www.maciterneecolo.fr\/fr\/3-citernes-souples\">cisterna flexible<\/a> de buena calidad<\/strong> para garantizar un uso eficaz y duradero. Tambi\u00e9n se recomienda elegir un dep\u00f3sito con <strong>filtro adicional<\/strong> para evitar olores desagradables. Esto tambi\u00e9n protege las tuber\u00edas de desag\u00fce. Tambi\u00e9n existen en el mercado accesorios para cisternas flexibles. Por ejemplo, puede comprar su cisterna en forma de kit para facilitar su eliminaci\u00f3n y un uso m\u00e1s higi\u00e9nico. Tambi\u00e9n es posible<strong>adquirir racores adicionales<\/strong> para un llenado \u00f3ptimo del dep\u00f3sito flexible. El precio de las cisternas flexibles var\u00eda en funci\u00f3n de la capacidad y la calidad del producto. Los dep\u00f3sitos flexibles pueden adquirirse por Internet o en tiendas especializadas en veh\u00edculos de recreo. Es aconsejable comparar precios y productos para encontrar el dep\u00f3sito m\u00e1s adecuado a sus necesidades y presupuesto.<\/p>\n\n<h2 class=\"wp-block-heading\"><a><\/a><strong>Dep\u00f3sito flexible para el almacenamiento de aguas grises y negras de una autocaravana<\/strong><\/h2>\n\n<p>Utilizar un <strong><a href=\"https:\/\/www.maciterneecolo.fr\/fr\/\">dep\u00f3sito de<\/a> aguas grises y negras en una autocaravana<\/strong>, furgoneta, autocaravana camper o caravana tiene muchas ventajas. En efecto, \u00a1la lista es larga! En primer lugar, una cisterna flexible es m\u00e1s ligera y f\u00e1cil de manejar que una cisterna r\u00edgida de acero u hormig\u00f3n. Nuestro dep\u00f3sito blando y flexible es adecuado para la recogida de aguas residuales. La principal ventaja de nuestro tanque es su cubierta de tejido t\u00e9cnico con revestimiento de PVC. Esto evita que se desprendan olores.<\/p>\n\n<p>Adem\u00e1s, nuestro dep\u00f3sito antihongos puede instalarse en espacios reducidos, lo que resulta ideal para autocaravanas. Nuestro <strong>dep\u00f3sito autoportante<\/strong> puede contener hasta 100.000 litros de l\u00edquidos. Adem\u00e1s de aguas residuales, nuestro dep\u00f3sito puede <strong>almacenar agua de lluvia<\/strong>, agua de pozo, agua de perforaci\u00f3n, agua de manantial, etc. Nuestro dep\u00f3sito est\u00e1 dise\u00f1ado incluso para almacenar efluentes. Nuestro dep\u00f3sito tambi\u00e9n se puede vaciar f\u00e1cilmente gracias a la salida del tap\u00f3n de vaciado y su manguera en espiral. Esto facilita el mantenimiento del sistema. Adem\u00e1s, nuestras cisternas flexibles tienen un <strong>precio de compra inferior <\/strong>al de las cisternas r\u00edgidas de acero o las cisternas r\u00edgidas de hormig\u00f3n.<\/p>\n\n<p>Comprar una <strong><a href=\"https:\/\/www.maciterneecolo.fr\/fr\/3-citernes-souples\" target=\"_blank\" rel=\"noreferrer noopener\">cisterna flexible<\/a><\/strong> de <strong>PVC reciclable<\/strong> significa hacer una elecci\u00f3n econ\u00f3mica para el almacenamiento de aguas residuales. Nuestros dep\u00f3sitos pueden conectarse r\u00e1pidamente a un sistema de filtrado para el tratamiento adecuado del agua antes de su vertido. En resumen, nuestro dep\u00f3sito autoportante es un <strong>producto pr\u00e1ctico, ecol\u00f3gico y f\u00e1cil de usar<\/strong> para el almacenamiento de aguas grises y negras de un veh\u00edculo m\u00f3vil como una autocaravana.<\/p>\n","protected":false},"excerpt":{"rendered":"<p>Las autocaravanas son veh\u00edculos de ocio muy populares en Francia y en todo el mundo. Para que los viajes sean agradables, es importante disponer en casa de un sistema de almacenamiento y eliminaci\u00f3n de aguas residuales. Los dep\u00f3sitos para aguas negras (inodoros) y grises (duchas, lavabos) son un producto esencial para autocaravanas, furgonetas transformadas y [&hellip;]<\/p>\n","protected":false},"author":2,"featured_media":5651,"comment_status":"closed","ping_status":"closed","sticky":false,"template":"","format":"standard","meta":{"inline_featured_image":false,"footnotes":""},"categories":[382],"tags":[1852,1853,1851,69,1534],"class_list":["post-5675","post","type-post","status-publish","format-standard","has-post-thumbnail","hentry","category-todo-lo-que-debe-saber-sobre-la-cisterna-flexible","tag-aguas-grises","tag-aguas-negras","tag-autocaravana-es","tag-tanque-flexible","tag-vaciado"],"yoast_head":"<!-- This site is optimized with the Yoast SEO plugin v27.5 - https:\/\/yoast.com\/product\/yoast-seo-wordpress\/ -->\n<title>Dep\u00f3sito flexible para las aguas negras y grises de su autocaravana<\/title>\n<meta name=\"description\" content=\"Compra un dep\u00f3sito flexible para las aguas negras y grises de tu autocaravana. Almacenamiento f\u00e1cil y c\u00f3modo para uso personal\/acampada\" \/>\n<meta name=\"robots\" content=\"index, follow, max-snippet:-1, max-image-preview:large, max-video-preview:-1\" \/>\n<link rel=\"canonical\" href=\"https:\/\/blog.maciterneecolo.fr\/es\/deposito-flexible-para-las-aguas-negras-y-grises-de-su-autocaravana\/\" \/>\n<meta property=\"og:locale\" content=\"es_ES\" \/>\n<meta property=\"og:type\" content=\"article\" \/>\n<meta property=\"og:title\" content=\"Dep\u00f3sito flexible para las aguas negras y grises de su autocaravana\" \/>\n<meta property=\"og:description\" content=\"Compra un dep\u00f3sito flexible para las aguas negras y grises de tu autocaravana. Almacenamiento f\u00e1cil y c\u00f3modo para uso personal\/acampada\" \/>\n<meta property=\"og:url\" content=\"https:\/\/blog.maciterneecolo.fr\/es\/deposito-flexible-para-las-aguas-negras-y-grises-de-su-autocaravana\/\" \/>\n<meta property=\"og:site_name\" content=\"Blog Ma Citerne Ecolo\" \/>\n<meta property=\"article:published_time\" content=\"2023-02-01T14:36:04+00:00\" \/>\n<meta property=\"article:modified_time\" content=\"2023-07-28T14:26:28+00:00\" \/>\n<meta property=\"og:image\" content=\"https:\/\/blog.maciterneecolo.fr\/wp-content\/uploads\/2023\/02\/camping-car-vidange-citerne-souple.jpeg\" \/>\n\t<meta property=\"og:image:width\" content=\"612\" \/>\n\t<meta property=\"og:image:height\" content=\"408\" \/>\n\t<meta property=\"og:image:type\" content=\"image\/jpeg\" \/>\n<meta name=\"author\" content=\"Lucile\" \/>\n<meta name=\"twitter:card\" content=\"summary_large_image\" \/>\n<meta name=\"twitter:label1\" content=\"Escrito por\" \/>\n\t<meta name=\"twitter:data1\" content=\"Lucile\" \/>\n\t<meta name=\"twitter:label2\" content=\"Tiempo de lectura\" \/>\n\t<meta name=\"twitter:data2\" content=\"5 minutos\" \/>\n<script type=\"application\/ld+json\" class=\"yoast-schema-graph\">{\"@context\":\"https:\\\/\\\/schema.org\",\"@graph\":[{\"@type\":\"Article\",\"@id\":\"https:\\\/\\\/blog.maciterneecolo.fr\\\/es\\\/deposito-flexible-para-las-aguas-negras-y-grises-de-su-autocaravana\\\/#article\",\"isPartOf\":{\"@id\":\"https:\\\/\\\/blog.maciterneecolo.fr\\\/es\\\/deposito-flexible-para-las-aguas-negras-y-grises-de-su-autocaravana\\\/\"},\"author\":{\"name\":\"Lucile\",\"@id\":\"https:\\\/\\\/blog.maciterneecolo.fr\\\/es\\\/#\\\/schema\\\/person\\\/cfb93b191140c86292f0707edfd4b6fe\"},\"headline\":\"Dep\u00f3sito flexible para las aguas negras y grises de su autocaravana\",\"datePublished\":\"2023-02-01T14:36:04+00:00\",\"dateModified\":\"2023-07-28T14:26:28+00:00\",\"mainEntityOfPage\":{\"@id\":\"https:\\\/\\\/blog.maciterneecolo.fr\\\/es\\\/deposito-flexible-para-las-aguas-negras-y-grises-de-su-autocaravana\\\/\"},\"wordCount\":1001,\"publisher\":{\"@id\":\"https:\\\/\\\/blog.maciterneecolo.fr\\\/es\\\/#organization\"},\"image\":{\"@id\":\"https:\\\/\\\/blog.maciterneecolo.fr\\\/es\\\/deposito-flexible-para-las-aguas-negras-y-grises-de-su-autocaravana\\\/#primaryimage\"},\"thumbnailUrl\":\"https:\\\/\\\/blog.maciterneecolo.fr\\\/wp-content\\\/uploads\\\/2023\\\/02\\\/camping-car-vidange-citerne-souple.jpeg\",\"keywords\":[\"aguas grises\",\"aguas negras\",\"autocaravana\",\"tanque flexible\",\"vaciado\"],\"articleSection\":[\"Todo lo que debe saber sobre la cisterna flexible\"],\"inLanguage\":\"es\"},{\"@type\":\"WebPage\",\"@id\":\"https:\\\/\\\/blog.maciterneecolo.fr\\\/es\\\/deposito-flexible-para-las-aguas-negras-y-grises-de-su-autocaravana\\\/\",\"url\":\"https:\\\/\\\/blog.maciterneecolo.fr\\\/es\\\/deposito-flexible-para-las-aguas-negras-y-grises-de-su-autocaravana\\\/\",\"name\":\"Dep\u00f3sito flexible para las aguas negras y grises de su autocaravana\",\"isPartOf\":{\"@id\":\"https:\\\/\\\/blog.maciterneecolo.fr\\\/es\\\/#website\"},\"primaryImageOfPage\":{\"@id\":\"https:\\\/\\\/blog.maciterneecolo.fr\\\/es\\\/deposito-flexible-para-las-aguas-negras-y-grises-de-su-autocaravana\\\/#primaryimage\"},\"image\":{\"@id\":\"https:\\\/\\\/blog.maciterneecolo.fr\\\/es\\\/deposito-flexible-para-las-aguas-negras-y-grises-de-su-autocaravana\\\/#primaryimage\"},\"thumbnailUrl\":\"https:\\\/\\\/blog.maciterneecolo.fr\\\/wp-content\\\/uploads\\\/2023\\\/02\\\/camping-car-vidange-citerne-souple.jpeg\",\"datePublished\":\"2023-02-01T14:36:04+00:00\",\"dateModified\":\"2023-07-28T14:26:28+00:00\",\"description\":\"Compra un dep\u00f3sito flexible para las aguas negras y grises de tu autocaravana. Almacenamiento f\u00e1cil y c\u00f3modo para uso personal\\\/acampada\",\"breadcrumb\":{\"@id\":\"https:\\\/\\\/blog.maciterneecolo.fr\\\/es\\\/deposito-flexible-para-las-aguas-negras-y-grises-de-su-autocaravana\\\/#breadcrumb\"},\"inLanguage\":\"es\",\"potentialAction\":[{\"@type\":\"ReadAction\",\"target\":[\"https:\\\/\\\/blog.maciterneecolo.fr\\\/es\\\/deposito-flexible-para-las-aguas-negras-y-grises-de-su-autocaravana\\\/\"]}]},{\"@type\":\"ImageObject\",\"inLanguage\":\"es\",\"@id\":\"https:\\\/\\\/blog.maciterneecolo.fr\\\/es\\\/deposito-flexible-para-las-aguas-negras-y-grises-de-su-autocaravana\\\/#primaryimage\",\"url\":\"https:\\\/\\\/blog.maciterneecolo.fr\\\/wp-content\\\/uploads\\\/2023\\\/02\\\/camping-car-vidange-citerne-souple.jpeg\",\"contentUrl\":\"https:\\\/\\\/blog.maciterneecolo.fr\\\/wp-content\\\/uploads\\\/2023\\\/02\\\/camping-car-vidange-citerne-souple.jpeg\",\"width\":612,\"height\":408,\"caption\":\"Holidays in Germany - summer recreation at the lake, Mecklenburg-vorpommern\"},{\"@type\":\"BreadcrumbList\",\"@id\":\"https:\\\/\\\/blog.maciterneecolo.fr\\\/es\\\/deposito-flexible-para-las-aguas-negras-y-grises-de-su-autocaravana\\\/#breadcrumb\",\"itemListElement\":[{\"@type\":\"ListItem\",\"position\":1,\"name\":\"Accueil\",\"item\":\"https:\\\/\\\/blog.maciterneecolo.fr\\\/es\\\/\"},{\"@type\":\"ListItem\",\"position\":2,\"name\":\"Dep\u00f3sito flexible para las aguas negras y grises de su autocaravana\"}]},{\"@type\":\"WebSite\",\"@id\":\"https:\\\/\\\/blog.maciterneecolo.fr\\\/es\\\/#website\",\"url\":\"https:\\\/\\\/blog.maciterneecolo.fr\\\/es\\\/\",\"name\":\"Blog Ma Citerne Ecolo\",\"description\":\"Leader dans le domaine de la citerne souple d&#039;eau de pluie\",\"publisher\":{\"@id\":\"https:\\\/\\\/blog.maciterneecolo.fr\\\/es\\\/#organization\"},\"potentialAction\":[{\"@type\":\"SearchAction\",\"target\":{\"@type\":\"EntryPoint\",\"urlTemplate\":\"https:\\\/\\\/blog.maciterneecolo.fr\\\/es\\\/?s={search_term_string}\"},\"query-input\":{\"@type\":\"PropertyValueSpecification\",\"valueRequired\":true,\"valueName\":\"search_term_string\"}}],\"inLanguage\":\"es\"},{\"@type\":\"Organization\",\"@id\":\"https:\\\/\\\/blog.maciterneecolo.fr\\\/es\\\/#organization\",\"name\":\"Blog Ma Citerne Ecolo\",\"url\":\"https:\\\/\\\/blog.maciterneecolo.fr\\\/es\\\/\",\"logo\":{\"@type\":\"ImageObject\",\"inLanguage\":\"es\",\"@id\":\"https:\\\/\\\/blog.maciterneecolo.fr\\\/es\\\/#\\\/schema\\\/logo\\\/image\\\/\",\"url\":\"https:\\\/\\\/blog.maciterneecolo.fr\\\/wp-content\\\/uploads\\\/2022\\\/12\\\/cropped-favicon-blog.png\",\"contentUrl\":\"https:\\\/\\\/blog.maciterneecolo.fr\\\/wp-content\\\/uploads\\\/2022\\\/12\\\/cropped-favicon-blog.png\",\"width\":512,\"height\":512,\"caption\":\"Blog Ma Citerne Ecolo\"},\"image\":{\"@id\":\"https:\\\/\\\/blog.maciterneecolo.fr\\\/es\\\/#\\\/schema\\\/logo\\\/image\\\/\"}},{\"@type\":\"Person\",\"@id\":\"https:\\\/\\\/blog.maciterneecolo.fr\\\/es\\\/#\\\/schema\\\/person\\\/cfb93b191140c86292f0707edfd4b6fe\",\"name\":\"Lucile\",\"image\":{\"@type\":\"ImageObject\",\"inLanguage\":\"es\",\"@id\":\"https:\\\/\\\/secure.gravatar.com\\\/avatar\\\/3c571ab7761bcc142db76a63f33a2a5ebee8b76990a871c9329e3e6df7ae9f3c?s=96&d=mm&r=g\",\"url\":\"https:\\\/\\\/secure.gravatar.com\\\/avatar\\\/3c571ab7761bcc142db76a63f33a2a5ebee8b76990a871c9329e3e6df7ae9f3c?s=96&d=mm&r=g\",\"contentUrl\":\"https:\\\/\\\/secure.gravatar.com\\\/avatar\\\/3c571ab7761bcc142db76a63f33a2a5ebee8b76990a871c9329e3e6df7ae9f3c?s=96&d=mm&r=g\",\"caption\":\"Lucile\"},\"url\":\"https:\\\/\\\/blog.maciterneecolo.fr\\\/es\\\/author\\\/lucilewerkeyn\\\/\"}]}<\/script>\n<!-- \/ Yoast SEO plugin. -->","yoast_head_json":{"title":"Dep\u00f3sito flexible para las aguas negras y grises de su autocaravana","description":"Compra un dep\u00f3sito flexible para las aguas negras y grises de tu autocaravana. Almacenamiento f\u00e1cil y c\u00f3modo para uso personal\/acampada","robots":{"index":"index","follow":"follow","max-snippet":"max-snippet:-1","max-image-preview":"max-image-preview:large","max-video-preview":"max-video-preview:-1"},"canonical":"https:\/\/blog.maciterneecolo.fr\/es\/deposito-flexible-para-las-aguas-negras-y-grises-de-su-autocaravana\/","og_locale":"es_ES","og_type":"article","og_title":"Dep\u00f3sito flexible para las aguas negras y grises de su autocaravana","og_description":"Compra un dep\u00f3sito flexible para las aguas negras y grises de tu autocaravana. Almacenamiento f\u00e1cil y c\u00f3modo para uso personal\/acampada","og_url":"https:\/\/blog.maciterneecolo.fr\/es\/deposito-flexible-para-las-aguas-negras-y-grises-de-su-autocaravana\/","og_site_name":"Blog Ma Citerne Ecolo","article_published_time":"2023-02-01T14:36:04+00:00","article_modified_time":"2023-07-28T14:26:28+00:00","og_image":[{"width":612,"height":408,"url":"https:\/\/blog.maciterneecolo.fr\/wp-content\/uploads\/2023\/02\/camping-car-vidange-citerne-souple.jpeg","type":"image\/jpeg"}],"author":"Lucile","twitter_card":"summary_large_image","twitter_misc":{"Escrito por":"Lucile","Tiempo de lectura":"5 minutos"},"schema":{"@context":"https:\/\/schema.org","@graph":[{"@type":"Article","@id":"https:\/\/blog.maciterneecolo.fr\/es\/deposito-flexible-para-las-aguas-negras-y-grises-de-su-autocaravana\/#article","isPartOf":{"@id":"https:\/\/blog.maciterneecolo.fr\/es\/deposito-flexible-para-las-aguas-negras-y-grises-de-su-autocaravana\/"},"author":{"name":"Lucile","@id":"https:\/\/blog.maciterneecolo.fr\/es\/#\/schema\/person\/cfb93b191140c86292f0707edfd4b6fe"},"headline":"Dep\u00f3sito flexible para las aguas negras y grises de su autocaravana","datePublished":"2023-02-01T14:36:04+00:00","dateModified":"2023-07-28T14:26:28+00:00","mainEntityOfPage":{"@id":"https:\/\/blog.maciterneecolo.fr\/es\/deposito-flexible-para-las-aguas-negras-y-grises-de-su-autocaravana\/"},"wordCount":1001,"publisher":{"@id":"https:\/\/blog.maciterneecolo.fr\/es\/#organization"},"image":{"@id":"https:\/\/blog.maciterneecolo.fr\/es\/deposito-flexible-para-las-aguas-negras-y-grises-de-su-autocaravana\/#primaryimage"},"thumbnailUrl":"https:\/\/blog.maciterneecolo.fr\/wp-content\/uploads\/2023\/02\/camping-car-vidange-citerne-souple.jpeg","keywords":["aguas grises","aguas negras","autocaravana","tanque flexible","vaciado"],"articleSection":["Todo lo que debe saber sobre la cisterna flexible"],"inLanguage":"es"},{"@type":"WebPage","@id":"https:\/\/blog.maciterneecolo.fr\/es\/deposito-flexible-para-las-aguas-negras-y-grises-de-su-autocaravana\/","url":"https:\/\/blog.maciterneecolo.fr\/es\/deposito-flexible-para-las-aguas-negras-y-grises-de-su-autocaravana\/","name":"Dep\u00f3sito flexible para las aguas negras y grises de su autocaravana","isPartOf":{"@id":"https:\/\/blog.maciterneecolo.fr\/es\/#website"},"primaryImageOfPage":{"@id":"https:\/\/blog.maciterneecolo.fr\/es\/deposito-flexible-para-las-aguas-negras-y-grises-de-su-autocaravana\/#primaryimage"},"image":{"@id":"https:\/\/blog.maciterneecolo.fr\/es\/deposito-flexible-para-las-aguas-negras-y-grises-de-su-autocaravana\/#primaryimage"},"thumbnailUrl":"https:\/\/blog.maciterneecolo.fr\/wp-content\/uploads\/2023\/02\/camping-car-vidange-citerne-souple.jpeg","datePublished":"2023-02-01T14:36:04+00:00","dateModified":"2023-07-28T14:26:28+00:00","description":"Compra un dep\u00f3sito flexible para las aguas negras y grises de tu autocaravana. Almacenamiento f\u00e1cil y c\u00f3modo para uso personal\/acampada","breadcrumb":{"@id":"https:\/\/blog.maciterneecolo.fr\/es\/deposito-flexible-para-las-aguas-negras-y-grises-de-su-autocaravana\/#breadcrumb"},"inLanguage":"es","potentialAction":[{"@type":"ReadAction","target":["https:\/\/blog.maciterneecolo.fr\/es\/deposito-flexible-para-las-aguas-negras-y-grises-de-su-autocaravana\/"]}]},{"@type":"ImageObject","inLanguage":"es","@id":"https:\/\/blog.maciterneecolo.fr\/es\/deposito-flexible-para-las-aguas-negras-y-grises-de-su-autocaravana\/#primaryimage","url":"https:\/\/blog.maciterneecolo.fr\/wp-content\/uploads\/2023\/02\/camping-car-vidange-citerne-souple.jpeg","contentUrl":"https:\/\/blog.maciterneecolo.fr\/wp-content\/uploads\/2023\/02\/camping-car-vidange-citerne-souple.jpeg","width":612,"height":408,"caption":"Holidays in Germany - summer recreation at the lake, Mecklenburg-vorpommern"},{"@type":"BreadcrumbList","@id":"https:\/\/blog.maciterneecolo.fr\/es\/deposito-flexible-para-las-aguas-negras-y-grises-de-su-autocaravana\/#breadcrumb","itemListElement":[{"@type":"ListItem","position":1,"name":"Accueil","item":"https:\/\/blog.maciterneecolo.fr\/es\/"},{"@type":"ListItem","position":2,"name":"Dep\u00f3sito flexible para las aguas negras y grises de su autocaravana"}]},{"@type":"WebSite","@id":"https:\/\/blog.maciterneecolo.fr\/es\/#website","url":"https:\/\/blog.maciterneecolo.fr\/es\/","name":"Blog Ma Citerne Ecolo","description":"Leader dans le domaine de la citerne souple d&#039;eau de pluie","publisher":{"@id":"https:\/\/blog.maciterneecolo.fr\/es\/#organization"},"potentialAction":[{"@type":"SearchAction","target":{"@type":"EntryPoint","urlTemplate":"https:\/\/blog.maciterneecolo.fr\/es\/?s={search_term_string}"},"query-input":{"@type":"PropertyValueSpecification","valueRequired":true,"valueName":"search_term_string"}}],"inLanguage":"es"},{"@type":"Organization","@id":"https:\/\/blog.maciterneecolo.fr\/es\/#organization","name":"Blog Ma Citerne Ecolo","url":"https:\/\/blog.maciterneecolo.fr\/es\/","logo":{"@type":"ImageObject","inLanguage":"es","@id":"https:\/\/blog.maciterneecolo.fr\/es\/#\/schema\/logo\/image\/","url":"https:\/\/blog.maciterneecolo.fr\/wp-content\/uploads\/2022\/12\/cropped-favicon-blog.png","contentUrl":"https:\/\/blog.maciterneecolo.fr\/wp-content\/uploads\/2022\/12\/cropped-favicon-blog.png","width":512,"height":512,"caption":"Blog Ma Citerne Ecolo"},"image":{"@id":"https:\/\/blog.maciterneecolo.fr\/es\/#\/schema\/logo\/image\/"}},{"@type":"Person","@id":"https:\/\/blog.maciterneecolo.fr\/es\/#\/schema\/person\/cfb93b191140c86292f0707edfd4b6fe","name":"Lucile","image":{"@type":"ImageObject","inLanguage":"es","@id":"https:\/\/secure.gravatar.com\/avatar\/3c571ab7761bcc142db76a63f33a2a5ebee8b76990a871c9329e3e6df7ae9f3c?s=96&d=mm&r=g","url":"https:\/\/secure.gravatar.com\/avatar\/3c571ab7761bcc142db76a63f33a2a5ebee8b76990a871c9329e3e6df7ae9f3c?s=96&d=mm&r=g","contentUrl":"https:\/\/secure.gravatar.com\/avatar\/3c571ab7761bcc142db76a63f33a2a5ebee8b76990a871c9329e3e6df7ae9f3c?s=96&d=mm&r=g","caption":"Lucile"},"url":"https:\/\/blog.maciterneecolo.fr\/es\/author\/lucilewerkeyn\/"}]}},"_links":{"self":[{"href":"https:\/\/blog.maciterneecolo.fr\/es\/wp-json\/wp\/v2\/posts\/5675","targetHints":{"allow":["GET"]}}],"collection":[{"href":"https:\/\/blog.maciterneecolo.fr\/es\/wp-json\/wp\/v2\/posts"}],"about":[{"href":"https:\/\/blog.maciterneecolo.fr\/es\/wp-json\/wp\/v2\/types\/post"}],"author":[{"embeddable":true,"href":"https:\/\/blog.maciterneecolo.fr\/es\/wp-json\/wp\/v2\/users\/2"}],"replies":[{"embeddable":true,"href":"https:\/\/blog.maciterneecolo.fr\/es\/wp-json\/wp\/v2\/comments?post=5675"}],"version-history":[{"count":6,"href":"https:\/\/blog.maciterneecolo.fr\/es\/wp-json\/wp\/v2\/posts\/5675\/revisions"}],"predecessor-version":[{"id":7852,"href":"https:\/\/blog.maciterneecolo.fr\/es\/wp-json\/wp\/v2\/posts\/5675\/revisions\/7852"}],"wp:featuredmedia":[{"embeddable":true,"href":"https:\/\/blog.maciterneecolo.fr\/es\/wp-json\/wp\/v2\/media\/5651"}],"wp:attachment":[{"href":"https:\/\/blog.maciterneecolo.fr\/es\/wp-json\/wp\/v2\/media?parent=5675"}],"wp:term":[{"taxonomy":"category","embeddable":true,"href":"https:\/\/blog.maciterneecolo.fr\/es\/wp-json\/wp\/v2\/categories?post=5675"},{"taxonomy":"post_tag","embeddable":true,"href":"https:\/\/blog.maciterneecolo.fr\/es\/wp-json\/wp\/v2\/tags?post=5675"}],"curies":[{"name":"wp","href":"https:\/\/api.w.org\/{rel}","templated":true}]}}