{"id":5907,"date":"2023-02-02T13:40:56","date_gmt":"2023-02-02T13:40:56","guid":{"rendered":"https:\/\/blog.maciterneecolo.fr\/consumo-ecologico-en-nuestros-hogares-en-francia\/"},"modified":"2023-07-28T11:19:15","modified_gmt":"2023-07-28T11:19:15","slug":"consumo-ecologico-en-nuestros-hogares-en-francia","status":"publish","type":"post","link":"https:\/\/blog.maciterneecolo.fr\/es\/consumo-ecologico-en-nuestros-hogares-en-francia\/","title":{"rendered":"Consumo ecol\u00f3gico en nuestros hogares en Francia"},"content":{"rendered":"\n<p><strong>El consumo ecol\u00f3gico<\/strong> est\u00e1 cada vez m\u00e1s presente en nuestros <strong>hogares en Francia<\/strong>. Esto se refleja en la creciente concienciaci\u00f3n de los hogares afectados. En cuanto a su impacto medioambiental y el deseo de adoptar <strong>un comportamiento m\u00e1s<\/strong> sostenible. Por t\u00e9rmino medio, esto se traduce en un gasto m\u00e1s eco-responsable. Por ejemplo, comprando <strong>productos ecol\u00f3gicos<\/strong>, utilizando electrodom\u00e9sticos m\u00e1s eficientes energ\u00e9ticamente y prestando especial atenci\u00f3n al consumo de agua y a la gesti\u00f3n de residuos en el hogar y el jard\u00edn.<\/p>\n\n<p>Seg\u00fan <strong>datos del INSEE<\/strong> basados en miles de millones de consumidores de todo el mundo. El <strong>gasto de los hogares<\/strong> en medio ambiente ha aumentado en los \u00faltimos a\u00f1os. A pesar de una crisis econ\u00f3mica que ha provocado una ca\u00edda de la renta media de los hogares en euros. Este nivel de compromiso con <strong>un consumo m\u00e1s sostenible de agua o<\/strong> electricidad puede considerarse una tendencia al alza, que se espera que contin\u00fae en los pr\u00f3ximos a\u00f1os. Como la <a href=\"https:\/\/www.maciterneecolo.fr\/fr\/\" target=\"_blank\" rel=\"noreferrer noopener\">recogida de agua de lluvia<\/a>.  <\/p>\n\n<p>El consumo ecol\u00f3gico puede tener un impacto significativo en el planeta. Con reducciones del consumo de energ\u00eda, agua y residuos. Adem\u00e1s, al elegir <strong>productos ecol\u00f3gicos o renovables<\/strong>, los hogares pueden apoyar una econom\u00eda m\u00e1s responsable y contribuir al desarrollo de nuevas tecnolog\u00edas verdes.<\/p>\n\n<p>Sin embargo, el consumo ecol\u00f3gico tambi\u00e9n puede provocar un aumento del precio de los productos y <strong>servicios relacionados con la ecolog\u00eda<\/strong>. Esto puede suponer un problema para los hogares comprometidos con las rentas m\u00e1s bajas. Tambi\u00e9n hay que subrayar que el ecoconsumo no puede considerarse una soluci\u00f3n definitiva a la crisis medioambiental. Sino m\u00e1s bien como un aspecto de una <strong>estrategia m\u00e1s global de desarrollo sostenible en Francia<\/strong>.<\/p>\n\n<h2 class=\"wp-block-heading\"><a><\/a><strong>\u00bfQu\u00e9 es el ecoconsumo?<\/strong><\/h2>\n\n<h3 class=\"wp-block-heading\"><a><\/a><strong>Consumo dom\u00e9stico en Francia<\/strong><\/h3>\n\n<p><strong>El acto de consumir<\/strong> es una parte importante de la vida de todo el a\u00f1o en nuestro pa\u00eds. Su objetivo es satisfacer las necesidades y deseos de los hogares. Pueden hacerlo las empresas, las comunidades y las personas comprometidas.<\/p>\n\n<p>Existen dos tipos de consumo: <strong>el consumo intermedio<\/strong> y <strong>el consumo final<\/strong>. El consumo intermedio se refiere a los productos y servicios que se utilizan para la producci\u00f3n de otros bienes y servicios. El consumo final se refiere al uso directo de productos y servicios para satisfacer las necesidades y deseos de individuos, hogares y comunidades.<\/p>\n\n<p>En otras palabras, el consumo es un<strong> elemento clave de nuestra sociedad<\/strong>. Tiene un enorme impacto en el <strong>crecimiento econ\u00f3mico<\/strong>, nuestro planeta y nuestro bienestar. Por eso es importante garantizar<strong> un consumo responsable y sostenible <\/strong>para proteger nuestro futuro.<\/p>\n\n<h3 class=\"wp-block-heading\"><a><\/a><strong>Consumo sostenible en los hogares franceses<\/strong><\/h3>\n\n<p>Consumo sostenible significa tener en cuenta las <strong>consecuencias de nuestras decisiones de consumo sobre el medio ambiente<\/strong>, la sociedad y nuestro propio bienestar. Se trata de adoptar un planteamiento consciente que garantice el respeto del medio ambiente, la salud y los derechos humanos. Al consumir de este modo, tenemos en cuenta los <strong>desequilibrios medioambientales globales y las desigualdades econ\u00f3micas<\/strong>, sociales y culturales. Queremos evitar comprometer la capacidad de las generaciones futuras para satisfacer sus propias necesidades, al tiempo que satisfacemos las nuestras.<\/p>\n\n<p>Esto puede reflejarse en las decisiones de los consumidores, como comprar electrodom\u00e9sticos de bajo consumo, <strong>reducir los residuos <\/strong>y apoyar a las empresas \u00e9ticas. En \u00faltima instancia, el consumo sostenible consiste en minimizar el impacto negativo de nuestro consumo en el medio ambiente y <strong>contribuir a un futuro m\u00e1s sano y sostenible para todos<\/strong>. La compra de nuestra<strong><a href=\"https:\/\/www.maciterneecolo.fr\/fr\/3-citernes-souples\" target=\"_blank\" rel=\"noreferrer noopener\">cisterna flexible<\/a><\/strong> para almacenar agua de lluvia en sustituci\u00f3n del agua potable es el ejemplo perfecto.<\/p>\n\n<p>Adoptando un <strong>enfoque responsable del consumo en la vivienda<\/strong>, podemos marcar una diferencia concreta en la lucha por un futuro m\u00e1s responsable. Al reducir <strong>los costes energ\u00e9ticos asociados al agua o<\/strong> la electricidad, estamos en armon\u00eda con el planeta y sus recursos naturales. Se trata de un paso importante que nos concierne a todos y cada uno de nosotros y requiere un <strong>compromiso continuo<\/strong> para mejorar nuestro comportamiento de consumo.  <\/p>\n\n<h3 class=\"wp-block-heading\"><a><\/a><strong>Consumo ecol\u00f3gico en los hogares franceses<\/strong><\/h3>\n\n<p>El ecoconsumo est\u00e1 cada vez m\u00e1s presente en nuestro pa\u00eds y se refiere a la forma en que los hogares compran y utilizan productos y servicios, teniendo en cuenta su<strong> impacto ambiental<\/strong>. Esta tendencia de los hogares comprometidos forma parte de un movimiento m\u00e1s amplio para reducir la huella ecol\u00f3gica de las actividades humanas. Los <strong>hogares franceses<\/strong> son cada vez m\u00e1s <strong>conscientes de estos problemas<\/strong>.<\/p>\n\n<p>Los <strong>hogares de todo <\/strong>el mundo son cada vez m\u00e1s conscientes de la importancia de sus decisiones de compra para preservar el medio ambiente. Cada vez m\u00e1s gente opta por productos respetuosos con el planeta, <strong>productos de comercio justo <\/strong>o electrodom\u00e9sticos de marca \u00e9tica. Adem\u00e1s, cada vez son m\u00e1s los consumidores que optan por comprar a nivel local para apoyar la econom\u00eda local y reducir los costes medioambientales asociados al<strong> transporte de productos<\/strong>.<\/p>\n\n<p>Las empresas francesas tambi\u00e9n son cada vez m\u00e1s conscientes de la importancia de proteger el medio ambiente y adoptan <strong>pr\u00e1cticas<\/strong> cada vez m\u00e1s <strong>sostenibles<\/strong>. Muchas empresas aplican programas de responsabilidad social y medioambiental para reducir su impacto ambiental, y muchas se esfuerzan por utilizar <strong>materias primas sostenibles<\/strong> y desarrollar <strong>productos respetuosos con el medio ambiente<\/strong>.<\/p>\n\n<p>Francia tambi\u00e9n es<strong> l\u00edder en pol\u00edticas medioambientales<\/strong>, con numerosas iniciativas para animar a los hogares a adoptar pr\u00e1cticas respetuosas con el medio ambiente. Por ejemplo, el Gobierno franc\u00e9s ha introducido incentivos fiscales para animar a los consumidores a elegir productos buenos para el planeta. Pero tambi\u00e9n estrictas normas legales (circulares) para <strong>reducir las emisiones de gases de efecto invernadero<\/strong> y proteger la biodiversidad.<\/p>\n\n<h2 class=\"wp-block-heading\"><a><\/a><strong>Hacer un gesto sobre el gasto energ\u00e9tico para los pr\u00f3ximos a\u00f1os<\/strong><\/h2>\n\n<p>En resumen, el ecoconsumo en los pa\u00edses del mundo es un concepto que implica <strong>consumir de forma responsable<\/strong>, teniendo en cuenta las repercusiones medioambientales y sociales de nuestras elecciones de consumo. Esto puede incluir pr\u00e1cticas como la <strong>elecci\u00f3n de electrodom\u00e9sticos ecol\u00f3gicos <\/strong>, la reducci\u00f3n de residuos y el apoyo a <strong>empresas \u00e9ticas<\/strong>. El objetivo es minimizar el impacto negativo de nuestro consumo en el medio ambiente. Si usted tambi\u00e9n quiere contribuir a reducir el consumo de energ\u00eda en su casa o jard\u00edn, nuestro <a href=\"https:\/\/www.maciterneecolo.fr\/fr\/3-citernes-souples\">dep\u00f3sito flexible<\/a> <a href=\"https:\/\/www.maciterneecolo.fr\/fr\/\" target=\"_blank\" rel=\"noreferrer noopener\">para recogida de agua de<\/a> lluvia es lo que necesita. Nuestros productos est\u00e1n a la altura de sus compromisos<\/p>\n","protected":false},"excerpt":{"rendered":"<p>El consumo ecol\u00f3gico est\u00e1 cada vez m\u00e1s presente en nuestros hogares en Francia. Esto se refleja en la creciente concienciaci\u00f3n de los hogares afectados. En cuanto a su impacto medioambiental y el deseo de adoptar un comportamiento m\u00e1s sostenible. Por t\u00e9rmino medio, esto se traduce en un gasto m\u00e1s eco-responsable. Por ejemplo, comprando productos ecol\u00f3gicos, [&hellip;]<\/p>\n","protected":false},"author":2,"featured_media":5879,"comment_status":"closed","ping_status":"closed","sticky":false,"template":"","format":"standard","meta":{"inline_featured_image":false,"footnotes":""},"categories":[382],"tags":[1907,1003,1908,69],"class_list":["post-5907","post","type-post","status-publish","format-standard","has-post-thumbnail","hentry","category-todo-lo-que-debe-saber-sobre-la-cisterna-flexible","tag-ecoconsumismo","tag-ecologia-es","tag-proteccion-del-medio-ambiente","tag-tanque-flexible"],"yoast_head":"<!-- This site is optimized with the Yoast SEO plugin v27.4 - https:\/\/yoast.com\/product\/yoast-seo-wordpress\/ -->\n<title>Consumo ecol\u00f3gico en nuestros hogares en Francia<\/title>\n<meta name=\"description\" content=\"El consumo ecol\u00f3gico est\u00e1 cada vez m\u00e1s presente en nuestros hogares en Francia, \u00a1con una concienciaci\u00f3n creciente por parte de los hogares!\" \/>\n<meta name=\"robots\" content=\"index, follow, max-snippet:-1, max-image-preview:large, max-video-preview:-1\" \/>\n<link rel=\"canonical\" href=\"https:\/\/blog.maciterneecolo.fr\/es\/consumo-ecologico-en-nuestros-hogares-en-francia\/\" \/>\n<meta property=\"og:locale\" content=\"es_ES\" \/>\n<meta property=\"og:type\" content=\"article\" \/>\n<meta property=\"og:title\" content=\"Consumo ecol\u00f3gico en nuestros hogares en Francia\" \/>\n<meta property=\"og:description\" content=\"El consumo ecol\u00f3gico est\u00e1 cada vez m\u00e1s presente en nuestros hogares en Francia, \u00a1con una concienciaci\u00f3n creciente por parte de los hogares!\" \/>\n<meta property=\"og:url\" content=\"https:\/\/blog.maciterneecolo.fr\/es\/consumo-ecologico-en-nuestros-hogares-en-francia\/\" \/>\n<meta property=\"og:site_name\" content=\"Blog Ma Citerne Ecolo\" \/>\n<meta property=\"article:published_time\" content=\"2023-02-02T13:40:56+00:00\" \/>\n<meta property=\"article:modified_time\" content=\"2023-07-28T11:19:15+00:00\" \/>\n<meta property=\"og:image\" content=\"https:\/\/blog.maciterneecolo.fr\/wp-content\/uploads\/2023\/02\/protection-environnement-ecologie.jpg\" \/>\n\t<meta property=\"og:image:width\" content=\"1920\" \/>\n\t<meta property=\"og:image:height\" content=\"1280\" \/>\n\t<meta property=\"og:image:type\" content=\"image\/jpeg\" \/>\n<meta name=\"author\" content=\"Lucile\" \/>\n<meta name=\"twitter:card\" content=\"summary_large_image\" \/>\n<meta name=\"twitter:label1\" content=\"Escrito por\" \/>\n\t<meta name=\"twitter:data1\" content=\"Lucile\" \/>\n\t<meta name=\"twitter:label2\" content=\"Tiempo de lectura\" \/>\n\t<meta name=\"twitter:data2\" content=\"6 minutos\" \/>\n<script type=\"application\/ld+json\" class=\"yoast-schema-graph\">{\"@context\":\"https:\\\/\\\/schema.org\",\"@graph\":[{\"@type\":\"Article\",\"@id\":\"https:\\\/\\\/blog.maciterneecolo.fr\\\/es\\\/consumo-ecologico-en-nuestros-hogares-en-francia\\\/#article\",\"isPartOf\":{\"@id\":\"https:\\\/\\\/blog.maciterneecolo.fr\\\/es\\\/consumo-ecologico-en-nuestros-hogares-en-francia\\\/\"},\"author\":{\"name\":\"Lucile\",\"@id\":\"https:\\\/\\\/blog.maciterneecolo.fr\\\/es\\\/#\\\/schema\\\/person\\\/cfb93b191140c86292f0707edfd4b6fe\"},\"headline\":\"Consumo ecol\u00f3gico en nuestros hogares en Francia\",\"datePublished\":\"2023-02-02T13:40:56+00:00\",\"dateModified\":\"2023-07-28T11:19:15+00:00\",\"mainEntityOfPage\":{\"@id\":\"https:\\\/\\\/blog.maciterneecolo.fr\\\/es\\\/consumo-ecologico-en-nuestros-hogares-en-francia\\\/\"},\"wordCount\":1117,\"publisher\":{\"@id\":\"https:\\\/\\\/blog.maciterneecolo.fr\\\/es\\\/#organization\"},\"image\":{\"@id\":\"https:\\\/\\\/blog.maciterneecolo.fr\\\/es\\\/consumo-ecologico-en-nuestros-hogares-en-francia\\\/#primaryimage\"},\"thumbnailUrl\":\"https:\\\/\\\/blog.maciterneecolo.fr\\\/wp-content\\\/uploads\\\/2023\\\/02\\\/protection-environnement-ecologie.jpg\",\"keywords\":[\"ecoconsumismo\",\"ecolog\u00eda\",\"protecci\u00f3n del medio ambiente\",\"tanque flexible\"],\"articleSection\":[\"Todo lo que debe saber sobre la cisterna flexible\"],\"inLanguage\":\"es\"},{\"@type\":\"WebPage\",\"@id\":\"https:\\\/\\\/blog.maciterneecolo.fr\\\/es\\\/consumo-ecologico-en-nuestros-hogares-en-francia\\\/\",\"url\":\"https:\\\/\\\/blog.maciterneecolo.fr\\\/es\\\/consumo-ecologico-en-nuestros-hogares-en-francia\\\/\",\"name\":\"Consumo ecol\u00f3gico en nuestros hogares en Francia\",\"isPartOf\":{\"@id\":\"https:\\\/\\\/blog.maciterneecolo.fr\\\/es\\\/#website\"},\"primaryImageOfPage\":{\"@id\":\"https:\\\/\\\/blog.maciterneecolo.fr\\\/es\\\/consumo-ecologico-en-nuestros-hogares-en-francia\\\/#primaryimage\"},\"image\":{\"@id\":\"https:\\\/\\\/blog.maciterneecolo.fr\\\/es\\\/consumo-ecologico-en-nuestros-hogares-en-francia\\\/#primaryimage\"},\"thumbnailUrl\":\"https:\\\/\\\/blog.maciterneecolo.fr\\\/wp-content\\\/uploads\\\/2023\\\/02\\\/protection-environnement-ecologie.jpg\",\"datePublished\":\"2023-02-02T13:40:56+00:00\",\"dateModified\":\"2023-07-28T11:19:15+00:00\",\"description\":\"El consumo ecol\u00f3gico est\u00e1 cada vez m\u00e1s presente en nuestros hogares en Francia, \u00a1con una concienciaci\u00f3n creciente por parte de los hogares!\",\"breadcrumb\":{\"@id\":\"https:\\\/\\\/blog.maciterneecolo.fr\\\/es\\\/consumo-ecologico-en-nuestros-hogares-en-francia\\\/#breadcrumb\"},\"inLanguage\":\"es\",\"potentialAction\":[{\"@type\":\"ReadAction\",\"target\":[\"https:\\\/\\\/blog.maciterneecolo.fr\\\/es\\\/consumo-ecologico-en-nuestros-hogares-en-francia\\\/\"]}]},{\"@type\":\"ImageObject\",\"inLanguage\":\"es\",\"@id\":\"https:\\\/\\\/blog.maciterneecolo.fr\\\/es\\\/consumo-ecologico-en-nuestros-hogares-en-francia\\\/#primaryimage\",\"url\":\"https:\\\/\\\/blog.maciterneecolo.fr\\\/wp-content\\\/uploads\\\/2023\\\/02\\\/protection-environnement-ecologie.jpg\",\"contentUrl\":\"https:\\\/\\\/blog.maciterneecolo.fr\\\/wp-content\\\/uploads\\\/2023\\\/02\\\/protection-environnement-ecologie.jpg\",\"width\":1920,\"height\":1280},{\"@type\":\"BreadcrumbList\",\"@id\":\"https:\\\/\\\/blog.maciterneecolo.fr\\\/es\\\/consumo-ecologico-en-nuestros-hogares-en-francia\\\/#breadcrumb\",\"itemListElement\":[{\"@type\":\"ListItem\",\"position\":1,\"name\":\"Accueil\",\"item\":\"https:\\\/\\\/blog.maciterneecolo.fr\\\/es\\\/\"},{\"@type\":\"ListItem\",\"position\":2,\"name\":\"Consumo ecol\u00f3gico en nuestros hogares en Francia\"}]},{\"@type\":\"WebSite\",\"@id\":\"https:\\\/\\\/blog.maciterneecolo.fr\\\/es\\\/#website\",\"url\":\"https:\\\/\\\/blog.maciterneecolo.fr\\\/es\\\/\",\"name\":\"Blog Ma Citerne Ecolo\",\"description\":\"Leader dans le domaine de la citerne souple d&#039;eau de pluie\",\"publisher\":{\"@id\":\"https:\\\/\\\/blog.maciterneecolo.fr\\\/es\\\/#organization\"},\"potentialAction\":[{\"@type\":\"SearchAction\",\"target\":{\"@type\":\"EntryPoint\",\"urlTemplate\":\"https:\\\/\\\/blog.maciterneecolo.fr\\\/es\\\/?s={search_term_string}\"},\"query-input\":{\"@type\":\"PropertyValueSpecification\",\"valueRequired\":true,\"valueName\":\"search_term_string\"}}],\"inLanguage\":\"es\"},{\"@type\":\"Organization\",\"@id\":\"https:\\\/\\\/blog.maciterneecolo.fr\\\/es\\\/#organization\",\"name\":\"Blog Ma Citerne Ecolo\",\"url\":\"https:\\\/\\\/blog.maciterneecolo.fr\\\/es\\\/\",\"logo\":{\"@type\":\"ImageObject\",\"inLanguage\":\"es\",\"@id\":\"https:\\\/\\\/blog.maciterneecolo.fr\\\/es\\\/#\\\/schema\\\/logo\\\/image\\\/\",\"url\":\"https:\\\/\\\/blog.maciterneecolo.fr\\\/wp-content\\\/uploads\\\/2022\\\/12\\\/cropped-favicon-blog.png\",\"contentUrl\":\"https:\\\/\\\/blog.maciterneecolo.fr\\\/wp-content\\\/uploads\\\/2022\\\/12\\\/cropped-favicon-blog.png\",\"width\":512,\"height\":512,\"caption\":\"Blog Ma Citerne Ecolo\"},\"image\":{\"@id\":\"https:\\\/\\\/blog.maciterneecolo.fr\\\/es\\\/#\\\/schema\\\/logo\\\/image\\\/\"}},{\"@type\":\"Person\",\"@id\":\"https:\\\/\\\/blog.maciterneecolo.fr\\\/es\\\/#\\\/schema\\\/person\\\/cfb93b191140c86292f0707edfd4b6fe\",\"name\":\"Lucile\",\"image\":{\"@type\":\"ImageObject\",\"inLanguage\":\"es\",\"@id\":\"https:\\\/\\\/secure.gravatar.com\\\/avatar\\\/3c571ab7761bcc142db76a63f33a2a5ebee8b76990a871c9329e3e6df7ae9f3c?s=96&d=mm&r=g\",\"url\":\"https:\\\/\\\/secure.gravatar.com\\\/avatar\\\/3c571ab7761bcc142db76a63f33a2a5ebee8b76990a871c9329e3e6df7ae9f3c?s=96&d=mm&r=g\",\"contentUrl\":\"https:\\\/\\\/secure.gravatar.com\\\/avatar\\\/3c571ab7761bcc142db76a63f33a2a5ebee8b76990a871c9329e3e6df7ae9f3c?s=96&d=mm&r=g\",\"caption\":\"Lucile\"},\"url\":\"https:\\\/\\\/blog.maciterneecolo.fr\\\/es\\\/author\\\/lucilewerkeyn\\\/\"}]}<\/script>\n<!-- \/ Yoast SEO plugin. -->","yoast_head_json":{"title":"Consumo ecol\u00f3gico en nuestros hogares en Francia","description":"El consumo ecol\u00f3gico est\u00e1 cada vez m\u00e1s presente en nuestros hogares en Francia, \u00a1con una concienciaci\u00f3n creciente por parte de los hogares!","robots":{"index":"index","follow":"follow","max-snippet":"max-snippet:-1","max-image-preview":"max-image-preview:large","max-video-preview":"max-video-preview:-1"},"canonical":"https:\/\/blog.maciterneecolo.fr\/es\/consumo-ecologico-en-nuestros-hogares-en-francia\/","og_locale":"es_ES","og_type":"article","og_title":"Consumo ecol\u00f3gico en nuestros hogares en Francia","og_description":"El consumo ecol\u00f3gico est\u00e1 cada vez m\u00e1s presente en nuestros hogares en Francia, \u00a1con una concienciaci\u00f3n creciente por parte de los hogares!","og_url":"https:\/\/blog.maciterneecolo.fr\/es\/consumo-ecologico-en-nuestros-hogares-en-francia\/","og_site_name":"Blog Ma Citerne Ecolo","article_published_time":"2023-02-02T13:40:56+00:00","article_modified_time":"2023-07-28T11:19:15+00:00","og_image":[{"width":1920,"height":1280,"url":"https:\/\/blog.maciterneecolo.fr\/wp-content\/uploads\/2023\/02\/protection-environnement-ecologie.jpg","type":"image\/jpeg"}],"author":"Lucile","twitter_card":"summary_large_image","twitter_misc":{"Escrito por":"Lucile","Tiempo de lectura":"6 minutos"},"schema":{"@context":"https:\/\/schema.org","@graph":[{"@type":"Article","@id":"https:\/\/blog.maciterneecolo.fr\/es\/consumo-ecologico-en-nuestros-hogares-en-francia\/#article","isPartOf":{"@id":"https:\/\/blog.maciterneecolo.fr\/es\/consumo-ecologico-en-nuestros-hogares-en-francia\/"},"author":{"name":"Lucile","@id":"https:\/\/blog.maciterneecolo.fr\/es\/#\/schema\/person\/cfb93b191140c86292f0707edfd4b6fe"},"headline":"Consumo ecol\u00f3gico en nuestros hogares en Francia","datePublished":"2023-02-02T13:40:56+00:00","dateModified":"2023-07-28T11:19:15+00:00","mainEntityOfPage":{"@id":"https:\/\/blog.maciterneecolo.fr\/es\/consumo-ecologico-en-nuestros-hogares-en-francia\/"},"wordCount":1117,"publisher":{"@id":"https:\/\/blog.maciterneecolo.fr\/es\/#organization"},"image":{"@id":"https:\/\/blog.maciterneecolo.fr\/es\/consumo-ecologico-en-nuestros-hogares-en-francia\/#primaryimage"},"thumbnailUrl":"https:\/\/blog.maciterneecolo.fr\/wp-content\/uploads\/2023\/02\/protection-environnement-ecologie.jpg","keywords":["ecoconsumismo","ecolog\u00eda","protecci\u00f3n del medio ambiente","tanque flexible"],"articleSection":["Todo lo que debe saber sobre la cisterna flexible"],"inLanguage":"es"},{"@type":"WebPage","@id":"https:\/\/blog.maciterneecolo.fr\/es\/consumo-ecologico-en-nuestros-hogares-en-francia\/","url":"https:\/\/blog.maciterneecolo.fr\/es\/consumo-ecologico-en-nuestros-hogares-en-francia\/","name":"Consumo ecol\u00f3gico en nuestros hogares en Francia","isPartOf":{"@id":"https:\/\/blog.maciterneecolo.fr\/es\/#website"},"primaryImageOfPage":{"@id":"https:\/\/blog.maciterneecolo.fr\/es\/consumo-ecologico-en-nuestros-hogares-en-francia\/#primaryimage"},"image":{"@id":"https:\/\/blog.maciterneecolo.fr\/es\/consumo-ecologico-en-nuestros-hogares-en-francia\/#primaryimage"},"thumbnailUrl":"https:\/\/blog.maciterneecolo.fr\/wp-content\/uploads\/2023\/02\/protection-environnement-ecologie.jpg","datePublished":"2023-02-02T13:40:56+00:00","dateModified":"2023-07-28T11:19:15+00:00","description":"El consumo ecol\u00f3gico est\u00e1 cada vez m\u00e1s presente en nuestros hogares en Francia, \u00a1con una concienciaci\u00f3n creciente por parte de los hogares!","breadcrumb":{"@id":"https:\/\/blog.maciterneecolo.fr\/es\/consumo-ecologico-en-nuestros-hogares-en-francia\/#breadcrumb"},"inLanguage":"es","potentialAction":[{"@type":"ReadAction","target":["https:\/\/blog.maciterneecolo.fr\/es\/consumo-ecologico-en-nuestros-hogares-en-francia\/"]}]},{"@type":"ImageObject","inLanguage":"es","@id":"https:\/\/blog.maciterneecolo.fr\/es\/consumo-ecologico-en-nuestros-hogares-en-francia\/#primaryimage","url":"https:\/\/blog.maciterneecolo.fr\/wp-content\/uploads\/2023\/02\/protection-environnement-ecologie.jpg","contentUrl":"https:\/\/blog.maciterneecolo.fr\/wp-content\/uploads\/2023\/02\/protection-environnement-ecologie.jpg","width":1920,"height":1280},{"@type":"BreadcrumbList","@id":"https:\/\/blog.maciterneecolo.fr\/es\/consumo-ecologico-en-nuestros-hogares-en-francia\/#breadcrumb","itemListElement":[{"@type":"ListItem","position":1,"name":"Accueil","item":"https:\/\/blog.maciterneecolo.fr\/es\/"},{"@type":"ListItem","position":2,"name":"Consumo ecol\u00f3gico en nuestros hogares en Francia"}]},{"@type":"WebSite","@id":"https:\/\/blog.maciterneecolo.fr\/es\/#website","url":"https:\/\/blog.maciterneecolo.fr\/es\/","name":"Blog Ma Citerne Ecolo","description":"Leader dans le domaine de la citerne souple d&#039;eau de pluie","publisher":{"@id":"https:\/\/blog.maciterneecolo.fr\/es\/#organization"},"potentialAction":[{"@type":"SearchAction","target":{"@type":"EntryPoint","urlTemplate":"https:\/\/blog.maciterneecolo.fr\/es\/?s={search_term_string}"},"query-input":{"@type":"PropertyValueSpecification","valueRequired":true,"valueName":"search_term_string"}}],"inLanguage":"es"},{"@type":"Organization","@id":"https:\/\/blog.maciterneecolo.fr\/es\/#organization","name":"Blog Ma Citerne Ecolo","url":"https:\/\/blog.maciterneecolo.fr\/es\/","logo":{"@type":"ImageObject","inLanguage":"es","@id":"https:\/\/blog.maciterneecolo.fr\/es\/#\/schema\/logo\/image\/","url":"https:\/\/blog.maciterneecolo.fr\/wp-content\/uploads\/2022\/12\/cropped-favicon-blog.png","contentUrl":"https:\/\/blog.maciterneecolo.fr\/wp-content\/uploads\/2022\/12\/cropped-favicon-blog.png","width":512,"height":512,"caption":"Blog Ma Citerne Ecolo"},"image":{"@id":"https:\/\/blog.maciterneecolo.fr\/es\/#\/schema\/logo\/image\/"}},{"@type":"Person","@id":"https:\/\/blog.maciterneecolo.fr\/es\/#\/schema\/person\/cfb93b191140c86292f0707edfd4b6fe","name":"Lucile","image":{"@type":"ImageObject","inLanguage":"es","@id":"https:\/\/secure.gravatar.com\/avatar\/3c571ab7761bcc142db76a63f33a2a5ebee8b76990a871c9329e3e6df7ae9f3c?s=96&d=mm&r=g","url":"https:\/\/secure.gravatar.com\/avatar\/3c571ab7761bcc142db76a63f33a2a5ebee8b76990a871c9329e3e6df7ae9f3c?s=96&d=mm&r=g","contentUrl":"https:\/\/secure.gravatar.com\/avatar\/3c571ab7761bcc142db76a63f33a2a5ebee8b76990a871c9329e3e6df7ae9f3c?s=96&d=mm&r=g","caption":"Lucile"},"url":"https:\/\/blog.maciterneecolo.fr\/es\/author\/lucilewerkeyn\/"}]}},"_links":{"self":[{"href":"https:\/\/blog.maciterneecolo.fr\/es\/wp-json\/wp\/v2\/posts\/5907","targetHints":{"allow":["GET"]}}],"collection":[{"href":"https:\/\/blog.maciterneecolo.fr\/es\/wp-json\/wp\/v2\/posts"}],"about":[{"href":"https:\/\/blog.maciterneecolo.fr\/es\/wp-json\/wp\/v2\/types\/post"}],"author":[{"embeddable":true,"href":"https:\/\/blog.maciterneecolo.fr\/es\/wp-json\/wp\/v2\/users\/2"}],"replies":[{"embeddable":true,"href":"https:\/\/blog.maciterneecolo.fr\/es\/wp-json\/wp\/v2\/comments?post=5907"}],"version-history":[{"count":6,"href":"https:\/\/blog.maciterneecolo.fr\/es\/wp-json\/wp\/v2\/posts\/5907\/revisions"}],"predecessor-version":[{"id":7696,"href":"https:\/\/blog.maciterneecolo.fr\/es\/wp-json\/wp\/v2\/posts\/5907\/revisions\/7696"}],"wp:featuredmedia":[{"embeddable":true,"href":"https:\/\/blog.maciterneecolo.fr\/es\/wp-json\/wp\/v2\/media\/5879"}],"wp:attachment":[{"href":"https:\/\/blog.maciterneecolo.fr\/es\/wp-json\/wp\/v2\/media?parent=5907"}],"wp:term":[{"taxonomy":"category","embeddable":true,"href":"https:\/\/blog.maciterneecolo.fr\/es\/wp-json\/wp\/v2\/categories?post=5907"},{"taxonomy":"post_tag","embeddable":true,"href":"https:\/\/blog.maciterneecolo.fr\/es\/wp-json\/wp\/v2\/tags?post=5907"}],"curies":[{"name":"wp","href":"https:\/\/api.w.org\/{rel}","templated":true}]}}