{"id":13736,"date":"2025-04-30T09:25:46","date_gmt":"2025-04-30T09:25:46","guid":{"rendered":"https:\/\/blog.maciterneecolo.fr\/?p=13736"},"modified":"2025-03-31T10:11:09","modified_gmt":"2025-03-31T10:11:09","slug":"perche-lacqua-diventera-loro-blu-del-xxi-secolo","status":"publish","type":"post","link":"https:\/\/blog.maciterneecolo.fr\/it\/perche-lacqua-diventera-loro-blu-del-xxi-secolo\/","title":{"rendered":"Perch\u00e9 l&#8217;acqua diventer\u00e0 l&#8217;oro blu del XXI secolo?"},"content":{"rendered":"\n<p>L&#8217;acqua dolce \u00e8 essenziale per la vita. Irriga i nostri campi, alimenta le nostre industrie, riempie i nostri bicchieri e fa parte di ogni momento della nostra vita quotidiana. Eppure \u00e8 sempre pi\u00f9 ambita, distribuita in modo disomogeneo e minacciata dall&#8217;inquinamento, dai cambiamenti climatici e dal consumo eccessivo. Nei prossimi decenni potrebbe diventare la risorsa pi\u00f9 preziosa della Terra. Lo chiamano gi\u00e0 &#8220;oro blu&#8221;.     Perch\u00e9? Come possiamo anticipare questo cambiamento di paradigma?<\/p>\n\n<h2 class=\"wp-block-heading\"><strong><mark style=\"background-color:rgba(0, 0, 0, 0)\" class=\"has-inline-color has-vivid-cyan-blue-color\">Una risorsa vitale sotto pressione<\/mark><\/strong><\/h2>\n\n<h3 class=\"wp-block-heading\"><strong><mark style=\"background-color:rgba(0, 0, 0, 0);color:#3248cb\" class=\"has-inline-color\">Disponibilit\u00e0 naturale molto limitata<\/mark><\/strong><\/h3>\n\n<p>In tutti i continenti, la questione dell&#8217;accesso all&#8217;acqua dolce sta diventando cruciale per la stabilit\u00e0 delle societ\u00e0 umane. I corsi d&#8217;acqua sono colpiti dall&#8217;inquinamento, dallo sfruttamento eccessivo e dall&#8217;invecchiamento delle infrastrutture. Il pianeta non produce pi\u00f9 acqua dolce, ma il fabbisogno aumenta con la crescita della popolazione e la produzione agricola. In molti paesi, la disponibilit\u00e0 di acqua \u00e8 diventata una questione di sicurezza pubblica e di pianificazione strategica. Meno del 3% dell&#8217;acqua mondiale \u00e8 acqua dolce. E solo una minima parte \u00e8 accessibile per i nostri usi domestici, agricoli e industriali. Eppure la domanda \u00e8 in costante aumento: crescita demografica, urbanizzazione, fabbisogno alimentare, ecc.      <\/p>\n\n<p>Questa situazione \u00e8 ancora pi\u00f9 preoccupante se si considera che le risorse idriche rinnovabili pro capite stanno diminuendo rapidamente in molti paesi. In Francia, la pressione sulle acque sotterranee aumenta di anno in anno. Alcuni dipartimenti del sud del paese stanno gi\u00e0 affrontando una parziale carenza di acqua dolce durante i mesi estivi. Il XXI secolo potrebbe vedere l&#8217;emergere di un nuovo tipo di crisi legata alla gestione dell&#8217;acqua.   <\/p>\n\n<h3 class=\"wp-block-heading\"><strong><mark style=\"background-color:rgba(0, 0, 0, 0);color:#3248cb\" class=\"has-inline-color\">Crescente pressione dovuta all&#8217;uso umano<\/mark><\/strong><\/h3>\n\n<p><a href=\"https:\/\/blog.maciterneecolo.fr\/it\/i-tagli-allacqua-stanno-diventando-una-minaccia-reale-capire-le-tensioni-sulle-risorse-idriche\/\">Con la crescente scarsit\u00e0 di risorse, la gestione razionale dell&#8217;acqua sta diventando una questione fondamentale<\/a>. In molti paesi sta crescendo la consapevolezza di questo problema e si stanno introducendo politiche nazionali per migliorare la distribuzione, ridurre le perdite e investire nelle infrastrutture. La produzione di acqua potabile, cos\u00ec come quella legata alle esigenze industriali, sta mettendo a dura prova le riserve. Anche la qualit\u00e0 dell&#8217;acqua \u00e8 in pericolo, con conseguenze dirette sulla salute pubblica e sull&#8217;ambiente. La sfida \u00e8 ormai globale. L&#8217;approvvigionamento, d&#8217;altra parte, \u00e8 stagnante o in calo, a causa della scarsit\u00e0, della siccit\u00e0 e dell&#8217;aumento dell&#8217;evaporazione dovuto all&#8217;aumento delle temperature. Il risultato \u00e8 una crescente pressione sulle risorse idriche, in Francia e altrove. L&#8217;uso dell&#8217;acqua si sta intensificando e l&#8217;agricoltura rappresenta ancora quasi il 70% del consumo globale.       <\/p>\n\n<p>In questo contesto, stanno emergendo conflitti d&#8217;uso tra settori: agroalimentare, industria, autorit\u00e0 locali, privati, ecc. La situazione sta diventando ancora pi\u00f9 critica nelle citt\u00e0 densamente popolate, dove i mezzi tecnici per preservare l&#8217;acqua sono ancora inadeguati. La transizione verso una migliore gestione delle risorse sta quindi diventando una grande sfida politica. <\/p>\n\n<h2 class=\"wp-block-heading\"><strong><mark style=\"background-color:rgba(0, 0, 0, 0)\" class=\"has-inline-color has-vivid-cyan-blue-color\">Il cambiamento climatico come fattore aggravante<\/mark><\/strong><\/h2>\n\n<h3 class=\"wp-block-heading\"><strong><mark style=\"background-color:rgba(0, 0, 0, 0);color:#3248cb\" class=\"has-inline-color\">Cicli sempre pi\u00f9 imprevedibili<\/mark><\/strong><\/h3>\n\n<p>Gli esperti di scienze climatiche avvertono di un aumento della frequenza degli eventi estremi. <a href=\"https:\/\/blog.maciterneecolo.fr\/it\/impatto-del-cambiamento-climatico-sulle-riserve-idriche-globali\/\">Il cambiamento climatico sta causando gravi squilibri nei cicli naturali dell&#8217;acqua<\/a>. In alcuni paesi, l&#8217;acqua sta scomparendo da intere regioni, incidendo profondamente sulle attivit\u00e0 umane. Il legame tra i cambiamenti climatici e i problemi di gestione dell&#8217;acqua non \u00e8 pi\u00f9 oggetto di discussione. Ci\u00f2 accentua l&#8217;effetto dello stress idrico su scala globale. Le stagioni stanno diventando meno prevedibili, le precipitazioni pi\u00f9 irregolari e i fiumi pi\u00f9 intermittenti. Il ciclo dell&#8217;acqua \u00e8 fuori sincrono. Il cambiamento climatico sta amplificando questo effetto, alterando la distribuzione stagionale delle precipitazioni, aumentando l&#8217;evaporazione superficiale e riducendo le riserve disponibili. In Francia, come altrove, i periodi di siccit\u00e0 si allungano, causando crescenti tensioni tra gli utenti.       <\/p>\n\n<h3 class=\"wp-block-heading\"><strong><mark style=\"background-color:rgba(0, 0, 0, 0);color:#3248cb\" class=\"has-inline-color\">Aumentano le restrizioni e i conflitti d&#8217;uso<\/mark><\/strong><\/h3>\n\n<p>I conflitti idrici sono in aumento, anche nei paesi storicamente stabili. In Francia, alcuni comuni stanno gi\u00e0 imponendo restrizioni idriche per diversi mesi. In tutto il mondo, le tensioni stanno aumentando per le principali infrastrutture idriche. Il controllo delle risorse sta diventando una questione strategica per molti governi. Questo fenomeno si sta intensificando poich\u00e9 l&#8217;accesso all&#8217;acqua diventa un fattore chiave per la stabilit\u00e0 economica e sociale dei paesi. In estate, le restrizioni idriche stanno diventando comuni. In alcune regioni si moltiplicano i conflitti per l&#8217;utilizzo dell&#8217;acqua, con agricoltori, autorit\u00e0 locali, privati e industrie che si contendono l&#8217;accesso alla risorsa. Queste tensioni sono gi\u00e0 visibili in Spagna, California e Israele, pioniere nella desalinizzazione e nel riutilizzo delle acque reflue.       <\/p>\n\n<p>Come spiega il geografo Fr\u00e9d\u00e9ric Lasserre, specialista di conflitti legati all&#8217;acqua, queste tensioni locali potrebbero trasformarsi in veri e propri conflitti internazionali se non si intensifica la cooperazione. In questo contesto, l&#8217;acqua sta diventando un&#8217;importante questione geopolitica. <\/p>\n\n<h2 class=\"wp-block-heading\"><strong><mark style=\"background-color:rgba(0, 0, 0, 0)\" class=\"has-inline-color has-vivid-cyan-blue-color\">Disuguaglianza mondiale nell&#8217;accesso all&#8217;acqua<\/mark><\/strong><\/h2>\n\n<h3 class=\"wp-block-heading\"><strong><mark style=\"background-color:rgba(0, 0, 0, 0);color:#3248cb\" class=\"has-inline-color\">Disparit\u00e0 di accesso in tutto il mondo<\/mark><\/strong><\/h3>\n\n<p>Il divario tra Nord e Sud in termini di accesso all&#8217;acqua potabile \u00e8 evidente. Alcuni paesi ricchi beneficiano di servizi pubblici di alto livello, mentre altri faticano a garantire una fornitura minima. Questa disuguaglianza strutturale genera migrazioni, alimenta i conflitti sociali e impedisce uno sviluppo sostenibile. Lo stato di accesso all&#8217;acqua \u00e8 diventato un indicatore del livello di sviluppo di un paese ed \u00e8 ora una questione centrale nei negoziati internazionali sui diritti fondamentali. Secondo le Nazioni Unite, quasi 2 miliardi di persone non hanno accesso all&#8217;acqua potabile. Entro il 2050, pi\u00f9 della met\u00e0 della popolazione mondiale potrebbe vivere in aree soggette a stress idrico. Questa disuguaglianza esiste sia tra i paesi che all&#8217;interno degli stessi. Le popolazioni rurali sono spesso le prime ad essere colpite.       <\/p>\n\n<p>L&#8217;accesso all&#8217;acqua \u00e8 anche una questione di diritti. In molti paesi, i cittadini non dispongono di un servizio pubblico che garantisca un&#8217;equa distribuzione dell&#8217;acqua. A Parigi e in altre grandi citt\u00e0 europee sono stati introdotti modelli di gestione pubblica basati sul principio dell&#8217;accesso universale. Altrove, le multinazionali hanno assunto il controllo della risorsa, con effetti molto diversi a seconda del contesto.   <\/p>\n\n<h3 class=\"wp-block-heading\"><strong><mark style=\"background-color:rgba(0, 0, 0, 0);color:#3248cb\" class=\"has-inline-color\">L&#8217;acqua come questione geopolitica<\/mark><\/strong><\/h3>\n\n<p>Gli Stati stanno iniziando ad anticipare la futura scarsit\u00e0 d&#8217;acqua, rafforzando il loro controllo sulle fonti disponibili. Il Nilo, il Tigri, l&#8217;Eufrate e il Giordano sono diventati aree di tensione in cui le relazioni internazionali sono sempre pi\u00f9 tese. La diplomazia dell&#8217;acqua \u00e8 in aumento e combina interessi strategici, economici e umanitari. Le istituzioni internazionali sono sempre pi\u00f9 chiamate a creare meccanismi di cooperazione per evitare le guerre dell&#8217;acqua nel XXI secolo. Se l&#8217;acqua scarseggia, diventa costosa, strategica e persino fonte di tensioni geopolitiche. Diversi paesi hanno gi\u00e0 intrapreso politiche di riserva dell&#8217;acqua, di acquisto dei diritti idrici o addirittura di privatizzazione. In alcune regioni dell&#8217;Africa, dell&#8217;Asia e del Medio Oriente, stiamo gi\u00e0 assistendo a tensioni tra Stati per il controllo dei principali fiumi o delle falde acquifere transfrontaliere.      <\/p>\n\n<p>La gestione delle acque transfrontaliere \u00e8 una sfida per la cooperazione internazionale. I trattati esistono, ma la loro applicazione rimane fragile. Nel XXI secolo, l&#8217;acqua potrebbe essere come il petrolio nel XX: un fattore di influenza, una leva di potere, persino un motivo di guerra.  <\/p>\n\n<h2 class=\"wp-block-heading\"><strong><mark style=\"background-color:rgba(0, 0, 0, 0)\" class=\"has-inline-color has-vivid-cyan-blue-color\">Una risorsa da proteggere, valorizzare e condividere<\/mark><\/strong><\/h2>\n\n<h3 class=\"wp-block-heading\"><strong><mark style=\"background-color:rgba(0, 0, 0, 0);color:#3248cb\" class=\"has-inline-color\">Soluzioni locali gi\u00e0 attive<\/mark><\/strong><\/h3>\n\n<p>In molte regioni, gli esperimenti locali stanno dimostrando che \u00e8 possibile agire in modo efficace per preservare l&#8217;acqua. Le autorit\u00e0 locali, le associazioni e le imprese stanno sviluppando sistemi economici, innovativi e riproducibili. Anche l&#8217;educazione all&#8217;uso corretto dell&#8217;acqua sta diventando una leva potente. L&#8217;approccio territoriale consente di adattare le soluzioni alle circostanze locali, coinvolgendo i cittadini nella gestione condivisa di questa risorsa vitale per il pianeta. Di fronte a questa urgente necessit\u00e0, le iniziative locali si stanno moltiplicando: <a href=\"https:\/\/www.maciterneecolo.fr\/fr\/3-citernes-souples\">raccolta dell&#8217;acqua piovana<\/a>, riduzione delle perdite, sensibilizzazione al consumo di acqua, agricoltura meno idrovora. Citt\u00e0 come Parigi e Montpellier stanno investendo nella modernizzazione delle loro reti per limitare le perdite e garantire la qualit\u00e0 dell&#8217;acqua distribuita.     <\/p>\n\n<h3 class=\"wp-block-heading\"><strong><mark style=\"background-color:rgba(0, 0, 0, 0);color:#3248cb\" class=\"has-inline-color\">Il ruolo dei serbatoi flessibili nella transizione<\/mark><\/strong><\/h3>\n\n<p>Sia che vengano utilizzate su larga scala o in progetti individuali, le cisterne flessibili contribuiscono alla gestione intelligente dell&#8217;acqua non potabile. Permettono di soddisfare le esigenze domestiche senza aumentare la pressione sulle reti pubbliche. Questo sistema \u00e8 particolarmente importante nelle aree rurali e nelle regioni soggette a ripetuti stress idrici. La facilit\u00e0 di installazione e la redditivit\u00e0 a lungo termine fanno s\u00ec che vengano sempre pi\u00f9 spesso inserite nei piani di transizione ecologica. Le cisterne flessibili, ad esempio, possono essere utilizzate per immagazzinare l&#8217;acqua piovana per uso domestico o comunitario. In tempi di siccit\u00e0, offrono un&#8217;alternativa affidabile, economica e facile da usare. In Francia, un numero sempre maggiore di famiglie si sta attrezzando per garantire il proprio approvvigionamento di acqua non potabile, riducendo cos\u00ec la propria dipendenza dai servizi pubblici.      <\/p>\n\n<h3 class=\"wp-block-heading\"><strong><mark style=\"background-color:rgba(0, 0, 0, 0);color:#3248cb\" class=\"has-inline-color\">Gesti accessibili a tutti<\/mark><\/strong><\/h3>\n\n<p><a href=\"https:\/\/blog.maciterneecolo.fr\/it\/come-possiamo-ridurre-la-nostra-dipendenza-dallacqua-potabile\/\">Anche a livello individuale, tutti possono contribuire a preservare l&#8217;acqua.<\/a>  Dotare la tua casa di aeratori, monitorare i tuoi consumi, evitare gli sprechi e riutilizzare le acque grigie sono tutte azioni semplici da compiere. Questi sforzi collettivi hanno un reale effetto cumulativo. Servono a ricordarci che l&#8217;acqua, sebbene libera nella sua forma naturale, ha un costo di produzione elevato e merita un&#8217;attenzione costante nel nostro stile di vita. Anche i singoli individui possono agire: facendo docce pi\u00f9 brevi, utilizzando sistemi eco-responsabili, scegliendo prodotti che rispettano la risorsa o semplicemente non sprecando acqua. L&#8217;acqua non deve pi\u00f9 essere vista come una risorsa inesauribile. \u00c8 preziosa e fragile e preservarla richiede azioni quotidiane.     <\/p>\n\n<h2 class=\"wp-block-heading\"><strong><mark style=\"background-color:rgba(0, 0, 0, 0)\" class=\"has-inline-color has-vivid-cyan-blue-color\">Verso un piano d&#8217;azione globale<\/mark><\/strong><\/h2>\n\n<p>L&#8217;acqua dolce, a lungo data per scontata, sta rapidamente diventando un problema globale di primaria importanza. Come il petrolio ieri, ora sta plasmando le politiche, i territori e i nostri stili di vita. L&#8217;oro blu non \u00e8 un mito: \u00e8 gi\u00e0 una realt\u00e0 per milioni di persone.  <\/p>\n\n<p>Al centro dello sviluppo umano, l&#8217;acqua merita una governance equa, sostenibile e condivisa. La Francia e gli altri Paesi devono fare la loro parte nella cooperazione internazionale per garantire il diritto all&#8217;acqua per tutti. La scienza, la politica e le risorse tecniche esistono: ci\u00f2 di cui abbiamo bisogno ora \u00e8 un piano d&#8217;azione veramente globale. Perch\u00e9 il futuro si giocher\u00e0 anche al rubinetto.   <\/p>\n","protected":false},"excerpt":{"rendered":"<p>L&#8217;acqua dolce \u00e8 essenziale per la vita. Irriga i nostri campi, alimenta le nostre industrie, riempie i nostri bicchieri e fa parte di ogni momento della nostra vita quotidiana. Eppure \u00e8 sempre pi\u00f9 ambita, distribuita in modo disomogeneo e minacciata dall&#8217;inquinamento, dai cambiamenti climatici e dal consumo eccessivo. Nei prossimi decenni potrebbe diventare la risorsa [&hellip;]<\/p>\n","protected":false},"author":4,"featured_media":13724,"comment_status":"open","ping_status":"closed","sticky":false,"template":"","format":"standard","meta":{"inline_featured_image":false,"footnotes":""},"categories":[2621,84],"tags":[64,2693],"class_list":["post-13736","post","type-post","status-publish","format-standard","has-post-thumbnail","hentry","category-gestione-dellacqua","category-serbatoi-flessibili","tag-acqua-piovana","tag-gestione-dellacqua"],"yoast_head":"<!-- This site is optimized with the Yoast SEO plugin v27.5 - https:\/\/yoast.com\/product\/yoast-seo-wordpress\/ -->\n<title>Perch\u00e9 l&#039;acqua diventer\u00e0 l&#039;oro blu del XXI secolo? - Blog Ma Citerne Ecolo<\/title>\n<meta name=\"description\" content=\"Scopri perch\u00e9 l&#039;oro blu \u00e8 al centro delle questioni climatiche, politiche e geopolitiche del XXI secolo.\" \/>\n<meta name=\"robots\" content=\"index, follow, max-snippet:-1, max-image-preview:large, max-video-preview:-1\" \/>\n<link rel=\"canonical\" href=\"https:\/\/blog.maciterneecolo.fr\/it\/perche-lacqua-diventera-loro-blu-del-xxi-secolo\/\" \/>\n<meta property=\"og:locale\" content=\"it_IT\" \/>\n<meta property=\"og:type\" content=\"article\" \/>\n<meta property=\"og:title\" content=\"Perch\u00e9 l&#039;acqua diventer\u00e0 l&#039;oro blu del XXI secolo? - Blog Ma Citerne Ecolo\" \/>\n<meta property=\"og:description\" content=\"Scopri perch\u00e9 l&#039;oro blu \u00e8 al centro delle questioni climatiche, politiche e geopolitiche del XXI secolo.\" \/>\n<meta property=\"og:url\" content=\"https:\/\/blog.maciterneecolo.fr\/it\/perche-lacqua-diventera-loro-blu-del-xxi-secolo\/\" \/>\n<meta property=\"og:site_name\" content=\"Blog Ma Citerne Ecolo\" \/>\n<meta property=\"article:published_time\" content=\"2025-04-30T09:25:46+00:00\" \/>\n<meta property=\"og:image\" content=\"https:\/\/blog.maciterneecolo.fr\/wp-content\/uploads\/2025\/03\/gold-4333047_1280.jpg\" \/>\n\t<meta property=\"og:image:width\" content=\"1280\" \/>\n\t<meta property=\"og:image:height\" content=\"721\" \/>\n\t<meta property=\"og:image:type\" content=\"image\/jpeg\" \/>\n<meta name=\"author\" content=\"B\u00e9n\u00e9dicte Rebolloso\" \/>\n<meta name=\"twitter:card\" content=\"summary_large_image\" \/>\n<meta name=\"twitter:label1\" content=\"Scritto da\" \/>\n\t<meta name=\"twitter:data1\" content=\"B\u00e9n\u00e9dicte Rebolloso\" \/>\n\t<meta name=\"twitter:label2\" content=\"Tempo di lettura stimato\" \/>\n\t<meta name=\"twitter:data2\" content=\"8 minuti\" \/>\n<script type=\"application\/ld+json\" class=\"yoast-schema-graph\">{\"@context\":\"https:\\\/\\\/schema.org\",\"@graph\":[{\"@type\":\"Article\",\"@id\":\"https:\\\/\\\/blog.maciterneecolo.fr\\\/it\\\/perche-lacqua-diventera-loro-blu-del-xxi-secolo\\\/#article\",\"isPartOf\":{\"@id\":\"https:\\\/\\\/blog.maciterneecolo.fr\\\/it\\\/perche-lacqua-diventera-loro-blu-del-xxi-secolo\\\/\"},\"author\":{\"name\":\"B\u00e9n\u00e9dicte Rebolloso\",\"@id\":\"https:\\\/\\\/blog.maciterneecolo.fr\\\/it\\\/#\\\/schema\\\/person\\\/fe50d00b4e639107698e1ddead236943\"},\"headline\":\"Perch\u00e9 l&#8217;acqua diventer\u00e0 l&#8217;oro blu del XXI secolo?\",\"datePublished\":\"2025-04-30T09:25:46+00:00\",\"mainEntityOfPage\":{\"@id\":\"https:\\\/\\\/blog.maciterneecolo.fr\\\/it\\\/perche-lacqua-diventera-loro-blu-del-xxi-secolo\\\/\"},\"wordCount\":1668,\"commentCount\":0,\"publisher\":{\"@id\":\"https:\\\/\\\/blog.maciterneecolo.fr\\\/it\\\/#organization\"},\"image\":{\"@id\":\"https:\\\/\\\/blog.maciterneecolo.fr\\\/it\\\/perche-lacqua-diventera-loro-blu-del-xxi-secolo\\\/#primaryimage\"},\"thumbnailUrl\":\"https:\\\/\\\/blog.maciterneecolo.fr\\\/wp-content\\\/uploads\\\/2025\\\/03\\\/gold-4333047_1280.jpg\",\"keywords\":[\"acqua piovana\",\"gestione dell'acqua\"],\"articleSection\":[\"Gestione dell'acqua\",\"Serbatoi flessibili\"],\"inLanguage\":\"it-IT\",\"potentialAction\":[{\"@type\":\"CommentAction\",\"name\":\"Comment\",\"target\":[\"https:\\\/\\\/blog.maciterneecolo.fr\\\/it\\\/perche-lacqua-diventera-loro-blu-del-xxi-secolo\\\/#respond\"]}]},{\"@type\":\"WebPage\",\"@id\":\"https:\\\/\\\/blog.maciterneecolo.fr\\\/it\\\/perche-lacqua-diventera-loro-blu-del-xxi-secolo\\\/\",\"url\":\"https:\\\/\\\/blog.maciterneecolo.fr\\\/it\\\/perche-lacqua-diventera-loro-blu-del-xxi-secolo\\\/\",\"name\":\"Perch\u00e9 l'acqua diventer\u00e0 l'oro blu del XXI secolo? - Blog Ma Citerne Ecolo\",\"isPartOf\":{\"@id\":\"https:\\\/\\\/blog.maciterneecolo.fr\\\/it\\\/#website\"},\"primaryImageOfPage\":{\"@id\":\"https:\\\/\\\/blog.maciterneecolo.fr\\\/it\\\/perche-lacqua-diventera-loro-blu-del-xxi-secolo\\\/#primaryimage\"},\"image\":{\"@id\":\"https:\\\/\\\/blog.maciterneecolo.fr\\\/it\\\/perche-lacqua-diventera-loro-blu-del-xxi-secolo\\\/#primaryimage\"},\"thumbnailUrl\":\"https:\\\/\\\/blog.maciterneecolo.fr\\\/wp-content\\\/uploads\\\/2025\\\/03\\\/gold-4333047_1280.jpg\",\"datePublished\":\"2025-04-30T09:25:46+00:00\",\"description\":\"Scopri perch\u00e9 l'oro blu \u00e8 al centro delle questioni climatiche, politiche e geopolitiche del XXI secolo.\",\"breadcrumb\":{\"@id\":\"https:\\\/\\\/blog.maciterneecolo.fr\\\/it\\\/perche-lacqua-diventera-loro-blu-del-xxi-secolo\\\/#breadcrumb\"},\"inLanguage\":\"it-IT\",\"potentialAction\":[{\"@type\":\"ReadAction\",\"target\":[\"https:\\\/\\\/blog.maciterneecolo.fr\\\/it\\\/perche-lacqua-diventera-loro-blu-del-xxi-secolo\\\/\"]}]},{\"@type\":\"ImageObject\",\"inLanguage\":\"it-IT\",\"@id\":\"https:\\\/\\\/blog.maciterneecolo.fr\\\/it\\\/perche-lacqua-diventera-loro-blu-del-xxi-secolo\\\/#primaryimage\",\"url\":\"https:\\\/\\\/blog.maciterneecolo.fr\\\/wp-content\\\/uploads\\\/2025\\\/03\\\/gold-4333047_1280.jpg\",\"contentUrl\":\"https:\\\/\\\/blog.maciterneecolo.fr\\\/wp-content\\\/uploads\\\/2025\\\/03\\\/gold-4333047_1280.jpg\",\"width\":1280,\"height\":721},{\"@type\":\"BreadcrumbList\",\"@id\":\"https:\\\/\\\/blog.maciterneecolo.fr\\\/it\\\/perche-lacqua-diventera-loro-blu-del-xxi-secolo\\\/#breadcrumb\",\"itemListElement\":[{\"@type\":\"ListItem\",\"position\":1,\"name\":\"Accueil\",\"item\":\"https:\\\/\\\/blog.maciterneecolo.fr\\\/it\\\/\"},{\"@type\":\"ListItem\",\"position\":2,\"name\":\"Perch\u00e9 l&rsquo;acqua diventer\u00e0 l&rsquo;oro blu del XXI secolo?\"}]},{\"@type\":\"WebSite\",\"@id\":\"https:\\\/\\\/blog.maciterneecolo.fr\\\/it\\\/#website\",\"url\":\"https:\\\/\\\/blog.maciterneecolo.fr\\\/it\\\/\",\"name\":\"Blog Ma Citerne Ecolo\",\"description\":\"Leader dans le domaine de la citerne souple d&#039;eau de pluie\",\"publisher\":{\"@id\":\"https:\\\/\\\/blog.maciterneecolo.fr\\\/it\\\/#organization\"},\"potentialAction\":[{\"@type\":\"SearchAction\",\"target\":{\"@type\":\"EntryPoint\",\"urlTemplate\":\"https:\\\/\\\/blog.maciterneecolo.fr\\\/it\\\/?s={search_term_string}\"},\"query-input\":{\"@type\":\"PropertyValueSpecification\",\"valueRequired\":true,\"valueName\":\"search_term_string\"}}],\"inLanguage\":\"it-IT\"},{\"@type\":\"Organization\",\"@id\":\"https:\\\/\\\/blog.maciterneecolo.fr\\\/it\\\/#organization\",\"name\":\"Blog Ma Citerne Ecolo\",\"url\":\"https:\\\/\\\/blog.maciterneecolo.fr\\\/it\\\/\",\"logo\":{\"@type\":\"ImageObject\",\"inLanguage\":\"it-IT\",\"@id\":\"https:\\\/\\\/blog.maciterneecolo.fr\\\/it\\\/#\\\/schema\\\/logo\\\/image\\\/\",\"url\":\"https:\\\/\\\/blog.maciterneecolo.fr\\\/wp-content\\\/uploads\\\/2022\\\/12\\\/cropped-favicon-blog.png\",\"contentUrl\":\"https:\\\/\\\/blog.maciterneecolo.fr\\\/wp-content\\\/uploads\\\/2022\\\/12\\\/cropped-favicon-blog.png\",\"width\":512,\"height\":512,\"caption\":\"Blog Ma Citerne Ecolo\"},\"image\":{\"@id\":\"https:\\\/\\\/blog.maciterneecolo.fr\\\/it\\\/#\\\/schema\\\/logo\\\/image\\\/\"}},{\"@type\":\"Person\",\"@id\":\"https:\\\/\\\/blog.maciterneecolo.fr\\\/it\\\/#\\\/schema\\\/person\\\/fe50d00b4e639107698e1ddead236943\",\"name\":\"B\u00e9n\u00e9dicte Rebolloso\",\"image\":{\"@type\":\"ImageObject\",\"inLanguage\":\"it-IT\",\"@id\":\"https:\\\/\\\/secure.gravatar.com\\\/avatar\\\/ffa759db2a4d8ebb52a58b89d3dc2a9f0395a5122bb839045a145d6585de1126?s=96&d=mm&r=g\",\"url\":\"https:\\\/\\\/secure.gravatar.com\\\/avatar\\\/ffa759db2a4d8ebb52a58b89d3dc2a9f0395a5122bb839045a145d6585de1126?s=96&d=mm&r=g\",\"contentUrl\":\"https:\\\/\\\/secure.gravatar.com\\\/avatar\\\/ffa759db2a4d8ebb52a58b89d3dc2a9f0395a5122bb839045a145d6585de1126?s=96&d=mm&r=g\",\"caption\":\"B\u00e9n\u00e9dicte Rebolloso\"},\"url\":\"https:\\\/\\\/blog.maciterneecolo.fr\\\/it\\\/author\\\/benedicterebolloso\\\/\"}]}<\/script>\n<!-- \/ Yoast SEO plugin. -->","yoast_head_json":{"title":"Perch\u00e9 l'acqua diventer\u00e0 l'oro blu del XXI secolo? - Blog Ma Citerne Ecolo","description":"Scopri perch\u00e9 l'oro blu \u00e8 al centro delle questioni climatiche, politiche e geopolitiche del XXI secolo.","robots":{"index":"index","follow":"follow","max-snippet":"max-snippet:-1","max-image-preview":"max-image-preview:large","max-video-preview":"max-video-preview:-1"},"canonical":"https:\/\/blog.maciterneecolo.fr\/it\/perche-lacqua-diventera-loro-blu-del-xxi-secolo\/","og_locale":"it_IT","og_type":"article","og_title":"Perch\u00e9 l'acqua diventer\u00e0 l'oro blu del XXI secolo? - Blog Ma Citerne Ecolo","og_description":"Scopri perch\u00e9 l'oro blu \u00e8 al centro delle questioni climatiche, politiche e geopolitiche del XXI secolo.","og_url":"https:\/\/blog.maciterneecolo.fr\/it\/perche-lacqua-diventera-loro-blu-del-xxi-secolo\/","og_site_name":"Blog Ma Citerne Ecolo","article_published_time":"2025-04-30T09:25:46+00:00","og_image":[{"width":1280,"height":721,"url":"https:\/\/blog.maciterneecolo.fr\/wp-content\/uploads\/2025\/03\/gold-4333047_1280.jpg","type":"image\/jpeg"}],"author":"B\u00e9n\u00e9dicte Rebolloso","twitter_card":"summary_large_image","twitter_misc":{"Scritto da":"B\u00e9n\u00e9dicte Rebolloso","Tempo di lettura stimato":"8 minuti"},"schema":{"@context":"https:\/\/schema.org","@graph":[{"@type":"Article","@id":"https:\/\/blog.maciterneecolo.fr\/it\/perche-lacqua-diventera-loro-blu-del-xxi-secolo\/#article","isPartOf":{"@id":"https:\/\/blog.maciterneecolo.fr\/it\/perche-lacqua-diventera-loro-blu-del-xxi-secolo\/"},"author":{"name":"B\u00e9n\u00e9dicte Rebolloso","@id":"https:\/\/blog.maciterneecolo.fr\/it\/#\/schema\/person\/fe50d00b4e639107698e1ddead236943"},"headline":"Perch\u00e9 l&#8217;acqua diventer\u00e0 l&#8217;oro blu del XXI secolo?","datePublished":"2025-04-30T09:25:46+00:00","mainEntityOfPage":{"@id":"https:\/\/blog.maciterneecolo.fr\/it\/perche-lacqua-diventera-loro-blu-del-xxi-secolo\/"},"wordCount":1668,"commentCount":0,"publisher":{"@id":"https:\/\/blog.maciterneecolo.fr\/it\/#organization"},"image":{"@id":"https:\/\/blog.maciterneecolo.fr\/it\/perche-lacqua-diventera-loro-blu-del-xxi-secolo\/#primaryimage"},"thumbnailUrl":"https:\/\/blog.maciterneecolo.fr\/wp-content\/uploads\/2025\/03\/gold-4333047_1280.jpg","keywords":["acqua piovana","gestione dell'acqua"],"articleSection":["Gestione dell'acqua","Serbatoi flessibili"],"inLanguage":"it-IT","potentialAction":[{"@type":"CommentAction","name":"Comment","target":["https:\/\/blog.maciterneecolo.fr\/it\/perche-lacqua-diventera-loro-blu-del-xxi-secolo\/#respond"]}]},{"@type":"WebPage","@id":"https:\/\/blog.maciterneecolo.fr\/it\/perche-lacqua-diventera-loro-blu-del-xxi-secolo\/","url":"https:\/\/blog.maciterneecolo.fr\/it\/perche-lacqua-diventera-loro-blu-del-xxi-secolo\/","name":"Perch\u00e9 l'acqua diventer\u00e0 l'oro blu del XXI secolo? - Blog Ma Citerne Ecolo","isPartOf":{"@id":"https:\/\/blog.maciterneecolo.fr\/it\/#website"},"primaryImageOfPage":{"@id":"https:\/\/blog.maciterneecolo.fr\/it\/perche-lacqua-diventera-loro-blu-del-xxi-secolo\/#primaryimage"},"image":{"@id":"https:\/\/blog.maciterneecolo.fr\/it\/perche-lacqua-diventera-loro-blu-del-xxi-secolo\/#primaryimage"},"thumbnailUrl":"https:\/\/blog.maciterneecolo.fr\/wp-content\/uploads\/2025\/03\/gold-4333047_1280.jpg","datePublished":"2025-04-30T09:25:46+00:00","description":"Scopri perch\u00e9 l'oro blu \u00e8 al centro delle questioni climatiche, politiche e geopolitiche del XXI secolo.","breadcrumb":{"@id":"https:\/\/blog.maciterneecolo.fr\/it\/perche-lacqua-diventera-loro-blu-del-xxi-secolo\/#breadcrumb"},"inLanguage":"it-IT","potentialAction":[{"@type":"ReadAction","target":["https:\/\/blog.maciterneecolo.fr\/it\/perche-lacqua-diventera-loro-blu-del-xxi-secolo\/"]}]},{"@type":"ImageObject","inLanguage":"it-IT","@id":"https:\/\/blog.maciterneecolo.fr\/it\/perche-lacqua-diventera-loro-blu-del-xxi-secolo\/#primaryimage","url":"https:\/\/blog.maciterneecolo.fr\/wp-content\/uploads\/2025\/03\/gold-4333047_1280.jpg","contentUrl":"https:\/\/blog.maciterneecolo.fr\/wp-content\/uploads\/2025\/03\/gold-4333047_1280.jpg","width":1280,"height":721},{"@type":"BreadcrumbList","@id":"https:\/\/blog.maciterneecolo.fr\/it\/perche-lacqua-diventera-loro-blu-del-xxi-secolo\/#breadcrumb","itemListElement":[{"@type":"ListItem","position":1,"name":"Accueil","item":"https:\/\/blog.maciterneecolo.fr\/it\/"},{"@type":"ListItem","position":2,"name":"Perch\u00e9 l&rsquo;acqua diventer\u00e0 l&rsquo;oro blu del XXI secolo?"}]},{"@type":"WebSite","@id":"https:\/\/blog.maciterneecolo.fr\/it\/#website","url":"https:\/\/blog.maciterneecolo.fr\/it\/","name":"Blog Ma Citerne Ecolo","description":"Leader dans le domaine de la citerne souple d&#039;eau de pluie","publisher":{"@id":"https:\/\/blog.maciterneecolo.fr\/it\/#organization"},"potentialAction":[{"@type":"SearchAction","target":{"@type":"EntryPoint","urlTemplate":"https:\/\/blog.maciterneecolo.fr\/it\/?s={search_term_string}"},"query-input":{"@type":"PropertyValueSpecification","valueRequired":true,"valueName":"search_term_string"}}],"inLanguage":"it-IT"},{"@type":"Organization","@id":"https:\/\/blog.maciterneecolo.fr\/it\/#organization","name":"Blog Ma Citerne Ecolo","url":"https:\/\/blog.maciterneecolo.fr\/it\/","logo":{"@type":"ImageObject","inLanguage":"it-IT","@id":"https:\/\/blog.maciterneecolo.fr\/it\/#\/schema\/logo\/image\/","url":"https:\/\/blog.maciterneecolo.fr\/wp-content\/uploads\/2022\/12\/cropped-favicon-blog.png","contentUrl":"https:\/\/blog.maciterneecolo.fr\/wp-content\/uploads\/2022\/12\/cropped-favicon-blog.png","width":512,"height":512,"caption":"Blog Ma Citerne Ecolo"},"image":{"@id":"https:\/\/blog.maciterneecolo.fr\/it\/#\/schema\/logo\/image\/"}},{"@type":"Person","@id":"https:\/\/blog.maciterneecolo.fr\/it\/#\/schema\/person\/fe50d00b4e639107698e1ddead236943","name":"B\u00e9n\u00e9dicte Rebolloso","image":{"@type":"ImageObject","inLanguage":"it-IT","@id":"https:\/\/secure.gravatar.com\/avatar\/ffa759db2a4d8ebb52a58b89d3dc2a9f0395a5122bb839045a145d6585de1126?s=96&d=mm&r=g","url":"https:\/\/secure.gravatar.com\/avatar\/ffa759db2a4d8ebb52a58b89d3dc2a9f0395a5122bb839045a145d6585de1126?s=96&d=mm&r=g","contentUrl":"https:\/\/secure.gravatar.com\/avatar\/ffa759db2a4d8ebb52a58b89d3dc2a9f0395a5122bb839045a145d6585de1126?s=96&d=mm&r=g","caption":"B\u00e9n\u00e9dicte Rebolloso"},"url":"https:\/\/blog.maciterneecolo.fr\/it\/author\/benedicterebolloso\/"}]}},"_links":{"self":[{"href":"https:\/\/blog.maciterneecolo.fr\/it\/wp-json\/wp\/v2\/posts\/13736","targetHints":{"allow":["GET"]}}],"collection":[{"href":"https:\/\/blog.maciterneecolo.fr\/it\/wp-json\/wp\/v2\/posts"}],"about":[{"href":"https:\/\/blog.maciterneecolo.fr\/it\/wp-json\/wp\/v2\/types\/post"}],"author":[{"embeddable":true,"href":"https:\/\/blog.maciterneecolo.fr\/it\/wp-json\/wp\/v2\/users\/4"}],"replies":[{"embeddable":true,"href":"https:\/\/blog.maciterneecolo.fr\/it\/wp-json\/wp\/v2\/comments?post=13736"}],"version-history":[{"count":1,"href":"https:\/\/blog.maciterneecolo.fr\/it\/wp-json\/wp\/v2\/posts\/13736\/revisions"}],"predecessor-version":[{"id":13738,"href":"https:\/\/blog.maciterneecolo.fr\/it\/wp-json\/wp\/v2\/posts\/13736\/revisions\/13738"}],"wp:featuredmedia":[{"embeddable":true,"href":"https:\/\/blog.maciterneecolo.fr\/it\/wp-json\/wp\/v2\/media\/13724"}],"wp:attachment":[{"href":"https:\/\/blog.maciterneecolo.fr\/it\/wp-json\/wp\/v2\/media?parent=13736"}],"wp:term":[{"taxonomy":"category","embeddable":true,"href":"https:\/\/blog.maciterneecolo.fr\/it\/wp-json\/wp\/v2\/categories?post=13736"},{"taxonomy":"post_tag","embeddable":true,"href":"https:\/\/blog.maciterneecolo.fr\/it\/wp-json\/wp\/v2\/tags?post=13736"}],"curies":[{"name":"wp","href":"https:\/\/api.w.org\/{rel}","templated":true}]}}