{"id":14061,"date":"2025-07-22T12:00:00","date_gmt":"2025-07-22T12:00:00","guid":{"rendered":"https:\/\/blog.maciterneecolo.fr\/?p=14061"},"modified":"2025-04-07T13:15:40","modified_gmt":"2025-04-07T13:15:40","slug":"possiamo-ancora-evitare-una-carenza-idrica-diffusa-in-francia","status":"publish","type":"post","link":"https:\/\/blog.maciterneecolo.fr\/it\/possiamo-ancora-evitare-una-carenza-idrica-diffusa-in-francia\/","title":{"rendered":"Possiamo ancora evitare una carenza idrica diffusa in Francia?"},"content":{"rendered":"\n<p>La Francia sta affrontando una nuova realt\u00e0: l&#8217;acqua, una risorsa vitale un tempo abbondante e potabile, \u00e8 ora sotto pressione. La causa? I cambiamenti climatici, il consumo eccessivo, talvolta la cattiva gestione e i crescenti rischi associati alla scarsit\u00e0 diffusa.  <\/p>\n\n<p>Molti paesi stanno gi\u00e0 subendo le drammatiche conseguenze della crescente scarsit\u00e0 di acqua dolce. Il mondo sta entrando in un&#8217;epoca in cui ogni goccia conta. E la Francia, con la sua ricchezza di fiumi, laghi e falde acquifere, non \u00e8 pi\u00f9 risparmiata.  <\/p>\n\n<p>Possiamo ancora evitare il disastro? S\u00ec, se agiamo immediatamente per preservare il nostro ambiente, adattare i nostri usi, modernizzare le nostre infrastrutture e rendere l&#8217;acqua una priorit\u00e0 nazionale. <\/p>\n\n<h2 class=\"wp-block-heading\"><mark style=\"background-color:rgba(0, 0, 0, 0)\" class=\"has-inline-color has-vivid-cyan-blue-color\">Perch\u00e9 c&#8217;\u00e8 il rischio concreto di una carenza d&#8217;acqua in Francia<\/mark><\/h2>\n\n<h3 class=\"wp-block-heading\"><mark style=\"background-color:rgba(0, 0, 0, 0);color:#2456ee\" class=\"has-inline-color\">Un ciclo dell&#8217;acqua sconvolto dal cambiamento climatico<\/mark><\/h3>\n\n<p>Il ciclo dell&#8217;acqua sta andando fuori controllo. Il riscaldamento globale sta portando a siccit\u00e0 pi\u00f9 lunghe, precipitazioni meno frequenti ed evaporazione pi\u00f9 rapida. Di conseguenza, le falde acquifere non vengono pi\u00f9 ricaricate a sufficienza.  <\/p>\n\n<p>In Francia, i livelli idrici stanno raggiungendo livelli allarmanti in diverse regioni, in particolare nel sud-est, nel sud-ovest e in parte dell&#8217;ovest. Nel 2023, pi\u00f9 di 90 dipartimenti sono stati sottoposti a restrizioni sull&#8217;uso dell&#8217;acqua. <\/p>\n\n<p>I laghi sono ai minimi termini, i fiumi sono fragili e le aree rurali e urbane sono preoccupate per il loro futuro. Questa situazione pu\u00f2 essere spiegata da una combinazione di siccit\u00e0 successive e uso intensivo, ma anche da una gestione ancora troppo frammentata. <\/p>\n\n<h3 class=\"wp-block-heading\"><mark style=\"background-color:rgba(0, 0, 0, 0);color:#2456ee\" class=\"has-inline-color\">Consumi troppo elevati e mal distribuiti<\/mark><\/h3>\n\n<p>L&#8217;agricoltura \u00e8 responsabile di quasi il 45% del consumo di acqua in Francia, in particolare per l&#8217;irrigazione di colture avide di acqua come il mais. E queste colture vengono talvolta coltivate in aree gi\u00e0 sotto pressione. <\/p>\n\n<p>Allo stesso tempo, la popolazione francese cresce, aumentando la domanda di acqua potabile e impermeabilizzando il terreno, impedendo l&#8217;infiltrazione naturale nelle falde acquifere. Allo stesso tempo, le<a href=\"https:\/\/blog.maciterneecolo.fr\/it\/raccolta-dellacqua-piovana-una-soluzione-alle-perdite-idriche-urbane\/\"> reti idriche perdono fino a 1 miliardo di metri cubi all&#8217;anno a causa di perdite<\/a>: un vero e proprio spreco che sta aggravando la carenza. <\/p>\n\n<p>In molte famiglie l&#8217;acqua viene utilizzata in modo indiscriminato: lavaggi sotto il rubinetto, innaffiature a met\u00e0 giornata, docce lunghe, carenze nel riutilizzo delle acque reflue. Questi usi contribuiscono ad aumentare la pressione sulla risorsa. <\/p>\n\n<h2 class=\"wp-block-heading\"><mark style=\"background-color:rgba(0, 0, 0, 0)\" class=\"has-inline-color has-vivid-cyan-blue-color\">Soluzioni pratiche per evitare la scarsit\u00e0 d&#8217;acqua<\/mark><\/h2>\n\n<h3 class=\"wp-block-heading\"><mark style=\"background-color:rgba(0, 0, 0, 0);color:#2456ee\" class=\"has-inline-color\">Ridurre gli sprechi e modernizzare le reti<\/mark><\/h3>\n\n<p>La riduzione delle perdite \u00e8 una delle prime leve d&#8217;azione. In Francia, queste rappresentano circa il 20% del consumo totale, ovvero l&#8217;equivalente di miliardi di litri di acqua potabile persi ogni anno. Rinnovare l&#8217;infrastruttura porterebbe a un risparmio immediato.  <\/p>\n\n<p>E&#8217; urgente anche :<\/p>\n\n<ul class=\"wp-block-list\">\n<li>sviluppare il riutilizzo delle acque reflue,<\/li>\n\n\n\n<li>modernizzare le attrezzature degli edifici pubblici e privati,<\/li>\n\n\n\n<li>introdurre incentivi per i privati: sciacquoni a risparmio energetico, aeratori, serbatoi di recupero, ecc.<\/li>\n<\/ul>\n\n<p>Su scala locale, alcune regioni stanno introducendo soluzioni ecologiche come bacini di ritenzione o laghi artificiali per immagazzinare l&#8217;acqua dolce durante i periodi di pioggia.<\/p>\n\n<p>&#x1f449; Pour aller plus loin, d\u00e9couvrez sur <a class=\"\" href=\"https:\/\/www.maciterneecolo.fr\">maciterneecolo.fr<\/a> des syst\u00e8mes de r\u00e9cup\u00e9ration d\u2019eau de pluie efficaces et faciles \u00e0 installer dans votre jardin, votre exploitation ou vos locaux.<\/p>\n\n<h3 class=\"wp-block-heading\"><mark style=\"background-color:rgba(0, 0, 0, 0);color:#2456ee\" class=\"has-inline-color\">Adopter une consommation plus \u00e9cologique et responsable<\/mark><\/h3>\n\n<p>Chaque citoyen peut agir. R\u00e9duire sa consommation d\u2019eau, c\u2019est aussi limiter les risques de p\u00e9nurie. Voici quelques gestes simples et efficaces :<\/p>\n\n<ul class=\"wp-block-list\">\n<li>utiliser l\u2019eau de pluie pour le jardin,<\/li>\n\n\n\n<li>privil\u00e9gier les douches courtes,<\/li>\n\n\n\n<li>\u00e9viter le lavage des voitures avec de l\u2019eau potable,<\/li>\n\n\n\n<li>r\u00e9utiliser l\u2019eau douce de cuisson ou de rin\u00e7age pour arroser les plantes.<\/li>\n<\/ul>\n\n<p>Les collectivit\u00e9s peuvent, elles aussi, agir :<\/p>\n\n<ul class=\"wp-block-list\">\n<li>restreindre l\u2019arrosage public,<\/li>\n\n\n\n<li>v\u00e9g\u00e9taliser les villes avec des esp\u00e8ces r\u00e9sistantes \u00e0 la s\u00e9cheresse,<\/li>\n\n\n\n<li>adapter les horaires d\u2019arrosage pour \u00e9viter l\u2019\u00e9vaporation.<\/li>\n<\/ul>\n\n<p>La gestion de l\u2019eau doit devenir un enjeu \u00e9ducatif, enseign\u00e9 d\u00e8s l\u2019\u00e9cole, int\u00e9gr\u00e9 dans les programmes de sensibilisation, et accompagn\u00e9 de campagnes nationales pour informer sur les risques et les bons usages.<\/p>\n\n<h2 class=\"wp-block-heading\"><mark style=\"background-color:rgba(0, 0, 0, 0)\" class=\"has-inline-color has-vivid-cyan-blue-color\">La France peut-elle devenir un mod\u00e8le de r\u00e9silience hydrique ?<\/mark><\/h2>\n\n<h3 class=\"wp-block-heading\"><mark style=\"background-color:rgba(0, 0, 0, 0);color:#2456ee\" class=\"has-inline-color\">Des territoires exemplaires montrent la voie<\/mark><\/h3>\n\n<p>Certaines r\u00e9gions fran\u00e7aises sont d\u00e9j\u00e0 en avance. En Vend\u00e9e, par exemple, un vaste plan de s\u00e9curisation de l\u2019approvisionnement en eau a \u00e9t\u00e9 mis en \u0153uvre. Cela inclut :<\/p>\n\n<ul class=\"wp-block-list\">\n<li>des stations de traitement avanc\u00e9es,<\/li>\n\n\n\n<li>des interconnexions de r\u00e9seaux,<\/li>\n\n\n\n<li>des campagnes de r\u00e9duction de la consommation.<\/li>\n<\/ul>\n\n<p>D\u2019autres d\u00e9partements d\u00e9veloppent des solutions locales : plantations d\u2019arbres pour maintenir l\u2019humidit\u00e9 dans les sols, r\u00e9am\u00e9nagement de zones humides, ou restauration de zones d\u2019infiltration naturelles.<\/p>\n\n<p>Ces initiatives locales montrent qu\u2019avec une vision \u00e9cologique et une vraie coordination, il est possible de b\u00e2tir un mod\u00e8le r\u00e9silient, capable de r\u00e9pondre aux p\u00e9nuries et d\u2019affronter les al\u00e9as climatiques.<\/p>\n\n<h3 class=\"wp-block-heading\"><mark style=\"background-color:rgba(0, 0, 0, 0);color:#2456ee\" class=\"has-inline-color\">Une gouvernance de l\u2019eau \u00e0 repenser collectivement<\/mark><\/h3>\n\n<p>Aujourd\u2019hui, la gestion de l\u2019eau en France repose sur une multiplicit\u00e9 d\u2019acteurs. Il faut clarifier les responsabilit\u00e9s, mutualiser les moyens, et construire une vision partag\u00e9e.<\/p>\n\n<p>Cela implique :<\/p>\n\n<ul class=\"wp-block-list\">\n<li>des restrictions mieux anticip\u00e9es et mieux comprises,<\/li>\n\n\n\n<li>une r\u00e9vision des priorit\u00e9s entre usages agricoles, industriels et domestiques,<\/li>\n\n\n\n<li>une coop\u00e9ration entre les r\u00e9gions, les d\u00e9partements et l\u2019\u00c9tat.<\/li>\n<\/ul>\n\n<p>Il est \u00e9galement indispensable d\u2019int\u00e9grer l\u2019eau dans toutes les politiques publiques : urbanisme, environnement, sant\u00e9, \u00e9nergie. L\u2019eau ne peut plus \u00eatre pens\u00e9e en silo.<\/p>\n\n<h2 class=\"wp-block-heading\"><mark style=\"background-color:rgba(0, 0, 0, 0)\" class=\"has-inline-color has-vivid-cyan-blue-color\">Chaque goutte compte, chaque action aussi&#8230;<\/mark><\/h2>\n\n<p>La France, comme de nombreux pays, est confront\u00e9e \u00e0 une nouvelle urgence : celle de garantir l\u2019acc\u00e8s \u00e0 une eau douce, propre, accessible \u00e0 tous, et durable dans le temps.<\/p>\n\n<p>Face aux p\u00e9nuries, aux s\u00e9cheresses, aux restrictions, aux fuites, aux usages non ma\u00eetris\u00e9s, la mobilisation doit \u00eatre g\u00e9n\u00e9rale. Ce n\u2019est plus une simple question technique, mais un d\u00e9fi de soci\u00e9t\u00e9, un enjeu de survie \u00e9cologique et de justice territoriale.<\/p>\n\n<p>&#x1f4a7; Plus que jamais, chaque geste pour \u00e9conomiser l\u2019eau est un acte de r\u00e9silience.<br\/>&#x1f30d; Chaque litre pr\u00e9serv\u00e9 est une victoire pour notre environnement.<br\/>&#x1f3de;&#xfe0f; Et chaque solution locale contribue \u00e0 b\u00e2tir un mod\u00e8le fran\u00e7ais de gestion \u00e9cologique de l\u2019eau, reconnu dans le monde entier.<\/p>\n\n<p><\/p>\n","protected":false},"excerpt":{"rendered":"<p>La Francia sta affrontando una nuova realt\u00e0: l&#8217;acqua, una risorsa vitale un tempo abbondante e potabile, \u00e8 ora sotto pressione. La causa? I cambiamenti climatici, il consumo eccessivo, talvolta la cattiva gestione e i crescenti rischi associati alla scarsit\u00e0 diffusa. Molti paesi stanno gi\u00e0 subendo le drammatiche conseguenze della crescente scarsit\u00e0 di acqua dolce. Il [&hellip;]<\/p>\n","protected":false},"author":4,"featured_media":14036,"comment_status":"open","ping_status":"closed","sticky":false,"template":"","format":"standard","meta":{"inline_featured_image":false,"footnotes":""},"categories":[62,99],"tags":[],"class_list":["post-14061","post","type-post","status-publish","format-standard","has-post-thumbnail","hentry","category-raccoglitori-di-acqua-piovana","category-tutto-sullacqua-piovana"],"yoast_head":"<!-- This site is optimized with the Yoast SEO plugin v27.5 - https:\/\/yoast.com\/product\/yoast-seo-wordpress\/ -->\n<title>Possiamo ancora evitare una carenza idrica diffusa in Francia? - Blog Ma Citerne Ecolo<\/title>\n<meta name=\"description\" content=\"La Francia sta andando incontro a una carenza idrica? Scopri le cause, le soluzioni e cosa puoi fare per risparmiare acqua.\" \/>\n<meta name=\"robots\" content=\"index, follow, max-snippet:-1, max-image-preview:large, max-video-preview:-1\" \/>\n<link rel=\"canonical\" href=\"https:\/\/blog.maciterneecolo.fr\/it\/possiamo-ancora-evitare-una-carenza-idrica-diffusa-in-francia\/\" \/>\n<meta property=\"og:locale\" content=\"it_IT\" \/>\n<meta property=\"og:type\" content=\"article\" \/>\n<meta property=\"og:title\" content=\"Possiamo ancora evitare una carenza idrica diffusa in Francia? - Blog Ma Citerne Ecolo\" \/>\n<meta property=\"og:description\" content=\"La Francia sta andando incontro a una carenza idrica? Scopri le cause, le soluzioni e cosa puoi fare per risparmiare acqua.\" \/>\n<meta property=\"og:url\" content=\"https:\/\/blog.maciterneecolo.fr\/it\/possiamo-ancora-evitare-una-carenza-idrica-diffusa-in-francia\/\" \/>\n<meta property=\"og:site_name\" content=\"Blog Ma Citerne Ecolo\" \/>\n<meta property=\"article:published_time\" content=\"2025-07-22T12:00:00+00:00\" \/>\n<meta property=\"og:image\" content=\"https:\/\/blog.maciterneecolo.fr\/wp-content\/uploads\/2025\/04\/earth-3545203_1280.jpg\" \/>\n\t<meta property=\"og:image:width\" content=\"1280\" \/>\n\t<meta property=\"og:image:height\" content=\"854\" \/>\n\t<meta property=\"og:image:type\" content=\"image\/jpeg\" \/>\n<meta name=\"author\" content=\"B\u00e9n\u00e9dicte Rebolloso\" \/>\n<meta name=\"twitter:card\" content=\"summary_large_image\" \/>\n<meta name=\"twitter:label1\" content=\"Scritto da\" \/>\n\t<meta name=\"twitter:data1\" content=\"B\u00e9n\u00e9dicte Rebolloso\" \/>\n\t<meta name=\"twitter:label2\" content=\"Tempo di lettura stimato\" \/>\n\t<meta name=\"twitter:data2\" content=\"5 minuti\" \/>\n<script type=\"application\/ld+json\" class=\"yoast-schema-graph\">{\"@context\":\"https:\\\/\\\/schema.org\",\"@graph\":[{\"@type\":\"Article\",\"@id\":\"https:\\\/\\\/blog.maciterneecolo.fr\\\/it\\\/possiamo-ancora-evitare-una-carenza-idrica-diffusa-in-francia\\\/#article\",\"isPartOf\":{\"@id\":\"https:\\\/\\\/blog.maciterneecolo.fr\\\/it\\\/possiamo-ancora-evitare-una-carenza-idrica-diffusa-in-francia\\\/\"},\"author\":{\"name\":\"B\u00e9n\u00e9dicte Rebolloso\",\"@id\":\"https:\\\/\\\/blog.maciterneecolo.fr\\\/it\\\/#\\\/schema\\\/person\\\/fe50d00b4e639107698e1ddead236943\"},\"headline\":\"Possiamo ancora evitare una carenza idrica diffusa in Francia?\",\"datePublished\":\"2025-07-22T12:00:00+00:00\",\"mainEntityOfPage\":{\"@id\":\"https:\\\/\\\/blog.maciterneecolo.fr\\\/it\\\/possiamo-ancora-evitare-una-carenza-idrica-diffusa-in-francia\\\/\"},\"wordCount\":1052,\"commentCount\":0,\"publisher\":{\"@id\":\"https:\\\/\\\/blog.maciterneecolo.fr\\\/it\\\/#organization\"},\"image\":{\"@id\":\"https:\\\/\\\/blog.maciterneecolo.fr\\\/it\\\/possiamo-ancora-evitare-una-carenza-idrica-diffusa-in-francia\\\/#primaryimage\"},\"thumbnailUrl\":\"https:\\\/\\\/blog.maciterneecolo.fr\\\/wp-content\\\/uploads\\\/2025\\\/04\\\/earth-3545203_1280.jpg\",\"articleSection\":[\"Raccoglitori di acqua piovana\",\"Tutto sull'acqua piovana\"],\"inLanguage\":\"it-IT\",\"potentialAction\":[{\"@type\":\"CommentAction\",\"name\":\"Comment\",\"target\":[\"https:\\\/\\\/blog.maciterneecolo.fr\\\/it\\\/possiamo-ancora-evitare-una-carenza-idrica-diffusa-in-francia\\\/#respond\"]}]},{\"@type\":\"WebPage\",\"@id\":\"https:\\\/\\\/blog.maciterneecolo.fr\\\/it\\\/possiamo-ancora-evitare-una-carenza-idrica-diffusa-in-francia\\\/\",\"url\":\"https:\\\/\\\/blog.maciterneecolo.fr\\\/it\\\/possiamo-ancora-evitare-una-carenza-idrica-diffusa-in-francia\\\/\",\"name\":\"Possiamo ancora evitare una carenza idrica diffusa in Francia? - Blog Ma Citerne Ecolo\",\"isPartOf\":{\"@id\":\"https:\\\/\\\/blog.maciterneecolo.fr\\\/it\\\/#website\"},\"primaryImageOfPage\":{\"@id\":\"https:\\\/\\\/blog.maciterneecolo.fr\\\/it\\\/possiamo-ancora-evitare-una-carenza-idrica-diffusa-in-francia\\\/#primaryimage\"},\"image\":{\"@id\":\"https:\\\/\\\/blog.maciterneecolo.fr\\\/it\\\/possiamo-ancora-evitare-una-carenza-idrica-diffusa-in-francia\\\/#primaryimage\"},\"thumbnailUrl\":\"https:\\\/\\\/blog.maciterneecolo.fr\\\/wp-content\\\/uploads\\\/2025\\\/04\\\/earth-3545203_1280.jpg\",\"datePublished\":\"2025-07-22T12:00:00+00:00\",\"description\":\"La Francia sta andando incontro a una carenza idrica? Scopri le cause, le soluzioni e cosa puoi fare per risparmiare acqua.\",\"breadcrumb\":{\"@id\":\"https:\\\/\\\/blog.maciterneecolo.fr\\\/it\\\/possiamo-ancora-evitare-una-carenza-idrica-diffusa-in-francia\\\/#breadcrumb\"},\"inLanguage\":\"it-IT\",\"potentialAction\":[{\"@type\":\"ReadAction\",\"target\":[\"https:\\\/\\\/blog.maciterneecolo.fr\\\/it\\\/possiamo-ancora-evitare-una-carenza-idrica-diffusa-in-francia\\\/\"]}]},{\"@type\":\"ImageObject\",\"inLanguage\":\"it-IT\",\"@id\":\"https:\\\/\\\/blog.maciterneecolo.fr\\\/it\\\/possiamo-ancora-evitare-una-carenza-idrica-diffusa-in-francia\\\/#primaryimage\",\"url\":\"https:\\\/\\\/blog.maciterneecolo.fr\\\/wp-content\\\/uploads\\\/2025\\\/04\\\/earth-3545203_1280.jpg\",\"contentUrl\":\"https:\\\/\\\/blog.maciterneecolo.fr\\\/wp-content\\\/uploads\\\/2025\\\/04\\\/earth-3545203_1280.jpg\",\"width\":1280,\"height\":854},{\"@type\":\"BreadcrumbList\",\"@id\":\"https:\\\/\\\/blog.maciterneecolo.fr\\\/it\\\/possiamo-ancora-evitare-una-carenza-idrica-diffusa-in-francia\\\/#breadcrumb\",\"itemListElement\":[{\"@type\":\"ListItem\",\"position\":1,\"name\":\"Accueil\",\"item\":\"https:\\\/\\\/blog.maciterneecolo.fr\\\/it\\\/\"},{\"@type\":\"ListItem\",\"position\":2,\"name\":\"Possiamo ancora evitare una carenza idrica diffusa in Francia?\"}]},{\"@type\":\"WebSite\",\"@id\":\"https:\\\/\\\/blog.maciterneecolo.fr\\\/it\\\/#website\",\"url\":\"https:\\\/\\\/blog.maciterneecolo.fr\\\/it\\\/\",\"name\":\"Blog Ma Citerne Ecolo\",\"description\":\"Leader dans le domaine de la citerne souple d&#039;eau de pluie\",\"publisher\":{\"@id\":\"https:\\\/\\\/blog.maciterneecolo.fr\\\/it\\\/#organization\"},\"potentialAction\":[{\"@type\":\"SearchAction\",\"target\":{\"@type\":\"EntryPoint\",\"urlTemplate\":\"https:\\\/\\\/blog.maciterneecolo.fr\\\/it\\\/?s={search_term_string}\"},\"query-input\":{\"@type\":\"PropertyValueSpecification\",\"valueRequired\":true,\"valueName\":\"search_term_string\"}}],\"inLanguage\":\"it-IT\"},{\"@type\":\"Organization\",\"@id\":\"https:\\\/\\\/blog.maciterneecolo.fr\\\/it\\\/#organization\",\"name\":\"Blog Ma Citerne Ecolo\",\"url\":\"https:\\\/\\\/blog.maciterneecolo.fr\\\/it\\\/\",\"logo\":{\"@type\":\"ImageObject\",\"inLanguage\":\"it-IT\",\"@id\":\"https:\\\/\\\/blog.maciterneecolo.fr\\\/it\\\/#\\\/schema\\\/logo\\\/image\\\/\",\"url\":\"https:\\\/\\\/blog.maciterneecolo.fr\\\/wp-content\\\/uploads\\\/2022\\\/12\\\/cropped-favicon-blog.png\",\"contentUrl\":\"https:\\\/\\\/blog.maciterneecolo.fr\\\/wp-content\\\/uploads\\\/2022\\\/12\\\/cropped-favicon-blog.png\",\"width\":512,\"height\":512,\"caption\":\"Blog Ma Citerne Ecolo\"},\"image\":{\"@id\":\"https:\\\/\\\/blog.maciterneecolo.fr\\\/it\\\/#\\\/schema\\\/logo\\\/image\\\/\"}},{\"@type\":\"Person\",\"@id\":\"https:\\\/\\\/blog.maciterneecolo.fr\\\/it\\\/#\\\/schema\\\/person\\\/fe50d00b4e639107698e1ddead236943\",\"name\":\"B\u00e9n\u00e9dicte Rebolloso\",\"image\":{\"@type\":\"ImageObject\",\"inLanguage\":\"it-IT\",\"@id\":\"https:\\\/\\\/secure.gravatar.com\\\/avatar\\\/ffa759db2a4d8ebb52a58b89d3dc2a9f0395a5122bb839045a145d6585de1126?s=96&d=mm&r=g\",\"url\":\"https:\\\/\\\/secure.gravatar.com\\\/avatar\\\/ffa759db2a4d8ebb52a58b89d3dc2a9f0395a5122bb839045a145d6585de1126?s=96&d=mm&r=g\",\"contentUrl\":\"https:\\\/\\\/secure.gravatar.com\\\/avatar\\\/ffa759db2a4d8ebb52a58b89d3dc2a9f0395a5122bb839045a145d6585de1126?s=96&d=mm&r=g\",\"caption\":\"B\u00e9n\u00e9dicte Rebolloso\"},\"url\":\"https:\\\/\\\/blog.maciterneecolo.fr\\\/it\\\/author\\\/benedicterebolloso\\\/\"}]}<\/script>\n<!-- \/ Yoast SEO plugin. -->","yoast_head_json":{"title":"Possiamo ancora evitare una carenza idrica diffusa in Francia? - Blog Ma Citerne Ecolo","description":"La Francia sta andando incontro a una carenza idrica? Scopri le cause, le soluzioni e cosa puoi fare per risparmiare acqua.","robots":{"index":"index","follow":"follow","max-snippet":"max-snippet:-1","max-image-preview":"max-image-preview:large","max-video-preview":"max-video-preview:-1"},"canonical":"https:\/\/blog.maciterneecolo.fr\/it\/possiamo-ancora-evitare-una-carenza-idrica-diffusa-in-francia\/","og_locale":"it_IT","og_type":"article","og_title":"Possiamo ancora evitare una carenza idrica diffusa in Francia? - Blog Ma Citerne Ecolo","og_description":"La Francia sta andando incontro a una carenza idrica? Scopri le cause, le soluzioni e cosa puoi fare per risparmiare acqua.","og_url":"https:\/\/blog.maciterneecolo.fr\/it\/possiamo-ancora-evitare-una-carenza-idrica-diffusa-in-francia\/","og_site_name":"Blog Ma Citerne Ecolo","article_published_time":"2025-07-22T12:00:00+00:00","og_image":[{"width":1280,"height":854,"url":"https:\/\/blog.maciterneecolo.fr\/wp-content\/uploads\/2025\/04\/earth-3545203_1280.jpg","type":"image\/jpeg"}],"author":"B\u00e9n\u00e9dicte Rebolloso","twitter_card":"summary_large_image","twitter_misc":{"Scritto da":"B\u00e9n\u00e9dicte Rebolloso","Tempo di lettura stimato":"5 minuti"},"schema":{"@context":"https:\/\/schema.org","@graph":[{"@type":"Article","@id":"https:\/\/blog.maciterneecolo.fr\/it\/possiamo-ancora-evitare-una-carenza-idrica-diffusa-in-francia\/#article","isPartOf":{"@id":"https:\/\/blog.maciterneecolo.fr\/it\/possiamo-ancora-evitare-una-carenza-idrica-diffusa-in-francia\/"},"author":{"name":"B\u00e9n\u00e9dicte Rebolloso","@id":"https:\/\/blog.maciterneecolo.fr\/it\/#\/schema\/person\/fe50d00b4e639107698e1ddead236943"},"headline":"Possiamo ancora evitare una carenza idrica diffusa in Francia?","datePublished":"2025-07-22T12:00:00+00:00","mainEntityOfPage":{"@id":"https:\/\/blog.maciterneecolo.fr\/it\/possiamo-ancora-evitare-una-carenza-idrica-diffusa-in-francia\/"},"wordCount":1052,"commentCount":0,"publisher":{"@id":"https:\/\/blog.maciterneecolo.fr\/it\/#organization"},"image":{"@id":"https:\/\/blog.maciterneecolo.fr\/it\/possiamo-ancora-evitare-una-carenza-idrica-diffusa-in-francia\/#primaryimage"},"thumbnailUrl":"https:\/\/blog.maciterneecolo.fr\/wp-content\/uploads\/2025\/04\/earth-3545203_1280.jpg","articleSection":["Raccoglitori di acqua piovana","Tutto sull'acqua piovana"],"inLanguage":"it-IT","potentialAction":[{"@type":"CommentAction","name":"Comment","target":["https:\/\/blog.maciterneecolo.fr\/it\/possiamo-ancora-evitare-una-carenza-idrica-diffusa-in-francia\/#respond"]}]},{"@type":"WebPage","@id":"https:\/\/blog.maciterneecolo.fr\/it\/possiamo-ancora-evitare-una-carenza-idrica-diffusa-in-francia\/","url":"https:\/\/blog.maciterneecolo.fr\/it\/possiamo-ancora-evitare-una-carenza-idrica-diffusa-in-francia\/","name":"Possiamo ancora evitare una carenza idrica diffusa in Francia? - Blog Ma Citerne Ecolo","isPartOf":{"@id":"https:\/\/blog.maciterneecolo.fr\/it\/#website"},"primaryImageOfPage":{"@id":"https:\/\/blog.maciterneecolo.fr\/it\/possiamo-ancora-evitare-una-carenza-idrica-diffusa-in-francia\/#primaryimage"},"image":{"@id":"https:\/\/blog.maciterneecolo.fr\/it\/possiamo-ancora-evitare-una-carenza-idrica-diffusa-in-francia\/#primaryimage"},"thumbnailUrl":"https:\/\/blog.maciterneecolo.fr\/wp-content\/uploads\/2025\/04\/earth-3545203_1280.jpg","datePublished":"2025-07-22T12:00:00+00:00","description":"La Francia sta andando incontro a una carenza idrica? Scopri le cause, le soluzioni e cosa puoi fare per risparmiare acqua.","breadcrumb":{"@id":"https:\/\/blog.maciterneecolo.fr\/it\/possiamo-ancora-evitare-una-carenza-idrica-diffusa-in-francia\/#breadcrumb"},"inLanguage":"it-IT","potentialAction":[{"@type":"ReadAction","target":["https:\/\/blog.maciterneecolo.fr\/it\/possiamo-ancora-evitare-una-carenza-idrica-diffusa-in-francia\/"]}]},{"@type":"ImageObject","inLanguage":"it-IT","@id":"https:\/\/blog.maciterneecolo.fr\/it\/possiamo-ancora-evitare-una-carenza-idrica-diffusa-in-francia\/#primaryimage","url":"https:\/\/blog.maciterneecolo.fr\/wp-content\/uploads\/2025\/04\/earth-3545203_1280.jpg","contentUrl":"https:\/\/blog.maciterneecolo.fr\/wp-content\/uploads\/2025\/04\/earth-3545203_1280.jpg","width":1280,"height":854},{"@type":"BreadcrumbList","@id":"https:\/\/blog.maciterneecolo.fr\/it\/possiamo-ancora-evitare-una-carenza-idrica-diffusa-in-francia\/#breadcrumb","itemListElement":[{"@type":"ListItem","position":1,"name":"Accueil","item":"https:\/\/blog.maciterneecolo.fr\/it\/"},{"@type":"ListItem","position":2,"name":"Possiamo ancora evitare una carenza idrica diffusa in Francia?"}]},{"@type":"WebSite","@id":"https:\/\/blog.maciterneecolo.fr\/it\/#website","url":"https:\/\/blog.maciterneecolo.fr\/it\/","name":"Blog Ma Citerne Ecolo","description":"Leader dans le domaine de la citerne souple d&#039;eau de pluie","publisher":{"@id":"https:\/\/blog.maciterneecolo.fr\/it\/#organization"},"potentialAction":[{"@type":"SearchAction","target":{"@type":"EntryPoint","urlTemplate":"https:\/\/blog.maciterneecolo.fr\/it\/?s={search_term_string}"},"query-input":{"@type":"PropertyValueSpecification","valueRequired":true,"valueName":"search_term_string"}}],"inLanguage":"it-IT"},{"@type":"Organization","@id":"https:\/\/blog.maciterneecolo.fr\/it\/#organization","name":"Blog Ma Citerne Ecolo","url":"https:\/\/blog.maciterneecolo.fr\/it\/","logo":{"@type":"ImageObject","inLanguage":"it-IT","@id":"https:\/\/blog.maciterneecolo.fr\/it\/#\/schema\/logo\/image\/","url":"https:\/\/blog.maciterneecolo.fr\/wp-content\/uploads\/2022\/12\/cropped-favicon-blog.png","contentUrl":"https:\/\/blog.maciterneecolo.fr\/wp-content\/uploads\/2022\/12\/cropped-favicon-blog.png","width":512,"height":512,"caption":"Blog Ma Citerne Ecolo"},"image":{"@id":"https:\/\/blog.maciterneecolo.fr\/it\/#\/schema\/logo\/image\/"}},{"@type":"Person","@id":"https:\/\/blog.maciterneecolo.fr\/it\/#\/schema\/person\/fe50d00b4e639107698e1ddead236943","name":"B\u00e9n\u00e9dicte Rebolloso","image":{"@type":"ImageObject","inLanguage":"it-IT","@id":"https:\/\/secure.gravatar.com\/avatar\/ffa759db2a4d8ebb52a58b89d3dc2a9f0395a5122bb839045a145d6585de1126?s=96&d=mm&r=g","url":"https:\/\/secure.gravatar.com\/avatar\/ffa759db2a4d8ebb52a58b89d3dc2a9f0395a5122bb839045a145d6585de1126?s=96&d=mm&r=g","contentUrl":"https:\/\/secure.gravatar.com\/avatar\/ffa759db2a4d8ebb52a58b89d3dc2a9f0395a5122bb839045a145d6585de1126?s=96&d=mm&r=g","caption":"B\u00e9n\u00e9dicte Rebolloso"},"url":"https:\/\/blog.maciterneecolo.fr\/it\/author\/benedicterebolloso\/"}]}},"_links":{"self":[{"href":"https:\/\/blog.maciterneecolo.fr\/it\/wp-json\/wp\/v2\/posts\/14061","targetHints":{"allow":["GET"]}}],"collection":[{"href":"https:\/\/blog.maciterneecolo.fr\/it\/wp-json\/wp\/v2\/posts"}],"about":[{"href":"https:\/\/blog.maciterneecolo.fr\/it\/wp-json\/wp\/v2\/types\/post"}],"author":[{"embeddable":true,"href":"https:\/\/blog.maciterneecolo.fr\/it\/wp-json\/wp\/v2\/users\/4"}],"replies":[{"embeddable":true,"href":"https:\/\/blog.maciterneecolo.fr\/it\/wp-json\/wp\/v2\/comments?post=14061"}],"version-history":[{"count":1,"href":"https:\/\/blog.maciterneecolo.fr\/it\/wp-json\/wp\/v2\/posts\/14061\/revisions"}],"predecessor-version":[{"id":14063,"href":"https:\/\/blog.maciterneecolo.fr\/it\/wp-json\/wp\/v2\/posts\/14061\/revisions\/14063"}],"wp:featuredmedia":[{"embeddable":true,"href":"https:\/\/blog.maciterneecolo.fr\/it\/wp-json\/wp\/v2\/media\/14036"}],"wp:attachment":[{"href":"https:\/\/blog.maciterneecolo.fr\/it\/wp-json\/wp\/v2\/media?parent=14061"}],"wp:term":[{"taxonomy":"category","embeddable":true,"href":"https:\/\/blog.maciterneecolo.fr\/it\/wp-json\/wp\/v2\/categories?post=14061"},{"taxonomy":"post_tag","embeddable":true,"href":"https:\/\/blog.maciterneecolo.fr\/it\/wp-json\/wp\/v2\/tags?post=14061"}],"curies":[{"name":"wp","href":"https:\/\/api.w.org\/{rel}","templated":true}]}}