{"id":14562,"date":"2025-09-09T11:00:00","date_gmt":"2025-09-09T11:00:00","guid":{"rendered":"https:\/\/blog.maciterneecolo.fr\/?p=14562"},"modified":"2025-05-09T12:30:14","modified_gmt":"2025-05-09T12:30:14","slug":"la-resilienza-idrica-nelle-autorita-locali-perche-devono-pensare-come-individui","status":"publish","type":"post","link":"https:\/\/blog.maciterneecolo.fr\/it\/la-resilienza-idrica-nelle-autorita-locali-perche-devono-pensare-come-individui\/","title":{"rendered":"La resilienza idrica nelle autorit\u00e0 locali: perch\u00e9 devono pensare come individui"},"content":{"rendered":"\n<h2 class=\"wp-block-heading\"><mark style=\"background-color:rgba(0, 0, 0, 0)\" class=\"has-inline-color has-vivid-cyan-blue-color\">La crisi idrica: una sfida crescente per le autorit\u00e0 locali francesi<\/mark><\/h2>\n\n<h3 class=\"wp-block-heading\">Una pressione senza precedenti sulle risorse idriche<\/h3>\n\n<p>Da diversi anni ormai, la Francia sta vivendo un numero crescente di <a href=\"https:\/\/blog.maciterneecolo.fr\/it\/limpatto-della-siccita-sulla-nostra-vita-quotidiana-quello-che-devi-sapere\/\">siccit\u00e0, che hanno un impatto duraturo sulle risorse idriche<\/a>. Questo fenomeno, ampiamente amplificato dai cambiamenti climatici, sta mettendo in crisi le regioni e le autorit\u00e0 locali, che faticano a mantenere un servizio pubblico di gestione dell&#8217;acqua di alta qualit\u00e0. <\/p>\n\n<p>La minore ricarica delle falde acquifere, la riduzione dei flussi fluviali e l&#8217;aumento dell&#8217;evaporazione dalle strutture di stoccaggio stanno mettendo sotto pressione l&#8217;intero ciclo dell&#8217;acqua. Le autorit\u00e0 locali, in particolare nelle aree rurali, devono adattare rapidamente il loro uso dell&#8217;acqua, poich\u00e9 i loro consumi dipendono molto spesso dall&#8217;invecchiamento delle reti e dalle infrastrutture meno resistenti. <\/p>\n\n<h3 class=\"wp-block-heading\">Restrizioni d&#8217;uso sempre pi\u00f9 frequenti<\/h3>\n\n<p>Ogni anno, un gran numero di citt\u00e0 francesi \u00e8 tenuto a pubblicare decreti che limitano l&#8217;uso dell&#8217;acqua. Che si tratti di limitare l&#8217;irrigazione, chiudere le fontane o limitare il riempimento delle piscine, queste decisioni vengono prese in un contesto di emergenza. Queste misure riguardano i servizi pubblici, i cittadini, le imprese e gli agricoltori.  <\/p>\n\n<p>La gestione della sobriet\u00e0 dell&#8217;acqua \u00e8 diventata un pilastro dei piani di resilienza. Gli attori locali e regionali devono integrare queste problematiche nei loro progetti di sviluppo e rivedere il ruolo delle risorse idriche nelle loro politiche. La tariffazione progressiva dell&#8217;acqua potabile, ad esempio, \u00e8 una misura di adattamento essenziale.  <\/p>\n\n<h3 class=\"wp-block-heading\">Dipendenza costosa dalle reti pubbliche<\/h3>\n\n<p>Le reti idriche in Francia sono gestite principalmente dalle autorit\u00e0 locali, spesso riunite in consorzi o intercomunalit\u00e0. Il costo degli investimenti nelle infrastrutture &#8211; tubature, stazioni di pompaggio, serbatoi &#8211; \u00e8 elevato, cos\u00ec come il costo della loro manutenzione. Inoltre, qualsiasi deterioramento del servizio dovuto alla mancanza di modernizzazione espone gli utenti al rischio di interruzione del servizio.  <\/p>\n\n<p>Di fronte a queste sfide, il modello di gestione centralizzata deve evolversi. Le autorit\u00e0 locali devono prendere in considerazione soluzioni complementari, come le reti secondarie, le strutture di stoccaggio locali e la raccolta dell&#8217;acqua piovana. Ci\u00f2 presuppone l&#8217;attuazione di politiche proattive a livello locale.  <\/p>\n\n<h2 class=\"wp-block-heading\"><mark style=\"background-color:rgba(0, 0, 0, 0)\" class=\"has-inline-color has-vivid-cyan-blue-color\">Pensare come un privato: un cambio di paradigma necessario<\/mark><\/h2>\n\n<h3 class=\"wp-block-heading\">Il modello nazionale: una fonte di ispirazione per le autorit\u00e0 locali<\/h3>\n\n<p>Da diversi anni molte famiglie francesi adottano sistemi di recupero dell&#8217;acqua, in particolare cisterne flessibili, per usi quali l&#8217;irrigazione, la pulizia e i servizi igienici. Queste soluzioni consentono di ridurre il consumo di acqua potabile e di garantirne l&#8217;approvvigionamento. <\/p>\n\n<p>Questo modello, basato su sobriet\u00e0, semplicit\u00e0 e velocit\u00e0 di implementazione, sta ispirando alcune autorit\u00e0 locali. Pensando come un privato, un comune, un centro tecnico o una scuola possono dotarsi di un sistema autonomo. Questo significa bollette pi\u00f9 basse, maggiore resilienza e azioni concrete per combattere il cambiamento climatico.  <\/p>\n\n<h3 class=\"wp-block-heading\">Usi pubblici appropriati: spazi verdi, scuole, servizi<\/h3>\n\n<p>L&#8217;installazione di <a href=\"https:\/\/www.maciterneecolo.fr\/fr\/3-citernes-souples\">serbatoi flessibili<\/a> nelle strutture pubbliche \u00e8 una soluzione efficace per affrontare i periodi di tensione. Questi serbatoi consentono di immagazzinare l&#8217;acqua piovana nelle immediate vicinanze del luogo in cui viene consumata. I servizi tecnici possono quindi attingere direttamente da queste riserve per mantenere gli spazi verdi, lavare le strade o rifornire i bagni pubblici.  <\/p>\n\n<p>Questi utilizzi mirati consentono una migliore distribuzione della risorsa, evitando di mobilitare la rete di acqua potabile per esigenze secondarie. Mettendo in comune i progetti, diversi comuni dello stesso bacino idrografico possono condividere le attrezzature. Si tratta di un approccio flessibile ed economico, coerente con gli obiettivi climatici del Paese.  <\/p>\n\n<h3 class=\"wp-block-heading\">Benefici immediati per la comunit\u00e0 e gli utenti<\/h3>\n\n<p>Le autorit\u00e0 locali che attuano questi progetti idrici vedono rapidamente una riduzione dei loro consumi, un calo della spesa in euro e un miglioramento della loro immagine. Queste azioni sono visibili e concrete e aiutano a mobilitare gli utenti in un quadro di sviluppo sostenibile. <\/p>\n\n<p>Questo incoraggia anche il coinvolgimento dei cittadini, che possono trarre ispirazione dall&#8217;approccio pubblico per il proprio utilizzo. In questo modo, la resilienza viene condivisa e contribuisce alla trasformazione complessiva dei servizi idrici. Queste iniziative si inseriscono perfettamente nei piani regionali clima-aria-energia promossi dalle agenzie statali.  <\/p>\n\n<h2 class=\"wp-block-heading\"><mark style=\"background-color:rgba(0, 0, 0, 0)\" class=\"has-inline-color has-vivid-cyan-blue-color\">Organizzare la resilienza idrica a livello regionale<\/mark><\/h2>\n\n<h3 class=\"wp-block-heading\">Aiuti disponibili per sostenere i progetti delle autorit\u00e0 locali<\/h3>\n\n<p>Le autorit\u00e0 locali hanno a disposizione una serie di aiuti finanziari per rafforzare la loro resilienza idrica. Le agenzie idriche, le regioni, i dipartimenti e i parchi naturali regionali offrono bandi per progetti e sovvenzioni mirate. <\/p>\n\n<p>Questi aiuti possono finanziare fino all&#8217;80% dell&#8217;investimento in azioni concrete, come l&#8217;installazione di sistemi di recupero dell&#8217;acqua, la creazione di reti secondarie e l&#8217;attuazione di piani di efficienza idrica. Per poter accedere al programma, le autorit\u00e0 locali devono mettere a punto un progetto coerente, incorporare indicatori di qualit\u00e0 e dimostrare il proprio impegno nei confronti dell&#8217;area locale. <\/p>\n\n<h3 class=\"wp-block-heading\">Progetti condivisi per una maggiore efficienza locale<\/h3>\n\n<p>Attrezzature come serbatoi flessibili, sistemi di controllo remoto, pompe e filtri possono essere messi in comune in una regione. Un modello intercomunale ottimizza l&#8217;uso delle risorse, limita le ridondanze e garantisce la sobriet\u00e0 collettiva. <\/p>\n\n<p>Questo approccio sistemico pu\u00f2 essere integrato in un piano di gestione idrica globale, coerente con le reti esistenti. I vantaggi sono molteplici: economie di scala, migliore gestione delle infrastrutture, coordinamento tra le parti interessate. In questo modo si crea una dinamica virtuosa, in cui ogni comunit\u00e0 contribuisce alla resilienza dell&#8217;intera regione.  <\/p>\n\n<h3 class=\"wp-block-heading\">Autorit\u00e0 locali esemplari che fanno da apripista<\/h3>\n\n<p>Alcune citt\u00e0 francesi sono diventate pioniere della resilienza idrica. Installando cisterne, reti secondarie e politiche tariffarie progressive, stanno riducendo la loro dipendenza dall&#8217;acqua potabile e controllando i loro consumi. <\/p>\n\n<p>Sono anche riusciti a integrare queste iniziative in una politica pubblica generale, comunicando i vantaggi delle nuove pratiche ai residenti locali. Questi modelli locali ispirano altre regioni e vengono regolarmente elogiati dalle agenzie regionali, dal governo e dalle associazioni di rappresentanti eletti. Dimostrano che la resilienza \u00e8 una questione di volont\u00e0, strategia e pragmatismo.  <\/p>\n\n<h2 class=\"wp-block-heading\"><mark style=\"background-color:rgba(0, 0, 0, 0)\" class=\"has-inline-color has-vivid-cyan-blue-color\">Verso una nuova cultura dell&#8217;acqua pubblica<\/mark><\/h2>\n\n<p>Gli enti locali francesi sono a un punto di svolta. La resilienza idrica non pu\u00f2 pi\u00f9 essere una variabile di aggiustamento. Deve diventare una priorit\u00e0 politica, integrata in ogni quadro di sviluppo, in ogni progetto territoriale e in ogni servizio pubblico.  <\/p>\n\n<p>Pensare come un privato significa adottare una visione concreta, parsimoniosa ed efficiente. Significa mettere in atto soluzioni semplici ma potenti: cisterne, sistemi di recupero, reti indipendenti, usi differenziati. Significa anche adottare un&#8217;ambiziosa politica di sobriet\u00e0 che incoraggi gli utenti a cambiare le proprie abitudini.  <\/p>\n\n<p>In un contesto di cambiamenti climatici, risorse in diminuzione e pressione crescente sulle reti, questa trasformazione \u00e8 inevitabile. Coinvolgendo gli attori locali, attivando le leve finanziarie e promuovendo le migliori pratiche, le autorit\u00e0 locali possono diventare la forza trainante di una nuova cultura dell&#8217;acqua pubblica in Francia. <\/p>\n","protected":false},"excerpt":{"rendered":"<p>La crisi idrica: una sfida crescente per le autorit\u00e0 locali francesi Una pressione senza precedenti sulle risorse idriche Da diversi anni ormai, la Francia sta vivendo un numero crescente di siccit\u00e0, che hanno un impatto duraturo sulle risorse idriche. Questo fenomeno, ampiamente amplificato dai cambiamenti climatici, sta mettendo in crisi le regioni e le autorit\u00e0 [&hellip;]<\/p>\n","protected":false},"author":4,"featured_media":14556,"comment_status":"open","ping_status":"closed","sticky":false,"template":"","format":"standard","meta":{"inline_featured_image":false,"footnotes":""},"categories":[92,2621,84],"tags":[],"class_list":["post-14562","post","type-post","status-publish","format-standard","has-post-thumbnail","hentry","category-come-funziona-un-serbatoio-flessibile","category-gestione-dellacqua","category-serbatoi-flessibili"],"yoast_head":"<!-- This site is optimized with the Yoast SEO plugin v27.4 - https:\/\/yoast.com\/product\/yoast-seo-wordpress\/ -->\n<title>La resilienza idrica nelle autorit\u00e0 locali: perch\u00e9 devono pensare come individui - Blog Ma Citerne Ecolo<\/title>\n<meta name=\"description\" content=\"Le autorit\u00e0 locali francesi devono pensare come individui per garantire una gestione idrica resiliente in caso di siccit\u00e0.\" \/>\n<meta name=\"robots\" content=\"index, follow, max-snippet:-1, max-image-preview:large, max-video-preview:-1\" \/>\n<link rel=\"canonical\" href=\"https:\/\/blog.maciterneecolo.fr\/it\/la-resilienza-idrica-nelle-autorita-locali-perche-devono-pensare-come-individui\/\" \/>\n<meta property=\"og:locale\" content=\"it_IT\" \/>\n<meta property=\"og:type\" content=\"article\" \/>\n<meta property=\"og:title\" content=\"La resilienza idrica nelle autorit\u00e0 locali: perch\u00e9 devono pensare come individui - Blog Ma Citerne Ecolo\" \/>\n<meta property=\"og:description\" content=\"Le autorit\u00e0 locali francesi devono pensare come individui per garantire una gestione idrica resiliente in caso di siccit\u00e0.\" \/>\n<meta property=\"og:url\" content=\"https:\/\/blog.maciterneecolo.fr\/it\/la-resilienza-idrica-nelle-autorita-locali-perche-devono-pensare-come-individui\/\" \/>\n<meta property=\"og:site_name\" content=\"Blog Ma Citerne Ecolo\" \/>\n<meta property=\"article:published_time\" content=\"2025-09-09T11:00:00+00:00\" \/>\n<meta property=\"og:image\" content=\"https:\/\/blog.maciterneecolo.fr\/wp-content\/uploads\/2025\/05\/pexels-scottwebb-137582-scaled.jpg\" \/>\n\t<meta property=\"og:image:width\" content=\"2560\" \/>\n\t<meta property=\"og:image:height\" content=\"1698\" \/>\n\t<meta property=\"og:image:type\" content=\"image\/jpeg\" \/>\n<meta name=\"author\" content=\"B\u00e9n\u00e9dicte Rebolloso\" \/>\n<meta name=\"twitter:card\" content=\"summary_large_image\" \/>\n<meta name=\"twitter:label1\" content=\"Scritto da\" \/>\n\t<meta name=\"twitter:data1\" content=\"B\u00e9n\u00e9dicte Rebolloso\" \/>\n\t<meta name=\"twitter:label2\" content=\"Tempo di lettura stimato\" \/>\n\t<meta name=\"twitter:data2\" content=\"5 minuti\" \/>\n<script type=\"application\/ld+json\" class=\"yoast-schema-graph\">{\"@context\":\"https:\\\/\\\/schema.org\",\"@graph\":[{\"@type\":\"Article\",\"@id\":\"https:\\\/\\\/blog.maciterneecolo.fr\\\/it\\\/la-resilienza-idrica-nelle-autorita-locali-perche-devono-pensare-come-individui\\\/#article\",\"isPartOf\":{\"@id\":\"https:\\\/\\\/blog.maciterneecolo.fr\\\/it\\\/la-resilienza-idrica-nelle-autorita-locali-perche-devono-pensare-come-individui\\\/\"},\"author\":{\"name\":\"B\u00e9n\u00e9dicte Rebolloso\",\"@id\":\"https:\\\/\\\/blog.maciterneecolo.fr\\\/it\\\/#\\\/schema\\\/person\\\/fe50d00b4e639107698e1ddead236943\"},\"headline\":\"La resilienza idrica nelle autorit\u00e0 locali: perch\u00e9 devono pensare come individui\",\"datePublished\":\"2025-09-09T11:00:00+00:00\",\"mainEntityOfPage\":{\"@id\":\"https:\\\/\\\/blog.maciterneecolo.fr\\\/it\\\/la-resilienza-idrica-nelle-autorita-locali-perche-devono-pensare-come-individui\\\/\"},\"wordCount\":1123,\"commentCount\":0,\"publisher\":{\"@id\":\"https:\\\/\\\/blog.maciterneecolo.fr\\\/it\\\/#organization\"},\"image\":{\"@id\":\"https:\\\/\\\/blog.maciterneecolo.fr\\\/it\\\/la-resilienza-idrica-nelle-autorita-locali-perche-devono-pensare-come-individui\\\/#primaryimage\"},\"thumbnailUrl\":\"https:\\\/\\\/blog.maciterneecolo.fr\\\/wp-content\\\/uploads\\\/2025\\\/05\\\/pexels-scottwebb-137582-scaled.jpg\",\"articleSection\":[\"Come funziona un serbatoio flessibile\",\"Gestione dell'acqua\",\"Serbatoi flessibili\"],\"inLanguage\":\"it-IT\",\"potentialAction\":[{\"@type\":\"CommentAction\",\"name\":\"Comment\",\"target\":[\"https:\\\/\\\/blog.maciterneecolo.fr\\\/it\\\/la-resilienza-idrica-nelle-autorita-locali-perche-devono-pensare-come-individui\\\/#respond\"]}]},{\"@type\":\"WebPage\",\"@id\":\"https:\\\/\\\/blog.maciterneecolo.fr\\\/it\\\/la-resilienza-idrica-nelle-autorita-locali-perche-devono-pensare-come-individui\\\/\",\"url\":\"https:\\\/\\\/blog.maciterneecolo.fr\\\/it\\\/la-resilienza-idrica-nelle-autorita-locali-perche-devono-pensare-come-individui\\\/\",\"name\":\"La resilienza idrica nelle autorit\u00e0 locali: perch\u00e9 devono pensare come individui - Blog Ma Citerne Ecolo\",\"isPartOf\":{\"@id\":\"https:\\\/\\\/blog.maciterneecolo.fr\\\/it\\\/#website\"},\"primaryImageOfPage\":{\"@id\":\"https:\\\/\\\/blog.maciterneecolo.fr\\\/it\\\/la-resilienza-idrica-nelle-autorita-locali-perche-devono-pensare-come-individui\\\/#primaryimage\"},\"image\":{\"@id\":\"https:\\\/\\\/blog.maciterneecolo.fr\\\/it\\\/la-resilienza-idrica-nelle-autorita-locali-perche-devono-pensare-come-individui\\\/#primaryimage\"},\"thumbnailUrl\":\"https:\\\/\\\/blog.maciterneecolo.fr\\\/wp-content\\\/uploads\\\/2025\\\/05\\\/pexels-scottwebb-137582-scaled.jpg\",\"datePublished\":\"2025-09-09T11:00:00+00:00\",\"description\":\"Le autorit\u00e0 locali francesi devono pensare come individui per garantire una gestione idrica resiliente in caso di siccit\u00e0.\",\"breadcrumb\":{\"@id\":\"https:\\\/\\\/blog.maciterneecolo.fr\\\/it\\\/la-resilienza-idrica-nelle-autorita-locali-perche-devono-pensare-come-individui\\\/#breadcrumb\"},\"inLanguage\":\"it-IT\",\"potentialAction\":[{\"@type\":\"ReadAction\",\"target\":[\"https:\\\/\\\/blog.maciterneecolo.fr\\\/it\\\/la-resilienza-idrica-nelle-autorita-locali-perche-devono-pensare-come-individui\\\/\"]}]},{\"@type\":\"ImageObject\",\"inLanguage\":\"it-IT\",\"@id\":\"https:\\\/\\\/blog.maciterneecolo.fr\\\/it\\\/la-resilienza-idrica-nelle-autorita-locali-perche-devono-pensare-come-individui\\\/#primaryimage\",\"url\":\"https:\\\/\\\/blog.maciterneecolo.fr\\\/wp-content\\\/uploads\\\/2025\\\/05\\\/pexels-scottwebb-137582-scaled.jpg\",\"contentUrl\":\"https:\\\/\\\/blog.maciterneecolo.fr\\\/wp-content\\\/uploads\\\/2025\\\/05\\\/pexels-scottwebb-137582-scaled.jpg\",\"width\":2560,\"height\":1698},{\"@type\":\"BreadcrumbList\",\"@id\":\"https:\\\/\\\/blog.maciterneecolo.fr\\\/it\\\/la-resilienza-idrica-nelle-autorita-locali-perche-devono-pensare-come-individui\\\/#breadcrumb\",\"itemListElement\":[{\"@type\":\"ListItem\",\"position\":1,\"name\":\"Accueil\",\"item\":\"https:\\\/\\\/blog.maciterneecolo.fr\\\/it\\\/\"},{\"@type\":\"ListItem\",\"position\":2,\"name\":\"La resilienza idrica nelle autorit\u00e0 locali: perch\u00e9 devono pensare come individui\"}]},{\"@type\":\"WebSite\",\"@id\":\"https:\\\/\\\/blog.maciterneecolo.fr\\\/it\\\/#website\",\"url\":\"https:\\\/\\\/blog.maciterneecolo.fr\\\/it\\\/\",\"name\":\"Blog Ma Citerne Ecolo\",\"description\":\"Leader dans le domaine de la citerne souple d&#039;eau de pluie\",\"publisher\":{\"@id\":\"https:\\\/\\\/blog.maciterneecolo.fr\\\/it\\\/#organization\"},\"potentialAction\":[{\"@type\":\"SearchAction\",\"target\":{\"@type\":\"EntryPoint\",\"urlTemplate\":\"https:\\\/\\\/blog.maciterneecolo.fr\\\/it\\\/?s={search_term_string}\"},\"query-input\":{\"@type\":\"PropertyValueSpecification\",\"valueRequired\":true,\"valueName\":\"search_term_string\"}}],\"inLanguage\":\"it-IT\"},{\"@type\":\"Organization\",\"@id\":\"https:\\\/\\\/blog.maciterneecolo.fr\\\/it\\\/#organization\",\"name\":\"Blog Ma Citerne Ecolo\",\"url\":\"https:\\\/\\\/blog.maciterneecolo.fr\\\/it\\\/\",\"logo\":{\"@type\":\"ImageObject\",\"inLanguage\":\"it-IT\",\"@id\":\"https:\\\/\\\/blog.maciterneecolo.fr\\\/it\\\/#\\\/schema\\\/logo\\\/image\\\/\",\"url\":\"https:\\\/\\\/blog.maciterneecolo.fr\\\/wp-content\\\/uploads\\\/2022\\\/12\\\/cropped-favicon-blog.png\",\"contentUrl\":\"https:\\\/\\\/blog.maciterneecolo.fr\\\/wp-content\\\/uploads\\\/2022\\\/12\\\/cropped-favicon-blog.png\",\"width\":512,\"height\":512,\"caption\":\"Blog Ma Citerne Ecolo\"},\"image\":{\"@id\":\"https:\\\/\\\/blog.maciterneecolo.fr\\\/it\\\/#\\\/schema\\\/logo\\\/image\\\/\"}},{\"@type\":\"Person\",\"@id\":\"https:\\\/\\\/blog.maciterneecolo.fr\\\/it\\\/#\\\/schema\\\/person\\\/fe50d00b4e639107698e1ddead236943\",\"name\":\"B\u00e9n\u00e9dicte Rebolloso\",\"image\":{\"@type\":\"ImageObject\",\"inLanguage\":\"it-IT\",\"@id\":\"https:\\\/\\\/secure.gravatar.com\\\/avatar\\\/ffa759db2a4d8ebb52a58b89d3dc2a9f0395a5122bb839045a145d6585de1126?s=96&d=mm&r=g\",\"url\":\"https:\\\/\\\/secure.gravatar.com\\\/avatar\\\/ffa759db2a4d8ebb52a58b89d3dc2a9f0395a5122bb839045a145d6585de1126?s=96&d=mm&r=g\",\"contentUrl\":\"https:\\\/\\\/secure.gravatar.com\\\/avatar\\\/ffa759db2a4d8ebb52a58b89d3dc2a9f0395a5122bb839045a145d6585de1126?s=96&d=mm&r=g\",\"caption\":\"B\u00e9n\u00e9dicte Rebolloso\"},\"url\":\"https:\\\/\\\/blog.maciterneecolo.fr\\\/it\\\/author\\\/benedicterebolloso\\\/\"}]}<\/script>\n<!-- \/ Yoast SEO plugin. -->","yoast_head_json":{"title":"La resilienza idrica nelle autorit\u00e0 locali: perch\u00e9 devono pensare come individui - Blog Ma Citerne Ecolo","description":"Le autorit\u00e0 locali francesi devono pensare come individui per garantire una gestione idrica resiliente in caso di siccit\u00e0.","robots":{"index":"index","follow":"follow","max-snippet":"max-snippet:-1","max-image-preview":"max-image-preview:large","max-video-preview":"max-video-preview:-1"},"canonical":"https:\/\/blog.maciterneecolo.fr\/it\/la-resilienza-idrica-nelle-autorita-locali-perche-devono-pensare-come-individui\/","og_locale":"it_IT","og_type":"article","og_title":"La resilienza idrica nelle autorit\u00e0 locali: perch\u00e9 devono pensare come individui - Blog Ma Citerne Ecolo","og_description":"Le autorit\u00e0 locali francesi devono pensare come individui per garantire una gestione idrica resiliente in caso di siccit\u00e0.","og_url":"https:\/\/blog.maciterneecolo.fr\/it\/la-resilienza-idrica-nelle-autorita-locali-perche-devono-pensare-come-individui\/","og_site_name":"Blog Ma Citerne Ecolo","article_published_time":"2025-09-09T11:00:00+00:00","og_image":[{"width":2560,"height":1698,"url":"https:\/\/blog.maciterneecolo.fr\/wp-content\/uploads\/2025\/05\/pexels-scottwebb-137582-scaled.jpg","type":"image\/jpeg"}],"author":"B\u00e9n\u00e9dicte Rebolloso","twitter_card":"summary_large_image","twitter_misc":{"Scritto da":"B\u00e9n\u00e9dicte Rebolloso","Tempo di lettura stimato":"5 minuti"},"schema":{"@context":"https:\/\/schema.org","@graph":[{"@type":"Article","@id":"https:\/\/blog.maciterneecolo.fr\/it\/la-resilienza-idrica-nelle-autorita-locali-perche-devono-pensare-come-individui\/#article","isPartOf":{"@id":"https:\/\/blog.maciterneecolo.fr\/it\/la-resilienza-idrica-nelle-autorita-locali-perche-devono-pensare-come-individui\/"},"author":{"name":"B\u00e9n\u00e9dicte Rebolloso","@id":"https:\/\/blog.maciterneecolo.fr\/it\/#\/schema\/person\/fe50d00b4e639107698e1ddead236943"},"headline":"La resilienza idrica nelle autorit\u00e0 locali: perch\u00e9 devono pensare come individui","datePublished":"2025-09-09T11:00:00+00:00","mainEntityOfPage":{"@id":"https:\/\/blog.maciterneecolo.fr\/it\/la-resilienza-idrica-nelle-autorita-locali-perche-devono-pensare-come-individui\/"},"wordCount":1123,"commentCount":0,"publisher":{"@id":"https:\/\/blog.maciterneecolo.fr\/it\/#organization"},"image":{"@id":"https:\/\/blog.maciterneecolo.fr\/it\/la-resilienza-idrica-nelle-autorita-locali-perche-devono-pensare-come-individui\/#primaryimage"},"thumbnailUrl":"https:\/\/blog.maciterneecolo.fr\/wp-content\/uploads\/2025\/05\/pexels-scottwebb-137582-scaled.jpg","articleSection":["Come funziona un serbatoio flessibile","Gestione dell'acqua","Serbatoi flessibili"],"inLanguage":"it-IT","potentialAction":[{"@type":"CommentAction","name":"Comment","target":["https:\/\/blog.maciterneecolo.fr\/it\/la-resilienza-idrica-nelle-autorita-locali-perche-devono-pensare-come-individui\/#respond"]}]},{"@type":"WebPage","@id":"https:\/\/blog.maciterneecolo.fr\/it\/la-resilienza-idrica-nelle-autorita-locali-perche-devono-pensare-come-individui\/","url":"https:\/\/blog.maciterneecolo.fr\/it\/la-resilienza-idrica-nelle-autorita-locali-perche-devono-pensare-come-individui\/","name":"La resilienza idrica nelle autorit\u00e0 locali: perch\u00e9 devono pensare come individui - Blog Ma Citerne Ecolo","isPartOf":{"@id":"https:\/\/blog.maciterneecolo.fr\/it\/#website"},"primaryImageOfPage":{"@id":"https:\/\/blog.maciterneecolo.fr\/it\/la-resilienza-idrica-nelle-autorita-locali-perche-devono-pensare-come-individui\/#primaryimage"},"image":{"@id":"https:\/\/blog.maciterneecolo.fr\/it\/la-resilienza-idrica-nelle-autorita-locali-perche-devono-pensare-come-individui\/#primaryimage"},"thumbnailUrl":"https:\/\/blog.maciterneecolo.fr\/wp-content\/uploads\/2025\/05\/pexels-scottwebb-137582-scaled.jpg","datePublished":"2025-09-09T11:00:00+00:00","description":"Le autorit\u00e0 locali francesi devono pensare come individui per garantire una gestione idrica resiliente in caso di siccit\u00e0.","breadcrumb":{"@id":"https:\/\/blog.maciterneecolo.fr\/it\/la-resilienza-idrica-nelle-autorita-locali-perche-devono-pensare-come-individui\/#breadcrumb"},"inLanguage":"it-IT","potentialAction":[{"@type":"ReadAction","target":["https:\/\/blog.maciterneecolo.fr\/it\/la-resilienza-idrica-nelle-autorita-locali-perche-devono-pensare-come-individui\/"]}]},{"@type":"ImageObject","inLanguage":"it-IT","@id":"https:\/\/blog.maciterneecolo.fr\/it\/la-resilienza-idrica-nelle-autorita-locali-perche-devono-pensare-come-individui\/#primaryimage","url":"https:\/\/blog.maciterneecolo.fr\/wp-content\/uploads\/2025\/05\/pexels-scottwebb-137582-scaled.jpg","contentUrl":"https:\/\/blog.maciterneecolo.fr\/wp-content\/uploads\/2025\/05\/pexels-scottwebb-137582-scaled.jpg","width":2560,"height":1698},{"@type":"BreadcrumbList","@id":"https:\/\/blog.maciterneecolo.fr\/it\/la-resilienza-idrica-nelle-autorita-locali-perche-devono-pensare-come-individui\/#breadcrumb","itemListElement":[{"@type":"ListItem","position":1,"name":"Accueil","item":"https:\/\/blog.maciterneecolo.fr\/it\/"},{"@type":"ListItem","position":2,"name":"La resilienza idrica nelle autorit\u00e0 locali: perch\u00e9 devono pensare come individui"}]},{"@type":"WebSite","@id":"https:\/\/blog.maciterneecolo.fr\/it\/#website","url":"https:\/\/blog.maciterneecolo.fr\/it\/","name":"Blog Ma Citerne Ecolo","description":"Leader dans le domaine de la citerne souple d&#039;eau de pluie","publisher":{"@id":"https:\/\/blog.maciterneecolo.fr\/it\/#organization"},"potentialAction":[{"@type":"SearchAction","target":{"@type":"EntryPoint","urlTemplate":"https:\/\/blog.maciterneecolo.fr\/it\/?s={search_term_string}"},"query-input":{"@type":"PropertyValueSpecification","valueRequired":true,"valueName":"search_term_string"}}],"inLanguage":"it-IT"},{"@type":"Organization","@id":"https:\/\/blog.maciterneecolo.fr\/it\/#organization","name":"Blog Ma Citerne Ecolo","url":"https:\/\/blog.maciterneecolo.fr\/it\/","logo":{"@type":"ImageObject","inLanguage":"it-IT","@id":"https:\/\/blog.maciterneecolo.fr\/it\/#\/schema\/logo\/image\/","url":"https:\/\/blog.maciterneecolo.fr\/wp-content\/uploads\/2022\/12\/cropped-favicon-blog.png","contentUrl":"https:\/\/blog.maciterneecolo.fr\/wp-content\/uploads\/2022\/12\/cropped-favicon-blog.png","width":512,"height":512,"caption":"Blog Ma Citerne Ecolo"},"image":{"@id":"https:\/\/blog.maciterneecolo.fr\/it\/#\/schema\/logo\/image\/"}},{"@type":"Person","@id":"https:\/\/blog.maciterneecolo.fr\/it\/#\/schema\/person\/fe50d00b4e639107698e1ddead236943","name":"B\u00e9n\u00e9dicte Rebolloso","image":{"@type":"ImageObject","inLanguage":"it-IT","@id":"https:\/\/secure.gravatar.com\/avatar\/ffa759db2a4d8ebb52a58b89d3dc2a9f0395a5122bb839045a145d6585de1126?s=96&d=mm&r=g","url":"https:\/\/secure.gravatar.com\/avatar\/ffa759db2a4d8ebb52a58b89d3dc2a9f0395a5122bb839045a145d6585de1126?s=96&d=mm&r=g","contentUrl":"https:\/\/secure.gravatar.com\/avatar\/ffa759db2a4d8ebb52a58b89d3dc2a9f0395a5122bb839045a145d6585de1126?s=96&d=mm&r=g","caption":"B\u00e9n\u00e9dicte Rebolloso"},"url":"https:\/\/blog.maciterneecolo.fr\/it\/author\/benedicterebolloso\/"}]}},"_links":{"self":[{"href":"https:\/\/blog.maciterneecolo.fr\/it\/wp-json\/wp\/v2\/posts\/14562","targetHints":{"allow":["GET"]}}],"collection":[{"href":"https:\/\/blog.maciterneecolo.fr\/it\/wp-json\/wp\/v2\/posts"}],"about":[{"href":"https:\/\/blog.maciterneecolo.fr\/it\/wp-json\/wp\/v2\/types\/post"}],"author":[{"embeddable":true,"href":"https:\/\/blog.maciterneecolo.fr\/it\/wp-json\/wp\/v2\/users\/4"}],"replies":[{"embeddable":true,"href":"https:\/\/blog.maciterneecolo.fr\/it\/wp-json\/wp\/v2\/comments?post=14562"}],"version-history":[{"count":1,"href":"https:\/\/blog.maciterneecolo.fr\/it\/wp-json\/wp\/v2\/posts\/14562\/revisions"}],"predecessor-version":[{"id":14563,"href":"https:\/\/blog.maciterneecolo.fr\/it\/wp-json\/wp\/v2\/posts\/14562\/revisions\/14563"}],"wp:featuredmedia":[{"embeddable":true,"href":"https:\/\/blog.maciterneecolo.fr\/it\/wp-json\/wp\/v2\/media\/14556"}],"wp:attachment":[{"href":"https:\/\/blog.maciterneecolo.fr\/it\/wp-json\/wp\/v2\/media?parent=14562"}],"wp:term":[{"taxonomy":"category","embeddable":true,"href":"https:\/\/blog.maciterneecolo.fr\/it\/wp-json\/wp\/v2\/categories?post=14562"},{"taxonomy":"post_tag","embeddable":true,"href":"https:\/\/blog.maciterneecolo.fr\/it\/wp-json\/wp\/v2\/tags?post=14562"}],"curies":[{"name":"wp","href":"https:\/\/api.w.org\/{rel}","templated":true}]}}